{"id":39695,"date":"2015-06-13T01:19:20","date_gmt":"2015-06-12T23:49:20","guid":{"rendered":"http:\/\/eldigitaldeasturias.com\/magazine365\/?p=39695"},"modified":"2015-06-13T01:19:20","modified_gmt":"2015-06-12T23:49:20","slug":"el-aeropuerto-de-franckfurt-registro-232-millones-de-pasajeros-hasta-mayo","status":"publish","type":"post","link":"https:\/\/eldigitaldeasturias.com\/magazine365\/el-aeropuerto-de-franckfurt-registro-232-millones-de-pasajeros-hasta-mayo\/","title":{"rendered":"El aeropuerto de Fr\u00e1nckfurt registr\u00f3 23,2 millones de pasajeros hasta mayo"},"content":{"rendered":"<p><img fetchpriority=\"high\" decoding=\"async\" class=\"alignleft size-medium wp-image-39696\" src=\"https:\/\/eldigitaldeasturias.com\/magazine365\/wp-content\/uploads\/2015\/06\/fotonoticia_20150612111201_800-360x240.jpg\" alt=\"fotonoticia_20150612111201_800\" width=\"360\" height=\"240\" srcset=\"https:\/\/eldigitaldeasturias.com\/magazine365\/wp-content\/uploads\/2015\/06\/fotonoticia_20150612111201_800-360x240.jpg 360w, https:\/\/eldigitaldeasturias.com\/magazine365\/wp-content\/uploads\/2015\/06\/fotonoticia_20150612111201_800-650x433.jpg 650w, https:\/\/eldigitaldeasturias.com\/magazine365\/wp-content\/uploads\/2015\/06\/fotonoticia_20150612111201_800-768x512.jpg 768w, https:\/\/eldigitaldeasturias.com\/magazine365\/wp-content\/uploads\/2015\/06\/fotonoticia_20150612111201_800-150x100.jpg 150w, https:\/\/eldigitaldeasturias.com\/magazine365\/wp-content\/uploads\/2015\/06\/fotonoticia_20150612111201_800-450x300.jpg 450w, https:\/\/eldigitaldeasturias.com\/magazine365\/wp-content\/uploads\/2015\/06\/fotonoticia_20150612111201_800-696x464.jpg 696w, https:\/\/eldigitaldeasturias.com\/magazine365\/wp-content\/uploads\/2015\/06\/fotonoticia_20150612111201_800-630x420.jpg 630w, https:\/\/eldigitaldeasturias.com\/magazine365\/wp-content\/uploads\/2015\/06\/fotonoticia_20150612111201_800-84x55.jpg 84w, https:\/\/eldigitaldeasturias.com\/magazine365\/wp-content\/uploads\/2015\/06\/fotonoticia_20150612111201_800.jpg 800w\" sizes=\"(max-width: 360px) 100vw, 360px\" \/>El aeropuerto de Fr\u00e1nckfurt registr\u00f3 durante los primeros cinco meses del a\u00f1o 23,2 millones de pasajeros, un 4,4% m\u00e1s que el mismo per\u00edodo un a\u00f1o antes, mientras que el transporte de carga cay\u00f3 un 1,7%, hasta las 864.460 toneladas, seg\u00fan informa la gestora de las instalaciones aeroportuarias de la capital alemana, Fraport.<\/p>\n<p>Los movimientos a\u00e9reos registrados hasta mayo se mantuvieron casi en los mismos niveles que en 2014, con un 0,1% m\u00e1s y un total de 187.294 vuelos, mientras que el factor de ocupaci\u00f3n fue del 74,5% y el de puntualidad, del 80,9%.<\/p>\n<p>En mayo, el aeropuerto de Franckfurt registr\u00f3 un total de 5,6 millones de pasajeros (+5,4%) mientras que el transporte de caga cay\u00f3 un 3,1%, hasta las 179.831 toneladas, siendo los movimientos a\u00e9reos un 0,7% superiores, hasta sumar los 42.656 operaciones.<\/p>\n<p>El quinto mes del a\u00f1o anot\u00f3 un nivel de ocupaci\u00f3n del 78%, mientras que el 81,4% de vuelos cumplieron con su horario de llegada y salida.<\/p>\n<p>POR REGIONES<\/p>\n<p>El aeropuerto de Frankfurt registra crecimientos en el tansporte de pasajeros en todas las regiones salvo en Australia, en la que se mantiene plano con cero vuelos programados.<\/p>\n<p>En concreto, los vuelos continentales aumentaron en conjunto un 4,6%, representando el 61,7% del total de operaciones, mientras que las operaciones intercontinentales acapararon hasta mayo el 38,3% de vuelos, creciendo un 4% a nivel global.<\/p>\n<p>As\u00ed, Alemania &#8211;con el 11,8% del total de vuelos continentales&#8211; aumenta un 6% hasta mayo y un 6,3% en el quinto mes del a\u00f1o, mientras que Europa &#8211;sin incluir Alemania&#8211; acapara el 49,9%, con un 4,3% m\u00e1s de pasajeros transportados hasta mayo y un 6,2% m\u00e1s en mayo. Este aumento se debe tanto al crecimiento en Europa Occidental (+4,1%) como del Este (+5,6%).<\/p>\n<p>En vuelos intercontinentales, Nortem\u00e9rica concentra el 12,5% de operaciones pero es la que menos crece (+0,9% hasta mayo y +0,6% en el quinto mes del a\u00f1o), seguida del Extremo Oriente &#8211;11,8% de operaciones de largo radio&#8211;, que es la segunda en crecer (+6,4% hasta mayo y +7% en mayo).<\/p>\n<p>El aeropuerto de la ciudad germana cuenta con el 5,8% de vuelos en Oriente Medio, que aumenta un 6,6% durante los primeros cinco meses del a\u00f1o y un 7% en mayo. Por otro lado, \u00c1frica (4,2% del total de vuelos intercontinentales) crece un 4% durante el per\u00edodo respecto al a\u00f1o de antes, y un 4,2% en el quinto mes del a\u00f1o.<\/p>\n<p>OTROS AEROPUERTOS<\/p>\n<p>Fraport est\u00e1 a cargo de otros aeropuertos como son los de Xi&#8217;an (China), que aument\u00f3 un 16,2% el transporte de pasajeros durante los cinco primeros meses del a\u00f1o, hasta superar los 13 millones, as\u00ed como el aeropuerto de Hanover (Alemania), con un 4,6% de pasajeros hasta mayo, hasta los cerca de dos millones de viajeros.<\/p>\n<p>En cambio, el aeropuerto del grupo en Anatolia (Turqu\u00eda) cae un 2,7%, hasta cerca de los siete millones de viajeros, mientras que el de San Peterburgo (Rusia) desciende un 2,8%, hasta los 4,6 millones de usuarios.<\/p>\n<p>El grupo de gesti\u00f3n aeroportuaria cuenta asimismo con instalaciones en Lima (Per\u00fa) y Burgas (Bulgaria), con un 8,7% m\u00e1s y un 20% menos de pasajeros respectivamente.<\/p>\n","protected":false},"excerpt":{"rendered":"<p>El aeropuerto de Fr\u00e1nckfurt registr\u00f3 durante los primeros cinco meses del a\u00f1o 23,2 millones de pasajeros, un 4,4% m\u00e1s que el mismo per\u00edodo un a\u00f1o antes, mientras que el transporte de carga cay\u00f3 un 1,7%, hasta las 864.460 toneladas, seg\u00fan informa la gestora de las instalaciones aeroportuarias de la capital alemana, Fraport. Los movimientos a\u00e9reos<\/p>\n","protected":false},"author":1,"featured_media":39696,"comment_status":"open","ping_status":"closed","sticky":false,"template":"","format":"standard","meta":{"footnotes":""},"categories":[222],"tags":[],"class_list":{"0":"post-39695","1":"post","2":"type-post","3":"status-publish","4":"format-standard","5":"has-post-thumbnail","7":"category-actualidad-turismo"},"aioseo_notices":[],"aioseo_head":"\n\t\t<!-- All in One SEO Pro 4.9.6.1 - aioseo.com -->\n\t<meta name=\"description\" content=\"El aeropuerto de Fr\u00e1nckfurt registr\u00f3 durante los primeros cinco meses del a\u00f1o 23,2 millones de pasajeros, un 4,4% m\u00e1s que el mismo per\u00edodo un a\u00f1o antes, mientras que el transporte de carga cay\u00f3 un 1,7%, hasta las 864.460 toneladas, seg\u00fan informa la gestora de las instalaciones aeroportuarias de la capital alemana, Fraport. Los movimientos a\u00e9reos\" \/>\n\t<meta name=\"robots\" content=\"max-image-preview:large\" \/>\n\t<meta name=\"author\" content=\"admin\"\/>\n\t<meta name=\"google-site-verification\" content=\"UA-38556648-1\" \/>\n\t<meta name=\"keywords\" content=\"actualidad turismo\" \/>\n\t<link rel=\"canonical\" href=\"https:\/\/eldigitaldeasturias.com\/magazine365\/el-aeropuerto-de-franckfurt-registro-232-millones-de-pasajeros-hasta-mayo\/\" \/>\n\t<meta name=\"generator\" content=\"All in One SEO Pro (AIOSEO) 4.9.6.1\" \/>\n\t\t<meta property=\"og:locale\" content=\"es_ES\" \/>\n\t\t<meta property=\"og:site_name\" content=\"El Digital de Asturias \u2013 Revista de ocio, turismo y estilo de vida\" \/>\n\t\t<meta property=\"og:type\" content=\"article\" \/>\n\t\t<meta property=\"og:title\" content=\"El aeropuerto de Fr\u00e1nckfurt registr\u00f3 23,2 millones de pasajeros hasta mayo | El Digital de Asturias\" \/>\n\t\t<meta property=\"og:description\" content=\"El aeropuerto de Fr\u00e1nckfurt registr\u00f3 durante los primeros cinco meses del a\u00f1o 23,2 millones de pasajeros, un 4,4% m\u00e1s que el mismo per\u00edodo un a\u00f1o antes, mientras que el transporte de carga cay\u00f3 un 1,7%, hasta las 864.460 toneladas, seg\u00fan informa la gestora de las instalaciones aeroportuarias de la capital alemana, Fraport. Los movimientos a\u00e9reos\" \/>\n\t\t<meta property=\"og:url\" content=\"https:\/\/eldigitaldeasturias.com\/magazine365\/el-aeropuerto-de-franckfurt-registro-232-millones-de-pasajeros-hasta-mayo\/\" \/>\n\t\t<meta property=\"og:image\" content=\"https:\/\/eldigitaldeasturias.com\/magazine365\/wp-content\/uploads\/2015\/06\/fotonoticia_20150612111201_800.jpg\" \/>\n\t\t<meta property=\"og:image:secure_url\" content=\"https:\/\/eldigitaldeasturias.com\/magazine365\/wp-content\/uploads\/2015\/06\/fotonoticia_20150612111201_800.jpg\" \/>\n\t\t<meta property=\"og:image:width\" content=\"800\" \/>\n\t\t<meta property=\"og:image:height\" content=\"533\" \/>\n\t\t<meta property=\"article:published_time\" content=\"2015-06-12T23:49:20+00:00\" \/>\n\t\t<meta property=\"article:modified_time\" content=\"2015-06-12T23:49:20+00:00\" \/>\n\t\t<meta name=\"twitter:card\" content=\"summary_large_image\" \/>\n\t\t<meta name=\"twitter:title\" content=\"El aeropuerto de Fr\u00e1nckfurt registr\u00f3 23,2 millones de pasajeros hasta mayo | El Digital de Asturias\" \/>\n\t\t<meta name=\"twitter:description\" content=\"El aeropuerto de Fr\u00e1nckfurt registr\u00f3 durante los primeros cinco meses del a\u00f1o 23,2 millones de pasajeros, un 4,4% m\u00e1s que el mismo per\u00edodo un a\u00f1o antes, mientras que el transporte de carga cay\u00f3 un 1,7%, hasta las 864.460 toneladas, seg\u00fan informa la gestora de las instalaciones aeroportuarias de la capital alemana, Fraport. Los movimientos a\u00e9reos\" \/>\n\t\t<meta name=\"twitter:image\" content=\"https:\/\/eldigitaldeasturias.com\/magazine365\/wp-content\/uploads\/2015\/06\/fotonoticia_20150612111201_800.jpg\" \/>\n\t\t<script type=\"application\/ld+json\" class=\"aioseo-schema\">\n\t\t\t{\"@context\":\"https:\\\/\\\/schema.org\",\"@graph\":[{\"@type\":\"Article\",\"@id\":\"https:\\\/\\\/eldigitaldeasturias.com\\\/magazine365\\\/el-aeropuerto-de-franckfurt-registro-232-millones-de-pasajeros-hasta-mayo\\\/#article\",\"name\":\"El aeropuerto de Fr\\u00e1nckfurt registr\\u00f3 23,2 millones de pasajeros hasta mayo | El Digital de Asturias\",\"headline\":\"El aeropuerto de Fr\\u00e1nckfurt registr\\u00f3 23,2 millones de pasajeros hasta mayo\",\"author\":{\"@id\":\"https:\\\/\\\/eldigitaldeasturias.com\\\/magazine365\\\/author\\\/admin\\\/#author\"},\"publisher\":{\"@id\":\"https:\\\/\\\/eldigitaldeasturias.com\\\/magazine365\\\/#organization\"},\"image\":{\"@type\":\"ImageObject\",\"url\":\"https:\\\/\\\/eldigitaldeasturias.com\\\/magazine365\\\/wp-content\\\/uploads\\\/2015\\\/06\\\/fotonoticia_20150612111201_800.jpg\",\"width\":800,\"height\":533},\"datePublished\":\"2015-06-13T01:19:20+02:00\",\"dateModified\":\"2015-06-13T01:19:20+02:00\",\"inLanguage\":\"es-ES\",\"mainEntityOfPage\":{\"@id\":\"https:\\\/\\\/eldigitaldeasturias.com\\\/magazine365\\\/el-aeropuerto-de-franckfurt-registro-232-millones-de-pasajeros-hasta-mayo\\\/#webpage\"},\"isPartOf\":{\"@id\":\"https:\\\/\\\/eldigitaldeasturias.com\\\/magazine365\\\/el-aeropuerto-de-franckfurt-registro-232-millones-de-pasajeros-hasta-mayo\\\/#webpage\"},\"articleSection\":\"Actualidad Turismo\"},{\"@type\":\"BreadcrumbList\",\"@id\":\"https:\\\/\\\/eldigitaldeasturias.com\\\/magazine365\\\/el-aeropuerto-de-franckfurt-registro-232-millones-de-pasajeros-hasta-mayo\\\/#breadcrumblist\",\"itemListElement\":[{\"@type\":\"ListItem\",\"@id\":\"https:\\\/\\\/eldigitaldeasturias.com\\\/magazine365#listItem\",\"position\":1,\"name\":\"Home\",\"item\":\"https:\\\/\\\/eldigitaldeasturias.com\\\/magazine365\",\"nextItem\":{\"@type\":\"ListItem\",\"@id\":\"https:\\\/\\\/eldigitaldeasturias.com\\\/magazine365\\\/category\\\/actualidad-turismo\\\/#listItem\",\"name\":\"Actualidad Turismo\"}},{\"@type\":\"ListItem\",\"@id\":\"https:\\\/\\\/eldigitaldeasturias.com\\\/magazine365\\\/category\\\/actualidad-turismo\\\/#listItem\",\"position\":2,\"name\":\"Actualidad Turismo\",\"item\":\"https:\\\/\\\/eldigitaldeasturias.com\\\/magazine365\\\/category\\\/actualidad-turismo\\\/\",\"nextItem\":{\"@type\":\"ListItem\",\"@id\":\"https:\\\/\\\/eldigitaldeasturias.com\\\/magazine365\\\/el-aeropuerto-de-franckfurt-registro-232-millones-de-pasajeros-hasta-mayo\\\/#listItem\",\"name\":\"El aeropuerto de Fr\\u00e1nckfurt registr\\u00f3 23,2 millones de pasajeros hasta mayo\"},\"previousItem\":{\"@type\":\"ListItem\",\"@id\":\"https:\\\/\\\/eldigitaldeasturias.com\\\/magazine365#listItem\",\"name\":\"Home\"}},{\"@type\":\"ListItem\",\"@id\":\"https:\\\/\\\/eldigitaldeasturias.com\\\/magazine365\\\/el-aeropuerto-de-franckfurt-registro-232-millones-de-pasajeros-hasta-mayo\\\/#listItem\",\"position\":3,\"name\":\"El aeropuerto de Fr\\u00e1nckfurt registr\\u00f3 23,2 millones de pasajeros hasta mayo\",\"previousItem\":{\"@type\":\"ListItem\",\"@id\":\"https:\\\/\\\/eldigitaldeasturias.com\\\/magazine365\\\/category\\\/actualidad-turismo\\\/#listItem\",\"name\":\"Actualidad Turismo\"}}]},{\"@type\":\"Organization\",\"@id\":\"https:\\\/\\\/eldigitaldeasturias.com\\\/magazine365\\\/#organization\",\"name\":\"El digital de Asturias\",\"description\":\"Revista de ocio, turismo y estilo de vida\",\"url\":\"https:\\\/\\\/eldigitaldeasturias.com\\\/magazine365\\\/\",\"logo\":{\"@type\":\"ImageObject\",\"url\":\"https:\\\/\\\/www.eldigitaldeasturias.com\\\/noticias\\\/wp-content\\\/uploads\\\/2020\\\/12\\\/EDA.jpg\",\"@id\":\"https:\\\/\\\/eldigitaldeasturias.com\\\/magazine365\\\/el-aeropuerto-de-franckfurt-registro-232-millones-de-pasajeros-hasta-mayo\\\/#organizationLogo\"},\"image\":{\"@id\":\"https:\\\/\\\/eldigitaldeasturias.com\\\/magazine365\\\/el-aeropuerto-de-franckfurt-registro-232-millones-de-pasajeros-hasta-mayo\\\/#organizationLogo\"}},{\"@type\":\"Person\",\"@id\":\"https:\\\/\\\/eldigitaldeasturias.com\\\/magazine365\\\/author\\\/admin\\\/#author\",\"url\":\"https:\\\/\\\/eldigitaldeasturias.com\\\/magazine365\\\/author\\\/admin\\\/\",\"name\":\"admin\",\"image\":{\"@type\":\"ImageObject\",\"@id\":\"https:\\\/\\\/eldigitaldeasturias.com\\\/magazine365\\\/el-aeropuerto-de-franckfurt-registro-232-millones-de-pasajeros-hasta-mayo\\\/#authorImage\",\"url\":\"https:\\\/\\\/eldigitaldeasturias.com\\\/magazine365\\\/wp-content\\\/litespeed\\\/avatar\\\/e571bcf59a0edd6fa6838245a470f2fe.jpg?ver=1776969259\",\"width\":96,\"height\":96,\"caption\":\"admin\"}},{\"@type\":\"WebPage\",\"@id\":\"https:\\\/\\\/eldigitaldeasturias.com\\\/magazine365\\\/el-aeropuerto-de-franckfurt-registro-232-millones-de-pasajeros-hasta-mayo\\\/#webpage\",\"url\":\"https:\\\/\\\/eldigitaldeasturias.com\\\/magazine365\\\/el-aeropuerto-de-franckfurt-registro-232-millones-de-pasajeros-hasta-mayo\\\/\",\"name\":\"El aeropuerto de Fr\\u00e1nckfurt registr\\u00f3 23,2 millones de pasajeros hasta mayo | El Digital de Asturias\",\"description\":\"El aeropuerto de Fr\\u00e1nckfurt registr\\u00f3 durante los primeros cinco meses del a\\u00f1o 23,2 millones de pasajeros, un 4,4% m\\u00e1s que el mismo per\\u00edodo un a\\u00f1o antes, mientras que el transporte de carga cay\\u00f3 un 1,7%, hasta las 864.460 toneladas, seg\\u00fan informa la gestora de las instalaciones aeroportuarias de la capital alemana, Fraport. Los movimientos a\\u00e9reos\",\"inLanguage\":\"es-ES\",\"isPartOf\":{\"@id\":\"https:\\\/\\\/eldigitaldeasturias.com\\\/magazine365\\\/#website\"},\"breadcrumb\":{\"@id\":\"https:\\\/\\\/eldigitaldeasturias.com\\\/magazine365\\\/el-aeropuerto-de-franckfurt-registro-232-millones-de-pasajeros-hasta-mayo\\\/#breadcrumblist\"},\"author\":{\"@id\":\"https:\\\/\\\/eldigitaldeasturias.com\\\/magazine365\\\/author\\\/admin\\\/#author\"},\"creator\":{\"@id\":\"https:\\\/\\\/eldigitaldeasturias.com\\\/magazine365\\\/author\\\/admin\\\/#author\"},\"image\":{\"@type\":\"ImageObject\",\"url\":\"https:\\\/\\\/eldigitaldeasturias.com\\\/magazine365\\\/wp-content\\\/uploads\\\/2015\\\/06\\\/fotonoticia_20150612111201_800.jpg\",\"@id\":\"https:\\\/\\\/eldigitaldeasturias.com\\\/magazine365\\\/el-aeropuerto-de-franckfurt-registro-232-millones-de-pasajeros-hasta-mayo\\\/#mainImage\",\"width\":800,\"height\":533},\"primaryImageOfPage\":{\"@id\":\"https:\\\/\\\/eldigitaldeasturias.com\\\/magazine365\\\/el-aeropuerto-de-franckfurt-registro-232-millones-de-pasajeros-hasta-mayo\\\/#mainImage\"},\"datePublished\":\"2015-06-13T01:19:20+02:00\",\"dateModified\":\"2015-06-13T01:19:20+02:00\"},{\"@type\":\"WebSite\",\"@id\":\"https:\\\/\\\/eldigitaldeasturias.com\\\/magazine365\\\/#website\",\"url\":\"https:\\\/\\\/eldigitaldeasturias.com\\\/magazine365\\\/\",\"name\":\"El Digital de Asturias\",\"description\":\"Revista de ocio, turismo y estilo de vida\",\"inLanguage\":\"es-ES\",\"publisher\":{\"@id\":\"https:\\\/\\\/eldigitaldeasturias.com\\\/magazine365\\\/#organization\"}}]}\n\t\t<\/script>\n\t\t<!-- All in One SEO Pro -->\r\n\t\t<title>El aeropuerto de Fr\u00e1nckfurt registr\u00f3 23,2 millones de pasajeros hasta mayo | El Digital de Asturias<\/title>\n\n","aioseo_head_json":{"title":"El aeropuerto de Fr\u00e1nckfurt registr\u00f3 23,2 millones de pasajeros hasta mayo | El Digital de Asturias","description":"El aeropuerto de Fr\u00e1nckfurt registr\u00f3 durante los primeros cinco meses del a\u00f1o 23,2 millones de pasajeros, un 4,4% m\u00e1s que el mismo per\u00edodo un a\u00f1o antes, mientras que el transporte de carga cay\u00f3 un 1,7%, hasta las 864.460 toneladas, seg\u00fan informa la gestora de las instalaciones aeroportuarias de la capital alemana, Fraport. Los movimientos a\u00e9reos","canonical_url":"https:\/\/eldigitaldeasturias.com\/magazine365\/el-aeropuerto-de-franckfurt-registro-232-millones-de-pasajeros-hasta-mayo\/","robots":"max-image-preview:large","keywords":"actualidad turismo","webmasterTools":{"google-site-verification":"UA-38556648-1","miscellaneous":""},"schema":{"@context":"https:\/\/schema.org","@graph":[{"@type":"Article","@id":"https:\/\/eldigitaldeasturias.com\/magazine365\/el-aeropuerto-de-franckfurt-registro-232-millones-de-pasajeros-hasta-mayo\/#article","name":"El aeropuerto de Fr\u00e1nckfurt registr\u00f3 23,2 millones de pasajeros hasta mayo | El Digital de Asturias","headline":"El aeropuerto de Fr\u00e1nckfurt registr\u00f3 23,2 millones de pasajeros hasta mayo","author":{"@id":"https:\/\/eldigitaldeasturias.com\/magazine365\/author\/admin\/#author"},"publisher":{"@id":"https:\/\/eldigitaldeasturias.com\/magazine365\/#organization"},"image":{"@type":"ImageObject","url":"https:\/\/eldigitaldeasturias.com\/magazine365\/wp-content\/uploads\/2015\/06\/fotonoticia_20150612111201_800.jpg","width":800,"height":533},"datePublished":"2015-06-13T01:19:20+02:00","dateModified":"2015-06-13T01:19:20+02:00","inLanguage":"es-ES","mainEntityOfPage":{"@id":"https:\/\/eldigitaldeasturias.com\/magazine365\/el-aeropuerto-de-franckfurt-registro-232-millones-de-pasajeros-hasta-mayo\/#webpage"},"isPartOf":{"@id":"https:\/\/eldigitaldeasturias.com\/magazine365\/el-aeropuerto-de-franckfurt-registro-232-millones-de-pasajeros-hasta-mayo\/#webpage"},"articleSection":"Actualidad Turismo"},{"@type":"BreadcrumbList","@id":"https:\/\/eldigitaldeasturias.com\/magazine365\/el-aeropuerto-de-franckfurt-registro-232-millones-de-pasajeros-hasta-mayo\/#breadcrumblist","itemListElement":[{"@type":"ListItem","@id":"https:\/\/eldigitaldeasturias.com\/magazine365#listItem","position":1,"name":"Home","item":"https:\/\/eldigitaldeasturias.com\/magazine365","nextItem":{"@type":"ListItem","@id":"https:\/\/eldigitaldeasturias.com\/magazine365\/category\/actualidad-turismo\/#listItem","name":"Actualidad Turismo"}},{"@type":"ListItem","@id":"https:\/\/eldigitaldeasturias.com\/magazine365\/category\/actualidad-turismo\/#listItem","position":2,"name":"Actualidad Turismo","item":"https:\/\/eldigitaldeasturias.com\/magazine365\/category\/actualidad-turismo\/","nextItem":{"@type":"ListItem","@id":"https:\/\/eldigitaldeasturias.com\/magazine365\/el-aeropuerto-de-franckfurt-registro-232-millones-de-pasajeros-hasta-mayo\/#listItem","name":"El aeropuerto de Fr\u00e1nckfurt registr\u00f3 23,2 millones de pasajeros hasta mayo"},"previousItem":{"@type":"ListItem","@id":"https:\/\/eldigitaldeasturias.com\/magazine365#listItem","name":"Home"}},{"@type":"ListItem","@id":"https:\/\/eldigitaldeasturias.com\/magazine365\/el-aeropuerto-de-franckfurt-registro-232-millones-de-pasajeros-hasta-mayo\/#listItem","position":3,"name":"El aeropuerto de Fr\u00e1nckfurt registr\u00f3 23,2 millones de pasajeros hasta mayo","previousItem":{"@type":"ListItem","@id":"https:\/\/eldigitaldeasturias.com\/magazine365\/category\/actualidad-turismo\/#listItem","name":"Actualidad Turismo"}}]},{"@type":"Organization","@id":"https:\/\/eldigitaldeasturias.com\/magazine365\/#organization","name":"El digital de Asturias","description":"Revista de ocio, turismo y estilo de vida","url":"https:\/\/eldigitaldeasturias.com\/magazine365\/","logo":{"@type":"ImageObject","url":"https:\/\/www.eldigitaldeasturias.com\/noticias\/wp-content\/uploads\/2020\/12\/EDA.jpg","@id":"https:\/\/eldigitaldeasturias.com\/magazine365\/el-aeropuerto-de-franckfurt-registro-232-millones-de-pasajeros-hasta-mayo\/#organizationLogo"},"image":{"@id":"https:\/\/eldigitaldeasturias.com\/magazine365\/el-aeropuerto-de-franckfurt-registro-232-millones-de-pasajeros-hasta-mayo\/#organizationLogo"}},{"@type":"Person","@id":"https:\/\/eldigitaldeasturias.com\/magazine365\/author\/admin\/#author","url":"https:\/\/eldigitaldeasturias.com\/magazine365\/author\/admin\/","name":"admin","image":{"@type":"ImageObject","@id":"https:\/\/eldigitaldeasturias.com\/magazine365\/el-aeropuerto-de-franckfurt-registro-232-millones-de-pasajeros-hasta-mayo\/#authorImage","url":"https:\/\/eldigitaldeasturias.com\/magazine365\/wp-content\/litespeed\/avatar\/e571bcf59a0edd6fa6838245a470f2fe.jpg?ver=1776969259","width":96,"height":96,"caption":"admin"}},{"@type":"WebPage","@id":"https:\/\/eldigitaldeasturias.com\/magazine365\/el-aeropuerto-de-franckfurt-registro-232-millones-de-pasajeros-hasta-mayo\/#webpage","url":"https:\/\/eldigitaldeasturias.com\/magazine365\/el-aeropuerto-de-franckfurt-registro-232-millones-de-pasajeros-hasta-mayo\/","name":"El aeropuerto de Fr\u00e1nckfurt registr\u00f3 23,2 millones de pasajeros hasta mayo | El Digital de Asturias","description":"El aeropuerto de Fr\u00e1nckfurt registr\u00f3 durante los primeros cinco meses del a\u00f1o 23,2 millones de pasajeros, un 4,4% m\u00e1s que el mismo per\u00edodo un a\u00f1o antes, mientras que el transporte de carga cay\u00f3 un 1,7%, hasta las 864.460 toneladas, seg\u00fan informa la gestora de las instalaciones aeroportuarias de la capital alemana, Fraport. Los movimientos a\u00e9reos","inLanguage":"es-ES","isPartOf":{"@id":"https:\/\/eldigitaldeasturias.com\/magazine365\/#website"},"breadcrumb":{"@id":"https:\/\/eldigitaldeasturias.com\/magazine365\/el-aeropuerto-de-franckfurt-registro-232-millones-de-pasajeros-hasta-mayo\/#breadcrumblist"},"author":{"@id":"https:\/\/eldigitaldeasturias.com\/magazine365\/author\/admin\/#author"},"creator":{"@id":"https:\/\/eldigitaldeasturias.com\/magazine365\/author\/admin\/#author"},"image":{"@type":"ImageObject","url":"https:\/\/eldigitaldeasturias.com\/magazine365\/wp-content\/uploads\/2015\/06\/fotonoticia_20150612111201_800.jpg","@id":"https:\/\/eldigitaldeasturias.com\/magazine365\/el-aeropuerto-de-franckfurt-registro-232-millones-de-pasajeros-hasta-mayo\/#mainImage","width":800,"height":533},"primaryImageOfPage":{"@id":"https:\/\/eldigitaldeasturias.com\/magazine365\/el-aeropuerto-de-franckfurt-registro-232-millones-de-pasajeros-hasta-mayo\/#mainImage"},"datePublished":"2015-06-13T01:19:20+02:00","dateModified":"2015-06-13T01:19:20+02:00"},{"@type":"WebSite","@id":"https:\/\/eldigitaldeasturias.com\/magazine365\/#website","url":"https:\/\/eldigitaldeasturias.com\/magazine365\/","name":"El Digital de Asturias","description":"Revista de ocio, turismo y estilo de vida","inLanguage":"es-ES","publisher":{"@id":"https:\/\/eldigitaldeasturias.com\/magazine365\/#organization"}}]},"og:locale":"es_ES","og:site_name":"El Digital de Asturias \u2013 Revista de ocio, turismo y estilo de vida","og:type":"article","og:title":"El aeropuerto de Fr\u00e1nckfurt registr\u00f3 23,2 millones de pasajeros hasta mayo | El Digital de Asturias","og:description":"El aeropuerto de Fr\u00e1nckfurt registr\u00f3 durante los primeros cinco meses del a\u00f1o 23,2 millones de pasajeros, un 4,4% m\u00e1s que el mismo per\u00edodo un a\u00f1o antes, mientras que el transporte de carga cay\u00f3 un 1,7%, hasta las 864.460 toneladas, seg\u00fan informa la gestora de las instalaciones aeroportuarias de la capital alemana, Fraport. Los movimientos a\u00e9reos","og:url":"https:\/\/eldigitaldeasturias.com\/magazine365\/el-aeropuerto-de-franckfurt-registro-232-millones-de-pasajeros-hasta-mayo\/","og:image":"https:\/\/eldigitaldeasturias.com\/magazine365\/wp-content\/uploads\/2015\/06\/fotonoticia_20150612111201_800.jpg","og:image:secure_url":"https:\/\/eldigitaldeasturias.com\/magazine365\/wp-content\/uploads\/2015\/06\/fotonoticia_20150612111201_800.jpg","og:image:width":800,"og:image:height":533,"article:published_time":"2015-06-12T23:49:20+00:00","article:modified_time":"2015-06-12T23:49:20+00:00","twitter:card":"summary_large_image","twitter:title":"El aeropuerto de Fr\u00e1nckfurt registr\u00f3 23,2 millones de pasajeros hasta mayo | El Digital de Asturias","twitter:description":"El aeropuerto de Fr\u00e1nckfurt registr\u00f3 durante los primeros cinco meses del a\u00f1o 23,2 millones de pasajeros, un 4,4% m\u00e1s que el mismo per\u00edodo un a\u00f1o antes, mientras que el transporte de carga cay\u00f3 un 1,7%, hasta las 864.460 toneladas, seg\u00fan informa la gestora de las instalaciones aeroportuarias de la capital alemana, Fraport. Los movimientos a\u00e9reos","twitter:image":"https:\/\/eldigitaldeasturias.com\/magazine365\/wp-content\/uploads\/2015\/06\/fotonoticia_20150612111201_800.jpg"},"aioseo_meta_data":{"post_id":"39695","title":null,"description":null,"keywords":null,"keyphrases":null,"primary_term":null,"canonical_url":null,"og_title":null,"og_description":null,"og_object_type":"default","og_image_type":"default","og_image_url":null,"og_image_width":null,"og_image_height":null,"og_image_custom_url":null,"og_image_custom_fields":null,"og_video":null,"og_custom_url":null,"og_article_section":null,"og_article_tags":null,"twitter_use_og":false,"twitter_card":"default","twitter_image_type":"default","twitter_image_url":null,"twitter_image_custom_url":null,"twitter_image_custom_fields":null,"twitter_title":null,"twitter_description":null,"schema":{"blockGraphs":[],"customGraphs":[],"default":{"data":{"Article":[],"Course":[],"Dataset":[],"FAQPage":[],"Movie":[],"Person":[],"Product":[],"ProductReview":[],"Car":[],"Recipe":[],"Service":[],"SoftwareApplication":[],"WebPage":[]},"graphName":"","isEnabled":true},"graphs":[],"defaultGraph":"","defaultPostTypeGraph":""},"schema_type":null,"schema_type_options":null,"pillar_content":false,"robots_default":true,"robots_noindex":false,"robots_noarchive":false,"robots_nosnippet":false,"robots_nofollow":false,"robots_noimageindex":false,"robots_noodp":false,"robots_notranslate":false,"robots_max_snippet":null,"robots_max_videopreview":null,"robots_max_imagepreview":"large","priority":null,"frequency":null,"location":null,"local_seo":null,"seo_analyzer_scan_date":"2025-09-19 12:09:06","breadcrumb_settings":null,"limit_modified_date":false,"open_ai":null,"ai":null,"created":"2021-03-09 02:37:42","updated":"2025-09-19 12:09:06"},"aioseo_breadcrumb":"<div class=\"aioseo-breadcrumbs\"><span class=\"aioseo-breadcrumb\">\n\t<a href=\"https:\/\/eldigitaldeasturias.com\/magazine365\" title=\"Home\">Home<\/a>\n<\/span><span class=\"aioseo-breadcrumb-separator\">\u2013<\/span><span class=\"aioseo-breadcrumb\">\n\t<a href=\"https:\/\/eldigitaldeasturias.com\/magazine365\/category\/actualidad-turismo\/\" title=\"Actualidad Turismo\">Actualidad Turismo<\/a>\n<\/span><span class=\"aioseo-breadcrumb-separator\">\u2013<\/span><span class=\"aioseo-breadcrumb\">\n\t<a href=\"https:\/\/eldigitaldeasturias.com\/magazine365\/el-aeropuerto-de-franckfurt-registro-232-millones-de-pasajeros-hasta-mayo\/\" title=\"El aeropuerto de Fr\u00e1nckfurt registr\u00f3 23,2 millones de pasajeros hasta mayo\">El aeropuerto de Fr\u00e1nckfurt registr\u00f3 23,2 millones de pasajeros hasta mayo<\/a>\n<\/span><\/div>","aioseo_breadcrumb_json":[{"label":"Home","link":"https:\/\/eldigitaldeasturias.com\/magazine365"},{"label":"Actualidad Turismo","link":"https:\/\/eldigitaldeasturias.com\/magazine365\/category\/actualidad-turismo\/"},{"label":"El aeropuerto de Fr\u00e1nckfurt registr\u00f3 23,2 millones de pasajeros hasta mayo","link":"https:\/\/eldigitaldeasturias.com\/magazine365\/el-aeropuerto-de-franckfurt-registro-232-millones-de-pasajeros-hasta-mayo\/"}],"_links":{"self":[{"href":"https:\/\/eldigitaldeasturias.com\/magazine365\/wp-json\/wp\/v2\/posts\/39695","targetHints":{"allow":["GET"]}}],"collection":[{"href":"https:\/\/eldigitaldeasturias.com\/magazine365\/wp-json\/wp\/v2\/posts"}],"about":[{"href":"https:\/\/eldigitaldeasturias.com\/magazine365\/wp-json\/wp\/v2\/types\/post"}],"author":[{"embeddable":true,"href":"https:\/\/eldigitaldeasturias.com\/magazine365\/wp-json\/wp\/v2\/users\/1"}],"replies":[{"embeddable":true,"href":"https:\/\/eldigitaldeasturias.com\/magazine365\/wp-json\/wp\/v2\/comments?post=39695"}],"version-history":[{"count":0,"href":"https:\/\/eldigitaldeasturias.com\/magazine365\/wp-json\/wp\/v2\/posts\/39695\/revisions"}],"wp:featuredmedia":[{"embeddable":true,"href":"https:\/\/eldigitaldeasturias.com\/magazine365\/wp-json\/wp\/v2\/media\/39696"}],"wp:attachment":[{"href":"https:\/\/eldigitaldeasturias.com\/magazine365\/wp-json\/wp\/v2\/media?parent=39695"}],"wp:term":[{"taxonomy":"category","embeddable":true,"href":"https:\/\/eldigitaldeasturias.com\/magazine365\/wp-json\/wp\/v2\/categories?post=39695"},{"taxonomy":"post_tag","embeddable":true,"href":"https:\/\/eldigitaldeasturias.com\/magazine365\/wp-json\/wp\/v2\/tags?post=39695"}],"curies":[{"name":"wp","href":"https:\/\/api.w.org\/{rel}","templated":true}]}}