{"id":39678,"date":"2015-06-12T19:14:29","date_gmt":"2015-06-12T17:44:29","guid":{"rendered":"http:\/\/eldigitaldeasturias.com\/magazine365\/?p=39678"},"modified":"2015-06-12T19:14:29","modified_gmt":"2015-06-12T17:44:29","slug":"los-paros-de-controladores-seguiran-este-viernes-en-su-tercera-jornada-tras-una-reunion-con-enaire-sin-acuerdo","status":"publish","type":"post","link":"https:\/\/eldigitaldeasturias.com\/magazine365\/los-paros-de-controladores-seguiran-este-viernes-en-su-tercera-jornada-tras-una-reunion-con-enaire-sin-acuerdo\/","title":{"rendered":"Los paros de controladores seguir\u00e1n este viernes en su tercera jornada, tras una reuni\u00f3n con ENAIRE sin acuerdo"},"content":{"rendered":"<p><img fetchpriority=\"high\" decoding=\"async\" class=\"alignleft size-medium wp-image-39092\" src=\"https:\/\/eldigitaldeasturias.com\/magazine365\/wp-content\/uploads\/2015\/06\/aeropuerto-360x239.jpg\" alt=\"aeropuerto\" width=\"360\" height=\"239\" srcset=\"https:\/\/eldigitaldeasturias.com\/magazine365\/wp-content\/uploads\/2015\/06\/aeropuerto-360x239.jpg 360w, https:\/\/eldigitaldeasturias.com\/magazine365\/wp-content\/uploads\/2015\/06\/aeropuerto-650x431.jpg 650w, https:\/\/eldigitaldeasturias.com\/magazine365\/wp-content\/uploads\/2015\/06\/aeropuerto-768x510.jpg 768w, https:\/\/eldigitaldeasturias.com\/magazine365\/wp-content\/uploads\/2015\/06\/aeropuerto-150x100.jpg 150w, https:\/\/eldigitaldeasturias.com\/magazine365\/wp-content\/uploads\/2015\/06\/aeropuerto-450x299.jpg 450w, https:\/\/eldigitaldeasturias.com\/magazine365\/wp-content\/uploads\/2015\/06\/aeropuerto-696x462.jpg 696w, https:\/\/eldigitaldeasturias.com\/magazine365\/wp-content\/uploads\/2015\/06\/aeropuerto-633x420.jpg 633w, https:\/\/eldigitaldeasturias.com\/magazine365\/wp-content\/uploads\/2015\/06\/aeropuerto-84x55.jpg 84w, https:\/\/eldigitaldeasturias.com\/magazine365\/wp-content\/uploads\/2015\/06\/aeropuerto.jpg 800w\" sizes=\"(max-width: 360px) 100vw, 360px\" \/>Los controladores a\u00e9reos continuar\u00e1n este viernes con sus paros parciales (de 10.00 a 12.00 horas y de 18.00 a 20.00 horas), en la que ser\u00e1 la tercera jornada de la huelga convocada por el sindicato mayoritario USCA, despu\u00e9s de la reuni\u00f3n que ambas partes han mantenido el jueves y que se ha cerrado sin \u00abning\u00fan acuerdo\u00bb.<\/p>\n<p>ENAIRE convoc\u00f3 el mi\u00e9rcoles a \u00faltima hora de la tarde al comit\u00e9 de huelga para un encuentro el jueves por la ma\u00f1ana en el que no se produjeron avances, seg\u00fan explicaron a Europa Press fuentes de USCA, que lamentaron que no se les presentara \u00abninguna propuesta\u00bb, por lo que se continuar\u00e1 con los paros previstos.<\/p>\n<p>La huelga se ha convocado como protesta a los 61 expedientes abiertos por ENAIRE a controladores a\u00e9reos del Centro del Control de Barcelona (ACC) por el cierre del espacio a\u00e9reo en 2010 y por negarse a readmitir a un controlador del ACC de Santiago.<\/p>\n<p>Desde USCA no descartan prorrogar \u00ablas medidas de protesta\u00bb y los paros si no se produce un acercamiento el pr\u00f3ximo domingo, \u00faltima jornada de la huelga convocada por USCA, que denuncia que los servicios m\u00ednimos alcanzan el 99% frente al 70% fijado, al incluir controladores operativos en oficinas, por ya anunciado que los recurrir\u00e1.<\/p>\n<p>La convocatoria de paros, la primera en 26 a\u00f1os del colectivo, arranc\u00f3 el lunes y durante todo su desarrollo no se han producido cancelaciones, ni demoras atribuibles a los paros, con una puntualidad media que roz\u00f3 el 100% en la mayor\u00eda de los casos, ante unos servicios m\u00ednimos del 70% decretados por el Ministerio de Fomento.<\/p>\n<p>De la plantilla total de 2.023 controladores a\u00e9reos, para este viernes se ha programado una plantilla de 930 efectivos (627 en servicios m\u00ednimos) y de 691 efectivos para el domingo (de ellos 621 en servicios m\u00ednimos). El pasado mi\u00e9rcoles, d\u00eda 10 de junio trabajaron a tres turnos 916 efectivos (613 como servicios m\u00ednimos) y el lunes 955 efectivos (617 en servicios m\u00ednimos).<\/p>\n<p>6.147 MOVIMIENTOS EN EL ESPACIO A\u00c9REO.<\/p>\n<p>Un total de 1.532 movimientos de aeronaves, el 25% de los 6.147 previstos en el espacio a\u00e9reo espa\u00f1ol este viernes &#8211;incluyendo sobrevuelos&#8211; podr\u00edan verse afectados por los paros parciales en las dos franjas horarias de paros convocados.<\/p>\n<p>Seg\u00fan datos facilitados por ENAIRE, este viernes se prev\u00e9n 834 movimientos en las dos horas de paro de la ma\u00f1ana y 698 durante el paro de dos horas en el turno de tarde. Para el domingo 14 de junio, \u00faltima jornada de la convocatoria de protestas, se estiman 5.588 movimientos, de ellos 688 entre las 10 y las 12.00 horas y 647 entre las 18.00 y las 20.00 horas, por lo que podr\u00edan verse afectados un total de 1.335 movimientos.<\/p>\n<p>En total durante los cuatro d\u00edas se habr\u00e1n operado 22.274 movimientos en todo el espacio a\u00e9reo espa\u00f1ol, de los cuales 2.853 operaciones se realizar\u00e1n entre las 10.00 y las 12 horas, y otros 2.502 movimientos, entre las 18.00 y las 20.00 horas, de momento sin ninguna incidencia.<\/p>\n","protected":false},"excerpt":{"rendered":"<p>Los controladores a\u00e9reos continuar\u00e1n este viernes con sus paros parciales (de 10.00 a 12.00 horas y de 18.00 a 20.00 horas), en la que ser\u00e1 la tercera jornada de la huelga convocada por el sindicato mayoritario USCA, despu\u00e9s de la reuni\u00f3n que ambas partes han mantenido el jueves y que se ha cerrado sin \u00abning\u00fan<\/p>\n","protected":false},"author":1,"featured_media":37611,"comment_status":"open","ping_status":"closed","sticky":false,"template":"","format":"standard","meta":{"footnotes":""},"categories":[222],"tags":[],"class_list":{"0":"post-39678","1":"post","2":"type-post","3":"status-publish","4":"format-standard","5":"has-post-thumbnail","7":"category-actualidad-turismo"},"aioseo_notices":[],"aioseo_head":"\n\t\t<!-- All in One SEO Pro 4.9.6.1 - aioseo.com -->\n\t<meta name=\"description\" content=\"Los controladores a\u00e9reos continuar\u00e1n este viernes con sus paros parciales (de 10.00 a 12.00 horas y de 18.00 a 20.00 horas), en la que ser\u00e1 la tercera jornada de la huelga convocada por el sindicato mayoritario USCA, despu\u00e9s de la reuni\u00f3n que ambas partes han mantenido el jueves y que se ha cerrado sin &quot;ning\u00fan\" \/>\n\t<meta name=\"robots\" content=\"max-image-preview:large\" \/>\n\t<meta name=\"author\" content=\"admin\"\/>\n\t<meta name=\"google-site-verification\" content=\"UA-38556648-1\" \/>\n\t<meta name=\"keywords\" content=\"actualidad turismo\" \/>\n\t<link rel=\"canonical\" href=\"https:\/\/eldigitaldeasturias.com\/magazine365\/los-paros-de-controladores-seguiran-este-viernes-en-su-tercera-jornada-tras-una-reunion-con-enaire-sin-acuerdo\/\" \/>\n\t<meta name=\"generator\" content=\"All in One SEO Pro (AIOSEO) 4.9.6.1\" \/>\n\t\t<meta property=\"og:locale\" content=\"es_ES\" \/>\n\t\t<meta property=\"og:site_name\" content=\"El Digital de Asturias \u2013 Revista de ocio, turismo y estilo de vida\" \/>\n\t\t<meta property=\"og:type\" content=\"article\" \/>\n\t\t<meta property=\"og:title\" content=\"Los paros de controladores seguir\u00e1n este viernes en su tercera jornada, tras una reuni\u00f3n con ENAIRE sin acuerdo | El Digital de Asturias\" \/>\n\t\t<meta property=\"og:description\" content=\"Los controladores a\u00e9reos continuar\u00e1n este viernes con sus paros parciales (de 10.00 a 12.00 horas y de 18.00 a 20.00 horas), en la que ser\u00e1 la tercera jornada de la huelga convocada por el sindicato mayoritario USCA, despu\u00e9s de la reuni\u00f3n que ambas partes han mantenido el jueves y que se ha cerrado sin &quot;ning\u00fan\" \/>\n\t\t<meta property=\"og:url\" content=\"https:\/\/eldigitaldeasturias.com\/magazine365\/los-paros-de-controladores-seguiran-este-viernes-en-su-tercera-jornada-tras-una-reunion-con-enaire-sin-acuerdo\/\" \/>\n\t\t<meta property=\"og:image\" content=\"https:\/\/eldigitaldeasturias.com\/magazine365\/wp-content\/uploads\/2015\/04\/aeropuerto-asturias.jpg\" \/>\n\t\t<meta property=\"og:image:secure_url\" content=\"https:\/\/eldigitaldeasturias.com\/magazine365\/wp-content\/uploads\/2015\/04\/aeropuerto-asturias.jpg\" \/>\n\t\t<meta property=\"og:image:width\" content=\"800\" \/>\n\t\t<meta property=\"og:image:height\" content=\"536\" \/>\n\t\t<meta property=\"article:published_time\" content=\"2015-06-12T17:44:29+00:00\" \/>\n\t\t<meta property=\"article:modified_time\" content=\"2015-06-12T17:44:29+00:00\" \/>\n\t\t<meta name=\"twitter:card\" content=\"summary_large_image\" \/>\n\t\t<meta name=\"twitter:title\" content=\"Los paros de controladores seguir\u00e1n este viernes en su tercera jornada, tras una reuni\u00f3n con ENAIRE sin acuerdo | El Digital de Asturias\" \/>\n\t\t<meta name=\"twitter:description\" content=\"Los controladores a\u00e9reos continuar\u00e1n este viernes con sus paros parciales (de 10.00 a 12.00 horas y de 18.00 a 20.00 horas), en la que ser\u00e1 la tercera jornada de la huelga convocada por el sindicato mayoritario USCA, despu\u00e9s de la reuni\u00f3n que ambas partes han mantenido el jueves y que se ha cerrado sin &quot;ning\u00fan\" \/>\n\t\t<meta name=\"twitter:image\" content=\"https:\/\/eldigitaldeasturias.com\/magazine365\/wp-content\/uploads\/2015\/04\/aeropuerto-asturias.jpg\" \/>\n\t\t<script type=\"application\/ld+json\" class=\"aioseo-schema\">\n\t\t\t{\"@context\":\"https:\\\/\\\/schema.org\",\"@graph\":[{\"@type\":\"Article\",\"@id\":\"https:\\\/\\\/eldigitaldeasturias.com\\\/magazine365\\\/los-paros-de-controladores-seguiran-este-viernes-en-su-tercera-jornada-tras-una-reunion-con-enaire-sin-acuerdo\\\/#article\",\"name\":\"Los paros de controladores seguir\\u00e1n este viernes en su tercera jornada, tras una reuni\\u00f3n con ENAIRE sin acuerdo | El Digital de Asturias\",\"headline\":\"Los paros de controladores seguir\\u00e1n este viernes en su tercera jornada, tras una reuni\\u00f3n con ENAIRE sin acuerdo\",\"author\":{\"@id\":\"https:\\\/\\\/eldigitaldeasturias.com\\\/magazine365\\\/author\\\/admin\\\/#author\"},\"publisher\":{\"@id\":\"https:\\\/\\\/eldigitaldeasturias.com\\\/magazine365\\\/#organization\"},\"image\":{\"@type\":\"ImageObject\",\"url\":\"https:\\\/\\\/eldigitaldeasturias.com\\\/magazine365\\\/wp-content\\\/uploads\\\/2015\\\/04\\\/aeropuerto-asturias.jpg\",\"width\":800,\"height\":536},\"datePublished\":\"2015-06-12T19:14:29+02:00\",\"dateModified\":\"2015-06-12T19:14:29+02:00\",\"inLanguage\":\"es-ES\",\"mainEntityOfPage\":{\"@id\":\"https:\\\/\\\/eldigitaldeasturias.com\\\/magazine365\\\/los-paros-de-controladores-seguiran-este-viernes-en-su-tercera-jornada-tras-una-reunion-con-enaire-sin-acuerdo\\\/#webpage\"},\"isPartOf\":{\"@id\":\"https:\\\/\\\/eldigitaldeasturias.com\\\/magazine365\\\/los-paros-de-controladores-seguiran-este-viernes-en-su-tercera-jornada-tras-una-reunion-con-enaire-sin-acuerdo\\\/#webpage\"},\"articleSection\":\"Actualidad Turismo\"},{\"@type\":\"BreadcrumbList\",\"@id\":\"https:\\\/\\\/eldigitaldeasturias.com\\\/magazine365\\\/los-paros-de-controladores-seguiran-este-viernes-en-su-tercera-jornada-tras-una-reunion-con-enaire-sin-acuerdo\\\/#breadcrumblist\",\"itemListElement\":[{\"@type\":\"ListItem\",\"@id\":\"https:\\\/\\\/eldigitaldeasturias.com\\\/magazine365#listItem\",\"position\":1,\"name\":\"Home\",\"item\":\"https:\\\/\\\/eldigitaldeasturias.com\\\/magazine365\",\"nextItem\":{\"@type\":\"ListItem\",\"@id\":\"https:\\\/\\\/eldigitaldeasturias.com\\\/magazine365\\\/category\\\/actualidad-turismo\\\/#listItem\",\"name\":\"Actualidad Turismo\"}},{\"@type\":\"ListItem\",\"@id\":\"https:\\\/\\\/eldigitaldeasturias.com\\\/magazine365\\\/category\\\/actualidad-turismo\\\/#listItem\",\"position\":2,\"name\":\"Actualidad Turismo\",\"item\":\"https:\\\/\\\/eldigitaldeasturias.com\\\/magazine365\\\/category\\\/actualidad-turismo\\\/\",\"nextItem\":{\"@type\":\"ListItem\",\"@id\":\"https:\\\/\\\/eldigitaldeasturias.com\\\/magazine365\\\/los-paros-de-controladores-seguiran-este-viernes-en-su-tercera-jornada-tras-una-reunion-con-enaire-sin-acuerdo\\\/#listItem\",\"name\":\"Los paros de controladores seguir\\u00e1n este viernes en su tercera jornada, tras una reuni\\u00f3n con ENAIRE sin acuerdo\"},\"previousItem\":{\"@type\":\"ListItem\",\"@id\":\"https:\\\/\\\/eldigitaldeasturias.com\\\/magazine365#listItem\",\"name\":\"Home\"}},{\"@type\":\"ListItem\",\"@id\":\"https:\\\/\\\/eldigitaldeasturias.com\\\/magazine365\\\/los-paros-de-controladores-seguiran-este-viernes-en-su-tercera-jornada-tras-una-reunion-con-enaire-sin-acuerdo\\\/#listItem\",\"position\":3,\"name\":\"Los paros de controladores seguir\\u00e1n este viernes en su tercera jornada, tras una reuni\\u00f3n con ENAIRE sin acuerdo\",\"previousItem\":{\"@type\":\"ListItem\",\"@id\":\"https:\\\/\\\/eldigitaldeasturias.com\\\/magazine365\\\/category\\\/actualidad-turismo\\\/#listItem\",\"name\":\"Actualidad Turismo\"}}]},{\"@type\":\"Organization\",\"@id\":\"https:\\\/\\\/eldigitaldeasturias.com\\\/magazine365\\\/#organization\",\"name\":\"El digital de Asturias\",\"description\":\"Revista de ocio, turismo y estilo de vida\",\"url\":\"https:\\\/\\\/eldigitaldeasturias.com\\\/magazine365\\\/\",\"logo\":{\"@type\":\"ImageObject\",\"url\":\"https:\\\/\\\/www.eldigitaldeasturias.com\\\/noticias\\\/wp-content\\\/uploads\\\/2020\\\/12\\\/EDA.jpg\",\"@id\":\"https:\\\/\\\/eldigitaldeasturias.com\\\/magazine365\\\/los-paros-de-controladores-seguiran-este-viernes-en-su-tercera-jornada-tras-una-reunion-con-enaire-sin-acuerdo\\\/#organizationLogo\"},\"image\":{\"@id\":\"https:\\\/\\\/eldigitaldeasturias.com\\\/magazine365\\\/los-paros-de-controladores-seguiran-este-viernes-en-su-tercera-jornada-tras-una-reunion-con-enaire-sin-acuerdo\\\/#organizationLogo\"}},{\"@type\":\"Person\",\"@id\":\"https:\\\/\\\/eldigitaldeasturias.com\\\/magazine365\\\/author\\\/admin\\\/#author\",\"url\":\"https:\\\/\\\/eldigitaldeasturias.com\\\/magazine365\\\/author\\\/admin\\\/\",\"name\":\"admin\",\"image\":{\"@type\":\"ImageObject\",\"@id\":\"https:\\\/\\\/eldigitaldeasturias.com\\\/magazine365\\\/los-paros-de-controladores-seguiran-este-viernes-en-su-tercera-jornada-tras-una-reunion-con-enaire-sin-acuerdo\\\/#authorImage\",\"url\":\"https:\\\/\\\/eldigitaldeasturias.com\\\/magazine365\\\/wp-content\\\/litespeed\\\/avatar\\\/e571bcf59a0edd6fa6838245a470f2fe.jpg?ver=1776969259\",\"width\":96,\"height\":96,\"caption\":\"admin\"}},{\"@type\":\"WebPage\",\"@id\":\"https:\\\/\\\/eldigitaldeasturias.com\\\/magazine365\\\/los-paros-de-controladores-seguiran-este-viernes-en-su-tercera-jornada-tras-una-reunion-con-enaire-sin-acuerdo\\\/#webpage\",\"url\":\"https:\\\/\\\/eldigitaldeasturias.com\\\/magazine365\\\/los-paros-de-controladores-seguiran-este-viernes-en-su-tercera-jornada-tras-una-reunion-con-enaire-sin-acuerdo\\\/\",\"name\":\"Los paros de controladores seguir\\u00e1n este viernes en su tercera jornada, tras una reuni\\u00f3n con ENAIRE sin acuerdo | El Digital de Asturias\",\"description\":\"Los controladores a\\u00e9reos continuar\\u00e1n este viernes con sus paros parciales (de 10.00 a 12.00 horas y de 18.00 a 20.00 horas), en la que ser\\u00e1 la tercera jornada de la huelga convocada por el sindicato mayoritario USCA, despu\\u00e9s de la reuni\\u00f3n que ambas partes han mantenido el jueves y que se ha cerrado sin \\\"ning\\u00fan\",\"inLanguage\":\"es-ES\",\"isPartOf\":{\"@id\":\"https:\\\/\\\/eldigitaldeasturias.com\\\/magazine365\\\/#website\"},\"breadcrumb\":{\"@id\":\"https:\\\/\\\/eldigitaldeasturias.com\\\/magazine365\\\/los-paros-de-controladores-seguiran-este-viernes-en-su-tercera-jornada-tras-una-reunion-con-enaire-sin-acuerdo\\\/#breadcrumblist\"},\"author\":{\"@id\":\"https:\\\/\\\/eldigitaldeasturias.com\\\/magazine365\\\/author\\\/admin\\\/#author\"},\"creator\":{\"@id\":\"https:\\\/\\\/eldigitaldeasturias.com\\\/magazine365\\\/author\\\/admin\\\/#author\"},\"image\":{\"@type\":\"ImageObject\",\"url\":\"https:\\\/\\\/eldigitaldeasturias.com\\\/magazine365\\\/wp-content\\\/uploads\\\/2015\\\/04\\\/aeropuerto-asturias.jpg\",\"@id\":\"https:\\\/\\\/eldigitaldeasturias.com\\\/magazine365\\\/los-paros-de-controladores-seguiran-este-viernes-en-su-tercera-jornada-tras-una-reunion-con-enaire-sin-acuerdo\\\/#mainImage\",\"width\":800,\"height\":536},\"primaryImageOfPage\":{\"@id\":\"https:\\\/\\\/eldigitaldeasturias.com\\\/magazine365\\\/los-paros-de-controladores-seguiran-este-viernes-en-su-tercera-jornada-tras-una-reunion-con-enaire-sin-acuerdo\\\/#mainImage\"},\"datePublished\":\"2015-06-12T19:14:29+02:00\",\"dateModified\":\"2015-06-12T19:14:29+02:00\"},{\"@type\":\"WebSite\",\"@id\":\"https:\\\/\\\/eldigitaldeasturias.com\\\/magazine365\\\/#website\",\"url\":\"https:\\\/\\\/eldigitaldeasturias.com\\\/magazine365\\\/\",\"name\":\"El Digital de Asturias\",\"description\":\"Revista de ocio, turismo y estilo de vida\",\"inLanguage\":\"es-ES\",\"publisher\":{\"@id\":\"https:\\\/\\\/eldigitaldeasturias.com\\\/magazine365\\\/#organization\"}}]}\n\t\t<\/script>\n\t\t<!-- All in One SEO Pro -->\r\n\t\t<title>Los paros de controladores seguir\u00e1n este viernes en su tercera jornada, tras una reuni\u00f3n con ENAIRE sin acuerdo | El Digital de Asturias<\/title>\n\n","aioseo_head_json":{"title":"Los paros de controladores seguir\u00e1n este viernes en su tercera jornada, tras una reuni\u00f3n con ENAIRE sin acuerdo | El Digital de Asturias","description":"Los controladores a\u00e9reos continuar\u00e1n este viernes con sus paros parciales (de 10.00 a 12.00 horas y de 18.00 a 20.00 horas), en la que ser\u00e1 la tercera jornada de la huelga convocada por el sindicato mayoritario USCA, despu\u00e9s de la reuni\u00f3n que ambas partes han mantenido el jueves y que se ha cerrado sin \"ning\u00fan","canonical_url":"https:\/\/eldigitaldeasturias.com\/magazine365\/los-paros-de-controladores-seguiran-este-viernes-en-su-tercera-jornada-tras-una-reunion-con-enaire-sin-acuerdo\/","robots":"max-image-preview:large","keywords":"actualidad turismo","webmasterTools":{"google-site-verification":"UA-38556648-1","miscellaneous":""},"schema":{"@context":"https:\/\/schema.org","@graph":[{"@type":"Article","@id":"https:\/\/eldigitaldeasturias.com\/magazine365\/los-paros-de-controladores-seguiran-este-viernes-en-su-tercera-jornada-tras-una-reunion-con-enaire-sin-acuerdo\/#article","name":"Los paros de controladores seguir\u00e1n este viernes en su tercera jornada, tras una reuni\u00f3n con ENAIRE sin acuerdo | El Digital de Asturias","headline":"Los paros de controladores seguir\u00e1n este viernes en su tercera jornada, tras una reuni\u00f3n con ENAIRE sin acuerdo","author":{"@id":"https:\/\/eldigitaldeasturias.com\/magazine365\/author\/admin\/#author"},"publisher":{"@id":"https:\/\/eldigitaldeasturias.com\/magazine365\/#organization"},"image":{"@type":"ImageObject","url":"https:\/\/eldigitaldeasturias.com\/magazine365\/wp-content\/uploads\/2015\/04\/aeropuerto-asturias.jpg","width":800,"height":536},"datePublished":"2015-06-12T19:14:29+02:00","dateModified":"2015-06-12T19:14:29+02:00","inLanguage":"es-ES","mainEntityOfPage":{"@id":"https:\/\/eldigitaldeasturias.com\/magazine365\/los-paros-de-controladores-seguiran-este-viernes-en-su-tercera-jornada-tras-una-reunion-con-enaire-sin-acuerdo\/#webpage"},"isPartOf":{"@id":"https:\/\/eldigitaldeasturias.com\/magazine365\/los-paros-de-controladores-seguiran-este-viernes-en-su-tercera-jornada-tras-una-reunion-con-enaire-sin-acuerdo\/#webpage"},"articleSection":"Actualidad Turismo"},{"@type":"BreadcrumbList","@id":"https:\/\/eldigitaldeasturias.com\/magazine365\/los-paros-de-controladores-seguiran-este-viernes-en-su-tercera-jornada-tras-una-reunion-con-enaire-sin-acuerdo\/#breadcrumblist","itemListElement":[{"@type":"ListItem","@id":"https:\/\/eldigitaldeasturias.com\/magazine365#listItem","position":1,"name":"Home","item":"https:\/\/eldigitaldeasturias.com\/magazine365","nextItem":{"@type":"ListItem","@id":"https:\/\/eldigitaldeasturias.com\/magazine365\/category\/actualidad-turismo\/#listItem","name":"Actualidad Turismo"}},{"@type":"ListItem","@id":"https:\/\/eldigitaldeasturias.com\/magazine365\/category\/actualidad-turismo\/#listItem","position":2,"name":"Actualidad Turismo","item":"https:\/\/eldigitaldeasturias.com\/magazine365\/category\/actualidad-turismo\/","nextItem":{"@type":"ListItem","@id":"https:\/\/eldigitaldeasturias.com\/magazine365\/los-paros-de-controladores-seguiran-este-viernes-en-su-tercera-jornada-tras-una-reunion-con-enaire-sin-acuerdo\/#listItem","name":"Los paros de controladores seguir\u00e1n este viernes en su tercera jornada, tras una reuni\u00f3n con ENAIRE sin acuerdo"},"previousItem":{"@type":"ListItem","@id":"https:\/\/eldigitaldeasturias.com\/magazine365#listItem","name":"Home"}},{"@type":"ListItem","@id":"https:\/\/eldigitaldeasturias.com\/magazine365\/los-paros-de-controladores-seguiran-este-viernes-en-su-tercera-jornada-tras-una-reunion-con-enaire-sin-acuerdo\/#listItem","position":3,"name":"Los paros de controladores seguir\u00e1n este viernes en su tercera jornada, tras una reuni\u00f3n con ENAIRE sin acuerdo","previousItem":{"@type":"ListItem","@id":"https:\/\/eldigitaldeasturias.com\/magazine365\/category\/actualidad-turismo\/#listItem","name":"Actualidad Turismo"}}]},{"@type":"Organization","@id":"https:\/\/eldigitaldeasturias.com\/magazine365\/#organization","name":"El digital de Asturias","description":"Revista de ocio, turismo y estilo de vida","url":"https:\/\/eldigitaldeasturias.com\/magazine365\/","logo":{"@type":"ImageObject","url":"https:\/\/www.eldigitaldeasturias.com\/noticias\/wp-content\/uploads\/2020\/12\/EDA.jpg","@id":"https:\/\/eldigitaldeasturias.com\/magazine365\/los-paros-de-controladores-seguiran-este-viernes-en-su-tercera-jornada-tras-una-reunion-con-enaire-sin-acuerdo\/#organizationLogo"},"image":{"@id":"https:\/\/eldigitaldeasturias.com\/magazine365\/los-paros-de-controladores-seguiran-este-viernes-en-su-tercera-jornada-tras-una-reunion-con-enaire-sin-acuerdo\/#organizationLogo"}},{"@type":"Person","@id":"https:\/\/eldigitaldeasturias.com\/magazine365\/author\/admin\/#author","url":"https:\/\/eldigitaldeasturias.com\/magazine365\/author\/admin\/","name":"admin","image":{"@type":"ImageObject","@id":"https:\/\/eldigitaldeasturias.com\/magazine365\/los-paros-de-controladores-seguiran-este-viernes-en-su-tercera-jornada-tras-una-reunion-con-enaire-sin-acuerdo\/#authorImage","url":"https:\/\/eldigitaldeasturias.com\/magazine365\/wp-content\/litespeed\/avatar\/e571bcf59a0edd6fa6838245a470f2fe.jpg?ver=1776969259","width":96,"height":96,"caption":"admin"}},{"@type":"WebPage","@id":"https:\/\/eldigitaldeasturias.com\/magazine365\/los-paros-de-controladores-seguiran-este-viernes-en-su-tercera-jornada-tras-una-reunion-con-enaire-sin-acuerdo\/#webpage","url":"https:\/\/eldigitaldeasturias.com\/magazine365\/los-paros-de-controladores-seguiran-este-viernes-en-su-tercera-jornada-tras-una-reunion-con-enaire-sin-acuerdo\/","name":"Los paros de controladores seguir\u00e1n este viernes en su tercera jornada, tras una reuni\u00f3n con ENAIRE sin acuerdo | El Digital de Asturias","description":"Los controladores a\u00e9reos continuar\u00e1n este viernes con sus paros parciales (de 10.00 a 12.00 horas y de 18.00 a 20.00 horas), en la que ser\u00e1 la tercera jornada de la huelga convocada por el sindicato mayoritario USCA, despu\u00e9s de la reuni\u00f3n que ambas partes han mantenido el jueves y que se ha cerrado sin \"ning\u00fan","inLanguage":"es-ES","isPartOf":{"@id":"https:\/\/eldigitaldeasturias.com\/magazine365\/#website"},"breadcrumb":{"@id":"https:\/\/eldigitaldeasturias.com\/magazine365\/los-paros-de-controladores-seguiran-este-viernes-en-su-tercera-jornada-tras-una-reunion-con-enaire-sin-acuerdo\/#breadcrumblist"},"author":{"@id":"https:\/\/eldigitaldeasturias.com\/magazine365\/author\/admin\/#author"},"creator":{"@id":"https:\/\/eldigitaldeasturias.com\/magazine365\/author\/admin\/#author"},"image":{"@type":"ImageObject","url":"https:\/\/eldigitaldeasturias.com\/magazine365\/wp-content\/uploads\/2015\/04\/aeropuerto-asturias.jpg","@id":"https:\/\/eldigitaldeasturias.com\/magazine365\/los-paros-de-controladores-seguiran-este-viernes-en-su-tercera-jornada-tras-una-reunion-con-enaire-sin-acuerdo\/#mainImage","width":800,"height":536},"primaryImageOfPage":{"@id":"https:\/\/eldigitaldeasturias.com\/magazine365\/los-paros-de-controladores-seguiran-este-viernes-en-su-tercera-jornada-tras-una-reunion-con-enaire-sin-acuerdo\/#mainImage"},"datePublished":"2015-06-12T19:14:29+02:00","dateModified":"2015-06-12T19:14:29+02:00"},{"@type":"WebSite","@id":"https:\/\/eldigitaldeasturias.com\/magazine365\/#website","url":"https:\/\/eldigitaldeasturias.com\/magazine365\/","name":"El Digital de Asturias","description":"Revista de ocio, turismo y estilo de vida","inLanguage":"es-ES","publisher":{"@id":"https:\/\/eldigitaldeasturias.com\/magazine365\/#organization"}}]},"og:locale":"es_ES","og:site_name":"El Digital de Asturias \u2013 Revista de ocio, turismo y estilo de vida","og:type":"article","og:title":"Los paros de controladores seguir\u00e1n este viernes en su tercera jornada, tras una reuni\u00f3n con ENAIRE sin acuerdo | El Digital de Asturias","og:description":"Los controladores a\u00e9reos continuar\u00e1n este viernes con sus paros parciales (de 10.00 a 12.00 horas y de 18.00 a 20.00 horas), en la que ser\u00e1 la tercera jornada de la huelga convocada por el sindicato mayoritario USCA, despu\u00e9s de la reuni\u00f3n que ambas partes han mantenido el jueves y que se ha cerrado sin &quot;ning\u00fan","og:url":"https:\/\/eldigitaldeasturias.com\/magazine365\/los-paros-de-controladores-seguiran-este-viernes-en-su-tercera-jornada-tras-una-reunion-con-enaire-sin-acuerdo\/","og:image":"https:\/\/eldigitaldeasturias.com\/magazine365\/wp-content\/uploads\/2015\/04\/aeropuerto-asturias.jpg","og:image:secure_url":"https:\/\/eldigitaldeasturias.com\/magazine365\/wp-content\/uploads\/2015\/04\/aeropuerto-asturias.jpg","og:image:width":800,"og:image:height":536,"article:published_time":"2015-06-12T17:44:29+00:00","article:modified_time":"2015-06-12T17:44:29+00:00","twitter:card":"summary_large_image","twitter:title":"Los paros de controladores seguir\u00e1n este viernes en su tercera jornada, tras una reuni\u00f3n con ENAIRE sin acuerdo | El Digital de Asturias","twitter:description":"Los controladores a\u00e9reos continuar\u00e1n este viernes con sus paros parciales (de 10.00 a 12.00 horas y de 18.00 a 20.00 horas), en la que ser\u00e1 la tercera jornada de la huelga convocada por el sindicato mayoritario USCA, despu\u00e9s de la reuni\u00f3n que ambas partes han mantenido el jueves y que se ha cerrado sin &quot;ning\u00fan","twitter:image":"https:\/\/eldigitaldeasturias.com\/magazine365\/wp-content\/uploads\/2015\/04\/aeropuerto-asturias.jpg"},"aioseo_meta_data":{"post_id":"39678","title":null,"description":null,"keywords":null,"keyphrases":null,"primary_term":null,"canonical_url":null,"og_title":null,"og_description":null,"og_object_type":"default","og_image_type":"default","og_image_url":null,"og_image_width":null,"og_image_height":null,"og_image_custom_url":null,"og_image_custom_fields":null,"og_video":null,"og_custom_url":null,"og_article_section":null,"og_article_tags":null,"twitter_use_og":false,"twitter_card":"default","twitter_image_type":"default","twitter_image_url":null,"twitter_image_custom_url":null,"twitter_image_custom_fields":null,"twitter_title":null,"twitter_description":null,"schema":{"blockGraphs":[],"customGraphs":[],"default":{"data":{"Article":[],"Course":[],"Dataset":[],"FAQPage":[],"Movie":[],"Person":[],"Product":[],"ProductReview":[],"Car":[],"Recipe":[],"Service":[],"SoftwareApplication":[],"WebPage":[]},"graphName":"","isEnabled":true},"graphs":[],"defaultGraph":"","defaultPostTypeGraph":""},"schema_type":null,"schema_type_options":null,"pillar_content":false,"robots_default":true,"robots_noindex":false,"robots_noarchive":false,"robots_nosnippet":false,"robots_nofollow":false,"robots_noimageindex":false,"robots_noodp":false,"robots_notranslate":false,"robots_max_snippet":null,"robots_max_videopreview":null,"robots_max_imagepreview":"large","priority":null,"frequency":null,"location":null,"local_seo":null,"seo_analyzer_scan_date":"2025-09-19 12:06:00","breadcrumb_settings":null,"limit_modified_date":false,"open_ai":null,"ai":null,"created":"2021-03-09 02:38:52","updated":"2025-09-19 12:06:00"},"aioseo_breadcrumb":"<div class=\"aioseo-breadcrumbs\"><span class=\"aioseo-breadcrumb\">\n\t<a href=\"https:\/\/eldigitaldeasturias.com\/magazine365\" title=\"Home\">Home<\/a>\n<\/span><span class=\"aioseo-breadcrumb-separator\">\u2013<\/span><span class=\"aioseo-breadcrumb\">\n\t<a href=\"https:\/\/eldigitaldeasturias.com\/magazine365\/category\/actualidad-turismo\/\" title=\"Actualidad Turismo\">Actualidad Turismo<\/a>\n<\/span><span class=\"aioseo-breadcrumb-separator\">\u2013<\/span><span class=\"aioseo-breadcrumb\">\n\t<a href=\"https:\/\/eldigitaldeasturias.com\/magazine365\/los-paros-de-controladores-seguiran-este-viernes-en-su-tercera-jornada-tras-una-reunion-con-enaire-sin-acuerdo\/\" title=\"Los paros de controladores seguir\u00e1n este viernes en su tercera jornada, tras una reuni\u00f3n con ENAIRE sin acuerdo\">Los paros de controladores seguir\u00e1n este viernes en su tercera jornada, tras una reuni\u00f3n con ENAIRE sin acuerdo<\/a>\n<\/span><\/div>","aioseo_breadcrumb_json":[{"label":"Home","link":"https:\/\/eldigitaldeasturias.com\/magazine365"},{"label":"Actualidad Turismo","link":"https:\/\/eldigitaldeasturias.com\/magazine365\/category\/actualidad-turismo\/"},{"label":"Los paros de controladores seguir\u00e1n este viernes en su tercera jornada, tras una reuni\u00f3n con ENAIRE sin acuerdo","link":"https:\/\/eldigitaldeasturias.com\/magazine365\/los-paros-de-controladores-seguiran-este-viernes-en-su-tercera-jornada-tras-una-reunion-con-enaire-sin-acuerdo\/"}],"_links":{"self":[{"href":"https:\/\/eldigitaldeasturias.com\/magazine365\/wp-json\/wp\/v2\/posts\/39678","targetHints":{"allow":["GET"]}}],"collection":[{"href":"https:\/\/eldigitaldeasturias.com\/magazine365\/wp-json\/wp\/v2\/posts"}],"about":[{"href":"https:\/\/eldigitaldeasturias.com\/magazine365\/wp-json\/wp\/v2\/types\/post"}],"author":[{"embeddable":true,"href":"https:\/\/eldigitaldeasturias.com\/magazine365\/wp-json\/wp\/v2\/users\/1"}],"replies":[{"embeddable":true,"href":"https:\/\/eldigitaldeasturias.com\/magazine365\/wp-json\/wp\/v2\/comments?post=39678"}],"version-history":[{"count":0,"href":"https:\/\/eldigitaldeasturias.com\/magazine365\/wp-json\/wp\/v2\/posts\/39678\/revisions"}],"wp:featuredmedia":[{"embeddable":true,"href":"https:\/\/eldigitaldeasturias.com\/magazine365\/wp-json\/wp\/v2\/media\/37611"}],"wp:attachment":[{"href":"https:\/\/eldigitaldeasturias.com\/magazine365\/wp-json\/wp\/v2\/media?parent=39678"}],"wp:term":[{"taxonomy":"category","embeddable":true,"href":"https:\/\/eldigitaldeasturias.com\/magazine365\/wp-json\/wp\/v2\/categories?post=39678"},{"taxonomy":"post_tag","embeddable":true,"href":"https:\/\/eldigitaldeasturias.com\/magazine365\/wp-json\/wp\/v2\/tags?post=39678"}],"curies":[{"name":"wp","href":"https:\/\/api.w.org\/{rel}","templated":true}]}}