{"id":39674,"date":"2015-06-12T01:57:49","date_gmt":"2015-06-12T00:27:49","guid":{"rendered":"http:\/\/eldigitaldeasturias.com\/magazine365\/?p=39674"},"modified":"2015-06-12T01:57:49","modified_gmt":"2015-06-12T00:27:49","slug":"delta-nombra-a-nathaniel-pieper-nuevo-vicepresidente-para-europa-oriente-medio-y-africa","status":"publish","type":"post","link":"https:\/\/eldigitaldeasturias.com\/magazine365\/delta-nombra-a-nathaniel-pieper-nuevo-vicepresidente-para-europa-oriente-medio-y-africa\/","title":{"rendered":"Delta nombra a Nathaniel Pieper nuevo vicepresidente para Europa, Oriente Medio y \u00c1frica"},"content":{"rendered":"<p><img fetchpriority=\"high\" decoding=\"async\" class=\"alignleft size-medium wp-image-39675\" src=\"https:\/\/eldigitaldeasturias.com\/magazine365\/wp-content\/uploads\/2015\/06\/fotonoticia_20150611203432_800-360x254.jpg\" alt=\"fotonoticia_20150611203432_800\" width=\"360\" height=\"254\" srcset=\"https:\/\/eldigitaldeasturias.com\/magazine365\/wp-content\/uploads\/2015\/06\/fotonoticia_20150611203432_800-360x254.jpg 360w, https:\/\/eldigitaldeasturias.com\/magazine365\/wp-content\/uploads\/2015\/06\/fotonoticia_20150611203432_800-650x458.jpg 650w, https:\/\/eldigitaldeasturias.com\/magazine365\/wp-content\/uploads\/2015\/06\/fotonoticia_20150611203432_800-768x541.jpg 768w, https:\/\/eldigitaldeasturias.com\/magazine365\/wp-content\/uploads\/2015\/06\/fotonoticia_20150611203432_800-150x106.jpg 150w, https:\/\/eldigitaldeasturias.com\/magazine365\/wp-content\/uploads\/2015\/06\/fotonoticia_20150611203432_800-450x317.jpg 450w, https:\/\/eldigitaldeasturias.com\/magazine365\/wp-content\/uploads\/2015\/06\/fotonoticia_20150611203432_800-100x70.jpg 100w, https:\/\/eldigitaldeasturias.com\/magazine365\/wp-content\/uploads\/2015\/06\/fotonoticia_20150611203432_800-696x491.jpg 696w, https:\/\/eldigitaldeasturias.com\/magazine365\/wp-content\/uploads\/2015\/06\/fotonoticia_20150611203432_800-596x420.jpg 596w, https:\/\/eldigitaldeasturias.com\/magazine365\/wp-content\/uploads\/2015\/06\/fotonoticia_20150611203432_800.jpg 800w\" sizes=\"(max-width: 360px) 100vw, 360px\" \/>Delta Air Lines ha nombrado a Nathaniel Pieper nuevo vicepresidente s\u00e9nior para Europa, Oriente Medio y \u00c1frica, cargo que ejercer\u00e1 a partir de agosto de este a\u00f1o, seg\u00fan ha informado la aerol\u00ednea en un comunicado.<\/p>\n<p>Pieper reemplazar\u00e1 a Perry Cantarutti y ser\u00e1 el encargado de las actividades comerciales de Delta en Europa, Oriente Medio y \u00c1frica, incluyendo la responsabilidad de maximizar las oportunidades de crecimiento a largo plazo para la &#8216;joint venture&#8217; de Delta con Air France-KLM y Alitalia, as\u00ed como el acuerdo con Virgin Atlantic Airways.<\/p>\n<p>El nuevo vicepresidente cuenta con 18 a\u00f1os de experiencia en la industria de la aviaci\u00f3n. Fue anteriormente vicepresidente de estrategia y operaciones de flota de Delta, responsable de la estrategia, el an\u00e1lisis, la compra, disposici\u00f3n e inversi\u00f3n en la flota principal y regional de la aerol\u00ednea.<\/p>\n","protected":false},"excerpt":{"rendered":"<p>Delta Air Lines ha nombrado a Nathaniel Pieper nuevo vicepresidente s\u00e9nior para Europa, Oriente Medio y \u00c1frica, cargo que ejercer\u00e1 a partir de agosto de este a\u00f1o, seg\u00fan ha informado la aerol\u00ednea en un comunicado. Pieper reemplazar\u00e1 a Perry Cantarutti y ser\u00e1 el encargado de las actividades comerciales de Delta en Europa, Oriente Medio y<\/p>\n","protected":false},"author":1,"featured_media":39675,"comment_status":"open","ping_status":"closed","sticky":false,"template":"","format":"standard","meta":{"footnotes":""},"categories":[222],"tags":[],"class_list":{"0":"post-39674","1":"post","2":"type-post","3":"status-publish","4":"format-standard","5":"has-post-thumbnail","7":"category-actualidad-turismo"},"aioseo_notices":[],"aioseo_head":"\n\t\t<!-- All in One SEO Pro 4.9.6.1 - aioseo.com -->\n\t<meta name=\"description\" content=\"Delta Air Lines ha nombrado a Nathaniel Pieper nuevo vicepresidente s\u00e9nior para Europa, Oriente Medio y \u00c1frica, cargo que ejercer\u00e1 a partir de agosto de este a\u00f1o, seg\u00fan ha informado la aerol\u00ednea en un comunicado. Pieper reemplazar\u00e1 a Perry Cantarutti y ser\u00e1 el encargado de las actividades comerciales de Delta en Europa, Oriente Medio y\" \/>\n\t<meta name=\"robots\" content=\"max-image-preview:large\" \/>\n\t<meta name=\"author\" content=\"admin\"\/>\n\t<meta name=\"google-site-verification\" content=\"UA-38556648-1\" \/>\n\t<meta name=\"keywords\" content=\"actualidad turismo\" \/>\n\t<link rel=\"canonical\" href=\"https:\/\/eldigitaldeasturias.com\/magazine365\/delta-nombra-a-nathaniel-pieper-nuevo-vicepresidente-para-europa-oriente-medio-y-africa\/\" \/>\n\t<meta name=\"generator\" content=\"All in One SEO Pro (AIOSEO) 4.9.6.1\" \/>\n\t\t<meta property=\"og:locale\" content=\"es_ES\" \/>\n\t\t<meta property=\"og:site_name\" content=\"El Digital de Asturias \u2013 Revista de ocio, turismo y estilo de vida\" \/>\n\t\t<meta property=\"og:type\" content=\"article\" \/>\n\t\t<meta property=\"og:title\" content=\"Delta nombra a Nathaniel Pieper nuevo vicepresidente para Europa, Oriente Medio y \u00c1frica | El Digital de Asturias\" \/>\n\t\t<meta property=\"og:description\" content=\"Delta Air Lines ha nombrado a Nathaniel Pieper nuevo vicepresidente s\u00e9nior para Europa, Oriente Medio y \u00c1frica, cargo que ejercer\u00e1 a partir de agosto de este a\u00f1o, seg\u00fan ha informado la aerol\u00ednea en un comunicado. Pieper reemplazar\u00e1 a Perry Cantarutti y ser\u00e1 el encargado de las actividades comerciales de Delta en Europa, Oriente Medio y\" \/>\n\t\t<meta property=\"og:url\" content=\"https:\/\/eldigitaldeasturias.com\/magazine365\/delta-nombra-a-nathaniel-pieper-nuevo-vicepresidente-para-europa-oriente-medio-y-africa\/\" \/>\n\t\t<meta property=\"og:image\" content=\"https:\/\/eldigitaldeasturias.com\/magazine365\/wp-content\/uploads\/2015\/06\/fotonoticia_20150611203432_800.jpg\" \/>\n\t\t<meta property=\"og:image:secure_url\" content=\"https:\/\/eldigitaldeasturias.com\/magazine365\/wp-content\/uploads\/2015\/06\/fotonoticia_20150611203432_800.jpg\" \/>\n\t\t<meta property=\"og:image:width\" content=\"800\" \/>\n\t\t<meta property=\"og:image:height\" content=\"564\" \/>\n\t\t<meta property=\"article:published_time\" content=\"2015-06-12T00:27:49+00:00\" \/>\n\t\t<meta property=\"article:modified_time\" content=\"2015-06-12T00:27:49+00:00\" \/>\n\t\t<meta name=\"twitter:card\" content=\"summary_large_image\" \/>\n\t\t<meta name=\"twitter:title\" content=\"Delta nombra a Nathaniel Pieper nuevo vicepresidente para Europa, Oriente Medio y \u00c1frica | El Digital de Asturias\" \/>\n\t\t<meta name=\"twitter:description\" content=\"Delta Air Lines ha nombrado a Nathaniel Pieper nuevo vicepresidente s\u00e9nior para Europa, Oriente Medio y \u00c1frica, cargo que ejercer\u00e1 a partir de agosto de este a\u00f1o, seg\u00fan ha informado la aerol\u00ednea en un comunicado. Pieper reemplazar\u00e1 a Perry Cantarutti y ser\u00e1 el encargado de las actividades comerciales de Delta en Europa, Oriente Medio y\" \/>\n\t\t<meta name=\"twitter:image\" content=\"https:\/\/eldigitaldeasturias.com\/magazine365\/wp-content\/uploads\/2015\/06\/fotonoticia_20150611203432_800.jpg\" \/>\n\t\t<script type=\"application\/ld+json\" class=\"aioseo-schema\">\n\t\t\t{\"@context\":\"https:\\\/\\\/schema.org\",\"@graph\":[{\"@type\":\"Article\",\"@id\":\"https:\\\/\\\/eldigitaldeasturias.com\\\/magazine365\\\/delta-nombra-a-nathaniel-pieper-nuevo-vicepresidente-para-europa-oriente-medio-y-africa\\\/#article\",\"name\":\"Delta nombra a Nathaniel Pieper nuevo vicepresidente para Europa, Oriente Medio y \\u00c1frica | El Digital de Asturias\",\"headline\":\"Delta nombra a Nathaniel Pieper nuevo vicepresidente para Europa, Oriente Medio y \\u00c1frica\",\"author\":{\"@id\":\"https:\\\/\\\/eldigitaldeasturias.com\\\/magazine365\\\/author\\\/admin\\\/#author\"},\"publisher\":{\"@id\":\"https:\\\/\\\/eldigitaldeasturias.com\\\/magazine365\\\/#organization\"},\"image\":{\"@type\":\"ImageObject\",\"url\":\"https:\\\/\\\/eldigitaldeasturias.com\\\/magazine365\\\/wp-content\\\/uploads\\\/2015\\\/06\\\/fotonoticia_20150611203432_800.jpg\",\"width\":800,\"height\":564},\"datePublished\":\"2015-06-12T01:57:49+02:00\",\"dateModified\":\"2015-06-12T01:57:49+02:00\",\"inLanguage\":\"es-ES\",\"mainEntityOfPage\":{\"@id\":\"https:\\\/\\\/eldigitaldeasturias.com\\\/magazine365\\\/delta-nombra-a-nathaniel-pieper-nuevo-vicepresidente-para-europa-oriente-medio-y-africa\\\/#webpage\"},\"isPartOf\":{\"@id\":\"https:\\\/\\\/eldigitaldeasturias.com\\\/magazine365\\\/delta-nombra-a-nathaniel-pieper-nuevo-vicepresidente-para-europa-oriente-medio-y-africa\\\/#webpage\"},\"articleSection\":\"Actualidad Turismo\"},{\"@type\":\"BreadcrumbList\",\"@id\":\"https:\\\/\\\/eldigitaldeasturias.com\\\/magazine365\\\/delta-nombra-a-nathaniel-pieper-nuevo-vicepresidente-para-europa-oriente-medio-y-africa\\\/#breadcrumblist\",\"itemListElement\":[{\"@type\":\"ListItem\",\"@id\":\"https:\\\/\\\/eldigitaldeasturias.com\\\/magazine365#listItem\",\"position\":1,\"name\":\"Home\",\"item\":\"https:\\\/\\\/eldigitaldeasturias.com\\\/magazine365\",\"nextItem\":{\"@type\":\"ListItem\",\"@id\":\"https:\\\/\\\/eldigitaldeasturias.com\\\/magazine365\\\/category\\\/actualidad-turismo\\\/#listItem\",\"name\":\"Actualidad Turismo\"}},{\"@type\":\"ListItem\",\"@id\":\"https:\\\/\\\/eldigitaldeasturias.com\\\/magazine365\\\/category\\\/actualidad-turismo\\\/#listItem\",\"position\":2,\"name\":\"Actualidad Turismo\",\"item\":\"https:\\\/\\\/eldigitaldeasturias.com\\\/magazine365\\\/category\\\/actualidad-turismo\\\/\",\"nextItem\":{\"@type\":\"ListItem\",\"@id\":\"https:\\\/\\\/eldigitaldeasturias.com\\\/magazine365\\\/delta-nombra-a-nathaniel-pieper-nuevo-vicepresidente-para-europa-oriente-medio-y-africa\\\/#listItem\",\"name\":\"Delta nombra a Nathaniel Pieper nuevo vicepresidente para Europa, Oriente Medio y \\u00c1frica\"},\"previousItem\":{\"@type\":\"ListItem\",\"@id\":\"https:\\\/\\\/eldigitaldeasturias.com\\\/magazine365#listItem\",\"name\":\"Home\"}},{\"@type\":\"ListItem\",\"@id\":\"https:\\\/\\\/eldigitaldeasturias.com\\\/magazine365\\\/delta-nombra-a-nathaniel-pieper-nuevo-vicepresidente-para-europa-oriente-medio-y-africa\\\/#listItem\",\"position\":3,\"name\":\"Delta nombra a Nathaniel Pieper nuevo vicepresidente para Europa, Oriente Medio y \\u00c1frica\",\"previousItem\":{\"@type\":\"ListItem\",\"@id\":\"https:\\\/\\\/eldigitaldeasturias.com\\\/magazine365\\\/category\\\/actualidad-turismo\\\/#listItem\",\"name\":\"Actualidad Turismo\"}}]},{\"@type\":\"Organization\",\"@id\":\"https:\\\/\\\/eldigitaldeasturias.com\\\/magazine365\\\/#organization\",\"name\":\"El digital de Asturias\",\"description\":\"Revista de ocio, turismo y estilo de vida\",\"url\":\"https:\\\/\\\/eldigitaldeasturias.com\\\/magazine365\\\/\",\"logo\":{\"@type\":\"ImageObject\",\"url\":\"https:\\\/\\\/www.eldigitaldeasturias.com\\\/noticias\\\/wp-content\\\/uploads\\\/2020\\\/12\\\/EDA.jpg\",\"@id\":\"https:\\\/\\\/eldigitaldeasturias.com\\\/magazine365\\\/delta-nombra-a-nathaniel-pieper-nuevo-vicepresidente-para-europa-oriente-medio-y-africa\\\/#organizationLogo\"},\"image\":{\"@id\":\"https:\\\/\\\/eldigitaldeasturias.com\\\/magazine365\\\/delta-nombra-a-nathaniel-pieper-nuevo-vicepresidente-para-europa-oriente-medio-y-africa\\\/#organizationLogo\"}},{\"@type\":\"Person\",\"@id\":\"https:\\\/\\\/eldigitaldeasturias.com\\\/magazine365\\\/author\\\/admin\\\/#author\",\"url\":\"https:\\\/\\\/eldigitaldeasturias.com\\\/magazine365\\\/author\\\/admin\\\/\",\"name\":\"admin\",\"image\":{\"@type\":\"ImageObject\",\"@id\":\"https:\\\/\\\/eldigitaldeasturias.com\\\/magazine365\\\/delta-nombra-a-nathaniel-pieper-nuevo-vicepresidente-para-europa-oriente-medio-y-africa\\\/#authorImage\",\"url\":\"https:\\\/\\\/eldigitaldeasturias.com\\\/magazine365\\\/wp-content\\\/litespeed\\\/avatar\\\/e571bcf59a0edd6fa6838245a470f2fe.jpg?ver=1776969259\",\"width\":96,\"height\":96,\"caption\":\"admin\"}},{\"@type\":\"WebPage\",\"@id\":\"https:\\\/\\\/eldigitaldeasturias.com\\\/magazine365\\\/delta-nombra-a-nathaniel-pieper-nuevo-vicepresidente-para-europa-oriente-medio-y-africa\\\/#webpage\",\"url\":\"https:\\\/\\\/eldigitaldeasturias.com\\\/magazine365\\\/delta-nombra-a-nathaniel-pieper-nuevo-vicepresidente-para-europa-oriente-medio-y-africa\\\/\",\"name\":\"Delta nombra a Nathaniel Pieper nuevo vicepresidente para Europa, Oriente Medio y \\u00c1frica | El Digital de Asturias\",\"description\":\"Delta Air Lines ha nombrado a Nathaniel Pieper nuevo vicepresidente s\\u00e9nior para Europa, Oriente Medio y \\u00c1frica, cargo que ejercer\\u00e1 a partir de agosto de este a\\u00f1o, seg\\u00fan ha informado la aerol\\u00ednea en un comunicado. Pieper reemplazar\\u00e1 a Perry Cantarutti y ser\\u00e1 el encargado de las actividades comerciales de Delta en Europa, Oriente Medio y\",\"inLanguage\":\"es-ES\",\"isPartOf\":{\"@id\":\"https:\\\/\\\/eldigitaldeasturias.com\\\/magazine365\\\/#website\"},\"breadcrumb\":{\"@id\":\"https:\\\/\\\/eldigitaldeasturias.com\\\/magazine365\\\/delta-nombra-a-nathaniel-pieper-nuevo-vicepresidente-para-europa-oriente-medio-y-africa\\\/#breadcrumblist\"},\"author\":{\"@id\":\"https:\\\/\\\/eldigitaldeasturias.com\\\/magazine365\\\/author\\\/admin\\\/#author\"},\"creator\":{\"@id\":\"https:\\\/\\\/eldigitaldeasturias.com\\\/magazine365\\\/author\\\/admin\\\/#author\"},\"image\":{\"@type\":\"ImageObject\",\"url\":\"https:\\\/\\\/eldigitaldeasturias.com\\\/magazine365\\\/wp-content\\\/uploads\\\/2015\\\/06\\\/fotonoticia_20150611203432_800.jpg\",\"@id\":\"https:\\\/\\\/eldigitaldeasturias.com\\\/magazine365\\\/delta-nombra-a-nathaniel-pieper-nuevo-vicepresidente-para-europa-oriente-medio-y-africa\\\/#mainImage\",\"width\":800,\"height\":564},\"primaryImageOfPage\":{\"@id\":\"https:\\\/\\\/eldigitaldeasturias.com\\\/magazine365\\\/delta-nombra-a-nathaniel-pieper-nuevo-vicepresidente-para-europa-oriente-medio-y-africa\\\/#mainImage\"},\"datePublished\":\"2015-06-12T01:57:49+02:00\",\"dateModified\":\"2015-06-12T01:57:49+02:00\"},{\"@type\":\"WebSite\",\"@id\":\"https:\\\/\\\/eldigitaldeasturias.com\\\/magazine365\\\/#website\",\"url\":\"https:\\\/\\\/eldigitaldeasturias.com\\\/magazine365\\\/\",\"name\":\"El Digital de Asturias\",\"description\":\"Revista de ocio, turismo y estilo de vida\",\"inLanguage\":\"es-ES\",\"publisher\":{\"@id\":\"https:\\\/\\\/eldigitaldeasturias.com\\\/magazine365\\\/#organization\"}}]}\n\t\t<\/script>\n\t\t<!-- All in One SEO Pro -->\r\n\t\t<title>Delta nombra a Nathaniel Pieper nuevo vicepresidente para Europa, Oriente Medio y \u00c1frica | El Digital de Asturias<\/title>\n\n","aioseo_head_json":{"title":"Delta nombra a Nathaniel Pieper nuevo vicepresidente para Europa, Oriente Medio y \u00c1frica | El Digital de Asturias","description":"Delta Air Lines ha nombrado a Nathaniel Pieper nuevo vicepresidente s\u00e9nior para Europa, Oriente Medio y \u00c1frica, cargo que ejercer\u00e1 a partir de agosto de este a\u00f1o, seg\u00fan ha informado la aerol\u00ednea en un comunicado. Pieper reemplazar\u00e1 a Perry Cantarutti y ser\u00e1 el encargado de las actividades comerciales de Delta en Europa, Oriente Medio y","canonical_url":"https:\/\/eldigitaldeasturias.com\/magazine365\/delta-nombra-a-nathaniel-pieper-nuevo-vicepresidente-para-europa-oriente-medio-y-africa\/","robots":"max-image-preview:large","keywords":"actualidad turismo","webmasterTools":{"google-site-verification":"UA-38556648-1","miscellaneous":""},"schema":{"@context":"https:\/\/schema.org","@graph":[{"@type":"Article","@id":"https:\/\/eldigitaldeasturias.com\/magazine365\/delta-nombra-a-nathaniel-pieper-nuevo-vicepresidente-para-europa-oriente-medio-y-africa\/#article","name":"Delta nombra a Nathaniel Pieper nuevo vicepresidente para Europa, Oriente Medio y \u00c1frica | El Digital de Asturias","headline":"Delta nombra a Nathaniel Pieper nuevo vicepresidente para Europa, Oriente Medio y \u00c1frica","author":{"@id":"https:\/\/eldigitaldeasturias.com\/magazine365\/author\/admin\/#author"},"publisher":{"@id":"https:\/\/eldigitaldeasturias.com\/magazine365\/#organization"},"image":{"@type":"ImageObject","url":"https:\/\/eldigitaldeasturias.com\/magazine365\/wp-content\/uploads\/2015\/06\/fotonoticia_20150611203432_800.jpg","width":800,"height":564},"datePublished":"2015-06-12T01:57:49+02:00","dateModified":"2015-06-12T01:57:49+02:00","inLanguage":"es-ES","mainEntityOfPage":{"@id":"https:\/\/eldigitaldeasturias.com\/magazine365\/delta-nombra-a-nathaniel-pieper-nuevo-vicepresidente-para-europa-oriente-medio-y-africa\/#webpage"},"isPartOf":{"@id":"https:\/\/eldigitaldeasturias.com\/magazine365\/delta-nombra-a-nathaniel-pieper-nuevo-vicepresidente-para-europa-oriente-medio-y-africa\/#webpage"},"articleSection":"Actualidad Turismo"},{"@type":"BreadcrumbList","@id":"https:\/\/eldigitaldeasturias.com\/magazine365\/delta-nombra-a-nathaniel-pieper-nuevo-vicepresidente-para-europa-oriente-medio-y-africa\/#breadcrumblist","itemListElement":[{"@type":"ListItem","@id":"https:\/\/eldigitaldeasturias.com\/magazine365#listItem","position":1,"name":"Home","item":"https:\/\/eldigitaldeasturias.com\/magazine365","nextItem":{"@type":"ListItem","@id":"https:\/\/eldigitaldeasturias.com\/magazine365\/category\/actualidad-turismo\/#listItem","name":"Actualidad Turismo"}},{"@type":"ListItem","@id":"https:\/\/eldigitaldeasturias.com\/magazine365\/category\/actualidad-turismo\/#listItem","position":2,"name":"Actualidad Turismo","item":"https:\/\/eldigitaldeasturias.com\/magazine365\/category\/actualidad-turismo\/","nextItem":{"@type":"ListItem","@id":"https:\/\/eldigitaldeasturias.com\/magazine365\/delta-nombra-a-nathaniel-pieper-nuevo-vicepresidente-para-europa-oriente-medio-y-africa\/#listItem","name":"Delta nombra a Nathaniel Pieper nuevo vicepresidente para Europa, Oriente Medio y \u00c1frica"},"previousItem":{"@type":"ListItem","@id":"https:\/\/eldigitaldeasturias.com\/magazine365#listItem","name":"Home"}},{"@type":"ListItem","@id":"https:\/\/eldigitaldeasturias.com\/magazine365\/delta-nombra-a-nathaniel-pieper-nuevo-vicepresidente-para-europa-oriente-medio-y-africa\/#listItem","position":3,"name":"Delta nombra a Nathaniel Pieper nuevo vicepresidente para Europa, Oriente Medio y \u00c1frica","previousItem":{"@type":"ListItem","@id":"https:\/\/eldigitaldeasturias.com\/magazine365\/category\/actualidad-turismo\/#listItem","name":"Actualidad Turismo"}}]},{"@type":"Organization","@id":"https:\/\/eldigitaldeasturias.com\/magazine365\/#organization","name":"El digital de Asturias","description":"Revista de ocio, turismo y estilo de vida","url":"https:\/\/eldigitaldeasturias.com\/magazine365\/","logo":{"@type":"ImageObject","url":"https:\/\/www.eldigitaldeasturias.com\/noticias\/wp-content\/uploads\/2020\/12\/EDA.jpg","@id":"https:\/\/eldigitaldeasturias.com\/magazine365\/delta-nombra-a-nathaniel-pieper-nuevo-vicepresidente-para-europa-oriente-medio-y-africa\/#organizationLogo"},"image":{"@id":"https:\/\/eldigitaldeasturias.com\/magazine365\/delta-nombra-a-nathaniel-pieper-nuevo-vicepresidente-para-europa-oriente-medio-y-africa\/#organizationLogo"}},{"@type":"Person","@id":"https:\/\/eldigitaldeasturias.com\/magazine365\/author\/admin\/#author","url":"https:\/\/eldigitaldeasturias.com\/magazine365\/author\/admin\/","name":"admin","image":{"@type":"ImageObject","@id":"https:\/\/eldigitaldeasturias.com\/magazine365\/delta-nombra-a-nathaniel-pieper-nuevo-vicepresidente-para-europa-oriente-medio-y-africa\/#authorImage","url":"https:\/\/eldigitaldeasturias.com\/magazine365\/wp-content\/litespeed\/avatar\/e571bcf59a0edd6fa6838245a470f2fe.jpg?ver=1776969259","width":96,"height":96,"caption":"admin"}},{"@type":"WebPage","@id":"https:\/\/eldigitaldeasturias.com\/magazine365\/delta-nombra-a-nathaniel-pieper-nuevo-vicepresidente-para-europa-oriente-medio-y-africa\/#webpage","url":"https:\/\/eldigitaldeasturias.com\/magazine365\/delta-nombra-a-nathaniel-pieper-nuevo-vicepresidente-para-europa-oriente-medio-y-africa\/","name":"Delta nombra a Nathaniel Pieper nuevo vicepresidente para Europa, Oriente Medio y \u00c1frica | El Digital de Asturias","description":"Delta Air Lines ha nombrado a Nathaniel Pieper nuevo vicepresidente s\u00e9nior para Europa, Oriente Medio y \u00c1frica, cargo que ejercer\u00e1 a partir de agosto de este a\u00f1o, seg\u00fan ha informado la aerol\u00ednea en un comunicado. Pieper reemplazar\u00e1 a Perry Cantarutti y ser\u00e1 el encargado de las actividades comerciales de Delta en Europa, Oriente Medio y","inLanguage":"es-ES","isPartOf":{"@id":"https:\/\/eldigitaldeasturias.com\/magazine365\/#website"},"breadcrumb":{"@id":"https:\/\/eldigitaldeasturias.com\/magazine365\/delta-nombra-a-nathaniel-pieper-nuevo-vicepresidente-para-europa-oriente-medio-y-africa\/#breadcrumblist"},"author":{"@id":"https:\/\/eldigitaldeasturias.com\/magazine365\/author\/admin\/#author"},"creator":{"@id":"https:\/\/eldigitaldeasturias.com\/magazine365\/author\/admin\/#author"},"image":{"@type":"ImageObject","url":"https:\/\/eldigitaldeasturias.com\/magazine365\/wp-content\/uploads\/2015\/06\/fotonoticia_20150611203432_800.jpg","@id":"https:\/\/eldigitaldeasturias.com\/magazine365\/delta-nombra-a-nathaniel-pieper-nuevo-vicepresidente-para-europa-oriente-medio-y-africa\/#mainImage","width":800,"height":564},"primaryImageOfPage":{"@id":"https:\/\/eldigitaldeasturias.com\/magazine365\/delta-nombra-a-nathaniel-pieper-nuevo-vicepresidente-para-europa-oriente-medio-y-africa\/#mainImage"},"datePublished":"2015-06-12T01:57:49+02:00","dateModified":"2015-06-12T01:57:49+02:00"},{"@type":"WebSite","@id":"https:\/\/eldigitaldeasturias.com\/magazine365\/#website","url":"https:\/\/eldigitaldeasturias.com\/magazine365\/","name":"El Digital de Asturias","description":"Revista de ocio, turismo y estilo de vida","inLanguage":"es-ES","publisher":{"@id":"https:\/\/eldigitaldeasturias.com\/magazine365\/#organization"}}]},"og:locale":"es_ES","og:site_name":"El Digital de Asturias \u2013 Revista de ocio, turismo y estilo de vida","og:type":"article","og:title":"Delta nombra a Nathaniel Pieper nuevo vicepresidente para Europa, Oriente Medio y \u00c1frica | El Digital de Asturias","og:description":"Delta Air Lines ha nombrado a Nathaniel Pieper nuevo vicepresidente s\u00e9nior para Europa, Oriente Medio y \u00c1frica, cargo que ejercer\u00e1 a partir de agosto de este a\u00f1o, seg\u00fan ha informado la aerol\u00ednea en un comunicado. Pieper reemplazar\u00e1 a Perry Cantarutti y ser\u00e1 el encargado de las actividades comerciales de Delta en Europa, Oriente Medio y","og:url":"https:\/\/eldigitaldeasturias.com\/magazine365\/delta-nombra-a-nathaniel-pieper-nuevo-vicepresidente-para-europa-oriente-medio-y-africa\/","og:image":"https:\/\/eldigitaldeasturias.com\/magazine365\/wp-content\/uploads\/2015\/06\/fotonoticia_20150611203432_800.jpg","og:image:secure_url":"https:\/\/eldigitaldeasturias.com\/magazine365\/wp-content\/uploads\/2015\/06\/fotonoticia_20150611203432_800.jpg","og:image:width":800,"og:image:height":564,"article:published_time":"2015-06-12T00:27:49+00:00","article:modified_time":"2015-06-12T00:27:49+00:00","twitter:card":"summary_large_image","twitter:title":"Delta nombra a Nathaniel Pieper nuevo vicepresidente para Europa, Oriente Medio y \u00c1frica | El Digital de Asturias","twitter:description":"Delta Air Lines ha nombrado a Nathaniel Pieper nuevo vicepresidente s\u00e9nior para Europa, Oriente Medio y \u00c1frica, cargo que ejercer\u00e1 a partir de agosto de este a\u00f1o, seg\u00fan ha informado la aerol\u00ednea en un comunicado. Pieper reemplazar\u00e1 a Perry Cantarutti y ser\u00e1 el encargado de las actividades comerciales de Delta en Europa, Oriente Medio y","twitter:image":"https:\/\/eldigitaldeasturias.com\/magazine365\/wp-content\/uploads\/2015\/06\/fotonoticia_20150611203432_800.jpg"},"aioseo_meta_data":{"post_id":"39674","title":null,"description":null,"keywords":null,"keyphrases":null,"primary_term":null,"canonical_url":null,"og_title":null,"og_description":null,"og_object_type":"default","og_image_type":"default","og_image_url":null,"og_image_width":null,"og_image_height":null,"og_image_custom_url":null,"og_image_custom_fields":null,"og_video":null,"og_custom_url":null,"og_article_section":null,"og_article_tags":null,"twitter_use_og":false,"twitter_card":"default","twitter_image_type":"default","twitter_image_url":null,"twitter_image_custom_url":null,"twitter_image_custom_fields":null,"twitter_title":null,"twitter_description":null,"schema":{"blockGraphs":[],"customGraphs":[],"default":{"data":{"Article":[],"Course":[],"Dataset":[],"FAQPage":[],"Movie":[],"Person":[],"Product":[],"ProductReview":[],"Car":[],"Recipe":[],"Service":[],"SoftwareApplication":[],"WebPage":[]},"graphName":"","isEnabled":true},"graphs":[],"defaultGraph":"","defaultPostTypeGraph":""},"schema_type":null,"schema_type_options":null,"pillar_content":false,"robots_default":true,"robots_noindex":false,"robots_noarchive":false,"robots_nosnippet":false,"robots_nofollow":false,"robots_noimageindex":false,"robots_noodp":false,"robots_notranslate":false,"robots_max_snippet":null,"robots_max_videopreview":null,"robots_max_imagepreview":"large","priority":null,"frequency":null,"location":null,"local_seo":null,"seo_analyzer_scan_date":"2025-09-19 12:05:59","breadcrumb_settings":null,"limit_modified_date":false,"open_ai":null,"ai":null,"created":"2021-03-09 02:38:52","updated":"2025-09-19 12:05:59"},"aioseo_breadcrumb":"<div class=\"aioseo-breadcrumbs\"><span class=\"aioseo-breadcrumb\">\n\t<a href=\"https:\/\/eldigitaldeasturias.com\/magazine365\" title=\"Home\">Home<\/a>\n<\/span><span class=\"aioseo-breadcrumb-separator\">\u2013<\/span><span class=\"aioseo-breadcrumb\">\n\t<a href=\"https:\/\/eldigitaldeasturias.com\/magazine365\/category\/actualidad-turismo\/\" title=\"Actualidad Turismo\">Actualidad Turismo<\/a>\n<\/span><span class=\"aioseo-breadcrumb-separator\">\u2013<\/span><span class=\"aioseo-breadcrumb\">\n\t<a href=\"https:\/\/eldigitaldeasturias.com\/magazine365\/delta-nombra-a-nathaniel-pieper-nuevo-vicepresidente-para-europa-oriente-medio-y-africa\/\" title=\"Delta nombra a Nathaniel Pieper nuevo vicepresidente para Europa, Oriente Medio y \u00c1frica\">Delta nombra a Nathaniel Pieper nuevo vicepresidente para Europa, Oriente Medio y \u00c1frica<\/a>\n<\/span><\/div>","aioseo_breadcrumb_json":[{"label":"Home","link":"https:\/\/eldigitaldeasturias.com\/magazine365"},{"label":"Actualidad Turismo","link":"https:\/\/eldigitaldeasturias.com\/magazine365\/category\/actualidad-turismo\/"},{"label":"Delta nombra a Nathaniel Pieper nuevo vicepresidente para Europa, Oriente Medio y \u00c1frica","link":"https:\/\/eldigitaldeasturias.com\/magazine365\/delta-nombra-a-nathaniel-pieper-nuevo-vicepresidente-para-europa-oriente-medio-y-africa\/"}],"_links":{"self":[{"href":"https:\/\/eldigitaldeasturias.com\/magazine365\/wp-json\/wp\/v2\/posts\/39674","targetHints":{"allow":["GET"]}}],"collection":[{"href":"https:\/\/eldigitaldeasturias.com\/magazine365\/wp-json\/wp\/v2\/posts"}],"about":[{"href":"https:\/\/eldigitaldeasturias.com\/magazine365\/wp-json\/wp\/v2\/types\/post"}],"author":[{"embeddable":true,"href":"https:\/\/eldigitaldeasturias.com\/magazine365\/wp-json\/wp\/v2\/users\/1"}],"replies":[{"embeddable":true,"href":"https:\/\/eldigitaldeasturias.com\/magazine365\/wp-json\/wp\/v2\/comments?post=39674"}],"version-history":[{"count":0,"href":"https:\/\/eldigitaldeasturias.com\/magazine365\/wp-json\/wp\/v2\/posts\/39674\/revisions"}],"wp:featuredmedia":[{"embeddable":true,"href":"https:\/\/eldigitaldeasturias.com\/magazine365\/wp-json\/wp\/v2\/media\/39675"}],"wp:attachment":[{"href":"https:\/\/eldigitaldeasturias.com\/magazine365\/wp-json\/wp\/v2\/media?parent=39674"}],"wp:term":[{"taxonomy":"category","embeddable":true,"href":"https:\/\/eldigitaldeasturias.com\/magazine365\/wp-json\/wp\/v2\/categories?post=39674"},{"taxonomy":"post_tag","embeddable":true,"href":"https:\/\/eldigitaldeasturias.com\/magazine365\/wp-json\/wp\/v2\/tags?post=39674"}],"curies":[{"name":"wp","href":"https:\/\/api.w.org\/{rel}","templated":true}]}}