{"id":39668,"date":"2015-06-12T01:47:59","date_gmt":"2015-06-12T00:17:59","guid":{"rendered":"http:\/\/eldigitaldeasturias.com\/magazine365\/?p=39668"},"modified":"2015-06-12T01:47:59","modified_gmt":"2015-06-12T00:17:59","slug":"la-costa-del-sol-se-promociona-en-madrid","status":"publish","type":"post","link":"https:\/\/eldigitaldeasturias.com\/magazine365\/la-costa-del-sol-se-promociona-en-madrid\/","title":{"rendered":"La Costa del Sol se promociona en Madrid"},"content":{"rendered":"<p><img fetchpriority=\"high\" decoding=\"async\" class=\"alignleft size-medium wp-image-39669\" src=\"https:\/\/eldigitaldeasturias.com\/magazine365\/wp-content\/uploads\/2015\/06\/fotonoticia_20150611185108_800-360x270.jpg\" alt=\"fotonoticia_20150611185108_800\" width=\"360\" height=\"270\" srcset=\"https:\/\/eldigitaldeasturias.com\/magazine365\/wp-content\/uploads\/2015\/06\/fotonoticia_20150611185108_800-360x270.jpg 360w, https:\/\/eldigitaldeasturias.com\/magazine365\/wp-content\/uploads\/2015\/06\/fotonoticia_20150611185108_800-650x488.jpg 650w, https:\/\/eldigitaldeasturias.com\/magazine365\/wp-content\/uploads\/2015\/06\/fotonoticia_20150611185108_800-768x576.jpg 768w, https:\/\/eldigitaldeasturias.com\/magazine365\/wp-content\/uploads\/2015\/06\/fotonoticia_20150611185108_800-150x113.jpg 150w, https:\/\/eldigitaldeasturias.com\/magazine365\/wp-content\/uploads\/2015\/06\/fotonoticia_20150611185108_800-450x338.jpg 450w, https:\/\/eldigitaldeasturias.com\/magazine365\/wp-content\/uploads\/2015\/06\/fotonoticia_20150611185108_800-80x60.jpg 80w, https:\/\/eldigitaldeasturias.com\/magazine365\/wp-content\/uploads\/2015\/06\/fotonoticia_20150611185108_800-265x198.jpg 265w, https:\/\/eldigitaldeasturias.com\/magazine365\/wp-content\/uploads\/2015\/06\/fotonoticia_20150611185108_800-696x522.jpg 696w, https:\/\/eldigitaldeasturias.com\/magazine365\/wp-content\/uploads\/2015\/06\/fotonoticia_20150611185108_800-560x420.jpg 560w, https:\/\/eldigitaldeasturias.com\/magazine365\/wp-content\/uploads\/2015\/06\/fotonoticia_20150611185108_800-90x67.jpg 90w, https:\/\/eldigitaldeasturias.com\/magazine365\/wp-content\/uploads\/2015\/06\/fotonoticia_20150611185108_800-100x75.jpg 100w, https:\/\/eldigitaldeasturias.com\/magazine365\/wp-content\/uploads\/2015\/06\/fotonoticia_20150611185108_800.jpg 800w\" sizes=\"(max-width: 360px) 100vw, 360px\" \/>Turismo Costa del Sol participa desde este jueves y hasta el s\u00e1bado en una acci\u00f3n directa al consumidor que se celebra en Madrid y donde el destino malague\u00f1o acude para fidelizar al mercado de la capital de Espa\u00f1a, el segundo en importancia tras los viajeros procedentes de Andaluc\u00eda.<\/p>\n<p>El destacado crecimiento que est\u00e1 experimentando el turismo nacional en la Costa del Sol sirve de marco para llevar a cabo esta promoci\u00f3n, teniendo en cuenta que es un mercado que supone casi la mitad de los viajeros hoteleros que registra el destino (43,7% en 2014).<\/p>\n<p>La Costa del Sol asiste a esta acci\u00f3n junto a otros destinos andaluces en una iniciativa impulsada por la Consejer\u00eda de Turismo y Comercio de la Junta de Andaluc\u00eda.<\/p>\n<p>El presidente de Turismo Costa del Sol, El\u00edas Bendodo, ha subrayado en un comunicado la importancia del mercado madrile\u00f1o para el destino por su hist\u00f3rica fidelidad y por la oportunidad que presenta en la actualidad ante la buena marcha que experimenta la demanda interna en general y la madrile\u00f1a en particular.<\/p>\n<p>Los madrile\u00f1os suponen el 13,8% de todos los viajeros hoteleros espa\u00f1oles que se alojan en la provincia y aglutinan el 15,3% de las pernoctaciones. As\u00ed, en los cuatro primeros meses del a\u00f1o se han alojado casi 74.000 viajeros procedentes de la Comunidad de Madrid, un n\u00famero similar que en el mismo periodo de 2014. Aun as\u00ed, las estancias s\u00ed han avanzado, con 234.000 en lo que va de 2015, un nueve por ciento m\u00e1s que en 2014.<\/p>\n<p>Bendodo ha incidido en la fuerza del turismo nacional durante este a\u00f1o. As\u00ed, se han contabilizado casi medio mill\u00f3n de visitantes, con un incremento del 7,7%, y m\u00e1s de 1,5 millones de pernoctaciones (+12,5%), lo que se traduce en el quinto cuatrimestre m\u00e1s importante de la historia del destino en cuanto a turistas espa\u00f1oles.<\/p>\n<p>La iniciativa que se pone en marcha, denominada &#8216;Vuelve Andaluc\u00eda a Madrid&#8217;, desplegar\u00e1 diferentes actividades orientadas a fomentar las virtudes tur\u00edsticas del destino a trav\u00e9s de la participaci\u00f3n ciudadana, con espect\u00e1culos para ni\u00f1os, talleres y concursos.<\/p>\n","protected":false},"excerpt":{"rendered":"<p>Turismo Costa del Sol participa desde este jueves y hasta el s\u00e1bado en una acci\u00f3n directa al consumidor que se celebra en Madrid y donde el destino malague\u00f1o acude para fidelizar al mercado de la capital de Espa\u00f1a, el segundo en importancia tras los viajeros procedentes de Andaluc\u00eda. El destacado crecimiento que est\u00e1 experimentando el<\/p>\n","protected":false},"author":1,"featured_media":39669,"comment_status":"open","ping_status":"closed","sticky":false,"template":"","format":"standard","meta":{"footnotes":""},"categories":[222],"tags":[],"class_list":{"0":"post-39668","1":"post","2":"type-post","3":"status-publish","4":"format-standard","5":"has-post-thumbnail","7":"category-actualidad-turismo"},"aioseo_notices":[],"aioseo_head":"\n\t\t<!-- All in One SEO Pro 4.9.6.1 - aioseo.com -->\n\t<meta name=\"description\" content=\"Turismo Costa del Sol participa desde este jueves y hasta el s\u00e1bado en una acci\u00f3n directa al consumidor que se celebra en Madrid y donde el destino malague\u00f1o acude para fidelizar al mercado de la capital de Espa\u00f1a, el segundo en importancia tras los viajeros procedentes de Andaluc\u00eda. El destacado crecimiento que est\u00e1 experimentando el\" \/>\n\t<meta name=\"robots\" content=\"max-image-preview:large\" \/>\n\t<meta name=\"author\" content=\"admin\"\/>\n\t<meta name=\"google-site-verification\" content=\"UA-38556648-1\" \/>\n\t<meta name=\"keywords\" content=\"actualidad turismo\" \/>\n\t<link rel=\"canonical\" href=\"https:\/\/eldigitaldeasturias.com\/magazine365\/la-costa-del-sol-se-promociona-en-madrid\/\" \/>\n\t<meta name=\"generator\" content=\"All in One SEO Pro (AIOSEO) 4.9.6.1\" \/>\n\t\t<meta property=\"og:locale\" content=\"es_ES\" \/>\n\t\t<meta property=\"og:site_name\" content=\"El Digital de Asturias \u2013 Revista de ocio, turismo y estilo de vida\" \/>\n\t\t<meta property=\"og:type\" content=\"article\" \/>\n\t\t<meta property=\"og:title\" content=\"La Costa del Sol se promociona en Madrid | El Digital de Asturias\" \/>\n\t\t<meta property=\"og:description\" content=\"Turismo Costa del Sol participa desde este jueves y hasta el s\u00e1bado en una acci\u00f3n directa al consumidor que se celebra en Madrid y donde el destino malague\u00f1o acude para fidelizar al mercado de la capital de Espa\u00f1a, el segundo en importancia tras los viajeros procedentes de Andaluc\u00eda. El destacado crecimiento que est\u00e1 experimentando el\" \/>\n\t\t<meta property=\"og:url\" content=\"https:\/\/eldigitaldeasturias.com\/magazine365\/la-costa-del-sol-se-promociona-en-madrid\/\" \/>\n\t\t<meta property=\"og:image\" content=\"https:\/\/eldigitaldeasturias.com\/magazine365\/wp-content\/uploads\/2015\/06\/fotonoticia_20150611185108_800.jpg\" \/>\n\t\t<meta property=\"og:image:secure_url\" content=\"https:\/\/eldigitaldeasturias.com\/magazine365\/wp-content\/uploads\/2015\/06\/fotonoticia_20150611185108_800.jpg\" \/>\n\t\t<meta property=\"og:image:width\" content=\"800\" \/>\n\t\t<meta property=\"og:image:height\" content=\"600\" \/>\n\t\t<meta property=\"article:published_time\" content=\"2015-06-12T00:17:59+00:00\" \/>\n\t\t<meta property=\"article:modified_time\" content=\"2015-06-12T00:17:59+00:00\" \/>\n\t\t<meta name=\"twitter:card\" content=\"summary_large_image\" \/>\n\t\t<meta name=\"twitter:title\" content=\"La Costa del Sol se promociona en Madrid | El Digital de Asturias\" \/>\n\t\t<meta name=\"twitter:description\" content=\"Turismo Costa del Sol participa desde este jueves y hasta el s\u00e1bado en una acci\u00f3n directa al consumidor que se celebra en Madrid y donde el destino malague\u00f1o acude para fidelizar al mercado de la capital de Espa\u00f1a, el segundo en importancia tras los viajeros procedentes de Andaluc\u00eda. El destacado crecimiento que est\u00e1 experimentando el\" \/>\n\t\t<meta name=\"twitter:image\" content=\"https:\/\/eldigitaldeasturias.com\/magazine365\/wp-content\/uploads\/2015\/06\/fotonoticia_20150611185108_800.jpg\" \/>\n\t\t<script type=\"application\/ld+json\" class=\"aioseo-schema\">\n\t\t\t{\"@context\":\"https:\\\/\\\/schema.org\",\"@graph\":[{\"@type\":\"Article\",\"@id\":\"https:\\\/\\\/eldigitaldeasturias.com\\\/magazine365\\\/la-costa-del-sol-se-promociona-en-madrid\\\/#article\",\"name\":\"La Costa del Sol se promociona en Madrid | El Digital de Asturias\",\"headline\":\"La Costa del Sol se promociona en Madrid\",\"author\":{\"@id\":\"https:\\\/\\\/eldigitaldeasturias.com\\\/magazine365\\\/author\\\/admin\\\/#author\"},\"publisher\":{\"@id\":\"https:\\\/\\\/eldigitaldeasturias.com\\\/magazine365\\\/#organization\"},\"image\":{\"@type\":\"ImageObject\",\"url\":\"https:\\\/\\\/eldigitaldeasturias.com\\\/magazine365\\\/wp-content\\\/uploads\\\/2015\\\/06\\\/fotonoticia_20150611185108_800.jpg\",\"width\":800,\"height\":600},\"datePublished\":\"2015-06-12T01:47:59+02:00\",\"dateModified\":\"2015-06-12T01:47:59+02:00\",\"inLanguage\":\"es-ES\",\"mainEntityOfPage\":{\"@id\":\"https:\\\/\\\/eldigitaldeasturias.com\\\/magazine365\\\/la-costa-del-sol-se-promociona-en-madrid\\\/#webpage\"},\"isPartOf\":{\"@id\":\"https:\\\/\\\/eldigitaldeasturias.com\\\/magazine365\\\/la-costa-del-sol-se-promociona-en-madrid\\\/#webpage\"},\"articleSection\":\"Actualidad Turismo\"},{\"@type\":\"BreadcrumbList\",\"@id\":\"https:\\\/\\\/eldigitaldeasturias.com\\\/magazine365\\\/la-costa-del-sol-se-promociona-en-madrid\\\/#breadcrumblist\",\"itemListElement\":[{\"@type\":\"ListItem\",\"@id\":\"https:\\\/\\\/eldigitaldeasturias.com\\\/magazine365#listItem\",\"position\":1,\"name\":\"Home\",\"item\":\"https:\\\/\\\/eldigitaldeasturias.com\\\/magazine365\",\"nextItem\":{\"@type\":\"ListItem\",\"@id\":\"https:\\\/\\\/eldigitaldeasturias.com\\\/magazine365\\\/category\\\/actualidad-turismo\\\/#listItem\",\"name\":\"Actualidad Turismo\"}},{\"@type\":\"ListItem\",\"@id\":\"https:\\\/\\\/eldigitaldeasturias.com\\\/magazine365\\\/category\\\/actualidad-turismo\\\/#listItem\",\"position\":2,\"name\":\"Actualidad Turismo\",\"item\":\"https:\\\/\\\/eldigitaldeasturias.com\\\/magazine365\\\/category\\\/actualidad-turismo\\\/\",\"nextItem\":{\"@type\":\"ListItem\",\"@id\":\"https:\\\/\\\/eldigitaldeasturias.com\\\/magazine365\\\/la-costa-del-sol-se-promociona-en-madrid\\\/#listItem\",\"name\":\"La Costa del Sol se promociona en Madrid\"},\"previousItem\":{\"@type\":\"ListItem\",\"@id\":\"https:\\\/\\\/eldigitaldeasturias.com\\\/magazine365#listItem\",\"name\":\"Home\"}},{\"@type\":\"ListItem\",\"@id\":\"https:\\\/\\\/eldigitaldeasturias.com\\\/magazine365\\\/la-costa-del-sol-se-promociona-en-madrid\\\/#listItem\",\"position\":3,\"name\":\"La Costa del Sol se promociona en Madrid\",\"previousItem\":{\"@type\":\"ListItem\",\"@id\":\"https:\\\/\\\/eldigitaldeasturias.com\\\/magazine365\\\/category\\\/actualidad-turismo\\\/#listItem\",\"name\":\"Actualidad Turismo\"}}]},{\"@type\":\"Organization\",\"@id\":\"https:\\\/\\\/eldigitaldeasturias.com\\\/magazine365\\\/#organization\",\"name\":\"El digital de Asturias\",\"description\":\"Revista de ocio, turismo y estilo de vida\",\"url\":\"https:\\\/\\\/eldigitaldeasturias.com\\\/magazine365\\\/\",\"logo\":{\"@type\":\"ImageObject\",\"url\":\"https:\\\/\\\/www.eldigitaldeasturias.com\\\/noticias\\\/wp-content\\\/uploads\\\/2020\\\/12\\\/EDA.jpg\",\"@id\":\"https:\\\/\\\/eldigitaldeasturias.com\\\/magazine365\\\/la-costa-del-sol-se-promociona-en-madrid\\\/#organizationLogo\"},\"image\":{\"@id\":\"https:\\\/\\\/eldigitaldeasturias.com\\\/magazine365\\\/la-costa-del-sol-se-promociona-en-madrid\\\/#organizationLogo\"}},{\"@type\":\"Person\",\"@id\":\"https:\\\/\\\/eldigitaldeasturias.com\\\/magazine365\\\/author\\\/admin\\\/#author\",\"url\":\"https:\\\/\\\/eldigitaldeasturias.com\\\/magazine365\\\/author\\\/admin\\\/\",\"name\":\"admin\",\"image\":{\"@type\":\"ImageObject\",\"@id\":\"https:\\\/\\\/eldigitaldeasturias.com\\\/magazine365\\\/la-costa-del-sol-se-promociona-en-madrid\\\/#authorImage\",\"url\":\"https:\\\/\\\/eldigitaldeasturias.com\\\/magazine365\\\/wp-content\\\/litespeed\\\/avatar\\\/e571bcf59a0edd6fa6838245a470f2fe.jpg?ver=1776969259\",\"width\":96,\"height\":96,\"caption\":\"admin\"}},{\"@type\":\"WebPage\",\"@id\":\"https:\\\/\\\/eldigitaldeasturias.com\\\/magazine365\\\/la-costa-del-sol-se-promociona-en-madrid\\\/#webpage\",\"url\":\"https:\\\/\\\/eldigitaldeasturias.com\\\/magazine365\\\/la-costa-del-sol-se-promociona-en-madrid\\\/\",\"name\":\"La Costa del Sol se promociona en Madrid | El Digital de Asturias\",\"description\":\"Turismo Costa del Sol participa desde este jueves y hasta el s\\u00e1bado en una acci\\u00f3n directa al consumidor que se celebra en Madrid y donde el destino malague\\u00f1o acude para fidelizar al mercado de la capital de Espa\\u00f1a, el segundo en importancia tras los viajeros procedentes de Andaluc\\u00eda. El destacado crecimiento que est\\u00e1 experimentando el\",\"inLanguage\":\"es-ES\",\"isPartOf\":{\"@id\":\"https:\\\/\\\/eldigitaldeasturias.com\\\/magazine365\\\/#website\"},\"breadcrumb\":{\"@id\":\"https:\\\/\\\/eldigitaldeasturias.com\\\/magazine365\\\/la-costa-del-sol-se-promociona-en-madrid\\\/#breadcrumblist\"},\"author\":{\"@id\":\"https:\\\/\\\/eldigitaldeasturias.com\\\/magazine365\\\/author\\\/admin\\\/#author\"},\"creator\":{\"@id\":\"https:\\\/\\\/eldigitaldeasturias.com\\\/magazine365\\\/author\\\/admin\\\/#author\"},\"image\":{\"@type\":\"ImageObject\",\"url\":\"https:\\\/\\\/eldigitaldeasturias.com\\\/magazine365\\\/wp-content\\\/uploads\\\/2015\\\/06\\\/fotonoticia_20150611185108_800.jpg\",\"@id\":\"https:\\\/\\\/eldigitaldeasturias.com\\\/magazine365\\\/la-costa-del-sol-se-promociona-en-madrid\\\/#mainImage\",\"width\":800,\"height\":600},\"primaryImageOfPage\":{\"@id\":\"https:\\\/\\\/eldigitaldeasturias.com\\\/magazine365\\\/la-costa-del-sol-se-promociona-en-madrid\\\/#mainImage\"},\"datePublished\":\"2015-06-12T01:47:59+02:00\",\"dateModified\":\"2015-06-12T01:47:59+02:00\"},{\"@type\":\"WebSite\",\"@id\":\"https:\\\/\\\/eldigitaldeasturias.com\\\/magazine365\\\/#website\",\"url\":\"https:\\\/\\\/eldigitaldeasturias.com\\\/magazine365\\\/\",\"name\":\"El Digital de Asturias\",\"description\":\"Revista de ocio, turismo y estilo de vida\",\"inLanguage\":\"es-ES\",\"publisher\":{\"@id\":\"https:\\\/\\\/eldigitaldeasturias.com\\\/magazine365\\\/#organization\"}}]}\n\t\t<\/script>\n\t\t<!-- All in One SEO Pro -->\r\n\t\t<title>La Costa del Sol se promociona en Madrid | El Digital de Asturias<\/title>\n\n","aioseo_head_json":{"title":"La Costa del Sol se promociona en Madrid | El Digital de Asturias","description":"Turismo Costa del Sol participa desde este jueves y hasta el s\u00e1bado en una acci\u00f3n directa al consumidor que se celebra en Madrid y donde el destino malague\u00f1o acude para fidelizar al mercado de la capital de Espa\u00f1a, el segundo en importancia tras los viajeros procedentes de Andaluc\u00eda. El destacado crecimiento que est\u00e1 experimentando el","canonical_url":"https:\/\/eldigitaldeasturias.com\/magazine365\/la-costa-del-sol-se-promociona-en-madrid\/","robots":"max-image-preview:large","keywords":"actualidad turismo","webmasterTools":{"google-site-verification":"UA-38556648-1","miscellaneous":""},"schema":{"@context":"https:\/\/schema.org","@graph":[{"@type":"Article","@id":"https:\/\/eldigitaldeasturias.com\/magazine365\/la-costa-del-sol-se-promociona-en-madrid\/#article","name":"La Costa del Sol se promociona en Madrid | El Digital de Asturias","headline":"La Costa del Sol se promociona en Madrid","author":{"@id":"https:\/\/eldigitaldeasturias.com\/magazine365\/author\/admin\/#author"},"publisher":{"@id":"https:\/\/eldigitaldeasturias.com\/magazine365\/#organization"},"image":{"@type":"ImageObject","url":"https:\/\/eldigitaldeasturias.com\/magazine365\/wp-content\/uploads\/2015\/06\/fotonoticia_20150611185108_800.jpg","width":800,"height":600},"datePublished":"2015-06-12T01:47:59+02:00","dateModified":"2015-06-12T01:47:59+02:00","inLanguage":"es-ES","mainEntityOfPage":{"@id":"https:\/\/eldigitaldeasturias.com\/magazine365\/la-costa-del-sol-se-promociona-en-madrid\/#webpage"},"isPartOf":{"@id":"https:\/\/eldigitaldeasturias.com\/magazine365\/la-costa-del-sol-se-promociona-en-madrid\/#webpage"},"articleSection":"Actualidad Turismo"},{"@type":"BreadcrumbList","@id":"https:\/\/eldigitaldeasturias.com\/magazine365\/la-costa-del-sol-se-promociona-en-madrid\/#breadcrumblist","itemListElement":[{"@type":"ListItem","@id":"https:\/\/eldigitaldeasturias.com\/magazine365#listItem","position":1,"name":"Home","item":"https:\/\/eldigitaldeasturias.com\/magazine365","nextItem":{"@type":"ListItem","@id":"https:\/\/eldigitaldeasturias.com\/magazine365\/category\/actualidad-turismo\/#listItem","name":"Actualidad Turismo"}},{"@type":"ListItem","@id":"https:\/\/eldigitaldeasturias.com\/magazine365\/category\/actualidad-turismo\/#listItem","position":2,"name":"Actualidad Turismo","item":"https:\/\/eldigitaldeasturias.com\/magazine365\/category\/actualidad-turismo\/","nextItem":{"@type":"ListItem","@id":"https:\/\/eldigitaldeasturias.com\/magazine365\/la-costa-del-sol-se-promociona-en-madrid\/#listItem","name":"La Costa del Sol se promociona en Madrid"},"previousItem":{"@type":"ListItem","@id":"https:\/\/eldigitaldeasturias.com\/magazine365#listItem","name":"Home"}},{"@type":"ListItem","@id":"https:\/\/eldigitaldeasturias.com\/magazine365\/la-costa-del-sol-se-promociona-en-madrid\/#listItem","position":3,"name":"La Costa del Sol se promociona en Madrid","previousItem":{"@type":"ListItem","@id":"https:\/\/eldigitaldeasturias.com\/magazine365\/category\/actualidad-turismo\/#listItem","name":"Actualidad Turismo"}}]},{"@type":"Organization","@id":"https:\/\/eldigitaldeasturias.com\/magazine365\/#organization","name":"El digital de Asturias","description":"Revista de ocio, turismo y estilo de vida","url":"https:\/\/eldigitaldeasturias.com\/magazine365\/","logo":{"@type":"ImageObject","url":"https:\/\/www.eldigitaldeasturias.com\/noticias\/wp-content\/uploads\/2020\/12\/EDA.jpg","@id":"https:\/\/eldigitaldeasturias.com\/magazine365\/la-costa-del-sol-se-promociona-en-madrid\/#organizationLogo"},"image":{"@id":"https:\/\/eldigitaldeasturias.com\/magazine365\/la-costa-del-sol-se-promociona-en-madrid\/#organizationLogo"}},{"@type":"Person","@id":"https:\/\/eldigitaldeasturias.com\/magazine365\/author\/admin\/#author","url":"https:\/\/eldigitaldeasturias.com\/magazine365\/author\/admin\/","name":"admin","image":{"@type":"ImageObject","@id":"https:\/\/eldigitaldeasturias.com\/magazine365\/la-costa-del-sol-se-promociona-en-madrid\/#authorImage","url":"https:\/\/eldigitaldeasturias.com\/magazine365\/wp-content\/litespeed\/avatar\/e571bcf59a0edd6fa6838245a470f2fe.jpg?ver=1776969259","width":96,"height":96,"caption":"admin"}},{"@type":"WebPage","@id":"https:\/\/eldigitaldeasturias.com\/magazine365\/la-costa-del-sol-se-promociona-en-madrid\/#webpage","url":"https:\/\/eldigitaldeasturias.com\/magazine365\/la-costa-del-sol-se-promociona-en-madrid\/","name":"La Costa del Sol se promociona en Madrid | El Digital de Asturias","description":"Turismo Costa del Sol participa desde este jueves y hasta el s\u00e1bado en una acci\u00f3n directa al consumidor que se celebra en Madrid y donde el destino malague\u00f1o acude para fidelizar al mercado de la capital de Espa\u00f1a, el segundo en importancia tras los viajeros procedentes de Andaluc\u00eda. El destacado crecimiento que est\u00e1 experimentando el","inLanguage":"es-ES","isPartOf":{"@id":"https:\/\/eldigitaldeasturias.com\/magazine365\/#website"},"breadcrumb":{"@id":"https:\/\/eldigitaldeasturias.com\/magazine365\/la-costa-del-sol-se-promociona-en-madrid\/#breadcrumblist"},"author":{"@id":"https:\/\/eldigitaldeasturias.com\/magazine365\/author\/admin\/#author"},"creator":{"@id":"https:\/\/eldigitaldeasturias.com\/magazine365\/author\/admin\/#author"},"image":{"@type":"ImageObject","url":"https:\/\/eldigitaldeasturias.com\/magazine365\/wp-content\/uploads\/2015\/06\/fotonoticia_20150611185108_800.jpg","@id":"https:\/\/eldigitaldeasturias.com\/magazine365\/la-costa-del-sol-se-promociona-en-madrid\/#mainImage","width":800,"height":600},"primaryImageOfPage":{"@id":"https:\/\/eldigitaldeasturias.com\/magazine365\/la-costa-del-sol-se-promociona-en-madrid\/#mainImage"},"datePublished":"2015-06-12T01:47:59+02:00","dateModified":"2015-06-12T01:47:59+02:00"},{"@type":"WebSite","@id":"https:\/\/eldigitaldeasturias.com\/magazine365\/#website","url":"https:\/\/eldigitaldeasturias.com\/magazine365\/","name":"El Digital de Asturias","description":"Revista de ocio, turismo y estilo de vida","inLanguage":"es-ES","publisher":{"@id":"https:\/\/eldigitaldeasturias.com\/magazine365\/#organization"}}]},"og:locale":"es_ES","og:site_name":"El Digital de Asturias \u2013 Revista de ocio, turismo y estilo de vida","og:type":"article","og:title":"La Costa del Sol se promociona en Madrid | El Digital de Asturias","og:description":"Turismo Costa del Sol participa desde este jueves y hasta el s\u00e1bado en una acci\u00f3n directa al consumidor que se celebra en Madrid y donde el destino malague\u00f1o acude para fidelizar al mercado de la capital de Espa\u00f1a, el segundo en importancia tras los viajeros procedentes de Andaluc\u00eda. El destacado crecimiento que est\u00e1 experimentando el","og:url":"https:\/\/eldigitaldeasturias.com\/magazine365\/la-costa-del-sol-se-promociona-en-madrid\/","og:image":"https:\/\/eldigitaldeasturias.com\/magazine365\/wp-content\/uploads\/2015\/06\/fotonoticia_20150611185108_800.jpg","og:image:secure_url":"https:\/\/eldigitaldeasturias.com\/magazine365\/wp-content\/uploads\/2015\/06\/fotonoticia_20150611185108_800.jpg","og:image:width":800,"og:image:height":600,"article:published_time":"2015-06-12T00:17:59+00:00","article:modified_time":"2015-06-12T00:17:59+00:00","twitter:card":"summary_large_image","twitter:title":"La Costa del Sol se promociona en Madrid | El Digital de Asturias","twitter:description":"Turismo Costa del Sol participa desde este jueves y hasta el s\u00e1bado en una acci\u00f3n directa al consumidor que se celebra en Madrid y donde el destino malague\u00f1o acude para fidelizar al mercado de la capital de Espa\u00f1a, el segundo en importancia tras los viajeros procedentes de Andaluc\u00eda. El destacado crecimiento que est\u00e1 experimentando el","twitter:image":"https:\/\/eldigitaldeasturias.com\/magazine365\/wp-content\/uploads\/2015\/06\/fotonoticia_20150611185108_800.jpg"},"aioseo_meta_data":{"post_id":"39668","title":null,"description":null,"keywords":null,"keyphrases":null,"primary_term":null,"canonical_url":null,"og_title":null,"og_description":null,"og_object_type":"default","og_image_type":"default","og_image_url":null,"og_image_width":null,"og_image_height":null,"og_image_custom_url":null,"og_image_custom_fields":null,"og_video":null,"og_custom_url":null,"og_article_section":null,"og_article_tags":null,"twitter_use_og":false,"twitter_card":"default","twitter_image_type":"default","twitter_image_url":null,"twitter_image_custom_url":null,"twitter_image_custom_fields":null,"twitter_title":null,"twitter_description":null,"schema":{"blockGraphs":[],"customGraphs":[],"default":{"data":{"Article":[],"Course":[],"Dataset":[],"FAQPage":[],"Movie":[],"Person":[],"Product":[],"ProductReview":[],"Car":[],"Recipe":[],"Service":[],"SoftwareApplication":[],"WebPage":[]},"graphName":"","isEnabled":true},"graphs":[],"defaultGraph":"","defaultPostTypeGraph":""},"schema_type":null,"schema_type_options":null,"pillar_content":false,"robots_default":true,"robots_noindex":false,"robots_noarchive":false,"robots_nosnippet":false,"robots_nofollow":false,"robots_noimageindex":false,"robots_noodp":false,"robots_notranslate":false,"robots_max_snippet":null,"robots_max_videopreview":null,"robots_max_imagepreview":"large","priority":null,"frequency":null,"location":null,"local_seo":null,"seo_analyzer_scan_date":"2025-09-19 12:05:56","breadcrumb_settings":null,"limit_modified_date":false,"open_ai":null,"ai":null,"created":"2020-12-21 14:29:00","updated":"2025-09-19 12:05:56"},"aioseo_breadcrumb":"<div class=\"aioseo-breadcrumbs\"><span class=\"aioseo-breadcrumb\">\n\t<a href=\"https:\/\/eldigitaldeasturias.com\/magazine365\" title=\"Home\">Home<\/a>\n<\/span><span class=\"aioseo-breadcrumb-separator\">\u2013<\/span><span class=\"aioseo-breadcrumb\">\n\t<a href=\"https:\/\/eldigitaldeasturias.com\/magazine365\/category\/actualidad-turismo\/\" title=\"Actualidad Turismo\">Actualidad Turismo<\/a>\n<\/span><span class=\"aioseo-breadcrumb-separator\">\u2013<\/span><span class=\"aioseo-breadcrumb\">\n\t<a href=\"https:\/\/eldigitaldeasturias.com\/magazine365\/la-costa-del-sol-se-promociona-en-madrid\/\" title=\"La Costa del Sol se promociona en Madrid\">La Costa del Sol se promociona en Madrid<\/a>\n<\/span><\/div>","aioseo_breadcrumb_json":[{"label":"Home","link":"https:\/\/eldigitaldeasturias.com\/magazine365"},{"label":"Actualidad Turismo","link":"https:\/\/eldigitaldeasturias.com\/magazine365\/category\/actualidad-turismo\/"},{"label":"La Costa del Sol se promociona en Madrid","link":"https:\/\/eldigitaldeasturias.com\/magazine365\/la-costa-del-sol-se-promociona-en-madrid\/"}],"_links":{"self":[{"href":"https:\/\/eldigitaldeasturias.com\/magazine365\/wp-json\/wp\/v2\/posts\/39668","targetHints":{"allow":["GET"]}}],"collection":[{"href":"https:\/\/eldigitaldeasturias.com\/magazine365\/wp-json\/wp\/v2\/posts"}],"about":[{"href":"https:\/\/eldigitaldeasturias.com\/magazine365\/wp-json\/wp\/v2\/types\/post"}],"author":[{"embeddable":true,"href":"https:\/\/eldigitaldeasturias.com\/magazine365\/wp-json\/wp\/v2\/users\/1"}],"replies":[{"embeddable":true,"href":"https:\/\/eldigitaldeasturias.com\/magazine365\/wp-json\/wp\/v2\/comments?post=39668"}],"version-history":[{"count":0,"href":"https:\/\/eldigitaldeasturias.com\/magazine365\/wp-json\/wp\/v2\/posts\/39668\/revisions"}],"wp:featuredmedia":[{"embeddable":true,"href":"https:\/\/eldigitaldeasturias.com\/magazine365\/wp-json\/wp\/v2\/media\/39669"}],"wp:attachment":[{"href":"https:\/\/eldigitaldeasturias.com\/magazine365\/wp-json\/wp\/v2\/media?parent=39668"}],"wp:term":[{"taxonomy":"category","embeddable":true,"href":"https:\/\/eldigitaldeasturias.com\/magazine365\/wp-json\/wp\/v2\/categories?post=39668"},{"taxonomy":"post_tag","embeddable":true,"href":"https:\/\/eldigitaldeasturias.com\/magazine365\/wp-json\/wp\/v2\/tags?post=39668"}],"curies":[{"name":"wp","href":"https:\/\/api.w.org\/{rel}","templated":true}]}}