{"id":39657,"date":"2015-06-12T01:40:36","date_gmt":"2015-06-12T00:10:36","guid":{"rendered":"http:\/\/eldigitaldeasturias.com\/magazine365\/?p=39657"},"modified":"2015-06-12T01:40:36","modified_gmt":"2015-06-12T00:10:36","slug":"la-exencion-de-visados-aumentara-en-19-millones-la-llegada-de-turistas-colombianos-y-peruanos-a-espana","status":"publish","type":"post","link":"https:\/\/eldigitaldeasturias.com\/magazine365\/la-exencion-de-visados-aumentara-en-19-millones-la-llegada-de-turistas-colombianos-y-peruanos-a-espana\/","title":{"rendered":"La exenci\u00f3n de visados aumentar\u00e1 en 1,9 millones la llegada de turistas colombianos y peruanos a Espa\u00f1a"},"content":{"rendered":"<p><img fetchpriority=\"high\" decoding=\"async\" class=\"alignleft size-medium wp-image-39658\" src=\"https:\/\/eldigitaldeasturias.com\/magazine365\/wp-content\/uploads\/2015\/06\/fotonoticia_20150611174440_800-360x240.jpg\" alt=\"fotonoticia_20150611174440_800\" width=\"360\" height=\"240\" srcset=\"https:\/\/eldigitaldeasturias.com\/magazine365\/wp-content\/uploads\/2015\/06\/fotonoticia_20150611174440_800-360x240.jpg 360w, https:\/\/eldigitaldeasturias.com\/magazine365\/wp-content\/uploads\/2015\/06\/fotonoticia_20150611174440_800-650x434.jpg 650w, https:\/\/eldigitaldeasturias.com\/magazine365\/wp-content\/uploads\/2015\/06\/fotonoticia_20150611174440_800-768x513.jpg 768w, https:\/\/eldigitaldeasturias.com\/magazine365\/wp-content\/uploads\/2015\/06\/fotonoticia_20150611174440_800-150x100.jpg 150w, https:\/\/eldigitaldeasturias.com\/magazine365\/wp-content\/uploads\/2015\/06\/fotonoticia_20150611174440_800-450x300.jpg 450w, https:\/\/eldigitaldeasturias.com\/magazine365\/wp-content\/uploads\/2015\/06\/fotonoticia_20150611174440_800-696x465.jpg 696w, https:\/\/eldigitaldeasturias.com\/magazine365\/wp-content\/uploads\/2015\/06\/fotonoticia_20150611174440_800-629x420.jpg 629w, https:\/\/eldigitaldeasturias.com\/magazine365\/wp-content\/uploads\/2015\/06\/fotonoticia_20150611174440_800-84x55.jpg 84w, https:\/\/eldigitaldeasturias.com\/magazine365\/wp-content\/uploads\/2015\/06\/fotonoticia_20150611174440_800.jpg 800w\" sizes=\"(max-width: 360px) 100vw, 360px\" \/>Espa\u00f1a recibir\u00e1 1,9 millones m\u00e1s de turistas colombianos y peruanos en 2016, una vez que entre en vigor la suspensi\u00f3n de la visa Schengen a finales de este a\u00f1o, lo que implicar\u00e1 unos ingresos de 5.000 millones de euros para el sector tur\u00edstico espa\u00f1ol, seg\u00fan un an\u00e1lisis del comparador &#8216;online&#8217; de transporte GoEuro.es.<\/p>\n<p>Tras la firma ayer de un acuerdo entre los gobiernos peruano y colombiano y la Comunidad Europea por el que se suprime de manera definitiva de la visa Schengen para los habitantes de Colombia y Per\u00fa, los residentes de estos pa\u00edses podr\u00e1n tener libre acceso a hasta 24 pa\u00edses de Europa.<\/p>\n<p>De este modo, tambi\u00e9n se prev\u00e9 que para el pr\u00f3ximo a\u00f1o los turistas procedentes de estas zonas aumenten hasta en 2,8 millones en toda la comunidad europea, lo que supondr\u00eda una inyecci\u00f3n de hasta 7.000 millones de euros para el sector tur\u00edstico europeo, seg\u00fan los c\u00e1lculos de dicho portal.<\/p>\n<p>EN VIGOR A PARTIR DE OCTUBRE.<\/p>\n<p>Este tr\u00e1mite culminar\u00e1 el pr\u00f3ximo mes de octubre, fecha en la que se har\u00e1 efectivo, permitiendo a ciudadanos de Per\u00fa y Colombia la entrada y estancia de hasta 90 d\u00edas en Europa.<\/p>\n<p>Aun est\u00e1n por establecerse algunas condiciones excepcionales en casos en los que se requiera una estancia prolongada, para una actividad distinta a la del turismo. Tampoco se han confirmado los permisos que cada pa\u00eds determine, de acuerdo con su normativa interna.<\/p>\n","protected":false},"excerpt":{"rendered":"<p>Espa\u00f1a recibir\u00e1 1,9 millones m\u00e1s de turistas colombianos y peruanos en 2016, una vez que entre en vigor la suspensi\u00f3n de la visa Schengen a finales de este a\u00f1o, lo que implicar\u00e1 unos ingresos de 5.000 millones de euros para el sector tur\u00edstico espa\u00f1ol, seg\u00fan un an\u00e1lisis del comparador &#8216;online&#8217; de transporte GoEuro.es. Tras la<\/p>\n","protected":false},"author":1,"featured_media":39658,"comment_status":"open","ping_status":"closed","sticky":false,"template":"","format":"standard","meta":{"footnotes":""},"categories":[222],"tags":[],"class_list":{"0":"post-39657","1":"post","2":"type-post","3":"status-publish","4":"format-standard","5":"has-post-thumbnail","7":"category-actualidad-turismo"},"aioseo_notices":[],"aioseo_head":"\n\t\t<!-- All in One SEO Pro 4.9.6.1 - aioseo.com -->\n\t<meta name=\"description\" content=\"Espa\u00f1a recibir\u00e1 1,9 millones m\u00e1s de turistas colombianos y peruanos en 2016, una vez que entre en vigor la suspensi\u00f3n de la visa Schengen a finales de este a\u00f1o, lo que implicar\u00e1 unos ingresos de 5.000 millones de euros para el sector tur\u00edstico espa\u00f1ol, seg\u00fan un an\u00e1lisis del comparador &#039;online&#039; de transporte GoEuro.es. Tras la\" \/>\n\t<meta name=\"robots\" content=\"max-image-preview:large\" \/>\n\t<meta name=\"author\" content=\"admin\"\/>\n\t<meta name=\"google-site-verification\" content=\"UA-38556648-1\" \/>\n\t<meta name=\"keywords\" content=\"actualidad turismo\" \/>\n\t<link rel=\"canonical\" href=\"https:\/\/eldigitaldeasturias.com\/magazine365\/la-exencion-de-visados-aumentara-en-19-millones-la-llegada-de-turistas-colombianos-y-peruanos-a-espana\/\" \/>\n\t<meta name=\"generator\" content=\"All in One SEO Pro (AIOSEO) 4.9.6.1\" \/>\n\t\t<meta property=\"og:locale\" content=\"es_ES\" \/>\n\t\t<meta property=\"og:site_name\" content=\"El Digital de Asturias \u2013 Revista de ocio, turismo y estilo de vida\" \/>\n\t\t<meta property=\"og:type\" content=\"article\" \/>\n\t\t<meta property=\"og:title\" content=\"La exenci\u00f3n de visados aumentar\u00e1 en 1,9 millones la llegada de turistas colombianos y peruanos a Espa\u00f1a | El Digital de Asturias\" \/>\n\t\t<meta property=\"og:description\" content=\"Espa\u00f1a recibir\u00e1 1,9 millones m\u00e1s de turistas colombianos y peruanos en 2016, una vez que entre en vigor la suspensi\u00f3n de la visa Schengen a finales de este a\u00f1o, lo que implicar\u00e1 unos ingresos de 5.000 millones de euros para el sector tur\u00edstico espa\u00f1ol, seg\u00fan un an\u00e1lisis del comparador &#039;online&#039; de transporte GoEuro.es. Tras la\" \/>\n\t\t<meta property=\"og:url\" content=\"https:\/\/eldigitaldeasturias.com\/magazine365\/la-exencion-de-visados-aumentara-en-19-millones-la-llegada-de-turistas-colombianos-y-peruanos-a-espana\/\" \/>\n\t\t<meta property=\"og:image\" content=\"https:\/\/eldigitaldeasturias.com\/magazine365\/wp-content\/uploads\/2015\/06\/fotonoticia_20150611174440_800.jpg\" \/>\n\t\t<meta property=\"og:image:secure_url\" content=\"https:\/\/eldigitaldeasturias.com\/magazine365\/wp-content\/uploads\/2015\/06\/fotonoticia_20150611174440_800.jpg\" \/>\n\t\t<meta property=\"og:image:width\" content=\"800\" \/>\n\t\t<meta property=\"og:image:height\" content=\"534\" \/>\n\t\t<meta property=\"article:published_time\" content=\"2015-06-12T00:10:36+00:00\" \/>\n\t\t<meta property=\"article:modified_time\" content=\"2015-06-12T00:10:36+00:00\" \/>\n\t\t<meta name=\"twitter:card\" content=\"summary_large_image\" \/>\n\t\t<meta name=\"twitter:title\" content=\"La exenci\u00f3n de visados aumentar\u00e1 en 1,9 millones la llegada de turistas colombianos y peruanos a Espa\u00f1a | El Digital de Asturias\" \/>\n\t\t<meta name=\"twitter:description\" content=\"Espa\u00f1a recibir\u00e1 1,9 millones m\u00e1s de turistas colombianos y peruanos en 2016, una vez que entre en vigor la suspensi\u00f3n de la visa Schengen a finales de este a\u00f1o, lo que implicar\u00e1 unos ingresos de 5.000 millones de euros para el sector tur\u00edstico espa\u00f1ol, seg\u00fan un an\u00e1lisis del comparador &#039;online&#039; de transporte GoEuro.es. Tras la\" \/>\n\t\t<meta name=\"twitter:image\" content=\"https:\/\/eldigitaldeasturias.com\/magazine365\/wp-content\/uploads\/2015\/06\/fotonoticia_20150611174440_800.jpg\" \/>\n\t\t<script type=\"application\/ld+json\" class=\"aioseo-schema\">\n\t\t\t{\"@context\":\"https:\\\/\\\/schema.org\",\"@graph\":[{\"@type\":\"Article\",\"@id\":\"https:\\\/\\\/eldigitaldeasturias.com\\\/magazine365\\\/la-exencion-de-visados-aumentara-en-19-millones-la-llegada-de-turistas-colombianos-y-peruanos-a-espana\\\/#article\",\"name\":\"La exenci\\u00f3n de visados aumentar\\u00e1 en 1,9 millones la llegada de turistas colombianos y peruanos a Espa\\u00f1a | El Digital de Asturias\",\"headline\":\"La exenci\\u00f3n de visados aumentar\\u00e1 en 1,9 millones la llegada de turistas colombianos y peruanos a Espa\\u00f1a\",\"author\":{\"@id\":\"https:\\\/\\\/eldigitaldeasturias.com\\\/magazine365\\\/author\\\/admin\\\/#author\"},\"publisher\":{\"@id\":\"https:\\\/\\\/eldigitaldeasturias.com\\\/magazine365\\\/#organization\"},\"image\":{\"@type\":\"ImageObject\",\"url\":\"https:\\\/\\\/eldigitaldeasturias.com\\\/magazine365\\\/wp-content\\\/uploads\\\/2015\\\/06\\\/fotonoticia_20150611174440_800.jpg\",\"width\":800,\"height\":534},\"datePublished\":\"2015-06-12T01:40:36+02:00\",\"dateModified\":\"2015-06-12T01:40:36+02:00\",\"inLanguage\":\"es-ES\",\"mainEntityOfPage\":{\"@id\":\"https:\\\/\\\/eldigitaldeasturias.com\\\/magazine365\\\/la-exencion-de-visados-aumentara-en-19-millones-la-llegada-de-turistas-colombianos-y-peruanos-a-espana\\\/#webpage\"},\"isPartOf\":{\"@id\":\"https:\\\/\\\/eldigitaldeasturias.com\\\/magazine365\\\/la-exencion-de-visados-aumentara-en-19-millones-la-llegada-de-turistas-colombianos-y-peruanos-a-espana\\\/#webpage\"},\"articleSection\":\"Actualidad Turismo\"},{\"@type\":\"BreadcrumbList\",\"@id\":\"https:\\\/\\\/eldigitaldeasturias.com\\\/magazine365\\\/la-exencion-de-visados-aumentara-en-19-millones-la-llegada-de-turistas-colombianos-y-peruanos-a-espana\\\/#breadcrumblist\",\"itemListElement\":[{\"@type\":\"ListItem\",\"@id\":\"https:\\\/\\\/eldigitaldeasturias.com\\\/magazine365#listItem\",\"position\":1,\"name\":\"Home\",\"item\":\"https:\\\/\\\/eldigitaldeasturias.com\\\/magazine365\",\"nextItem\":{\"@type\":\"ListItem\",\"@id\":\"https:\\\/\\\/eldigitaldeasturias.com\\\/magazine365\\\/category\\\/actualidad-turismo\\\/#listItem\",\"name\":\"Actualidad Turismo\"}},{\"@type\":\"ListItem\",\"@id\":\"https:\\\/\\\/eldigitaldeasturias.com\\\/magazine365\\\/category\\\/actualidad-turismo\\\/#listItem\",\"position\":2,\"name\":\"Actualidad Turismo\",\"item\":\"https:\\\/\\\/eldigitaldeasturias.com\\\/magazine365\\\/category\\\/actualidad-turismo\\\/\",\"nextItem\":{\"@type\":\"ListItem\",\"@id\":\"https:\\\/\\\/eldigitaldeasturias.com\\\/magazine365\\\/la-exencion-de-visados-aumentara-en-19-millones-la-llegada-de-turistas-colombianos-y-peruanos-a-espana\\\/#listItem\",\"name\":\"La exenci\\u00f3n de visados aumentar\\u00e1 en 1,9 millones la llegada de turistas colombianos y peruanos a Espa\\u00f1a\"},\"previousItem\":{\"@type\":\"ListItem\",\"@id\":\"https:\\\/\\\/eldigitaldeasturias.com\\\/magazine365#listItem\",\"name\":\"Home\"}},{\"@type\":\"ListItem\",\"@id\":\"https:\\\/\\\/eldigitaldeasturias.com\\\/magazine365\\\/la-exencion-de-visados-aumentara-en-19-millones-la-llegada-de-turistas-colombianos-y-peruanos-a-espana\\\/#listItem\",\"position\":3,\"name\":\"La exenci\\u00f3n de visados aumentar\\u00e1 en 1,9 millones la llegada de turistas colombianos y peruanos a Espa\\u00f1a\",\"previousItem\":{\"@type\":\"ListItem\",\"@id\":\"https:\\\/\\\/eldigitaldeasturias.com\\\/magazine365\\\/category\\\/actualidad-turismo\\\/#listItem\",\"name\":\"Actualidad Turismo\"}}]},{\"@type\":\"Organization\",\"@id\":\"https:\\\/\\\/eldigitaldeasturias.com\\\/magazine365\\\/#organization\",\"name\":\"El digital de Asturias\",\"description\":\"Revista de ocio, turismo y estilo de vida\",\"url\":\"https:\\\/\\\/eldigitaldeasturias.com\\\/magazine365\\\/\",\"logo\":{\"@type\":\"ImageObject\",\"url\":\"https:\\\/\\\/www.eldigitaldeasturias.com\\\/noticias\\\/wp-content\\\/uploads\\\/2020\\\/12\\\/EDA.jpg\",\"@id\":\"https:\\\/\\\/eldigitaldeasturias.com\\\/magazine365\\\/la-exencion-de-visados-aumentara-en-19-millones-la-llegada-de-turistas-colombianos-y-peruanos-a-espana\\\/#organizationLogo\"},\"image\":{\"@id\":\"https:\\\/\\\/eldigitaldeasturias.com\\\/magazine365\\\/la-exencion-de-visados-aumentara-en-19-millones-la-llegada-de-turistas-colombianos-y-peruanos-a-espana\\\/#organizationLogo\"}},{\"@type\":\"Person\",\"@id\":\"https:\\\/\\\/eldigitaldeasturias.com\\\/magazine365\\\/author\\\/admin\\\/#author\",\"url\":\"https:\\\/\\\/eldigitaldeasturias.com\\\/magazine365\\\/author\\\/admin\\\/\",\"name\":\"admin\",\"image\":{\"@type\":\"ImageObject\",\"@id\":\"https:\\\/\\\/eldigitaldeasturias.com\\\/magazine365\\\/la-exencion-de-visados-aumentara-en-19-millones-la-llegada-de-turistas-colombianos-y-peruanos-a-espana\\\/#authorImage\",\"url\":\"https:\\\/\\\/eldigitaldeasturias.com\\\/magazine365\\\/wp-content\\\/litespeed\\\/avatar\\\/e571bcf59a0edd6fa6838245a470f2fe.jpg?ver=1776969259\",\"width\":96,\"height\":96,\"caption\":\"admin\"}},{\"@type\":\"WebPage\",\"@id\":\"https:\\\/\\\/eldigitaldeasturias.com\\\/magazine365\\\/la-exencion-de-visados-aumentara-en-19-millones-la-llegada-de-turistas-colombianos-y-peruanos-a-espana\\\/#webpage\",\"url\":\"https:\\\/\\\/eldigitaldeasturias.com\\\/magazine365\\\/la-exencion-de-visados-aumentara-en-19-millones-la-llegada-de-turistas-colombianos-y-peruanos-a-espana\\\/\",\"name\":\"La exenci\\u00f3n de visados aumentar\\u00e1 en 1,9 millones la llegada de turistas colombianos y peruanos a Espa\\u00f1a | El Digital de Asturias\",\"description\":\"Espa\\u00f1a recibir\\u00e1 1,9 millones m\\u00e1s de turistas colombianos y peruanos en 2016, una vez que entre en vigor la suspensi\\u00f3n de la visa Schengen a finales de este a\\u00f1o, lo que implicar\\u00e1 unos ingresos de 5.000 millones de euros para el sector tur\\u00edstico espa\\u00f1ol, seg\\u00fan un an\\u00e1lisis del comparador 'online' de transporte GoEuro.es. Tras la\",\"inLanguage\":\"es-ES\",\"isPartOf\":{\"@id\":\"https:\\\/\\\/eldigitaldeasturias.com\\\/magazine365\\\/#website\"},\"breadcrumb\":{\"@id\":\"https:\\\/\\\/eldigitaldeasturias.com\\\/magazine365\\\/la-exencion-de-visados-aumentara-en-19-millones-la-llegada-de-turistas-colombianos-y-peruanos-a-espana\\\/#breadcrumblist\"},\"author\":{\"@id\":\"https:\\\/\\\/eldigitaldeasturias.com\\\/magazine365\\\/author\\\/admin\\\/#author\"},\"creator\":{\"@id\":\"https:\\\/\\\/eldigitaldeasturias.com\\\/magazine365\\\/author\\\/admin\\\/#author\"},\"image\":{\"@type\":\"ImageObject\",\"url\":\"https:\\\/\\\/eldigitaldeasturias.com\\\/magazine365\\\/wp-content\\\/uploads\\\/2015\\\/06\\\/fotonoticia_20150611174440_800.jpg\",\"@id\":\"https:\\\/\\\/eldigitaldeasturias.com\\\/magazine365\\\/la-exencion-de-visados-aumentara-en-19-millones-la-llegada-de-turistas-colombianos-y-peruanos-a-espana\\\/#mainImage\",\"width\":800,\"height\":534},\"primaryImageOfPage\":{\"@id\":\"https:\\\/\\\/eldigitaldeasturias.com\\\/magazine365\\\/la-exencion-de-visados-aumentara-en-19-millones-la-llegada-de-turistas-colombianos-y-peruanos-a-espana\\\/#mainImage\"},\"datePublished\":\"2015-06-12T01:40:36+02:00\",\"dateModified\":\"2015-06-12T01:40:36+02:00\"},{\"@type\":\"WebSite\",\"@id\":\"https:\\\/\\\/eldigitaldeasturias.com\\\/magazine365\\\/#website\",\"url\":\"https:\\\/\\\/eldigitaldeasturias.com\\\/magazine365\\\/\",\"name\":\"El Digital de Asturias\",\"description\":\"Revista de ocio, turismo y estilo de vida\",\"inLanguage\":\"es-ES\",\"publisher\":{\"@id\":\"https:\\\/\\\/eldigitaldeasturias.com\\\/magazine365\\\/#organization\"}}]}\n\t\t<\/script>\n\t\t<!-- All in One SEO Pro -->\r\n\t\t<title>La exenci\u00f3n de visados aumentar\u00e1 en 1,9 millones la llegada de turistas colombianos y peruanos a Espa\u00f1a | El Digital de Asturias<\/title>\n\n","aioseo_head_json":{"title":"La exenci\u00f3n de visados aumentar\u00e1 en 1,9 millones la llegada de turistas colombianos y peruanos a Espa\u00f1a | El Digital de Asturias","description":"Espa\u00f1a recibir\u00e1 1,9 millones m\u00e1s de turistas colombianos y peruanos en 2016, una vez que entre en vigor la suspensi\u00f3n de la visa Schengen a finales de este a\u00f1o, lo que implicar\u00e1 unos ingresos de 5.000 millones de euros para el sector tur\u00edstico espa\u00f1ol, seg\u00fan un an\u00e1lisis del comparador 'online' de transporte GoEuro.es. Tras la","canonical_url":"https:\/\/eldigitaldeasturias.com\/magazine365\/la-exencion-de-visados-aumentara-en-19-millones-la-llegada-de-turistas-colombianos-y-peruanos-a-espana\/","robots":"max-image-preview:large","keywords":"actualidad turismo","webmasterTools":{"google-site-verification":"UA-38556648-1","miscellaneous":""},"schema":{"@context":"https:\/\/schema.org","@graph":[{"@type":"Article","@id":"https:\/\/eldigitaldeasturias.com\/magazine365\/la-exencion-de-visados-aumentara-en-19-millones-la-llegada-de-turistas-colombianos-y-peruanos-a-espana\/#article","name":"La exenci\u00f3n de visados aumentar\u00e1 en 1,9 millones la llegada de turistas colombianos y peruanos a Espa\u00f1a | El Digital de Asturias","headline":"La exenci\u00f3n de visados aumentar\u00e1 en 1,9 millones la llegada de turistas colombianos y peruanos a Espa\u00f1a","author":{"@id":"https:\/\/eldigitaldeasturias.com\/magazine365\/author\/admin\/#author"},"publisher":{"@id":"https:\/\/eldigitaldeasturias.com\/magazine365\/#organization"},"image":{"@type":"ImageObject","url":"https:\/\/eldigitaldeasturias.com\/magazine365\/wp-content\/uploads\/2015\/06\/fotonoticia_20150611174440_800.jpg","width":800,"height":534},"datePublished":"2015-06-12T01:40:36+02:00","dateModified":"2015-06-12T01:40:36+02:00","inLanguage":"es-ES","mainEntityOfPage":{"@id":"https:\/\/eldigitaldeasturias.com\/magazine365\/la-exencion-de-visados-aumentara-en-19-millones-la-llegada-de-turistas-colombianos-y-peruanos-a-espana\/#webpage"},"isPartOf":{"@id":"https:\/\/eldigitaldeasturias.com\/magazine365\/la-exencion-de-visados-aumentara-en-19-millones-la-llegada-de-turistas-colombianos-y-peruanos-a-espana\/#webpage"},"articleSection":"Actualidad Turismo"},{"@type":"BreadcrumbList","@id":"https:\/\/eldigitaldeasturias.com\/magazine365\/la-exencion-de-visados-aumentara-en-19-millones-la-llegada-de-turistas-colombianos-y-peruanos-a-espana\/#breadcrumblist","itemListElement":[{"@type":"ListItem","@id":"https:\/\/eldigitaldeasturias.com\/magazine365#listItem","position":1,"name":"Home","item":"https:\/\/eldigitaldeasturias.com\/magazine365","nextItem":{"@type":"ListItem","@id":"https:\/\/eldigitaldeasturias.com\/magazine365\/category\/actualidad-turismo\/#listItem","name":"Actualidad Turismo"}},{"@type":"ListItem","@id":"https:\/\/eldigitaldeasturias.com\/magazine365\/category\/actualidad-turismo\/#listItem","position":2,"name":"Actualidad Turismo","item":"https:\/\/eldigitaldeasturias.com\/magazine365\/category\/actualidad-turismo\/","nextItem":{"@type":"ListItem","@id":"https:\/\/eldigitaldeasturias.com\/magazine365\/la-exencion-de-visados-aumentara-en-19-millones-la-llegada-de-turistas-colombianos-y-peruanos-a-espana\/#listItem","name":"La exenci\u00f3n de visados aumentar\u00e1 en 1,9 millones la llegada de turistas colombianos y peruanos a Espa\u00f1a"},"previousItem":{"@type":"ListItem","@id":"https:\/\/eldigitaldeasturias.com\/magazine365#listItem","name":"Home"}},{"@type":"ListItem","@id":"https:\/\/eldigitaldeasturias.com\/magazine365\/la-exencion-de-visados-aumentara-en-19-millones-la-llegada-de-turistas-colombianos-y-peruanos-a-espana\/#listItem","position":3,"name":"La exenci\u00f3n de visados aumentar\u00e1 en 1,9 millones la llegada de turistas colombianos y peruanos a Espa\u00f1a","previousItem":{"@type":"ListItem","@id":"https:\/\/eldigitaldeasturias.com\/magazine365\/category\/actualidad-turismo\/#listItem","name":"Actualidad Turismo"}}]},{"@type":"Organization","@id":"https:\/\/eldigitaldeasturias.com\/magazine365\/#organization","name":"El digital de Asturias","description":"Revista de ocio, turismo y estilo de vida","url":"https:\/\/eldigitaldeasturias.com\/magazine365\/","logo":{"@type":"ImageObject","url":"https:\/\/www.eldigitaldeasturias.com\/noticias\/wp-content\/uploads\/2020\/12\/EDA.jpg","@id":"https:\/\/eldigitaldeasturias.com\/magazine365\/la-exencion-de-visados-aumentara-en-19-millones-la-llegada-de-turistas-colombianos-y-peruanos-a-espana\/#organizationLogo"},"image":{"@id":"https:\/\/eldigitaldeasturias.com\/magazine365\/la-exencion-de-visados-aumentara-en-19-millones-la-llegada-de-turistas-colombianos-y-peruanos-a-espana\/#organizationLogo"}},{"@type":"Person","@id":"https:\/\/eldigitaldeasturias.com\/magazine365\/author\/admin\/#author","url":"https:\/\/eldigitaldeasturias.com\/magazine365\/author\/admin\/","name":"admin","image":{"@type":"ImageObject","@id":"https:\/\/eldigitaldeasturias.com\/magazine365\/la-exencion-de-visados-aumentara-en-19-millones-la-llegada-de-turistas-colombianos-y-peruanos-a-espana\/#authorImage","url":"https:\/\/eldigitaldeasturias.com\/magazine365\/wp-content\/litespeed\/avatar\/e571bcf59a0edd6fa6838245a470f2fe.jpg?ver=1776969259","width":96,"height":96,"caption":"admin"}},{"@type":"WebPage","@id":"https:\/\/eldigitaldeasturias.com\/magazine365\/la-exencion-de-visados-aumentara-en-19-millones-la-llegada-de-turistas-colombianos-y-peruanos-a-espana\/#webpage","url":"https:\/\/eldigitaldeasturias.com\/magazine365\/la-exencion-de-visados-aumentara-en-19-millones-la-llegada-de-turistas-colombianos-y-peruanos-a-espana\/","name":"La exenci\u00f3n de visados aumentar\u00e1 en 1,9 millones la llegada de turistas colombianos y peruanos a Espa\u00f1a | El Digital de Asturias","description":"Espa\u00f1a recibir\u00e1 1,9 millones m\u00e1s de turistas colombianos y peruanos en 2016, una vez que entre en vigor la suspensi\u00f3n de la visa Schengen a finales de este a\u00f1o, lo que implicar\u00e1 unos ingresos de 5.000 millones de euros para el sector tur\u00edstico espa\u00f1ol, seg\u00fan un an\u00e1lisis del comparador 'online' de transporte GoEuro.es. Tras la","inLanguage":"es-ES","isPartOf":{"@id":"https:\/\/eldigitaldeasturias.com\/magazine365\/#website"},"breadcrumb":{"@id":"https:\/\/eldigitaldeasturias.com\/magazine365\/la-exencion-de-visados-aumentara-en-19-millones-la-llegada-de-turistas-colombianos-y-peruanos-a-espana\/#breadcrumblist"},"author":{"@id":"https:\/\/eldigitaldeasturias.com\/magazine365\/author\/admin\/#author"},"creator":{"@id":"https:\/\/eldigitaldeasturias.com\/magazine365\/author\/admin\/#author"},"image":{"@type":"ImageObject","url":"https:\/\/eldigitaldeasturias.com\/magazine365\/wp-content\/uploads\/2015\/06\/fotonoticia_20150611174440_800.jpg","@id":"https:\/\/eldigitaldeasturias.com\/magazine365\/la-exencion-de-visados-aumentara-en-19-millones-la-llegada-de-turistas-colombianos-y-peruanos-a-espana\/#mainImage","width":800,"height":534},"primaryImageOfPage":{"@id":"https:\/\/eldigitaldeasturias.com\/magazine365\/la-exencion-de-visados-aumentara-en-19-millones-la-llegada-de-turistas-colombianos-y-peruanos-a-espana\/#mainImage"},"datePublished":"2015-06-12T01:40:36+02:00","dateModified":"2015-06-12T01:40:36+02:00"},{"@type":"WebSite","@id":"https:\/\/eldigitaldeasturias.com\/magazine365\/#website","url":"https:\/\/eldigitaldeasturias.com\/magazine365\/","name":"El Digital de Asturias","description":"Revista de ocio, turismo y estilo de vida","inLanguage":"es-ES","publisher":{"@id":"https:\/\/eldigitaldeasturias.com\/magazine365\/#organization"}}]},"og:locale":"es_ES","og:site_name":"El Digital de Asturias \u2013 Revista de ocio, turismo y estilo de vida","og:type":"article","og:title":"La exenci\u00f3n de visados aumentar\u00e1 en 1,9 millones la llegada de turistas colombianos y peruanos a Espa\u00f1a | El Digital de Asturias","og:description":"Espa\u00f1a recibir\u00e1 1,9 millones m\u00e1s de turistas colombianos y peruanos en 2016, una vez que entre en vigor la suspensi\u00f3n de la visa Schengen a finales de este a\u00f1o, lo que implicar\u00e1 unos ingresos de 5.000 millones de euros para el sector tur\u00edstico espa\u00f1ol, seg\u00fan un an\u00e1lisis del comparador 'online' de transporte GoEuro.es. Tras la","og:url":"https:\/\/eldigitaldeasturias.com\/magazine365\/la-exencion-de-visados-aumentara-en-19-millones-la-llegada-de-turistas-colombianos-y-peruanos-a-espana\/","og:image":"https:\/\/eldigitaldeasturias.com\/magazine365\/wp-content\/uploads\/2015\/06\/fotonoticia_20150611174440_800.jpg","og:image:secure_url":"https:\/\/eldigitaldeasturias.com\/magazine365\/wp-content\/uploads\/2015\/06\/fotonoticia_20150611174440_800.jpg","og:image:width":800,"og:image:height":534,"article:published_time":"2015-06-12T00:10:36+00:00","article:modified_time":"2015-06-12T00:10:36+00:00","twitter:card":"summary_large_image","twitter:title":"La exenci\u00f3n de visados aumentar\u00e1 en 1,9 millones la llegada de turistas colombianos y peruanos a Espa\u00f1a | El Digital de Asturias","twitter:description":"Espa\u00f1a recibir\u00e1 1,9 millones m\u00e1s de turistas colombianos y peruanos en 2016, una vez que entre en vigor la suspensi\u00f3n de la visa Schengen a finales de este a\u00f1o, lo que implicar\u00e1 unos ingresos de 5.000 millones de euros para el sector tur\u00edstico espa\u00f1ol, seg\u00fan un an\u00e1lisis del comparador 'online' de transporte GoEuro.es. Tras la","twitter:image":"https:\/\/eldigitaldeasturias.com\/magazine365\/wp-content\/uploads\/2015\/06\/fotonoticia_20150611174440_800.jpg"},"aioseo_meta_data":{"post_id":"39657","title":null,"description":null,"keywords":null,"keyphrases":null,"primary_term":null,"canonical_url":null,"og_title":null,"og_description":null,"og_object_type":"default","og_image_type":"default","og_image_url":null,"og_image_width":null,"og_image_height":null,"og_image_custom_url":null,"og_image_custom_fields":null,"og_video":null,"og_custom_url":null,"og_article_section":null,"og_article_tags":null,"twitter_use_og":false,"twitter_card":"default","twitter_image_type":"default","twitter_image_url":null,"twitter_image_custom_url":null,"twitter_image_custom_fields":null,"twitter_title":null,"twitter_description":null,"schema":{"blockGraphs":[],"customGraphs":[],"default":{"data":{"Article":[],"Course":[],"Dataset":[],"FAQPage":[],"Movie":[],"Person":[],"Product":[],"ProductReview":[],"Car":[],"Recipe":[],"Service":[],"SoftwareApplication":[],"WebPage":[]},"graphName":"","isEnabled":true},"graphs":[],"defaultGraph":"","defaultPostTypeGraph":""},"schema_type":null,"schema_type_options":null,"pillar_content":false,"robots_default":true,"robots_noindex":false,"robots_noarchive":false,"robots_nosnippet":false,"robots_nofollow":false,"robots_noimageindex":false,"robots_noodp":false,"robots_notranslate":false,"robots_max_snippet":null,"robots_max_videopreview":null,"robots_max_imagepreview":"large","priority":null,"frequency":null,"location":null,"local_seo":null,"seo_analyzer_scan_date":"2025-09-19 12:04:23","breadcrumb_settings":null,"limit_modified_date":false,"open_ai":null,"ai":null,"created":"2021-03-09 02:38:52","updated":"2025-09-19 12:04:23"},"aioseo_breadcrumb":"<div class=\"aioseo-breadcrumbs\"><span class=\"aioseo-breadcrumb\">\n\t<a href=\"https:\/\/eldigitaldeasturias.com\/magazine365\" title=\"Home\">Home<\/a>\n<\/span><span class=\"aioseo-breadcrumb-separator\">\u2013<\/span><span class=\"aioseo-breadcrumb\">\n\t<a href=\"https:\/\/eldigitaldeasturias.com\/magazine365\/category\/actualidad-turismo\/\" title=\"Actualidad Turismo\">Actualidad Turismo<\/a>\n<\/span><span class=\"aioseo-breadcrumb-separator\">\u2013<\/span><span class=\"aioseo-breadcrumb\">\n\t<a href=\"https:\/\/eldigitaldeasturias.com\/magazine365\/la-exencion-de-visados-aumentara-en-19-millones-la-llegada-de-turistas-colombianos-y-peruanos-a-espana\/\" title=\"La exenci\u00f3n de visados aumentar\u00e1 en 1,9 millones la llegada de turistas colombianos y peruanos a Espa\u00f1a\">La exenci\u00f3n de visados aumentar\u00e1 en 1,9 millones la llegada de turistas colombianos y peruanos a Espa\u00f1a<\/a>\n<\/span><\/div>","aioseo_breadcrumb_json":[{"label":"Home","link":"https:\/\/eldigitaldeasturias.com\/magazine365"},{"label":"Actualidad Turismo","link":"https:\/\/eldigitaldeasturias.com\/magazine365\/category\/actualidad-turismo\/"},{"label":"La exenci\u00f3n de visados aumentar\u00e1 en 1,9 millones la llegada de turistas colombianos y peruanos a Espa\u00f1a","link":"https:\/\/eldigitaldeasturias.com\/magazine365\/la-exencion-de-visados-aumentara-en-19-millones-la-llegada-de-turistas-colombianos-y-peruanos-a-espana\/"}],"_links":{"self":[{"href":"https:\/\/eldigitaldeasturias.com\/magazine365\/wp-json\/wp\/v2\/posts\/39657","targetHints":{"allow":["GET"]}}],"collection":[{"href":"https:\/\/eldigitaldeasturias.com\/magazine365\/wp-json\/wp\/v2\/posts"}],"about":[{"href":"https:\/\/eldigitaldeasturias.com\/magazine365\/wp-json\/wp\/v2\/types\/post"}],"author":[{"embeddable":true,"href":"https:\/\/eldigitaldeasturias.com\/magazine365\/wp-json\/wp\/v2\/users\/1"}],"replies":[{"embeddable":true,"href":"https:\/\/eldigitaldeasturias.com\/magazine365\/wp-json\/wp\/v2\/comments?post=39657"}],"version-history":[{"count":0,"href":"https:\/\/eldigitaldeasturias.com\/magazine365\/wp-json\/wp\/v2\/posts\/39657\/revisions"}],"wp:featuredmedia":[{"embeddable":true,"href":"https:\/\/eldigitaldeasturias.com\/magazine365\/wp-json\/wp\/v2\/media\/39658"}],"wp:attachment":[{"href":"https:\/\/eldigitaldeasturias.com\/magazine365\/wp-json\/wp\/v2\/media?parent=39657"}],"wp:term":[{"taxonomy":"category","embeddable":true,"href":"https:\/\/eldigitaldeasturias.com\/magazine365\/wp-json\/wp\/v2\/categories?post=39657"},{"taxonomy":"post_tag","embeddable":true,"href":"https:\/\/eldigitaldeasturias.com\/magazine365\/wp-json\/wp\/v2\/tags?post=39657"}],"curies":[{"name":"wp","href":"https:\/\/api.w.org\/{rel}","templated":true}]}}