{"id":39651,"date":"2015-06-12T01:36:54","date_gmt":"2015-06-12T00:06:54","guid":{"rendered":"http:\/\/eldigitaldeasturias.com\/magazine365\/?p=39651"},"modified":"2015-06-12T01:36:54","modified_gmt":"2015-06-12T00:06:54","slug":"ryanair-actualiza-su-aplicacion-movil-en-espana","status":"publish","type":"post","link":"https:\/\/eldigitaldeasturias.com\/magazine365\/ryanair-actualiza-su-aplicacion-movil-en-espana\/","title":{"rendered":"Ryanair actualiza su aplicaci\u00f3n m\u00f3vil en Espa\u00f1a"},"content":{"rendered":"<p><img fetchpriority=\"high\" decoding=\"async\" class=\"alignleft size-medium wp-image-39652\" src=\"https:\/\/eldigitaldeasturias.com\/magazine365\/wp-content\/uploads\/2015\/06\/fotonoticia_20150611174211_800-360x209.jpg\" alt=\"fotonoticia_20150611174211_800\" width=\"360\" height=\"209\" srcset=\"https:\/\/eldigitaldeasturias.com\/magazine365\/wp-content\/uploads\/2015\/06\/fotonoticia_20150611174211_800-360x209.jpg 360w, https:\/\/eldigitaldeasturias.com\/magazine365\/wp-content\/uploads\/2015\/06\/fotonoticia_20150611174211_800-650x377.jpg 650w, https:\/\/eldigitaldeasturias.com\/magazine365\/wp-content\/uploads\/2015\/06\/fotonoticia_20150611174211_800-768x445.jpg 768w, https:\/\/eldigitaldeasturias.com\/magazine365\/wp-content\/uploads\/2015\/06\/fotonoticia_20150611174211_800-150x87.jpg 150w, https:\/\/eldigitaldeasturias.com\/magazine365\/wp-content\/uploads\/2015\/06\/fotonoticia_20150611174211_800-450x261.jpg 450w, https:\/\/eldigitaldeasturias.com\/magazine365\/wp-content\/uploads\/2015\/06\/fotonoticia_20150611174211_800-696x404.jpg 696w, https:\/\/eldigitaldeasturias.com\/magazine365\/wp-content\/uploads\/2015\/06\/fotonoticia_20150611174211_800-724x420.jpg 724w, https:\/\/eldigitaldeasturias.com\/magazine365\/wp-content\/uploads\/2015\/06\/fotonoticia_20150611174211_800-172x100.jpg 172w, https:\/\/eldigitaldeasturias.com\/magazine365\/wp-content\/uploads\/2015\/06\/fotonoticia_20150611174211_800.jpg 800w\" sizes=\"(max-width: 360px) 100vw, 360px\" \/>Ryanair ha lanzado una actualizaci\u00f3n de su aplicaci\u00f3n m\u00f3vil en Espa\u00f1a, que incluye mejoras en la funci\u00f3n de registro del cliente en &#8216;My Ryanair&#8217;, seg\u00fan ha informado la aerol\u00ednea.<\/p>\n<p>La funci\u00f3n &#8216;My Ryanair&#8217; permite que los viajeros espa\u00f1oles puedan utilizar un perfil personal asegurando que los procesos de reserva y facturaci\u00f3n de sus vuelos sean m\u00e1s r\u00e1pidos y personalizados.<\/p>\n<p>La aplicaci\u00f3n m\u00f3vil de Ryanair, disponible para Android e IOS, permite a los usuarios obtener informaci\u00f3n del estado de los vuelos en tiempo real; acceder con el perfil de usuario de &#8216;My Ryanair&#8217;; realizar b\u00fasquedas; seleccionar y reservar asientos; reservar hoteles y coches de alquiler; y, facturar y descargar las tarjetas de embarque en el m\u00f3vil.<\/p>\n<p>Durante este a\u00f1o, se ir\u00e1n introduciendo mejoras adicionales en la funci\u00f3n &#8216;My Ryanair&#8217;, permitiendo a los usuarios espa\u00f1oles incorporar en su perfil a miembros de su familia.<\/p>\n","protected":false},"excerpt":{"rendered":"<p>Ryanair ha lanzado una actualizaci\u00f3n de su aplicaci\u00f3n m\u00f3vil en Espa\u00f1a, que incluye mejoras en la funci\u00f3n de registro del cliente en &#8216;My Ryanair&#8217;, seg\u00fan ha informado la aerol\u00ednea. La funci\u00f3n &#8216;My Ryanair&#8217; permite que los viajeros espa\u00f1oles puedan utilizar un perfil personal asegurando que los procesos de reserva y facturaci\u00f3n de sus vuelos sean<\/p>\n","protected":false},"author":1,"featured_media":39652,"comment_status":"open","ping_status":"closed","sticky":false,"template":"","format":"standard","meta":{"footnotes":""},"categories":[222],"tags":[],"class_list":{"0":"post-39651","1":"post","2":"type-post","3":"status-publish","4":"format-standard","5":"has-post-thumbnail","7":"category-actualidad-turismo"},"aioseo_notices":[],"aioseo_head":"\n\t\t<!-- All in One SEO Pro 4.9.6.1 - aioseo.com -->\n\t<meta name=\"description\" content=\"Ryanair ha lanzado una actualizaci\u00f3n de su aplicaci\u00f3n m\u00f3vil en Espa\u00f1a, que incluye mejoras en la funci\u00f3n de registro del cliente en &#039;My Ryanair&#039;, seg\u00fan ha informado la aerol\u00ednea. La funci\u00f3n &#039;My Ryanair&#039; permite que los viajeros espa\u00f1oles puedan utilizar un perfil personal asegurando que los procesos de reserva y facturaci\u00f3n de sus vuelos sean\" \/>\n\t<meta name=\"robots\" content=\"max-image-preview:large\" \/>\n\t<meta name=\"author\" content=\"admin\"\/>\n\t<meta name=\"google-site-verification\" content=\"UA-38556648-1\" \/>\n\t<meta name=\"keywords\" content=\"actualidad turismo\" \/>\n\t<link rel=\"canonical\" href=\"https:\/\/eldigitaldeasturias.com\/magazine365\/ryanair-actualiza-su-aplicacion-movil-en-espana\/\" \/>\n\t<meta name=\"generator\" content=\"All in One SEO Pro (AIOSEO) 4.9.6.1\" \/>\n\t\t<meta property=\"og:locale\" content=\"es_ES\" \/>\n\t\t<meta property=\"og:site_name\" content=\"El Digital de Asturias \u2013 Revista de ocio, turismo y estilo de vida\" \/>\n\t\t<meta property=\"og:type\" content=\"article\" \/>\n\t\t<meta property=\"og:title\" content=\"Ryanair actualiza su aplicaci\u00f3n m\u00f3vil en Espa\u00f1a | El Digital de Asturias\" \/>\n\t\t<meta property=\"og:description\" content=\"Ryanair ha lanzado una actualizaci\u00f3n de su aplicaci\u00f3n m\u00f3vil en Espa\u00f1a, que incluye mejoras en la funci\u00f3n de registro del cliente en &#039;My Ryanair&#039;, seg\u00fan ha informado la aerol\u00ednea. La funci\u00f3n &#039;My Ryanair&#039; permite que los viajeros espa\u00f1oles puedan utilizar un perfil personal asegurando que los procesos de reserva y facturaci\u00f3n de sus vuelos sean\" \/>\n\t\t<meta property=\"og:url\" content=\"https:\/\/eldigitaldeasturias.com\/magazine365\/ryanair-actualiza-su-aplicacion-movil-en-espana\/\" \/>\n\t\t<meta property=\"og:image\" content=\"https:\/\/eldigitaldeasturias.com\/magazine365\/wp-content\/uploads\/2015\/06\/fotonoticia_20150611174211_800.jpg\" \/>\n\t\t<meta property=\"og:image:secure_url\" content=\"https:\/\/eldigitaldeasturias.com\/magazine365\/wp-content\/uploads\/2015\/06\/fotonoticia_20150611174211_800.jpg\" \/>\n\t\t<meta property=\"og:image:width\" content=\"800\" \/>\n\t\t<meta property=\"og:image:height\" content=\"464\" \/>\n\t\t<meta property=\"article:published_time\" content=\"2015-06-12T00:06:54+00:00\" \/>\n\t\t<meta property=\"article:modified_time\" content=\"2015-06-12T00:06:54+00:00\" \/>\n\t\t<meta name=\"twitter:card\" content=\"summary_large_image\" \/>\n\t\t<meta name=\"twitter:title\" content=\"Ryanair actualiza su aplicaci\u00f3n m\u00f3vil en Espa\u00f1a | El Digital de Asturias\" \/>\n\t\t<meta name=\"twitter:description\" content=\"Ryanair ha lanzado una actualizaci\u00f3n de su aplicaci\u00f3n m\u00f3vil en Espa\u00f1a, que incluye mejoras en la funci\u00f3n de registro del cliente en &#039;My Ryanair&#039;, seg\u00fan ha informado la aerol\u00ednea. La funci\u00f3n &#039;My Ryanair&#039; permite que los viajeros espa\u00f1oles puedan utilizar un perfil personal asegurando que los procesos de reserva y facturaci\u00f3n de sus vuelos sean\" \/>\n\t\t<meta name=\"twitter:image\" content=\"https:\/\/eldigitaldeasturias.com\/magazine365\/wp-content\/uploads\/2015\/06\/fotonoticia_20150611174211_800.jpg\" \/>\n\t\t<script type=\"application\/ld+json\" class=\"aioseo-schema\">\n\t\t\t{\"@context\":\"https:\\\/\\\/schema.org\",\"@graph\":[{\"@type\":\"Article\",\"@id\":\"https:\\\/\\\/eldigitaldeasturias.com\\\/magazine365\\\/ryanair-actualiza-su-aplicacion-movil-en-espana\\\/#article\",\"name\":\"Ryanair actualiza su aplicaci\\u00f3n m\\u00f3vil en Espa\\u00f1a | El Digital de Asturias\",\"headline\":\"Ryanair actualiza su aplicaci\\u00f3n m\\u00f3vil en Espa\\u00f1a\",\"author\":{\"@id\":\"https:\\\/\\\/eldigitaldeasturias.com\\\/magazine365\\\/author\\\/admin\\\/#author\"},\"publisher\":{\"@id\":\"https:\\\/\\\/eldigitaldeasturias.com\\\/magazine365\\\/#organization\"},\"image\":{\"@type\":\"ImageObject\",\"url\":\"https:\\\/\\\/eldigitaldeasturias.com\\\/magazine365\\\/wp-content\\\/uploads\\\/2015\\\/06\\\/fotonoticia_20150611174211_800.jpg\",\"width\":800,\"height\":464},\"datePublished\":\"2015-06-12T01:36:54+02:00\",\"dateModified\":\"2015-06-12T01:36:54+02:00\",\"inLanguage\":\"es-ES\",\"mainEntityOfPage\":{\"@id\":\"https:\\\/\\\/eldigitaldeasturias.com\\\/magazine365\\\/ryanair-actualiza-su-aplicacion-movil-en-espana\\\/#webpage\"},\"isPartOf\":{\"@id\":\"https:\\\/\\\/eldigitaldeasturias.com\\\/magazine365\\\/ryanair-actualiza-su-aplicacion-movil-en-espana\\\/#webpage\"},\"articleSection\":\"Actualidad Turismo\"},{\"@type\":\"BreadcrumbList\",\"@id\":\"https:\\\/\\\/eldigitaldeasturias.com\\\/magazine365\\\/ryanair-actualiza-su-aplicacion-movil-en-espana\\\/#breadcrumblist\",\"itemListElement\":[{\"@type\":\"ListItem\",\"@id\":\"https:\\\/\\\/eldigitaldeasturias.com\\\/magazine365#listItem\",\"position\":1,\"name\":\"Home\",\"item\":\"https:\\\/\\\/eldigitaldeasturias.com\\\/magazine365\",\"nextItem\":{\"@type\":\"ListItem\",\"@id\":\"https:\\\/\\\/eldigitaldeasturias.com\\\/magazine365\\\/category\\\/actualidad-turismo\\\/#listItem\",\"name\":\"Actualidad Turismo\"}},{\"@type\":\"ListItem\",\"@id\":\"https:\\\/\\\/eldigitaldeasturias.com\\\/magazine365\\\/category\\\/actualidad-turismo\\\/#listItem\",\"position\":2,\"name\":\"Actualidad Turismo\",\"item\":\"https:\\\/\\\/eldigitaldeasturias.com\\\/magazine365\\\/category\\\/actualidad-turismo\\\/\",\"nextItem\":{\"@type\":\"ListItem\",\"@id\":\"https:\\\/\\\/eldigitaldeasturias.com\\\/magazine365\\\/ryanair-actualiza-su-aplicacion-movil-en-espana\\\/#listItem\",\"name\":\"Ryanair actualiza su aplicaci\\u00f3n m\\u00f3vil en Espa\\u00f1a\"},\"previousItem\":{\"@type\":\"ListItem\",\"@id\":\"https:\\\/\\\/eldigitaldeasturias.com\\\/magazine365#listItem\",\"name\":\"Home\"}},{\"@type\":\"ListItem\",\"@id\":\"https:\\\/\\\/eldigitaldeasturias.com\\\/magazine365\\\/ryanair-actualiza-su-aplicacion-movil-en-espana\\\/#listItem\",\"position\":3,\"name\":\"Ryanair actualiza su aplicaci\\u00f3n m\\u00f3vil en Espa\\u00f1a\",\"previousItem\":{\"@type\":\"ListItem\",\"@id\":\"https:\\\/\\\/eldigitaldeasturias.com\\\/magazine365\\\/category\\\/actualidad-turismo\\\/#listItem\",\"name\":\"Actualidad Turismo\"}}]},{\"@type\":\"Organization\",\"@id\":\"https:\\\/\\\/eldigitaldeasturias.com\\\/magazine365\\\/#organization\",\"name\":\"El digital de Asturias\",\"description\":\"Revista de ocio, turismo y estilo de vida\",\"url\":\"https:\\\/\\\/eldigitaldeasturias.com\\\/magazine365\\\/\",\"logo\":{\"@type\":\"ImageObject\",\"url\":\"https:\\\/\\\/www.eldigitaldeasturias.com\\\/noticias\\\/wp-content\\\/uploads\\\/2020\\\/12\\\/EDA.jpg\",\"@id\":\"https:\\\/\\\/eldigitaldeasturias.com\\\/magazine365\\\/ryanair-actualiza-su-aplicacion-movil-en-espana\\\/#organizationLogo\"},\"image\":{\"@id\":\"https:\\\/\\\/eldigitaldeasturias.com\\\/magazine365\\\/ryanair-actualiza-su-aplicacion-movil-en-espana\\\/#organizationLogo\"}},{\"@type\":\"Person\",\"@id\":\"https:\\\/\\\/eldigitaldeasturias.com\\\/magazine365\\\/author\\\/admin\\\/#author\",\"url\":\"https:\\\/\\\/eldigitaldeasturias.com\\\/magazine365\\\/author\\\/admin\\\/\",\"name\":\"admin\",\"image\":{\"@type\":\"ImageObject\",\"@id\":\"https:\\\/\\\/eldigitaldeasturias.com\\\/magazine365\\\/ryanair-actualiza-su-aplicacion-movil-en-espana\\\/#authorImage\",\"url\":\"https:\\\/\\\/eldigitaldeasturias.com\\\/magazine365\\\/wp-content\\\/litespeed\\\/avatar\\\/e571bcf59a0edd6fa6838245a470f2fe.jpg?ver=1776969259\",\"width\":96,\"height\":96,\"caption\":\"admin\"}},{\"@type\":\"WebPage\",\"@id\":\"https:\\\/\\\/eldigitaldeasturias.com\\\/magazine365\\\/ryanair-actualiza-su-aplicacion-movil-en-espana\\\/#webpage\",\"url\":\"https:\\\/\\\/eldigitaldeasturias.com\\\/magazine365\\\/ryanair-actualiza-su-aplicacion-movil-en-espana\\\/\",\"name\":\"Ryanair actualiza su aplicaci\\u00f3n m\\u00f3vil en Espa\\u00f1a | El Digital de Asturias\",\"description\":\"Ryanair ha lanzado una actualizaci\\u00f3n de su aplicaci\\u00f3n m\\u00f3vil en Espa\\u00f1a, que incluye mejoras en la funci\\u00f3n de registro del cliente en 'My Ryanair', seg\\u00fan ha informado la aerol\\u00ednea. La funci\\u00f3n 'My Ryanair' permite que los viajeros espa\\u00f1oles puedan utilizar un perfil personal asegurando que los procesos de reserva y facturaci\\u00f3n de sus vuelos sean\",\"inLanguage\":\"es-ES\",\"isPartOf\":{\"@id\":\"https:\\\/\\\/eldigitaldeasturias.com\\\/magazine365\\\/#website\"},\"breadcrumb\":{\"@id\":\"https:\\\/\\\/eldigitaldeasturias.com\\\/magazine365\\\/ryanair-actualiza-su-aplicacion-movil-en-espana\\\/#breadcrumblist\"},\"author\":{\"@id\":\"https:\\\/\\\/eldigitaldeasturias.com\\\/magazine365\\\/author\\\/admin\\\/#author\"},\"creator\":{\"@id\":\"https:\\\/\\\/eldigitaldeasturias.com\\\/magazine365\\\/author\\\/admin\\\/#author\"},\"image\":{\"@type\":\"ImageObject\",\"url\":\"https:\\\/\\\/eldigitaldeasturias.com\\\/magazine365\\\/wp-content\\\/uploads\\\/2015\\\/06\\\/fotonoticia_20150611174211_800.jpg\",\"@id\":\"https:\\\/\\\/eldigitaldeasturias.com\\\/magazine365\\\/ryanair-actualiza-su-aplicacion-movil-en-espana\\\/#mainImage\",\"width\":800,\"height\":464},\"primaryImageOfPage\":{\"@id\":\"https:\\\/\\\/eldigitaldeasturias.com\\\/magazine365\\\/ryanair-actualiza-su-aplicacion-movil-en-espana\\\/#mainImage\"},\"datePublished\":\"2015-06-12T01:36:54+02:00\",\"dateModified\":\"2015-06-12T01:36:54+02:00\"},{\"@type\":\"WebSite\",\"@id\":\"https:\\\/\\\/eldigitaldeasturias.com\\\/magazine365\\\/#website\",\"url\":\"https:\\\/\\\/eldigitaldeasturias.com\\\/magazine365\\\/\",\"name\":\"El Digital de Asturias\",\"description\":\"Revista de ocio, turismo y estilo de vida\",\"inLanguage\":\"es-ES\",\"publisher\":{\"@id\":\"https:\\\/\\\/eldigitaldeasturias.com\\\/magazine365\\\/#organization\"}}]}\n\t\t<\/script>\n\t\t<!-- All in One SEO Pro -->\r\n\t\t<title>Ryanair actualiza su aplicaci\u00f3n m\u00f3vil en Espa\u00f1a | El Digital de Asturias<\/title>\n\n","aioseo_head_json":{"title":"Ryanair actualiza su aplicaci\u00f3n m\u00f3vil en Espa\u00f1a | El Digital de Asturias","description":"Ryanair ha lanzado una actualizaci\u00f3n de su aplicaci\u00f3n m\u00f3vil en Espa\u00f1a, que incluye mejoras en la funci\u00f3n de registro del cliente en 'My Ryanair', seg\u00fan ha informado la aerol\u00ednea. La funci\u00f3n 'My Ryanair' permite que los viajeros espa\u00f1oles puedan utilizar un perfil personal asegurando que los procesos de reserva y facturaci\u00f3n de sus vuelos sean","canonical_url":"https:\/\/eldigitaldeasturias.com\/magazine365\/ryanair-actualiza-su-aplicacion-movil-en-espana\/","robots":"max-image-preview:large","keywords":"actualidad turismo","webmasterTools":{"google-site-verification":"UA-38556648-1","miscellaneous":""},"schema":{"@context":"https:\/\/schema.org","@graph":[{"@type":"Article","@id":"https:\/\/eldigitaldeasturias.com\/magazine365\/ryanair-actualiza-su-aplicacion-movil-en-espana\/#article","name":"Ryanair actualiza su aplicaci\u00f3n m\u00f3vil en Espa\u00f1a | El Digital de Asturias","headline":"Ryanair actualiza su aplicaci\u00f3n m\u00f3vil en Espa\u00f1a","author":{"@id":"https:\/\/eldigitaldeasturias.com\/magazine365\/author\/admin\/#author"},"publisher":{"@id":"https:\/\/eldigitaldeasturias.com\/magazine365\/#organization"},"image":{"@type":"ImageObject","url":"https:\/\/eldigitaldeasturias.com\/magazine365\/wp-content\/uploads\/2015\/06\/fotonoticia_20150611174211_800.jpg","width":800,"height":464},"datePublished":"2015-06-12T01:36:54+02:00","dateModified":"2015-06-12T01:36:54+02:00","inLanguage":"es-ES","mainEntityOfPage":{"@id":"https:\/\/eldigitaldeasturias.com\/magazine365\/ryanair-actualiza-su-aplicacion-movil-en-espana\/#webpage"},"isPartOf":{"@id":"https:\/\/eldigitaldeasturias.com\/magazine365\/ryanair-actualiza-su-aplicacion-movil-en-espana\/#webpage"},"articleSection":"Actualidad Turismo"},{"@type":"BreadcrumbList","@id":"https:\/\/eldigitaldeasturias.com\/magazine365\/ryanair-actualiza-su-aplicacion-movil-en-espana\/#breadcrumblist","itemListElement":[{"@type":"ListItem","@id":"https:\/\/eldigitaldeasturias.com\/magazine365#listItem","position":1,"name":"Home","item":"https:\/\/eldigitaldeasturias.com\/magazine365","nextItem":{"@type":"ListItem","@id":"https:\/\/eldigitaldeasturias.com\/magazine365\/category\/actualidad-turismo\/#listItem","name":"Actualidad Turismo"}},{"@type":"ListItem","@id":"https:\/\/eldigitaldeasturias.com\/magazine365\/category\/actualidad-turismo\/#listItem","position":2,"name":"Actualidad Turismo","item":"https:\/\/eldigitaldeasturias.com\/magazine365\/category\/actualidad-turismo\/","nextItem":{"@type":"ListItem","@id":"https:\/\/eldigitaldeasturias.com\/magazine365\/ryanair-actualiza-su-aplicacion-movil-en-espana\/#listItem","name":"Ryanair actualiza su aplicaci\u00f3n m\u00f3vil en Espa\u00f1a"},"previousItem":{"@type":"ListItem","@id":"https:\/\/eldigitaldeasturias.com\/magazine365#listItem","name":"Home"}},{"@type":"ListItem","@id":"https:\/\/eldigitaldeasturias.com\/magazine365\/ryanair-actualiza-su-aplicacion-movil-en-espana\/#listItem","position":3,"name":"Ryanair actualiza su aplicaci\u00f3n m\u00f3vil en Espa\u00f1a","previousItem":{"@type":"ListItem","@id":"https:\/\/eldigitaldeasturias.com\/magazine365\/category\/actualidad-turismo\/#listItem","name":"Actualidad Turismo"}}]},{"@type":"Organization","@id":"https:\/\/eldigitaldeasturias.com\/magazine365\/#organization","name":"El digital de Asturias","description":"Revista de ocio, turismo y estilo de vida","url":"https:\/\/eldigitaldeasturias.com\/magazine365\/","logo":{"@type":"ImageObject","url":"https:\/\/www.eldigitaldeasturias.com\/noticias\/wp-content\/uploads\/2020\/12\/EDA.jpg","@id":"https:\/\/eldigitaldeasturias.com\/magazine365\/ryanair-actualiza-su-aplicacion-movil-en-espana\/#organizationLogo"},"image":{"@id":"https:\/\/eldigitaldeasturias.com\/magazine365\/ryanair-actualiza-su-aplicacion-movil-en-espana\/#organizationLogo"}},{"@type":"Person","@id":"https:\/\/eldigitaldeasturias.com\/magazine365\/author\/admin\/#author","url":"https:\/\/eldigitaldeasturias.com\/magazine365\/author\/admin\/","name":"admin","image":{"@type":"ImageObject","@id":"https:\/\/eldigitaldeasturias.com\/magazine365\/ryanair-actualiza-su-aplicacion-movil-en-espana\/#authorImage","url":"https:\/\/eldigitaldeasturias.com\/magazine365\/wp-content\/litespeed\/avatar\/e571bcf59a0edd6fa6838245a470f2fe.jpg?ver=1776969259","width":96,"height":96,"caption":"admin"}},{"@type":"WebPage","@id":"https:\/\/eldigitaldeasturias.com\/magazine365\/ryanair-actualiza-su-aplicacion-movil-en-espana\/#webpage","url":"https:\/\/eldigitaldeasturias.com\/magazine365\/ryanair-actualiza-su-aplicacion-movil-en-espana\/","name":"Ryanair actualiza su aplicaci\u00f3n m\u00f3vil en Espa\u00f1a | El Digital de Asturias","description":"Ryanair ha lanzado una actualizaci\u00f3n de su aplicaci\u00f3n m\u00f3vil en Espa\u00f1a, que incluye mejoras en la funci\u00f3n de registro del cliente en 'My Ryanair', seg\u00fan ha informado la aerol\u00ednea. La funci\u00f3n 'My Ryanair' permite que los viajeros espa\u00f1oles puedan utilizar un perfil personal asegurando que los procesos de reserva y facturaci\u00f3n de sus vuelos sean","inLanguage":"es-ES","isPartOf":{"@id":"https:\/\/eldigitaldeasturias.com\/magazine365\/#website"},"breadcrumb":{"@id":"https:\/\/eldigitaldeasturias.com\/magazine365\/ryanair-actualiza-su-aplicacion-movil-en-espana\/#breadcrumblist"},"author":{"@id":"https:\/\/eldigitaldeasturias.com\/magazine365\/author\/admin\/#author"},"creator":{"@id":"https:\/\/eldigitaldeasturias.com\/magazine365\/author\/admin\/#author"},"image":{"@type":"ImageObject","url":"https:\/\/eldigitaldeasturias.com\/magazine365\/wp-content\/uploads\/2015\/06\/fotonoticia_20150611174211_800.jpg","@id":"https:\/\/eldigitaldeasturias.com\/magazine365\/ryanair-actualiza-su-aplicacion-movil-en-espana\/#mainImage","width":800,"height":464},"primaryImageOfPage":{"@id":"https:\/\/eldigitaldeasturias.com\/magazine365\/ryanair-actualiza-su-aplicacion-movil-en-espana\/#mainImage"},"datePublished":"2015-06-12T01:36:54+02:00","dateModified":"2015-06-12T01:36:54+02:00"},{"@type":"WebSite","@id":"https:\/\/eldigitaldeasturias.com\/magazine365\/#website","url":"https:\/\/eldigitaldeasturias.com\/magazine365\/","name":"El Digital de Asturias","description":"Revista de ocio, turismo y estilo de vida","inLanguage":"es-ES","publisher":{"@id":"https:\/\/eldigitaldeasturias.com\/magazine365\/#organization"}}]},"og:locale":"es_ES","og:site_name":"El Digital de Asturias \u2013 Revista de ocio, turismo y estilo de vida","og:type":"article","og:title":"Ryanair actualiza su aplicaci\u00f3n m\u00f3vil en Espa\u00f1a | El Digital de Asturias","og:description":"Ryanair ha lanzado una actualizaci\u00f3n de su aplicaci\u00f3n m\u00f3vil en Espa\u00f1a, que incluye mejoras en la funci\u00f3n de registro del cliente en 'My Ryanair', seg\u00fan ha informado la aerol\u00ednea. La funci\u00f3n 'My Ryanair' permite que los viajeros espa\u00f1oles puedan utilizar un perfil personal asegurando que los procesos de reserva y facturaci\u00f3n de sus vuelos sean","og:url":"https:\/\/eldigitaldeasturias.com\/magazine365\/ryanair-actualiza-su-aplicacion-movil-en-espana\/","og:image":"https:\/\/eldigitaldeasturias.com\/magazine365\/wp-content\/uploads\/2015\/06\/fotonoticia_20150611174211_800.jpg","og:image:secure_url":"https:\/\/eldigitaldeasturias.com\/magazine365\/wp-content\/uploads\/2015\/06\/fotonoticia_20150611174211_800.jpg","og:image:width":800,"og:image:height":464,"article:published_time":"2015-06-12T00:06:54+00:00","article:modified_time":"2015-06-12T00:06:54+00:00","twitter:card":"summary_large_image","twitter:title":"Ryanair actualiza su aplicaci\u00f3n m\u00f3vil en Espa\u00f1a | El Digital de Asturias","twitter:description":"Ryanair ha lanzado una actualizaci\u00f3n de su aplicaci\u00f3n m\u00f3vil en Espa\u00f1a, que incluye mejoras en la funci\u00f3n de registro del cliente en 'My Ryanair', seg\u00fan ha informado la aerol\u00ednea. La funci\u00f3n 'My Ryanair' permite que los viajeros espa\u00f1oles puedan utilizar un perfil personal asegurando que los procesos de reserva y facturaci\u00f3n de sus vuelos sean","twitter:image":"https:\/\/eldigitaldeasturias.com\/magazine365\/wp-content\/uploads\/2015\/06\/fotonoticia_20150611174211_800.jpg"},"aioseo_meta_data":{"post_id":"39651","title":null,"description":null,"keywords":null,"keyphrases":null,"primary_term":null,"canonical_url":null,"og_title":null,"og_description":null,"og_object_type":"default","og_image_type":"default","og_image_url":null,"og_image_width":null,"og_image_height":null,"og_image_custom_url":null,"og_image_custom_fields":null,"og_video":null,"og_custom_url":null,"og_article_section":null,"og_article_tags":null,"twitter_use_og":false,"twitter_card":"default","twitter_image_type":"default","twitter_image_url":null,"twitter_image_custom_url":null,"twitter_image_custom_fields":null,"twitter_title":null,"twitter_description":null,"schema":{"blockGraphs":[],"customGraphs":[],"default":{"data":{"Article":[],"Course":[],"Dataset":[],"FAQPage":[],"Movie":[],"Person":[],"Product":[],"ProductReview":[],"Car":[],"Recipe":[],"Service":[],"SoftwareApplication":[],"WebPage":[]},"graphName":"","isEnabled":true},"graphs":[],"defaultGraph":"","defaultPostTypeGraph":""},"schema_type":null,"schema_type_options":null,"pillar_content":false,"robots_default":true,"robots_noindex":false,"robots_noarchive":false,"robots_nosnippet":false,"robots_nofollow":false,"robots_noimageindex":false,"robots_noodp":false,"robots_notranslate":false,"robots_max_snippet":null,"robots_max_videopreview":null,"robots_max_imagepreview":"large","priority":null,"frequency":null,"location":null,"local_seo":null,"seo_analyzer_scan_date":"2025-09-19 12:04:19","breadcrumb_settings":null,"limit_modified_date":false,"open_ai":null,"ai":null,"created":"2021-03-09 02:38:52","updated":"2025-09-19 12:04:19"},"aioseo_breadcrumb":"<div class=\"aioseo-breadcrumbs\"><span class=\"aioseo-breadcrumb\">\n\t<a href=\"https:\/\/eldigitaldeasturias.com\/magazine365\" title=\"Home\">Home<\/a>\n<\/span><span class=\"aioseo-breadcrumb-separator\">\u2013<\/span><span class=\"aioseo-breadcrumb\">\n\t<a href=\"https:\/\/eldigitaldeasturias.com\/magazine365\/category\/actualidad-turismo\/\" title=\"Actualidad Turismo\">Actualidad Turismo<\/a>\n<\/span><span class=\"aioseo-breadcrumb-separator\">\u2013<\/span><span class=\"aioseo-breadcrumb\">\n\t<a href=\"https:\/\/eldigitaldeasturias.com\/magazine365\/ryanair-actualiza-su-aplicacion-movil-en-espana\/\" title=\"Ryanair actualiza su aplicaci\u00f3n m\u00f3vil en Espa\u00f1a\">Ryanair actualiza su aplicaci\u00f3n m\u00f3vil en Espa\u00f1a<\/a>\n<\/span><\/div>","aioseo_breadcrumb_json":[{"label":"Home","link":"https:\/\/eldigitaldeasturias.com\/magazine365"},{"label":"Actualidad Turismo","link":"https:\/\/eldigitaldeasturias.com\/magazine365\/category\/actualidad-turismo\/"},{"label":"Ryanair actualiza su aplicaci\u00f3n m\u00f3vil en Espa\u00f1a","link":"https:\/\/eldigitaldeasturias.com\/magazine365\/ryanair-actualiza-su-aplicacion-movil-en-espana\/"}],"_links":{"self":[{"href":"https:\/\/eldigitaldeasturias.com\/magazine365\/wp-json\/wp\/v2\/posts\/39651","targetHints":{"allow":["GET"]}}],"collection":[{"href":"https:\/\/eldigitaldeasturias.com\/magazine365\/wp-json\/wp\/v2\/posts"}],"about":[{"href":"https:\/\/eldigitaldeasturias.com\/magazine365\/wp-json\/wp\/v2\/types\/post"}],"author":[{"embeddable":true,"href":"https:\/\/eldigitaldeasturias.com\/magazine365\/wp-json\/wp\/v2\/users\/1"}],"replies":[{"embeddable":true,"href":"https:\/\/eldigitaldeasturias.com\/magazine365\/wp-json\/wp\/v2\/comments?post=39651"}],"version-history":[{"count":0,"href":"https:\/\/eldigitaldeasturias.com\/magazine365\/wp-json\/wp\/v2\/posts\/39651\/revisions"}],"wp:featuredmedia":[{"embeddable":true,"href":"https:\/\/eldigitaldeasturias.com\/magazine365\/wp-json\/wp\/v2\/media\/39652"}],"wp:attachment":[{"href":"https:\/\/eldigitaldeasturias.com\/magazine365\/wp-json\/wp\/v2\/media?parent=39651"}],"wp:term":[{"taxonomy":"category","embeddable":true,"href":"https:\/\/eldigitaldeasturias.com\/magazine365\/wp-json\/wp\/v2\/categories?post=39651"},{"taxonomy":"post_tag","embeddable":true,"href":"https:\/\/eldigitaldeasturias.com\/magazine365\/wp-json\/wp\/v2\/tags?post=39651"}],"curies":[{"name":"wp","href":"https:\/\/api.w.org\/{rel}","templated":true}]}}