{"id":39648,"date":"2015-06-12T01:34:43","date_gmt":"2015-06-12T00:04:43","guid":{"rendered":"http:\/\/eldigitaldeasturias.com\/magazine365\/?p=39648"},"modified":"2015-06-12T01:34:43","modified_gmt":"2015-06-12T00:04:43","slug":"confortel-hoteles-pasa-a-llamarse-ilunion-hotels","status":"publish","type":"post","link":"https:\/\/eldigitaldeasturias.com\/magazine365\/confortel-hoteles-pasa-a-llamarse-ilunion-hotels\/","title":{"rendered":"Confortel Hoteles pasa a llamarse &#8216;Ilunion Hotels&#8217;"},"content":{"rendered":"<p><img fetchpriority=\"high\" decoding=\"async\" class=\"alignleft size-medium wp-image-39649\" src=\"https:\/\/eldigitaldeasturias.com\/magazine365\/wp-content\/uploads\/2015\/06\/fotonoticia_20150611174047_800-360x270.jpg\" alt=\"fotonoticia_20150611174047_800\" width=\"360\" height=\"270\" srcset=\"https:\/\/eldigitaldeasturias.com\/magazine365\/wp-content\/uploads\/2015\/06\/fotonoticia_20150611174047_800-360x270.jpg 360w, https:\/\/eldigitaldeasturias.com\/magazine365\/wp-content\/uploads\/2015\/06\/fotonoticia_20150611174047_800-650x488.jpg 650w, https:\/\/eldigitaldeasturias.com\/magazine365\/wp-content\/uploads\/2015\/06\/fotonoticia_20150611174047_800-768x576.jpg 768w, https:\/\/eldigitaldeasturias.com\/magazine365\/wp-content\/uploads\/2015\/06\/fotonoticia_20150611174047_800-150x113.jpg 150w, https:\/\/eldigitaldeasturias.com\/magazine365\/wp-content\/uploads\/2015\/06\/fotonoticia_20150611174047_800-450x338.jpg 450w, https:\/\/eldigitaldeasturias.com\/magazine365\/wp-content\/uploads\/2015\/06\/fotonoticia_20150611174047_800-80x60.jpg 80w, https:\/\/eldigitaldeasturias.com\/magazine365\/wp-content\/uploads\/2015\/06\/fotonoticia_20150611174047_800-265x198.jpg 265w, https:\/\/eldigitaldeasturias.com\/magazine365\/wp-content\/uploads\/2015\/06\/fotonoticia_20150611174047_800-696x522.jpg 696w, https:\/\/eldigitaldeasturias.com\/magazine365\/wp-content\/uploads\/2015\/06\/fotonoticia_20150611174047_800-560x420.jpg 560w, https:\/\/eldigitaldeasturias.com\/magazine365\/wp-content\/uploads\/2015\/06\/fotonoticia_20150611174047_800-90x67.jpg 90w, https:\/\/eldigitaldeasturias.com\/magazine365\/wp-content\/uploads\/2015\/06\/fotonoticia_20150611174047_800-100x75.jpg 100w, https:\/\/eldigitaldeasturias.com\/magazine365\/wp-content\/uploads\/2015\/06\/fotonoticia_20150611174047_800.jpg 800w\" sizes=\"(max-width: 360px) 100vw, 360px\" \/>Confortel Hoteles se llama a partir de hoy &#8216;Ilunion Hotels&#8217;, al adoptar la marca del grupo empresarial de la ONCE y de su Fundaci\u00f3n al que pertenece, seg\u00fan ha informado la compa\u00f1\u00eda en un comunicado.<\/p>\n<p>La cadena hotelera ha sido la \u00faltima compa\u00f1\u00eda del grupo empresarial en adoptar la marca Ilunion, nacida en noviembre de 2014, tras un proceso de adaptaci\u00f3n de su negocio a la nueva marca.<\/p>\n<p>Confortel Hoteles, que cuenta con una cartera de 22 hoteles en Espa\u00f1a, ha incorporado en poco m\u00e1s de un a\u00f1o cuatro establecimientos y, para los pr\u00f3ximos tres a\u00f1os, tiene previsto abrir una decena de hoteles, tanto en el mercado urbano como vacacional.<\/p>\n<p>De esta forma, Ilunion Hotels contribuir\u00e1 a la creaci\u00f3n de empleo para personas con discapacidad, una de las se\u00f1as de identidad de la cadena hotelera.<\/p>\n","protected":false},"excerpt":{"rendered":"<p>Confortel Hoteles se llama a partir de hoy &#8216;Ilunion Hotels&#8217;, al adoptar la marca del grupo empresarial de la ONCE y de su Fundaci\u00f3n al que pertenece, seg\u00fan ha informado la compa\u00f1\u00eda en un comunicado. La cadena hotelera ha sido la \u00faltima compa\u00f1\u00eda del grupo empresarial en adoptar la marca Ilunion, nacida en noviembre de<\/p>\n","protected":false},"author":1,"featured_media":39649,"comment_status":"open","ping_status":"closed","sticky":false,"template":"","format":"standard","meta":{"footnotes":""},"categories":[222],"tags":[],"class_list":{"0":"post-39648","1":"post","2":"type-post","3":"status-publish","4":"format-standard","5":"has-post-thumbnail","7":"category-actualidad-turismo"},"aioseo_notices":[],"aioseo_head":"\n\t\t<!-- All in One SEO Pro 4.9.6.1 - aioseo.com -->\n\t<meta name=\"description\" content=\"Confortel Hoteles se llama a partir de hoy &#039;Ilunion Hotels&#039;, al adoptar la marca del grupo empresarial de la ONCE y de su Fundaci\u00f3n al que pertenece, seg\u00fan ha informado la compa\u00f1\u00eda en un comunicado. La cadena hotelera ha sido la \u00faltima compa\u00f1\u00eda del grupo empresarial en adoptar la marca Ilunion, nacida en noviembre de\" \/>\n\t<meta name=\"robots\" content=\"max-image-preview:large\" \/>\n\t<meta name=\"author\" content=\"admin\"\/>\n\t<meta name=\"google-site-verification\" content=\"UA-38556648-1\" \/>\n\t<meta name=\"keywords\" content=\"actualidad turismo\" \/>\n\t<link rel=\"canonical\" href=\"https:\/\/eldigitaldeasturias.com\/magazine365\/confortel-hoteles-pasa-a-llamarse-ilunion-hotels\/\" \/>\n\t<meta name=\"generator\" content=\"All in One SEO Pro (AIOSEO) 4.9.6.1\" \/>\n\t\t<meta property=\"og:locale\" content=\"es_ES\" \/>\n\t\t<meta property=\"og:site_name\" content=\"El Digital de Asturias \u2013 Revista de ocio, turismo y estilo de vida\" \/>\n\t\t<meta property=\"og:type\" content=\"article\" \/>\n\t\t<meta property=\"og:title\" content=\"Confortel Hoteles pasa a llamarse \u2018Ilunion Hotels\u2019 | El Digital de Asturias\" \/>\n\t\t<meta property=\"og:description\" content=\"Confortel Hoteles se llama a partir de hoy &#039;Ilunion Hotels&#039;, al adoptar la marca del grupo empresarial de la ONCE y de su Fundaci\u00f3n al que pertenece, seg\u00fan ha informado la compa\u00f1\u00eda en un comunicado. La cadena hotelera ha sido la \u00faltima compa\u00f1\u00eda del grupo empresarial en adoptar la marca Ilunion, nacida en noviembre de\" \/>\n\t\t<meta property=\"og:url\" content=\"https:\/\/eldigitaldeasturias.com\/magazine365\/confortel-hoteles-pasa-a-llamarse-ilunion-hotels\/\" \/>\n\t\t<meta property=\"og:image\" content=\"https:\/\/eldigitaldeasturias.com\/magazine365\/wp-content\/uploads\/2015\/06\/fotonoticia_20150611174047_800.jpg\" \/>\n\t\t<meta property=\"og:image:secure_url\" content=\"https:\/\/eldigitaldeasturias.com\/magazine365\/wp-content\/uploads\/2015\/06\/fotonoticia_20150611174047_800.jpg\" \/>\n\t\t<meta property=\"og:image:width\" content=\"800\" \/>\n\t\t<meta property=\"og:image:height\" content=\"600\" \/>\n\t\t<meta property=\"article:published_time\" content=\"2015-06-12T00:04:43+00:00\" \/>\n\t\t<meta property=\"article:modified_time\" content=\"2015-06-12T00:04:43+00:00\" \/>\n\t\t<meta name=\"twitter:card\" content=\"summary_large_image\" \/>\n\t\t<meta name=\"twitter:title\" content=\"Confortel Hoteles pasa a llamarse \u2018Ilunion Hotels\u2019 | El Digital de Asturias\" \/>\n\t\t<meta name=\"twitter:description\" content=\"Confortel Hoteles se llama a partir de hoy &#039;Ilunion Hotels&#039;, al adoptar la marca del grupo empresarial de la ONCE y de su Fundaci\u00f3n al que pertenece, seg\u00fan ha informado la compa\u00f1\u00eda en un comunicado. La cadena hotelera ha sido la \u00faltima compa\u00f1\u00eda del grupo empresarial en adoptar la marca Ilunion, nacida en noviembre de\" \/>\n\t\t<meta name=\"twitter:image\" content=\"https:\/\/eldigitaldeasturias.com\/magazine365\/wp-content\/uploads\/2015\/06\/fotonoticia_20150611174047_800.jpg\" \/>\n\t\t<script type=\"application\/ld+json\" class=\"aioseo-schema\">\n\t\t\t{\"@context\":\"https:\\\/\\\/schema.org\",\"@graph\":[{\"@type\":\"Article\",\"@id\":\"https:\\\/\\\/eldigitaldeasturias.com\\\/magazine365\\\/confortel-hoteles-pasa-a-llamarse-ilunion-hotels\\\/#article\",\"name\":\"Confortel Hoteles pasa a llamarse \\u2018Ilunion Hotels\\u2019 | El Digital de Asturias\",\"headline\":\"Confortel Hoteles pasa a llamarse &#8216;Ilunion Hotels&#8217;\",\"author\":{\"@id\":\"https:\\\/\\\/eldigitaldeasturias.com\\\/magazine365\\\/author\\\/admin\\\/#author\"},\"publisher\":{\"@id\":\"https:\\\/\\\/eldigitaldeasturias.com\\\/magazine365\\\/#organization\"},\"image\":{\"@type\":\"ImageObject\",\"url\":\"https:\\\/\\\/eldigitaldeasturias.com\\\/magazine365\\\/wp-content\\\/uploads\\\/2015\\\/06\\\/fotonoticia_20150611174047_800.jpg\",\"width\":800,\"height\":600},\"datePublished\":\"2015-06-12T01:34:43+02:00\",\"dateModified\":\"2015-06-12T01:34:43+02:00\",\"inLanguage\":\"es-ES\",\"mainEntityOfPage\":{\"@id\":\"https:\\\/\\\/eldigitaldeasturias.com\\\/magazine365\\\/confortel-hoteles-pasa-a-llamarse-ilunion-hotels\\\/#webpage\"},\"isPartOf\":{\"@id\":\"https:\\\/\\\/eldigitaldeasturias.com\\\/magazine365\\\/confortel-hoteles-pasa-a-llamarse-ilunion-hotels\\\/#webpage\"},\"articleSection\":\"Actualidad Turismo\"},{\"@type\":\"BreadcrumbList\",\"@id\":\"https:\\\/\\\/eldigitaldeasturias.com\\\/magazine365\\\/confortel-hoteles-pasa-a-llamarse-ilunion-hotels\\\/#breadcrumblist\",\"itemListElement\":[{\"@type\":\"ListItem\",\"@id\":\"https:\\\/\\\/eldigitaldeasturias.com\\\/magazine365#listItem\",\"position\":1,\"name\":\"Home\",\"item\":\"https:\\\/\\\/eldigitaldeasturias.com\\\/magazine365\",\"nextItem\":{\"@type\":\"ListItem\",\"@id\":\"https:\\\/\\\/eldigitaldeasturias.com\\\/magazine365\\\/category\\\/actualidad-turismo\\\/#listItem\",\"name\":\"Actualidad Turismo\"}},{\"@type\":\"ListItem\",\"@id\":\"https:\\\/\\\/eldigitaldeasturias.com\\\/magazine365\\\/category\\\/actualidad-turismo\\\/#listItem\",\"position\":2,\"name\":\"Actualidad Turismo\",\"item\":\"https:\\\/\\\/eldigitaldeasturias.com\\\/magazine365\\\/category\\\/actualidad-turismo\\\/\",\"nextItem\":{\"@type\":\"ListItem\",\"@id\":\"https:\\\/\\\/eldigitaldeasturias.com\\\/magazine365\\\/confortel-hoteles-pasa-a-llamarse-ilunion-hotels\\\/#listItem\",\"name\":\"Confortel Hoteles pasa a llamarse &#8216;Ilunion Hotels&#8217;\"},\"previousItem\":{\"@type\":\"ListItem\",\"@id\":\"https:\\\/\\\/eldigitaldeasturias.com\\\/magazine365#listItem\",\"name\":\"Home\"}},{\"@type\":\"ListItem\",\"@id\":\"https:\\\/\\\/eldigitaldeasturias.com\\\/magazine365\\\/confortel-hoteles-pasa-a-llamarse-ilunion-hotels\\\/#listItem\",\"position\":3,\"name\":\"Confortel Hoteles pasa a llamarse &#8216;Ilunion Hotels&#8217;\",\"previousItem\":{\"@type\":\"ListItem\",\"@id\":\"https:\\\/\\\/eldigitaldeasturias.com\\\/magazine365\\\/category\\\/actualidad-turismo\\\/#listItem\",\"name\":\"Actualidad Turismo\"}}]},{\"@type\":\"Organization\",\"@id\":\"https:\\\/\\\/eldigitaldeasturias.com\\\/magazine365\\\/#organization\",\"name\":\"El digital de Asturias\",\"description\":\"Revista de ocio, turismo y estilo de vida\",\"url\":\"https:\\\/\\\/eldigitaldeasturias.com\\\/magazine365\\\/\",\"logo\":{\"@type\":\"ImageObject\",\"url\":\"https:\\\/\\\/www.eldigitaldeasturias.com\\\/noticias\\\/wp-content\\\/uploads\\\/2020\\\/12\\\/EDA.jpg\",\"@id\":\"https:\\\/\\\/eldigitaldeasturias.com\\\/magazine365\\\/confortel-hoteles-pasa-a-llamarse-ilunion-hotels\\\/#organizationLogo\"},\"image\":{\"@id\":\"https:\\\/\\\/eldigitaldeasturias.com\\\/magazine365\\\/confortel-hoteles-pasa-a-llamarse-ilunion-hotels\\\/#organizationLogo\"}},{\"@type\":\"Person\",\"@id\":\"https:\\\/\\\/eldigitaldeasturias.com\\\/magazine365\\\/author\\\/admin\\\/#author\",\"url\":\"https:\\\/\\\/eldigitaldeasturias.com\\\/magazine365\\\/author\\\/admin\\\/\",\"name\":\"admin\",\"image\":{\"@type\":\"ImageObject\",\"@id\":\"https:\\\/\\\/eldigitaldeasturias.com\\\/magazine365\\\/confortel-hoteles-pasa-a-llamarse-ilunion-hotels\\\/#authorImage\",\"url\":\"https:\\\/\\\/eldigitaldeasturias.com\\\/magazine365\\\/wp-content\\\/litespeed\\\/avatar\\\/e571bcf59a0edd6fa6838245a470f2fe.jpg?ver=1776969259\",\"width\":96,\"height\":96,\"caption\":\"admin\"}},{\"@type\":\"WebPage\",\"@id\":\"https:\\\/\\\/eldigitaldeasturias.com\\\/magazine365\\\/confortel-hoteles-pasa-a-llamarse-ilunion-hotels\\\/#webpage\",\"url\":\"https:\\\/\\\/eldigitaldeasturias.com\\\/magazine365\\\/confortel-hoteles-pasa-a-llamarse-ilunion-hotels\\\/\",\"name\":\"Confortel Hoteles pasa a llamarse \\u2018Ilunion Hotels\\u2019 | El Digital de Asturias\",\"description\":\"Confortel Hoteles se llama a partir de hoy 'Ilunion Hotels', al adoptar la marca del grupo empresarial de la ONCE y de su Fundaci\\u00f3n al que pertenece, seg\\u00fan ha informado la compa\\u00f1\\u00eda en un comunicado. La cadena hotelera ha sido la \\u00faltima compa\\u00f1\\u00eda del grupo empresarial en adoptar la marca Ilunion, nacida en noviembre de\",\"inLanguage\":\"es-ES\",\"isPartOf\":{\"@id\":\"https:\\\/\\\/eldigitaldeasturias.com\\\/magazine365\\\/#website\"},\"breadcrumb\":{\"@id\":\"https:\\\/\\\/eldigitaldeasturias.com\\\/magazine365\\\/confortel-hoteles-pasa-a-llamarse-ilunion-hotels\\\/#breadcrumblist\"},\"author\":{\"@id\":\"https:\\\/\\\/eldigitaldeasturias.com\\\/magazine365\\\/author\\\/admin\\\/#author\"},\"creator\":{\"@id\":\"https:\\\/\\\/eldigitaldeasturias.com\\\/magazine365\\\/author\\\/admin\\\/#author\"},\"image\":{\"@type\":\"ImageObject\",\"url\":\"https:\\\/\\\/eldigitaldeasturias.com\\\/magazine365\\\/wp-content\\\/uploads\\\/2015\\\/06\\\/fotonoticia_20150611174047_800.jpg\",\"@id\":\"https:\\\/\\\/eldigitaldeasturias.com\\\/magazine365\\\/confortel-hoteles-pasa-a-llamarse-ilunion-hotels\\\/#mainImage\",\"width\":800,\"height\":600},\"primaryImageOfPage\":{\"@id\":\"https:\\\/\\\/eldigitaldeasturias.com\\\/magazine365\\\/confortel-hoteles-pasa-a-llamarse-ilunion-hotels\\\/#mainImage\"},\"datePublished\":\"2015-06-12T01:34:43+02:00\",\"dateModified\":\"2015-06-12T01:34:43+02:00\"},{\"@type\":\"WebSite\",\"@id\":\"https:\\\/\\\/eldigitaldeasturias.com\\\/magazine365\\\/#website\",\"url\":\"https:\\\/\\\/eldigitaldeasturias.com\\\/magazine365\\\/\",\"name\":\"El Digital de Asturias\",\"description\":\"Revista de ocio, turismo y estilo de vida\",\"inLanguage\":\"es-ES\",\"publisher\":{\"@id\":\"https:\\\/\\\/eldigitaldeasturias.com\\\/magazine365\\\/#organization\"}}]}\n\t\t<\/script>\n\t\t<!-- All in One SEO Pro -->\r\n\t\t<title>Confortel Hoteles pasa a llamarse \u2018Ilunion Hotels\u2019 | El Digital de Asturias<\/title>\n\n","aioseo_head_json":{"title":"Confortel Hoteles pasa a llamarse \u2018Ilunion Hotels\u2019 | El Digital de Asturias","description":"Confortel Hoteles se llama a partir de hoy 'Ilunion Hotels', al adoptar la marca del grupo empresarial de la ONCE y de su Fundaci\u00f3n al que pertenece, seg\u00fan ha informado la compa\u00f1\u00eda en un comunicado. La cadena hotelera ha sido la \u00faltima compa\u00f1\u00eda del grupo empresarial en adoptar la marca Ilunion, nacida en noviembre de","canonical_url":"https:\/\/eldigitaldeasturias.com\/magazine365\/confortel-hoteles-pasa-a-llamarse-ilunion-hotels\/","robots":"max-image-preview:large","keywords":"actualidad turismo","webmasterTools":{"google-site-verification":"UA-38556648-1","miscellaneous":""},"schema":{"@context":"https:\/\/schema.org","@graph":[{"@type":"Article","@id":"https:\/\/eldigitaldeasturias.com\/magazine365\/confortel-hoteles-pasa-a-llamarse-ilunion-hotels\/#article","name":"Confortel Hoteles pasa a llamarse \u2018Ilunion Hotels\u2019 | El Digital de Asturias","headline":"Confortel Hoteles pasa a llamarse &#8216;Ilunion Hotels&#8217;","author":{"@id":"https:\/\/eldigitaldeasturias.com\/magazine365\/author\/admin\/#author"},"publisher":{"@id":"https:\/\/eldigitaldeasturias.com\/magazine365\/#organization"},"image":{"@type":"ImageObject","url":"https:\/\/eldigitaldeasturias.com\/magazine365\/wp-content\/uploads\/2015\/06\/fotonoticia_20150611174047_800.jpg","width":800,"height":600},"datePublished":"2015-06-12T01:34:43+02:00","dateModified":"2015-06-12T01:34:43+02:00","inLanguage":"es-ES","mainEntityOfPage":{"@id":"https:\/\/eldigitaldeasturias.com\/magazine365\/confortel-hoteles-pasa-a-llamarse-ilunion-hotels\/#webpage"},"isPartOf":{"@id":"https:\/\/eldigitaldeasturias.com\/magazine365\/confortel-hoteles-pasa-a-llamarse-ilunion-hotels\/#webpage"},"articleSection":"Actualidad Turismo"},{"@type":"BreadcrumbList","@id":"https:\/\/eldigitaldeasturias.com\/magazine365\/confortel-hoteles-pasa-a-llamarse-ilunion-hotels\/#breadcrumblist","itemListElement":[{"@type":"ListItem","@id":"https:\/\/eldigitaldeasturias.com\/magazine365#listItem","position":1,"name":"Home","item":"https:\/\/eldigitaldeasturias.com\/magazine365","nextItem":{"@type":"ListItem","@id":"https:\/\/eldigitaldeasturias.com\/magazine365\/category\/actualidad-turismo\/#listItem","name":"Actualidad Turismo"}},{"@type":"ListItem","@id":"https:\/\/eldigitaldeasturias.com\/magazine365\/category\/actualidad-turismo\/#listItem","position":2,"name":"Actualidad Turismo","item":"https:\/\/eldigitaldeasturias.com\/magazine365\/category\/actualidad-turismo\/","nextItem":{"@type":"ListItem","@id":"https:\/\/eldigitaldeasturias.com\/magazine365\/confortel-hoteles-pasa-a-llamarse-ilunion-hotels\/#listItem","name":"Confortel Hoteles pasa a llamarse &#8216;Ilunion Hotels&#8217;"},"previousItem":{"@type":"ListItem","@id":"https:\/\/eldigitaldeasturias.com\/magazine365#listItem","name":"Home"}},{"@type":"ListItem","@id":"https:\/\/eldigitaldeasturias.com\/magazine365\/confortel-hoteles-pasa-a-llamarse-ilunion-hotels\/#listItem","position":3,"name":"Confortel Hoteles pasa a llamarse &#8216;Ilunion Hotels&#8217;","previousItem":{"@type":"ListItem","@id":"https:\/\/eldigitaldeasturias.com\/magazine365\/category\/actualidad-turismo\/#listItem","name":"Actualidad Turismo"}}]},{"@type":"Organization","@id":"https:\/\/eldigitaldeasturias.com\/magazine365\/#organization","name":"El digital de Asturias","description":"Revista de ocio, turismo y estilo de vida","url":"https:\/\/eldigitaldeasturias.com\/magazine365\/","logo":{"@type":"ImageObject","url":"https:\/\/www.eldigitaldeasturias.com\/noticias\/wp-content\/uploads\/2020\/12\/EDA.jpg","@id":"https:\/\/eldigitaldeasturias.com\/magazine365\/confortel-hoteles-pasa-a-llamarse-ilunion-hotels\/#organizationLogo"},"image":{"@id":"https:\/\/eldigitaldeasturias.com\/magazine365\/confortel-hoteles-pasa-a-llamarse-ilunion-hotels\/#organizationLogo"}},{"@type":"Person","@id":"https:\/\/eldigitaldeasturias.com\/magazine365\/author\/admin\/#author","url":"https:\/\/eldigitaldeasturias.com\/magazine365\/author\/admin\/","name":"admin","image":{"@type":"ImageObject","@id":"https:\/\/eldigitaldeasturias.com\/magazine365\/confortel-hoteles-pasa-a-llamarse-ilunion-hotels\/#authorImage","url":"https:\/\/eldigitaldeasturias.com\/magazine365\/wp-content\/litespeed\/avatar\/e571bcf59a0edd6fa6838245a470f2fe.jpg?ver=1776969259","width":96,"height":96,"caption":"admin"}},{"@type":"WebPage","@id":"https:\/\/eldigitaldeasturias.com\/magazine365\/confortel-hoteles-pasa-a-llamarse-ilunion-hotels\/#webpage","url":"https:\/\/eldigitaldeasturias.com\/magazine365\/confortel-hoteles-pasa-a-llamarse-ilunion-hotels\/","name":"Confortel Hoteles pasa a llamarse \u2018Ilunion Hotels\u2019 | El Digital de Asturias","description":"Confortel Hoteles se llama a partir de hoy 'Ilunion Hotels', al adoptar la marca del grupo empresarial de la ONCE y de su Fundaci\u00f3n al que pertenece, seg\u00fan ha informado la compa\u00f1\u00eda en un comunicado. La cadena hotelera ha sido la \u00faltima compa\u00f1\u00eda del grupo empresarial en adoptar la marca Ilunion, nacida en noviembre de","inLanguage":"es-ES","isPartOf":{"@id":"https:\/\/eldigitaldeasturias.com\/magazine365\/#website"},"breadcrumb":{"@id":"https:\/\/eldigitaldeasturias.com\/magazine365\/confortel-hoteles-pasa-a-llamarse-ilunion-hotels\/#breadcrumblist"},"author":{"@id":"https:\/\/eldigitaldeasturias.com\/magazine365\/author\/admin\/#author"},"creator":{"@id":"https:\/\/eldigitaldeasturias.com\/magazine365\/author\/admin\/#author"},"image":{"@type":"ImageObject","url":"https:\/\/eldigitaldeasturias.com\/magazine365\/wp-content\/uploads\/2015\/06\/fotonoticia_20150611174047_800.jpg","@id":"https:\/\/eldigitaldeasturias.com\/magazine365\/confortel-hoteles-pasa-a-llamarse-ilunion-hotels\/#mainImage","width":800,"height":600},"primaryImageOfPage":{"@id":"https:\/\/eldigitaldeasturias.com\/magazine365\/confortel-hoteles-pasa-a-llamarse-ilunion-hotels\/#mainImage"},"datePublished":"2015-06-12T01:34:43+02:00","dateModified":"2015-06-12T01:34:43+02:00"},{"@type":"WebSite","@id":"https:\/\/eldigitaldeasturias.com\/magazine365\/#website","url":"https:\/\/eldigitaldeasturias.com\/magazine365\/","name":"El Digital de Asturias","description":"Revista de ocio, turismo y estilo de vida","inLanguage":"es-ES","publisher":{"@id":"https:\/\/eldigitaldeasturias.com\/magazine365\/#organization"}}]},"og:locale":"es_ES","og:site_name":"El Digital de Asturias \u2013 Revista de ocio, turismo y estilo de vida","og:type":"article","og:title":"Confortel Hoteles pasa a llamarse \u2018Ilunion Hotels\u2019 | El Digital de Asturias","og:description":"Confortel Hoteles se llama a partir de hoy 'Ilunion Hotels', al adoptar la marca del grupo empresarial de la ONCE y de su Fundaci\u00f3n al que pertenece, seg\u00fan ha informado la compa\u00f1\u00eda en un comunicado. La cadena hotelera ha sido la \u00faltima compa\u00f1\u00eda del grupo empresarial en adoptar la marca Ilunion, nacida en noviembre de","og:url":"https:\/\/eldigitaldeasturias.com\/magazine365\/confortel-hoteles-pasa-a-llamarse-ilunion-hotels\/","og:image":"https:\/\/eldigitaldeasturias.com\/magazine365\/wp-content\/uploads\/2015\/06\/fotonoticia_20150611174047_800.jpg","og:image:secure_url":"https:\/\/eldigitaldeasturias.com\/magazine365\/wp-content\/uploads\/2015\/06\/fotonoticia_20150611174047_800.jpg","og:image:width":800,"og:image:height":600,"article:published_time":"2015-06-12T00:04:43+00:00","article:modified_time":"2015-06-12T00:04:43+00:00","twitter:card":"summary_large_image","twitter:title":"Confortel Hoteles pasa a llamarse \u2018Ilunion Hotels\u2019 | El Digital de Asturias","twitter:description":"Confortel Hoteles se llama a partir de hoy 'Ilunion Hotels', al adoptar la marca del grupo empresarial de la ONCE y de su Fundaci\u00f3n al que pertenece, seg\u00fan ha informado la compa\u00f1\u00eda en un comunicado. La cadena hotelera ha sido la \u00faltima compa\u00f1\u00eda del grupo empresarial en adoptar la marca Ilunion, nacida en noviembre de","twitter:image":"https:\/\/eldigitaldeasturias.com\/magazine365\/wp-content\/uploads\/2015\/06\/fotonoticia_20150611174047_800.jpg"},"aioseo_meta_data":{"post_id":"39648","title":null,"description":null,"keywords":null,"keyphrases":null,"primary_term":null,"canonical_url":null,"og_title":null,"og_description":null,"og_object_type":"default","og_image_type":"default","og_image_url":null,"og_image_width":null,"og_image_height":null,"og_image_custom_url":null,"og_image_custom_fields":null,"og_video":null,"og_custom_url":null,"og_article_section":null,"og_article_tags":null,"twitter_use_og":false,"twitter_card":"default","twitter_image_type":"default","twitter_image_url":null,"twitter_image_custom_url":null,"twitter_image_custom_fields":null,"twitter_title":null,"twitter_description":null,"schema":{"blockGraphs":[],"customGraphs":[],"default":{"data":{"Article":[],"Course":[],"Dataset":[],"FAQPage":[],"Movie":[],"Person":[],"Product":[],"ProductReview":[],"Car":[],"Recipe":[],"Service":[],"SoftwareApplication":[],"WebPage":[]},"graphName":"","isEnabled":true},"graphs":[],"defaultGraph":"","defaultPostTypeGraph":""},"schema_type":null,"schema_type_options":null,"pillar_content":false,"robots_default":true,"robots_noindex":false,"robots_noarchive":false,"robots_nosnippet":false,"robots_nofollow":false,"robots_noimageindex":false,"robots_noodp":false,"robots_notranslate":false,"robots_max_snippet":null,"robots_max_videopreview":null,"robots_max_imagepreview":"large","priority":null,"frequency":null,"location":null,"local_seo":null,"seo_analyzer_scan_date":"2025-09-19 12:02:29","breadcrumb_settings":null,"limit_modified_date":false,"open_ai":null,"ai":null,"created":"2021-03-09 02:38:52","updated":"2025-09-19 12:02:29"},"aioseo_breadcrumb":"<div class=\"aioseo-breadcrumbs\"><span class=\"aioseo-breadcrumb\">\n\t<a href=\"https:\/\/eldigitaldeasturias.com\/magazine365\" title=\"Home\">Home<\/a>\n<\/span><span class=\"aioseo-breadcrumb-separator\">\u2013<\/span><span class=\"aioseo-breadcrumb\">\n\t<a href=\"https:\/\/eldigitaldeasturias.com\/magazine365\/category\/actualidad-turismo\/\" title=\"Actualidad Turismo\">Actualidad Turismo<\/a>\n<\/span><span class=\"aioseo-breadcrumb-separator\">\u2013<\/span><span class=\"aioseo-breadcrumb\">\n\t<a href=\"https:\/\/eldigitaldeasturias.com\/magazine365\/confortel-hoteles-pasa-a-llamarse-ilunion-hotels\/\" title=\"Confortel Hoteles pasa a llamarse \u2018Ilunion Hotels\u2019\">Confortel Hoteles pasa a llamarse \u2018Ilunion Hotels\u2019<\/a>\n<\/span><\/div>","aioseo_breadcrumb_json":[{"label":"Home","link":"https:\/\/eldigitaldeasturias.com\/magazine365"},{"label":"Actualidad Turismo","link":"https:\/\/eldigitaldeasturias.com\/magazine365\/category\/actualidad-turismo\/"},{"label":"Confortel Hoteles pasa a llamarse &#8216;Ilunion Hotels&#8217;","link":"https:\/\/eldigitaldeasturias.com\/magazine365\/confortel-hoteles-pasa-a-llamarse-ilunion-hotels\/"}],"_links":{"self":[{"href":"https:\/\/eldigitaldeasturias.com\/magazine365\/wp-json\/wp\/v2\/posts\/39648","targetHints":{"allow":["GET"]}}],"collection":[{"href":"https:\/\/eldigitaldeasturias.com\/magazine365\/wp-json\/wp\/v2\/posts"}],"about":[{"href":"https:\/\/eldigitaldeasturias.com\/magazine365\/wp-json\/wp\/v2\/types\/post"}],"author":[{"embeddable":true,"href":"https:\/\/eldigitaldeasturias.com\/magazine365\/wp-json\/wp\/v2\/users\/1"}],"replies":[{"embeddable":true,"href":"https:\/\/eldigitaldeasturias.com\/magazine365\/wp-json\/wp\/v2\/comments?post=39648"}],"version-history":[{"count":0,"href":"https:\/\/eldigitaldeasturias.com\/magazine365\/wp-json\/wp\/v2\/posts\/39648\/revisions"}],"wp:featuredmedia":[{"embeddable":true,"href":"https:\/\/eldigitaldeasturias.com\/magazine365\/wp-json\/wp\/v2\/media\/39649"}],"wp:attachment":[{"href":"https:\/\/eldigitaldeasturias.com\/magazine365\/wp-json\/wp\/v2\/media?parent=39648"}],"wp:term":[{"taxonomy":"category","embeddable":true,"href":"https:\/\/eldigitaldeasturias.com\/magazine365\/wp-json\/wp\/v2\/categories?post=39648"},{"taxonomy":"post_tag","embeddable":true,"href":"https:\/\/eldigitaldeasturias.com\/magazine365\/wp-json\/wp\/v2\/tags?post=39648"}],"curies":[{"name":"wp","href":"https:\/\/api.w.org\/{rel}","templated":true}]}}