{"id":39645,"date":"2015-06-12T01:33:27","date_gmt":"2015-06-12T00:03:27","guid":{"rendered":"http:\/\/eldigitaldeasturias.com\/magazine365\/?p=39645"},"modified":"2015-06-12T01:33:27","modified_gmt":"2015-06-12T00:03:27","slug":"la-tormenta-en-madrid-no-ha-generado-desvios-ni-cancelaciones-de-vuelos-en-el-aeropuerto-de-barajas","status":"publish","type":"post","link":"https:\/\/eldigitaldeasturias.com\/magazine365\/la-tormenta-en-madrid-no-ha-generado-desvios-ni-cancelaciones-de-vuelos-en-el-aeropuerto-de-barajas\/","title":{"rendered":"La tormenta en Madrid no ha generado desv\u00edos ni cancelaciones de vuelos en el aeropuerto de Barajas"},"content":{"rendered":"<p><img fetchpriority=\"high\" decoding=\"async\" class=\"alignleft size-medium wp-image-39646\" src=\"https:\/\/eldigitaldeasturias.com\/magazine365\/wp-content\/uploads\/2015\/06\/fotonoticia_20150611173552_800-360x240.jpg\" alt=\"fotonoticia_20150611173552_800\" width=\"360\" height=\"240\" srcset=\"https:\/\/eldigitaldeasturias.com\/magazine365\/wp-content\/uploads\/2015\/06\/fotonoticia_20150611173552_800-360x240.jpg 360w, https:\/\/eldigitaldeasturias.com\/magazine365\/wp-content\/uploads\/2015\/06\/fotonoticia_20150611173552_800-650x433.jpg 650w, https:\/\/eldigitaldeasturias.com\/magazine365\/wp-content\/uploads\/2015\/06\/fotonoticia_20150611173552_800-768x512.jpg 768w, https:\/\/eldigitaldeasturias.com\/magazine365\/wp-content\/uploads\/2015\/06\/fotonoticia_20150611173552_800-150x100.jpg 150w, https:\/\/eldigitaldeasturias.com\/magazine365\/wp-content\/uploads\/2015\/06\/fotonoticia_20150611173552_800-450x300.jpg 450w, https:\/\/eldigitaldeasturias.com\/magazine365\/wp-content\/uploads\/2015\/06\/fotonoticia_20150611173552_800-696x464.jpg 696w, https:\/\/eldigitaldeasturias.com\/magazine365\/wp-content\/uploads\/2015\/06\/fotonoticia_20150611173552_800-630x420.jpg 630w, https:\/\/eldigitaldeasturias.com\/magazine365\/wp-content\/uploads\/2015\/06\/fotonoticia_20150611173552_800-84x55.jpg 84w, https:\/\/eldigitaldeasturias.com\/magazine365\/wp-content\/uploads\/2015\/06\/fotonoticia_20150611173552_800.jpg 800w\" sizes=\"(max-width: 360px) 100vw, 360px\" \/>La fuerte tormenta de esta ma\u00f1ana en Madrid no ha generado desv\u00edos ni cancelaciones en el Aeropuerto Adolfo Su\u00e1rez Madrid-Barajas aunque puede que se haya generado retrasos en los momentos m\u00e1s intensos de precipitaciones.<\/p>\n<p>As\u00ed lo han indicado fuentes de Aena que remarcan que el aeropuerto opera con normalidad aunque pueden haberse producido situaciones de retraso.<\/p>\n<p>La tormenta de este jueves ha generado que los bomberos del Ayuntamiento han realizado 25 salidas relacionadas con la acumulaci\u00f3n de agua producida por la tormenta en la ciudad de Madrid.<\/p>\n","protected":false},"excerpt":{"rendered":"<p>La fuerte tormenta de esta ma\u00f1ana en Madrid no ha generado desv\u00edos ni cancelaciones en el Aeropuerto Adolfo Su\u00e1rez Madrid-Barajas aunque puede que se haya generado retrasos en los momentos m\u00e1s intensos de precipitaciones. As\u00ed lo han indicado fuentes de Aena que remarcan que el aeropuerto opera con normalidad aunque pueden haberse producido situaciones de<\/p>\n","protected":false},"author":1,"featured_media":39646,"comment_status":"open","ping_status":"closed","sticky":false,"template":"","format":"standard","meta":{"footnotes":""},"categories":[224],"tags":[],"class_list":{"0":"post-39645","1":"post","2":"type-post","3":"status-publish","4":"format-standard","5":"has-post-thumbnail","7":"category-noticias-actualidad"},"aioseo_notices":[],"aioseo_head":"\n\t\t<!-- All in One SEO Pro 4.9.6.1 - aioseo.com -->\n\t<meta name=\"description\" content=\"La fuerte tormenta de esta ma\u00f1ana en Madrid no ha generado desv\u00edos ni cancelaciones en el Aeropuerto Adolfo Su\u00e1rez Madrid-Barajas aunque puede que se haya generado retrasos en los momentos m\u00e1s intensos de precipitaciones. As\u00ed lo han indicado fuentes de Aena que remarcan que el aeropuerto opera con normalidad aunque pueden haberse producido situaciones de\" \/>\n\t<meta name=\"robots\" content=\"max-image-preview:large\" \/>\n\t<meta name=\"author\" content=\"admin\"\/>\n\t<meta name=\"google-site-verification\" content=\"UA-38556648-1\" \/>\n\t<meta name=\"keywords\" content=\"noticias y actualidad\" \/>\n\t<link rel=\"canonical\" href=\"https:\/\/eldigitaldeasturias.com\/magazine365\/la-tormenta-en-madrid-no-ha-generado-desvios-ni-cancelaciones-de-vuelos-en-el-aeropuerto-de-barajas\/\" \/>\n\t<meta name=\"generator\" content=\"All in One SEO Pro (AIOSEO) 4.9.6.1\" \/>\n\t\t<meta property=\"og:locale\" content=\"es_ES\" \/>\n\t\t<meta property=\"og:site_name\" content=\"El Digital de Asturias \u2013 Revista de ocio, turismo y estilo de vida\" \/>\n\t\t<meta property=\"og:type\" content=\"article\" \/>\n\t\t<meta property=\"og:title\" content=\"La tormenta en Madrid no ha generado desv\u00edos ni cancelaciones de vuelos en el aeropuerto de Barajas | El Digital de Asturias\" \/>\n\t\t<meta property=\"og:description\" content=\"La fuerte tormenta de esta ma\u00f1ana en Madrid no ha generado desv\u00edos ni cancelaciones en el Aeropuerto Adolfo Su\u00e1rez Madrid-Barajas aunque puede que se haya generado retrasos en los momentos m\u00e1s intensos de precipitaciones. As\u00ed lo han indicado fuentes de Aena que remarcan que el aeropuerto opera con normalidad aunque pueden haberse producido situaciones de\" \/>\n\t\t<meta property=\"og:url\" content=\"https:\/\/eldigitaldeasturias.com\/magazine365\/la-tormenta-en-madrid-no-ha-generado-desvios-ni-cancelaciones-de-vuelos-en-el-aeropuerto-de-barajas\/\" \/>\n\t\t<meta property=\"og:image\" content=\"https:\/\/eldigitaldeasturias.com\/magazine365\/wp-content\/uploads\/2015\/06\/fotonoticia_20150611173552_800.jpg\" \/>\n\t\t<meta property=\"og:image:secure_url\" content=\"https:\/\/eldigitaldeasturias.com\/magazine365\/wp-content\/uploads\/2015\/06\/fotonoticia_20150611173552_800.jpg\" \/>\n\t\t<meta property=\"og:image:width\" content=\"800\" \/>\n\t\t<meta property=\"og:image:height\" content=\"533\" \/>\n\t\t<meta property=\"article:published_time\" content=\"2015-06-12T00:03:27+00:00\" \/>\n\t\t<meta property=\"article:modified_time\" content=\"2015-06-12T00:03:27+00:00\" \/>\n\t\t<meta name=\"twitter:card\" content=\"summary_large_image\" \/>\n\t\t<meta name=\"twitter:title\" content=\"La tormenta en Madrid no ha generado desv\u00edos ni cancelaciones de vuelos en el aeropuerto de Barajas | El Digital de Asturias\" \/>\n\t\t<meta name=\"twitter:description\" content=\"La fuerte tormenta de esta ma\u00f1ana en Madrid no ha generado desv\u00edos ni cancelaciones en el Aeropuerto Adolfo Su\u00e1rez Madrid-Barajas aunque puede que se haya generado retrasos en los momentos m\u00e1s intensos de precipitaciones. As\u00ed lo han indicado fuentes de Aena que remarcan que el aeropuerto opera con normalidad aunque pueden haberse producido situaciones de\" \/>\n\t\t<meta name=\"twitter:image\" content=\"https:\/\/eldigitaldeasturias.com\/magazine365\/wp-content\/uploads\/2015\/06\/fotonoticia_20150611173552_800.jpg\" \/>\n\t\t<script type=\"application\/ld+json\" class=\"aioseo-schema\">\n\t\t\t{\"@context\":\"https:\\\/\\\/schema.org\",\"@graph\":[{\"@type\":\"Article\",\"@id\":\"https:\\\/\\\/eldigitaldeasturias.com\\\/magazine365\\\/la-tormenta-en-madrid-no-ha-generado-desvios-ni-cancelaciones-de-vuelos-en-el-aeropuerto-de-barajas\\\/#article\",\"name\":\"La tormenta en Madrid no ha generado desv\\u00edos ni cancelaciones de vuelos en el aeropuerto de Barajas | El Digital de Asturias\",\"headline\":\"La tormenta en Madrid no ha generado desv\\u00edos ni cancelaciones de vuelos en el aeropuerto de Barajas\",\"author\":{\"@id\":\"https:\\\/\\\/eldigitaldeasturias.com\\\/magazine365\\\/author\\\/admin\\\/#author\"},\"publisher\":{\"@id\":\"https:\\\/\\\/eldigitaldeasturias.com\\\/magazine365\\\/#organization\"},\"image\":{\"@type\":\"ImageObject\",\"url\":\"https:\\\/\\\/eldigitaldeasturias.com\\\/magazine365\\\/wp-content\\\/uploads\\\/2015\\\/06\\\/fotonoticia_20150611173552_800.jpg\",\"width\":800,\"height\":533},\"datePublished\":\"2015-06-12T01:33:27+02:00\",\"dateModified\":\"2015-06-12T01:33:27+02:00\",\"inLanguage\":\"es-ES\",\"mainEntityOfPage\":{\"@id\":\"https:\\\/\\\/eldigitaldeasturias.com\\\/magazine365\\\/la-tormenta-en-madrid-no-ha-generado-desvios-ni-cancelaciones-de-vuelos-en-el-aeropuerto-de-barajas\\\/#webpage\"},\"isPartOf\":{\"@id\":\"https:\\\/\\\/eldigitaldeasturias.com\\\/magazine365\\\/la-tormenta-en-madrid-no-ha-generado-desvios-ni-cancelaciones-de-vuelos-en-el-aeropuerto-de-barajas\\\/#webpage\"},\"articleSection\":\"Noticias y Actualidad\"},{\"@type\":\"BreadcrumbList\",\"@id\":\"https:\\\/\\\/eldigitaldeasturias.com\\\/magazine365\\\/la-tormenta-en-madrid-no-ha-generado-desvios-ni-cancelaciones-de-vuelos-en-el-aeropuerto-de-barajas\\\/#breadcrumblist\",\"itemListElement\":[{\"@type\":\"ListItem\",\"@id\":\"https:\\\/\\\/eldigitaldeasturias.com\\\/magazine365#listItem\",\"position\":1,\"name\":\"Home\",\"item\":\"https:\\\/\\\/eldigitaldeasturias.com\\\/magazine365\",\"nextItem\":{\"@type\":\"ListItem\",\"@id\":\"https:\\\/\\\/eldigitaldeasturias.com\\\/magazine365\\\/category\\\/noticias-actualidad\\\/#listItem\",\"name\":\"Noticias y Actualidad\"}},{\"@type\":\"ListItem\",\"@id\":\"https:\\\/\\\/eldigitaldeasturias.com\\\/magazine365\\\/category\\\/noticias-actualidad\\\/#listItem\",\"position\":2,\"name\":\"Noticias y Actualidad\",\"item\":\"https:\\\/\\\/eldigitaldeasturias.com\\\/magazine365\\\/category\\\/noticias-actualidad\\\/\",\"nextItem\":{\"@type\":\"ListItem\",\"@id\":\"https:\\\/\\\/eldigitaldeasturias.com\\\/magazine365\\\/la-tormenta-en-madrid-no-ha-generado-desvios-ni-cancelaciones-de-vuelos-en-el-aeropuerto-de-barajas\\\/#listItem\",\"name\":\"La tormenta en Madrid no ha generado desv\\u00edos ni cancelaciones de vuelos en el aeropuerto de Barajas\"},\"previousItem\":{\"@type\":\"ListItem\",\"@id\":\"https:\\\/\\\/eldigitaldeasturias.com\\\/magazine365#listItem\",\"name\":\"Home\"}},{\"@type\":\"ListItem\",\"@id\":\"https:\\\/\\\/eldigitaldeasturias.com\\\/magazine365\\\/la-tormenta-en-madrid-no-ha-generado-desvios-ni-cancelaciones-de-vuelos-en-el-aeropuerto-de-barajas\\\/#listItem\",\"position\":3,\"name\":\"La tormenta en Madrid no ha generado desv\\u00edos ni cancelaciones de vuelos en el aeropuerto de Barajas\",\"previousItem\":{\"@type\":\"ListItem\",\"@id\":\"https:\\\/\\\/eldigitaldeasturias.com\\\/magazine365\\\/category\\\/noticias-actualidad\\\/#listItem\",\"name\":\"Noticias y Actualidad\"}}]},{\"@type\":\"Organization\",\"@id\":\"https:\\\/\\\/eldigitaldeasturias.com\\\/magazine365\\\/#organization\",\"name\":\"El digital de Asturias\",\"description\":\"Revista de ocio, turismo y estilo de vida\",\"url\":\"https:\\\/\\\/eldigitaldeasturias.com\\\/magazine365\\\/\",\"logo\":{\"@type\":\"ImageObject\",\"url\":\"https:\\\/\\\/www.eldigitaldeasturias.com\\\/noticias\\\/wp-content\\\/uploads\\\/2020\\\/12\\\/EDA.jpg\",\"@id\":\"https:\\\/\\\/eldigitaldeasturias.com\\\/magazine365\\\/la-tormenta-en-madrid-no-ha-generado-desvios-ni-cancelaciones-de-vuelos-en-el-aeropuerto-de-barajas\\\/#organizationLogo\"},\"image\":{\"@id\":\"https:\\\/\\\/eldigitaldeasturias.com\\\/magazine365\\\/la-tormenta-en-madrid-no-ha-generado-desvios-ni-cancelaciones-de-vuelos-en-el-aeropuerto-de-barajas\\\/#organizationLogo\"}},{\"@type\":\"Person\",\"@id\":\"https:\\\/\\\/eldigitaldeasturias.com\\\/magazine365\\\/author\\\/admin\\\/#author\",\"url\":\"https:\\\/\\\/eldigitaldeasturias.com\\\/magazine365\\\/author\\\/admin\\\/\",\"name\":\"admin\",\"image\":{\"@type\":\"ImageObject\",\"@id\":\"https:\\\/\\\/eldigitaldeasturias.com\\\/magazine365\\\/la-tormenta-en-madrid-no-ha-generado-desvios-ni-cancelaciones-de-vuelos-en-el-aeropuerto-de-barajas\\\/#authorImage\",\"url\":\"https:\\\/\\\/eldigitaldeasturias.com\\\/magazine365\\\/wp-content\\\/litespeed\\\/avatar\\\/e571bcf59a0edd6fa6838245a470f2fe.jpg?ver=1776969259\",\"width\":96,\"height\":96,\"caption\":\"admin\"}},{\"@type\":\"WebPage\",\"@id\":\"https:\\\/\\\/eldigitaldeasturias.com\\\/magazine365\\\/la-tormenta-en-madrid-no-ha-generado-desvios-ni-cancelaciones-de-vuelos-en-el-aeropuerto-de-barajas\\\/#webpage\",\"url\":\"https:\\\/\\\/eldigitaldeasturias.com\\\/magazine365\\\/la-tormenta-en-madrid-no-ha-generado-desvios-ni-cancelaciones-de-vuelos-en-el-aeropuerto-de-barajas\\\/\",\"name\":\"La tormenta en Madrid no ha generado desv\\u00edos ni cancelaciones de vuelos en el aeropuerto de Barajas | El Digital de Asturias\",\"description\":\"La fuerte tormenta de esta ma\\u00f1ana en Madrid no ha generado desv\\u00edos ni cancelaciones en el Aeropuerto Adolfo Su\\u00e1rez Madrid-Barajas aunque puede que se haya generado retrasos en los momentos m\\u00e1s intensos de precipitaciones. As\\u00ed lo han indicado fuentes de Aena que remarcan que el aeropuerto opera con normalidad aunque pueden haberse producido situaciones de\",\"inLanguage\":\"es-ES\",\"isPartOf\":{\"@id\":\"https:\\\/\\\/eldigitaldeasturias.com\\\/magazine365\\\/#website\"},\"breadcrumb\":{\"@id\":\"https:\\\/\\\/eldigitaldeasturias.com\\\/magazine365\\\/la-tormenta-en-madrid-no-ha-generado-desvios-ni-cancelaciones-de-vuelos-en-el-aeropuerto-de-barajas\\\/#breadcrumblist\"},\"author\":{\"@id\":\"https:\\\/\\\/eldigitaldeasturias.com\\\/magazine365\\\/author\\\/admin\\\/#author\"},\"creator\":{\"@id\":\"https:\\\/\\\/eldigitaldeasturias.com\\\/magazine365\\\/author\\\/admin\\\/#author\"},\"image\":{\"@type\":\"ImageObject\",\"url\":\"https:\\\/\\\/eldigitaldeasturias.com\\\/magazine365\\\/wp-content\\\/uploads\\\/2015\\\/06\\\/fotonoticia_20150611173552_800.jpg\",\"@id\":\"https:\\\/\\\/eldigitaldeasturias.com\\\/magazine365\\\/la-tormenta-en-madrid-no-ha-generado-desvios-ni-cancelaciones-de-vuelos-en-el-aeropuerto-de-barajas\\\/#mainImage\",\"width\":800,\"height\":533},\"primaryImageOfPage\":{\"@id\":\"https:\\\/\\\/eldigitaldeasturias.com\\\/magazine365\\\/la-tormenta-en-madrid-no-ha-generado-desvios-ni-cancelaciones-de-vuelos-en-el-aeropuerto-de-barajas\\\/#mainImage\"},\"datePublished\":\"2015-06-12T01:33:27+02:00\",\"dateModified\":\"2015-06-12T01:33:27+02:00\"},{\"@type\":\"WebSite\",\"@id\":\"https:\\\/\\\/eldigitaldeasturias.com\\\/magazine365\\\/#website\",\"url\":\"https:\\\/\\\/eldigitaldeasturias.com\\\/magazine365\\\/\",\"name\":\"El Digital de Asturias\",\"description\":\"Revista de ocio, turismo y estilo de vida\",\"inLanguage\":\"es-ES\",\"publisher\":{\"@id\":\"https:\\\/\\\/eldigitaldeasturias.com\\\/magazine365\\\/#organization\"}}]}\n\t\t<\/script>\n\t\t<!-- All in One SEO Pro -->\r\n\t\t<title>La tormenta en Madrid no ha generado desv\u00edos ni cancelaciones de vuelos en el aeropuerto de Barajas | El Digital de Asturias<\/title>\n\n","aioseo_head_json":{"title":"La tormenta en Madrid no ha generado desv\u00edos ni cancelaciones de vuelos en el aeropuerto de Barajas | El Digital de Asturias","description":"La fuerte tormenta de esta ma\u00f1ana en Madrid no ha generado desv\u00edos ni cancelaciones en el Aeropuerto Adolfo Su\u00e1rez Madrid-Barajas aunque puede que se haya generado retrasos en los momentos m\u00e1s intensos de precipitaciones. As\u00ed lo han indicado fuentes de Aena que remarcan que el aeropuerto opera con normalidad aunque pueden haberse producido situaciones de","canonical_url":"https:\/\/eldigitaldeasturias.com\/magazine365\/la-tormenta-en-madrid-no-ha-generado-desvios-ni-cancelaciones-de-vuelos-en-el-aeropuerto-de-barajas\/","robots":"max-image-preview:large","keywords":"noticias y actualidad","webmasterTools":{"google-site-verification":"UA-38556648-1","miscellaneous":""},"schema":{"@context":"https:\/\/schema.org","@graph":[{"@type":"Article","@id":"https:\/\/eldigitaldeasturias.com\/magazine365\/la-tormenta-en-madrid-no-ha-generado-desvios-ni-cancelaciones-de-vuelos-en-el-aeropuerto-de-barajas\/#article","name":"La tormenta en Madrid no ha generado desv\u00edos ni cancelaciones de vuelos en el aeropuerto de Barajas | El Digital de Asturias","headline":"La tormenta en Madrid no ha generado desv\u00edos ni cancelaciones de vuelos en el aeropuerto de Barajas","author":{"@id":"https:\/\/eldigitaldeasturias.com\/magazine365\/author\/admin\/#author"},"publisher":{"@id":"https:\/\/eldigitaldeasturias.com\/magazine365\/#organization"},"image":{"@type":"ImageObject","url":"https:\/\/eldigitaldeasturias.com\/magazine365\/wp-content\/uploads\/2015\/06\/fotonoticia_20150611173552_800.jpg","width":800,"height":533},"datePublished":"2015-06-12T01:33:27+02:00","dateModified":"2015-06-12T01:33:27+02:00","inLanguage":"es-ES","mainEntityOfPage":{"@id":"https:\/\/eldigitaldeasturias.com\/magazine365\/la-tormenta-en-madrid-no-ha-generado-desvios-ni-cancelaciones-de-vuelos-en-el-aeropuerto-de-barajas\/#webpage"},"isPartOf":{"@id":"https:\/\/eldigitaldeasturias.com\/magazine365\/la-tormenta-en-madrid-no-ha-generado-desvios-ni-cancelaciones-de-vuelos-en-el-aeropuerto-de-barajas\/#webpage"},"articleSection":"Noticias y Actualidad"},{"@type":"BreadcrumbList","@id":"https:\/\/eldigitaldeasturias.com\/magazine365\/la-tormenta-en-madrid-no-ha-generado-desvios-ni-cancelaciones-de-vuelos-en-el-aeropuerto-de-barajas\/#breadcrumblist","itemListElement":[{"@type":"ListItem","@id":"https:\/\/eldigitaldeasturias.com\/magazine365#listItem","position":1,"name":"Home","item":"https:\/\/eldigitaldeasturias.com\/magazine365","nextItem":{"@type":"ListItem","@id":"https:\/\/eldigitaldeasturias.com\/magazine365\/category\/noticias-actualidad\/#listItem","name":"Noticias y Actualidad"}},{"@type":"ListItem","@id":"https:\/\/eldigitaldeasturias.com\/magazine365\/category\/noticias-actualidad\/#listItem","position":2,"name":"Noticias y Actualidad","item":"https:\/\/eldigitaldeasturias.com\/magazine365\/category\/noticias-actualidad\/","nextItem":{"@type":"ListItem","@id":"https:\/\/eldigitaldeasturias.com\/magazine365\/la-tormenta-en-madrid-no-ha-generado-desvios-ni-cancelaciones-de-vuelos-en-el-aeropuerto-de-barajas\/#listItem","name":"La tormenta en Madrid no ha generado desv\u00edos ni cancelaciones de vuelos en el aeropuerto de Barajas"},"previousItem":{"@type":"ListItem","@id":"https:\/\/eldigitaldeasturias.com\/magazine365#listItem","name":"Home"}},{"@type":"ListItem","@id":"https:\/\/eldigitaldeasturias.com\/magazine365\/la-tormenta-en-madrid-no-ha-generado-desvios-ni-cancelaciones-de-vuelos-en-el-aeropuerto-de-barajas\/#listItem","position":3,"name":"La tormenta en Madrid no ha generado desv\u00edos ni cancelaciones de vuelos en el aeropuerto de Barajas","previousItem":{"@type":"ListItem","@id":"https:\/\/eldigitaldeasturias.com\/magazine365\/category\/noticias-actualidad\/#listItem","name":"Noticias y Actualidad"}}]},{"@type":"Organization","@id":"https:\/\/eldigitaldeasturias.com\/magazine365\/#organization","name":"El digital de Asturias","description":"Revista de ocio, turismo y estilo de vida","url":"https:\/\/eldigitaldeasturias.com\/magazine365\/","logo":{"@type":"ImageObject","url":"https:\/\/www.eldigitaldeasturias.com\/noticias\/wp-content\/uploads\/2020\/12\/EDA.jpg","@id":"https:\/\/eldigitaldeasturias.com\/magazine365\/la-tormenta-en-madrid-no-ha-generado-desvios-ni-cancelaciones-de-vuelos-en-el-aeropuerto-de-barajas\/#organizationLogo"},"image":{"@id":"https:\/\/eldigitaldeasturias.com\/magazine365\/la-tormenta-en-madrid-no-ha-generado-desvios-ni-cancelaciones-de-vuelos-en-el-aeropuerto-de-barajas\/#organizationLogo"}},{"@type":"Person","@id":"https:\/\/eldigitaldeasturias.com\/magazine365\/author\/admin\/#author","url":"https:\/\/eldigitaldeasturias.com\/magazine365\/author\/admin\/","name":"admin","image":{"@type":"ImageObject","@id":"https:\/\/eldigitaldeasturias.com\/magazine365\/la-tormenta-en-madrid-no-ha-generado-desvios-ni-cancelaciones-de-vuelos-en-el-aeropuerto-de-barajas\/#authorImage","url":"https:\/\/eldigitaldeasturias.com\/magazine365\/wp-content\/litespeed\/avatar\/e571bcf59a0edd6fa6838245a470f2fe.jpg?ver=1776969259","width":96,"height":96,"caption":"admin"}},{"@type":"WebPage","@id":"https:\/\/eldigitaldeasturias.com\/magazine365\/la-tormenta-en-madrid-no-ha-generado-desvios-ni-cancelaciones-de-vuelos-en-el-aeropuerto-de-barajas\/#webpage","url":"https:\/\/eldigitaldeasturias.com\/magazine365\/la-tormenta-en-madrid-no-ha-generado-desvios-ni-cancelaciones-de-vuelos-en-el-aeropuerto-de-barajas\/","name":"La tormenta en Madrid no ha generado desv\u00edos ni cancelaciones de vuelos en el aeropuerto de Barajas | El Digital de Asturias","description":"La fuerte tormenta de esta ma\u00f1ana en Madrid no ha generado desv\u00edos ni cancelaciones en el Aeropuerto Adolfo Su\u00e1rez Madrid-Barajas aunque puede que se haya generado retrasos en los momentos m\u00e1s intensos de precipitaciones. As\u00ed lo han indicado fuentes de Aena que remarcan que el aeropuerto opera con normalidad aunque pueden haberse producido situaciones de","inLanguage":"es-ES","isPartOf":{"@id":"https:\/\/eldigitaldeasturias.com\/magazine365\/#website"},"breadcrumb":{"@id":"https:\/\/eldigitaldeasturias.com\/magazine365\/la-tormenta-en-madrid-no-ha-generado-desvios-ni-cancelaciones-de-vuelos-en-el-aeropuerto-de-barajas\/#breadcrumblist"},"author":{"@id":"https:\/\/eldigitaldeasturias.com\/magazine365\/author\/admin\/#author"},"creator":{"@id":"https:\/\/eldigitaldeasturias.com\/magazine365\/author\/admin\/#author"},"image":{"@type":"ImageObject","url":"https:\/\/eldigitaldeasturias.com\/magazine365\/wp-content\/uploads\/2015\/06\/fotonoticia_20150611173552_800.jpg","@id":"https:\/\/eldigitaldeasturias.com\/magazine365\/la-tormenta-en-madrid-no-ha-generado-desvios-ni-cancelaciones-de-vuelos-en-el-aeropuerto-de-barajas\/#mainImage","width":800,"height":533},"primaryImageOfPage":{"@id":"https:\/\/eldigitaldeasturias.com\/magazine365\/la-tormenta-en-madrid-no-ha-generado-desvios-ni-cancelaciones-de-vuelos-en-el-aeropuerto-de-barajas\/#mainImage"},"datePublished":"2015-06-12T01:33:27+02:00","dateModified":"2015-06-12T01:33:27+02:00"},{"@type":"WebSite","@id":"https:\/\/eldigitaldeasturias.com\/magazine365\/#website","url":"https:\/\/eldigitaldeasturias.com\/magazine365\/","name":"El Digital de Asturias","description":"Revista de ocio, turismo y estilo de vida","inLanguage":"es-ES","publisher":{"@id":"https:\/\/eldigitaldeasturias.com\/magazine365\/#organization"}}]},"og:locale":"es_ES","og:site_name":"El Digital de Asturias \u2013 Revista de ocio, turismo y estilo de vida","og:type":"article","og:title":"La tormenta en Madrid no ha generado desv\u00edos ni cancelaciones de vuelos en el aeropuerto de Barajas | El Digital de Asturias","og:description":"La fuerte tormenta de esta ma\u00f1ana en Madrid no ha generado desv\u00edos ni cancelaciones en el Aeropuerto Adolfo Su\u00e1rez Madrid-Barajas aunque puede que se haya generado retrasos en los momentos m\u00e1s intensos de precipitaciones. As\u00ed lo han indicado fuentes de Aena que remarcan que el aeropuerto opera con normalidad aunque pueden haberse producido situaciones de","og:url":"https:\/\/eldigitaldeasturias.com\/magazine365\/la-tormenta-en-madrid-no-ha-generado-desvios-ni-cancelaciones-de-vuelos-en-el-aeropuerto-de-barajas\/","og:image":"https:\/\/eldigitaldeasturias.com\/magazine365\/wp-content\/uploads\/2015\/06\/fotonoticia_20150611173552_800.jpg","og:image:secure_url":"https:\/\/eldigitaldeasturias.com\/magazine365\/wp-content\/uploads\/2015\/06\/fotonoticia_20150611173552_800.jpg","og:image:width":800,"og:image:height":533,"article:published_time":"2015-06-12T00:03:27+00:00","article:modified_time":"2015-06-12T00:03:27+00:00","twitter:card":"summary_large_image","twitter:title":"La tormenta en Madrid no ha generado desv\u00edos ni cancelaciones de vuelos en el aeropuerto de Barajas | El Digital de Asturias","twitter:description":"La fuerte tormenta de esta ma\u00f1ana en Madrid no ha generado desv\u00edos ni cancelaciones en el Aeropuerto Adolfo Su\u00e1rez Madrid-Barajas aunque puede que se haya generado retrasos en los momentos m\u00e1s intensos de precipitaciones. As\u00ed lo han indicado fuentes de Aena que remarcan que el aeropuerto opera con normalidad aunque pueden haberse producido situaciones de","twitter:image":"https:\/\/eldigitaldeasturias.com\/magazine365\/wp-content\/uploads\/2015\/06\/fotonoticia_20150611173552_800.jpg"},"aioseo_meta_data":{"post_id":"39645","title":null,"description":null,"keywords":null,"keyphrases":null,"primary_term":null,"canonical_url":null,"og_title":null,"og_description":null,"og_object_type":"default","og_image_type":"default","og_image_url":null,"og_image_width":null,"og_image_height":null,"og_image_custom_url":null,"og_image_custom_fields":null,"og_video":null,"og_custom_url":null,"og_article_section":null,"og_article_tags":null,"twitter_use_og":false,"twitter_card":"default","twitter_image_type":"default","twitter_image_url":null,"twitter_image_custom_url":null,"twitter_image_custom_fields":null,"twitter_title":null,"twitter_description":null,"schema":{"blockGraphs":[],"customGraphs":[],"default":{"data":{"Article":[],"Course":[],"Dataset":[],"FAQPage":[],"Movie":[],"Person":[],"Product":[],"ProductReview":[],"Car":[],"Recipe":[],"Service":[],"SoftwareApplication":[],"WebPage":[]},"graphName":"","isEnabled":true},"graphs":[],"defaultGraph":"","defaultPostTypeGraph":""},"schema_type":null,"schema_type_options":null,"pillar_content":false,"robots_default":true,"robots_noindex":false,"robots_noarchive":false,"robots_nosnippet":false,"robots_nofollow":false,"robots_noimageindex":false,"robots_noodp":false,"robots_notranslate":false,"robots_max_snippet":null,"robots_max_videopreview":null,"robots_max_imagepreview":"large","priority":null,"frequency":null,"location":null,"local_seo":null,"seo_analyzer_scan_date":"2025-09-19 12:02:28","breadcrumb_settings":null,"limit_modified_date":false,"open_ai":null,"ai":null,"created":"2021-03-09 02:38:52","updated":"2025-09-19 12:02:28"},"aioseo_breadcrumb":"<div class=\"aioseo-breadcrumbs\"><span class=\"aioseo-breadcrumb\">\n\t<a href=\"https:\/\/eldigitaldeasturias.com\/magazine365\" title=\"Home\">Home<\/a>\n<\/span><span class=\"aioseo-breadcrumb-separator\">\u2013<\/span><span class=\"aioseo-breadcrumb\">\n\t<a href=\"https:\/\/eldigitaldeasturias.com\/magazine365\/category\/noticias-actualidad\/\" title=\"Noticias y Actualidad\">Noticias y Actualidad<\/a>\n<\/span><span class=\"aioseo-breadcrumb-separator\">\u2013<\/span><span class=\"aioseo-breadcrumb\">\n\t<a href=\"https:\/\/eldigitaldeasturias.com\/magazine365\/la-tormenta-en-madrid-no-ha-generado-desvios-ni-cancelaciones-de-vuelos-en-el-aeropuerto-de-barajas\/\" title=\"La tormenta en Madrid no ha generado desv\u00edos ni cancelaciones de vuelos en el aeropuerto de Barajas\">La tormenta en Madrid no ha generado desv\u00edos ni cancelaciones de vuelos en el aeropuerto de Barajas<\/a>\n<\/span><\/div>","aioseo_breadcrumb_json":[{"label":"Home","link":"https:\/\/eldigitaldeasturias.com\/magazine365"},{"label":"Noticias y Actualidad","link":"https:\/\/eldigitaldeasturias.com\/magazine365\/category\/noticias-actualidad\/"},{"label":"La tormenta en Madrid no ha generado desv\u00edos ni cancelaciones de vuelos en el aeropuerto de Barajas","link":"https:\/\/eldigitaldeasturias.com\/magazine365\/la-tormenta-en-madrid-no-ha-generado-desvios-ni-cancelaciones-de-vuelos-en-el-aeropuerto-de-barajas\/"}],"_links":{"self":[{"href":"https:\/\/eldigitaldeasturias.com\/magazine365\/wp-json\/wp\/v2\/posts\/39645","targetHints":{"allow":["GET"]}}],"collection":[{"href":"https:\/\/eldigitaldeasturias.com\/magazine365\/wp-json\/wp\/v2\/posts"}],"about":[{"href":"https:\/\/eldigitaldeasturias.com\/magazine365\/wp-json\/wp\/v2\/types\/post"}],"author":[{"embeddable":true,"href":"https:\/\/eldigitaldeasturias.com\/magazine365\/wp-json\/wp\/v2\/users\/1"}],"replies":[{"embeddable":true,"href":"https:\/\/eldigitaldeasturias.com\/magazine365\/wp-json\/wp\/v2\/comments?post=39645"}],"version-history":[{"count":0,"href":"https:\/\/eldigitaldeasturias.com\/magazine365\/wp-json\/wp\/v2\/posts\/39645\/revisions"}],"wp:featuredmedia":[{"embeddable":true,"href":"https:\/\/eldigitaldeasturias.com\/magazine365\/wp-json\/wp\/v2\/media\/39646"}],"wp:attachment":[{"href":"https:\/\/eldigitaldeasturias.com\/magazine365\/wp-json\/wp\/v2\/media?parent=39645"}],"wp:term":[{"taxonomy":"category","embeddable":true,"href":"https:\/\/eldigitaldeasturias.com\/magazine365\/wp-json\/wp\/v2\/categories?post=39645"},{"taxonomy":"post_tag","embeddable":true,"href":"https:\/\/eldigitaldeasturias.com\/magazine365\/wp-json\/wp\/v2\/tags?post=39645"}],"curies":[{"name":"wp","href":"https:\/\/api.w.org\/{rel}","templated":true}]}}