{"id":39642,"date":"2015-06-12T01:32:13","date_gmt":"2015-06-12T00:02:13","guid":{"rendered":"http:\/\/eldigitaldeasturias.com\/magazine365\/?p=39642"},"modified":"2015-06-12T01:32:13","modified_gmt":"2015-06-12T00:02:13","slug":"nace-sevilla-rural","status":"publish","type":"post","link":"https:\/\/eldigitaldeasturias.com\/magazine365\/nace-sevilla-rural\/","title":{"rendered":"Nace \u00abSevilla Rural\u00bb"},"content":{"rendered":"<p><img fetchpriority=\"high\" decoding=\"async\" class=\"alignleft size-medium wp-image-39643\" src=\"https:\/\/eldigitaldeasturias.com\/magazine365\/wp-content\/uploads\/2015\/06\/fotonoticia_20150611172531_800-360x253.jpg\" alt=\"fotonoticia_20150611172531_800\" width=\"360\" height=\"253\" srcset=\"https:\/\/eldigitaldeasturias.com\/magazine365\/wp-content\/uploads\/2015\/06\/fotonoticia_20150611172531_800-360x253.jpg 360w, https:\/\/eldigitaldeasturias.com\/magazine365\/wp-content\/uploads\/2015\/06\/fotonoticia_20150611172531_800-650x457.jpg 650w, https:\/\/eldigitaldeasturias.com\/magazine365\/wp-content\/uploads\/2015\/06\/fotonoticia_20150611172531_800-768x540.jpg 768w, https:\/\/eldigitaldeasturias.com\/magazine365\/wp-content\/uploads\/2015\/06\/fotonoticia_20150611172531_800-150x106.jpg 150w, https:\/\/eldigitaldeasturias.com\/magazine365\/wp-content\/uploads\/2015\/06\/fotonoticia_20150611172531_800-450x317.jpg 450w, https:\/\/eldigitaldeasturias.com\/magazine365\/wp-content\/uploads\/2015\/06\/fotonoticia_20150611172531_800-100x70.jpg 100w, https:\/\/eldigitaldeasturias.com\/magazine365\/wp-content\/uploads\/2015\/06\/fotonoticia_20150611172531_800-696x490.jpg 696w, https:\/\/eldigitaldeasturias.com\/magazine365\/wp-content\/uploads\/2015\/06\/fotonoticia_20150611172531_800-597x420.jpg 597w, https:\/\/eldigitaldeasturias.com\/magazine365\/wp-content\/uploads\/2015\/06\/fotonoticia_20150611172531_800.jpg 800w\" sizes=\"(max-width: 360px) 100vw, 360px\" \/>La Casa de la Provincia ha acogido la presentaci\u00f3n del Plan de Intervenci\u00f3n Provincial de la Sevilla Rural, un programa de cooperaci\u00f3n de los Grupos de Desarrollo Rural (GDR) sevillanos que ha promovido iniciativas en materia tur\u00edstica y patrimonial que ya est\u00e1n suponiendo \u00abun importante revulsivo tur\u00edstico para las ocho comarcas rurales de la provincia\u00bb.<\/p>\n<p>Coordinado por GDR Aljarafe-Do\u00f1ana (ADAD), y financiado con fondos Feder y de la Consejer\u00eda de Agricultura, Pesca y Desarrollo Rural, &#8216;Sevilla Rural&#8217; ha puesto el foco en promocionar, dotar y mejorar el medio rural como destino tur\u00edstico, as\u00ed como en favorecer la conservaci\u00f3n, difusi\u00f3n y puesta en valor de su patrimonio, una de las principales se\u00f1as de identidad de los pueblos de la provincia, seg\u00fan informa la Diputaci\u00f3n en un comunicado.<\/p>\n<p>As\u00ed, indica que la promoci\u00f3n tur\u00edstica a trav\u00e9s de las nuevas tecnolog\u00edas de la informaci\u00f3n y sus innovadoras aplicaciones adaptadas el turismo ha sido una de las principales l\u00edneas de actuaci\u00f3n de este programa, como lo demuestra el trabajo que han realizado los GDR Estepa Sierra Sur (coordinador), Aljarafe-Do\u00f1ana, Bajo Guadalquivir y Serran\u00eda Suroeste en el proyecto IRural y su plataforma &#8216;Destino Sevilla Rural&#8217;, una ventana virtual e interactiva al viajero que quiera usar las posibilidades que ofrece la geolocalizaci\u00f3n para recabar informaci\u00f3n sobre el destino, y que dem\u00e1s ofrece un ampl\u00edsimo abanico de recursos patrimoniales y tur\u00edsticos.<\/p>\n<p>&#8216;Sevilla Rural&#8217; tambi\u00e9n ha mirado a la historia y a las tradiciones y usos ancestrales de sus gentes para poner en valor el medio rural provincial como destino tur\u00edstico. As\u00ed se ha hecho en proyectos como la Ruta de los Caballeros de la Orden de Malta, coordinada por el GDR Gran Vega y participada por Bajo Guadalquivir, Campi\u00f1a-Alcores, la Asociaci\u00f3n Cultural Amigos de Lora y los Ayuntamientos de Carmona y Las Cabezas de San Juan; y la Red de Rutas y Posadas Ecuestres de Sevilla, liderada por el GDR Bajo Guadalquivir, con Aljarafe-Do\u00f1ana, Estepa Sierra Sur, Gran Vega y Campi\u00f1a-Alcores.<\/p>\n<p>Tambi\u00e9n en este ep\u00edgrafe se enmarca el proyecto Red de Rutas y Posadas Ecuestres de Sevilla, que hace suyo un elemento indisolublemente ligado a la cultura del medio rural sevillano, el mundo del caballo y del toro, un t\u00e1ndem de patrimonio natural, cultural y etnogr\u00e1fico escasamente valorizado. Para poner en valor la Sevilla Rural m\u00e1s ecuestre, esta iniciativa ha incrementado la red de itinerarios de turismo ecuestre ya existente, a la que se ha incorporado, entre otras, los Caminos del Roc\u00edo en el Aljarafe-Do\u00f1ana.<\/p>\n<p>La excelencia tur\u00edstica ha sido otra de las l\u00edneas de trabajo del Programa Sevilla Rural, especialmente a trav\u00e9s del trabajo realizado por el GDR Campi\u00f1a Alcores con Serran\u00eda Suroeste, Bajo Guadalquivir y Gran Vega a trav\u00e9s de &#8216;Sevilla Rural, Destino de Calidad&#8217;.<\/p>\n<p>Esta iniciativa ha favorecido la implantaci\u00f3n de sistemas y certificaciones de calidad en empresas tur\u00edsticas de estas cuatro comarcas, para mejorar las oportunidades de acceso de estas empresas a mercados m\u00e1s din\u00e1micos y competitivos. Asimismo, este proyecto de cooperaci\u00f3n provincial tambi\u00e9n ha facilitado la adhesi\u00f3n territorial de empresas y entidades tur\u00edsticas a la marca europea &#8216;Calidad Rural&#8217;, una f\u00f3rmula que apuesta por la diferenciaci\u00f3n tur\u00edstica en clave de excelencia, a trav\u00e9s de una estrategia comprometida con un modelo de desarrollo sostenible, de responsabilidad social, participaci\u00f3n y solidaridad.<\/p>\n","protected":false},"excerpt":{"rendered":"<p>La Casa de la Provincia ha acogido la presentaci\u00f3n del Plan de Intervenci\u00f3n Provincial de la Sevilla Rural, un programa de cooperaci\u00f3n de los Grupos de Desarrollo Rural (GDR) sevillanos que ha promovido iniciativas en materia tur\u00edstica y patrimonial que ya est\u00e1n suponiendo \u00abun importante revulsivo tur\u00edstico para las ocho comarcas rurales de la provincia\u00bb.<\/p>\n","protected":false},"author":1,"featured_media":39643,"comment_status":"open","ping_status":"closed","sticky":false,"template":"","format":"standard","meta":{"footnotes":""},"categories":[222],"tags":[],"class_list":{"0":"post-39642","1":"post","2":"type-post","3":"status-publish","4":"format-standard","5":"has-post-thumbnail","7":"category-actualidad-turismo"},"aioseo_notices":[],"aioseo_head":"\n\t\t<!-- All in One SEO Pro 4.9.6.1 - aioseo.com -->\n\t<meta name=\"description\" content=\"La Casa de la Provincia ha acogido la presentaci\u00f3n del Plan de Intervenci\u00f3n Provincial de la Sevilla Rural, un programa de cooperaci\u00f3n de los Grupos de Desarrollo Rural (GDR) sevillanos que ha promovido iniciativas en materia tur\u00edstica y patrimonial que ya est\u00e1n suponiendo &quot;un importante revulsivo tur\u00edstico para las ocho comarcas rurales de la provincia&quot;.\" \/>\n\t<meta name=\"robots\" content=\"max-image-preview:large\" \/>\n\t<meta name=\"author\" content=\"admin\"\/>\n\t<meta name=\"google-site-verification\" content=\"UA-38556648-1\" \/>\n\t<meta name=\"keywords\" content=\"actualidad turismo\" \/>\n\t<link rel=\"canonical\" href=\"https:\/\/eldigitaldeasturias.com\/magazine365\/nace-sevilla-rural\/\" \/>\n\t<meta name=\"generator\" content=\"All in One SEO Pro (AIOSEO) 4.9.6.1\" \/>\n\t\t<meta property=\"og:locale\" content=\"es_ES\" \/>\n\t\t<meta property=\"og:site_name\" content=\"El Digital de Asturias \u2013 Revista de ocio, turismo y estilo de vida\" \/>\n\t\t<meta property=\"og:type\" content=\"article\" \/>\n\t\t<meta property=\"og:title\" content=\"Nace \u00abSevilla Rural\u00bb | El Digital de Asturias\" \/>\n\t\t<meta property=\"og:description\" content=\"La Casa de la Provincia ha acogido la presentaci\u00f3n del Plan de Intervenci\u00f3n Provincial de la Sevilla Rural, un programa de cooperaci\u00f3n de los Grupos de Desarrollo Rural (GDR) sevillanos que ha promovido iniciativas en materia tur\u00edstica y patrimonial que ya est\u00e1n suponiendo &quot;un importante revulsivo tur\u00edstico para las ocho comarcas rurales de la provincia&quot;.\" \/>\n\t\t<meta property=\"og:url\" content=\"https:\/\/eldigitaldeasturias.com\/magazine365\/nace-sevilla-rural\/\" \/>\n\t\t<meta property=\"og:image\" content=\"https:\/\/eldigitaldeasturias.com\/magazine365\/wp-content\/uploads\/2015\/06\/fotonoticia_20150611172531_800.jpg\" \/>\n\t\t<meta property=\"og:image:secure_url\" content=\"https:\/\/eldigitaldeasturias.com\/magazine365\/wp-content\/uploads\/2015\/06\/fotonoticia_20150611172531_800.jpg\" \/>\n\t\t<meta property=\"og:image:width\" content=\"800\" \/>\n\t\t<meta property=\"og:image:height\" content=\"563\" \/>\n\t\t<meta property=\"article:published_time\" content=\"2015-06-12T00:02:13+00:00\" \/>\n\t\t<meta property=\"article:modified_time\" content=\"2015-06-12T00:02:13+00:00\" \/>\n\t\t<meta name=\"twitter:card\" content=\"summary_large_image\" \/>\n\t\t<meta name=\"twitter:title\" content=\"Nace \u00abSevilla Rural\u00bb | El Digital de Asturias\" \/>\n\t\t<meta name=\"twitter:description\" content=\"La Casa de la Provincia ha acogido la presentaci\u00f3n del Plan de Intervenci\u00f3n Provincial de la Sevilla Rural, un programa de cooperaci\u00f3n de los Grupos de Desarrollo Rural (GDR) sevillanos que ha promovido iniciativas en materia tur\u00edstica y patrimonial que ya est\u00e1n suponiendo &quot;un importante revulsivo tur\u00edstico para las ocho comarcas rurales de la provincia&quot;.\" \/>\n\t\t<meta name=\"twitter:image\" content=\"https:\/\/eldigitaldeasturias.com\/magazine365\/wp-content\/uploads\/2015\/06\/fotonoticia_20150611172531_800.jpg\" \/>\n\t\t<script type=\"application\/ld+json\" class=\"aioseo-schema\">\n\t\t\t{\"@context\":\"https:\\\/\\\/schema.org\",\"@graph\":[{\"@type\":\"Article\",\"@id\":\"https:\\\/\\\/eldigitaldeasturias.com\\\/magazine365\\\/nace-sevilla-rural\\\/#article\",\"name\":\"Nace \\u00abSevilla Rural\\u00bb | El Digital de Asturias\",\"headline\":\"Nace \\u00abSevilla Rural\\u00bb\",\"author\":{\"@id\":\"https:\\\/\\\/eldigitaldeasturias.com\\\/magazine365\\\/author\\\/admin\\\/#author\"},\"publisher\":{\"@id\":\"https:\\\/\\\/eldigitaldeasturias.com\\\/magazine365\\\/#organization\"},\"image\":{\"@type\":\"ImageObject\",\"url\":\"https:\\\/\\\/eldigitaldeasturias.com\\\/magazine365\\\/wp-content\\\/uploads\\\/2015\\\/06\\\/fotonoticia_20150611172531_800.jpg\",\"width\":800,\"height\":563},\"datePublished\":\"2015-06-12T01:32:13+02:00\",\"dateModified\":\"2015-06-12T01:32:13+02:00\",\"inLanguage\":\"es-ES\",\"mainEntityOfPage\":{\"@id\":\"https:\\\/\\\/eldigitaldeasturias.com\\\/magazine365\\\/nace-sevilla-rural\\\/#webpage\"},\"isPartOf\":{\"@id\":\"https:\\\/\\\/eldigitaldeasturias.com\\\/magazine365\\\/nace-sevilla-rural\\\/#webpage\"},\"articleSection\":\"Actualidad Turismo\"},{\"@type\":\"BreadcrumbList\",\"@id\":\"https:\\\/\\\/eldigitaldeasturias.com\\\/magazine365\\\/nace-sevilla-rural\\\/#breadcrumblist\",\"itemListElement\":[{\"@type\":\"ListItem\",\"@id\":\"https:\\\/\\\/eldigitaldeasturias.com\\\/magazine365#listItem\",\"position\":1,\"name\":\"Home\",\"item\":\"https:\\\/\\\/eldigitaldeasturias.com\\\/magazine365\",\"nextItem\":{\"@type\":\"ListItem\",\"@id\":\"https:\\\/\\\/eldigitaldeasturias.com\\\/magazine365\\\/category\\\/actualidad-turismo\\\/#listItem\",\"name\":\"Actualidad Turismo\"}},{\"@type\":\"ListItem\",\"@id\":\"https:\\\/\\\/eldigitaldeasturias.com\\\/magazine365\\\/category\\\/actualidad-turismo\\\/#listItem\",\"position\":2,\"name\":\"Actualidad Turismo\",\"item\":\"https:\\\/\\\/eldigitaldeasturias.com\\\/magazine365\\\/category\\\/actualidad-turismo\\\/\",\"nextItem\":{\"@type\":\"ListItem\",\"@id\":\"https:\\\/\\\/eldigitaldeasturias.com\\\/magazine365\\\/nace-sevilla-rural\\\/#listItem\",\"name\":\"Nace \\u00abSevilla Rural\\u00bb\"},\"previousItem\":{\"@type\":\"ListItem\",\"@id\":\"https:\\\/\\\/eldigitaldeasturias.com\\\/magazine365#listItem\",\"name\":\"Home\"}},{\"@type\":\"ListItem\",\"@id\":\"https:\\\/\\\/eldigitaldeasturias.com\\\/magazine365\\\/nace-sevilla-rural\\\/#listItem\",\"position\":3,\"name\":\"Nace \\u00abSevilla Rural\\u00bb\",\"previousItem\":{\"@type\":\"ListItem\",\"@id\":\"https:\\\/\\\/eldigitaldeasturias.com\\\/magazine365\\\/category\\\/actualidad-turismo\\\/#listItem\",\"name\":\"Actualidad Turismo\"}}]},{\"@type\":\"Organization\",\"@id\":\"https:\\\/\\\/eldigitaldeasturias.com\\\/magazine365\\\/#organization\",\"name\":\"El digital de Asturias\",\"description\":\"Revista de ocio, turismo y estilo de vida\",\"url\":\"https:\\\/\\\/eldigitaldeasturias.com\\\/magazine365\\\/\",\"logo\":{\"@type\":\"ImageObject\",\"url\":\"https:\\\/\\\/www.eldigitaldeasturias.com\\\/noticias\\\/wp-content\\\/uploads\\\/2020\\\/12\\\/EDA.jpg\",\"@id\":\"https:\\\/\\\/eldigitaldeasturias.com\\\/magazine365\\\/nace-sevilla-rural\\\/#organizationLogo\"},\"image\":{\"@id\":\"https:\\\/\\\/eldigitaldeasturias.com\\\/magazine365\\\/nace-sevilla-rural\\\/#organizationLogo\"}},{\"@type\":\"Person\",\"@id\":\"https:\\\/\\\/eldigitaldeasturias.com\\\/magazine365\\\/author\\\/admin\\\/#author\",\"url\":\"https:\\\/\\\/eldigitaldeasturias.com\\\/magazine365\\\/author\\\/admin\\\/\",\"name\":\"admin\",\"image\":{\"@type\":\"ImageObject\",\"@id\":\"https:\\\/\\\/eldigitaldeasturias.com\\\/magazine365\\\/nace-sevilla-rural\\\/#authorImage\",\"url\":\"https:\\\/\\\/eldigitaldeasturias.com\\\/magazine365\\\/wp-content\\\/litespeed\\\/avatar\\\/e571bcf59a0edd6fa6838245a470f2fe.jpg?ver=1776969259\",\"width\":96,\"height\":96,\"caption\":\"admin\"}},{\"@type\":\"WebPage\",\"@id\":\"https:\\\/\\\/eldigitaldeasturias.com\\\/magazine365\\\/nace-sevilla-rural\\\/#webpage\",\"url\":\"https:\\\/\\\/eldigitaldeasturias.com\\\/magazine365\\\/nace-sevilla-rural\\\/\",\"name\":\"Nace \\u00abSevilla Rural\\u00bb | El Digital de Asturias\",\"description\":\"La Casa de la Provincia ha acogido la presentaci\\u00f3n del Plan de Intervenci\\u00f3n Provincial de la Sevilla Rural, un programa de cooperaci\\u00f3n de los Grupos de Desarrollo Rural (GDR) sevillanos que ha promovido iniciativas en materia tur\\u00edstica y patrimonial que ya est\\u00e1n suponiendo \\\"un importante revulsivo tur\\u00edstico para las ocho comarcas rurales de la provincia\\\".\",\"inLanguage\":\"es-ES\",\"isPartOf\":{\"@id\":\"https:\\\/\\\/eldigitaldeasturias.com\\\/magazine365\\\/#website\"},\"breadcrumb\":{\"@id\":\"https:\\\/\\\/eldigitaldeasturias.com\\\/magazine365\\\/nace-sevilla-rural\\\/#breadcrumblist\"},\"author\":{\"@id\":\"https:\\\/\\\/eldigitaldeasturias.com\\\/magazine365\\\/author\\\/admin\\\/#author\"},\"creator\":{\"@id\":\"https:\\\/\\\/eldigitaldeasturias.com\\\/magazine365\\\/author\\\/admin\\\/#author\"},\"image\":{\"@type\":\"ImageObject\",\"url\":\"https:\\\/\\\/eldigitaldeasturias.com\\\/magazine365\\\/wp-content\\\/uploads\\\/2015\\\/06\\\/fotonoticia_20150611172531_800.jpg\",\"@id\":\"https:\\\/\\\/eldigitaldeasturias.com\\\/magazine365\\\/nace-sevilla-rural\\\/#mainImage\",\"width\":800,\"height\":563},\"primaryImageOfPage\":{\"@id\":\"https:\\\/\\\/eldigitaldeasturias.com\\\/magazine365\\\/nace-sevilla-rural\\\/#mainImage\"},\"datePublished\":\"2015-06-12T01:32:13+02:00\",\"dateModified\":\"2015-06-12T01:32:13+02:00\"},{\"@type\":\"WebSite\",\"@id\":\"https:\\\/\\\/eldigitaldeasturias.com\\\/magazine365\\\/#website\",\"url\":\"https:\\\/\\\/eldigitaldeasturias.com\\\/magazine365\\\/\",\"name\":\"El Digital de Asturias\",\"description\":\"Revista de ocio, turismo y estilo de vida\",\"inLanguage\":\"es-ES\",\"publisher\":{\"@id\":\"https:\\\/\\\/eldigitaldeasturias.com\\\/magazine365\\\/#organization\"}}]}\n\t\t<\/script>\n\t\t<!-- All in One SEO Pro -->\r\n\t\t<title>Nace \u00abSevilla Rural\u00bb | El Digital de Asturias<\/title>\n\n","aioseo_head_json":{"title":"Nace \u00abSevilla Rural\u00bb | El Digital de Asturias","description":"La Casa de la Provincia ha acogido la presentaci\u00f3n del Plan de Intervenci\u00f3n Provincial de la Sevilla Rural, un programa de cooperaci\u00f3n de los Grupos de Desarrollo Rural (GDR) sevillanos que ha promovido iniciativas en materia tur\u00edstica y patrimonial que ya est\u00e1n suponiendo \"un importante revulsivo tur\u00edstico para las ocho comarcas rurales de la provincia\".","canonical_url":"https:\/\/eldigitaldeasturias.com\/magazine365\/nace-sevilla-rural\/","robots":"max-image-preview:large","keywords":"actualidad turismo","webmasterTools":{"google-site-verification":"UA-38556648-1","miscellaneous":""},"schema":{"@context":"https:\/\/schema.org","@graph":[{"@type":"Article","@id":"https:\/\/eldigitaldeasturias.com\/magazine365\/nace-sevilla-rural\/#article","name":"Nace \u00abSevilla Rural\u00bb | El Digital de Asturias","headline":"Nace \u00abSevilla Rural\u00bb","author":{"@id":"https:\/\/eldigitaldeasturias.com\/magazine365\/author\/admin\/#author"},"publisher":{"@id":"https:\/\/eldigitaldeasturias.com\/magazine365\/#organization"},"image":{"@type":"ImageObject","url":"https:\/\/eldigitaldeasturias.com\/magazine365\/wp-content\/uploads\/2015\/06\/fotonoticia_20150611172531_800.jpg","width":800,"height":563},"datePublished":"2015-06-12T01:32:13+02:00","dateModified":"2015-06-12T01:32:13+02:00","inLanguage":"es-ES","mainEntityOfPage":{"@id":"https:\/\/eldigitaldeasturias.com\/magazine365\/nace-sevilla-rural\/#webpage"},"isPartOf":{"@id":"https:\/\/eldigitaldeasturias.com\/magazine365\/nace-sevilla-rural\/#webpage"},"articleSection":"Actualidad Turismo"},{"@type":"BreadcrumbList","@id":"https:\/\/eldigitaldeasturias.com\/magazine365\/nace-sevilla-rural\/#breadcrumblist","itemListElement":[{"@type":"ListItem","@id":"https:\/\/eldigitaldeasturias.com\/magazine365#listItem","position":1,"name":"Home","item":"https:\/\/eldigitaldeasturias.com\/magazine365","nextItem":{"@type":"ListItem","@id":"https:\/\/eldigitaldeasturias.com\/magazine365\/category\/actualidad-turismo\/#listItem","name":"Actualidad Turismo"}},{"@type":"ListItem","@id":"https:\/\/eldigitaldeasturias.com\/magazine365\/category\/actualidad-turismo\/#listItem","position":2,"name":"Actualidad Turismo","item":"https:\/\/eldigitaldeasturias.com\/magazine365\/category\/actualidad-turismo\/","nextItem":{"@type":"ListItem","@id":"https:\/\/eldigitaldeasturias.com\/magazine365\/nace-sevilla-rural\/#listItem","name":"Nace \u00abSevilla Rural\u00bb"},"previousItem":{"@type":"ListItem","@id":"https:\/\/eldigitaldeasturias.com\/magazine365#listItem","name":"Home"}},{"@type":"ListItem","@id":"https:\/\/eldigitaldeasturias.com\/magazine365\/nace-sevilla-rural\/#listItem","position":3,"name":"Nace \u00abSevilla Rural\u00bb","previousItem":{"@type":"ListItem","@id":"https:\/\/eldigitaldeasturias.com\/magazine365\/category\/actualidad-turismo\/#listItem","name":"Actualidad Turismo"}}]},{"@type":"Organization","@id":"https:\/\/eldigitaldeasturias.com\/magazine365\/#organization","name":"El digital de Asturias","description":"Revista de ocio, turismo y estilo de vida","url":"https:\/\/eldigitaldeasturias.com\/magazine365\/","logo":{"@type":"ImageObject","url":"https:\/\/www.eldigitaldeasturias.com\/noticias\/wp-content\/uploads\/2020\/12\/EDA.jpg","@id":"https:\/\/eldigitaldeasturias.com\/magazine365\/nace-sevilla-rural\/#organizationLogo"},"image":{"@id":"https:\/\/eldigitaldeasturias.com\/magazine365\/nace-sevilla-rural\/#organizationLogo"}},{"@type":"Person","@id":"https:\/\/eldigitaldeasturias.com\/magazine365\/author\/admin\/#author","url":"https:\/\/eldigitaldeasturias.com\/magazine365\/author\/admin\/","name":"admin","image":{"@type":"ImageObject","@id":"https:\/\/eldigitaldeasturias.com\/magazine365\/nace-sevilla-rural\/#authorImage","url":"https:\/\/eldigitaldeasturias.com\/magazine365\/wp-content\/litespeed\/avatar\/e571bcf59a0edd6fa6838245a470f2fe.jpg?ver=1776969259","width":96,"height":96,"caption":"admin"}},{"@type":"WebPage","@id":"https:\/\/eldigitaldeasturias.com\/magazine365\/nace-sevilla-rural\/#webpage","url":"https:\/\/eldigitaldeasturias.com\/magazine365\/nace-sevilla-rural\/","name":"Nace \u00abSevilla Rural\u00bb | El Digital de Asturias","description":"La Casa de la Provincia ha acogido la presentaci\u00f3n del Plan de Intervenci\u00f3n Provincial de la Sevilla Rural, un programa de cooperaci\u00f3n de los Grupos de Desarrollo Rural (GDR) sevillanos que ha promovido iniciativas en materia tur\u00edstica y patrimonial que ya est\u00e1n suponiendo \"un importante revulsivo tur\u00edstico para las ocho comarcas rurales de la provincia\".","inLanguage":"es-ES","isPartOf":{"@id":"https:\/\/eldigitaldeasturias.com\/magazine365\/#website"},"breadcrumb":{"@id":"https:\/\/eldigitaldeasturias.com\/magazine365\/nace-sevilla-rural\/#breadcrumblist"},"author":{"@id":"https:\/\/eldigitaldeasturias.com\/magazine365\/author\/admin\/#author"},"creator":{"@id":"https:\/\/eldigitaldeasturias.com\/magazine365\/author\/admin\/#author"},"image":{"@type":"ImageObject","url":"https:\/\/eldigitaldeasturias.com\/magazine365\/wp-content\/uploads\/2015\/06\/fotonoticia_20150611172531_800.jpg","@id":"https:\/\/eldigitaldeasturias.com\/magazine365\/nace-sevilla-rural\/#mainImage","width":800,"height":563},"primaryImageOfPage":{"@id":"https:\/\/eldigitaldeasturias.com\/magazine365\/nace-sevilla-rural\/#mainImage"},"datePublished":"2015-06-12T01:32:13+02:00","dateModified":"2015-06-12T01:32:13+02:00"},{"@type":"WebSite","@id":"https:\/\/eldigitaldeasturias.com\/magazine365\/#website","url":"https:\/\/eldigitaldeasturias.com\/magazine365\/","name":"El Digital de Asturias","description":"Revista de ocio, turismo y estilo de vida","inLanguage":"es-ES","publisher":{"@id":"https:\/\/eldigitaldeasturias.com\/magazine365\/#organization"}}]},"og:locale":"es_ES","og:site_name":"El Digital de Asturias \u2013 Revista de ocio, turismo y estilo de vida","og:type":"article","og:title":"Nace \u00abSevilla Rural\u00bb | El Digital de Asturias","og:description":"La Casa de la Provincia ha acogido la presentaci\u00f3n del Plan de Intervenci\u00f3n Provincial de la Sevilla Rural, un programa de cooperaci\u00f3n de los Grupos de Desarrollo Rural (GDR) sevillanos que ha promovido iniciativas en materia tur\u00edstica y patrimonial que ya est\u00e1n suponiendo &quot;un importante revulsivo tur\u00edstico para las ocho comarcas rurales de la provincia&quot;.","og:url":"https:\/\/eldigitaldeasturias.com\/magazine365\/nace-sevilla-rural\/","og:image":"https:\/\/eldigitaldeasturias.com\/magazine365\/wp-content\/uploads\/2015\/06\/fotonoticia_20150611172531_800.jpg","og:image:secure_url":"https:\/\/eldigitaldeasturias.com\/magazine365\/wp-content\/uploads\/2015\/06\/fotonoticia_20150611172531_800.jpg","og:image:width":800,"og:image:height":563,"article:published_time":"2015-06-12T00:02:13+00:00","article:modified_time":"2015-06-12T00:02:13+00:00","twitter:card":"summary_large_image","twitter:title":"Nace \u00abSevilla Rural\u00bb | El Digital de Asturias","twitter:description":"La Casa de la Provincia ha acogido la presentaci\u00f3n del Plan de Intervenci\u00f3n Provincial de la Sevilla Rural, un programa de cooperaci\u00f3n de los Grupos de Desarrollo Rural (GDR) sevillanos que ha promovido iniciativas en materia tur\u00edstica y patrimonial que ya est\u00e1n suponiendo &quot;un importante revulsivo tur\u00edstico para las ocho comarcas rurales de la provincia&quot;.","twitter:image":"https:\/\/eldigitaldeasturias.com\/magazine365\/wp-content\/uploads\/2015\/06\/fotonoticia_20150611172531_800.jpg"},"aioseo_meta_data":{"post_id":"39642","title":null,"description":null,"keywords":null,"keyphrases":null,"primary_term":null,"canonical_url":null,"og_title":null,"og_description":null,"og_object_type":"default","og_image_type":"default","og_image_url":null,"og_image_width":null,"og_image_height":null,"og_image_custom_url":null,"og_image_custom_fields":null,"og_video":null,"og_custom_url":null,"og_article_section":null,"og_article_tags":null,"twitter_use_og":false,"twitter_card":"default","twitter_image_type":"default","twitter_image_url":null,"twitter_image_custom_url":null,"twitter_image_custom_fields":null,"twitter_title":null,"twitter_description":null,"schema":{"blockGraphs":[],"customGraphs":[],"default":{"data":{"Article":[],"Course":[],"Dataset":[],"FAQPage":[],"Movie":[],"Person":[],"Product":[],"ProductReview":[],"Car":[],"Recipe":[],"Service":[],"SoftwareApplication":[],"WebPage":[]},"graphName":"","isEnabled":true},"graphs":[],"defaultGraph":"","defaultPostTypeGraph":""},"schema_type":null,"schema_type_options":null,"pillar_content":false,"robots_default":true,"robots_noindex":false,"robots_noarchive":false,"robots_nosnippet":false,"robots_nofollow":false,"robots_noimageindex":false,"robots_noodp":false,"robots_notranslate":false,"robots_max_snippet":null,"robots_max_videopreview":null,"robots_max_imagepreview":"large","priority":null,"frequency":null,"location":null,"local_seo":null,"seo_analyzer_scan_date":"2025-09-19 12:02:26","breadcrumb_settings":null,"limit_modified_date":false,"open_ai":null,"ai":null,"created":"2021-03-09 02:38:52","updated":"2025-09-19 12:02:26"},"aioseo_breadcrumb":"<div class=\"aioseo-breadcrumbs\"><span class=\"aioseo-breadcrumb\">\n\t<a href=\"https:\/\/eldigitaldeasturias.com\/magazine365\" title=\"Home\">Home<\/a>\n<\/span><span class=\"aioseo-breadcrumb-separator\">\u2013<\/span><span class=\"aioseo-breadcrumb\">\n\t<a href=\"https:\/\/eldigitaldeasturias.com\/magazine365\/category\/actualidad-turismo\/\" title=\"Actualidad Turismo\">Actualidad Turismo<\/a>\n<\/span><span class=\"aioseo-breadcrumb-separator\">\u2013<\/span><span class=\"aioseo-breadcrumb\">\n\t<a href=\"https:\/\/eldigitaldeasturias.com\/magazine365\/nace-sevilla-rural\/\" title=\"Nace \u00abSevilla Rural\u00bb\">Nace \u00abSevilla Rural\u00bb<\/a>\n<\/span><\/div>","aioseo_breadcrumb_json":[{"label":"Home","link":"https:\/\/eldigitaldeasturias.com\/magazine365"},{"label":"Actualidad Turismo","link":"https:\/\/eldigitaldeasturias.com\/magazine365\/category\/actualidad-turismo\/"},{"label":"Nace \u00abSevilla Rural\u00bb","link":"https:\/\/eldigitaldeasturias.com\/magazine365\/nace-sevilla-rural\/"}],"_links":{"self":[{"href":"https:\/\/eldigitaldeasturias.com\/magazine365\/wp-json\/wp\/v2\/posts\/39642","targetHints":{"allow":["GET"]}}],"collection":[{"href":"https:\/\/eldigitaldeasturias.com\/magazine365\/wp-json\/wp\/v2\/posts"}],"about":[{"href":"https:\/\/eldigitaldeasturias.com\/magazine365\/wp-json\/wp\/v2\/types\/post"}],"author":[{"embeddable":true,"href":"https:\/\/eldigitaldeasturias.com\/magazine365\/wp-json\/wp\/v2\/users\/1"}],"replies":[{"embeddable":true,"href":"https:\/\/eldigitaldeasturias.com\/magazine365\/wp-json\/wp\/v2\/comments?post=39642"}],"version-history":[{"count":0,"href":"https:\/\/eldigitaldeasturias.com\/magazine365\/wp-json\/wp\/v2\/posts\/39642\/revisions"}],"wp:featuredmedia":[{"embeddable":true,"href":"https:\/\/eldigitaldeasturias.com\/magazine365\/wp-json\/wp\/v2\/media\/39643"}],"wp:attachment":[{"href":"https:\/\/eldigitaldeasturias.com\/magazine365\/wp-json\/wp\/v2\/media?parent=39642"}],"wp:term":[{"taxonomy":"category","embeddable":true,"href":"https:\/\/eldigitaldeasturias.com\/magazine365\/wp-json\/wp\/v2\/categories?post=39642"},{"taxonomy":"post_tag","embeddable":true,"href":"https:\/\/eldigitaldeasturias.com\/magazine365\/wp-json\/wp\/v2\/tags?post=39642"}],"curies":[{"name":"wp","href":"https:\/\/api.w.org\/{rel}","templated":true}]}}