{"id":39639,"date":"2015-06-12T01:30:40","date_gmt":"2015-06-12T00:00:40","guid":{"rendered":"http:\/\/eldigitaldeasturias.com\/magazine365\/?p=39639"},"modified":"2015-06-12T01:30:40","modified_gmt":"2015-06-12T00:00:40","slug":"travelport-y-jeju-air-alcanzan-un-acuerdo-global-de-comercializacion","status":"publish","type":"post","link":"https:\/\/eldigitaldeasturias.com\/magazine365\/travelport-y-jeju-air-alcanzan-un-acuerdo-global-de-comercializacion\/","title":{"rendered":"Travelport y Jeju Air alcanzan un acuerdo global de comercializaci\u00f3n"},"content":{"rendered":"<p><img fetchpriority=\"high\" decoding=\"async\" class=\"alignleft size-medium wp-image-39640\" src=\"https:\/\/eldigitaldeasturias.com\/magazine365\/wp-content\/uploads\/2015\/06\/fotonoticia_20150611172216_800-360x168.jpg\" alt=\"fotonoticia_20150611172216_800\" width=\"360\" height=\"168\" srcset=\"https:\/\/eldigitaldeasturias.com\/magazine365\/wp-content\/uploads\/2015\/06\/fotonoticia_20150611172216_800-360x168.jpg 360w, https:\/\/eldigitaldeasturias.com\/magazine365\/wp-content\/uploads\/2015\/06\/fotonoticia_20150611172216_800-650x304.jpg 650w, https:\/\/eldigitaldeasturias.com\/magazine365\/wp-content\/uploads\/2015\/06\/fotonoticia_20150611172216_800-768x359.jpg 768w, https:\/\/eldigitaldeasturias.com\/magazine365\/wp-content\/uploads\/2015\/06\/fotonoticia_20150611172216_800-150x70.jpg 150w, https:\/\/eldigitaldeasturias.com\/magazine365\/wp-content\/uploads\/2015\/06\/fotonoticia_20150611172216_800-450x210.jpg 450w, https:\/\/eldigitaldeasturias.com\/magazine365\/wp-content\/uploads\/2015\/06\/fotonoticia_20150611172216_800-696x325.jpg 696w, https:\/\/eldigitaldeasturias.com\/magazine365\/wp-content\/uploads\/2015\/06\/fotonoticia_20150611172216_800-490x229.jpg 490w, https:\/\/eldigitaldeasturias.com\/magazine365\/wp-content\/uploads\/2015\/06\/fotonoticia_20150611172216_800.jpg 800w\" sizes=\"(max-width: 360px) 100vw, 360px\" \/>Travelport ha anunciado un acuerdo global con Jeju Air para el marketing y comercializaci\u00f3n de los billetes de la aerol\u00ednea coreana, seg\u00fan informa la plataforma de viajes &#8216;online&#8217;, que contin\u00faa apostando por la regi\u00f3n asi\u00e1tica.<\/p>\n<p>De este modo, la coreana tendr\u00e1 una mayor visibilidad de cara al mercado internacional, con tarifas &#8216;online&#8217; y de grupo.<\/p>\n<p>Con esta alianza se logra adem\u00e1s un mayor control y eficiencia sobre los vuelos, el modo en que el producto se presenta al clientes y la experiencia del comprador durante la adquisici\u00f3n.<\/p>\n<p>Jeju Air est\u00e1 expandi\u00e9ndose en el norte de Asia y el Pac\u00edfico y espera consolidarse fuera de la regi\u00f3n. Su incorporaci\u00f3n al sistema de Travelport supone que m\u00e1s de cien las compa\u00f1\u00edas a\u00e9reas recurren al servicio de contenido enriquecido y creaci\u00f3n de marca de la plataforma de comercio de viajes<\/p>\n","protected":false},"excerpt":{"rendered":"<p>Travelport ha anunciado un acuerdo global con Jeju Air para el marketing y comercializaci\u00f3n de los billetes de la aerol\u00ednea coreana, seg\u00fan informa la plataforma de viajes &#8216;online&#8217;, que contin\u00faa apostando por la regi\u00f3n asi\u00e1tica. De este modo, la coreana tendr\u00e1 una mayor visibilidad de cara al mercado internacional, con tarifas &#8216;online&#8217; y de grupo.<\/p>\n","protected":false},"author":1,"featured_media":39640,"comment_status":"open","ping_status":"closed","sticky":false,"template":"","format":"standard","meta":{"footnotes":""},"categories":[222],"tags":[],"class_list":{"0":"post-39639","1":"post","2":"type-post","3":"status-publish","4":"format-standard","5":"has-post-thumbnail","7":"category-actualidad-turismo"},"aioseo_notices":[],"aioseo_head":"\n\t\t<!-- All in One SEO Pro 4.9.6.1 - aioseo.com -->\n\t<meta name=\"description\" content=\"Travelport ha anunciado un acuerdo global con Jeju Air para el marketing y comercializaci\u00f3n de los billetes de la aerol\u00ednea coreana, seg\u00fan informa la plataforma de viajes &#039;online&#039;, que contin\u00faa apostando por la regi\u00f3n asi\u00e1tica. De este modo, la coreana tendr\u00e1 una mayor visibilidad de cara al mercado internacional, con tarifas &#039;online&#039; y de grupo.\" \/>\n\t<meta name=\"robots\" content=\"max-image-preview:large\" \/>\n\t<meta name=\"author\" content=\"admin\"\/>\n\t<meta name=\"google-site-verification\" content=\"UA-38556648-1\" \/>\n\t<meta name=\"keywords\" content=\"actualidad turismo\" \/>\n\t<link rel=\"canonical\" href=\"https:\/\/eldigitaldeasturias.com\/magazine365\/travelport-y-jeju-air-alcanzan-un-acuerdo-global-de-comercializacion\/\" \/>\n\t<meta name=\"generator\" content=\"All in One SEO Pro (AIOSEO) 4.9.6.1\" \/>\n\t\t<meta property=\"og:locale\" content=\"es_ES\" \/>\n\t\t<meta property=\"og:site_name\" content=\"El Digital de Asturias \u2013 Revista de ocio, turismo y estilo de vida\" \/>\n\t\t<meta property=\"og:type\" content=\"article\" \/>\n\t\t<meta property=\"og:title\" content=\"Travelport y Jeju Air alcanzan un acuerdo global de comercializaci\u00f3n | El Digital de Asturias\" \/>\n\t\t<meta property=\"og:description\" content=\"Travelport ha anunciado un acuerdo global con Jeju Air para el marketing y comercializaci\u00f3n de los billetes de la aerol\u00ednea coreana, seg\u00fan informa la plataforma de viajes &#039;online&#039;, que contin\u00faa apostando por la regi\u00f3n asi\u00e1tica. De este modo, la coreana tendr\u00e1 una mayor visibilidad de cara al mercado internacional, con tarifas &#039;online&#039; y de grupo.\" \/>\n\t\t<meta property=\"og:url\" content=\"https:\/\/eldigitaldeasturias.com\/magazine365\/travelport-y-jeju-air-alcanzan-un-acuerdo-global-de-comercializacion\/\" \/>\n\t\t<meta property=\"og:image\" content=\"https:\/\/eldigitaldeasturias.com\/magazine365\/wp-content\/uploads\/2015\/06\/fotonoticia_20150611172216_800.jpg\" \/>\n\t\t<meta property=\"og:image:secure_url\" content=\"https:\/\/eldigitaldeasturias.com\/magazine365\/wp-content\/uploads\/2015\/06\/fotonoticia_20150611172216_800.jpg\" \/>\n\t\t<meta property=\"og:image:width\" content=\"800\" \/>\n\t\t<meta property=\"og:image:height\" content=\"374\" \/>\n\t\t<meta property=\"article:published_time\" content=\"2015-06-12T00:00:40+00:00\" \/>\n\t\t<meta property=\"article:modified_time\" content=\"2015-06-12T00:00:40+00:00\" \/>\n\t\t<meta name=\"twitter:card\" content=\"summary_large_image\" \/>\n\t\t<meta name=\"twitter:title\" content=\"Travelport y Jeju Air alcanzan un acuerdo global de comercializaci\u00f3n | El Digital de Asturias\" \/>\n\t\t<meta name=\"twitter:description\" content=\"Travelport ha anunciado un acuerdo global con Jeju Air para el marketing y comercializaci\u00f3n de los billetes de la aerol\u00ednea coreana, seg\u00fan informa la plataforma de viajes &#039;online&#039;, que contin\u00faa apostando por la regi\u00f3n asi\u00e1tica. De este modo, la coreana tendr\u00e1 una mayor visibilidad de cara al mercado internacional, con tarifas &#039;online&#039; y de grupo.\" \/>\n\t\t<meta name=\"twitter:image\" content=\"https:\/\/eldigitaldeasturias.com\/magazine365\/wp-content\/uploads\/2015\/06\/fotonoticia_20150611172216_800.jpg\" \/>\n\t\t<script type=\"application\/ld+json\" class=\"aioseo-schema\">\n\t\t\t{\"@context\":\"https:\\\/\\\/schema.org\",\"@graph\":[{\"@type\":\"Article\",\"@id\":\"https:\\\/\\\/eldigitaldeasturias.com\\\/magazine365\\\/travelport-y-jeju-air-alcanzan-un-acuerdo-global-de-comercializacion\\\/#article\",\"name\":\"Travelport y Jeju Air alcanzan un acuerdo global de comercializaci\\u00f3n | El Digital de Asturias\",\"headline\":\"Travelport y Jeju Air alcanzan un acuerdo global de comercializaci\\u00f3n\",\"author\":{\"@id\":\"https:\\\/\\\/eldigitaldeasturias.com\\\/magazine365\\\/author\\\/admin\\\/#author\"},\"publisher\":{\"@id\":\"https:\\\/\\\/eldigitaldeasturias.com\\\/magazine365\\\/#organization\"},\"image\":{\"@type\":\"ImageObject\",\"url\":\"https:\\\/\\\/eldigitaldeasturias.com\\\/magazine365\\\/wp-content\\\/uploads\\\/2015\\\/06\\\/fotonoticia_20150611172216_800.jpg\",\"width\":800,\"height\":374},\"datePublished\":\"2015-06-12T01:30:40+02:00\",\"dateModified\":\"2015-06-12T01:30:40+02:00\",\"inLanguage\":\"es-ES\",\"mainEntityOfPage\":{\"@id\":\"https:\\\/\\\/eldigitaldeasturias.com\\\/magazine365\\\/travelport-y-jeju-air-alcanzan-un-acuerdo-global-de-comercializacion\\\/#webpage\"},\"isPartOf\":{\"@id\":\"https:\\\/\\\/eldigitaldeasturias.com\\\/magazine365\\\/travelport-y-jeju-air-alcanzan-un-acuerdo-global-de-comercializacion\\\/#webpage\"},\"articleSection\":\"Actualidad Turismo\"},{\"@type\":\"BreadcrumbList\",\"@id\":\"https:\\\/\\\/eldigitaldeasturias.com\\\/magazine365\\\/travelport-y-jeju-air-alcanzan-un-acuerdo-global-de-comercializacion\\\/#breadcrumblist\",\"itemListElement\":[{\"@type\":\"ListItem\",\"@id\":\"https:\\\/\\\/eldigitaldeasturias.com\\\/magazine365#listItem\",\"position\":1,\"name\":\"Home\",\"item\":\"https:\\\/\\\/eldigitaldeasturias.com\\\/magazine365\",\"nextItem\":{\"@type\":\"ListItem\",\"@id\":\"https:\\\/\\\/eldigitaldeasturias.com\\\/magazine365\\\/category\\\/actualidad-turismo\\\/#listItem\",\"name\":\"Actualidad Turismo\"}},{\"@type\":\"ListItem\",\"@id\":\"https:\\\/\\\/eldigitaldeasturias.com\\\/magazine365\\\/category\\\/actualidad-turismo\\\/#listItem\",\"position\":2,\"name\":\"Actualidad Turismo\",\"item\":\"https:\\\/\\\/eldigitaldeasturias.com\\\/magazine365\\\/category\\\/actualidad-turismo\\\/\",\"nextItem\":{\"@type\":\"ListItem\",\"@id\":\"https:\\\/\\\/eldigitaldeasturias.com\\\/magazine365\\\/travelport-y-jeju-air-alcanzan-un-acuerdo-global-de-comercializacion\\\/#listItem\",\"name\":\"Travelport y Jeju Air alcanzan un acuerdo global de comercializaci\\u00f3n\"},\"previousItem\":{\"@type\":\"ListItem\",\"@id\":\"https:\\\/\\\/eldigitaldeasturias.com\\\/magazine365#listItem\",\"name\":\"Home\"}},{\"@type\":\"ListItem\",\"@id\":\"https:\\\/\\\/eldigitaldeasturias.com\\\/magazine365\\\/travelport-y-jeju-air-alcanzan-un-acuerdo-global-de-comercializacion\\\/#listItem\",\"position\":3,\"name\":\"Travelport y Jeju Air alcanzan un acuerdo global de comercializaci\\u00f3n\",\"previousItem\":{\"@type\":\"ListItem\",\"@id\":\"https:\\\/\\\/eldigitaldeasturias.com\\\/magazine365\\\/category\\\/actualidad-turismo\\\/#listItem\",\"name\":\"Actualidad Turismo\"}}]},{\"@type\":\"Organization\",\"@id\":\"https:\\\/\\\/eldigitaldeasturias.com\\\/magazine365\\\/#organization\",\"name\":\"El digital de Asturias\",\"description\":\"Revista de ocio, turismo y estilo de vida\",\"url\":\"https:\\\/\\\/eldigitaldeasturias.com\\\/magazine365\\\/\",\"logo\":{\"@type\":\"ImageObject\",\"url\":\"https:\\\/\\\/www.eldigitaldeasturias.com\\\/noticias\\\/wp-content\\\/uploads\\\/2020\\\/12\\\/EDA.jpg\",\"@id\":\"https:\\\/\\\/eldigitaldeasturias.com\\\/magazine365\\\/travelport-y-jeju-air-alcanzan-un-acuerdo-global-de-comercializacion\\\/#organizationLogo\"},\"image\":{\"@id\":\"https:\\\/\\\/eldigitaldeasturias.com\\\/magazine365\\\/travelport-y-jeju-air-alcanzan-un-acuerdo-global-de-comercializacion\\\/#organizationLogo\"}},{\"@type\":\"Person\",\"@id\":\"https:\\\/\\\/eldigitaldeasturias.com\\\/magazine365\\\/author\\\/admin\\\/#author\",\"url\":\"https:\\\/\\\/eldigitaldeasturias.com\\\/magazine365\\\/author\\\/admin\\\/\",\"name\":\"admin\",\"image\":{\"@type\":\"ImageObject\",\"@id\":\"https:\\\/\\\/eldigitaldeasturias.com\\\/magazine365\\\/travelport-y-jeju-air-alcanzan-un-acuerdo-global-de-comercializacion\\\/#authorImage\",\"url\":\"https:\\\/\\\/eldigitaldeasturias.com\\\/magazine365\\\/wp-content\\\/litespeed\\\/avatar\\\/e571bcf59a0edd6fa6838245a470f2fe.jpg?ver=1776969259\",\"width\":96,\"height\":96,\"caption\":\"admin\"}},{\"@type\":\"WebPage\",\"@id\":\"https:\\\/\\\/eldigitaldeasturias.com\\\/magazine365\\\/travelport-y-jeju-air-alcanzan-un-acuerdo-global-de-comercializacion\\\/#webpage\",\"url\":\"https:\\\/\\\/eldigitaldeasturias.com\\\/magazine365\\\/travelport-y-jeju-air-alcanzan-un-acuerdo-global-de-comercializacion\\\/\",\"name\":\"Travelport y Jeju Air alcanzan un acuerdo global de comercializaci\\u00f3n | El Digital de Asturias\",\"description\":\"Travelport ha anunciado un acuerdo global con Jeju Air para el marketing y comercializaci\\u00f3n de los billetes de la aerol\\u00ednea coreana, seg\\u00fan informa la plataforma de viajes 'online', que contin\\u00faa apostando por la regi\\u00f3n asi\\u00e1tica. De este modo, la coreana tendr\\u00e1 una mayor visibilidad de cara al mercado internacional, con tarifas 'online' y de grupo.\",\"inLanguage\":\"es-ES\",\"isPartOf\":{\"@id\":\"https:\\\/\\\/eldigitaldeasturias.com\\\/magazine365\\\/#website\"},\"breadcrumb\":{\"@id\":\"https:\\\/\\\/eldigitaldeasturias.com\\\/magazine365\\\/travelport-y-jeju-air-alcanzan-un-acuerdo-global-de-comercializacion\\\/#breadcrumblist\"},\"author\":{\"@id\":\"https:\\\/\\\/eldigitaldeasturias.com\\\/magazine365\\\/author\\\/admin\\\/#author\"},\"creator\":{\"@id\":\"https:\\\/\\\/eldigitaldeasturias.com\\\/magazine365\\\/author\\\/admin\\\/#author\"},\"image\":{\"@type\":\"ImageObject\",\"url\":\"https:\\\/\\\/eldigitaldeasturias.com\\\/magazine365\\\/wp-content\\\/uploads\\\/2015\\\/06\\\/fotonoticia_20150611172216_800.jpg\",\"@id\":\"https:\\\/\\\/eldigitaldeasturias.com\\\/magazine365\\\/travelport-y-jeju-air-alcanzan-un-acuerdo-global-de-comercializacion\\\/#mainImage\",\"width\":800,\"height\":374},\"primaryImageOfPage\":{\"@id\":\"https:\\\/\\\/eldigitaldeasturias.com\\\/magazine365\\\/travelport-y-jeju-air-alcanzan-un-acuerdo-global-de-comercializacion\\\/#mainImage\"},\"datePublished\":\"2015-06-12T01:30:40+02:00\",\"dateModified\":\"2015-06-12T01:30:40+02:00\"},{\"@type\":\"WebSite\",\"@id\":\"https:\\\/\\\/eldigitaldeasturias.com\\\/magazine365\\\/#website\",\"url\":\"https:\\\/\\\/eldigitaldeasturias.com\\\/magazine365\\\/\",\"name\":\"El Digital de Asturias\",\"description\":\"Revista de ocio, turismo y estilo de vida\",\"inLanguage\":\"es-ES\",\"publisher\":{\"@id\":\"https:\\\/\\\/eldigitaldeasturias.com\\\/magazine365\\\/#organization\"}}]}\n\t\t<\/script>\n\t\t<!-- All in One SEO Pro -->\r\n\t\t<title>Travelport y Jeju Air alcanzan un acuerdo global de comercializaci\u00f3n | El Digital de Asturias<\/title>\n\n","aioseo_head_json":{"title":"Travelport y Jeju Air alcanzan un acuerdo global de comercializaci\u00f3n | El Digital de Asturias","description":"Travelport ha anunciado un acuerdo global con Jeju Air para el marketing y comercializaci\u00f3n de los billetes de la aerol\u00ednea coreana, seg\u00fan informa la plataforma de viajes 'online', que contin\u00faa apostando por la regi\u00f3n asi\u00e1tica. De este modo, la coreana tendr\u00e1 una mayor visibilidad de cara al mercado internacional, con tarifas 'online' y de grupo.","canonical_url":"https:\/\/eldigitaldeasturias.com\/magazine365\/travelport-y-jeju-air-alcanzan-un-acuerdo-global-de-comercializacion\/","robots":"max-image-preview:large","keywords":"actualidad turismo","webmasterTools":{"google-site-verification":"UA-38556648-1","miscellaneous":""},"schema":{"@context":"https:\/\/schema.org","@graph":[{"@type":"Article","@id":"https:\/\/eldigitaldeasturias.com\/magazine365\/travelport-y-jeju-air-alcanzan-un-acuerdo-global-de-comercializacion\/#article","name":"Travelport y Jeju Air alcanzan un acuerdo global de comercializaci\u00f3n | El Digital de Asturias","headline":"Travelport y Jeju Air alcanzan un acuerdo global de comercializaci\u00f3n","author":{"@id":"https:\/\/eldigitaldeasturias.com\/magazine365\/author\/admin\/#author"},"publisher":{"@id":"https:\/\/eldigitaldeasturias.com\/magazine365\/#organization"},"image":{"@type":"ImageObject","url":"https:\/\/eldigitaldeasturias.com\/magazine365\/wp-content\/uploads\/2015\/06\/fotonoticia_20150611172216_800.jpg","width":800,"height":374},"datePublished":"2015-06-12T01:30:40+02:00","dateModified":"2015-06-12T01:30:40+02:00","inLanguage":"es-ES","mainEntityOfPage":{"@id":"https:\/\/eldigitaldeasturias.com\/magazine365\/travelport-y-jeju-air-alcanzan-un-acuerdo-global-de-comercializacion\/#webpage"},"isPartOf":{"@id":"https:\/\/eldigitaldeasturias.com\/magazine365\/travelport-y-jeju-air-alcanzan-un-acuerdo-global-de-comercializacion\/#webpage"},"articleSection":"Actualidad Turismo"},{"@type":"BreadcrumbList","@id":"https:\/\/eldigitaldeasturias.com\/magazine365\/travelport-y-jeju-air-alcanzan-un-acuerdo-global-de-comercializacion\/#breadcrumblist","itemListElement":[{"@type":"ListItem","@id":"https:\/\/eldigitaldeasturias.com\/magazine365#listItem","position":1,"name":"Home","item":"https:\/\/eldigitaldeasturias.com\/magazine365","nextItem":{"@type":"ListItem","@id":"https:\/\/eldigitaldeasturias.com\/magazine365\/category\/actualidad-turismo\/#listItem","name":"Actualidad Turismo"}},{"@type":"ListItem","@id":"https:\/\/eldigitaldeasturias.com\/magazine365\/category\/actualidad-turismo\/#listItem","position":2,"name":"Actualidad Turismo","item":"https:\/\/eldigitaldeasturias.com\/magazine365\/category\/actualidad-turismo\/","nextItem":{"@type":"ListItem","@id":"https:\/\/eldigitaldeasturias.com\/magazine365\/travelport-y-jeju-air-alcanzan-un-acuerdo-global-de-comercializacion\/#listItem","name":"Travelport y Jeju Air alcanzan un acuerdo global de comercializaci\u00f3n"},"previousItem":{"@type":"ListItem","@id":"https:\/\/eldigitaldeasturias.com\/magazine365#listItem","name":"Home"}},{"@type":"ListItem","@id":"https:\/\/eldigitaldeasturias.com\/magazine365\/travelport-y-jeju-air-alcanzan-un-acuerdo-global-de-comercializacion\/#listItem","position":3,"name":"Travelport y Jeju Air alcanzan un acuerdo global de comercializaci\u00f3n","previousItem":{"@type":"ListItem","@id":"https:\/\/eldigitaldeasturias.com\/magazine365\/category\/actualidad-turismo\/#listItem","name":"Actualidad Turismo"}}]},{"@type":"Organization","@id":"https:\/\/eldigitaldeasturias.com\/magazine365\/#organization","name":"El digital de Asturias","description":"Revista de ocio, turismo y estilo de vida","url":"https:\/\/eldigitaldeasturias.com\/magazine365\/","logo":{"@type":"ImageObject","url":"https:\/\/www.eldigitaldeasturias.com\/noticias\/wp-content\/uploads\/2020\/12\/EDA.jpg","@id":"https:\/\/eldigitaldeasturias.com\/magazine365\/travelport-y-jeju-air-alcanzan-un-acuerdo-global-de-comercializacion\/#organizationLogo"},"image":{"@id":"https:\/\/eldigitaldeasturias.com\/magazine365\/travelport-y-jeju-air-alcanzan-un-acuerdo-global-de-comercializacion\/#organizationLogo"}},{"@type":"Person","@id":"https:\/\/eldigitaldeasturias.com\/magazine365\/author\/admin\/#author","url":"https:\/\/eldigitaldeasturias.com\/magazine365\/author\/admin\/","name":"admin","image":{"@type":"ImageObject","@id":"https:\/\/eldigitaldeasturias.com\/magazine365\/travelport-y-jeju-air-alcanzan-un-acuerdo-global-de-comercializacion\/#authorImage","url":"https:\/\/eldigitaldeasturias.com\/magazine365\/wp-content\/litespeed\/avatar\/e571bcf59a0edd6fa6838245a470f2fe.jpg?ver=1776969259","width":96,"height":96,"caption":"admin"}},{"@type":"WebPage","@id":"https:\/\/eldigitaldeasturias.com\/magazine365\/travelport-y-jeju-air-alcanzan-un-acuerdo-global-de-comercializacion\/#webpage","url":"https:\/\/eldigitaldeasturias.com\/magazine365\/travelport-y-jeju-air-alcanzan-un-acuerdo-global-de-comercializacion\/","name":"Travelport y Jeju Air alcanzan un acuerdo global de comercializaci\u00f3n | El Digital de Asturias","description":"Travelport ha anunciado un acuerdo global con Jeju Air para el marketing y comercializaci\u00f3n de los billetes de la aerol\u00ednea coreana, seg\u00fan informa la plataforma de viajes 'online', que contin\u00faa apostando por la regi\u00f3n asi\u00e1tica. De este modo, la coreana tendr\u00e1 una mayor visibilidad de cara al mercado internacional, con tarifas 'online' y de grupo.","inLanguage":"es-ES","isPartOf":{"@id":"https:\/\/eldigitaldeasturias.com\/magazine365\/#website"},"breadcrumb":{"@id":"https:\/\/eldigitaldeasturias.com\/magazine365\/travelport-y-jeju-air-alcanzan-un-acuerdo-global-de-comercializacion\/#breadcrumblist"},"author":{"@id":"https:\/\/eldigitaldeasturias.com\/magazine365\/author\/admin\/#author"},"creator":{"@id":"https:\/\/eldigitaldeasturias.com\/magazine365\/author\/admin\/#author"},"image":{"@type":"ImageObject","url":"https:\/\/eldigitaldeasturias.com\/magazine365\/wp-content\/uploads\/2015\/06\/fotonoticia_20150611172216_800.jpg","@id":"https:\/\/eldigitaldeasturias.com\/magazine365\/travelport-y-jeju-air-alcanzan-un-acuerdo-global-de-comercializacion\/#mainImage","width":800,"height":374},"primaryImageOfPage":{"@id":"https:\/\/eldigitaldeasturias.com\/magazine365\/travelport-y-jeju-air-alcanzan-un-acuerdo-global-de-comercializacion\/#mainImage"},"datePublished":"2015-06-12T01:30:40+02:00","dateModified":"2015-06-12T01:30:40+02:00"},{"@type":"WebSite","@id":"https:\/\/eldigitaldeasturias.com\/magazine365\/#website","url":"https:\/\/eldigitaldeasturias.com\/magazine365\/","name":"El Digital de Asturias","description":"Revista de ocio, turismo y estilo de vida","inLanguage":"es-ES","publisher":{"@id":"https:\/\/eldigitaldeasturias.com\/magazine365\/#organization"}}]},"og:locale":"es_ES","og:site_name":"El Digital de Asturias \u2013 Revista de ocio, turismo y estilo de vida","og:type":"article","og:title":"Travelport y Jeju Air alcanzan un acuerdo global de comercializaci\u00f3n | El Digital de Asturias","og:description":"Travelport ha anunciado un acuerdo global con Jeju Air para el marketing y comercializaci\u00f3n de los billetes de la aerol\u00ednea coreana, seg\u00fan informa la plataforma de viajes 'online', que contin\u00faa apostando por la regi\u00f3n asi\u00e1tica. De este modo, la coreana tendr\u00e1 una mayor visibilidad de cara al mercado internacional, con tarifas 'online' y de grupo.","og:url":"https:\/\/eldigitaldeasturias.com\/magazine365\/travelport-y-jeju-air-alcanzan-un-acuerdo-global-de-comercializacion\/","og:image":"https:\/\/eldigitaldeasturias.com\/magazine365\/wp-content\/uploads\/2015\/06\/fotonoticia_20150611172216_800.jpg","og:image:secure_url":"https:\/\/eldigitaldeasturias.com\/magazine365\/wp-content\/uploads\/2015\/06\/fotonoticia_20150611172216_800.jpg","og:image:width":800,"og:image:height":374,"article:published_time":"2015-06-12T00:00:40+00:00","article:modified_time":"2015-06-12T00:00:40+00:00","twitter:card":"summary_large_image","twitter:title":"Travelport y Jeju Air alcanzan un acuerdo global de comercializaci\u00f3n | El Digital de Asturias","twitter:description":"Travelport ha anunciado un acuerdo global con Jeju Air para el marketing y comercializaci\u00f3n de los billetes de la aerol\u00ednea coreana, seg\u00fan informa la plataforma de viajes 'online', que contin\u00faa apostando por la regi\u00f3n asi\u00e1tica. De este modo, la coreana tendr\u00e1 una mayor visibilidad de cara al mercado internacional, con tarifas 'online' y de grupo.","twitter:image":"https:\/\/eldigitaldeasturias.com\/magazine365\/wp-content\/uploads\/2015\/06\/fotonoticia_20150611172216_800.jpg"},"aioseo_meta_data":{"post_id":"39639","title":null,"description":null,"keywords":null,"keyphrases":null,"primary_term":null,"canonical_url":null,"og_title":null,"og_description":null,"og_object_type":"default","og_image_type":"default","og_image_url":null,"og_image_width":null,"og_image_height":null,"og_image_custom_url":null,"og_image_custom_fields":null,"og_video":null,"og_custom_url":null,"og_article_section":null,"og_article_tags":null,"twitter_use_og":false,"twitter_card":"default","twitter_image_type":"default","twitter_image_url":null,"twitter_image_custom_url":null,"twitter_image_custom_fields":null,"twitter_title":null,"twitter_description":null,"schema":{"blockGraphs":[],"customGraphs":[],"default":{"data":{"Article":[],"Course":[],"Dataset":[],"FAQPage":[],"Movie":[],"Person":[],"Product":[],"ProductReview":[],"Car":[],"Recipe":[],"Service":[],"SoftwareApplication":[],"WebPage":[]},"graphName":"","isEnabled":true},"graphs":[],"defaultGraph":"","defaultPostTypeGraph":""},"schema_type":null,"schema_type_options":null,"pillar_content":false,"robots_default":true,"robots_noindex":false,"robots_noarchive":false,"robots_nosnippet":false,"robots_nofollow":false,"robots_noimageindex":false,"robots_noodp":false,"robots_notranslate":false,"robots_max_snippet":null,"robots_max_videopreview":null,"robots_max_imagepreview":"large","priority":null,"frequency":null,"location":null,"local_seo":null,"seo_analyzer_scan_date":"2025-09-19 12:02:25","breadcrumb_settings":null,"limit_modified_date":false,"open_ai":null,"ai":null,"created":"2021-03-09 02:38:52","updated":"2025-09-19 12:02:25"},"aioseo_breadcrumb":"<div class=\"aioseo-breadcrumbs\"><span class=\"aioseo-breadcrumb\">\n\t<a href=\"https:\/\/eldigitaldeasturias.com\/magazine365\" title=\"Home\">Home<\/a>\n<\/span><span class=\"aioseo-breadcrumb-separator\">\u2013<\/span><span class=\"aioseo-breadcrumb\">\n\t<a href=\"https:\/\/eldigitaldeasturias.com\/magazine365\/category\/actualidad-turismo\/\" title=\"Actualidad Turismo\">Actualidad Turismo<\/a>\n<\/span><span class=\"aioseo-breadcrumb-separator\">\u2013<\/span><span class=\"aioseo-breadcrumb\">\n\t<a href=\"https:\/\/eldigitaldeasturias.com\/magazine365\/travelport-y-jeju-air-alcanzan-un-acuerdo-global-de-comercializacion\/\" title=\"Travelport y Jeju Air alcanzan un acuerdo global de comercializaci\u00f3n\">Travelport y Jeju Air alcanzan un acuerdo global de comercializaci\u00f3n<\/a>\n<\/span><\/div>","aioseo_breadcrumb_json":[{"label":"Home","link":"https:\/\/eldigitaldeasturias.com\/magazine365"},{"label":"Actualidad Turismo","link":"https:\/\/eldigitaldeasturias.com\/magazine365\/category\/actualidad-turismo\/"},{"label":"Travelport y Jeju Air alcanzan un acuerdo global de comercializaci\u00f3n","link":"https:\/\/eldigitaldeasturias.com\/magazine365\/travelport-y-jeju-air-alcanzan-un-acuerdo-global-de-comercializacion\/"}],"_links":{"self":[{"href":"https:\/\/eldigitaldeasturias.com\/magazine365\/wp-json\/wp\/v2\/posts\/39639","targetHints":{"allow":["GET"]}}],"collection":[{"href":"https:\/\/eldigitaldeasturias.com\/magazine365\/wp-json\/wp\/v2\/posts"}],"about":[{"href":"https:\/\/eldigitaldeasturias.com\/magazine365\/wp-json\/wp\/v2\/types\/post"}],"author":[{"embeddable":true,"href":"https:\/\/eldigitaldeasturias.com\/magazine365\/wp-json\/wp\/v2\/users\/1"}],"replies":[{"embeddable":true,"href":"https:\/\/eldigitaldeasturias.com\/magazine365\/wp-json\/wp\/v2\/comments?post=39639"}],"version-history":[{"count":0,"href":"https:\/\/eldigitaldeasturias.com\/magazine365\/wp-json\/wp\/v2\/posts\/39639\/revisions"}],"wp:featuredmedia":[{"embeddable":true,"href":"https:\/\/eldigitaldeasturias.com\/magazine365\/wp-json\/wp\/v2\/media\/39640"}],"wp:attachment":[{"href":"https:\/\/eldigitaldeasturias.com\/magazine365\/wp-json\/wp\/v2\/media?parent=39639"}],"wp:term":[{"taxonomy":"category","embeddable":true,"href":"https:\/\/eldigitaldeasturias.com\/magazine365\/wp-json\/wp\/v2\/categories?post=39639"},{"taxonomy":"post_tag","embeddable":true,"href":"https:\/\/eldigitaldeasturias.com\/magazine365\/wp-json\/wp\/v2\/tags?post=39639"}],"curies":[{"name":"wp","href":"https:\/\/api.w.org\/{rel}","templated":true}]}}