{"id":39636,"date":"2015-06-12T01:27:48","date_gmt":"2015-06-11T23:57:48","guid":{"rendered":"http:\/\/eldigitaldeasturias.com\/magazine365\/?p=39636"},"modified":"2015-06-12T01:27:48","modified_gmt":"2015-06-11T23:57:48","slug":"el-instituto-de-turismo-destaca-la-costa-calida-como-referente-de-ecocalidad-turistica","status":"publish","type":"post","link":"https:\/\/eldigitaldeasturias.com\/magazine365\/el-instituto-de-turismo-destaca-la-costa-calida-como-referente-de-ecocalidad-turistica\/","title":{"rendered":"El Instituto de Turismo destaca la Costa C\u00e1lida como \u00abreferente de ecocalidad tur\u00edstica\u00bb"},"content":{"rendered":"<p><img fetchpriority=\"high\" decoding=\"async\" class=\"alignleft size-medium wp-image-39637\" src=\"https:\/\/eldigitaldeasturias.com\/magazine365\/wp-content\/uploads\/2015\/06\/fotonoticia_20150611171820_800-360x209.jpg\" alt=\"fotonoticia_20150611171820_800\" width=\"360\" height=\"209\" srcset=\"https:\/\/eldigitaldeasturias.com\/magazine365\/wp-content\/uploads\/2015\/06\/fotonoticia_20150611171820_800-360x209.jpg 360w, https:\/\/eldigitaldeasturias.com\/magazine365\/wp-content\/uploads\/2015\/06\/fotonoticia_20150611171820_800-650x378.jpg 650w, https:\/\/eldigitaldeasturias.com\/magazine365\/wp-content\/uploads\/2015\/06\/fotonoticia_20150611171820_800-768x446.jpg 768w, https:\/\/eldigitaldeasturias.com\/magazine365\/wp-content\/uploads\/2015\/06\/fotonoticia_20150611171820_800-150x87.jpg 150w, https:\/\/eldigitaldeasturias.com\/magazine365\/wp-content\/uploads\/2015\/06\/fotonoticia_20150611171820_800-450x262.jpg 450w, https:\/\/eldigitaldeasturias.com\/magazine365\/wp-content\/uploads\/2015\/06\/fotonoticia_20150611171820_800-696x405.jpg 696w, https:\/\/eldigitaldeasturias.com\/magazine365\/wp-content\/uploads\/2015\/06\/fotonoticia_20150611171820_800-723x420.jpg 723w, https:\/\/eldigitaldeasturias.com\/magazine365\/wp-content\/uploads\/2015\/06\/fotonoticia_20150611171820_800-172x100.jpg 172w, https:\/\/eldigitaldeasturias.com\/magazine365\/wp-content\/uploads\/2015\/06\/fotonoticia_20150611171820_800.jpg 800w\" sizes=\"(max-width: 360px) 100vw, 360px\" \/>El director del Instituto de Turismo, Manuel Fern\u00e1ndez-Delgado, ha destacado este jueves durante el acto de entrega del distintivo &#8216;Bandera Azul&#8217; a seis municipios de la Regi\u00f3n que \u00abla Costa C\u00e1lida es en la actualidad en un referente de ecocalidad tur\u00edstica\u00bb, seg\u00fan informaron fuentes del Gobierno regional en un comunicado.<\/p>\n<p>Este a\u00f1o, la Regi\u00f3n de Murcia ha obtenido un total de 38 banderas azules, de las que 36 corresponden a playas y dos a puertos deportivos, lo que supone cinco distintivos m\u00e1s que en 2014. Como subray\u00f3 Fern\u00e1ndez-Delgado, \u00absomos la segunda comunidad que m\u00e1s banderas azules ha estrenado, lo que viene a constatar el buen estado de salud del litoral murciano\u00bb.<\/p>\n<p>La Bandera Azul es un galard\u00f3n de ecocalidad tur\u00edstica, promovido por la OMT (Organizaci\u00f3n Mundial del Turismo) y el PNUMA (Programa de Naciones Unidas para el Medio Ambiente), que premia la calidad ambiental de playas y puertos.<\/p>\n<p>\u00abLas Banderas Azules son un s\u00edmbolo reconocido y valorado por millones de usuarios de playas y puertos en casi 50 pa\u00edses, lo que supone el mejor aval para la proyecci\u00f3n de la Costa C\u00e1lida como destino tur\u00edstico de excelencia\u00bb, ha afirmado el director del Instituto de Turismo.<\/p>\n<p>\u00abNo s\u00f3lo tenemos el mejor clima, sino que contamos con el privilegio de tener dos mares, el Mar Menor y el Mediterr\u00e1neo, con playas y puertos acreditados por su elevado nivel de limpieza, seguridad, accesibilidad y sostenibilidad, as\u00ed como por la excelencia de la calidad del agua de ba\u00f1o. Todos estos ingredientes, combinados, consiguen que este destino sea realmente deseable\u00bb, a\u00f1adi\u00f3.<\/p>\n<p>Manuel Fern\u00e1ndez-Delgado agradeci\u00f3 a los representantes y gestores de los diferentes municipios de la Costa C\u00e1lida y a los empresarios que acudieron al acto \u00abel esfuerzo y el trabajo realizado\u00bb, al tiempo que reconoci\u00f3 que \u00ablos usuarios se muestran cada vez m\u00e1s comprometidos con mantener el litoral en \u00f3ptimas condiciones\u00bb, y les anim\u00f3 a seguir en esta l\u00ednea para \u00abconservar el buen estado de las playas murcianas, que constituyen uno de los principales valores y uno de los mayores atractivos tur\u00edsticos\u00bb.<\/p>\n<p>DESTINOS GALARDONADOS<\/p>\n<p>Durante el acto, el representante de Cartagena recibi\u00f3 10 banderas azules por las playas de Cala Cortina, Cala del Pino, Isla Plana, Islas Menores (playas de Levante y Poniente), Mar de Cristal, Playa Para\u00edso, San Gin\u00e9s, Levante (Cabo de Palos) y Playa Honda. Adem\u00e1s, recogi\u00f3 dos diplomas por dos Senderos Azules, &#8216;Camina 10.000 pasos&#8217; de La Manga y &#8216;De Iglesia a Iglesia&#8217;.<\/p>\n<p>\u00c1guilas ha recogido siete banderas azules para las playas de Delicias, Levante, La Colonia, Poniente, Calarreona, La Higuerica y La Carolina; dos banderas a puertos deportivos, el Club N\u00e1utico de \u00c1guilas y el Puerto Deportivo Juan Montiel, y un diploma Centro Azul para el Centro de interpretaci\u00f3n del Mar.<\/p>\n<p>Mazarr\u00f3n obtuvo siete banderas azules para las playas Alamillo, Rihuete, Puerto, Bah\u00eda\/La Reya, Nares, Grande-Castellar y El Moj\u00f3n. El municipio de Los Alc\u00e1zares recibi\u00f3 cinco banderas azules para las playas de La Concha, Carri\u00f3n, El Espejo, Las Palmeras y Los Narejos. Asimismo, San Javier se hizo con cinco banderas azules para las playas de Castillico, Paseo de Col\u00f3n, Mistral, Barnuevo y El Pedruchillo.<\/p>\n<p>Por \u00faltimo, San Pedro del Pinatar recogi\u00f3 dos banderas azules para las playas de La Puntica y de Villananitos, y un diploma Centro Azul para el Centro de Las Salinas.<\/p>\n<p>OCUPACI\u00d3N TUR\u00cdSTICA PUENTE DEL D\u00cdA DE LA REGI\u00d3N<\/p>\n<p>Durante el acto, el director del Instituto de Turismo tambi\u00e9n valor\u00f3 los datos de ocupaci\u00f3n hotelera durante el puente del D\u00eda de la Regi\u00f3n y destac\u00f3 que \u00aben la Costa C\u00e1lida se roz\u00f3 el 80 por ciento de ocupaci\u00f3n, cinco puntos m\u00e1s que en 2014\u00bb.<\/p>\n<p>\u00abEl buen tiempo y el hecho de que fuera festivo tambi\u00e9n en otras comunidades ha contribuido a que saldemos estos d\u00edas con una ocupaci\u00f3n tan elevada, sobre todo gracias al comportamiento del turismo nacional\u00bb, explic\u00f3 Fern\u00e1ndez-Delgado.<\/p>\n<p>De las localidades costeras, los destinos con mayor ocupaci\u00f3n han sido \u00c1guilas, Mazarr\u00f3n y La Manga, con unos \u00edndices de ocupaci\u00f3n del 91,7 por ciento, 85,8 y 84,6 por ciento, respectivamente.<\/p>\n<p>Asimismo, el responsable del Instituto de Turismo destac\u00f3 el aumento en la ocupaci\u00f3n de los balnearios, que alcanz\u00f3 el 95,6 por ciento, cerca de 18 puntos por encima del a\u00f1o pasado (que fue del 77,8 por ciento).<\/p>\n<p>Manuel Fern\u00e1ndez-Delgado remarc\u00f3 que \u00abestos son los indicadores m\u00e1s optimistas que pod\u00edamos esperar de cara a las previsiones de la temporada de verano\u00bb.<\/p>\n","protected":false},"excerpt":{"rendered":"<p>El director del Instituto de Turismo, Manuel Fern\u00e1ndez-Delgado, ha destacado este jueves durante el acto de entrega del distintivo &#8216;Bandera Azul&#8217; a seis municipios de la Regi\u00f3n que \u00abla Costa C\u00e1lida es en la actualidad en un referente de ecocalidad tur\u00edstica\u00bb, seg\u00fan informaron fuentes del Gobierno regional en un comunicado. Este a\u00f1o, la Regi\u00f3n de<\/p>\n","protected":false},"author":1,"featured_media":39637,"comment_status":"open","ping_status":"closed","sticky":false,"template":"","format":"standard","meta":{"footnotes":""},"categories":[222],"tags":[],"class_list":{"0":"post-39636","1":"post","2":"type-post","3":"status-publish","4":"format-standard","5":"has-post-thumbnail","7":"category-actualidad-turismo"},"aioseo_notices":[],"aioseo_head":"\n\t\t<!-- All in One SEO Pro 4.9.6.1 - aioseo.com -->\n\t<meta name=\"description\" content=\"El director del Instituto de Turismo, Manuel Fern\u00e1ndez-Delgado, ha destacado este jueves durante el acto de entrega del distintivo &#039;Bandera Azul&#039; a seis municipios de la Regi\u00f3n que &quot;la Costa C\u00e1lida es en la actualidad en un referente de ecocalidad tur\u00edstica&quot;, seg\u00fan informaron fuentes del Gobierno regional en un comunicado. Este a\u00f1o, la Regi\u00f3n de\" \/>\n\t<meta name=\"robots\" content=\"max-image-preview:large\" \/>\n\t<meta name=\"author\" content=\"admin\"\/>\n\t<meta name=\"google-site-verification\" content=\"UA-38556648-1\" \/>\n\t<meta name=\"keywords\" content=\"actualidad turismo\" \/>\n\t<link rel=\"canonical\" href=\"https:\/\/eldigitaldeasturias.com\/magazine365\/el-instituto-de-turismo-destaca-la-costa-calida-como-referente-de-ecocalidad-turistica\/\" \/>\n\t<meta name=\"generator\" content=\"All in One SEO Pro (AIOSEO) 4.9.6.1\" \/>\n\t\t<meta property=\"og:locale\" content=\"es_ES\" \/>\n\t\t<meta property=\"og:site_name\" content=\"El Digital de Asturias \u2013 Revista de ocio, turismo y estilo de vida\" \/>\n\t\t<meta property=\"og:type\" content=\"article\" \/>\n\t\t<meta property=\"og:title\" content=\"El Instituto de Turismo destaca la Costa C\u00e1lida como \u00abreferente de ecocalidad tur\u00edstica\u00bb | El Digital de Asturias\" \/>\n\t\t<meta property=\"og:description\" content=\"El director del Instituto de Turismo, Manuel Fern\u00e1ndez-Delgado, ha destacado este jueves durante el acto de entrega del distintivo &#039;Bandera Azul&#039; a seis municipios de la Regi\u00f3n que &quot;la Costa C\u00e1lida es en la actualidad en un referente de ecocalidad tur\u00edstica&quot;, seg\u00fan informaron fuentes del Gobierno regional en un comunicado. Este a\u00f1o, la Regi\u00f3n de\" \/>\n\t\t<meta property=\"og:url\" content=\"https:\/\/eldigitaldeasturias.com\/magazine365\/el-instituto-de-turismo-destaca-la-costa-calida-como-referente-de-ecocalidad-turistica\/\" \/>\n\t\t<meta property=\"og:image\" content=\"https:\/\/eldigitaldeasturias.com\/magazine365\/wp-content\/uploads\/2015\/06\/fotonoticia_20150611171820_800.jpg\" \/>\n\t\t<meta property=\"og:image:secure_url\" content=\"https:\/\/eldigitaldeasturias.com\/magazine365\/wp-content\/uploads\/2015\/06\/fotonoticia_20150611171820_800.jpg\" \/>\n\t\t<meta property=\"og:image:width\" content=\"800\" \/>\n\t\t<meta property=\"og:image:height\" content=\"465\" \/>\n\t\t<meta property=\"article:published_time\" content=\"2015-06-11T23:57:48+00:00\" \/>\n\t\t<meta property=\"article:modified_time\" content=\"2015-06-11T23:57:48+00:00\" \/>\n\t\t<meta name=\"twitter:card\" content=\"summary_large_image\" \/>\n\t\t<meta name=\"twitter:title\" content=\"El Instituto de Turismo destaca la Costa C\u00e1lida como \u00abreferente de ecocalidad tur\u00edstica\u00bb | El Digital de Asturias\" \/>\n\t\t<meta name=\"twitter:description\" content=\"El director del Instituto de Turismo, Manuel Fern\u00e1ndez-Delgado, ha destacado este jueves durante el acto de entrega del distintivo &#039;Bandera Azul&#039; a seis municipios de la Regi\u00f3n que &quot;la Costa C\u00e1lida es en la actualidad en un referente de ecocalidad tur\u00edstica&quot;, seg\u00fan informaron fuentes del Gobierno regional en un comunicado. Este a\u00f1o, la Regi\u00f3n de\" \/>\n\t\t<meta name=\"twitter:image\" content=\"https:\/\/eldigitaldeasturias.com\/magazine365\/wp-content\/uploads\/2015\/06\/fotonoticia_20150611171820_800.jpg\" \/>\n\t\t<script type=\"application\/ld+json\" class=\"aioseo-schema\">\n\t\t\t{\"@context\":\"https:\\\/\\\/schema.org\",\"@graph\":[{\"@type\":\"Article\",\"@id\":\"https:\\\/\\\/eldigitaldeasturias.com\\\/magazine365\\\/el-instituto-de-turismo-destaca-la-costa-calida-como-referente-de-ecocalidad-turistica\\\/#article\",\"name\":\"El Instituto de Turismo destaca la Costa C\\u00e1lida como \\u00abreferente de ecocalidad tur\\u00edstica\\u00bb | El Digital de Asturias\",\"headline\":\"El Instituto de Turismo destaca la Costa C\\u00e1lida como \\u00abreferente de ecocalidad tur\\u00edstica\\u00bb\",\"author\":{\"@id\":\"https:\\\/\\\/eldigitaldeasturias.com\\\/magazine365\\\/author\\\/admin\\\/#author\"},\"publisher\":{\"@id\":\"https:\\\/\\\/eldigitaldeasturias.com\\\/magazine365\\\/#organization\"},\"image\":{\"@type\":\"ImageObject\",\"url\":\"https:\\\/\\\/eldigitaldeasturias.com\\\/magazine365\\\/wp-content\\\/uploads\\\/2015\\\/06\\\/fotonoticia_20150611171820_800.jpg\",\"width\":800,\"height\":465},\"datePublished\":\"2015-06-12T01:27:48+02:00\",\"dateModified\":\"2015-06-12T01:27:48+02:00\",\"inLanguage\":\"es-ES\",\"mainEntityOfPage\":{\"@id\":\"https:\\\/\\\/eldigitaldeasturias.com\\\/magazine365\\\/el-instituto-de-turismo-destaca-la-costa-calida-como-referente-de-ecocalidad-turistica\\\/#webpage\"},\"isPartOf\":{\"@id\":\"https:\\\/\\\/eldigitaldeasturias.com\\\/magazine365\\\/el-instituto-de-turismo-destaca-la-costa-calida-como-referente-de-ecocalidad-turistica\\\/#webpage\"},\"articleSection\":\"Actualidad Turismo\"},{\"@type\":\"BreadcrumbList\",\"@id\":\"https:\\\/\\\/eldigitaldeasturias.com\\\/magazine365\\\/el-instituto-de-turismo-destaca-la-costa-calida-como-referente-de-ecocalidad-turistica\\\/#breadcrumblist\",\"itemListElement\":[{\"@type\":\"ListItem\",\"@id\":\"https:\\\/\\\/eldigitaldeasturias.com\\\/magazine365#listItem\",\"position\":1,\"name\":\"Home\",\"item\":\"https:\\\/\\\/eldigitaldeasturias.com\\\/magazine365\",\"nextItem\":{\"@type\":\"ListItem\",\"@id\":\"https:\\\/\\\/eldigitaldeasturias.com\\\/magazine365\\\/category\\\/actualidad-turismo\\\/#listItem\",\"name\":\"Actualidad Turismo\"}},{\"@type\":\"ListItem\",\"@id\":\"https:\\\/\\\/eldigitaldeasturias.com\\\/magazine365\\\/category\\\/actualidad-turismo\\\/#listItem\",\"position\":2,\"name\":\"Actualidad Turismo\",\"item\":\"https:\\\/\\\/eldigitaldeasturias.com\\\/magazine365\\\/category\\\/actualidad-turismo\\\/\",\"nextItem\":{\"@type\":\"ListItem\",\"@id\":\"https:\\\/\\\/eldigitaldeasturias.com\\\/magazine365\\\/el-instituto-de-turismo-destaca-la-costa-calida-como-referente-de-ecocalidad-turistica\\\/#listItem\",\"name\":\"El Instituto de Turismo destaca la Costa C\\u00e1lida como \\u00abreferente de ecocalidad tur\\u00edstica\\u00bb\"},\"previousItem\":{\"@type\":\"ListItem\",\"@id\":\"https:\\\/\\\/eldigitaldeasturias.com\\\/magazine365#listItem\",\"name\":\"Home\"}},{\"@type\":\"ListItem\",\"@id\":\"https:\\\/\\\/eldigitaldeasturias.com\\\/magazine365\\\/el-instituto-de-turismo-destaca-la-costa-calida-como-referente-de-ecocalidad-turistica\\\/#listItem\",\"position\":3,\"name\":\"El Instituto de Turismo destaca la Costa C\\u00e1lida como \\u00abreferente de ecocalidad tur\\u00edstica\\u00bb\",\"previousItem\":{\"@type\":\"ListItem\",\"@id\":\"https:\\\/\\\/eldigitaldeasturias.com\\\/magazine365\\\/category\\\/actualidad-turismo\\\/#listItem\",\"name\":\"Actualidad Turismo\"}}]},{\"@type\":\"Organization\",\"@id\":\"https:\\\/\\\/eldigitaldeasturias.com\\\/magazine365\\\/#organization\",\"name\":\"El digital de Asturias\",\"description\":\"Revista de ocio, turismo y estilo de vida\",\"url\":\"https:\\\/\\\/eldigitaldeasturias.com\\\/magazine365\\\/\",\"logo\":{\"@type\":\"ImageObject\",\"url\":\"https:\\\/\\\/www.eldigitaldeasturias.com\\\/noticias\\\/wp-content\\\/uploads\\\/2020\\\/12\\\/EDA.jpg\",\"@id\":\"https:\\\/\\\/eldigitaldeasturias.com\\\/magazine365\\\/el-instituto-de-turismo-destaca-la-costa-calida-como-referente-de-ecocalidad-turistica\\\/#organizationLogo\"},\"image\":{\"@id\":\"https:\\\/\\\/eldigitaldeasturias.com\\\/magazine365\\\/el-instituto-de-turismo-destaca-la-costa-calida-como-referente-de-ecocalidad-turistica\\\/#organizationLogo\"}},{\"@type\":\"Person\",\"@id\":\"https:\\\/\\\/eldigitaldeasturias.com\\\/magazine365\\\/author\\\/admin\\\/#author\",\"url\":\"https:\\\/\\\/eldigitaldeasturias.com\\\/magazine365\\\/author\\\/admin\\\/\",\"name\":\"admin\",\"image\":{\"@type\":\"ImageObject\",\"@id\":\"https:\\\/\\\/eldigitaldeasturias.com\\\/magazine365\\\/el-instituto-de-turismo-destaca-la-costa-calida-como-referente-de-ecocalidad-turistica\\\/#authorImage\",\"url\":\"https:\\\/\\\/eldigitaldeasturias.com\\\/magazine365\\\/wp-content\\\/litespeed\\\/avatar\\\/e571bcf59a0edd6fa6838245a470f2fe.jpg?ver=1776969259\",\"width\":96,\"height\":96,\"caption\":\"admin\"}},{\"@type\":\"WebPage\",\"@id\":\"https:\\\/\\\/eldigitaldeasturias.com\\\/magazine365\\\/el-instituto-de-turismo-destaca-la-costa-calida-como-referente-de-ecocalidad-turistica\\\/#webpage\",\"url\":\"https:\\\/\\\/eldigitaldeasturias.com\\\/magazine365\\\/el-instituto-de-turismo-destaca-la-costa-calida-como-referente-de-ecocalidad-turistica\\\/\",\"name\":\"El Instituto de Turismo destaca la Costa C\\u00e1lida como \\u00abreferente de ecocalidad tur\\u00edstica\\u00bb | El Digital de Asturias\",\"description\":\"El director del Instituto de Turismo, Manuel Fern\\u00e1ndez-Delgado, ha destacado este jueves durante el acto de entrega del distintivo 'Bandera Azul' a seis municipios de la Regi\\u00f3n que \\\"la Costa C\\u00e1lida es en la actualidad en un referente de ecocalidad tur\\u00edstica\\\", seg\\u00fan informaron fuentes del Gobierno regional en un comunicado. Este a\\u00f1o, la Regi\\u00f3n de\",\"inLanguage\":\"es-ES\",\"isPartOf\":{\"@id\":\"https:\\\/\\\/eldigitaldeasturias.com\\\/magazine365\\\/#website\"},\"breadcrumb\":{\"@id\":\"https:\\\/\\\/eldigitaldeasturias.com\\\/magazine365\\\/el-instituto-de-turismo-destaca-la-costa-calida-como-referente-de-ecocalidad-turistica\\\/#breadcrumblist\"},\"author\":{\"@id\":\"https:\\\/\\\/eldigitaldeasturias.com\\\/magazine365\\\/author\\\/admin\\\/#author\"},\"creator\":{\"@id\":\"https:\\\/\\\/eldigitaldeasturias.com\\\/magazine365\\\/author\\\/admin\\\/#author\"},\"image\":{\"@type\":\"ImageObject\",\"url\":\"https:\\\/\\\/eldigitaldeasturias.com\\\/magazine365\\\/wp-content\\\/uploads\\\/2015\\\/06\\\/fotonoticia_20150611171820_800.jpg\",\"@id\":\"https:\\\/\\\/eldigitaldeasturias.com\\\/magazine365\\\/el-instituto-de-turismo-destaca-la-costa-calida-como-referente-de-ecocalidad-turistica\\\/#mainImage\",\"width\":800,\"height\":465},\"primaryImageOfPage\":{\"@id\":\"https:\\\/\\\/eldigitaldeasturias.com\\\/magazine365\\\/el-instituto-de-turismo-destaca-la-costa-calida-como-referente-de-ecocalidad-turistica\\\/#mainImage\"},\"datePublished\":\"2015-06-12T01:27:48+02:00\",\"dateModified\":\"2015-06-12T01:27:48+02:00\"},{\"@type\":\"WebSite\",\"@id\":\"https:\\\/\\\/eldigitaldeasturias.com\\\/magazine365\\\/#website\",\"url\":\"https:\\\/\\\/eldigitaldeasturias.com\\\/magazine365\\\/\",\"name\":\"El Digital de Asturias\",\"description\":\"Revista de ocio, turismo y estilo de vida\",\"inLanguage\":\"es-ES\",\"publisher\":{\"@id\":\"https:\\\/\\\/eldigitaldeasturias.com\\\/magazine365\\\/#organization\"}}]}\n\t\t<\/script>\n\t\t<!-- All in One SEO Pro -->\r\n\t\t<title>El Instituto de Turismo destaca la Costa C\u00e1lida como \u00abreferente de ecocalidad tur\u00edstica\u00bb | El Digital de Asturias<\/title>\n\n","aioseo_head_json":{"title":"El Instituto de Turismo destaca la Costa C\u00e1lida como \u00abreferente de ecocalidad tur\u00edstica\u00bb | El Digital de Asturias","description":"El director del Instituto de Turismo, Manuel Fern\u00e1ndez-Delgado, ha destacado este jueves durante el acto de entrega del distintivo 'Bandera Azul' a seis municipios de la Regi\u00f3n que \"la Costa C\u00e1lida es en la actualidad en un referente de ecocalidad tur\u00edstica\", seg\u00fan informaron fuentes del Gobierno regional en un comunicado. Este a\u00f1o, la Regi\u00f3n de","canonical_url":"https:\/\/eldigitaldeasturias.com\/magazine365\/el-instituto-de-turismo-destaca-la-costa-calida-como-referente-de-ecocalidad-turistica\/","robots":"max-image-preview:large","keywords":"actualidad turismo","webmasterTools":{"google-site-verification":"UA-38556648-1","miscellaneous":""},"schema":{"@context":"https:\/\/schema.org","@graph":[{"@type":"Article","@id":"https:\/\/eldigitaldeasturias.com\/magazine365\/el-instituto-de-turismo-destaca-la-costa-calida-como-referente-de-ecocalidad-turistica\/#article","name":"El Instituto de Turismo destaca la Costa C\u00e1lida como \u00abreferente de ecocalidad tur\u00edstica\u00bb | El Digital de Asturias","headline":"El Instituto de Turismo destaca la Costa C\u00e1lida como \u00abreferente de ecocalidad tur\u00edstica\u00bb","author":{"@id":"https:\/\/eldigitaldeasturias.com\/magazine365\/author\/admin\/#author"},"publisher":{"@id":"https:\/\/eldigitaldeasturias.com\/magazine365\/#organization"},"image":{"@type":"ImageObject","url":"https:\/\/eldigitaldeasturias.com\/magazine365\/wp-content\/uploads\/2015\/06\/fotonoticia_20150611171820_800.jpg","width":800,"height":465},"datePublished":"2015-06-12T01:27:48+02:00","dateModified":"2015-06-12T01:27:48+02:00","inLanguage":"es-ES","mainEntityOfPage":{"@id":"https:\/\/eldigitaldeasturias.com\/magazine365\/el-instituto-de-turismo-destaca-la-costa-calida-como-referente-de-ecocalidad-turistica\/#webpage"},"isPartOf":{"@id":"https:\/\/eldigitaldeasturias.com\/magazine365\/el-instituto-de-turismo-destaca-la-costa-calida-como-referente-de-ecocalidad-turistica\/#webpage"},"articleSection":"Actualidad Turismo"},{"@type":"BreadcrumbList","@id":"https:\/\/eldigitaldeasturias.com\/magazine365\/el-instituto-de-turismo-destaca-la-costa-calida-como-referente-de-ecocalidad-turistica\/#breadcrumblist","itemListElement":[{"@type":"ListItem","@id":"https:\/\/eldigitaldeasturias.com\/magazine365#listItem","position":1,"name":"Home","item":"https:\/\/eldigitaldeasturias.com\/magazine365","nextItem":{"@type":"ListItem","@id":"https:\/\/eldigitaldeasturias.com\/magazine365\/category\/actualidad-turismo\/#listItem","name":"Actualidad Turismo"}},{"@type":"ListItem","@id":"https:\/\/eldigitaldeasturias.com\/magazine365\/category\/actualidad-turismo\/#listItem","position":2,"name":"Actualidad Turismo","item":"https:\/\/eldigitaldeasturias.com\/magazine365\/category\/actualidad-turismo\/","nextItem":{"@type":"ListItem","@id":"https:\/\/eldigitaldeasturias.com\/magazine365\/el-instituto-de-turismo-destaca-la-costa-calida-como-referente-de-ecocalidad-turistica\/#listItem","name":"El Instituto de Turismo destaca la Costa C\u00e1lida como \u00abreferente de ecocalidad tur\u00edstica\u00bb"},"previousItem":{"@type":"ListItem","@id":"https:\/\/eldigitaldeasturias.com\/magazine365#listItem","name":"Home"}},{"@type":"ListItem","@id":"https:\/\/eldigitaldeasturias.com\/magazine365\/el-instituto-de-turismo-destaca-la-costa-calida-como-referente-de-ecocalidad-turistica\/#listItem","position":3,"name":"El Instituto de Turismo destaca la Costa C\u00e1lida como \u00abreferente de ecocalidad tur\u00edstica\u00bb","previousItem":{"@type":"ListItem","@id":"https:\/\/eldigitaldeasturias.com\/magazine365\/category\/actualidad-turismo\/#listItem","name":"Actualidad Turismo"}}]},{"@type":"Organization","@id":"https:\/\/eldigitaldeasturias.com\/magazine365\/#organization","name":"El digital de Asturias","description":"Revista de ocio, turismo y estilo de vida","url":"https:\/\/eldigitaldeasturias.com\/magazine365\/","logo":{"@type":"ImageObject","url":"https:\/\/www.eldigitaldeasturias.com\/noticias\/wp-content\/uploads\/2020\/12\/EDA.jpg","@id":"https:\/\/eldigitaldeasturias.com\/magazine365\/el-instituto-de-turismo-destaca-la-costa-calida-como-referente-de-ecocalidad-turistica\/#organizationLogo"},"image":{"@id":"https:\/\/eldigitaldeasturias.com\/magazine365\/el-instituto-de-turismo-destaca-la-costa-calida-como-referente-de-ecocalidad-turistica\/#organizationLogo"}},{"@type":"Person","@id":"https:\/\/eldigitaldeasturias.com\/magazine365\/author\/admin\/#author","url":"https:\/\/eldigitaldeasturias.com\/magazine365\/author\/admin\/","name":"admin","image":{"@type":"ImageObject","@id":"https:\/\/eldigitaldeasturias.com\/magazine365\/el-instituto-de-turismo-destaca-la-costa-calida-como-referente-de-ecocalidad-turistica\/#authorImage","url":"https:\/\/eldigitaldeasturias.com\/magazine365\/wp-content\/litespeed\/avatar\/e571bcf59a0edd6fa6838245a470f2fe.jpg?ver=1776969259","width":96,"height":96,"caption":"admin"}},{"@type":"WebPage","@id":"https:\/\/eldigitaldeasturias.com\/magazine365\/el-instituto-de-turismo-destaca-la-costa-calida-como-referente-de-ecocalidad-turistica\/#webpage","url":"https:\/\/eldigitaldeasturias.com\/magazine365\/el-instituto-de-turismo-destaca-la-costa-calida-como-referente-de-ecocalidad-turistica\/","name":"El Instituto de Turismo destaca la Costa C\u00e1lida como \u00abreferente de ecocalidad tur\u00edstica\u00bb | El Digital de Asturias","description":"El director del Instituto de Turismo, Manuel Fern\u00e1ndez-Delgado, ha destacado este jueves durante el acto de entrega del distintivo 'Bandera Azul' a seis municipios de la Regi\u00f3n que \"la Costa C\u00e1lida es en la actualidad en un referente de ecocalidad tur\u00edstica\", seg\u00fan informaron fuentes del Gobierno regional en un comunicado. Este a\u00f1o, la Regi\u00f3n de","inLanguage":"es-ES","isPartOf":{"@id":"https:\/\/eldigitaldeasturias.com\/magazine365\/#website"},"breadcrumb":{"@id":"https:\/\/eldigitaldeasturias.com\/magazine365\/el-instituto-de-turismo-destaca-la-costa-calida-como-referente-de-ecocalidad-turistica\/#breadcrumblist"},"author":{"@id":"https:\/\/eldigitaldeasturias.com\/magazine365\/author\/admin\/#author"},"creator":{"@id":"https:\/\/eldigitaldeasturias.com\/magazine365\/author\/admin\/#author"},"image":{"@type":"ImageObject","url":"https:\/\/eldigitaldeasturias.com\/magazine365\/wp-content\/uploads\/2015\/06\/fotonoticia_20150611171820_800.jpg","@id":"https:\/\/eldigitaldeasturias.com\/magazine365\/el-instituto-de-turismo-destaca-la-costa-calida-como-referente-de-ecocalidad-turistica\/#mainImage","width":800,"height":465},"primaryImageOfPage":{"@id":"https:\/\/eldigitaldeasturias.com\/magazine365\/el-instituto-de-turismo-destaca-la-costa-calida-como-referente-de-ecocalidad-turistica\/#mainImage"},"datePublished":"2015-06-12T01:27:48+02:00","dateModified":"2015-06-12T01:27:48+02:00"},{"@type":"WebSite","@id":"https:\/\/eldigitaldeasturias.com\/magazine365\/#website","url":"https:\/\/eldigitaldeasturias.com\/magazine365\/","name":"El Digital de Asturias","description":"Revista de ocio, turismo y estilo de vida","inLanguage":"es-ES","publisher":{"@id":"https:\/\/eldigitaldeasturias.com\/magazine365\/#organization"}}]},"og:locale":"es_ES","og:site_name":"El Digital de Asturias \u2013 Revista de ocio, turismo y estilo de vida","og:type":"article","og:title":"El Instituto de Turismo destaca la Costa C\u00e1lida como \u00abreferente de ecocalidad tur\u00edstica\u00bb | El Digital de Asturias","og:description":"El director del Instituto de Turismo, Manuel Fern\u00e1ndez-Delgado, ha destacado este jueves durante el acto de entrega del distintivo 'Bandera Azul' a seis municipios de la Regi\u00f3n que &quot;la Costa C\u00e1lida es en la actualidad en un referente de ecocalidad tur\u00edstica&quot;, seg\u00fan informaron fuentes del Gobierno regional en un comunicado. Este a\u00f1o, la Regi\u00f3n de","og:url":"https:\/\/eldigitaldeasturias.com\/magazine365\/el-instituto-de-turismo-destaca-la-costa-calida-como-referente-de-ecocalidad-turistica\/","og:image":"https:\/\/eldigitaldeasturias.com\/magazine365\/wp-content\/uploads\/2015\/06\/fotonoticia_20150611171820_800.jpg","og:image:secure_url":"https:\/\/eldigitaldeasturias.com\/magazine365\/wp-content\/uploads\/2015\/06\/fotonoticia_20150611171820_800.jpg","og:image:width":800,"og:image:height":465,"article:published_time":"2015-06-11T23:57:48+00:00","article:modified_time":"2015-06-11T23:57:48+00:00","twitter:card":"summary_large_image","twitter:title":"El Instituto de Turismo destaca la Costa C\u00e1lida como \u00abreferente de ecocalidad tur\u00edstica\u00bb | El Digital de Asturias","twitter:description":"El director del Instituto de Turismo, Manuel Fern\u00e1ndez-Delgado, ha destacado este jueves durante el acto de entrega del distintivo 'Bandera Azul' a seis municipios de la Regi\u00f3n que &quot;la Costa C\u00e1lida es en la actualidad en un referente de ecocalidad tur\u00edstica&quot;, seg\u00fan informaron fuentes del Gobierno regional en un comunicado. Este a\u00f1o, la Regi\u00f3n de","twitter:image":"https:\/\/eldigitaldeasturias.com\/magazine365\/wp-content\/uploads\/2015\/06\/fotonoticia_20150611171820_800.jpg"},"aioseo_meta_data":{"post_id":"39636","title":null,"description":null,"keywords":null,"keyphrases":null,"primary_term":null,"canonical_url":null,"og_title":null,"og_description":null,"og_object_type":"default","og_image_type":"default","og_image_url":null,"og_image_width":null,"og_image_height":null,"og_image_custom_url":null,"og_image_custom_fields":null,"og_video":null,"og_custom_url":null,"og_article_section":null,"og_article_tags":null,"twitter_use_og":false,"twitter_card":"default","twitter_image_type":"default","twitter_image_url":null,"twitter_image_custom_url":null,"twitter_image_custom_fields":null,"twitter_title":null,"twitter_description":null,"schema":{"blockGraphs":[],"customGraphs":[],"default":{"data":{"Article":[],"Course":[],"Dataset":[],"FAQPage":[],"Movie":[],"Person":[],"Product":[],"ProductReview":[],"Car":[],"Recipe":[],"Service":[],"SoftwareApplication":[],"WebPage":[]},"graphName":"","isEnabled":true},"graphs":[],"defaultGraph":"","defaultPostTypeGraph":""},"schema_type":null,"schema_type_options":null,"pillar_content":false,"robots_default":true,"robots_noindex":false,"robots_noarchive":false,"robots_nosnippet":false,"robots_nofollow":false,"robots_noimageindex":false,"robots_noodp":false,"robots_notranslate":false,"robots_max_snippet":null,"robots_max_videopreview":null,"robots_max_imagepreview":"large","priority":null,"frequency":null,"location":null,"local_seo":null,"seo_analyzer_scan_date":"2025-09-19 12:02:23","breadcrumb_settings":null,"limit_modified_date":false,"open_ai":null,"ai":null,"created":"2021-03-09 02:38:52","updated":"2025-09-19 12:02:23"},"aioseo_breadcrumb":"<div class=\"aioseo-breadcrumbs\"><span class=\"aioseo-breadcrumb\">\n\t<a href=\"https:\/\/eldigitaldeasturias.com\/magazine365\" title=\"Home\">Home<\/a>\n<\/span><span class=\"aioseo-breadcrumb-separator\">\u2013<\/span><span class=\"aioseo-breadcrumb\">\n\t<a href=\"https:\/\/eldigitaldeasturias.com\/magazine365\/category\/actualidad-turismo\/\" title=\"Actualidad Turismo\">Actualidad Turismo<\/a>\n<\/span><span class=\"aioseo-breadcrumb-separator\">\u2013<\/span><span class=\"aioseo-breadcrumb\">\n\t<a href=\"https:\/\/eldigitaldeasturias.com\/magazine365\/el-instituto-de-turismo-destaca-la-costa-calida-como-referente-de-ecocalidad-turistica\/\" title=\"El Instituto de Turismo destaca la Costa C\u00e1lida como \u00abreferente de ecocalidad tur\u00edstica\u00bb\">El Instituto de Turismo destaca la Costa C\u00e1lida como \u00abreferente de ecocalidad tur\u00edstica\u00bb<\/a>\n<\/span><\/div>","aioseo_breadcrumb_json":[{"label":"Home","link":"https:\/\/eldigitaldeasturias.com\/magazine365"},{"label":"Actualidad Turismo","link":"https:\/\/eldigitaldeasturias.com\/magazine365\/category\/actualidad-turismo\/"},{"label":"El Instituto de Turismo destaca la Costa C\u00e1lida como \u00abreferente de ecocalidad tur\u00edstica\u00bb","link":"https:\/\/eldigitaldeasturias.com\/magazine365\/el-instituto-de-turismo-destaca-la-costa-calida-como-referente-de-ecocalidad-turistica\/"}],"_links":{"self":[{"href":"https:\/\/eldigitaldeasturias.com\/magazine365\/wp-json\/wp\/v2\/posts\/39636","targetHints":{"allow":["GET"]}}],"collection":[{"href":"https:\/\/eldigitaldeasturias.com\/magazine365\/wp-json\/wp\/v2\/posts"}],"about":[{"href":"https:\/\/eldigitaldeasturias.com\/magazine365\/wp-json\/wp\/v2\/types\/post"}],"author":[{"embeddable":true,"href":"https:\/\/eldigitaldeasturias.com\/magazine365\/wp-json\/wp\/v2\/users\/1"}],"replies":[{"embeddable":true,"href":"https:\/\/eldigitaldeasturias.com\/magazine365\/wp-json\/wp\/v2\/comments?post=39636"}],"version-history":[{"count":0,"href":"https:\/\/eldigitaldeasturias.com\/magazine365\/wp-json\/wp\/v2\/posts\/39636\/revisions"}],"wp:featuredmedia":[{"embeddable":true,"href":"https:\/\/eldigitaldeasturias.com\/magazine365\/wp-json\/wp\/v2\/media\/39637"}],"wp:attachment":[{"href":"https:\/\/eldigitaldeasturias.com\/magazine365\/wp-json\/wp\/v2\/media?parent=39636"}],"wp:term":[{"taxonomy":"category","embeddable":true,"href":"https:\/\/eldigitaldeasturias.com\/magazine365\/wp-json\/wp\/v2\/categories?post=39636"},{"taxonomy":"post_tag","embeddable":true,"href":"https:\/\/eldigitaldeasturias.com\/magazine365\/wp-json\/wp\/v2\/tags?post=39636"}],"curies":[{"name":"wp","href":"https:\/\/api.w.org\/{rel}","templated":true}]}}