{"id":39633,"date":"2015-06-12T01:25:32","date_gmt":"2015-06-11T23:55:32","guid":{"rendered":"http:\/\/eldigitaldeasturias.com\/magazine365\/?p=39633"},"modified":"2015-06-12T01:25:32","modified_gmt":"2015-06-11T23:55:32","slug":"profesionales-estiman-que-el-turismo-internacional-se-incrementara-un-8-este-ano","status":"publish","type":"post","link":"https:\/\/eldigitaldeasturias.com\/magazine365\/profesionales-estiman-que-el-turismo-internacional-se-incrementara-un-8-este-ano\/","title":{"rendered":"Profesionales estiman que el turismo internacional se incrementar\u00e1 un 8% este a\u00f1o"},"content":{"rendered":"<p><img fetchpriority=\"high\" decoding=\"async\" class=\"alignleft size-medium wp-image-39634\" src=\"https:\/\/eldigitaldeasturias.com\/magazine365\/wp-content\/uploads\/2015\/06\/fotonoticia_20150611171705_800-360x240.jpg\" alt=\"fotonoticia_20150611171705_800\" width=\"360\" height=\"240\" srcset=\"https:\/\/eldigitaldeasturias.com\/magazine365\/wp-content\/uploads\/2015\/06\/fotonoticia_20150611171705_800-360x240.jpg 360w, https:\/\/eldigitaldeasturias.com\/magazine365\/wp-content\/uploads\/2015\/06\/fotonoticia_20150611171705_800-650x433.jpg 650w, https:\/\/eldigitaldeasturias.com\/magazine365\/wp-content\/uploads\/2015\/06\/fotonoticia_20150611171705_800-768x512.jpg 768w, https:\/\/eldigitaldeasturias.com\/magazine365\/wp-content\/uploads\/2015\/06\/fotonoticia_20150611171705_800-150x100.jpg 150w, https:\/\/eldigitaldeasturias.com\/magazine365\/wp-content\/uploads\/2015\/06\/fotonoticia_20150611171705_800-450x300.jpg 450w, https:\/\/eldigitaldeasturias.com\/magazine365\/wp-content\/uploads\/2015\/06\/fotonoticia_20150611171705_800-696x464.jpg 696w, https:\/\/eldigitaldeasturias.com\/magazine365\/wp-content\/uploads\/2015\/06\/fotonoticia_20150611171705_800-630x420.jpg 630w, https:\/\/eldigitaldeasturias.com\/magazine365\/wp-content\/uploads\/2015\/06\/fotonoticia_20150611171705_800-84x55.jpg 84w, https:\/\/eldigitaldeasturias.com\/magazine365\/wp-content\/uploads\/2015\/06\/fotonoticia_20150611171705_800.jpg 800w\" sizes=\"(max-width: 360px) 100vw, 360px\" \/>El movimiento de turistas internacionales crecer\u00e1 en 2015 un ocho por ciento, seg\u00fan las estimaciones de los operadores y profesionales reunidos en el 10 Sal\u00f3n Internacional de Turismo, Euroal 2015, celebrado en Torremolinos (M\u00e1laga). Europa, y dentro de ella Espa\u00f1a, absorber\u00e1n como destinos tur\u00edsticos buena parte de ese mercado.<\/p>\n<p>Un total de 3.207 profesionales del sector entre operadores tur\u00edsticos, agentes de viajes, empresas de servicios tur\u00edsticos y de promoci\u00f3n de destinos participaron la pasada semana en este encuentro, lo que supone un aumento respecto al a\u00f1o anterior, cuando se contabilizaron 2.644. Adem\u00e1s, el n\u00famero de reuniones y contactos de negocio mantenidos durante las dos sesiones del &#8216;workshop&#8217; o ronda de negocios se situ\u00f3 en 2.392 (+3,69 por ciento).<\/p>\n<p>El incremento de profesionales acreditados ha contrarrestado el leve descenso registrado en el c\u00f3mputo de p\u00fablico visitante, circunstancia que era previsible al celebrarse en d\u00edas laborables: del mi\u00e9rcoles 3 al viernes 5 de junio.<\/p>\n<p>En cifras globales, Euroal 2015 cerr\u00f3 sus puertas con 9.223 visitas totales, frente a las 9.581 del a\u00f1o anterior. As\u00ed, se desglosan en 3.207 profesionales (+563) y 6.016 visitantes de p\u00fablico (-921).<\/p>\n<p>Euroal, seg\u00fan ha indicado el presidente del comit\u00e9 organizador, Luis Callej\u00f3n, se mantiene como feria profesional que quiere ofrecer \u00abun mayor ratio de retorno de la inversi\u00f3n hecha tanto en el contexto regional, nacional como en los mercados internacionales\u00bb.<\/p>\n<p>CONGRESO MUNDIAL DE SKAL EN OTO\u00d1O.<\/p>\n<p>Tras la clausura de Euroal, Torremolinos y su Palacio de Congresos y Exposiciones seguir\u00e1n siendo el foco de atenci\u00f3n de la industria tur\u00edstica durante los pr\u00f3ximos meses. En este sentido, han recordado que el Skal Internacional, organizaci\u00f3n profesional de dirigentes del turismo, celebrar\u00e1 su congreso mundial el pr\u00f3ximo oto\u00f1o en las instalaciones congresuales de la localidad.<\/p>\n<p>La organizaci\u00f3n, que preside el turco Vassaf Salih Cene, cuenta con 16.337 miembros en sus 391 clubes, repartidos por 85 naciones. Este foro se suma a la celebraci\u00f3n de la tercera Conferencia Internacional sobre Desestacionalizaci\u00f3n de la Organizaci\u00f3n Mundial de Turismo (OMT-UNWTO) durante Euroal.<\/p>\n","protected":false},"excerpt":{"rendered":"<p>El movimiento de turistas internacionales crecer\u00e1 en 2015 un ocho por ciento, seg\u00fan las estimaciones de los operadores y profesionales reunidos en el 10 Sal\u00f3n Internacional de Turismo, Euroal 2015, celebrado en Torremolinos (M\u00e1laga). Europa, y dentro de ella Espa\u00f1a, absorber\u00e1n como destinos tur\u00edsticos buena parte de ese mercado. Un total de 3.207 profesionales del<\/p>\n","protected":false},"author":1,"featured_media":39634,"comment_status":"open","ping_status":"closed","sticky":false,"template":"","format":"standard","meta":{"footnotes":""},"categories":[222],"tags":[],"class_list":{"0":"post-39633","1":"post","2":"type-post","3":"status-publish","4":"format-standard","5":"has-post-thumbnail","7":"category-actualidad-turismo"},"aioseo_notices":[],"aioseo_head":"\n\t\t<!-- All in One SEO Pro 4.9.6.1 - aioseo.com -->\n\t<meta name=\"description\" content=\"El movimiento de turistas internacionales crecer\u00e1 en 2015 un ocho por ciento, seg\u00fan las estimaciones de los operadores y profesionales reunidos en el 10 Sal\u00f3n Internacional de Turismo, Euroal 2015, celebrado en Torremolinos (M\u00e1laga). Europa, y dentro de ella Espa\u00f1a, absorber\u00e1n como destinos tur\u00edsticos buena parte de ese mercado. Un total de 3.207 profesionales del\" \/>\n\t<meta name=\"robots\" content=\"max-image-preview:large\" \/>\n\t<meta name=\"author\" content=\"admin\"\/>\n\t<meta name=\"google-site-verification\" content=\"UA-38556648-1\" \/>\n\t<meta name=\"keywords\" content=\"actualidad turismo\" \/>\n\t<link rel=\"canonical\" href=\"https:\/\/eldigitaldeasturias.com\/magazine365\/profesionales-estiman-que-el-turismo-internacional-se-incrementara-un-8-este-ano\/\" \/>\n\t<meta name=\"generator\" content=\"All in One SEO Pro (AIOSEO) 4.9.6.1\" \/>\n\t\t<meta property=\"og:locale\" content=\"es_ES\" \/>\n\t\t<meta property=\"og:site_name\" content=\"El Digital de Asturias \u2013 Revista de ocio, turismo y estilo de vida\" \/>\n\t\t<meta property=\"og:type\" content=\"article\" \/>\n\t\t<meta property=\"og:title\" content=\"Profesionales estiman que el turismo internacional se incrementar\u00e1 un 8% este a\u00f1o | El Digital de Asturias\" \/>\n\t\t<meta property=\"og:description\" content=\"El movimiento de turistas internacionales crecer\u00e1 en 2015 un ocho por ciento, seg\u00fan las estimaciones de los operadores y profesionales reunidos en el 10 Sal\u00f3n Internacional de Turismo, Euroal 2015, celebrado en Torremolinos (M\u00e1laga). Europa, y dentro de ella Espa\u00f1a, absorber\u00e1n como destinos tur\u00edsticos buena parte de ese mercado. Un total de 3.207 profesionales del\" \/>\n\t\t<meta property=\"og:url\" content=\"https:\/\/eldigitaldeasturias.com\/magazine365\/profesionales-estiman-que-el-turismo-internacional-se-incrementara-un-8-este-ano\/\" \/>\n\t\t<meta property=\"og:image\" content=\"https:\/\/eldigitaldeasturias.com\/magazine365\/wp-content\/uploads\/2015\/06\/fotonoticia_20150611171705_800.jpg\" \/>\n\t\t<meta property=\"og:image:secure_url\" content=\"https:\/\/eldigitaldeasturias.com\/magazine365\/wp-content\/uploads\/2015\/06\/fotonoticia_20150611171705_800.jpg\" \/>\n\t\t<meta property=\"og:image:width\" content=\"800\" \/>\n\t\t<meta property=\"og:image:height\" content=\"533\" \/>\n\t\t<meta property=\"article:published_time\" content=\"2015-06-11T23:55:32+00:00\" \/>\n\t\t<meta property=\"article:modified_time\" content=\"2015-06-11T23:55:32+00:00\" \/>\n\t\t<meta name=\"twitter:card\" content=\"summary_large_image\" \/>\n\t\t<meta name=\"twitter:title\" content=\"Profesionales estiman que el turismo internacional se incrementar\u00e1 un 8% este a\u00f1o | El Digital de Asturias\" \/>\n\t\t<meta name=\"twitter:description\" content=\"El movimiento de turistas internacionales crecer\u00e1 en 2015 un ocho por ciento, seg\u00fan las estimaciones de los operadores y profesionales reunidos en el 10 Sal\u00f3n Internacional de Turismo, Euroal 2015, celebrado en Torremolinos (M\u00e1laga). Europa, y dentro de ella Espa\u00f1a, absorber\u00e1n como destinos tur\u00edsticos buena parte de ese mercado. Un total de 3.207 profesionales del\" \/>\n\t\t<meta name=\"twitter:image\" content=\"https:\/\/eldigitaldeasturias.com\/magazine365\/wp-content\/uploads\/2015\/06\/fotonoticia_20150611171705_800.jpg\" \/>\n\t\t<script type=\"application\/ld+json\" class=\"aioseo-schema\">\n\t\t\t{\"@context\":\"https:\\\/\\\/schema.org\",\"@graph\":[{\"@type\":\"Article\",\"@id\":\"https:\\\/\\\/eldigitaldeasturias.com\\\/magazine365\\\/profesionales-estiman-que-el-turismo-internacional-se-incrementara-un-8-este-ano\\\/#article\",\"name\":\"Profesionales estiman que el turismo internacional se incrementar\\u00e1 un 8% este a\\u00f1o | El Digital de Asturias\",\"headline\":\"Profesionales estiman que el turismo internacional se incrementar\\u00e1 un 8% este a\\u00f1o\",\"author\":{\"@id\":\"https:\\\/\\\/eldigitaldeasturias.com\\\/magazine365\\\/author\\\/admin\\\/#author\"},\"publisher\":{\"@id\":\"https:\\\/\\\/eldigitaldeasturias.com\\\/magazine365\\\/#organization\"},\"image\":{\"@type\":\"ImageObject\",\"url\":\"https:\\\/\\\/eldigitaldeasturias.com\\\/magazine365\\\/wp-content\\\/uploads\\\/2015\\\/06\\\/fotonoticia_20150611171705_800.jpg\",\"width\":800,\"height\":533},\"datePublished\":\"2015-06-12T01:25:32+02:00\",\"dateModified\":\"2015-06-12T01:25:32+02:00\",\"inLanguage\":\"es-ES\",\"mainEntityOfPage\":{\"@id\":\"https:\\\/\\\/eldigitaldeasturias.com\\\/magazine365\\\/profesionales-estiman-que-el-turismo-internacional-se-incrementara-un-8-este-ano\\\/#webpage\"},\"isPartOf\":{\"@id\":\"https:\\\/\\\/eldigitaldeasturias.com\\\/magazine365\\\/profesionales-estiman-que-el-turismo-internacional-se-incrementara-un-8-este-ano\\\/#webpage\"},\"articleSection\":\"Actualidad Turismo\"},{\"@type\":\"BreadcrumbList\",\"@id\":\"https:\\\/\\\/eldigitaldeasturias.com\\\/magazine365\\\/profesionales-estiman-que-el-turismo-internacional-se-incrementara-un-8-este-ano\\\/#breadcrumblist\",\"itemListElement\":[{\"@type\":\"ListItem\",\"@id\":\"https:\\\/\\\/eldigitaldeasturias.com\\\/magazine365#listItem\",\"position\":1,\"name\":\"Home\",\"item\":\"https:\\\/\\\/eldigitaldeasturias.com\\\/magazine365\",\"nextItem\":{\"@type\":\"ListItem\",\"@id\":\"https:\\\/\\\/eldigitaldeasturias.com\\\/magazine365\\\/category\\\/actualidad-turismo\\\/#listItem\",\"name\":\"Actualidad Turismo\"}},{\"@type\":\"ListItem\",\"@id\":\"https:\\\/\\\/eldigitaldeasturias.com\\\/magazine365\\\/category\\\/actualidad-turismo\\\/#listItem\",\"position\":2,\"name\":\"Actualidad Turismo\",\"item\":\"https:\\\/\\\/eldigitaldeasturias.com\\\/magazine365\\\/category\\\/actualidad-turismo\\\/\",\"nextItem\":{\"@type\":\"ListItem\",\"@id\":\"https:\\\/\\\/eldigitaldeasturias.com\\\/magazine365\\\/profesionales-estiman-que-el-turismo-internacional-se-incrementara-un-8-este-ano\\\/#listItem\",\"name\":\"Profesionales estiman que el turismo internacional se incrementar\\u00e1 un 8% este a\\u00f1o\"},\"previousItem\":{\"@type\":\"ListItem\",\"@id\":\"https:\\\/\\\/eldigitaldeasturias.com\\\/magazine365#listItem\",\"name\":\"Home\"}},{\"@type\":\"ListItem\",\"@id\":\"https:\\\/\\\/eldigitaldeasturias.com\\\/magazine365\\\/profesionales-estiman-que-el-turismo-internacional-se-incrementara-un-8-este-ano\\\/#listItem\",\"position\":3,\"name\":\"Profesionales estiman que el turismo internacional se incrementar\\u00e1 un 8% este a\\u00f1o\",\"previousItem\":{\"@type\":\"ListItem\",\"@id\":\"https:\\\/\\\/eldigitaldeasturias.com\\\/magazine365\\\/category\\\/actualidad-turismo\\\/#listItem\",\"name\":\"Actualidad Turismo\"}}]},{\"@type\":\"Organization\",\"@id\":\"https:\\\/\\\/eldigitaldeasturias.com\\\/magazine365\\\/#organization\",\"name\":\"El digital de Asturias\",\"description\":\"Revista de ocio, turismo y estilo de vida\",\"url\":\"https:\\\/\\\/eldigitaldeasturias.com\\\/magazine365\\\/\",\"logo\":{\"@type\":\"ImageObject\",\"url\":\"https:\\\/\\\/www.eldigitaldeasturias.com\\\/noticias\\\/wp-content\\\/uploads\\\/2020\\\/12\\\/EDA.jpg\",\"@id\":\"https:\\\/\\\/eldigitaldeasturias.com\\\/magazine365\\\/profesionales-estiman-que-el-turismo-internacional-se-incrementara-un-8-este-ano\\\/#organizationLogo\"},\"image\":{\"@id\":\"https:\\\/\\\/eldigitaldeasturias.com\\\/magazine365\\\/profesionales-estiman-que-el-turismo-internacional-se-incrementara-un-8-este-ano\\\/#organizationLogo\"}},{\"@type\":\"Person\",\"@id\":\"https:\\\/\\\/eldigitaldeasturias.com\\\/magazine365\\\/author\\\/admin\\\/#author\",\"url\":\"https:\\\/\\\/eldigitaldeasturias.com\\\/magazine365\\\/author\\\/admin\\\/\",\"name\":\"admin\",\"image\":{\"@type\":\"ImageObject\",\"@id\":\"https:\\\/\\\/eldigitaldeasturias.com\\\/magazine365\\\/profesionales-estiman-que-el-turismo-internacional-se-incrementara-un-8-este-ano\\\/#authorImage\",\"url\":\"https:\\\/\\\/eldigitaldeasturias.com\\\/magazine365\\\/wp-content\\\/litespeed\\\/avatar\\\/e571bcf59a0edd6fa6838245a470f2fe.jpg?ver=1776969259\",\"width\":96,\"height\":96,\"caption\":\"admin\"}},{\"@type\":\"WebPage\",\"@id\":\"https:\\\/\\\/eldigitaldeasturias.com\\\/magazine365\\\/profesionales-estiman-que-el-turismo-internacional-se-incrementara-un-8-este-ano\\\/#webpage\",\"url\":\"https:\\\/\\\/eldigitaldeasturias.com\\\/magazine365\\\/profesionales-estiman-que-el-turismo-internacional-se-incrementara-un-8-este-ano\\\/\",\"name\":\"Profesionales estiman que el turismo internacional se incrementar\\u00e1 un 8% este a\\u00f1o | El Digital de Asturias\",\"description\":\"El movimiento de turistas internacionales crecer\\u00e1 en 2015 un ocho por ciento, seg\\u00fan las estimaciones de los operadores y profesionales reunidos en el 10 Sal\\u00f3n Internacional de Turismo, Euroal 2015, celebrado en Torremolinos (M\\u00e1laga). Europa, y dentro de ella Espa\\u00f1a, absorber\\u00e1n como destinos tur\\u00edsticos buena parte de ese mercado. Un total de 3.207 profesionales del\",\"inLanguage\":\"es-ES\",\"isPartOf\":{\"@id\":\"https:\\\/\\\/eldigitaldeasturias.com\\\/magazine365\\\/#website\"},\"breadcrumb\":{\"@id\":\"https:\\\/\\\/eldigitaldeasturias.com\\\/magazine365\\\/profesionales-estiman-que-el-turismo-internacional-se-incrementara-un-8-este-ano\\\/#breadcrumblist\"},\"author\":{\"@id\":\"https:\\\/\\\/eldigitaldeasturias.com\\\/magazine365\\\/author\\\/admin\\\/#author\"},\"creator\":{\"@id\":\"https:\\\/\\\/eldigitaldeasturias.com\\\/magazine365\\\/author\\\/admin\\\/#author\"},\"image\":{\"@type\":\"ImageObject\",\"url\":\"https:\\\/\\\/eldigitaldeasturias.com\\\/magazine365\\\/wp-content\\\/uploads\\\/2015\\\/06\\\/fotonoticia_20150611171705_800.jpg\",\"@id\":\"https:\\\/\\\/eldigitaldeasturias.com\\\/magazine365\\\/profesionales-estiman-que-el-turismo-internacional-se-incrementara-un-8-este-ano\\\/#mainImage\",\"width\":800,\"height\":533},\"primaryImageOfPage\":{\"@id\":\"https:\\\/\\\/eldigitaldeasturias.com\\\/magazine365\\\/profesionales-estiman-que-el-turismo-internacional-se-incrementara-un-8-este-ano\\\/#mainImage\"},\"datePublished\":\"2015-06-12T01:25:32+02:00\",\"dateModified\":\"2015-06-12T01:25:32+02:00\"},{\"@type\":\"WebSite\",\"@id\":\"https:\\\/\\\/eldigitaldeasturias.com\\\/magazine365\\\/#website\",\"url\":\"https:\\\/\\\/eldigitaldeasturias.com\\\/magazine365\\\/\",\"name\":\"El Digital de Asturias\",\"description\":\"Revista de ocio, turismo y estilo de vida\",\"inLanguage\":\"es-ES\",\"publisher\":{\"@id\":\"https:\\\/\\\/eldigitaldeasturias.com\\\/magazine365\\\/#organization\"}}]}\n\t\t<\/script>\n\t\t<!-- All in One SEO Pro -->\r\n\t\t<title>Profesionales estiman que el turismo internacional se incrementar\u00e1 un 8% este a\u00f1o | El Digital de Asturias<\/title>\n\n","aioseo_head_json":{"title":"Profesionales estiman que el turismo internacional se incrementar\u00e1 un 8% este a\u00f1o | El Digital de Asturias","description":"El movimiento de turistas internacionales crecer\u00e1 en 2015 un ocho por ciento, seg\u00fan las estimaciones de los operadores y profesionales reunidos en el 10 Sal\u00f3n Internacional de Turismo, Euroal 2015, celebrado en Torremolinos (M\u00e1laga). Europa, y dentro de ella Espa\u00f1a, absorber\u00e1n como destinos tur\u00edsticos buena parte de ese mercado. Un total de 3.207 profesionales del","canonical_url":"https:\/\/eldigitaldeasturias.com\/magazine365\/profesionales-estiman-que-el-turismo-internacional-se-incrementara-un-8-este-ano\/","robots":"max-image-preview:large","keywords":"actualidad turismo","webmasterTools":{"google-site-verification":"UA-38556648-1","miscellaneous":""},"schema":{"@context":"https:\/\/schema.org","@graph":[{"@type":"Article","@id":"https:\/\/eldigitaldeasturias.com\/magazine365\/profesionales-estiman-que-el-turismo-internacional-se-incrementara-un-8-este-ano\/#article","name":"Profesionales estiman que el turismo internacional se incrementar\u00e1 un 8% este a\u00f1o | El Digital de Asturias","headline":"Profesionales estiman que el turismo internacional se incrementar\u00e1 un 8% este a\u00f1o","author":{"@id":"https:\/\/eldigitaldeasturias.com\/magazine365\/author\/admin\/#author"},"publisher":{"@id":"https:\/\/eldigitaldeasturias.com\/magazine365\/#organization"},"image":{"@type":"ImageObject","url":"https:\/\/eldigitaldeasturias.com\/magazine365\/wp-content\/uploads\/2015\/06\/fotonoticia_20150611171705_800.jpg","width":800,"height":533},"datePublished":"2015-06-12T01:25:32+02:00","dateModified":"2015-06-12T01:25:32+02:00","inLanguage":"es-ES","mainEntityOfPage":{"@id":"https:\/\/eldigitaldeasturias.com\/magazine365\/profesionales-estiman-que-el-turismo-internacional-se-incrementara-un-8-este-ano\/#webpage"},"isPartOf":{"@id":"https:\/\/eldigitaldeasturias.com\/magazine365\/profesionales-estiman-que-el-turismo-internacional-se-incrementara-un-8-este-ano\/#webpage"},"articleSection":"Actualidad Turismo"},{"@type":"BreadcrumbList","@id":"https:\/\/eldigitaldeasturias.com\/magazine365\/profesionales-estiman-que-el-turismo-internacional-se-incrementara-un-8-este-ano\/#breadcrumblist","itemListElement":[{"@type":"ListItem","@id":"https:\/\/eldigitaldeasturias.com\/magazine365#listItem","position":1,"name":"Home","item":"https:\/\/eldigitaldeasturias.com\/magazine365","nextItem":{"@type":"ListItem","@id":"https:\/\/eldigitaldeasturias.com\/magazine365\/category\/actualidad-turismo\/#listItem","name":"Actualidad Turismo"}},{"@type":"ListItem","@id":"https:\/\/eldigitaldeasturias.com\/magazine365\/category\/actualidad-turismo\/#listItem","position":2,"name":"Actualidad Turismo","item":"https:\/\/eldigitaldeasturias.com\/magazine365\/category\/actualidad-turismo\/","nextItem":{"@type":"ListItem","@id":"https:\/\/eldigitaldeasturias.com\/magazine365\/profesionales-estiman-que-el-turismo-internacional-se-incrementara-un-8-este-ano\/#listItem","name":"Profesionales estiman que el turismo internacional se incrementar\u00e1 un 8% este a\u00f1o"},"previousItem":{"@type":"ListItem","@id":"https:\/\/eldigitaldeasturias.com\/magazine365#listItem","name":"Home"}},{"@type":"ListItem","@id":"https:\/\/eldigitaldeasturias.com\/magazine365\/profesionales-estiman-que-el-turismo-internacional-se-incrementara-un-8-este-ano\/#listItem","position":3,"name":"Profesionales estiman que el turismo internacional se incrementar\u00e1 un 8% este a\u00f1o","previousItem":{"@type":"ListItem","@id":"https:\/\/eldigitaldeasturias.com\/magazine365\/category\/actualidad-turismo\/#listItem","name":"Actualidad Turismo"}}]},{"@type":"Organization","@id":"https:\/\/eldigitaldeasturias.com\/magazine365\/#organization","name":"El digital de Asturias","description":"Revista de ocio, turismo y estilo de vida","url":"https:\/\/eldigitaldeasturias.com\/magazine365\/","logo":{"@type":"ImageObject","url":"https:\/\/www.eldigitaldeasturias.com\/noticias\/wp-content\/uploads\/2020\/12\/EDA.jpg","@id":"https:\/\/eldigitaldeasturias.com\/magazine365\/profesionales-estiman-que-el-turismo-internacional-se-incrementara-un-8-este-ano\/#organizationLogo"},"image":{"@id":"https:\/\/eldigitaldeasturias.com\/magazine365\/profesionales-estiman-que-el-turismo-internacional-se-incrementara-un-8-este-ano\/#organizationLogo"}},{"@type":"Person","@id":"https:\/\/eldigitaldeasturias.com\/magazine365\/author\/admin\/#author","url":"https:\/\/eldigitaldeasturias.com\/magazine365\/author\/admin\/","name":"admin","image":{"@type":"ImageObject","@id":"https:\/\/eldigitaldeasturias.com\/magazine365\/profesionales-estiman-que-el-turismo-internacional-se-incrementara-un-8-este-ano\/#authorImage","url":"https:\/\/eldigitaldeasturias.com\/magazine365\/wp-content\/litespeed\/avatar\/e571bcf59a0edd6fa6838245a470f2fe.jpg?ver=1776969259","width":96,"height":96,"caption":"admin"}},{"@type":"WebPage","@id":"https:\/\/eldigitaldeasturias.com\/magazine365\/profesionales-estiman-que-el-turismo-internacional-se-incrementara-un-8-este-ano\/#webpage","url":"https:\/\/eldigitaldeasturias.com\/magazine365\/profesionales-estiman-que-el-turismo-internacional-se-incrementara-un-8-este-ano\/","name":"Profesionales estiman que el turismo internacional se incrementar\u00e1 un 8% este a\u00f1o | El Digital de Asturias","description":"El movimiento de turistas internacionales crecer\u00e1 en 2015 un ocho por ciento, seg\u00fan las estimaciones de los operadores y profesionales reunidos en el 10 Sal\u00f3n Internacional de Turismo, Euroal 2015, celebrado en Torremolinos (M\u00e1laga). Europa, y dentro de ella Espa\u00f1a, absorber\u00e1n como destinos tur\u00edsticos buena parte de ese mercado. Un total de 3.207 profesionales del","inLanguage":"es-ES","isPartOf":{"@id":"https:\/\/eldigitaldeasturias.com\/magazine365\/#website"},"breadcrumb":{"@id":"https:\/\/eldigitaldeasturias.com\/magazine365\/profesionales-estiman-que-el-turismo-internacional-se-incrementara-un-8-este-ano\/#breadcrumblist"},"author":{"@id":"https:\/\/eldigitaldeasturias.com\/magazine365\/author\/admin\/#author"},"creator":{"@id":"https:\/\/eldigitaldeasturias.com\/magazine365\/author\/admin\/#author"},"image":{"@type":"ImageObject","url":"https:\/\/eldigitaldeasturias.com\/magazine365\/wp-content\/uploads\/2015\/06\/fotonoticia_20150611171705_800.jpg","@id":"https:\/\/eldigitaldeasturias.com\/magazine365\/profesionales-estiman-que-el-turismo-internacional-se-incrementara-un-8-este-ano\/#mainImage","width":800,"height":533},"primaryImageOfPage":{"@id":"https:\/\/eldigitaldeasturias.com\/magazine365\/profesionales-estiman-que-el-turismo-internacional-se-incrementara-un-8-este-ano\/#mainImage"},"datePublished":"2015-06-12T01:25:32+02:00","dateModified":"2015-06-12T01:25:32+02:00"},{"@type":"WebSite","@id":"https:\/\/eldigitaldeasturias.com\/magazine365\/#website","url":"https:\/\/eldigitaldeasturias.com\/magazine365\/","name":"El Digital de Asturias","description":"Revista de ocio, turismo y estilo de vida","inLanguage":"es-ES","publisher":{"@id":"https:\/\/eldigitaldeasturias.com\/magazine365\/#organization"}}]},"og:locale":"es_ES","og:site_name":"El Digital de Asturias \u2013 Revista de ocio, turismo y estilo de vida","og:type":"article","og:title":"Profesionales estiman que el turismo internacional se incrementar\u00e1 un 8% este a\u00f1o | El Digital de Asturias","og:description":"El movimiento de turistas internacionales crecer\u00e1 en 2015 un ocho por ciento, seg\u00fan las estimaciones de los operadores y profesionales reunidos en el 10 Sal\u00f3n Internacional de Turismo, Euroal 2015, celebrado en Torremolinos (M\u00e1laga). Europa, y dentro de ella Espa\u00f1a, absorber\u00e1n como destinos tur\u00edsticos buena parte de ese mercado. Un total de 3.207 profesionales del","og:url":"https:\/\/eldigitaldeasturias.com\/magazine365\/profesionales-estiman-que-el-turismo-internacional-se-incrementara-un-8-este-ano\/","og:image":"https:\/\/eldigitaldeasturias.com\/magazine365\/wp-content\/uploads\/2015\/06\/fotonoticia_20150611171705_800.jpg","og:image:secure_url":"https:\/\/eldigitaldeasturias.com\/magazine365\/wp-content\/uploads\/2015\/06\/fotonoticia_20150611171705_800.jpg","og:image:width":800,"og:image:height":533,"article:published_time":"2015-06-11T23:55:32+00:00","article:modified_time":"2015-06-11T23:55:32+00:00","twitter:card":"summary_large_image","twitter:title":"Profesionales estiman que el turismo internacional se incrementar\u00e1 un 8% este a\u00f1o | El Digital de Asturias","twitter:description":"El movimiento de turistas internacionales crecer\u00e1 en 2015 un ocho por ciento, seg\u00fan las estimaciones de los operadores y profesionales reunidos en el 10 Sal\u00f3n Internacional de Turismo, Euroal 2015, celebrado en Torremolinos (M\u00e1laga). Europa, y dentro de ella Espa\u00f1a, absorber\u00e1n como destinos tur\u00edsticos buena parte de ese mercado. Un total de 3.207 profesionales del","twitter:image":"https:\/\/eldigitaldeasturias.com\/magazine365\/wp-content\/uploads\/2015\/06\/fotonoticia_20150611171705_800.jpg"},"aioseo_meta_data":{"post_id":"39633","title":null,"description":null,"keywords":null,"keyphrases":null,"primary_term":null,"canonical_url":null,"og_title":null,"og_description":null,"og_object_type":"default","og_image_type":"default","og_image_url":null,"og_image_width":null,"og_image_height":null,"og_image_custom_url":null,"og_image_custom_fields":null,"og_video":null,"og_custom_url":null,"og_article_section":null,"og_article_tags":null,"twitter_use_og":false,"twitter_card":"default","twitter_image_type":"default","twitter_image_url":null,"twitter_image_custom_url":null,"twitter_image_custom_fields":null,"twitter_title":null,"twitter_description":null,"schema":{"blockGraphs":[],"customGraphs":[],"default":{"data":{"Article":[],"Course":[],"Dataset":[],"FAQPage":[],"Movie":[],"Person":[],"Product":[],"ProductReview":[],"Car":[],"Recipe":[],"Service":[],"SoftwareApplication":[],"WebPage":[]},"graphName":"","isEnabled":true},"graphs":[],"defaultGraph":"","defaultPostTypeGraph":""},"schema_type":null,"schema_type_options":null,"pillar_content":false,"robots_default":true,"robots_noindex":false,"robots_noarchive":false,"robots_nosnippet":false,"robots_nofollow":false,"robots_noimageindex":false,"robots_noodp":false,"robots_notranslate":false,"robots_max_snippet":null,"robots_max_videopreview":null,"robots_max_imagepreview":"large","priority":null,"frequency":null,"location":null,"local_seo":null,"seo_analyzer_scan_date":"2025-09-19 12:01:14","breadcrumb_settings":null,"limit_modified_date":false,"open_ai":null,"ai":null,"created":"2021-03-09 02:38:52","updated":"2025-09-19 12:01:14"},"aioseo_breadcrumb":"<div class=\"aioseo-breadcrumbs\"><span class=\"aioseo-breadcrumb\">\n\t<a href=\"https:\/\/eldigitaldeasturias.com\/magazine365\" title=\"Home\">Home<\/a>\n<\/span><span class=\"aioseo-breadcrumb-separator\">\u2013<\/span><span class=\"aioseo-breadcrumb\">\n\t<a href=\"https:\/\/eldigitaldeasturias.com\/magazine365\/category\/actualidad-turismo\/\" title=\"Actualidad Turismo\">Actualidad Turismo<\/a>\n<\/span><span class=\"aioseo-breadcrumb-separator\">\u2013<\/span><span class=\"aioseo-breadcrumb\">\n\t<a href=\"https:\/\/eldigitaldeasturias.com\/magazine365\/profesionales-estiman-que-el-turismo-internacional-se-incrementara-un-8-este-ano\/\" title=\"Profesionales estiman que el turismo internacional se incrementar\u00e1 un 8% este a\u00f1o\">Profesionales estiman que el turismo internacional se incrementar\u00e1 un 8% este a\u00f1o<\/a>\n<\/span><\/div>","aioseo_breadcrumb_json":[{"label":"Home","link":"https:\/\/eldigitaldeasturias.com\/magazine365"},{"label":"Actualidad Turismo","link":"https:\/\/eldigitaldeasturias.com\/magazine365\/category\/actualidad-turismo\/"},{"label":"Profesionales estiman que el turismo internacional se incrementar\u00e1 un 8% este a\u00f1o","link":"https:\/\/eldigitaldeasturias.com\/magazine365\/profesionales-estiman-que-el-turismo-internacional-se-incrementara-un-8-este-ano\/"}],"_links":{"self":[{"href":"https:\/\/eldigitaldeasturias.com\/magazine365\/wp-json\/wp\/v2\/posts\/39633","targetHints":{"allow":["GET"]}}],"collection":[{"href":"https:\/\/eldigitaldeasturias.com\/magazine365\/wp-json\/wp\/v2\/posts"}],"about":[{"href":"https:\/\/eldigitaldeasturias.com\/magazine365\/wp-json\/wp\/v2\/types\/post"}],"author":[{"embeddable":true,"href":"https:\/\/eldigitaldeasturias.com\/magazine365\/wp-json\/wp\/v2\/users\/1"}],"replies":[{"embeddable":true,"href":"https:\/\/eldigitaldeasturias.com\/magazine365\/wp-json\/wp\/v2\/comments?post=39633"}],"version-history":[{"count":0,"href":"https:\/\/eldigitaldeasturias.com\/magazine365\/wp-json\/wp\/v2\/posts\/39633\/revisions"}],"wp:featuredmedia":[{"embeddable":true,"href":"https:\/\/eldigitaldeasturias.com\/magazine365\/wp-json\/wp\/v2\/media\/39634"}],"wp:attachment":[{"href":"https:\/\/eldigitaldeasturias.com\/magazine365\/wp-json\/wp\/v2\/media?parent=39633"}],"wp:term":[{"taxonomy":"category","embeddable":true,"href":"https:\/\/eldigitaldeasturias.com\/magazine365\/wp-json\/wp\/v2\/categories?post=39633"},{"taxonomy":"post_tag","embeddable":true,"href":"https:\/\/eldigitaldeasturias.com\/magazine365\/wp-json\/wp\/v2\/tags?post=39633"}],"curies":[{"name":"wp","href":"https:\/\/api.w.org\/{rel}","templated":true}]}}