{"id":39630,"date":"2015-06-12T01:20:47","date_gmt":"2015-06-11T23:50:47","guid":{"rendered":"http:\/\/eldigitaldeasturias.com\/magazine365\/?p=39630"},"modified":"2015-06-12T01:20:47","modified_gmt":"2015-06-11T23:50:47","slug":"verano-2015-este-verano-te-toca-andalucia","status":"publish","type":"post","link":"https:\/\/eldigitaldeasturias.com\/magazine365\/verano-2015-este-verano-te-toca-andalucia\/","title":{"rendered":"Verano 2015, \u201cEste verano, te toca Andaluc\u00eda\u201d"},"content":{"rendered":"<p><img fetchpriority=\"high\" decoding=\"async\" class=\"alignleft size-medium wp-image-39631\" src=\"https:\/\/eldigitaldeasturias.com\/magazine365\/wp-content\/uploads\/2015\/06\/fotonoticia_20150611160631_800-360x240.jpg\" alt=\"fotonoticia_20150611160631_800\" width=\"360\" height=\"240\" srcset=\"https:\/\/eldigitaldeasturias.com\/magazine365\/wp-content\/uploads\/2015\/06\/fotonoticia_20150611160631_800-360x240.jpg 360w, https:\/\/eldigitaldeasturias.com\/magazine365\/wp-content\/uploads\/2015\/06\/fotonoticia_20150611160631_800-650x434.jpg 650w, https:\/\/eldigitaldeasturias.com\/magazine365\/wp-content\/uploads\/2015\/06\/fotonoticia_20150611160631_800-768x513.jpg 768w, https:\/\/eldigitaldeasturias.com\/magazine365\/wp-content\/uploads\/2015\/06\/fotonoticia_20150611160631_800-150x100.jpg 150w, https:\/\/eldigitaldeasturias.com\/magazine365\/wp-content\/uploads\/2015\/06\/fotonoticia_20150611160631_800-450x300.jpg 450w, https:\/\/eldigitaldeasturias.com\/magazine365\/wp-content\/uploads\/2015\/06\/fotonoticia_20150611160631_800-696x465.jpg 696w, https:\/\/eldigitaldeasturias.com\/magazine365\/wp-content\/uploads\/2015\/06\/fotonoticia_20150611160631_800-629x420.jpg 629w, https:\/\/eldigitaldeasturias.com\/magazine365\/wp-content\/uploads\/2015\/06\/fotonoticia_20150611160631_800-84x55.jpg 84w, https:\/\/eldigitaldeasturias.com\/magazine365\/wp-content\/uploads\/2015\/06\/fotonoticia_20150611160631_800.jpg 800w\" sizes=\"(max-width: 360px) 100vw, 360px\" \/>&#8216;Este verano, te toca Andaluc\u00eda&#8217;. Con ese lema la Consejer\u00eda de Turismo de la Junta pone este jueves en marcha su campa\u00f1a de verano, que se prolongar\u00e1 hasta el 31 de julio, en la que se realizar\u00e1 una acci\u00f3n novedosa: ocho j\u00f3venes talentos espa\u00f1oles conocer\u00e1n los rincones de esta tierra y cuatro de ellos se imbuir\u00e1n en su luz, rincones, sonidos y sabores para realizar creaciones inspiradas en la Comunidad andaluza.<\/p>\n<p>Se trata de la golfista Anna Arrese, el piloto de motociclismo Albert Costa, la actriz Julia Molins, la bloguera In\u00e9s Fern\u00e1ndez, el chef Ignacio Rosado, la fot\u00f3grafa Cristina Otero, el pintor Eduardo Alsasua y el compositor \u00d3scar Escudero. Estos cuatro \u00faltimos, adem\u00e1s, realizar\u00e1n creaciones en sus respectivas artes (un men\u00fa, colecci\u00f3n de fotos, un cuadro y una composici\u00f3n musical) dedicadas a una tierra donde quieren vivir experiencias y descubrir sus asombrosos lugares.<\/p>\n<p>Esta campa\u00f1a, que se centra en esta acci\u00f3n novedosa que busca ser viral en Internet, no olvida a los medios tradicionales de prensa, radio y tambi\u00e9n mediante publicidad en Internet. En las redes sociales ser\u00e1 el turno de la etiqueta #lomejordetodos, donde los j\u00f3venes talentos, y todos aquellos que disfruten este periodo estival en Andaluc\u00eda, pueden trasladar sus sensaciones.<\/p>\n<p>Los ocho hu\u00e9spedes, de entre 20 y 25 a\u00f1os, pero con gran \u00e9xito en sus disciplinas, recorrer\u00e1n Andaluc\u00eda en la primera quincena de julio. El que ya lo ha hecho es el dise\u00f1ador de moda catal\u00e1n \u00d3scar Le\u00f3n, acostumbrado a creaciones con materiales \u00abapagados y experimentales\u00bb, que ha conocido Andaluc\u00eda y realizado una colecci\u00f3n donde se reconcilia con el color: rojos, amarillos, azules y blancos son protagonistas, una luz que refleja la de la regi\u00f3n, tal y como ha trasladado en el acto de presentaci\u00f3n de la campa\u00f1a.<\/p>\n<p>Con sus sensaciones y experiencias, estos j\u00f3venes quieren que el visitante, especialmente el nacional, que es el que se suele desplazar en estas fechas; acuda, conozca y repita su estancia en Andaluc\u00eda, incrementando, por tanto, el n\u00famero de viajeros y pernoctaciones para lograr no s\u00f3lo el reto de superar un cinco por ciento el turismo este a\u00f1o, sino para generar un mayor volumen de negocio y tambi\u00e9n de empleo.<\/p>\n<p>130 MILLONES DE IMPACTOS<\/p>\n<p>En los anuncios que se emitir\u00e1n este verano, Andaluc\u00eda se presenta como un destino \u00fanico, incidiendo en la pluralidad y variedad de su oferta tur\u00edstica y en las experiencias singulares que re\u00fane.<\/p>\n<p>La campa\u00f1a prev\u00e9 130 millones de impactos y se dirige al conjunto del pa\u00eds, aunque tendr\u00e1 especial incidencia en Andaluc\u00eda, Catalu\u00f1a, Comunidad de Madrid y Comunidad Valenciana. Se actuar\u00e1, por tanto, en medios de comunicaci\u00f3n, 600 salas de cine, portales de viaje y soportes exteriores.<\/p>\n<p>Tambi\u00e9n en la estaci\u00f3n de tren de Atocha, en Madrid, se dispondr\u00e1 de una cristalera de 50 metros, junto a otros soportes en enclaves de elevada afluencia de viajeros del recinto; mientras que tambi\u00e9n se difundir\u00e1 el destino en las estaciones de Barcelona, Alicante y Sevilla y en trenes de largo recorrido de Renfe.<\/p>\n<p>PACTO POR EL TURISMO<\/p>\n<p>El consejero de Turismo y Comercio en funciones de Andaluc\u00eda, Luciano Alonso, ha destacado la importancia que tiene esta industria, que significa casi el 13% del Producto Interior Bruto (PIB). Al liderazgo que tiene Andaluc\u00eda a nivel nacional se quiere sumar una mejora de su posicionamiento respecto al turista extranjero, donde es la cuarta de Espa\u00f1a.<\/p>\n<p>Con esta campa\u00f1a que incluye la acci\u00f3n novedosa de los j\u00f3venes talentos Andaluc\u00eda da un paso m\u00e1s, seg\u00fan Alonso, quien ha recalcado la importancia de adaptarse a las nuevas tendencias e incluso crearlas, por lo que ha incidido en que hay que potenciar el laboratorio de innovaci\u00f3n tur\u00edstica Andaluc\u00eda Lab, ubicado en Marbella (M\u00e1laga).<\/p>\n<p>Tambi\u00e9n ha hecho un llamamiento a los ayuntamientos que se constituir\u00e1n este s\u00e1bado a realizar un pacto por el turismo, para dar as\u00ed respuesta a las necesidades de los turistas, de modo que encuentren en sus visitas actividades de ocio, cultura y diversidad para disfrutar de su estancia. Ha apostado por que tanto la Junta como los consistorios y los patronatos de turismo \u00abno multipliquen gastos innecesarios y prioricen\u00bb.<\/p>\n<p>Sumar esfuerzos y aunar voluntades, ha repetido el titular andaluz de Turismo en funciones, quien ha dicho al conjunto del sector, tambi\u00e9n representado en la presentaci\u00f3n de la campa\u00f1a de verano, que \u00abes el momento de superar la crisis econ\u00f3mica y hay una industria muy potente &#8211;para ello&#8211;: el turismo\u00bb.<\/p>\n<p>Alonso ha se\u00f1alado que el turismo andaluz \u00abdebe liderar el proceso de cambio en el sector, bajo una apuesta por los nuevos segmentos, el empleo de calidad y la innovaci\u00f3n\u00bb. En este sentido, ha reclamado la necesidad de inversi\u00f3n, aunque ha destacado que la banca \u00abvuelve a ver con buenos ojos al sector tur\u00edstico\u00bb.<\/p>\n","protected":false},"excerpt":{"rendered":"<p>&#8216;Este verano, te toca Andaluc\u00eda&#8217;. Con ese lema la Consejer\u00eda de Turismo de la Junta pone este jueves en marcha su campa\u00f1a de verano, que se prolongar\u00e1 hasta el 31 de julio, en la que se realizar\u00e1 una acci\u00f3n novedosa: ocho j\u00f3venes talentos espa\u00f1oles conocer\u00e1n los rincones de esta tierra y cuatro de ellos se<\/p>\n","protected":false},"author":1,"featured_media":39631,"comment_status":"open","ping_status":"closed","sticky":false,"template":"","format":"standard","meta":{"footnotes":""},"categories":[222],"tags":[],"class_list":{"0":"post-39630","1":"post","2":"type-post","3":"status-publish","4":"format-standard","5":"has-post-thumbnail","7":"category-actualidad-turismo"},"aioseo_notices":[],"aioseo_head":"\n\t\t<!-- All in One SEO Pro 4.9.6.1 - aioseo.com -->\n\t<meta name=\"description\" content=\"&#039;Este verano, te toca Andaluc\u00eda&#039;. Con ese lema la Consejer\u00eda de Turismo de la Junta pone este jueves en marcha su campa\u00f1a de verano, que se prolongar\u00e1 hasta el 31 de julio, en la que se realizar\u00e1 una acci\u00f3n novedosa: ocho j\u00f3venes talentos espa\u00f1oles conocer\u00e1n los rincones de esta tierra y cuatro de ellos se\" \/>\n\t<meta name=\"robots\" content=\"max-image-preview:large\" \/>\n\t<meta name=\"author\" content=\"admin\"\/>\n\t<meta name=\"google-site-verification\" content=\"UA-38556648-1\" \/>\n\t<meta name=\"keywords\" content=\"actualidad turismo\" \/>\n\t<link rel=\"canonical\" href=\"https:\/\/eldigitaldeasturias.com\/magazine365\/verano-2015-este-verano-te-toca-andalucia\/\" \/>\n\t<meta name=\"generator\" content=\"All in One SEO Pro (AIOSEO) 4.9.6.1\" \/>\n\t\t<meta property=\"og:locale\" content=\"es_ES\" \/>\n\t\t<meta property=\"og:site_name\" content=\"El Digital de Asturias \u2013 Revista de ocio, turismo y estilo de vida\" \/>\n\t\t<meta property=\"og:type\" content=\"article\" \/>\n\t\t<meta property=\"og:title\" content=\"Verano 2015, \u201cEste verano, te toca Andaluc\u00eda\u201d | El Digital de Asturias\" \/>\n\t\t<meta property=\"og:description\" content=\"&#039;Este verano, te toca Andaluc\u00eda&#039;. Con ese lema la Consejer\u00eda de Turismo de la Junta pone este jueves en marcha su campa\u00f1a de verano, que se prolongar\u00e1 hasta el 31 de julio, en la que se realizar\u00e1 una acci\u00f3n novedosa: ocho j\u00f3venes talentos espa\u00f1oles conocer\u00e1n los rincones de esta tierra y cuatro de ellos se\" \/>\n\t\t<meta property=\"og:url\" content=\"https:\/\/eldigitaldeasturias.com\/magazine365\/verano-2015-este-verano-te-toca-andalucia\/\" \/>\n\t\t<meta property=\"og:image\" content=\"https:\/\/eldigitaldeasturias.com\/magazine365\/wp-content\/uploads\/2015\/06\/fotonoticia_20150611160631_800.jpg\" \/>\n\t\t<meta property=\"og:image:secure_url\" content=\"https:\/\/eldigitaldeasturias.com\/magazine365\/wp-content\/uploads\/2015\/06\/fotonoticia_20150611160631_800.jpg\" \/>\n\t\t<meta property=\"og:image:width\" content=\"800\" \/>\n\t\t<meta property=\"og:image:height\" content=\"534\" \/>\n\t\t<meta property=\"article:published_time\" content=\"2015-06-11T23:50:47+00:00\" \/>\n\t\t<meta property=\"article:modified_time\" content=\"2015-06-11T23:50:47+00:00\" \/>\n\t\t<meta name=\"twitter:card\" content=\"summary_large_image\" \/>\n\t\t<meta name=\"twitter:title\" content=\"Verano 2015, \u201cEste verano, te toca Andaluc\u00eda\u201d | El Digital de Asturias\" \/>\n\t\t<meta name=\"twitter:description\" content=\"&#039;Este verano, te toca Andaluc\u00eda&#039;. Con ese lema la Consejer\u00eda de Turismo de la Junta pone este jueves en marcha su campa\u00f1a de verano, que se prolongar\u00e1 hasta el 31 de julio, en la que se realizar\u00e1 una acci\u00f3n novedosa: ocho j\u00f3venes talentos espa\u00f1oles conocer\u00e1n los rincones de esta tierra y cuatro de ellos se\" \/>\n\t\t<meta name=\"twitter:image\" content=\"https:\/\/eldigitaldeasturias.com\/magazine365\/wp-content\/uploads\/2015\/06\/fotonoticia_20150611160631_800.jpg\" \/>\n\t\t<script type=\"application\/ld+json\" class=\"aioseo-schema\">\n\t\t\t{\"@context\":\"https:\\\/\\\/schema.org\",\"@graph\":[{\"@type\":\"Article\",\"@id\":\"https:\\\/\\\/eldigitaldeasturias.com\\\/magazine365\\\/verano-2015-este-verano-te-toca-andalucia\\\/#article\",\"name\":\"Verano 2015, \\u201cEste verano, te toca Andaluc\\u00eda\\u201d | El Digital de Asturias\",\"headline\":\"Verano 2015, \\u201cEste verano, te toca Andaluc\\u00eda\\u201d\",\"author\":{\"@id\":\"https:\\\/\\\/eldigitaldeasturias.com\\\/magazine365\\\/author\\\/admin\\\/#author\"},\"publisher\":{\"@id\":\"https:\\\/\\\/eldigitaldeasturias.com\\\/magazine365\\\/#organization\"},\"image\":{\"@type\":\"ImageObject\",\"url\":\"https:\\\/\\\/eldigitaldeasturias.com\\\/magazine365\\\/wp-content\\\/uploads\\\/2015\\\/06\\\/fotonoticia_20150611160631_800.jpg\",\"width\":800,\"height\":534},\"datePublished\":\"2015-06-12T01:20:47+02:00\",\"dateModified\":\"2015-06-12T01:20:47+02:00\",\"inLanguage\":\"es-ES\",\"mainEntityOfPage\":{\"@id\":\"https:\\\/\\\/eldigitaldeasturias.com\\\/magazine365\\\/verano-2015-este-verano-te-toca-andalucia\\\/#webpage\"},\"isPartOf\":{\"@id\":\"https:\\\/\\\/eldigitaldeasturias.com\\\/magazine365\\\/verano-2015-este-verano-te-toca-andalucia\\\/#webpage\"},\"articleSection\":\"Actualidad Turismo\"},{\"@type\":\"BreadcrumbList\",\"@id\":\"https:\\\/\\\/eldigitaldeasturias.com\\\/magazine365\\\/verano-2015-este-verano-te-toca-andalucia\\\/#breadcrumblist\",\"itemListElement\":[{\"@type\":\"ListItem\",\"@id\":\"https:\\\/\\\/eldigitaldeasturias.com\\\/magazine365#listItem\",\"position\":1,\"name\":\"Home\",\"item\":\"https:\\\/\\\/eldigitaldeasturias.com\\\/magazine365\",\"nextItem\":{\"@type\":\"ListItem\",\"@id\":\"https:\\\/\\\/eldigitaldeasturias.com\\\/magazine365\\\/category\\\/actualidad-turismo\\\/#listItem\",\"name\":\"Actualidad Turismo\"}},{\"@type\":\"ListItem\",\"@id\":\"https:\\\/\\\/eldigitaldeasturias.com\\\/magazine365\\\/category\\\/actualidad-turismo\\\/#listItem\",\"position\":2,\"name\":\"Actualidad Turismo\",\"item\":\"https:\\\/\\\/eldigitaldeasturias.com\\\/magazine365\\\/category\\\/actualidad-turismo\\\/\",\"nextItem\":{\"@type\":\"ListItem\",\"@id\":\"https:\\\/\\\/eldigitaldeasturias.com\\\/magazine365\\\/verano-2015-este-verano-te-toca-andalucia\\\/#listItem\",\"name\":\"Verano 2015, \\u201cEste verano, te toca Andaluc\\u00eda\\u201d\"},\"previousItem\":{\"@type\":\"ListItem\",\"@id\":\"https:\\\/\\\/eldigitaldeasturias.com\\\/magazine365#listItem\",\"name\":\"Home\"}},{\"@type\":\"ListItem\",\"@id\":\"https:\\\/\\\/eldigitaldeasturias.com\\\/magazine365\\\/verano-2015-este-verano-te-toca-andalucia\\\/#listItem\",\"position\":3,\"name\":\"Verano 2015, \\u201cEste verano, te toca Andaluc\\u00eda\\u201d\",\"previousItem\":{\"@type\":\"ListItem\",\"@id\":\"https:\\\/\\\/eldigitaldeasturias.com\\\/magazine365\\\/category\\\/actualidad-turismo\\\/#listItem\",\"name\":\"Actualidad Turismo\"}}]},{\"@type\":\"Organization\",\"@id\":\"https:\\\/\\\/eldigitaldeasturias.com\\\/magazine365\\\/#organization\",\"name\":\"El digital de Asturias\",\"description\":\"Revista de ocio, turismo y estilo de vida\",\"url\":\"https:\\\/\\\/eldigitaldeasturias.com\\\/magazine365\\\/\",\"logo\":{\"@type\":\"ImageObject\",\"url\":\"https:\\\/\\\/www.eldigitaldeasturias.com\\\/noticias\\\/wp-content\\\/uploads\\\/2020\\\/12\\\/EDA.jpg\",\"@id\":\"https:\\\/\\\/eldigitaldeasturias.com\\\/magazine365\\\/verano-2015-este-verano-te-toca-andalucia\\\/#organizationLogo\"},\"image\":{\"@id\":\"https:\\\/\\\/eldigitaldeasturias.com\\\/magazine365\\\/verano-2015-este-verano-te-toca-andalucia\\\/#organizationLogo\"}},{\"@type\":\"Person\",\"@id\":\"https:\\\/\\\/eldigitaldeasturias.com\\\/magazine365\\\/author\\\/admin\\\/#author\",\"url\":\"https:\\\/\\\/eldigitaldeasturias.com\\\/magazine365\\\/author\\\/admin\\\/\",\"name\":\"admin\",\"image\":{\"@type\":\"ImageObject\",\"@id\":\"https:\\\/\\\/eldigitaldeasturias.com\\\/magazine365\\\/verano-2015-este-verano-te-toca-andalucia\\\/#authorImage\",\"url\":\"https:\\\/\\\/eldigitaldeasturias.com\\\/magazine365\\\/wp-content\\\/litespeed\\\/avatar\\\/e571bcf59a0edd6fa6838245a470f2fe.jpg?ver=1776969259\",\"width\":96,\"height\":96,\"caption\":\"admin\"}},{\"@type\":\"WebPage\",\"@id\":\"https:\\\/\\\/eldigitaldeasturias.com\\\/magazine365\\\/verano-2015-este-verano-te-toca-andalucia\\\/#webpage\",\"url\":\"https:\\\/\\\/eldigitaldeasturias.com\\\/magazine365\\\/verano-2015-este-verano-te-toca-andalucia\\\/\",\"name\":\"Verano 2015, \\u201cEste verano, te toca Andaluc\\u00eda\\u201d | El Digital de Asturias\",\"description\":\"'Este verano, te toca Andaluc\\u00eda'. Con ese lema la Consejer\\u00eda de Turismo de la Junta pone este jueves en marcha su campa\\u00f1a de verano, que se prolongar\\u00e1 hasta el 31 de julio, en la que se realizar\\u00e1 una acci\\u00f3n novedosa: ocho j\\u00f3venes talentos espa\\u00f1oles conocer\\u00e1n los rincones de esta tierra y cuatro de ellos se\",\"inLanguage\":\"es-ES\",\"isPartOf\":{\"@id\":\"https:\\\/\\\/eldigitaldeasturias.com\\\/magazine365\\\/#website\"},\"breadcrumb\":{\"@id\":\"https:\\\/\\\/eldigitaldeasturias.com\\\/magazine365\\\/verano-2015-este-verano-te-toca-andalucia\\\/#breadcrumblist\"},\"author\":{\"@id\":\"https:\\\/\\\/eldigitaldeasturias.com\\\/magazine365\\\/author\\\/admin\\\/#author\"},\"creator\":{\"@id\":\"https:\\\/\\\/eldigitaldeasturias.com\\\/magazine365\\\/author\\\/admin\\\/#author\"},\"image\":{\"@type\":\"ImageObject\",\"url\":\"https:\\\/\\\/eldigitaldeasturias.com\\\/magazine365\\\/wp-content\\\/uploads\\\/2015\\\/06\\\/fotonoticia_20150611160631_800.jpg\",\"@id\":\"https:\\\/\\\/eldigitaldeasturias.com\\\/magazine365\\\/verano-2015-este-verano-te-toca-andalucia\\\/#mainImage\",\"width\":800,\"height\":534},\"primaryImageOfPage\":{\"@id\":\"https:\\\/\\\/eldigitaldeasturias.com\\\/magazine365\\\/verano-2015-este-verano-te-toca-andalucia\\\/#mainImage\"},\"datePublished\":\"2015-06-12T01:20:47+02:00\",\"dateModified\":\"2015-06-12T01:20:47+02:00\"},{\"@type\":\"WebSite\",\"@id\":\"https:\\\/\\\/eldigitaldeasturias.com\\\/magazine365\\\/#website\",\"url\":\"https:\\\/\\\/eldigitaldeasturias.com\\\/magazine365\\\/\",\"name\":\"El Digital de Asturias\",\"description\":\"Revista de ocio, turismo y estilo de vida\",\"inLanguage\":\"es-ES\",\"publisher\":{\"@id\":\"https:\\\/\\\/eldigitaldeasturias.com\\\/magazine365\\\/#organization\"}}]}\n\t\t<\/script>\n\t\t<!-- All in One SEO Pro -->\r\n\t\t<title>Verano 2015, \u201cEste verano, te toca Andaluc\u00eda\u201d | El Digital de Asturias<\/title>\n\n","aioseo_head_json":{"title":"Verano 2015, \u201cEste verano, te toca Andaluc\u00eda\u201d | El Digital de Asturias","description":"'Este verano, te toca Andaluc\u00eda'. Con ese lema la Consejer\u00eda de Turismo de la Junta pone este jueves en marcha su campa\u00f1a de verano, que se prolongar\u00e1 hasta el 31 de julio, en la que se realizar\u00e1 una acci\u00f3n novedosa: ocho j\u00f3venes talentos espa\u00f1oles conocer\u00e1n los rincones de esta tierra y cuatro de ellos se","canonical_url":"https:\/\/eldigitaldeasturias.com\/magazine365\/verano-2015-este-verano-te-toca-andalucia\/","robots":"max-image-preview:large","keywords":"actualidad turismo","webmasterTools":{"google-site-verification":"UA-38556648-1","miscellaneous":""},"schema":{"@context":"https:\/\/schema.org","@graph":[{"@type":"Article","@id":"https:\/\/eldigitaldeasturias.com\/magazine365\/verano-2015-este-verano-te-toca-andalucia\/#article","name":"Verano 2015, \u201cEste verano, te toca Andaluc\u00eda\u201d | El Digital de Asturias","headline":"Verano 2015, \u201cEste verano, te toca Andaluc\u00eda\u201d","author":{"@id":"https:\/\/eldigitaldeasturias.com\/magazine365\/author\/admin\/#author"},"publisher":{"@id":"https:\/\/eldigitaldeasturias.com\/magazine365\/#organization"},"image":{"@type":"ImageObject","url":"https:\/\/eldigitaldeasturias.com\/magazine365\/wp-content\/uploads\/2015\/06\/fotonoticia_20150611160631_800.jpg","width":800,"height":534},"datePublished":"2015-06-12T01:20:47+02:00","dateModified":"2015-06-12T01:20:47+02:00","inLanguage":"es-ES","mainEntityOfPage":{"@id":"https:\/\/eldigitaldeasturias.com\/magazine365\/verano-2015-este-verano-te-toca-andalucia\/#webpage"},"isPartOf":{"@id":"https:\/\/eldigitaldeasturias.com\/magazine365\/verano-2015-este-verano-te-toca-andalucia\/#webpage"},"articleSection":"Actualidad Turismo"},{"@type":"BreadcrumbList","@id":"https:\/\/eldigitaldeasturias.com\/magazine365\/verano-2015-este-verano-te-toca-andalucia\/#breadcrumblist","itemListElement":[{"@type":"ListItem","@id":"https:\/\/eldigitaldeasturias.com\/magazine365#listItem","position":1,"name":"Home","item":"https:\/\/eldigitaldeasturias.com\/magazine365","nextItem":{"@type":"ListItem","@id":"https:\/\/eldigitaldeasturias.com\/magazine365\/category\/actualidad-turismo\/#listItem","name":"Actualidad Turismo"}},{"@type":"ListItem","@id":"https:\/\/eldigitaldeasturias.com\/magazine365\/category\/actualidad-turismo\/#listItem","position":2,"name":"Actualidad Turismo","item":"https:\/\/eldigitaldeasturias.com\/magazine365\/category\/actualidad-turismo\/","nextItem":{"@type":"ListItem","@id":"https:\/\/eldigitaldeasturias.com\/magazine365\/verano-2015-este-verano-te-toca-andalucia\/#listItem","name":"Verano 2015, \u201cEste verano, te toca Andaluc\u00eda\u201d"},"previousItem":{"@type":"ListItem","@id":"https:\/\/eldigitaldeasturias.com\/magazine365#listItem","name":"Home"}},{"@type":"ListItem","@id":"https:\/\/eldigitaldeasturias.com\/magazine365\/verano-2015-este-verano-te-toca-andalucia\/#listItem","position":3,"name":"Verano 2015, \u201cEste verano, te toca Andaluc\u00eda\u201d","previousItem":{"@type":"ListItem","@id":"https:\/\/eldigitaldeasturias.com\/magazine365\/category\/actualidad-turismo\/#listItem","name":"Actualidad Turismo"}}]},{"@type":"Organization","@id":"https:\/\/eldigitaldeasturias.com\/magazine365\/#organization","name":"El digital de Asturias","description":"Revista de ocio, turismo y estilo de vida","url":"https:\/\/eldigitaldeasturias.com\/magazine365\/","logo":{"@type":"ImageObject","url":"https:\/\/www.eldigitaldeasturias.com\/noticias\/wp-content\/uploads\/2020\/12\/EDA.jpg","@id":"https:\/\/eldigitaldeasturias.com\/magazine365\/verano-2015-este-verano-te-toca-andalucia\/#organizationLogo"},"image":{"@id":"https:\/\/eldigitaldeasturias.com\/magazine365\/verano-2015-este-verano-te-toca-andalucia\/#organizationLogo"}},{"@type":"Person","@id":"https:\/\/eldigitaldeasturias.com\/magazine365\/author\/admin\/#author","url":"https:\/\/eldigitaldeasturias.com\/magazine365\/author\/admin\/","name":"admin","image":{"@type":"ImageObject","@id":"https:\/\/eldigitaldeasturias.com\/magazine365\/verano-2015-este-verano-te-toca-andalucia\/#authorImage","url":"https:\/\/eldigitaldeasturias.com\/magazine365\/wp-content\/litespeed\/avatar\/e571bcf59a0edd6fa6838245a470f2fe.jpg?ver=1776969259","width":96,"height":96,"caption":"admin"}},{"@type":"WebPage","@id":"https:\/\/eldigitaldeasturias.com\/magazine365\/verano-2015-este-verano-te-toca-andalucia\/#webpage","url":"https:\/\/eldigitaldeasturias.com\/magazine365\/verano-2015-este-verano-te-toca-andalucia\/","name":"Verano 2015, \u201cEste verano, te toca Andaluc\u00eda\u201d | El Digital de Asturias","description":"'Este verano, te toca Andaluc\u00eda'. Con ese lema la Consejer\u00eda de Turismo de la Junta pone este jueves en marcha su campa\u00f1a de verano, que se prolongar\u00e1 hasta el 31 de julio, en la que se realizar\u00e1 una acci\u00f3n novedosa: ocho j\u00f3venes talentos espa\u00f1oles conocer\u00e1n los rincones de esta tierra y cuatro de ellos se","inLanguage":"es-ES","isPartOf":{"@id":"https:\/\/eldigitaldeasturias.com\/magazine365\/#website"},"breadcrumb":{"@id":"https:\/\/eldigitaldeasturias.com\/magazine365\/verano-2015-este-verano-te-toca-andalucia\/#breadcrumblist"},"author":{"@id":"https:\/\/eldigitaldeasturias.com\/magazine365\/author\/admin\/#author"},"creator":{"@id":"https:\/\/eldigitaldeasturias.com\/magazine365\/author\/admin\/#author"},"image":{"@type":"ImageObject","url":"https:\/\/eldigitaldeasturias.com\/magazine365\/wp-content\/uploads\/2015\/06\/fotonoticia_20150611160631_800.jpg","@id":"https:\/\/eldigitaldeasturias.com\/magazine365\/verano-2015-este-verano-te-toca-andalucia\/#mainImage","width":800,"height":534},"primaryImageOfPage":{"@id":"https:\/\/eldigitaldeasturias.com\/magazine365\/verano-2015-este-verano-te-toca-andalucia\/#mainImage"},"datePublished":"2015-06-12T01:20:47+02:00","dateModified":"2015-06-12T01:20:47+02:00"},{"@type":"WebSite","@id":"https:\/\/eldigitaldeasturias.com\/magazine365\/#website","url":"https:\/\/eldigitaldeasturias.com\/magazine365\/","name":"El Digital de Asturias","description":"Revista de ocio, turismo y estilo de vida","inLanguage":"es-ES","publisher":{"@id":"https:\/\/eldigitaldeasturias.com\/magazine365\/#organization"}}]},"og:locale":"es_ES","og:site_name":"El Digital de Asturias \u2013 Revista de ocio, turismo y estilo de vida","og:type":"article","og:title":"Verano 2015, \u201cEste verano, te toca Andaluc\u00eda\u201d | El Digital de Asturias","og:description":"'Este verano, te toca Andaluc\u00eda'. Con ese lema la Consejer\u00eda de Turismo de la Junta pone este jueves en marcha su campa\u00f1a de verano, que se prolongar\u00e1 hasta el 31 de julio, en la que se realizar\u00e1 una acci\u00f3n novedosa: ocho j\u00f3venes talentos espa\u00f1oles conocer\u00e1n los rincones de esta tierra y cuatro de ellos se","og:url":"https:\/\/eldigitaldeasturias.com\/magazine365\/verano-2015-este-verano-te-toca-andalucia\/","og:image":"https:\/\/eldigitaldeasturias.com\/magazine365\/wp-content\/uploads\/2015\/06\/fotonoticia_20150611160631_800.jpg","og:image:secure_url":"https:\/\/eldigitaldeasturias.com\/magazine365\/wp-content\/uploads\/2015\/06\/fotonoticia_20150611160631_800.jpg","og:image:width":800,"og:image:height":534,"article:published_time":"2015-06-11T23:50:47+00:00","article:modified_time":"2015-06-11T23:50:47+00:00","twitter:card":"summary_large_image","twitter:title":"Verano 2015, \u201cEste verano, te toca Andaluc\u00eda\u201d | El Digital de Asturias","twitter:description":"'Este verano, te toca Andaluc\u00eda'. Con ese lema la Consejer\u00eda de Turismo de la Junta pone este jueves en marcha su campa\u00f1a de verano, que se prolongar\u00e1 hasta el 31 de julio, en la que se realizar\u00e1 una acci\u00f3n novedosa: ocho j\u00f3venes talentos espa\u00f1oles conocer\u00e1n los rincones de esta tierra y cuatro de ellos se","twitter:image":"https:\/\/eldigitaldeasturias.com\/magazine365\/wp-content\/uploads\/2015\/06\/fotonoticia_20150611160631_800.jpg"},"aioseo_meta_data":{"post_id":"39630","title":null,"description":null,"keywords":null,"keyphrases":null,"primary_term":null,"canonical_url":null,"og_title":null,"og_description":null,"og_object_type":"default","og_image_type":"default","og_image_url":null,"og_image_width":null,"og_image_height":null,"og_image_custom_url":null,"og_image_custom_fields":null,"og_video":null,"og_custom_url":null,"og_article_section":null,"og_article_tags":null,"twitter_use_og":false,"twitter_card":"default","twitter_image_type":"default","twitter_image_url":null,"twitter_image_custom_url":null,"twitter_image_custom_fields":null,"twitter_title":null,"twitter_description":null,"schema":{"blockGraphs":[],"customGraphs":[],"default":{"data":{"Article":[],"Course":[],"Dataset":[],"FAQPage":[],"Movie":[],"Person":[],"Product":[],"ProductReview":[],"Car":[],"Recipe":[],"Service":[],"SoftwareApplication":[],"WebPage":[]},"graphName":"","isEnabled":true},"graphs":[],"defaultGraph":"","defaultPostTypeGraph":""},"schema_type":null,"schema_type_options":null,"pillar_content":false,"robots_default":true,"robots_noindex":false,"robots_noarchive":false,"robots_nosnippet":false,"robots_nofollow":false,"robots_noimageindex":false,"robots_noodp":false,"robots_notranslate":false,"robots_max_snippet":null,"robots_max_videopreview":null,"robots_max_imagepreview":"large","priority":null,"frequency":null,"location":null,"local_seo":null,"seo_analyzer_scan_date":"2025-09-19 12:01:12","breadcrumb_settings":null,"limit_modified_date":false,"open_ai":null,"ai":null,"created":"2021-03-09 02:38:52","updated":"2025-09-19 12:01:12"},"aioseo_breadcrumb":"<div class=\"aioseo-breadcrumbs\"><span class=\"aioseo-breadcrumb\">\n\t<a href=\"https:\/\/eldigitaldeasturias.com\/magazine365\" title=\"Home\">Home<\/a>\n<\/span><span class=\"aioseo-breadcrumb-separator\">\u2013<\/span><span class=\"aioseo-breadcrumb\">\n\t<a href=\"https:\/\/eldigitaldeasturias.com\/magazine365\/category\/actualidad-turismo\/\" title=\"Actualidad Turismo\">Actualidad Turismo<\/a>\n<\/span><span class=\"aioseo-breadcrumb-separator\">\u2013<\/span><span class=\"aioseo-breadcrumb\">\n\t<a href=\"https:\/\/eldigitaldeasturias.com\/magazine365\/verano-2015-este-verano-te-toca-andalucia\/\" title=\"Verano 2015, \u201cEste verano, te toca Andaluc\u00eda\u201d\">Verano 2015, \u201cEste verano, te toca Andaluc\u00eda\u201d<\/a>\n<\/span><\/div>","aioseo_breadcrumb_json":[{"label":"Home","link":"https:\/\/eldigitaldeasturias.com\/magazine365"},{"label":"Actualidad Turismo","link":"https:\/\/eldigitaldeasturias.com\/magazine365\/category\/actualidad-turismo\/"},{"label":"Verano 2015, \u201cEste verano, te toca Andaluc\u00eda\u201d","link":"https:\/\/eldigitaldeasturias.com\/magazine365\/verano-2015-este-verano-te-toca-andalucia\/"}],"_links":{"self":[{"href":"https:\/\/eldigitaldeasturias.com\/magazine365\/wp-json\/wp\/v2\/posts\/39630","targetHints":{"allow":["GET"]}}],"collection":[{"href":"https:\/\/eldigitaldeasturias.com\/magazine365\/wp-json\/wp\/v2\/posts"}],"about":[{"href":"https:\/\/eldigitaldeasturias.com\/magazine365\/wp-json\/wp\/v2\/types\/post"}],"author":[{"embeddable":true,"href":"https:\/\/eldigitaldeasturias.com\/magazine365\/wp-json\/wp\/v2\/users\/1"}],"replies":[{"embeddable":true,"href":"https:\/\/eldigitaldeasturias.com\/magazine365\/wp-json\/wp\/v2\/comments?post=39630"}],"version-history":[{"count":0,"href":"https:\/\/eldigitaldeasturias.com\/magazine365\/wp-json\/wp\/v2\/posts\/39630\/revisions"}],"wp:featuredmedia":[{"embeddable":true,"href":"https:\/\/eldigitaldeasturias.com\/magazine365\/wp-json\/wp\/v2\/media\/39631"}],"wp:attachment":[{"href":"https:\/\/eldigitaldeasturias.com\/magazine365\/wp-json\/wp\/v2\/media?parent=39630"}],"wp:term":[{"taxonomy":"category","embeddable":true,"href":"https:\/\/eldigitaldeasturias.com\/magazine365\/wp-json\/wp\/v2\/categories?post=39630"},{"taxonomy":"post_tag","embeddable":true,"href":"https:\/\/eldigitaldeasturias.com\/magazine365\/wp-json\/wp\/v2\/tags?post=39630"}],"curies":[{"name":"wp","href":"https:\/\/api.w.org\/{rel}","templated":true}]}}