{"id":39627,"date":"2015-06-12T01:18:03","date_gmt":"2015-06-11T23:48:03","guid":{"rendered":"http:\/\/eldigitaldeasturias.com\/magazine365\/?p=39627"},"modified":"2015-06-12T01:18:03","modified_gmt":"2015-06-11T23:48:03","slug":"la-xunta-limita-el-aforo-de-la-playa-de-as-catedrais","status":"publish","type":"post","link":"https:\/\/eldigitaldeasturias.com\/magazine365\/la-xunta-limita-el-aforo-de-la-playa-de-as-catedrais\/","title":{"rendered":"La Xunta limita el aforo de la playa de &#8216;As Catedrais&#8217;"},"content":{"rendered":"<p><img fetchpriority=\"high\" decoding=\"async\" class=\"alignleft size-medium wp-image-39628\" src=\"https:\/\/eldigitaldeasturias.com\/magazine365\/wp-content\/uploads\/2015\/06\/fotonoticia_20150611160418_800-360x270.jpg\" alt=\"fotonoticia_20150611160418_800\" width=\"360\" height=\"270\" srcset=\"https:\/\/eldigitaldeasturias.com\/magazine365\/wp-content\/uploads\/2015\/06\/fotonoticia_20150611160418_800-360x270.jpg 360w, https:\/\/eldigitaldeasturias.com\/magazine365\/wp-content\/uploads\/2015\/06\/fotonoticia_20150611160418_800-650x488.jpg 650w, https:\/\/eldigitaldeasturias.com\/magazine365\/wp-content\/uploads\/2015\/06\/fotonoticia_20150611160418_800-768x576.jpg 768w, https:\/\/eldigitaldeasturias.com\/magazine365\/wp-content\/uploads\/2015\/06\/fotonoticia_20150611160418_800-150x113.jpg 150w, https:\/\/eldigitaldeasturias.com\/magazine365\/wp-content\/uploads\/2015\/06\/fotonoticia_20150611160418_800-450x338.jpg 450w, https:\/\/eldigitaldeasturias.com\/magazine365\/wp-content\/uploads\/2015\/06\/fotonoticia_20150611160418_800-80x60.jpg 80w, https:\/\/eldigitaldeasturias.com\/magazine365\/wp-content\/uploads\/2015\/06\/fotonoticia_20150611160418_800-265x198.jpg 265w, https:\/\/eldigitaldeasturias.com\/magazine365\/wp-content\/uploads\/2015\/06\/fotonoticia_20150611160418_800-696x522.jpg 696w, https:\/\/eldigitaldeasturias.com\/magazine365\/wp-content\/uploads\/2015\/06\/fotonoticia_20150611160418_800-560x420.jpg 560w, https:\/\/eldigitaldeasturias.com\/magazine365\/wp-content\/uploads\/2015\/06\/fotonoticia_20150611160418_800-90x67.jpg 90w, https:\/\/eldigitaldeasturias.com\/magazine365\/wp-content\/uploads\/2015\/06\/fotonoticia_20150611160418_800-100x75.jpg 100w, https:\/\/eldigitaldeasturias.com\/magazine365\/wp-content\/uploads\/2015\/06\/fotonoticia_20150611160418_800.jpg 800w\" sizes=\"(max-width: 360px) 100vw, 360px\" \/>El Consejo de la Xunta ha dado luz verde este jueves al primer plan de conservaci\u00f3n integral de la playa de As Catedrais, ubicada en el municipio lucense de Ribadeo, que incluye medidas como la limitaci\u00f3n del aforo simult\u00e1neo a 4.812 personas para as\u00ed evitar la \u00abdegradaci\u00f3n\u00bb del \u00abmonumento natural\u00bb.<\/p>\n<p>De ello ha dado cuenta el presidente gallego en rueda de prensa al t\u00e9rmino de la reuni\u00f3n semanal con su gabinete, y ha explicado que la pretensi\u00f3n es conjugar \u00abel uso p\u00fablico de la playa\u00bb y su desarrollo tur\u00edstico con la \u00abconservaci\u00f3n\u00bb.<\/p>\n<p>Y es que, como ha destacado, \u00abno es s\u00f3lo una de las playas m\u00e1s hermosas\u00bb, sino que \u00abes un sitio \u00fanico\u00bb que, adem\u00e1s, est\u00e1 protegido como \u00abmonumento natural\u00bb y como sitio de inter\u00e9s geol\u00f3gico, forma parte de la Red Natura 2000 y tambi\u00e9n de la Reserva de la Biosfera del R\u00edo Eo, Oscos y Terras de Bur\u00f3n.<\/p>\n<p>Por tanto, tras recibir advertencias de las sociedades de conservaci\u00f3n sobre su \u00abdegradaci\u00f3n paulatina\u00bb, Feij\u00f3o ha subrayado que la Xunta ha decidido aprobar un plan para garantizar que esta playa \u00abse mantenga a lo largo del tiempo\u00bb.<\/p>\n<p>ENTRADA GRATUITA<\/p>\n<p>En cuanto a la decisi\u00f3n de fijar en 4.812 el n\u00famero de personas que podr\u00e1 estar al mismo tiempo en la playa, ha indicado que se trata de una propuesta de los expertos en la materia y ha dado por hecho que no supondr\u00e1 dificultades en el acceso, toda vez que en Semana Santa la media de visitas se situ\u00f3 en torno a las 3.000 diarias.<\/p>\n<p>Dicho esto, ha precisado que los accesos se repartir\u00e1n entre los que se podr\u00e1n descargar de la p\u00e1gina web de la Xunta &#8211;un m\u00e1ximo de 30 por persona&#8211;, las asociaciones de hosteleros y comerciantes de la zona y tambi\u00e9n las agencias de viaje.<\/p>\n<p>En este punto, al ser preguntado al respecto, ha enfatizado que la bajada al arenal es gratuita, puesto que la propia legislaci\u00f3n estatal establece que \u00abnadie puede cobrar a nadie por entrar en una playa en Espa\u00f1a\u00bb. \u00abSi alguien cobra ser\u00e1 denunciable\u00bb, ha aseverado Feij\u00f3o.<\/p>\n<p>INVENTARIO<\/p>\n<p>Dentro del plan de conservaci\u00f3n integral de esta playa, la Xunta realizar\u00e1 un inventario de su biodiversidad y se trabajar\u00e1 para suprimir las especies invasoras y conservar los h\u00e1bitats de la zona.<\/p>\n<p>Asimismo, se pondr\u00e1n en marcha actuaciones de mejora paisaj\u00edstica, a trav\u00e9s de la homogeneizaci\u00f3n de los equipamientos instalados o futuros de los distintos organismos, se recuperar\u00e1 la toponimia original, se ordenar\u00e1n los accesos y los aparcamientos y tambi\u00e9n se regular\u00e1 la venta ambulante.<\/p>\n<p>Entre otras medidas, Feij\u00f3o ha detallado que tambi\u00e9n se promocionar\u00e1 la llegada a la playa en medios de transporte alternativos al coche y se fomentar\u00e1 el conocimiento y la implicaci\u00f3n de toda la sociedad en la conservaci\u00f3n de este monumento natural.<\/p>\n","protected":false},"excerpt":{"rendered":"<p>El Consejo de la Xunta ha dado luz verde este jueves al primer plan de conservaci\u00f3n integral de la playa de As Catedrais, ubicada en el municipio lucense de Ribadeo, que incluye medidas como la limitaci\u00f3n del aforo simult\u00e1neo a 4.812 personas para as\u00ed evitar la \u00abdegradaci\u00f3n\u00bb del \u00abmonumento natural\u00bb. De ello ha dado cuenta<\/p>\n","protected":false},"author":1,"featured_media":39628,"comment_status":"open","ping_status":"closed","sticky":false,"template":"","format":"standard","meta":{"footnotes":""},"categories":[222],"tags":[],"class_list":{"0":"post-39627","1":"post","2":"type-post","3":"status-publish","4":"format-standard","5":"has-post-thumbnail","7":"category-actualidad-turismo"},"aioseo_notices":[],"aioseo_head":"\n\t\t<!-- All in One SEO Pro 4.9.6.1 - aioseo.com -->\n\t<meta name=\"description\" content=\"El Consejo de la Xunta ha dado luz verde este jueves al primer plan de conservaci\u00f3n integral de la playa de As Catedrais, ubicada en el municipio lucense de Ribadeo, que incluye medidas como la limitaci\u00f3n del aforo simult\u00e1neo a 4.812 personas para as\u00ed evitar la &quot;degradaci\u00f3n&quot; del &quot;monumento natural&quot;. De ello ha dado cuenta\" \/>\n\t<meta name=\"robots\" content=\"max-image-preview:large\" \/>\n\t<meta name=\"author\" content=\"admin\"\/>\n\t<meta name=\"google-site-verification\" content=\"UA-38556648-1\" \/>\n\t<meta name=\"keywords\" content=\"actualidad turismo\" \/>\n\t<link rel=\"canonical\" href=\"https:\/\/eldigitaldeasturias.com\/magazine365\/la-xunta-limita-el-aforo-de-la-playa-de-as-catedrais\/\" \/>\n\t<meta name=\"generator\" content=\"All in One SEO Pro (AIOSEO) 4.9.6.1\" \/>\n\t\t<meta property=\"og:locale\" content=\"es_ES\" \/>\n\t\t<meta property=\"og:site_name\" content=\"El Digital de Asturias \u2013 Revista de ocio, turismo y estilo de vida\" \/>\n\t\t<meta property=\"og:type\" content=\"article\" \/>\n\t\t<meta property=\"og:title\" content=\"La Xunta limita el aforo de la playa de \u2018As Catedrais\u2019 | El Digital de Asturias\" \/>\n\t\t<meta property=\"og:description\" content=\"El Consejo de la Xunta ha dado luz verde este jueves al primer plan de conservaci\u00f3n integral de la playa de As Catedrais, ubicada en el municipio lucense de Ribadeo, que incluye medidas como la limitaci\u00f3n del aforo simult\u00e1neo a 4.812 personas para as\u00ed evitar la &quot;degradaci\u00f3n&quot; del &quot;monumento natural&quot;. De ello ha dado cuenta\" \/>\n\t\t<meta property=\"og:url\" content=\"https:\/\/eldigitaldeasturias.com\/magazine365\/la-xunta-limita-el-aforo-de-la-playa-de-as-catedrais\/\" \/>\n\t\t<meta property=\"og:image\" content=\"https:\/\/eldigitaldeasturias.com\/magazine365\/wp-content\/uploads\/2015\/06\/fotonoticia_20150611160418_800.jpg\" \/>\n\t\t<meta property=\"og:image:secure_url\" content=\"https:\/\/eldigitaldeasturias.com\/magazine365\/wp-content\/uploads\/2015\/06\/fotonoticia_20150611160418_800.jpg\" \/>\n\t\t<meta property=\"og:image:width\" content=\"800\" \/>\n\t\t<meta property=\"og:image:height\" content=\"600\" \/>\n\t\t<meta property=\"article:published_time\" content=\"2015-06-11T23:48:03+00:00\" \/>\n\t\t<meta property=\"article:modified_time\" content=\"2015-06-11T23:48:03+00:00\" \/>\n\t\t<meta name=\"twitter:card\" content=\"summary_large_image\" \/>\n\t\t<meta name=\"twitter:title\" content=\"La Xunta limita el aforo de la playa de \u2018As Catedrais\u2019 | El Digital de Asturias\" \/>\n\t\t<meta name=\"twitter:description\" content=\"El Consejo de la Xunta ha dado luz verde este jueves al primer plan de conservaci\u00f3n integral de la playa de As Catedrais, ubicada en el municipio lucense de Ribadeo, que incluye medidas como la limitaci\u00f3n del aforo simult\u00e1neo a 4.812 personas para as\u00ed evitar la &quot;degradaci\u00f3n&quot; del &quot;monumento natural&quot;. De ello ha dado cuenta\" \/>\n\t\t<meta name=\"twitter:image\" content=\"https:\/\/eldigitaldeasturias.com\/magazine365\/wp-content\/uploads\/2015\/06\/fotonoticia_20150611160418_800.jpg\" \/>\n\t\t<script type=\"application\/ld+json\" class=\"aioseo-schema\">\n\t\t\t{\"@context\":\"https:\\\/\\\/schema.org\",\"@graph\":[{\"@type\":\"Article\",\"@id\":\"https:\\\/\\\/eldigitaldeasturias.com\\\/magazine365\\\/la-xunta-limita-el-aforo-de-la-playa-de-as-catedrais\\\/#article\",\"name\":\"La Xunta limita el aforo de la playa de \\u2018As Catedrais\\u2019 | El Digital de Asturias\",\"headline\":\"La Xunta limita el aforo de la playa de &#8216;As Catedrais&#8217;\",\"author\":{\"@id\":\"https:\\\/\\\/eldigitaldeasturias.com\\\/magazine365\\\/author\\\/admin\\\/#author\"},\"publisher\":{\"@id\":\"https:\\\/\\\/eldigitaldeasturias.com\\\/magazine365\\\/#organization\"},\"image\":{\"@type\":\"ImageObject\",\"url\":\"https:\\\/\\\/eldigitaldeasturias.com\\\/magazine365\\\/wp-content\\\/uploads\\\/2015\\\/06\\\/fotonoticia_20150611160418_800.jpg\",\"width\":800,\"height\":600},\"datePublished\":\"2015-06-12T01:18:03+02:00\",\"dateModified\":\"2015-06-12T01:18:03+02:00\",\"inLanguage\":\"es-ES\",\"mainEntityOfPage\":{\"@id\":\"https:\\\/\\\/eldigitaldeasturias.com\\\/magazine365\\\/la-xunta-limita-el-aforo-de-la-playa-de-as-catedrais\\\/#webpage\"},\"isPartOf\":{\"@id\":\"https:\\\/\\\/eldigitaldeasturias.com\\\/magazine365\\\/la-xunta-limita-el-aforo-de-la-playa-de-as-catedrais\\\/#webpage\"},\"articleSection\":\"Actualidad Turismo\"},{\"@type\":\"BreadcrumbList\",\"@id\":\"https:\\\/\\\/eldigitaldeasturias.com\\\/magazine365\\\/la-xunta-limita-el-aforo-de-la-playa-de-as-catedrais\\\/#breadcrumblist\",\"itemListElement\":[{\"@type\":\"ListItem\",\"@id\":\"https:\\\/\\\/eldigitaldeasturias.com\\\/magazine365#listItem\",\"position\":1,\"name\":\"Home\",\"item\":\"https:\\\/\\\/eldigitaldeasturias.com\\\/magazine365\",\"nextItem\":{\"@type\":\"ListItem\",\"@id\":\"https:\\\/\\\/eldigitaldeasturias.com\\\/magazine365\\\/category\\\/actualidad-turismo\\\/#listItem\",\"name\":\"Actualidad Turismo\"}},{\"@type\":\"ListItem\",\"@id\":\"https:\\\/\\\/eldigitaldeasturias.com\\\/magazine365\\\/category\\\/actualidad-turismo\\\/#listItem\",\"position\":2,\"name\":\"Actualidad Turismo\",\"item\":\"https:\\\/\\\/eldigitaldeasturias.com\\\/magazine365\\\/category\\\/actualidad-turismo\\\/\",\"nextItem\":{\"@type\":\"ListItem\",\"@id\":\"https:\\\/\\\/eldigitaldeasturias.com\\\/magazine365\\\/la-xunta-limita-el-aforo-de-la-playa-de-as-catedrais\\\/#listItem\",\"name\":\"La Xunta limita el aforo de la playa de &#8216;As Catedrais&#8217;\"},\"previousItem\":{\"@type\":\"ListItem\",\"@id\":\"https:\\\/\\\/eldigitaldeasturias.com\\\/magazine365#listItem\",\"name\":\"Home\"}},{\"@type\":\"ListItem\",\"@id\":\"https:\\\/\\\/eldigitaldeasturias.com\\\/magazine365\\\/la-xunta-limita-el-aforo-de-la-playa-de-as-catedrais\\\/#listItem\",\"position\":3,\"name\":\"La Xunta limita el aforo de la playa de &#8216;As Catedrais&#8217;\",\"previousItem\":{\"@type\":\"ListItem\",\"@id\":\"https:\\\/\\\/eldigitaldeasturias.com\\\/magazine365\\\/category\\\/actualidad-turismo\\\/#listItem\",\"name\":\"Actualidad Turismo\"}}]},{\"@type\":\"Organization\",\"@id\":\"https:\\\/\\\/eldigitaldeasturias.com\\\/magazine365\\\/#organization\",\"name\":\"El digital de Asturias\",\"description\":\"Revista de ocio, turismo y estilo de vida\",\"url\":\"https:\\\/\\\/eldigitaldeasturias.com\\\/magazine365\\\/\",\"logo\":{\"@type\":\"ImageObject\",\"url\":\"https:\\\/\\\/www.eldigitaldeasturias.com\\\/noticias\\\/wp-content\\\/uploads\\\/2020\\\/12\\\/EDA.jpg\",\"@id\":\"https:\\\/\\\/eldigitaldeasturias.com\\\/magazine365\\\/la-xunta-limita-el-aforo-de-la-playa-de-as-catedrais\\\/#organizationLogo\"},\"image\":{\"@id\":\"https:\\\/\\\/eldigitaldeasturias.com\\\/magazine365\\\/la-xunta-limita-el-aforo-de-la-playa-de-as-catedrais\\\/#organizationLogo\"}},{\"@type\":\"Person\",\"@id\":\"https:\\\/\\\/eldigitaldeasturias.com\\\/magazine365\\\/author\\\/admin\\\/#author\",\"url\":\"https:\\\/\\\/eldigitaldeasturias.com\\\/magazine365\\\/author\\\/admin\\\/\",\"name\":\"admin\",\"image\":{\"@type\":\"ImageObject\",\"@id\":\"https:\\\/\\\/eldigitaldeasturias.com\\\/magazine365\\\/la-xunta-limita-el-aforo-de-la-playa-de-as-catedrais\\\/#authorImage\",\"url\":\"https:\\\/\\\/eldigitaldeasturias.com\\\/magazine365\\\/wp-content\\\/litespeed\\\/avatar\\\/e571bcf59a0edd6fa6838245a470f2fe.jpg?ver=1776969259\",\"width\":96,\"height\":96,\"caption\":\"admin\"}},{\"@type\":\"WebPage\",\"@id\":\"https:\\\/\\\/eldigitaldeasturias.com\\\/magazine365\\\/la-xunta-limita-el-aforo-de-la-playa-de-as-catedrais\\\/#webpage\",\"url\":\"https:\\\/\\\/eldigitaldeasturias.com\\\/magazine365\\\/la-xunta-limita-el-aforo-de-la-playa-de-as-catedrais\\\/\",\"name\":\"La Xunta limita el aforo de la playa de \\u2018As Catedrais\\u2019 | El Digital de Asturias\",\"description\":\"El Consejo de la Xunta ha dado luz verde este jueves al primer plan de conservaci\\u00f3n integral de la playa de As Catedrais, ubicada en el municipio lucense de Ribadeo, que incluye medidas como la limitaci\\u00f3n del aforo simult\\u00e1neo a 4.812 personas para as\\u00ed evitar la \\\"degradaci\\u00f3n\\\" del \\\"monumento natural\\\". De ello ha dado cuenta\",\"inLanguage\":\"es-ES\",\"isPartOf\":{\"@id\":\"https:\\\/\\\/eldigitaldeasturias.com\\\/magazine365\\\/#website\"},\"breadcrumb\":{\"@id\":\"https:\\\/\\\/eldigitaldeasturias.com\\\/magazine365\\\/la-xunta-limita-el-aforo-de-la-playa-de-as-catedrais\\\/#breadcrumblist\"},\"author\":{\"@id\":\"https:\\\/\\\/eldigitaldeasturias.com\\\/magazine365\\\/author\\\/admin\\\/#author\"},\"creator\":{\"@id\":\"https:\\\/\\\/eldigitaldeasturias.com\\\/magazine365\\\/author\\\/admin\\\/#author\"},\"image\":{\"@type\":\"ImageObject\",\"url\":\"https:\\\/\\\/eldigitaldeasturias.com\\\/magazine365\\\/wp-content\\\/uploads\\\/2015\\\/06\\\/fotonoticia_20150611160418_800.jpg\",\"@id\":\"https:\\\/\\\/eldigitaldeasturias.com\\\/magazine365\\\/la-xunta-limita-el-aforo-de-la-playa-de-as-catedrais\\\/#mainImage\",\"width\":800,\"height\":600},\"primaryImageOfPage\":{\"@id\":\"https:\\\/\\\/eldigitaldeasturias.com\\\/magazine365\\\/la-xunta-limita-el-aforo-de-la-playa-de-as-catedrais\\\/#mainImage\"},\"datePublished\":\"2015-06-12T01:18:03+02:00\",\"dateModified\":\"2015-06-12T01:18:03+02:00\"},{\"@type\":\"WebSite\",\"@id\":\"https:\\\/\\\/eldigitaldeasturias.com\\\/magazine365\\\/#website\",\"url\":\"https:\\\/\\\/eldigitaldeasturias.com\\\/magazine365\\\/\",\"name\":\"El Digital de Asturias\",\"description\":\"Revista de ocio, turismo y estilo de vida\",\"inLanguage\":\"es-ES\",\"publisher\":{\"@id\":\"https:\\\/\\\/eldigitaldeasturias.com\\\/magazine365\\\/#organization\"}}]}\n\t\t<\/script>\n\t\t<!-- All in One SEO Pro -->\r\n\t\t<title>La Xunta limita el aforo de la playa de \u2018As Catedrais\u2019 | El Digital de Asturias<\/title>\n\n","aioseo_head_json":{"title":"La Xunta limita el aforo de la playa de \u2018As Catedrais\u2019 | El Digital de Asturias","description":"El Consejo de la Xunta ha dado luz verde este jueves al primer plan de conservaci\u00f3n integral de la playa de As Catedrais, ubicada en el municipio lucense de Ribadeo, que incluye medidas como la limitaci\u00f3n del aforo simult\u00e1neo a 4.812 personas para as\u00ed evitar la \"degradaci\u00f3n\" del \"monumento natural\". De ello ha dado cuenta","canonical_url":"https:\/\/eldigitaldeasturias.com\/magazine365\/la-xunta-limita-el-aforo-de-la-playa-de-as-catedrais\/","robots":"max-image-preview:large","keywords":"actualidad turismo","webmasterTools":{"google-site-verification":"UA-38556648-1","miscellaneous":""},"schema":{"@context":"https:\/\/schema.org","@graph":[{"@type":"Article","@id":"https:\/\/eldigitaldeasturias.com\/magazine365\/la-xunta-limita-el-aforo-de-la-playa-de-as-catedrais\/#article","name":"La Xunta limita el aforo de la playa de \u2018As Catedrais\u2019 | El Digital de Asturias","headline":"La Xunta limita el aforo de la playa de &#8216;As Catedrais&#8217;","author":{"@id":"https:\/\/eldigitaldeasturias.com\/magazine365\/author\/admin\/#author"},"publisher":{"@id":"https:\/\/eldigitaldeasturias.com\/magazine365\/#organization"},"image":{"@type":"ImageObject","url":"https:\/\/eldigitaldeasturias.com\/magazine365\/wp-content\/uploads\/2015\/06\/fotonoticia_20150611160418_800.jpg","width":800,"height":600},"datePublished":"2015-06-12T01:18:03+02:00","dateModified":"2015-06-12T01:18:03+02:00","inLanguage":"es-ES","mainEntityOfPage":{"@id":"https:\/\/eldigitaldeasturias.com\/magazine365\/la-xunta-limita-el-aforo-de-la-playa-de-as-catedrais\/#webpage"},"isPartOf":{"@id":"https:\/\/eldigitaldeasturias.com\/magazine365\/la-xunta-limita-el-aforo-de-la-playa-de-as-catedrais\/#webpage"},"articleSection":"Actualidad Turismo"},{"@type":"BreadcrumbList","@id":"https:\/\/eldigitaldeasturias.com\/magazine365\/la-xunta-limita-el-aforo-de-la-playa-de-as-catedrais\/#breadcrumblist","itemListElement":[{"@type":"ListItem","@id":"https:\/\/eldigitaldeasturias.com\/magazine365#listItem","position":1,"name":"Home","item":"https:\/\/eldigitaldeasturias.com\/magazine365","nextItem":{"@type":"ListItem","@id":"https:\/\/eldigitaldeasturias.com\/magazine365\/category\/actualidad-turismo\/#listItem","name":"Actualidad Turismo"}},{"@type":"ListItem","@id":"https:\/\/eldigitaldeasturias.com\/magazine365\/category\/actualidad-turismo\/#listItem","position":2,"name":"Actualidad Turismo","item":"https:\/\/eldigitaldeasturias.com\/magazine365\/category\/actualidad-turismo\/","nextItem":{"@type":"ListItem","@id":"https:\/\/eldigitaldeasturias.com\/magazine365\/la-xunta-limita-el-aforo-de-la-playa-de-as-catedrais\/#listItem","name":"La Xunta limita el aforo de la playa de &#8216;As Catedrais&#8217;"},"previousItem":{"@type":"ListItem","@id":"https:\/\/eldigitaldeasturias.com\/magazine365#listItem","name":"Home"}},{"@type":"ListItem","@id":"https:\/\/eldigitaldeasturias.com\/magazine365\/la-xunta-limita-el-aforo-de-la-playa-de-as-catedrais\/#listItem","position":3,"name":"La Xunta limita el aforo de la playa de &#8216;As Catedrais&#8217;","previousItem":{"@type":"ListItem","@id":"https:\/\/eldigitaldeasturias.com\/magazine365\/category\/actualidad-turismo\/#listItem","name":"Actualidad Turismo"}}]},{"@type":"Organization","@id":"https:\/\/eldigitaldeasturias.com\/magazine365\/#organization","name":"El digital de Asturias","description":"Revista de ocio, turismo y estilo de vida","url":"https:\/\/eldigitaldeasturias.com\/magazine365\/","logo":{"@type":"ImageObject","url":"https:\/\/www.eldigitaldeasturias.com\/noticias\/wp-content\/uploads\/2020\/12\/EDA.jpg","@id":"https:\/\/eldigitaldeasturias.com\/magazine365\/la-xunta-limita-el-aforo-de-la-playa-de-as-catedrais\/#organizationLogo"},"image":{"@id":"https:\/\/eldigitaldeasturias.com\/magazine365\/la-xunta-limita-el-aforo-de-la-playa-de-as-catedrais\/#organizationLogo"}},{"@type":"Person","@id":"https:\/\/eldigitaldeasturias.com\/magazine365\/author\/admin\/#author","url":"https:\/\/eldigitaldeasturias.com\/magazine365\/author\/admin\/","name":"admin","image":{"@type":"ImageObject","@id":"https:\/\/eldigitaldeasturias.com\/magazine365\/la-xunta-limita-el-aforo-de-la-playa-de-as-catedrais\/#authorImage","url":"https:\/\/eldigitaldeasturias.com\/magazine365\/wp-content\/litespeed\/avatar\/e571bcf59a0edd6fa6838245a470f2fe.jpg?ver=1776969259","width":96,"height":96,"caption":"admin"}},{"@type":"WebPage","@id":"https:\/\/eldigitaldeasturias.com\/magazine365\/la-xunta-limita-el-aforo-de-la-playa-de-as-catedrais\/#webpage","url":"https:\/\/eldigitaldeasturias.com\/magazine365\/la-xunta-limita-el-aforo-de-la-playa-de-as-catedrais\/","name":"La Xunta limita el aforo de la playa de \u2018As Catedrais\u2019 | El Digital de Asturias","description":"El Consejo de la Xunta ha dado luz verde este jueves al primer plan de conservaci\u00f3n integral de la playa de As Catedrais, ubicada en el municipio lucense de Ribadeo, que incluye medidas como la limitaci\u00f3n del aforo simult\u00e1neo a 4.812 personas para as\u00ed evitar la \"degradaci\u00f3n\" del \"monumento natural\". De ello ha dado cuenta","inLanguage":"es-ES","isPartOf":{"@id":"https:\/\/eldigitaldeasturias.com\/magazine365\/#website"},"breadcrumb":{"@id":"https:\/\/eldigitaldeasturias.com\/magazine365\/la-xunta-limita-el-aforo-de-la-playa-de-as-catedrais\/#breadcrumblist"},"author":{"@id":"https:\/\/eldigitaldeasturias.com\/magazine365\/author\/admin\/#author"},"creator":{"@id":"https:\/\/eldigitaldeasturias.com\/magazine365\/author\/admin\/#author"},"image":{"@type":"ImageObject","url":"https:\/\/eldigitaldeasturias.com\/magazine365\/wp-content\/uploads\/2015\/06\/fotonoticia_20150611160418_800.jpg","@id":"https:\/\/eldigitaldeasturias.com\/magazine365\/la-xunta-limita-el-aforo-de-la-playa-de-as-catedrais\/#mainImage","width":800,"height":600},"primaryImageOfPage":{"@id":"https:\/\/eldigitaldeasturias.com\/magazine365\/la-xunta-limita-el-aforo-de-la-playa-de-as-catedrais\/#mainImage"},"datePublished":"2015-06-12T01:18:03+02:00","dateModified":"2015-06-12T01:18:03+02:00"},{"@type":"WebSite","@id":"https:\/\/eldigitaldeasturias.com\/magazine365\/#website","url":"https:\/\/eldigitaldeasturias.com\/magazine365\/","name":"El Digital de Asturias","description":"Revista de ocio, turismo y estilo de vida","inLanguage":"es-ES","publisher":{"@id":"https:\/\/eldigitaldeasturias.com\/magazine365\/#organization"}}]},"og:locale":"es_ES","og:site_name":"El Digital de Asturias \u2013 Revista de ocio, turismo y estilo de vida","og:type":"article","og:title":"La Xunta limita el aforo de la playa de \u2018As Catedrais\u2019 | El Digital de Asturias","og:description":"El Consejo de la Xunta ha dado luz verde este jueves al primer plan de conservaci\u00f3n integral de la playa de As Catedrais, ubicada en el municipio lucense de Ribadeo, que incluye medidas como la limitaci\u00f3n del aforo simult\u00e1neo a 4.812 personas para as\u00ed evitar la &quot;degradaci\u00f3n&quot; del &quot;monumento natural&quot;. De ello ha dado cuenta","og:url":"https:\/\/eldigitaldeasturias.com\/magazine365\/la-xunta-limita-el-aforo-de-la-playa-de-as-catedrais\/","og:image":"https:\/\/eldigitaldeasturias.com\/magazine365\/wp-content\/uploads\/2015\/06\/fotonoticia_20150611160418_800.jpg","og:image:secure_url":"https:\/\/eldigitaldeasturias.com\/magazine365\/wp-content\/uploads\/2015\/06\/fotonoticia_20150611160418_800.jpg","og:image:width":800,"og:image:height":600,"article:published_time":"2015-06-11T23:48:03+00:00","article:modified_time":"2015-06-11T23:48:03+00:00","twitter:card":"summary_large_image","twitter:title":"La Xunta limita el aforo de la playa de \u2018As Catedrais\u2019 | El Digital de Asturias","twitter:description":"El Consejo de la Xunta ha dado luz verde este jueves al primer plan de conservaci\u00f3n integral de la playa de As Catedrais, ubicada en el municipio lucense de Ribadeo, que incluye medidas como la limitaci\u00f3n del aforo simult\u00e1neo a 4.812 personas para as\u00ed evitar la &quot;degradaci\u00f3n&quot; del &quot;monumento natural&quot;. De ello ha dado cuenta","twitter:image":"https:\/\/eldigitaldeasturias.com\/magazine365\/wp-content\/uploads\/2015\/06\/fotonoticia_20150611160418_800.jpg"},"aioseo_meta_data":{"post_id":"39627","title":null,"description":null,"keywords":null,"keyphrases":null,"primary_term":null,"canonical_url":null,"og_title":null,"og_description":null,"og_object_type":"default","og_image_type":"default","og_image_url":null,"og_image_width":null,"og_image_height":null,"og_image_custom_url":null,"og_image_custom_fields":null,"og_video":null,"og_custom_url":null,"og_article_section":null,"og_article_tags":null,"twitter_use_og":false,"twitter_card":"default","twitter_image_type":"default","twitter_image_url":null,"twitter_image_custom_url":null,"twitter_image_custom_fields":null,"twitter_title":null,"twitter_description":null,"schema":{"blockGraphs":[],"customGraphs":[],"default":{"data":{"Article":[],"Course":[],"Dataset":[],"FAQPage":[],"Movie":[],"Person":[],"Product":[],"ProductReview":[],"Car":[],"Recipe":[],"Service":[],"SoftwareApplication":[],"WebPage":[]},"graphName":"","isEnabled":true},"graphs":[],"defaultGraph":"","defaultPostTypeGraph":""},"schema_type":null,"schema_type_options":null,"pillar_content":false,"robots_default":true,"robots_noindex":false,"robots_noarchive":false,"robots_nosnippet":false,"robots_nofollow":false,"robots_noimageindex":false,"robots_noodp":false,"robots_notranslate":false,"robots_max_snippet":null,"robots_max_videopreview":null,"robots_max_imagepreview":"large","priority":null,"frequency":null,"location":null,"local_seo":null,"seo_analyzer_scan_date":"2025-09-19 12:01:09","breadcrumb_settings":null,"limit_modified_date":false,"open_ai":null,"ai":null,"created":"2021-03-09 02:38:52","updated":"2025-09-19 12:01:09"},"aioseo_breadcrumb":"<div class=\"aioseo-breadcrumbs\"><span class=\"aioseo-breadcrumb\">\n\t<a href=\"https:\/\/eldigitaldeasturias.com\/magazine365\" title=\"Home\">Home<\/a>\n<\/span><span class=\"aioseo-breadcrumb-separator\">\u2013<\/span><span class=\"aioseo-breadcrumb\">\n\t<a href=\"https:\/\/eldigitaldeasturias.com\/magazine365\/category\/actualidad-turismo\/\" title=\"Actualidad Turismo\">Actualidad Turismo<\/a>\n<\/span><span class=\"aioseo-breadcrumb-separator\">\u2013<\/span><span class=\"aioseo-breadcrumb\">\n\t<a href=\"https:\/\/eldigitaldeasturias.com\/magazine365\/la-xunta-limita-el-aforo-de-la-playa-de-as-catedrais\/\" title=\"La Xunta limita el aforo de la playa de \u2018As Catedrais\u2019\">La Xunta limita el aforo de la playa de \u2018As Catedrais\u2019<\/a>\n<\/span><\/div>","aioseo_breadcrumb_json":[{"label":"Home","link":"https:\/\/eldigitaldeasturias.com\/magazine365"},{"label":"Actualidad Turismo","link":"https:\/\/eldigitaldeasturias.com\/magazine365\/category\/actualidad-turismo\/"},{"label":"La Xunta limita el aforo de la playa de &#8216;As Catedrais&#8217;","link":"https:\/\/eldigitaldeasturias.com\/magazine365\/la-xunta-limita-el-aforo-de-la-playa-de-as-catedrais\/"}],"_links":{"self":[{"href":"https:\/\/eldigitaldeasturias.com\/magazine365\/wp-json\/wp\/v2\/posts\/39627","targetHints":{"allow":["GET"]}}],"collection":[{"href":"https:\/\/eldigitaldeasturias.com\/magazine365\/wp-json\/wp\/v2\/posts"}],"about":[{"href":"https:\/\/eldigitaldeasturias.com\/magazine365\/wp-json\/wp\/v2\/types\/post"}],"author":[{"embeddable":true,"href":"https:\/\/eldigitaldeasturias.com\/magazine365\/wp-json\/wp\/v2\/users\/1"}],"replies":[{"embeddable":true,"href":"https:\/\/eldigitaldeasturias.com\/magazine365\/wp-json\/wp\/v2\/comments?post=39627"}],"version-history":[{"count":0,"href":"https:\/\/eldigitaldeasturias.com\/magazine365\/wp-json\/wp\/v2\/posts\/39627\/revisions"}],"wp:featuredmedia":[{"embeddable":true,"href":"https:\/\/eldigitaldeasturias.com\/magazine365\/wp-json\/wp\/v2\/media\/39628"}],"wp:attachment":[{"href":"https:\/\/eldigitaldeasturias.com\/magazine365\/wp-json\/wp\/v2\/media?parent=39627"}],"wp:term":[{"taxonomy":"category","embeddable":true,"href":"https:\/\/eldigitaldeasturias.com\/magazine365\/wp-json\/wp\/v2\/categories?post=39627"},{"taxonomy":"post_tag","embeddable":true,"href":"https:\/\/eldigitaldeasturias.com\/magazine365\/wp-json\/wp\/v2\/tags?post=39627"}],"curies":[{"name":"wp","href":"https:\/\/api.w.org\/{rel}","templated":true}]}}