{"id":39624,"date":"2015-06-12T01:15:31","date_gmt":"2015-06-11T23:45:31","guid":{"rendered":"http:\/\/eldigitaldeasturias.com\/magazine365\/?p=39624"},"modified":"2015-06-12T01:15:31","modified_gmt":"2015-06-11T23:45:31","slug":"el-mercado-de-la-vivienda-vacacional-da-senales-de-recuperacion-en-las-costas-de-malaga-y-cadiz","status":"publish","type":"post","link":"https:\/\/eldigitaldeasturias.com\/magazine365\/el-mercado-de-la-vivienda-vacacional-da-senales-de-recuperacion-en-las-costas-de-malaga-y-cadiz\/","title":{"rendered":"El mercado de la vivienda vacacional da se\u00f1ales de recuperaci\u00f3n en las costas de M\u00e1laga y C\u00e1diz"},"content":{"rendered":"<p><img fetchpriority=\"high\" decoding=\"async\" class=\"alignleft size-medium wp-image-39625\" src=\"https:\/\/eldigitaldeasturias.com\/magazine365\/wp-content\/uploads\/2015\/06\/fotonoticia_20150611160123_800-360x180.jpg\" alt=\"fotonoticia_20150611160123_800\" width=\"360\" height=\"180\" srcset=\"https:\/\/eldigitaldeasturias.com\/magazine365\/wp-content\/uploads\/2015\/06\/fotonoticia_20150611160123_800-360x180.jpg 360w, https:\/\/eldigitaldeasturias.com\/magazine365\/wp-content\/uploads\/2015\/06\/fotonoticia_20150611160123_800-650x326.jpg 650w, https:\/\/eldigitaldeasturias.com\/magazine365\/wp-content\/uploads\/2015\/06\/fotonoticia_20150611160123_800-768x385.jpg 768w, https:\/\/eldigitaldeasturias.com\/magazine365\/wp-content\/uploads\/2015\/06\/fotonoticia_20150611160123_800-150x75.jpg 150w, https:\/\/eldigitaldeasturias.com\/magazine365\/wp-content\/uploads\/2015\/06\/fotonoticia_20150611160123_800-450x226.jpg 450w, https:\/\/eldigitaldeasturias.com\/magazine365\/wp-content\/uploads\/2015\/06\/fotonoticia_20150611160123_800-696x349.jpg 696w, https:\/\/eldigitaldeasturias.com\/magazine365\/wp-content\/uploads\/2015\/06\/fotonoticia_20150611160123_800.jpg 800w\" sizes=\"(max-width: 360px) 100vw, 360px\" \/>El mercado de la vivienda vacacional est\u00e1 empezando a mostrar \u00abclaros s\u00edntomas de estabilizaci\u00f3n o, incluso, se\u00f1ales de recuperaci\u00f3n\u00bb en el litoral andaluz, sobre todo en las provincias de M\u00e1laga y C\u00e1diz, seg\u00fan un informe elaborado por la consultora inmobiliaria Tinsa.<\/p>\n<p>En concreto, la red t\u00e9cnica de Tinsa se\u00f1ala como zonas en recuperaci\u00f3n los mercados de los municipios malague\u00f1os de Marbella y de Benahav\u00eds, y de C\u00e1diz y Tarifa, en la provincia gaditana.<\/p>\n<p>El informe &#8216;Vivienda en costa 2015&#8217; incide en que, pese a que este mercado en el litoral andaluz sigue caracteriz\u00e1ndose, en t\u00e9rminos generales, por el ajuste de precios y la ausencia de actividad promotora, ciertas localizaciones, en la Costa del Sol malague\u00f1a y en la provincia de C\u00e1diz, empiezan a mostrar \u00abclaros s\u00edntomas de estabilizaci\u00f3n o, incluso, se\u00f1ales de recuperaci\u00f3n en determinadas ubicaciones y tipolog\u00edas de producto\u00bb.<\/p>\n<p>Ocho de las 40 localidades del litoral analizadas en este informe registraron crecimientos interanuales de precios en el primer trimestre de 2015. Se trata de Cartaya (+9,8%) y Punta Umbr\u00eda (+5,7%), en Huelva; Chiclana de la Frontera (8,1%) y Algeciras (+3,8%), en C\u00e1diz; Moj\u00e1car (+1,8%), en Almer\u00eda, y Benalm\u00e1dena (+1,4%), Rinc\u00f3n de la Victoria (+0,8%) y la capital malague\u00f1a (+0,1), en la provincia de M\u00e1laga.<\/p>\n<p>Por su parte, la localidad gaditana de Vejer de la Frontera mantuvo su precio medio en el mismo nivel que el a\u00f1o anterior, seg\u00fan el informe de la empresa de valoraci\u00f3n y asesoramiento inmobiliario, presentado este jueves en M\u00e1laga por el director territorial de la Zona Sur de Tinsa, Antonio Garc\u00eda Gallego, y el coordinador t\u00e9cnico de Negocio, Rafael Jim\u00e9nez.<\/p>\n<p>Han precisado, no obstante, que habr\u00e1 que esperar a los pr\u00f3ximos trimestres para comprobar si estos datos se corresponden con una tendencia sostenible y no obedecen a repuntes puntuales ocasionados por alguna de las muchas circunstancias especiales que se est\u00e1n dado en ciertas zonas de la costa y que pueden influir en el mercado inmobiliario local, como son las pol\u00edticas comerciales agresivas en precio, las transmisiones de carteras de inmuebles, las diferentes estrategias de los participantes en el mercado actual, etc\u00e9tera.<\/p>\n<p>El mercado evoluciona a distintas velocidades. Junto a estos indicios de recuperaci\u00f3n detectados, el informe resalta siete localidades que en el \u00faltimo a\u00f1o han registrado ajustes importantes, con ca\u00eddas superiores al 10 por ciento interanual.<\/p>\n<p>Se trata de Barbate (-15,3% interanual) y Chipiona (-13,7%), en C\u00e1diz; Ayamonte (-14,6%), Lepe (-14,2%) y la capital onubense (-10,7%), en Huelva; Salobre\u00f1a (-13,2%), en Granada, y El Ejido (Almer\u00eda) (-11,7%).<\/p>\n<p>El ajuste realizado en estos casi ocho a\u00f1os de crisis es muy significativo, han apuntado. El municipio malague\u00f1o de Casares sigue siendo la zona costera a nivel nacional con mayor correcci\u00f3n de precios acumulada: un 61,5 por ciento de ca\u00edda desde m\u00e1ximos.<\/p>\n<p>En la localidad onubense de Ayamonte, el descenso alcanza el 61 por ciento. Otros 14 municipios del litoral andaluz han visto reducido m\u00e1s de un 50 por ciento su precio medio durante la crisis.<\/p>\n<p>La situaci\u00f3n de los mercados de vivienda vacacional en la costa andaluza es muy heterog\u00e9nea. Contin\u00faa la situaci\u00f3n de ajuste en los precios, aunque en l\u00edneas generales a una velocidad cada vez m\u00e1s moderada.<\/p>\n<p>Zonas en recuperaci\u00f3n ser\u00edan, seg\u00fan destaca el informe, Marbella y Benahav\u00eds, en la provincia malague\u00f1a, y C\u00e1diz y Tarifa, en la gaditana. Tambi\u00e9n detecta indicios de mejor\u00eda en San Juan de los Terreros (Almer\u00eda); en Sotogrande, Conil, Chiclana y Puerto de Santa Mar\u00eda, en C\u00e1diz, y en los municipios malague\u00f1os de Rinc\u00f3n de la Victoria, Nerja, as\u00ed como en los alrededores de Manilva, Casares y Estepona.<\/p>\n<p>Aunque todav\u00eda es abundante, la sobreoferta de vivienda nueva est\u00e1 en descenso en la mayor\u00eda de las zonas costeras. Entre las localidades donde el proceso de absorci\u00f3n del &#8216;stock&#8217; parece ir m\u00e1s lento est\u00e1n Pozo del Esparto, El Cal\u00f3n y Villarico, en la provincia de Almer\u00eda.<\/p>\n<p>En el extremo contrario, la red t\u00e9cnica de Tinsa se\u00f1ala Marbella y los municipios gaditanos de Tarifa, Barbate, Rota o Chipiona como enclaves donde el &#8216;stock&#8217; de obra nueva puede considerarse residual.<\/p>\n<p>COMPRAVENTAS<\/p>\n<p>La gran mayor\u00eda de los municipios andaluces analizados en el informe aumentaron sus ventas en 2014 en comparaci\u00f3n con el a\u00f1o anterior.<\/p>\n<p>Seg\u00fan datos del Ministerio de Fomento, Moj\u00e1car, Torremolinos (M\u00e1laga), San Roque (C\u00e1diz) y Benalm\u00e1dena fueron las localidades donde mejor se comport\u00f3 el mercado el a\u00f1o pasado en t\u00e9rminos de ventas, con crecimientos de un 104, un 70, un 62 y un 55 por ciento, respectivamente.<\/p>\n<p>Marbella y M\u00e1laga ocupan la cuarta y la quinta posici\u00f3n en el grupo de las cinco localidades costeras espa\u00f1olas que mayor n\u00famero de transacciones registraron en 2014, con 3.997 compraventas (+28,7% interanual) y 3.947 (+25,4%).<\/p>\n<p>Si se excluyen las capitales, Mijas y Estepona, con algo m\u00e1s de 2.000 transacciones cada una, pasan a ocupar esas mismas posiciones en la foto nacional.<\/p>\n<p>Los mercados con mayor presencia del comprador internacional son los que antes han estabilizado sus precios. En los \u00faltimos meses, los t\u00e9cnicos de tasaci\u00f3n locales han apreciado una mejora de la demanda por parte del comprador nacional.<\/p>\n<p>FONDOS DE INVERSI\u00d3N<\/p>\n<p>Las transacciones de solares o terrenos son inexistentes en la mayor\u00eda de las zonas costeras, con excepciones. En Marbella y la costa granadina, por ejemplo, fondos de inversi\u00f3n est\u00e1n analizando operaciones. Tambi\u00e9n en la almeriense &#8211;Aguadulce y N\u00edjar&#8211; se empiezan a estudiar la viabilidad de algunos solares con buenas ubicaciones.<\/p>\n<p>La falta de cr\u00e9dito, la debilidad de la demanda y el &#8216;stock&#8217; pendiente de venta paralizaron la construcci\u00f3n de nuevas viviendas. Pasados los primeros a\u00f1os de la crisis, algunas de esas promociones, mayoritariamente en manos de la banca, se reactivaron. Si se habla del inicio de nuevos proyectos, el mercado es mucho m\u00e1s reducido.<\/p>\n<p>NUEVAS PROMOCIONES<\/p>\n<p>Entre las zonas donde se est\u00e1n levantando nuevas promociones, los t\u00e9cnicos de Tinsa destacan Marbella, Mijas, Estepona y Benahav\u00eds, en la provincia de M\u00e1laga, y las localidades gaditanas de Tarifa, Puerto de Santa Mar\u00eda, Rota y San Roque. Tambi\u00e9n se detecta actividad en la zona de Almerimar, en El Ejido.<\/p>\n<p>Los nuevos proyectos suelen corresponderse con productos de calidades altas y excelentes ubicaciones &#8211;primera l\u00ednea de playa&#8211;, pensadas para un comprador extranjero. Mientras que en la Comunidad Valenciana, por ejemplo, los promotores de estas nuevas viviendas son principalmente locales, en la Costa del Sol hay tambi\u00e9n una participaci\u00f3n internacional significativa.<\/p>\n<p>Los datos del Ministerio de Fomento sit\u00faan a las capitales de M\u00e1laga, C\u00e1diz y Almer\u00eda como los enclaves con m\u00e1s visados de obra nueva registrados en 2014, con 287, 167 y 104, respectivamente. Si se dejan a un lado estas grandes urbes, destacan Punta Umbr\u00eda (97 visados), Marbella (92) y Motril (58).<\/p>\n","protected":false},"excerpt":{"rendered":"<p>El mercado de la vivienda vacacional est\u00e1 empezando a mostrar \u00abclaros s\u00edntomas de estabilizaci\u00f3n o, incluso, se\u00f1ales de recuperaci\u00f3n\u00bb en el litoral andaluz, sobre todo en las provincias de M\u00e1laga y C\u00e1diz, seg\u00fan un informe elaborado por la consultora inmobiliaria Tinsa. En concreto, la red t\u00e9cnica de Tinsa se\u00f1ala como zonas en recuperaci\u00f3n los mercados<\/p>\n","protected":false},"author":1,"featured_media":39625,"comment_status":"open","ping_status":"closed","sticky":false,"template":"","format":"standard","meta":{"footnotes":""},"categories":[222],"tags":[],"class_list":{"0":"post-39624","1":"post","2":"type-post","3":"status-publish","4":"format-standard","5":"has-post-thumbnail","7":"category-actualidad-turismo"},"aioseo_notices":[],"aioseo_head":"\n\t\t<!-- All in One SEO Pro 4.9.6.1 - aioseo.com -->\n\t<meta name=\"description\" content=\"El mercado de la vivienda vacacional est\u00e1 empezando a mostrar &quot;claros s\u00edntomas de estabilizaci\u00f3n o, incluso, se\u00f1ales de recuperaci\u00f3n&quot; en el litoral andaluz, sobre todo en las provincias de M\u00e1laga y C\u00e1diz, seg\u00fan un informe elaborado por la consultora inmobiliaria Tinsa. En concreto, la red t\u00e9cnica de Tinsa se\u00f1ala como zonas en recuperaci\u00f3n los mercados\" \/>\n\t<meta name=\"robots\" content=\"max-image-preview:large\" \/>\n\t<meta name=\"author\" content=\"admin\"\/>\n\t<meta name=\"google-site-verification\" content=\"UA-38556648-1\" \/>\n\t<meta name=\"keywords\" content=\"actualidad turismo\" \/>\n\t<link rel=\"canonical\" href=\"https:\/\/eldigitaldeasturias.com\/magazine365\/el-mercado-de-la-vivienda-vacacional-da-senales-de-recuperacion-en-las-costas-de-malaga-y-cadiz\/\" \/>\n\t<meta name=\"generator\" content=\"All in One SEO Pro (AIOSEO) 4.9.6.1\" \/>\n\t\t<meta property=\"og:locale\" content=\"es_ES\" \/>\n\t\t<meta property=\"og:site_name\" content=\"El Digital de Asturias \u2013 Revista de ocio, turismo y estilo de vida\" \/>\n\t\t<meta property=\"og:type\" content=\"article\" \/>\n\t\t<meta property=\"og:title\" content=\"El mercado de la vivienda vacacional da se\u00f1ales de recuperaci\u00f3n en las costas de M\u00e1laga y C\u00e1diz | El Digital de Asturias\" \/>\n\t\t<meta property=\"og:description\" content=\"El mercado de la vivienda vacacional est\u00e1 empezando a mostrar &quot;claros s\u00edntomas de estabilizaci\u00f3n o, incluso, se\u00f1ales de recuperaci\u00f3n&quot; en el litoral andaluz, sobre todo en las provincias de M\u00e1laga y C\u00e1diz, seg\u00fan un informe elaborado por la consultora inmobiliaria Tinsa. En concreto, la red t\u00e9cnica de Tinsa se\u00f1ala como zonas en recuperaci\u00f3n los mercados\" \/>\n\t\t<meta property=\"og:url\" content=\"https:\/\/eldigitaldeasturias.com\/magazine365\/el-mercado-de-la-vivienda-vacacional-da-senales-de-recuperacion-en-las-costas-de-malaga-y-cadiz\/\" \/>\n\t\t<meta property=\"og:image\" content=\"https:\/\/eldigitaldeasturias.com\/magazine365\/wp-content\/uploads\/2015\/06\/fotonoticia_20150611160123_800.jpg\" \/>\n\t\t<meta property=\"og:image:secure_url\" content=\"https:\/\/eldigitaldeasturias.com\/magazine365\/wp-content\/uploads\/2015\/06\/fotonoticia_20150611160123_800.jpg\" \/>\n\t\t<meta property=\"og:image:width\" content=\"800\" \/>\n\t\t<meta property=\"og:image:height\" content=\"401\" \/>\n\t\t<meta property=\"article:published_time\" content=\"2015-06-11T23:45:31+00:00\" \/>\n\t\t<meta property=\"article:modified_time\" content=\"2015-06-11T23:45:31+00:00\" \/>\n\t\t<meta name=\"twitter:card\" content=\"summary_large_image\" \/>\n\t\t<meta name=\"twitter:title\" content=\"El mercado de la vivienda vacacional da se\u00f1ales de recuperaci\u00f3n en las costas de M\u00e1laga y C\u00e1diz | El Digital de Asturias\" \/>\n\t\t<meta name=\"twitter:description\" content=\"El mercado de la vivienda vacacional est\u00e1 empezando a mostrar &quot;claros s\u00edntomas de estabilizaci\u00f3n o, incluso, se\u00f1ales de recuperaci\u00f3n&quot; en el litoral andaluz, sobre todo en las provincias de M\u00e1laga y C\u00e1diz, seg\u00fan un informe elaborado por la consultora inmobiliaria Tinsa. En concreto, la red t\u00e9cnica de Tinsa se\u00f1ala como zonas en recuperaci\u00f3n los mercados\" \/>\n\t\t<meta name=\"twitter:image\" content=\"https:\/\/eldigitaldeasturias.com\/magazine365\/wp-content\/uploads\/2015\/06\/fotonoticia_20150611160123_800.jpg\" \/>\n\t\t<script type=\"application\/ld+json\" class=\"aioseo-schema\">\n\t\t\t{\"@context\":\"https:\\\/\\\/schema.org\",\"@graph\":[{\"@type\":\"Article\",\"@id\":\"https:\\\/\\\/eldigitaldeasturias.com\\\/magazine365\\\/el-mercado-de-la-vivienda-vacacional-da-senales-de-recuperacion-en-las-costas-de-malaga-y-cadiz\\\/#article\",\"name\":\"El mercado de la vivienda vacacional da se\\u00f1ales de recuperaci\\u00f3n en las costas de M\\u00e1laga y C\\u00e1diz | El Digital de Asturias\",\"headline\":\"El mercado de la vivienda vacacional da se\\u00f1ales de recuperaci\\u00f3n en las costas de M\\u00e1laga y C\\u00e1diz\",\"author\":{\"@id\":\"https:\\\/\\\/eldigitaldeasturias.com\\\/magazine365\\\/author\\\/admin\\\/#author\"},\"publisher\":{\"@id\":\"https:\\\/\\\/eldigitaldeasturias.com\\\/magazine365\\\/#organization\"},\"image\":{\"@type\":\"ImageObject\",\"url\":\"https:\\\/\\\/eldigitaldeasturias.com\\\/magazine365\\\/wp-content\\\/uploads\\\/2015\\\/06\\\/fotonoticia_20150611160123_800.jpg\",\"width\":800,\"height\":401},\"datePublished\":\"2015-06-12T01:15:31+02:00\",\"dateModified\":\"2015-06-12T01:15:31+02:00\",\"inLanguage\":\"es-ES\",\"mainEntityOfPage\":{\"@id\":\"https:\\\/\\\/eldigitaldeasturias.com\\\/magazine365\\\/el-mercado-de-la-vivienda-vacacional-da-senales-de-recuperacion-en-las-costas-de-malaga-y-cadiz\\\/#webpage\"},\"isPartOf\":{\"@id\":\"https:\\\/\\\/eldigitaldeasturias.com\\\/magazine365\\\/el-mercado-de-la-vivienda-vacacional-da-senales-de-recuperacion-en-las-costas-de-malaga-y-cadiz\\\/#webpage\"},\"articleSection\":\"Actualidad Turismo\"},{\"@type\":\"BreadcrumbList\",\"@id\":\"https:\\\/\\\/eldigitaldeasturias.com\\\/magazine365\\\/el-mercado-de-la-vivienda-vacacional-da-senales-de-recuperacion-en-las-costas-de-malaga-y-cadiz\\\/#breadcrumblist\",\"itemListElement\":[{\"@type\":\"ListItem\",\"@id\":\"https:\\\/\\\/eldigitaldeasturias.com\\\/magazine365#listItem\",\"position\":1,\"name\":\"Home\",\"item\":\"https:\\\/\\\/eldigitaldeasturias.com\\\/magazine365\",\"nextItem\":{\"@type\":\"ListItem\",\"@id\":\"https:\\\/\\\/eldigitaldeasturias.com\\\/magazine365\\\/category\\\/actualidad-turismo\\\/#listItem\",\"name\":\"Actualidad Turismo\"}},{\"@type\":\"ListItem\",\"@id\":\"https:\\\/\\\/eldigitaldeasturias.com\\\/magazine365\\\/category\\\/actualidad-turismo\\\/#listItem\",\"position\":2,\"name\":\"Actualidad Turismo\",\"item\":\"https:\\\/\\\/eldigitaldeasturias.com\\\/magazine365\\\/category\\\/actualidad-turismo\\\/\",\"nextItem\":{\"@type\":\"ListItem\",\"@id\":\"https:\\\/\\\/eldigitaldeasturias.com\\\/magazine365\\\/el-mercado-de-la-vivienda-vacacional-da-senales-de-recuperacion-en-las-costas-de-malaga-y-cadiz\\\/#listItem\",\"name\":\"El mercado de la vivienda vacacional da se\\u00f1ales de recuperaci\\u00f3n en las costas de M\\u00e1laga y C\\u00e1diz\"},\"previousItem\":{\"@type\":\"ListItem\",\"@id\":\"https:\\\/\\\/eldigitaldeasturias.com\\\/magazine365#listItem\",\"name\":\"Home\"}},{\"@type\":\"ListItem\",\"@id\":\"https:\\\/\\\/eldigitaldeasturias.com\\\/magazine365\\\/el-mercado-de-la-vivienda-vacacional-da-senales-de-recuperacion-en-las-costas-de-malaga-y-cadiz\\\/#listItem\",\"position\":3,\"name\":\"El mercado de la vivienda vacacional da se\\u00f1ales de recuperaci\\u00f3n en las costas de M\\u00e1laga y C\\u00e1diz\",\"previousItem\":{\"@type\":\"ListItem\",\"@id\":\"https:\\\/\\\/eldigitaldeasturias.com\\\/magazine365\\\/category\\\/actualidad-turismo\\\/#listItem\",\"name\":\"Actualidad Turismo\"}}]},{\"@type\":\"Organization\",\"@id\":\"https:\\\/\\\/eldigitaldeasturias.com\\\/magazine365\\\/#organization\",\"name\":\"El digital de Asturias\",\"description\":\"Revista de ocio, turismo y estilo de vida\",\"url\":\"https:\\\/\\\/eldigitaldeasturias.com\\\/magazine365\\\/\",\"logo\":{\"@type\":\"ImageObject\",\"url\":\"https:\\\/\\\/www.eldigitaldeasturias.com\\\/noticias\\\/wp-content\\\/uploads\\\/2020\\\/12\\\/EDA.jpg\",\"@id\":\"https:\\\/\\\/eldigitaldeasturias.com\\\/magazine365\\\/el-mercado-de-la-vivienda-vacacional-da-senales-de-recuperacion-en-las-costas-de-malaga-y-cadiz\\\/#organizationLogo\"},\"image\":{\"@id\":\"https:\\\/\\\/eldigitaldeasturias.com\\\/magazine365\\\/el-mercado-de-la-vivienda-vacacional-da-senales-de-recuperacion-en-las-costas-de-malaga-y-cadiz\\\/#organizationLogo\"}},{\"@type\":\"Person\",\"@id\":\"https:\\\/\\\/eldigitaldeasturias.com\\\/magazine365\\\/author\\\/admin\\\/#author\",\"url\":\"https:\\\/\\\/eldigitaldeasturias.com\\\/magazine365\\\/author\\\/admin\\\/\",\"name\":\"admin\",\"image\":{\"@type\":\"ImageObject\",\"@id\":\"https:\\\/\\\/eldigitaldeasturias.com\\\/magazine365\\\/el-mercado-de-la-vivienda-vacacional-da-senales-de-recuperacion-en-las-costas-de-malaga-y-cadiz\\\/#authorImage\",\"url\":\"https:\\\/\\\/eldigitaldeasturias.com\\\/magazine365\\\/wp-content\\\/litespeed\\\/avatar\\\/e571bcf59a0edd6fa6838245a470f2fe.jpg?ver=1776969259\",\"width\":96,\"height\":96,\"caption\":\"admin\"}},{\"@type\":\"WebPage\",\"@id\":\"https:\\\/\\\/eldigitaldeasturias.com\\\/magazine365\\\/el-mercado-de-la-vivienda-vacacional-da-senales-de-recuperacion-en-las-costas-de-malaga-y-cadiz\\\/#webpage\",\"url\":\"https:\\\/\\\/eldigitaldeasturias.com\\\/magazine365\\\/el-mercado-de-la-vivienda-vacacional-da-senales-de-recuperacion-en-las-costas-de-malaga-y-cadiz\\\/\",\"name\":\"El mercado de la vivienda vacacional da se\\u00f1ales de recuperaci\\u00f3n en las costas de M\\u00e1laga y C\\u00e1diz | El Digital de Asturias\",\"description\":\"El mercado de la vivienda vacacional est\\u00e1 empezando a mostrar \\\"claros s\\u00edntomas de estabilizaci\\u00f3n o, incluso, se\\u00f1ales de recuperaci\\u00f3n\\\" en el litoral andaluz, sobre todo en las provincias de M\\u00e1laga y C\\u00e1diz, seg\\u00fan un informe elaborado por la consultora inmobiliaria Tinsa. En concreto, la red t\\u00e9cnica de Tinsa se\\u00f1ala como zonas en recuperaci\\u00f3n los mercados\",\"inLanguage\":\"es-ES\",\"isPartOf\":{\"@id\":\"https:\\\/\\\/eldigitaldeasturias.com\\\/magazine365\\\/#website\"},\"breadcrumb\":{\"@id\":\"https:\\\/\\\/eldigitaldeasturias.com\\\/magazine365\\\/el-mercado-de-la-vivienda-vacacional-da-senales-de-recuperacion-en-las-costas-de-malaga-y-cadiz\\\/#breadcrumblist\"},\"author\":{\"@id\":\"https:\\\/\\\/eldigitaldeasturias.com\\\/magazine365\\\/author\\\/admin\\\/#author\"},\"creator\":{\"@id\":\"https:\\\/\\\/eldigitaldeasturias.com\\\/magazine365\\\/author\\\/admin\\\/#author\"},\"image\":{\"@type\":\"ImageObject\",\"url\":\"https:\\\/\\\/eldigitaldeasturias.com\\\/magazine365\\\/wp-content\\\/uploads\\\/2015\\\/06\\\/fotonoticia_20150611160123_800.jpg\",\"@id\":\"https:\\\/\\\/eldigitaldeasturias.com\\\/magazine365\\\/el-mercado-de-la-vivienda-vacacional-da-senales-de-recuperacion-en-las-costas-de-malaga-y-cadiz\\\/#mainImage\",\"width\":800,\"height\":401},\"primaryImageOfPage\":{\"@id\":\"https:\\\/\\\/eldigitaldeasturias.com\\\/magazine365\\\/el-mercado-de-la-vivienda-vacacional-da-senales-de-recuperacion-en-las-costas-de-malaga-y-cadiz\\\/#mainImage\"},\"datePublished\":\"2015-06-12T01:15:31+02:00\",\"dateModified\":\"2015-06-12T01:15:31+02:00\"},{\"@type\":\"WebSite\",\"@id\":\"https:\\\/\\\/eldigitaldeasturias.com\\\/magazine365\\\/#website\",\"url\":\"https:\\\/\\\/eldigitaldeasturias.com\\\/magazine365\\\/\",\"name\":\"El Digital de Asturias\",\"description\":\"Revista de ocio, turismo y estilo de vida\",\"inLanguage\":\"es-ES\",\"publisher\":{\"@id\":\"https:\\\/\\\/eldigitaldeasturias.com\\\/magazine365\\\/#organization\"}}]}\n\t\t<\/script>\n\t\t<!-- All in One SEO Pro -->\r\n\t\t<title>El mercado de la vivienda vacacional da se\u00f1ales de recuperaci\u00f3n en las costas de M\u00e1laga y C\u00e1diz | El Digital de Asturias<\/title>\n\n","aioseo_head_json":{"title":"El mercado de la vivienda vacacional da se\u00f1ales de recuperaci\u00f3n en las costas de M\u00e1laga y C\u00e1diz | El Digital de Asturias","description":"El mercado de la vivienda vacacional est\u00e1 empezando a mostrar \"claros s\u00edntomas de estabilizaci\u00f3n o, incluso, se\u00f1ales de recuperaci\u00f3n\" en el litoral andaluz, sobre todo en las provincias de M\u00e1laga y C\u00e1diz, seg\u00fan un informe elaborado por la consultora inmobiliaria Tinsa. En concreto, la red t\u00e9cnica de Tinsa se\u00f1ala como zonas en recuperaci\u00f3n los mercados","canonical_url":"https:\/\/eldigitaldeasturias.com\/magazine365\/el-mercado-de-la-vivienda-vacacional-da-senales-de-recuperacion-en-las-costas-de-malaga-y-cadiz\/","robots":"max-image-preview:large","keywords":"actualidad turismo","webmasterTools":{"google-site-verification":"UA-38556648-1","miscellaneous":""},"schema":{"@context":"https:\/\/schema.org","@graph":[{"@type":"Article","@id":"https:\/\/eldigitaldeasturias.com\/magazine365\/el-mercado-de-la-vivienda-vacacional-da-senales-de-recuperacion-en-las-costas-de-malaga-y-cadiz\/#article","name":"El mercado de la vivienda vacacional da se\u00f1ales de recuperaci\u00f3n en las costas de M\u00e1laga y C\u00e1diz | El Digital de Asturias","headline":"El mercado de la vivienda vacacional da se\u00f1ales de recuperaci\u00f3n en las costas de M\u00e1laga y C\u00e1diz","author":{"@id":"https:\/\/eldigitaldeasturias.com\/magazine365\/author\/admin\/#author"},"publisher":{"@id":"https:\/\/eldigitaldeasturias.com\/magazine365\/#organization"},"image":{"@type":"ImageObject","url":"https:\/\/eldigitaldeasturias.com\/magazine365\/wp-content\/uploads\/2015\/06\/fotonoticia_20150611160123_800.jpg","width":800,"height":401},"datePublished":"2015-06-12T01:15:31+02:00","dateModified":"2015-06-12T01:15:31+02:00","inLanguage":"es-ES","mainEntityOfPage":{"@id":"https:\/\/eldigitaldeasturias.com\/magazine365\/el-mercado-de-la-vivienda-vacacional-da-senales-de-recuperacion-en-las-costas-de-malaga-y-cadiz\/#webpage"},"isPartOf":{"@id":"https:\/\/eldigitaldeasturias.com\/magazine365\/el-mercado-de-la-vivienda-vacacional-da-senales-de-recuperacion-en-las-costas-de-malaga-y-cadiz\/#webpage"},"articleSection":"Actualidad Turismo"},{"@type":"BreadcrumbList","@id":"https:\/\/eldigitaldeasturias.com\/magazine365\/el-mercado-de-la-vivienda-vacacional-da-senales-de-recuperacion-en-las-costas-de-malaga-y-cadiz\/#breadcrumblist","itemListElement":[{"@type":"ListItem","@id":"https:\/\/eldigitaldeasturias.com\/magazine365#listItem","position":1,"name":"Home","item":"https:\/\/eldigitaldeasturias.com\/magazine365","nextItem":{"@type":"ListItem","@id":"https:\/\/eldigitaldeasturias.com\/magazine365\/category\/actualidad-turismo\/#listItem","name":"Actualidad Turismo"}},{"@type":"ListItem","@id":"https:\/\/eldigitaldeasturias.com\/magazine365\/category\/actualidad-turismo\/#listItem","position":2,"name":"Actualidad Turismo","item":"https:\/\/eldigitaldeasturias.com\/magazine365\/category\/actualidad-turismo\/","nextItem":{"@type":"ListItem","@id":"https:\/\/eldigitaldeasturias.com\/magazine365\/el-mercado-de-la-vivienda-vacacional-da-senales-de-recuperacion-en-las-costas-de-malaga-y-cadiz\/#listItem","name":"El mercado de la vivienda vacacional da se\u00f1ales de recuperaci\u00f3n en las costas de M\u00e1laga y C\u00e1diz"},"previousItem":{"@type":"ListItem","@id":"https:\/\/eldigitaldeasturias.com\/magazine365#listItem","name":"Home"}},{"@type":"ListItem","@id":"https:\/\/eldigitaldeasturias.com\/magazine365\/el-mercado-de-la-vivienda-vacacional-da-senales-de-recuperacion-en-las-costas-de-malaga-y-cadiz\/#listItem","position":3,"name":"El mercado de la vivienda vacacional da se\u00f1ales de recuperaci\u00f3n en las costas de M\u00e1laga y C\u00e1diz","previousItem":{"@type":"ListItem","@id":"https:\/\/eldigitaldeasturias.com\/magazine365\/category\/actualidad-turismo\/#listItem","name":"Actualidad Turismo"}}]},{"@type":"Organization","@id":"https:\/\/eldigitaldeasturias.com\/magazine365\/#organization","name":"El digital de Asturias","description":"Revista de ocio, turismo y estilo de vida","url":"https:\/\/eldigitaldeasturias.com\/magazine365\/","logo":{"@type":"ImageObject","url":"https:\/\/www.eldigitaldeasturias.com\/noticias\/wp-content\/uploads\/2020\/12\/EDA.jpg","@id":"https:\/\/eldigitaldeasturias.com\/magazine365\/el-mercado-de-la-vivienda-vacacional-da-senales-de-recuperacion-en-las-costas-de-malaga-y-cadiz\/#organizationLogo"},"image":{"@id":"https:\/\/eldigitaldeasturias.com\/magazine365\/el-mercado-de-la-vivienda-vacacional-da-senales-de-recuperacion-en-las-costas-de-malaga-y-cadiz\/#organizationLogo"}},{"@type":"Person","@id":"https:\/\/eldigitaldeasturias.com\/magazine365\/author\/admin\/#author","url":"https:\/\/eldigitaldeasturias.com\/magazine365\/author\/admin\/","name":"admin","image":{"@type":"ImageObject","@id":"https:\/\/eldigitaldeasturias.com\/magazine365\/el-mercado-de-la-vivienda-vacacional-da-senales-de-recuperacion-en-las-costas-de-malaga-y-cadiz\/#authorImage","url":"https:\/\/eldigitaldeasturias.com\/magazine365\/wp-content\/litespeed\/avatar\/e571bcf59a0edd6fa6838245a470f2fe.jpg?ver=1776969259","width":96,"height":96,"caption":"admin"}},{"@type":"WebPage","@id":"https:\/\/eldigitaldeasturias.com\/magazine365\/el-mercado-de-la-vivienda-vacacional-da-senales-de-recuperacion-en-las-costas-de-malaga-y-cadiz\/#webpage","url":"https:\/\/eldigitaldeasturias.com\/magazine365\/el-mercado-de-la-vivienda-vacacional-da-senales-de-recuperacion-en-las-costas-de-malaga-y-cadiz\/","name":"El mercado de la vivienda vacacional da se\u00f1ales de recuperaci\u00f3n en las costas de M\u00e1laga y C\u00e1diz | El Digital de Asturias","description":"El mercado de la vivienda vacacional est\u00e1 empezando a mostrar \"claros s\u00edntomas de estabilizaci\u00f3n o, incluso, se\u00f1ales de recuperaci\u00f3n\" en el litoral andaluz, sobre todo en las provincias de M\u00e1laga y C\u00e1diz, seg\u00fan un informe elaborado por la consultora inmobiliaria Tinsa. En concreto, la red t\u00e9cnica de Tinsa se\u00f1ala como zonas en recuperaci\u00f3n los mercados","inLanguage":"es-ES","isPartOf":{"@id":"https:\/\/eldigitaldeasturias.com\/magazine365\/#website"},"breadcrumb":{"@id":"https:\/\/eldigitaldeasturias.com\/magazine365\/el-mercado-de-la-vivienda-vacacional-da-senales-de-recuperacion-en-las-costas-de-malaga-y-cadiz\/#breadcrumblist"},"author":{"@id":"https:\/\/eldigitaldeasturias.com\/magazine365\/author\/admin\/#author"},"creator":{"@id":"https:\/\/eldigitaldeasturias.com\/magazine365\/author\/admin\/#author"},"image":{"@type":"ImageObject","url":"https:\/\/eldigitaldeasturias.com\/magazine365\/wp-content\/uploads\/2015\/06\/fotonoticia_20150611160123_800.jpg","@id":"https:\/\/eldigitaldeasturias.com\/magazine365\/el-mercado-de-la-vivienda-vacacional-da-senales-de-recuperacion-en-las-costas-de-malaga-y-cadiz\/#mainImage","width":800,"height":401},"primaryImageOfPage":{"@id":"https:\/\/eldigitaldeasturias.com\/magazine365\/el-mercado-de-la-vivienda-vacacional-da-senales-de-recuperacion-en-las-costas-de-malaga-y-cadiz\/#mainImage"},"datePublished":"2015-06-12T01:15:31+02:00","dateModified":"2015-06-12T01:15:31+02:00"},{"@type":"WebSite","@id":"https:\/\/eldigitaldeasturias.com\/magazine365\/#website","url":"https:\/\/eldigitaldeasturias.com\/magazine365\/","name":"El Digital de Asturias","description":"Revista de ocio, turismo y estilo de vida","inLanguage":"es-ES","publisher":{"@id":"https:\/\/eldigitaldeasturias.com\/magazine365\/#organization"}}]},"og:locale":"es_ES","og:site_name":"El Digital de Asturias \u2013 Revista de ocio, turismo y estilo de vida","og:type":"article","og:title":"El mercado de la vivienda vacacional da se\u00f1ales de recuperaci\u00f3n en las costas de M\u00e1laga y C\u00e1diz | El Digital de Asturias","og:description":"El mercado de la vivienda vacacional est\u00e1 empezando a mostrar &quot;claros s\u00edntomas de estabilizaci\u00f3n o, incluso, se\u00f1ales de recuperaci\u00f3n&quot; en el litoral andaluz, sobre todo en las provincias de M\u00e1laga y C\u00e1diz, seg\u00fan un informe elaborado por la consultora inmobiliaria Tinsa. En concreto, la red t\u00e9cnica de Tinsa se\u00f1ala como zonas en recuperaci\u00f3n los mercados","og:url":"https:\/\/eldigitaldeasturias.com\/magazine365\/el-mercado-de-la-vivienda-vacacional-da-senales-de-recuperacion-en-las-costas-de-malaga-y-cadiz\/","og:image":"https:\/\/eldigitaldeasturias.com\/magazine365\/wp-content\/uploads\/2015\/06\/fotonoticia_20150611160123_800.jpg","og:image:secure_url":"https:\/\/eldigitaldeasturias.com\/magazine365\/wp-content\/uploads\/2015\/06\/fotonoticia_20150611160123_800.jpg","og:image:width":800,"og:image:height":401,"article:published_time":"2015-06-11T23:45:31+00:00","article:modified_time":"2015-06-11T23:45:31+00:00","twitter:card":"summary_large_image","twitter:title":"El mercado de la vivienda vacacional da se\u00f1ales de recuperaci\u00f3n en las costas de M\u00e1laga y C\u00e1diz | El Digital de Asturias","twitter:description":"El mercado de la vivienda vacacional est\u00e1 empezando a mostrar &quot;claros s\u00edntomas de estabilizaci\u00f3n o, incluso, se\u00f1ales de recuperaci\u00f3n&quot; en el litoral andaluz, sobre todo en las provincias de M\u00e1laga y C\u00e1diz, seg\u00fan un informe elaborado por la consultora inmobiliaria Tinsa. En concreto, la red t\u00e9cnica de Tinsa se\u00f1ala como zonas en recuperaci\u00f3n los mercados","twitter:image":"https:\/\/eldigitaldeasturias.com\/magazine365\/wp-content\/uploads\/2015\/06\/fotonoticia_20150611160123_800.jpg"},"aioseo_meta_data":{"post_id":"39624","title":null,"description":null,"keywords":null,"keyphrases":null,"primary_term":null,"canonical_url":null,"og_title":null,"og_description":null,"og_object_type":"default","og_image_type":"default","og_image_url":null,"og_image_width":null,"og_image_height":null,"og_image_custom_url":null,"og_image_custom_fields":null,"og_video":null,"og_custom_url":null,"og_article_section":null,"og_article_tags":null,"twitter_use_og":false,"twitter_card":"default","twitter_image_type":"default","twitter_image_url":null,"twitter_image_custom_url":null,"twitter_image_custom_fields":null,"twitter_title":null,"twitter_description":null,"schema":{"blockGraphs":[],"customGraphs":[],"default":{"data":{"Article":[],"Course":[],"Dataset":[],"FAQPage":[],"Movie":[],"Person":[],"Product":[],"ProductReview":[],"Car":[],"Recipe":[],"Service":[],"SoftwareApplication":[],"WebPage":[]},"graphName":"","isEnabled":true},"graphs":[],"defaultGraph":"","defaultPostTypeGraph":""},"schema_type":null,"schema_type_options":null,"pillar_content":false,"robots_default":true,"robots_noindex":false,"robots_noarchive":false,"robots_nosnippet":false,"robots_nofollow":false,"robots_noimageindex":false,"robots_noodp":false,"robots_notranslate":false,"robots_max_snippet":null,"robots_max_videopreview":null,"robots_max_imagepreview":"large","priority":null,"frequency":null,"location":null,"local_seo":null,"seo_analyzer_scan_date":"2025-09-19 12:01:08","breadcrumb_settings":null,"limit_modified_date":false,"open_ai":null,"ai":null,"created":"2021-03-09 02:38:52","updated":"2025-09-19 12:01:08"},"aioseo_breadcrumb":"<div class=\"aioseo-breadcrumbs\"><span class=\"aioseo-breadcrumb\">\n\t<a href=\"https:\/\/eldigitaldeasturias.com\/magazine365\" title=\"Home\">Home<\/a>\n<\/span><span class=\"aioseo-breadcrumb-separator\">\u2013<\/span><span class=\"aioseo-breadcrumb\">\n\t<a href=\"https:\/\/eldigitaldeasturias.com\/magazine365\/category\/actualidad-turismo\/\" title=\"Actualidad Turismo\">Actualidad Turismo<\/a>\n<\/span><span class=\"aioseo-breadcrumb-separator\">\u2013<\/span><span class=\"aioseo-breadcrumb\">\n\t<a href=\"https:\/\/eldigitaldeasturias.com\/magazine365\/el-mercado-de-la-vivienda-vacacional-da-senales-de-recuperacion-en-las-costas-de-malaga-y-cadiz\/\" title=\"El mercado de la vivienda vacacional da se\u00f1ales de recuperaci\u00f3n en las costas de M\u00e1laga y C\u00e1diz\">El mercado de la vivienda vacacional da se\u00f1ales de recuperaci\u00f3n en las costas de M\u00e1laga y C\u00e1diz<\/a>\n<\/span><\/div>","aioseo_breadcrumb_json":[{"label":"Home","link":"https:\/\/eldigitaldeasturias.com\/magazine365"},{"label":"Actualidad Turismo","link":"https:\/\/eldigitaldeasturias.com\/magazine365\/category\/actualidad-turismo\/"},{"label":"El mercado de la vivienda vacacional da se\u00f1ales de recuperaci\u00f3n en las costas de M\u00e1laga y C\u00e1diz","link":"https:\/\/eldigitaldeasturias.com\/magazine365\/el-mercado-de-la-vivienda-vacacional-da-senales-de-recuperacion-en-las-costas-de-malaga-y-cadiz\/"}],"_links":{"self":[{"href":"https:\/\/eldigitaldeasturias.com\/magazine365\/wp-json\/wp\/v2\/posts\/39624","targetHints":{"allow":["GET"]}}],"collection":[{"href":"https:\/\/eldigitaldeasturias.com\/magazine365\/wp-json\/wp\/v2\/posts"}],"about":[{"href":"https:\/\/eldigitaldeasturias.com\/magazine365\/wp-json\/wp\/v2\/types\/post"}],"author":[{"embeddable":true,"href":"https:\/\/eldigitaldeasturias.com\/magazine365\/wp-json\/wp\/v2\/users\/1"}],"replies":[{"embeddable":true,"href":"https:\/\/eldigitaldeasturias.com\/magazine365\/wp-json\/wp\/v2\/comments?post=39624"}],"version-history":[{"count":0,"href":"https:\/\/eldigitaldeasturias.com\/magazine365\/wp-json\/wp\/v2\/posts\/39624\/revisions"}],"wp:featuredmedia":[{"embeddable":true,"href":"https:\/\/eldigitaldeasturias.com\/magazine365\/wp-json\/wp\/v2\/media\/39625"}],"wp:attachment":[{"href":"https:\/\/eldigitaldeasturias.com\/magazine365\/wp-json\/wp\/v2\/media?parent=39624"}],"wp:term":[{"taxonomy":"category","embeddable":true,"href":"https:\/\/eldigitaldeasturias.com\/magazine365\/wp-json\/wp\/v2\/categories?post=39624"},{"taxonomy":"post_tag","embeddable":true,"href":"https:\/\/eldigitaldeasturias.com\/magazine365\/wp-json\/wp\/v2\/tags?post=39624"}],"curies":[{"name":"wp","href":"https:\/\/api.w.org\/{rel}","templated":true}]}}