{"id":39619,"date":"2015-06-12T01:12:50","date_gmt":"2015-06-11T23:42:50","guid":{"rendered":"http:\/\/eldigitaldeasturias.com\/magazine365\/?p=39619"},"modified":"2015-06-12T01:12:50","modified_gmt":"2015-06-11T23:42:50","slug":"la-ue-calcula-que-entre-en-vigor-a-finales-de-ano-la-exencion-de-visados-a-peru-y-colombia","status":"publish","type":"post","link":"https:\/\/eldigitaldeasturias.com\/magazine365\/la-ue-calcula-que-entre-en-vigor-a-finales-de-ano-la-exencion-de-visados-a-peru-y-colombia\/","title":{"rendered":"La UE calcula que entre en vigor \u00aba finales de a\u00f1o\u00bb la exenci\u00f3n de visados a Per\u00fa y Colombia"},"content":{"rendered":"<p>La alta representante de Pol\u00edtica Exterior de la Uni\u00f3n Europea, Federica Mogherini, ha asegurado este mi\u00e9rcoles que la exenci\u00f3n de visados de corta duraci\u00f3n para los ciudadanos de Per\u00fa y Colombia que viajen a territorio comunitario entrar\u00e1 en vigor \u00aba finales de a\u00f1o\u00bb.<\/p>\n<p>\u00abSer\u00e1 una realidad a finales de a\u00f1o\u00bb, ha prometido la jefa de la diplomacia europea en la ceremonia en la que se ha rubricado un acuerdo, que a\u00fan debe cumplir varios pasos para ser ratificado formalmente en la UE.<\/p>\n<p>Mogherini ha aplaudido que el fin de los visados para estancias m\u00e1ximas de 90 d\u00edas dar\u00e1 \u00abun nuevo impulso\u00bb a las relaciones entre las dos regiones, que ya son \u00abmuy intensas\u00bb.<\/p>\n<p>La r\u00fabrica no es el paso definitivo para la entrada en vigor de esta medida, sino un paso intermedio necesario para su tramitaci\u00f3n.<\/p>\n<p>El presidente colombiano, Juan Manuel Santos, y el de Per\u00fa, Ollanta Humala, han participado en la ceremonia que se ha celebrado en Bruselas, en los m\u00e1rgenes de la cumbre entre la Uni\u00f3n Europea y los pa\u00edses de Am\u00e9rica Latina y Caribe (UE-CELAC).<\/p>\n<p>Tras la ceremonia oficial, Santos y Humala se han reunido al presidente del Gobierno, Mariano Rajoy, para escenificar en una imagen ante los medios el agradecimiento a Espa\u00f1a por promover esta medida en la UE.<\/p>\n<p>Antes, el propio Humala agradec\u00eda ante Mogherini las gestiones del Gobierno de Rajoy. \u00ab(Agradecimiento a) Espa\u00f1a, que ha sido un pa\u00eds que impuls\u00f3 con mucha actividad, mucha iniciativa y dinamismo esto que hoy dia estamos culminando\u00bb, ha declarado.<\/p>\n<p>Santos, por su parte, ha destacado que los colombianos que \u00aba\u00f1oran visitar a sus familiares en Europa y no han podido hacerlo\u00bb hasta ahora \u00abs\u00ed podr\u00e1n hacerlo esta navidad\u00bb.<\/p>\n<p>A su llegada a la cumbre, Rajoy ha celebrado la decisi\u00f3n de los Veintiocho de poner fin a la exigencia de visados para los ciudadanos de estos dos pa\u00edses y se ha mostrado favorable a extender esta ventaja tambi\u00e9n a los nacionales de Ecuador.<\/p>\n","protected":false},"excerpt":{"rendered":"<p>La alta representante de Pol\u00edtica Exterior de la Uni\u00f3n Europea, Federica Mogherini, ha asegurado este mi\u00e9rcoles que la exenci\u00f3n de visados de corta duraci\u00f3n para los ciudadanos de Per\u00fa y Colombia que viajen a territorio comunitario entrar\u00e1 en vigor \u00aba finales de a\u00f1o\u00bb. \u00abSer\u00e1 una realidad a finales de a\u00f1o\u00bb, ha prometido la jefa de<\/p>\n","protected":false},"author":1,"featured_media":39092,"comment_status":"open","ping_status":"closed","sticky":false,"template":"","format":"standard","meta":{"footnotes":""},"categories":[224],"tags":[],"class_list":{"0":"post-39619","1":"post","2":"type-post","3":"status-publish","4":"format-standard","5":"has-post-thumbnail","7":"category-noticias-actualidad"},"aioseo_notices":[],"aioseo_head":"\n\t\t<!-- All in One SEO Pro 4.9.6.1 - aioseo.com -->\n\t<meta name=\"description\" content=\"La alta representante de Pol\u00edtica Exterior de la Uni\u00f3n Europea, Federica Mogherini, ha asegurado este mi\u00e9rcoles que la exenci\u00f3n de visados de corta duraci\u00f3n para los ciudadanos de Per\u00fa y Colombia que viajen a territorio comunitario entrar\u00e1 en vigor &quot;a finales de a\u00f1o&quot;. &quot;Ser\u00e1 una realidad a finales de a\u00f1o&quot;, ha prometido la jefa de\" \/>\n\t<meta name=\"robots\" content=\"max-image-preview:large\" \/>\n\t<meta name=\"author\" content=\"admin\"\/>\n\t<meta name=\"google-site-verification\" content=\"UA-38556648-1\" \/>\n\t<meta name=\"keywords\" content=\"noticias y actualidad\" \/>\n\t<link rel=\"canonical\" href=\"https:\/\/eldigitaldeasturias.com\/magazine365\/la-ue-calcula-que-entre-en-vigor-a-finales-de-ano-la-exencion-de-visados-a-peru-y-colombia\/\" \/>\n\t<meta name=\"generator\" content=\"All in One SEO Pro (AIOSEO) 4.9.6.1\" \/>\n\t\t<meta property=\"og:locale\" content=\"es_ES\" \/>\n\t\t<meta property=\"og:site_name\" content=\"El Digital de Asturias \u2013 Revista de ocio, turismo y estilo de vida\" \/>\n\t\t<meta property=\"og:type\" content=\"article\" \/>\n\t\t<meta property=\"og:title\" content=\"La UE calcula que entre en vigor \u00aba finales de a\u00f1o\u00bb la exenci\u00f3n de visados a Per\u00fa y Colombia | El Digital de Asturias\" \/>\n\t\t<meta property=\"og:description\" content=\"La alta representante de Pol\u00edtica Exterior de la Uni\u00f3n Europea, Federica Mogherini, ha asegurado este mi\u00e9rcoles que la exenci\u00f3n de visados de corta duraci\u00f3n para los ciudadanos de Per\u00fa y Colombia que viajen a territorio comunitario entrar\u00e1 en vigor &quot;a finales de a\u00f1o&quot;. &quot;Ser\u00e1 una realidad a finales de a\u00f1o&quot;, ha prometido la jefa de\" \/>\n\t\t<meta property=\"og:url\" content=\"https:\/\/eldigitaldeasturias.com\/magazine365\/la-ue-calcula-que-entre-en-vigor-a-finales-de-ano-la-exencion-de-visados-a-peru-y-colombia\/\" \/>\n\t\t<meta property=\"og:image\" content=\"https:\/\/eldigitaldeasturias.com\/magazine365\/wp-content\/uploads\/2015\/06\/aeropuerto.jpg\" \/>\n\t\t<meta property=\"og:image:secure_url\" content=\"https:\/\/eldigitaldeasturias.com\/magazine365\/wp-content\/uploads\/2015\/06\/aeropuerto.jpg\" \/>\n\t\t<meta property=\"og:image:width\" content=\"800\" \/>\n\t\t<meta property=\"og:image:height\" content=\"531\" \/>\n\t\t<meta property=\"article:published_time\" content=\"2015-06-11T23:42:50+00:00\" \/>\n\t\t<meta property=\"article:modified_time\" content=\"2015-06-11T23:42:50+00:00\" \/>\n\t\t<meta name=\"twitter:card\" content=\"summary_large_image\" \/>\n\t\t<meta name=\"twitter:title\" content=\"La UE calcula que entre en vigor \u00aba finales de a\u00f1o\u00bb la exenci\u00f3n de visados a Per\u00fa y Colombia | El Digital de Asturias\" \/>\n\t\t<meta name=\"twitter:description\" content=\"La alta representante de Pol\u00edtica Exterior de la Uni\u00f3n Europea, Federica Mogherini, ha asegurado este mi\u00e9rcoles que la exenci\u00f3n de visados de corta duraci\u00f3n para los ciudadanos de Per\u00fa y Colombia que viajen a territorio comunitario entrar\u00e1 en vigor &quot;a finales de a\u00f1o&quot;. &quot;Ser\u00e1 una realidad a finales de a\u00f1o&quot;, ha prometido la jefa de\" \/>\n\t\t<meta name=\"twitter:image\" content=\"https:\/\/eldigitaldeasturias.com\/magazine365\/wp-content\/uploads\/2015\/06\/aeropuerto.jpg\" \/>\n\t\t<script type=\"application\/ld+json\" class=\"aioseo-schema\">\n\t\t\t{\"@context\":\"https:\\\/\\\/schema.org\",\"@graph\":[{\"@type\":\"Article\",\"@id\":\"https:\\\/\\\/eldigitaldeasturias.com\\\/magazine365\\\/la-ue-calcula-que-entre-en-vigor-a-finales-de-ano-la-exencion-de-visados-a-peru-y-colombia\\\/#article\",\"name\":\"La UE calcula que entre en vigor \\u00aba finales de a\\u00f1o\\u00bb la exenci\\u00f3n de visados a Per\\u00fa y Colombia | El Digital de Asturias\",\"headline\":\"La UE calcula que entre en vigor \\u00aba finales de a\\u00f1o\\u00bb la exenci\\u00f3n de visados a Per\\u00fa y Colombia\",\"author\":{\"@id\":\"https:\\\/\\\/eldigitaldeasturias.com\\\/magazine365\\\/author\\\/admin\\\/#author\"},\"publisher\":{\"@id\":\"https:\\\/\\\/eldigitaldeasturias.com\\\/magazine365\\\/#organization\"},\"image\":{\"@type\":\"ImageObject\",\"url\":\"https:\\\/\\\/eldigitaldeasturias.com\\\/magazine365\\\/wp-content\\\/uploads\\\/2015\\\/06\\\/aeropuerto.jpg\",\"width\":800,\"height\":531},\"datePublished\":\"2015-06-12T01:12:50+02:00\",\"dateModified\":\"2015-06-12T01:12:50+02:00\",\"inLanguage\":\"es-ES\",\"mainEntityOfPage\":{\"@id\":\"https:\\\/\\\/eldigitaldeasturias.com\\\/magazine365\\\/la-ue-calcula-que-entre-en-vigor-a-finales-de-ano-la-exencion-de-visados-a-peru-y-colombia\\\/#webpage\"},\"isPartOf\":{\"@id\":\"https:\\\/\\\/eldigitaldeasturias.com\\\/magazine365\\\/la-ue-calcula-que-entre-en-vigor-a-finales-de-ano-la-exencion-de-visados-a-peru-y-colombia\\\/#webpage\"},\"articleSection\":\"Noticias y Actualidad\"},{\"@type\":\"BreadcrumbList\",\"@id\":\"https:\\\/\\\/eldigitaldeasturias.com\\\/magazine365\\\/la-ue-calcula-que-entre-en-vigor-a-finales-de-ano-la-exencion-de-visados-a-peru-y-colombia\\\/#breadcrumblist\",\"itemListElement\":[{\"@type\":\"ListItem\",\"@id\":\"https:\\\/\\\/eldigitaldeasturias.com\\\/magazine365#listItem\",\"position\":1,\"name\":\"Home\",\"item\":\"https:\\\/\\\/eldigitaldeasturias.com\\\/magazine365\",\"nextItem\":{\"@type\":\"ListItem\",\"@id\":\"https:\\\/\\\/eldigitaldeasturias.com\\\/magazine365\\\/category\\\/noticias-actualidad\\\/#listItem\",\"name\":\"Noticias y Actualidad\"}},{\"@type\":\"ListItem\",\"@id\":\"https:\\\/\\\/eldigitaldeasturias.com\\\/magazine365\\\/category\\\/noticias-actualidad\\\/#listItem\",\"position\":2,\"name\":\"Noticias y Actualidad\",\"item\":\"https:\\\/\\\/eldigitaldeasturias.com\\\/magazine365\\\/category\\\/noticias-actualidad\\\/\",\"nextItem\":{\"@type\":\"ListItem\",\"@id\":\"https:\\\/\\\/eldigitaldeasturias.com\\\/magazine365\\\/la-ue-calcula-que-entre-en-vigor-a-finales-de-ano-la-exencion-de-visados-a-peru-y-colombia\\\/#listItem\",\"name\":\"La UE calcula que entre en vigor \\u00aba finales de a\\u00f1o\\u00bb la exenci\\u00f3n de visados a Per\\u00fa y Colombia\"},\"previousItem\":{\"@type\":\"ListItem\",\"@id\":\"https:\\\/\\\/eldigitaldeasturias.com\\\/magazine365#listItem\",\"name\":\"Home\"}},{\"@type\":\"ListItem\",\"@id\":\"https:\\\/\\\/eldigitaldeasturias.com\\\/magazine365\\\/la-ue-calcula-que-entre-en-vigor-a-finales-de-ano-la-exencion-de-visados-a-peru-y-colombia\\\/#listItem\",\"position\":3,\"name\":\"La UE calcula que entre en vigor \\u00aba finales de a\\u00f1o\\u00bb la exenci\\u00f3n de visados a Per\\u00fa y Colombia\",\"previousItem\":{\"@type\":\"ListItem\",\"@id\":\"https:\\\/\\\/eldigitaldeasturias.com\\\/magazine365\\\/category\\\/noticias-actualidad\\\/#listItem\",\"name\":\"Noticias y Actualidad\"}}]},{\"@type\":\"Organization\",\"@id\":\"https:\\\/\\\/eldigitaldeasturias.com\\\/magazine365\\\/#organization\",\"name\":\"El digital de Asturias\",\"description\":\"Revista de ocio, turismo y estilo de vida\",\"url\":\"https:\\\/\\\/eldigitaldeasturias.com\\\/magazine365\\\/\",\"logo\":{\"@type\":\"ImageObject\",\"url\":\"https:\\\/\\\/www.eldigitaldeasturias.com\\\/noticias\\\/wp-content\\\/uploads\\\/2020\\\/12\\\/EDA.jpg\",\"@id\":\"https:\\\/\\\/eldigitaldeasturias.com\\\/magazine365\\\/la-ue-calcula-que-entre-en-vigor-a-finales-de-ano-la-exencion-de-visados-a-peru-y-colombia\\\/#organizationLogo\"},\"image\":{\"@id\":\"https:\\\/\\\/eldigitaldeasturias.com\\\/magazine365\\\/la-ue-calcula-que-entre-en-vigor-a-finales-de-ano-la-exencion-de-visados-a-peru-y-colombia\\\/#organizationLogo\"}},{\"@type\":\"Person\",\"@id\":\"https:\\\/\\\/eldigitaldeasturias.com\\\/magazine365\\\/author\\\/admin\\\/#author\",\"url\":\"https:\\\/\\\/eldigitaldeasturias.com\\\/magazine365\\\/author\\\/admin\\\/\",\"name\":\"admin\",\"image\":{\"@type\":\"ImageObject\",\"@id\":\"https:\\\/\\\/eldigitaldeasturias.com\\\/magazine365\\\/la-ue-calcula-que-entre-en-vigor-a-finales-de-ano-la-exencion-de-visados-a-peru-y-colombia\\\/#authorImage\",\"url\":\"https:\\\/\\\/eldigitaldeasturias.com\\\/magazine365\\\/wp-content\\\/litespeed\\\/avatar\\\/e571bcf59a0edd6fa6838245a470f2fe.jpg?ver=1776969259\",\"width\":96,\"height\":96,\"caption\":\"admin\"}},{\"@type\":\"WebPage\",\"@id\":\"https:\\\/\\\/eldigitaldeasturias.com\\\/magazine365\\\/la-ue-calcula-que-entre-en-vigor-a-finales-de-ano-la-exencion-de-visados-a-peru-y-colombia\\\/#webpage\",\"url\":\"https:\\\/\\\/eldigitaldeasturias.com\\\/magazine365\\\/la-ue-calcula-que-entre-en-vigor-a-finales-de-ano-la-exencion-de-visados-a-peru-y-colombia\\\/\",\"name\":\"La UE calcula que entre en vigor \\u00aba finales de a\\u00f1o\\u00bb la exenci\\u00f3n de visados a Per\\u00fa y Colombia | El Digital de Asturias\",\"description\":\"La alta representante de Pol\\u00edtica Exterior de la Uni\\u00f3n Europea, Federica Mogherini, ha asegurado este mi\\u00e9rcoles que la exenci\\u00f3n de visados de corta duraci\\u00f3n para los ciudadanos de Per\\u00fa y Colombia que viajen a territorio comunitario entrar\\u00e1 en vigor \\\"a finales de a\\u00f1o\\\". \\\"Ser\\u00e1 una realidad a finales de a\\u00f1o\\\", ha prometido la jefa de\",\"inLanguage\":\"es-ES\",\"isPartOf\":{\"@id\":\"https:\\\/\\\/eldigitaldeasturias.com\\\/magazine365\\\/#website\"},\"breadcrumb\":{\"@id\":\"https:\\\/\\\/eldigitaldeasturias.com\\\/magazine365\\\/la-ue-calcula-que-entre-en-vigor-a-finales-de-ano-la-exencion-de-visados-a-peru-y-colombia\\\/#breadcrumblist\"},\"author\":{\"@id\":\"https:\\\/\\\/eldigitaldeasturias.com\\\/magazine365\\\/author\\\/admin\\\/#author\"},\"creator\":{\"@id\":\"https:\\\/\\\/eldigitaldeasturias.com\\\/magazine365\\\/author\\\/admin\\\/#author\"},\"image\":{\"@type\":\"ImageObject\",\"url\":\"https:\\\/\\\/eldigitaldeasturias.com\\\/magazine365\\\/wp-content\\\/uploads\\\/2015\\\/06\\\/aeropuerto.jpg\",\"@id\":\"https:\\\/\\\/eldigitaldeasturias.com\\\/magazine365\\\/la-ue-calcula-que-entre-en-vigor-a-finales-de-ano-la-exencion-de-visados-a-peru-y-colombia\\\/#mainImage\",\"width\":800,\"height\":531},\"primaryImageOfPage\":{\"@id\":\"https:\\\/\\\/eldigitaldeasturias.com\\\/magazine365\\\/la-ue-calcula-que-entre-en-vigor-a-finales-de-ano-la-exencion-de-visados-a-peru-y-colombia\\\/#mainImage\"},\"datePublished\":\"2015-06-12T01:12:50+02:00\",\"dateModified\":\"2015-06-12T01:12:50+02:00\"},{\"@type\":\"WebSite\",\"@id\":\"https:\\\/\\\/eldigitaldeasturias.com\\\/magazine365\\\/#website\",\"url\":\"https:\\\/\\\/eldigitaldeasturias.com\\\/magazine365\\\/\",\"name\":\"El Digital de Asturias\",\"description\":\"Revista de ocio, turismo y estilo de vida\",\"inLanguage\":\"es-ES\",\"publisher\":{\"@id\":\"https:\\\/\\\/eldigitaldeasturias.com\\\/magazine365\\\/#organization\"}}]}\n\t\t<\/script>\n\t\t<!-- All in One SEO Pro -->\r\n\t\t<title>La UE calcula que entre en vigor \u00aba finales de a\u00f1o\u00bb la exenci\u00f3n de visados a Per\u00fa y Colombia | El Digital de Asturias<\/title>\n\n","aioseo_head_json":{"title":"La UE calcula que entre en vigor \u00aba finales de a\u00f1o\u00bb la exenci\u00f3n de visados a Per\u00fa y Colombia | El Digital de Asturias","description":"La alta representante de Pol\u00edtica Exterior de la Uni\u00f3n Europea, Federica Mogherini, ha asegurado este mi\u00e9rcoles que la exenci\u00f3n de visados de corta duraci\u00f3n para los ciudadanos de Per\u00fa y Colombia que viajen a territorio comunitario entrar\u00e1 en vigor \"a finales de a\u00f1o\". \"Ser\u00e1 una realidad a finales de a\u00f1o\", ha prometido la jefa de","canonical_url":"https:\/\/eldigitaldeasturias.com\/magazine365\/la-ue-calcula-que-entre-en-vigor-a-finales-de-ano-la-exencion-de-visados-a-peru-y-colombia\/","robots":"max-image-preview:large","keywords":"noticias y actualidad","webmasterTools":{"google-site-verification":"UA-38556648-1","miscellaneous":""},"schema":{"@context":"https:\/\/schema.org","@graph":[{"@type":"Article","@id":"https:\/\/eldigitaldeasturias.com\/magazine365\/la-ue-calcula-que-entre-en-vigor-a-finales-de-ano-la-exencion-de-visados-a-peru-y-colombia\/#article","name":"La UE calcula que entre en vigor \u00aba finales de a\u00f1o\u00bb la exenci\u00f3n de visados a Per\u00fa y Colombia | El Digital de Asturias","headline":"La UE calcula que entre en vigor \u00aba finales de a\u00f1o\u00bb la exenci\u00f3n de visados a Per\u00fa y Colombia","author":{"@id":"https:\/\/eldigitaldeasturias.com\/magazine365\/author\/admin\/#author"},"publisher":{"@id":"https:\/\/eldigitaldeasturias.com\/magazine365\/#organization"},"image":{"@type":"ImageObject","url":"https:\/\/eldigitaldeasturias.com\/magazine365\/wp-content\/uploads\/2015\/06\/aeropuerto.jpg","width":800,"height":531},"datePublished":"2015-06-12T01:12:50+02:00","dateModified":"2015-06-12T01:12:50+02:00","inLanguage":"es-ES","mainEntityOfPage":{"@id":"https:\/\/eldigitaldeasturias.com\/magazine365\/la-ue-calcula-que-entre-en-vigor-a-finales-de-ano-la-exencion-de-visados-a-peru-y-colombia\/#webpage"},"isPartOf":{"@id":"https:\/\/eldigitaldeasturias.com\/magazine365\/la-ue-calcula-que-entre-en-vigor-a-finales-de-ano-la-exencion-de-visados-a-peru-y-colombia\/#webpage"},"articleSection":"Noticias y Actualidad"},{"@type":"BreadcrumbList","@id":"https:\/\/eldigitaldeasturias.com\/magazine365\/la-ue-calcula-que-entre-en-vigor-a-finales-de-ano-la-exencion-de-visados-a-peru-y-colombia\/#breadcrumblist","itemListElement":[{"@type":"ListItem","@id":"https:\/\/eldigitaldeasturias.com\/magazine365#listItem","position":1,"name":"Home","item":"https:\/\/eldigitaldeasturias.com\/magazine365","nextItem":{"@type":"ListItem","@id":"https:\/\/eldigitaldeasturias.com\/magazine365\/category\/noticias-actualidad\/#listItem","name":"Noticias y Actualidad"}},{"@type":"ListItem","@id":"https:\/\/eldigitaldeasturias.com\/magazine365\/category\/noticias-actualidad\/#listItem","position":2,"name":"Noticias y Actualidad","item":"https:\/\/eldigitaldeasturias.com\/magazine365\/category\/noticias-actualidad\/","nextItem":{"@type":"ListItem","@id":"https:\/\/eldigitaldeasturias.com\/magazine365\/la-ue-calcula-que-entre-en-vigor-a-finales-de-ano-la-exencion-de-visados-a-peru-y-colombia\/#listItem","name":"La UE calcula que entre en vigor \u00aba finales de a\u00f1o\u00bb la exenci\u00f3n de visados a Per\u00fa y Colombia"},"previousItem":{"@type":"ListItem","@id":"https:\/\/eldigitaldeasturias.com\/magazine365#listItem","name":"Home"}},{"@type":"ListItem","@id":"https:\/\/eldigitaldeasturias.com\/magazine365\/la-ue-calcula-que-entre-en-vigor-a-finales-de-ano-la-exencion-de-visados-a-peru-y-colombia\/#listItem","position":3,"name":"La UE calcula que entre en vigor \u00aba finales de a\u00f1o\u00bb la exenci\u00f3n de visados a Per\u00fa y Colombia","previousItem":{"@type":"ListItem","@id":"https:\/\/eldigitaldeasturias.com\/magazine365\/category\/noticias-actualidad\/#listItem","name":"Noticias y Actualidad"}}]},{"@type":"Organization","@id":"https:\/\/eldigitaldeasturias.com\/magazine365\/#organization","name":"El digital de Asturias","description":"Revista de ocio, turismo y estilo de vida","url":"https:\/\/eldigitaldeasturias.com\/magazine365\/","logo":{"@type":"ImageObject","url":"https:\/\/www.eldigitaldeasturias.com\/noticias\/wp-content\/uploads\/2020\/12\/EDA.jpg","@id":"https:\/\/eldigitaldeasturias.com\/magazine365\/la-ue-calcula-que-entre-en-vigor-a-finales-de-ano-la-exencion-de-visados-a-peru-y-colombia\/#organizationLogo"},"image":{"@id":"https:\/\/eldigitaldeasturias.com\/magazine365\/la-ue-calcula-que-entre-en-vigor-a-finales-de-ano-la-exencion-de-visados-a-peru-y-colombia\/#organizationLogo"}},{"@type":"Person","@id":"https:\/\/eldigitaldeasturias.com\/magazine365\/author\/admin\/#author","url":"https:\/\/eldigitaldeasturias.com\/magazine365\/author\/admin\/","name":"admin","image":{"@type":"ImageObject","@id":"https:\/\/eldigitaldeasturias.com\/magazine365\/la-ue-calcula-que-entre-en-vigor-a-finales-de-ano-la-exencion-de-visados-a-peru-y-colombia\/#authorImage","url":"https:\/\/eldigitaldeasturias.com\/magazine365\/wp-content\/litespeed\/avatar\/e571bcf59a0edd6fa6838245a470f2fe.jpg?ver=1776969259","width":96,"height":96,"caption":"admin"}},{"@type":"WebPage","@id":"https:\/\/eldigitaldeasturias.com\/magazine365\/la-ue-calcula-que-entre-en-vigor-a-finales-de-ano-la-exencion-de-visados-a-peru-y-colombia\/#webpage","url":"https:\/\/eldigitaldeasturias.com\/magazine365\/la-ue-calcula-que-entre-en-vigor-a-finales-de-ano-la-exencion-de-visados-a-peru-y-colombia\/","name":"La UE calcula que entre en vigor \u00aba finales de a\u00f1o\u00bb la exenci\u00f3n de visados a Per\u00fa y Colombia | El Digital de Asturias","description":"La alta representante de Pol\u00edtica Exterior de la Uni\u00f3n Europea, Federica Mogherini, ha asegurado este mi\u00e9rcoles que la exenci\u00f3n de visados de corta duraci\u00f3n para los ciudadanos de Per\u00fa y Colombia que viajen a territorio comunitario entrar\u00e1 en vigor \"a finales de a\u00f1o\". \"Ser\u00e1 una realidad a finales de a\u00f1o\", ha prometido la jefa de","inLanguage":"es-ES","isPartOf":{"@id":"https:\/\/eldigitaldeasturias.com\/magazine365\/#website"},"breadcrumb":{"@id":"https:\/\/eldigitaldeasturias.com\/magazine365\/la-ue-calcula-que-entre-en-vigor-a-finales-de-ano-la-exencion-de-visados-a-peru-y-colombia\/#breadcrumblist"},"author":{"@id":"https:\/\/eldigitaldeasturias.com\/magazine365\/author\/admin\/#author"},"creator":{"@id":"https:\/\/eldigitaldeasturias.com\/magazine365\/author\/admin\/#author"},"image":{"@type":"ImageObject","url":"https:\/\/eldigitaldeasturias.com\/magazine365\/wp-content\/uploads\/2015\/06\/aeropuerto.jpg","@id":"https:\/\/eldigitaldeasturias.com\/magazine365\/la-ue-calcula-que-entre-en-vigor-a-finales-de-ano-la-exencion-de-visados-a-peru-y-colombia\/#mainImage","width":800,"height":531},"primaryImageOfPage":{"@id":"https:\/\/eldigitaldeasturias.com\/magazine365\/la-ue-calcula-que-entre-en-vigor-a-finales-de-ano-la-exencion-de-visados-a-peru-y-colombia\/#mainImage"},"datePublished":"2015-06-12T01:12:50+02:00","dateModified":"2015-06-12T01:12:50+02:00"},{"@type":"WebSite","@id":"https:\/\/eldigitaldeasturias.com\/magazine365\/#website","url":"https:\/\/eldigitaldeasturias.com\/magazine365\/","name":"El Digital de Asturias","description":"Revista de ocio, turismo y estilo de vida","inLanguage":"es-ES","publisher":{"@id":"https:\/\/eldigitaldeasturias.com\/magazine365\/#organization"}}]},"og:locale":"es_ES","og:site_name":"El Digital de Asturias \u2013 Revista de ocio, turismo y estilo de vida","og:type":"article","og:title":"La UE calcula que entre en vigor \u00aba finales de a\u00f1o\u00bb la exenci\u00f3n de visados a Per\u00fa y Colombia | El Digital de Asturias","og:description":"La alta representante de Pol\u00edtica Exterior de la Uni\u00f3n Europea, Federica Mogherini, ha asegurado este mi\u00e9rcoles que la exenci\u00f3n de visados de corta duraci\u00f3n para los ciudadanos de Per\u00fa y Colombia que viajen a territorio comunitario entrar\u00e1 en vigor &quot;a finales de a\u00f1o&quot;. &quot;Ser\u00e1 una realidad a finales de a\u00f1o&quot;, ha prometido la jefa de","og:url":"https:\/\/eldigitaldeasturias.com\/magazine365\/la-ue-calcula-que-entre-en-vigor-a-finales-de-ano-la-exencion-de-visados-a-peru-y-colombia\/","og:image":"https:\/\/eldigitaldeasturias.com\/magazine365\/wp-content\/uploads\/2015\/06\/aeropuerto.jpg","og:image:secure_url":"https:\/\/eldigitaldeasturias.com\/magazine365\/wp-content\/uploads\/2015\/06\/aeropuerto.jpg","og:image:width":800,"og:image:height":531,"article:published_time":"2015-06-11T23:42:50+00:00","article:modified_time":"2015-06-11T23:42:50+00:00","twitter:card":"summary_large_image","twitter:title":"La UE calcula que entre en vigor \u00aba finales de a\u00f1o\u00bb la exenci\u00f3n de visados a Per\u00fa y Colombia | El Digital de Asturias","twitter:description":"La alta representante de Pol\u00edtica Exterior de la Uni\u00f3n Europea, Federica Mogherini, ha asegurado este mi\u00e9rcoles que la exenci\u00f3n de visados de corta duraci\u00f3n para los ciudadanos de Per\u00fa y Colombia que viajen a territorio comunitario entrar\u00e1 en vigor &quot;a finales de a\u00f1o&quot;. &quot;Ser\u00e1 una realidad a finales de a\u00f1o&quot;, ha prometido la jefa de","twitter:image":"https:\/\/eldigitaldeasturias.com\/magazine365\/wp-content\/uploads\/2015\/06\/aeropuerto.jpg"},"aioseo_meta_data":{"post_id":"39619","title":null,"description":null,"keywords":null,"keyphrases":null,"primary_term":null,"canonical_url":null,"og_title":null,"og_description":null,"og_object_type":"default","og_image_type":"default","og_image_url":null,"og_image_width":null,"og_image_height":null,"og_image_custom_url":null,"og_image_custom_fields":null,"og_video":null,"og_custom_url":null,"og_article_section":null,"og_article_tags":null,"twitter_use_og":false,"twitter_card":"default","twitter_image_type":"default","twitter_image_url":null,"twitter_image_custom_url":null,"twitter_image_custom_fields":null,"twitter_title":null,"twitter_description":null,"schema":{"blockGraphs":[],"customGraphs":[],"default":{"data":{"Article":[],"Course":[],"Dataset":[],"FAQPage":[],"Movie":[],"Person":[],"Product":[],"ProductReview":[],"Car":[],"Recipe":[],"Service":[],"SoftwareApplication":[],"WebPage":[]},"graphName":"","isEnabled":true},"graphs":[],"defaultGraph":"","defaultPostTypeGraph":""},"schema_type":null,"schema_type_options":null,"pillar_content":false,"robots_default":true,"robots_noindex":false,"robots_noarchive":false,"robots_nosnippet":false,"robots_nofollow":false,"robots_noimageindex":false,"robots_noodp":false,"robots_notranslate":false,"robots_max_snippet":null,"robots_max_videopreview":null,"robots_max_imagepreview":"large","priority":null,"frequency":null,"location":null,"local_seo":null,"seo_analyzer_scan_date":"2025-09-19 11:59:29","breadcrumb_settings":null,"limit_modified_date":false,"open_ai":null,"ai":null,"created":"2021-03-09 02:38:52","updated":"2025-09-19 11:59:29"},"aioseo_breadcrumb":"<div class=\"aioseo-breadcrumbs\"><span class=\"aioseo-breadcrumb\">\n\t<a href=\"https:\/\/eldigitaldeasturias.com\/magazine365\" title=\"Home\">Home<\/a>\n<\/span><span class=\"aioseo-breadcrumb-separator\">\u2013<\/span><span class=\"aioseo-breadcrumb\">\n\t<a href=\"https:\/\/eldigitaldeasturias.com\/magazine365\/category\/noticias-actualidad\/\" title=\"Noticias y Actualidad\">Noticias y Actualidad<\/a>\n<\/span><span class=\"aioseo-breadcrumb-separator\">\u2013<\/span><span class=\"aioseo-breadcrumb\">\n\t<a href=\"https:\/\/eldigitaldeasturias.com\/magazine365\/la-ue-calcula-que-entre-en-vigor-a-finales-de-ano-la-exencion-de-visados-a-peru-y-colombia\/\" title=\"La UE calcula que entre en vigor \u00aba finales de a\u00f1o\u00bb la exenci\u00f3n de visados a Per\u00fa y Colombia\">La UE calcula que entre en vigor \u00aba finales de a\u00f1o\u00bb la exenci\u00f3n de visados a Per\u00fa y Colombia<\/a>\n<\/span><\/div>","aioseo_breadcrumb_json":[{"label":"Home","link":"https:\/\/eldigitaldeasturias.com\/magazine365"},{"label":"Noticias y Actualidad","link":"https:\/\/eldigitaldeasturias.com\/magazine365\/category\/noticias-actualidad\/"},{"label":"La UE calcula que entre en vigor \u00aba finales de a\u00f1o\u00bb la exenci\u00f3n de visados a Per\u00fa y Colombia","link":"https:\/\/eldigitaldeasturias.com\/magazine365\/la-ue-calcula-que-entre-en-vigor-a-finales-de-ano-la-exencion-de-visados-a-peru-y-colombia\/"}],"_links":{"self":[{"href":"https:\/\/eldigitaldeasturias.com\/magazine365\/wp-json\/wp\/v2\/posts\/39619","targetHints":{"allow":["GET"]}}],"collection":[{"href":"https:\/\/eldigitaldeasturias.com\/magazine365\/wp-json\/wp\/v2\/posts"}],"about":[{"href":"https:\/\/eldigitaldeasturias.com\/magazine365\/wp-json\/wp\/v2\/types\/post"}],"author":[{"embeddable":true,"href":"https:\/\/eldigitaldeasturias.com\/magazine365\/wp-json\/wp\/v2\/users\/1"}],"replies":[{"embeddable":true,"href":"https:\/\/eldigitaldeasturias.com\/magazine365\/wp-json\/wp\/v2\/comments?post=39619"}],"version-history":[{"count":0,"href":"https:\/\/eldigitaldeasturias.com\/magazine365\/wp-json\/wp\/v2\/posts\/39619\/revisions"}],"wp:featuredmedia":[{"embeddable":true,"href":"https:\/\/eldigitaldeasturias.com\/magazine365\/wp-json\/wp\/v2\/media\/39092"}],"wp:attachment":[{"href":"https:\/\/eldigitaldeasturias.com\/magazine365\/wp-json\/wp\/v2\/media?parent=39619"}],"wp:term":[{"taxonomy":"category","embeddable":true,"href":"https:\/\/eldigitaldeasturias.com\/magazine365\/wp-json\/wp\/v2\/categories?post=39619"},{"taxonomy":"post_tag","embeddable":true,"href":"https:\/\/eldigitaldeasturias.com\/magazine365\/wp-json\/wp\/v2\/tags?post=39619"}],"curies":[{"name":"wp","href":"https:\/\/api.w.org\/{rel}","templated":true}]}}