{"id":39616,"date":"2015-06-12T01:04:21","date_gmt":"2015-06-11T23:34:21","guid":{"rendered":"http:\/\/eldigitaldeasturias.com\/magazine365\/?p=39616"},"modified":"2015-06-12T01:04:21","modified_gmt":"2015-06-11T23:34:21","slug":"pastor-defiende-en-la-ue-no-ampliar-de-3-a-5-horas-el-derecho-a-las-indemnizaciones-por-retrasos-en-vuelos","status":"publish","type":"post","link":"https:\/\/eldigitaldeasturias.com\/magazine365\/pastor-defiende-en-la-ue-no-ampliar-de-3-a-5-horas-el-derecho-a-las-indemnizaciones-por-retrasos-en-vuelos\/","title":{"rendered":"Pastor defiende en la UE no ampliar de 3 a 5 horas el derecho a las indemnizaciones por retrasos en vuelos"},"content":{"rendered":"<p><img fetchpriority=\"high\" decoding=\"async\" class=\"alignleft size-medium wp-image-39617\" src=\"https:\/\/eldigitaldeasturias.com\/magazine365\/wp-content\/uploads\/2015\/06\/fotonoticia_20150611150025_800-360x239.jpg\" alt=\"fotonoticia_20150611150025_800\" width=\"360\" height=\"239\" srcset=\"https:\/\/eldigitaldeasturias.com\/magazine365\/wp-content\/uploads\/2015\/06\/fotonoticia_20150611150025_800-360x239.jpg 360w, https:\/\/eldigitaldeasturias.com\/magazine365\/wp-content\/uploads\/2015\/06\/fotonoticia_20150611150025_800-650x432.jpg 650w, https:\/\/eldigitaldeasturias.com\/magazine365\/wp-content\/uploads\/2015\/06\/fotonoticia_20150611150025_800-768x511.jpg 768w, https:\/\/eldigitaldeasturias.com\/magazine365\/wp-content\/uploads\/2015\/06\/fotonoticia_20150611150025_800-150x100.jpg 150w, https:\/\/eldigitaldeasturias.com\/magazine365\/wp-content\/uploads\/2015\/06\/fotonoticia_20150611150025_800-450x299.jpg 450w, https:\/\/eldigitaldeasturias.com\/magazine365\/wp-content\/uploads\/2015\/06\/fotonoticia_20150611150025_800-696x463.jpg 696w, https:\/\/eldigitaldeasturias.com\/magazine365\/wp-content\/uploads\/2015\/06\/fotonoticia_20150611150025_800-632x420.jpg 632w, https:\/\/eldigitaldeasturias.com\/magazine365\/wp-content\/uploads\/2015\/06\/fotonoticia_20150611150025_800-84x55.jpg 84w, https:\/\/eldigitaldeasturias.com\/magazine365\/wp-content\/uploads\/2015\/06\/fotonoticia_20150611150025_800.jpg 800w\" sizes=\"(max-width: 360px) 100vw, 360px\" \/>La ministra de Fomento, Ana Pastor, ha defendido hoy en el Consejo de Ministros de Transportes de la UE, que se celebra en Luxemburgo, que se refuercen los derechos de los pasajeros a\u00e9reos en el nuevo reglamento, y se ha mostrado contraria a que se ampl\u00ede a 5 horas las tres horas actuales que dan derecho a indemnizaci\u00f3n por retraso.<\/p>\n<p>Seg\u00fan las nuevas reglas, que deben ser aprobadas por la Euroc\u00e1mara y los Gobiernos, las compa\u00f1\u00edas a\u00e9reas s\u00f3lo tendr\u00e1n que compensar por retrasos de m\u00e1s de 5 horas (en lugar de 3 horas en la actualidad) y pagar\u00e1n como m\u00e1ximo 3 noches de hotel.<\/p>\n<p>Pastor se ha mostrado en contra de que se modifique el tiempo de retraso establecido para que se tenga derecho a indemnizaci\u00f3n, inform\u00f3 el Ministerio de Fomento.<\/p>\n<p>En estos momentos existen propuestas para ampliarlo de las actuales tres horas a las cinco, algo con lo que Espa\u00f1a no est\u00e1 de acuerdo, ya que defiende que se mantengan los derechos adquiridos por los pasajeros y confirmados por el Tribunal de Justicia de la UE, un aspecto en el que los 28 se muestran divididos.<\/p>\n<p>Bruselas fija adem\u00e1s en 5 horas (en lugar de las 3 horas establecidas en la jurisprudencia del Tribunal de Luxemburgo) el plazo a partir del cual los pasajeros podr\u00e1n pedir una compensaci\u00f3n por retraso en vuelos dentro de la UE e internacionales de menos de 3.500 kil\u00f3metros.<\/p>\n<p>En el caso de los dem\u00e1s vuelos internacionales, el l\u00edmite es de 9 horas para los vuelos de menos de 6.000 km y 12 horas para los vuelos de m\u00e1s de 6.000 km. El objetivo es dar a los transportistas a\u00e9reos un plazo razonable para resolver el problema y animarlos a efectuar el vuelo, en vez de cancelarlo.<\/p>\n<p>NUEVO REGLAMENTO.<\/p>\n<p>El nuevo reglamento del Parlamento Europeo y del Consejo establece las normas comunes sobre compensaci\u00f3n y asistencia a los pasajeros en caso de denegaci\u00f3n de embarque y de cancelaci\u00f3n o gran retraso de los vuelos, y sobre la responsabilidad de las compa\u00f1\u00edas respecto al transporte a\u00e9reo de los pasajeros y su equipaje.<\/p>\n<p>Entre los nuevos derechos de los pasajeros destaca el de poder utilizar el billete de vuelta aunque no se haya usado el de ida; poder rectificar errores en el nombre o apellidos en el billete hasta 48 horas antes de la salida; transportar en cabina instrumentos musicales peque\u00f1os y poder presentar reclamaciones en el propio aeropuerto. Las compa\u00f1\u00edas tendr\u00e1n un plazo m\u00e1ximo de dos meses para responder.<\/p>\n<p>En cuanto a la regulaci\u00f3n de la p\u00e9rdida de vuelo de escala, Pastor ha defendido que la propia norma fije la atenci\u00f3n, asistencia y compensaci\u00f3n al pasajero, en lugar de que todos estos aspectos queden sujetos a la voluntad y negociaci\u00f3n con las compa\u00f1\u00edas implicadas.<\/p>\n<p>Pastor ha pedido tambi\u00e9n que se permita llevar m\u00e1s de un bulto de mano y que se pueda utilizar el billete de vuelta sin haber usado el de ida, frente a las aerol\u00ednea que anulan el regreso si el pasajero no ha disfrutado previamente del viaje de ida.<\/p>\n","protected":false},"excerpt":{"rendered":"<p>La ministra de Fomento, Ana Pastor, ha defendido hoy en el Consejo de Ministros de Transportes de la UE, que se celebra en Luxemburgo, que se refuercen los derechos de los pasajeros a\u00e9reos en el nuevo reglamento, y se ha mostrado contraria a que se ampl\u00ede a 5 horas las tres horas actuales que dan<\/p>\n","protected":false},"author":1,"featured_media":39617,"comment_status":"open","ping_status":"closed","sticky":false,"template":"","format":"standard","meta":{"footnotes":""},"categories":[222],"tags":[],"class_list":{"0":"post-39616","1":"post","2":"type-post","3":"status-publish","4":"format-standard","5":"has-post-thumbnail","7":"category-actualidad-turismo"},"aioseo_notices":[],"aioseo_head":"\n\t\t<!-- All in One SEO Pro 4.9.6.1 - aioseo.com -->\n\t<meta name=\"description\" content=\"La ministra de Fomento, Ana Pastor, ha defendido hoy en el Consejo de Ministros de Transportes de la UE, que se celebra en Luxemburgo, que se refuercen los derechos de los pasajeros a\u00e9reos en el nuevo reglamento, y se ha mostrado contraria a que se ampl\u00ede a 5 horas las tres horas actuales que dan\" \/>\n\t<meta name=\"robots\" content=\"max-image-preview:large\" \/>\n\t<meta name=\"author\" content=\"admin\"\/>\n\t<meta name=\"google-site-verification\" content=\"UA-38556648-1\" \/>\n\t<meta name=\"keywords\" content=\"actualidad turismo\" \/>\n\t<link rel=\"canonical\" href=\"https:\/\/eldigitaldeasturias.com\/magazine365\/pastor-defiende-en-la-ue-no-ampliar-de-3-a-5-horas-el-derecho-a-las-indemnizaciones-por-retrasos-en-vuelos\/\" \/>\n\t<meta name=\"generator\" content=\"All in One SEO Pro (AIOSEO) 4.9.6.1\" \/>\n\t\t<meta property=\"og:locale\" content=\"es_ES\" \/>\n\t\t<meta property=\"og:site_name\" content=\"El Digital de Asturias \u2013 Revista de ocio, turismo y estilo de vida\" \/>\n\t\t<meta property=\"og:type\" content=\"article\" \/>\n\t\t<meta property=\"og:title\" content=\"Pastor defiende en la UE no ampliar de 3 a 5 horas el derecho a las indemnizaciones por retrasos en vuelos | El Digital de Asturias\" \/>\n\t\t<meta property=\"og:description\" content=\"La ministra de Fomento, Ana Pastor, ha defendido hoy en el Consejo de Ministros de Transportes de la UE, que se celebra en Luxemburgo, que se refuercen los derechos de los pasajeros a\u00e9reos en el nuevo reglamento, y se ha mostrado contraria a que se ampl\u00ede a 5 horas las tres horas actuales que dan\" \/>\n\t\t<meta property=\"og:url\" content=\"https:\/\/eldigitaldeasturias.com\/magazine365\/pastor-defiende-en-la-ue-no-ampliar-de-3-a-5-horas-el-derecho-a-las-indemnizaciones-por-retrasos-en-vuelos\/\" \/>\n\t\t<meta property=\"og:image\" content=\"https:\/\/eldigitaldeasturias.com\/magazine365\/wp-content\/uploads\/2015\/06\/fotonoticia_20150611150025_800.jpg\" \/>\n\t\t<meta property=\"og:image:secure_url\" content=\"https:\/\/eldigitaldeasturias.com\/magazine365\/wp-content\/uploads\/2015\/06\/fotonoticia_20150611150025_800.jpg\" \/>\n\t\t<meta property=\"og:image:width\" content=\"800\" \/>\n\t\t<meta property=\"og:image:height\" content=\"532\" \/>\n\t\t<meta property=\"article:published_time\" content=\"2015-06-11T23:34:21+00:00\" \/>\n\t\t<meta property=\"article:modified_time\" content=\"2015-06-11T23:34:21+00:00\" \/>\n\t\t<meta name=\"twitter:card\" content=\"summary_large_image\" \/>\n\t\t<meta name=\"twitter:title\" content=\"Pastor defiende en la UE no ampliar de 3 a 5 horas el derecho a las indemnizaciones por retrasos en vuelos | El Digital de Asturias\" \/>\n\t\t<meta name=\"twitter:description\" content=\"La ministra de Fomento, Ana Pastor, ha defendido hoy en el Consejo de Ministros de Transportes de la UE, que se celebra en Luxemburgo, que se refuercen los derechos de los pasajeros a\u00e9reos en el nuevo reglamento, y se ha mostrado contraria a que se ampl\u00ede a 5 horas las tres horas actuales que dan\" \/>\n\t\t<meta name=\"twitter:image\" content=\"https:\/\/eldigitaldeasturias.com\/magazine365\/wp-content\/uploads\/2015\/06\/fotonoticia_20150611150025_800.jpg\" \/>\n\t\t<script type=\"application\/ld+json\" class=\"aioseo-schema\">\n\t\t\t{\"@context\":\"https:\\\/\\\/schema.org\",\"@graph\":[{\"@type\":\"Article\",\"@id\":\"https:\\\/\\\/eldigitaldeasturias.com\\\/magazine365\\\/pastor-defiende-en-la-ue-no-ampliar-de-3-a-5-horas-el-derecho-a-las-indemnizaciones-por-retrasos-en-vuelos\\\/#article\",\"name\":\"Pastor defiende en la UE no ampliar de 3 a 5 horas el derecho a las indemnizaciones por retrasos en vuelos | El Digital de Asturias\",\"headline\":\"Pastor defiende en la UE no ampliar de 3 a 5 horas el derecho a las indemnizaciones por retrasos en vuelos\",\"author\":{\"@id\":\"https:\\\/\\\/eldigitaldeasturias.com\\\/magazine365\\\/author\\\/admin\\\/#author\"},\"publisher\":{\"@id\":\"https:\\\/\\\/eldigitaldeasturias.com\\\/magazine365\\\/#organization\"},\"image\":{\"@type\":\"ImageObject\",\"url\":\"https:\\\/\\\/eldigitaldeasturias.com\\\/magazine365\\\/wp-content\\\/uploads\\\/2015\\\/06\\\/fotonoticia_20150611150025_800.jpg\",\"width\":800,\"height\":532},\"datePublished\":\"2015-06-12T01:04:21+02:00\",\"dateModified\":\"2015-06-12T01:04:21+02:00\",\"inLanguage\":\"es-ES\",\"mainEntityOfPage\":{\"@id\":\"https:\\\/\\\/eldigitaldeasturias.com\\\/magazine365\\\/pastor-defiende-en-la-ue-no-ampliar-de-3-a-5-horas-el-derecho-a-las-indemnizaciones-por-retrasos-en-vuelos\\\/#webpage\"},\"isPartOf\":{\"@id\":\"https:\\\/\\\/eldigitaldeasturias.com\\\/magazine365\\\/pastor-defiende-en-la-ue-no-ampliar-de-3-a-5-horas-el-derecho-a-las-indemnizaciones-por-retrasos-en-vuelos\\\/#webpage\"},\"articleSection\":\"Actualidad Turismo\"},{\"@type\":\"BreadcrumbList\",\"@id\":\"https:\\\/\\\/eldigitaldeasturias.com\\\/magazine365\\\/pastor-defiende-en-la-ue-no-ampliar-de-3-a-5-horas-el-derecho-a-las-indemnizaciones-por-retrasos-en-vuelos\\\/#breadcrumblist\",\"itemListElement\":[{\"@type\":\"ListItem\",\"@id\":\"https:\\\/\\\/eldigitaldeasturias.com\\\/magazine365#listItem\",\"position\":1,\"name\":\"Home\",\"item\":\"https:\\\/\\\/eldigitaldeasturias.com\\\/magazine365\",\"nextItem\":{\"@type\":\"ListItem\",\"@id\":\"https:\\\/\\\/eldigitaldeasturias.com\\\/magazine365\\\/category\\\/actualidad-turismo\\\/#listItem\",\"name\":\"Actualidad Turismo\"}},{\"@type\":\"ListItem\",\"@id\":\"https:\\\/\\\/eldigitaldeasturias.com\\\/magazine365\\\/category\\\/actualidad-turismo\\\/#listItem\",\"position\":2,\"name\":\"Actualidad Turismo\",\"item\":\"https:\\\/\\\/eldigitaldeasturias.com\\\/magazine365\\\/category\\\/actualidad-turismo\\\/\",\"nextItem\":{\"@type\":\"ListItem\",\"@id\":\"https:\\\/\\\/eldigitaldeasturias.com\\\/magazine365\\\/pastor-defiende-en-la-ue-no-ampliar-de-3-a-5-horas-el-derecho-a-las-indemnizaciones-por-retrasos-en-vuelos\\\/#listItem\",\"name\":\"Pastor defiende en la UE no ampliar de 3 a 5 horas el derecho a las indemnizaciones por retrasos en vuelos\"},\"previousItem\":{\"@type\":\"ListItem\",\"@id\":\"https:\\\/\\\/eldigitaldeasturias.com\\\/magazine365#listItem\",\"name\":\"Home\"}},{\"@type\":\"ListItem\",\"@id\":\"https:\\\/\\\/eldigitaldeasturias.com\\\/magazine365\\\/pastor-defiende-en-la-ue-no-ampliar-de-3-a-5-horas-el-derecho-a-las-indemnizaciones-por-retrasos-en-vuelos\\\/#listItem\",\"position\":3,\"name\":\"Pastor defiende en la UE no ampliar de 3 a 5 horas el derecho a las indemnizaciones por retrasos en vuelos\",\"previousItem\":{\"@type\":\"ListItem\",\"@id\":\"https:\\\/\\\/eldigitaldeasturias.com\\\/magazine365\\\/category\\\/actualidad-turismo\\\/#listItem\",\"name\":\"Actualidad Turismo\"}}]},{\"@type\":\"Organization\",\"@id\":\"https:\\\/\\\/eldigitaldeasturias.com\\\/magazine365\\\/#organization\",\"name\":\"El digital de Asturias\",\"description\":\"Revista de ocio, turismo y estilo de vida\",\"url\":\"https:\\\/\\\/eldigitaldeasturias.com\\\/magazine365\\\/\",\"logo\":{\"@type\":\"ImageObject\",\"url\":\"https:\\\/\\\/www.eldigitaldeasturias.com\\\/noticias\\\/wp-content\\\/uploads\\\/2020\\\/12\\\/EDA.jpg\",\"@id\":\"https:\\\/\\\/eldigitaldeasturias.com\\\/magazine365\\\/pastor-defiende-en-la-ue-no-ampliar-de-3-a-5-horas-el-derecho-a-las-indemnizaciones-por-retrasos-en-vuelos\\\/#organizationLogo\"},\"image\":{\"@id\":\"https:\\\/\\\/eldigitaldeasturias.com\\\/magazine365\\\/pastor-defiende-en-la-ue-no-ampliar-de-3-a-5-horas-el-derecho-a-las-indemnizaciones-por-retrasos-en-vuelos\\\/#organizationLogo\"}},{\"@type\":\"Person\",\"@id\":\"https:\\\/\\\/eldigitaldeasturias.com\\\/magazine365\\\/author\\\/admin\\\/#author\",\"url\":\"https:\\\/\\\/eldigitaldeasturias.com\\\/magazine365\\\/author\\\/admin\\\/\",\"name\":\"admin\",\"image\":{\"@type\":\"ImageObject\",\"@id\":\"https:\\\/\\\/eldigitaldeasturias.com\\\/magazine365\\\/pastor-defiende-en-la-ue-no-ampliar-de-3-a-5-horas-el-derecho-a-las-indemnizaciones-por-retrasos-en-vuelos\\\/#authorImage\",\"url\":\"https:\\\/\\\/eldigitaldeasturias.com\\\/magazine365\\\/wp-content\\\/litespeed\\\/avatar\\\/e571bcf59a0edd6fa6838245a470f2fe.jpg?ver=1776969259\",\"width\":96,\"height\":96,\"caption\":\"admin\"}},{\"@type\":\"WebPage\",\"@id\":\"https:\\\/\\\/eldigitaldeasturias.com\\\/magazine365\\\/pastor-defiende-en-la-ue-no-ampliar-de-3-a-5-horas-el-derecho-a-las-indemnizaciones-por-retrasos-en-vuelos\\\/#webpage\",\"url\":\"https:\\\/\\\/eldigitaldeasturias.com\\\/magazine365\\\/pastor-defiende-en-la-ue-no-ampliar-de-3-a-5-horas-el-derecho-a-las-indemnizaciones-por-retrasos-en-vuelos\\\/\",\"name\":\"Pastor defiende en la UE no ampliar de 3 a 5 horas el derecho a las indemnizaciones por retrasos en vuelos | El Digital de Asturias\",\"description\":\"La ministra de Fomento, Ana Pastor, ha defendido hoy en el Consejo de Ministros de Transportes de la UE, que se celebra en Luxemburgo, que se refuercen los derechos de los pasajeros a\\u00e9reos en el nuevo reglamento, y se ha mostrado contraria a que se ampl\\u00ede a 5 horas las tres horas actuales que dan\",\"inLanguage\":\"es-ES\",\"isPartOf\":{\"@id\":\"https:\\\/\\\/eldigitaldeasturias.com\\\/magazine365\\\/#website\"},\"breadcrumb\":{\"@id\":\"https:\\\/\\\/eldigitaldeasturias.com\\\/magazine365\\\/pastor-defiende-en-la-ue-no-ampliar-de-3-a-5-horas-el-derecho-a-las-indemnizaciones-por-retrasos-en-vuelos\\\/#breadcrumblist\"},\"author\":{\"@id\":\"https:\\\/\\\/eldigitaldeasturias.com\\\/magazine365\\\/author\\\/admin\\\/#author\"},\"creator\":{\"@id\":\"https:\\\/\\\/eldigitaldeasturias.com\\\/magazine365\\\/author\\\/admin\\\/#author\"},\"image\":{\"@type\":\"ImageObject\",\"url\":\"https:\\\/\\\/eldigitaldeasturias.com\\\/magazine365\\\/wp-content\\\/uploads\\\/2015\\\/06\\\/fotonoticia_20150611150025_800.jpg\",\"@id\":\"https:\\\/\\\/eldigitaldeasturias.com\\\/magazine365\\\/pastor-defiende-en-la-ue-no-ampliar-de-3-a-5-horas-el-derecho-a-las-indemnizaciones-por-retrasos-en-vuelos\\\/#mainImage\",\"width\":800,\"height\":532},\"primaryImageOfPage\":{\"@id\":\"https:\\\/\\\/eldigitaldeasturias.com\\\/magazine365\\\/pastor-defiende-en-la-ue-no-ampliar-de-3-a-5-horas-el-derecho-a-las-indemnizaciones-por-retrasos-en-vuelos\\\/#mainImage\"},\"datePublished\":\"2015-06-12T01:04:21+02:00\",\"dateModified\":\"2015-06-12T01:04:21+02:00\"},{\"@type\":\"WebSite\",\"@id\":\"https:\\\/\\\/eldigitaldeasturias.com\\\/magazine365\\\/#website\",\"url\":\"https:\\\/\\\/eldigitaldeasturias.com\\\/magazine365\\\/\",\"name\":\"El Digital de Asturias\",\"description\":\"Revista de ocio, turismo y estilo de vida\",\"inLanguage\":\"es-ES\",\"publisher\":{\"@id\":\"https:\\\/\\\/eldigitaldeasturias.com\\\/magazine365\\\/#organization\"}}]}\n\t\t<\/script>\n\t\t<!-- All in One SEO Pro -->\r\n\t\t<title>Pastor defiende en la UE no ampliar de 3 a 5 horas el derecho a las indemnizaciones por retrasos en vuelos | El Digital de Asturias<\/title>\n\n","aioseo_head_json":{"title":"Pastor defiende en la UE no ampliar de 3 a 5 horas el derecho a las indemnizaciones por retrasos en vuelos | El Digital de Asturias","description":"La ministra de Fomento, Ana Pastor, ha defendido hoy en el Consejo de Ministros de Transportes de la UE, que se celebra en Luxemburgo, que se refuercen los derechos de los pasajeros a\u00e9reos en el nuevo reglamento, y se ha mostrado contraria a que se ampl\u00ede a 5 horas las tres horas actuales que dan","canonical_url":"https:\/\/eldigitaldeasturias.com\/magazine365\/pastor-defiende-en-la-ue-no-ampliar-de-3-a-5-horas-el-derecho-a-las-indemnizaciones-por-retrasos-en-vuelos\/","robots":"max-image-preview:large","keywords":"actualidad turismo","webmasterTools":{"google-site-verification":"UA-38556648-1","miscellaneous":""},"schema":{"@context":"https:\/\/schema.org","@graph":[{"@type":"Article","@id":"https:\/\/eldigitaldeasturias.com\/magazine365\/pastor-defiende-en-la-ue-no-ampliar-de-3-a-5-horas-el-derecho-a-las-indemnizaciones-por-retrasos-en-vuelos\/#article","name":"Pastor defiende en la UE no ampliar de 3 a 5 horas el derecho a las indemnizaciones por retrasos en vuelos | El Digital de Asturias","headline":"Pastor defiende en la UE no ampliar de 3 a 5 horas el derecho a las indemnizaciones por retrasos en vuelos","author":{"@id":"https:\/\/eldigitaldeasturias.com\/magazine365\/author\/admin\/#author"},"publisher":{"@id":"https:\/\/eldigitaldeasturias.com\/magazine365\/#organization"},"image":{"@type":"ImageObject","url":"https:\/\/eldigitaldeasturias.com\/magazine365\/wp-content\/uploads\/2015\/06\/fotonoticia_20150611150025_800.jpg","width":800,"height":532},"datePublished":"2015-06-12T01:04:21+02:00","dateModified":"2015-06-12T01:04:21+02:00","inLanguage":"es-ES","mainEntityOfPage":{"@id":"https:\/\/eldigitaldeasturias.com\/magazine365\/pastor-defiende-en-la-ue-no-ampliar-de-3-a-5-horas-el-derecho-a-las-indemnizaciones-por-retrasos-en-vuelos\/#webpage"},"isPartOf":{"@id":"https:\/\/eldigitaldeasturias.com\/magazine365\/pastor-defiende-en-la-ue-no-ampliar-de-3-a-5-horas-el-derecho-a-las-indemnizaciones-por-retrasos-en-vuelos\/#webpage"},"articleSection":"Actualidad Turismo"},{"@type":"BreadcrumbList","@id":"https:\/\/eldigitaldeasturias.com\/magazine365\/pastor-defiende-en-la-ue-no-ampliar-de-3-a-5-horas-el-derecho-a-las-indemnizaciones-por-retrasos-en-vuelos\/#breadcrumblist","itemListElement":[{"@type":"ListItem","@id":"https:\/\/eldigitaldeasturias.com\/magazine365#listItem","position":1,"name":"Home","item":"https:\/\/eldigitaldeasturias.com\/magazine365","nextItem":{"@type":"ListItem","@id":"https:\/\/eldigitaldeasturias.com\/magazine365\/category\/actualidad-turismo\/#listItem","name":"Actualidad Turismo"}},{"@type":"ListItem","@id":"https:\/\/eldigitaldeasturias.com\/magazine365\/category\/actualidad-turismo\/#listItem","position":2,"name":"Actualidad Turismo","item":"https:\/\/eldigitaldeasturias.com\/magazine365\/category\/actualidad-turismo\/","nextItem":{"@type":"ListItem","@id":"https:\/\/eldigitaldeasturias.com\/magazine365\/pastor-defiende-en-la-ue-no-ampliar-de-3-a-5-horas-el-derecho-a-las-indemnizaciones-por-retrasos-en-vuelos\/#listItem","name":"Pastor defiende en la UE no ampliar de 3 a 5 horas el derecho a las indemnizaciones por retrasos en vuelos"},"previousItem":{"@type":"ListItem","@id":"https:\/\/eldigitaldeasturias.com\/magazine365#listItem","name":"Home"}},{"@type":"ListItem","@id":"https:\/\/eldigitaldeasturias.com\/magazine365\/pastor-defiende-en-la-ue-no-ampliar-de-3-a-5-horas-el-derecho-a-las-indemnizaciones-por-retrasos-en-vuelos\/#listItem","position":3,"name":"Pastor defiende en la UE no ampliar de 3 a 5 horas el derecho a las indemnizaciones por retrasos en vuelos","previousItem":{"@type":"ListItem","@id":"https:\/\/eldigitaldeasturias.com\/magazine365\/category\/actualidad-turismo\/#listItem","name":"Actualidad Turismo"}}]},{"@type":"Organization","@id":"https:\/\/eldigitaldeasturias.com\/magazine365\/#organization","name":"El digital de Asturias","description":"Revista de ocio, turismo y estilo de vida","url":"https:\/\/eldigitaldeasturias.com\/magazine365\/","logo":{"@type":"ImageObject","url":"https:\/\/www.eldigitaldeasturias.com\/noticias\/wp-content\/uploads\/2020\/12\/EDA.jpg","@id":"https:\/\/eldigitaldeasturias.com\/magazine365\/pastor-defiende-en-la-ue-no-ampliar-de-3-a-5-horas-el-derecho-a-las-indemnizaciones-por-retrasos-en-vuelos\/#organizationLogo"},"image":{"@id":"https:\/\/eldigitaldeasturias.com\/magazine365\/pastor-defiende-en-la-ue-no-ampliar-de-3-a-5-horas-el-derecho-a-las-indemnizaciones-por-retrasos-en-vuelos\/#organizationLogo"}},{"@type":"Person","@id":"https:\/\/eldigitaldeasturias.com\/magazine365\/author\/admin\/#author","url":"https:\/\/eldigitaldeasturias.com\/magazine365\/author\/admin\/","name":"admin","image":{"@type":"ImageObject","@id":"https:\/\/eldigitaldeasturias.com\/magazine365\/pastor-defiende-en-la-ue-no-ampliar-de-3-a-5-horas-el-derecho-a-las-indemnizaciones-por-retrasos-en-vuelos\/#authorImage","url":"https:\/\/eldigitaldeasturias.com\/magazine365\/wp-content\/litespeed\/avatar\/e571bcf59a0edd6fa6838245a470f2fe.jpg?ver=1776969259","width":96,"height":96,"caption":"admin"}},{"@type":"WebPage","@id":"https:\/\/eldigitaldeasturias.com\/magazine365\/pastor-defiende-en-la-ue-no-ampliar-de-3-a-5-horas-el-derecho-a-las-indemnizaciones-por-retrasos-en-vuelos\/#webpage","url":"https:\/\/eldigitaldeasturias.com\/magazine365\/pastor-defiende-en-la-ue-no-ampliar-de-3-a-5-horas-el-derecho-a-las-indemnizaciones-por-retrasos-en-vuelos\/","name":"Pastor defiende en la UE no ampliar de 3 a 5 horas el derecho a las indemnizaciones por retrasos en vuelos | El Digital de Asturias","description":"La ministra de Fomento, Ana Pastor, ha defendido hoy en el Consejo de Ministros de Transportes de la UE, que se celebra en Luxemburgo, que se refuercen los derechos de los pasajeros a\u00e9reos en el nuevo reglamento, y se ha mostrado contraria a que se ampl\u00ede a 5 horas las tres horas actuales que dan","inLanguage":"es-ES","isPartOf":{"@id":"https:\/\/eldigitaldeasturias.com\/magazine365\/#website"},"breadcrumb":{"@id":"https:\/\/eldigitaldeasturias.com\/magazine365\/pastor-defiende-en-la-ue-no-ampliar-de-3-a-5-horas-el-derecho-a-las-indemnizaciones-por-retrasos-en-vuelos\/#breadcrumblist"},"author":{"@id":"https:\/\/eldigitaldeasturias.com\/magazine365\/author\/admin\/#author"},"creator":{"@id":"https:\/\/eldigitaldeasturias.com\/magazine365\/author\/admin\/#author"},"image":{"@type":"ImageObject","url":"https:\/\/eldigitaldeasturias.com\/magazine365\/wp-content\/uploads\/2015\/06\/fotonoticia_20150611150025_800.jpg","@id":"https:\/\/eldigitaldeasturias.com\/magazine365\/pastor-defiende-en-la-ue-no-ampliar-de-3-a-5-horas-el-derecho-a-las-indemnizaciones-por-retrasos-en-vuelos\/#mainImage","width":800,"height":532},"primaryImageOfPage":{"@id":"https:\/\/eldigitaldeasturias.com\/magazine365\/pastor-defiende-en-la-ue-no-ampliar-de-3-a-5-horas-el-derecho-a-las-indemnizaciones-por-retrasos-en-vuelos\/#mainImage"},"datePublished":"2015-06-12T01:04:21+02:00","dateModified":"2015-06-12T01:04:21+02:00"},{"@type":"WebSite","@id":"https:\/\/eldigitaldeasturias.com\/magazine365\/#website","url":"https:\/\/eldigitaldeasturias.com\/magazine365\/","name":"El Digital de Asturias","description":"Revista de ocio, turismo y estilo de vida","inLanguage":"es-ES","publisher":{"@id":"https:\/\/eldigitaldeasturias.com\/magazine365\/#organization"}}]},"og:locale":"es_ES","og:site_name":"El Digital de Asturias \u2013 Revista de ocio, turismo y estilo de vida","og:type":"article","og:title":"Pastor defiende en la UE no ampliar de 3 a 5 horas el derecho a las indemnizaciones por retrasos en vuelos | El Digital de Asturias","og:description":"La ministra de Fomento, Ana Pastor, ha defendido hoy en el Consejo de Ministros de Transportes de la UE, que se celebra en Luxemburgo, que se refuercen los derechos de los pasajeros a\u00e9reos en el nuevo reglamento, y se ha mostrado contraria a que se ampl\u00ede a 5 horas las tres horas actuales que dan","og:url":"https:\/\/eldigitaldeasturias.com\/magazine365\/pastor-defiende-en-la-ue-no-ampliar-de-3-a-5-horas-el-derecho-a-las-indemnizaciones-por-retrasos-en-vuelos\/","og:image":"https:\/\/eldigitaldeasturias.com\/magazine365\/wp-content\/uploads\/2015\/06\/fotonoticia_20150611150025_800.jpg","og:image:secure_url":"https:\/\/eldigitaldeasturias.com\/magazine365\/wp-content\/uploads\/2015\/06\/fotonoticia_20150611150025_800.jpg","og:image:width":800,"og:image:height":532,"article:published_time":"2015-06-11T23:34:21+00:00","article:modified_time":"2015-06-11T23:34:21+00:00","twitter:card":"summary_large_image","twitter:title":"Pastor defiende en la UE no ampliar de 3 a 5 horas el derecho a las indemnizaciones por retrasos en vuelos | El Digital de Asturias","twitter:description":"La ministra de Fomento, Ana Pastor, ha defendido hoy en el Consejo de Ministros de Transportes de la UE, que se celebra en Luxemburgo, que se refuercen los derechos de los pasajeros a\u00e9reos en el nuevo reglamento, y se ha mostrado contraria a que se ampl\u00ede a 5 horas las tres horas actuales que dan","twitter:image":"https:\/\/eldigitaldeasturias.com\/magazine365\/wp-content\/uploads\/2015\/06\/fotonoticia_20150611150025_800.jpg"},"aioseo_meta_data":{"post_id":"39616","title":null,"description":null,"keywords":null,"keyphrases":null,"primary_term":null,"canonical_url":null,"og_title":null,"og_description":null,"og_object_type":"default","og_image_type":"default","og_image_url":null,"og_image_width":null,"og_image_height":null,"og_image_custom_url":null,"og_image_custom_fields":null,"og_video":null,"og_custom_url":null,"og_article_section":null,"og_article_tags":null,"twitter_use_og":false,"twitter_card":"default","twitter_image_type":"default","twitter_image_url":null,"twitter_image_custom_url":null,"twitter_image_custom_fields":null,"twitter_title":null,"twitter_description":null,"schema":{"blockGraphs":[],"customGraphs":[],"default":{"data":{"Article":[],"Course":[],"Dataset":[],"FAQPage":[],"Movie":[],"Person":[],"Product":[],"ProductReview":[],"Car":[],"Recipe":[],"Service":[],"SoftwareApplication":[],"WebPage":[]},"graphName":"","isEnabled":true},"graphs":[],"defaultGraph":"","defaultPostTypeGraph":""},"schema_type":null,"schema_type_options":null,"pillar_content":false,"robots_default":true,"robots_noindex":false,"robots_noarchive":false,"robots_nosnippet":false,"robots_nofollow":false,"robots_noimageindex":false,"robots_noodp":false,"robots_notranslate":false,"robots_max_snippet":null,"robots_max_videopreview":null,"robots_max_imagepreview":"large","priority":null,"frequency":null,"location":null,"local_seo":null,"seo_analyzer_scan_date":"2025-09-19 11:59:27","breadcrumb_settings":null,"limit_modified_date":false,"open_ai":null,"ai":null,"created":"2021-03-09 02:38:52","updated":"2025-09-19 11:59:27"},"aioseo_breadcrumb":"<div class=\"aioseo-breadcrumbs\"><span class=\"aioseo-breadcrumb\">\n\t<a href=\"https:\/\/eldigitaldeasturias.com\/magazine365\" title=\"Home\">Home<\/a>\n<\/span><span class=\"aioseo-breadcrumb-separator\">\u2013<\/span><span class=\"aioseo-breadcrumb\">\n\t<a href=\"https:\/\/eldigitaldeasturias.com\/magazine365\/category\/actualidad-turismo\/\" title=\"Actualidad Turismo\">Actualidad Turismo<\/a>\n<\/span><span class=\"aioseo-breadcrumb-separator\">\u2013<\/span><span class=\"aioseo-breadcrumb\">\n\t<a href=\"https:\/\/eldigitaldeasturias.com\/magazine365\/pastor-defiende-en-la-ue-no-ampliar-de-3-a-5-horas-el-derecho-a-las-indemnizaciones-por-retrasos-en-vuelos\/\" title=\"Pastor defiende en la UE no ampliar de 3 a 5 horas el derecho a las indemnizaciones por retrasos en vuelos\">Pastor defiende en la UE no ampliar de 3 a 5 horas el derecho a las indemnizaciones por retrasos en vuelos<\/a>\n<\/span><\/div>","aioseo_breadcrumb_json":[{"label":"Home","link":"https:\/\/eldigitaldeasturias.com\/magazine365"},{"label":"Actualidad Turismo","link":"https:\/\/eldigitaldeasturias.com\/magazine365\/category\/actualidad-turismo\/"},{"label":"Pastor defiende en la UE no ampliar de 3 a 5 horas el derecho a las indemnizaciones por retrasos en vuelos","link":"https:\/\/eldigitaldeasturias.com\/magazine365\/pastor-defiende-en-la-ue-no-ampliar-de-3-a-5-horas-el-derecho-a-las-indemnizaciones-por-retrasos-en-vuelos\/"}],"_links":{"self":[{"href":"https:\/\/eldigitaldeasturias.com\/magazine365\/wp-json\/wp\/v2\/posts\/39616","targetHints":{"allow":["GET"]}}],"collection":[{"href":"https:\/\/eldigitaldeasturias.com\/magazine365\/wp-json\/wp\/v2\/posts"}],"about":[{"href":"https:\/\/eldigitaldeasturias.com\/magazine365\/wp-json\/wp\/v2\/types\/post"}],"author":[{"embeddable":true,"href":"https:\/\/eldigitaldeasturias.com\/magazine365\/wp-json\/wp\/v2\/users\/1"}],"replies":[{"embeddable":true,"href":"https:\/\/eldigitaldeasturias.com\/magazine365\/wp-json\/wp\/v2\/comments?post=39616"}],"version-history":[{"count":0,"href":"https:\/\/eldigitaldeasturias.com\/magazine365\/wp-json\/wp\/v2\/posts\/39616\/revisions"}],"wp:featuredmedia":[{"embeddable":true,"href":"https:\/\/eldigitaldeasturias.com\/magazine365\/wp-json\/wp\/v2\/media\/39617"}],"wp:attachment":[{"href":"https:\/\/eldigitaldeasturias.com\/magazine365\/wp-json\/wp\/v2\/media?parent=39616"}],"wp:term":[{"taxonomy":"category","embeddable":true,"href":"https:\/\/eldigitaldeasturias.com\/magazine365\/wp-json\/wp\/v2\/categories?post=39616"},{"taxonomy":"post_tag","embeddable":true,"href":"https:\/\/eldigitaldeasturias.com\/magazine365\/wp-json\/wp\/v2\/tags?post=39616"}],"curies":[{"name":"wp","href":"https:\/\/api.w.org\/{rel}","templated":true}]}}