{"id":39610,"date":"2015-06-12T01:01:15","date_gmt":"2015-06-11T23:31:15","guid":{"rendered":"http:\/\/eldigitaldeasturias.com\/magazine365\/?p=39610"},"modified":"2015-06-12T01:01:15","modified_gmt":"2015-06-11T23:31:15","slug":"un-grupo-de-periodistas-y-escritores-espanoles-y-latinoamericanos-recorre-y-conoce-huelva","status":"publish","type":"post","link":"https:\/\/eldigitaldeasturias.com\/magazine365\/un-grupo-de-periodistas-y-escritores-espanoles-y-latinoamericanos-recorre-y-conoce-huelva\/","title":{"rendered":"Un grupo de periodistas y escritores espa\u00f1oles y latinoamericanos recorre y conoce Huelva"},"content":{"rendered":"<p><img fetchpriority=\"high\" decoding=\"async\" class=\"alignleft size-medium wp-image-39611\" src=\"https:\/\/eldigitaldeasturias.com\/magazine365\/wp-content\/uploads\/2015\/06\/fotonoticia_20150611143518_800-360x270.jpg\" alt=\"fotonoticia_20150611143518_800\" width=\"360\" height=\"270\" srcset=\"https:\/\/eldigitaldeasturias.com\/magazine365\/wp-content\/uploads\/2015\/06\/fotonoticia_20150611143518_800-360x270.jpg 360w, https:\/\/eldigitaldeasturias.com\/magazine365\/wp-content\/uploads\/2015\/06\/fotonoticia_20150611143518_800-650x488.jpg 650w, https:\/\/eldigitaldeasturias.com\/magazine365\/wp-content\/uploads\/2015\/06\/fotonoticia_20150611143518_800-768x576.jpg 768w, https:\/\/eldigitaldeasturias.com\/magazine365\/wp-content\/uploads\/2015\/06\/fotonoticia_20150611143518_800-150x113.jpg 150w, https:\/\/eldigitaldeasturias.com\/magazine365\/wp-content\/uploads\/2015\/06\/fotonoticia_20150611143518_800-450x338.jpg 450w, https:\/\/eldigitaldeasturias.com\/magazine365\/wp-content\/uploads\/2015\/06\/fotonoticia_20150611143518_800-80x60.jpg 80w, https:\/\/eldigitaldeasturias.com\/magazine365\/wp-content\/uploads\/2015\/06\/fotonoticia_20150611143518_800-265x198.jpg 265w, https:\/\/eldigitaldeasturias.com\/magazine365\/wp-content\/uploads\/2015\/06\/fotonoticia_20150611143518_800-696x522.jpg 696w, https:\/\/eldigitaldeasturias.com\/magazine365\/wp-content\/uploads\/2015\/06\/fotonoticia_20150611143518_800-560x420.jpg 560w, https:\/\/eldigitaldeasturias.com\/magazine365\/wp-content\/uploads\/2015\/06\/fotonoticia_20150611143518_800-90x67.jpg 90w, https:\/\/eldigitaldeasturias.com\/magazine365\/wp-content\/uploads\/2015\/06\/fotonoticia_20150611143518_800-100x75.jpg 100w, https:\/\/eldigitaldeasturias.com\/magazine365\/wp-content\/uploads\/2015\/06\/fotonoticia_20150611143518_800.jpg 800w\" sizes=\"(max-width: 360px) 100vw, 360px\" \/>El patronato de Turismo de Huelva ha colaborado en la organizaci\u00f3n de un &#8216;post tour&#8217; dirigido a periodistas y escritores de turismo tras una petici\u00f3n recibida por parte de Turismo Andaluz para mostrar los atractivos de la provincia a los participantes de la Feria de Turismo de Am\u00e9rica Latina y Europa (Euroal), que ha tenido lugar en Torremolinos entre los d\u00edas 3 y 5 de junio.<\/p>\n<p>El grupo, compuesto por 12 periodistas de Espa\u00f1a y Am\u00e9rica Latina, pertenece a la Federaci\u00f3n Mundial de Periodistas y Escritores de Turismo que, encabezados por su presidente, Miguel \u00c1ngel Garc\u00eda Brera, han mostrado especial inter\u00e9s por conocer la provincia de Huelva en el &#8216;press trip&#8217; promovido por Turismo Andaluz, seg\u00fan ha informado la Diputaci\u00f3n en una nota de prensa.<\/p>\n<p>La colaboraci\u00f3n por parte del Patronato de Turismo ha consistido en ofrecerles un programa de visitas guiadas, con el acompa\u00f1amiento del personal t\u00e9cnico del propio Patronato, que ha incluido las Rutas del Vino del Condado de Huelva y del Jabugo, un recorrido por la R\u00e1bida y los Lugares Colombinos, la visita a la Aldea del Roc\u00edo y al Paraje Natural Marismas del Odiel, y un tour por la Cuenca Minera.<\/p>\n<p>Desde el pasado s\u00e1bado 6 de junio hasta el martes d\u00eda 9 la expedici\u00f3n formada por doce periodistas ha visitado el Centro del Vino Condado y las Bodegas Iglesias. Tambi\u00e9n han visitado la Ermita del Roc\u00edo y paseado por la aldea almonte\u00f1a en coche de caballos.<\/p>\n<p>El Monasterio de La R\u00e1bida, el Muelle de las Carabelas y la playa de Punta Umbr\u00eda formaron parte del programa del segundo d\u00eda que concluy\u00f3 con un recorrido por la reserva de la Biosfera del Paraje Natural Marismas del Odiel y el traslado al Parque Natural de la Sierra de Aracena y Picos de Aroche.<\/p>\n<p>La visita a la Gruta de las Maravillas marc\u00f3 el inicio de la \u00faltima jornada de los periodistas en la provincia. Un recorrido que completaron con el Museo del Jam\u00f3n y Centro de Interpretaci\u00f3n del Cerdo Ib\u00e9rico de Aracena.<\/p>\n<p>Por \u00faltimo el grupo se desplaz\u00f3 a la Cuenca Minera donde los periodistas tuvieron la oportunidad de conocer el Parque Minero de Riotinto y realizar un viaje en ferrocarril, visitar una aut\u00e9ntica casa victoriana y conocer la historia de una comarca completamente transformada por la actividad minera desde su museo.<\/p>\n<p>Gracias este &#8216;press trip&#8217; el Patronato se asegura una valiosa y eficiente promoci\u00f3n en medios destacados en los que colaboran los periodistas que han formado parte de esta expedici\u00f3n, como son la revista &#8216;Ronda Iberia&#8217;; &#8216;National Geographic&#8217;; &#8216;Revista Ecuamundo de Ecuador&#8217;; &#8216;Viajes y Turismo&#8217; y &#8216;Vaguada.es&#8217;; &#8216;Top Turisme&#8217; (FJ); &#8216;Revista CEO&#8217;; Revista &#8216;Cardosa&#8217;; Peri\u00f3dico &#8216;El Distrito&#8217;; &#8216;Proa a la Mar&#8217;; &#8216;Cuenta y Raz\u00f3n&#8217;; Onda CIT Radio TF ; Pasajeros en Tr\u00e1nsito (URU) y Turiscom.<\/p>\n<p>Los &#8216;press trip&#8217; son acciones de promoci\u00f3n directa que contribuyen a dar a conocer todas las bondades del destino y su oferta complementaria que despliega en las diferentes rustas gastron\u00f3micas, excursiones, actividades de ocio y deporte al aire libre, visitas culturales y patrimoniales, etc, por lo que se convierten en una eficaz herramienta para la gesti\u00f3n de la estacionalidad en la provincia.<\/p>\n<p>El Patronato de Turismo de Huelva se asegura as\u00ed un impacto promocional que, a diferencia de las inserciones publicitarias, cuenta con el valor a\u00f1adido de la informaci\u00f3n obtenida a trav\u00e9s de la propia experiencia.<\/p>\n<p>Este es el segundo viaje de prensa que organiza el Patronato en lo que va del mes de junio. La pasada semana fue la periodista free-lance, Sorrel Downer, colaboradora del prestigioso diario brit\u00e1nico &#8216;The Guardian&#8217;, quien visit\u00f3 la provincia en un viaje que cont\u00f3 con la colaboraci\u00f3n del personal t\u00e9cnico del Patronato de Turismo para guiar a la escritora y mostrarle los atractivos tur\u00edsticos de la costa de Huelva sobre la que realizar\u00e1 un reportaje en el citado peri\u00f3dico<\/p>\n","protected":false},"excerpt":{"rendered":"<p>El patronato de Turismo de Huelva ha colaborado en la organizaci\u00f3n de un &#8216;post tour&#8217; dirigido a periodistas y escritores de turismo tras una petici\u00f3n recibida por parte de Turismo Andaluz para mostrar los atractivos de la provincia a los participantes de la Feria de Turismo de Am\u00e9rica Latina y Europa (Euroal), que ha tenido<\/p>\n","protected":false},"author":1,"featured_media":39611,"comment_status":"open","ping_status":"closed","sticky":false,"template":"","format":"standard","meta":{"footnotes":""},"categories":[224],"tags":[],"class_list":{"0":"post-39610","1":"post","2":"type-post","3":"status-publish","4":"format-standard","5":"has-post-thumbnail","7":"category-noticias-actualidad"},"aioseo_notices":[],"aioseo_head":"\n\t\t<!-- All in One SEO Pro 4.9.6.1 - aioseo.com -->\n\t<meta name=\"description\" content=\"El patronato de Turismo de Huelva ha colaborado en la organizaci\u00f3n de un &#039;post tour&#039; dirigido a periodistas y escritores de turismo tras una petici\u00f3n recibida por parte de Turismo Andaluz para mostrar los atractivos de la provincia a los participantes de la Feria de Turismo de Am\u00e9rica Latina y Europa (Euroal), que ha tenido\" \/>\n\t<meta name=\"robots\" content=\"max-image-preview:large\" \/>\n\t<meta name=\"author\" content=\"admin\"\/>\n\t<meta name=\"google-site-verification\" content=\"UA-38556648-1\" \/>\n\t<meta name=\"keywords\" content=\"noticias y actualidad\" \/>\n\t<link rel=\"canonical\" href=\"https:\/\/eldigitaldeasturias.com\/magazine365\/un-grupo-de-periodistas-y-escritores-espanoles-y-latinoamericanos-recorre-y-conoce-huelva\/\" \/>\n\t<meta name=\"generator\" content=\"All in One SEO Pro (AIOSEO) 4.9.6.1\" \/>\n\t\t<meta property=\"og:locale\" content=\"es_ES\" \/>\n\t\t<meta property=\"og:site_name\" content=\"El Digital de Asturias \u2013 Revista de ocio, turismo y estilo de vida\" \/>\n\t\t<meta property=\"og:type\" content=\"article\" \/>\n\t\t<meta property=\"og:title\" content=\"Un grupo de periodistas y escritores espa\u00f1oles y latinoamericanos recorre y conoce Huelva | El Digital de Asturias\" \/>\n\t\t<meta property=\"og:description\" content=\"El patronato de Turismo de Huelva ha colaborado en la organizaci\u00f3n de un &#039;post tour&#039; dirigido a periodistas y escritores de turismo tras una petici\u00f3n recibida por parte de Turismo Andaluz para mostrar los atractivos de la provincia a los participantes de la Feria de Turismo de Am\u00e9rica Latina y Europa (Euroal), que ha tenido\" \/>\n\t\t<meta property=\"og:url\" content=\"https:\/\/eldigitaldeasturias.com\/magazine365\/un-grupo-de-periodistas-y-escritores-espanoles-y-latinoamericanos-recorre-y-conoce-huelva\/\" \/>\n\t\t<meta property=\"og:image\" content=\"https:\/\/eldigitaldeasturias.com\/magazine365\/wp-content\/uploads\/2015\/06\/fotonoticia_20150611143518_800.jpg\" \/>\n\t\t<meta property=\"og:image:secure_url\" content=\"https:\/\/eldigitaldeasturias.com\/magazine365\/wp-content\/uploads\/2015\/06\/fotonoticia_20150611143518_800.jpg\" \/>\n\t\t<meta property=\"og:image:width\" content=\"800\" \/>\n\t\t<meta property=\"og:image:height\" content=\"600\" \/>\n\t\t<meta property=\"article:published_time\" content=\"2015-06-11T23:31:15+00:00\" \/>\n\t\t<meta property=\"article:modified_time\" content=\"2015-06-11T23:31:15+00:00\" \/>\n\t\t<meta name=\"twitter:card\" content=\"summary_large_image\" \/>\n\t\t<meta name=\"twitter:title\" content=\"Un grupo de periodistas y escritores espa\u00f1oles y latinoamericanos recorre y conoce Huelva | El Digital de Asturias\" \/>\n\t\t<meta name=\"twitter:description\" content=\"El patronato de Turismo de Huelva ha colaborado en la organizaci\u00f3n de un &#039;post tour&#039; dirigido a periodistas y escritores de turismo tras una petici\u00f3n recibida por parte de Turismo Andaluz para mostrar los atractivos de la provincia a los participantes de la Feria de Turismo de Am\u00e9rica Latina y Europa (Euroal), que ha tenido\" \/>\n\t\t<meta name=\"twitter:image\" content=\"https:\/\/eldigitaldeasturias.com\/magazine365\/wp-content\/uploads\/2015\/06\/fotonoticia_20150611143518_800.jpg\" \/>\n\t\t<script type=\"application\/ld+json\" class=\"aioseo-schema\">\n\t\t\t{\"@context\":\"https:\\\/\\\/schema.org\",\"@graph\":[{\"@type\":\"Article\",\"@id\":\"https:\\\/\\\/eldigitaldeasturias.com\\\/magazine365\\\/un-grupo-de-periodistas-y-escritores-espanoles-y-latinoamericanos-recorre-y-conoce-huelva\\\/#article\",\"name\":\"Un grupo de periodistas y escritores espa\\u00f1oles y latinoamericanos recorre y conoce Huelva | El Digital de Asturias\",\"headline\":\"Un grupo de periodistas y escritores espa\\u00f1oles y latinoamericanos recorre y conoce Huelva\",\"author\":{\"@id\":\"https:\\\/\\\/eldigitaldeasturias.com\\\/magazine365\\\/author\\\/admin\\\/#author\"},\"publisher\":{\"@id\":\"https:\\\/\\\/eldigitaldeasturias.com\\\/magazine365\\\/#organization\"},\"image\":{\"@type\":\"ImageObject\",\"url\":\"https:\\\/\\\/eldigitaldeasturias.com\\\/magazine365\\\/wp-content\\\/uploads\\\/2015\\\/06\\\/fotonoticia_20150611143518_800.jpg\",\"width\":800,\"height\":600},\"datePublished\":\"2015-06-12T01:01:15+02:00\",\"dateModified\":\"2015-06-12T01:01:15+02:00\",\"inLanguage\":\"es-ES\",\"mainEntityOfPage\":{\"@id\":\"https:\\\/\\\/eldigitaldeasturias.com\\\/magazine365\\\/un-grupo-de-periodistas-y-escritores-espanoles-y-latinoamericanos-recorre-y-conoce-huelva\\\/#webpage\"},\"isPartOf\":{\"@id\":\"https:\\\/\\\/eldigitaldeasturias.com\\\/magazine365\\\/un-grupo-de-periodistas-y-escritores-espanoles-y-latinoamericanos-recorre-y-conoce-huelva\\\/#webpage\"},\"articleSection\":\"Noticias y Actualidad\"},{\"@type\":\"BreadcrumbList\",\"@id\":\"https:\\\/\\\/eldigitaldeasturias.com\\\/magazine365\\\/un-grupo-de-periodistas-y-escritores-espanoles-y-latinoamericanos-recorre-y-conoce-huelva\\\/#breadcrumblist\",\"itemListElement\":[{\"@type\":\"ListItem\",\"@id\":\"https:\\\/\\\/eldigitaldeasturias.com\\\/magazine365#listItem\",\"position\":1,\"name\":\"Home\",\"item\":\"https:\\\/\\\/eldigitaldeasturias.com\\\/magazine365\",\"nextItem\":{\"@type\":\"ListItem\",\"@id\":\"https:\\\/\\\/eldigitaldeasturias.com\\\/magazine365\\\/category\\\/noticias-actualidad\\\/#listItem\",\"name\":\"Noticias y Actualidad\"}},{\"@type\":\"ListItem\",\"@id\":\"https:\\\/\\\/eldigitaldeasturias.com\\\/magazine365\\\/category\\\/noticias-actualidad\\\/#listItem\",\"position\":2,\"name\":\"Noticias y Actualidad\",\"item\":\"https:\\\/\\\/eldigitaldeasturias.com\\\/magazine365\\\/category\\\/noticias-actualidad\\\/\",\"nextItem\":{\"@type\":\"ListItem\",\"@id\":\"https:\\\/\\\/eldigitaldeasturias.com\\\/magazine365\\\/un-grupo-de-periodistas-y-escritores-espanoles-y-latinoamericanos-recorre-y-conoce-huelva\\\/#listItem\",\"name\":\"Un grupo de periodistas y escritores espa\\u00f1oles y latinoamericanos recorre y conoce Huelva\"},\"previousItem\":{\"@type\":\"ListItem\",\"@id\":\"https:\\\/\\\/eldigitaldeasturias.com\\\/magazine365#listItem\",\"name\":\"Home\"}},{\"@type\":\"ListItem\",\"@id\":\"https:\\\/\\\/eldigitaldeasturias.com\\\/magazine365\\\/un-grupo-de-periodistas-y-escritores-espanoles-y-latinoamericanos-recorre-y-conoce-huelva\\\/#listItem\",\"position\":3,\"name\":\"Un grupo de periodistas y escritores espa\\u00f1oles y latinoamericanos recorre y conoce Huelva\",\"previousItem\":{\"@type\":\"ListItem\",\"@id\":\"https:\\\/\\\/eldigitaldeasturias.com\\\/magazine365\\\/category\\\/noticias-actualidad\\\/#listItem\",\"name\":\"Noticias y Actualidad\"}}]},{\"@type\":\"Organization\",\"@id\":\"https:\\\/\\\/eldigitaldeasturias.com\\\/magazine365\\\/#organization\",\"name\":\"El digital de Asturias\",\"description\":\"Revista de ocio, turismo y estilo de vida\",\"url\":\"https:\\\/\\\/eldigitaldeasturias.com\\\/magazine365\\\/\",\"logo\":{\"@type\":\"ImageObject\",\"url\":\"https:\\\/\\\/www.eldigitaldeasturias.com\\\/noticias\\\/wp-content\\\/uploads\\\/2020\\\/12\\\/EDA.jpg\",\"@id\":\"https:\\\/\\\/eldigitaldeasturias.com\\\/magazine365\\\/un-grupo-de-periodistas-y-escritores-espanoles-y-latinoamericanos-recorre-y-conoce-huelva\\\/#organizationLogo\"},\"image\":{\"@id\":\"https:\\\/\\\/eldigitaldeasturias.com\\\/magazine365\\\/un-grupo-de-periodistas-y-escritores-espanoles-y-latinoamericanos-recorre-y-conoce-huelva\\\/#organizationLogo\"}},{\"@type\":\"Person\",\"@id\":\"https:\\\/\\\/eldigitaldeasturias.com\\\/magazine365\\\/author\\\/admin\\\/#author\",\"url\":\"https:\\\/\\\/eldigitaldeasturias.com\\\/magazine365\\\/author\\\/admin\\\/\",\"name\":\"admin\",\"image\":{\"@type\":\"ImageObject\",\"@id\":\"https:\\\/\\\/eldigitaldeasturias.com\\\/magazine365\\\/un-grupo-de-periodistas-y-escritores-espanoles-y-latinoamericanos-recorre-y-conoce-huelva\\\/#authorImage\",\"url\":\"https:\\\/\\\/eldigitaldeasturias.com\\\/magazine365\\\/wp-content\\\/litespeed\\\/avatar\\\/e571bcf59a0edd6fa6838245a470f2fe.jpg?ver=1776969259\",\"width\":96,\"height\":96,\"caption\":\"admin\"}},{\"@type\":\"WebPage\",\"@id\":\"https:\\\/\\\/eldigitaldeasturias.com\\\/magazine365\\\/un-grupo-de-periodistas-y-escritores-espanoles-y-latinoamericanos-recorre-y-conoce-huelva\\\/#webpage\",\"url\":\"https:\\\/\\\/eldigitaldeasturias.com\\\/magazine365\\\/un-grupo-de-periodistas-y-escritores-espanoles-y-latinoamericanos-recorre-y-conoce-huelva\\\/\",\"name\":\"Un grupo de periodistas y escritores espa\\u00f1oles y latinoamericanos recorre y conoce Huelva | El Digital de Asturias\",\"description\":\"El patronato de Turismo de Huelva ha colaborado en la organizaci\\u00f3n de un 'post tour' dirigido a periodistas y escritores de turismo tras una petici\\u00f3n recibida por parte de Turismo Andaluz para mostrar los atractivos de la provincia a los participantes de la Feria de Turismo de Am\\u00e9rica Latina y Europa (Euroal), que ha tenido\",\"inLanguage\":\"es-ES\",\"isPartOf\":{\"@id\":\"https:\\\/\\\/eldigitaldeasturias.com\\\/magazine365\\\/#website\"},\"breadcrumb\":{\"@id\":\"https:\\\/\\\/eldigitaldeasturias.com\\\/magazine365\\\/un-grupo-de-periodistas-y-escritores-espanoles-y-latinoamericanos-recorre-y-conoce-huelva\\\/#breadcrumblist\"},\"author\":{\"@id\":\"https:\\\/\\\/eldigitaldeasturias.com\\\/magazine365\\\/author\\\/admin\\\/#author\"},\"creator\":{\"@id\":\"https:\\\/\\\/eldigitaldeasturias.com\\\/magazine365\\\/author\\\/admin\\\/#author\"},\"image\":{\"@type\":\"ImageObject\",\"url\":\"https:\\\/\\\/eldigitaldeasturias.com\\\/magazine365\\\/wp-content\\\/uploads\\\/2015\\\/06\\\/fotonoticia_20150611143518_800.jpg\",\"@id\":\"https:\\\/\\\/eldigitaldeasturias.com\\\/magazine365\\\/un-grupo-de-periodistas-y-escritores-espanoles-y-latinoamericanos-recorre-y-conoce-huelva\\\/#mainImage\",\"width\":800,\"height\":600},\"primaryImageOfPage\":{\"@id\":\"https:\\\/\\\/eldigitaldeasturias.com\\\/magazine365\\\/un-grupo-de-periodistas-y-escritores-espanoles-y-latinoamericanos-recorre-y-conoce-huelva\\\/#mainImage\"},\"datePublished\":\"2015-06-12T01:01:15+02:00\",\"dateModified\":\"2015-06-12T01:01:15+02:00\"},{\"@type\":\"WebSite\",\"@id\":\"https:\\\/\\\/eldigitaldeasturias.com\\\/magazine365\\\/#website\",\"url\":\"https:\\\/\\\/eldigitaldeasturias.com\\\/magazine365\\\/\",\"name\":\"El Digital de Asturias\",\"description\":\"Revista de ocio, turismo y estilo de vida\",\"inLanguage\":\"es-ES\",\"publisher\":{\"@id\":\"https:\\\/\\\/eldigitaldeasturias.com\\\/magazine365\\\/#organization\"}}]}\n\t\t<\/script>\n\t\t<!-- All in One SEO Pro -->\r\n\t\t<title>Un grupo de periodistas y escritores espa\u00f1oles y latinoamericanos recorre y conoce Huelva | El Digital de Asturias<\/title>\n\n","aioseo_head_json":{"title":"Un grupo de periodistas y escritores espa\u00f1oles y latinoamericanos recorre y conoce Huelva | El Digital de Asturias","description":"El patronato de Turismo de Huelva ha colaborado en la organizaci\u00f3n de un 'post tour' dirigido a periodistas y escritores de turismo tras una petici\u00f3n recibida por parte de Turismo Andaluz para mostrar los atractivos de la provincia a los participantes de la Feria de Turismo de Am\u00e9rica Latina y Europa (Euroal), que ha tenido","canonical_url":"https:\/\/eldigitaldeasturias.com\/magazine365\/un-grupo-de-periodistas-y-escritores-espanoles-y-latinoamericanos-recorre-y-conoce-huelva\/","robots":"max-image-preview:large","keywords":"noticias y actualidad","webmasterTools":{"google-site-verification":"UA-38556648-1","miscellaneous":""},"schema":{"@context":"https:\/\/schema.org","@graph":[{"@type":"Article","@id":"https:\/\/eldigitaldeasturias.com\/magazine365\/un-grupo-de-periodistas-y-escritores-espanoles-y-latinoamericanos-recorre-y-conoce-huelva\/#article","name":"Un grupo de periodistas y escritores espa\u00f1oles y latinoamericanos recorre y conoce Huelva | El Digital de Asturias","headline":"Un grupo de periodistas y escritores espa\u00f1oles y latinoamericanos recorre y conoce Huelva","author":{"@id":"https:\/\/eldigitaldeasturias.com\/magazine365\/author\/admin\/#author"},"publisher":{"@id":"https:\/\/eldigitaldeasturias.com\/magazine365\/#organization"},"image":{"@type":"ImageObject","url":"https:\/\/eldigitaldeasturias.com\/magazine365\/wp-content\/uploads\/2015\/06\/fotonoticia_20150611143518_800.jpg","width":800,"height":600},"datePublished":"2015-06-12T01:01:15+02:00","dateModified":"2015-06-12T01:01:15+02:00","inLanguage":"es-ES","mainEntityOfPage":{"@id":"https:\/\/eldigitaldeasturias.com\/magazine365\/un-grupo-de-periodistas-y-escritores-espanoles-y-latinoamericanos-recorre-y-conoce-huelva\/#webpage"},"isPartOf":{"@id":"https:\/\/eldigitaldeasturias.com\/magazine365\/un-grupo-de-periodistas-y-escritores-espanoles-y-latinoamericanos-recorre-y-conoce-huelva\/#webpage"},"articleSection":"Noticias y Actualidad"},{"@type":"BreadcrumbList","@id":"https:\/\/eldigitaldeasturias.com\/magazine365\/un-grupo-de-periodistas-y-escritores-espanoles-y-latinoamericanos-recorre-y-conoce-huelva\/#breadcrumblist","itemListElement":[{"@type":"ListItem","@id":"https:\/\/eldigitaldeasturias.com\/magazine365#listItem","position":1,"name":"Home","item":"https:\/\/eldigitaldeasturias.com\/magazine365","nextItem":{"@type":"ListItem","@id":"https:\/\/eldigitaldeasturias.com\/magazine365\/category\/noticias-actualidad\/#listItem","name":"Noticias y Actualidad"}},{"@type":"ListItem","@id":"https:\/\/eldigitaldeasturias.com\/magazine365\/category\/noticias-actualidad\/#listItem","position":2,"name":"Noticias y Actualidad","item":"https:\/\/eldigitaldeasturias.com\/magazine365\/category\/noticias-actualidad\/","nextItem":{"@type":"ListItem","@id":"https:\/\/eldigitaldeasturias.com\/magazine365\/un-grupo-de-periodistas-y-escritores-espanoles-y-latinoamericanos-recorre-y-conoce-huelva\/#listItem","name":"Un grupo de periodistas y escritores espa\u00f1oles y latinoamericanos recorre y conoce Huelva"},"previousItem":{"@type":"ListItem","@id":"https:\/\/eldigitaldeasturias.com\/magazine365#listItem","name":"Home"}},{"@type":"ListItem","@id":"https:\/\/eldigitaldeasturias.com\/magazine365\/un-grupo-de-periodistas-y-escritores-espanoles-y-latinoamericanos-recorre-y-conoce-huelva\/#listItem","position":3,"name":"Un grupo de periodistas y escritores espa\u00f1oles y latinoamericanos recorre y conoce Huelva","previousItem":{"@type":"ListItem","@id":"https:\/\/eldigitaldeasturias.com\/magazine365\/category\/noticias-actualidad\/#listItem","name":"Noticias y Actualidad"}}]},{"@type":"Organization","@id":"https:\/\/eldigitaldeasturias.com\/magazine365\/#organization","name":"El digital de Asturias","description":"Revista de ocio, turismo y estilo de vida","url":"https:\/\/eldigitaldeasturias.com\/magazine365\/","logo":{"@type":"ImageObject","url":"https:\/\/www.eldigitaldeasturias.com\/noticias\/wp-content\/uploads\/2020\/12\/EDA.jpg","@id":"https:\/\/eldigitaldeasturias.com\/magazine365\/un-grupo-de-periodistas-y-escritores-espanoles-y-latinoamericanos-recorre-y-conoce-huelva\/#organizationLogo"},"image":{"@id":"https:\/\/eldigitaldeasturias.com\/magazine365\/un-grupo-de-periodistas-y-escritores-espanoles-y-latinoamericanos-recorre-y-conoce-huelva\/#organizationLogo"}},{"@type":"Person","@id":"https:\/\/eldigitaldeasturias.com\/magazine365\/author\/admin\/#author","url":"https:\/\/eldigitaldeasturias.com\/magazine365\/author\/admin\/","name":"admin","image":{"@type":"ImageObject","@id":"https:\/\/eldigitaldeasturias.com\/magazine365\/un-grupo-de-periodistas-y-escritores-espanoles-y-latinoamericanos-recorre-y-conoce-huelva\/#authorImage","url":"https:\/\/eldigitaldeasturias.com\/magazine365\/wp-content\/litespeed\/avatar\/e571bcf59a0edd6fa6838245a470f2fe.jpg?ver=1776969259","width":96,"height":96,"caption":"admin"}},{"@type":"WebPage","@id":"https:\/\/eldigitaldeasturias.com\/magazine365\/un-grupo-de-periodistas-y-escritores-espanoles-y-latinoamericanos-recorre-y-conoce-huelva\/#webpage","url":"https:\/\/eldigitaldeasturias.com\/magazine365\/un-grupo-de-periodistas-y-escritores-espanoles-y-latinoamericanos-recorre-y-conoce-huelva\/","name":"Un grupo de periodistas y escritores espa\u00f1oles y latinoamericanos recorre y conoce Huelva | El Digital de Asturias","description":"El patronato de Turismo de Huelva ha colaborado en la organizaci\u00f3n de un 'post tour' dirigido a periodistas y escritores de turismo tras una petici\u00f3n recibida por parte de Turismo Andaluz para mostrar los atractivos de la provincia a los participantes de la Feria de Turismo de Am\u00e9rica Latina y Europa (Euroal), que ha tenido","inLanguage":"es-ES","isPartOf":{"@id":"https:\/\/eldigitaldeasturias.com\/magazine365\/#website"},"breadcrumb":{"@id":"https:\/\/eldigitaldeasturias.com\/magazine365\/un-grupo-de-periodistas-y-escritores-espanoles-y-latinoamericanos-recorre-y-conoce-huelva\/#breadcrumblist"},"author":{"@id":"https:\/\/eldigitaldeasturias.com\/magazine365\/author\/admin\/#author"},"creator":{"@id":"https:\/\/eldigitaldeasturias.com\/magazine365\/author\/admin\/#author"},"image":{"@type":"ImageObject","url":"https:\/\/eldigitaldeasturias.com\/magazine365\/wp-content\/uploads\/2015\/06\/fotonoticia_20150611143518_800.jpg","@id":"https:\/\/eldigitaldeasturias.com\/magazine365\/un-grupo-de-periodistas-y-escritores-espanoles-y-latinoamericanos-recorre-y-conoce-huelva\/#mainImage","width":800,"height":600},"primaryImageOfPage":{"@id":"https:\/\/eldigitaldeasturias.com\/magazine365\/un-grupo-de-periodistas-y-escritores-espanoles-y-latinoamericanos-recorre-y-conoce-huelva\/#mainImage"},"datePublished":"2015-06-12T01:01:15+02:00","dateModified":"2015-06-12T01:01:15+02:00"},{"@type":"WebSite","@id":"https:\/\/eldigitaldeasturias.com\/magazine365\/#website","url":"https:\/\/eldigitaldeasturias.com\/magazine365\/","name":"El Digital de Asturias","description":"Revista de ocio, turismo y estilo de vida","inLanguage":"es-ES","publisher":{"@id":"https:\/\/eldigitaldeasturias.com\/magazine365\/#organization"}}]},"og:locale":"es_ES","og:site_name":"El Digital de Asturias \u2013 Revista de ocio, turismo y estilo de vida","og:type":"article","og:title":"Un grupo de periodistas y escritores espa\u00f1oles y latinoamericanos recorre y conoce Huelva | El Digital de Asturias","og:description":"El patronato de Turismo de Huelva ha colaborado en la organizaci\u00f3n de un 'post tour' dirigido a periodistas y escritores de turismo tras una petici\u00f3n recibida por parte de Turismo Andaluz para mostrar los atractivos de la provincia a los participantes de la Feria de Turismo de Am\u00e9rica Latina y Europa (Euroal), que ha tenido","og:url":"https:\/\/eldigitaldeasturias.com\/magazine365\/un-grupo-de-periodistas-y-escritores-espanoles-y-latinoamericanos-recorre-y-conoce-huelva\/","og:image":"https:\/\/eldigitaldeasturias.com\/magazine365\/wp-content\/uploads\/2015\/06\/fotonoticia_20150611143518_800.jpg","og:image:secure_url":"https:\/\/eldigitaldeasturias.com\/magazine365\/wp-content\/uploads\/2015\/06\/fotonoticia_20150611143518_800.jpg","og:image:width":800,"og:image:height":600,"article:published_time":"2015-06-11T23:31:15+00:00","article:modified_time":"2015-06-11T23:31:15+00:00","twitter:card":"summary_large_image","twitter:title":"Un grupo de periodistas y escritores espa\u00f1oles y latinoamericanos recorre y conoce Huelva | El Digital de Asturias","twitter:description":"El patronato de Turismo de Huelva ha colaborado en la organizaci\u00f3n de un 'post tour' dirigido a periodistas y escritores de turismo tras una petici\u00f3n recibida por parte de Turismo Andaluz para mostrar los atractivos de la provincia a los participantes de la Feria de Turismo de Am\u00e9rica Latina y Europa (Euroal), que ha tenido","twitter:image":"https:\/\/eldigitaldeasturias.com\/magazine365\/wp-content\/uploads\/2015\/06\/fotonoticia_20150611143518_800.jpg"},"aioseo_meta_data":{"post_id":"39610","title":null,"description":null,"keywords":null,"keyphrases":null,"primary_term":null,"canonical_url":null,"og_title":null,"og_description":null,"og_object_type":"default","og_image_type":"default","og_image_url":null,"og_image_width":null,"og_image_height":null,"og_image_custom_url":null,"og_image_custom_fields":null,"og_video":null,"og_custom_url":null,"og_article_section":null,"og_article_tags":null,"twitter_use_og":false,"twitter_card":"default","twitter_image_type":"default","twitter_image_url":null,"twitter_image_custom_url":null,"twitter_image_custom_fields":null,"twitter_title":null,"twitter_description":null,"schema":{"blockGraphs":[],"customGraphs":[],"default":{"data":{"Article":[],"Course":[],"Dataset":[],"FAQPage":[],"Movie":[],"Person":[],"Product":[],"ProductReview":[],"Car":[],"Recipe":[],"Service":[],"SoftwareApplication":[],"WebPage":[]},"graphName":"","isEnabled":true},"graphs":[],"defaultGraph":"","defaultPostTypeGraph":""},"schema_type":null,"schema_type_options":null,"pillar_content":false,"robots_default":true,"robots_noindex":false,"robots_noarchive":false,"robots_nosnippet":false,"robots_nofollow":false,"robots_noimageindex":false,"robots_noodp":false,"robots_notranslate":false,"robots_max_snippet":null,"robots_max_videopreview":null,"robots_max_imagepreview":"large","priority":null,"frequency":null,"location":null,"local_seo":null,"seo_analyzer_scan_date":"2025-09-19 11:59:25","breadcrumb_settings":null,"limit_modified_date":false,"open_ai":null,"ai":null,"created":"2021-03-09 02:38:52","updated":"2025-09-19 11:59:25"},"aioseo_breadcrumb":"<div class=\"aioseo-breadcrumbs\"><span class=\"aioseo-breadcrumb\">\n\t<a href=\"https:\/\/eldigitaldeasturias.com\/magazine365\" title=\"Home\">Home<\/a>\n<\/span><span class=\"aioseo-breadcrumb-separator\">\u2013<\/span><span class=\"aioseo-breadcrumb\">\n\t<a href=\"https:\/\/eldigitaldeasturias.com\/magazine365\/category\/noticias-actualidad\/\" title=\"Noticias y Actualidad\">Noticias y Actualidad<\/a>\n<\/span><span class=\"aioseo-breadcrumb-separator\">\u2013<\/span><span class=\"aioseo-breadcrumb\">\n\t<a href=\"https:\/\/eldigitaldeasturias.com\/magazine365\/un-grupo-de-periodistas-y-escritores-espanoles-y-latinoamericanos-recorre-y-conoce-huelva\/\" title=\"Un grupo de periodistas y escritores espa\u00f1oles y latinoamericanos recorre y conoce Huelva\">Un grupo de periodistas y escritores espa\u00f1oles y latinoamericanos recorre y conoce Huelva<\/a>\n<\/span><\/div>","aioseo_breadcrumb_json":[{"label":"Home","link":"https:\/\/eldigitaldeasturias.com\/magazine365"},{"label":"Noticias y Actualidad","link":"https:\/\/eldigitaldeasturias.com\/magazine365\/category\/noticias-actualidad\/"},{"label":"Un grupo de periodistas y escritores espa\u00f1oles y latinoamericanos recorre y conoce Huelva","link":"https:\/\/eldigitaldeasturias.com\/magazine365\/un-grupo-de-periodistas-y-escritores-espanoles-y-latinoamericanos-recorre-y-conoce-huelva\/"}],"_links":{"self":[{"href":"https:\/\/eldigitaldeasturias.com\/magazine365\/wp-json\/wp\/v2\/posts\/39610","targetHints":{"allow":["GET"]}}],"collection":[{"href":"https:\/\/eldigitaldeasturias.com\/magazine365\/wp-json\/wp\/v2\/posts"}],"about":[{"href":"https:\/\/eldigitaldeasturias.com\/magazine365\/wp-json\/wp\/v2\/types\/post"}],"author":[{"embeddable":true,"href":"https:\/\/eldigitaldeasturias.com\/magazine365\/wp-json\/wp\/v2\/users\/1"}],"replies":[{"embeddable":true,"href":"https:\/\/eldigitaldeasturias.com\/magazine365\/wp-json\/wp\/v2\/comments?post=39610"}],"version-history":[{"count":0,"href":"https:\/\/eldigitaldeasturias.com\/magazine365\/wp-json\/wp\/v2\/posts\/39610\/revisions"}],"wp:featuredmedia":[{"embeddable":true,"href":"https:\/\/eldigitaldeasturias.com\/magazine365\/wp-json\/wp\/v2\/media\/39611"}],"wp:attachment":[{"href":"https:\/\/eldigitaldeasturias.com\/magazine365\/wp-json\/wp\/v2\/media?parent=39610"}],"wp:term":[{"taxonomy":"category","embeddable":true,"href":"https:\/\/eldigitaldeasturias.com\/magazine365\/wp-json\/wp\/v2\/categories?post=39610"},{"taxonomy":"post_tag","embeddable":true,"href":"https:\/\/eldigitaldeasturias.com\/magazine365\/wp-json\/wp\/v2\/tags?post=39610"}],"curies":[{"name":"wp","href":"https:\/\/api.w.org\/{rel}","templated":true}]}}