{"id":39585,"date":"2015-06-11T17:29:26","date_gmt":"2015-06-11T15:59:26","guid":{"rendered":"http:\/\/eldigitaldeasturias.com\/magazine365\/?p=39585"},"modified":"2015-06-11T17:29:26","modified_gmt":"2015-06-11T15:59:26","slug":"la-feria-rayana-de-idanha-a-nova-del-29-de-julio-al-2-de-agosto","status":"publish","type":"post","link":"https:\/\/eldigitaldeasturias.com\/magazine365\/la-feria-rayana-de-idanha-a-nova-del-29-de-julio-al-2-de-agosto\/","title":{"rendered":"La Feria Rayana de Idanha-a-nova del 29 de julio al 2 de agosto"},"content":{"rendered":"<p><img fetchpriority=\"high\" decoding=\"async\" class=\"alignleft size-medium wp-image-39586\" src=\"https:\/\/eldigitaldeasturias.com\/magazine365\/wp-content\/uploads\/2015\/06\/fotonoticia_20150611112417_800-360x239.jpg\" alt=\"fotonoticia_20150611112417_800\" width=\"360\" height=\"239\" srcset=\"https:\/\/eldigitaldeasturias.com\/magazine365\/wp-content\/uploads\/2015\/06\/fotonoticia_20150611112417_800-360x239.jpg 360w, https:\/\/eldigitaldeasturias.com\/magazine365\/wp-content\/uploads\/2015\/06\/fotonoticia_20150611112417_800-650x431.jpg 650w, https:\/\/eldigitaldeasturias.com\/magazine365\/wp-content\/uploads\/2015\/06\/fotonoticia_20150611112417_800-768x510.jpg 768w, https:\/\/eldigitaldeasturias.com\/magazine365\/wp-content\/uploads\/2015\/06\/fotonoticia_20150611112417_800-150x100.jpg 150w, https:\/\/eldigitaldeasturias.com\/magazine365\/wp-content\/uploads\/2015\/06\/fotonoticia_20150611112417_800-450x299.jpg 450w, https:\/\/eldigitaldeasturias.com\/magazine365\/wp-content\/uploads\/2015\/06\/fotonoticia_20150611112417_800-696x462.jpg 696w, https:\/\/eldigitaldeasturias.com\/magazine365\/wp-content\/uploads\/2015\/06\/fotonoticia_20150611112417_800-633x420.jpg 633w, https:\/\/eldigitaldeasturias.com\/magazine365\/wp-content\/uploads\/2015\/06\/fotonoticia_20150611112417_800-84x55.jpg 84w, https:\/\/eldigitaldeasturias.com\/magazine365\/wp-content\/uploads\/2015\/06\/fotonoticia_20150611112417_800.jpg 800w\" sizes=\"(max-width: 360px) 100vw, 360px\" \/>La decimonovena edici\u00f3n de la Feria Rayana de la localidad portuguesa de Idanha-a-nova, que se celebrar\u00e1 del 29 de julio al 2 de agosto, destacar\u00e1 los productos de la tierra, y \u00abel potencial gastron\u00f3mico y tur\u00edstico\u00bb de ambas zonas de La Raya.<\/p>\n<p>As\u00ed, la Feria Rayana de Idanha-a-Nova, que contar\u00e1 con m\u00e1s de 200 expositores de Portugal y de Espa\u00f1a, destacar\u00e1 tambi\u00e9n la calidad de las producciones del campo en una zona que se caracteriza por \u00absu marcado car\u00e1cter rural\u00bb.<\/p>\n<p>Por estos motivos, la organizaci\u00f3n trabaja en un \u00abambicioso programa\u00bb que incluir\u00e1 la promoci\u00f3n de los recursos naturales, tur\u00edsticos, culturales y gastron\u00f3micos tomando como referencia proyectos como el Tajo Internacional.<\/p>\n<p>Esta edici\u00f3n de la Feria Rayana est\u00e1 organizada conjuntamente por la C\u00e2mara Municipal de Idanha-a-nova (Portugal) y el Ayuntamiento de la localidad cacere\u00f1a de Moraleja, seg\u00fan ha informado la Feria Rayana en nota de prensa.<\/p>\n<p>Este certamen multisectorial, es el \u00abm\u00e1s importante\u00bb de la Pen\u00ednsula Ib\u00e9rica en el \u00e1mbito de la cooperaci\u00f3n transfronteriza, se celebra de forma alterna los dos municipios, que se han convertido en las sedes fijas de la Beira Interior Sul de Portugal y de la Comunidad Aut\u00f3noma de Extremadura.<\/p>\n<p>EDICIONES ANTERIORES.<\/p>\n<p>La \u00faltima edici\u00f3n se celebr\u00f3 en septiembre de 2015 en el municipio cacere\u00f1o de Moraleja y congreg\u00f3 a m\u00e1s de 70.000 personas en una feria que cont\u00f3 con la participaci\u00f3n de 162 expositores que representan a m\u00e1s de 500 firmas comerciales.<\/p>\n<p>Adem\u00e1s, de forma paralela se celebr\u00f3 la primera edici\u00f3n de la muestra gastron\u00f3mica &#8216;Paladar Plus +&#8217;, en la que participaron 45 empresas y tres restaurantes portugueses.<\/p>\n<p>Por otro lado, la \u00faltima edici\u00f3n del certamen celebrada en Portugal, en 2013, cont\u00f3 con una importante participaci\u00f3n de empresas extreme\u00f1as y de instituciones, como la Diputaci\u00f3n de C\u00e1ceres, que ha impulsado proyectos como el Observatorio Territorial y Ambiental Alentejo Extremadura Centro, la Red Transfronterizas de Autoridades Locales en Energ\u00edas Renovables y el Proyecto Tajo internacional.<\/p>\n","protected":false},"excerpt":{"rendered":"<p>La decimonovena edici\u00f3n de la Feria Rayana de la localidad portuguesa de Idanha-a-nova, que se celebrar\u00e1 del 29 de julio al 2 de agosto, destacar\u00e1 los productos de la tierra, y \u00abel potencial gastron\u00f3mico y tur\u00edstico\u00bb de ambas zonas de La Raya. As\u00ed, la Feria Rayana de Idanha-a-Nova, que contar\u00e1 con m\u00e1s de 200 expositores<\/p>\n","protected":false},"author":1,"featured_media":39586,"comment_status":"open","ping_status":"closed","sticky":false,"template":"","format":"standard","meta":{"footnotes":""},"categories":[222],"tags":[],"class_list":{"0":"post-39585","1":"post","2":"type-post","3":"status-publish","4":"format-standard","5":"has-post-thumbnail","7":"category-actualidad-turismo"},"aioseo_notices":[],"aioseo_head":"\n\t\t<!-- All in One SEO Pro 4.9.6.1 - aioseo.com -->\n\t<meta name=\"description\" content=\"La decimonovena edici\u00f3n de la Feria Rayana de la localidad portuguesa de Idanha-a-nova, que se celebrar\u00e1 del 29 de julio al 2 de agosto, destacar\u00e1 los productos de la tierra, y &quot;el potencial gastron\u00f3mico y tur\u00edstico&quot; de ambas zonas de La Raya. As\u00ed, la Feria Rayana de Idanha-a-Nova, que contar\u00e1 con m\u00e1s de 200 expositores\" \/>\n\t<meta name=\"robots\" content=\"max-image-preview:large\" \/>\n\t<meta name=\"author\" content=\"admin\"\/>\n\t<meta name=\"google-site-verification\" content=\"UA-38556648-1\" \/>\n\t<meta name=\"keywords\" content=\"actualidad turismo\" \/>\n\t<link rel=\"canonical\" href=\"https:\/\/eldigitaldeasturias.com\/magazine365\/la-feria-rayana-de-idanha-a-nova-del-29-de-julio-al-2-de-agosto\/\" \/>\n\t<meta name=\"generator\" content=\"All in One SEO Pro (AIOSEO) 4.9.6.1\" \/>\n\t\t<meta property=\"og:locale\" content=\"es_ES\" \/>\n\t\t<meta property=\"og:site_name\" content=\"El Digital de Asturias \u2013 Revista de ocio, turismo y estilo de vida\" \/>\n\t\t<meta property=\"og:type\" content=\"article\" \/>\n\t\t<meta property=\"og:title\" content=\"La Feria Rayana de Idanha-a-nova del 29 de julio al 2 de agosto | El Digital de Asturias\" \/>\n\t\t<meta property=\"og:description\" content=\"La decimonovena edici\u00f3n de la Feria Rayana de la localidad portuguesa de Idanha-a-nova, que se celebrar\u00e1 del 29 de julio al 2 de agosto, destacar\u00e1 los productos de la tierra, y &quot;el potencial gastron\u00f3mico y tur\u00edstico&quot; de ambas zonas de La Raya. As\u00ed, la Feria Rayana de Idanha-a-Nova, que contar\u00e1 con m\u00e1s de 200 expositores\" \/>\n\t\t<meta property=\"og:url\" content=\"https:\/\/eldigitaldeasturias.com\/magazine365\/la-feria-rayana-de-idanha-a-nova-del-29-de-julio-al-2-de-agosto\/\" \/>\n\t\t<meta property=\"og:image\" content=\"https:\/\/eldigitaldeasturias.com\/magazine365\/wp-content\/uploads\/2015\/06\/fotonoticia_20150611112417_800.jpg\" \/>\n\t\t<meta property=\"og:image:secure_url\" content=\"https:\/\/eldigitaldeasturias.com\/magazine365\/wp-content\/uploads\/2015\/06\/fotonoticia_20150611112417_800.jpg\" \/>\n\t\t<meta property=\"og:image:width\" content=\"800\" \/>\n\t\t<meta property=\"og:image:height\" content=\"531\" \/>\n\t\t<meta property=\"article:published_time\" content=\"2015-06-11T15:59:26+00:00\" \/>\n\t\t<meta property=\"article:modified_time\" content=\"2015-06-11T15:59:26+00:00\" \/>\n\t\t<meta name=\"twitter:card\" content=\"summary_large_image\" \/>\n\t\t<meta name=\"twitter:title\" content=\"La Feria Rayana de Idanha-a-nova del 29 de julio al 2 de agosto | El Digital de Asturias\" \/>\n\t\t<meta name=\"twitter:description\" content=\"La decimonovena edici\u00f3n de la Feria Rayana de la localidad portuguesa de Idanha-a-nova, que se celebrar\u00e1 del 29 de julio al 2 de agosto, destacar\u00e1 los productos de la tierra, y &quot;el potencial gastron\u00f3mico y tur\u00edstico&quot; de ambas zonas de La Raya. As\u00ed, la Feria Rayana de Idanha-a-Nova, que contar\u00e1 con m\u00e1s de 200 expositores\" \/>\n\t\t<meta name=\"twitter:image\" content=\"https:\/\/eldigitaldeasturias.com\/magazine365\/wp-content\/uploads\/2015\/06\/fotonoticia_20150611112417_800.jpg\" \/>\n\t\t<script type=\"application\/ld+json\" class=\"aioseo-schema\">\n\t\t\t{\"@context\":\"https:\\\/\\\/schema.org\",\"@graph\":[{\"@type\":\"Article\",\"@id\":\"https:\\\/\\\/eldigitaldeasturias.com\\\/magazine365\\\/la-feria-rayana-de-idanha-a-nova-del-29-de-julio-al-2-de-agosto\\\/#article\",\"name\":\"La Feria Rayana de Idanha-a-nova del 29 de julio al 2 de agosto | El Digital de Asturias\",\"headline\":\"La Feria Rayana de Idanha-a-nova del 29 de julio al 2 de agosto\",\"author\":{\"@id\":\"https:\\\/\\\/eldigitaldeasturias.com\\\/magazine365\\\/author\\\/admin\\\/#author\"},\"publisher\":{\"@id\":\"https:\\\/\\\/eldigitaldeasturias.com\\\/magazine365\\\/#organization\"},\"image\":{\"@type\":\"ImageObject\",\"url\":\"https:\\\/\\\/eldigitaldeasturias.com\\\/magazine365\\\/wp-content\\\/uploads\\\/2015\\\/06\\\/fotonoticia_20150611112417_800.jpg\",\"width\":800,\"height\":531},\"datePublished\":\"2015-06-11T17:29:26+02:00\",\"dateModified\":\"2015-06-11T17:29:26+02:00\",\"inLanguage\":\"es-ES\",\"mainEntityOfPage\":{\"@id\":\"https:\\\/\\\/eldigitaldeasturias.com\\\/magazine365\\\/la-feria-rayana-de-idanha-a-nova-del-29-de-julio-al-2-de-agosto\\\/#webpage\"},\"isPartOf\":{\"@id\":\"https:\\\/\\\/eldigitaldeasturias.com\\\/magazine365\\\/la-feria-rayana-de-idanha-a-nova-del-29-de-julio-al-2-de-agosto\\\/#webpage\"},\"articleSection\":\"Actualidad Turismo\"},{\"@type\":\"BreadcrumbList\",\"@id\":\"https:\\\/\\\/eldigitaldeasturias.com\\\/magazine365\\\/la-feria-rayana-de-idanha-a-nova-del-29-de-julio-al-2-de-agosto\\\/#breadcrumblist\",\"itemListElement\":[{\"@type\":\"ListItem\",\"@id\":\"https:\\\/\\\/eldigitaldeasturias.com\\\/magazine365#listItem\",\"position\":1,\"name\":\"Home\",\"item\":\"https:\\\/\\\/eldigitaldeasturias.com\\\/magazine365\",\"nextItem\":{\"@type\":\"ListItem\",\"@id\":\"https:\\\/\\\/eldigitaldeasturias.com\\\/magazine365\\\/category\\\/actualidad-turismo\\\/#listItem\",\"name\":\"Actualidad Turismo\"}},{\"@type\":\"ListItem\",\"@id\":\"https:\\\/\\\/eldigitaldeasturias.com\\\/magazine365\\\/category\\\/actualidad-turismo\\\/#listItem\",\"position\":2,\"name\":\"Actualidad Turismo\",\"item\":\"https:\\\/\\\/eldigitaldeasturias.com\\\/magazine365\\\/category\\\/actualidad-turismo\\\/\",\"nextItem\":{\"@type\":\"ListItem\",\"@id\":\"https:\\\/\\\/eldigitaldeasturias.com\\\/magazine365\\\/la-feria-rayana-de-idanha-a-nova-del-29-de-julio-al-2-de-agosto\\\/#listItem\",\"name\":\"La Feria Rayana de Idanha-a-nova del 29 de julio al 2 de agosto\"},\"previousItem\":{\"@type\":\"ListItem\",\"@id\":\"https:\\\/\\\/eldigitaldeasturias.com\\\/magazine365#listItem\",\"name\":\"Home\"}},{\"@type\":\"ListItem\",\"@id\":\"https:\\\/\\\/eldigitaldeasturias.com\\\/magazine365\\\/la-feria-rayana-de-idanha-a-nova-del-29-de-julio-al-2-de-agosto\\\/#listItem\",\"position\":3,\"name\":\"La Feria Rayana de Idanha-a-nova del 29 de julio al 2 de agosto\",\"previousItem\":{\"@type\":\"ListItem\",\"@id\":\"https:\\\/\\\/eldigitaldeasturias.com\\\/magazine365\\\/category\\\/actualidad-turismo\\\/#listItem\",\"name\":\"Actualidad Turismo\"}}]},{\"@type\":\"Organization\",\"@id\":\"https:\\\/\\\/eldigitaldeasturias.com\\\/magazine365\\\/#organization\",\"name\":\"El digital de Asturias\",\"description\":\"Revista de ocio, turismo y estilo de vida\",\"url\":\"https:\\\/\\\/eldigitaldeasturias.com\\\/magazine365\\\/\",\"logo\":{\"@type\":\"ImageObject\",\"url\":\"https:\\\/\\\/www.eldigitaldeasturias.com\\\/noticias\\\/wp-content\\\/uploads\\\/2020\\\/12\\\/EDA.jpg\",\"@id\":\"https:\\\/\\\/eldigitaldeasturias.com\\\/magazine365\\\/la-feria-rayana-de-idanha-a-nova-del-29-de-julio-al-2-de-agosto\\\/#organizationLogo\"},\"image\":{\"@id\":\"https:\\\/\\\/eldigitaldeasturias.com\\\/magazine365\\\/la-feria-rayana-de-idanha-a-nova-del-29-de-julio-al-2-de-agosto\\\/#organizationLogo\"}},{\"@type\":\"Person\",\"@id\":\"https:\\\/\\\/eldigitaldeasturias.com\\\/magazine365\\\/author\\\/admin\\\/#author\",\"url\":\"https:\\\/\\\/eldigitaldeasturias.com\\\/magazine365\\\/author\\\/admin\\\/\",\"name\":\"admin\",\"image\":{\"@type\":\"ImageObject\",\"@id\":\"https:\\\/\\\/eldigitaldeasturias.com\\\/magazine365\\\/la-feria-rayana-de-idanha-a-nova-del-29-de-julio-al-2-de-agosto\\\/#authorImage\",\"url\":\"https:\\\/\\\/eldigitaldeasturias.com\\\/magazine365\\\/wp-content\\\/litespeed\\\/avatar\\\/e571bcf59a0edd6fa6838245a470f2fe.jpg?ver=1776969259\",\"width\":96,\"height\":96,\"caption\":\"admin\"}},{\"@type\":\"WebPage\",\"@id\":\"https:\\\/\\\/eldigitaldeasturias.com\\\/magazine365\\\/la-feria-rayana-de-idanha-a-nova-del-29-de-julio-al-2-de-agosto\\\/#webpage\",\"url\":\"https:\\\/\\\/eldigitaldeasturias.com\\\/magazine365\\\/la-feria-rayana-de-idanha-a-nova-del-29-de-julio-al-2-de-agosto\\\/\",\"name\":\"La Feria Rayana de Idanha-a-nova del 29 de julio al 2 de agosto | El Digital de Asturias\",\"description\":\"La decimonovena edici\\u00f3n de la Feria Rayana de la localidad portuguesa de Idanha-a-nova, que se celebrar\\u00e1 del 29 de julio al 2 de agosto, destacar\\u00e1 los productos de la tierra, y \\\"el potencial gastron\\u00f3mico y tur\\u00edstico\\\" de ambas zonas de La Raya. As\\u00ed, la Feria Rayana de Idanha-a-Nova, que contar\\u00e1 con m\\u00e1s de 200 expositores\",\"inLanguage\":\"es-ES\",\"isPartOf\":{\"@id\":\"https:\\\/\\\/eldigitaldeasturias.com\\\/magazine365\\\/#website\"},\"breadcrumb\":{\"@id\":\"https:\\\/\\\/eldigitaldeasturias.com\\\/magazine365\\\/la-feria-rayana-de-idanha-a-nova-del-29-de-julio-al-2-de-agosto\\\/#breadcrumblist\"},\"author\":{\"@id\":\"https:\\\/\\\/eldigitaldeasturias.com\\\/magazine365\\\/author\\\/admin\\\/#author\"},\"creator\":{\"@id\":\"https:\\\/\\\/eldigitaldeasturias.com\\\/magazine365\\\/author\\\/admin\\\/#author\"},\"image\":{\"@type\":\"ImageObject\",\"url\":\"https:\\\/\\\/eldigitaldeasturias.com\\\/magazine365\\\/wp-content\\\/uploads\\\/2015\\\/06\\\/fotonoticia_20150611112417_800.jpg\",\"@id\":\"https:\\\/\\\/eldigitaldeasturias.com\\\/magazine365\\\/la-feria-rayana-de-idanha-a-nova-del-29-de-julio-al-2-de-agosto\\\/#mainImage\",\"width\":800,\"height\":531},\"primaryImageOfPage\":{\"@id\":\"https:\\\/\\\/eldigitaldeasturias.com\\\/magazine365\\\/la-feria-rayana-de-idanha-a-nova-del-29-de-julio-al-2-de-agosto\\\/#mainImage\"},\"datePublished\":\"2015-06-11T17:29:26+02:00\",\"dateModified\":\"2015-06-11T17:29:26+02:00\"},{\"@type\":\"WebSite\",\"@id\":\"https:\\\/\\\/eldigitaldeasturias.com\\\/magazine365\\\/#website\",\"url\":\"https:\\\/\\\/eldigitaldeasturias.com\\\/magazine365\\\/\",\"name\":\"El Digital de Asturias\",\"description\":\"Revista de ocio, turismo y estilo de vida\",\"inLanguage\":\"es-ES\",\"publisher\":{\"@id\":\"https:\\\/\\\/eldigitaldeasturias.com\\\/magazine365\\\/#organization\"}}]}\n\t\t<\/script>\n\t\t<!-- All in One SEO Pro -->\r\n\t\t<title>La Feria Rayana de Idanha-a-nova del 29 de julio al 2 de agosto | El Digital de Asturias<\/title>\n\n","aioseo_head_json":{"title":"La Feria Rayana de Idanha-a-nova del 29 de julio al 2 de agosto | El Digital de Asturias","description":"La decimonovena edici\u00f3n de la Feria Rayana de la localidad portuguesa de Idanha-a-nova, que se celebrar\u00e1 del 29 de julio al 2 de agosto, destacar\u00e1 los productos de la tierra, y \"el potencial gastron\u00f3mico y tur\u00edstico\" de ambas zonas de La Raya. As\u00ed, la Feria Rayana de Idanha-a-Nova, que contar\u00e1 con m\u00e1s de 200 expositores","canonical_url":"https:\/\/eldigitaldeasturias.com\/magazine365\/la-feria-rayana-de-idanha-a-nova-del-29-de-julio-al-2-de-agosto\/","robots":"max-image-preview:large","keywords":"actualidad turismo","webmasterTools":{"google-site-verification":"UA-38556648-1","miscellaneous":""},"schema":{"@context":"https:\/\/schema.org","@graph":[{"@type":"Article","@id":"https:\/\/eldigitaldeasturias.com\/magazine365\/la-feria-rayana-de-idanha-a-nova-del-29-de-julio-al-2-de-agosto\/#article","name":"La Feria Rayana de Idanha-a-nova del 29 de julio al 2 de agosto | El Digital de Asturias","headline":"La Feria Rayana de Idanha-a-nova del 29 de julio al 2 de agosto","author":{"@id":"https:\/\/eldigitaldeasturias.com\/magazine365\/author\/admin\/#author"},"publisher":{"@id":"https:\/\/eldigitaldeasturias.com\/magazine365\/#organization"},"image":{"@type":"ImageObject","url":"https:\/\/eldigitaldeasturias.com\/magazine365\/wp-content\/uploads\/2015\/06\/fotonoticia_20150611112417_800.jpg","width":800,"height":531},"datePublished":"2015-06-11T17:29:26+02:00","dateModified":"2015-06-11T17:29:26+02:00","inLanguage":"es-ES","mainEntityOfPage":{"@id":"https:\/\/eldigitaldeasturias.com\/magazine365\/la-feria-rayana-de-idanha-a-nova-del-29-de-julio-al-2-de-agosto\/#webpage"},"isPartOf":{"@id":"https:\/\/eldigitaldeasturias.com\/magazine365\/la-feria-rayana-de-idanha-a-nova-del-29-de-julio-al-2-de-agosto\/#webpage"},"articleSection":"Actualidad Turismo"},{"@type":"BreadcrumbList","@id":"https:\/\/eldigitaldeasturias.com\/magazine365\/la-feria-rayana-de-idanha-a-nova-del-29-de-julio-al-2-de-agosto\/#breadcrumblist","itemListElement":[{"@type":"ListItem","@id":"https:\/\/eldigitaldeasturias.com\/magazine365#listItem","position":1,"name":"Home","item":"https:\/\/eldigitaldeasturias.com\/magazine365","nextItem":{"@type":"ListItem","@id":"https:\/\/eldigitaldeasturias.com\/magazine365\/category\/actualidad-turismo\/#listItem","name":"Actualidad Turismo"}},{"@type":"ListItem","@id":"https:\/\/eldigitaldeasturias.com\/magazine365\/category\/actualidad-turismo\/#listItem","position":2,"name":"Actualidad Turismo","item":"https:\/\/eldigitaldeasturias.com\/magazine365\/category\/actualidad-turismo\/","nextItem":{"@type":"ListItem","@id":"https:\/\/eldigitaldeasturias.com\/magazine365\/la-feria-rayana-de-idanha-a-nova-del-29-de-julio-al-2-de-agosto\/#listItem","name":"La Feria Rayana de Idanha-a-nova del 29 de julio al 2 de agosto"},"previousItem":{"@type":"ListItem","@id":"https:\/\/eldigitaldeasturias.com\/magazine365#listItem","name":"Home"}},{"@type":"ListItem","@id":"https:\/\/eldigitaldeasturias.com\/magazine365\/la-feria-rayana-de-idanha-a-nova-del-29-de-julio-al-2-de-agosto\/#listItem","position":3,"name":"La Feria Rayana de Idanha-a-nova del 29 de julio al 2 de agosto","previousItem":{"@type":"ListItem","@id":"https:\/\/eldigitaldeasturias.com\/magazine365\/category\/actualidad-turismo\/#listItem","name":"Actualidad Turismo"}}]},{"@type":"Organization","@id":"https:\/\/eldigitaldeasturias.com\/magazine365\/#organization","name":"El digital de Asturias","description":"Revista de ocio, turismo y estilo de vida","url":"https:\/\/eldigitaldeasturias.com\/magazine365\/","logo":{"@type":"ImageObject","url":"https:\/\/www.eldigitaldeasturias.com\/noticias\/wp-content\/uploads\/2020\/12\/EDA.jpg","@id":"https:\/\/eldigitaldeasturias.com\/magazine365\/la-feria-rayana-de-idanha-a-nova-del-29-de-julio-al-2-de-agosto\/#organizationLogo"},"image":{"@id":"https:\/\/eldigitaldeasturias.com\/magazine365\/la-feria-rayana-de-idanha-a-nova-del-29-de-julio-al-2-de-agosto\/#organizationLogo"}},{"@type":"Person","@id":"https:\/\/eldigitaldeasturias.com\/magazine365\/author\/admin\/#author","url":"https:\/\/eldigitaldeasturias.com\/magazine365\/author\/admin\/","name":"admin","image":{"@type":"ImageObject","@id":"https:\/\/eldigitaldeasturias.com\/magazine365\/la-feria-rayana-de-idanha-a-nova-del-29-de-julio-al-2-de-agosto\/#authorImage","url":"https:\/\/eldigitaldeasturias.com\/magazine365\/wp-content\/litespeed\/avatar\/e571bcf59a0edd6fa6838245a470f2fe.jpg?ver=1776969259","width":96,"height":96,"caption":"admin"}},{"@type":"WebPage","@id":"https:\/\/eldigitaldeasturias.com\/magazine365\/la-feria-rayana-de-idanha-a-nova-del-29-de-julio-al-2-de-agosto\/#webpage","url":"https:\/\/eldigitaldeasturias.com\/magazine365\/la-feria-rayana-de-idanha-a-nova-del-29-de-julio-al-2-de-agosto\/","name":"La Feria Rayana de Idanha-a-nova del 29 de julio al 2 de agosto | El Digital de Asturias","description":"La decimonovena edici\u00f3n de la Feria Rayana de la localidad portuguesa de Idanha-a-nova, que se celebrar\u00e1 del 29 de julio al 2 de agosto, destacar\u00e1 los productos de la tierra, y \"el potencial gastron\u00f3mico y tur\u00edstico\" de ambas zonas de La Raya. As\u00ed, la Feria Rayana de Idanha-a-Nova, que contar\u00e1 con m\u00e1s de 200 expositores","inLanguage":"es-ES","isPartOf":{"@id":"https:\/\/eldigitaldeasturias.com\/magazine365\/#website"},"breadcrumb":{"@id":"https:\/\/eldigitaldeasturias.com\/magazine365\/la-feria-rayana-de-idanha-a-nova-del-29-de-julio-al-2-de-agosto\/#breadcrumblist"},"author":{"@id":"https:\/\/eldigitaldeasturias.com\/magazine365\/author\/admin\/#author"},"creator":{"@id":"https:\/\/eldigitaldeasturias.com\/magazine365\/author\/admin\/#author"},"image":{"@type":"ImageObject","url":"https:\/\/eldigitaldeasturias.com\/magazine365\/wp-content\/uploads\/2015\/06\/fotonoticia_20150611112417_800.jpg","@id":"https:\/\/eldigitaldeasturias.com\/magazine365\/la-feria-rayana-de-idanha-a-nova-del-29-de-julio-al-2-de-agosto\/#mainImage","width":800,"height":531},"primaryImageOfPage":{"@id":"https:\/\/eldigitaldeasturias.com\/magazine365\/la-feria-rayana-de-idanha-a-nova-del-29-de-julio-al-2-de-agosto\/#mainImage"},"datePublished":"2015-06-11T17:29:26+02:00","dateModified":"2015-06-11T17:29:26+02:00"},{"@type":"WebSite","@id":"https:\/\/eldigitaldeasturias.com\/magazine365\/#website","url":"https:\/\/eldigitaldeasturias.com\/magazine365\/","name":"El Digital de Asturias","description":"Revista de ocio, turismo y estilo de vida","inLanguage":"es-ES","publisher":{"@id":"https:\/\/eldigitaldeasturias.com\/magazine365\/#organization"}}]},"og:locale":"es_ES","og:site_name":"El Digital de Asturias \u2013 Revista de ocio, turismo y estilo de vida","og:type":"article","og:title":"La Feria Rayana de Idanha-a-nova del 29 de julio al 2 de agosto | El Digital de Asturias","og:description":"La decimonovena edici\u00f3n de la Feria Rayana de la localidad portuguesa de Idanha-a-nova, que se celebrar\u00e1 del 29 de julio al 2 de agosto, destacar\u00e1 los productos de la tierra, y &quot;el potencial gastron\u00f3mico y tur\u00edstico&quot; de ambas zonas de La Raya. As\u00ed, la Feria Rayana de Idanha-a-Nova, que contar\u00e1 con m\u00e1s de 200 expositores","og:url":"https:\/\/eldigitaldeasturias.com\/magazine365\/la-feria-rayana-de-idanha-a-nova-del-29-de-julio-al-2-de-agosto\/","og:image":"https:\/\/eldigitaldeasturias.com\/magazine365\/wp-content\/uploads\/2015\/06\/fotonoticia_20150611112417_800.jpg","og:image:secure_url":"https:\/\/eldigitaldeasturias.com\/magazine365\/wp-content\/uploads\/2015\/06\/fotonoticia_20150611112417_800.jpg","og:image:width":800,"og:image:height":531,"article:published_time":"2015-06-11T15:59:26+00:00","article:modified_time":"2015-06-11T15:59:26+00:00","twitter:card":"summary_large_image","twitter:title":"La Feria Rayana de Idanha-a-nova del 29 de julio al 2 de agosto | El Digital de Asturias","twitter:description":"La decimonovena edici\u00f3n de la Feria Rayana de la localidad portuguesa de Idanha-a-nova, que se celebrar\u00e1 del 29 de julio al 2 de agosto, destacar\u00e1 los productos de la tierra, y &quot;el potencial gastron\u00f3mico y tur\u00edstico&quot; de ambas zonas de La Raya. As\u00ed, la Feria Rayana de Idanha-a-Nova, que contar\u00e1 con m\u00e1s de 200 expositores","twitter:image":"https:\/\/eldigitaldeasturias.com\/magazine365\/wp-content\/uploads\/2015\/06\/fotonoticia_20150611112417_800.jpg"},"aioseo_meta_data":{"post_id":"39585","title":null,"description":null,"keywords":null,"keyphrases":null,"primary_term":null,"canonical_url":null,"og_title":null,"og_description":null,"og_object_type":"default","og_image_type":"default","og_image_url":null,"og_image_width":null,"og_image_height":null,"og_image_custom_url":null,"og_image_custom_fields":null,"og_video":null,"og_custom_url":null,"og_article_section":null,"og_article_tags":null,"twitter_use_og":false,"twitter_card":"default","twitter_image_type":"default","twitter_image_url":null,"twitter_image_custom_url":null,"twitter_image_custom_fields":null,"twitter_title":null,"twitter_description":null,"schema":{"blockGraphs":[],"customGraphs":[],"default":{"data":{"Article":[],"Course":[],"Dataset":[],"FAQPage":[],"Movie":[],"Person":[],"Product":[],"ProductReview":[],"Car":[],"Recipe":[],"Service":[],"SoftwareApplication":[],"WebPage":[]},"graphName":"","isEnabled":true},"graphs":[],"defaultGraph":"","defaultPostTypeGraph":""},"schema_type":null,"schema_type_options":null,"pillar_content":false,"robots_default":true,"robots_noindex":false,"robots_noarchive":false,"robots_nosnippet":false,"robots_nofollow":false,"robots_noimageindex":false,"robots_noodp":false,"robots_notranslate":false,"robots_max_snippet":null,"robots_max_videopreview":null,"robots_max_imagepreview":"large","priority":null,"frequency":null,"location":null,"local_seo":null,"seo_analyzer_scan_date":"2025-09-19 11:56:13","breadcrumb_settings":null,"limit_modified_date":false,"open_ai":null,"ai":null,"created":"2021-03-09 02:39:55","updated":"2025-09-19 11:56:13"},"aioseo_breadcrumb":"<div class=\"aioseo-breadcrumbs\"><span class=\"aioseo-breadcrumb\">\n\t<a href=\"https:\/\/eldigitaldeasturias.com\/magazine365\" title=\"Home\">Home<\/a>\n<\/span><span class=\"aioseo-breadcrumb-separator\">\u2013<\/span><span class=\"aioseo-breadcrumb\">\n\t<a href=\"https:\/\/eldigitaldeasturias.com\/magazine365\/category\/actualidad-turismo\/\" title=\"Actualidad Turismo\">Actualidad Turismo<\/a>\n<\/span><span class=\"aioseo-breadcrumb-separator\">\u2013<\/span><span class=\"aioseo-breadcrumb\">\n\t<a href=\"https:\/\/eldigitaldeasturias.com\/magazine365\/la-feria-rayana-de-idanha-a-nova-del-29-de-julio-al-2-de-agosto\/\" title=\"La Feria Rayana de Idanha-a-nova del 29 de julio al 2 de agosto\">La Feria Rayana de Idanha-a-nova del 29 de julio al 2 de agosto<\/a>\n<\/span><\/div>","aioseo_breadcrumb_json":[{"label":"Home","link":"https:\/\/eldigitaldeasturias.com\/magazine365"},{"label":"Actualidad Turismo","link":"https:\/\/eldigitaldeasturias.com\/magazine365\/category\/actualidad-turismo\/"},{"label":"La Feria Rayana de Idanha-a-nova del 29 de julio al 2 de agosto","link":"https:\/\/eldigitaldeasturias.com\/magazine365\/la-feria-rayana-de-idanha-a-nova-del-29-de-julio-al-2-de-agosto\/"}],"_links":{"self":[{"href":"https:\/\/eldigitaldeasturias.com\/magazine365\/wp-json\/wp\/v2\/posts\/39585","targetHints":{"allow":["GET"]}}],"collection":[{"href":"https:\/\/eldigitaldeasturias.com\/magazine365\/wp-json\/wp\/v2\/posts"}],"about":[{"href":"https:\/\/eldigitaldeasturias.com\/magazine365\/wp-json\/wp\/v2\/types\/post"}],"author":[{"embeddable":true,"href":"https:\/\/eldigitaldeasturias.com\/magazine365\/wp-json\/wp\/v2\/users\/1"}],"replies":[{"embeddable":true,"href":"https:\/\/eldigitaldeasturias.com\/magazine365\/wp-json\/wp\/v2\/comments?post=39585"}],"version-history":[{"count":0,"href":"https:\/\/eldigitaldeasturias.com\/magazine365\/wp-json\/wp\/v2\/posts\/39585\/revisions"}],"wp:featuredmedia":[{"embeddable":true,"href":"https:\/\/eldigitaldeasturias.com\/magazine365\/wp-json\/wp\/v2\/media\/39586"}],"wp:attachment":[{"href":"https:\/\/eldigitaldeasturias.com\/magazine365\/wp-json\/wp\/v2\/media?parent=39585"}],"wp:term":[{"taxonomy":"category","embeddable":true,"href":"https:\/\/eldigitaldeasturias.com\/magazine365\/wp-json\/wp\/v2\/categories?post=39585"},{"taxonomy":"post_tag","embeddable":true,"href":"https:\/\/eldigitaldeasturias.com\/magazine365\/wp-json\/wp\/v2\/tags?post=39585"}],"curies":[{"name":"wp","href":"https:\/\/api.w.org\/{rel}","templated":true}]}}