{"id":39574,"date":"2015-06-11T17:20:04","date_gmt":"2015-06-11T15:50:04","guid":{"rendered":"http:\/\/eldigitaldeasturias.com\/magazine365\/?p=39574"},"modified":"2015-06-11T17:20:04","modified_gmt":"2015-06-11T15:50:04","slug":"el-parador-de-canadas-del-teide-certifica-su-condicion-de-establecimiento-starlight","status":"publish","type":"post","link":"https:\/\/eldigitaldeasturias.com\/magazine365\/el-parador-de-canadas-del-teide-certifica-su-condicion-de-establecimiento-starlight\/","title":{"rendered":"El parador de Ca\u00f1adas del Teide certifica su condici\u00f3n de establecimiento &#8216;Starlight&#8217;"},"content":{"rendered":"<p><img fetchpriority=\"high\" decoding=\"async\" class=\"alignleft size-medium wp-image-39575\" src=\"https:\/\/eldigitaldeasturias.com\/magazine365\/wp-content\/uploads\/2015\/06\/fotonoticia_20150611104912_800-360x158.jpg\" alt=\"fotonoticia_20150611104912_800\" width=\"360\" height=\"158\" srcset=\"https:\/\/eldigitaldeasturias.com\/magazine365\/wp-content\/uploads\/2015\/06\/fotonoticia_20150611104912_800-360x158.jpg 360w, https:\/\/eldigitaldeasturias.com\/magazine365\/wp-content\/uploads\/2015\/06\/fotonoticia_20150611104912_800-650x284.jpg 650w, https:\/\/eldigitaldeasturias.com\/magazine365\/wp-content\/uploads\/2015\/06\/fotonoticia_20150611104912_800-768x336.jpg 768w, https:\/\/eldigitaldeasturias.com\/magazine365\/wp-content\/uploads\/2015\/06\/fotonoticia_20150611104912_800-150x66.jpg 150w, https:\/\/eldigitaldeasturias.com\/magazine365\/wp-content\/uploads\/2015\/06\/fotonoticia_20150611104912_800-450x197.jpg 450w, https:\/\/eldigitaldeasturias.com\/magazine365\/wp-content\/uploads\/2015\/06\/fotonoticia_20150611104912_800-696x305.jpg 696w, https:\/\/eldigitaldeasturias.com\/magazine365\/wp-content\/uploads\/2015\/06\/fotonoticia_20150611104912_800-250x110.jpg 250w, https:\/\/eldigitaldeasturias.com\/magazine365\/wp-content\/uploads\/2015\/06\/fotonoticia_20150611104912_800.jpg 800w\" sizes=\"(max-width: 360px) 100vw, 360px\" \/>La Fundaci\u00f3n Starlight ha acordado la concesi\u00f3n de la cualificaci\u00f3n de &#8216;Parador Starlight&#8217; al Parador de Turismo de Ca\u00f1adas del Teide (Tenerife), tras proceder al estudio de la informaci\u00f3n referente al establecimiento.<\/p>\n<p>As\u00ed lo se\u00f1al\u00f3 Paradores en un comunicado en el que apunt\u00f3 que los establecimientos incluidos por la Fundaci\u00f3n en esta cualificaci\u00f3n constituyen una selecci\u00f3n tur\u00edstica que, adem\u00e1s de ofrecer una calidad de alojamiento acreditada, se convierten en propagadores de los valores contenidos en la Declaraci\u00f3n de La Palma, en Defensa del Cielo Nocturno y el Derecho a la Luz de las Estrellas.<\/p>\n<p>Del mismo modo, se pone a disposici\u00f3n de los clientes informaci\u00f3n sobre &#8216;Starlight&#8217; y algunos medios para la observaci\u00f3n astron\u00f3mica y se implican como agentes activos en la propagaci\u00f3n de la cultura astron\u00f3mica, ofreciendo dotaciones sencillas para la observaci\u00f3n nocturna.<\/p>\n<p>Por su parte, Paradores destac\u00f3 que la concesi\u00f3n del certificado constituye un compromiso y el comienzo de una etapa de mejora continua en sus diversos aspectos, tanto los referidos a la calidad y coherencia del producto tur\u00edstico, como los relativos a la necesidad de preservar y mejorar la calidad de los cielos nocturnos y la protecci\u00f3n de los recursos asociados al entorno del parador.<\/p>\n","protected":false},"excerpt":{"rendered":"<p>La Fundaci\u00f3n Starlight ha acordado la concesi\u00f3n de la cualificaci\u00f3n de &#8216;Parador Starlight&#8217; al Parador de Turismo de Ca\u00f1adas del Teide (Tenerife), tras proceder al estudio de la informaci\u00f3n referente al establecimiento. As\u00ed lo se\u00f1al\u00f3 Paradores en un comunicado en el que apunt\u00f3 que los establecimientos incluidos por la Fundaci\u00f3n en esta cualificaci\u00f3n constituyen una<\/p>\n","protected":false},"author":1,"featured_media":39575,"comment_status":"open","ping_status":"closed","sticky":false,"template":"","format":"standard","meta":{"footnotes":""},"categories":[222],"tags":[],"class_list":{"0":"post-39574","1":"post","2":"type-post","3":"status-publish","4":"format-standard","5":"has-post-thumbnail","7":"category-actualidad-turismo"},"aioseo_notices":[],"aioseo_head":"\n\t\t<!-- All in One SEO Pro 4.9.6.1 - aioseo.com -->\n\t<meta name=\"description\" content=\"La Fundaci\u00f3n Starlight ha acordado la concesi\u00f3n de la cualificaci\u00f3n de &#039;Parador Starlight&#039; al Parador de Turismo de Ca\u00f1adas del Teide (Tenerife), tras proceder al estudio de la informaci\u00f3n referente al establecimiento. As\u00ed lo se\u00f1al\u00f3 Paradores en un comunicado en el que apunt\u00f3 que los establecimientos incluidos por la Fundaci\u00f3n en esta cualificaci\u00f3n constituyen una\" \/>\n\t<meta name=\"robots\" content=\"max-image-preview:large\" \/>\n\t<meta name=\"author\" content=\"admin\"\/>\n\t<meta name=\"google-site-verification\" content=\"UA-38556648-1\" \/>\n\t<meta name=\"keywords\" content=\"actualidad turismo\" \/>\n\t<link rel=\"canonical\" href=\"https:\/\/eldigitaldeasturias.com\/magazine365\/el-parador-de-canadas-del-teide-certifica-su-condicion-de-establecimiento-starlight\/\" \/>\n\t<meta name=\"generator\" content=\"All in One SEO Pro (AIOSEO) 4.9.6.1\" \/>\n\t\t<meta property=\"og:locale\" content=\"es_ES\" \/>\n\t\t<meta property=\"og:site_name\" content=\"El Digital de Asturias \u2013 Revista de ocio, turismo y estilo de vida\" \/>\n\t\t<meta property=\"og:type\" content=\"article\" \/>\n\t\t<meta property=\"og:title\" content=\"El parador de Ca\u00f1adas del Teide certifica su condici\u00f3n de establecimiento \u2018Starlight\u2019 | El Digital de Asturias\" \/>\n\t\t<meta property=\"og:description\" content=\"La Fundaci\u00f3n Starlight ha acordado la concesi\u00f3n de la cualificaci\u00f3n de &#039;Parador Starlight&#039; al Parador de Turismo de Ca\u00f1adas del Teide (Tenerife), tras proceder al estudio de la informaci\u00f3n referente al establecimiento. As\u00ed lo se\u00f1al\u00f3 Paradores en un comunicado en el que apunt\u00f3 que los establecimientos incluidos por la Fundaci\u00f3n en esta cualificaci\u00f3n constituyen una\" \/>\n\t\t<meta property=\"og:url\" content=\"https:\/\/eldigitaldeasturias.com\/magazine365\/el-parador-de-canadas-del-teide-certifica-su-condicion-de-establecimiento-starlight\/\" \/>\n\t\t<meta property=\"og:image\" content=\"https:\/\/eldigitaldeasturias.com\/magazine365\/wp-content\/uploads\/2015\/06\/fotonoticia_20150611104912_800.jpg\" \/>\n\t\t<meta property=\"og:image:secure_url\" content=\"https:\/\/eldigitaldeasturias.com\/magazine365\/wp-content\/uploads\/2015\/06\/fotonoticia_20150611104912_800.jpg\" \/>\n\t\t<meta property=\"og:image:width\" content=\"800\" \/>\n\t\t<meta property=\"og:image:height\" content=\"350\" \/>\n\t\t<meta property=\"article:published_time\" content=\"2015-06-11T15:50:04+00:00\" \/>\n\t\t<meta property=\"article:modified_time\" content=\"2015-06-11T15:50:04+00:00\" \/>\n\t\t<meta name=\"twitter:card\" content=\"summary_large_image\" \/>\n\t\t<meta name=\"twitter:title\" content=\"El parador de Ca\u00f1adas del Teide certifica su condici\u00f3n de establecimiento \u2018Starlight\u2019 | El Digital de Asturias\" \/>\n\t\t<meta name=\"twitter:description\" content=\"La Fundaci\u00f3n Starlight ha acordado la concesi\u00f3n de la cualificaci\u00f3n de &#039;Parador Starlight&#039; al Parador de Turismo de Ca\u00f1adas del Teide (Tenerife), tras proceder al estudio de la informaci\u00f3n referente al establecimiento. As\u00ed lo se\u00f1al\u00f3 Paradores en un comunicado en el que apunt\u00f3 que los establecimientos incluidos por la Fundaci\u00f3n en esta cualificaci\u00f3n constituyen una\" \/>\n\t\t<meta name=\"twitter:image\" content=\"https:\/\/eldigitaldeasturias.com\/magazine365\/wp-content\/uploads\/2015\/06\/fotonoticia_20150611104912_800.jpg\" \/>\n\t\t<script type=\"application\/ld+json\" class=\"aioseo-schema\">\n\t\t\t{\"@context\":\"https:\\\/\\\/schema.org\",\"@graph\":[{\"@type\":\"Article\",\"@id\":\"https:\\\/\\\/eldigitaldeasturias.com\\\/magazine365\\\/el-parador-de-canadas-del-teide-certifica-su-condicion-de-establecimiento-starlight\\\/#article\",\"name\":\"El parador de Ca\\u00f1adas del Teide certifica su condici\\u00f3n de establecimiento \\u2018Starlight\\u2019 | El Digital de Asturias\",\"headline\":\"El parador de Ca\\u00f1adas del Teide certifica su condici\\u00f3n de establecimiento &#8216;Starlight&#8217;\",\"author\":{\"@id\":\"https:\\\/\\\/eldigitaldeasturias.com\\\/magazine365\\\/author\\\/admin\\\/#author\"},\"publisher\":{\"@id\":\"https:\\\/\\\/eldigitaldeasturias.com\\\/magazine365\\\/#organization\"},\"image\":{\"@type\":\"ImageObject\",\"url\":\"https:\\\/\\\/eldigitaldeasturias.com\\\/magazine365\\\/wp-content\\\/uploads\\\/2015\\\/06\\\/fotonoticia_20150611104912_800.jpg\",\"width\":800,\"height\":350},\"datePublished\":\"2015-06-11T17:20:04+02:00\",\"dateModified\":\"2015-06-11T17:20:04+02:00\",\"inLanguage\":\"es-ES\",\"mainEntityOfPage\":{\"@id\":\"https:\\\/\\\/eldigitaldeasturias.com\\\/magazine365\\\/el-parador-de-canadas-del-teide-certifica-su-condicion-de-establecimiento-starlight\\\/#webpage\"},\"isPartOf\":{\"@id\":\"https:\\\/\\\/eldigitaldeasturias.com\\\/magazine365\\\/el-parador-de-canadas-del-teide-certifica-su-condicion-de-establecimiento-starlight\\\/#webpage\"},\"articleSection\":\"Actualidad Turismo\"},{\"@type\":\"BreadcrumbList\",\"@id\":\"https:\\\/\\\/eldigitaldeasturias.com\\\/magazine365\\\/el-parador-de-canadas-del-teide-certifica-su-condicion-de-establecimiento-starlight\\\/#breadcrumblist\",\"itemListElement\":[{\"@type\":\"ListItem\",\"@id\":\"https:\\\/\\\/eldigitaldeasturias.com\\\/magazine365#listItem\",\"position\":1,\"name\":\"Home\",\"item\":\"https:\\\/\\\/eldigitaldeasturias.com\\\/magazine365\",\"nextItem\":{\"@type\":\"ListItem\",\"@id\":\"https:\\\/\\\/eldigitaldeasturias.com\\\/magazine365\\\/category\\\/actualidad-turismo\\\/#listItem\",\"name\":\"Actualidad Turismo\"}},{\"@type\":\"ListItem\",\"@id\":\"https:\\\/\\\/eldigitaldeasturias.com\\\/magazine365\\\/category\\\/actualidad-turismo\\\/#listItem\",\"position\":2,\"name\":\"Actualidad Turismo\",\"item\":\"https:\\\/\\\/eldigitaldeasturias.com\\\/magazine365\\\/category\\\/actualidad-turismo\\\/\",\"nextItem\":{\"@type\":\"ListItem\",\"@id\":\"https:\\\/\\\/eldigitaldeasturias.com\\\/magazine365\\\/el-parador-de-canadas-del-teide-certifica-su-condicion-de-establecimiento-starlight\\\/#listItem\",\"name\":\"El parador de Ca\\u00f1adas del Teide certifica su condici\\u00f3n de establecimiento &#8216;Starlight&#8217;\"},\"previousItem\":{\"@type\":\"ListItem\",\"@id\":\"https:\\\/\\\/eldigitaldeasturias.com\\\/magazine365#listItem\",\"name\":\"Home\"}},{\"@type\":\"ListItem\",\"@id\":\"https:\\\/\\\/eldigitaldeasturias.com\\\/magazine365\\\/el-parador-de-canadas-del-teide-certifica-su-condicion-de-establecimiento-starlight\\\/#listItem\",\"position\":3,\"name\":\"El parador de Ca\\u00f1adas del Teide certifica su condici\\u00f3n de establecimiento &#8216;Starlight&#8217;\",\"previousItem\":{\"@type\":\"ListItem\",\"@id\":\"https:\\\/\\\/eldigitaldeasturias.com\\\/magazine365\\\/category\\\/actualidad-turismo\\\/#listItem\",\"name\":\"Actualidad Turismo\"}}]},{\"@type\":\"Organization\",\"@id\":\"https:\\\/\\\/eldigitaldeasturias.com\\\/magazine365\\\/#organization\",\"name\":\"El digital de Asturias\",\"description\":\"Revista de ocio, turismo y estilo de vida\",\"url\":\"https:\\\/\\\/eldigitaldeasturias.com\\\/magazine365\\\/\",\"logo\":{\"@type\":\"ImageObject\",\"url\":\"https:\\\/\\\/www.eldigitaldeasturias.com\\\/noticias\\\/wp-content\\\/uploads\\\/2020\\\/12\\\/EDA.jpg\",\"@id\":\"https:\\\/\\\/eldigitaldeasturias.com\\\/magazine365\\\/el-parador-de-canadas-del-teide-certifica-su-condicion-de-establecimiento-starlight\\\/#organizationLogo\"},\"image\":{\"@id\":\"https:\\\/\\\/eldigitaldeasturias.com\\\/magazine365\\\/el-parador-de-canadas-del-teide-certifica-su-condicion-de-establecimiento-starlight\\\/#organizationLogo\"}},{\"@type\":\"Person\",\"@id\":\"https:\\\/\\\/eldigitaldeasturias.com\\\/magazine365\\\/author\\\/admin\\\/#author\",\"url\":\"https:\\\/\\\/eldigitaldeasturias.com\\\/magazine365\\\/author\\\/admin\\\/\",\"name\":\"admin\",\"image\":{\"@type\":\"ImageObject\",\"@id\":\"https:\\\/\\\/eldigitaldeasturias.com\\\/magazine365\\\/el-parador-de-canadas-del-teide-certifica-su-condicion-de-establecimiento-starlight\\\/#authorImage\",\"url\":\"https:\\\/\\\/eldigitaldeasturias.com\\\/magazine365\\\/wp-content\\\/litespeed\\\/avatar\\\/e571bcf59a0edd6fa6838245a470f2fe.jpg?ver=1776969259\",\"width\":96,\"height\":96,\"caption\":\"admin\"}},{\"@type\":\"WebPage\",\"@id\":\"https:\\\/\\\/eldigitaldeasturias.com\\\/magazine365\\\/el-parador-de-canadas-del-teide-certifica-su-condicion-de-establecimiento-starlight\\\/#webpage\",\"url\":\"https:\\\/\\\/eldigitaldeasturias.com\\\/magazine365\\\/el-parador-de-canadas-del-teide-certifica-su-condicion-de-establecimiento-starlight\\\/\",\"name\":\"El parador de Ca\\u00f1adas del Teide certifica su condici\\u00f3n de establecimiento \\u2018Starlight\\u2019 | El Digital de Asturias\",\"description\":\"La Fundaci\\u00f3n Starlight ha acordado la concesi\\u00f3n de la cualificaci\\u00f3n de 'Parador Starlight' al Parador de Turismo de Ca\\u00f1adas del Teide (Tenerife), tras proceder al estudio de la informaci\\u00f3n referente al establecimiento. As\\u00ed lo se\\u00f1al\\u00f3 Paradores en un comunicado en el que apunt\\u00f3 que los establecimientos incluidos por la Fundaci\\u00f3n en esta cualificaci\\u00f3n constituyen una\",\"inLanguage\":\"es-ES\",\"isPartOf\":{\"@id\":\"https:\\\/\\\/eldigitaldeasturias.com\\\/magazine365\\\/#website\"},\"breadcrumb\":{\"@id\":\"https:\\\/\\\/eldigitaldeasturias.com\\\/magazine365\\\/el-parador-de-canadas-del-teide-certifica-su-condicion-de-establecimiento-starlight\\\/#breadcrumblist\"},\"author\":{\"@id\":\"https:\\\/\\\/eldigitaldeasturias.com\\\/magazine365\\\/author\\\/admin\\\/#author\"},\"creator\":{\"@id\":\"https:\\\/\\\/eldigitaldeasturias.com\\\/magazine365\\\/author\\\/admin\\\/#author\"},\"image\":{\"@type\":\"ImageObject\",\"url\":\"https:\\\/\\\/eldigitaldeasturias.com\\\/magazine365\\\/wp-content\\\/uploads\\\/2015\\\/06\\\/fotonoticia_20150611104912_800.jpg\",\"@id\":\"https:\\\/\\\/eldigitaldeasturias.com\\\/magazine365\\\/el-parador-de-canadas-del-teide-certifica-su-condicion-de-establecimiento-starlight\\\/#mainImage\",\"width\":800,\"height\":350},\"primaryImageOfPage\":{\"@id\":\"https:\\\/\\\/eldigitaldeasturias.com\\\/magazine365\\\/el-parador-de-canadas-del-teide-certifica-su-condicion-de-establecimiento-starlight\\\/#mainImage\"},\"datePublished\":\"2015-06-11T17:20:04+02:00\",\"dateModified\":\"2015-06-11T17:20:04+02:00\"},{\"@type\":\"WebSite\",\"@id\":\"https:\\\/\\\/eldigitaldeasturias.com\\\/magazine365\\\/#website\",\"url\":\"https:\\\/\\\/eldigitaldeasturias.com\\\/magazine365\\\/\",\"name\":\"El Digital de Asturias\",\"description\":\"Revista de ocio, turismo y estilo de vida\",\"inLanguage\":\"es-ES\",\"publisher\":{\"@id\":\"https:\\\/\\\/eldigitaldeasturias.com\\\/magazine365\\\/#organization\"}}]}\n\t\t<\/script>\n\t\t<!-- All in One SEO Pro -->\r\n\t\t<title>El parador de Ca\u00f1adas del Teide certifica su condici\u00f3n de establecimiento \u2018Starlight\u2019 | El Digital de Asturias<\/title>\n\n","aioseo_head_json":{"title":"El parador de Ca\u00f1adas del Teide certifica su condici\u00f3n de establecimiento \u2018Starlight\u2019 | El Digital de Asturias","description":"La Fundaci\u00f3n Starlight ha acordado la concesi\u00f3n de la cualificaci\u00f3n de 'Parador Starlight' al Parador de Turismo de Ca\u00f1adas del Teide (Tenerife), tras proceder al estudio de la informaci\u00f3n referente al establecimiento. As\u00ed lo se\u00f1al\u00f3 Paradores en un comunicado en el que apunt\u00f3 que los establecimientos incluidos por la Fundaci\u00f3n en esta cualificaci\u00f3n constituyen una","canonical_url":"https:\/\/eldigitaldeasturias.com\/magazine365\/el-parador-de-canadas-del-teide-certifica-su-condicion-de-establecimiento-starlight\/","robots":"max-image-preview:large","keywords":"actualidad turismo","webmasterTools":{"google-site-verification":"UA-38556648-1","miscellaneous":""},"schema":{"@context":"https:\/\/schema.org","@graph":[{"@type":"Article","@id":"https:\/\/eldigitaldeasturias.com\/magazine365\/el-parador-de-canadas-del-teide-certifica-su-condicion-de-establecimiento-starlight\/#article","name":"El parador de Ca\u00f1adas del Teide certifica su condici\u00f3n de establecimiento \u2018Starlight\u2019 | El Digital de Asturias","headline":"El parador de Ca\u00f1adas del Teide certifica su condici\u00f3n de establecimiento &#8216;Starlight&#8217;","author":{"@id":"https:\/\/eldigitaldeasturias.com\/magazine365\/author\/admin\/#author"},"publisher":{"@id":"https:\/\/eldigitaldeasturias.com\/magazine365\/#organization"},"image":{"@type":"ImageObject","url":"https:\/\/eldigitaldeasturias.com\/magazine365\/wp-content\/uploads\/2015\/06\/fotonoticia_20150611104912_800.jpg","width":800,"height":350},"datePublished":"2015-06-11T17:20:04+02:00","dateModified":"2015-06-11T17:20:04+02:00","inLanguage":"es-ES","mainEntityOfPage":{"@id":"https:\/\/eldigitaldeasturias.com\/magazine365\/el-parador-de-canadas-del-teide-certifica-su-condicion-de-establecimiento-starlight\/#webpage"},"isPartOf":{"@id":"https:\/\/eldigitaldeasturias.com\/magazine365\/el-parador-de-canadas-del-teide-certifica-su-condicion-de-establecimiento-starlight\/#webpage"},"articleSection":"Actualidad Turismo"},{"@type":"BreadcrumbList","@id":"https:\/\/eldigitaldeasturias.com\/magazine365\/el-parador-de-canadas-del-teide-certifica-su-condicion-de-establecimiento-starlight\/#breadcrumblist","itemListElement":[{"@type":"ListItem","@id":"https:\/\/eldigitaldeasturias.com\/magazine365#listItem","position":1,"name":"Home","item":"https:\/\/eldigitaldeasturias.com\/magazine365","nextItem":{"@type":"ListItem","@id":"https:\/\/eldigitaldeasturias.com\/magazine365\/category\/actualidad-turismo\/#listItem","name":"Actualidad Turismo"}},{"@type":"ListItem","@id":"https:\/\/eldigitaldeasturias.com\/magazine365\/category\/actualidad-turismo\/#listItem","position":2,"name":"Actualidad Turismo","item":"https:\/\/eldigitaldeasturias.com\/magazine365\/category\/actualidad-turismo\/","nextItem":{"@type":"ListItem","@id":"https:\/\/eldigitaldeasturias.com\/magazine365\/el-parador-de-canadas-del-teide-certifica-su-condicion-de-establecimiento-starlight\/#listItem","name":"El parador de Ca\u00f1adas del Teide certifica su condici\u00f3n de establecimiento &#8216;Starlight&#8217;"},"previousItem":{"@type":"ListItem","@id":"https:\/\/eldigitaldeasturias.com\/magazine365#listItem","name":"Home"}},{"@type":"ListItem","@id":"https:\/\/eldigitaldeasturias.com\/magazine365\/el-parador-de-canadas-del-teide-certifica-su-condicion-de-establecimiento-starlight\/#listItem","position":3,"name":"El parador de Ca\u00f1adas del Teide certifica su condici\u00f3n de establecimiento &#8216;Starlight&#8217;","previousItem":{"@type":"ListItem","@id":"https:\/\/eldigitaldeasturias.com\/magazine365\/category\/actualidad-turismo\/#listItem","name":"Actualidad Turismo"}}]},{"@type":"Organization","@id":"https:\/\/eldigitaldeasturias.com\/magazine365\/#organization","name":"El digital de Asturias","description":"Revista de ocio, turismo y estilo de vida","url":"https:\/\/eldigitaldeasturias.com\/magazine365\/","logo":{"@type":"ImageObject","url":"https:\/\/www.eldigitaldeasturias.com\/noticias\/wp-content\/uploads\/2020\/12\/EDA.jpg","@id":"https:\/\/eldigitaldeasturias.com\/magazine365\/el-parador-de-canadas-del-teide-certifica-su-condicion-de-establecimiento-starlight\/#organizationLogo"},"image":{"@id":"https:\/\/eldigitaldeasturias.com\/magazine365\/el-parador-de-canadas-del-teide-certifica-su-condicion-de-establecimiento-starlight\/#organizationLogo"}},{"@type":"Person","@id":"https:\/\/eldigitaldeasturias.com\/magazine365\/author\/admin\/#author","url":"https:\/\/eldigitaldeasturias.com\/magazine365\/author\/admin\/","name":"admin","image":{"@type":"ImageObject","@id":"https:\/\/eldigitaldeasturias.com\/magazine365\/el-parador-de-canadas-del-teide-certifica-su-condicion-de-establecimiento-starlight\/#authorImage","url":"https:\/\/eldigitaldeasturias.com\/magazine365\/wp-content\/litespeed\/avatar\/e571bcf59a0edd6fa6838245a470f2fe.jpg?ver=1776969259","width":96,"height":96,"caption":"admin"}},{"@type":"WebPage","@id":"https:\/\/eldigitaldeasturias.com\/magazine365\/el-parador-de-canadas-del-teide-certifica-su-condicion-de-establecimiento-starlight\/#webpage","url":"https:\/\/eldigitaldeasturias.com\/magazine365\/el-parador-de-canadas-del-teide-certifica-su-condicion-de-establecimiento-starlight\/","name":"El parador de Ca\u00f1adas del Teide certifica su condici\u00f3n de establecimiento \u2018Starlight\u2019 | El Digital de Asturias","description":"La Fundaci\u00f3n Starlight ha acordado la concesi\u00f3n de la cualificaci\u00f3n de 'Parador Starlight' al Parador de Turismo de Ca\u00f1adas del Teide (Tenerife), tras proceder al estudio de la informaci\u00f3n referente al establecimiento. As\u00ed lo se\u00f1al\u00f3 Paradores en un comunicado en el que apunt\u00f3 que los establecimientos incluidos por la Fundaci\u00f3n en esta cualificaci\u00f3n constituyen una","inLanguage":"es-ES","isPartOf":{"@id":"https:\/\/eldigitaldeasturias.com\/magazine365\/#website"},"breadcrumb":{"@id":"https:\/\/eldigitaldeasturias.com\/magazine365\/el-parador-de-canadas-del-teide-certifica-su-condicion-de-establecimiento-starlight\/#breadcrumblist"},"author":{"@id":"https:\/\/eldigitaldeasturias.com\/magazine365\/author\/admin\/#author"},"creator":{"@id":"https:\/\/eldigitaldeasturias.com\/magazine365\/author\/admin\/#author"},"image":{"@type":"ImageObject","url":"https:\/\/eldigitaldeasturias.com\/magazine365\/wp-content\/uploads\/2015\/06\/fotonoticia_20150611104912_800.jpg","@id":"https:\/\/eldigitaldeasturias.com\/magazine365\/el-parador-de-canadas-del-teide-certifica-su-condicion-de-establecimiento-starlight\/#mainImage","width":800,"height":350},"primaryImageOfPage":{"@id":"https:\/\/eldigitaldeasturias.com\/magazine365\/el-parador-de-canadas-del-teide-certifica-su-condicion-de-establecimiento-starlight\/#mainImage"},"datePublished":"2015-06-11T17:20:04+02:00","dateModified":"2015-06-11T17:20:04+02:00"},{"@type":"WebSite","@id":"https:\/\/eldigitaldeasturias.com\/magazine365\/#website","url":"https:\/\/eldigitaldeasturias.com\/magazine365\/","name":"El Digital de Asturias","description":"Revista de ocio, turismo y estilo de vida","inLanguage":"es-ES","publisher":{"@id":"https:\/\/eldigitaldeasturias.com\/magazine365\/#organization"}}]},"og:locale":"es_ES","og:site_name":"El Digital de Asturias \u2013 Revista de ocio, turismo y estilo de vida","og:type":"article","og:title":"El parador de Ca\u00f1adas del Teide certifica su condici\u00f3n de establecimiento \u2018Starlight\u2019 | El Digital de Asturias","og:description":"La Fundaci\u00f3n Starlight ha acordado la concesi\u00f3n de la cualificaci\u00f3n de 'Parador Starlight' al Parador de Turismo de Ca\u00f1adas del Teide (Tenerife), tras proceder al estudio de la informaci\u00f3n referente al establecimiento. As\u00ed lo se\u00f1al\u00f3 Paradores en un comunicado en el que apunt\u00f3 que los establecimientos incluidos por la Fundaci\u00f3n en esta cualificaci\u00f3n constituyen una","og:url":"https:\/\/eldigitaldeasturias.com\/magazine365\/el-parador-de-canadas-del-teide-certifica-su-condicion-de-establecimiento-starlight\/","og:image":"https:\/\/eldigitaldeasturias.com\/magazine365\/wp-content\/uploads\/2015\/06\/fotonoticia_20150611104912_800.jpg","og:image:secure_url":"https:\/\/eldigitaldeasturias.com\/magazine365\/wp-content\/uploads\/2015\/06\/fotonoticia_20150611104912_800.jpg","og:image:width":800,"og:image:height":350,"article:published_time":"2015-06-11T15:50:04+00:00","article:modified_time":"2015-06-11T15:50:04+00:00","twitter:card":"summary_large_image","twitter:title":"El parador de Ca\u00f1adas del Teide certifica su condici\u00f3n de establecimiento \u2018Starlight\u2019 | El Digital de Asturias","twitter:description":"La Fundaci\u00f3n Starlight ha acordado la concesi\u00f3n de la cualificaci\u00f3n de 'Parador Starlight' al Parador de Turismo de Ca\u00f1adas del Teide (Tenerife), tras proceder al estudio de la informaci\u00f3n referente al establecimiento. As\u00ed lo se\u00f1al\u00f3 Paradores en un comunicado en el que apunt\u00f3 que los establecimientos incluidos por la Fundaci\u00f3n en esta cualificaci\u00f3n constituyen una","twitter:image":"https:\/\/eldigitaldeasturias.com\/magazine365\/wp-content\/uploads\/2015\/06\/fotonoticia_20150611104912_800.jpg"},"aioseo_meta_data":{"post_id":"39574","title":null,"description":null,"keywords":null,"keyphrases":null,"primary_term":null,"canonical_url":null,"og_title":null,"og_description":null,"og_object_type":"default","og_image_type":"default","og_image_url":null,"og_image_width":null,"og_image_height":null,"og_image_custom_url":null,"og_image_custom_fields":null,"og_video":null,"og_custom_url":null,"og_article_section":null,"og_article_tags":null,"twitter_use_og":false,"twitter_card":"default","twitter_image_type":"default","twitter_image_url":null,"twitter_image_custom_url":null,"twitter_image_custom_fields":null,"twitter_title":null,"twitter_description":null,"schema":{"blockGraphs":[],"customGraphs":[],"default":{"data":{"Article":[],"Course":[],"Dataset":[],"FAQPage":[],"Movie":[],"Person":[],"Product":[],"ProductReview":[],"Car":[],"Recipe":[],"Service":[],"SoftwareApplication":[],"WebPage":[]},"graphName":"","isEnabled":true},"graphs":[],"defaultGraph":"","defaultPostTypeGraph":""},"schema_type":null,"schema_type_options":null,"pillar_content":false,"robots_default":true,"robots_noindex":false,"robots_noarchive":false,"robots_nosnippet":false,"robots_nofollow":false,"robots_noimageindex":false,"robots_noodp":false,"robots_notranslate":false,"robots_max_snippet":null,"robots_max_videopreview":null,"robots_max_imagepreview":"large","priority":null,"frequency":null,"location":null,"local_seo":null,"seo_analyzer_scan_date":"2025-09-19 11:54:59","breadcrumb_settings":null,"limit_modified_date":false,"open_ai":null,"ai":null,"created":"2021-03-09 02:39:55","updated":"2025-09-19 11:54:59"},"aioseo_breadcrumb":"<div class=\"aioseo-breadcrumbs\"><span class=\"aioseo-breadcrumb\">\n\t<a href=\"https:\/\/eldigitaldeasturias.com\/magazine365\" title=\"Home\">Home<\/a>\n<\/span><span class=\"aioseo-breadcrumb-separator\">\u2013<\/span><span class=\"aioseo-breadcrumb\">\n\t<a href=\"https:\/\/eldigitaldeasturias.com\/magazine365\/category\/actualidad-turismo\/\" title=\"Actualidad Turismo\">Actualidad Turismo<\/a>\n<\/span><span class=\"aioseo-breadcrumb-separator\">\u2013<\/span><span class=\"aioseo-breadcrumb\">\n\t<a href=\"https:\/\/eldigitaldeasturias.com\/magazine365\/el-parador-de-canadas-del-teide-certifica-su-condicion-de-establecimiento-starlight\/\" title=\"El parador de Ca\u00f1adas del Teide certifica su condici\u00f3n de establecimiento \u2018Starlight\u2019\">El parador de Ca\u00f1adas del Teide certifica su condici\u00f3n de establecimiento \u2018Starlight\u2019<\/a>\n<\/span><\/div>","aioseo_breadcrumb_json":[{"label":"Home","link":"https:\/\/eldigitaldeasturias.com\/magazine365"},{"label":"Actualidad Turismo","link":"https:\/\/eldigitaldeasturias.com\/magazine365\/category\/actualidad-turismo\/"},{"label":"El parador de Ca\u00f1adas del Teide certifica su condici\u00f3n de establecimiento &#8216;Starlight&#8217;","link":"https:\/\/eldigitaldeasturias.com\/magazine365\/el-parador-de-canadas-del-teide-certifica-su-condicion-de-establecimiento-starlight\/"}],"_links":{"self":[{"href":"https:\/\/eldigitaldeasturias.com\/magazine365\/wp-json\/wp\/v2\/posts\/39574","targetHints":{"allow":["GET"]}}],"collection":[{"href":"https:\/\/eldigitaldeasturias.com\/magazine365\/wp-json\/wp\/v2\/posts"}],"about":[{"href":"https:\/\/eldigitaldeasturias.com\/magazine365\/wp-json\/wp\/v2\/types\/post"}],"author":[{"embeddable":true,"href":"https:\/\/eldigitaldeasturias.com\/magazine365\/wp-json\/wp\/v2\/users\/1"}],"replies":[{"embeddable":true,"href":"https:\/\/eldigitaldeasturias.com\/magazine365\/wp-json\/wp\/v2\/comments?post=39574"}],"version-history":[{"count":0,"href":"https:\/\/eldigitaldeasturias.com\/magazine365\/wp-json\/wp\/v2\/posts\/39574\/revisions"}],"wp:featuredmedia":[{"embeddable":true,"href":"https:\/\/eldigitaldeasturias.com\/magazine365\/wp-json\/wp\/v2\/media\/39575"}],"wp:attachment":[{"href":"https:\/\/eldigitaldeasturias.com\/magazine365\/wp-json\/wp\/v2\/media?parent=39574"}],"wp:term":[{"taxonomy":"category","embeddable":true,"href":"https:\/\/eldigitaldeasturias.com\/magazine365\/wp-json\/wp\/v2\/categories?post=39574"},{"taxonomy":"post_tag","embeddable":true,"href":"https:\/\/eldigitaldeasturias.com\/magazine365\/wp-json\/wp\/v2\/tags?post=39574"}],"curies":[{"name":"wp","href":"https:\/\/api.w.org\/{rel}","templated":true}]}}