{"id":39571,"date":"2015-06-11T17:16:40","date_gmt":"2015-06-11T15:46:40","guid":{"rendered":"http:\/\/eldigitaldeasturias.com\/magazine365\/?p=39571"},"modified":"2015-06-11T17:16:40","modified_gmt":"2015-06-11T15:46:40","slug":"estrella-galicia-lanza-una-edicion-especial-con-una-hoguera-en-la-etiqueta-con-motivo-de-la-fiesta-de-san-juan","status":"publish","type":"post","link":"https:\/\/eldigitaldeasturias.com\/magazine365\/estrella-galicia-lanza-una-edicion-especial-con-una-hoguera-en-la-etiqueta-con-motivo-de-la-fiesta-de-san-juan\/","title":{"rendered":"Estrella Galicia lanza una edici\u00f3n especial con una hoguera en la etiqueta con motivo de la fiesta de San Juan"},"content":{"rendered":"<p><img fetchpriority=\"high\" decoding=\"async\" class=\"alignleft size-medium wp-image-39572\" src=\"https:\/\/eldigitaldeasturias.com\/magazine365\/wp-content\/uploads\/2015\/06\/fotonoticia_20150611104245_800-360x238.jpg\" alt=\"fotonoticia_20150611104245_800\" width=\"360\" height=\"238\" srcset=\"https:\/\/eldigitaldeasturias.com\/magazine365\/wp-content\/uploads\/2015\/06\/fotonoticia_20150611104245_800-360x238.jpg 360w, https:\/\/eldigitaldeasturias.com\/magazine365\/wp-content\/uploads\/2015\/06\/fotonoticia_20150611104245_800-650x430.jpg 650w, https:\/\/eldigitaldeasturias.com\/magazine365\/wp-content\/uploads\/2015\/06\/fotonoticia_20150611104245_800-768x508.jpg 768w, https:\/\/eldigitaldeasturias.com\/magazine365\/wp-content\/uploads\/2015\/06\/fotonoticia_20150611104245_800-150x99.jpg 150w, https:\/\/eldigitaldeasturias.com\/magazine365\/wp-content\/uploads\/2015\/06\/fotonoticia_20150611104245_800-450x298.jpg 450w, https:\/\/eldigitaldeasturias.com\/magazine365\/wp-content\/uploads\/2015\/06\/fotonoticia_20150611104245_800-696x460.jpg 696w, https:\/\/eldigitaldeasturias.com\/magazine365\/wp-content\/uploads\/2015\/06\/fotonoticia_20150611104245_800-635x420.jpg 635w, https:\/\/eldigitaldeasturias.com\/magazine365\/wp-content\/uploads\/2015\/06\/fotonoticia_20150611104245_800-84x55.jpg 84w, https:\/\/eldigitaldeasturias.com\/magazine365\/wp-content\/uploads\/2015\/06\/fotonoticia_20150611104245_800.jpg 800w\" sizes=\"(max-width: 360px) 100vw, 360px\" \/>Estrella Galicia lanza una edici\u00f3n especial de su cerveza con motivo del pr\u00f3ximo San Juan, por lo que esta semana pondr\u00e1 a disposici\u00f3n de los consumidores 3,5 millones de botellas en homenaje a esta fiesta.<\/p>\n<p>Seg\u00fan informa la compa\u00f1\u00eda Hijos de Rivera en un comunicado de prensa, la edici\u00f3n especial para promocionar la celebraci\u00f3n de San Juan podr\u00e1 encontrarse en locales de hosteler\u00eda de toda la Comunidad gallega.<\/p>\n<p>El dise\u00f1o de la botella evoca, seg\u00fan explica la empresa gallega, \u00abla m\u00e1gica relaci\u00f3n con el fuego de la festividad de San Juan y las hogueras\u00bb, que se trasladan a la etiqueta.<\/p>\n<p>Este lanzamiento se encuadra dentro de la campa\u00f1a que la marca gallega ha desarrollado en los \u00faltimos a\u00f1os en apoyo a algunas de las fiestas \u00abde mayor tradici\u00f3n popular en Galicia\u00bb, seg\u00fan recuerda.<\/p>\n<p>Bajo el lema &#8216;O noso \u00e9 o noso&#8217; &#8211;Lo nuestro es nuestro&#8211;, la empresa destaca que trata \u00abde dar visibilidad y respaldo a aquellos eventos de relevancia para la comunidad\u00bb.<\/p>\n","protected":false},"excerpt":{"rendered":"<p>Estrella Galicia lanza una edici\u00f3n especial de su cerveza con motivo del pr\u00f3ximo San Juan, por lo que esta semana pondr\u00e1 a disposici\u00f3n de los consumidores 3,5 millones de botellas en homenaje a esta fiesta. Seg\u00fan informa la compa\u00f1\u00eda Hijos de Rivera en un comunicado de prensa, la edici\u00f3n especial para promocionar la celebraci\u00f3n de<\/p>\n","protected":false},"author":1,"featured_media":39572,"comment_status":"open","ping_status":"closed","sticky":false,"template":"","format":"standard","meta":{"footnotes":""},"categories":[222],"tags":[],"class_list":{"0":"post-39571","1":"post","2":"type-post","3":"status-publish","4":"format-standard","5":"has-post-thumbnail","7":"category-actualidad-turismo"},"aioseo_notices":[],"aioseo_head":"\n\t\t<!-- All in One SEO Pro 4.9.6.1 - aioseo.com -->\n\t<meta name=\"description\" content=\"Estrella Galicia lanza una edici\u00f3n especial de su cerveza con motivo del pr\u00f3ximo San Juan, por lo que esta semana pondr\u00e1 a disposici\u00f3n de los consumidores 3,5 millones de botellas en homenaje a esta fiesta. Seg\u00fan informa la compa\u00f1\u00eda Hijos de Rivera en un comunicado de prensa, la edici\u00f3n especial para promocionar la celebraci\u00f3n de\" \/>\n\t<meta name=\"robots\" content=\"max-image-preview:large\" \/>\n\t<meta name=\"author\" content=\"admin\"\/>\n\t<meta name=\"google-site-verification\" content=\"UA-38556648-1\" \/>\n\t<meta name=\"keywords\" content=\"actualidad turismo\" \/>\n\t<link rel=\"canonical\" href=\"https:\/\/eldigitaldeasturias.com\/magazine365\/estrella-galicia-lanza-una-edicion-especial-con-una-hoguera-en-la-etiqueta-con-motivo-de-la-fiesta-de-san-juan\/\" \/>\n\t<meta name=\"generator\" content=\"All in One SEO Pro (AIOSEO) 4.9.6.1\" \/>\n\t\t<meta property=\"og:locale\" content=\"es_ES\" \/>\n\t\t<meta property=\"og:site_name\" content=\"El Digital de Asturias \u2013 Revista de ocio, turismo y estilo de vida\" \/>\n\t\t<meta property=\"og:type\" content=\"article\" \/>\n\t\t<meta property=\"og:title\" content=\"Estrella Galicia lanza una edici\u00f3n especial con una hoguera en la etiqueta con motivo de la fiesta de San Juan | El Digital de Asturias\" \/>\n\t\t<meta property=\"og:description\" content=\"Estrella Galicia lanza una edici\u00f3n especial de su cerveza con motivo del pr\u00f3ximo San Juan, por lo que esta semana pondr\u00e1 a disposici\u00f3n de los consumidores 3,5 millones de botellas en homenaje a esta fiesta. Seg\u00fan informa la compa\u00f1\u00eda Hijos de Rivera en un comunicado de prensa, la edici\u00f3n especial para promocionar la celebraci\u00f3n de\" \/>\n\t\t<meta property=\"og:url\" content=\"https:\/\/eldigitaldeasturias.com\/magazine365\/estrella-galicia-lanza-una-edicion-especial-con-una-hoguera-en-la-etiqueta-con-motivo-de-la-fiesta-de-san-juan\/\" \/>\n\t\t<meta property=\"og:image\" content=\"https:\/\/eldigitaldeasturias.com\/magazine365\/wp-content\/uploads\/2015\/06\/fotonoticia_20150611104245_800.jpg\" \/>\n\t\t<meta property=\"og:image:secure_url\" content=\"https:\/\/eldigitaldeasturias.com\/magazine365\/wp-content\/uploads\/2015\/06\/fotonoticia_20150611104245_800.jpg\" \/>\n\t\t<meta property=\"og:image:width\" content=\"800\" \/>\n\t\t<meta property=\"og:image:height\" content=\"529\" \/>\n\t\t<meta property=\"article:published_time\" content=\"2015-06-11T15:46:40+00:00\" \/>\n\t\t<meta property=\"article:modified_time\" content=\"2015-06-11T15:46:40+00:00\" \/>\n\t\t<meta name=\"twitter:card\" content=\"summary_large_image\" \/>\n\t\t<meta name=\"twitter:title\" content=\"Estrella Galicia lanza una edici\u00f3n especial con una hoguera en la etiqueta con motivo de la fiesta de San Juan | El Digital de Asturias\" \/>\n\t\t<meta name=\"twitter:description\" content=\"Estrella Galicia lanza una edici\u00f3n especial de su cerveza con motivo del pr\u00f3ximo San Juan, por lo que esta semana pondr\u00e1 a disposici\u00f3n de los consumidores 3,5 millones de botellas en homenaje a esta fiesta. Seg\u00fan informa la compa\u00f1\u00eda Hijos de Rivera en un comunicado de prensa, la edici\u00f3n especial para promocionar la celebraci\u00f3n de\" \/>\n\t\t<meta name=\"twitter:image\" content=\"https:\/\/eldigitaldeasturias.com\/magazine365\/wp-content\/uploads\/2015\/06\/fotonoticia_20150611104245_800.jpg\" \/>\n\t\t<script type=\"application\/ld+json\" class=\"aioseo-schema\">\n\t\t\t{\"@context\":\"https:\\\/\\\/schema.org\",\"@graph\":[{\"@type\":\"Article\",\"@id\":\"https:\\\/\\\/eldigitaldeasturias.com\\\/magazine365\\\/estrella-galicia-lanza-una-edicion-especial-con-una-hoguera-en-la-etiqueta-con-motivo-de-la-fiesta-de-san-juan\\\/#article\",\"name\":\"Estrella Galicia lanza una edici\\u00f3n especial con una hoguera en la etiqueta con motivo de la fiesta de San Juan | El Digital de Asturias\",\"headline\":\"Estrella Galicia lanza una edici\\u00f3n especial con una hoguera en la etiqueta con motivo de la fiesta de San Juan\",\"author\":{\"@id\":\"https:\\\/\\\/eldigitaldeasturias.com\\\/magazine365\\\/author\\\/admin\\\/#author\"},\"publisher\":{\"@id\":\"https:\\\/\\\/eldigitaldeasturias.com\\\/magazine365\\\/#organization\"},\"image\":{\"@type\":\"ImageObject\",\"url\":\"https:\\\/\\\/eldigitaldeasturias.com\\\/magazine365\\\/wp-content\\\/uploads\\\/2015\\\/06\\\/fotonoticia_20150611104245_800.jpg\",\"width\":800,\"height\":529},\"datePublished\":\"2015-06-11T17:16:40+02:00\",\"dateModified\":\"2015-06-11T17:16:40+02:00\",\"inLanguage\":\"es-ES\",\"mainEntityOfPage\":{\"@id\":\"https:\\\/\\\/eldigitaldeasturias.com\\\/magazine365\\\/estrella-galicia-lanza-una-edicion-especial-con-una-hoguera-en-la-etiqueta-con-motivo-de-la-fiesta-de-san-juan\\\/#webpage\"},\"isPartOf\":{\"@id\":\"https:\\\/\\\/eldigitaldeasturias.com\\\/magazine365\\\/estrella-galicia-lanza-una-edicion-especial-con-una-hoguera-en-la-etiqueta-con-motivo-de-la-fiesta-de-san-juan\\\/#webpage\"},\"articleSection\":\"Actualidad Turismo\"},{\"@type\":\"BreadcrumbList\",\"@id\":\"https:\\\/\\\/eldigitaldeasturias.com\\\/magazine365\\\/estrella-galicia-lanza-una-edicion-especial-con-una-hoguera-en-la-etiqueta-con-motivo-de-la-fiesta-de-san-juan\\\/#breadcrumblist\",\"itemListElement\":[{\"@type\":\"ListItem\",\"@id\":\"https:\\\/\\\/eldigitaldeasturias.com\\\/magazine365#listItem\",\"position\":1,\"name\":\"Home\",\"item\":\"https:\\\/\\\/eldigitaldeasturias.com\\\/magazine365\",\"nextItem\":{\"@type\":\"ListItem\",\"@id\":\"https:\\\/\\\/eldigitaldeasturias.com\\\/magazine365\\\/category\\\/actualidad-turismo\\\/#listItem\",\"name\":\"Actualidad Turismo\"}},{\"@type\":\"ListItem\",\"@id\":\"https:\\\/\\\/eldigitaldeasturias.com\\\/magazine365\\\/category\\\/actualidad-turismo\\\/#listItem\",\"position\":2,\"name\":\"Actualidad Turismo\",\"item\":\"https:\\\/\\\/eldigitaldeasturias.com\\\/magazine365\\\/category\\\/actualidad-turismo\\\/\",\"nextItem\":{\"@type\":\"ListItem\",\"@id\":\"https:\\\/\\\/eldigitaldeasturias.com\\\/magazine365\\\/estrella-galicia-lanza-una-edicion-especial-con-una-hoguera-en-la-etiqueta-con-motivo-de-la-fiesta-de-san-juan\\\/#listItem\",\"name\":\"Estrella Galicia lanza una edici\\u00f3n especial con una hoguera en la etiqueta con motivo de la fiesta de San Juan\"},\"previousItem\":{\"@type\":\"ListItem\",\"@id\":\"https:\\\/\\\/eldigitaldeasturias.com\\\/magazine365#listItem\",\"name\":\"Home\"}},{\"@type\":\"ListItem\",\"@id\":\"https:\\\/\\\/eldigitaldeasturias.com\\\/magazine365\\\/estrella-galicia-lanza-una-edicion-especial-con-una-hoguera-en-la-etiqueta-con-motivo-de-la-fiesta-de-san-juan\\\/#listItem\",\"position\":3,\"name\":\"Estrella Galicia lanza una edici\\u00f3n especial con una hoguera en la etiqueta con motivo de la fiesta de San Juan\",\"previousItem\":{\"@type\":\"ListItem\",\"@id\":\"https:\\\/\\\/eldigitaldeasturias.com\\\/magazine365\\\/category\\\/actualidad-turismo\\\/#listItem\",\"name\":\"Actualidad Turismo\"}}]},{\"@type\":\"Organization\",\"@id\":\"https:\\\/\\\/eldigitaldeasturias.com\\\/magazine365\\\/#organization\",\"name\":\"El digital de Asturias\",\"description\":\"Revista de ocio, turismo y estilo de vida\",\"url\":\"https:\\\/\\\/eldigitaldeasturias.com\\\/magazine365\\\/\",\"logo\":{\"@type\":\"ImageObject\",\"url\":\"https:\\\/\\\/www.eldigitaldeasturias.com\\\/noticias\\\/wp-content\\\/uploads\\\/2020\\\/12\\\/EDA.jpg\",\"@id\":\"https:\\\/\\\/eldigitaldeasturias.com\\\/magazine365\\\/estrella-galicia-lanza-una-edicion-especial-con-una-hoguera-en-la-etiqueta-con-motivo-de-la-fiesta-de-san-juan\\\/#organizationLogo\"},\"image\":{\"@id\":\"https:\\\/\\\/eldigitaldeasturias.com\\\/magazine365\\\/estrella-galicia-lanza-una-edicion-especial-con-una-hoguera-en-la-etiqueta-con-motivo-de-la-fiesta-de-san-juan\\\/#organizationLogo\"}},{\"@type\":\"Person\",\"@id\":\"https:\\\/\\\/eldigitaldeasturias.com\\\/magazine365\\\/author\\\/admin\\\/#author\",\"url\":\"https:\\\/\\\/eldigitaldeasturias.com\\\/magazine365\\\/author\\\/admin\\\/\",\"name\":\"admin\",\"image\":{\"@type\":\"ImageObject\",\"@id\":\"https:\\\/\\\/eldigitaldeasturias.com\\\/magazine365\\\/estrella-galicia-lanza-una-edicion-especial-con-una-hoguera-en-la-etiqueta-con-motivo-de-la-fiesta-de-san-juan\\\/#authorImage\",\"url\":\"https:\\\/\\\/eldigitaldeasturias.com\\\/magazine365\\\/wp-content\\\/litespeed\\\/avatar\\\/e571bcf59a0edd6fa6838245a470f2fe.jpg?ver=1776969259\",\"width\":96,\"height\":96,\"caption\":\"admin\"}},{\"@type\":\"WebPage\",\"@id\":\"https:\\\/\\\/eldigitaldeasturias.com\\\/magazine365\\\/estrella-galicia-lanza-una-edicion-especial-con-una-hoguera-en-la-etiqueta-con-motivo-de-la-fiesta-de-san-juan\\\/#webpage\",\"url\":\"https:\\\/\\\/eldigitaldeasturias.com\\\/magazine365\\\/estrella-galicia-lanza-una-edicion-especial-con-una-hoguera-en-la-etiqueta-con-motivo-de-la-fiesta-de-san-juan\\\/\",\"name\":\"Estrella Galicia lanza una edici\\u00f3n especial con una hoguera en la etiqueta con motivo de la fiesta de San Juan | El Digital de Asturias\",\"description\":\"Estrella Galicia lanza una edici\\u00f3n especial de su cerveza con motivo del pr\\u00f3ximo San Juan, por lo que esta semana pondr\\u00e1 a disposici\\u00f3n de los consumidores 3,5 millones de botellas en homenaje a esta fiesta. Seg\\u00fan informa la compa\\u00f1\\u00eda Hijos de Rivera en un comunicado de prensa, la edici\\u00f3n especial para promocionar la celebraci\\u00f3n de\",\"inLanguage\":\"es-ES\",\"isPartOf\":{\"@id\":\"https:\\\/\\\/eldigitaldeasturias.com\\\/magazine365\\\/#website\"},\"breadcrumb\":{\"@id\":\"https:\\\/\\\/eldigitaldeasturias.com\\\/magazine365\\\/estrella-galicia-lanza-una-edicion-especial-con-una-hoguera-en-la-etiqueta-con-motivo-de-la-fiesta-de-san-juan\\\/#breadcrumblist\"},\"author\":{\"@id\":\"https:\\\/\\\/eldigitaldeasturias.com\\\/magazine365\\\/author\\\/admin\\\/#author\"},\"creator\":{\"@id\":\"https:\\\/\\\/eldigitaldeasturias.com\\\/magazine365\\\/author\\\/admin\\\/#author\"},\"image\":{\"@type\":\"ImageObject\",\"url\":\"https:\\\/\\\/eldigitaldeasturias.com\\\/magazine365\\\/wp-content\\\/uploads\\\/2015\\\/06\\\/fotonoticia_20150611104245_800.jpg\",\"@id\":\"https:\\\/\\\/eldigitaldeasturias.com\\\/magazine365\\\/estrella-galicia-lanza-una-edicion-especial-con-una-hoguera-en-la-etiqueta-con-motivo-de-la-fiesta-de-san-juan\\\/#mainImage\",\"width\":800,\"height\":529},\"primaryImageOfPage\":{\"@id\":\"https:\\\/\\\/eldigitaldeasturias.com\\\/magazine365\\\/estrella-galicia-lanza-una-edicion-especial-con-una-hoguera-en-la-etiqueta-con-motivo-de-la-fiesta-de-san-juan\\\/#mainImage\"},\"datePublished\":\"2015-06-11T17:16:40+02:00\",\"dateModified\":\"2015-06-11T17:16:40+02:00\"},{\"@type\":\"WebSite\",\"@id\":\"https:\\\/\\\/eldigitaldeasturias.com\\\/magazine365\\\/#website\",\"url\":\"https:\\\/\\\/eldigitaldeasturias.com\\\/magazine365\\\/\",\"name\":\"El Digital de Asturias\",\"description\":\"Revista de ocio, turismo y estilo de vida\",\"inLanguage\":\"es-ES\",\"publisher\":{\"@id\":\"https:\\\/\\\/eldigitaldeasturias.com\\\/magazine365\\\/#organization\"}}]}\n\t\t<\/script>\n\t\t<!-- All in One SEO Pro -->\r\n\t\t<title>Estrella Galicia lanza una edici\u00f3n especial con una hoguera en la etiqueta con motivo de la fiesta de San Juan | El Digital de Asturias<\/title>\n\n","aioseo_head_json":{"title":"Estrella Galicia lanza una edici\u00f3n especial con una hoguera en la etiqueta con motivo de la fiesta de San Juan | El Digital de Asturias","description":"Estrella Galicia lanza una edici\u00f3n especial de su cerveza con motivo del pr\u00f3ximo San Juan, por lo que esta semana pondr\u00e1 a disposici\u00f3n de los consumidores 3,5 millones de botellas en homenaje a esta fiesta. Seg\u00fan informa la compa\u00f1\u00eda Hijos de Rivera en un comunicado de prensa, la edici\u00f3n especial para promocionar la celebraci\u00f3n de","canonical_url":"https:\/\/eldigitaldeasturias.com\/magazine365\/estrella-galicia-lanza-una-edicion-especial-con-una-hoguera-en-la-etiqueta-con-motivo-de-la-fiesta-de-san-juan\/","robots":"max-image-preview:large","keywords":"actualidad turismo","webmasterTools":{"google-site-verification":"UA-38556648-1","miscellaneous":""},"schema":{"@context":"https:\/\/schema.org","@graph":[{"@type":"Article","@id":"https:\/\/eldigitaldeasturias.com\/magazine365\/estrella-galicia-lanza-una-edicion-especial-con-una-hoguera-en-la-etiqueta-con-motivo-de-la-fiesta-de-san-juan\/#article","name":"Estrella Galicia lanza una edici\u00f3n especial con una hoguera en la etiqueta con motivo de la fiesta de San Juan | El Digital de Asturias","headline":"Estrella Galicia lanza una edici\u00f3n especial con una hoguera en la etiqueta con motivo de la fiesta de San Juan","author":{"@id":"https:\/\/eldigitaldeasturias.com\/magazine365\/author\/admin\/#author"},"publisher":{"@id":"https:\/\/eldigitaldeasturias.com\/magazine365\/#organization"},"image":{"@type":"ImageObject","url":"https:\/\/eldigitaldeasturias.com\/magazine365\/wp-content\/uploads\/2015\/06\/fotonoticia_20150611104245_800.jpg","width":800,"height":529},"datePublished":"2015-06-11T17:16:40+02:00","dateModified":"2015-06-11T17:16:40+02:00","inLanguage":"es-ES","mainEntityOfPage":{"@id":"https:\/\/eldigitaldeasturias.com\/magazine365\/estrella-galicia-lanza-una-edicion-especial-con-una-hoguera-en-la-etiqueta-con-motivo-de-la-fiesta-de-san-juan\/#webpage"},"isPartOf":{"@id":"https:\/\/eldigitaldeasturias.com\/magazine365\/estrella-galicia-lanza-una-edicion-especial-con-una-hoguera-en-la-etiqueta-con-motivo-de-la-fiesta-de-san-juan\/#webpage"},"articleSection":"Actualidad Turismo"},{"@type":"BreadcrumbList","@id":"https:\/\/eldigitaldeasturias.com\/magazine365\/estrella-galicia-lanza-una-edicion-especial-con-una-hoguera-en-la-etiqueta-con-motivo-de-la-fiesta-de-san-juan\/#breadcrumblist","itemListElement":[{"@type":"ListItem","@id":"https:\/\/eldigitaldeasturias.com\/magazine365#listItem","position":1,"name":"Home","item":"https:\/\/eldigitaldeasturias.com\/magazine365","nextItem":{"@type":"ListItem","@id":"https:\/\/eldigitaldeasturias.com\/magazine365\/category\/actualidad-turismo\/#listItem","name":"Actualidad Turismo"}},{"@type":"ListItem","@id":"https:\/\/eldigitaldeasturias.com\/magazine365\/category\/actualidad-turismo\/#listItem","position":2,"name":"Actualidad Turismo","item":"https:\/\/eldigitaldeasturias.com\/magazine365\/category\/actualidad-turismo\/","nextItem":{"@type":"ListItem","@id":"https:\/\/eldigitaldeasturias.com\/magazine365\/estrella-galicia-lanza-una-edicion-especial-con-una-hoguera-en-la-etiqueta-con-motivo-de-la-fiesta-de-san-juan\/#listItem","name":"Estrella Galicia lanza una edici\u00f3n especial con una hoguera en la etiqueta con motivo de la fiesta de San Juan"},"previousItem":{"@type":"ListItem","@id":"https:\/\/eldigitaldeasturias.com\/magazine365#listItem","name":"Home"}},{"@type":"ListItem","@id":"https:\/\/eldigitaldeasturias.com\/magazine365\/estrella-galicia-lanza-una-edicion-especial-con-una-hoguera-en-la-etiqueta-con-motivo-de-la-fiesta-de-san-juan\/#listItem","position":3,"name":"Estrella Galicia lanza una edici\u00f3n especial con una hoguera en la etiqueta con motivo de la fiesta de San Juan","previousItem":{"@type":"ListItem","@id":"https:\/\/eldigitaldeasturias.com\/magazine365\/category\/actualidad-turismo\/#listItem","name":"Actualidad Turismo"}}]},{"@type":"Organization","@id":"https:\/\/eldigitaldeasturias.com\/magazine365\/#organization","name":"El digital de Asturias","description":"Revista de ocio, turismo y estilo de vida","url":"https:\/\/eldigitaldeasturias.com\/magazine365\/","logo":{"@type":"ImageObject","url":"https:\/\/www.eldigitaldeasturias.com\/noticias\/wp-content\/uploads\/2020\/12\/EDA.jpg","@id":"https:\/\/eldigitaldeasturias.com\/magazine365\/estrella-galicia-lanza-una-edicion-especial-con-una-hoguera-en-la-etiqueta-con-motivo-de-la-fiesta-de-san-juan\/#organizationLogo"},"image":{"@id":"https:\/\/eldigitaldeasturias.com\/magazine365\/estrella-galicia-lanza-una-edicion-especial-con-una-hoguera-en-la-etiqueta-con-motivo-de-la-fiesta-de-san-juan\/#organizationLogo"}},{"@type":"Person","@id":"https:\/\/eldigitaldeasturias.com\/magazine365\/author\/admin\/#author","url":"https:\/\/eldigitaldeasturias.com\/magazine365\/author\/admin\/","name":"admin","image":{"@type":"ImageObject","@id":"https:\/\/eldigitaldeasturias.com\/magazine365\/estrella-galicia-lanza-una-edicion-especial-con-una-hoguera-en-la-etiqueta-con-motivo-de-la-fiesta-de-san-juan\/#authorImage","url":"https:\/\/eldigitaldeasturias.com\/magazine365\/wp-content\/litespeed\/avatar\/e571bcf59a0edd6fa6838245a470f2fe.jpg?ver=1776969259","width":96,"height":96,"caption":"admin"}},{"@type":"WebPage","@id":"https:\/\/eldigitaldeasturias.com\/magazine365\/estrella-galicia-lanza-una-edicion-especial-con-una-hoguera-en-la-etiqueta-con-motivo-de-la-fiesta-de-san-juan\/#webpage","url":"https:\/\/eldigitaldeasturias.com\/magazine365\/estrella-galicia-lanza-una-edicion-especial-con-una-hoguera-en-la-etiqueta-con-motivo-de-la-fiesta-de-san-juan\/","name":"Estrella Galicia lanza una edici\u00f3n especial con una hoguera en la etiqueta con motivo de la fiesta de San Juan | El Digital de Asturias","description":"Estrella Galicia lanza una edici\u00f3n especial de su cerveza con motivo del pr\u00f3ximo San Juan, por lo que esta semana pondr\u00e1 a disposici\u00f3n de los consumidores 3,5 millones de botellas en homenaje a esta fiesta. Seg\u00fan informa la compa\u00f1\u00eda Hijos de Rivera en un comunicado de prensa, la edici\u00f3n especial para promocionar la celebraci\u00f3n de","inLanguage":"es-ES","isPartOf":{"@id":"https:\/\/eldigitaldeasturias.com\/magazine365\/#website"},"breadcrumb":{"@id":"https:\/\/eldigitaldeasturias.com\/magazine365\/estrella-galicia-lanza-una-edicion-especial-con-una-hoguera-en-la-etiqueta-con-motivo-de-la-fiesta-de-san-juan\/#breadcrumblist"},"author":{"@id":"https:\/\/eldigitaldeasturias.com\/magazine365\/author\/admin\/#author"},"creator":{"@id":"https:\/\/eldigitaldeasturias.com\/magazine365\/author\/admin\/#author"},"image":{"@type":"ImageObject","url":"https:\/\/eldigitaldeasturias.com\/magazine365\/wp-content\/uploads\/2015\/06\/fotonoticia_20150611104245_800.jpg","@id":"https:\/\/eldigitaldeasturias.com\/magazine365\/estrella-galicia-lanza-una-edicion-especial-con-una-hoguera-en-la-etiqueta-con-motivo-de-la-fiesta-de-san-juan\/#mainImage","width":800,"height":529},"primaryImageOfPage":{"@id":"https:\/\/eldigitaldeasturias.com\/magazine365\/estrella-galicia-lanza-una-edicion-especial-con-una-hoguera-en-la-etiqueta-con-motivo-de-la-fiesta-de-san-juan\/#mainImage"},"datePublished":"2015-06-11T17:16:40+02:00","dateModified":"2015-06-11T17:16:40+02:00"},{"@type":"WebSite","@id":"https:\/\/eldigitaldeasturias.com\/magazine365\/#website","url":"https:\/\/eldigitaldeasturias.com\/magazine365\/","name":"El Digital de Asturias","description":"Revista de ocio, turismo y estilo de vida","inLanguage":"es-ES","publisher":{"@id":"https:\/\/eldigitaldeasturias.com\/magazine365\/#organization"}}]},"og:locale":"es_ES","og:site_name":"El Digital de Asturias \u2013 Revista de ocio, turismo y estilo de vida","og:type":"article","og:title":"Estrella Galicia lanza una edici\u00f3n especial con una hoguera en la etiqueta con motivo de la fiesta de San Juan | El Digital de Asturias","og:description":"Estrella Galicia lanza una edici\u00f3n especial de su cerveza con motivo del pr\u00f3ximo San Juan, por lo que esta semana pondr\u00e1 a disposici\u00f3n de los consumidores 3,5 millones de botellas en homenaje a esta fiesta. Seg\u00fan informa la compa\u00f1\u00eda Hijos de Rivera en un comunicado de prensa, la edici\u00f3n especial para promocionar la celebraci\u00f3n de","og:url":"https:\/\/eldigitaldeasturias.com\/magazine365\/estrella-galicia-lanza-una-edicion-especial-con-una-hoguera-en-la-etiqueta-con-motivo-de-la-fiesta-de-san-juan\/","og:image":"https:\/\/eldigitaldeasturias.com\/magazine365\/wp-content\/uploads\/2015\/06\/fotonoticia_20150611104245_800.jpg","og:image:secure_url":"https:\/\/eldigitaldeasturias.com\/magazine365\/wp-content\/uploads\/2015\/06\/fotonoticia_20150611104245_800.jpg","og:image:width":800,"og:image:height":529,"article:published_time":"2015-06-11T15:46:40+00:00","article:modified_time":"2015-06-11T15:46:40+00:00","twitter:card":"summary_large_image","twitter:title":"Estrella Galicia lanza una edici\u00f3n especial con una hoguera en la etiqueta con motivo de la fiesta de San Juan | El Digital de Asturias","twitter:description":"Estrella Galicia lanza una edici\u00f3n especial de su cerveza con motivo del pr\u00f3ximo San Juan, por lo que esta semana pondr\u00e1 a disposici\u00f3n de los consumidores 3,5 millones de botellas en homenaje a esta fiesta. Seg\u00fan informa la compa\u00f1\u00eda Hijos de Rivera en un comunicado de prensa, la edici\u00f3n especial para promocionar la celebraci\u00f3n de","twitter:image":"https:\/\/eldigitaldeasturias.com\/magazine365\/wp-content\/uploads\/2015\/06\/fotonoticia_20150611104245_800.jpg"},"aioseo_meta_data":{"post_id":"39571","title":null,"description":null,"keywords":null,"keyphrases":null,"primary_term":null,"canonical_url":null,"og_title":null,"og_description":null,"og_object_type":"default","og_image_type":"default","og_image_url":null,"og_image_width":null,"og_image_height":null,"og_image_custom_url":null,"og_image_custom_fields":null,"og_video":null,"og_custom_url":null,"og_article_section":null,"og_article_tags":null,"twitter_use_og":false,"twitter_card":"default","twitter_image_type":"default","twitter_image_url":null,"twitter_image_custom_url":null,"twitter_image_custom_fields":null,"twitter_title":null,"twitter_description":null,"schema":{"blockGraphs":[],"customGraphs":[],"default":{"data":{"Article":[],"Course":[],"Dataset":[],"FAQPage":[],"Movie":[],"Person":[],"Product":[],"ProductReview":[],"Car":[],"Recipe":[],"Service":[],"SoftwareApplication":[],"WebPage":[]},"graphName":"","isEnabled":true},"graphs":[],"defaultGraph":"","defaultPostTypeGraph":""},"schema_type":null,"schema_type_options":null,"pillar_content":false,"robots_default":true,"robots_noindex":false,"robots_noarchive":false,"robots_nosnippet":false,"robots_nofollow":false,"robots_noimageindex":false,"robots_noodp":false,"robots_notranslate":false,"robots_max_snippet":null,"robots_max_videopreview":null,"robots_max_imagepreview":"large","priority":null,"frequency":null,"location":null,"local_seo":null,"seo_analyzer_scan_date":"2025-09-19 11:54:58","breadcrumb_settings":null,"limit_modified_date":false,"open_ai":null,"ai":null,"created":"2021-03-09 02:39:55","updated":"2025-09-19 11:54:58"},"aioseo_breadcrumb":"<div class=\"aioseo-breadcrumbs\"><span class=\"aioseo-breadcrumb\">\n\t<a href=\"https:\/\/eldigitaldeasturias.com\/magazine365\" title=\"Home\">Home<\/a>\n<\/span><span class=\"aioseo-breadcrumb-separator\">\u2013<\/span><span class=\"aioseo-breadcrumb\">\n\t<a href=\"https:\/\/eldigitaldeasturias.com\/magazine365\/category\/actualidad-turismo\/\" title=\"Actualidad Turismo\">Actualidad Turismo<\/a>\n<\/span><span class=\"aioseo-breadcrumb-separator\">\u2013<\/span><span class=\"aioseo-breadcrumb\">\n\t<a href=\"https:\/\/eldigitaldeasturias.com\/magazine365\/estrella-galicia-lanza-una-edicion-especial-con-una-hoguera-en-la-etiqueta-con-motivo-de-la-fiesta-de-san-juan\/\" title=\"Estrella Galicia lanza una edici\u00f3n especial con una hoguera en la etiqueta con motivo de la fiesta de San Juan\">Estrella Galicia lanza una edici\u00f3n especial con una hoguera en la etiqueta con motivo de la fiesta de San Juan<\/a>\n<\/span><\/div>","aioseo_breadcrumb_json":[{"label":"Home","link":"https:\/\/eldigitaldeasturias.com\/magazine365"},{"label":"Actualidad Turismo","link":"https:\/\/eldigitaldeasturias.com\/magazine365\/category\/actualidad-turismo\/"},{"label":"Estrella Galicia lanza una edici\u00f3n especial con una hoguera en la etiqueta con motivo de la fiesta de San Juan","link":"https:\/\/eldigitaldeasturias.com\/magazine365\/estrella-galicia-lanza-una-edicion-especial-con-una-hoguera-en-la-etiqueta-con-motivo-de-la-fiesta-de-san-juan\/"}],"_links":{"self":[{"href":"https:\/\/eldigitaldeasturias.com\/magazine365\/wp-json\/wp\/v2\/posts\/39571","targetHints":{"allow":["GET"]}}],"collection":[{"href":"https:\/\/eldigitaldeasturias.com\/magazine365\/wp-json\/wp\/v2\/posts"}],"about":[{"href":"https:\/\/eldigitaldeasturias.com\/magazine365\/wp-json\/wp\/v2\/types\/post"}],"author":[{"embeddable":true,"href":"https:\/\/eldigitaldeasturias.com\/magazine365\/wp-json\/wp\/v2\/users\/1"}],"replies":[{"embeddable":true,"href":"https:\/\/eldigitaldeasturias.com\/magazine365\/wp-json\/wp\/v2\/comments?post=39571"}],"version-history":[{"count":0,"href":"https:\/\/eldigitaldeasturias.com\/magazine365\/wp-json\/wp\/v2\/posts\/39571\/revisions"}],"wp:featuredmedia":[{"embeddable":true,"href":"https:\/\/eldigitaldeasturias.com\/magazine365\/wp-json\/wp\/v2\/media\/39572"}],"wp:attachment":[{"href":"https:\/\/eldigitaldeasturias.com\/magazine365\/wp-json\/wp\/v2\/media?parent=39571"}],"wp:term":[{"taxonomy":"category","embeddable":true,"href":"https:\/\/eldigitaldeasturias.com\/magazine365\/wp-json\/wp\/v2\/categories?post=39571"},{"taxonomy":"post_tag","embeddable":true,"href":"https:\/\/eldigitaldeasturias.com\/magazine365\/wp-json\/wp\/v2\/tags?post=39571"}],"curies":[{"name":"wp","href":"https:\/\/api.w.org\/{rel}","templated":true}]}}