{"id":39568,"date":"2015-06-11T17:15:32","date_gmt":"2015-06-11T15:45:32","guid":{"rendered":"http:\/\/eldigitaldeasturias.com\/magazine365\/?p=39568"},"modified":"2015-06-11T17:15:32","modified_gmt":"2015-06-11T15:45:32","slug":"el-juicio-por-irregularidades-en-contrataciones-en-fitur-se-retoma-este-jueves-hasta-visperas-de-navidad","status":"publish","type":"post","link":"https:\/\/eldigitaldeasturias.com\/magazine365\/el-juicio-por-irregularidades-en-contrataciones-en-fitur-se-retoma-este-jueves-hasta-visperas-de-navidad\/","title":{"rendered":"El juicio por irregularidades en contrataciones en Fitur se retoma este jueves hasta v\u00edsperas de Navidad"},"content":{"rendered":"<p><img fetchpriority=\"high\" decoding=\"async\" class=\"alignleft size-medium wp-image-39569\" src=\"https:\/\/eldigitaldeasturias.com\/magazine365\/wp-content\/uploads\/2015\/06\/fotonoticia_20150611102434_800-360x240.jpg\" alt=\"fotonoticia_20150611102434_800\" width=\"360\" height=\"240\" srcset=\"https:\/\/eldigitaldeasturias.com\/magazine365\/wp-content\/uploads\/2015\/06\/fotonoticia_20150611102434_800-360x240.jpg 360w, https:\/\/eldigitaldeasturias.com\/magazine365\/wp-content\/uploads\/2015\/06\/fotonoticia_20150611102434_800-650x434.jpg 650w, https:\/\/eldigitaldeasturias.com\/magazine365\/wp-content\/uploads\/2015\/06\/fotonoticia_20150611102434_800-768x513.jpg 768w, https:\/\/eldigitaldeasturias.com\/magazine365\/wp-content\/uploads\/2015\/06\/fotonoticia_20150611102434_800-150x100.jpg 150w, https:\/\/eldigitaldeasturias.com\/magazine365\/wp-content\/uploads\/2015\/06\/fotonoticia_20150611102434_800-450x300.jpg 450w, https:\/\/eldigitaldeasturias.com\/magazine365\/wp-content\/uploads\/2015\/06\/fotonoticia_20150611102434_800-696x465.jpg 696w, https:\/\/eldigitaldeasturias.com\/magazine365\/wp-content\/uploads\/2015\/06\/fotonoticia_20150611102434_800-629x420.jpg 629w, https:\/\/eldigitaldeasturias.com\/magazine365\/wp-content\/uploads\/2015\/06\/fotonoticia_20150611102434_800-84x55.jpg 84w, https:\/\/eldigitaldeasturias.com\/magazine365\/wp-content\/uploads\/2015\/06\/fotonoticia_20150611102434_800.jpg 800w\" sizes=\"(max-width: 360px) 100vw, 360px\" \/>El juicio por la pieza 3 del caso G\u00fcrtel en la Comunidad Valenciana, relativa a presuntas irregularidades en contrataciones de la feria Fitur entre los a\u00f1os 2005 y 2009, se retoma este jueves con dos jornadas dedicadas a cuestiones previas, y se prolongar\u00e1 hasta diciembre, mes en el que est\u00e1 previsto que las partes expongan sus conclusiones el 11 y el 18, en v\u00edsperas de Navidad.<\/p>\n<p>En total, se han previsto 38 sesiones, una de ellas como reserva. \u00c9ste es el nuevo calendario para la causa, que arranc\u00f3 el pasado 31 de marzo con cuestiones previas en el Tribunal Superior de Justicia de la Comunitat Valenciana (TSJCV), tras m\u00e1s de cuatro a\u00f1os de instrucci\u00f3n.<\/p>\n<p>En estas jornadas, los letrados de los acusados solicitaron la suspensi\u00f3n del juicio, entre otros motivos, porque hab\u00eda cierta documentaci\u00f3n que s\u00ed hab\u00eda estado a disposici\u00f3n de la UDEF y de la Fiscal\u00eda, pero no de ellos. La vista tuvo que ser suspendida hasta junio para evitar nulidades y garantizar los derechos de defensa.<\/p>\n<p>El nuevo calendario tiene como fecha de inicio de la vista este jueves &#8211;el 11 y 12 se dedicar\u00e1n a cuestiones previas&#8211;. Las declaraciones de acusados, testigos y peritos comenzar\u00e1n el 19 de junio y concluir\u00e1n el 10 de diciembre &#8211;se ha dejado la \u00faltima jornada de reserva&#8211;.<\/p>\n<p>En este procedimiento hay 13 personas acusadas: las exconselleras de Turisme Milagrosa Mart\u00ednez &#8211;tambi\u00e9n alcaldesa de Novelda y expresidenta de las Corts&#8211; y Ang\u00e9lica Such (declarar\u00e1n el 17 de julio); el exjefe de gabinete de la Agencia Valenciana de Turisme (AVT), Rafael Betoret; el exjefe del \u00e1rea de Mercados y Comunicaci\u00f3n de la AVT, Isaac Vidal; Alvaro P\u00e9rez, Pablo Crespo, C\u00e1ndido Herrero y Francisco Correa &#8211;considerados presuntos cabecillas de la trama&#8211;; Jorge Guarro, jefe del servicio de Promoci\u00f3n de la agencia y Ana Grau, coordinadora de ferias de la AVT; Juan Bover, jefe de servicio de servicio de Infraestructuras Tur\u00edsticas de la Generalitat; Isabel Jord\u00e1n (exadministradora de empresas de la trama); y M\u00f3nica Magari\u00f1os (exempleada de las mismas entidades).<\/p>\n<p>El juicio se celebra por delitos de prevaricaci\u00f3n, malversaci\u00f3n, enriquecimiento injusto, cohecho, tr\u00e1fico de influencias, falsedad e infidelidad en la custodia de documentos.<\/p>\n","protected":false},"excerpt":{"rendered":"<p>El juicio por la pieza 3 del caso G\u00fcrtel en la Comunidad Valenciana, relativa a presuntas irregularidades en contrataciones de la feria Fitur entre los a\u00f1os 2005 y 2009, se retoma este jueves con dos jornadas dedicadas a cuestiones previas, y se prolongar\u00e1 hasta diciembre, mes en el que est\u00e1 previsto que las partes expongan<\/p>\n","protected":false},"author":1,"featured_media":39569,"comment_status":"open","ping_status":"closed","sticky":false,"template":"","format":"standard","meta":{"footnotes":""},"categories":[222],"tags":[],"class_list":{"0":"post-39568","1":"post","2":"type-post","3":"status-publish","4":"format-standard","5":"has-post-thumbnail","7":"category-actualidad-turismo"},"aioseo_notices":[],"aioseo_head":"\n\t\t<!-- All in One SEO Pro 4.9.6.1 - aioseo.com -->\n\t<meta name=\"description\" content=\"El juicio por la pieza 3 del caso G\u00fcrtel en la Comunidad Valenciana, relativa a presuntas irregularidades en contrataciones de la feria Fitur entre los a\u00f1os 2005 y 2009, se retoma este jueves con dos jornadas dedicadas a cuestiones previas, y se prolongar\u00e1 hasta diciembre, mes en el que est\u00e1 previsto que las partes expongan\" \/>\n\t<meta name=\"robots\" content=\"max-image-preview:large\" \/>\n\t<meta name=\"author\" content=\"admin\"\/>\n\t<meta name=\"google-site-verification\" content=\"UA-38556648-1\" \/>\n\t<meta name=\"keywords\" content=\"actualidad turismo\" \/>\n\t<link rel=\"canonical\" href=\"https:\/\/eldigitaldeasturias.com\/magazine365\/el-juicio-por-irregularidades-en-contrataciones-en-fitur-se-retoma-este-jueves-hasta-visperas-de-navidad\/\" \/>\n\t<meta name=\"generator\" content=\"All in One SEO Pro (AIOSEO) 4.9.6.1\" \/>\n\t\t<meta property=\"og:locale\" content=\"es_ES\" \/>\n\t\t<meta property=\"og:site_name\" content=\"El Digital de Asturias \u2013 Revista de ocio, turismo y estilo de vida\" \/>\n\t\t<meta property=\"og:type\" content=\"article\" \/>\n\t\t<meta property=\"og:title\" content=\"El juicio por irregularidades en contrataciones en Fitur se retoma este jueves hasta v\u00edsperas de Navidad | El Digital de Asturias\" \/>\n\t\t<meta property=\"og:description\" content=\"El juicio por la pieza 3 del caso G\u00fcrtel en la Comunidad Valenciana, relativa a presuntas irregularidades en contrataciones de la feria Fitur entre los a\u00f1os 2005 y 2009, se retoma este jueves con dos jornadas dedicadas a cuestiones previas, y se prolongar\u00e1 hasta diciembre, mes en el que est\u00e1 previsto que las partes expongan\" \/>\n\t\t<meta property=\"og:url\" content=\"https:\/\/eldigitaldeasturias.com\/magazine365\/el-juicio-por-irregularidades-en-contrataciones-en-fitur-se-retoma-este-jueves-hasta-visperas-de-navidad\/\" \/>\n\t\t<meta property=\"og:image\" content=\"https:\/\/eldigitaldeasturias.com\/magazine365\/wp-content\/uploads\/2015\/06\/fotonoticia_20150611102434_800.jpg\" \/>\n\t\t<meta property=\"og:image:secure_url\" content=\"https:\/\/eldigitaldeasturias.com\/magazine365\/wp-content\/uploads\/2015\/06\/fotonoticia_20150611102434_800.jpg\" \/>\n\t\t<meta property=\"og:image:width\" content=\"800\" \/>\n\t\t<meta property=\"og:image:height\" content=\"534\" \/>\n\t\t<meta property=\"article:published_time\" content=\"2015-06-11T15:45:32+00:00\" \/>\n\t\t<meta property=\"article:modified_time\" content=\"2015-06-11T15:45:32+00:00\" \/>\n\t\t<meta name=\"twitter:card\" content=\"summary_large_image\" \/>\n\t\t<meta name=\"twitter:title\" content=\"El juicio por irregularidades en contrataciones en Fitur se retoma este jueves hasta v\u00edsperas de Navidad | El Digital de Asturias\" \/>\n\t\t<meta name=\"twitter:description\" content=\"El juicio por la pieza 3 del caso G\u00fcrtel en la Comunidad Valenciana, relativa a presuntas irregularidades en contrataciones de la feria Fitur entre los a\u00f1os 2005 y 2009, se retoma este jueves con dos jornadas dedicadas a cuestiones previas, y se prolongar\u00e1 hasta diciembre, mes en el que est\u00e1 previsto que las partes expongan\" \/>\n\t\t<meta name=\"twitter:image\" content=\"https:\/\/eldigitaldeasturias.com\/magazine365\/wp-content\/uploads\/2015\/06\/fotonoticia_20150611102434_800.jpg\" \/>\n\t\t<script type=\"application\/ld+json\" class=\"aioseo-schema\">\n\t\t\t{\"@context\":\"https:\\\/\\\/schema.org\",\"@graph\":[{\"@type\":\"Article\",\"@id\":\"https:\\\/\\\/eldigitaldeasturias.com\\\/magazine365\\\/el-juicio-por-irregularidades-en-contrataciones-en-fitur-se-retoma-este-jueves-hasta-visperas-de-navidad\\\/#article\",\"name\":\"El juicio por irregularidades en contrataciones en Fitur se retoma este jueves hasta v\\u00edsperas de Navidad | El Digital de Asturias\",\"headline\":\"El juicio por irregularidades en contrataciones en Fitur se retoma este jueves hasta v\\u00edsperas de Navidad\",\"author\":{\"@id\":\"https:\\\/\\\/eldigitaldeasturias.com\\\/magazine365\\\/author\\\/admin\\\/#author\"},\"publisher\":{\"@id\":\"https:\\\/\\\/eldigitaldeasturias.com\\\/magazine365\\\/#organization\"},\"image\":{\"@type\":\"ImageObject\",\"url\":\"https:\\\/\\\/eldigitaldeasturias.com\\\/magazine365\\\/wp-content\\\/uploads\\\/2015\\\/06\\\/fotonoticia_20150611102434_800.jpg\",\"width\":800,\"height\":534},\"datePublished\":\"2015-06-11T17:15:32+02:00\",\"dateModified\":\"2015-06-11T17:15:32+02:00\",\"inLanguage\":\"es-ES\",\"mainEntityOfPage\":{\"@id\":\"https:\\\/\\\/eldigitaldeasturias.com\\\/magazine365\\\/el-juicio-por-irregularidades-en-contrataciones-en-fitur-se-retoma-este-jueves-hasta-visperas-de-navidad\\\/#webpage\"},\"isPartOf\":{\"@id\":\"https:\\\/\\\/eldigitaldeasturias.com\\\/magazine365\\\/el-juicio-por-irregularidades-en-contrataciones-en-fitur-se-retoma-este-jueves-hasta-visperas-de-navidad\\\/#webpage\"},\"articleSection\":\"Actualidad Turismo\"},{\"@type\":\"BreadcrumbList\",\"@id\":\"https:\\\/\\\/eldigitaldeasturias.com\\\/magazine365\\\/el-juicio-por-irregularidades-en-contrataciones-en-fitur-se-retoma-este-jueves-hasta-visperas-de-navidad\\\/#breadcrumblist\",\"itemListElement\":[{\"@type\":\"ListItem\",\"@id\":\"https:\\\/\\\/eldigitaldeasturias.com\\\/magazine365#listItem\",\"position\":1,\"name\":\"Home\",\"item\":\"https:\\\/\\\/eldigitaldeasturias.com\\\/magazine365\",\"nextItem\":{\"@type\":\"ListItem\",\"@id\":\"https:\\\/\\\/eldigitaldeasturias.com\\\/magazine365\\\/category\\\/actualidad-turismo\\\/#listItem\",\"name\":\"Actualidad Turismo\"}},{\"@type\":\"ListItem\",\"@id\":\"https:\\\/\\\/eldigitaldeasturias.com\\\/magazine365\\\/category\\\/actualidad-turismo\\\/#listItem\",\"position\":2,\"name\":\"Actualidad Turismo\",\"item\":\"https:\\\/\\\/eldigitaldeasturias.com\\\/magazine365\\\/category\\\/actualidad-turismo\\\/\",\"nextItem\":{\"@type\":\"ListItem\",\"@id\":\"https:\\\/\\\/eldigitaldeasturias.com\\\/magazine365\\\/el-juicio-por-irregularidades-en-contrataciones-en-fitur-se-retoma-este-jueves-hasta-visperas-de-navidad\\\/#listItem\",\"name\":\"El juicio por irregularidades en contrataciones en Fitur se retoma este jueves hasta v\\u00edsperas de Navidad\"},\"previousItem\":{\"@type\":\"ListItem\",\"@id\":\"https:\\\/\\\/eldigitaldeasturias.com\\\/magazine365#listItem\",\"name\":\"Home\"}},{\"@type\":\"ListItem\",\"@id\":\"https:\\\/\\\/eldigitaldeasturias.com\\\/magazine365\\\/el-juicio-por-irregularidades-en-contrataciones-en-fitur-se-retoma-este-jueves-hasta-visperas-de-navidad\\\/#listItem\",\"position\":3,\"name\":\"El juicio por irregularidades en contrataciones en Fitur se retoma este jueves hasta v\\u00edsperas de Navidad\",\"previousItem\":{\"@type\":\"ListItem\",\"@id\":\"https:\\\/\\\/eldigitaldeasturias.com\\\/magazine365\\\/category\\\/actualidad-turismo\\\/#listItem\",\"name\":\"Actualidad Turismo\"}}]},{\"@type\":\"Organization\",\"@id\":\"https:\\\/\\\/eldigitaldeasturias.com\\\/magazine365\\\/#organization\",\"name\":\"El digital de Asturias\",\"description\":\"Revista de ocio, turismo y estilo de vida\",\"url\":\"https:\\\/\\\/eldigitaldeasturias.com\\\/magazine365\\\/\",\"logo\":{\"@type\":\"ImageObject\",\"url\":\"https:\\\/\\\/www.eldigitaldeasturias.com\\\/noticias\\\/wp-content\\\/uploads\\\/2020\\\/12\\\/EDA.jpg\",\"@id\":\"https:\\\/\\\/eldigitaldeasturias.com\\\/magazine365\\\/el-juicio-por-irregularidades-en-contrataciones-en-fitur-se-retoma-este-jueves-hasta-visperas-de-navidad\\\/#organizationLogo\"},\"image\":{\"@id\":\"https:\\\/\\\/eldigitaldeasturias.com\\\/magazine365\\\/el-juicio-por-irregularidades-en-contrataciones-en-fitur-se-retoma-este-jueves-hasta-visperas-de-navidad\\\/#organizationLogo\"}},{\"@type\":\"Person\",\"@id\":\"https:\\\/\\\/eldigitaldeasturias.com\\\/magazine365\\\/author\\\/admin\\\/#author\",\"url\":\"https:\\\/\\\/eldigitaldeasturias.com\\\/magazine365\\\/author\\\/admin\\\/\",\"name\":\"admin\",\"image\":{\"@type\":\"ImageObject\",\"@id\":\"https:\\\/\\\/eldigitaldeasturias.com\\\/magazine365\\\/el-juicio-por-irregularidades-en-contrataciones-en-fitur-se-retoma-este-jueves-hasta-visperas-de-navidad\\\/#authorImage\",\"url\":\"https:\\\/\\\/eldigitaldeasturias.com\\\/magazine365\\\/wp-content\\\/litespeed\\\/avatar\\\/e571bcf59a0edd6fa6838245a470f2fe.jpg?ver=1776969259\",\"width\":96,\"height\":96,\"caption\":\"admin\"}},{\"@type\":\"WebPage\",\"@id\":\"https:\\\/\\\/eldigitaldeasturias.com\\\/magazine365\\\/el-juicio-por-irregularidades-en-contrataciones-en-fitur-se-retoma-este-jueves-hasta-visperas-de-navidad\\\/#webpage\",\"url\":\"https:\\\/\\\/eldigitaldeasturias.com\\\/magazine365\\\/el-juicio-por-irregularidades-en-contrataciones-en-fitur-se-retoma-este-jueves-hasta-visperas-de-navidad\\\/\",\"name\":\"El juicio por irregularidades en contrataciones en Fitur se retoma este jueves hasta v\\u00edsperas de Navidad | El Digital de Asturias\",\"description\":\"El juicio por la pieza 3 del caso G\\u00fcrtel en la Comunidad Valenciana, relativa a presuntas irregularidades en contrataciones de la feria Fitur entre los a\\u00f1os 2005 y 2009, se retoma este jueves con dos jornadas dedicadas a cuestiones previas, y se prolongar\\u00e1 hasta diciembre, mes en el que est\\u00e1 previsto que las partes expongan\",\"inLanguage\":\"es-ES\",\"isPartOf\":{\"@id\":\"https:\\\/\\\/eldigitaldeasturias.com\\\/magazine365\\\/#website\"},\"breadcrumb\":{\"@id\":\"https:\\\/\\\/eldigitaldeasturias.com\\\/magazine365\\\/el-juicio-por-irregularidades-en-contrataciones-en-fitur-se-retoma-este-jueves-hasta-visperas-de-navidad\\\/#breadcrumblist\"},\"author\":{\"@id\":\"https:\\\/\\\/eldigitaldeasturias.com\\\/magazine365\\\/author\\\/admin\\\/#author\"},\"creator\":{\"@id\":\"https:\\\/\\\/eldigitaldeasturias.com\\\/magazine365\\\/author\\\/admin\\\/#author\"},\"image\":{\"@type\":\"ImageObject\",\"url\":\"https:\\\/\\\/eldigitaldeasturias.com\\\/magazine365\\\/wp-content\\\/uploads\\\/2015\\\/06\\\/fotonoticia_20150611102434_800.jpg\",\"@id\":\"https:\\\/\\\/eldigitaldeasturias.com\\\/magazine365\\\/el-juicio-por-irregularidades-en-contrataciones-en-fitur-se-retoma-este-jueves-hasta-visperas-de-navidad\\\/#mainImage\",\"width\":800,\"height\":534},\"primaryImageOfPage\":{\"@id\":\"https:\\\/\\\/eldigitaldeasturias.com\\\/magazine365\\\/el-juicio-por-irregularidades-en-contrataciones-en-fitur-se-retoma-este-jueves-hasta-visperas-de-navidad\\\/#mainImage\"},\"datePublished\":\"2015-06-11T17:15:32+02:00\",\"dateModified\":\"2015-06-11T17:15:32+02:00\"},{\"@type\":\"WebSite\",\"@id\":\"https:\\\/\\\/eldigitaldeasturias.com\\\/magazine365\\\/#website\",\"url\":\"https:\\\/\\\/eldigitaldeasturias.com\\\/magazine365\\\/\",\"name\":\"El Digital de Asturias\",\"description\":\"Revista de ocio, turismo y estilo de vida\",\"inLanguage\":\"es-ES\",\"publisher\":{\"@id\":\"https:\\\/\\\/eldigitaldeasturias.com\\\/magazine365\\\/#organization\"}}]}\n\t\t<\/script>\n\t\t<!-- All in One SEO Pro -->\r\n\t\t<title>El juicio por irregularidades en contrataciones en Fitur se retoma este jueves hasta v\u00edsperas de Navidad | El Digital de Asturias<\/title>\n\n","aioseo_head_json":{"title":"El juicio por irregularidades en contrataciones en Fitur se retoma este jueves hasta v\u00edsperas de Navidad | El Digital de Asturias","description":"El juicio por la pieza 3 del caso G\u00fcrtel en la Comunidad Valenciana, relativa a presuntas irregularidades en contrataciones de la feria Fitur entre los a\u00f1os 2005 y 2009, se retoma este jueves con dos jornadas dedicadas a cuestiones previas, y se prolongar\u00e1 hasta diciembre, mes en el que est\u00e1 previsto que las partes expongan","canonical_url":"https:\/\/eldigitaldeasturias.com\/magazine365\/el-juicio-por-irregularidades-en-contrataciones-en-fitur-se-retoma-este-jueves-hasta-visperas-de-navidad\/","robots":"max-image-preview:large","keywords":"actualidad turismo","webmasterTools":{"google-site-verification":"UA-38556648-1","miscellaneous":""},"schema":{"@context":"https:\/\/schema.org","@graph":[{"@type":"Article","@id":"https:\/\/eldigitaldeasturias.com\/magazine365\/el-juicio-por-irregularidades-en-contrataciones-en-fitur-se-retoma-este-jueves-hasta-visperas-de-navidad\/#article","name":"El juicio por irregularidades en contrataciones en Fitur se retoma este jueves hasta v\u00edsperas de Navidad | El Digital de Asturias","headline":"El juicio por irregularidades en contrataciones en Fitur se retoma este jueves hasta v\u00edsperas de Navidad","author":{"@id":"https:\/\/eldigitaldeasturias.com\/magazine365\/author\/admin\/#author"},"publisher":{"@id":"https:\/\/eldigitaldeasturias.com\/magazine365\/#organization"},"image":{"@type":"ImageObject","url":"https:\/\/eldigitaldeasturias.com\/magazine365\/wp-content\/uploads\/2015\/06\/fotonoticia_20150611102434_800.jpg","width":800,"height":534},"datePublished":"2015-06-11T17:15:32+02:00","dateModified":"2015-06-11T17:15:32+02:00","inLanguage":"es-ES","mainEntityOfPage":{"@id":"https:\/\/eldigitaldeasturias.com\/magazine365\/el-juicio-por-irregularidades-en-contrataciones-en-fitur-se-retoma-este-jueves-hasta-visperas-de-navidad\/#webpage"},"isPartOf":{"@id":"https:\/\/eldigitaldeasturias.com\/magazine365\/el-juicio-por-irregularidades-en-contrataciones-en-fitur-se-retoma-este-jueves-hasta-visperas-de-navidad\/#webpage"},"articleSection":"Actualidad Turismo"},{"@type":"BreadcrumbList","@id":"https:\/\/eldigitaldeasturias.com\/magazine365\/el-juicio-por-irregularidades-en-contrataciones-en-fitur-se-retoma-este-jueves-hasta-visperas-de-navidad\/#breadcrumblist","itemListElement":[{"@type":"ListItem","@id":"https:\/\/eldigitaldeasturias.com\/magazine365#listItem","position":1,"name":"Home","item":"https:\/\/eldigitaldeasturias.com\/magazine365","nextItem":{"@type":"ListItem","@id":"https:\/\/eldigitaldeasturias.com\/magazine365\/category\/actualidad-turismo\/#listItem","name":"Actualidad Turismo"}},{"@type":"ListItem","@id":"https:\/\/eldigitaldeasturias.com\/magazine365\/category\/actualidad-turismo\/#listItem","position":2,"name":"Actualidad Turismo","item":"https:\/\/eldigitaldeasturias.com\/magazine365\/category\/actualidad-turismo\/","nextItem":{"@type":"ListItem","@id":"https:\/\/eldigitaldeasturias.com\/magazine365\/el-juicio-por-irregularidades-en-contrataciones-en-fitur-se-retoma-este-jueves-hasta-visperas-de-navidad\/#listItem","name":"El juicio por irregularidades en contrataciones en Fitur se retoma este jueves hasta v\u00edsperas de Navidad"},"previousItem":{"@type":"ListItem","@id":"https:\/\/eldigitaldeasturias.com\/magazine365#listItem","name":"Home"}},{"@type":"ListItem","@id":"https:\/\/eldigitaldeasturias.com\/magazine365\/el-juicio-por-irregularidades-en-contrataciones-en-fitur-se-retoma-este-jueves-hasta-visperas-de-navidad\/#listItem","position":3,"name":"El juicio por irregularidades en contrataciones en Fitur se retoma este jueves hasta v\u00edsperas de Navidad","previousItem":{"@type":"ListItem","@id":"https:\/\/eldigitaldeasturias.com\/magazine365\/category\/actualidad-turismo\/#listItem","name":"Actualidad Turismo"}}]},{"@type":"Organization","@id":"https:\/\/eldigitaldeasturias.com\/magazine365\/#organization","name":"El digital de Asturias","description":"Revista de ocio, turismo y estilo de vida","url":"https:\/\/eldigitaldeasturias.com\/magazine365\/","logo":{"@type":"ImageObject","url":"https:\/\/www.eldigitaldeasturias.com\/noticias\/wp-content\/uploads\/2020\/12\/EDA.jpg","@id":"https:\/\/eldigitaldeasturias.com\/magazine365\/el-juicio-por-irregularidades-en-contrataciones-en-fitur-se-retoma-este-jueves-hasta-visperas-de-navidad\/#organizationLogo"},"image":{"@id":"https:\/\/eldigitaldeasturias.com\/magazine365\/el-juicio-por-irregularidades-en-contrataciones-en-fitur-se-retoma-este-jueves-hasta-visperas-de-navidad\/#organizationLogo"}},{"@type":"Person","@id":"https:\/\/eldigitaldeasturias.com\/magazine365\/author\/admin\/#author","url":"https:\/\/eldigitaldeasturias.com\/magazine365\/author\/admin\/","name":"admin","image":{"@type":"ImageObject","@id":"https:\/\/eldigitaldeasturias.com\/magazine365\/el-juicio-por-irregularidades-en-contrataciones-en-fitur-se-retoma-este-jueves-hasta-visperas-de-navidad\/#authorImage","url":"https:\/\/eldigitaldeasturias.com\/magazine365\/wp-content\/litespeed\/avatar\/e571bcf59a0edd6fa6838245a470f2fe.jpg?ver=1776969259","width":96,"height":96,"caption":"admin"}},{"@type":"WebPage","@id":"https:\/\/eldigitaldeasturias.com\/magazine365\/el-juicio-por-irregularidades-en-contrataciones-en-fitur-se-retoma-este-jueves-hasta-visperas-de-navidad\/#webpage","url":"https:\/\/eldigitaldeasturias.com\/magazine365\/el-juicio-por-irregularidades-en-contrataciones-en-fitur-se-retoma-este-jueves-hasta-visperas-de-navidad\/","name":"El juicio por irregularidades en contrataciones en Fitur se retoma este jueves hasta v\u00edsperas de Navidad | El Digital de Asturias","description":"El juicio por la pieza 3 del caso G\u00fcrtel en la Comunidad Valenciana, relativa a presuntas irregularidades en contrataciones de la feria Fitur entre los a\u00f1os 2005 y 2009, se retoma este jueves con dos jornadas dedicadas a cuestiones previas, y se prolongar\u00e1 hasta diciembre, mes en el que est\u00e1 previsto que las partes expongan","inLanguage":"es-ES","isPartOf":{"@id":"https:\/\/eldigitaldeasturias.com\/magazine365\/#website"},"breadcrumb":{"@id":"https:\/\/eldigitaldeasturias.com\/magazine365\/el-juicio-por-irregularidades-en-contrataciones-en-fitur-se-retoma-este-jueves-hasta-visperas-de-navidad\/#breadcrumblist"},"author":{"@id":"https:\/\/eldigitaldeasturias.com\/magazine365\/author\/admin\/#author"},"creator":{"@id":"https:\/\/eldigitaldeasturias.com\/magazine365\/author\/admin\/#author"},"image":{"@type":"ImageObject","url":"https:\/\/eldigitaldeasturias.com\/magazine365\/wp-content\/uploads\/2015\/06\/fotonoticia_20150611102434_800.jpg","@id":"https:\/\/eldigitaldeasturias.com\/magazine365\/el-juicio-por-irregularidades-en-contrataciones-en-fitur-se-retoma-este-jueves-hasta-visperas-de-navidad\/#mainImage","width":800,"height":534},"primaryImageOfPage":{"@id":"https:\/\/eldigitaldeasturias.com\/magazine365\/el-juicio-por-irregularidades-en-contrataciones-en-fitur-se-retoma-este-jueves-hasta-visperas-de-navidad\/#mainImage"},"datePublished":"2015-06-11T17:15:32+02:00","dateModified":"2015-06-11T17:15:32+02:00"},{"@type":"WebSite","@id":"https:\/\/eldigitaldeasturias.com\/magazine365\/#website","url":"https:\/\/eldigitaldeasturias.com\/magazine365\/","name":"El Digital de Asturias","description":"Revista de ocio, turismo y estilo de vida","inLanguage":"es-ES","publisher":{"@id":"https:\/\/eldigitaldeasturias.com\/magazine365\/#organization"}}]},"og:locale":"es_ES","og:site_name":"El Digital de Asturias \u2013 Revista de ocio, turismo y estilo de vida","og:type":"article","og:title":"El juicio por irregularidades en contrataciones en Fitur se retoma este jueves hasta v\u00edsperas de Navidad | El Digital de Asturias","og:description":"El juicio por la pieza 3 del caso G\u00fcrtel en la Comunidad Valenciana, relativa a presuntas irregularidades en contrataciones de la feria Fitur entre los a\u00f1os 2005 y 2009, se retoma este jueves con dos jornadas dedicadas a cuestiones previas, y se prolongar\u00e1 hasta diciembre, mes en el que est\u00e1 previsto que las partes expongan","og:url":"https:\/\/eldigitaldeasturias.com\/magazine365\/el-juicio-por-irregularidades-en-contrataciones-en-fitur-se-retoma-este-jueves-hasta-visperas-de-navidad\/","og:image":"https:\/\/eldigitaldeasturias.com\/magazine365\/wp-content\/uploads\/2015\/06\/fotonoticia_20150611102434_800.jpg","og:image:secure_url":"https:\/\/eldigitaldeasturias.com\/magazine365\/wp-content\/uploads\/2015\/06\/fotonoticia_20150611102434_800.jpg","og:image:width":800,"og:image:height":534,"article:published_time":"2015-06-11T15:45:32+00:00","article:modified_time":"2015-06-11T15:45:32+00:00","twitter:card":"summary_large_image","twitter:title":"El juicio por irregularidades en contrataciones en Fitur se retoma este jueves hasta v\u00edsperas de Navidad | El Digital de Asturias","twitter:description":"El juicio por la pieza 3 del caso G\u00fcrtel en la Comunidad Valenciana, relativa a presuntas irregularidades en contrataciones de la feria Fitur entre los a\u00f1os 2005 y 2009, se retoma este jueves con dos jornadas dedicadas a cuestiones previas, y se prolongar\u00e1 hasta diciembre, mes en el que est\u00e1 previsto que las partes expongan","twitter:image":"https:\/\/eldigitaldeasturias.com\/magazine365\/wp-content\/uploads\/2015\/06\/fotonoticia_20150611102434_800.jpg"},"aioseo_meta_data":{"post_id":"39568","title":null,"description":null,"keywords":null,"keyphrases":null,"primary_term":null,"canonical_url":null,"og_title":null,"og_description":null,"og_object_type":"default","og_image_type":"default","og_image_url":null,"og_image_width":null,"og_image_height":null,"og_image_custom_url":null,"og_image_custom_fields":null,"og_video":null,"og_custom_url":null,"og_article_section":null,"og_article_tags":null,"twitter_use_og":false,"twitter_card":"default","twitter_image_type":"default","twitter_image_url":null,"twitter_image_custom_url":null,"twitter_image_custom_fields":null,"twitter_title":null,"twitter_description":null,"schema":{"blockGraphs":[],"customGraphs":[],"default":{"data":{"Article":[],"Course":[],"Dataset":[],"FAQPage":[],"Movie":[],"Person":[],"Product":[],"ProductReview":[],"Car":[],"Recipe":[],"Service":[],"SoftwareApplication":[],"WebPage":[]},"graphName":"","isEnabled":true},"graphs":[],"defaultGraph":"","defaultPostTypeGraph":""},"schema_type":null,"schema_type_options":null,"pillar_content":false,"robots_default":true,"robots_noindex":false,"robots_noarchive":false,"robots_nosnippet":false,"robots_nofollow":false,"robots_noimageindex":false,"robots_noodp":false,"robots_notranslate":false,"robots_max_snippet":null,"robots_max_videopreview":null,"robots_max_imagepreview":"large","priority":null,"frequency":null,"location":null,"local_seo":null,"seo_analyzer_scan_date":"2025-09-19 11:54:56","breadcrumb_settings":null,"limit_modified_date":false,"open_ai":null,"ai":null,"created":"2021-03-09 02:39:55","updated":"2025-09-19 11:54:56"},"aioseo_breadcrumb":"<div class=\"aioseo-breadcrumbs\"><span class=\"aioseo-breadcrumb\">\n\t<a href=\"https:\/\/eldigitaldeasturias.com\/magazine365\" title=\"Home\">Home<\/a>\n<\/span><span class=\"aioseo-breadcrumb-separator\">\u2013<\/span><span class=\"aioseo-breadcrumb\">\n\t<a href=\"https:\/\/eldigitaldeasturias.com\/magazine365\/category\/actualidad-turismo\/\" title=\"Actualidad Turismo\">Actualidad Turismo<\/a>\n<\/span><span class=\"aioseo-breadcrumb-separator\">\u2013<\/span><span class=\"aioseo-breadcrumb\">\n\t<a href=\"https:\/\/eldigitaldeasturias.com\/magazine365\/el-juicio-por-irregularidades-en-contrataciones-en-fitur-se-retoma-este-jueves-hasta-visperas-de-navidad\/\" title=\"El juicio por irregularidades en contrataciones en Fitur se retoma este jueves hasta v\u00edsperas de Navidad\">El juicio por irregularidades en contrataciones en Fitur se retoma este jueves hasta v\u00edsperas de Navidad<\/a>\n<\/span><\/div>","aioseo_breadcrumb_json":[{"label":"Home","link":"https:\/\/eldigitaldeasturias.com\/magazine365"},{"label":"Actualidad Turismo","link":"https:\/\/eldigitaldeasturias.com\/magazine365\/category\/actualidad-turismo\/"},{"label":"El juicio por irregularidades en contrataciones en Fitur se retoma este jueves hasta v\u00edsperas de Navidad","link":"https:\/\/eldigitaldeasturias.com\/magazine365\/el-juicio-por-irregularidades-en-contrataciones-en-fitur-se-retoma-este-jueves-hasta-visperas-de-navidad\/"}],"_links":{"self":[{"href":"https:\/\/eldigitaldeasturias.com\/magazine365\/wp-json\/wp\/v2\/posts\/39568","targetHints":{"allow":["GET"]}}],"collection":[{"href":"https:\/\/eldigitaldeasturias.com\/magazine365\/wp-json\/wp\/v2\/posts"}],"about":[{"href":"https:\/\/eldigitaldeasturias.com\/magazine365\/wp-json\/wp\/v2\/types\/post"}],"author":[{"embeddable":true,"href":"https:\/\/eldigitaldeasturias.com\/magazine365\/wp-json\/wp\/v2\/users\/1"}],"replies":[{"embeddable":true,"href":"https:\/\/eldigitaldeasturias.com\/magazine365\/wp-json\/wp\/v2\/comments?post=39568"}],"version-history":[{"count":0,"href":"https:\/\/eldigitaldeasturias.com\/magazine365\/wp-json\/wp\/v2\/posts\/39568\/revisions"}],"wp:featuredmedia":[{"embeddable":true,"href":"https:\/\/eldigitaldeasturias.com\/magazine365\/wp-json\/wp\/v2\/media\/39569"}],"wp:attachment":[{"href":"https:\/\/eldigitaldeasturias.com\/magazine365\/wp-json\/wp\/v2\/media?parent=39568"}],"wp:term":[{"taxonomy":"category","embeddable":true,"href":"https:\/\/eldigitaldeasturias.com\/magazine365\/wp-json\/wp\/v2\/categories?post=39568"},{"taxonomy":"post_tag","embeddable":true,"href":"https:\/\/eldigitaldeasturias.com\/magazine365\/wp-json\/wp\/v2\/tags?post=39568"}],"curies":[{"name":"wp","href":"https:\/\/api.w.org\/{rel}","templated":true}]}}