{"id":39556,"date":"2015-06-11T17:04:28","date_gmt":"2015-06-11T15:34:28","guid":{"rendered":"http:\/\/eldigitaldeasturias.com\/magazine365\/?p=39556"},"modified":"2015-06-11T17:04:28","modified_gmt":"2015-06-11T15:34:28","slug":"el-consell-de-menorca-publica-un-video-para-promocionar-su-oferta-de-turismo-activo","status":"publish","type":"post","link":"https:\/\/eldigitaldeasturias.com\/magazine365\/el-consell-de-menorca-publica-un-video-para-promocionar-su-oferta-de-turismo-activo\/","title":{"rendered":"El Consell de Menorca publica un v\u00eddeo para promocionar su oferta de turismo activo"},"content":{"rendered":"<p><img fetchpriority=\"high\" decoding=\"async\" class=\"alignleft size-medium wp-image-39557\" src=\"https:\/\/eldigitaldeasturias.com\/magazine365\/wp-content\/uploads\/2015\/06\/fotonoticia_20150611092934_800-305x300.jpg\" alt=\"fotonoticia_20150611092934_800\" width=\"305\" height=\"300\" srcset=\"https:\/\/eldigitaldeasturias.com\/magazine365\/wp-content\/uploads\/2015\/06\/fotonoticia_20150611092934_800-305x300.jpg 305w, https:\/\/eldigitaldeasturias.com\/magazine365\/wp-content\/uploads\/2015\/06\/fotonoticia_20150611092934_800-650x640.jpg 650w, https:\/\/eldigitaldeasturias.com\/magazine365\/wp-content\/uploads\/2015\/06\/fotonoticia_20150611092934_800-768x755.jpg 768w, https:\/\/eldigitaldeasturias.com\/magazine365\/wp-content\/uploads\/2015\/06\/fotonoticia_20150611092934_800-150x147.jpg 150w, https:\/\/eldigitaldeasturias.com\/magazine365\/wp-content\/uploads\/2015\/06\/fotonoticia_20150611092934_800-450x442.jpg 450w, https:\/\/eldigitaldeasturias.com\/magazine365\/wp-content\/uploads\/2015\/06\/fotonoticia_20150611092934_800-696x684.jpg 696w, https:\/\/eldigitaldeasturias.com\/magazine365\/wp-content\/uploads\/2015\/06\/fotonoticia_20150611092934_800-427x420.jpg 427w, https:\/\/eldigitaldeasturias.com\/magazine365\/wp-content\/uploads\/2015\/06\/fotonoticia_20150611092934_800-50x50.jpg 50w, https:\/\/eldigitaldeasturias.com\/magazine365\/wp-content\/uploads\/2015\/06\/fotonoticia_20150611092934_800.jpg 800w\" sizes=\"(max-width: 305px) 100vw, 305px\" \/>La Conseller\u00eda de Turismo del Consell Insular de Menorca lanz\u00f3 el pasado mi\u00e9rcoles un v\u00eddeo con el objeto de difundir las posibilidades que ofrece Menorca para la pr\u00e1ctica del turismo activo.<\/p>\n<p>El producto audiovisual, elaborado por el programa de Teledeporte Evasion TV, ofrece \u00abim\u00e1genes espectaculares\u00bb de la Isla y sus protagonistas la recorren en bicicleta, a caballo y navegando, y se les ve practicar senderismo, buceo, paddle surf, kayak, windsurf, etc.<\/p>\n<p>A trav\u00e9s de la contrataci\u00f3n de este material, tambi\u00e9n se encarga la emisi\u00f3n de un reportaje de 20 minutos en Teledeporte y en Teledeporte a la carta, adem\u00e1s de estar disponible en el canal de Evasi\u00f3n TV en internet (youtube, redbull.es, marca.com y sport.es), en la web propia de Evasi\u00f3n TV (revistaevasion.com) y en la Revista Evasi\u00f3n.<\/p>\n<p>Seg\u00fan explicaron los responsables del departamento de Turismo de la instituci\u00f3n menorquina, Evasion TV es el \u00fanico programa al aire libre de Teledeporte en la actualidad, un canal visto por una media de 600.000 espectadores mensuales, y actualmente lidera el ranking de los programas m\u00e1s vistos del canal de Televisi\u00f3n Espa\u00f1ola.<\/p>\n<p>En lo que respecta al programa online, este alcanza las 120.000 reproducciones mensuales, a las que hay que sumar las visitas realizadas a trav\u00e9s de otras webs.<\/p>\n<p>Con un 42% de popularidad, Evasi\u00f3n TV duplica cualquier espacio de eventos outdoor emitidos en Teledeporte. Y como canal de Youtube, con m\u00e1s de 1.500 suscriptores, 150 v\u00eddeos colgados y 56.000 reproducciones al mes, Evasi\u00f3n TV se muestra como uno de los canales al aire libre m\u00e1s vistos de Espa\u00f1a.<\/p>\n","protected":false},"excerpt":{"rendered":"<p>La Conseller\u00eda de Turismo del Consell Insular de Menorca lanz\u00f3 el pasado mi\u00e9rcoles un v\u00eddeo con el objeto de difundir las posibilidades que ofrece Menorca para la pr\u00e1ctica del turismo activo. El producto audiovisual, elaborado por el programa de Teledeporte Evasion TV, ofrece \u00abim\u00e1genes espectaculares\u00bb de la Isla y sus protagonistas la recorren en bicicleta,<\/p>\n","protected":false},"author":1,"featured_media":39557,"comment_status":"open","ping_status":"closed","sticky":false,"template":"","format":"standard","meta":{"footnotes":""},"categories":[222],"tags":[],"class_list":{"0":"post-39556","1":"post","2":"type-post","3":"status-publish","4":"format-standard","5":"has-post-thumbnail","7":"category-actualidad-turismo"},"aioseo_notices":[],"aioseo_head":"\n\t\t<!-- All in One SEO Pro 4.9.6.1 - aioseo.com -->\n\t<meta name=\"description\" content=\"La Conseller\u00eda de Turismo del Consell Insular de Menorca lanz\u00f3 el pasado mi\u00e9rcoles un v\u00eddeo con el objeto de difundir las posibilidades que ofrece Menorca para la pr\u00e1ctica del turismo activo. El producto audiovisual, elaborado por el programa de Teledeporte Evasion TV, ofrece &quot;im\u00e1genes espectaculares&quot; de la Isla y sus protagonistas la recorren en bicicleta,\" \/>\n\t<meta name=\"robots\" content=\"max-image-preview:large\" \/>\n\t<meta name=\"author\" content=\"admin\"\/>\n\t<meta name=\"google-site-verification\" content=\"UA-38556648-1\" \/>\n\t<meta name=\"keywords\" content=\"actualidad turismo\" \/>\n\t<link rel=\"canonical\" href=\"https:\/\/eldigitaldeasturias.com\/magazine365\/el-consell-de-menorca-publica-un-video-para-promocionar-su-oferta-de-turismo-activo\/\" \/>\n\t<meta name=\"generator\" content=\"All in One SEO Pro (AIOSEO) 4.9.6.1\" \/>\n\t\t<meta property=\"og:locale\" content=\"es_ES\" \/>\n\t\t<meta property=\"og:site_name\" content=\"El Digital de Asturias \u2013 Revista de ocio, turismo y estilo de vida\" \/>\n\t\t<meta property=\"og:type\" content=\"article\" \/>\n\t\t<meta property=\"og:title\" content=\"El Consell de Menorca publica un v\u00eddeo para promocionar su oferta de turismo activo | El Digital de Asturias\" \/>\n\t\t<meta property=\"og:description\" content=\"La Conseller\u00eda de Turismo del Consell Insular de Menorca lanz\u00f3 el pasado mi\u00e9rcoles un v\u00eddeo con el objeto de difundir las posibilidades que ofrece Menorca para la pr\u00e1ctica del turismo activo. El producto audiovisual, elaborado por el programa de Teledeporte Evasion TV, ofrece &quot;im\u00e1genes espectaculares&quot; de la Isla y sus protagonistas la recorren en bicicleta,\" \/>\n\t\t<meta property=\"og:url\" content=\"https:\/\/eldigitaldeasturias.com\/magazine365\/el-consell-de-menorca-publica-un-video-para-promocionar-su-oferta-de-turismo-activo\/\" \/>\n\t\t<meta property=\"og:image\" content=\"https:\/\/eldigitaldeasturias.com\/magazine365\/wp-content\/uploads\/2015\/06\/fotonoticia_20150611092934_800.jpg\" \/>\n\t\t<meta property=\"og:image:secure_url\" content=\"https:\/\/eldigitaldeasturias.com\/magazine365\/wp-content\/uploads\/2015\/06\/fotonoticia_20150611092934_800.jpg\" \/>\n\t\t<meta property=\"og:image:width\" content=\"800\" \/>\n\t\t<meta property=\"og:image:height\" content=\"786\" \/>\n\t\t<meta property=\"article:published_time\" content=\"2015-06-11T15:34:28+00:00\" \/>\n\t\t<meta property=\"article:modified_time\" content=\"2015-06-11T15:34:28+00:00\" \/>\n\t\t<meta name=\"twitter:card\" content=\"summary_large_image\" \/>\n\t\t<meta name=\"twitter:title\" content=\"El Consell de Menorca publica un v\u00eddeo para promocionar su oferta de turismo activo | El Digital de Asturias\" \/>\n\t\t<meta name=\"twitter:description\" content=\"La Conseller\u00eda de Turismo del Consell Insular de Menorca lanz\u00f3 el pasado mi\u00e9rcoles un v\u00eddeo con el objeto de difundir las posibilidades que ofrece Menorca para la pr\u00e1ctica del turismo activo. El producto audiovisual, elaborado por el programa de Teledeporte Evasion TV, ofrece &quot;im\u00e1genes espectaculares&quot; de la Isla y sus protagonistas la recorren en bicicleta,\" \/>\n\t\t<meta name=\"twitter:image\" content=\"https:\/\/eldigitaldeasturias.com\/magazine365\/wp-content\/uploads\/2015\/06\/fotonoticia_20150611092934_800.jpg\" \/>\n\t\t<script type=\"application\/ld+json\" class=\"aioseo-schema\">\n\t\t\t{\"@context\":\"https:\\\/\\\/schema.org\",\"@graph\":[{\"@type\":\"Article\",\"@id\":\"https:\\\/\\\/eldigitaldeasturias.com\\\/magazine365\\\/el-consell-de-menorca-publica-un-video-para-promocionar-su-oferta-de-turismo-activo\\\/#article\",\"name\":\"El Consell de Menorca publica un v\\u00eddeo para promocionar su oferta de turismo activo | El Digital de Asturias\",\"headline\":\"El Consell de Menorca publica un v\\u00eddeo para promocionar su oferta de turismo activo\",\"author\":{\"@id\":\"https:\\\/\\\/eldigitaldeasturias.com\\\/magazine365\\\/author\\\/admin\\\/#author\"},\"publisher\":{\"@id\":\"https:\\\/\\\/eldigitaldeasturias.com\\\/magazine365\\\/#organization\"},\"image\":{\"@type\":\"ImageObject\",\"url\":\"https:\\\/\\\/eldigitaldeasturias.com\\\/magazine365\\\/wp-content\\\/uploads\\\/2015\\\/06\\\/fotonoticia_20150611092934_800.jpg\",\"width\":800,\"height\":786},\"datePublished\":\"2015-06-11T17:04:28+02:00\",\"dateModified\":\"2015-06-11T17:04:28+02:00\",\"inLanguage\":\"es-ES\",\"mainEntityOfPage\":{\"@id\":\"https:\\\/\\\/eldigitaldeasturias.com\\\/magazine365\\\/el-consell-de-menorca-publica-un-video-para-promocionar-su-oferta-de-turismo-activo\\\/#webpage\"},\"isPartOf\":{\"@id\":\"https:\\\/\\\/eldigitaldeasturias.com\\\/magazine365\\\/el-consell-de-menorca-publica-un-video-para-promocionar-su-oferta-de-turismo-activo\\\/#webpage\"},\"articleSection\":\"Actualidad Turismo\"},{\"@type\":\"BreadcrumbList\",\"@id\":\"https:\\\/\\\/eldigitaldeasturias.com\\\/magazine365\\\/el-consell-de-menorca-publica-un-video-para-promocionar-su-oferta-de-turismo-activo\\\/#breadcrumblist\",\"itemListElement\":[{\"@type\":\"ListItem\",\"@id\":\"https:\\\/\\\/eldigitaldeasturias.com\\\/magazine365#listItem\",\"position\":1,\"name\":\"Home\",\"item\":\"https:\\\/\\\/eldigitaldeasturias.com\\\/magazine365\",\"nextItem\":{\"@type\":\"ListItem\",\"@id\":\"https:\\\/\\\/eldigitaldeasturias.com\\\/magazine365\\\/category\\\/actualidad-turismo\\\/#listItem\",\"name\":\"Actualidad Turismo\"}},{\"@type\":\"ListItem\",\"@id\":\"https:\\\/\\\/eldigitaldeasturias.com\\\/magazine365\\\/category\\\/actualidad-turismo\\\/#listItem\",\"position\":2,\"name\":\"Actualidad Turismo\",\"item\":\"https:\\\/\\\/eldigitaldeasturias.com\\\/magazine365\\\/category\\\/actualidad-turismo\\\/\",\"nextItem\":{\"@type\":\"ListItem\",\"@id\":\"https:\\\/\\\/eldigitaldeasturias.com\\\/magazine365\\\/el-consell-de-menorca-publica-un-video-para-promocionar-su-oferta-de-turismo-activo\\\/#listItem\",\"name\":\"El Consell de Menorca publica un v\\u00eddeo para promocionar su oferta de turismo activo\"},\"previousItem\":{\"@type\":\"ListItem\",\"@id\":\"https:\\\/\\\/eldigitaldeasturias.com\\\/magazine365#listItem\",\"name\":\"Home\"}},{\"@type\":\"ListItem\",\"@id\":\"https:\\\/\\\/eldigitaldeasturias.com\\\/magazine365\\\/el-consell-de-menorca-publica-un-video-para-promocionar-su-oferta-de-turismo-activo\\\/#listItem\",\"position\":3,\"name\":\"El Consell de Menorca publica un v\\u00eddeo para promocionar su oferta de turismo activo\",\"previousItem\":{\"@type\":\"ListItem\",\"@id\":\"https:\\\/\\\/eldigitaldeasturias.com\\\/magazine365\\\/category\\\/actualidad-turismo\\\/#listItem\",\"name\":\"Actualidad Turismo\"}}]},{\"@type\":\"Organization\",\"@id\":\"https:\\\/\\\/eldigitaldeasturias.com\\\/magazine365\\\/#organization\",\"name\":\"El digital de Asturias\",\"description\":\"Revista de ocio, turismo y estilo de vida\",\"url\":\"https:\\\/\\\/eldigitaldeasturias.com\\\/magazine365\\\/\",\"logo\":{\"@type\":\"ImageObject\",\"url\":\"https:\\\/\\\/www.eldigitaldeasturias.com\\\/noticias\\\/wp-content\\\/uploads\\\/2020\\\/12\\\/EDA.jpg\",\"@id\":\"https:\\\/\\\/eldigitaldeasturias.com\\\/magazine365\\\/el-consell-de-menorca-publica-un-video-para-promocionar-su-oferta-de-turismo-activo\\\/#organizationLogo\"},\"image\":{\"@id\":\"https:\\\/\\\/eldigitaldeasturias.com\\\/magazine365\\\/el-consell-de-menorca-publica-un-video-para-promocionar-su-oferta-de-turismo-activo\\\/#organizationLogo\"}},{\"@type\":\"Person\",\"@id\":\"https:\\\/\\\/eldigitaldeasturias.com\\\/magazine365\\\/author\\\/admin\\\/#author\",\"url\":\"https:\\\/\\\/eldigitaldeasturias.com\\\/magazine365\\\/author\\\/admin\\\/\",\"name\":\"admin\",\"image\":{\"@type\":\"ImageObject\",\"@id\":\"https:\\\/\\\/eldigitaldeasturias.com\\\/magazine365\\\/el-consell-de-menorca-publica-un-video-para-promocionar-su-oferta-de-turismo-activo\\\/#authorImage\",\"url\":\"https:\\\/\\\/eldigitaldeasturias.com\\\/magazine365\\\/wp-content\\\/litespeed\\\/avatar\\\/e571bcf59a0edd6fa6838245a470f2fe.jpg?ver=1776969259\",\"width\":96,\"height\":96,\"caption\":\"admin\"}},{\"@type\":\"WebPage\",\"@id\":\"https:\\\/\\\/eldigitaldeasturias.com\\\/magazine365\\\/el-consell-de-menorca-publica-un-video-para-promocionar-su-oferta-de-turismo-activo\\\/#webpage\",\"url\":\"https:\\\/\\\/eldigitaldeasturias.com\\\/magazine365\\\/el-consell-de-menorca-publica-un-video-para-promocionar-su-oferta-de-turismo-activo\\\/\",\"name\":\"El Consell de Menorca publica un v\\u00eddeo para promocionar su oferta de turismo activo | El Digital de Asturias\",\"description\":\"La Conseller\\u00eda de Turismo del Consell Insular de Menorca lanz\\u00f3 el pasado mi\\u00e9rcoles un v\\u00eddeo con el objeto de difundir las posibilidades que ofrece Menorca para la pr\\u00e1ctica del turismo activo. El producto audiovisual, elaborado por el programa de Teledeporte Evasion TV, ofrece \\\"im\\u00e1genes espectaculares\\\" de la Isla y sus protagonistas la recorren en bicicleta,\",\"inLanguage\":\"es-ES\",\"isPartOf\":{\"@id\":\"https:\\\/\\\/eldigitaldeasturias.com\\\/magazine365\\\/#website\"},\"breadcrumb\":{\"@id\":\"https:\\\/\\\/eldigitaldeasturias.com\\\/magazine365\\\/el-consell-de-menorca-publica-un-video-para-promocionar-su-oferta-de-turismo-activo\\\/#breadcrumblist\"},\"author\":{\"@id\":\"https:\\\/\\\/eldigitaldeasturias.com\\\/magazine365\\\/author\\\/admin\\\/#author\"},\"creator\":{\"@id\":\"https:\\\/\\\/eldigitaldeasturias.com\\\/magazine365\\\/author\\\/admin\\\/#author\"},\"image\":{\"@type\":\"ImageObject\",\"url\":\"https:\\\/\\\/eldigitaldeasturias.com\\\/magazine365\\\/wp-content\\\/uploads\\\/2015\\\/06\\\/fotonoticia_20150611092934_800.jpg\",\"@id\":\"https:\\\/\\\/eldigitaldeasturias.com\\\/magazine365\\\/el-consell-de-menorca-publica-un-video-para-promocionar-su-oferta-de-turismo-activo\\\/#mainImage\",\"width\":800,\"height\":786},\"primaryImageOfPage\":{\"@id\":\"https:\\\/\\\/eldigitaldeasturias.com\\\/magazine365\\\/el-consell-de-menorca-publica-un-video-para-promocionar-su-oferta-de-turismo-activo\\\/#mainImage\"},\"datePublished\":\"2015-06-11T17:04:28+02:00\",\"dateModified\":\"2015-06-11T17:04:28+02:00\"},{\"@type\":\"WebSite\",\"@id\":\"https:\\\/\\\/eldigitaldeasturias.com\\\/magazine365\\\/#website\",\"url\":\"https:\\\/\\\/eldigitaldeasturias.com\\\/magazine365\\\/\",\"name\":\"El Digital de Asturias\",\"description\":\"Revista de ocio, turismo y estilo de vida\",\"inLanguage\":\"es-ES\",\"publisher\":{\"@id\":\"https:\\\/\\\/eldigitaldeasturias.com\\\/magazine365\\\/#organization\"}}]}\n\t\t<\/script>\n\t\t<!-- All in One SEO Pro -->\r\n\t\t<title>El Consell de Menorca publica un v\u00eddeo para promocionar su oferta de turismo activo | El Digital de Asturias<\/title>\n\n","aioseo_head_json":{"title":"El Consell de Menorca publica un v\u00eddeo para promocionar su oferta de turismo activo | El Digital de Asturias","description":"La Conseller\u00eda de Turismo del Consell Insular de Menorca lanz\u00f3 el pasado mi\u00e9rcoles un v\u00eddeo con el objeto de difundir las posibilidades que ofrece Menorca para la pr\u00e1ctica del turismo activo. El producto audiovisual, elaborado por el programa de Teledeporte Evasion TV, ofrece \"im\u00e1genes espectaculares\" de la Isla y sus protagonistas la recorren en bicicleta,","canonical_url":"https:\/\/eldigitaldeasturias.com\/magazine365\/el-consell-de-menorca-publica-un-video-para-promocionar-su-oferta-de-turismo-activo\/","robots":"max-image-preview:large","keywords":"actualidad turismo","webmasterTools":{"google-site-verification":"UA-38556648-1","miscellaneous":""},"schema":{"@context":"https:\/\/schema.org","@graph":[{"@type":"Article","@id":"https:\/\/eldigitaldeasturias.com\/magazine365\/el-consell-de-menorca-publica-un-video-para-promocionar-su-oferta-de-turismo-activo\/#article","name":"El Consell de Menorca publica un v\u00eddeo para promocionar su oferta de turismo activo | El Digital de Asturias","headline":"El Consell de Menorca publica un v\u00eddeo para promocionar su oferta de turismo activo","author":{"@id":"https:\/\/eldigitaldeasturias.com\/magazine365\/author\/admin\/#author"},"publisher":{"@id":"https:\/\/eldigitaldeasturias.com\/magazine365\/#organization"},"image":{"@type":"ImageObject","url":"https:\/\/eldigitaldeasturias.com\/magazine365\/wp-content\/uploads\/2015\/06\/fotonoticia_20150611092934_800.jpg","width":800,"height":786},"datePublished":"2015-06-11T17:04:28+02:00","dateModified":"2015-06-11T17:04:28+02:00","inLanguage":"es-ES","mainEntityOfPage":{"@id":"https:\/\/eldigitaldeasturias.com\/magazine365\/el-consell-de-menorca-publica-un-video-para-promocionar-su-oferta-de-turismo-activo\/#webpage"},"isPartOf":{"@id":"https:\/\/eldigitaldeasturias.com\/magazine365\/el-consell-de-menorca-publica-un-video-para-promocionar-su-oferta-de-turismo-activo\/#webpage"},"articleSection":"Actualidad Turismo"},{"@type":"BreadcrumbList","@id":"https:\/\/eldigitaldeasturias.com\/magazine365\/el-consell-de-menorca-publica-un-video-para-promocionar-su-oferta-de-turismo-activo\/#breadcrumblist","itemListElement":[{"@type":"ListItem","@id":"https:\/\/eldigitaldeasturias.com\/magazine365#listItem","position":1,"name":"Home","item":"https:\/\/eldigitaldeasturias.com\/magazine365","nextItem":{"@type":"ListItem","@id":"https:\/\/eldigitaldeasturias.com\/magazine365\/category\/actualidad-turismo\/#listItem","name":"Actualidad Turismo"}},{"@type":"ListItem","@id":"https:\/\/eldigitaldeasturias.com\/magazine365\/category\/actualidad-turismo\/#listItem","position":2,"name":"Actualidad Turismo","item":"https:\/\/eldigitaldeasturias.com\/magazine365\/category\/actualidad-turismo\/","nextItem":{"@type":"ListItem","@id":"https:\/\/eldigitaldeasturias.com\/magazine365\/el-consell-de-menorca-publica-un-video-para-promocionar-su-oferta-de-turismo-activo\/#listItem","name":"El Consell de Menorca publica un v\u00eddeo para promocionar su oferta de turismo activo"},"previousItem":{"@type":"ListItem","@id":"https:\/\/eldigitaldeasturias.com\/magazine365#listItem","name":"Home"}},{"@type":"ListItem","@id":"https:\/\/eldigitaldeasturias.com\/magazine365\/el-consell-de-menorca-publica-un-video-para-promocionar-su-oferta-de-turismo-activo\/#listItem","position":3,"name":"El Consell de Menorca publica un v\u00eddeo para promocionar su oferta de turismo activo","previousItem":{"@type":"ListItem","@id":"https:\/\/eldigitaldeasturias.com\/magazine365\/category\/actualidad-turismo\/#listItem","name":"Actualidad Turismo"}}]},{"@type":"Organization","@id":"https:\/\/eldigitaldeasturias.com\/magazine365\/#organization","name":"El digital de Asturias","description":"Revista de ocio, turismo y estilo de vida","url":"https:\/\/eldigitaldeasturias.com\/magazine365\/","logo":{"@type":"ImageObject","url":"https:\/\/www.eldigitaldeasturias.com\/noticias\/wp-content\/uploads\/2020\/12\/EDA.jpg","@id":"https:\/\/eldigitaldeasturias.com\/magazine365\/el-consell-de-menorca-publica-un-video-para-promocionar-su-oferta-de-turismo-activo\/#organizationLogo"},"image":{"@id":"https:\/\/eldigitaldeasturias.com\/magazine365\/el-consell-de-menorca-publica-un-video-para-promocionar-su-oferta-de-turismo-activo\/#organizationLogo"}},{"@type":"Person","@id":"https:\/\/eldigitaldeasturias.com\/magazine365\/author\/admin\/#author","url":"https:\/\/eldigitaldeasturias.com\/magazine365\/author\/admin\/","name":"admin","image":{"@type":"ImageObject","@id":"https:\/\/eldigitaldeasturias.com\/magazine365\/el-consell-de-menorca-publica-un-video-para-promocionar-su-oferta-de-turismo-activo\/#authorImage","url":"https:\/\/eldigitaldeasturias.com\/magazine365\/wp-content\/litespeed\/avatar\/e571bcf59a0edd6fa6838245a470f2fe.jpg?ver=1776969259","width":96,"height":96,"caption":"admin"}},{"@type":"WebPage","@id":"https:\/\/eldigitaldeasturias.com\/magazine365\/el-consell-de-menorca-publica-un-video-para-promocionar-su-oferta-de-turismo-activo\/#webpage","url":"https:\/\/eldigitaldeasturias.com\/magazine365\/el-consell-de-menorca-publica-un-video-para-promocionar-su-oferta-de-turismo-activo\/","name":"El Consell de Menorca publica un v\u00eddeo para promocionar su oferta de turismo activo | El Digital de Asturias","description":"La Conseller\u00eda de Turismo del Consell Insular de Menorca lanz\u00f3 el pasado mi\u00e9rcoles un v\u00eddeo con el objeto de difundir las posibilidades que ofrece Menorca para la pr\u00e1ctica del turismo activo. El producto audiovisual, elaborado por el programa de Teledeporte Evasion TV, ofrece \"im\u00e1genes espectaculares\" de la Isla y sus protagonistas la recorren en bicicleta,","inLanguage":"es-ES","isPartOf":{"@id":"https:\/\/eldigitaldeasturias.com\/magazine365\/#website"},"breadcrumb":{"@id":"https:\/\/eldigitaldeasturias.com\/magazine365\/el-consell-de-menorca-publica-un-video-para-promocionar-su-oferta-de-turismo-activo\/#breadcrumblist"},"author":{"@id":"https:\/\/eldigitaldeasturias.com\/magazine365\/author\/admin\/#author"},"creator":{"@id":"https:\/\/eldigitaldeasturias.com\/magazine365\/author\/admin\/#author"},"image":{"@type":"ImageObject","url":"https:\/\/eldigitaldeasturias.com\/magazine365\/wp-content\/uploads\/2015\/06\/fotonoticia_20150611092934_800.jpg","@id":"https:\/\/eldigitaldeasturias.com\/magazine365\/el-consell-de-menorca-publica-un-video-para-promocionar-su-oferta-de-turismo-activo\/#mainImage","width":800,"height":786},"primaryImageOfPage":{"@id":"https:\/\/eldigitaldeasturias.com\/magazine365\/el-consell-de-menorca-publica-un-video-para-promocionar-su-oferta-de-turismo-activo\/#mainImage"},"datePublished":"2015-06-11T17:04:28+02:00","dateModified":"2015-06-11T17:04:28+02:00"},{"@type":"WebSite","@id":"https:\/\/eldigitaldeasturias.com\/magazine365\/#website","url":"https:\/\/eldigitaldeasturias.com\/magazine365\/","name":"El Digital de Asturias","description":"Revista de ocio, turismo y estilo de vida","inLanguage":"es-ES","publisher":{"@id":"https:\/\/eldigitaldeasturias.com\/magazine365\/#organization"}}]},"og:locale":"es_ES","og:site_name":"El Digital de Asturias \u2013 Revista de ocio, turismo y estilo de vida","og:type":"article","og:title":"El Consell de Menorca publica un v\u00eddeo para promocionar su oferta de turismo activo | El Digital de Asturias","og:description":"La Conseller\u00eda de Turismo del Consell Insular de Menorca lanz\u00f3 el pasado mi\u00e9rcoles un v\u00eddeo con el objeto de difundir las posibilidades que ofrece Menorca para la pr\u00e1ctica del turismo activo. El producto audiovisual, elaborado por el programa de Teledeporte Evasion TV, ofrece &quot;im\u00e1genes espectaculares&quot; de la Isla y sus protagonistas la recorren en bicicleta,","og:url":"https:\/\/eldigitaldeasturias.com\/magazine365\/el-consell-de-menorca-publica-un-video-para-promocionar-su-oferta-de-turismo-activo\/","og:image":"https:\/\/eldigitaldeasturias.com\/magazine365\/wp-content\/uploads\/2015\/06\/fotonoticia_20150611092934_800.jpg","og:image:secure_url":"https:\/\/eldigitaldeasturias.com\/magazine365\/wp-content\/uploads\/2015\/06\/fotonoticia_20150611092934_800.jpg","og:image:width":800,"og:image:height":786,"article:published_time":"2015-06-11T15:34:28+00:00","article:modified_time":"2015-06-11T15:34:28+00:00","twitter:card":"summary_large_image","twitter:title":"El Consell de Menorca publica un v\u00eddeo para promocionar su oferta de turismo activo | El Digital de Asturias","twitter:description":"La Conseller\u00eda de Turismo del Consell Insular de Menorca lanz\u00f3 el pasado mi\u00e9rcoles un v\u00eddeo con el objeto de difundir las posibilidades que ofrece Menorca para la pr\u00e1ctica del turismo activo. El producto audiovisual, elaborado por el programa de Teledeporte Evasion TV, ofrece &quot;im\u00e1genes espectaculares&quot; de la Isla y sus protagonistas la recorren en bicicleta,","twitter:image":"https:\/\/eldigitaldeasturias.com\/magazine365\/wp-content\/uploads\/2015\/06\/fotonoticia_20150611092934_800.jpg"},"aioseo_meta_data":{"post_id":"39556","title":null,"description":null,"keywords":null,"keyphrases":null,"primary_term":null,"canonical_url":null,"og_title":null,"og_description":null,"og_object_type":"default","og_image_type":"default","og_image_url":null,"og_image_width":null,"og_image_height":null,"og_image_custom_url":null,"og_image_custom_fields":null,"og_video":null,"og_custom_url":null,"og_article_section":null,"og_article_tags":null,"twitter_use_og":false,"twitter_card":"default","twitter_image_type":"default","twitter_image_url":null,"twitter_image_custom_url":null,"twitter_image_custom_fields":null,"twitter_title":null,"twitter_description":null,"schema":{"blockGraphs":[],"customGraphs":[],"default":{"data":{"Article":[],"Course":[],"Dataset":[],"FAQPage":[],"Movie":[],"Person":[],"Product":[],"ProductReview":[],"Car":[],"Recipe":[],"Service":[],"SoftwareApplication":[],"WebPage":[]},"graphName":"","isEnabled":true},"graphs":[],"defaultGraph":"","defaultPostTypeGraph":""},"schema_type":null,"schema_type_options":null,"pillar_content":false,"robots_default":true,"robots_noindex":false,"robots_noarchive":false,"robots_nosnippet":false,"robots_nofollow":false,"robots_noimageindex":false,"robots_noodp":false,"robots_notranslate":false,"robots_max_snippet":null,"robots_max_videopreview":null,"robots_max_imagepreview":"large","priority":null,"frequency":null,"location":null,"local_seo":null,"seo_analyzer_scan_date":"2025-09-19 11:52:23","breadcrumb_settings":null,"limit_modified_date":false,"open_ai":null,"ai":null,"created":"2021-03-09 02:39:55","updated":"2025-09-19 11:52:23"},"aioseo_breadcrumb":"<div class=\"aioseo-breadcrumbs\"><span class=\"aioseo-breadcrumb\">\n\t<a href=\"https:\/\/eldigitaldeasturias.com\/magazine365\" title=\"Home\">Home<\/a>\n<\/span><span class=\"aioseo-breadcrumb-separator\">\u2013<\/span><span class=\"aioseo-breadcrumb\">\n\t<a href=\"https:\/\/eldigitaldeasturias.com\/magazine365\/category\/actualidad-turismo\/\" title=\"Actualidad Turismo\">Actualidad Turismo<\/a>\n<\/span><span class=\"aioseo-breadcrumb-separator\">\u2013<\/span><span class=\"aioseo-breadcrumb\">\n\t<a href=\"https:\/\/eldigitaldeasturias.com\/magazine365\/el-consell-de-menorca-publica-un-video-para-promocionar-su-oferta-de-turismo-activo\/\" title=\"El Consell de Menorca publica un v\u00eddeo para promocionar su oferta de turismo activo\">El Consell de Menorca publica un v\u00eddeo para promocionar su oferta de turismo activo<\/a>\n<\/span><\/div>","aioseo_breadcrumb_json":[{"label":"Home","link":"https:\/\/eldigitaldeasturias.com\/magazine365"},{"label":"Actualidad Turismo","link":"https:\/\/eldigitaldeasturias.com\/magazine365\/category\/actualidad-turismo\/"},{"label":"El Consell de Menorca publica un v\u00eddeo para promocionar su oferta de turismo activo","link":"https:\/\/eldigitaldeasturias.com\/magazine365\/el-consell-de-menorca-publica-un-video-para-promocionar-su-oferta-de-turismo-activo\/"}],"_links":{"self":[{"href":"https:\/\/eldigitaldeasturias.com\/magazine365\/wp-json\/wp\/v2\/posts\/39556","targetHints":{"allow":["GET"]}}],"collection":[{"href":"https:\/\/eldigitaldeasturias.com\/magazine365\/wp-json\/wp\/v2\/posts"}],"about":[{"href":"https:\/\/eldigitaldeasturias.com\/magazine365\/wp-json\/wp\/v2\/types\/post"}],"author":[{"embeddable":true,"href":"https:\/\/eldigitaldeasturias.com\/magazine365\/wp-json\/wp\/v2\/users\/1"}],"replies":[{"embeddable":true,"href":"https:\/\/eldigitaldeasturias.com\/magazine365\/wp-json\/wp\/v2\/comments?post=39556"}],"version-history":[{"count":0,"href":"https:\/\/eldigitaldeasturias.com\/magazine365\/wp-json\/wp\/v2\/posts\/39556\/revisions"}],"wp:featuredmedia":[{"embeddable":true,"href":"https:\/\/eldigitaldeasturias.com\/magazine365\/wp-json\/wp\/v2\/media\/39557"}],"wp:attachment":[{"href":"https:\/\/eldigitaldeasturias.com\/magazine365\/wp-json\/wp\/v2\/media?parent=39556"}],"wp:term":[{"taxonomy":"category","embeddable":true,"href":"https:\/\/eldigitaldeasturias.com\/magazine365\/wp-json\/wp\/v2\/categories?post=39556"},{"taxonomy":"post_tag","embeddable":true,"href":"https:\/\/eldigitaldeasturias.com\/magazine365\/wp-json\/wp\/v2\/tags?post=39556"}],"curies":[{"name":"wp","href":"https:\/\/api.w.org\/{rel}","templated":true}]}}