{"id":39547,"date":"2015-06-11T06:48:42","date_gmt":"2015-06-11T05:18:42","guid":{"rendered":"http:\/\/eldigitaldeasturias.com\/magazine365\/?p=39547"},"modified":"2015-06-11T06:48:42","modified_gmt":"2015-06-11T05:18:42","slug":"cht-y-patrimonium-adquieren-el-hotel-barcelones-el-montanya","status":"publish","type":"post","link":"https:\/\/eldigitaldeasturias.com\/magazine365\/cht-y-patrimonium-adquieren-el-hotel-barcelones-el-montanya\/","title":{"rendered":"CHT y Patrimonium adquieren el hotel barcelon\u00e9s &#8216;El Montany\u00e0&#8217;"},"content":{"rendered":"<p><img fetchpriority=\"high\" decoding=\"async\" class=\"alignleft size-medium wp-image-39548\" src=\"https:\/\/eldigitaldeasturias.com\/magazine365\/wp-content\/uploads\/2015\/06\/fotonoticia_20150610202747_800-360x183.jpg\" alt=\"fotonoticia_20150610202747_800\" width=\"360\" height=\"183\" srcset=\"https:\/\/eldigitaldeasturias.com\/magazine365\/wp-content\/uploads\/2015\/06\/fotonoticia_20150610202747_800-360x183.jpg 360w, https:\/\/eldigitaldeasturias.com\/magazine365\/wp-content\/uploads\/2015\/06\/fotonoticia_20150610202747_800-650x330.jpg 650w, https:\/\/eldigitaldeasturias.com\/magazine365\/wp-content\/uploads\/2015\/06\/fotonoticia_20150610202747_800-768x390.jpg 768w, https:\/\/eldigitaldeasturias.com\/magazine365\/wp-content\/uploads\/2015\/06\/fotonoticia_20150610202747_800-150x76.jpg 150w, https:\/\/eldigitaldeasturias.com\/magazine365\/wp-content\/uploads\/2015\/06\/fotonoticia_20150610202747_800-450x228.jpg 450w, https:\/\/eldigitaldeasturias.com\/magazine365\/wp-content\/uploads\/2015\/06\/fotonoticia_20150610202747_800-696x353.jpg 696w, https:\/\/eldigitaldeasturias.com\/magazine365\/wp-content\/uploads\/2015\/06\/fotonoticia_20150610202747_800-304x154.jpg 304w, https:\/\/eldigitaldeasturias.com\/magazine365\/wp-content\/uploads\/2015\/06\/fotonoticia_20150610202747_800.jpg 800w\" sizes=\"(max-width: 360px) 100vw, 360px\" \/>CHT y Patrimonium adquieren el hotel barcelon\u00e9s &#8216;El Montany\u00e0&#8217;, que desde marzo de 2011 gestionaba el grupo Serhs en r\u00e9gimen de arrendamiento, y que fue declarado en situaci\u00f3n concursal en 2014 como consecuencia del deterioro de su situaci\u00f3n patrimonial por el descenso de los ingresos.<\/p>\n<p>La operaci\u00f3n, de la que no se ha desvelado la cuant\u00eda, ha contado con el asesoramiento jur\u00eddico de P\u00e9rez-Llorca y el financiero de Deloitte, y ha sido seg\u00fan el despacho, fruto de una larga negociaci\u00f3n.<\/p>\n<p>Los nuevos propietarios del hotel, de 205 habitaciones y 31 apartamentos, llevar\u00e1n a cabo un ambicioso programa de inversiones para volver a situar al hotel como una referencia en el turismo de convenciones de empresas y deportivo en Catalu\u00f1a.<\/p>\n<p>Con la formalizaci\u00f3n de la operaci\u00f3n, los compradores recuperan la gesti\u00f3n directa del hotel, se incorporan todos los empleados a la empresa propietaria del complejo hotelero, sin perjuicio de que Serhs seguir\u00e1 gestionando el hotel por medio de un nuevo contrato de gesti\u00f3n hotelera.<\/p>\n<p>Al frente del proyecto de &#8216;El Montany\u00e0&#8217; los inversores contar\u00e1n con Juan Palmada, con m\u00e1s de 20 a\u00f1os de experiencia en Estados Unidos y Europa en el sector hotelero.<\/p>\n<p>El hotel se encuentra junto al Parque Natural del Montseny y completa su oferta con un restaurante, un centro de Spa, tres pistas de tenis, dos piscinas, dos campos de futbol, un pabell\u00f3n polideportivo y una h\u00edpica. Adem\u00e1s, se encuentra situado junto al Club de Golf Montany\u00e0.<\/p>\n","protected":false},"excerpt":{"rendered":"<p>CHT y Patrimonium adquieren el hotel barcelon\u00e9s &#8216;El Montany\u00e0&#8217;, que desde marzo de 2011 gestionaba el grupo Serhs en r\u00e9gimen de arrendamiento, y que fue declarado en situaci\u00f3n concursal en 2014 como consecuencia del deterioro de su situaci\u00f3n patrimonial por el descenso de los ingresos. La operaci\u00f3n, de la que no se ha desvelado la<\/p>\n","protected":false},"author":1,"featured_media":39548,"comment_status":"open","ping_status":"closed","sticky":false,"template":"","format":"standard","meta":{"footnotes":""},"categories":[222],"tags":[],"class_list":{"0":"post-39547","1":"post","2":"type-post","3":"status-publish","4":"format-standard","5":"has-post-thumbnail","7":"category-actualidad-turismo"},"aioseo_notices":[],"aioseo_head":"\n\t\t<!-- All in One SEO Pro 4.9.6.1 - aioseo.com -->\n\t<meta name=\"description\" content=\"CHT y Patrimonium adquieren el hotel barcelon\u00e9s &#039;El Montany\u00e0&#039;, que desde marzo de 2011 gestionaba el grupo Serhs en r\u00e9gimen de arrendamiento, y que fue declarado en situaci\u00f3n concursal en 2014 como consecuencia del deterioro de su situaci\u00f3n patrimonial por el descenso de los ingresos. La operaci\u00f3n, de la que no se ha desvelado la\" \/>\n\t<meta name=\"robots\" content=\"max-image-preview:large\" \/>\n\t<meta name=\"author\" content=\"admin\"\/>\n\t<meta name=\"google-site-verification\" content=\"UA-38556648-1\" \/>\n\t<meta name=\"keywords\" content=\"actualidad turismo\" \/>\n\t<link rel=\"canonical\" href=\"https:\/\/eldigitaldeasturias.com\/magazine365\/cht-y-patrimonium-adquieren-el-hotel-barcelones-el-montanya\/\" \/>\n\t<meta name=\"generator\" content=\"All in One SEO Pro (AIOSEO) 4.9.6.1\" \/>\n\t\t<meta property=\"og:locale\" content=\"es_ES\" \/>\n\t\t<meta property=\"og:site_name\" content=\"El Digital de Asturias \u2013 Revista de ocio, turismo y estilo de vida\" \/>\n\t\t<meta property=\"og:type\" content=\"article\" \/>\n\t\t<meta property=\"og:title\" content=\"CHT y Patrimonium adquieren el hotel barcelon\u00e9s \u2018El Montany\u00e0\u2019 | El Digital de Asturias\" \/>\n\t\t<meta property=\"og:description\" content=\"CHT y Patrimonium adquieren el hotel barcelon\u00e9s &#039;El Montany\u00e0&#039;, que desde marzo de 2011 gestionaba el grupo Serhs en r\u00e9gimen de arrendamiento, y que fue declarado en situaci\u00f3n concursal en 2014 como consecuencia del deterioro de su situaci\u00f3n patrimonial por el descenso de los ingresos. La operaci\u00f3n, de la que no se ha desvelado la\" \/>\n\t\t<meta property=\"og:url\" content=\"https:\/\/eldigitaldeasturias.com\/magazine365\/cht-y-patrimonium-adquieren-el-hotel-barcelones-el-montanya\/\" \/>\n\t\t<meta property=\"og:image\" content=\"https:\/\/eldigitaldeasturias.com\/magazine365\/wp-content\/uploads\/2015\/06\/fotonoticia_20150610202747_800.jpg\" \/>\n\t\t<meta property=\"og:image:secure_url\" content=\"https:\/\/eldigitaldeasturias.com\/magazine365\/wp-content\/uploads\/2015\/06\/fotonoticia_20150610202747_800.jpg\" \/>\n\t\t<meta property=\"og:image:width\" content=\"800\" \/>\n\t\t<meta property=\"og:image:height\" content=\"406\" \/>\n\t\t<meta property=\"article:published_time\" content=\"2015-06-11T05:18:42+00:00\" \/>\n\t\t<meta property=\"article:modified_time\" content=\"2015-06-11T05:18:42+00:00\" \/>\n\t\t<meta name=\"twitter:card\" content=\"summary_large_image\" \/>\n\t\t<meta name=\"twitter:title\" content=\"CHT y Patrimonium adquieren el hotel barcelon\u00e9s \u2018El Montany\u00e0\u2019 | El Digital de Asturias\" \/>\n\t\t<meta name=\"twitter:description\" content=\"CHT y Patrimonium adquieren el hotel barcelon\u00e9s &#039;El Montany\u00e0&#039;, que desde marzo de 2011 gestionaba el grupo Serhs en r\u00e9gimen de arrendamiento, y que fue declarado en situaci\u00f3n concursal en 2014 como consecuencia del deterioro de su situaci\u00f3n patrimonial por el descenso de los ingresos. La operaci\u00f3n, de la que no se ha desvelado la\" \/>\n\t\t<meta name=\"twitter:image\" content=\"https:\/\/eldigitaldeasturias.com\/magazine365\/wp-content\/uploads\/2015\/06\/fotonoticia_20150610202747_800.jpg\" \/>\n\t\t<script type=\"application\/ld+json\" class=\"aioseo-schema\">\n\t\t\t{\"@context\":\"https:\\\/\\\/schema.org\",\"@graph\":[{\"@type\":\"Article\",\"@id\":\"https:\\\/\\\/eldigitaldeasturias.com\\\/magazine365\\\/cht-y-patrimonium-adquieren-el-hotel-barcelones-el-montanya\\\/#article\",\"name\":\"CHT y Patrimonium adquieren el hotel barcelon\\u00e9s \\u2018El Montany\\u00e0\\u2019 | El Digital de Asturias\",\"headline\":\"CHT y Patrimonium adquieren el hotel barcelon\\u00e9s &#8216;El Montany\\u00e0&#8217;\",\"author\":{\"@id\":\"https:\\\/\\\/eldigitaldeasturias.com\\\/magazine365\\\/author\\\/admin\\\/#author\"},\"publisher\":{\"@id\":\"https:\\\/\\\/eldigitaldeasturias.com\\\/magazine365\\\/#organization\"},\"image\":{\"@type\":\"ImageObject\",\"url\":\"https:\\\/\\\/eldigitaldeasturias.com\\\/magazine365\\\/wp-content\\\/uploads\\\/2015\\\/06\\\/fotonoticia_20150610202747_800.jpg\",\"width\":800,\"height\":406},\"datePublished\":\"2015-06-11T06:48:42+02:00\",\"dateModified\":\"2015-06-11T06:48:42+02:00\",\"inLanguage\":\"es-ES\",\"mainEntityOfPage\":{\"@id\":\"https:\\\/\\\/eldigitaldeasturias.com\\\/magazine365\\\/cht-y-patrimonium-adquieren-el-hotel-barcelones-el-montanya\\\/#webpage\"},\"isPartOf\":{\"@id\":\"https:\\\/\\\/eldigitaldeasturias.com\\\/magazine365\\\/cht-y-patrimonium-adquieren-el-hotel-barcelones-el-montanya\\\/#webpage\"},\"articleSection\":\"Actualidad Turismo\"},{\"@type\":\"BreadcrumbList\",\"@id\":\"https:\\\/\\\/eldigitaldeasturias.com\\\/magazine365\\\/cht-y-patrimonium-adquieren-el-hotel-barcelones-el-montanya\\\/#breadcrumblist\",\"itemListElement\":[{\"@type\":\"ListItem\",\"@id\":\"https:\\\/\\\/eldigitaldeasturias.com\\\/magazine365#listItem\",\"position\":1,\"name\":\"Home\",\"item\":\"https:\\\/\\\/eldigitaldeasturias.com\\\/magazine365\",\"nextItem\":{\"@type\":\"ListItem\",\"@id\":\"https:\\\/\\\/eldigitaldeasturias.com\\\/magazine365\\\/category\\\/actualidad-turismo\\\/#listItem\",\"name\":\"Actualidad Turismo\"}},{\"@type\":\"ListItem\",\"@id\":\"https:\\\/\\\/eldigitaldeasturias.com\\\/magazine365\\\/category\\\/actualidad-turismo\\\/#listItem\",\"position\":2,\"name\":\"Actualidad Turismo\",\"item\":\"https:\\\/\\\/eldigitaldeasturias.com\\\/magazine365\\\/category\\\/actualidad-turismo\\\/\",\"nextItem\":{\"@type\":\"ListItem\",\"@id\":\"https:\\\/\\\/eldigitaldeasturias.com\\\/magazine365\\\/cht-y-patrimonium-adquieren-el-hotel-barcelones-el-montanya\\\/#listItem\",\"name\":\"CHT y Patrimonium adquieren el hotel barcelon\\u00e9s &#8216;El Montany\\u00e0&#8217;\"},\"previousItem\":{\"@type\":\"ListItem\",\"@id\":\"https:\\\/\\\/eldigitaldeasturias.com\\\/magazine365#listItem\",\"name\":\"Home\"}},{\"@type\":\"ListItem\",\"@id\":\"https:\\\/\\\/eldigitaldeasturias.com\\\/magazine365\\\/cht-y-patrimonium-adquieren-el-hotel-barcelones-el-montanya\\\/#listItem\",\"position\":3,\"name\":\"CHT y Patrimonium adquieren el hotel barcelon\\u00e9s &#8216;El Montany\\u00e0&#8217;\",\"previousItem\":{\"@type\":\"ListItem\",\"@id\":\"https:\\\/\\\/eldigitaldeasturias.com\\\/magazine365\\\/category\\\/actualidad-turismo\\\/#listItem\",\"name\":\"Actualidad Turismo\"}}]},{\"@type\":\"Organization\",\"@id\":\"https:\\\/\\\/eldigitaldeasturias.com\\\/magazine365\\\/#organization\",\"name\":\"El digital de Asturias\",\"description\":\"Revista de ocio, turismo y estilo de vida\",\"url\":\"https:\\\/\\\/eldigitaldeasturias.com\\\/magazine365\\\/\",\"logo\":{\"@type\":\"ImageObject\",\"url\":\"https:\\\/\\\/www.eldigitaldeasturias.com\\\/noticias\\\/wp-content\\\/uploads\\\/2020\\\/12\\\/EDA.jpg\",\"@id\":\"https:\\\/\\\/eldigitaldeasturias.com\\\/magazine365\\\/cht-y-patrimonium-adquieren-el-hotel-barcelones-el-montanya\\\/#organizationLogo\"},\"image\":{\"@id\":\"https:\\\/\\\/eldigitaldeasturias.com\\\/magazine365\\\/cht-y-patrimonium-adquieren-el-hotel-barcelones-el-montanya\\\/#organizationLogo\"}},{\"@type\":\"Person\",\"@id\":\"https:\\\/\\\/eldigitaldeasturias.com\\\/magazine365\\\/author\\\/admin\\\/#author\",\"url\":\"https:\\\/\\\/eldigitaldeasturias.com\\\/magazine365\\\/author\\\/admin\\\/\",\"name\":\"admin\",\"image\":{\"@type\":\"ImageObject\",\"@id\":\"https:\\\/\\\/eldigitaldeasturias.com\\\/magazine365\\\/cht-y-patrimonium-adquieren-el-hotel-barcelones-el-montanya\\\/#authorImage\",\"url\":\"https:\\\/\\\/eldigitaldeasturias.com\\\/magazine365\\\/wp-content\\\/litespeed\\\/avatar\\\/e571bcf59a0edd6fa6838245a470f2fe.jpg?ver=1776969259\",\"width\":96,\"height\":96,\"caption\":\"admin\"}},{\"@type\":\"WebPage\",\"@id\":\"https:\\\/\\\/eldigitaldeasturias.com\\\/magazine365\\\/cht-y-patrimonium-adquieren-el-hotel-barcelones-el-montanya\\\/#webpage\",\"url\":\"https:\\\/\\\/eldigitaldeasturias.com\\\/magazine365\\\/cht-y-patrimonium-adquieren-el-hotel-barcelones-el-montanya\\\/\",\"name\":\"CHT y Patrimonium adquieren el hotel barcelon\\u00e9s \\u2018El Montany\\u00e0\\u2019 | El Digital de Asturias\",\"description\":\"CHT y Patrimonium adquieren el hotel barcelon\\u00e9s 'El Montany\\u00e0', que desde marzo de 2011 gestionaba el grupo Serhs en r\\u00e9gimen de arrendamiento, y que fue declarado en situaci\\u00f3n concursal en 2014 como consecuencia del deterioro de su situaci\\u00f3n patrimonial por el descenso de los ingresos. La operaci\\u00f3n, de la que no se ha desvelado la\",\"inLanguage\":\"es-ES\",\"isPartOf\":{\"@id\":\"https:\\\/\\\/eldigitaldeasturias.com\\\/magazine365\\\/#website\"},\"breadcrumb\":{\"@id\":\"https:\\\/\\\/eldigitaldeasturias.com\\\/magazine365\\\/cht-y-patrimonium-adquieren-el-hotel-barcelones-el-montanya\\\/#breadcrumblist\"},\"author\":{\"@id\":\"https:\\\/\\\/eldigitaldeasturias.com\\\/magazine365\\\/author\\\/admin\\\/#author\"},\"creator\":{\"@id\":\"https:\\\/\\\/eldigitaldeasturias.com\\\/magazine365\\\/author\\\/admin\\\/#author\"},\"image\":{\"@type\":\"ImageObject\",\"url\":\"https:\\\/\\\/eldigitaldeasturias.com\\\/magazine365\\\/wp-content\\\/uploads\\\/2015\\\/06\\\/fotonoticia_20150610202747_800.jpg\",\"@id\":\"https:\\\/\\\/eldigitaldeasturias.com\\\/magazine365\\\/cht-y-patrimonium-adquieren-el-hotel-barcelones-el-montanya\\\/#mainImage\",\"width\":800,\"height\":406},\"primaryImageOfPage\":{\"@id\":\"https:\\\/\\\/eldigitaldeasturias.com\\\/magazine365\\\/cht-y-patrimonium-adquieren-el-hotel-barcelones-el-montanya\\\/#mainImage\"},\"datePublished\":\"2015-06-11T06:48:42+02:00\",\"dateModified\":\"2015-06-11T06:48:42+02:00\"},{\"@type\":\"WebSite\",\"@id\":\"https:\\\/\\\/eldigitaldeasturias.com\\\/magazine365\\\/#website\",\"url\":\"https:\\\/\\\/eldigitaldeasturias.com\\\/magazine365\\\/\",\"name\":\"El Digital de Asturias\",\"description\":\"Revista de ocio, turismo y estilo de vida\",\"inLanguage\":\"es-ES\",\"publisher\":{\"@id\":\"https:\\\/\\\/eldigitaldeasturias.com\\\/magazine365\\\/#organization\"}}]}\n\t\t<\/script>\n\t\t<!-- All in One SEO Pro -->\r\n\t\t<title>CHT y Patrimonium adquieren el hotel barcelon\u00e9s \u2018El Montany\u00e0\u2019 | El Digital de Asturias<\/title>\n\n","aioseo_head_json":{"title":"CHT y Patrimonium adquieren el hotel barcelon\u00e9s \u2018El Montany\u00e0\u2019 | El Digital de Asturias","description":"CHT y Patrimonium adquieren el hotel barcelon\u00e9s 'El Montany\u00e0', que desde marzo de 2011 gestionaba el grupo Serhs en r\u00e9gimen de arrendamiento, y que fue declarado en situaci\u00f3n concursal en 2014 como consecuencia del deterioro de su situaci\u00f3n patrimonial por el descenso de los ingresos. La operaci\u00f3n, de la que no se ha desvelado la","canonical_url":"https:\/\/eldigitaldeasturias.com\/magazine365\/cht-y-patrimonium-adquieren-el-hotel-barcelones-el-montanya\/","robots":"max-image-preview:large","keywords":"actualidad turismo","webmasterTools":{"google-site-verification":"UA-38556648-1","miscellaneous":""},"schema":{"@context":"https:\/\/schema.org","@graph":[{"@type":"Article","@id":"https:\/\/eldigitaldeasturias.com\/magazine365\/cht-y-patrimonium-adquieren-el-hotel-barcelones-el-montanya\/#article","name":"CHT y Patrimonium adquieren el hotel barcelon\u00e9s \u2018El Montany\u00e0\u2019 | El Digital de Asturias","headline":"CHT y Patrimonium adquieren el hotel barcelon\u00e9s &#8216;El Montany\u00e0&#8217;","author":{"@id":"https:\/\/eldigitaldeasturias.com\/magazine365\/author\/admin\/#author"},"publisher":{"@id":"https:\/\/eldigitaldeasturias.com\/magazine365\/#organization"},"image":{"@type":"ImageObject","url":"https:\/\/eldigitaldeasturias.com\/magazine365\/wp-content\/uploads\/2015\/06\/fotonoticia_20150610202747_800.jpg","width":800,"height":406},"datePublished":"2015-06-11T06:48:42+02:00","dateModified":"2015-06-11T06:48:42+02:00","inLanguage":"es-ES","mainEntityOfPage":{"@id":"https:\/\/eldigitaldeasturias.com\/magazine365\/cht-y-patrimonium-adquieren-el-hotel-barcelones-el-montanya\/#webpage"},"isPartOf":{"@id":"https:\/\/eldigitaldeasturias.com\/magazine365\/cht-y-patrimonium-adquieren-el-hotel-barcelones-el-montanya\/#webpage"},"articleSection":"Actualidad Turismo"},{"@type":"BreadcrumbList","@id":"https:\/\/eldigitaldeasturias.com\/magazine365\/cht-y-patrimonium-adquieren-el-hotel-barcelones-el-montanya\/#breadcrumblist","itemListElement":[{"@type":"ListItem","@id":"https:\/\/eldigitaldeasturias.com\/magazine365#listItem","position":1,"name":"Home","item":"https:\/\/eldigitaldeasturias.com\/magazine365","nextItem":{"@type":"ListItem","@id":"https:\/\/eldigitaldeasturias.com\/magazine365\/category\/actualidad-turismo\/#listItem","name":"Actualidad Turismo"}},{"@type":"ListItem","@id":"https:\/\/eldigitaldeasturias.com\/magazine365\/category\/actualidad-turismo\/#listItem","position":2,"name":"Actualidad Turismo","item":"https:\/\/eldigitaldeasturias.com\/magazine365\/category\/actualidad-turismo\/","nextItem":{"@type":"ListItem","@id":"https:\/\/eldigitaldeasturias.com\/magazine365\/cht-y-patrimonium-adquieren-el-hotel-barcelones-el-montanya\/#listItem","name":"CHT y Patrimonium adquieren el hotel barcelon\u00e9s &#8216;El Montany\u00e0&#8217;"},"previousItem":{"@type":"ListItem","@id":"https:\/\/eldigitaldeasturias.com\/magazine365#listItem","name":"Home"}},{"@type":"ListItem","@id":"https:\/\/eldigitaldeasturias.com\/magazine365\/cht-y-patrimonium-adquieren-el-hotel-barcelones-el-montanya\/#listItem","position":3,"name":"CHT y Patrimonium adquieren el hotel barcelon\u00e9s &#8216;El Montany\u00e0&#8217;","previousItem":{"@type":"ListItem","@id":"https:\/\/eldigitaldeasturias.com\/magazine365\/category\/actualidad-turismo\/#listItem","name":"Actualidad Turismo"}}]},{"@type":"Organization","@id":"https:\/\/eldigitaldeasturias.com\/magazine365\/#organization","name":"El digital de Asturias","description":"Revista de ocio, turismo y estilo de vida","url":"https:\/\/eldigitaldeasturias.com\/magazine365\/","logo":{"@type":"ImageObject","url":"https:\/\/www.eldigitaldeasturias.com\/noticias\/wp-content\/uploads\/2020\/12\/EDA.jpg","@id":"https:\/\/eldigitaldeasturias.com\/magazine365\/cht-y-patrimonium-adquieren-el-hotel-barcelones-el-montanya\/#organizationLogo"},"image":{"@id":"https:\/\/eldigitaldeasturias.com\/magazine365\/cht-y-patrimonium-adquieren-el-hotel-barcelones-el-montanya\/#organizationLogo"}},{"@type":"Person","@id":"https:\/\/eldigitaldeasturias.com\/magazine365\/author\/admin\/#author","url":"https:\/\/eldigitaldeasturias.com\/magazine365\/author\/admin\/","name":"admin","image":{"@type":"ImageObject","@id":"https:\/\/eldigitaldeasturias.com\/magazine365\/cht-y-patrimonium-adquieren-el-hotel-barcelones-el-montanya\/#authorImage","url":"https:\/\/eldigitaldeasturias.com\/magazine365\/wp-content\/litespeed\/avatar\/e571bcf59a0edd6fa6838245a470f2fe.jpg?ver=1776969259","width":96,"height":96,"caption":"admin"}},{"@type":"WebPage","@id":"https:\/\/eldigitaldeasturias.com\/magazine365\/cht-y-patrimonium-adquieren-el-hotel-barcelones-el-montanya\/#webpage","url":"https:\/\/eldigitaldeasturias.com\/magazine365\/cht-y-patrimonium-adquieren-el-hotel-barcelones-el-montanya\/","name":"CHT y Patrimonium adquieren el hotel barcelon\u00e9s \u2018El Montany\u00e0\u2019 | El Digital de Asturias","description":"CHT y Patrimonium adquieren el hotel barcelon\u00e9s 'El Montany\u00e0', que desde marzo de 2011 gestionaba el grupo Serhs en r\u00e9gimen de arrendamiento, y que fue declarado en situaci\u00f3n concursal en 2014 como consecuencia del deterioro de su situaci\u00f3n patrimonial por el descenso de los ingresos. La operaci\u00f3n, de la que no se ha desvelado la","inLanguage":"es-ES","isPartOf":{"@id":"https:\/\/eldigitaldeasturias.com\/magazine365\/#website"},"breadcrumb":{"@id":"https:\/\/eldigitaldeasturias.com\/magazine365\/cht-y-patrimonium-adquieren-el-hotel-barcelones-el-montanya\/#breadcrumblist"},"author":{"@id":"https:\/\/eldigitaldeasturias.com\/magazine365\/author\/admin\/#author"},"creator":{"@id":"https:\/\/eldigitaldeasturias.com\/magazine365\/author\/admin\/#author"},"image":{"@type":"ImageObject","url":"https:\/\/eldigitaldeasturias.com\/magazine365\/wp-content\/uploads\/2015\/06\/fotonoticia_20150610202747_800.jpg","@id":"https:\/\/eldigitaldeasturias.com\/magazine365\/cht-y-patrimonium-adquieren-el-hotel-barcelones-el-montanya\/#mainImage","width":800,"height":406},"primaryImageOfPage":{"@id":"https:\/\/eldigitaldeasturias.com\/magazine365\/cht-y-patrimonium-adquieren-el-hotel-barcelones-el-montanya\/#mainImage"},"datePublished":"2015-06-11T06:48:42+02:00","dateModified":"2015-06-11T06:48:42+02:00"},{"@type":"WebSite","@id":"https:\/\/eldigitaldeasturias.com\/magazine365\/#website","url":"https:\/\/eldigitaldeasturias.com\/magazine365\/","name":"El Digital de Asturias","description":"Revista de ocio, turismo y estilo de vida","inLanguage":"es-ES","publisher":{"@id":"https:\/\/eldigitaldeasturias.com\/magazine365\/#organization"}}]},"og:locale":"es_ES","og:site_name":"El Digital de Asturias \u2013 Revista de ocio, turismo y estilo de vida","og:type":"article","og:title":"CHT y Patrimonium adquieren el hotel barcelon\u00e9s \u2018El Montany\u00e0\u2019 | El Digital de Asturias","og:description":"CHT y Patrimonium adquieren el hotel barcelon\u00e9s 'El Montany\u00e0', que desde marzo de 2011 gestionaba el grupo Serhs en r\u00e9gimen de arrendamiento, y que fue declarado en situaci\u00f3n concursal en 2014 como consecuencia del deterioro de su situaci\u00f3n patrimonial por el descenso de los ingresos. La operaci\u00f3n, de la que no se ha desvelado la","og:url":"https:\/\/eldigitaldeasturias.com\/magazine365\/cht-y-patrimonium-adquieren-el-hotel-barcelones-el-montanya\/","og:image":"https:\/\/eldigitaldeasturias.com\/magazine365\/wp-content\/uploads\/2015\/06\/fotonoticia_20150610202747_800.jpg","og:image:secure_url":"https:\/\/eldigitaldeasturias.com\/magazine365\/wp-content\/uploads\/2015\/06\/fotonoticia_20150610202747_800.jpg","og:image:width":800,"og:image:height":406,"article:published_time":"2015-06-11T05:18:42+00:00","article:modified_time":"2015-06-11T05:18:42+00:00","twitter:card":"summary_large_image","twitter:title":"CHT y Patrimonium adquieren el hotel barcelon\u00e9s \u2018El Montany\u00e0\u2019 | El Digital de Asturias","twitter:description":"CHT y Patrimonium adquieren el hotel barcelon\u00e9s 'El Montany\u00e0', que desde marzo de 2011 gestionaba el grupo Serhs en r\u00e9gimen de arrendamiento, y que fue declarado en situaci\u00f3n concursal en 2014 como consecuencia del deterioro de su situaci\u00f3n patrimonial por el descenso de los ingresos. La operaci\u00f3n, de la que no se ha desvelado la","twitter:image":"https:\/\/eldigitaldeasturias.com\/magazine365\/wp-content\/uploads\/2015\/06\/fotonoticia_20150610202747_800.jpg"},"aioseo_meta_data":{"post_id":"39547","title":null,"description":null,"keywords":null,"keyphrases":null,"primary_term":null,"canonical_url":null,"og_title":null,"og_description":null,"og_object_type":"default","og_image_type":"default","og_image_url":null,"og_image_width":null,"og_image_height":null,"og_image_custom_url":null,"og_image_custom_fields":null,"og_video":null,"og_custom_url":null,"og_article_section":null,"og_article_tags":null,"twitter_use_og":false,"twitter_card":"default","twitter_image_type":"default","twitter_image_url":null,"twitter_image_custom_url":null,"twitter_image_custom_fields":null,"twitter_title":null,"twitter_description":null,"schema":{"blockGraphs":[],"customGraphs":[],"default":{"data":{"Article":[],"Course":[],"Dataset":[],"FAQPage":[],"Movie":[],"Person":[],"Product":[],"ProductReview":[],"Car":[],"Recipe":[],"Service":[],"SoftwareApplication":[],"WebPage":[]},"graphName":"","isEnabled":true},"graphs":[],"defaultGraph":"","defaultPostTypeGraph":""},"schema_type":null,"schema_type_options":null,"pillar_content":false,"robots_default":true,"robots_noindex":false,"robots_noarchive":false,"robots_nosnippet":false,"robots_nofollow":false,"robots_noimageindex":false,"robots_noodp":false,"robots_notranslate":false,"robots_max_snippet":null,"robots_max_videopreview":null,"robots_max_imagepreview":"large","priority":null,"frequency":null,"location":null,"local_seo":null,"seo_analyzer_scan_date":"2025-09-19 11:50:58","breadcrumb_settings":null,"limit_modified_date":false,"open_ai":null,"ai":null,"created":"2021-03-09 02:39:55","updated":"2025-09-19 11:50:58"},"aioseo_breadcrumb":"<div class=\"aioseo-breadcrumbs\"><span class=\"aioseo-breadcrumb\">\n\t<a href=\"https:\/\/eldigitaldeasturias.com\/magazine365\" title=\"Home\">Home<\/a>\n<\/span><span class=\"aioseo-breadcrumb-separator\">\u2013<\/span><span class=\"aioseo-breadcrumb\">\n\t<a href=\"https:\/\/eldigitaldeasturias.com\/magazine365\/category\/actualidad-turismo\/\" title=\"Actualidad Turismo\">Actualidad Turismo<\/a>\n<\/span><span class=\"aioseo-breadcrumb-separator\">\u2013<\/span><span class=\"aioseo-breadcrumb\">\n\t<a href=\"https:\/\/eldigitaldeasturias.com\/magazine365\/cht-y-patrimonium-adquieren-el-hotel-barcelones-el-montanya\/\" title=\"CHT y Patrimonium adquieren el hotel barcelon\u00e9s \u2018El Montany\u00e0\u2019\">CHT y Patrimonium adquieren el hotel barcelon\u00e9s \u2018El Montany\u00e0\u2019<\/a>\n<\/span><\/div>","aioseo_breadcrumb_json":[{"label":"Home","link":"https:\/\/eldigitaldeasturias.com\/magazine365"},{"label":"Actualidad Turismo","link":"https:\/\/eldigitaldeasturias.com\/magazine365\/category\/actualidad-turismo\/"},{"label":"CHT y Patrimonium adquieren el hotel barcelon\u00e9s &#8216;El Montany\u00e0&#8217;","link":"https:\/\/eldigitaldeasturias.com\/magazine365\/cht-y-patrimonium-adquieren-el-hotel-barcelones-el-montanya\/"}],"_links":{"self":[{"href":"https:\/\/eldigitaldeasturias.com\/magazine365\/wp-json\/wp\/v2\/posts\/39547","targetHints":{"allow":["GET"]}}],"collection":[{"href":"https:\/\/eldigitaldeasturias.com\/magazine365\/wp-json\/wp\/v2\/posts"}],"about":[{"href":"https:\/\/eldigitaldeasturias.com\/magazine365\/wp-json\/wp\/v2\/types\/post"}],"author":[{"embeddable":true,"href":"https:\/\/eldigitaldeasturias.com\/magazine365\/wp-json\/wp\/v2\/users\/1"}],"replies":[{"embeddable":true,"href":"https:\/\/eldigitaldeasturias.com\/magazine365\/wp-json\/wp\/v2\/comments?post=39547"}],"version-history":[{"count":0,"href":"https:\/\/eldigitaldeasturias.com\/magazine365\/wp-json\/wp\/v2\/posts\/39547\/revisions"}],"wp:featuredmedia":[{"embeddable":true,"href":"https:\/\/eldigitaldeasturias.com\/magazine365\/wp-json\/wp\/v2\/media\/39548"}],"wp:attachment":[{"href":"https:\/\/eldigitaldeasturias.com\/magazine365\/wp-json\/wp\/v2\/media?parent=39547"}],"wp:term":[{"taxonomy":"category","embeddable":true,"href":"https:\/\/eldigitaldeasturias.com\/magazine365\/wp-json\/wp\/v2\/categories?post=39547"},{"taxonomy":"post_tag","embeddable":true,"href":"https:\/\/eldigitaldeasturias.com\/magazine365\/wp-json\/wp\/v2\/tags?post=39547"}],"curies":[{"name":"wp","href":"https:\/\/api.w.org\/{rel}","templated":true}]}}