{"id":39541,"date":"2015-06-11T06:45:50","date_gmt":"2015-06-11T05:15:50","guid":{"rendered":"http:\/\/eldigitaldeasturias.com\/magazine365\/?p=39541"},"modified":"2015-06-11T06:45:50","modified_gmt":"2015-06-11T05:15:50","slug":"el-grupo-lufthansa-transporta-407-millones-de-pasajeros-hasta-mayo","status":"publish","type":"post","link":"https:\/\/eldigitaldeasturias.com\/magazine365\/el-grupo-lufthansa-transporta-407-millones-de-pasajeros-hasta-mayo\/","title":{"rendered":"El grupo Lufthansa transporta 40,7 millones de pasajeros hasta mayo"},"content":{"rendered":"<p><img fetchpriority=\"high\" decoding=\"async\" class=\"alignleft size-medium wp-image-39542\" src=\"https:\/\/eldigitaldeasturias.com\/magazine365\/wp-content\/uploads\/2015\/06\/fotonoticia_20150610192922_800-360x257.jpg\" alt=\"fotonoticia_20150610192922_800\" width=\"360\" height=\"257\" srcset=\"https:\/\/eldigitaldeasturias.com\/magazine365\/wp-content\/uploads\/2015\/06\/fotonoticia_20150610192922_800-360x257.jpg 360w, https:\/\/eldigitaldeasturias.com\/magazine365\/wp-content\/uploads\/2015\/06\/fotonoticia_20150610192922_800-650x465.jpg 650w, https:\/\/eldigitaldeasturias.com\/magazine365\/wp-content\/uploads\/2015\/06\/fotonoticia_20150610192922_800-768x549.jpg 768w, https:\/\/eldigitaldeasturias.com\/magazine365\/wp-content\/uploads\/2015\/06\/fotonoticia_20150610192922_800-150x107.jpg 150w, https:\/\/eldigitaldeasturias.com\/magazine365\/wp-content\/uploads\/2015\/06\/fotonoticia_20150610192922_800-450x322.jpg 450w, https:\/\/eldigitaldeasturias.com\/magazine365\/wp-content\/uploads\/2015\/06\/fotonoticia_20150610192922_800-100x70.jpg 100w, https:\/\/eldigitaldeasturias.com\/magazine365\/wp-content\/uploads\/2015\/06\/fotonoticia_20150610192922_800-696x498.jpg 696w, https:\/\/eldigitaldeasturias.com\/magazine365\/wp-content\/uploads\/2015\/06\/fotonoticia_20150610192922_800-587x420.jpg 587w, https:\/\/eldigitaldeasturias.com\/magazine365\/wp-content\/uploads\/2015\/06\/fotonoticia_20150610192922_800.jpg 800w\" sizes=\"(max-width: 360px) 100vw, 360px\" \/>El grupo a\u00e9reo Lufthansa aument\u00f3 en un 1,9% el n\u00famero de pasajeros transportados en los cinco primeros meses del a\u00f1o, hasta 40,7 millones de viajeros, seg\u00fan datos de la compa\u00f1\u00eda germana, que incluye a Lufthansa, Swiss y Austrian Airlines, compa\u00f1\u00edas que en su conjunto operaron un 0,4% menos de vuelos y obtuvieron un factor de ocupaci\u00f3n del 77,2%, lo que supone 0,1 puntos porcentuales m\u00e1s que en el mismo periodo del a\u00f1o anterior.<\/p>\n<p>De enero a mayo, el grupo a\u00e9reo alem\u00e1n en conjunto increment\u00f3 un 3,3% su oferta y registr\u00f3 un aumento del 3,5% de la demanda en los cinco primeros meses de 2015.<\/p>\n<p>En mayo, el grupo transport\u00f3 un 4% m\u00e1s de viajeros, hasta 10 millones de viajeros, con una oferta un 4,1% mayor, y con un nivel de demanda un 5,2% superior. El factor de ocupaci\u00f3n se situ\u00f3 en el 79,7%, 1,1 puntos porcentuales m\u00e1s.<\/p>\n<p>Solo Lufthansa Airlines traslad\u00f3 a 30 millones de viajeros, un 3,8% m\u00e1s que en los cinco primeros meses de 2014, con un aumento del 5% de la cifra de pasajeros en mayo, hasta 7,4 millones.<\/p>\n<p>AUSTRIAN AIRLINES, UN 9% MENOS.<\/p>\n<p>Destaca el descenso en el n\u00famero de pasajeros de Austrian Airlines, con una bajada del 9% en los cinco primeros meses del a\u00f1o, hasta los 3,9 millones de viajeros. La aerol\u00ednea recort\u00f3 en un 1,2% su oferta de asientos y registr\u00f3 una bajada del 4,8% en el tr\u00e1fico.<\/p>\n<p>En mayo, Austrian Airlines redujo sus pasajeros en un 4,7%, con 998.000 viajeros trasladados. Sin embargo, aument\u00f3 un 5% su oferta y registr\u00f3 una demanda un 0,9% mayor, con respecto al mismo mes de 2014.<\/p>\n<p>UN 9% M\u00c1S DE PASAJEROS EN AM\u00c9RICA.<\/p>\n<p>Por mercados, el grupo registr\u00f3 la subida m\u00e1s alta en la cifra de pasajeros en la regi\u00f3n de Am\u00e9rica, donde experiment\u00f3 un aumento del 5,1% hasta mayo, con 3,8 millones de pasajeros. En las rutas a Am\u00e9rica, la oferta se increment\u00f3 un 6,6%, mientras que la demanda creci\u00f3 un 5,7%. El nivel de ocupaci\u00f3n se situ\u00f3 en el 81%, 0,6 puntos porcentuales menos.<\/p>\n<p>En Europa, la compa\u00f1\u00eda a\u00e9rea transport\u00f3 m\u00e1s de 32 millones de viajeros en los cinco primeros meses del a\u00f1o, un 1,4% m\u00e1s que en el mismo periodo de 2014. As\u00ed, en las rutas europeas recort\u00f3 un 1% su oferta, con un aumento del tr\u00e1fico del 0,8%, mientras que elev\u00f3 su \u00edndice de ocupaci\u00f3n al 72,8%, 1,3 puntos porcentuales m\u00e1s.<\/p>\n<p>En las rutas a Asia-Pac\u00edfico, el aumento fue del 4,5%, hasta 2,5 millones de viajeros, con un incremento del 4,7% del tr\u00e1fico y una oferta de asientos un 5,1% mayor. El nivel de ocupaci\u00f3n se situ\u00f3 en el 79,7%, 0,3 puntos porcentuales m\u00e1s.<\/p>\n<p>A esta subida, se suma el incremento del 2,1% de los pasajeros en la regi\u00f3n Oriente Medio y \u00c1frica, hasta 1,8 millones. En las rutas a \u00c1frica y Oriente Medio el aumento de la oferta fue del 3,3%, mientras que la demanda experiment\u00f3 una subida del 1,1%. La tasa de ocupaci\u00f3n alcanz\u00f3 el 73,5%, 1,6 puntos porcentuales menos.<\/p>\n<p>DESCENSO DEL 0,6% EN CARGA.<\/p>\n<p>Lufthansa Group transport\u00f3 un 0,6% menos de carga hasta mayo, con 766.000 toneladas, mientras que la capacidad aument\u00f3 un 3,4% y el ingreso por tonelada transportada se redujo en un 0,4%. El n\u00famero de operaciones retrocedi\u00f3 un 0,4%, hasta 400,9 millones de aterrizajes y despegues. Como resultado, el factor de carga fue 2,6 puntos porcentuales menor, hasta el 67,9%.<\/p>\n<p>En mayo, el grupo a\u00e9reo alem\u00e1n redujo su transporte de carga en un 2,4%, hasta 157.000 toneladas, con un incremento de la capacidad del 3,3% y una bajada en el ingreso por tonelada del 3,4%. El n\u00famero de vuelos se redujo en un 0,8%, hasta 89,5 millones. Por su parte, el factor de carga fue del 64,5%, 4,6 puntos porcentuales menos.<\/p>\n<p>La filial de carga de la aerol\u00ednea Lufthansa, Lufthansa Cargo, transport\u00f3 un 0,9% m\u00e1s de carga en los cinco primeros meses de 2015, con 672.000 toneladas. La capacidad de carga aument\u00f3 un 3,3%, con un descenso del 0,3% en el ingreso por tonelada transportada. El n\u00famero de operaciones se recort\u00f3 un 8,3%, con 3,7 millones de despegues y aterrizajes, lo que supuso una bajada de 2,4 puntos porcentuales en el factor de carga, hasta el 68,1%.<\/p>\n<p>En mayo, Lufthansa Cargo registr\u00f3 una bajada del 1,4% en el transporte de carga, con 138.000 toneladas. La filial de Lufthansa aument\u00f3 su capacidad un 3,2%, mientras que el ingreso por tonelada transportada se redujo en un 3%. El factor de carga fue del 64,4%, 4,1 puntos porcentuales menos, con un retroceso en el n\u00famero de operaciones del 4,3%, hasta 786.000 aterrizajes y despegues.<\/p>\n","protected":false},"excerpt":{"rendered":"<p>El grupo a\u00e9reo Lufthansa aument\u00f3 en un 1,9% el n\u00famero de pasajeros transportados en los cinco primeros meses del a\u00f1o, hasta 40,7 millones de viajeros, seg\u00fan datos de la compa\u00f1\u00eda germana, que incluye a Lufthansa, Swiss y Austrian Airlines, compa\u00f1\u00edas que en su conjunto operaron un 0,4% menos de vuelos y obtuvieron un factor de<\/p>\n","protected":false},"author":1,"featured_media":39542,"comment_status":"open","ping_status":"closed","sticky":false,"template":"","format":"standard","meta":{"footnotes":""},"categories":[222],"tags":[],"class_list":{"0":"post-39541","1":"post","2":"type-post","3":"status-publish","4":"format-standard","5":"has-post-thumbnail","7":"category-actualidad-turismo"},"aioseo_notices":[],"aioseo_head":"\n\t\t<!-- All in One SEO Pro 4.9.6.1 - aioseo.com -->\n\t<meta name=\"description\" content=\"El grupo a\u00e9reo Lufthansa aument\u00f3 en un 1,9% el n\u00famero de pasajeros transportados en los cinco primeros meses del a\u00f1o, hasta 40,7 millones de viajeros, seg\u00fan datos de la compa\u00f1\u00eda germana, que incluye a Lufthansa, Swiss y Austrian Airlines, compa\u00f1\u00edas que en su conjunto operaron un 0,4% menos de vuelos y obtuvieron un factor de\" \/>\n\t<meta name=\"robots\" content=\"max-image-preview:large\" \/>\n\t<meta name=\"author\" content=\"admin\"\/>\n\t<meta name=\"google-site-verification\" content=\"UA-38556648-1\" \/>\n\t<meta name=\"keywords\" content=\"actualidad turismo\" \/>\n\t<link rel=\"canonical\" href=\"https:\/\/eldigitaldeasturias.com\/magazine365\/el-grupo-lufthansa-transporta-407-millones-de-pasajeros-hasta-mayo\/\" \/>\n\t<meta name=\"generator\" content=\"All in One SEO Pro (AIOSEO) 4.9.6.1\" \/>\n\t\t<meta property=\"og:locale\" content=\"es_ES\" \/>\n\t\t<meta property=\"og:site_name\" content=\"El Digital de Asturias \u2013 Revista de ocio, turismo y estilo de vida\" \/>\n\t\t<meta property=\"og:type\" content=\"article\" \/>\n\t\t<meta property=\"og:title\" content=\"El grupo Lufthansa transporta 40,7 millones de pasajeros hasta mayo | El Digital de Asturias\" \/>\n\t\t<meta property=\"og:description\" content=\"El grupo a\u00e9reo Lufthansa aument\u00f3 en un 1,9% el n\u00famero de pasajeros transportados en los cinco primeros meses del a\u00f1o, hasta 40,7 millones de viajeros, seg\u00fan datos de la compa\u00f1\u00eda germana, que incluye a Lufthansa, Swiss y Austrian Airlines, compa\u00f1\u00edas que en su conjunto operaron un 0,4% menos de vuelos y obtuvieron un factor de\" \/>\n\t\t<meta property=\"og:url\" content=\"https:\/\/eldigitaldeasturias.com\/magazine365\/el-grupo-lufthansa-transporta-407-millones-de-pasajeros-hasta-mayo\/\" \/>\n\t\t<meta property=\"og:image\" content=\"https:\/\/eldigitaldeasturias.com\/magazine365\/wp-content\/uploads\/2015\/06\/fotonoticia_20150610192922_800.jpg\" \/>\n\t\t<meta property=\"og:image:secure_url\" content=\"https:\/\/eldigitaldeasturias.com\/magazine365\/wp-content\/uploads\/2015\/06\/fotonoticia_20150610192922_800.jpg\" \/>\n\t\t<meta property=\"og:image:width\" content=\"800\" \/>\n\t\t<meta property=\"og:image:height\" content=\"572\" \/>\n\t\t<meta property=\"article:published_time\" content=\"2015-06-11T05:15:50+00:00\" \/>\n\t\t<meta property=\"article:modified_time\" content=\"2015-06-11T05:15:50+00:00\" \/>\n\t\t<meta name=\"twitter:card\" content=\"summary_large_image\" \/>\n\t\t<meta name=\"twitter:title\" content=\"El grupo Lufthansa transporta 40,7 millones de pasajeros hasta mayo | El Digital de Asturias\" \/>\n\t\t<meta name=\"twitter:description\" content=\"El grupo a\u00e9reo Lufthansa aument\u00f3 en un 1,9% el n\u00famero de pasajeros transportados en los cinco primeros meses del a\u00f1o, hasta 40,7 millones de viajeros, seg\u00fan datos de la compa\u00f1\u00eda germana, que incluye a Lufthansa, Swiss y Austrian Airlines, compa\u00f1\u00edas que en su conjunto operaron un 0,4% menos de vuelos y obtuvieron un factor de\" \/>\n\t\t<meta name=\"twitter:image\" content=\"https:\/\/eldigitaldeasturias.com\/magazine365\/wp-content\/uploads\/2015\/06\/fotonoticia_20150610192922_800.jpg\" \/>\n\t\t<script type=\"application\/ld+json\" class=\"aioseo-schema\">\n\t\t\t{\"@context\":\"https:\\\/\\\/schema.org\",\"@graph\":[{\"@type\":\"Article\",\"@id\":\"https:\\\/\\\/eldigitaldeasturias.com\\\/magazine365\\\/el-grupo-lufthansa-transporta-407-millones-de-pasajeros-hasta-mayo\\\/#article\",\"name\":\"El grupo Lufthansa transporta 40,7 millones de pasajeros hasta mayo | El Digital de Asturias\",\"headline\":\"El grupo Lufthansa transporta 40,7 millones de pasajeros hasta mayo\",\"author\":{\"@id\":\"https:\\\/\\\/eldigitaldeasturias.com\\\/magazine365\\\/author\\\/admin\\\/#author\"},\"publisher\":{\"@id\":\"https:\\\/\\\/eldigitaldeasturias.com\\\/magazine365\\\/#organization\"},\"image\":{\"@type\":\"ImageObject\",\"url\":\"https:\\\/\\\/eldigitaldeasturias.com\\\/magazine365\\\/wp-content\\\/uploads\\\/2015\\\/06\\\/fotonoticia_20150610192922_800.jpg\",\"width\":800,\"height\":572},\"datePublished\":\"2015-06-11T06:45:50+02:00\",\"dateModified\":\"2015-06-11T06:45:50+02:00\",\"inLanguage\":\"es-ES\",\"mainEntityOfPage\":{\"@id\":\"https:\\\/\\\/eldigitaldeasturias.com\\\/magazine365\\\/el-grupo-lufthansa-transporta-407-millones-de-pasajeros-hasta-mayo\\\/#webpage\"},\"isPartOf\":{\"@id\":\"https:\\\/\\\/eldigitaldeasturias.com\\\/magazine365\\\/el-grupo-lufthansa-transporta-407-millones-de-pasajeros-hasta-mayo\\\/#webpage\"},\"articleSection\":\"Actualidad Turismo\"},{\"@type\":\"BreadcrumbList\",\"@id\":\"https:\\\/\\\/eldigitaldeasturias.com\\\/magazine365\\\/el-grupo-lufthansa-transporta-407-millones-de-pasajeros-hasta-mayo\\\/#breadcrumblist\",\"itemListElement\":[{\"@type\":\"ListItem\",\"@id\":\"https:\\\/\\\/eldigitaldeasturias.com\\\/magazine365#listItem\",\"position\":1,\"name\":\"Home\",\"item\":\"https:\\\/\\\/eldigitaldeasturias.com\\\/magazine365\",\"nextItem\":{\"@type\":\"ListItem\",\"@id\":\"https:\\\/\\\/eldigitaldeasturias.com\\\/magazine365\\\/category\\\/actualidad-turismo\\\/#listItem\",\"name\":\"Actualidad Turismo\"}},{\"@type\":\"ListItem\",\"@id\":\"https:\\\/\\\/eldigitaldeasturias.com\\\/magazine365\\\/category\\\/actualidad-turismo\\\/#listItem\",\"position\":2,\"name\":\"Actualidad Turismo\",\"item\":\"https:\\\/\\\/eldigitaldeasturias.com\\\/magazine365\\\/category\\\/actualidad-turismo\\\/\",\"nextItem\":{\"@type\":\"ListItem\",\"@id\":\"https:\\\/\\\/eldigitaldeasturias.com\\\/magazine365\\\/el-grupo-lufthansa-transporta-407-millones-de-pasajeros-hasta-mayo\\\/#listItem\",\"name\":\"El grupo Lufthansa transporta 40,7 millones de pasajeros hasta mayo\"},\"previousItem\":{\"@type\":\"ListItem\",\"@id\":\"https:\\\/\\\/eldigitaldeasturias.com\\\/magazine365#listItem\",\"name\":\"Home\"}},{\"@type\":\"ListItem\",\"@id\":\"https:\\\/\\\/eldigitaldeasturias.com\\\/magazine365\\\/el-grupo-lufthansa-transporta-407-millones-de-pasajeros-hasta-mayo\\\/#listItem\",\"position\":3,\"name\":\"El grupo Lufthansa transporta 40,7 millones de pasajeros hasta mayo\",\"previousItem\":{\"@type\":\"ListItem\",\"@id\":\"https:\\\/\\\/eldigitaldeasturias.com\\\/magazine365\\\/category\\\/actualidad-turismo\\\/#listItem\",\"name\":\"Actualidad Turismo\"}}]},{\"@type\":\"Organization\",\"@id\":\"https:\\\/\\\/eldigitaldeasturias.com\\\/magazine365\\\/#organization\",\"name\":\"El digital de Asturias\",\"description\":\"Revista de ocio, turismo y estilo de vida\",\"url\":\"https:\\\/\\\/eldigitaldeasturias.com\\\/magazine365\\\/\",\"logo\":{\"@type\":\"ImageObject\",\"url\":\"https:\\\/\\\/www.eldigitaldeasturias.com\\\/noticias\\\/wp-content\\\/uploads\\\/2020\\\/12\\\/EDA.jpg\",\"@id\":\"https:\\\/\\\/eldigitaldeasturias.com\\\/magazine365\\\/el-grupo-lufthansa-transporta-407-millones-de-pasajeros-hasta-mayo\\\/#organizationLogo\"},\"image\":{\"@id\":\"https:\\\/\\\/eldigitaldeasturias.com\\\/magazine365\\\/el-grupo-lufthansa-transporta-407-millones-de-pasajeros-hasta-mayo\\\/#organizationLogo\"}},{\"@type\":\"Person\",\"@id\":\"https:\\\/\\\/eldigitaldeasturias.com\\\/magazine365\\\/author\\\/admin\\\/#author\",\"url\":\"https:\\\/\\\/eldigitaldeasturias.com\\\/magazine365\\\/author\\\/admin\\\/\",\"name\":\"admin\",\"image\":{\"@type\":\"ImageObject\",\"@id\":\"https:\\\/\\\/eldigitaldeasturias.com\\\/magazine365\\\/el-grupo-lufthansa-transporta-407-millones-de-pasajeros-hasta-mayo\\\/#authorImage\",\"url\":\"https:\\\/\\\/eldigitaldeasturias.com\\\/magazine365\\\/wp-content\\\/litespeed\\\/avatar\\\/e571bcf59a0edd6fa6838245a470f2fe.jpg?ver=1776969259\",\"width\":96,\"height\":96,\"caption\":\"admin\"}},{\"@type\":\"WebPage\",\"@id\":\"https:\\\/\\\/eldigitaldeasturias.com\\\/magazine365\\\/el-grupo-lufthansa-transporta-407-millones-de-pasajeros-hasta-mayo\\\/#webpage\",\"url\":\"https:\\\/\\\/eldigitaldeasturias.com\\\/magazine365\\\/el-grupo-lufthansa-transporta-407-millones-de-pasajeros-hasta-mayo\\\/\",\"name\":\"El grupo Lufthansa transporta 40,7 millones de pasajeros hasta mayo | El Digital de Asturias\",\"description\":\"El grupo a\\u00e9reo Lufthansa aument\\u00f3 en un 1,9% el n\\u00famero de pasajeros transportados en los cinco primeros meses del a\\u00f1o, hasta 40,7 millones de viajeros, seg\\u00fan datos de la compa\\u00f1\\u00eda germana, que incluye a Lufthansa, Swiss y Austrian Airlines, compa\\u00f1\\u00edas que en su conjunto operaron un 0,4% menos de vuelos y obtuvieron un factor de\",\"inLanguage\":\"es-ES\",\"isPartOf\":{\"@id\":\"https:\\\/\\\/eldigitaldeasturias.com\\\/magazine365\\\/#website\"},\"breadcrumb\":{\"@id\":\"https:\\\/\\\/eldigitaldeasturias.com\\\/magazine365\\\/el-grupo-lufthansa-transporta-407-millones-de-pasajeros-hasta-mayo\\\/#breadcrumblist\"},\"author\":{\"@id\":\"https:\\\/\\\/eldigitaldeasturias.com\\\/magazine365\\\/author\\\/admin\\\/#author\"},\"creator\":{\"@id\":\"https:\\\/\\\/eldigitaldeasturias.com\\\/magazine365\\\/author\\\/admin\\\/#author\"},\"image\":{\"@type\":\"ImageObject\",\"url\":\"https:\\\/\\\/eldigitaldeasturias.com\\\/magazine365\\\/wp-content\\\/uploads\\\/2015\\\/06\\\/fotonoticia_20150610192922_800.jpg\",\"@id\":\"https:\\\/\\\/eldigitaldeasturias.com\\\/magazine365\\\/el-grupo-lufthansa-transporta-407-millones-de-pasajeros-hasta-mayo\\\/#mainImage\",\"width\":800,\"height\":572},\"primaryImageOfPage\":{\"@id\":\"https:\\\/\\\/eldigitaldeasturias.com\\\/magazine365\\\/el-grupo-lufthansa-transporta-407-millones-de-pasajeros-hasta-mayo\\\/#mainImage\"},\"datePublished\":\"2015-06-11T06:45:50+02:00\",\"dateModified\":\"2015-06-11T06:45:50+02:00\"},{\"@type\":\"WebSite\",\"@id\":\"https:\\\/\\\/eldigitaldeasturias.com\\\/magazine365\\\/#website\",\"url\":\"https:\\\/\\\/eldigitaldeasturias.com\\\/magazine365\\\/\",\"name\":\"El Digital de Asturias\",\"description\":\"Revista de ocio, turismo y estilo de vida\",\"inLanguage\":\"es-ES\",\"publisher\":{\"@id\":\"https:\\\/\\\/eldigitaldeasturias.com\\\/magazine365\\\/#organization\"}}]}\n\t\t<\/script>\n\t\t<!-- All in One SEO Pro -->\r\n\t\t<title>El grupo Lufthansa transporta 40,7 millones de pasajeros hasta mayo | El Digital de Asturias<\/title>\n\n","aioseo_head_json":{"title":"El grupo Lufthansa transporta 40,7 millones de pasajeros hasta mayo | El Digital de Asturias","description":"El grupo a\u00e9reo Lufthansa aument\u00f3 en un 1,9% el n\u00famero de pasajeros transportados en los cinco primeros meses del a\u00f1o, hasta 40,7 millones de viajeros, seg\u00fan datos de la compa\u00f1\u00eda germana, que incluye a Lufthansa, Swiss y Austrian Airlines, compa\u00f1\u00edas que en su conjunto operaron un 0,4% menos de vuelos y obtuvieron un factor de","canonical_url":"https:\/\/eldigitaldeasturias.com\/magazine365\/el-grupo-lufthansa-transporta-407-millones-de-pasajeros-hasta-mayo\/","robots":"max-image-preview:large","keywords":"actualidad turismo","webmasterTools":{"google-site-verification":"UA-38556648-1","miscellaneous":""},"schema":{"@context":"https:\/\/schema.org","@graph":[{"@type":"Article","@id":"https:\/\/eldigitaldeasturias.com\/magazine365\/el-grupo-lufthansa-transporta-407-millones-de-pasajeros-hasta-mayo\/#article","name":"El grupo Lufthansa transporta 40,7 millones de pasajeros hasta mayo | El Digital de Asturias","headline":"El grupo Lufthansa transporta 40,7 millones de pasajeros hasta mayo","author":{"@id":"https:\/\/eldigitaldeasturias.com\/magazine365\/author\/admin\/#author"},"publisher":{"@id":"https:\/\/eldigitaldeasturias.com\/magazine365\/#organization"},"image":{"@type":"ImageObject","url":"https:\/\/eldigitaldeasturias.com\/magazine365\/wp-content\/uploads\/2015\/06\/fotonoticia_20150610192922_800.jpg","width":800,"height":572},"datePublished":"2015-06-11T06:45:50+02:00","dateModified":"2015-06-11T06:45:50+02:00","inLanguage":"es-ES","mainEntityOfPage":{"@id":"https:\/\/eldigitaldeasturias.com\/magazine365\/el-grupo-lufthansa-transporta-407-millones-de-pasajeros-hasta-mayo\/#webpage"},"isPartOf":{"@id":"https:\/\/eldigitaldeasturias.com\/magazine365\/el-grupo-lufthansa-transporta-407-millones-de-pasajeros-hasta-mayo\/#webpage"},"articleSection":"Actualidad Turismo"},{"@type":"BreadcrumbList","@id":"https:\/\/eldigitaldeasturias.com\/magazine365\/el-grupo-lufthansa-transporta-407-millones-de-pasajeros-hasta-mayo\/#breadcrumblist","itemListElement":[{"@type":"ListItem","@id":"https:\/\/eldigitaldeasturias.com\/magazine365#listItem","position":1,"name":"Home","item":"https:\/\/eldigitaldeasturias.com\/magazine365","nextItem":{"@type":"ListItem","@id":"https:\/\/eldigitaldeasturias.com\/magazine365\/category\/actualidad-turismo\/#listItem","name":"Actualidad Turismo"}},{"@type":"ListItem","@id":"https:\/\/eldigitaldeasturias.com\/magazine365\/category\/actualidad-turismo\/#listItem","position":2,"name":"Actualidad Turismo","item":"https:\/\/eldigitaldeasturias.com\/magazine365\/category\/actualidad-turismo\/","nextItem":{"@type":"ListItem","@id":"https:\/\/eldigitaldeasturias.com\/magazine365\/el-grupo-lufthansa-transporta-407-millones-de-pasajeros-hasta-mayo\/#listItem","name":"El grupo Lufthansa transporta 40,7 millones de pasajeros hasta mayo"},"previousItem":{"@type":"ListItem","@id":"https:\/\/eldigitaldeasturias.com\/magazine365#listItem","name":"Home"}},{"@type":"ListItem","@id":"https:\/\/eldigitaldeasturias.com\/magazine365\/el-grupo-lufthansa-transporta-407-millones-de-pasajeros-hasta-mayo\/#listItem","position":3,"name":"El grupo Lufthansa transporta 40,7 millones de pasajeros hasta mayo","previousItem":{"@type":"ListItem","@id":"https:\/\/eldigitaldeasturias.com\/magazine365\/category\/actualidad-turismo\/#listItem","name":"Actualidad Turismo"}}]},{"@type":"Organization","@id":"https:\/\/eldigitaldeasturias.com\/magazine365\/#organization","name":"El digital de Asturias","description":"Revista de ocio, turismo y estilo de vida","url":"https:\/\/eldigitaldeasturias.com\/magazine365\/","logo":{"@type":"ImageObject","url":"https:\/\/www.eldigitaldeasturias.com\/noticias\/wp-content\/uploads\/2020\/12\/EDA.jpg","@id":"https:\/\/eldigitaldeasturias.com\/magazine365\/el-grupo-lufthansa-transporta-407-millones-de-pasajeros-hasta-mayo\/#organizationLogo"},"image":{"@id":"https:\/\/eldigitaldeasturias.com\/magazine365\/el-grupo-lufthansa-transporta-407-millones-de-pasajeros-hasta-mayo\/#organizationLogo"}},{"@type":"Person","@id":"https:\/\/eldigitaldeasturias.com\/magazine365\/author\/admin\/#author","url":"https:\/\/eldigitaldeasturias.com\/magazine365\/author\/admin\/","name":"admin","image":{"@type":"ImageObject","@id":"https:\/\/eldigitaldeasturias.com\/magazine365\/el-grupo-lufthansa-transporta-407-millones-de-pasajeros-hasta-mayo\/#authorImage","url":"https:\/\/eldigitaldeasturias.com\/magazine365\/wp-content\/litespeed\/avatar\/e571bcf59a0edd6fa6838245a470f2fe.jpg?ver=1776969259","width":96,"height":96,"caption":"admin"}},{"@type":"WebPage","@id":"https:\/\/eldigitaldeasturias.com\/magazine365\/el-grupo-lufthansa-transporta-407-millones-de-pasajeros-hasta-mayo\/#webpage","url":"https:\/\/eldigitaldeasturias.com\/magazine365\/el-grupo-lufthansa-transporta-407-millones-de-pasajeros-hasta-mayo\/","name":"El grupo Lufthansa transporta 40,7 millones de pasajeros hasta mayo | El Digital de Asturias","description":"El grupo a\u00e9reo Lufthansa aument\u00f3 en un 1,9% el n\u00famero de pasajeros transportados en los cinco primeros meses del a\u00f1o, hasta 40,7 millones de viajeros, seg\u00fan datos de la compa\u00f1\u00eda germana, que incluye a Lufthansa, Swiss y Austrian Airlines, compa\u00f1\u00edas que en su conjunto operaron un 0,4% menos de vuelos y obtuvieron un factor de","inLanguage":"es-ES","isPartOf":{"@id":"https:\/\/eldigitaldeasturias.com\/magazine365\/#website"},"breadcrumb":{"@id":"https:\/\/eldigitaldeasturias.com\/magazine365\/el-grupo-lufthansa-transporta-407-millones-de-pasajeros-hasta-mayo\/#breadcrumblist"},"author":{"@id":"https:\/\/eldigitaldeasturias.com\/magazine365\/author\/admin\/#author"},"creator":{"@id":"https:\/\/eldigitaldeasturias.com\/magazine365\/author\/admin\/#author"},"image":{"@type":"ImageObject","url":"https:\/\/eldigitaldeasturias.com\/magazine365\/wp-content\/uploads\/2015\/06\/fotonoticia_20150610192922_800.jpg","@id":"https:\/\/eldigitaldeasturias.com\/magazine365\/el-grupo-lufthansa-transporta-407-millones-de-pasajeros-hasta-mayo\/#mainImage","width":800,"height":572},"primaryImageOfPage":{"@id":"https:\/\/eldigitaldeasturias.com\/magazine365\/el-grupo-lufthansa-transporta-407-millones-de-pasajeros-hasta-mayo\/#mainImage"},"datePublished":"2015-06-11T06:45:50+02:00","dateModified":"2015-06-11T06:45:50+02:00"},{"@type":"WebSite","@id":"https:\/\/eldigitaldeasturias.com\/magazine365\/#website","url":"https:\/\/eldigitaldeasturias.com\/magazine365\/","name":"El Digital de Asturias","description":"Revista de ocio, turismo y estilo de vida","inLanguage":"es-ES","publisher":{"@id":"https:\/\/eldigitaldeasturias.com\/magazine365\/#organization"}}]},"og:locale":"es_ES","og:site_name":"El Digital de Asturias \u2013 Revista de ocio, turismo y estilo de vida","og:type":"article","og:title":"El grupo Lufthansa transporta 40,7 millones de pasajeros hasta mayo | El Digital de Asturias","og:description":"El grupo a\u00e9reo Lufthansa aument\u00f3 en un 1,9% el n\u00famero de pasajeros transportados en los cinco primeros meses del a\u00f1o, hasta 40,7 millones de viajeros, seg\u00fan datos de la compa\u00f1\u00eda germana, que incluye a Lufthansa, Swiss y Austrian Airlines, compa\u00f1\u00edas que en su conjunto operaron un 0,4% menos de vuelos y obtuvieron un factor de","og:url":"https:\/\/eldigitaldeasturias.com\/magazine365\/el-grupo-lufthansa-transporta-407-millones-de-pasajeros-hasta-mayo\/","og:image":"https:\/\/eldigitaldeasturias.com\/magazine365\/wp-content\/uploads\/2015\/06\/fotonoticia_20150610192922_800.jpg","og:image:secure_url":"https:\/\/eldigitaldeasturias.com\/magazine365\/wp-content\/uploads\/2015\/06\/fotonoticia_20150610192922_800.jpg","og:image:width":800,"og:image:height":572,"article:published_time":"2015-06-11T05:15:50+00:00","article:modified_time":"2015-06-11T05:15:50+00:00","twitter:card":"summary_large_image","twitter:title":"El grupo Lufthansa transporta 40,7 millones de pasajeros hasta mayo | El Digital de Asturias","twitter:description":"El grupo a\u00e9reo Lufthansa aument\u00f3 en un 1,9% el n\u00famero de pasajeros transportados en los cinco primeros meses del a\u00f1o, hasta 40,7 millones de viajeros, seg\u00fan datos de la compa\u00f1\u00eda germana, que incluye a Lufthansa, Swiss y Austrian Airlines, compa\u00f1\u00edas que en su conjunto operaron un 0,4% menos de vuelos y obtuvieron un factor de","twitter:image":"https:\/\/eldigitaldeasturias.com\/magazine365\/wp-content\/uploads\/2015\/06\/fotonoticia_20150610192922_800.jpg"},"aioseo_meta_data":{"post_id":"39541","title":null,"description":null,"keywords":null,"keyphrases":null,"primary_term":null,"canonical_url":null,"og_title":null,"og_description":null,"og_object_type":"default","og_image_type":"default","og_image_url":null,"og_image_width":null,"og_image_height":null,"og_image_custom_url":null,"og_image_custom_fields":null,"og_video":null,"og_custom_url":null,"og_article_section":null,"og_article_tags":null,"twitter_use_og":false,"twitter_card":"default","twitter_image_type":"default","twitter_image_url":null,"twitter_image_custom_url":null,"twitter_image_custom_fields":null,"twitter_title":null,"twitter_description":null,"schema":{"blockGraphs":[],"customGraphs":[],"default":{"data":{"Article":[],"Course":[],"Dataset":[],"FAQPage":[],"Movie":[],"Person":[],"Product":[],"ProductReview":[],"Car":[],"Recipe":[],"Service":[],"SoftwareApplication":[],"WebPage":[]},"graphName":"","isEnabled":true},"graphs":[],"defaultGraph":"","defaultPostTypeGraph":""},"schema_type":null,"schema_type_options":null,"pillar_content":false,"robots_default":true,"robots_noindex":false,"robots_noarchive":false,"robots_nosnippet":false,"robots_nofollow":false,"robots_noimageindex":false,"robots_noodp":false,"robots_notranslate":false,"robots_max_snippet":null,"robots_max_videopreview":null,"robots_max_imagepreview":"large","priority":null,"frequency":null,"location":null,"local_seo":null,"seo_analyzer_scan_date":"2025-09-19 11:50:53","breadcrumb_settings":null,"limit_modified_date":false,"open_ai":null,"ai":null,"created":"2021-03-09 02:39:55","updated":"2025-09-19 11:50:53"},"aioseo_breadcrumb":"<div class=\"aioseo-breadcrumbs\"><span class=\"aioseo-breadcrumb\">\n\t<a href=\"https:\/\/eldigitaldeasturias.com\/magazine365\" title=\"Home\">Home<\/a>\n<\/span><span class=\"aioseo-breadcrumb-separator\">\u2013<\/span><span class=\"aioseo-breadcrumb\">\n\t<a href=\"https:\/\/eldigitaldeasturias.com\/magazine365\/category\/actualidad-turismo\/\" title=\"Actualidad Turismo\">Actualidad Turismo<\/a>\n<\/span><span class=\"aioseo-breadcrumb-separator\">\u2013<\/span><span class=\"aioseo-breadcrumb\">\n\t<a href=\"https:\/\/eldigitaldeasturias.com\/magazine365\/el-grupo-lufthansa-transporta-407-millones-de-pasajeros-hasta-mayo\/\" title=\"El grupo Lufthansa transporta 40,7 millones de pasajeros hasta mayo\">El grupo Lufthansa transporta 40,7 millones de pasajeros hasta mayo<\/a>\n<\/span><\/div>","aioseo_breadcrumb_json":[{"label":"Home","link":"https:\/\/eldigitaldeasturias.com\/magazine365"},{"label":"Actualidad Turismo","link":"https:\/\/eldigitaldeasturias.com\/magazine365\/category\/actualidad-turismo\/"},{"label":"El grupo Lufthansa transporta 40,7 millones de pasajeros hasta mayo","link":"https:\/\/eldigitaldeasturias.com\/magazine365\/el-grupo-lufthansa-transporta-407-millones-de-pasajeros-hasta-mayo\/"}],"_links":{"self":[{"href":"https:\/\/eldigitaldeasturias.com\/magazine365\/wp-json\/wp\/v2\/posts\/39541","targetHints":{"allow":["GET"]}}],"collection":[{"href":"https:\/\/eldigitaldeasturias.com\/magazine365\/wp-json\/wp\/v2\/posts"}],"about":[{"href":"https:\/\/eldigitaldeasturias.com\/magazine365\/wp-json\/wp\/v2\/types\/post"}],"author":[{"embeddable":true,"href":"https:\/\/eldigitaldeasturias.com\/magazine365\/wp-json\/wp\/v2\/users\/1"}],"replies":[{"embeddable":true,"href":"https:\/\/eldigitaldeasturias.com\/magazine365\/wp-json\/wp\/v2\/comments?post=39541"}],"version-history":[{"count":0,"href":"https:\/\/eldigitaldeasturias.com\/magazine365\/wp-json\/wp\/v2\/posts\/39541\/revisions"}],"wp:featuredmedia":[{"embeddable":true,"href":"https:\/\/eldigitaldeasturias.com\/magazine365\/wp-json\/wp\/v2\/media\/39542"}],"wp:attachment":[{"href":"https:\/\/eldigitaldeasturias.com\/magazine365\/wp-json\/wp\/v2\/media?parent=39541"}],"wp:term":[{"taxonomy":"category","embeddable":true,"href":"https:\/\/eldigitaldeasturias.com\/magazine365\/wp-json\/wp\/v2\/categories?post=39541"},{"taxonomy":"post_tag","embeddable":true,"href":"https:\/\/eldigitaldeasturias.com\/magazine365\/wp-json\/wp\/v2\/tags?post=39541"}],"curies":[{"name":"wp","href":"https:\/\/api.w.org\/{rel}","templated":true}]}}