{"id":39538,"date":"2015-06-11T06:42:11","date_gmt":"2015-06-11T05:12:11","guid":{"rendered":"http:\/\/eldigitaldeasturias.com\/magazine365\/?p=39538"},"modified":"2015-06-11T06:42:11","modified_gmt":"2015-06-11T05:12:11","slug":"globalia-premio-a-la-innovacion-empresarial-por-la-prensa-extranjera","status":"publish","type":"post","link":"https:\/\/eldigitaldeasturias.com\/magazine365\/globalia-premio-a-la-innovacion-empresarial-por-la-prensa-extranjera\/","title":{"rendered":"Globalia, premio a la innovaci\u00f3n empresarial por la prensa extranjera"},"content":{"rendered":"<p><img fetchpriority=\"high\" decoding=\"async\" class=\"alignleft size-medium wp-image-39539\" src=\"https:\/\/eldigitaldeasturias.com\/magazine365\/wp-content\/uploads\/2015\/06\/fotonoticia_20150610192602_800-360x235.jpg\" alt=\"fotonoticia_20150610192602_800\" width=\"360\" height=\"235\" srcset=\"https:\/\/eldigitaldeasturias.com\/magazine365\/wp-content\/uploads\/2015\/06\/fotonoticia_20150610192602_800-360x235.jpg 360w, https:\/\/eldigitaldeasturias.com\/magazine365\/wp-content\/uploads\/2015\/06\/fotonoticia_20150610192602_800-650x425.jpg 650w, https:\/\/eldigitaldeasturias.com\/magazine365\/wp-content\/uploads\/2015\/06\/fotonoticia_20150610192602_800-768x502.jpg 768w, https:\/\/eldigitaldeasturias.com\/magazine365\/wp-content\/uploads\/2015\/06\/fotonoticia_20150610192602_800-150x98.jpg 150w, https:\/\/eldigitaldeasturias.com\/magazine365\/wp-content\/uploads\/2015\/06\/fotonoticia_20150610192602_800-450x294.jpg 450w, https:\/\/eldigitaldeasturias.com\/magazine365\/wp-content\/uploads\/2015\/06\/fotonoticia_20150610192602_800-696x455.jpg 696w, https:\/\/eldigitaldeasturias.com\/magazine365\/wp-content\/uploads\/2015\/06\/fotonoticia_20150610192602_800-741x486.jpg 741w, https:\/\/eldigitaldeasturias.com\/magazine365\/wp-content\/uploads\/2015\/06\/fotonoticia_20150610192602_800-642x420.jpg 642w, https:\/\/eldigitaldeasturias.com\/magazine365\/wp-content\/uploads\/2015\/06\/fotonoticia_20150610192602_800-84x55.jpg 84w, https:\/\/eldigitaldeasturias.com\/magazine365\/wp-content\/uploads\/2015\/06\/fotonoticia_20150610192602_800.jpg 800w\" sizes=\"(max-width: 360px) 100vw, 360px\" \/>La Asociaci\u00f3n de Corresponsales de Prensa Extranjera (ACPE) hizo entrega ayer al presidente de Globalia, Juan Jos\u00e9 Hidalgo, del premio a la Innovaci\u00f3n Empresarial, un galard\u00f3n que se enmarca dentro del 92 aniversario de los premios anuales de la ACPE 2014, con el que se reconoce la labor en materia de innovaci\u00f3n tecnol\u00f3gica del grupo.<\/p>\n<p>El jurado, compuesto por corresponsales de EE.UU., Canad\u00e1, Francia, Rusia, China, M\u00e9xico, L\u00edbano y Uruguay, concedi\u00f3 los galardones de la prensa extranjera acreditada en Espa\u00f1a consistente en una estatuilla de bronce sobre m\u00e1rmol del escultor Santiago de Santiago, en una gala presentada por los periodistas Marta Reyero y Vicente Vall\u00e9s.<\/p>\n<p>Hidalgo, que recibi\u00f3 el trofeo en el Aula Magna del Instituto de Empresa de manos del presidente de la ACPE y corresponsal de EE.UU., Ram\u00f3n Dar\u00edo Molinari, agradeci\u00f3 a la prensa extranjera el que haya reparado en Globalia.<\/p>\n<p>Para Hidalgo, la misi\u00f3n de la compa\u00f1\u00eda es \u00abla de enlazar pa\u00edses y continentes\u00bb y atribuy\u00f3 este reconocimiento a \u00abun equipo de grandes profesionales\u00bb que han convertido al grupo tur\u00edstico en \u00abun referente tecnol\u00f3gico para el turismo mundial\u00bb.<\/p>\n<p>\u00abYo nac\u00ed en plena posguerra, en una aldea serrana. Ya imaginar\u00e9is lo que significa para m\u00ed recibir un premio a la innovaci\u00f3n tecnol\u00f3gica: me llena de orgullo y satisfacci\u00f3n\u00bb, dijo Hidalgo, tras apuntar que con la llegada de los 24 aviones Boeing 787 \u00abAir Europa se convertir\u00e1 en la aerol\u00ednea m\u00e1s moderna del mundo\u00bb.<\/p>\n<p>En el mismo acto, los corresponsales de prensa extranjera premiaron en las otras cuatro categor\u00edas a los periodistas de La Sexta Ana Pastor y Jordi \u00c9vole, en Pol\u00edtica, en Econom\u00eda a Fernando Fern\u00e1ndez M\u00e9ndez de And\u00e9s, en Cultura a la Real Academia Espa\u00f1ola (RAE) y en Deporte al equipo femenino espa\u00f1ol en su conjunto, representado por las federaciones de baloncesto, balonmano y b\u00e1dminton.<\/p>\n","protected":false},"excerpt":{"rendered":"<p>La Asociaci\u00f3n de Corresponsales de Prensa Extranjera (ACPE) hizo entrega ayer al presidente de Globalia, Juan Jos\u00e9 Hidalgo, del premio a la Innovaci\u00f3n Empresarial, un galard\u00f3n que se enmarca dentro del 92 aniversario de los premios anuales de la ACPE 2014, con el que se reconoce la labor en materia de innovaci\u00f3n tecnol\u00f3gica del grupo.<\/p>\n","protected":false},"author":1,"featured_media":39539,"comment_status":"open","ping_status":"closed","sticky":false,"template":"","format":"standard","meta":{"footnotes":""},"categories":[222],"tags":[],"class_list":{"0":"post-39538","1":"post","2":"type-post","3":"status-publish","4":"format-standard","5":"has-post-thumbnail","7":"category-actualidad-turismo"},"aioseo_notices":[],"aioseo_head":"\n\t\t<!-- All in One SEO Pro 4.9.6.1 - aioseo.com -->\n\t<meta name=\"description\" content=\"La Asociaci\u00f3n de Corresponsales de Prensa Extranjera (ACPE) hizo entrega ayer al presidente de Globalia, Juan Jos\u00e9 Hidalgo, del premio a la Innovaci\u00f3n Empresarial, un galard\u00f3n que se enmarca dentro del 92 aniversario de los premios anuales de la ACPE 2014, con el que se reconoce la labor en materia de innovaci\u00f3n tecnol\u00f3gica del grupo.\" \/>\n\t<meta name=\"robots\" content=\"max-image-preview:large\" \/>\n\t<meta name=\"author\" content=\"admin\"\/>\n\t<meta name=\"google-site-verification\" content=\"UA-38556648-1\" \/>\n\t<meta name=\"keywords\" content=\"actualidad turismo\" \/>\n\t<link rel=\"canonical\" href=\"https:\/\/eldigitaldeasturias.com\/magazine365\/globalia-premio-a-la-innovacion-empresarial-por-la-prensa-extranjera\/\" \/>\n\t<meta name=\"generator\" content=\"All in One SEO Pro (AIOSEO) 4.9.6.1\" \/>\n\t\t<meta property=\"og:locale\" content=\"es_ES\" \/>\n\t\t<meta property=\"og:site_name\" content=\"El Digital de Asturias \u2013 Revista de ocio, turismo y estilo de vida\" \/>\n\t\t<meta property=\"og:type\" content=\"article\" \/>\n\t\t<meta property=\"og:title\" content=\"Globalia, premio a la innovaci\u00f3n empresarial por la prensa extranjera | El Digital de Asturias\" \/>\n\t\t<meta property=\"og:description\" content=\"La Asociaci\u00f3n de Corresponsales de Prensa Extranjera (ACPE) hizo entrega ayer al presidente de Globalia, Juan Jos\u00e9 Hidalgo, del premio a la Innovaci\u00f3n Empresarial, un galard\u00f3n que se enmarca dentro del 92 aniversario de los premios anuales de la ACPE 2014, con el que se reconoce la labor en materia de innovaci\u00f3n tecnol\u00f3gica del grupo.\" \/>\n\t\t<meta property=\"og:url\" content=\"https:\/\/eldigitaldeasturias.com\/magazine365\/globalia-premio-a-la-innovacion-empresarial-por-la-prensa-extranjera\/\" \/>\n\t\t<meta property=\"og:image\" content=\"https:\/\/eldigitaldeasturias.com\/magazine365\/wp-content\/uploads\/2015\/06\/fotonoticia_20150610192602_800.jpg\" \/>\n\t\t<meta property=\"og:image:secure_url\" content=\"https:\/\/eldigitaldeasturias.com\/magazine365\/wp-content\/uploads\/2015\/06\/fotonoticia_20150610192602_800.jpg\" \/>\n\t\t<meta property=\"og:image:width\" content=\"800\" \/>\n\t\t<meta property=\"og:image:height\" content=\"523\" \/>\n\t\t<meta property=\"article:published_time\" content=\"2015-06-11T05:12:11+00:00\" \/>\n\t\t<meta property=\"article:modified_time\" content=\"2015-06-11T05:12:11+00:00\" \/>\n\t\t<meta name=\"twitter:card\" content=\"summary_large_image\" \/>\n\t\t<meta name=\"twitter:title\" content=\"Globalia, premio a la innovaci\u00f3n empresarial por la prensa extranjera | El Digital de Asturias\" \/>\n\t\t<meta name=\"twitter:description\" content=\"La Asociaci\u00f3n de Corresponsales de Prensa Extranjera (ACPE) hizo entrega ayer al presidente de Globalia, Juan Jos\u00e9 Hidalgo, del premio a la Innovaci\u00f3n Empresarial, un galard\u00f3n que se enmarca dentro del 92 aniversario de los premios anuales de la ACPE 2014, con el que se reconoce la labor en materia de innovaci\u00f3n tecnol\u00f3gica del grupo.\" \/>\n\t\t<meta name=\"twitter:image\" content=\"https:\/\/eldigitaldeasturias.com\/magazine365\/wp-content\/uploads\/2015\/06\/fotonoticia_20150610192602_800.jpg\" \/>\n\t\t<script type=\"application\/ld+json\" class=\"aioseo-schema\">\n\t\t\t{\"@context\":\"https:\\\/\\\/schema.org\",\"@graph\":[{\"@type\":\"Article\",\"@id\":\"https:\\\/\\\/eldigitaldeasturias.com\\\/magazine365\\\/globalia-premio-a-la-innovacion-empresarial-por-la-prensa-extranjera\\\/#article\",\"name\":\"Globalia, premio a la innovaci\\u00f3n empresarial por la prensa extranjera | El Digital de Asturias\",\"headline\":\"Globalia, premio a la innovaci\\u00f3n empresarial por la prensa extranjera\",\"author\":{\"@id\":\"https:\\\/\\\/eldigitaldeasturias.com\\\/magazine365\\\/author\\\/admin\\\/#author\"},\"publisher\":{\"@id\":\"https:\\\/\\\/eldigitaldeasturias.com\\\/magazine365\\\/#organization\"},\"image\":{\"@type\":\"ImageObject\",\"url\":\"https:\\\/\\\/eldigitaldeasturias.com\\\/magazine365\\\/wp-content\\\/uploads\\\/2015\\\/06\\\/fotonoticia_20150610192602_800.jpg\",\"width\":800,\"height\":523},\"datePublished\":\"2015-06-11T06:42:11+02:00\",\"dateModified\":\"2015-06-11T06:42:11+02:00\",\"inLanguage\":\"es-ES\",\"mainEntityOfPage\":{\"@id\":\"https:\\\/\\\/eldigitaldeasturias.com\\\/magazine365\\\/globalia-premio-a-la-innovacion-empresarial-por-la-prensa-extranjera\\\/#webpage\"},\"isPartOf\":{\"@id\":\"https:\\\/\\\/eldigitaldeasturias.com\\\/magazine365\\\/globalia-premio-a-la-innovacion-empresarial-por-la-prensa-extranjera\\\/#webpage\"},\"articleSection\":\"Actualidad Turismo\"},{\"@type\":\"BreadcrumbList\",\"@id\":\"https:\\\/\\\/eldigitaldeasturias.com\\\/magazine365\\\/globalia-premio-a-la-innovacion-empresarial-por-la-prensa-extranjera\\\/#breadcrumblist\",\"itemListElement\":[{\"@type\":\"ListItem\",\"@id\":\"https:\\\/\\\/eldigitaldeasturias.com\\\/magazine365#listItem\",\"position\":1,\"name\":\"Home\",\"item\":\"https:\\\/\\\/eldigitaldeasturias.com\\\/magazine365\",\"nextItem\":{\"@type\":\"ListItem\",\"@id\":\"https:\\\/\\\/eldigitaldeasturias.com\\\/magazine365\\\/category\\\/actualidad-turismo\\\/#listItem\",\"name\":\"Actualidad Turismo\"}},{\"@type\":\"ListItem\",\"@id\":\"https:\\\/\\\/eldigitaldeasturias.com\\\/magazine365\\\/category\\\/actualidad-turismo\\\/#listItem\",\"position\":2,\"name\":\"Actualidad Turismo\",\"item\":\"https:\\\/\\\/eldigitaldeasturias.com\\\/magazine365\\\/category\\\/actualidad-turismo\\\/\",\"nextItem\":{\"@type\":\"ListItem\",\"@id\":\"https:\\\/\\\/eldigitaldeasturias.com\\\/magazine365\\\/globalia-premio-a-la-innovacion-empresarial-por-la-prensa-extranjera\\\/#listItem\",\"name\":\"Globalia, premio a la innovaci\\u00f3n empresarial por la prensa extranjera\"},\"previousItem\":{\"@type\":\"ListItem\",\"@id\":\"https:\\\/\\\/eldigitaldeasturias.com\\\/magazine365#listItem\",\"name\":\"Home\"}},{\"@type\":\"ListItem\",\"@id\":\"https:\\\/\\\/eldigitaldeasturias.com\\\/magazine365\\\/globalia-premio-a-la-innovacion-empresarial-por-la-prensa-extranjera\\\/#listItem\",\"position\":3,\"name\":\"Globalia, premio a la innovaci\\u00f3n empresarial por la prensa extranjera\",\"previousItem\":{\"@type\":\"ListItem\",\"@id\":\"https:\\\/\\\/eldigitaldeasturias.com\\\/magazine365\\\/category\\\/actualidad-turismo\\\/#listItem\",\"name\":\"Actualidad Turismo\"}}]},{\"@type\":\"Organization\",\"@id\":\"https:\\\/\\\/eldigitaldeasturias.com\\\/magazine365\\\/#organization\",\"name\":\"El digital de Asturias\",\"description\":\"Revista de ocio, turismo y estilo de vida\",\"url\":\"https:\\\/\\\/eldigitaldeasturias.com\\\/magazine365\\\/\",\"logo\":{\"@type\":\"ImageObject\",\"url\":\"https:\\\/\\\/www.eldigitaldeasturias.com\\\/noticias\\\/wp-content\\\/uploads\\\/2020\\\/12\\\/EDA.jpg\",\"@id\":\"https:\\\/\\\/eldigitaldeasturias.com\\\/magazine365\\\/globalia-premio-a-la-innovacion-empresarial-por-la-prensa-extranjera\\\/#organizationLogo\"},\"image\":{\"@id\":\"https:\\\/\\\/eldigitaldeasturias.com\\\/magazine365\\\/globalia-premio-a-la-innovacion-empresarial-por-la-prensa-extranjera\\\/#organizationLogo\"}},{\"@type\":\"Person\",\"@id\":\"https:\\\/\\\/eldigitaldeasturias.com\\\/magazine365\\\/author\\\/admin\\\/#author\",\"url\":\"https:\\\/\\\/eldigitaldeasturias.com\\\/magazine365\\\/author\\\/admin\\\/\",\"name\":\"admin\",\"image\":{\"@type\":\"ImageObject\",\"@id\":\"https:\\\/\\\/eldigitaldeasturias.com\\\/magazine365\\\/globalia-premio-a-la-innovacion-empresarial-por-la-prensa-extranjera\\\/#authorImage\",\"url\":\"https:\\\/\\\/eldigitaldeasturias.com\\\/magazine365\\\/wp-content\\\/litespeed\\\/avatar\\\/e571bcf59a0edd6fa6838245a470f2fe.jpg?ver=1776969259\",\"width\":96,\"height\":96,\"caption\":\"admin\"}},{\"@type\":\"WebPage\",\"@id\":\"https:\\\/\\\/eldigitaldeasturias.com\\\/magazine365\\\/globalia-premio-a-la-innovacion-empresarial-por-la-prensa-extranjera\\\/#webpage\",\"url\":\"https:\\\/\\\/eldigitaldeasturias.com\\\/magazine365\\\/globalia-premio-a-la-innovacion-empresarial-por-la-prensa-extranjera\\\/\",\"name\":\"Globalia, premio a la innovaci\\u00f3n empresarial por la prensa extranjera | El Digital de Asturias\",\"description\":\"La Asociaci\\u00f3n de Corresponsales de Prensa Extranjera (ACPE) hizo entrega ayer al presidente de Globalia, Juan Jos\\u00e9 Hidalgo, del premio a la Innovaci\\u00f3n Empresarial, un galard\\u00f3n que se enmarca dentro del 92 aniversario de los premios anuales de la ACPE 2014, con el que se reconoce la labor en materia de innovaci\\u00f3n tecnol\\u00f3gica del grupo.\",\"inLanguage\":\"es-ES\",\"isPartOf\":{\"@id\":\"https:\\\/\\\/eldigitaldeasturias.com\\\/magazine365\\\/#website\"},\"breadcrumb\":{\"@id\":\"https:\\\/\\\/eldigitaldeasturias.com\\\/magazine365\\\/globalia-premio-a-la-innovacion-empresarial-por-la-prensa-extranjera\\\/#breadcrumblist\"},\"author\":{\"@id\":\"https:\\\/\\\/eldigitaldeasturias.com\\\/magazine365\\\/author\\\/admin\\\/#author\"},\"creator\":{\"@id\":\"https:\\\/\\\/eldigitaldeasturias.com\\\/magazine365\\\/author\\\/admin\\\/#author\"},\"image\":{\"@type\":\"ImageObject\",\"url\":\"https:\\\/\\\/eldigitaldeasturias.com\\\/magazine365\\\/wp-content\\\/uploads\\\/2015\\\/06\\\/fotonoticia_20150610192602_800.jpg\",\"@id\":\"https:\\\/\\\/eldigitaldeasturias.com\\\/magazine365\\\/globalia-premio-a-la-innovacion-empresarial-por-la-prensa-extranjera\\\/#mainImage\",\"width\":800,\"height\":523},\"primaryImageOfPage\":{\"@id\":\"https:\\\/\\\/eldigitaldeasturias.com\\\/magazine365\\\/globalia-premio-a-la-innovacion-empresarial-por-la-prensa-extranjera\\\/#mainImage\"},\"datePublished\":\"2015-06-11T06:42:11+02:00\",\"dateModified\":\"2015-06-11T06:42:11+02:00\"},{\"@type\":\"WebSite\",\"@id\":\"https:\\\/\\\/eldigitaldeasturias.com\\\/magazine365\\\/#website\",\"url\":\"https:\\\/\\\/eldigitaldeasturias.com\\\/magazine365\\\/\",\"name\":\"El Digital de Asturias\",\"description\":\"Revista de ocio, turismo y estilo de vida\",\"inLanguage\":\"es-ES\",\"publisher\":{\"@id\":\"https:\\\/\\\/eldigitaldeasturias.com\\\/magazine365\\\/#organization\"}}]}\n\t\t<\/script>\n\t\t<!-- All in One SEO Pro -->\r\n\t\t<title>Globalia, premio a la innovaci\u00f3n empresarial por la prensa extranjera | El Digital de Asturias<\/title>\n\n","aioseo_head_json":{"title":"Globalia, premio a la innovaci\u00f3n empresarial por la prensa extranjera | El Digital de Asturias","description":"La Asociaci\u00f3n de Corresponsales de Prensa Extranjera (ACPE) hizo entrega ayer al presidente de Globalia, Juan Jos\u00e9 Hidalgo, del premio a la Innovaci\u00f3n Empresarial, un galard\u00f3n que se enmarca dentro del 92 aniversario de los premios anuales de la ACPE 2014, con el que se reconoce la labor en materia de innovaci\u00f3n tecnol\u00f3gica del grupo.","canonical_url":"https:\/\/eldigitaldeasturias.com\/magazine365\/globalia-premio-a-la-innovacion-empresarial-por-la-prensa-extranjera\/","robots":"max-image-preview:large","keywords":"actualidad turismo","webmasterTools":{"google-site-verification":"UA-38556648-1","miscellaneous":""},"schema":{"@context":"https:\/\/schema.org","@graph":[{"@type":"Article","@id":"https:\/\/eldigitaldeasturias.com\/magazine365\/globalia-premio-a-la-innovacion-empresarial-por-la-prensa-extranjera\/#article","name":"Globalia, premio a la innovaci\u00f3n empresarial por la prensa extranjera | El Digital de Asturias","headline":"Globalia, premio a la innovaci\u00f3n empresarial por la prensa extranjera","author":{"@id":"https:\/\/eldigitaldeasturias.com\/magazine365\/author\/admin\/#author"},"publisher":{"@id":"https:\/\/eldigitaldeasturias.com\/magazine365\/#organization"},"image":{"@type":"ImageObject","url":"https:\/\/eldigitaldeasturias.com\/magazine365\/wp-content\/uploads\/2015\/06\/fotonoticia_20150610192602_800.jpg","width":800,"height":523},"datePublished":"2015-06-11T06:42:11+02:00","dateModified":"2015-06-11T06:42:11+02:00","inLanguage":"es-ES","mainEntityOfPage":{"@id":"https:\/\/eldigitaldeasturias.com\/magazine365\/globalia-premio-a-la-innovacion-empresarial-por-la-prensa-extranjera\/#webpage"},"isPartOf":{"@id":"https:\/\/eldigitaldeasturias.com\/magazine365\/globalia-premio-a-la-innovacion-empresarial-por-la-prensa-extranjera\/#webpage"},"articleSection":"Actualidad Turismo"},{"@type":"BreadcrumbList","@id":"https:\/\/eldigitaldeasturias.com\/magazine365\/globalia-premio-a-la-innovacion-empresarial-por-la-prensa-extranjera\/#breadcrumblist","itemListElement":[{"@type":"ListItem","@id":"https:\/\/eldigitaldeasturias.com\/magazine365#listItem","position":1,"name":"Home","item":"https:\/\/eldigitaldeasturias.com\/magazine365","nextItem":{"@type":"ListItem","@id":"https:\/\/eldigitaldeasturias.com\/magazine365\/category\/actualidad-turismo\/#listItem","name":"Actualidad Turismo"}},{"@type":"ListItem","@id":"https:\/\/eldigitaldeasturias.com\/magazine365\/category\/actualidad-turismo\/#listItem","position":2,"name":"Actualidad Turismo","item":"https:\/\/eldigitaldeasturias.com\/magazine365\/category\/actualidad-turismo\/","nextItem":{"@type":"ListItem","@id":"https:\/\/eldigitaldeasturias.com\/magazine365\/globalia-premio-a-la-innovacion-empresarial-por-la-prensa-extranjera\/#listItem","name":"Globalia, premio a la innovaci\u00f3n empresarial por la prensa extranjera"},"previousItem":{"@type":"ListItem","@id":"https:\/\/eldigitaldeasturias.com\/magazine365#listItem","name":"Home"}},{"@type":"ListItem","@id":"https:\/\/eldigitaldeasturias.com\/magazine365\/globalia-premio-a-la-innovacion-empresarial-por-la-prensa-extranjera\/#listItem","position":3,"name":"Globalia, premio a la innovaci\u00f3n empresarial por la prensa extranjera","previousItem":{"@type":"ListItem","@id":"https:\/\/eldigitaldeasturias.com\/magazine365\/category\/actualidad-turismo\/#listItem","name":"Actualidad Turismo"}}]},{"@type":"Organization","@id":"https:\/\/eldigitaldeasturias.com\/magazine365\/#organization","name":"El digital de Asturias","description":"Revista de ocio, turismo y estilo de vida","url":"https:\/\/eldigitaldeasturias.com\/magazine365\/","logo":{"@type":"ImageObject","url":"https:\/\/www.eldigitaldeasturias.com\/noticias\/wp-content\/uploads\/2020\/12\/EDA.jpg","@id":"https:\/\/eldigitaldeasturias.com\/magazine365\/globalia-premio-a-la-innovacion-empresarial-por-la-prensa-extranjera\/#organizationLogo"},"image":{"@id":"https:\/\/eldigitaldeasturias.com\/magazine365\/globalia-premio-a-la-innovacion-empresarial-por-la-prensa-extranjera\/#organizationLogo"}},{"@type":"Person","@id":"https:\/\/eldigitaldeasturias.com\/magazine365\/author\/admin\/#author","url":"https:\/\/eldigitaldeasturias.com\/magazine365\/author\/admin\/","name":"admin","image":{"@type":"ImageObject","@id":"https:\/\/eldigitaldeasturias.com\/magazine365\/globalia-premio-a-la-innovacion-empresarial-por-la-prensa-extranjera\/#authorImage","url":"https:\/\/eldigitaldeasturias.com\/magazine365\/wp-content\/litespeed\/avatar\/e571bcf59a0edd6fa6838245a470f2fe.jpg?ver=1776969259","width":96,"height":96,"caption":"admin"}},{"@type":"WebPage","@id":"https:\/\/eldigitaldeasturias.com\/magazine365\/globalia-premio-a-la-innovacion-empresarial-por-la-prensa-extranjera\/#webpage","url":"https:\/\/eldigitaldeasturias.com\/magazine365\/globalia-premio-a-la-innovacion-empresarial-por-la-prensa-extranjera\/","name":"Globalia, premio a la innovaci\u00f3n empresarial por la prensa extranjera | El Digital de Asturias","description":"La Asociaci\u00f3n de Corresponsales de Prensa Extranjera (ACPE) hizo entrega ayer al presidente de Globalia, Juan Jos\u00e9 Hidalgo, del premio a la Innovaci\u00f3n Empresarial, un galard\u00f3n que se enmarca dentro del 92 aniversario de los premios anuales de la ACPE 2014, con el que se reconoce la labor en materia de innovaci\u00f3n tecnol\u00f3gica del grupo.","inLanguage":"es-ES","isPartOf":{"@id":"https:\/\/eldigitaldeasturias.com\/magazine365\/#website"},"breadcrumb":{"@id":"https:\/\/eldigitaldeasturias.com\/magazine365\/globalia-premio-a-la-innovacion-empresarial-por-la-prensa-extranjera\/#breadcrumblist"},"author":{"@id":"https:\/\/eldigitaldeasturias.com\/magazine365\/author\/admin\/#author"},"creator":{"@id":"https:\/\/eldigitaldeasturias.com\/magazine365\/author\/admin\/#author"},"image":{"@type":"ImageObject","url":"https:\/\/eldigitaldeasturias.com\/magazine365\/wp-content\/uploads\/2015\/06\/fotonoticia_20150610192602_800.jpg","@id":"https:\/\/eldigitaldeasturias.com\/magazine365\/globalia-premio-a-la-innovacion-empresarial-por-la-prensa-extranjera\/#mainImage","width":800,"height":523},"primaryImageOfPage":{"@id":"https:\/\/eldigitaldeasturias.com\/magazine365\/globalia-premio-a-la-innovacion-empresarial-por-la-prensa-extranjera\/#mainImage"},"datePublished":"2015-06-11T06:42:11+02:00","dateModified":"2015-06-11T06:42:11+02:00"},{"@type":"WebSite","@id":"https:\/\/eldigitaldeasturias.com\/magazine365\/#website","url":"https:\/\/eldigitaldeasturias.com\/magazine365\/","name":"El Digital de Asturias","description":"Revista de ocio, turismo y estilo de vida","inLanguage":"es-ES","publisher":{"@id":"https:\/\/eldigitaldeasturias.com\/magazine365\/#organization"}}]},"og:locale":"es_ES","og:site_name":"El Digital de Asturias \u2013 Revista de ocio, turismo y estilo de vida","og:type":"article","og:title":"Globalia, premio a la innovaci\u00f3n empresarial por la prensa extranjera | El Digital de Asturias","og:description":"La Asociaci\u00f3n de Corresponsales de Prensa Extranjera (ACPE) hizo entrega ayer al presidente de Globalia, Juan Jos\u00e9 Hidalgo, del premio a la Innovaci\u00f3n Empresarial, un galard\u00f3n que se enmarca dentro del 92 aniversario de los premios anuales de la ACPE 2014, con el que se reconoce la labor en materia de innovaci\u00f3n tecnol\u00f3gica del grupo.","og:url":"https:\/\/eldigitaldeasturias.com\/magazine365\/globalia-premio-a-la-innovacion-empresarial-por-la-prensa-extranjera\/","og:image":"https:\/\/eldigitaldeasturias.com\/magazine365\/wp-content\/uploads\/2015\/06\/fotonoticia_20150610192602_800.jpg","og:image:secure_url":"https:\/\/eldigitaldeasturias.com\/magazine365\/wp-content\/uploads\/2015\/06\/fotonoticia_20150610192602_800.jpg","og:image:width":800,"og:image:height":523,"article:published_time":"2015-06-11T05:12:11+00:00","article:modified_time":"2015-06-11T05:12:11+00:00","twitter:card":"summary_large_image","twitter:title":"Globalia, premio a la innovaci\u00f3n empresarial por la prensa extranjera | El Digital de Asturias","twitter:description":"La Asociaci\u00f3n de Corresponsales de Prensa Extranjera (ACPE) hizo entrega ayer al presidente de Globalia, Juan Jos\u00e9 Hidalgo, del premio a la Innovaci\u00f3n Empresarial, un galard\u00f3n que se enmarca dentro del 92 aniversario de los premios anuales de la ACPE 2014, con el que se reconoce la labor en materia de innovaci\u00f3n tecnol\u00f3gica del grupo.","twitter:image":"https:\/\/eldigitaldeasturias.com\/magazine365\/wp-content\/uploads\/2015\/06\/fotonoticia_20150610192602_800.jpg"},"aioseo_meta_data":{"post_id":"39538","title":null,"description":null,"keywords":null,"keyphrases":null,"primary_term":null,"canonical_url":null,"og_title":null,"og_description":null,"og_object_type":"default","og_image_type":"default","og_image_url":null,"og_image_width":null,"og_image_height":null,"og_image_custom_url":null,"og_image_custom_fields":null,"og_video":null,"og_custom_url":null,"og_article_section":null,"og_article_tags":null,"twitter_use_og":false,"twitter_card":"default","twitter_image_type":"default","twitter_image_url":null,"twitter_image_custom_url":null,"twitter_image_custom_fields":null,"twitter_title":null,"twitter_description":null,"schema":{"blockGraphs":[],"customGraphs":[],"default":{"data":{"Article":[],"Course":[],"Dataset":[],"FAQPage":[],"Movie":[],"Person":[],"Product":[],"ProductReview":[],"Car":[],"Recipe":[],"Service":[],"SoftwareApplication":[],"WebPage":[]},"graphName":"","isEnabled":true},"graphs":[],"defaultGraph":"","defaultPostTypeGraph":""},"schema_type":null,"schema_type_options":null,"pillar_content":false,"robots_default":true,"robots_noindex":false,"robots_noarchive":false,"robots_nosnippet":false,"robots_nofollow":false,"robots_noimageindex":false,"robots_noodp":false,"robots_notranslate":false,"robots_max_snippet":null,"robots_max_videopreview":null,"robots_max_imagepreview":"large","priority":null,"frequency":null,"location":null,"local_seo":null,"seo_analyzer_scan_date":"2025-09-19 11:50:52","breadcrumb_settings":null,"limit_modified_date":false,"open_ai":null,"ai":null,"created":"2021-03-09 02:39:55","updated":"2025-09-19 11:50:52"},"aioseo_breadcrumb":"<div class=\"aioseo-breadcrumbs\"><span class=\"aioseo-breadcrumb\">\n\t<a href=\"https:\/\/eldigitaldeasturias.com\/magazine365\" title=\"Home\">Home<\/a>\n<\/span><span class=\"aioseo-breadcrumb-separator\">\u2013<\/span><span class=\"aioseo-breadcrumb\">\n\t<a href=\"https:\/\/eldigitaldeasturias.com\/magazine365\/category\/actualidad-turismo\/\" title=\"Actualidad Turismo\">Actualidad Turismo<\/a>\n<\/span><span class=\"aioseo-breadcrumb-separator\">\u2013<\/span><span class=\"aioseo-breadcrumb\">\n\t<a href=\"https:\/\/eldigitaldeasturias.com\/magazine365\/globalia-premio-a-la-innovacion-empresarial-por-la-prensa-extranjera\/\" title=\"Globalia, premio a la innovaci\u00f3n empresarial por la prensa extranjera\">Globalia, premio a la innovaci\u00f3n empresarial por la prensa extranjera<\/a>\n<\/span><\/div>","aioseo_breadcrumb_json":[{"label":"Home","link":"https:\/\/eldigitaldeasturias.com\/magazine365"},{"label":"Actualidad Turismo","link":"https:\/\/eldigitaldeasturias.com\/magazine365\/category\/actualidad-turismo\/"},{"label":"Globalia, premio a la innovaci\u00f3n empresarial por la prensa extranjera","link":"https:\/\/eldigitaldeasturias.com\/magazine365\/globalia-premio-a-la-innovacion-empresarial-por-la-prensa-extranjera\/"}],"_links":{"self":[{"href":"https:\/\/eldigitaldeasturias.com\/magazine365\/wp-json\/wp\/v2\/posts\/39538","targetHints":{"allow":["GET"]}}],"collection":[{"href":"https:\/\/eldigitaldeasturias.com\/magazine365\/wp-json\/wp\/v2\/posts"}],"about":[{"href":"https:\/\/eldigitaldeasturias.com\/magazine365\/wp-json\/wp\/v2\/types\/post"}],"author":[{"embeddable":true,"href":"https:\/\/eldigitaldeasturias.com\/magazine365\/wp-json\/wp\/v2\/users\/1"}],"replies":[{"embeddable":true,"href":"https:\/\/eldigitaldeasturias.com\/magazine365\/wp-json\/wp\/v2\/comments?post=39538"}],"version-history":[{"count":0,"href":"https:\/\/eldigitaldeasturias.com\/magazine365\/wp-json\/wp\/v2\/posts\/39538\/revisions"}],"wp:featuredmedia":[{"embeddable":true,"href":"https:\/\/eldigitaldeasturias.com\/magazine365\/wp-json\/wp\/v2\/media\/39539"}],"wp:attachment":[{"href":"https:\/\/eldigitaldeasturias.com\/magazine365\/wp-json\/wp\/v2\/media?parent=39538"}],"wp:term":[{"taxonomy":"category","embeddable":true,"href":"https:\/\/eldigitaldeasturias.com\/magazine365\/wp-json\/wp\/v2\/categories?post=39538"},{"taxonomy":"post_tag","embeddable":true,"href":"https:\/\/eldigitaldeasturias.com\/magazine365\/wp-json\/wp\/v2\/tags?post=39538"}],"curies":[{"name":"wp","href":"https:\/\/api.w.org\/{rel}","templated":true}]}}