{"id":39516,"date":"2015-06-11T06:20:13","date_gmt":"2015-06-11T04:50:13","guid":{"rendered":"http:\/\/eldigitaldeasturias.com\/magazine365\/?p=39516"},"modified":"2015-06-11T06:20:36","modified_gmt":"2015-06-11T04:50:36","slug":"mercado-indonesio-se-interesa-por-el-turismo-gastronomico-de-la-costa-del-sol","status":"publish","type":"post","link":"https:\/\/eldigitaldeasturias.com\/magazine365\/mercado-indonesio-se-interesa-por-el-turismo-gastronomico-de-la-costa-del-sol\/","title":{"rendered":"El mercado indonesio se interesa por el turismo gastron\u00f3mico de la Costa del Sol"},"content":{"rendered":"<p><img fetchpriority=\"high\" decoding=\"async\" class=\"alignleft size-medium wp-image-39517\" src=\"https:\/\/eldigitaldeasturias.com\/magazine365\/wp-content\/uploads\/2015\/06\/fotonoticia_20150610161303_800-360x240.jpg\" alt=\"fotonoticia_20150610161303_800\" width=\"360\" height=\"240\" srcset=\"https:\/\/eldigitaldeasturias.com\/magazine365\/wp-content\/uploads\/2015\/06\/fotonoticia_20150610161303_800-360x240.jpg 360w, https:\/\/eldigitaldeasturias.com\/magazine365\/wp-content\/uploads\/2015\/06\/fotonoticia_20150610161303_800-650x434.jpg 650w, https:\/\/eldigitaldeasturias.com\/magazine365\/wp-content\/uploads\/2015\/06\/fotonoticia_20150610161303_800-768x513.jpg 768w, https:\/\/eldigitaldeasturias.com\/magazine365\/wp-content\/uploads\/2015\/06\/fotonoticia_20150610161303_800-150x100.jpg 150w, https:\/\/eldigitaldeasturias.com\/magazine365\/wp-content\/uploads\/2015\/06\/fotonoticia_20150610161303_800-450x300.jpg 450w, https:\/\/eldigitaldeasturias.com\/magazine365\/wp-content\/uploads\/2015\/06\/fotonoticia_20150610161303_800-696x465.jpg 696w, https:\/\/eldigitaldeasturias.com\/magazine365\/wp-content\/uploads\/2015\/06\/fotonoticia_20150610161303_800-629x420.jpg 629w, https:\/\/eldigitaldeasturias.com\/magazine365\/wp-content\/uploads\/2015\/06\/fotonoticia_20150610161303_800-84x55.jpg 84w, https:\/\/eldigitaldeasturias.com\/magazine365\/wp-content\/uploads\/2015\/06\/fotonoticia_20150610161303_800.jpg 800w\" sizes=\"(max-width: 360px) 100vw, 360px\" \/>Representantes de 10 agencias de viajes procedentes de Indonesia han recorrido M\u00e1laga esta semana como parte de un viaje de familiarizaci\u00f3n por Espa\u00f1a y que est\u00e1 recorriendo la denominada Ruta del Califato, que comunica las dos capitales andaluzas m\u00e1s importantes de la \u00e9poca hispanomusulmana: Granada y C\u00f3rdoba.<\/p>\n<p>En este viaje, en colaboraci\u00f3n con Turespa\u00f1a, la Consejer\u00eda de Comercio y Turismo de la Junta de Andaluc\u00eda y Turkish Airlines, los agentes indonesios han podido conocer el Museo Picasso M\u00e1laga, el centro hist\u00f3rico, el Palmeral de las Sorpresas, Muelle Uno, La Alcazaba y el Castillo de Gibralfaro.<\/p>\n<p>El destino Costa del Sol se presenta ante estas agencias indonesias como una nueva oportunidad de negocio para llegar a los turistas del pa\u00eds del sudeste asi\u00e1tico, haciendo hincapi\u00e9 en el turismo cultural, gastron\u00f3mico, de ocio en familia y compras.<\/p>\n<p>Por la provincia han pasado una decena de agencias como Astrindo, Bayu Buana Travel, Dwidaya, Golden Rama, Limbunan, Antavaya, Obaja Tour, Panorama Tour, Travel Center o Smailing Tours, seg\u00fan han indicado desde la Diputaci\u00f3n en un comunicado.<\/p>\n<p>El presidente de Turismo Costa del Sol, El\u00edas Bendodo, ha indicado que acciones promocionales como \u00e9sta sirven para seguir sumando esfuerzos en favor de la dinamizaci\u00f3n econ\u00f3mica de la provincia.<\/p>\n<p>\u00abNo es un mercado ni mucho menos puntero en volumen de turistas, pero s\u00ed se encuentra en pleno auge en Andaluc\u00eda y un destino como la provincia de M\u00e1laga, que est\u00e1 posicionado como un referente a nivel internacional, tiene que aprovechar todas las oportunidades para continuar en la senda del crecimiento\u00bb, ha manifestado.<\/p>\n<p>Espa\u00f1a recibi\u00f3 el pasado a\u00f1o a 41.127 viajeros indonesios, seg\u00fan Frontur, mientras que en Andaluc\u00eda se registraron 2.378. Sin embargo, la tendencia del \u00faltimo a\u00f1o refleja un retroceso en n\u00famero a nivel nacional (-29 por ciento) y un espectacular avance en la Comunidad andaluza (+118,6 por ciento).<\/p>\n","protected":false},"excerpt":{"rendered":"<p>Representantes de 10 agencias de viajes procedentes de Indonesia han recorrido M\u00e1laga esta semana como parte de un viaje de familiarizaci\u00f3n por Espa\u00f1a y que est\u00e1 recorriendo la denominada Ruta del Califato, que comunica las dos capitales andaluzas m\u00e1s importantes de la \u00e9poca hispanomusulmana: Granada y C\u00f3rdoba. En este viaje, en colaboraci\u00f3n con Turespa\u00f1a, la<\/p>\n","protected":false},"author":1,"featured_media":39517,"comment_status":"open","ping_status":"closed","sticky":false,"template":"","format":"standard","meta":{"footnotes":""},"categories":[222],"tags":[],"class_list":{"0":"post-39516","1":"post","2":"type-post","3":"status-publish","4":"format-standard","5":"has-post-thumbnail","7":"category-actualidad-turismo"},"aioseo_notices":[],"aioseo_head":"\n\t\t<!-- All in One SEO Pro 4.9.6.1 - aioseo.com -->\n\t<meta name=\"description\" content=\"Representantes de 10 agencias de viajes procedentes de Indonesia han recorrido M\u00e1laga esta semana como parte de un viaje de familiarizaci\u00f3n por Espa\u00f1a y que est\u00e1 recorriendo la denominada Ruta del Califato, que comunica las dos capitales andaluzas m\u00e1s importantes de la \u00e9poca hispanomusulmana: Granada y C\u00f3rdoba. En este viaje, en colaboraci\u00f3n con Turespa\u00f1a, la\" \/>\n\t<meta name=\"robots\" content=\"max-image-preview:large\" \/>\n\t<meta name=\"author\" content=\"admin\"\/>\n\t<meta name=\"google-site-verification\" content=\"UA-38556648-1\" \/>\n\t<meta name=\"keywords\" content=\"actualidad turismo\" \/>\n\t<link rel=\"canonical\" href=\"https:\/\/eldigitaldeasturias.com\/magazine365\/mercado-indonesio-se-interesa-por-el-turismo-gastronomico-de-la-costa-del-sol\/\" \/>\n\t<meta name=\"generator\" content=\"All in One SEO Pro (AIOSEO) 4.9.6.1\" \/>\n\t\t<meta property=\"og:locale\" content=\"es_ES\" \/>\n\t\t<meta property=\"og:site_name\" content=\"El Digital de Asturias \u2013 Revista de ocio, turismo y estilo de vida\" \/>\n\t\t<meta property=\"og:type\" content=\"article\" \/>\n\t\t<meta property=\"og:title\" content=\"El mercado indonesio se interesa por el turismo gastron\u00f3mico de la Costa del Sol | El Digital de Asturias\" \/>\n\t\t<meta property=\"og:description\" content=\"Representantes de 10 agencias de viajes procedentes de Indonesia han recorrido M\u00e1laga esta semana como parte de un viaje de familiarizaci\u00f3n por Espa\u00f1a y que est\u00e1 recorriendo la denominada Ruta del Califato, que comunica las dos capitales andaluzas m\u00e1s importantes de la \u00e9poca hispanomusulmana: Granada y C\u00f3rdoba. En este viaje, en colaboraci\u00f3n con Turespa\u00f1a, la\" \/>\n\t\t<meta property=\"og:url\" content=\"https:\/\/eldigitaldeasturias.com\/magazine365\/mercado-indonesio-se-interesa-por-el-turismo-gastronomico-de-la-costa-del-sol\/\" \/>\n\t\t<meta property=\"og:image\" content=\"https:\/\/eldigitaldeasturias.com\/magazine365\/wp-content\/uploads\/2015\/06\/fotonoticia_20150610161303_800.jpg\" \/>\n\t\t<meta property=\"og:image:secure_url\" content=\"https:\/\/eldigitaldeasturias.com\/magazine365\/wp-content\/uploads\/2015\/06\/fotonoticia_20150610161303_800.jpg\" \/>\n\t\t<meta property=\"og:image:width\" content=\"800\" \/>\n\t\t<meta property=\"og:image:height\" content=\"534\" \/>\n\t\t<meta property=\"article:published_time\" content=\"2015-06-11T04:50:13+00:00\" \/>\n\t\t<meta property=\"article:modified_time\" content=\"2015-06-11T04:50:36+00:00\" \/>\n\t\t<meta name=\"twitter:card\" content=\"summary_large_image\" \/>\n\t\t<meta name=\"twitter:title\" content=\"El mercado indonesio se interesa por el turismo gastron\u00f3mico de la Costa del Sol | El Digital de Asturias\" \/>\n\t\t<meta name=\"twitter:description\" content=\"Representantes de 10 agencias de viajes procedentes de Indonesia han recorrido M\u00e1laga esta semana como parte de un viaje de familiarizaci\u00f3n por Espa\u00f1a y que est\u00e1 recorriendo la denominada Ruta del Califato, que comunica las dos capitales andaluzas m\u00e1s importantes de la \u00e9poca hispanomusulmana: Granada y C\u00f3rdoba. En este viaje, en colaboraci\u00f3n con Turespa\u00f1a, la\" \/>\n\t\t<meta name=\"twitter:image\" content=\"https:\/\/eldigitaldeasturias.com\/magazine365\/wp-content\/uploads\/2015\/06\/fotonoticia_20150610161303_800.jpg\" \/>\n\t\t<script type=\"application\/ld+json\" class=\"aioseo-schema\">\n\t\t\t{\"@context\":\"https:\\\/\\\/schema.org\",\"@graph\":[{\"@type\":\"Article\",\"@id\":\"https:\\\/\\\/eldigitaldeasturias.com\\\/magazine365\\\/mercado-indonesio-se-interesa-por-el-turismo-gastronomico-de-la-costa-del-sol\\\/#article\",\"name\":\"El mercado indonesio se interesa por el turismo gastron\\u00f3mico de la Costa del Sol | El Digital de Asturias\",\"headline\":\"El mercado indonesio se interesa por el turismo gastron\\u00f3mico de la Costa del Sol\",\"author\":{\"@id\":\"https:\\\/\\\/eldigitaldeasturias.com\\\/magazine365\\\/author\\\/admin\\\/#author\"},\"publisher\":{\"@id\":\"https:\\\/\\\/eldigitaldeasturias.com\\\/magazine365\\\/#organization\"},\"image\":{\"@type\":\"ImageObject\",\"url\":\"https:\\\/\\\/eldigitaldeasturias.com\\\/magazine365\\\/wp-content\\\/uploads\\\/2015\\\/06\\\/fotonoticia_20150610161303_800.jpg\",\"width\":800,\"height\":534},\"datePublished\":\"2015-06-11T06:20:13+02:00\",\"dateModified\":\"2015-06-11T06:20:36+02:00\",\"inLanguage\":\"es-ES\",\"mainEntityOfPage\":{\"@id\":\"https:\\\/\\\/eldigitaldeasturias.com\\\/magazine365\\\/mercado-indonesio-se-interesa-por-el-turismo-gastronomico-de-la-costa-del-sol\\\/#webpage\"},\"isPartOf\":{\"@id\":\"https:\\\/\\\/eldigitaldeasturias.com\\\/magazine365\\\/mercado-indonesio-se-interesa-por-el-turismo-gastronomico-de-la-costa-del-sol\\\/#webpage\"},\"articleSection\":\"Actualidad Turismo\"},{\"@type\":\"BreadcrumbList\",\"@id\":\"https:\\\/\\\/eldigitaldeasturias.com\\\/magazine365\\\/mercado-indonesio-se-interesa-por-el-turismo-gastronomico-de-la-costa-del-sol\\\/#breadcrumblist\",\"itemListElement\":[{\"@type\":\"ListItem\",\"@id\":\"https:\\\/\\\/eldigitaldeasturias.com\\\/magazine365#listItem\",\"position\":1,\"name\":\"Home\",\"item\":\"https:\\\/\\\/eldigitaldeasturias.com\\\/magazine365\",\"nextItem\":{\"@type\":\"ListItem\",\"@id\":\"https:\\\/\\\/eldigitaldeasturias.com\\\/magazine365\\\/category\\\/actualidad-turismo\\\/#listItem\",\"name\":\"Actualidad Turismo\"}},{\"@type\":\"ListItem\",\"@id\":\"https:\\\/\\\/eldigitaldeasturias.com\\\/magazine365\\\/category\\\/actualidad-turismo\\\/#listItem\",\"position\":2,\"name\":\"Actualidad Turismo\",\"item\":\"https:\\\/\\\/eldigitaldeasturias.com\\\/magazine365\\\/category\\\/actualidad-turismo\\\/\",\"nextItem\":{\"@type\":\"ListItem\",\"@id\":\"https:\\\/\\\/eldigitaldeasturias.com\\\/magazine365\\\/mercado-indonesio-se-interesa-por-el-turismo-gastronomico-de-la-costa-del-sol\\\/#listItem\",\"name\":\"El mercado indonesio se interesa por el turismo gastron\\u00f3mico de la Costa del Sol\"},\"previousItem\":{\"@type\":\"ListItem\",\"@id\":\"https:\\\/\\\/eldigitaldeasturias.com\\\/magazine365#listItem\",\"name\":\"Home\"}},{\"@type\":\"ListItem\",\"@id\":\"https:\\\/\\\/eldigitaldeasturias.com\\\/magazine365\\\/mercado-indonesio-se-interesa-por-el-turismo-gastronomico-de-la-costa-del-sol\\\/#listItem\",\"position\":3,\"name\":\"El mercado indonesio se interesa por el turismo gastron\\u00f3mico de la Costa del Sol\",\"previousItem\":{\"@type\":\"ListItem\",\"@id\":\"https:\\\/\\\/eldigitaldeasturias.com\\\/magazine365\\\/category\\\/actualidad-turismo\\\/#listItem\",\"name\":\"Actualidad Turismo\"}}]},{\"@type\":\"Organization\",\"@id\":\"https:\\\/\\\/eldigitaldeasturias.com\\\/magazine365\\\/#organization\",\"name\":\"El digital de Asturias\",\"description\":\"Revista de ocio, turismo y estilo de vida\",\"url\":\"https:\\\/\\\/eldigitaldeasturias.com\\\/magazine365\\\/\",\"logo\":{\"@type\":\"ImageObject\",\"url\":\"https:\\\/\\\/www.eldigitaldeasturias.com\\\/noticias\\\/wp-content\\\/uploads\\\/2020\\\/12\\\/EDA.jpg\",\"@id\":\"https:\\\/\\\/eldigitaldeasturias.com\\\/magazine365\\\/mercado-indonesio-se-interesa-por-el-turismo-gastronomico-de-la-costa-del-sol\\\/#organizationLogo\"},\"image\":{\"@id\":\"https:\\\/\\\/eldigitaldeasturias.com\\\/magazine365\\\/mercado-indonesio-se-interesa-por-el-turismo-gastronomico-de-la-costa-del-sol\\\/#organizationLogo\"}},{\"@type\":\"Person\",\"@id\":\"https:\\\/\\\/eldigitaldeasturias.com\\\/magazine365\\\/author\\\/admin\\\/#author\",\"url\":\"https:\\\/\\\/eldigitaldeasturias.com\\\/magazine365\\\/author\\\/admin\\\/\",\"name\":\"admin\",\"image\":{\"@type\":\"ImageObject\",\"@id\":\"https:\\\/\\\/eldigitaldeasturias.com\\\/magazine365\\\/mercado-indonesio-se-interesa-por-el-turismo-gastronomico-de-la-costa-del-sol\\\/#authorImage\",\"url\":\"https:\\\/\\\/eldigitaldeasturias.com\\\/magazine365\\\/wp-content\\\/litespeed\\\/avatar\\\/e571bcf59a0edd6fa6838245a470f2fe.jpg?ver=1776969259\",\"width\":96,\"height\":96,\"caption\":\"admin\"}},{\"@type\":\"WebPage\",\"@id\":\"https:\\\/\\\/eldigitaldeasturias.com\\\/magazine365\\\/mercado-indonesio-se-interesa-por-el-turismo-gastronomico-de-la-costa-del-sol\\\/#webpage\",\"url\":\"https:\\\/\\\/eldigitaldeasturias.com\\\/magazine365\\\/mercado-indonesio-se-interesa-por-el-turismo-gastronomico-de-la-costa-del-sol\\\/\",\"name\":\"El mercado indonesio se interesa por el turismo gastron\\u00f3mico de la Costa del Sol | El Digital de Asturias\",\"description\":\"Representantes de 10 agencias de viajes procedentes de Indonesia han recorrido M\\u00e1laga esta semana como parte de un viaje de familiarizaci\\u00f3n por Espa\\u00f1a y que est\\u00e1 recorriendo la denominada Ruta del Califato, que comunica las dos capitales andaluzas m\\u00e1s importantes de la \\u00e9poca hispanomusulmana: Granada y C\\u00f3rdoba. En este viaje, en colaboraci\\u00f3n con Turespa\\u00f1a, la\",\"inLanguage\":\"es-ES\",\"isPartOf\":{\"@id\":\"https:\\\/\\\/eldigitaldeasturias.com\\\/magazine365\\\/#website\"},\"breadcrumb\":{\"@id\":\"https:\\\/\\\/eldigitaldeasturias.com\\\/magazine365\\\/mercado-indonesio-se-interesa-por-el-turismo-gastronomico-de-la-costa-del-sol\\\/#breadcrumblist\"},\"author\":{\"@id\":\"https:\\\/\\\/eldigitaldeasturias.com\\\/magazine365\\\/author\\\/admin\\\/#author\"},\"creator\":{\"@id\":\"https:\\\/\\\/eldigitaldeasturias.com\\\/magazine365\\\/author\\\/admin\\\/#author\"},\"image\":{\"@type\":\"ImageObject\",\"url\":\"https:\\\/\\\/eldigitaldeasturias.com\\\/magazine365\\\/wp-content\\\/uploads\\\/2015\\\/06\\\/fotonoticia_20150610161303_800.jpg\",\"@id\":\"https:\\\/\\\/eldigitaldeasturias.com\\\/magazine365\\\/mercado-indonesio-se-interesa-por-el-turismo-gastronomico-de-la-costa-del-sol\\\/#mainImage\",\"width\":800,\"height\":534},\"primaryImageOfPage\":{\"@id\":\"https:\\\/\\\/eldigitaldeasturias.com\\\/magazine365\\\/mercado-indonesio-se-interesa-por-el-turismo-gastronomico-de-la-costa-del-sol\\\/#mainImage\"},\"datePublished\":\"2015-06-11T06:20:13+02:00\",\"dateModified\":\"2015-06-11T06:20:36+02:00\"},{\"@type\":\"WebSite\",\"@id\":\"https:\\\/\\\/eldigitaldeasturias.com\\\/magazine365\\\/#website\",\"url\":\"https:\\\/\\\/eldigitaldeasturias.com\\\/magazine365\\\/\",\"name\":\"El Digital de Asturias\",\"description\":\"Revista de ocio, turismo y estilo de vida\",\"inLanguage\":\"es-ES\",\"publisher\":{\"@id\":\"https:\\\/\\\/eldigitaldeasturias.com\\\/magazine365\\\/#organization\"}}]}\n\t\t<\/script>\n\t\t<!-- All in One SEO Pro -->\r\n\t\t<title>El mercado indonesio se interesa por el turismo gastron\u00f3mico de la Costa del Sol | El Digital de Asturias<\/title>\n\n","aioseo_head_json":{"title":"El mercado indonesio se interesa por el turismo gastron\u00f3mico de la Costa del Sol | El Digital de Asturias","description":"Representantes de 10 agencias de viajes procedentes de Indonesia han recorrido M\u00e1laga esta semana como parte de un viaje de familiarizaci\u00f3n por Espa\u00f1a y que est\u00e1 recorriendo la denominada Ruta del Califato, que comunica las dos capitales andaluzas m\u00e1s importantes de la \u00e9poca hispanomusulmana: Granada y C\u00f3rdoba. En este viaje, en colaboraci\u00f3n con Turespa\u00f1a, la","canonical_url":"https:\/\/eldigitaldeasturias.com\/magazine365\/mercado-indonesio-se-interesa-por-el-turismo-gastronomico-de-la-costa-del-sol\/","robots":"max-image-preview:large","keywords":"actualidad turismo","webmasterTools":{"google-site-verification":"UA-38556648-1","miscellaneous":""},"schema":{"@context":"https:\/\/schema.org","@graph":[{"@type":"Article","@id":"https:\/\/eldigitaldeasturias.com\/magazine365\/mercado-indonesio-se-interesa-por-el-turismo-gastronomico-de-la-costa-del-sol\/#article","name":"El mercado indonesio se interesa por el turismo gastron\u00f3mico de la Costa del Sol | El Digital de Asturias","headline":"El mercado indonesio se interesa por el turismo gastron\u00f3mico de la Costa del Sol","author":{"@id":"https:\/\/eldigitaldeasturias.com\/magazine365\/author\/admin\/#author"},"publisher":{"@id":"https:\/\/eldigitaldeasturias.com\/magazine365\/#organization"},"image":{"@type":"ImageObject","url":"https:\/\/eldigitaldeasturias.com\/magazine365\/wp-content\/uploads\/2015\/06\/fotonoticia_20150610161303_800.jpg","width":800,"height":534},"datePublished":"2015-06-11T06:20:13+02:00","dateModified":"2015-06-11T06:20:36+02:00","inLanguage":"es-ES","mainEntityOfPage":{"@id":"https:\/\/eldigitaldeasturias.com\/magazine365\/mercado-indonesio-se-interesa-por-el-turismo-gastronomico-de-la-costa-del-sol\/#webpage"},"isPartOf":{"@id":"https:\/\/eldigitaldeasturias.com\/magazine365\/mercado-indonesio-se-interesa-por-el-turismo-gastronomico-de-la-costa-del-sol\/#webpage"},"articleSection":"Actualidad Turismo"},{"@type":"BreadcrumbList","@id":"https:\/\/eldigitaldeasturias.com\/magazine365\/mercado-indonesio-se-interesa-por-el-turismo-gastronomico-de-la-costa-del-sol\/#breadcrumblist","itemListElement":[{"@type":"ListItem","@id":"https:\/\/eldigitaldeasturias.com\/magazine365#listItem","position":1,"name":"Home","item":"https:\/\/eldigitaldeasturias.com\/magazine365","nextItem":{"@type":"ListItem","@id":"https:\/\/eldigitaldeasturias.com\/magazine365\/category\/actualidad-turismo\/#listItem","name":"Actualidad Turismo"}},{"@type":"ListItem","@id":"https:\/\/eldigitaldeasturias.com\/magazine365\/category\/actualidad-turismo\/#listItem","position":2,"name":"Actualidad Turismo","item":"https:\/\/eldigitaldeasturias.com\/magazine365\/category\/actualidad-turismo\/","nextItem":{"@type":"ListItem","@id":"https:\/\/eldigitaldeasturias.com\/magazine365\/mercado-indonesio-se-interesa-por-el-turismo-gastronomico-de-la-costa-del-sol\/#listItem","name":"El mercado indonesio se interesa por el turismo gastron\u00f3mico de la Costa del Sol"},"previousItem":{"@type":"ListItem","@id":"https:\/\/eldigitaldeasturias.com\/magazine365#listItem","name":"Home"}},{"@type":"ListItem","@id":"https:\/\/eldigitaldeasturias.com\/magazine365\/mercado-indonesio-se-interesa-por-el-turismo-gastronomico-de-la-costa-del-sol\/#listItem","position":3,"name":"El mercado indonesio se interesa por el turismo gastron\u00f3mico de la Costa del Sol","previousItem":{"@type":"ListItem","@id":"https:\/\/eldigitaldeasturias.com\/magazine365\/category\/actualidad-turismo\/#listItem","name":"Actualidad Turismo"}}]},{"@type":"Organization","@id":"https:\/\/eldigitaldeasturias.com\/magazine365\/#organization","name":"El digital de Asturias","description":"Revista de ocio, turismo y estilo de vida","url":"https:\/\/eldigitaldeasturias.com\/magazine365\/","logo":{"@type":"ImageObject","url":"https:\/\/www.eldigitaldeasturias.com\/noticias\/wp-content\/uploads\/2020\/12\/EDA.jpg","@id":"https:\/\/eldigitaldeasturias.com\/magazine365\/mercado-indonesio-se-interesa-por-el-turismo-gastronomico-de-la-costa-del-sol\/#organizationLogo"},"image":{"@id":"https:\/\/eldigitaldeasturias.com\/magazine365\/mercado-indonesio-se-interesa-por-el-turismo-gastronomico-de-la-costa-del-sol\/#organizationLogo"}},{"@type":"Person","@id":"https:\/\/eldigitaldeasturias.com\/magazine365\/author\/admin\/#author","url":"https:\/\/eldigitaldeasturias.com\/magazine365\/author\/admin\/","name":"admin","image":{"@type":"ImageObject","@id":"https:\/\/eldigitaldeasturias.com\/magazine365\/mercado-indonesio-se-interesa-por-el-turismo-gastronomico-de-la-costa-del-sol\/#authorImage","url":"https:\/\/eldigitaldeasturias.com\/magazine365\/wp-content\/litespeed\/avatar\/e571bcf59a0edd6fa6838245a470f2fe.jpg?ver=1776969259","width":96,"height":96,"caption":"admin"}},{"@type":"WebPage","@id":"https:\/\/eldigitaldeasturias.com\/magazine365\/mercado-indonesio-se-interesa-por-el-turismo-gastronomico-de-la-costa-del-sol\/#webpage","url":"https:\/\/eldigitaldeasturias.com\/magazine365\/mercado-indonesio-se-interesa-por-el-turismo-gastronomico-de-la-costa-del-sol\/","name":"El mercado indonesio se interesa por el turismo gastron\u00f3mico de la Costa del Sol | El Digital de Asturias","description":"Representantes de 10 agencias de viajes procedentes de Indonesia han recorrido M\u00e1laga esta semana como parte de un viaje de familiarizaci\u00f3n por Espa\u00f1a y que est\u00e1 recorriendo la denominada Ruta del Califato, que comunica las dos capitales andaluzas m\u00e1s importantes de la \u00e9poca hispanomusulmana: Granada y C\u00f3rdoba. En este viaje, en colaboraci\u00f3n con Turespa\u00f1a, la","inLanguage":"es-ES","isPartOf":{"@id":"https:\/\/eldigitaldeasturias.com\/magazine365\/#website"},"breadcrumb":{"@id":"https:\/\/eldigitaldeasturias.com\/magazine365\/mercado-indonesio-se-interesa-por-el-turismo-gastronomico-de-la-costa-del-sol\/#breadcrumblist"},"author":{"@id":"https:\/\/eldigitaldeasturias.com\/magazine365\/author\/admin\/#author"},"creator":{"@id":"https:\/\/eldigitaldeasturias.com\/magazine365\/author\/admin\/#author"},"image":{"@type":"ImageObject","url":"https:\/\/eldigitaldeasturias.com\/magazine365\/wp-content\/uploads\/2015\/06\/fotonoticia_20150610161303_800.jpg","@id":"https:\/\/eldigitaldeasturias.com\/magazine365\/mercado-indonesio-se-interesa-por-el-turismo-gastronomico-de-la-costa-del-sol\/#mainImage","width":800,"height":534},"primaryImageOfPage":{"@id":"https:\/\/eldigitaldeasturias.com\/magazine365\/mercado-indonesio-se-interesa-por-el-turismo-gastronomico-de-la-costa-del-sol\/#mainImage"},"datePublished":"2015-06-11T06:20:13+02:00","dateModified":"2015-06-11T06:20:36+02:00"},{"@type":"WebSite","@id":"https:\/\/eldigitaldeasturias.com\/magazine365\/#website","url":"https:\/\/eldigitaldeasturias.com\/magazine365\/","name":"El Digital de Asturias","description":"Revista de ocio, turismo y estilo de vida","inLanguage":"es-ES","publisher":{"@id":"https:\/\/eldigitaldeasturias.com\/magazine365\/#organization"}}]},"og:locale":"es_ES","og:site_name":"El Digital de Asturias \u2013 Revista de ocio, turismo y estilo de vida","og:type":"article","og:title":"El mercado indonesio se interesa por el turismo gastron\u00f3mico de la Costa del Sol | El Digital de Asturias","og:description":"Representantes de 10 agencias de viajes procedentes de Indonesia han recorrido M\u00e1laga esta semana como parte de un viaje de familiarizaci\u00f3n por Espa\u00f1a y que est\u00e1 recorriendo la denominada Ruta del Califato, que comunica las dos capitales andaluzas m\u00e1s importantes de la \u00e9poca hispanomusulmana: Granada y C\u00f3rdoba. En este viaje, en colaboraci\u00f3n con Turespa\u00f1a, la","og:url":"https:\/\/eldigitaldeasturias.com\/magazine365\/mercado-indonesio-se-interesa-por-el-turismo-gastronomico-de-la-costa-del-sol\/","og:image":"https:\/\/eldigitaldeasturias.com\/magazine365\/wp-content\/uploads\/2015\/06\/fotonoticia_20150610161303_800.jpg","og:image:secure_url":"https:\/\/eldigitaldeasturias.com\/magazine365\/wp-content\/uploads\/2015\/06\/fotonoticia_20150610161303_800.jpg","og:image:width":800,"og:image:height":534,"article:published_time":"2015-06-11T04:50:13+00:00","article:modified_time":"2015-06-11T04:50:36+00:00","twitter:card":"summary_large_image","twitter:title":"El mercado indonesio se interesa por el turismo gastron\u00f3mico de la Costa del Sol | El Digital de Asturias","twitter:description":"Representantes de 10 agencias de viajes procedentes de Indonesia han recorrido M\u00e1laga esta semana como parte de un viaje de familiarizaci\u00f3n por Espa\u00f1a y que est\u00e1 recorriendo la denominada Ruta del Califato, que comunica las dos capitales andaluzas m\u00e1s importantes de la \u00e9poca hispanomusulmana: Granada y C\u00f3rdoba. En este viaje, en colaboraci\u00f3n con Turespa\u00f1a, la","twitter:image":"https:\/\/eldigitaldeasturias.com\/magazine365\/wp-content\/uploads\/2015\/06\/fotonoticia_20150610161303_800.jpg"},"aioseo_meta_data":{"post_id":"39516","title":null,"description":null,"keywords":null,"keyphrases":null,"primary_term":null,"canonical_url":null,"og_title":null,"og_description":null,"og_object_type":"default","og_image_type":"default","og_image_url":null,"og_image_width":null,"og_image_height":null,"og_image_custom_url":null,"og_image_custom_fields":null,"og_video":null,"og_custom_url":null,"og_article_section":null,"og_article_tags":null,"twitter_use_og":false,"twitter_card":"default","twitter_image_type":"default","twitter_image_url":null,"twitter_image_custom_url":null,"twitter_image_custom_fields":null,"twitter_title":null,"twitter_description":null,"schema":{"blockGraphs":[],"customGraphs":[],"default":{"data":{"Article":[],"Course":[],"Dataset":[],"FAQPage":[],"Movie":[],"Person":[],"Product":[],"ProductReview":[],"Car":[],"Recipe":[],"Service":[],"SoftwareApplication":[],"WebPage":[]},"graphName":"","isEnabled":true},"graphs":[],"defaultGraph":"","defaultPostTypeGraph":""},"schema_type":null,"schema_type_options":null,"pillar_content":false,"robots_default":true,"robots_noindex":false,"robots_noarchive":false,"robots_nosnippet":false,"robots_nofollow":false,"robots_noimageindex":false,"robots_noodp":false,"robots_notranslate":false,"robots_max_snippet":null,"robots_max_videopreview":null,"robots_max_imagepreview":"large","priority":null,"frequency":null,"location":null,"local_seo":null,"seo_analyzer_scan_date":"2025-09-19 11:47:27","breadcrumb_settings":null,"limit_modified_date":false,"open_ai":null,"ai":null,"created":"2021-03-09 02:40:52","updated":"2025-09-19 11:47:27"},"aioseo_breadcrumb":"<div class=\"aioseo-breadcrumbs\"><span class=\"aioseo-breadcrumb\">\n\t<a href=\"https:\/\/eldigitaldeasturias.com\/magazine365\" title=\"Home\">Home<\/a>\n<\/span><span class=\"aioseo-breadcrumb-separator\">\u2013<\/span><span class=\"aioseo-breadcrumb\">\n\t<a href=\"https:\/\/eldigitaldeasturias.com\/magazine365\/category\/actualidad-turismo\/\" title=\"Actualidad Turismo\">Actualidad Turismo<\/a>\n<\/span><span class=\"aioseo-breadcrumb-separator\">\u2013<\/span><span class=\"aioseo-breadcrumb\">\n\t<a href=\"https:\/\/eldigitaldeasturias.com\/magazine365\/mercado-indonesio-se-interesa-por-el-turismo-gastronomico-de-la-costa-del-sol\/\" title=\"El mercado indonesio se interesa por el turismo gastron\u00f3mico de la Costa del Sol\">El mercado indonesio se interesa por el turismo gastron\u00f3mico de la Costa del Sol<\/a>\n<\/span><\/div>","aioseo_breadcrumb_json":[{"label":"Home","link":"https:\/\/eldigitaldeasturias.com\/magazine365"},{"label":"Actualidad Turismo","link":"https:\/\/eldigitaldeasturias.com\/magazine365\/category\/actualidad-turismo\/"},{"label":"El mercado indonesio se interesa por el turismo gastron\u00f3mico de la Costa del Sol","link":"https:\/\/eldigitaldeasturias.com\/magazine365\/mercado-indonesio-se-interesa-por-el-turismo-gastronomico-de-la-costa-del-sol\/"}],"_links":{"self":[{"href":"https:\/\/eldigitaldeasturias.com\/magazine365\/wp-json\/wp\/v2\/posts\/39516","targetHints":{"allow":["GET"]}}],"collection":[{"href":"https:\/\/eldigitaldeasturias.com\/magazine365\/wp-json\/wp\/v2\/posts"}],"about":[{"href":"https:\/\/eldigitaldeasturias.com\/magazine365\/wp-json\/wp\/v2\/types\/post"}],"author":[{"embeddable":true,"href":"https:\/\/eldigitaldeasturias.com\/magazine365\/wp-json\/wp\/v2\/users\/1"}],"replies":[{"embeddable":true,"href":"https:\/\/eldigitaldeasturias.com\/magazine365\/wp-json\/wp\/v2\/comments?post=39516"}],"version-history":[{"count":0,"href":"https:\/\/eldigitaldeasturias.com\/magazine365\/wp-json\/wp\/v2\/posts\/39516\/revisions"}],"wp:featuredmedia":[{"embeddable":true,"href":"https:\/\/eldigitaldeasturias.com\/magazine365\/wp-json\/wp\/v2\/media\/39517"}],"wp:attachment":[{"href":"https:\/\/eldigitaldeasturias.com\/magazine365\/wp-json\/wp\/v2\/media?parent=39516"}],"wp:term":[{"taxonomy":"category","embeddable":true,"href":"https:\/\/eldigitaldeasturias.com\/magazine365\/wp-json\/wp\/v2\/categories?post=39516"},{"taxonomy":"post_tag","embeddable":true,"href":"https:\/\/eldigitaldeasturias.com\/magazine365\/wp-json\/wp\/v2\/tags?post=39516"}],"curies":[{"name":"wp","href":"https:\/\/api.w.org\/{rel}","templated":true}]}}