{"id":39509,"date":"2015-06-11T06:15:36","date_gmt":"2015-06-11T04:45:36","guid":{"rendered":"http:\/\/eldigitaldeasturias.com\/magazine365\/?p=39509"},"modified":"2015-06-11T06:15:36","modified_gmt":"2015-06-11T04:45:36","slug":"air-europa-volara-desde-madrid-a-asuncion-a-partir-de-diciembre","status":"publish","type":"post","link":"https:\/\/eldigitaldeasturias.com\/magazine365\/air-europa-volara-desde-madrid-a-asuncion-a-partir-de-diciembre\/","title":{"rendered":"Air Europa volar\u00e1 desde Madrid a Asunci\u00f3n a partir de diciembre"},"content":{"rendered":"<p><img fetchpriority=\"high\" decoding=\"async\" class=\"alignleft size-medium wp-image-39511\" src=\"https:\/\/eldigitaldeasturias.com\/magazine365\/wp-content\/uploads\/2015\/06\/fotonoticia_20150610151612_8001-360x240.jpg\" alt=\"fotonoticia_20150610151612_800\" width=\"360\" height=\"240\" srcset=\"https:\/\/eldigitaldeasturias.com\/magazine365\/wp-content\/uploads\/2015\/06\/fotonoticia_20150610151612_8001-360x240.jpg 360w, https:\/\/eldigitaldeasturias.com\/magazine365\/wp-content\/uploads\/2015\/06\/fotonoticia_20150610151612_8001-650x433.jpg 650w, https:\/\/eldigitaldeasturias.com\/magazine365\/wp-content\/uploads\/2015\/06\/fotonoticia_20150610151612_8001-768x512.jpg 768w, https:\/\/eldigitaldeasturias.com\/magazine365\/wp-content\/uploads\/2015\/06\/fotonoticia_20150610151612_8001-150x100.jpg 150w, https:\/\/eldigitaldeasturias.com\/magazine365\/wp-content\/uploads\/2015\/06\/fotonoticia_20150610151612_8001-450x300.jpg 450w, https:\/\/eldigitaldeasturias.com\/magazine365\/wp-content\/uploads\/2015\/06\/fotonoticia_20150610151612_8001-696x464.jpg 696w, https:\/\/eldigitaldeasturias.com\/magazine365\/wp-content\/uploads\/2015\/06\/fotonoticia_20150610151612_8001-630x420.jpg 630w, https:\/\/eldigitaldeasturias.com\/magazine365\/wp-content\/uploads\/2015\/06\/fotonoticia_20150610151612_8001-84x55.jpg 84w, https:\/\/eldigitaldeasturias.com\/magazine365\/wp-content\/uploads\/2015\/06\/fotonoticia_20150610151612_8001.jpg 800w\" sizes=\"(max-width: 360px) 100vw, 360px\" \/>Air Europa, la aerol\u00ednea del grupo Globalia, ha firmado un acuerdo de intenciones con el Gobierno de Paraguay para volar desde Madrid a Asunci\u00f3n, capital del pa\u00eds, con una nueva ruta a\u00e9rea de dos frecuencias semanales, a partir del pr\u00f3ximo mes de diciembre, seg\u00fan confirmaron fuentes de la compa\u00f1\u00eda a Europa Press.<\/p>\n<p>El acuerdo, suscrito entre el presidente de Globalia, Juan Jos\u00e9 Hidalgo, y el presidente de Paraguay, Horacio Cortes, con motivo de su visita oficial a Espa\u00f1a, contempla dos vuelos semanales, con salida desde Madrid, posiblemente los martes y jueves.<\/p>\n<p>\u00abEs un paso m\u00e1s en la vocaci\u00f3n americana de Air Europa de ser un puente entre los destinos europeos y el Caribe y convertirse en una compa\u00f1\u00eda de referencia en este mercado, con una nueva ruta que se une a las \u00faltimas incorporaciones de destinos como Sao Paulo y Puerto Rico, y que se multiplicar\u00e1 con la llegada de los nuevos aviones 787 &#8216;Dreamliner&#8217;, con nuevas rutas como Bogot\u00e1 o M\u00e9xico D.F.\u00bb, ha se\u00f1alado el propio Hidalgo.<\/p>\n<p>La nueva ruta Madrid-Asunci\u00f3n se operar\u00e1 con un A330-200, con capacidad para 299 pasajeros, de ellos 24 en clase &#8216;business&#8217; y el resto en turista.<\/p>\n<p>El acuerdo establece un plazo de 60 d\u00edas a partir de su firma para que representantes de Air Europa y funcionarios del Gobierno de Paraguay definan los t\u00e9rminos y tr\u00e1mites administrativos que hagan posible la operaci\u00f3n.<\/p>\n","protected":false},"excerpt":{"rendered":"<p>Air Europa, la aerol\u00ednea del grupo Globalia, ha firmado un acuerdo de intenciones con el Gobierno de Paraguay para volar desde Madrid a Asunci\u00f3n, capital del pa\u00eds, con una nueva ruta a\u00e9rea de dos frecuencias semanales, a partir del pr\u00f3ximo mes de diciembre, seg\u00fan confirmaron fuentes de la compa\u00f1\u00eda a Europa Press. El acuerdo, suscrito<\/p>\n","protected":false},"author":1,"featured_media":39511,"comment_status":"open","ping_status":"closed","sticky":false,"template":"","format":"standard","meta":{"footnotes":""},"categories":[222],"tags":[],"class_list":{"0":"post-39509","1":"post","2":"type-post","3":"status-publish","4":"format-standard","5":"has-post-thumbnail","7":"category-actualidad-turismo"},"aioseo_notices":[],"aioseo_head":"\n\t\t<!-- All in One SEO Pro 4.9.6.1 - aioseo.com -->\n\t<meta name=\"description\" content=\"Air Europa, la aerol\u00ednea del grupo Globalia, ha firmado un acuerdo de intenciones con el Gobierno de Paraguay para volar desde Madrid a Asunci\u00f3n, capital del pa\u00eds, con una nueva ruta a\u00e9rea de dos frecuencias semanales, a partir del pr\u00f3ximo mes de diciembre, seg\u00fan confirmaron fuentes de la compa\u00f1\u00eda a Europa Press. El acuerdo, suscrito\" \/>\n\t<meta name=\"robots\" content=\"max-image-preview:large\" \/>\n\t<meta name=\"author\" content=\"admin\"\/>\n\t<meta name=\"google-site-verification\" content=\"UA-38556648-1\" \/>\n\t<meta name=\"keywords\" content=\"actualidad turismo\" \/>\n\t<link rel=\"canonical\" href=\"https:\/\/eldigitaldeasturias.com\/magazine365\/air-europa-volara-desde-madrid-a-asuncion-a-partir-de-diciembre\/\" \/>\n\t<meta name=\"generator\" content=\"All in One SEO Pro (AIOSEO) 4.9.6.1\" \/>\n\t\t<meta property=\"og:locale\" content=\"es_ES\" \/>\n\t\t<meta property=\"og:site_name\" content=\"El Digital de Asturias \u2013 Revista de ocio, turismo y estilo de vida\" \/>\n\t\t<meta property=\"og:type\" content=\"article\" \/>\n\t\t<meta property=\"og:title\" content=\"Air Europa volar\u00e1 desde Madrid a Asunci\u00f3n a partir de diciembre | El Digital de Asturias\" \/>\n\t\t<meta property=\"og:description\" content=\"Air Europa, la aerol\u00ednea del grupo Globalia, ha firmado un acuerdo de intenciones con el Gobierno de Paraguay para volar desde Madrid a Asunci\u00f3n, capital del pa\u00eds, con una nueva ruta a\u00e9rea de dos frecuencias semanales, a partir del pr\u00f3ximo mes de diciembre, seg\u00fan confirmaron fuentes de la compa\u00f1\u00eda a Europa Press. El acuerdo, suscrito\" \/>\n\t\t<meta property=\"og:url\" content=\"https:\/\/eldigitaldeasturias.com\/magazine365\/air-europa-volara-desde-madrid-a-asuncion-a-partir-de-diciembre\/\" \/>\n\t\t<meta property=\"og:image\" content=\"https:\/\/eldigitaldeasturias.com\/magazine365\/wp-content\/uploads\/2015\/06\/fotonoticia_20150610151612_8001.jpg\" \/>\n\t\t<meta property=\"og:image:secure_url\" content=\"https:\/\/eldigitaldeasturias.com\/magazine365\/wp-content\/uploads\/2015\/06\/fotonoticia_20150610151612_8001.jpg\" \/>\n\t\t<meta property=\"og:image:width\" content=\"800\" \/>\n\t\t<meta property=\"og:image:height\" content=\"533\" \/>\n\t\t<meta property=\"article:published_time\" content=\"2015-06-11T04:45:36+00:00\" \/>\n\t\t<meta property=\"article:modified_time\" content=\"2015-06-11T04:45:36+00:00\" \/>\n\t\t<meta name=\"twitter:card\" content=\"summary_large_image\" \/>\n\t\t<meta name=\"twitter:title\" content=\"Air Europa volar\u00e1 desde Madrid a Asunci\u00f3n a partir de diciembre | El Digital de Asturias\" \/>\n\t\t<meta name=\"twitter:description\" content=\"Air Europa, la aerol\u00ednea del grupo Globalia, ha firmado un acuerdo de intenciones con el Gobierno de Paraguay para volar desde Madrid a Asunci\u00f3n, capital del pa\u00eds, con una nueva ruta a\u00e9rea de dos frecuencias semanales, a partir del pr\u00f3ximo mes de diciembre, seg\u00fan confirmaron fuentes de la compa\u00f1\u00eda a Europa Press. El acuerdo, suscrito\" \/>\n\t\t<meta name=\"twitter:image\" content=\"https:\/\/eldigitaldeasturias.com\/magazine365\/wp-content\/uploads\/2015\/06\/fotonoticia_20150610151612_8001.jpg\" \/>\n\t\t<script type=\"application\/ld+json\" class=\"aioseo-schema\">\n\t\t\t{\"@context\":\"https:\\\/\\\/schema.org\",\"@graph\":[{\"@type\":\"Article\",\"@id\":\"https:\\\/\\\/eldigitaldeasturias.com\\\/magazine365\\\/air-europa-volara-desde-madrid-a-asuncion-a-partir-de-diciembre\\\/#article\",\"name\":\"Air Europa volar\\u00e1 desde Madrid a Asunci\\u00f3n a partir de diciembre | El Digital de Asturias\",\"headline\":\"Air Europa volar\\u00e1 desde Madrid a Asunci\\u00f3n a partir de diciembre\",\"author\":{\"@id\":\"https:\\\/\\\/eldigitaldeasturias.com\\\/magazine365\\\/author\\\/admin\\\/#author\"},\"publisher\":{\"@id\":\"https:\\\/\\\/eldigitaldeasturias.com\\\/magazine365\\\/#organization\"},\"image\":{\"@type\":\"ImageObject\",\"url\":\"https:\\\/\\\/eldigitaldeasturias.com\\\/magazine365\\\/wp-content\\\/uploads\\\/2015\\\/06\\\/fotonoticia_20150610151612_8001.jpg\",\"width\":800,\"height\":533},\"datePublished\":\"2015-06-11T06:15:36+02:00\",\"dateModified\":\"2015-06-11T06:15:36+02:00\",\"inLanguage\":\"es-ES\",\"mainEntityOfPage\":{\"@id\":\"https:\\\/\\\/eldigitaldeasturias.com\\\/magazine365\\\/air-europa-volara-desde-madrid-a-asuncion-a-partir-de-diciembre\\\/#webpage\"},\"isPartOf\":{\"@id\":\"https:\\\/\\\/eldigitaldeasturias.com\\\/magazine365\\\/air-europa-volara-desde-madrid-a-asuncion-a-partir-de-diciembre\\\/#webpage\"},\"articleSection\":\"Actualidad Turismo\"},{\"@type\":\"BreadcrumbList\",\"@id\":\"https:\\\/\\\/eldigitaldeasturias.com\\\/magazine365\\\/air-europa-volara-desde-madrid-a-asuncion-a-partir-de-diciembre\\\/#breadcrumblist\",\"itemListElement\":[{\"@type\":\"ListItem\",\"@id\":\"https:\\\/\\\/eldigitaldeasturias.com\\\/magazine365#listItem\",\"position\":1,\"name\":\"Home\",\"item\":\"https:\\\/\\\/eldigitaldeasturias.com\\\/magazine365\",\"nextItem\":{\"@type\":\"ListItem\",\"@id\":\"https:\\\/\\\/eldigitaldeasturias.com\\\/magazine365\\\/category\\\/actualidad-turismo\\\/#listItem\",\"name\":\"Actualidad Turismo\"}},{\"@type\":\"ListItem\",\"@id\":\"https:\\\/\\\/eldigitaldeasturias.com\\\/magazine365\\\/category\\\/actualidad-turismo\\\/#listItem\",\"position\":2,\"name\":\"Actualidad Turismo\",\"item\":\"https:\\\/\\\/eldigitaldeasturias.com\\\/magazine365\\\/category\\\/actualidad-turismo\\\/\",\"nextItem\":{\"@type\":\"ListItem\",\"@id\":\"https:\\\/\\\/eldigitaldeasturias.com\\\/magazine365\\\/air-europa-volara-desde-madrid-a-asuncion-a-partir-de-diciembre\\\/#listItem\",\"name\":\"Air Europa volar\\u00e1 desde Madrid a Asunci\\u00f3n a partir de diciembre\"},\"previousItem\":{\"@type\":\"ListItem\",\"@id\":\"https:\\\/\\\/eldigitaldeasturias.com\\\/magazine365#listItem\",\"name\":\"Home\"}},{\"@type\":\"ListItem\",\"@id\":\"https:\\\/\\\/eldigitaldeasturias.com\\\/magazine365\\\/air-europa-volara-desde-madrid-a-asuncion-a-partir-de-diciembre\\\/#listItem\",\"position\":3,\"name\":\"Air Europa volar\\u00e1 desde Madrid a Asunci\\u00f3n a partir de diciembre\",\"previousItem\":{\"@type\":\"ListItem\",\"@id\":\"https:\\\/\\\/eldigitaldeasturias.com\\\/magazine365\\\/category\\\/actualidad-turismo\\\/#listItem\",\"name\":\"Actualidad Turismo\"}}]},{\"@type\":\"Organization\",\"@id\":\"https:\\\/\\\/eldigitaldeasturias.com\\\/magazine365\\\/#organization\",\"name\":\"El digital de Asturias\",\"description\":\"Revista de ocio, turismo y estilo de vida\",\"url\":\"https:\\\/\\\/eldigitaldeasturias.com\\\/magazine365\\\/\",\"logo\":{\"@type\":\"ImageObject\",\"url\":\"https:\\\/\\\/www.eldigitaldeasturias.com\\\/noticias\\\/wp-content\\\/uploads\\\/2020\\\/12\\\/EDA.jpg\",\"@id\":\"https:\\\/\\\/eldigitaldeasturias.com\\\/magazine365\\\/air-europa-volara-desde-madrid-a-asuncion-a-partir-de-diciembre\\\/#organizationLogo\"},\"image\":{\"@id\":\"https:\\\/\\\/eldigitaldeasturias.com\\\/magazine365\\\/air-europa-volara-desde-madrid-a-asuncion-a-partir-de-diciembre\\\/#organizationLogo\"}},{\"@type\":\"Person\",\"@id\":\"https:\\\/\\\/eldigitaldeasturias.com\\\/magazine365\\\/author\\\/admin\\\/#author\",\"url\":\"https:\\\/\\\/eldigitaldeasturias.com\\\/magazine365\\\/author\\\/admin\\\/\",\"name\":\"admin\",\"image\":{\"@type\":\"ImageObject\",\"@id\":\"https:\\\/\\\/eldigitaldeasturias.com\\\/magazine365\\\/air-europa-volara-desde-madrid-a-asuncion-a-partir-de-diciembre\\\/#authorImage\",\"url\":\"https:\\\/\\\/eldigitaldeasturias.com\\\/magazine365\\\/wp-content\\\/litespeed\\\/avatar\\\/e571bcf59a0edd6fa6838245a470f2fe.jpg?ver=1776969259\",\"width\":96,\"height\":96,\"caption\":\"admin\"}},{\"@type\":\"WebPage\",\"@id\":\"https:\\\/\\\/eldigitaldeasturias.com\\\/magazine365\\\/air-europa-volara-desde-madrid-a-asuncion-a-partir-de-diciembre\\\/#webpage\",\"url\":\"https:\\\/\\\/eldigitaldeasturias.com\\\/magazine365\\\/air-europa-volara-desde-madrid-a-asuncion-a-partir-de-diciembre\\\/\",\"name\":\"Air Europa volar\\u00e1 desde Madrid a Asunci\\u00f3n a partir de diciembre | El Digital de Asturias\",\"description\":\"Air Europa, la aerol\\u00ednea del grupo Globalia, ha firmado un acuerdo de intenciones con el Gobierno de Paraguay para volar desde Madrid a Asunci\\u00f3n, capital del pa\\u00eds, con una nueva ruta a\\u00e9rea de dos frecuencias semanales, a partir del pr\\u00f3ximo mes de diciembre, seg\\u00fan confirmaron fuentes de la compa\\u00f1\\u00eda a Europa Press. El acuerdo, suscrito\",\"inLanguage\":\"es-ES\",\"isPartOf\":{\"@id\":\"https:\\\/\\\/eldigitaldeasturias.com\\\/magazine365\\\/#website\"},\"breadcrumb\":{\"@id\":\"https:\\\/\\\/eldigitaldeasturias.com\\\/magazine365\\\/air-europa-volara-desde-madrid-a-asuncion-a-partir-de-diciembre\\\/#breadcrumblist\"},\"author\":{\"@id\":\"https:\\\/\\\/eldigitaldeasturias.com\\\/magazine365\\\/author\\\/admin\\\/#author\"},\"creator\":{\"@id\":\"https:\\\/\\\/eldigitaldeasturias.com\\\/magazine365\\\/author\\\/admin\\\/#author\"},\"image\":{\"@type\":\"ImageObject\",\"url\":\"https:\\\/\\\/eldigitaldeasturias.com\\\/magazine365\\\/wp-content\\\/uploads\\\/2015\\\/06\\\/fotonoticia_20150610151612_8001.jpg\",\"@id\":\"https:\\\/\\\/eldigitaldeasturias.com\\\/magazine365\\\/air-europa-volara-desde-madrid-a-asuncion-a-partir-de-diciembre\\\/#mainImage\",\"width\":800,\"height\":533},\"primaryImageOfPage\":{\"@id\":\"https:\\\/\\\/eldigitaldeasturias.com\\\/magazine365\\\/air-europa-volara-desde-madrid-a-asuncion-a-partir-de-diciembre\\\/#mainImage\"},\"datePublished\":\"2015-06-11T06:15:36+02:00\",\"dateModified\":\"2015-06-11T06:15:36+02:00\"},{\"@type\":\"WebSite\",\"@id\":\"https:\\\/\\\/eldigitaldeasturias.com\\\/magazine365\\\/#website\",\"url\":\"https:\\\/\\\/eldigitaldeasturias.com\\\/magazine365\\\/\",\"name\":\"El Digital de Asturias\",\"description\":\"Revista de ocio, turismo y estilo de vida\",\"inLanguage\":\"es-ES\",\"publisher\":{\"@id\":\"https:\\\/\\\/eldigitaldeasturias.com\\\/magazine365\\\/#organization\"}}]}\n\t\t<\/script>\n\t\t<!-- All in One SEO Pro -->\r\n\t\t<title>Air Europa volar\u00e1 desde Madrid a Asunci\u00f3n a partir de diciembre | El Digital de Asturias<\/title>\n\n","aioseo_head_json":{"title":"Air Europa volar\u00e1 desde Madrid a Asunci\u00f3n a partir de diciembre | El Digital de Asturias","description":"Air Europa, la aerol\u00ednea del grupo Globalia, ha firmado un acuerdo de intenciones con el Gobierno de Paraguay para volar desde Madrid a Asunci\u00f3n, capital del pa\u00eds, con una nueva ruta a\u00e9rea de dos frecuencias semanales, a partir del pr\u00f3ximo mes de diciembre, seg\u00fan confirmaron fuentes de la compa\u00f1\u00eda a Europa Press. El acuerdo, suscrito","canonical_url":"https:\/\/eldigitaldeasturias.com\/magazine365\/air-europa-volara-desde-madrid-a-asuncion-a-partir-de-diciembre\/","robots":"max-image-preview:large","keywords":"actualidad turismo","webmasterTools":{"google-site-verification":"UA-38556648-1","miscellaneous":""},"schema":{"@context":"https:\/\/schema.org","@graph":[{"@type":"Article","@id":"https:\/\/eldigitaldeasturias.com\/magazine365\/air-europa-volara-desde-madrid-a-asuncion-a-partir-de-diciembre\/#article","name":"Air Europa volar\u00e1 desde Madrid a Asunci\u00f3n a partir de diciembre | El Digital de Asturias","headline":"Air Europa volar\u00e1 desde Madrid a Asunci\u00f3n a partir de diciembre","author":{"@id":"https:\/\/eldigitaldeasturias.com\/magazine365\/author\/admin\/#author"},"publisher":{"@id":"https:\/\/eldigitaldeasturias.com\/magazine365\/#organization"},"image":{"@type":"ImageObject","url":"https:\/\/eldigitaldeasturias.com\/magazine365\/wp-content\/uploads\/2015\/06\/fotonoticia_20150610151612_8001.jpg","width":800,"height":533},"datePublished":"2015-06-11T06:15:36+02:00","dateModified":"2015-06-11T06:15:36+02:00","inLanguage":"es-ES","mainEntityOfPage":{"@id":"https:\/\/eldigitaldeasturias.com\/magazine365\/air-europa-volara-desde-madrid-a-asuncion-a-partir-de-diciembre\/#webpage"},"isPartOf":{"@id":"https:\/\/eldigitaldeasturias.com\/magazine365\/air-europa-volara-desde-madrid-a-asuncion-a-partir-de-diciembre\/#webpage"},"articleSection":"Actualidad Turismo"},{"@type":"BreadcrumbList","@id":"https:\/\/eldigitaldeasturias.com\/magazine365\/air-europa-volara-desde-madrid-a-asuncion-a-partir-de-diciembre\/#breadcrumblist","itemListElement":[{"@type":"ListItem","@id":"https:\/\/eldigitaldeasturias.com\/magazine365#listItem","position":1,"name":"Home","item":"https:\/\/eldigitaldeasturias.com\/magazine365","nextItem":{"@type":"ListItem","@id":"https:\/\/eldigitaldeasturias.com\/magazine365\/category\/actualidad-turismo\/#listItem","name":"Actualidad Turismo"}},{"@type":"ListItem","@id":"https:\/\/eldigitaldeasturias.com\/magazine365\/category\/actualidad-turismo\/#listItem","position":2,"name":"Actualidad Turismo","item":"https:\/\/eldigitaldeasturias.com\/magazine365\/category\/actualidad-turismo\/","nextItem":{"@type":"ListItem","@id":"https:\/\/eldigitaldeasturias.com\/magazine365\/air-europa-volara-desde-madrid-a-asuncion-a-partir-de-diciembre\/#listItem","name":"Air Europa volar\u00e1 desde Madrid a Asunci\u00f3n a partir de diciembre"},"previousItem":{"@type":"ListItem","@id":"https:\/\/eldigitaldeasturias.com\/magazine365#listItem","name":"Home"}},{"@type":"ListItem","@id":"https:\/\/eldigitaldeasturias.com\/magazine365\/air-europa-volara-desde-madrid-a-asuncion-a-partir-de-diciembre\/#listItem","position":3,"name":"Air Europa volar\u00e1 desde Madrid a Asunci\u00f3n a partir de diciembre","previousItem":{"@type":"ListItem","@id":"https:\/\/eldigitaldeasturias.com\/magazine365\/category\/actualidad-turismo\/#listItem","name":"Actualidad Turismo"}}]},{"@type":"Organization","@id":"https:\/\/eldigitaldeasturias.com\/magazine365\/#organization","name":"El digital de Asturias","description":"Revista de ocio, turismo y estilo de vida","url":"https:\/\/eldigitaldeasturias.com\/magazine365\/","logo":{"@type":"ImageObject","url":"https:\/\/www.eldigitaldeasturias.com\/noticias\/wp-content\/uploads\/2020\/12\/EDA.jpg","@id":"https:\/\/eldigitaldeasturias.com\/magazine365\/air-europa-volara-desde-madrid-a-asuncion-a-partir-de-diciembre\/#organizationLogo"},"image":{"@id":"https:\/\/eldigitaldeasturias.com\/magazine365\/air-europa-volara-desde-madrid-a-asuncion-a-partir-de-diciembre\/#organizationLogo"}},{"@type":"Person","@id":"https:\/\/eldigitaldeasturias.com\/magazine365\/author\/admin\/#author","url":"https:\/\/eldigitaldeasturias.com\/magazine365\/author\/admin\/","name":"admin","image":{"@type":"ImageObject","@id":"https:\/\/eldigitaldeasturias.com\/magazine365\/air-europa-volara-desde-madrid-a-asuncion-a-partir-de-diciembre\/#authorImage","url":"https:\/\/eldigitaldeasturias.com\/magazine365\/wp-content\/litespeed\/avatar\/e571bcf59a0edd6fa6838245a470f2fe.jpg?ver=1776969259","width":96,"height":96,"caption":"admin"}},{"@type":"WebPage","@id":"https:\/\/eldigitaldeasturias.com\/magazine365\/air-europa-volara-desde-madrid-a-asuncion-a-partir-de-diciembre\/#webpage","url":"https:\/\/eldigitaldeasturias.com\/magazine365\/air-europa-volara-desde-madrid-a-asuncion-a-partir-de-diciembre\/","name":"Air Europa volar\u00e1 desde Madrid a Asunci\u00f3n a partir de diciembre | El Digital de Asturias","description":"Air Europa, la aerol\u00ednea del grupo Globalia, ha firmado un acuerdo de intenciones con el Gobierno de Paraguay para volar desde Madrid a Asunci\u00f3n, capital del pa\u00eds, con una nueva ruta a\u00e9rea de dos frecuencias semanales, a partir del pr\u00f3ximo mes de diciembre, seg\u00fan confirmaron fuentes de la compa\u00f1\u00eda a Europa Press. El acuerdo, suscrito","inLanguage":"es-ES","isPartOf":{"@id":"https:\/\/eldigitaldeasturias.com\/magazine365\/#website"},"breadcrumb":{"@id":"https:\/\/eldigitaldeasturias.com\/magazine365\/air-europa-volara-desde-madrid-a-asuncion-a-partir-de-diciembre\/#breadcrumblist"},"author":{"@id":"https:\/\/eldigitaldeasturias.com\/magazine365\/author\/admin\/#author"},"creator":{"@id":"https:\/\/eldigitaldeasturias.com\/magazine365\/author\/admin\/#author"},"image":{"@type":"ImageObject","url":"https:\/\/eldigitaldeasturias.com\/magazine365\/wp-content\/uploads\/2015\/06\/fotonoticia_20150610151612_8001.jpg","@id":"https:\/\/eldigitaldeasturias.com\/magazine365\/air-europa-volara-desde-madrid-a-asuncion-a-partir-de-diciembre\/#mainImage","width":800,"height":533},"primaryImageOfPage":{"@id":"https:\/\/eldigitaldeasturias.com\/magazine365\/air-europa-volara-desde-madrid-a-asuncion-a-partir-de-diciembre\/#mainImage"},"datePublished":"2015-06-11T06:15:36+02:00","dateModified":"2015-06-11T06:15:36+02:00"},{"@type":"WebSite","@id":"https:\/\/eldigitaldeasturias.com\/magazine365\/#website","url":"https:\/\/eldigitaldeasturias.com\/magazine365\/","name":"El Digital de Asturias","description":"Revista de ocio, turismo y estilo de vida","inLanguage":"es-ES","publisher":{"@id":"https:\/\/eldigitaldeasturias.com\/magazine365\/#organization"}}]},"og:locale":"es_ES","og:site_name":"El Digital de Asturias \u2013 Revista de ocio, turismo y estilo de vida","og:type":"article","og:title":"Air Europa volar\u00e1 desde Madrid a Asunci\u00f3n a partir de diciembre | El Digital de Asturias","og:description":"Air Europa, la aerol\u00ednea del grupo Globalia, ha firmado un acuerdo de intenciones con el Gobierno de Paraguay para volar desde Madrid a Asunci\u00f3n, capital del pa\u00eds, con una nueva ruta a\u00e9rea de dos frecuencias semanales, a partir del pr\u00f3ximo mes de diciembre, seg\u00fan confirmaron fuentes de la compa\u00f1\u00eda a Europa Press. El acuerdo, suscrito","og:url":"https:\/\/eldigitaldeasturias.com\/magazine365\/air-europa-volara-desde-madrid-a-asuncion-a-partir-de-diciembre\/","og:image":"https:\/\/eldigitaldeasturias.com\/magazine365\/wp-content\/uploads\/2015\/06\/fotonoticia_20150610151612_8001.jpg","og:image:secure_url":"https:\/\/eldigitaldeasturias.com\/magazine365\/wp-content\/uploads\/2015\/06\/fotonoticia_20150610151612_8001.jpg","og:image:width":800,"og:image:height":533,"article:published_time":"2015-06-11T04:45:36+00:00","article:modified_time":"2015-06-11T04:45:36+00:00","twitter:card":"summary_large_image","twitter:title":"Air Europa volar\u00e1 desde Madrid a Asunci\u00f3n a partir de diciembre | El Digital de Asturias","twitter:description":"Air Europa, la aerol\u00ednea del grupo Globalia, ha firmado un acuerdo de intenciones con el Gobierno de Paraguay para volar desde Madrid a Asunci\u00f3n, capital del pa\u00eds, con una nueva ruta a\u00e9rea de dos frecuencias semanales, a partir del pr\u00f3ximo mes de diciembre, seg\u00fan confirmaron fuentes de la compa\u00f1\u00eda a Europa Press. El acuerdo, suscrito","twitter:image":"https:\/\/eldigitaldeasturias.com\/magazine365\/wp-content\/uploads\/2015\/06\/fotonoticia_20150610151612_8001.jpg"},"aioseo_meta_data":{"post_id":"39509","title":null,"description":null,"keywords":null,"keyphrases":null,"primary_term":null,"canonical_url":null,"og_title":null,"og_description":null,"og_object_type":"default","og_image_type":"default","og_image_url":null,"og_image_width":null,"og_image_height":null,"og_image_custom_url":null,"og_image_custom_fields":null,"og_video":null,"og_custom_url":null,"og_article_section":null,"og_article_tags":null,"twitter_use_og":false,"twitter_card":"default","twitter_image_type":"default","twitter_image_url":null,"twitter_image_custom_url":null,"twitter_image_custom_fields":null,"twitter_title":null,"twitter_description":null,"schema":{"blockGraphs":[],"customGraphs":[],"default":{"data":{"Article":[],"Course":[],"Dataset":[],"FAQPage":[],"Movie":[],"Person":[],"Product":[],"ProductReview":[],"Car":[],"Recipe":[],"Service":[],"SoftwareApplication":[],"WebPage":[]},"graphName":"","isEnabled":true},"graphs":[],"defaultGraph":"","defaultPostTypeGraph":""},"schema_type":null,"schema_type_options":null,"pillar_content":false,"robots_default":true,"robots_noindex":false,"robots_noarchive":false,"robots_nosnippet":false,"robots_nofollow":false,"robots_noimageindex":false,"robots_noodp":false,"robots_notranslate":false,"robots_max_snippet":null,"robots_max_videopreview":null,"robots_max_imagepreview":"large","priority":null,"frequency":null,"location":null,"local_seo":null,"seo_analyzer_scan_date":"2025-09-19 11:47:25","breadcrumb_settings":null,"limit_modified_date":false,"open_ai":null,"ai":null,"created":"2021-03-09 02:40:52","updated":"2025-09-19 11:47:25"},"aioseo_breadcrumb":"<div class=\"aioseo-breadcrumbs\"><span class=\"aioseo-breadcrumb\">\n\t<a href=\"https:\/\/eldigitaldeasturias.com\/magazine365\" title=\"Home\">Home<\/a>\n<\/span><span class=\"aioseo-breadcrumb-separator\">\u2013<\/span><span class=\"aioseo-breadcrumb\">\n\t<a href=\"https:\/\/eldigitaldeasturias.com\/magazine365\/category\/actualidad-turismo\/\" title=\"Actualidad Turismo\">Actualidad Turismo<\/a>\n<\/span><span class=\"aioseo-breadcrumb-separator\">\u2013<\/span><span class=\"aioseo-breadcrumb\">\n\t<a href=\"https:\/\/eldigitaldeasturias.com\/magazine365\/air-europa-volara-desde-madrid-a-asuncion-a-partir-de-diciembre\/\" title=\"Air Europa volar\u00e1 desde Madrid a Asunci\u00f3n a partir de diciembre\">Air Europa volar\u00e1 desde Madrid a Asunci\u00f3n a partir de diciembre<\/a>\n<\/span><\/div>","aioseo_breadcrumb_json":[{"label":"Home","link":"https:\/\/eldigitaldeasturias.com\/magazine365"},{"label":"Actualidad Turismo","link":"https:\/\/eldigitaldeasturias.com\/magazine365\/category\/actualidad-turismo\/"},{"label":"Air Europa volar\u00e1 desde Madrid a Asunci\u00f3n a partir de diciembre","link":"https:\/\/eldigitaldeasturias.com\/magazine365\/air-europa-volara-desde-madrid-a-asuncion-a-partir-de-diciembre\/"}],"_links":{"self":[{"href":"https:\/\/eldigitaldeasturias.com\/magazine365\/wp-json\/wp\/v2\/posts\/39509","targetHints":{"allow":["GET"]}}],"collection":[{"href":"https:\/\/eldigitaldeasturias.com\/magazine365\/wp-json\/wp\/v2\/posts"}],"about":[{"href":"https:\/\/eldigitaldeasturias.com\/magazine365\/wp-json\/wp\/v2\/types\/post"}],"author":[{"embeddable":true,"href":"https:\/\/eldigitaldeasturias.com\/magazine365\/wp-json\/wp\/v2\/users\/1"}],"replies":[{"embeddable":true,"href":"https:\/\/eldigitaldeasturias.com\/magazine365\/wp-json\/wp\/v2\/comments?post=39509"}],"version-history":[{"count":0,"href":"https:\/\/eldigitaldeasturias.com\/magazine365\/wp-json\/wp\/v2\/posts\/39509\/revisions"}],"wp:featuredmedia":[{"embeddable":true,"href":"https:\/\/eldigitaldeasturias.com\/magazine365\/wp-json\/wp\/v2\/media\/39511"}],"wp:attachment":[{"href":"https:\/\/eldigitaldeasturias.com\/magazine365\/wp-json\/wp\/v2\/media?parent=39509"}],"wp:term":[{"taxonomy":"category","embeddable":true,"href":"https:\/\/eldigitaldeasturias.com\/magazine365\/wp-json\/wp\/v2\/categories?post=39509"},{"taxonomy":"post_tag","embeddable":true,"href":"https:\/\/eldigitaldeasturias.com\/magazine365\/wp-json\/wp\/v2\/tags?post=39509"}],"curies":[{"name":"wp","href":"https:\/\/api.w.org\/{rel}","templated":true}]}}