{"id":39503,"date":"2015-06-11T05:55:41","date_gmt":"2015-06-11T04:25:41","guid":{"rendered":"http:\/\/eldigitaldeasturias.com\/magazine365\/?p=39503"},"modified":"2015-06-11T05:55:41","modified_gmt":"2015-06-11T04:25:41","slug":"los-refugios-del-ibanat-consiguen-la-certificacion-internacional-de-gestion-ambiental-iso-14001","status":"publish","type":"post","link":"https:\/\/eldigitaldeasturias.com\/magazine365\/los-refugios-del-ibanat-consiguen-la-certificacion-internacional-de-gestion-ambiental-iso-14001\/","title":{"rendered":"Los refugios del IBANAT consiguen la certificaci\u00f3n internacional de gesti\u00f3n ambiental ISO 14001"},"content":{"rendered":"<p><img fetchpriority=\"high\" decoding=\"async\" class=\"alignleft size-medium wp-image-39504\" src=\"https:\/\/eldigitaldeasturias.com\/magazine365\/wp-content\/uploads\/2015\/06\/fotonoticia_20150610143522_800-360x239.jpg\" alt=\"fotonoticia_20150610143522_800\" width=\"360\" height=\"239\" srcset=\"https:\/\/eldigitaldeasturias.com\/magazine365\/wp-content\/uploads\/2015\/06\/fotonoticia_20150610143522_800-360x239.jpg 360w, https:\/\/eldigitaldeasturias.com\/magazine365\/wp-content\/uploads\/2015\/06\/fotonoticia_20150610143522_800-650x431.jpg 650w, https:\/\/eldigitaldeasturias.com\/magazine365\/wp-content\/uploads\/2015\/06\/fotonoticia_20150610143522_800-768x510.jpg 768w, https:\/\/eldigitaldeasturias.com\/magazine365\/wp-content\/uploads\/2015\/06\/fotonoticia_20150610143522_800-150x100.jpg 150w, https:\/\/eldigitaldeasturias.com\/magazine365\/wp-content\/uploads\/2015\/06\/fotonoticia_20150610143522_800-450x299.jpg 450w, https:\/\/eldigitaldeasturias.com\/magazine365\/wp-content\/uploads\/2015\/06\/fotonoticia_20150610143522_800-696x462.jpg 696w, https:\/\/eldigitaldeasturias.com\/magazine365\/wp-content\/uploads\/2015\/06\/fotonoticia_20150610143522_800-633x420.jpg 633w, https:\/\/eldigitaldeasturias.com\/magazine365\/wp-content\/uploads\/2015\/06\/fotonoticia_20150610143522_800-84x55.jpg 84w, https:\/\/eldigitaldeasturias.com\/magazine365\/wp-content\/uploads\/2015\/06\/fotonoticia_20150610143522_800.jpg 800w\" sizes=\"(max-width: 360px) 100vw, 360px\" \/>Los refugios que gestiona el Instituto Balear de la Naturaleza (IBANAT) en el Paraje Natural de la Sierra de Tramuntana, en el Parque Natural de Llevant, en la finca p\u00fablica de Son Real y en Alc\u00fadia han obtenido las certificaciones de la norma ISO 14001 de manos de la entidad SGS, l\u00edder mundial en certificaci\u00f3n.<\/p>\n<p>El IBANAT, de forma voluntaria y en l\u00ednea con su compromiso con el medio ambiente y la sostenibilidad, hace meses inici\u00f3 el proceso de implantaci\u00f3n de un sistema de gesti\u00f3n ambiental conforme a la norma internacional ISO 14001 en los 12 refugios que gestiona de manera directa, con el objetivo de asegurar una correcta gesti\u00f3n ambiental y con ello, una mejora de la conservaci\u00f3n del entorno y de la concienciaci\u00f3n social.<\/p>\n<p>Seg\u00fan han destacado en un comunicado, ha sido un proyecto muy ambicioso que pone en valor los esfuerzos para ofrecer en estos refugios un servicio de calidad y sostenible con el medio ambiente, como la mejor tarjeta de presentaci\u00f3n para los visitantes y como la mejor herencia a las generaciones futuras.<\/p>\n<p>El alcance de la auditor\u00eda realizada por SGS engloba la gesti\u00f3n y el mantenimiento de los refugios Gorg Blau, C\u00faber, Son Moragues, Coma de Binifald\u00f3, Lavanor, Binifald\u00f3, Binifald\u00f3 Petit, Son Real, s&#8217;Arenalet, s&#8217;Alzina, Casa dels Oguers y Coll Baix.<\/p>\n<p>Todos estos centros se sit\u00faan en espacios sensibles y con una elevada riqueza ecol\u00f3gica.<\/p>\n<p>Dentro de los objetivos medioambientales definidos por los sistemas de gesti\u00f3n se apuesta por la incorporaci\u00f3n de energ\u00edas limpias y renovables.<\/p>\n<p>PLACAS SOLARES EN LOS REFUGIOS<\/p>\n<p>As\u00ed, en todos los refugios se est\u00e1n instalando de manera progresiva placas solares, y en el caso de Binifald\u00f3 y Binifald\u00f3 Petit cabe destacar la instalaci\u00f3n de una caldera de biomasa que permitir\u00e1 proveer de calefacci\u00f3n y agua caliente sanitaria a trav\u00e9s de combustibles de origen renovable, sustituyendo con ello el uso de combustibles f\u00f3siles.<\/p>\n<p>La implantaci\u00f3n de sistemas de producci\u00f3n de energ\u00edas renovables, adem\u00e1s de beneficios ambientales, presenta otras ventajas ya que contribuye a la prevenci\u00f3n de incendios forestales, a proporcionar un tratamiento adecuado de los residuos y a fomentar el desarrollo rural.<\/p>\n<p>La obtenci\u00f3n de este certificado internacional reconoce el compromiso del IBANAT con la mejora continua y con la sostenibilidad.<\/p>\n<p>La fragilidad del entorno natural de los refugios, unida al aumento progresivo de usuarios registrados en los \u00faltimos a\u00f1os, hace prioritario seguir trabajando, no s\u00f3lo en la mejora continua de estos servicios, sino tambi\u00e9n en nuevas medidas de conservaci\u00f3n del entorno.<\/p>\n<p>El a\u00f1o pasado, los doce refugios hoy certificados recibieron un total de 8.239 visitantes, cifra que sumada a los 1.310 usuarios del refugio del Parque Nacional de Cabrera, gestionado por TRAGSA, supone un total de 9.549 usuarios, un 33,81% m\u00e1s de ocupaci\u00f3n respecto del a\u00f1o anterior.<\/p>\n<p>Los refugios se pueden reservar por Internet, en las p\u00e1ginas http:\/\/ibanat.caib.es y www.balearsnatura.com.<\/p>\n","protected":false},"excerpt":{"rendered":"<p>Los refugios que gestiona el Instituto Balear de la Naturaleza (IBANAT) en el Paraje Natural de la Sierra de Tramuntana, en el Parque Natural de Llevant, en la finca p\u00fablica de Son Real y en Alc\u00fadia han obtenido las certificaciones de la norma ISO 14001 de manos de la entidad SGS, l\u00edder mundial en certificaci\u00f3n.<\/p>\n","protected":false},"author":1,"featured_media":39504,"comment_status":"open","ping_status":"closed","sticky":false,"template":"","format":"standard","meta":{"footnotes":""},"categories":[222],"tags":[],"class_list":{"0":"post-39503","1":"post","2":"type-post","3":"status-publish","4":"format-standard","5":"has-post-thumbnail","7":"category-actualidad-turismo"},"aioseo_notices":[],"aioseo_head":"\n\t\t<!-- All in One SEO Pro 4.9.6.1 - aioseo.com -->\n\t<meta name=\"description\" content=\"Los refugios que gestiona el Instituto Balear de la Naturaleza (IBANAT) en el Paraje Natural de la Sierra de Tramuntana, en el Parque Natural de Llevant, en la finca p\u00fablica de Son Real y en Alc\u00fadia han obtenido las certificaciones de la norma ISO 14001 de manos de la entidad SGS, l\u00edder mundial en certificaci\u00f3n.\" \/>\n\t<meta name=\"robots\" content=\"max-image-preview:large\" \/>\n\t<meta name=\"author\" content=\"admin\"\/>\n\t<meta name=\"google-site-verification\" content=\"UA-38556648-1\" \/>\n\t<meta name=\"keywords\" content=\"actualidad turismo\" \/>\n\t<link rel=\"canonical\" href=\"https:\/\/eldigitaldeasturias.com\/magazine365\/los-refugios-del-ibanat-consiguen-la-certificacion-internacional-de-gestion-ambiental-iso-14001\/\" \/>\n\t<meta name=\"generator\" content=\"All in One SEO Pro (AIOSEO) 4.9.6.1\" \/>\n\t\t<meta property=\"og:locale\" content=\"es_ES\" \/>\n\t\t<meta property=\"og:site_name\" content=\"El Digital de Asturias \u2013 Revista de ocio, turismo y estilo de vida\" \/>\n\t\t<meta property=\"og:type\" content=\"article\" \/>\n\t\t<meta property=\"og:title\" content=\"Los refugios del IBANAT consiguen la certificaci\u00f3n internacional de gesti\u00f3n ambiental ISO 14001 | El Digital de Asturias\" \/>\n\t\t<meta property=\"og:description\" content=\"Los refugios que gestiona el Instituto Balear de la Naturaleza (IBANAT) en el Paraje Natural de la Sierra de Tramuntana, en el Parque Natural de Llevant, en la finca p\u00fablica de Son Real y en Alc\u00fadia han obtenido las certificaciones de la norma ISO 14001 de manos de la entidad SGS, l\u00edder mundial en certificaci\u00f3n.\" \/>\n\t\t<meta property=\"og:url\" content=\"https:\/\/eldigitaldeasturias.com\/magazine365\/los-refugios-del-ibanat-consiguen-la-certificacion-internacional-de-gestion-ambiental-iso-14001\/\" \/>\n\t\t<meta property=\"og:image\" content=\"https:\/\/eldigitaldeasturias.com\/magazine365\/wp-content\/uploads\/2015\/06\/fotonoticia_20150610143522_800.jpg\" \/>\n\t\t<meta property=\"og:image:secure_url\" content=\"https:\/\/eldigitaldeasturias.com\/magazine365\/wp-content\/uploads\/2015\/06\/fotonoticia_20150610143522_800.jpg\" \/>\n\t\t<meta property=\"og:image:width\" content=\"800\" \/>\n\t\t<meta property=\"og:image:height\" content=\"531\" \/>\n\t\t<meta property=\"article:published_time\" content=\"2015-06-11T04:25:41+00:00\" \/>\n\t\t<meta property=\"article:modified_time\" content=\"2015-06-11T04:25:41+00:00\" \/>\n\t\t<meta name=\"twitter:card\" content=\"summary_large_image\" \/>\n\t\t<meta name=\"twitter:title\" content=\"Los refugios del IBANAT consiguen la certificaci\u00f3n internacional de gesti\u00f3n ambiental ISO 14001 | El Digital de Asturias\" \/>\n\t\t<meta name=\"twitter:description\" content=\"Los refugios que gestiona el Instituto Balear de la Naturaleza (IBANAT) en el Paraje Natural de la Sierra de Tramuntana, en el Parque Natural de Llevant, en la finca p\u00fablica de Son Real y en Alc\u00fadia han obtenido las certificaciones de la norma ISO 14001 de manos de la entidad SGS, l\u00edder mundial en certificaci\u00f3n.\" \/>\n\t\t<meta name=\"twitter:image\" content=\"https:\/\/eldigitaldeasturias.com\/magazine365\/wp-content\/uploads\/2015\/06\/fotonoticia_20150610143522_800.jpg\" \/>\n\t\t<script type=\"application\/ld+json\" class=\"aioseo-schema\">\n\t\t\t{\"@context\":\"https:\\\/\\\/schema.org\",\"@graph\":[{\"@type\":\"Article\",\"@id\":\"https:\\\/\\\/eldigitaldeasturias.com\\\/magazine365\\\/los-refugios-del-ibanat-consiguen-la-certificacion-internacional-de-gestion-ambiental-iso-14001\\\/#article\",\"name\":\"Los refugios del IBANAT consiguen la certificaci\\u00f3n internacional de gesti\\u00f3n ambiental ISO 14001 | El Digital de Asturias\",\"headline\":\"Los refugios del IBANAT consiguen la certificaci\\u00f3n internacional de gesti\\u00f3n ambiental ISO 14001\",\"author\":{\"@id\":\"https:\\\/\\\/eldigitaldeasturias.com\\\/magazine365\\\/author\\\/admin\\\/#author\"},\"publisher\":{\"@id\":\"https:\\\/\\\/eldigitaldeasturias.com\\\/magazine365\\\/#organization\"},\"image\":{\"@type\":\"ImageObject\",\"url\":\"https:\\\/\\\/eldigitaldeasturias.com\\\/magazine365\\\/wp-content\\\/uploads\\\/2015\\\/06\\\/fotonoticia_20150610143522_800.jpg\",\"width\":800,\"height\":531},\"datePublished\":\"2015-06-11T05:55:41+02:00\",\"dateModified\":\"2015-06-11T05:55:41+02:00\",\"inLanguage\":\"es-ES\",\"mainEntityOfPage\":{\"@id\":\"https:\\\/\\\/eldigitaldeasturias.com\\\/magazine365\\\/los-refugios-del-ibanat-consiguen-la-certificacion-internacional-de-gestion-ambiental-iso-14001\\\/#webpage\"},\"isPartOf\":{\"@id\":\"https:\\\/\\\/eldigitaldeasturias.com\\\/magazine365\\\/los-refugios-del-ibanat-consiguen-la-certificacion-internacional-de-gestion-ambiental-iso-14001\\\/#webpage\"},\"articleSection\":\"Actualidad Turismo\"},{\"@type\":\"BreadcrumbList\",\"@id\":\"https:\\\/\\\/eldigitaldeasturias.com\\\/magazine365\\\/los-refugios-del-ibanat-consiguen-la-certificacion-internacional-de-gestion-ambiental-iso-14001\\\/#breadcrumblist\",\"itemListElement\":[{\"@type\":\"ListItem\",\"@id\":\"https:\\\/\\\/eldigitaldeasturias.com\\\/magazine365#listItem\",\"position\":1,\"name\":\"Home\",\"item\":\"https:\\\/\\\/eldigitaldeasturias.com\\\/magazine365\",\"nextItem\":{\"@type\":\"ListItem\",\"@id\":\"https:\\\/\\\/eldigitaldeasturias.com\\\/magazine365\\\/category\\\/actualidad-turismo\\\/#listItem\",\"name\":\"Actualidad Turismo\"}},{\"@type\":\"ListItem\",\"@id\":\"https:\\\/\\\/eldigitaldeasturias.com\\\/magazine365\\\/category\\\/actualidad-turismo\\\/#listItem\",\"position\":2,\"name\":\"Actualidad Turismo\",\"item\":\"https:\\\/\\\/eldigitaldeasturias.com\\\/magazine365\\\/category\\\/actualidad-turismo\\\/\",\"nextItem\":{\"@type\":\"ListItem\",\"@id\":\"https:\\\/\\\/eldigitaldeasturias.com\\\/magazine365\\\/los-refugios-del-ibanat-consiguen-la-certificacion-internacional-de-gestion-ambiental-iso-14001\\\/#listItem\",\"name\":\"Los refugios del IBANAT consiguen la certificaci\\u00f3n internacional de gesti\\u00f3n ambiental ISO 14001\"},\"previousItem\":{\"@type\":\"ListItem\",\"@id\":\"https:\\\/\\\/eldigitaldeasturias.com\\\/magazine365#listItem\",\"name\":\"Home\"}},{\"@type\":\"ListItem\",\"@id\":\"https:\\\/\\\/eldigitaldeasturias.com\\\/magazine365\\\/los-refugios-del-ibanat-consiguen-la-certificacion-internacional-de-gestion-ambiental-iso-14001\\\/#listItem\",\"position\":3,\"name\":\"Los refugios del IBANAT consiguen la certificaci\\u00f3n internacional de gesti\\u00f3n ambiental ISO 14001\",\"previousItem\":{\"@type\":\"ListItem\",\"@id\":\"https:\\\/\\\/eldigitaldeasturias.com\\\/magazine365\\\/category\\\/actualidad-turismo\\\/#listItem\",\"name\":\"Actualidad Turismo\"}}]},{\"@type\":\"Organization\",\"@id\":\"https:\\\/\\\/eldigitaldeasturias.com\\\/magazine365\\\/#organization\",\"name\":\"El digital de Asturias\",\"description\":\"Revista de ocio, turismo y estilo de vida\",\"url\":\"https:\\\/\\\/eldigitaldeasturias.com\\\/magazine365\\\/\",\"logo\":{\"@type\":\"ImageObject\",\"url\":\"https:\\\/\\\/www.eldigitaldeasturias.com\\\/noticias\\\/wp-content\\\/uploads\\\/2020\\\/12\\\/EDA.jpg\",\"@id\":\"https:\\\/\\\/eldigitaldeasturias.com\\\/magazine365\\\/los-refugios-del-ibanat-consiguen-la-certificacion-internacional-de-gestion-ambiental-iso-14001\\\/#organizationLogo\"},\"image\":{\"@id\":\"https:\\\/\\\/eldigitaldeasturias.com\\\/magazine365\\\/los-refugios-del-ibanat-consiguen-la-certificacion-internacional-de-gestion-ambiental-iso-14001\\\/#organizationLogo\"}},{\"@type\":\"Person\",\"@id\":\"https:\\\/\\\/eldigitaldeasturias.com\\\/magazine365\\\/author\\\/admin\\\/#author\",\"url\":\"https:\\\/\\\/eldigitaldeasturias.com\\\/magazine365\\\/author\\\/admin\\\/\",\"name\":\"admin\",\"image\":{\"@type\":\"ImageObject\",\"@id\":\"https:\\\/\\\/eldigitaldeasturias.com\\\/magazine365\\\/los-refugios-del-ibanat-consiguen-la-certificacion-internacional-de-gestion-ambiental-iso-14001\\\/#authorImage\",\"url\":\"https:\\\/\\\/eldigitaldeasturias.com\\\/magazine365\\\/wp-content\\\/litespeed\\\/avatar\\\/e571bcf59a0edd6fa6838245a470f2fe.jpg?ver=1776969259\",\"width\":96,\"height\":96,\"caption\":\"admin\"}},{\"@type\":\"WebPage\",\"@id\":\"https:\\\/\\\/eldigitaldeasturias.com\\\/magazine365\\\/los-refugios-del-ibanat-consiguen-la-certificacion-internacional-de-gestion-ambiental-iso-14001\\\/#webpage\",\"url\":\"https:\\\/\\\/eldigitaldeasturias.com\\\/magazine365\\\/los-refugios-del-ibanat-consiguen-la-certificacion-internacional-de-gestion-ambiental-iso-14001\\\/\",\"name\":\"Los refugios del IBANAT consiguen la certificaci\\u00f3n internacional de gesti\\u00f3n ambiental ISO 14001 | El Digital de Asturias\",\"description\":\"Los refugios que gestiona el Instituto Balear de la Naturaleza (IBANAT) en el Paraje Natural de la Sierra de Tramuntana, en el Parque Natural de Llevant, en la finca p\\u00fablica de Son Real y en Alc\\u00fadia han obtenido las certificaciones de la norma ISO 14001 de manos de la entidad SGS, l\\u00edder mundial en certificaci\\u00f3n.\",\"inLanguage\":\"es-ES\",\"isPartOf\":{\"@id\":\"https:\\\/\\\/eldigitaldeasturias.com\\\/magazine365\\\/#website\"},\"breadcrumb\":{\"@id\":\"https:\\\/\\\/eldigitaldeasturias.com\\\/magazine365\\\/los-refugios-del-ibanat-consiguen-la-certificacion-internacional-de-gestion-ambiental-iso-14001\\\/#breadcrumblist\"},\"author\":{\"@id\":\"https:\\\/\\\/eldigitaldeasturias.com\\\/magazine365\\\/author\\\/admin\\\/#author\"},\"creator\":{\"@id\":\"https:\\\/\\\/eldigitaldeasturias.com\\\/magazine365\\\/author\\\/admin\\\/#author\"},\"image\":{\"@type\":\"ImageObject\",\"url\":\"https:\\\/\\\/eldigitaldeasturias.com\\\/magazine365\\\/wp-content\\\/uploads\\\/2015\\\/06\\\/fotonoticia_20150610143522_800.jpg\",\"@id\":\"https:\\\/\\\/eldigitaldeasturias.com\\\/magazine365\\\/los-refugios-del-ibanat-consiguen-la-certificacion-internacional-de-gestion-ambiental-iso-14001\\\/#mainImage\",\"width\":800,\"height\":531},\"primaryImageOfPage\":{\"@id\":\"https:\\\/\\\/eldigitaldeasturias.com\\\/magazine365\\\/los-refugios-del-ibanat-consiguen-la-certificacion-internacional-de-gestion-ambiental-iso-14001\\\/#mainImage\"},\"datePublished\":\"2015-06-11T05:55:41+02:00\",\"dateModified\":\"2015-06-11T05:55:41+02:00\"},{\"@type\":\"WebSite\",\"@id\":\"https:\\\/\\\/eldigitaldeasturias.com\\\/magazine365\\\/#website\",\"url\":\"https:\\\/\\\/eldigitaldeasturias.com\\\/magazine365\\\/\",\"name\":\"El Digital de Asturias\",\"description\":\"Revista de ocio, turismo y estilo de vida\",\"inLanguage\":\"es-ES\",\"publisher\":{\"@id\":\"https:\\\/\\\/eldigitaldeasturias.com\\\/magazine365\\\/#organization\"}}]}\n\t\t<\/script>\n\t\t<!-- All in One SEO Pro -->\r\n\t\t<title>Los refugios del IBANAT consiguen la certificaci\u00f3n internacional de gesti\u00f3n ambiental ISO 14001 | El Digital de Asturias<\/title>\n\n","aioseo_head_json":{"title":"Los refugios del IBANAT consiguen la certificaci\u00f3n internacional de gesti\u00f3n ambiental ISO 14001 | El Digital de Asturias","description":"Los refugios que gestiona el Instituto Balear de la Naturaleza (IBANAT) en el Paraje Natural de la Sierra de Tramuntana, en el Parque Natural de Llevant, en la finca p\u00fablica de Son Real y en Alc\u00fadia han obtenido las certificaciones de la norma ISO 14001 de manos de la entidad SGS, l\u00edder mundial en certificaci\u00f3n.","canonical_url":"https:\/\/eldigitaldeasturias.com\/magazine365\/los-refugios-del-ibanat-consiguen-la-certificacion-internacional-de-gestion-ambiental-iso-14001\/","robots":"max-image-preview:large","keywords":"actualidad turismo","webmasterTools":{"google-site-verification":"UA-38556648-1","miscellaneous":""},"schema":{"@context":"https:\/\/schema.org","@graph":[{"@type":"Article","@id":"https:\/\/eldigitaldeasturias.com\/magazine365\/los-refugios-del-ibanat-consiguen-la-certificacion-internacional-de-gestion-ambiental-iso-14001\/#article","name":"Los refugios del IBANAT consiguen la certificaci\u00f3n internacional de gesti\u00f3n ambiental ISO 14001 | El Digital de Asturias","headline":"Los refugios del IBANAT consiguen la certificaci\u00f3n internacional de gesti\u00f3n ambiental ISO 14001","author":{"@id":"https:\/\/eldigitaldeasturias.com\/magazine365\/author\/admin\/#author"},"publisher":{"@id":"https:\/\/eldigitaldeasturias.com\/magazine365\/#organization"},"image":{"@type":"ImageObject","url":"https:\/\/eldigitaldeasturias.com\/magazine365\/wp-content\/uploads\/2015\/06\/fotonoticia_20150610143522_800.jpg","width":800,"height":531},"datePublished":"2015-06-11T05:55:41+02:00","dateModified":"2015-06-11T05:55:41+02:00","inLanguage":"es-ES","mainEntityOfPage":{"@id":"https:\/\/eldigitaldeasturias.com\/magazine365\/los-refugios-del-ibanat-consiguen-la-certificacion-internacional-de-gestion-ambiental-iso-14001\/#webpage"},"isPartOf":{"@id":"https:\/\/eldigitaldeasturias.com\/magazine365\/los-refugios-del-ibanat-consiguen-la-certificacion-internacional-de-gestion-ambiental-iso-14001\/#webpage"},"articleSection":"Actualidad Turismo"},{"@type":"BreadcrumbList","@id":"https:\/\/eldigitaldeasturias.com\/magazine365\/los-refugios-del-ibanat-consiguen-la-certificacion-internacional-de-gestion-ambiental-iso-14001\/#breadcrumblist","itemListElement":[{"@type":"ListItem","@id":"https:\/\/eldigitaldeasturias.com\/magazine365#listItem","position":1,"name":"Home","item":"https:\/\/eldigitaldeasturias.com\/magazine365","nextItem":{"@type":"ListItem","@id":"https:\/\/eldigitaldeasturias.com\/magazine365\/category\/actualidad-turismo\/#listItem","name":"Actualidad Turismo"}},{"@type":"ListItem","@id":"https:\/\/eldigitaldeasturias.com\/magazine365\/category\/actualidad-turismo\/#listItem","position":2,"name":"Actualidad Turismo","item":"https:\/\/eldigitaldeasturias.com\/magazine365\/category\/actualidad-turismo\/","nextItem":{"@type":"ListItem","@id":"https:\/\/eldigitaldeasturias.com\/magazine365\/los-refugios-del-ibanat-consiguen-la-certificacion-internacional-de-gestion-ambiental-iso-14001\/#listItem","name":"Los refugios del IBANAT consiguen la certificaci\u00f3n internacional de gesti\u00f3n ambiental ISO 14001"},"previousItem":{"@type":"ListItem","@id":"https:\/\/eldigitaldeasturias.com\/magazine365#listItem","name":"Home"}},{"@type":"ListItem","@id":"https:\/\/eldigitaldeasturias.com\/magazine365\/los-refugios-del-ibanat-consiguen-la-certificacion-internacional-de-gestion-ambiental-iso-14001\/#listItem","position":3,"name":"Los refugios del IBANAT consiguen la certificaci\u00f3n internacional de gesti\u00f3n ambiental ISO 14001","previousItem":{"@type":"ListItem","@id":"https:\/\/eldigitaldeasturias.com\/magazine365\/category\/actualidad-turismo\/#listItem","name":"Actualidad Turismo"}}]},{"@type":"Organization","@id":"https:\/\/eldigitaldeasturias.com\/magazine365\/#organization","name":"El digital de Asturias","description":"Revista de ocio, turismo y estilo de vida","url":"https:\/\/eldigitaldeasturias.com\/magazine365\/","logo":{"@type":"ImageObject","url":"https:\/\/www.eldigitaldeasturias.com\/noticias\/wp-content\/uploads\/2020\/12\/EDA.jpg","@id":"https:\/\/eldigitaldeasturias.com\/magazine365\/los-refugios-del-ibanat-consiguen-la-certificacion-internacional-de-gestion-ambiental-iso-14001\/#organizationLogo"},"image":{"@id":"https:\/\/eldigitaldeasturias.com\/magazine365\/los-refugios-del-ibanat-consiguen-la-certificacion-internacional-de-gestion-ambiental-iso-14001\/#organizationLogo"}},{"@type":"Person","@id":"https:\/\/eldigitaldeasturias.com\/magazine365\/author\/admin\/#author","url":"https:\/\/eldigitaldeasturias.com\/magazine365\/author\/admin\/","name":"admin","image":{"@type":"ImageObject","@id":"https:\/\/eldigitaldeasturias.com\/magazine365\/los-refugios-del-ibanat-consiguen-la-certificacion-internacional-de-gestion-ambiental-iso-14001\/#authorImage","url":"https:\/\/eldigitaldeasturias.com\/magazine365\/wp-content\/litespeed\/avatar\/e571bcf59a0edd6fa6838245a470f2fe.jpg?ver=1776969259","width":96,"height":96,"caption":"admin"}},{"@type":"WebPage","@id":"https:\/\/eldigitaldeasturias.com\/magazine365\/los-refugios-del-ibanat-consiguen-la-certificacion-internacional-de-gestion-ambiental-iso-14001\/#webpage","url":"https:\/\/eldigitaldeasturias.com\/magazine365\/los-refugios-del-ibanat-consiguen-la-certificacion-internacional-de-gestion-ambiental-iso-14001\/","name":"Los refugios del IBANAT consiguen la certificaci\u00f3n internacional de gesti\u00f3n ambiental ISO 14001 | El Digital de Asturias","description":"Los refugios que gestiona el Instituto Balear de la Naturaleza (IBANAT) en el Paraje Natural de la Sierra de Tramuntana, en el Parque Natural de Llevant, en la finca p\u00fablica de Son Real y en Alc\u00fadia han obtenido las certificaciones de la norma ISO 14001 de manos de la entidad SGS, l\u00edder mundial en certificaci\u00f3n.","inLanguage":"es-ES","isPartOf":{"@id":"https:\/\/eldigitaldeasturias.com\/magazine365\/#website"},"breadcrumb":{"@id":"https:\/\/eldigitaldeasturias.com\/magazine365\/los-refugios-del-ibanat-consiguen-la-certificacion-internacional-de-gestion-ambiental-iso-14001\/#breadcrumblist"},"author":{"@id":"https:\/\/eldigitaldeasturias.com\/magazine365\/author\/admin\/#author"},"creator":{"@id":"https:\/\/eldigitaldeasturias.com\/magazine365\/author\/admin\/#author"},"image":{"@type":"ImageObject","url":"https:\/\/eldigitaldeasturias.com\/magazine365\/wp-content\/uploads\/2015\/06\/fotonoticia_20150610143522_800.jpg","@id":"https:\/\/eldigitaldeasturias.com\/magazine365\/los-refugios-del-ibanat-consiguen-la-certificacion-internacional-de-gestion-ambiental-iso-14001\/#mainImage","width":800,"height":531},"primaryImageOfPage":{"@id":"https:\/\/eldigitaldeasturias.com\/magazine365\/los-refugios-del-ibanat-consiguen-la-certificacion-internacional-de-gestion-ambiental-iso-14001\/#mainImage"},"datePublished":"2015-06-11T05:55:41+02:00","dateModified":"2015-06-11T05:55:41+02:00"},{"@type":"WebSite","@id":"https:\/\/eldigitaldeasturias.com\/magazine365\/#website","url":"https:\/\/eldigitaldeasturias.com\/magazine365\/","name":"El Digital de Asturias","description":"Revista de ocio, turismo y estilo de vida","inLanguage":"es-ES","publisher":{"@id":"https:\/\/eldigitaldeasturias.com\/magazine365\/#organization"}}]},"og:locale":"es_ES","og:site_name":"El Digital de Asturias \u2013 Revista de ocio, turismo y estilo de vida","og:type":"article","og:title":"Los refugios del IBANAT consiguen la certificaci\u00f3n internacional de gesti\u00f3n ambiental ISO 14001 | El Digital de Asturias","og:description":"Los refugios que gestiona el Instituto Balear de la Naturaleza (IBANAT) en el Paraje Natural de la Sierra de Tramuntana, en el Parque Natural de Llevant, en la finca p\u00fablica de Son Real y en Alc\u00fadia han obtenido las certificaciones de la norma ISO 14001 de manos de la entidad SGS, l\u00edder mundial en certificaci\u00f3n.","og:url":"https:\/\/eldigitaldeasturias.com\/magazine365\/los-refugios-del-ibanat-consiguen-la-certificacion-internacional-de-gestion-ambiental-iso-14001\/","og:image":"https:\/\/eldigitaldeasturias.com\/magazine365\/wp-content\/uploads\/2015\/06\/fotonoticia_20150610143522_800.jpg","og:image:secure_url":"https:\/\/eldigitaldeasturias.com\/magazine365\/wp-content\/uploads\/2015\/06\/fotonoticia_20150610143522_800.jpg","og:image:width":800,"og:image:height":531,"article:published_time":"2015-06-11T04:25:41+00:00","article:modified_time":"2015-06-11T04:25:41+00:00","twitter:card":"summary_large_image","twitter:title":"Los refugios del IBANAT consiguen la certificaci\u00f3n internacional de gesti\u00f3n ambiental ISO 14001 | El Digital de Asturias","twitter:description":"Los refugios que gestiona el Instituto Balear de la Naturaleza (IBANAT) en el Paraje Natural de la Sierra de Tramuntana, en el Parque Natural de Llevant, en la finca p\u00fablica de Son Real y en Alc\u00fadia han obtenido las certificaciones de la norma ISO 14001 de manos de la entidad SGS, l\u00edder mundial en certificaci\u00f3n.","twitter:image":"https:\/\/eldigitaldeasturias.com\/magazine365\/wp-content\/uploads\/2015\/06\/fotonoticia_20150610143522_800.jpg"},"aioseo_meta_data":{"post_id":"39503","title":null,"description":null,"keywords":null,"keyphrases":null,"primary_term":null,"canonical_url":null,"og_title":null,"og_description":null,"og_object_type":"default","og_image_type":"default","og_image_url":null,"og_image_width":null,"og_image_height":null,"og_image_custom_url":null,"og_image_custom_fields":null,"og_video":null,"og_custom_url":null,"og_article_section":null,"og_article_tags":null,"twitter_use_og":false,"twitter_card":"default","twitter_image_type":"default","twitter_image_url":null,"twitter_image_custom_url":null,"twitter_image_custom_fields":null,"twitter_title":null,"twitter_description":null,"schema":{"blockGraphs":[],"customGraphs":[],"default":{"data":{"Article":[],"Course":[],"Dataset":[],"FAQPage":[],"Movie":[],"Person":[],"Product":[],"ProductReview":[],"Car":[],"Recipe":[],"Service":[],"SoftwareApplication":[],"WebPage":[]},"graphName":"","isEnabled":true},"graphs":[],"defaultGraph":"","defaultPostTypeGraph":""},"schema_type":null,"schema_type_options":null,"pillar_content":false,"robots_default":true,"robots_noindex":false,"robots_noarchive":false,"robots_nosnippet":false,"robots_nofollow":false,"robots_noimageindex":false,"robots_noodp":false,"robots_notranslate":false,"robots_max_snippet":null,"robots_max_videopreview":null,"robots_max_imagepreview":"large","priority":null,"frequency":null,"location":null,"local_seo":null,"seo_analyzer_scan_date":"2025-09-19 11:45:17","breadcrumb_settings":null,"limit_modified_date":false,"open_ai":null,"ai":null,"created":"2021-03-09 02:40:52","updated":"2025-09-19 11:45:17"},"aioseo_breadcrumb":"<div class=\"aioseo-breadcrumbs\"><span class=\"aioseo-breadcrumb\">\n\t<a href=\"https:\/\/eldigitaldeasturias.com\/magazine365\" title=\"Home\">Home<\/a>\n<\/span><span class=\"aioseo-breadcrumb-separator\">\u2013<\/span><span class=\"aioseo-breadcrumb\">\n\t<a href=\"https:\/\/eldigitaldeasturias.com\/magazine365\/category\/actualidad-turismo\/\" title=\"Actualidad Turismo\">Actualidad Turismo<\/a>\n<\/span><span class=\"aioseo-breadcrumb-separator\">\u2013<\/span><span class=\"aioseo-breadcrumb\">\n\t<a href=\"https:\/\/eldigitaldeasturias.com\/magazine365\/los-refugios-del-ibanat-consiguen-la-certificacion-internacional-de-gestion-ambiental-iso-14001\/\" title=\"Los refugios del IBANAT consiguen la certificaci\u00f3n internacional de gesti\u00f3n ambiental ISO 14001\">Los refugios del IBANAT consiguen la certificaci\u00f3n internacional de gesti\u00f3n ambiental ISO 14001<\/a>\n<\/span><\/div>","aioseo_breadcrumb_json":[{"label":"Home","link":"https:\/\/eldigitaldeasturias.com\/magazine365"},{"label":"Actualidad Turismo","link":"https:\/\/eldigitaldeasturias.com\/magazine365\/category\/actualidad-turismo\/"},{"label":"Los refugios del IBANAT consiguen la certificaci\u00f3n internacional de gesti\u00f3n ambiental ISO 14001","link":"https:\/\/eldigitaldeasturias.com\/magazine365\/los-refugios-del-ibanat-consiguen-la-certificacion-internacional-de-gestion-ambiental-iso-14001\/"}],"_links":{"self":[{"href":"https:\/\/eldigitaldeasturias.com\/magazine365\/wp-json\/wp\/v2\/posts\/39503","targetHints":{"allow":["GET"]}}],"collection":[{"href":"https:\/\/eldigitaldeasturias.com\/magazine365\/wp-json\/wp\/v2\/posts"}],"about":[{"href":"https:\/\/eldigitaldeasturias.com\/magazine365\/wp-json\/wp\/v2\/types\/post"}],"author":[{"embeddable":true,"href":"https:\/\/eldigitaldeasturias.com\/magazine365\/wp-json\/wp\/v2\/users\/1"}],"replies":[{"embeddable":true,"href":"https:\/\/eldigitaldeasturias.com\/magazine365\/wp-json\/wp\/v2\/comments?post=39503"}],"version-history":[{"count":0,"href":"https:\/\/eldigitaldeasturias.com\/magazine365\/wp-json\/wp\/v2\/posts\/39503\/revisions"}],"wp:featuredmedia":[{"embeddable":true,"href":"https:\/\/eldigitaldeasturias.com\/magazine365\/wp-json\/wp\/v2\/media\/39504"}],"wp:attachment":[{"href":"https:\/\/eldigitaldeasturias.com\/magazine365\/wp-json\/wp\/v2\/media?parent=39503"}],"wp:term":[{"taxonomy":"category","embeddable":true,"href":"https:\/\/eldigitaldeasturias.com\/magazine365\/wp-json\/wp\/v2\/categories?post=39503"},{"taxonomy":"post_tag","embeddable":true,"href":"https:\/\/eldigitaldeasturias.com\/magazine365\/wp-json\/wp\/v2\/tags?post=39503"}],"curies":[{"name":"wp","href":"https:\/\/api.w.org\/{rel}","templated":true}]}}