{"id":39497,"date":"2015-06-11T05:52:25","date_gmt":"2015-06-11T04:22:25","guid":{"rendered":"http:\/\/eldigitaldeasturias.com\/magazine365\/?p=39497"},"modified":"2015-06-11T05:52:25","modified_gmt":"2015-06-11T04:22:25","slug":"un-viaje-de-prensa-permitira-la-difusion-del-patrimonio-y-la-oferta-gastronomica-de-merida","status":"publish","type":"post","link":"https:\/\/eldigitaldeasturias.com\/magazine365\/un-viaje-de-prensa-permitira-la-difusion-del-patrimonio-y-la-oferta-gastronomica-de-merida\/","title":{"rendered":"Un viaje de prensa permitir\u00e1 la difusi\u00f3n del patrimonio y la oferta gastron\u00f3mica de M\u00e9rida"},"content":{"rendered":"<p><img fetchpriority=\"high\" decoding=\"async\" class=\"alignleft size-medium wp-image-39498\" src=\"https:\/\/eldigitaldeasturias.com\/magazine365\/wp-content\/uploads\/2015\/06\/fotonoticia_20150610143238_800-360x240.jpg\" alt=\"fotonoticia_20150610143238_800\" width=\"360\" height=\"240\" srcset=\"https:\/\/eldigitaldeasturias.com\/magazine365\/wp-content\/uploads\/2015\/06\/fotonoticia_20150610143238_800-360x240.jpg 360w, https:\/\/eldigitaldeasturias.com\/magazine365\/wp-content\/uploads\/2015\/06\/fotonoticia_20150610143238_800-650x433.jpg 650w, https:\/\/eldigitaldeasturias.com\/magazine365\/wp-content\/uploads\/2015\/06\/fotonoticia_20150610143238_800-768x512.jpg 768w, https:\/\/eldigitaldeasturias.com\/magazine365\/wp-content\/uploads\/2015\/06\/fotonoticia_20150610143238_800-150x100.jpg 150w, https:\/\/eldigitaldeasturias.com\/magazine365\/wp-content\/uploads\/2015\/06\/fotonoticia_20150610143238_800-450x300.jpg 450w, https:\/\/eldigitaldeasturias.com\/magazine365\/wp-content\/uploads\/2015\/06\/fotonoticia_20150610143238_800-696x464.jpg 696w, https:\/\/eldigitaldeasturias.com\/magazine365\/wp-content\/uploads\/2015\/06\/fotonoticia_20150610143238_800-630x420.jpg 630w, https:\/\/eldigitaldeasturias.com\/magazine365\/wp-content\/uploads\/2015\/06\/fotonoticia_20150610143238_800-84x55.jpg 84w, https:\/\/eldigitaldeasturias.com\/magazine365\/wp-content\/uploads\/2015\/06\/fotonoticia_20150610143238_800.jpg 800w\" sizes=\"(max-width: 360px) 100vw, 360px\" \/>Una periodista y un fot\u00f3grafo de la revista mensual Viajar, editada por el grupo Zeta, inician este mi\u00e9rcoles, d\u00eda 10, una visita de tres d\u00edas a M\u00e9rida para conocer los principales monumentos de esta ciudad Patrimonio de la Humanidad y su oferta culinaria.<\/p>\n<p>Cabe recordar que a la capital extreme\u00f1a le faltan casi seis meses para que se convierta en la Capital Iberoamericana de la Gastronom\u00eda en el a\u00f1o 2016.<\/p>\n<p>La Direcci\u00f3n General de Turismo, con el apoyo de los fondos FEDER, colabora en esta acci\u00f3n promocional que sugiere un viaje de m\u00e1s de 2.000 a\u00f1os por M\u00e9rida, desde la \u00e9poca de Em\u00e9rita Augusta hasta la ciudad actual, con sus propuestas culturales, entre las que destaca el Festival Internacional de Teatro Cl\u00e1sico, y sus nuevas fusiones gastron\u00f3micas.<\/p>\n<p>Los periodistas de Viajar visitar\u00e1n el teatro, el anfiteatro, el templo de Diana, el Museo Nacional de Arte Romano (MNAR), el acueducto de Los Milagros y la alcazaba, que es la fortificaci\u00f3n \u00e1rabe m\u00e1s antigua de la pen\u00ednsula Ib\u00e9rica, entre otros lugares.<\/p>\n<p>En lo que se refiere a la gastronom\u00eda, adem\u00e1s de degustaciones en restaurantes de la ciudad, este viaje de prensa incluye una clase magistral sobre el jam\u00f3n ib\u00e9rico &#8216;Dehesa de Extremadura&#8217; y su proceso de elaboraci\u00f3n, a cargo de un cortador profesional, y una experiencia culinaria ligada al pasado romano.<\/p>\n<p>Como ocurre este a\u00f1o con C\u00e1ceres y su Capitalidad Espa\u00f1ola de la Gastronom\u00eda, 2016 ser\u00e1 un \u00abbuen escaparate\u00bb para promocionar los alimentos, las recetas y el patrimonio cultural de M\u00e9rida y Extremadura en Iberoam\u00e9rica, como ha expuesto el Gobierno de Extremadura en nota de prensa.<\/p>\n","protected":false},"excerpt":{"rendered":"<p>Una periodista y un fot\u00f3grafo de la revista mensual Viajar, editada por el grupo Zeta, inician este mi\u00e9rcoles, d\u00eda 10, una visita de tres d\u00edas a M\u00e9rida para conocer los principales monumentos de esta ciudad Patrimonio de la Humanidad y su oferta culinaria. Cabe recordar que a la capital extreme\u00f1a le faltan casi seis meses<\/p>\n","protected":false},"author":1,"featured_media":39498,"comment_status":"open","ping_status":"closed","sticky":false,"template":"","format":"standard","meta":{"footnotes":""},"categories":[222],"tags":[],"class_list":{"0":"post-39497","1":"post","2":"type-post","3":"status-publish","4":"format-standard","5":"has-post-thumbnail","7":"category-actualidad-turismo"},"aioseo_notices":[],"aioseo_head":"\n\t\t<!-- All in One SEO Pro 4.9.6.1 - aioseo.com -->\n\t<meta name=\"description\" content=\"Una periodista y un fot\u00f3grafo de la revista mensual Viajar, editada por el grupo Zeta, inician este mi\u00e9rcoles, d\u00eda 10, una visita de tres d\u00edas a M\u00e9rida para conocer los principales monumentos de esta ciudad Patrimonio de la Humanidad y su oferta culinaria. Cabe recordar que a la capital extreme\u00f1a le faltan casi seis meses\" \/>\n\t<meta name=\"robots\" content=\"max-image-preview:large\" \/>\n\t<meta name=\"author\" content=\"admin\"\/>\n\t<meta name=\"google-site-verification\" content=\"UA-38556648-1\" \/>\n\t<meta name=\"keywords\" content=\"actualidad turismo\" \/>\n\t<link rel=\"canonical\" href=\"https:\/\/eldigitaldeasturias.com\/magazine365\/un-viaje-de-prensa-permitira-la-difusion-del-patrimonio-y-la-oferta-gastronomica-de-merida\/\" \/>\n\t<meta name=\"generator\" content=\"All in One SEO Pro (AIOSEO) 4.9.6.1\" \/>\n\t\t<meta property=\"og:locale\" content=\"es_ES\" \/>\n\t\t<meta property=\"og:site_name\" content=\"El Digital de Asturias \u2013 Revista de ocio, turismo y estilo de vida\" \/>\n\t\t<meta property=\"og:type\" content=\"article\" \/>\n\t\t<meta property=\"og:title\" content=\"Un viaje de prensa permitir\u00e1 la difusi\u00f3n del patrimonio y la oferta gastron\u00f3mica de M\u00e9rida | El Digital de Asturias\" \/>\n\t\t<meta property=\"og:description\" content=\"Una periodista y un fot\u00f3grafo de la revista mensual Viajar, editada por el grupo Zeta, inician este mi\u00e9rcoles, d\u00eda 10, una visita de tres d\u00edas a M\u00e9rida para conocer los principales monumentos de esta ciudad Patrimonio de la Humanidad y su oferta culinaria. Cabe recordar que a la capital extreme\u00f1a le faltan casi seis meses\" \/>\n\t\t<meta property=\"og:url\" content=\"https:\/\/eldigitaldeasturias.com\/magazine365\/un-viaje-de-prensa-permitira-la-difusion-del-patrimonio-y-la-oferta-gastronomica-de-merida\/\" \/>\n\t\t<meta property=\"og:image\" content=\"https:\/\/eldigitaldeasturias.com\/magazine365\/wp-content\/uploads\/2015\/06\/fotonoticia_20150610143238_800.jpg\" \/>\n\t\t<meta property=\"og:image:secure_url\" content=\"https:\/\/eldigitaldeasturias.com\/magazine365\/wp-content\/uploads\/2015\/06\/fotonoticia_20150610143238_800.jpg\" \/>\n\t\t<meta property=\"og:image:width\" content=\"800\" \/>\n\t\t<meta property=\"og:image:height\" content=\"533\" \/>\n\t\t<meta property=\"article:published_time\" content=\"2015-06-11T04:22:25+00:00\" \/>\n\t\t<meta property=\"article:modified_time\" content=\"2015-06-11T04:22:25+00:00\" \/>\n\t\t<meta name=\"twitter:card\" content=\"summary_large_image\" \/>\n\t\t<meta name=\"twitter:title\" content=\"Un viaje de prensa permitir\u00e1 la difusi\u00f3n del patrimonio y la oferta gastron\u00f3mica de M\u00e9rida | El Digital de Asturias\" \/>\n\t\t<meta name=\"twitter:description\" content=\"Una periodista y un fot\u00f3grafo de la revista mensual Viajar, editada por el grupo Zeta, inician este mi\u00e9rcoles, d\u00eda 10, una visita de tres d\u00edas a M\u00e9rida para conocer los principales monumentos de esta ciudad Patrimonio de la Humanidad y su oferta culinaria. Cabe recordar que a la capital extreme\u00f1a le faltan casi seis meses\" \/>\n\t\t<meta name=\"twitter:image\" content=\"https:\/\/eldigitaldeasturias.com\/magazine365\/wp-content\/uploads\/2015\/06\/fotonoticia_20150610143238_800.jpg\" \/>\n\t\t<script type=\"application\/ld+json\" class=\"aioseo-schema\">\n\t\t\t{\"@context\":\"https:\\\/\\\/schema.org\",\"@graph\":[{\"@type\":\"Article\",\"@id\":\"https:\\\/\\\/eldigitaldeasturias.com\\\/magazine365\\\/un-viaje-de-prensa-permitira-la-difusion-del-patrimonio-y-la-oferta-gastronomica-de-merida\\\/#article\",\"name\":\"Un viaje de prensa permitir\\u00e1 la difusi\\u00f3n del patrimonio y la oferta gastron\\u00f3mica de M\\u00e9rida | El Digital de Asturias\",\"headline\":\"Un viaje de prensa permitir\\u00e1 la difusi\\u00f3n del patrimonio y la oferta gastron\\u00f3mica de M\\u00e9rida\",\"author\":{\"@id\":\"https:\\\/\\\/eldigitaldeasturias.com\\\/magazine365\\\/author\\\/admin\\\/#author\"},\"publisher\":{\"@id\":\"https:\\\/\\\/eldigitaldeasturias.com\\\/magazine365\\\/#organization\"},\"image\":{\"@type\":\"ImageObject\",\"url\":\"https:\\\/\\\/eldigitaldeasturias.com\\\/magazine365\\\/wp-content\\\/uploads\\\/2015\\\/06\\\/fotonoticia_20150610143238_800.jpg\",\"width\":800,\"height\":533},\"datePublished\":\"2015-06-11T05:52:25+02:00\",\"dateModified\":\"2015-06-11T05:52:25+02:00\",\"inLanguage\":\"es-ES\",\"mainEntityOfPage\":{\"@id\":\"https:\\\/\\\/eldigitaldeasturias.com\\\/magazine365\\\/un-viaje-de-prensa-permitira-la-difusion-del-patrimonio-y-la-oferta-gastronomica-de-merida\\\/#webpage\"},\"isPartOf\":{\"@id\":\"https:\\\/\\\/eldigitaldeasturias.com\\\/magazine365\\\/un-viaje-de-prensa-permitira-la-difusion-del-patrimonio-y-la-oferta-gastronomica-de-merida\\\/#webpage\"},\"articleSection\":\"Actualidad Turismo\"},{\"@type\":\"BreadcrumbList\",\"@id\":\"https:\\\/\\\/eldigitaldeasturias.com\\\/magazine365\\\/un-viaje-de-prensa-permitira-la-difusion-del-patrimonio-y-la-oferta-gastronomica-de-merida\\\/#breadcrumblist\",\"itemListElement\":[{\"@type\":\"ListItem\",\"@id\":\"https:\\\/\\\/eldigitaldeasturias.com\\\/magazine365#listItem\",\"position\":1,\"name\":\"Home\",\"item\":\"https:\\\/\\\/eldigitaldeasturias.com\\\/magazine365\",\"nextItem\":{\"@type\":\"ListItem\",\"@id\":\"https:\\\/\\\/eldigitaldeasturias.com\\\/magazine365\\\/category\\\/actualidad-turismo\\\/#listItem\",\"name\":\"Actualidad Turismo\"}},{\"@type\":\"ListItem\",\"@id\":\"https:\\\/\\\/eldigitaldeasturias.com\\\/magazine365\\\/category\\\/actualidad-turismo\\\/#listItem\",\"position\":2,\"name\":\"Actualidad Turismo\",\"item\":\"https:\\\/\\\/eldigitaldeasturias.com\\\/magazine365\\\/category\\\/actualidad-turismo\\\/\",\"nextItem\":{\"@type\":\"ListItem\",\"@id\":\"https:\\\/\\\/eldigitaldeasturias.com\\\/magazine365\\\/un-viaje-de-prensa-permitira-la-difusion-del-patrimonio-y-la-oferta-gastronomica-de-merida\\\/#listItem\",\"name\":\"Un viaje de prensa permitir\\u00e1 la difusi\\u00f3n del patrimonio y la oferta gastron\\u00f3mica de M\\u00e9rida\"},\"previousItem\":{\"@type\":\"ListItem\",\"@id\":\"https:\\\/\\\/eldigitaldeasturias.com\\\/magazine365#listItem\",\"name\":\"Home\"}},{\"@type\":\"ListItem\",\"@id\":\"https:\\\/\\\/eldigitaldeasturias.com\\\/magazine365\\\/un-viaje-de-prensa-permitira-la-difusion-del-patrimonio-y-la-oferta-gastronomica-de-merida\\\/#listItem\",\"position\":3,\"name\":\"Un viaje de prensa permitir\\u00e1 la difusi\\u00f3n del patrimonio y la oferta gastron\\u00f3mica de M\\u00e9rida\",\"previousItem\":{\"@type\":\"ListItem\",\"@id\":\"https:\\\/\\\/eldigitaldeasturias.com\\\/magazine365\\\/category\\\/actualidad-turismo\\\/#listItem\",\"name\":\"Actualidad Turismo\"}}]},{\"@type\":\"Organization\",\"@id\":\"https:\\\/\\\/eldigitaldeasturias.com\\\/magazine365\\\/#organization\",\"name\":\"El digital de Asturias\",\"description\":\"Revista de ocio, turismo y estilo de vida\",\"url\":\"https:\\\/\\\/eldigitaldeasturias.com\\\/magazine365\\\/\",\"logo\":{\"@type\":\"ImageObject\",\"url\":\"https:\\\/\\\/www.eldigitaldeasturias.com\\\/noticias\\\/wp-content\\\/uploads\\\/2020\\\/12\\\/EDA.jpg\",\"@id\":\"https:\\\/\\\/eldigitaldeasturias.com\\\/magazine365\\\/un-viaje-de-prensa-permitira-la-difusion-del-patrimonio-y-la-oferta-gastronomica-de-merida\\\/#organizationLogo\"},\"image\":{\"@id\":\"https:\\\/\\\/eldigitaldeasturias.com\\\/magazine365\\\/un-viaje-de-prensa-permitira-la-difusion-del-patrimonio-y-la-oferta-gastronomica-de-merida\\\/#organizationLogo\"}},{\"@type\":\"Person\",\"@id\":\"https:\\\/\\\/eldigitaldeasturias.com\\\/magazine365\\\/author\\\/admin\\\/#author\",\"url\":\"https:\\\/\\\/eldigitaldeasturias.com\\\/magazine365\\\/author\\\/admin\\\/\",\"name\":\"admin\",\"image\":{\"@type\":\"ImageObject\",\"@id\":\"https:\\\/\\\/eldigitaldeasturias.com\\\/magazine365\\\/un-viaje-de-prensa-permitira-la-difusion-del-patrimonio-y-la-oferta-gastronomica-de-merida\\\/#authorImage\",\"url\":\"https:\\\/\\\/eldigitaldeasturias.com\\\/magazine365\\\/wp-content\\\/litespeed\\\/avatar\\\/e571bcf59a0edd6fa6838245a470f2fe.jpg?ver=1776969259\",\"width\":96,\"height\":96,\"caption\":\"admin\"}},{\"@type\":\"WebPage\",\"@id\":\"https:\\\/\\\/eldigitaldeasturias.com\\\/magazine365\\\/un-viaje-de-prensa-permitira-la-difusion-del-patrimonio-y-la-oferta-gastronomica-de-merida\\\/#webpage\",\"url\":\"https:\\\/\\\/eldigitaldeasturias.com\\\/magazine365\\\/un-viaje-de-prensa-permitira-la-difusion-del-patrimonio-y-la-oferta-gastronomica-de-merida\\\/\",\"name\":\"Un viaje de prensa permitir\\u00e1 la difusi\\u00f3n del patrimonio y la oferta gastron\\u00f3mica de M\\u00e9rida | El Digital de Asturias\",\"description\":\"Una periodista y un fot\\u00f3grafo de la revista mensual Viajar, editada por el grupo Zeta, inician este mi\\u00e9rcoles, d\\u00eda 10, una visita de tres d\\u00edas a M\\u00e9rida para conocer los principales monumentos de esta ciudad Patrimonio de la Humanidad y su oferta culinaria. Cabe recordar que a la capital extreme\\u00f1a le faltan casi seis meses\",\"inLanguage\":\"es-ES\",\"isPartOf\":{\"@id\":\"https:\\\/\\\/eldigitaldeasturias.com\\\/magazine365\\\/#website\"},\"breadcrumb\":{\"@id\":\"https:\\\/\\\/eldigitaldeasturias.com\\\/magazine365\\\/un-viaje-de-prensa-permitira-la-difusion-del-patrimonio-y-la-oferta-gastronomica-de-merida\\\/#breadcrumblist\"},\"author\":{\"@id\":\"https:\\\/\\\/eldigitaldeasturias.com\\\/magazine365\\\/author\\\/admin\\\/#author\"},\"creator\":{\"@id\":\"https:\\\/\\\/eldigitaldeasturias.com\\\/magazine365\\\/author\\\/admin\\\/#author\"},\"image\":{\"@type\":\"ImageObject\",\"url\":\"https:\\\/\\\/eldigitaldeasturias.com\\\/magazine365\\\/wp-content\\\/uploads\\\/2015\\\/06\\\/fotonoticia_20150610143238_800.jpg\",\"@id\":\"https:\\\/\\\/eldigitaldeasturias.com\\\/magazine365\\\/un-viaje-de-prensa-permitira-la-difusion-del-patrimonio-y-la-oferta-gastronomica-de-merida\\\/#mainImage\",\"width\":800,\"height\":533},\"primaryImageOfPage\":{\"@id\":\"https:\\\/\\\/eldigitaldeasturias.com\\\/magazine365\\\/un-viaje-de-prensa-permitira-la-difusion-del-patrimonio-y-la-oferta-gastronomica-de-merida\\\/#mainImage\"},\"datePublished\":\"2015-06-11T05:52:25+02:00\",\"dateModified\":\"2015-06-11T05:52:25+02:00\"},{\"@type\":\"WebSite\",\"@id\":\"https:\\\/\\\/eldigitaldeasturias.com\\\/magazine365\\\/#website\",\"url\":\"https:\\\/\\\/eldigitaldeasturias.com\\\/magazine365\\\/\",\"name\":\"El Digital de Asturias\",\"description\":\"Revista de ocio, turismo y estilo de vida\",\"inLanguage\":\"es-ES\",\"publisher\":{\"@id\":\"https:\\\/\\\/eldigitaldeasturias.com\\\/magazine365\\\/#organization\"}}]}\n\t\t<\/script>\n\t\t<!-- All in One SEO Pro -->\r\n\t\t<title>Un viaje de prensa permitir\u00e1 la difusi\u00f3n del patrimonio y la oferta gastron\u00f3mica de M\u00e9rida | El Digital de Asturias<\/title>\n\n","aioseo_head_json":{"title":"Un viaje de prensa permitir\u00e1 la difusi\u00f3n del patrimonio y la oferta gastron\u00f3mica de M\u00e9rida | El Digital de Asturias","description":"Una periodista y un fot\u00f3grafo de la revista mensual Viajar, editada por el grupo Zeta, inician este mi\u00e9rcoles, d\u00eda 10, una visita de tres d\u00edas a M\u00e9rida para conocer los principales monumentos de esta ciudad Patrimonio de la Humanidad y su oferta culinaria. Cabe recordar que a la capital extreme\u00f1a le faltan casi seis meses","canonical_url":"https:\/\/eldigitaldeasturias.com\/magazine365\/un-viaje-de-prensa-permitira-la-difusion-del-patrimonio-y-la-oferta-gastronomica-de-merida\/","robots":"max-image-preview:large","keywords":"actualidad turismo","webmasterTools":{"google-site-verification":"UA-38556648-1","miscellaneous":""},"schema":{"@context":"https:\/\/schema.org","@graph":[{"@type":"Article","@id":"https:\/\/eldigitaldeasturias.com\/magazine365\/un-viaje-de-prensa-permitira-la-difusion-del-patrimonio-y-la-oferta-gastronomica-de-merida\/#article","name":"Un viaje de prensa permitir\u00e1 la difusi\u00f3n del patrimonio y la oferta gastron\u00f3mica de M\u00e9rida | El Digital de Asturias","headline":"Un viaje de prensa permitir\u00e1 la difusi\u00f3n del patrimonio y la oferta gastron\u00f3mica de M\u00e9rida","author":{"@id":"https:\/\/eldigitaldeasturias.com\/magazine365\/author\/admin\/#author"},"publisher":{"@id":"https:\/\/eldigitaldeasturias.com\/magazine365\/#organization"},"image":{"@type":"ImageObject","url":"https:\/\/eldigitaldeasturias.com\/magazine365\/wp-content\/uploads\/2015\/06\/fotonoticia_20150610143238_800.jpg","width":800,"height":533},"datePublished":"2015-06-11T05:52:25+02:00","dateModified":"2015-06-11T05:52:25+02:00","inLanguage":"es-ES","mainEntityOfPage":{"@id":"https:\/\/eldigitaldeasturias.com\/magazine365\/un-viaje-de-prensa-permitira-la-difusion-del-patrimonio-y-la-oferta-gastronomica-de-merida\/#webpage"},"isPartOf":{"@id":"https:\/\/eldigitaldeasturias.com\/magazine365\/un-viaje-de-prensa-permitira-la-difusion-del-patrimonio-y-la-oferta-gastronomica-de-merida\/#webpage"},"articleSection":"Actualidad Turismo"},{"@type":"BreadcrumbList","@id":"https:\/\/eldigitaldeasturias.com\/magazine365\/un-viaje-de-prensa-permitira-la-difusion-del-patrimonio-y-la-oferta-gastronomica-de-merida\/#breadcrumblist","itemListElement":[{"@type":"ListItem","@id":"https:\/\/eldigitaldeasturias.com\/magazine365#listItem","position":1,"name":"Home","item":"https:\/\/eldigitaldeasturias.com\/magazine365","nextItem":{"@type":"ListItem","@id":"https:\/\/eldigitaldeasturias.com\/magazine365\/category\/actualidad-turismo\/#listItem","name":"Actualidad Turismo"}},{"@type":"ListItem","@id":"https:\/\/eldigitaldeasturias.com\/magazine365\/category\/actualidad-turismo\/#listItem","position":2,"name":"Actualidad Turismo","item":"https:\/\/eldigitaldeasturias.com\/magazine365\/category\/actualidad-turismo\/","nextItem":{"@type":"ListItem","@id":"https:\/\/eldigitaldeasturias.com\/magazine365\/un-viaje-de-prensa-permitira-la-difusion-del-patrimonio-y-la-oferta-gastronomica-de-merida\/#listItem","name":"Un viaje de prensa permitir\u00e1 la difusi\u00f3n del patrimonio y la oferta gastron\u00f3mica de M\u00e9rida"},"previousItem":{"@type":"ListItem","@id":"https:\/\/eldigitaldeasturias.com\/magazine365#listItem","name":"Home"}},{"@type":"ListItem","@id":"https:\/\/eldigitaldeasturias.com\/magazine365\/un-viaje-de-prensa-permitira-la-difusion-del-patrimonio-y-la-oferta-gastronomica-de-merida\/#listItem","position":3,"name":"Un viaje de prensa permitir\u00e1 la difusi\u00f3n del patrimonio y la oferta gastron\u00f3mica de M\u00e9rida","previousItem":{"@type":"ListItem","@id":"https:\/\/eldigitaldeasturias.com\/magazine365\/category\/actualidad-turismo\/#listItem","name":"Actualidad Turismo"}}]},{"@type":"Organization","@id":"https:\/\/eldigitaldeasturias.com\/magazine365\/#organization","name":"El digital de Asturias","description":"Revista de ocio, turismo y estilo de vida","url":"https:\/\/eldigitaldeasturias.com\/magazine365\/","logo":{"@type":"ImageObject","url":"https:\/\/www.eldigitaldeasturias.com\/noticias\/wp-content\/uploads\/2020\/12\/EDA.jpg","@id":"https:\/\/eldigitaldeasturias.com\/magazine365\/un-viaje-de-prensa-permitira-la-difusion-del-patrimonio-y-la-oferta-gastronomica-de-merida\/#organizationLogo"},"image":{"@id":"https:\/\/eldigitaldeasturias.com\/magazine365\/un-viaje-de-prensa-permitira-la-difusion-del-patrimonio-y-la-oferta-gastronomica-de-merida\/#organizationLogo"}},{"@type":"Person","@id":"https:\/\/eldigitaldeasturias.com\/magazine365\/author\/admin\/#author","url":"https:\/\/eldigitaldeasturias.com\/magazine365\/author\/admin\/","name":"admin","image":{"@type":"ImageObject","@id":"https:\/\/eldigitaldeasturias.com\/magazine365\/un-viaje-de-prensa-permitira-la-difusion-del-patrimonio-y-la-oferta-gastronomica-de-merida\/#authorImage","url":"https:\/\/eldigitaldeasturias.com\/magazine365\/wp-content\/litespeed\/avatar\/e571bcf59a0edd6fa6838245a470f2fe.jpg?ver=1776969259","width":96,"height":96,"caption":"admin"}},{"@type":"WebPage","@id":"https:\/\/eldigitaldeasturias.com\/magazine365\/un-viaje-de-prensa-permitira-la-difusion-del-patrimonio-y-la-oferta-gastronomica-de-merida\/#webpage","url":"https:\/\/eldigitaldeasturias.com\/magazine365\/un-viaje-de-prensa-permitira-la-difusion-del-patrimonio-y-la-oferta-gastronomica-de-merida\/","name":"Un viaje de prensa permitir\u00e1 la difusi\u00f3n del patrimonio y la oferta gastron\u00f3mica de M\u00e9rida | El Digital de Asturias","description":"Una periodista y un fot\u00f3grafo de la revista mensual Viajar, editada por el grupo Zeta, inician este mi\u00e9rcoles, d\u00eda 10, una visita de tres d\u00edas a M\u00e9rida para conocer los principales monumentos de esta ciudad Patrimonio de la Humanidad y su oferta culinaria. Cabe recordar que a la capital extreme\u00f1a le faltan casi seis meses","inLanguage":"es-ES","isPartOf":{"@id":"https:\/\/eldigitaldeasturias.com\/magazine365\/#website"},"breadcrumb":{"@id":"https:\/\/eldigitaldeasturias.com\/magazine365\/un-viaje-de-prensa-permitira-la-difusion-del-patrimonio-y-la-oferta-gastronomica-de-merida\/#breadcrumblist"},"author":{"@id":"https:\/\/eldigitaldeasturias.com\/magazine365\/author\/admin\/#author"},"creator":{"@id":"https:\/\/eldigitaldeasturias.com\/magazine365\/author\/admin\/#author"},"image":{"@type":"ImageObject","url":"https:\/\/eldigitaldeasturias.com\/magazine365\/wp-content\/uploads\/2015\/06\/fotonoticia_20150610143238_800.jpg","@id":"https:\/\/eldigitaldeasturias.com\/magazine365\/un-viaje-de-prensa-permitira-la-difusion-del-patrimonio-y-la-oferta-gastronomica-de-merida\/#mainImage","width":800,"height":533},"primaryImageOfPage":{"@id":"https:\/\/eldigitaldeasturias.com\/magazine365\/un-viaje-de-prensa-permitira-la-difusion-del-patrimonio-y-la-oferta-gastronomica-de-merida\/#mainImage"},"datePublished":"2015-06-11T05:52:25+02:00","dateModified":"2015-06-11T05:52:25+02:00"},{"@type":"WebSite","@id":"https:\/\/eldigitaldeasturias.com\/magazine365\/#website","url":"https:\/\/eldigitaldeasturias.com\/magazine365\/","name":"El Digital de Asturias","description":"Revista de ocio, turismo y estilo de vida","inLanguage":"es-ES","publisher":{"@id":"https:\/\/eldigitaldeasturias.com\/magazine365\/#organization"}}]},"og:locale":"es_ES","og:site_name":"El Digital de Asturias \u2013 Revista de ocio, turismo y estilo de vida","og:type":"article","og:title":"Un viaje de prensa permitir\u00e1 la difusi\u00f3n del patrimonio y la oferta gastron\u00f3mica de M\u00e9rida | El Digital de Asturias","og:description":"Una periodista y un fot\u00f3grafo de la revista mensual Viajar, editada por el grupo Zeta, inician este mi\u00e9rcoles, d\u00eda 10, una visita de tres d\u00edas a M\u00e9rida para conocer los principales monumentos de esta ciudad Patrimonio de la Humanidad y su oferta culinaria. Cabe recordar que a la capital extreme\u00f1a le faltan casi seis meses","og:url":"https:\/\/eldigitaldeasturias.com\/magazine365\/un-viaje-de-prensa-permitira-la-difusion-del-patrimonio-y-la-oferta-gastronomica-de-merida\/","og:image":"https:\/\/eldigitaldeasturias.com\/magazine365\/wp-content\/uploads\/2015\/06\/fotonoticia_20150610143238_800.jpg","og:image:secure_url":"https:\/\/eldigitaldeasturias.com\/magazine365\/wp-content\/uploads\/2015\/06\/fotonoticia_20150610143238_800.jpg","og:image:width":800,"og:image:height":533,"article:published_time":"2015-06-11T04:22:25+00:00","article:modified_time":"2015-06-11T04:22:25+00:00","twitter:card":"summary_large_image","twitter:title":"Un viaje de prensa permitir\u00e1 la difusi\u00f3n del patrimonio y la oferta gastron\u00f3mica de M\u00e9rida | El Digital de Asturias","twitter:description":"Una periodista y un fot\u00f3grafo de la revista mensual Viajar, editada por el grupo Zeta, inician este mi\u00e9rcoles, d\u00eda 10, una visita de tres d\u00edas a M\u00e9rida para conocer los principales monumentos de esta ciudad Patrimonio de la Humanidad y su oferta culinaria. Cabe recordar que a la capital extreme\u00f1a le faltan casi seis meses","twitter:image":"https:\/\/eldigitaldeasturias.com\/magazine365\/wp-content\/uploads\/2015\/06\/fotonoticia_20150610143238_800.jpg"},"aioseo_meta_data":{"post_id":"39497","title":null,"description":null,"keywords":null,"keyphrases":null,"primary_term":null,"canonical_url":null,"og_title":null,"og_description":null,"og_object_type":"default","og_image_type":"default","og_image_url":null,"og_image_width":null,"og_image_height":null,"og_image_custom_url":null,"og_image_custom_fields":null,"og_video":null,"og_custom_url":null,"og_article_section":null,"og_article_tags":null,"twitter_use_og":false,"twitter_card":"default","twitter_image_type":"default","twitter_image_url":null,"twitter_image_custom_url":null,"twitter_image_custom_fields":null,"twitter_title":null,"twitter_description":null,"schema":{"blockGraphs":[],"customGraphs":[],"default":{"data":{"Article":[],"Course":[],"Dataset":[],"FAQPage":[],"Movie":[],"Person":[],"Product":[],"ProductReview":[],"Car":[],"Recipe":[],"Service":[],"SoftwareApplication":[],"WebPage":[]},"graphName":"","isEnabled":true},"graphs":[],"defaultGraph":"","defaultPostTypeGraph":""},"schema_type":null,"schema_type_options":null,"pillar_content":false,"robots_default":true,"robots_noindex":false,"robots_noarchive":false,"robots_nosnippet":false,"robots_nofollow":false,"robots_noimageindex":false,"robots_noodp":false,"robots_notranslate":false,"robots_max_snippet":null,"robots_max_videopreview":null,"robots_max_imagepreview":"large","priority":null,"frequency":null,"location":null,"local_seo":null,"seo_analyzer_scan_date":"2025-09-19 11:45:14","breadcrumb_settings":null,"limit_modified_date":false,"open_ai":null,"ai":null,"created":"2021-03-09 02:40:52","updated":"2025-09-19 11:45:14"},"aioseo_breadcrumb":"<div class=\"aioseo-breadcrumbs\"><span class=\"aioseo-breadcrumb\">\n\t<a href=\"https:\/\/eldigitaldeasturias.com\/magazine365\" title=\"Home\">Home<\/a>\n<\/span><span class=\"aioseo-breadcrumb-separator\">\u2013<\/span><span class=\"aioseo-breadcrumb\">\n\t<a href=\"https:\/\/eldigitaldeasturias.com\/magazine365\/category\/actualidad-turismo\/\" title=\"Actualidad Turismo\">Actualidad Turismo<\/a>\n<\/span><span class=\"aioseo-breadcrumb-separator\">\u2013<\/span><span class=\"aioseo-breadcrumb\">\n\t<a href=\"https:\/\/eldigitaldeasturias.com\/magazine365\/un-viaje-de-prensa-permitira-la-difusion-del-patrimonio-y-la-oferta-gastronomica-de-merida\/\" title=\"Un viaje de prensa permitir\u00e1 la difusi\u00f3n del patrimonio y la oferta gastron\u00f3mica de M\u00e9rida\">Un viaje de prensa permitir\u00e1 la difusi\u00f3n del patrimonio y la oferta gastron\u00f3mica de M\u00e9rida<\/a>\n<\/span><\/div>","aioseo_breadcrumb_json":[{"label":"Home","link":"https:\/\/eldigitaldeasturias.com\/magazine365"},{"label":"Actualidad Turismo","link":"https:\/\/eldigitaldeasturias.com\/magazine365\/category\/actualidad-turismo\/"},{"label":"Un viaje de prensa permitir\u00e1 la difusi\u00f3n del patrimonio y la oferta gastron\u00f3mica de M\u00e9rida","link":"https:\/\/eldigitaldeasturias.com\/magazine365\/un-viaje-de-prensa-permitira-la-difusion-del-patrimonio-y-la-oferta-gastronomica-de-merida\/"}],"_links":{"self":[{"href":"https:\/\/eldigitaldeasturias.com\/magazine365\/wp-json\/wp\/v2\/posts\/39497","targetHints":{"allow":["GET"]}}],"collection":[{"href":"https:\/\/eldigitaldeasturias.com\/magazine365\/wp-json\/wp\/v2\/posts"}],"about":[{"href":"https:\/\/eldigitaldeasturias.com\/magazine365\/wp-json\/wp\/v2\/types\/post"}],"author":[{"embeddable":true,"href":"https:\/\/eldigitaldeasturias.com\/magazine365\/wp-json\/wp\/v2\/users\/1"}],"replies":[{"embeddable":true,"href":"https:\/\/eldigitaldeasturias.com\/magazine365\/wp-json\/wp\/v2\/comments?post=39497"}],"version-history":[{"count":0,"href":"https:\/\/eldigitaldeasturias.com\/magazine365\/wp-json\/wp\/v2\/posts\/39497\/revisions"}],"wp:featuredmedia":[{"embeddable":true,"href":"https:\/\/eldigitaldeasturias.com\/magazine365\/wp-json\/wp\/v2\/media\/39498"}],"wp:attachment":[{"href":"https:\/\/eldigitaldeasturias.com\/magazine365\/wp-json\/wp\/v2\/media?parent=39497"}],"wp:term":[{"taxonomy":"category","embeddable":true,"href":"https:\/\/eldigitaldeasturias.com\/magazine365\/wp-json\/wp\/v2\/categories?post=39497"},{"taxonomy":"post_tag","embeddable":true,"href":"https:\/\/eldigitaldeasturias.com\/magazine365\/wp-json\/wp\/v2\/tags?post=39497"}],"curies":[{"name":"wp","href":"https:\/\/api.w.org\/{rel}","templated":true}]}}