{"id":39494,"date":"2015-06-11T05:51:13","date_gmt":"2015-06-11T04:21:13","guid":{"rendered":"http:\/\/eldigitaldeasturias.com\/magazine365\/?p=39494"},"modified":"2015-06-11T05:51:13","modified_gmt":"2015-06-11T04:21:13","slug":"turistec-renueva-su-comite-ejecutivo-y-reelige-a-jaume-monserrat-para-presidir-un-nuevo-mandato-del-cluster","status":"publish","type":"post","link":"https:\/\/eldigitaldeasturias.com\/magazine365\/turistec-renueva-su-comite-ejecutivo-y-reelige-a-jaume-monserrat-para-presidir-un-nuevo-mandato-del-cluster\/","title":{"rendered":"Turistec renueva su comit\u00e9 ejecutivo y reelige a Jaume Monserrat para presidir un nuevo mandato del Cl\u00faster"},"content":{"rendered":"<p><img fetchpriority=\"high\" decoding=\"async\" class=\"alignleft size-medium wp-image-39495\" src=\"https:\/\/eldigitaldeasturias.com\/magazine365\/wp-content\/uploads\/2015\/06\/fotonoticia_20150610143111_800-360x202.jpg\" alt=\"fotonoticia_20150610143111_800\" width=\"360\" height=\"202\" srcset=\"https:\/\/eldigitaldeasturias.com\/magazine365\/wp-content\/uploads\/2015\/06\/fotonoticia_20150610143111_800-360x202.jpg 360w, https:\/\/eldigitaldeasturias.com\/magazine365\/wp-content\/uploads\/2015\/06\/fotonoticia_20150610143111_800-650x364.jpg 650w, https:\/\/eldigitaldeasturias.com\/magazine365\/wp-content\/uploads\/2015\/06\/fotonoticia_20150610143111_800-768x430.jpg 768w, https:\/\/eldigitaldeasturias.com\/magazine365\/wp-content\/uploads\/2015\/06\/fotonoticia_20150610143111_800-150x84.jpg 150w, https:\/\/eldigitaldeasturias.com\/magazine365\/wp-content\/uploads\/2015\/06\/fotonoticia_20150610143111_800-450x252.jpg 450w, https:\/\/eldigitaldeasturias.com\/magazine365\/wp-content\/uploads\/2015\/06\/fotonoticia_20150610143111_800-696x390.jpg 696w, https:\/\/eldigitaldeasturias.com\/magazine365\/wp-content\/uploads\/2015\/06\/fotonoticia_20150610143111_800-750x420.jpg 750w, https:\/\/eldigitaldeasturias.com\/magazine365\/wp-content\/uploads\/2015\/06\/fotonoticia_20150610143111_800-499x280.jpg 499w, https:\/\/eldigitaldeasturias.com\/magazine365\/wp-content\/uploads\/2015\/06\/fotonoticia_20150610143111_800.jpg 800w\" sizes=\"(max-width: 360px) 100vw, 360px\" \/>La Asamblea General del Cl\u00faster Internacional de Tecnolog\u00edas de la Informaci\u00f3n y la Comunicaci\u00f3n aplicadas al Turismo ha reelegido hoy a Jaume Monserrat (Etooltech y Dingus) como presidente para los pr\u00f3ximos dos a\u00f1os.<\/p>\n<p>Turistec mantendr\u00e1 as\u00ed en lo esencial la continuidad de un proyecto marcado por un proceso de privatizaci\u00f3n que el propio Monserrat ha dado por culminado con \u00e9xito \u00abllev\u00e1ndonos a un modelo donde el peso relativo de los ingresos por convenios p\u00fablicos ha pasado a no ser cr\u00edtico para la existencia del cl\u00faster\u00bb.<\/p>\n<p>De esta forma, Turistec est\u00e1 actualmente en condiciones de mantener la colaboraci\u00f3n p\u00fablico privada con las instituciones y organizaciones que as\u00ed lo soliciten \u00aben t\u00e9rminos de absoluta independencia econ\u00f3mica y de igualdad, colaborando y coparticipando en los proyectos donde nuestros socios y colaboradores puedan aportar alg\u00fan valor a\u00f1adido\u00bb, han informado desde el cl\u00faster.<\/p>\n<p>La consolidaci\u00f3n de esta estrategia ha permitido \u00abdise\u00f1ar pol\u00edticas de sostenibilidad econ\u00f3mica en la l\u00ednea de las directrices para estas estructuras empresariales propuestas por la UE\u00bb alineando a Turistec definitivamente con sus socios europeos.<\/p>\n<p>\u00abEl apoyo financiero\u00bb, ha se\u00f1alado Monserrat, \u00abdebe buscarse en todo caso para aquellas ideas, empresas e iniciativas que necesiten fondos para desarrollarse, y cuyo inter\u00e9s socio econ\u00f3mico est\u00e9 justificado\u00bb.<\/p>\n<p>Es precisamente el objetivo del paraguas europeo EUREKATOURISM+ para la generaci\u00f3n y financiaci\u00f3n de planes tur\u00edsticos innovadores y sostenibles, cuya presidencia y secretariado ostenta Turistec en la actualidad.<\/p>\n<p>Tambi\u00e9n el motivo por el que, dado su inter\u00e9s estrat\u00e9gico y de posicionamiento de Baleares como marca, la renovada Junta Directiva incorpora la Vicepresidencia EUREKATOURISM+, con capacidad ejecutiva, al frente de la que desde hoy se encuentra el Doctor en Inform\u00e1tica Carlos Juiz, en representaci\u00f3n tambi\u00e9n de la Universitat de les Illes Baleares, UIB.<\/p>\n<p>Al frente de la Vicepresidencia Ejecutiva de Innovaci\u00f3n repite mandato Jos\u00e9 Alberto Terrasa (Quonetx Turismo), mientras que Mateu Ram\u00f3n (Grupo Pi\u00f1ero) asume la Vicepresidencia de Internacionalizaci\u00f3n de turistec, tambi\u00e9n con capacidad ejecutiva. De esta forma, los tres ejes fundamentales del cl\u00faster estar\u00e1n regidos por el sector acad\u00e9mico, el de las nuevas tecnolog\u00edas, y uno de los m\u00e1ximos exponentes del \u00e1mbito tur\u00edstico internacional.<\/p>\n<p>Todos ellos con arraigo en Baleares, pero con una amplia y dilatada experiencia internacional para afrontar una etapa en la que la expansi\u00f3n transnacional de turistec y las empresas vinculadas al cl\u00faster, tendr\u00e1 prioridad.<\/p>\n<p>NOVEDADES DE LA NUEVA JUNTA<\/p>\n<p>Otra de las novedades de la nueva Junta ser\u00e1 la profesionalizaci\u00f3n de la estructura operativa, con la creaci\u00f3n de una direcci\u00f3n comercial que lidere las relaciones con los socios privados (nacionales e internacionales) de Turistec, as\u00ed como el incremento de la presencia en instituciones p\u00fablicas de la UE y la coordinaci\u00f3n de eventos y Road Shows, entre otros.<\/p>\n<p>Sus integrantes coinciden en hacer de Turistec una instituci\u00f3n \u00abatractiva, valiosa y sostenible para asegurar la generaci\u00f3n de valor en procesos de colaboraci\u00f3n p\u00fablico-privada, y demostrando que el peso del conocimiento, de la fuerza com\u00fan y los planteamientos a medio y largo plazo, son la receta m\u00e1s adecuada para ofrecer soluciones de futuro de una manera continuada\u00bb.<\/p>\n<p>Para afrontar el nuevo impulso organizativo, la Oficina T\u00e9cnica dirigida por Elena Villa ha iniciado ya un profundo proceso de ampliaci\u00f3n y profesionalizaci\u00f3n que tiene como principal reto asumir y vertebrar toda la actividad de gesti\u00f3n de Turistec. De esta forma se intensificar\u00e1n las din\u00e1micas internas con socios y colaboradores, como con entidades e instituciones en general.<\/p>\n<p>En cuanto al resto de miembros, Pepe Urios (Global Red) seguir\u00e1 ocupando el cargo de secretario del cl\u00faster, y Tiago Barro (Binnary Menorca) ejercer\u00e1 las funciones de tesorero.<\/p>\n<p>La lista de vocales est\u00e1 compuesta por Inma de Benito (presidenta ejecutiva FEHM); Pep Llu\u00eds Vidal (Br\u00fajula); Alejandro Forcades (SM2); Javier B.P\u00e9rez (3Digits); Paco Gimena (Mola); Mart\u00edn Mill\u00e1n (GSBit); Tony Feliu (Tec-Soft); Jordi Mora (FFR) y Pedro Roser (Dome Consulting).<\/p>\n","protected":false},"excerpt":{"rendered":"<p>La Asamblea General del Cl\u00faster Internacional de Tecnolog\u00edas de la Informaci\u00f3n y la Comunicaci\u00f3n aplicadas al Turismo ha reelegido hoy a Jaume Monserrat (Etooltech y Dingus) como presidente para los pr\u00f3ximos dos a\u00f1os. Turistec mantendr\u00e1 as\u00ed en lo esencial la continuidad de un proyecto marcado por un proceso de privatizaci\u00f3n que el propio Monserrat ha<\/p>\n","protected":false},"author":1,"featured_media":39495,"comment_status":"open","ping_status":"closed","sticky":false,"template":"","format":"standard","meta":{"footnotes":""},"categories":[222],"tags":[],"class_list":{"0":"post-39494","1":"post","2":"type-post","3":"status-publish","4":"format-standard","5":"has-post-thumbnail","7":"category-actualidad-turismo"},"aioseo_notices":[],"aioseo_head":"\n\t\t<!-- All in One SEO Pro 4.9.6.1 - aioseo.com -->\n\t<meta name=\"description\" content=\"La Asamblea General del Cl\u00faster Internacional de Tecnolog\u00edas de la Informaci\u00f3n y la Comunicaci\u00f3n aplicadas al Turismo ha reelegido hoy a Jaume Monserrat (Etooltech y Dingus) como presidente para los pr\u00f3ximos dos a\u00f1os. Turistec mantendr\u00e1 as\u00ed en lo esencial la continuidad de un proyecto marcado por un proceso de privatizaci\u00f3n que el propio Monserrat ha\" \/>\n\t<meta name=\"robots\" content=\"max-image-preview:large\" \/>\n\t<meta name=\"author\" content=\"admin\"\/>\n\t<meta name=\"google-site-verification\" content=\"UA-38556648-1\" \/>\n\t<meta name=\"keywords\" content=\"actualidad turismo\" \/>\n\t<link rel=\"canonical\" href=\"https:\/\/eldigitaldeasturias.com\/magazine365\/turistec-renueva-su-comite-ejecutivo-y-reelige-a-jaume-monserrat-para-presidir-un-nuevo-mandato-del-cluster\/\" \/>\n\t<meta name=\"generator\" content=\"All in One SEO Pro (AIOSEO) 4.9.6.1\" \/>\n\t\t<meta property=\"og:locale\" content=\"es_ES\" \/>\n\t\t<meta property=\"og:site_name\" content=\"El Digital de Asturias \u2013 Revista de ocio, turismo y estilo de vida\" \/>\n\t\t<meta property=\"og:type\" content=\"article\" \/>\n\t\t<meta property=\"og:title\" content=\"Turistec renueva su comit\u00e9 ejecutivo y reelige a Jaume Monserrat para presidir un nuevo mandato del Cl\u00faster | El Digital de Asturias\" \/>\n\t\t<meta property=\"og:description\" content=\"La Asamblea General del Cl\u00faster Internacional de Tecnolog\u00edas de la Informaci\u00f3n y la Comunicaci\u00f3n aplicadas al Turismo ha reelegido hoy a Jaume Monserrat (Etooltech y Dingus) como presidente para los pr\u00f3ximos dos a\u00f1os. Turistec mantendr\u00e1 as\u00ed en lo esencial la continuidad de un proyecto marcado por un proceso de privatizaci\u00f3n que el propio Monserrat ha\" \/>\n\t\t<meta property=\"og:url\" content=\"https:\/\/eldigitaldeasturias.com\/magazine365\/turistec-renueva-su-comite-ejecutivo-y-reelige-a-jaume-monserrat-para-presidir-un-nuevo-mandato-del-cluster\/\" \/>\n\t\t<meta property=\"og:image\" content=\"https:\/\/eldigitaldeasturias.com\/magazine365\/wp-content\/uploads\/2015\/06\/fotonoticia_20150610143111_800.jpg\" \/>\n\t\t<meta property=\"og:image:secure_url\" content=\"https:\/\/eldigitaldeasturias.com\/magazine365\/wp-content\/uploads\/2015\/06\/fotonoticia_20150610143111_800.jpg\" \/>\n\t\t<meta property=\"og:image:width\" content=\"800\" \/>\n\t\t<meta property=\"og:image:height\" content=\"448\" \/>\n\t\t<meta property=\"article:published_time\" content=\"2015-06-11T04:21:13+00:00\" \/>\n\t\t<meta property=\"article:modified_time\" content=\"2015-06-11T04:21:13+00:00\" \/>\n\t\t<meta name=\"twitter:card\" content=\"summary_large_image\" \/>\n\t\t<meta name=\"twitter:title\" content=\"Turistec renueva su comit\u00e9 ejecutivo y reelige a Jaume Monserrat para presidir un nuevo mandato del Cl\u00faster | El Digital de Asturias\" \/>\n\t\t<meta name=\"twitter:description\" content=\"La Asamblea General del Cl\u00faster Internacional de Tecnolog\u00edas de la Informaci\u00f3n y la Comunicaci\u00f3n aplicadas al Turismo ha reelegido hoy a Jaume Monserrat (Etooltech y Dingus) como presidente para los pr\u00f3ximos dos a\u00f1os. Turistec mantendr\u00e1 as\u00ed en lo esencial la continuidad de un proyecto marcado por un proceso de privatizaci\u00f3n que el propio Monserrat ha\" \/>\n\t\t<meta name=\"twitter:image\" content=\"https:\/\/eldigitaldeasturias.com\/magazine365\/wp-content\/uploads\/2015\/06\/fotonoticia_20150610143111_800.jpg\" \/>\n\t\t<script type=\"application\/ld+json\" class=\"aioseo-schema\">\n\t\t\t{\"@context\":\"https:\\\/\\\/schema.org\",\"@graph\":[{\"@type\":\"Article\",\"@id\":\"https:\\\/\\\/eldigitaldeasturias.com\\\/magazine365\\\/turistec-renueva-su-comite-ejecutivo-y-reelige-a-jaume-monserrat-para-presidir-un-nuevo-mandato-del-cluster\\\/#article\",\"name\":\"Turistec renueva su comit\\u00e9 ejecutivo y reelige a Jaume Monserrat para presidir un nuevo mandato del Cl\\u00faster | El Digital de Asturias\",\"headline\":\"Turistec renueva su comit\\u00e9 ejecutivo y reelige a Jaume Monserrat para presidir un nuevo mandato del Cl\\u00faster\",\"author\":{\"@id\":\"https:\\\/\\\/eldigitaldeasturias.com\\\/magazine365\\\/author\\\/admin\\\/#author\"},\"publisher\":{\"@id\":\"https:\\\/\\\/eldigitaldeasturias.com\\\/magazine365\\\/#organization\"},\"image\":{\"@type\":\"ImageObject\",\"url\":\"https:\\\/\\\/eldigitaldeasturias.com\\\/magazine365\\\/wp-content\\\/uploads\\\/2015\\\/06\\\/fotonoticia_20150610143111_800.jpg\",\"width\":800,\"height\":448},\"datePublished\":\"2015-06-11T05:51:13+02:00\",\"dateModified\":\"2015-06-11T05:51:13+02:00\",\"inLanguage\":\"es-ES\",\"mainEntityOfPage\":{\"@id\":\"https:\\\/\\\/eldigitaldeasturias.com\\\/magazine365\\\/turistec-renueva-su-comite-ejecutivo-y-reelige-a-jaume-monserrat-para-presidir-un-nuevo-mandato-del-cluster\\\/#webpage\"},\"isPartOf\":{\"@id\":\"https:\\\/\\\/eldigitaldeasturias.com\\\/magazine365\\\/turistec-renueva-su-comite-ejecutivo-y-reelige-a-jaume-monserrat-para-presidir-un-nuevo-mandato-del-cluster\\\/#webpage\"},\"articleSection\":\"Actualidad Turismo\"},{\"@type\":\"BreadcrumbList\",\"@id\":\"https:\\\/\\\/eldigitaldeasturias.com\\\/magazine365\\\/turistec-renueva-su-comite-ejecutivo-y-reelige-a-jaume-monserrat-para-presidir-un-nuevo-mandato-del-cluster\\\/#breadcrumblist\",\"itemListElement\":[{\"@type\":\"ListItem\",\"@id\":\"https:\\\/\\\/eldigitaldeasturias.com\\\/magazine365#listItem\",\"position\":1,\"name\":\"Home\",\"item\":\"https:\\\/\\\/eldigitaldeasturias.com\\\/magazine365\",\"nextItem\":{\"@type\":\"ListItem\",\"@id\":\"https:\\\/\\\/eldigitaldeasturias.com\\\/magazine365\\\/category\\\/actualidad-turismo\\\/#listItem\",\"name\":\"Actualidad Turismo\"}},{\"@type\":\"ListItem\",\"@id\":\"https:\\\/\\\/eldigitaldeasturias.com\\\/magazine365\\\/category\\\/actualidad-turismo\\\/#listItem\",\"position\":2,\"name\":\"Actualidad Turismo\",\"item\":\"https:\\\/\\\/eldigitaldeasturias.com\\\/magazine365\\\/category\\\/actualidad-turismo\\\/\",\"nextItem\":{\"@type\":\"ListItem\",\"@id\":\"https:\\\/\\\/eldigitaldeasturias.com\\\/magazine365\\\/turistec-renueva-su-comite-ejecutivo-y-reelige-a-jaume-monserrat-para-presidir-un-nuevo-mandato-del-cluster\\\/#listItem\",\"name\":\"Turistec renueva su comit\\u00e9 ejecutivo y reelige a Jaume Monserrat para presidir un nuevo mandato del Cl\\u00faster\"},\"previousItem\":{\"@type\":\"ListItem\",\"@id\":\"https:\\\/\\\/eldigitaldeasturias.com\\\/magazine365#listItem\",\"name\":\"Home\"}},{\"@type\":\"ListItem\",\"@id\":\"https:\\\/\\\/eldigitaldeasturias.com\\\/magazine365\\\/turistec-renueva-su-comite-ejecutivo-y-reelige-a-jaume-monserrat-para-presidir-un-nuevo-mandato-del-cluster\\\/#listItem\",\"position\":3,\"name\":\"Turistec renueva su comit\\u00e9 ejecutivo y reelige a Jaume Monserrat para presidir un nuevo mandato del Cl\\u00faster\",\"previousItem\":{\"@type\":\"ListItem\",\"@id\":\"https:\\\/\\\/eldigitaldeasturias.com\\\/magazine365\\\/category\\\/actualidad-turismo\\\/#listItem\",\"name\":\"Actualidad Turismo\"}}]},{\"@type\":\"Organization\",\"@id\":\"https:\\\/\\\/eldigitaldeasturias.com\\\/magazine365\\\/#organization\",\"name\":\"El digital de Asturias\",\"description\":\"Revista de ocio, turismo y estilo de vida\",\"url\":\"https:\\\/\\\/eldigitaldeasturias.com\\\/magazine365\\\/\",\"logo\":{\"@type\":\"ImageObject\",\"url\":\"https:\\\/\\\/www.eldigitaldeasturias.com\\\/noticias\\\/wp-content\\\/uploads\\\/2020\\\/12\\\/EDA.jpg\",\"@id\":\"https:\\\/\\\/eldigitaldeasturias.com\\\/magazine365\\\/turistec-renueva-su-comite-ejecutivo-y-reelige-a-jaume-monserrat-para-presidir-un-nuevo-mandato-del-cluster\\\/#organizationLogo\"},\"image\":{\"@id\":\"https:\\\/\\\/eldigitaldeasturias.com\\\/magazine365\\\/turistec-renueva-su-comite-ejecutivo-y-reelige-a-jaume-monserrat-para-presidir-un-nuevo-mandato-del-cluster\\\/#organizationLogo\"}},{\"@type\":\"Person\",\"@id\":\"https:\\\/\\\/eldigitaldeasturias.com\\\/magazine365\\\/author\\\/admin\\\/#author\",\"url\":\"https:\\\/\\\/eldigitaldeasturias.com\\\/magazine365\\\/author\\\/admin\\\/\",\"name\":\"admin\",\"image\":{\"@type\":\"ImageObject\",\"@id\":\"https:\\\/\\\/eldigitaldeasturias.com\\\/magazine365\\\/turistec-renueva-su-comite-ejecutivo-y-reelige-a-jaume-monserrat-para-presidir-un-nuevo-mandato-del-cluster\\\/#authorImage\",\"url\":\"https:\\\/\\\/eldigitaldeasturias.com\\\/magazine365\\\/wp-content\\\/litespeed\\\/avatar\\\/e571bcf59a0edd6fa6838245a470f2fe.jpg?ver=1776969259\",\"width\":96,\"height\":96,\"caption\":\"admin\"}},{\"@type\":\"WebPage\",\"@id\":\"https:\\\/\\\/eldigitaldeasturias.com\\\/magazine365\\\/turistec-renueva-su-comite-ejecutivo-y-reelige-a-jaume-monserrat-para-presidir-un-nuevo-mandato-del-cluster\\\/#webpage\",\"url\":\"https:\\\/\\\/eldigitaldeasturias.com\\\/magazine365\\\/turistec-renueva-su-comite-ejecutivo-y-reelige-a-jaume-monserrat-para-presidir-un-nuevo-mandato-del-cluster\\\/\",\"name\":\"Turistec renueva su comit\\u00e9 ejecutivo y reelige a Jaume Monserrat para presidir un nuevo mandato del Cl\\u00faster | El Digital de Asturias\",\"description\":\"La Asamblea General del Cl\\u00faster Internacional de Tecnolog\\u00edas de la Informaci\\u00f3n y la Comunicaci\\u00f3n aplicadas al Turismo ha reelegido hoy a Jaume Monserrat (Etooltech y Dingus) como presidente para los pr\\u00f3ximos dos a\\u00f1os. Turistec mantendr\\u00e1 as\\u00ed en lo esencial la continuidad de un proyecto marcado por un proceso de privatizaci\\u00f3n que el propio Monserrat ha\",\"inLanguage\":\"es-ES\",\"isPartOf\":{\"@id\":\"https:\\\/\\\/eldigitaldeasturias.com\\\/magazine365\\\/#website\"},\"breadcrumb\":{\"@id\":\"https:\\\/\\\/eldigitaldeasturias.com\\\/magazine365\\\/turistec-renueva-su-comite-ejecutivo-y-reelige-a-jaume-monserrat-para-presidir-un-nuevo-mandato-del-cluster\\\/#breadcrumblist\"},\"author\":{\"@id\":\"https:\\\/\\\/eldigitaldeasturias.com\\\/magazine365\\\/author\\\/admin\\\/#author\"},\"creator\":{\"@id\":\"https:\\\/\\\/eldigitaldeasturias.com\\\/magazine365\\\/author\\\/admin\\\/#author\"},\"image\":{\"@type\":\"ImageObject\",\"url\":\"https:\\\/\\\/eldigitaldeasturias.com\\\/magazine365\\\/wp-content\\\/uploads\\\/2015\\\/06\\\/fotonoticia_20150610143111_800.jpg\",\"@id\":\"https:\\\/\\\/eldigitaldeasturias.com\\\/magazine365\\\/turistec-renueva-su-comite-ejecutivo-y-reelige-a-jaume-monserrat-para-presidir-un-nuevo-mandato-del-cluster\\\/#mainImage\",\"width\":800,\"height\":448},\"primaryImageOfPage\":{\"@id\":\"https:\\\/\\\/eldigitaldeasturias.com\\\/magazine365\\\/turistec-renueva-su-comite-ejecutivo-y-reelige-a-jaume-monserrat-para-presidir-un-nuevo-mandato-del-cluster\\\/#mainImage\"},\"datePublished\":\"2015-06-11T05:51:13+02:00\",\"dateModified\":\"2015-06-11T05:51:13+02:00\"},{\"@type\":\"WebSite\",\"@id\":\"https:\\\/\\\/eldigitaldeasturias.com\\\/magazine365\\\/#website\",\"url\":\"https:\\\/\\\/eldigitaldeasturias.com\\\/magazine365\\\/\",\"name\":\"El Digital de Asturias\",\"description\":\"Revista de ocio, turismo y estilo de vida\",\"inLanguage\":\"es-ES\",\"publisher\":{\"@id\":\"https:\\\/\\\/eldigitaldeasturias.com\\\/magazine365\\\/#organization\"}}]}\n\t\t<\/script>\n\t\t<!-- All in One SEO Pro -->\r\n\t\t<title>Turistec renueva su comit\u00e9 ejecutivo y reelige a Jaume Monserrat para presidir un nuevo mandato del Cl\u00faster | El Digital de Asturias<\/title>\n\n","aioseo_head_json":{"title":"Turistec renueva su comit\u00e9 ejecutivo y reelige a Jaume Monserrat para presidir un nuevo mandato del Cl\u00faster | El Digital de Asturias","description":"La Asamblea General del Cl\u00faster Internacional de Tecnolog\u00edas de la Informaci\u00f3n y la Comunicaci\u00f3n aplicadas al Turismo ha reelegido hoy a Jaume Monserrat (Etooltech y Dingus) como presidente para los pr\u00f3ximos dos a\u00f1os. Turistec mantendr\u00e1 as\u00ed en lo esencial la continuidad de un proyecto marcado por un proceso de privatizaci\u00f3n que el propio Monserrat ha","canonical_url":"https:\/\/eldigitaldeasturias.com\/magazine365\/turistec-renueva-su-comite-ejecutivo-y-reelige-a-jaume-monserrat-para-presidir-un-nuevo-mandato-del-cluster\/","robots":"max-image-preview:large","keywords":"actualidad turismo","webmasterTools":{"google-site-verification":"UA-38556648-1","miscellaneous":""},"schema":{"@context":"https:\/\/schema.org","@graph":[{"@type":"Article","@id":"https:\/\/eldigitaldeasturias.com\/magazine365\/turistec-renueva-su-comite-ejecutivo-y-reelige-a-jaume-monserrat-para-presidir-un-nuevo-mandato-del-cluster\/#article","name":"Turistec renueva su comit\u00e9 ejecutivo y reelige a Jaume Monserrat para presidir un nuevo mandato del Cl\u00faster | El Digital de Asturias","headline":"Turistec renueva su comit\u00e9 ejecutivo y reelige a Jaume Monserrat para presidir un nuevo mandato del Cl\u00faster","author":{"@id":"https:\/\/eldigitaldeasturias.com\/magazine365\/author\/admin\/#author"},"publisher":{"@id":"https:\/\/eldigitaldeasturias.com\/magazine365\/#organization"},"image":{"@type":"ImageObject","url":"https:\/\/eldigitaldeasturias.com\/magazine365\/wp-content\/uploads\/2015\/06\/fotonoticia_20150610143111_800.jpg","width":800,"height":448},"datePublished":"2015-06-11T05:51:13+02:00","dateModified":"2015-06-11T05:51:13+02:00","inLanguage":"es-ES","mainEntityOfPage":{"@id":"https:\/\/eldigitaldeasturias.com\/magazine365\/turistec-renueva-su-comite-ejecutivo-y-reelige-a-jaume-monserrat-para-presidir-un-nuevo-mandato-del-cluster\/#webpage"},"isPartOf":{"@id":"https:\/\/eldigitaldeasturias.com\/magazine365\/turistec-renueva-su-comite-ejecutivo-y-reelige-a-jaume-monserrat-para-presidir-un-nuevo-mandato-del-cluster\/#webpage"},"articleSection":"Actualidad Turismo"},{"@type":"BreadcrumbList","@id":"https:\/\/eldigitaldeasturias.com\/magazine365\/turistec-renueva-su-comite-ejecutivo-y-reelige-a-jaume-monserrat-para-presidir-un-nuevo-mandato-del-cluster\/#breadcrumblist","itemListElement":[{"@type":"ListItem","@id":"https:\/\/eldigitaldeasturias.com\/magazine365#listItem","position":1,"name":"Home","item":"https:\/\/eldigitaldeasturias.com\/magazine365","nextItem":{"@type":"ListItem","@id":"https:\/\/eldigitaldeasturias.com\/magazine365\/category\/actualidad-turismo\/#listItem","name":"Actualidad Turismo"}},{"@type":"ListItem","@id":"https:\/\/eldigitaldeasturias.com\/magazine365\/category\/actualidad-turismo\/#listItem","position":2,"name":"Actualidad Turismo","item":"https:\/\/eldigitaldeasturias.com\/magazine365\/category\/actualidad-turismo\/","nextItem":{"@type":"ListItem","@id":"https:\/\/eldigitaldeasturias.com\/magazine365\/turistec-renueva-su-comite-ejecutivo-y-reelige-a-jaume-monserrat-para-presidir-un-nuevo-mandato-del-cluster\/#listItem","name":"Turistec renueva su comit\u00e9 ejecutivo y reelige a Jaume Monserrat para presidir un nuevo mandato del Cl\u00faster"},"previousItem":{"@type":"ListItem","@id":"https:\/\/eldigitaldeasturias.com\/magazine365#listItem","name":"Home"}},{"@type":"ListItem","@id":"https:\/\/eldigitaldeasturias.com\/magazine365\/turistec-renueva-su-comite-ejecutivo-y-reelige-a-jaume-monserrat-para-presidir-un-nuevo-mandato-del-cluster\/#listItem","position":3,"name":"Turistec renueva su comit\u00e9 ejecutivo y reelige a Jaume Monserrat para presidir un nuevo mandato del Cl\u00faster","previousItem":{"@type":"ListItem","@id":"https:\/\/eldigitaldeasturias.com\/magazine365\/category\/actualidad-turismo\/#listItem","name":"Actualidad Turismo"}}]},{"@type":"Organization","@id":"https:\/\/eldigitaldeasturias.com\/magazine365\/#organization","name":"El digital de Asturias","description":"Revista de ocio, turismo y estilo de vida","url":"https:\/\/eldigitaldeasturias.com\/magazine365\/","logo":{"@type":"ImageObject","url":"https:\/\/www.eldigitaldeasturias.com\/noticias\/wp-content\/uploads\/2020\/12\/EDA.jpg","@id":"https:\/\/eldigitaldeasturias.com\/magazine365\/turistec-renueva-su-comite-ejecutivo-y-reelige-a-jaume-monserrat-para-presidir-un-nuevo-mandato-del-cluster\/#organizationLogo"},"image":{"@id":"https:\/\/eldigitaldeasturias.com\/magazine365\/turistec-renueva-su-comite-ejecutivo-y-reelige-a-jaume-monserrat-para-presidir-un-nuevo-mandato-del-cluster\/#organizationLogo"}},{"@type":"Person","@id":"https:\/\/eldigitaldeasturias.com\/magazine365\/author\/admin\/#author","url":"https:\/\/eldigitaldeasturias.com\/magazine365\/author\/admin\/","name":"admin","image":{"@type":"ImageObject","@id":"https:\/\/eldigitaldeasturias.com\/magazine365\/turistec-renueva-su-comite-ejecutivo-y-reelige-a-jaume-monserrat-para-presidir-un-nuevo-mandato-del-cluster\/#authorImage","url":"https:\/\/eldigitaldeasturias.com\/magazine365\/wp-content\/litespeed\/avatar\/e571bcf59a0edd6fa6838245a470f2fe.jpg?ver=1776969259","width":96,"height":96,"caption":"admin"}},{"@type":"WebPage","@id":"https:\/\/eldigitaldeasturias.com\/magazine365\/turistec-renueva-su-comite-ejecutivo-y-reelige-a-jaume-monserrat-para-presidir-un-nuevo-mandato-del-cluster\/#webpage","url":"https:\/\/eldigitaldeasturias.com\/magazine365\/turistec-renueva-su-comite-ejecutivo-y-reelige-a-jaume-monserrat-para-presidir-un-nuevo-mandato-del-cluster\/","name":"Turistec renueva su comit\u00e9 ejecutivo y reelige a Jaume Monserrat para presidir un nuevo mandato del Cl\u00faster | El Digital de Asturias","description":"La Asamblea General del Cl\u00faster Internacional de Tecnolog\u00edas de la Informaci\u00f3n y la Comunicaci\u00f3n aplicadas al Turismo ha reelegido hoy a Jaume Monserrat (Etooltech y Dingus) como presidente para los pr\u00f3ximos dos a\u00f1os. Turistec mantendr\u00e1 as\u00ed en lo esencial la continuidad de un proyecto marcado por un proceso de privatizaci\u00f3n que el propio Monserrat ha","inLanguage":"es-ES","isPartOf":{"@id":"https:\/\/eldigitaldeasturias.com\/magazine365\/#website"},"breadcrumb":{"@id":"https:\/\/eldigitaldeasturias.com\/magazine365\/turistec-renueva-su-comite-ejecutivo-y-reelige-a-jaume-monserrat-para-presidir-un-nuevo-mandato-del-cluster\/#breadcrumblist"},"author":{"@id":"https:\/\/eldigitaldeasturias.com\/magazine365\/author\/admin\/#author"},"creator":{"@id":"https:\/\/eldigitaldeasturias.com\/magazine365\/author\/admin\/#author"},"image":{"@type":"ImageObject","url":"https:\/\/eldigitaldeasturias.com\/magazine365\/wp-content\/uploads\/2015\/06\/fotonoticia_20150610143111_800.jpg","@id":"https:\/\/eldigitaldeasturias.com\/magazine365\/turistec-renueva-su-comite-ejecutivo-y-reelige-a-jaume-monserrat-para-presidir-un-nuevo-mandato-del-cluster\/#mainImage","width":800,"height":448},"primaryImageOfPage":{"@id":"https:\/\/eldigitaldeasturias.com\/magazine365\/turistec-renueva-su-comite-ejecutivo-y-reelige-a-jaume-monserrat-para-presidir-un-nuevo-mandato-del-cluster\/#mainImage"},"datePublished":"2015-06-11T05:51:13+02:00","dateModified":"2015-06-11T05:51:13+02:00"},{"@type":"WebSite","@id":"https:\/\/eldigitaldeasturias.com\/magazine365\/#website","url":"https:\/\/eldigitaldeasturias.com\/magazine365\/","name":"El Digital de Asturias","description":"Revista de ocio, turismo y estilo de vida","inLanguage":"es-ES","publisher":{"@id":"https:\/\/eldigitaldeasturias.com\/magazine365\/#organization"}}]},"og:locale":"es_ES","og:site_name":"El Digital de Asturias \u2013 Revista de ocio, turismo y estilo de vida","og:type":"article","og:title":"Turistec renueva su comit\u00e9 ejecutivo y reelige a Jaume Monserrat para presidir un nuevo mandato del Cl\u00faster | El Digital de Asturias","og:description":"La Asamblea General del Cl\u00faster Internacional de Tecnolog\u00edas de la Informaci\u00f3n y la Comunicaci\u00f3n aplicadas al Turismo ha reelegido hoy a Jaume Monserrat (Etooltech y Dingus) como presidente para los pr\u00f3ximos dos a\u00f1os. Turistec mantendr\u00e1 as\u00ed en lo esencial la continuidad de un proyecto marcado por un proceso de privatizaci\u00f3n que el propio Monserrat ha","og:url":"https:\/\/eldigitaldeasturias.com\/magazine365\/turistec-renueva-su-comite-ejecutivo-y-reelige-a-jaume-monserrat-para-presidir-un-nuevo-mandato-del-cluster\/","og:image":"https:\/\/eldigitaldeasturias.com\/magazine365\/wp-content\/uploads\/2015\/06\/fotonoticia_20150610143111_800.jpg","og:image:secure_url":"https:\/\/eldigitaldeasturias.com\/magazine365\/wp-content\/uploads\/2015\/06\/fotonoticia_20150610143111_800.jpg","og:image:width":800,"og:image:height":448,"article:published_time":"2015-06-11T04:21:13+00:00","article:modified_time":"2015-06-11T04:21:13+00:00","twitter:card":"summary_large_image","twitter:title":"Turistec renueva su comit\u00e9 ejecutivo y reelige a Jaume Monserrat para presidir un nuevo mandato del Cl\u00faster | El Digital de Asturias","twitter:description":"La Asamblea General del Cl\u00faster Internacional de Tecnolog\u00edas de la Informaci\u00f3n y la Comunicaci\u00f3n aplicadas al Turismo ha reelegido hoy a Jaume Monserrat (Etooltech y Dingus) como presidente para los pr\u00f3ximos dos a\u00f1os. Turistec mantendr\u00e1 as\u00ed en lo esencial la continuidad de un proyecto marcado por un proceso de privatizaci\u00f3n que el propio Monserrat ha","twitter:image":"https:\/\/eldigitaldeasturias.com\/magazine365\/wp-content\/uploads\/2015\/06\/fotonoticia_20150610143111_800.jpg"},"aioseo_meta_data":{"post_id":"39494","title":null,"description":null,"keywords":null,"keyphrases":null,"primary_term":null,"canonical_url":null,"og_title":null,"og_description":null,"og_object_type":"default","og_image_type":"default","og_image_url":null,"og_image_width":null,"og_image_height":null,"og_image_custom_url":null,"og_image_custom_fields":null,"og_video":null,"og_custom_url":null,"og_article_section":null,"og_article_tags":null,"twitter_use_og":false,"twitter_card":"default","twitter_image_type":"default","twitter_image_url":null,"twitter_image_custom_url":null,"twitter_image_custom_fields":null,"twitter_title":null,"twitter_description":null,"schema":{"blockGraphs":[],"customGraphs":[],"default":{"data":{"Article":[],"Course":[],"Dataset":[],"FAQPage":[],"Movie":[],"Person":[],"Product":[],"ProductReview":[],"Car":[],"Recipe":[],"Service":[],"SoftwareApplication":[],"WebPage":[]},"graphName":"","isEnabled":true},"graphs":[],"defaultGraph":"","defaultPostTypeGraph":""},"schema_type":null,"schema_type_options":null,"pillar_content":false,"robots_default":true,"robots_noindex":false,"robots_noarchive":false,"robots_nosnippet":false,"robots_nofollow":false,"robots_noimageindex":false,"robots_noodp":false,"robots_notranslate":false,"robots_max_snippet":null,"robots_max_videopreview":null,"robots_max_imagepreview":"large","priority":null,"frequency":null,"location":null,"local_seo":null,"seo_analyzer_scan_date":"2025-09-19 11:45:11","breadcrumb_settings":null,"limit_modified_date":false,"open_ai":null,"ai":null,"created":"2021-03-09 02:40:52","updated":"2025-09-19 11:45:11"},"aioseo_breadcrumb":"<div class=\"aioseo-breadcrumbs\"><span class=\"aioseo-breadcrumb\">\n\t<a href=\"https:\/\/eldigitaldeasturias.com\/magazine365\" title=\"Home\">Home<\/a>\n<\/span><span class=\"aioseo-breadcrumb-separator\">\u2013<\/span><span class=\"aioseo-breadcrumb\">\n\t<a href=\"https:\/\/eldigitaldeasturias.com\/magazine365\/category\/actualidad-turismo\/\" title=\"Actualidad Turismo\">Actualidad Turismo<\/a>\n<\/span><span class=\"aioseo-breadcrumb-separator\">\u2013<\/span><span class=\"aioseo-breadcrumb\">\n\t<a href=\"https:\/\/eldigitaldeasturias.com\/magazine365\/turistec-renueva-su-comite-ejecutivo-y-reelige-a-jaume-monserrat-para-presidir-un-nuevo-mandato-del-cluster\/\" title=\"Turistec renueva su comit\u00e9 ejecutivo y reelige a Jaume Monserrat para presidir un nuevo mandato del Cl\u00faster\">Turistec renueva su comit\u00e9 ejecutivo y reelige a Jaume Monserrat para presidir un nuevo mandato del Cl\u00faster<\/a>\n<\/span><\/div>","aioseo_breadcrumb_json":[{"label":"Home","link":"https:\/\/eldigitaldeasturias.com\/magazine365"},{"label":"Actualidad Turismo","link":"https:\/\/eldigitaldeasturias.com\/magazine365\/category\/actualidad-turismo\/"},{"label":"Turistec renueva su comit\u00e9 ejecutivo y reelige a Jaume Monserrat para presidir un nuevo mandato del Cl\u00faster","link":"https:\/\/eldigitaldeasturias.com\/magazine365\/turistec-renueva-su-comite-ejecutivo-y-reelige-a-jaume-monserrat-para-presidir-un-nuevo-mandato-del-cluster\/"}],"_links":{"self":[{"href":"https:\/\/eldigitaldeasturias.com\/magazine365\/wp-json\/wp\/v2\/posts\/39494","targetHints":{"allow":["GET"]}}],"collection":[{"href":"https:\/\/eldigitaldeasturias.com\/magazine365\/wp-json\/wp\/v2\/posts"}],"about":[{"href":"https:\/\/eldigitaldeasturias.com\/magazine365\/wp-json\/wp\/v2\/types\/post"}],"author":[{"embeddable":true,"href":"https:\/\/eldigitaldeasturias.com\/magazine365\/wp-json\/wp\/v2\/users\/1"}],"replies":[{"embeddable":true,"href":"https:\/\/eldigitaldeasturias.com\/magazine365\/wp-json\/wp\/v2\/comments?post=39494"}],"version-history":[{"count":0,"href":"https:\/\/eldigitaldeasturias.com\/magazine365\/wp-json\/wp\/v2\/posts\/39494\/revisions"}],"wp:featuredmedia":[{"embeddable":true,"href":"https:\/\/eldigitaldeasturias.com\/magazine365\/wp-json\/wp\/v2\/media\/39495"}],"wp:attachment":[{"href":"https:\/\/eldigitaldeasturias.com\/magazine365\/wp-json\/wp\/v2\/media?parent=39494"}],"wp:term":[{"taxonomy":"category","embeddable":true,"href":"https:\/\/eldigitaldeasturias.com\/magazine365\/wp-json\/wp\/v2\/categories?post=39494"},{"taxonomy":"post_tag","embeddable":true,"href":"https:\/\/eldigitaldeasturias.com\/magazine365\/wp-json\/wp\/v2\/tags?post=39494"}],"curies":[{"name":"wp","href":"https:\/\/api.w.org\/{rel}","templated":true}]}}