{"id":39479,"date":"2015-06-11T05:18:35","date_gmt":"2015-06-11T03:48:35","guid":{"rendered":"http:\/\/eldigitaldeasturias.com\/magazine365\/?p=39479"},"modified":"2015-06-11T05:18:35","modified_gmt":"2015-06-11T03:48:35","slug":"el-grupo-lufthansa-operara-719-vuelos-semanales-en-espana-este-verano","status":"publish","type":"post","link":"https:\/\/eldigitaldeasturias.com\/magazine365\/el-grupo-lufthansa-operara-719-vuelos-semanales-en-espana-este-verano\/","title":{"rendered":"El grupo Lufthansa operar\u00e1 719 vuelos semanales en Espa\u00f1a este verano"},"content":{"rendered":"<p><img fetchpriority=\"high\" decoding=\"async\" class=\"alignleft size-medium wp-image-39480\" src=\"https:\/\/eldigitaldeasturias.com\/magazine365\/wp-content\/uploads\/2015\/06\/fotonoticia_20150610140039_800-360x239.jpg\" alt=\"fotonoticia_20150610140039_800\" width=\"360\" height=\"239\" srcset=\"https:\/\/eldigitaldeasturias.com\/magazine365\/wp-content\/uploads\/2015\/06\/fotonoticia_20150610140039_800-360x239.jpg 360w, https:\/\/eldigitaldeasturias.com\/magazine365\/wp-content\/uploads\/2015\/06\/fotonoticia_20150610140039_800-650x431.jpg 650w, https:\/\/eldigitaldeasturias.com\/magazine365\/wp-content\/uploads\/2015\/06\/fotonoticia_20150610140039_800-768x510.jpg 768w, https:\/\/eldigitaldeasturias.com\/magazine365\/wp-content\/uploads\/2015\/06\/fotonoticia_20150610140039_800-150x100.jpg 150w, https:\/\/eldigitaldeasturias.com\/magazine365\/wp-content\/uploads\/2015\/06\/fotonoticia_20150610140039_800-450x299.jpg 450w, https:\/\/eldigitaldeasturias.com\/magazine365\/wp-content\/uploads\/2015\/06\/fotonoticia_20150610140039_800-696x462.jpg 696w, https:\/\/eldigitaldeasturias.com\/magazine365\/wp-content\/uploads\/2015\/06\/fotonoticia_20150610140039_800-633x420.jpg 633w, https:\/\/eldigitaldeasturias.com\/magazine365\/wp-content\/uploads\/2015\/06\/fotonoticia_20150610140039_800-84x55.jpg 84w, https:\/\/eldigitaldeasturias.com\/magazine365\/wp-content\/uploads\/2015\/06\/fotonoticia_20150610140039_800.jpg 800w\" sizes=\"(max-width: 360px) 100vw, 360px\" \/>El grupo Lufthansa &#8211;Lufthansa, Swiss, Austrian Airlines, Brussels Airlines y la antigua Germanwings, ahora Eurowings&#8211; ofrecer\u00e1 719 vuelos semanales en Espa\u00f1a, siendo 384 de \u00e9stos operados por la aerol\u00ednea principal gracias al refuerzo en Sevilla, destino que recuper\u00f3 en verano de 2014, tras 11 a\u00f1os de inactividad, y en Valencia, con un segundo vuelo diario entre la ciudad levantina y Munich.<\/p>\n<p>En la actualidad, Lufthansa cuenta con el 7% de la cuota del mercado nacional y prev\u00e9 incrementar en un 5% sus pasajeros entre Alemania y Espa\u00f1a en 2015, tras cerrar 2014 con 3,54 millones de viajeros.<\/p>\n<p>La aerol\u00ednea ha aumentado frecuencias en sus vuelos a M\u00e1laga y Palma de Mallorca con Franckfurt. El nuevo director general de Lufthansa en Espa\u00f1a y Portugal, Carsten Hoffmann, ha destacado hoy, durante su presentaci\u00f3n en Madrid, el buen comportamiento tambi\u00e9n de Valencia, ciudad que registra una ocupaci\u00f3n superior al 89%.<\/p>\n<p>\u00abDe aqu\u00ed a final de a\u00f1o nuestra estrategia para Espa\u00f1a se centra en tres \u00e1reas clave: promover la nueva Premium Economy Class; una mayor penetraci\u00f3n en el segmento de pasajeros de negocio a trav\u00e9s de productos mejorados y el desarrollo de la relaci\u00f3n con las pymes; y, por \u00faltimo, mantener la posici\u00f3n de nuestros &#8216;hubs&#8217; de Franckfurt y M\u00fanich\u00bb, defendi\u00f3 Hoffmann.<\/p>\n<p>Durante los cuatro primeros meses de este a\u00f1o, la aerol\u00ednea germana transport\u00f3 cerca de 900.000 pasajeros espa\u00f1oles en su aerol\u00ednea principal y, como grupo en conjunto, registr\u00f3 cerca de dos millones de viajeros nacionales, un 8% m\u00e1s que el mismo per\u00edodo en 2014, seg\u00fan cifras facilitadas por Aena.<\/p>\n<p>De cara a la temporada de invierno de este a\u00f1o, Lufthansa incrementar\u00e1 sus servicios conectado Munich con las islas Tenerife y Fuerteventura, adem\u00e1s de retomar los vuelos a Las Palmas de Gran Canaria.<\/p>\n<p>INCERTIDUMBRE EN ESPA\u00d1A POR LAS ELECCIONES.<\/p>\n<p>El alto ejecutivo asegur\u00f3 que Espa\u00f1a es un mercado importante para el grupo en el que esperan seguir creciendo, pero tambi\u00e9n mostr\u00f3 preocupaci\u00f3n por el cambio del mapa pol\u00edtico en el pa\u00eds. \u00abAntes eran dos partidos, ahora son cuatro\u00bb, valor\u00f3, \u00abtodo depende de los pactos y coaliciones\u00bb.<\/p>\n<p>Por tanto, la compa\u00f1\u00eda est\u00e1 en espera de la pr\u00f3xima cita electoral aunque no aventura en qu\u00e9 va a afectar el posible cambio de poder en su pol\u00edtica comercial.<\/p>\n<p>Por otro lado, el crecimiento \u00abespectacular\u00bb en la econom\u00eda espa\u00f1ola del 2,5% del PIB en el primer trimestre &#8211;el mejor dato en siete a\u00f1os registrado&#8211; apoya su apuesta por Espa\u00f1a.<\/p>\n<p>Todo ello marca un 2015 \u00abmuy interesante\u00bb como reto para Hoffmann, quien califica la situaci\u00f3n de su empresa en nuestro pa\u00eds como \u00abun buen viento de cola\u00bb de cara al rendimiento de \u00e9sta durante este ejercicio.<\/p>\n","protected":false},"excerpt":{"rendered":"<p>El grupo Lufthansa &#8211;Lufthansa, Swiss, Austrian Airlines, Brussels Airlines y la antigua Germanwings, ahora Eurowings&#8211; ofrecer\u00e1 719 vuelos semanales en Espa\u00f1a, siendo 384 de \u00e9stos operados por la aerol\u00ednea principal gracias al refuerzo en Sevilla, destino que recuper\u00f3 en verano de 2014, tras 11 a\u00f1os de inactividad, y en Valencia, con un segundo vuelo diario<\/p>\n","protected":false},"author":1,"featured_media":39480,"comment_status":"open","ping_status":"closed","sticky":false,"template":"","format":"standard","meta":{"footnotes":""},"categories":[224],"tags":[],"class_list":{"0":"post-39479","1":"post","2":"type-post","3":"status-publish","4":"format-standard","5":"has-post-thumbnail","7":"category-noticias-actualidad"},"aioseo_notices":[],"aioseo_head":"\n\t\t<!-- All in One SEO Pro 4.9.6.1 - aioseo.com -->\n\t<meta name=\"description\" content=\"El grupo Lufthansa --Lufthansa, Swiss, Austrian Airlines, Brussels Airlines y la antigua Germanwings, ahora Eurowings-- ofrecer\u00e1 719 vuelos semanales en Espa\u00f1a, siendo 384 de \u00e9stos operados por la aerol\u00ednea principal gracias al refuerzo en Sevilla, destino que recuper\u00f3 en verano de 2014, tras 11 a\u00f1os de inactividad, y en Valencia, con un segundo vuelo diario\" \/>\n\t<meta name=\"robots\" content=\"max-image-preview:large\" \/>\n\t<meta name=\"author\" content=\"admin\"\/>\n\t<meta name=\"google-site-verification\" content=\"UA-38556648-1\" \/>\n\t<meta name=\"keywords\" content=\"noticias y actualidad\" \/>\n\t<link rel=\"canonical\" href=\"https:\/\/eldigitaldeasturias.com\/magazine365\/el-grupo-lufthansa-operara-719-vuelos-semanales-en-espana-este-verano\/\" \/>\n\t<meta name=\"generator\" content=\"All in One SEO Pro (AIOSEO) 4.9.6.1\" \/>\n\t\t<meta property=\"og:locale\" content=\"es_ES\" \/>\n\t\t<meta property=\"og:site_name\" content=\"El Digital de Asturias \u2013 Revista de ocio, turismo y estilo de vida\" \/>\n\t\t<meta property=\"og:type\" content=\"article\" \/>\n\t\t<meta property=\"og:title\" content=\"El grupo Lufthansa operar\u00e1 719 vuelos semanales en Espa\u00f1a este verano | El Digital de Asturias\" \/>\n\t\t<meta property=\"og:description\" content=\"El grupo Lufthansa --Lufthansa, Swiss, Austrian Airlines, Brussels Airlines y la antigua Germanwings, ahora Eurowings-- ofrecer\u00e1 719 vuelos semanales en Espa\u00f1a, siendo 384 de \u00e9stos operados por la aerol\u00ednea principal gracias al refuerzo en Sevilla, destino que recuper\u00f3 en verano de 2014, tras 11 a\u00f1os de inactividad, y en Valencia, con un segundo vuelo diario\" \/>\n\t\t<meta property=\"og:url\" content=\"https:\/\/eldigitaldeasturias.com\/magazine365\/el-grupo-lufthansa-operara-719-vuelos-semanales-en-espana-este-verano\/\" \/>\n\t\t<meta property=\"og:image\" content=\"https:\/\/eldigitaldeasturias.com\/magazine365\/wp-content\/uploads\/2015\/06\/fotonoticia_20150610140039_800.jpg\" \/>\n\t\t<meta property=\"og:image:secure_url\" content=\"https:\/\/eldigitaldeasturias.com\/magazine365\/wp-content\/uploads\/2015\/06\/fotonoticia_20150610140039_800.jpg\" \/>\n\t\t<meta property=\"og:image:width\" content=\"800\" \/>\n\t\t<meta property=\"og:image:height\" content=\"531\" \/>\n\t\t<meta property=\"article:published_time\" content=\"2015-06-11T03:48:35+00:00\" \/>\n\t\t<meta property=\"article:modified_time\" content=\"2015-06-11T03:48:35+00:00\" \/>\n\t\t<meta name=\"twitter:card\" content=\"summary_large_image\" \/>\n\t\t<meta name=\"twitter:title\" content=\"El grupo Lufthansa operar\u00e1 719 vuelos semanales en Espa\u00f1a este verano | El Digital de Asturias\" \/>\n\t\t<meta name=\"twitter:description\" content=\"El grupo Lufthansa --Lufthansa, Swiss, Austrian Airlines, Brussels Airlines y la antigua Germanwings, ahora Eurowings-- ofrecer\u00e1 719 vuelos semanales en Espa\u00f1a, siendo 384 de \u00e9stos operados por la aerol\u00ednea principal gracias al refuerzo en Sevilla, destino que recuper\u00f3 en verano de 2014, tras 11 a\u00f1os de inactividad, y en Valencia, con un segundo vuelo diario\" \/>\n\t\t<meta name=\"twitter:image\" content=\"https:\/\/eldigitaldeasturias.com\/magazine365\/wp-content\/uploads\/2015\/06\/fotonoticia_20150610140039_800.jpg\" \/>\n\t\t<script type=\"application\/ld+json\" class=\"aioseo-schema\">\n\t\t\t{\"@context\":\"https:\\\/\\\/schema.org\",\"@graph\":[{\"@type\":\"Article\",\"@id\":\"https:\\\/\\\/eldigitaldeasturias.com\\\/magazine365\\\/el-grupo-lufthansa-operara-719-vuelos-semanales-en-espana-este-verano\\\/#article\",\"name\":\"El grupo Lufthansa operar\\u00e1 719 vuelos semanales en Espa\\u00f1a este verano | El Digital de Asturias\",\"headline\":\"El grupo Lufthansa operar\\u00e1 719 vuelos semanales en Espa\\u00f1a este verano\",\"author\":{\"@id\":\"https:\\\/\\\/eldigitaldeasturias.com\\\/magazine365\\\/author\\\/admin\\\/#author\"},\"publisher\":{\"@id\":\"https:\\\/\\\/eldigitaldeasturias.com\\\/magazine365\\\/#organization\"},\"image\":{\"@type\":\"ImageObject\",\"url\":\"https:\\\/\\\/eldigitaldeasturias.com\\\/magazine365\\\/wp-content\\\/uploads\\\/2015\\\/06\\\/fotonoticia_20150610140039_800.jpg\",\"width\":800,\"height\":531},\"datePublished\":\"2015-06-11T05:18:35+02:00\",\"dateModified\":\"2015-06-11T05:18:35+02:00\",\"inLanguage\":\"es-ES\",\"mainEntityOfPage\":{\"@id\":\"https:\\\/\\\/eldigitaldeasturias.com\\\/magazine365\\\/el-grupo-lufthansa-operara-719-vuelos-semanales-en-espana-este-verano\\\/#webpage\"},\"isPartOf\":{\"@id\":\"https:\\\/\\\/eldigitaldeasturias.com\\\/magazine365\\\/el-grupo-lufthansa-operara-719-vuelos-semanales-en-espana-este-verano\\\/#webpage\"},\"articleSection\":\"Noticias y Actualidad\"},{\"@type\":\"BreadcrumbList\",\"@id\":\"https:\\\/\\\/eldigitaldeasturias.com\\\/magazine365\\\/el-grupo-lufthansa-operara-719-vuelos-semanales-en-espana-este-verano\\\/#breadcrumblist\",\"itemListElement\":[{\"@type\":\"ListItem\",\"@id\":\"https:\\\/\\\/eldigitaldeasturias.com\\\/magazine365#listItem\",\"position\":1,\"name\":\"Home\",\"item\":\"https:\\\/\\\/eldigitaldeasturias.com\\\/magazine365\",\"nextItem\":{\"@type\":\"ListItem\",\"@id\":\"https:\\\/\\\/eldigitaldeasturias.com\\\/magazine365\\\/category\\\/noticias-actualidad\\\/#listItem\",\"name\":\"Noticias y Actualidad\"}},{\"@type\":\"ListItem\",\"@id\":\"https:\\\/\\\/eldigitaldeasturias.com\\\/magazine365\\\/category\\\/noticias-actualidad\\\/#listItem\",\"position\":2,\"name\":\"Noticias y Actualidad\",\"item\":\"https:\\\/\\\/eldigitaldeasturias.com\\\/magazine365\\\/category\\\/noticias-actualidad\\\/\",\"nextItem\":{\"@type\":\"ListItem\",\"@id\":\"https:\\\/\\\/eldigitaldeasturias.com\\\/magazine365\\\/el-grupo-lufthansa-operara-719-vuelos-semanales-en-espana-este-verano\\\/#listItem\",\"name\":\"El grupo Lufthansa operar\\u00e1 719 vuelos semanales en Espa\\u00f1a este verano\"},\"previousItem\":{\"@type\":\"ListItem\",\"@id\":\"https:\\\/\\\/eldigitaldeasturias.com\\\/magazine365#listItem\",\"name\":\"Home\"}},{\"@type\":\"ListItem\",\"@id\":\"https:\\\/\\\/eldigitaldeasturias.com\\\/magazine365\\\/el-grupo-lufthansa-operara-719-vuelos-semanales-en-espana-este-verano\\\/#listItem\",\"position\":3,\"name\":\"El grupo Lufthansa operar\\u00e1 719 vuelos semanales en Espa\\u00f1a este verano\",\"previousItem\":{\"@type\":\"ListItem\",\"@id\":\"https:\\\/\\\/eldigitaldeasturias.com\\\/magazine365\\\/category\\\/noticias-actualidad\\\/#listItem\",\"name\":\"Noticias y Actualidad\"}}]},{\"@type\":\"Organization\",\"@id\":\"https:\\\/\\\/eldigitaldeasturias.com\\\/magazine365\\\/#organization\",\"name\":\"El digital de Asturias\",\"description\":\"Revista de ocio, turismo y estilo de vida\",\"url\":\"https:\\\/\\\/eldigitaldeasturias.com\\\/magazine365\\\/\",\"logo\":{\"@type\":\"ImageObject\",\"url\":\"https:\\\/\\\/www.eldigitaldeasturias.com\\\/noticias\\\/wp-content\\\/uploads\\\/2020\\\/12\\\/EDA.jpg\",\"@id\":\"https:\\\/\\\/eldigitaldeasturias.com\\\/magazine365\\\/el-grupo-lufthansa-operara-719-vuelos-semanales-en-espana-este-verano\\\/#organizationLogo\"},\"image\":{\"@id\":\"https:\\\/\\\/eldigitaldeasturias.com\\\/magazine365\\\/el-grupo-lufthansa-operara-719-vuelos-semanales-en-espana-este-verano\\\/#organizationLogo\"}},{\"@type\":\"Person\",\"@id\":\"https:\\\/\\\/eldigitaldeasturias.com\\\/magazine365\\\/author\\\/admin\\\/#author\",\"url\":\"https:\\\/\\\/eldigitaldeasturias.com\\\/magazine365\\\/author\\\/admin\\\/\",\"name\":\"admin\",\"image\":{\"@type\":\"ImageObject\",\"@id\":\"https:\\\/\\\/eldigitaldeasturias.com\\\/magazine365\\\/el-grupo-lufthansa-operara-719-vuelos-semanales-en-espana-este-verano\\\/#authorImage\",\"url\":\"https:\\\/\\\/eldigitaldeasturias.com\\\/magazine365\\\/wp-content\\\/litespeed\\\/avatar\\\/e571bcf59a0edd6fa6838245a470f2fe.jpg?ver=1776969259\",\"width\":96,\"height\":96,\"caption\":\"admin\"}},{\"@type\":\"WebPage\",\"@id\":\"https:\\\/\\\/eldigitaldeasturias.com\\\/magazine365\\\/el-grupo-lufthansa-operara-719-vuelos-semanales-en-espana-este-verano\\\/#webpage\",\"url\":\"https:\\\/\\\/eldigitaldeasturias.com\\\/magazine365\\\/el-grupo-lufthansa-operara-719-vuelos-semanales-en-espana-este-verano\\\/\",\"name\":\"El grupo Lufthansa operar\\u00e1 719 vuelos semanales en Espa\\u00f1a este verano | El Digital de Asturias\",\"description\":\"El grupo Lufthansa --Lufthansa, Swiss, Austrian Airlines, Brussels Airlines y la antigua Germanwings, ahora Eurowings-- ofrecer\\u00e1 719 vuelos semanales en Espa\\u00f1a, siendo 384 de \\u00e9stos operados por la aerol\\u00ednea principal gracias al refuerzo en Sevilla, destino que recuper\\u00f3 en verano de 2014, tras 11 a\\u00f1os de inactividad, y en Valencia, con un segundo vuelo diario\",\"inLanguage\":\"es-ES\",\"isPartOf\":{\"@id\":\"https:\\\/\\\/eldigitaldeasturias.com\\\/magazine365\\\/#website\"},\"breadcrumb\":{\"@id\":\"https:\\\/\\\/eldigitaldeasturias.com\\\/magazine365\\\/el-grupo-lufthansa-operara-719-vuelos-semanales-en-espana-este-verano\\\/#breadcrumblist\"},\"author\":{\"@id\":\"https:\\\/\\\/eldigitaldeasturias.com\\\/magazine365\\\/author\\\/admin\\\/#author\"},\"creator\":{\"@id\":\"https:\\\/\\\/eldigitaldeasturias.com\\\/magazine365\\\/author\\\/admin\\\/#author\"},\"image\":{\"@type\":\"ImageObject\",\"url\":\"https:\\\/\\\/eldigitaldeasturias.com\\\/magazine365\\\/wp-content\\\/uploads\\\/2015\\\/06\\\/fotonoticia_20150610140039_800.jpg\",\"@id\":\"https:\\\/\\\/eldigitaldeasturias.com\\\/magazine365\\\/el-grupo-lufthansa-operara-719-vuelos-semanales-en-espana-este-verano\\\/#mainImage\",\"width\":800,\"height\":531},\"primaryImageOfPage\":{\"@id\":\"https:\\\/\\\/eldigitaldeasturias.com\\\/magazine365\\\/el-grupo-lufthansa-operara-719-vuelos-semanales-en-espana-este-verano\\\/#mainImage\"},\"datePublished\":\"2015-06-11T05:18:35+02:00\",\"dateModified\":\"2015-06-11T05:18:35+02:00\"},{\"@type\":\"WebSite\",\"@id\":\"https:\\\/\\\/eldigitaldeasturias.com\\\/magazine365\\\/#website\",\"url\":\"https:\\\/\\\/eldigitaldeasturias.com\\\/magazine365\\\/\",\"name\":\"El Digital de Asturias\",\"description\":\"Revista de ocio, turismo y estilo de vida\",\"inLanguage\":\"es-ES\",\"publisher\":{\"@id\":\"https:\\\/\\\/eldigitaldeasturias.com\\\/magazine365\\\/#organization\"}}]}\n\t\t<\/script>\n\t\t<!-- All in One SEO Pro -->\r\n\t\t<title>El grupo Lufthansa operar\u00e1 719 vuelos semanales en Espa\u00f1a este verano | El Digital de Asturias<\/title>\n\n","aioseo_head_json":{"title":"El grupo Lufthansa operar\u00e1 719 vuelos semanales en Espa\u00f1a este verano | El Digital de Asturias","description":"El grupo Lufthansa --Lufthansa, Swiss, Austrian Airlines, Brussels Airlines y la antigua Germanwings, ahora Eurowings-- ofrecer\u00e1 719 vuelos semanales en Espa\u00f1a, siendo 384 de \u00e9stos operados por la aerol\u00ednea principal gracias al refuerzo en Sevilla, destino que recuper\u00f3 en verano de 2014, tras 11 a\u00f1os de inactividad, y en Valencia, con un segundo vuelo diario","canonical_url":"https:\/\/eldigitaldeasturias.com\/magazine365\/el-grupo-lufthansa-operara-719-vuelos-semanales-en-espana-este-verano\/","robots":"max-image-preview:large","keywords":"noticias y actualidad","webmasterTools":{"google-site-verification":"UA-38556648-1","miscellaneous":""},"schema":{"@context":"https:\/\/schema.org","@graph":[{"@type":"Article","@id":"https:\/\/eldigitaldeasturias.com\/magazine365\/el-grupo-lufthansa-operara-719-vuelos-semanales-en-espana-este-verano\/#article","name":"El grupo Lufthansa operar\u00e1 719 vuelos semanales en Espa\u00f1a este verano | El Digital de Asturias","headline":"El grupo Lufthansa operar\u00e1 719 vuelos semanales en Espa\u00f1a este verano","author":{"@id":"https:\/\/eldigitaldeasturias.com\/magazine365\/author\/admin\/#author"},"publisher":{"@id":"https:\/\/eldigitaldeasturias.com\/magazine365\/#organization"},"image":{"@type":"ImageObject","url":"https:\/\/eldigitaldeasturias.com\/magazine365\/wp-content\/uploads\/2015\/06\/fotonoticia_20150610140039_800.jpg","width":800,"height":531},"datePublished":"2015-06-11T05:18:35+02:00","dateModified":"2015-06-11T05:18:35+02:00","inLanguage":"es-ES","mainEntityOfPage":{"@id":"https:\/\/eldigitaldeasturias.com\/magazine365\/el-grupo-lufthansa-operara-719-vuelos-semanales-en-espana-este-verano\/#webpage"},"isPartOf":{"@id":"https:\/\/eldigitaldeasturias.com\/magazine365\/el-grupo-lufthansa-operara-719-vuelos-semanales-en-espana-este-verano\/#webpage"},"articleSection":"Noticias y Actualidad"},{"@type":"BreadcrumbList","@id":"https:\/\/eldigitaldeasturias.com\/magazine365\/el-grupo-lufthansa-operara-719-vuelos-semanales-en-espana-este-verano\/#breadcrumblist","itemListElement":[{"@type":"ListItem","@id":"https:\/\/eldigitaldeasturias.com\/magazine365#listItem","position":1,"name":"Home","item":"https:\/\/eldigitaldeasturias.com\/magazine365","nextItem":{"@type":"ListItem","@id":"https:\/\/eldigitaldeasturias.com\/magazine365\/category\/noticias-actualidad\/#listItem","name":"Noticias y Actualidad"}},{"@type":"ListItem","@id":"https:\/\/eldigitaldeasturias.com\/magazine365\/category\/noticias-actualidad\/#listItem","position":2,"name":"Noticias y Actualidad","item":"https:\/\/eldigitaldeasturias.com\/magazine365\/category\/noticias-actualidad\/","nextItem":{"@type":"ListItem","@id":"https:\/\/eldigitaldeasturias.com\/magazine365\/el-grupo-lufthansa-operara-719-vuelos-semanales-en-espana-este-verano\/#listItem","name":"El grupo Lufthansa operar\u00e1 719 vuelos semanales en Espa\u00f1a este verano"},"previousItem":{"@type":"ListItem","@id":"https:\/\/eldigitaldeasturias.com\/magazine365#listItem","name":"Home"}},{"@type":"ListItem","@id":"https:\/\/eldigitaldeasturias.com\/magazine365\/el-grupo-lufthansa-operara-719-vuelos-semanales-en-espana-este-verano\/#listItem","position":3,"name":"El grupo Lufthansa operar\u00e1 719 vuelos semanales en Espa\u00f1a este verano","previousItem":{"@type":"ListItem","@id":"https:\/\/eldigitaldeasturias.com\/magazine365\/category\/noticias-actualidad\/#listItem","name":"Noticias y Actualidad"}}]},{"@type":"Organization","@id":"https:\/\/eldigitaldeasturias.com\/magazine365\/#organization","name":"El digital de Asturias","description":"Revista de ocio, turismo y estilo de vida","url":"https:\/\/eldigitaldeasturias.com\/magazine365\/","logo":{"@type":"ImageObject","url":"https:\/\/www.eldigitaldeasturias.com\/noticias\/wp-content\/uploads\/2020\/12\/EDA.jpg","@id":"https:\/\/eldigitaldeasturias.com\/magazine365\/el-grupo-lufthansa-operara-719-vuelos-semanales-en-espana-este-verano\/#organizationLogo"},"image":{"@id":"https:\/\/eldigitaldeasturias.com\/magazine365\/el-grupo-lufthansa-operara-719-vuelos-semanales-en-espana-este-verano\/#organizationLogo"}},{"@type":"Person","@id":"https:\/\/eldigitaldeasturias.com\/magazine365\/author\/admin\/#author","url":"https:\/\/eldigitaldeasturias.com\/magazine365\/author\/admin\/","name":"admin","image":{"@type":"ImageObject","@id":"https:\/\/eldigitaldeasturias.com\/magazine365\/el-grupo-lufthansa-operara-719-vuelos-semanales-en-espana-este-verano\/#authorImage","url":"https:\/\/eldigitaldeasturias.com\/magazine365\/wp-content\/litespeed\/avatar\/e571bcf59a0edd6fa6838245a470f2fe.jpg?ver=1776969259","width":96,"height":96,"caption":"admin"}},{"@type":"WebPage","@id":"https:\/\/eldigitaldeasturias.com\/magazine365\/el-grupo-lufthansa-operara-719-vuelos-semanales-en-espana-este-verano\/#webpage","url":"https:\/\/eldigitaldeasturias.com\/magazine365\/el-grupo-lufthansa-operara-719-vuelos-semanales-en-espana-este-verano\/","name":"El grupo Lufthansa operar\u00e1 719 vuelos semanales en Espa\u00f1a este verano | El Digital de Asturias","description":"El grupo Lufthansa --Lufthansa, Swiss, Austrian Airlines, Brussels Airlines y la antigua Germanwings, ahora Eurowings-- ofrecer\u00e1 719 vuelos semanales en Espa\u00f1a, siendo 384 de \u00e9stos operados por la aerol\u00ednea principal gracias al refuerzo en Sevilla, destino que recuper\u00f3 en verano de 2014, tras 11 a\u00f1os de inactividad, y en Valencia, con un segundo vuelo diario","inLanguage":"es-ES","isPartOf":{"@id":"https:\/\/eldigitaldeasturias.com\/magazine365\/#website"},"breadcrumb":{"@id":"https:\/\/eldigitaldeasturias.com\/magazine365\/el-grupo-lufthansa-operara-719-vuelos-semanales-en-espana-este-verano\/#breadcrumblist"},"author":{"@id":"https:\/\/eldigitaldeasturias.com\/magazine365\/author\/admin\/#author"},"creator":{"@id":"https:\/\/eldigitaldeasturias.com\/magazine365\/author\/admin\/#author"},"image":{"@type":"ImageObject","url":"https:\/\/eldigitaldeasturias.com\/magazine365\/wp-content\/uploads\/2015\/06\/fotonoticia_20150610140039_800.jpg","@id":"https:\/\/eldigitaldeasturias.com\/magazine365\/el-grupo-lufthansa-operara-719-vuelos-semanales-en-espana-este-verano\/#mainImage","width":800,"height":531},"primaryImageOfPage":{"@id":"https:\/\/eldigitaldeasturias.com\/magazine365\/el-grupo-lufthansa-operara-719-vuelos-semanales-en-espana-este-verano\/#mainImage"},"datePublished":"2015-06-11T05:18:35+02:00","dateModified":"2015-06-11T05:18:35+02:00"},{"@type":"WebSite","@id":"https:\/\/eldigitaldeasturias.com\/magazine365\/#website","url":"https:\/\/eldigitaldeasturias.com\/magazine365\/","name":"El Digital de Asturias","description":"Revista de ocio, turismo y estilo de vida","inLanguage":"es-ES","publisher":{"@id":"https:\/\/eldigitaldeasturias.com\/magazine365\/#organization"}}]},"og:locale":"es_ES","og:site_name":"El Digital de Asturias \u2013 Revista de ocio, turismo y estilo de vida","og:type":"article","og:title":"El grupo Lufthansa operar\u00e1 719 vuelos semanales en Espa\u00f1a este verano | El Digital de Asturias","og:description":"El grupo Lufthansa --Lufthansa, Swiss, Austrian Airlines, Brussels Airlines y la antigua Germanwings, ahora Eurowings-- ofrecer\u00e1 719 vuelos semanales en Espa\u00f1a, siendo 384 de \u00e9stos operados por la aerol\u00ednea principal gracias al refuerzo en Sevilla, destino que recuper\u00f3 en verano de 2014, tras 11 a\u00f1os de inactividad, y en Valencia, con un segundo vuelo diario","og:url":"https:\/\/eldigitaldeasturias.com\/magazine365\/el-grupo-lufthansa-operara-719-vuelos-semanales-en-espana-este-verano\/","og:image":"https:\/\/eldigitaldeasturias.com\/magazine365\/wp-content\/uploads\/2015\/06\/fotonoticia_20150610140039_800.jpg","og:image:secure_url":"https:\/\/eldigitaldeasturias.com\/magazine365\/wp-content\/uploads\/2015\/06\/fotonoticia_20150610140039_800.jpg","og:image:width":800,"og:image:height":531,"article:published_time":"2015-06-11T03:48:35+00:00","article:modified_time":"2015-06-11T03:48:35+00:00","twitter:card":"summary_large_image","twitter:title":"El grupo Lufthansa operar\u00e1 719 vuelos semanales en Espa\u00f1a este verano | El Digital de Asturias","twitter:description":"El grupo Lufthansa --Lufthansa, Swiss, Austrian Airlines, Brussels Airlines y la antigua Germanwings, ahora Eurowings-- ofrecer\u00e1 719 vuelos semanales en Espa\u00f1a, siendo 384 de \u00e9stos operados por la aerol\u00ednea principal gracias al refuerzo en Sevilla, destino que recuper\u00f3 en verano de 2014, tras 11 a\u00f1os de inactividad, y en Valencia, con un segundo vuelo diario","twitter:image":"https:\/\/eldigitaldeasturias.com\/magazine365\/wp-content\/uploads\/2015\/06\/fotonoticia_20150610140039_800.jpg"},"aioseo_meta_data":{"post_id":"39479","title":null,"description":null,"keywords":null,"keyphrases":null,"primary_term":null,"canonical_url":null,"og_title":null,"og_description":null,"og_object_type":"default","og_image_type":"default","og_image_url":null,"og_image_width":null,"og_image_height":null,"og_image_custom_url":null,"og_image_custom_fields":null,"og_video":null,"og_custom_url":null,"og_article_section":null,"og_article_tags":null,"twitter_use_og":false,"twitter_card":"default","twitter_image_type":"default","twitter_image_url":null,"twitter_image_custom_url":null,"twitter_image_custom_fields":null,"twitter_title":null,"twitter_description":null,"schema":{"blockGraphs":[],"customGraphs":[],"default":{"data":{"Article":[],"Course":[],"Dataset":[],"FAQPage":[],"Movie":[],"Person":[],"Product":[],"ProductReview":[],"Car":[],"Recipe":[],"Service":[],"SoftwareApplication":[],"WebPage":[]},"graphName":"","isEnabled":true},"graphs":[],"defaultGraph":"","defaultPostTypeGraph":""},"schema_type":null,"schema_type_options":null,"pillar_content":false,"robots_default":true,"robots_noindex":false,"robots_noarchive":false,"robots_nosnippet":false,"robots_nofollow":false,"robots_noimageindex":false,"robots_noodp":false,"robots_notranslate":false,"robots_max_snippet":null,"robots_max_videopreview":null,"robots_max_imagepreview":"large","priority":null,"frequency":null,"location":null,"local_seo":null,"seo_analyzer_scan_date":"2025-09-19 11:43:27","breadcrumb_settings":null,"limit_modified_date":false,"open_ai":null,"ai":null,"created":"2021-03-09 02:40:52","updated":"2025-09-19 11:43:27"},"aioseo_breadcrumb":"<div class=\"aioseo-breadcrumbs\"><span class=\"aioseo-breadcrumb\">\n\t<a href=\"https:\/\/eldigitaldeasturias.com\/magazine365\" title=\"Home\">Home<\/a>\n<\/span><span class=\"aioseo-breadcrumb-separator\">\u2013<\/span><span class=\"aioseo-breadcrumb\">\n\t<a href=\"https:\/\/eldigitaldeasturias.com\/magazine365\/category\/noticias-actualidad\/\" title=\"Noticias y Actualidad\">Noticias y Actualidad<\/a>\n<\/span><span class=\"aioseo-breadcrumb-separator\">\u2013<\/span><span class=\"aioseo-breadcrumb\">\n\t<a href=\"https:\/\/eldigitaldeasturias.com\/magazine365\/el-grupo-lufthansa-operara-719-vuelos-semanales-en-espana-este-verano\/\" title=\"El grupo Lufthansa operar\u00e1 719 vuelos semanales en Espa\u00f1a este verano\">El grupo Lufthansa operar\u00e1 719 vuelos semanales en Espa\u00f1a este verano<\/a>\n<\/span><\/div>","aioseo_breadcrumb_json":[{"label":"Home","link":"https:\/\/eldigitaldeasturias.com\/magazine365"},{"label":"Noticias y Actualidad","link":"https:\/\/eldigitaldeasturias.com\/magazine365\/category\/noticias-actualidad\/"},{"label":"El grupo Lufthansa operar\u00e1 719 vuelos semanales en Espa\u00f1a este verano","link":"https:\/\/eldigitaldeasturias.com\/magazine365\/el-grupo-lufthansa-operara-719-vuelos-semanales-en-espana-este-verano\/"}],"_links":{"self":[{"href":"https:\/\/eldigitaldeasturias.com\/magazine365\/wp-json\/wp\/v2\/posts\/39479","targetHints":{"allow":["GET"]}}],"collection":[{"href":"https:\/\/eldigitaldeasturias.com\/magazine365\/wp-json\/wp\/v2\/posts"}],"about":[{"href":"https:\/\/eldigitaldeasturias.com\/magazine365\/wp-json\/wp\/v2\/types\/post"}],"author":[{"embeddable":true,"href":"https:\/\/eldigitaldeasturias.com\/magazine365\/wp-json\/wp\/v2\/users\/1"}],"replies":[{"embeddable":true,"href":"https:\/\/eldigitaldeasturias.com\/magazine365\/wp-json\/wp\/v2\/comments?post=39479"}],"version-history":[{"count":0,"href":"https:\/\/eldigitaldeasturias.com\/magazine365\/wp-json\/wp\/v2\/posts\/39479\/revisions"}],"wp:featuredmedia":[{"embeddable":true,"href":"https:\/\/eldigitaldeasturias.com\/magazine365\/wp-json\/wp\/v2\/media\/39480"}],"wp:attachment":[{"href":"https:\/\/eldigitaldeasturias.com\/magazine365\/wp-json\/wp\/v2\/media?parent=39479"}],"wp:term":[{"taxonomy":"category","embeddable":true,"href":"https:\/\/eldigitaldeasturias.com\/magazine365\/wp-json\/wp\/v2\/categories?post=39479"},{"taxonomy":"post_tag","embeddable":true,"href":"https:\/\/eldigitaldeasturias.com\/magazine365\/wp-json\/wp\/v2\/tags?post=39479"}],"curies":[{"name":"wp","href":"https:\/\/api.w.org\/{rel}","templated":true}]}}