{"id":39477,"date":"2015-06-11T05:16:55","date_gmt":"2015-06-11T03:46:55","guid":{"rendered":"http:\/\/eldigitaldeasturias.com\/magazine365\/?p=39477"},"modified":"2015-06-11T05:16:55","modified_gmt":"2015-06-11T03:46:55","slug":"los-hoteleros-lanzan-el-proyecto-equotel-para-impulsar-la-igualdad-en-el-sector","status":"publish","type":"post","link":"https:\/\/eldigitaldeasturias.com\/magazine365\/los-hoteleros-lanzan-el-proyecto-equotel-para-impulsar-la-igualdad-en-el-sector\/","title":{"rendered":"Los hoteleros lanzan el proyecto Equotel para impulsar la igualdad en el sector"},"content":{"rendered":"<p>La Confederaci\u00f3n Espa\u00f1ola de Hoteles y Alojamientos Tur\u00edsticos (CEHAT), en colaboraci\u00f3n con la Universidad Rey Juan Carlos de Madrid, ha comenzado la elaboraci\u00f3n del Proyecto Equotel, un proyecto de investigaci\u00f3n que tiene como objetivo impulsar la igualdad en el sector hotelero.<\/p>\n<p>La rama de actividad hosteler\u00eda emplea actualmente a 1,3 millones de trabajadores de los cuales m\u00e1s de la mitad (52,5%) son mujeres, el 9,1% del total de poblaci\u00f3n activa.<\/p>\n<p>El proyecto de investigaci\u00f3n, que tiene un coste de 253.000 euros, ha estado financiado por el Ministerio de Sanidad y Servicios Sociales gracias a la subvenci\u00f3n ofrecida desde el Mecanismo Financiero del Espacio Econ\u00f3mico Europeo.<\/p>\n<p>Los resultados de la investigaci\u00f3n, que se desarrollar\u00e1 hasta octubre de este a\u00f1o, pretenden reflejar los beneficios y ventajas de aplicar iniciativas voluntarias que promuevan la conciliaci\u00f3n de la vida laboral y familiar. Adem\u00e1s se buscar\u00e1 asesorar a las empresas del sector para evitar y resolver situaciones en las que pueda existir discriminaci\u00f3n por raz\u00f3n de sexo.<\/p>\n<p>El secretario general de la Confederaci\u00f3n, Ram\u00f3n Estalella, explic\u00f3 que la investigaci\u00f3n que se realizar\u00e1 por parte de la Universidad Rey Juan Carlos de Madrid, busca localizar los condicionantes y causas de la brecha salarial, el impulso de la vida familiar y laboral de los trabajadores, as\u00ed como los planes de igualdad de las empresas.<\/p>\n<p>\u00abPara ello se realizar\u00e1 una campa\u00f1a de informaci\u00f3n y sensibilizaci\u00f3n focalizada al empresariado y un asesoramiento especializado de apoyo al sector para implantar estas medidas en las empresas hoteleras\u00bb, explic\u00f3 Estalella, quien asegur\u00f3 que la Confederaci\u00f3n tiene la \u00abobligaci\u00f3n y la oportunidad\u00bb de hacerlo.<\/p>\n<p>LAS PYMES Y LAS POL\u00cdTICAS DE IGUALDAD.<\/p>\n<p>Los beneficiados de este an\u00e1lisis, que se realizar\u00e1 a trav\u00e9s de 10.000 encuestas, ser\u00edan los trabajadores de empresas y trabajadores el sector tur\u00edstico hotelero.<\/p>\n<p>\u00abAnte la falta de estad\u00edsticas suficientemente pormenorizadas se ha decidido realizar un diagnostico riguroso sobre la brecha salarial. Adem\u00e1s, hay una falta de informaci\u00f3n en las pymes sobre los beneficios de las pol\u00edticas de igualdad\u00bb, explic\u00f3 el coordinador del proyecto, Fernando Otero.<\/p>\n<p>Entre los objetivos del proyecto destacan, informar y sensibilizar a las empresas hotelera sobre las oportunidades y beneficios de las medidas de conciliaci\u00f3n e igualdad, conocer las causas de la brecha salarial entre sexos, as\u00ed como incorporar a la negociaci\u00f3n colectiva la promoci\u00f3n de la igualdad.<\/p>\n<p>Asimismo se pondr\u00e1 a disposici\u00f3n de las empresas un servicio de informaci\u00f3n y asesoramiento para consultas y resoluci\u00f3n de dudas a trav\u00e9s de la p\u00e1gina web creada para el proyecto.<\/p>\n<p>Se contar\u00e1 adem\u00e1s con un plan de formaci\u00f3n, as\u00ed como herramientas telem\u00e1ticas para el diagn\u00f3stico e implantaci\u00f3n de planes de igualdad en las empresas tur\u00edstico hoteleras.<\/p>\n","protected":false},"excerpt":{"rendered":"<p>La Confederaci\u00f3n Espa\u00f1ola de Hoteles y Alojamientos Tur\u00edsticos (CEHAT), en colaboraci\u00f3n con la Universidad Rey Juan Carlos de Madrid, ha comenzado la elaboraci\u00f3n del Proyecto Equotel, un proyecto de investigaci\u00f3n que tiene como objetivo impulsar la igualdad en el sector hotelero. La rama de actividad hosteler\u00eda emplea actualmente a 1,3 millones de trabajadores de los<\/p>\n","protected":false},"author":1,"featured_media":39463,"comment_status":"open","ping_status":"closed","sticky":false,"template":"","format":"standard","meta":{"footnotes":""},"categories":[222],"tags":[],"class_list":{"0":"post-39477","1":"post","2":"type-post","3":"status-publish","4":"format-standard","5":"has-post-thumbnail","7":"category-actualidad-turismo"},"aioseo_notices":[],"aioseo_head":"\n\t\t<!-- All in One SEO Pro 4.9.6.1 - aioseo.com -->\n\t<meta name=\"description\" content=\"La Confederaci\u00f3n Espa\u00f1ola de Hoteles y Alojamientos Tur\u00edsticos (CEHAT), en colaboraci\u00f3n con la Universidad Rey Juan Carlos de Madrid, ha comenzado la elaboraci\u00f3n del Proyecto Equotel, un proyecto de investigaci\u00f3n que tiene como objetivo impulsar la igualdad en el sector hotelero. La rama de actividad hosteler\u00eda emplea actualmente a 1,3 millones de trabajadores de los\" \/>\n\t<meta name=\"robots\" content=\"max-image-preview:large\" \/>\n\t<meta name=\"author\" content=\"admin\"\/>\n\t<meta name=\"google-site-verification\" content=\"UA-38556648-1\" \/>\n\t<meta name=\"keywords\" content=\"actualidad turismo\" \/>\n\t<link rel=\"canonical\" href=\"https:\/\/eldigitaldeasturias.com\/magazine365\/los-hoteleros-lanzan-el-proyecto-equotel-para-impulsar-la-igualdad-en-el-sector\/\" \/>\n\t<meta name=\"generator\" content=\"All in One SEO Pro (AIOSEO) 4.9.6.1\" \/>\n\t\t<meta property=\"og:locale\" content=\"es_ES\" \/>\n\t\t<meta property=\"og:site_name\" content=\"El Digital de Asturias \u2013 Revista de ocio, turismo y estilo de vida\" \/>\n\t\t<meta property=\"og:type\" content=\"article\" \/>\n\t\t<meta property=\"og:title\" content=\"Los hoteleros lanzan el proyecto Equotel para impulsar la igualdad en el sector | El Digital de Asturias\" \/>\n\t\t<meta property=\"og:description\" content=\"La Confederaci\u00f3n Espa\u00f1ola de Hoteles y Alojamientos Tur\u00edsticos (CEHAT), en colaboraci\u00f3n con la Universidad Rey Juan Carlos de Madrid, ha comenzado la elaboraci\u00f3n del Proyecto Equotel, un proyecto de investigaci\u00f3n que tiene como objetivo impulsar la igualdad en el sector hotelero. La rama de actividad hosteler\u00eda emplea actualmente a 1,3 millones de trabajadores de los\" \/>\n\t\t<meta property=\"og:url\" content=\"https:\/\/eldigitaldeasturias.com\/magazine365\/los-hoteleros-lanzan-el-proyecto-equotel-para-impulsar-la-igualdad-en-el-sector\/\" \/>\n\t\t<meta property=\"og:image\" content=\"https:\/\/eldigitaldeasturias.com\/magazine365\/wp-content\/uploads\/2015\/06\/fotonoticia_20150610132443_800.jpg\" \/>\n\t\t<meta property=\"og:image:secure_url\" content=\"https:\/\/eldigitaldeasturias.com\/magazine365\/wp-content\/uploads\/2015\/06\/fotonoticia_20150610132443_800.jpg\" \/>\n\t\t<meta property=\"og:image:width\" content=\"800\" \/>\n\t\t<meta property=\"og:image:height\" content=\"533\" \/>\n\t\t<meta property=\"article:published_time\" content=\"2015-06-11T03:46:55+00:00\" \/>\n\t\t<meta property=\"article:modified_time\" content=\"2015-06-11T03:46:55+00:00\" \/>\n\t\t<meta name=\"twitter:card\" content=\"summary_large_image\" \/>\n\t\t<meta name=\"twitter:title\" content=\"Los hoteleros lanzan el proyecto Equotel para impulsar la igualdad en el sector | El Digital de Asturias\" \/>\n\t\t<meta name=\"twitter:description\" content=\"La Confederaci\u00f3n Espa\u00f1ola de Hoteles y Alojamientos Tur\u00edsticos (CEHAT), en colaboraci\u00f3n con la Universidad Rey Juan Carlos de Madrid, ha comenzado la elaboraci\u00f3n del Proyecto Equotel, un proyecto de investigaci\u00f3n que tiene como objetivo impulsar la igualdad en el sector hotelero. La rama de actividad hosteler\u00eda emplea actualmente a 1,3 millones de trabajadores de los\" \/>\n\t\t<meta name=\"twitter:image\" content=\"https:\/\/eldigitaldeasturias.com\/magazine365\/wp-content\/uploads\/2015\/06\/fotonoticia_20150610132443_800.jpg\" \/>\n\t\t<script type=\"application\/ld+json\" class=\"aioseo-schema\">\n\t\t\t{\"@context\":\"https:\\\/\\\/schema.org\",\"@graph\":[{\"@type\":\"Article\",\"@id\":\"https:\\\/\\\/eldigitaldeasturias.com\\\/magazine365\\\/los-hoteleros-lanzan-el-proyecto-equotel-para-impulsar-la-igualdad-en-el-sector\\\/#article\",\"name\":\"Los hoteleros lanzan el proyecto Equotel para impulsar la igualdad en el sector | El Digital de Asturias\",\"headline\":\"Los hoteleros lanzan el proyecto Equotel para impulsar la igualdad en el sector\",\"author\":{\"@id\":\"https:\\\/\\\/eldigitaldeasturias.com\\\/magazine365\\\/author\\\/admin\\\/#author\"},\"publisher\":{\"@id\":\"https:\\\/\\\/eldigitaldeasturias.com\\\/magazine365\\\/#organization\"},\"image\":{\"@type\":\"ImageObject\",\"url\":\"https:\\\/\\\/eldigitaldeasturias.com\\\/magazine365\\\/wp-content\\\/uploads\\\/2015\\\/06\\\/fotonoticia_20150610132443_800.jpg\",\"width\":800,\"height\":533},\"datePublished\":\"2015-06-11T05:16:55+02:00\",\"dateModified\":\"2015-06-11T05:16:55+02:00\",\"inLanguage\":\"es-ES\",\"mainEntityOfPage\":{\"@id\":\"https:\\\/\\\/eldigitaldeasturias.com\\\/magazine365\\\/los-hoteleros-lanzan-el-proyecto-equotel-para-impulsar-la-igualdad-en-el-sector\\\/#webpage\"},\"isPartOf\":{\"@id\":\"https:\\\/\\\/eldigitaldeasturias.com\\\/magazine365\\\/los-hoteleros-lanzan-el-proyecto-equotel-para-impulsar-la-igualdad-en-el-sector\\\/#webpage\"},\"articleSection\":\"Actualidad Turismo\"},{\"@type\":\"BreadcrumbList\",\"@id\":\"https:\\\/\\\/eldigitaldeasturias.com\\\/magazine365\\\/los-hoteleros-lanzan-el-proyecto-equotel-para-impulsar-la-igualdad-en-el-sector\\\/#breadcrumblist\",\"itemListElement\":[{\"@type\":\"ListItem\",\"@id\":\"https:\\\/\\\/eldigitaldeasturias.com\\\/magazine365#listItem\",\"position\":1,\"name\":\"Home\",\"item\":\"https:\\\/\\\/eldigitaldeasturias.com\\\/magazine365\",\"nextItem\":{\"@type\":\"ListItem\",\"@id\":\"https:\\\/\\\/eldigitaldeasturias.com\\\/magazine365\\\/category\\\/actualidad-turismo\\\/#listItem\",\"name\":\"Actualidad Turismo\"}},{\"@type\":\"ListItem\",\"@id\":\"https:\\\/\\\/eldigitaldeasturias.com\\\/magazine365\\\/category\\\/actualidad-turismo\\\/#listItem\",\"position\":2,\"name\":\"Actualidad Turismo\",\"item\":\"https:\\\/\\\/eldigitaldeasturias.com\\\/magazine365\\\/category\\\/actualidad-turismo\\\/\",\"nextItem\":{\"@type\":\"ListItem\",\"@id\":\"https:\\\/\\\/eldigitaldeasturias.com\\\/magazine365\\\/los-hoteleros-lanzan-el-proyecto-equotel-para-impulsar-la-igualdad-en-el-sector\\\/#listItem\",\"name\":\"Los hoteleros lanzan el proyecto Equotel para impulsar la igualdad en el sector\"},\"previousItem\":{\"@type\":\"ListItem\",\"@id\":\"https:\\\/\\\/eldigitaldeasturias.com\\\/magazine365#listItem\",\"name\":\"Home\"}},{\"@type\":\"ListItem\",\"@id\":\"https:\\\/\\\/eldigitaldeasturias.com\\\/magazine365\\\/los-hoteleros-lanzan-el-proyecto-equotel-para-impulsar-la-igualdad-en-el-sector\\\/#listItem\",\"position\":3,\"name\":\"Los hoteleros lanzan el proyecto Equotel para impulsar la igualdad en el sector\",\"previousItem\":{\"@type\":\"ListItem\",\"@id\":\"https:\\\/\\\/eldigitaldeasturias.com\\\/magazine365\\\/category\\\/actualidad-turismo\\\/#listItem\",\"name\":\"Actualidad Turismo\"}}]},{\"@type\":\"Organization\",\"@id\":\"https:\\\/\\\/eldigitaldeasturias.com\\\/magazine365\\\/#organization\",\"name\":\"El digital de Asturias\",\"description\":\"Revista de ocio, turismo y estilo de vida\",\"url\":\"https:\\\/\\\/eldigitaldeasturias.com\\\/magazine365\\\/\",\"logo\":{\"@type\":\"ImageObject\",\"url\":\"https:\\\/\\\/www.eldigitaldeasturias.com\\\/noticias\\\/wp-content\\\/uploads\\\/2020\\\/12\\\/EDA.jpg\",\"@id\":\"https:\\\/\\\/eldigitaldeasturias.com\\\/magazine365\\\/los-hoteleros-lanzan-el-proyecto-equotel-para-impulsar-la-igualdad-en-el-sector\\\/#organizationLogo\"},\"image\":{\"@id\":\"https:\\\/\\\/eldigitaldeasturias.com\\\/magazine365\\\/los-hoteleros-lanzan-el-proyecto-equotel-para-impulsar-la-igualdad-en-el-sector\\\/#organizationLogo\"}},{\"@type\":\"Person\",\"@id\":\"https:\\\/\\\/eldigitaldeasturias.com\\\/magazine365\\\/author\\\/admin\\\/#author\",\"url\":\"https:\\\/\\\/eldigitaldeasturias.com\\\/magazine365\\\/author\\\/admin\\\/\",\"name\":\"admin\",\"image\":{\"@type\":\"ImageObject\",\"@id\":\"https:\\\/\\\/eldigitaldeasturias.com\\\/magazine365\\\/los-hoteleros-lanzan-el-proyecto-equotel-para-impulsar-la-igualdad-en-el-sector\\\/#authorImage\",\"url\":\"https:\\\/\\\/eldigitaldeasturias.com\\\/magazine365\\\/wp-content\\\/litespeed\\\/avatar\\\/e571bcf59a0edd6fa6838245a470f2fe.jpg?ver=1776969259\",\"width\":96,\"height\":96,\"caption\":\"admin\"}},{\"@type\":\"WebPage\",\"@id\":\"https:\\\/\\\/eldigitaldeasturias.com\\\/magazine365\\\/los-hoteleros-lanzan-el-proyecto-equotel-para-impulsar-la-igualdad-en-el-sector\\\/#webpage\",\"url\":\"https:\\\/\\\/eldigitaldeasturias.com\\\/magazine365\\\/los-hoteleros-lanzan-el-proyecto-equotel-para-impulsar-la-igualdad-en-el-sector\\\/\",\"name\":\"Los hoteleros lanzan el proyecto Equotel para impulsar la igualdad en el sector | El Digital de Asturias\",\"description\":\"La Confederaci\\u00f3n Espa\\u00f1ola de Hoteles y Alojamientos Tur\\u00edsticos (CEHAT), en colaboraci\\u00f3n con la Universidad Rey Juan Carlos de Madrid, ha comenzado la elaboraci\\u00f3n del Proyecto Equotel, un proyecto de investigaci\\u00f3n que tiene como objetivo impulsar la igualdad en el sector hotelero. La rama de actividad hosteler\\u00eda emplea actualmente a 1,3 millones de trabajadores de los\",\"inLanguage\":\"es-ES\",\"isPartOf\":{\"@id\":\"https:\\\/\\\/eldigitaldeasturias.com\\\/magazine365\\\/#website\"},\"breadcrumb\":{\"@id\":\"https:\\\/\\\/eldigitaldeasturias.com\\\/magazine365\\\/los-hoteleros-lanzan-el-proyecto-equotel-para-impulsar-la-igualdad-en-el-sector\\\/#breadcrumblist\"},\"author\":{\"@id\":\"https:\\\/\\\/eldigitaldeasturias.com\\\/magazine365\\\/author\\\/admin\\\/#author\"},\"creator\":{\"@id\":\"https:\\\/\\\/eldigitaldeasturias.com\\\/magazine365\\\/author\\\/admin\\\/#author\"},\"image\":{\"@type\":\"ImageObject\",\"url\":\"https:\\\/\\\/eldigitaldeasturias.com\\\/magazine365\\\/wp-content\\\/uploads\\\/2015\\\/06\\\/fotonoticia_20150610132443_800.jpg\",\"@id\":\"https:\\\/\\\/eldigitaldeasturias.com\\\/magazine365\\\/los-hoteleros-lanzan-el-proyecto-equotel-para-impulsar-la-igualdad-en-el-sector\\\/#mainImage\",\"width\":800,\"height\":533},\"primaryImageOfPage\":{\"@id\":\"https:\\\/\\\/eldigitaldeasturias.com\\\/magazine365\\\/los-hoteleros-lanzan-el-proyecto-equotel-para-impulsar-la-igualdad-en-el-sector\\\/#mainImage\"},\"datePublished\":\"2015-06-11T05:16:55+02:00\",\"dateModified\":\"2015-06-11T05:16:55+02:00\"},{\"@type\":\"WebSite\",\"@id\":\"https:\\\/\\\/eldigitaldeasturias.com\\\/magazine365\\\/#website\",\"url\":\"https:\\\/\\\/eldigitaldeasturias.com\\\/magazine365\\\/\",\"name\":\"El Digital de Asturias\",\"description\":\"Revista de ocio, turismo y estilo de vida\",\"inLanguage\":\"es-ES\",\"publisher\":{\"@id\":\"https:\\\/\\\/eldigitaldeasturias.com\\\/magazine365\\\/#organization\"}}]}\n\t\t<\/script>\n\t\t<!-- All in One SEO Pro -->\r\n\t\t<title>Los hoteleros lanzan el proyecto Equotel para impulsar la igualdad en el sector | El Digital de Asturias<\/title>\n\n","aioseo_head_json":{"title":"Los hoteleros lanzan el proyecto Equotel para impulsar la igualdad en el sector | El Digital de Asturias","description":"La Confederaci\u00f3n Espa\u00f1ola de Hoteles y Alojamientos Tur\u00edsticos (CEHAT), en colaboraci\u00f3n con la Universidad Rey Juan Carlos de Madrid, ha comenzado la elaboraci\u00f3n del Proyecto Equotel, un proyecto de investigaci\u00f3n que tiene como objetivo impulsar la igualdad en el sector hotelero. La rama de actividad hosteler\u00eda emplea actualmente a 1,3 millones de trabajadores de los","canonical_url":"https:\/\/eldigitaldeasturias.com\/magazine365\/los-hoteleros-lanzan-el-proyecto-equotel-para-impulsar-la-igualdad-en-el-sector\/","robots":"max-image-preview:large","keywords":"actualidad turismo","webmasterTools":{"google-site-verification":"UA-38556648-1","miscellaneous":""},"schema":{"@context":"https:\/\/schema.org","@graph":[{"@type":"Article","@id":"https:\/\/eldigitaldeasturias.com\/magazine365\/los-hoteleros-lanzan-el-proyecto-equotel-para-impulsar-la-igualdad-en-el-sector\/#article","name":"Los hoteleros lanzan el proyecto Equotel para impulsar la igualdad en el sector | El Digital de Asturias","headline":"Los hoteleros lanzan el proyecto Equotel para impulsar la igualdad en el sector","author":{"@id":"https:\/\/eldigitaldeasturias.com\/magazine365\/author\/admin\/#author"},"publisher":{"@id":"https:\/\/eldigitaldeasturias.com\/magazine365\/#organization"},"image":{"@type":"ImageObject","url":"https:\/\/eldigitaldeasturias.com\/magazine365\/wp-content\/uploads\/2015\/06\/fotonoticia_20150610132443_800.jpg","width":800,"height":533},"datePublished":"2015-06-11T05:16:55+02:00","dateModified":"2015-06-11T05:16:55+02:00","inLanguage":"es-ES","mainEntityOfPage":{"@id":"https:\/\/eldigitaldeasturias.com\/magazine365\/los-hoteleros-lanzan-el-proyecto-equotel-para-impulsar-la-igualdad-en-el-sector\/#webpage"},"isPartOf":{"@id":"https:\/\/eldigitaldeasturias.com\/magazine365\/los-hoteleros-lanzan-el-proyecto-equotel-para-impulsar-la-igualdad-en-el-sector\/#webpage"},"articleSection":"Actualidad Turismo"},{"@type":"BreadcrumbList","@id":"https:\/\/eldigitaldeasturias.com\/magazine365\/los-hoteleros-lanzan-el-proyecto-equotel-para-impulsar-la-igualdad-en-el-sector\/#breadcrumblist","itemListElement":[{"@type":"ListItem","@id":"https:\/\/eldigitaldeasturias.com\/magazine365#listItem","position":1,"name":"Home","item":"https:\/\/eldigitaldeasturias.com\/magazine365","nextItem":{"@type":"ListItem","@id":"https:\/\/eldigitaldeasturias.com\/magazine365\/category\/actualidad-turismo\/#listItem","name":"Actualidad Turismo"}},{"@type":"ListItem","@id":"https:\/\/eldigitaldeasturias.com\/magazine365\/category\/actualidad-turismo\/#listItem","position":2,"name":"Actualidad Turismo","item":"https:\/\/eldigitaldeasturias.com\/magazine365\/category\/actualidad-turismo\/","nextItem":{"@type":"ListItem","@id":"https:\/\/eldigitaldeasturias.com\/magazine365\/los-hoteleros-lanzan-el-proyecto-equotel-para-impulsar-la-igualdad-en-el-sector\/#listItem","name":"Los hoteleros lanzan el proyecto Equotel para impulsar la igualdad en el sector"},"previousItem":{"@type":"ListItem","@id":"https:\/\/eldigitaldeasturias.com\/magazine365#listItem","name":"Home"}},{"@type":"ListItem","@id":"https:\/\/eldigitaldeasturias.com\/magazine365\/los-hoteleros-lanzan-el-proyecto-equotel-para-impulsar-la-igualdad-en-el-sector\/#listItem","position":3,"name":"Los hoteleros lanzan el proyecto Equotel para impulsar la igualdad en el sector","previousItem":{"@type":"ListItem","@id":"https:\/\/eldigitaldeasturias.com\/magazine365\/category\/actualidad-turismo\/#listItem","name":"Actualidad Turismo"}}]},{"@type":"Organization","@id":"https:\/\/eldigitaldeasturias.com\/magazine365\/#organization","name":"El digital de Asturias","description":"Revista de ocio, turismo y estilo de vida","url":"https:\/\/eldigitaldeasturias.com\/magazine365\/","logo":{"@type":"ImageObject","url":"https:\/\/www.eldigitaldeasturias.com\/noticias\/wp-content\/uploads\/2020\/12\/EDA.jpg","@id":"https:\/\/eldigitaldeasturias.com\/magazine365\/los-hoteleros-lanzan-el-proyecto-equotel-para-impulsar-la-igualdad-en-el-sector\/#organizationLogo"},"image":{"@id":"https:\/\/eldigitaldeasturias.com\/magazine365\/los-hoteleros-lanzan-el-proyecto-equotel-para-impulsar-la-igualdad-en-el-sector\/#organizationLogo"}},{"@type":"Person","@id":"https:\/\/eldigitaldeasturias.com\/magazine365\/author\/admin\/#author","url":"https:\/\/eldigitaldeasturias.com\/magazine365\/author\/admin\/","name":"admin","image":{"@type":"ImageObject","@id":"https:\/\/eldigitaldeasturias.com\/magazine365\/los-hoteleros-lanzan-el-proyecto-equotel-para-impulsar-la-igualdad-en-el-sector\/#authorImage","url":"https:\/\/eldigitaldeasturias.com\/magazine365\/wp-content\/litespeed\/avatar\/e571bcf59a0edd6fa6838245a470f2fe.jpg?ver=1776969259","width":96,"height":96,"caption":"admin"}},{"@type":"WebPage","@id":"https:\/\/eldigitaldeasturias.com\/magazine365\/los-hoteleros-lanzan-el-proyecto-equotel-para-impulsar-la-igualdad-en-el-sector\/#webpage","url":"https:\/\/eldigitaldeasturias.com\/magazine365\/los-hoteleros-lanzan-el-proyecto-equotel-para-impulsar-la-igualdad-en-el-sector\/","name":"Los hoteleros lanzan el proyecto Equotel para impulsar la igualdad en el sector | El Digital de Asturias","description":"La Confederaci\u00f3n Espa\u00f1ola de Hoteles y Alojamientos Tur\u00edsticos (CEHAT), en colaboraci\u00f3n con la Universidad Rey Juan Carlos de Madrid, ha comenzado la elaboraci\u00f3n del Proyecto Equotel, un proyecto de investigaci\u00f3n que tiene como objetivo impulsar la igualdad en el sector hotelero. La rama de actividad hosteler\u00eda emplea actualmente a 1,3 millones de trabajadores de los","inLanguage":"es-ES","isPartOf":{"@id":"https:\/\/eldigitaldeasturias.com\/magazine365\/#website"},"breadcrumb":{"@id":"https:\/\/eldigitaldeasturias.com\/magazine365\/los-hoteleros-lanzan-el-proyecto-equotel-para-impulsar-la-igualdad-en-el-sector\/#breadcrumblist"},"author":{"@id":"https:\/\/eldigitaldeasturias.com\/magazine365\/author\/admin\/#author"},"creator":{"@id":"https:\/\/eldigitaldeasturias.com\/magazine365\/author\/admin\/#author"},"image":{"@type":"ImageObject","url":"https:\/\/eldigitaldeasturias.com\/magazine365\/wp-content\/uploads\/2015\/06\/fotonoticia_20150610132443_800.jpg","@id":"https:\/\/eldigitaldeasturias.com\/magazine365\/los-hoteleros-lanzan-el-proyecto-equotel-para-impulsar-la-igualdad-en-el-sector\/#mainImage","width":800,"height":533},"primaryImageOfPage":{"@id":"https:\/\/eldigitaldeasturias.com\/magazine365\/los-hoteleros-lanzan-el-proyecto-equotel-para-impulsar-la-igualdad-en-el-sector\/#mainImage"},"datePublished":"2015-06-11T05:16:55+02:00","dateModified":"2015-06-11T05:16:55+02:00"},{"@type":"WebSite","@id":"https:\/\/eldigitaldeasturias.com\/magazine365\/#website","url":"https:\/\/eldigitaldeasturias.com\/magazine365\/","name":"El Digital de Asturias","description":"Revista de ocio, turismo y estilo de vida","inLanguage":"es-ES","publisher":{"@id":"https:\/\/eldigitaldeasturias.com\/magazine365\/#organization"}}]},"og:locale":"es_ES","og:site_name":"El Digital de Asturias \u2013 Revista de ocio, turismo y estilo de vida","og:type":"article","og:title":"Los hoteleros lanzan el proyecto Equotel para impulsar la igualdad en el sector | El Digital de Asturias","og:description":"La Confederaci\u00f3n Espa\u00f1ola de Hoteles y Alojamientos Tur\u00edsticos (CEHAT), en colaboraci\u00f3n con la Universidad Rey Juan Carlos de Madrid, ha comenzado la elaboraci\u00f3n del Proyecto Equotel, un proyecto de investigaci\u00f3n que tiene como objetivo impulsar la igualdad en el sector hotelero. La rama de actividad hosteler\u00eda emplea actualmente a 1,3 millones de trabajadores de los","og:url":"https:\/\/eldigitaldeasturias.com\/magazine365\/los-hoteleros-lanzan-el-proyecto-equotel-para-impulsar-la-igualdad-en-el-sector\/","og:image":"https:\/\/eldigitaldeasturias.com\/magazine365\/wp-content\/uploads\/2015\/06\/fotonoticia_20150610132443_800.jpg","og:image:secure_url":"https:\/\/eldigitaldeasturias.com\/magazine365\/wp-content\/uploads\/2015\/06\/fotonoticia_20150610132443_800.jpg","og:image:width":800,"og:image:height":533,"article:published_time":"2015-06-11T03:46:55+00:00","article:modified_time":"2015-06-11T03:46:55+00:00","twitter:card":"summary_large_image","twitter:title":"Los hoteleros lanzan el proyecto Equotel para impulsar la igualdad en el sector | El Digital de Asturias","twitter:description":"La Confederaci\u00f3n Espa\u00f1ola de Hoteles y Alojamientos Tur\u00edsticos (CEHAT), en colaboraci\u00f3n con la Universidad Rey Juan Carlos de Madrid, ha comenzado la elaboraci\u00f3n del Proyecto Equotel, un proyecto de investigaci\u00f3n que tiene como objetivo impulsar la igualdad en el sector hotelero. La rama de actividad hosteler\u00eda emplea actualmente a 1,3 millones de trabajadores de los","twitter:image":"https:\/\/eldigitaldeasturias.com\/magazine365\/wp-content\/uploads\/2015\/06\/fotonoticia_20150610132443_800.jpg"},"aioseo_meta_data":{"post_id":"39477","title":null,"description":null,"keywords":null,"keyphrases":null,"primary_term":null,"canonical_url":null,"og_title":null,"og_description":null,"og_object_type":"default","og_image_type":"default","og_image_url":null,"og_image_width":null,"og_image_height":null,"og_image_custom_url":null,"og_image_custom_fields":null,"og_video":null,"og_custom_url":null,"og_article_section":null,"og_article_tags":null,"twitter_use_og":false,"twitter_card":"default","twitter_image_type":"default","twitter_image_url":null,"twitter_image_custom_url":null,"twitter_image_custom_fields":null,"twitter_title":null,"twitter_description":null,"schema":{"blockGraphs":[],"customGraphs":[],"default":{"data":{"Article":[],"Course":[],"Dataset":[],"FAQPage":[],"Movie":[],"Person":[],"Product":[],"ProductReview":[],"Car":[],"Recipe":[],"Service":[],"SoftwareApplication":[],"WebPage":[]},"graphName":"","isEnabled":true},"graphs":[],"defaultGraph":"","defaultPostTypeGraph":""},"schema_type":null,"schema_type_options":null,"pillar_content":false,"robots_default":true,"robots_noindex":false,"robots_noarchive":false,"robots_nosnippet":false,"robots_nofollow":false,"robots_noimageindex":false,"robots_noodp":false,"robots_notranslate":false,"robots_max_snippet":null,"robots_max_videopreview":null,"robots_max_imagepreview":"large","priority":null,"frequency":null,"location":null,"local_seo":null,"seo_analyzer_scan_date":"2025-09-19 11:43:24","breadcrumb_settings":null,"limit_modified_date":false,"open_ai":null,"ai":null,"created":"2021-03-09 02:40:52","updated":"2025-09-19 11:43:24"},"aioseo_breadcrumb":"<div class=\"aioseo-breadcrumbs\"><span class=\"aioseo-breadcrumb\">\n\t<a href=\"https:\/\/eldigitaldeasturias.com\/magazine365\" title=\"Home\">Home<\/a>\n<\/span><span class=\"aioseo-breadcrumb-separator\">\u2013<\/span><span class=\"aioseo-breadcrumb\">\n\t<a href=\"https:\/\/eldigitaldeasturias.com\/magazine365\/category\/actualidad-turismo\/\" title=\"Actualidad Turismo\">Actualidad Turismo<\/a>\n<\/span><span class=\"aioseo-breadcrumb-separator\">\u2013<\/span><span class=\"aioseo-breadcrumb\">\n\t<a href=\"https:\/\/eldigitaldeasturias.com\/magazine365\/los-hoteleros-lanzan-el-proyecto-equotel-para-impulsar-la-igualdad-en-el-sector\/\" title=\"Los hoteleros lanzan el proyecto Equotel para impulsar la igualdad en el sector\">Los hoteleros lanzan el proyecto Equotel para impulsar la igualdad en el sector<\/a>\n<\/span><\/div>","aioseo_breadcrumb_json":[{"label":"Home","link":"https:\/\/eldigitaldeasturias.com\/magazine365"},{"label":"Actualidad Turismo","link":"https:\/\/eldigitaldeasturias.com\/magazine365\/category\/actualidad-turismo\/"},{"label":"Los hoteleros lanzan el proyecto Equotel para impulsar la igualdad en el sector","link":"https:\/\/eldigitaldeasturias.com\/magazine365\/los-hoteleros-lanzan-el-proyecto-equotel-para-impulsar-la-igualdad-en-el-sector\/"}],"_links":{"self":[{"href":"https:\/\/eldigitaldeasturias.com\/magazine365\/wp-json\/wp\/v2\/posts\/39477","targetHints":{"allow":["GET"]}}],"collection":[{"href":"https:\/\/eldigitaldeasturias.com\/magazine365\/wp-json\/wp\/v2\/posts"}],"about":[{"href":"https:\/\/eldigitaldeasturias.com\/magazine365\/wp-json\/wp\/v2\/types\/post"}],"author":[{"embeddable":true,"href":"https:\/\/eldigitaldeasturias.com\/magazine365\/wp-json\/wp\/v2\/users\/1"}],"replies":[{"embeddable":true,"href":"https:\/\/eldigitaldeasturias.com\/magazine365\/wp-json\/wp\/v2\/comments?post=39477"}],"version-history":[{"count":0,"href":"https:\/\/eldigitaldeasturias.com\/magazine365\/wp-json\/wp\/v2\/posts\/39477\/revisions"}],"wp:featuredmedia":[{"embeddable":true,"href":"https:\/\/eldigitaldeasturias.com\/magazine365\/wp-json\/wp\/v2\/media\/39463"}],"wp:attachment":[{"href":"https:\/\/eldigitaldeasturias.com\/magazine365\/wp-json\/wp\/v2\/media?parent=39477"}],"wp:term":[{"taxonomy":"category","embeddable":true,"href":"https:\/\/eldigitaldeasturias.com\/magazine365\/wp-json\/wp\/v2\/categories?post=39477"},{"taxonomy":"post_tag","embeddable":true,"href":"https:\/\/eldigitaldeasturias.com\/magazine365\/wp-json\/wp\/v2\/tags?post=39477"}],"curies":[{"name":"wp","href":"https:\/\/api.w.org\/{rel}","templated":true}]}}