{"id":39468,"date":"2015-06-11T05:13:33","date_gmt":"2015-06-11T03:43:33","guid":{"rendered":"http:\/\/eldigitaldeasturias.com\/magazine365\/?p=39468"},"modified":"2015-06-11T05:13:33","modified_gmt":"2015-06-11T03:43:33","slug":"normalidad-en-los-aeropuertos-en-la-segunda-jornada-de-paros-de-los-controladores","status":"publish","type":"post","link":"https:\/\/eldigitaldeasturias.com\/magazine365\/normalidad-en-los-aeropuertos-en-la-segunda-jornada-de-paros-de-los-controladores\/","title":{"rendered":"Normalidad en los aeropuertos en la segunda jornada de paros de los controladores"},"content":{"rendered":"<p><img fetchpriority=\"high\" decoding=\"async\" class=\"alignleft size-medium wp-image-39469\" src=\"https:\/\/eldigitaldeasturias.com\/magazine365\/wp-content\/uploads\/2015\/06\/fotonoticia_20150610133814_800-360x240.jpg\" alt=\"fotonoticia_20150610133814_800\" width=\"360\" height=\"240\" srcset=\"https:\/\/eldigitaldeasturias.com\/magazine365\/wp-content\/uploads\/2015\/06\/fotonoticia_20150610133814_800-360x240.jpg 360w, https:\/\/eldigitaldeasturias.com\/magazine365\/wp-content\/uploads\/2015\/06\/fotonoticia_20150610133814_800-650x433.jpg 650w, https:\/\/eldigitaldeasturias.com\/magazine365\/wp-content\/uploads\/2015\/06\/fotonoticia_20150610133814_800-768x512.jpg 768w, https:\/\/eldigitaldeasturias.com\/magazine365\/wp-content\/uploads\/2015\/06\/fotonoticia_20150610133814_800-150x100.jpg 150w, https:\/\/eldigitaldeasturias.com\/magazine365\/wp-content\/uploads\/2015\/06\/fotonoticia_20150610133814_800-450x300.jpg 450w, https:\/\/eldigitaldeasturias.com\/magazine365\/wp-content\/uploads\/2015\/06\/fotonoticia_20150610133814_800-696x464.jpg 696w, https:\/\/eldigitaldeasturias.com\/magazine365\/wp-content\/uploads\/2015\/06\/fotonoticia_20150610133814_800-630x420.jpg 630w, https:\/\/eldigitaldeasturias.com\/magazine365\/wp-content\/uploads\/2015\/06\/fotonoticia_20150610133814_800-84x55.jpg 84w, https:\/\/eldigitaldeasturias.com\/magazine365\/wp-content\/uploads\/2015\/06\/fotonoticia_20150610133814_800.jpg 800w\" sizes=\"(max-width: 360px) 100vw, 360px\" \/>Las primeras dos horas de paro de los controladores a\u00e9reos en el turno de la ma\u00f1ana de este mi\u00e9rcoles, de 10.00 a 12.00 horas, en la segunda jornada de huelga, han transcurrido con \u00abnormalidad\u00bb en los aeropuertos de la red de Aena, \u00absin cancelaciones ni demoras atribuibles a la protesta\u00bb, y con niveles de puntualidad similares a los del lunes, entre el 98% y el 100%, primer d\u00eda de la convocatoria.<\/p>\n<p>Fuentes de ENAIRE, matriz de Aena, se\u00f1alan que los servicios m\u00ednimos, fijados en el 70% y decretados por el Ministerio de Fomento, se est\u00e1n cumpliendo. En cuanto a la puntualidad, desde el operador de control a\u00e9reo explican que puede haber ciertos retrasos debido a las malas condiciones meteorol\u00f3gicas en el centro de Europa o a circunstancias propias del tr\u00e1fico a\u00e9reo.<\/p>\n<p>Un total de 1.217 movimientos de aeronaves, el 23% de los 5.200 previstos en el espacio a\u00e9reo espa\u00f1ol &#8211;incluyendo sobrevuelos&#8211; podr\u00edan verse afectados por los paros parciales convocados por los controladores a\u00e9reos este mi\u00e9rcoles, segunda de las cuatro jornadas de paros parciales convocadas por USCA, que se extender\u00e1n a los d\u00edas 12 y 14 de junio.<\/p>\n<p>La convocatoria de paros de dos horas &#8211;de 10.00 a 12.00 horas y de 18.00 a 20.00 horas&#8211; la primera en 26 a\u00f1os del colectivo, arranc\u00f3 el lunes en una jornada que se sald\u00f3 sin cancelaciones y con una puntualidad en vuelos que roz\u00f3 el 100%, ante unos servicios m\u00ednimos del 70% decretados por el Ministerio de Fomento, que USCA considera que \u00abvulneran\u00bb el derecho a la huelga y son \u00ababusivos\u00bb, por lo que los recurrir\u00e1.<\/p>\n<p>Seg\u00fan USCA, a pesar de que Fomento estableci\u00f3 en el 70% los servicios m\u00ednimos, en la primera de las jornadas de huelga convocadas, la del pasado lunes 8, \u00abs\u00f3lo se respet\u00f3 el derecho de huelga de los controladores que no desarrollaban actividades directamente operativas\u00bb, pues los servicios m\u00ednimos fijados para los controladores que prestan servicio efectivo de control a\u00e9reo fueron del 99%.<\/p>\n<p>De la plantilla total de 2.023 controladores a\u00e9reos, para este mi\u00e9rcoles, d\u00eda 10 de junio, se ha programado una plantilla de 916 efectivos (613 como servicios m\u00ednimos), de 930 controladores para el 12 de junio (627) y de 691 para el 14 de junio (621). El lunes fueron 955 los efectivos programados a tres turnos, de ellos 617 en servicios m\u00ednimos.<\/p>\n<p>Seg\u00fan datos facilitados por ENAIRE, este mi\u00e9rcoles se operar\u00e1n un total de 5.200 movimientos, de los cuales 651 operaciones se realizar\u00e1n entre las 10.00 y las 12.00 horas, y otros 566 entre las 18.00 y las 20.00 horas, por lo que podr\u00edan verse afectados en estas franjas horarias 1.210 vuelos.<\/p>\n<p>Para el jueves, 12 de junio, se prev\u00e9n 6.147 movimientos en todo el espacio a\u00e9reo espa\u00f1ol, con 834 en las dos horas de paro de la ma\u00f1ana y 698 durante el paro de dos horas en el turno de tarde, que suman 1.532 operaciones afectadas.<\/p>\n<p>Finalmente, para el domingo 14 de junio, se estiman 5.588 movimientos, de ellos 688 entre las 10 y las 12.00 horas y 647 entre las 18.00 y las 20.00 horas, por lo que podr\u00edan verse afectados un total de 1.335 movimientos.<\/p>\n<p>RAZONES DE LA PROTESTA.<\/p>\n<p>En total durante los cuatro d\u00edas se operar\u00e1n 22.274 movimientos en todo el espacio a\u00e9reo espa\u00f1ol, de los cuales 2.853 operaciones se realizar\u00e1n entre las 10.00 y las 12 horas, y otros 2.502 movimientos, entre las 18.00 y las 20.00 horas.<\/p>\n<p>Los controladores protestan por la decisi\u00f3n de ENAIRE de sancionar a 61 controladores a\u00e9reos del Centro del Control de Barcelona (ACC) por el cierre del espacio a\u00e9reo en 2010 y negarse a readmitir a un controlador del ACC de Santiago. USCA, que se\u00f1ala su disposici\u00f3n a negociar, no descart\u00f3 prolongarlos si el gestor aeroportuario no cambia de postura.<\/p>\n","protected":false},"excerpt":{"rendered":"<p>Las primeras dos horas de paro de los controladores a\u00e9reos en el turno de la ma\u00f1ana de este mi\u00e9rcoles, de 10.00 a 12.00 horas, en la segunda jornada de huelga, han transcurrido con \u00abnormalidad\u00bb en los aeropuertos de la red de Aena, \u00absin cancelaciones ni demoras atribuibles a la protesta\u00bb, y con niveles de puntualidad<\/p>\n","protected":false},"author":1,"featured_media":39469,"comment_status":"open","ping_status":"closed","sticky":false,"template":"","format":"standard","meta":{"footnotes":""},"categories":[224],"tags":[],"class_list":{"0":"post-39468","1":"post","2":"type-post","3":"status-publish","4":"format-standard","5":"has-post-thumbnail","7":"category-noticias-actualidad"},"aioseo_notices":[],"aioseo_head":"\n\t\t<!-- All in One SEO Pro 4.9.6.1 - aioseo.com -->\n\t<meta name=\"description\" content=\"Las primeras dos horas de paro de los controladores a\u00e9reos en el turno de la ma\u00f1ana de este mi\u00e9rcoles, de 10.00 a 12.00 horas, en la segunda jornada de huelga, han transcurrido con &quot;normalidad&quot; en los aeropuertos de la red de Aena, &quot;sin cancelaciones ni demoras atribuibles a la protesta&quot;, y con niveles de puntualidad\" \/>\n\t<meta name=\"robots\" content=\"max-image-preview:large\" \/>\n\t<meta name=\"author\" content=\"admin\"\/>\n\t<meta name=\"google-site-verification\" content=\"UA-38556648-1\" \/>\n\t<meta name=\"keywords\" content=\"noticias y actualidad\" \/>\n\t<link rel=\"canonical\" href=\"https:\/\/eldigitaldeasturias.com\/magazine365\/normalidad-en-los-aeropuertos-en-la-segunda-jornada-de-paros-de-los-controladores\/\" \/>\n\t<meta name=\"generator\" content=\"All in One SEO Pro (AIOSEO) 4.9.6.1\" \/>\n\t\t<meta property=\"og:locale\" content=\"es_ES\" \/>\n\t\t<meta property=\"og:site_name\" content=\"El Digital de Asturias \u2013 Revista de ocio, turismo y estilo de vida\" \/>\n\t\t<meta property=\"og:type\" content=\"article\" \/>\n\t\t<meta property=\"og:title\" content=\"Normalidad en los aeropuertos en la segunda jornada de paros de los controladores | El Digital de Asturias\" \/>\n\t\t<meta property=\"og:description\" content=\"Las primeras dos horas de paro de los controladores a\u00e9reos en el turno de la ma\u00f1ana de este mi\u00e9rcoles, de 10.00 a 12.00 horas, en la segunda jornada de huelga, han transcurrido con &quot;normalidad&quot; en los aeropuertos de la red de Aena, &quot;sin cancelaciones ni demoras atribuibles a la protesta&quot;, y con niveles de puntualidad\" \/>\n\t\t<meta property=\"og:url\" content=\"https:\/\/eldigitaldeasturias.com\/magazine365\/normalidad-en-los-aeropuertos-en-la-segunda-jornada-de-paros-de-los-controladores\/\" \/>\n\t\t<meta property=\"og:image\" content=\"https:\/\/eldigitaldeasturias.com\/magazine365\/wp-content\/uploads\/2015\/06\/fotonoticia_20150610133814_800.jpg\" \/>\n\t\t<meta property=\"og:image:secure_url\" content=\"https:\/\/eldigitaldeasturias.com\/magazine365\/wp-content\/uploads\/2015\/06\/fotonoticia_20150610133814_800.jpg\" \/>\n\t\t<meta property=\"og:image:width\" content=\"800\" \/>\n\t\t<meta property=\"og:image:height\" content=\"533\" \/>\n\t\t<meta property=\"article:published_time\" content=\"2015-06-11T03:43:33+00:00\" \/>\n\t\t<meta property=\"article:modified_time\" content=\"2015-06-11T03:43:33+00:00\" \/>\n\t\t<meta name=\"twitter:card\" content=\"summary_large_image\" \/>\n\t\t<meta name=\"twitter:title\" content=\"Normalidad en los aeropuertos en la segunda jornada de paros de los controladores | El Digital de Asturias\" \/>\n\t\t<meta name=\"twitter:description\" content=\"Las primeras dos horas de paro de los controladores a\u00e9reos en el turno de la ma\u00f1ana de este mi\u00e9rcoles, de 10.00 a 12.00 horas, en la segunda jornada de huelga, han transcurrido con &quot;normalidad&quot; en los aeropuertos de la red de Aena, &quot;sin cancelaciones ni demoras atribuibles a la protesta&quot;, y con niveles de puntualidad\" \/>\n\t\t<meta name=\"twitter:image\" content=\"https:\/\/eldigitaldeasturias.com\/magazine365\/wp-content\/uploads\/2015\/06\/fotonoticia_20150610133814_800.jpg\" \/>\n\t\t<script type=\"application\/ld+json\" class=\"aioseo-schema\">\n\t\t\t{\"@context\":\"https:\\\/\\\/schema.org\",\"@graph\":[{\"@type\":\"Article\",\"@id\":\"https:\\\/\\\/eldigitaldeasturias.com\\\/magazine365\\\/normalidad-en-los-aeropuertos-en-la-segunda-jornada-de-paros-de-los-controladores\\\/#article\",\"name\":\"Normalidad en los aeropuertos en la segunda jornada de paros de los controladores | El Digital de Asturias\",\"headline\":\"Normalidad en los aeropuertos en la segunda jornada de paros de los controladores\",\"author\":{\"@id\":\"https:\\\/\\\/eldigitaldeasturias.com\\\/magazine365\\\/author\\\/admin\\\/#author\"},\"publisher\":{\"@id\":\"https:\\\/\\\/eldigitaldeasturias.com\\\/magazine365\\\/#organization\"},\"image\":{\"@type\":\"ImageObject\",\"url\":\"https:\\\/\\\/eldigitaldeasturias.com\\\/magazine365\\\/wp-content\\\/uploads\\\/2015\\\/06\\\/fotonoticia_20150610133814_800.jpg\",\"width\":800,\"height\":533},\"datePublished\":\"2015-06-11T05:13:33+02:00\",\"dateModified\":\"2015-06-11T05:13:33+02:00\",\"inLanguage\":\"es-ES\",\"mainEntityOfPage\":{\"@id\":\"https:\\\/\\\/eldigitaldeasturias.com\\\/magazine365\\\/normalidad-en-los-aeropuertos-en-la-segunda-jornada-de-paros-de-los-controladores\\\/#webpage\"},\"isPartOf\":{\"@id\":\"https:\\\/\\\/eldigitaldeasturias.com\\\/magazine365\\\/normalidad-en-los-aeropuertos-en-la-segunda-jornada-de-paros-de-los-controladores\\\/#webpage\"},\"articleSection\":\"Noticias y Actualidad\"},{\"@type\":\"BreadcrumbList\",\"@id\":\"https:\\\/\\\/eldigitaldeasturias.com\\\/magazine365\\\/normalidad-en-los-aeropuertos-en-la-segunda-jornada-de-paros-de-los-controladores\\\/#breadcrumblist\",\"itemListElement\":[{\"@type\":\"ListItem\",\"@id\":\"https:\\\/\\\/eldigitaldeasturias.com\\\/magazine365#listItem\",\"position\":1,\"name\":\"Home\",\"item\":\"https:\\\/\\\/eldigitaldeasturias.com\\\/magazine365\",\"nextItem\":{\"@type\":\"ListItem\",\"@id\":\"https:\\\/\\\/eldigitaldeasturias.com\\\/magazine365\\\/category\\\/noticias-actualidad\\\/#listItem\",\"name\":\"Noticias y Actualidad\"}},{\"@type\":\"ListItem\",\"@id\":\"https:\\\/\\\/eldigitaldeasturias.com\\\/magazine365\\\/category\\\/noticias-actualidad\\\/#listItem\",\"position\":2,\"name\":\"Noticias y Actualidad\",\"item\":\"https:\\\/\\\/eldigitaldeasturias.com\\\/magazine365\\\/category\\\/noticias-actualidad\\\/\",\"nextItem\":{\"@type\":\"ListItem\",\"@id\":\"https:\\\/\\\/eldigitaldeasturias.com\\\/magazine365\\\/normalidad-en-los-aeropuertos-en-la-segunda-jornada-de-paros-de-los-controladores\\\/#listItem\",\"name\":\"Normalidad en los aeropuertos en la segunda jornada de paros de los controladores\"},\"previousItem\":{\"@type\":\"ListItem\",\"@id\":\"https:\\\/\\\/eldigitaldeasturias.com\\\/magazine365#listItem\",\"name\":\"Home\"}},{\"@type\":\"ListItem\",\"@id\":\"https:\\\/\\\/eldigitaldeasturias.com\\\/magazine365\\\/normalidad-en-los-aeropuertos-en-la-segunda-jornada-de-paros-de-los-controladores\\\/#listItem\",\"position\":3,\"name\":\"Normalidad en los aeropuertos en la segunda jornada de paros de los controladores\",\"previousItem\":{\"@type\":\"ListItem\",\"@id\":\"https:\\\/\\\/eldigitaldeasturias.com\\\/magazine365\\\/category\\\/noticias-actualidad\\\/#listItem\",\"name\":\"Noticias y Actualidad\"}}]},{\"@type\":\"Organization\",\"@id\":\"https:\\\/\\\/eldigitaldeasturias.com\\\/magazine365\\\/#organization\",\"name\":\"El digital de Asturias\",\"description\":\"Revista de ocio, turismo y estilo de vida\",\"url\":\"https:\\\/\\\/eldigitaldeasturias.com\\\/magazine365\\\/\",\"logo\":{\"@type\":\"ImageObject\",\"url\":\"https:\\\/\\\/www.eldigitaldeasturias.com\\\/noticias\\\/wp-content\\\/uploads\\\/2020\\\/12\\\/EDA.jpg\",\"@id\":\"https:\\\/\\\/eldigitaldeasturias.com\\\/magazine365\\\/normalidad-en-los-aeropuertos-en-la-segunda-jornada-de-paros-de-los-controladores\\\/#organizationLogo\"},\"image\":{\"@id\":\"https:\\\/\\\/eldigitaldeasturias.com\\\/magazine365\\\/normalidad-en-los-aeropuertos-en-la-segunda-jornada-de-paros-de-los-controladores\\\/#organizationLogo\"}},{\"@type\":\"Person\",\"@id\":\"https:\\\/\\\/eldigitaldeasturias.com\\\/magazine365\\\/author\\\/admin\\\/#author\",\"url\":\"https:\\\/\\\/eldigitaldeasturias.com\\\/magazine365\\\/author\\\/admin\\\/\",\"name\":\"admin\",\"image\":{\"@type\":\"ImageObject\",\"@id\":\"https:\\\/\\\/eldigitaldeasturias.com\\\/magazine365\\\/normalidad-en-los-aeropuertos-en-la-segunda-jornada-de-paros-de-los-controladores\\\/#authorImage\",\"url\":\"https:\\\/\\\/eldigitaldeasturias.com\\\/magazine365\\\/wp-content\\\/litespeed\\\/avatar\\\/e571bcf59a0edd6fa6838245a470f2fe.jpg?ver=1776969259\",\"width\":96,\"height\":96,\"caption\":\"admin\"}},{\"@type\":\"WebPage\",\"@id\":\"https:\\\/\\\/eldigitaldeasturias.com\\\/magazine365\\\/normalidad-en-los-aeropuertos-en-la-segunda-jornada-de-paros-de-los-controladores\\\/#webpage\",\"url\":\"https:\\\/\\\/eldigitaldeasturias.com\\\/magazine365\\\/normalidad-en-los-aeropuertos-en-la-segunda-jornada-de-paros-de-los-controladores\\\/\",\"name\":\"Normalidad en los aeropuertos en la segunda jornada de paros de los controladores | El Digital de Asturias\",\"description\":\"Las primeras dos horas de paro de los controladores a\\u00e9reos en el turno de la ma\\u00f1ana de este mi\\u00e9rcoles, de 10.00 a 12.00 horas, en la segunda jornada de huelga, han transcurrido con \\\"normalidad\\\" en los aeropuertos de la red de Aena, \\\"sin cancelaciones ni demoras atribuibles a la protesta\\\", y con niveles de puntualidad\",\"inLanguage\":\"es-ES\",\"isPartOf\":{\"@id\":\"https:\\\/\\\/eldigitaldeasturias.com\\\/magazine365\\\/#website\"},\"breadcrumb\":{\"@id\":\"https:\\\/\\\/eldigitaldeasturias.com\\\/magazine365\\\/normalidad-en-los-aeropuertos-en-la-segunda-jornada-de-paros-de-los-controladores\\\/#breadcrumblist\"},\"author\":{\"@id\":\"https:\\\/\\\/eldigitaldeasturias.com\\\/magazine365\\\/author\\\/admin\\\/#author\"},\"creator\":{\"@id\":\"https:\\\/\\\/eldigitaldeasturias.com\\\/magazine365\\\/author\\\/admin\\\/#author\"},\"image\":{\"@type\":\"ImageObject\",\"url\":\"https:\\\/\\\/eldigitaldeasturias.com\\\/magazine365\\\/wp-content\\\/uploads\\\/2015\\\/06\\\/fotonoticia_20150610133814_800.jpg\",\"@id\":\"https:\\\/\\\/eldigitaldeasturias.com\\\/magazine365\\\/normalidad-en-los-aeropuertos-en-la-segunda-jornada-de-paros-de-los-controladores\\\/#mainImage\",\"width\":800,\"height\":533},\"primaryImageOfPage\":{\"@id\":\"https:\\\/\\\/eldigitaldeasturias.com\\\/magazine365\\\/normalidad-en-los-aeropuertos-en-la-segunda-jornada-de-paros-de-los-controladores\\\/#mainImage\"},\"datePublished\":\"2015-06-11T05:13:33+02:00\",\"dateModified\":\"2015-06-11T05:13:33+02:00\"},{\"@type\":\"WebSite\",\"@id\":\"https:\\\/\\\/eldigitaldeasturias.com\\\/magazine365\\\/#website\",\"url\":\"https:\\\/\\\/eldigitaldeasturias.com\\\/magazine365\\\/\",\"name\":\"El Digital de Asturias\",\"description\":\"Revista de ocio, turismo y estilo de vida\",\"inLanguage\":\"es-ES\",\"publisher\":{\"@id\":\"https:\\\/\\\/eldigitaldeasturias.com\\\/magazine365\\\/#organization\"}}]}\n\t\t<\/script>\n\t\t<!-- All in One SEO Pro -->\r\n\t\t<title>Normalidad en los aeropuertos en la segunda jornada de paros de los controladores | El Digital de Asturias<\/title>\n\n","aioseo_head_json":{"title":"Normalidad en los aeropuertos en la segunda jornada de paros de los controladores | El Digital de Asturias","description":"Las primeras dos horas de paro de los controladores a\u00e9reos en el turno de la ma\u00f1ana de este mi\u00e9rcoles, de 10.00 a 12.00 horas, en la segunda jornada de huelga, han transcurrido con \"normalidad\" en los aeropuertos de la red de Aena, \"sin cancelaciones ni demoras atribuibles a la protesta\", y con niveles de puntualidad","canonical_url":"https:\/\/eldigitaldeasturias.com\/magazine365\/normalidad-en-los-aeropuertos-en-la-segunda-jornada-de-paros-de-los-controladores\/","robots":"max-image-preview:large","keywords":"noticias y actualidad","webmasterTools":{"google-site-verification":"UA-38556648-1","miscellaneous":""},"schema":{"@context":"https:\/\/schema.org","@graph":[{"@type":"Article","@id":"https:\/\/eldigitaldeasturias.com\/magazine365\/normalidad-en-los-aeropuertos-en-la-segunda-jornada-de-paros-de-los-controladores\/#article","name":"Normalidad en los aeropuertos en la segunda jornada de paros de los controladores | El Digital de Asturias","headline":"Normalidad en los aeropuertos en la segunda jornada de paros de los controladores","author":{"@id":"https:\/\/eldigitaldeasturias.com\/magazine365\/author\/admin\/#author"},"publisher":{"@id":"https:\/\/eldigitaldeasturias.com\/magazine365\/#organization"},"image":{"@type":"ImageObject","url":"https:\/\/eldigitaldeasturias.com\/magazine365\/wp-content\/uploads\/2015\/06\/fotonoticia_20150610133814_800.jpg","width":800,"height":533},"datePublished":"2015-06-11T05:13:33+02:00","dateModified":"2015-06-11T05:13:33+02:00","inLanguage":"es-ES","mainEntityOfPage":{"@id":"https:\/\/eldigitaldeasturias.com\/magazine365\/normalidad-en-los-aeropuertos-en-la-segunda-jornada-de-paros-de-los-controladores\/#webpage"},"isPartOf":{"@id":"https:\/\/eldigitaldeasturias.com\/magazine365\/normalidad-en-los-aeropuertos-en-la-segunda-jornada-de-paros-de-los-controladores\/#webpage"},"articleSection":"Noticias y Actualidad"},{"@type":"BreadcrumbList","@id":"https:\/\/eldigitaldeasturias.com\/magazine365\/normalidad-en-los-aeropuertos-en-la-segunda-jornada-de-paros-de-los-controladores\/#breadcrumblist","itemListElement":[{"@type":"ListItem","@id":"https:\/\/eldigitaldeasturias.com\/magazine365#listItem","position":1,"name":"Home","item":"https:\/\/eldigitaldeasturias.com\/magazine365","nextItem":{"@type":"ListItem","@id":"https:\/\/eldigitaldeasturias.com\/magazine365\/category\/noticias-actualidad\/#listItem","name":"Noticias y Actualidad"}},{"@type":"ListItem","@id":"https:\/\/eldigitaldeasturias.com\/magazine365\/category\/noticias-actualidad\/#listItem","position":2,"name":"Noticias y Actualidad","item":"https:\/\/eldigitaldeasturias.com\/magazine365\/category\/noticias-actualidad\/","nextItem":{"@type":"ListItem","@id":"https:\/\/eldigitaldeasturias.com\/magazine365\/normalidad-en-los-aeropuertos-en-la-segunda-jornada-de-paros-de-los-controladores\/#listItem","name":"Normalidad en los aeropuertos en la segunda jornada de paros de los controladores"},"previousItem":{"@type":"ListItem","@id":"https:\/\/eldigitaldeasturias.com\/magazine365#listItem","name":"Home"}},{"@type":"ListItem","@id":"https:\/\/eldigitaldeasturias.com\/magazine365\/normalidad-en-los-aeropuertos-en-la-segunda-jornada-de-paros-de-los-controladores\/#listItem","position":3,"name":"Normalidad en los aeropuertos en la segunda jornada de paros de los controladores","previousItem":{"@type":"ListItem","@id":"https:\/\/eldigitaldeasturias.com\/magazine365\/category\/noticias-actualidad\/#listItem","name":"Noticias y Actualidad"}}]},{"@type":"Organization","@id":"https:\/\/eldigitaldeasturias.com\/magazine365\/#organization","name":"El digital de Asturias","description":"Revista de ocio, turismo y estilo de vida","url":"https:\/\/eldigitaldeasturias.com\/magazine365\/","logo":{"@type":"ImageObject","url":"https:\/\/www.eldigitaldeasturias.com\/noticias\/wp-content\/uploads\/2020\/12\/EDA.jpg","@id":"https:\/\/eldigitaldeasturias.com\/magazine365\/normalidad-en-los-aeropuertos-en-la-segunda-jornada-de-paros-de-los-controladores\/#organizationLogo"},"image":{"@id":"https:\/\/eldigitaldeasturias.com\/magazine365\/normalidad-en-los-aeropuertos-en-la-segunda-jornada-de-paros-de-los-controladores\/#organizationLogo"}},{"@type":"Person","@id":"https:\/\/eldigitaldeasturias.com\/magazine365\/author\/admin\/#author","url":"https:\/\/eldigitaldeasturias.com\/magazine365\/author\/admin\/","name":"admin","image":{"@type":"ImageObject","@id":"https:\/\/eldigitaldeasturias.com\/magazine365\/normalidad-en-los-aeropuertos-en-la-segunda-jornada-de-paros-de-los-controladores\/#authorImage","url":"https:\/\/eldigitaldeasturias.com\/magazine365\/wp-content\/litespeed\/avatar\/e571bcf59a0edd6fa6838245a470f2fe.jpg?ver=1776969259","width":96,"height":96,"caption":"admin"}},{"@type":"WebPage","@id":"https:\/\/eldigitaldeasturias.com\/magazine365\/normalidad-en-los-aeropuertos-en-la-segunda-jornada-de-paros-de-los-controladores\/#webpage","url":"https:\/\/eldigitaldeasturias.com\/magazine365\/normalidad-en-los-aeropuertos-en-la-segunda-jornada-de-paros-de-los-controladores\/","name":"Normalidad en los aeropuertos en la segunda jornada de paros de los controladores | El Digital de Asturias","description":"Las primeras dos horas de paro de los controladores a\u00e9reos en el turno de la ma\u00f1ana de este mi\u00e9rcoles, de 10.00 a 12.00 horas, en la segunda jornada de huelga, han transcurrido con \"normalidad\" en los aeropuertos de la red de Aena, \"sin cancelaciones ni demoras atribuibles a la protesta\", y con niveles de puntualidad","inLanguage":"es-ES","isPartOf":{"@id":"https:\/\/eldigitaldeasturias.com\/magazine365\/#website"},"breadcrumb":{"@id":"https:\/\/eldigitaldeasturias.com\/magazine365\/normalidad-en-los-aeropuertos-en-la-segunda-jornada-de-paros-de-los-controladores\/#breadcrumblist"},"author":{"@id":"https:\/\/eldigitaldeasturias.com\/magazine365\/author\/admin\/#author"},"creator":{"@id":"https:\/\/eldigitaldeasturias.com\/magazine365\/author\/admin\/#author"},"image":{"@type":"ImageObject","url":"https:\/\/eldigitaldeasturias.com\/magazine365\/wp-content\/uploads\/2015\/06\/fotonoticia_20150610133814_800.jpg","@id":"https:\/\/eldigitaldeasturias.com\/magazine365\/normalidad-en-los-aeropuertos-en-la-segunda-jornada-de-paros-de-los-controladores\/#mainImage","width":800,"height":533},"primaryImageOfPage":{"@id":"https:\/\/eldigitaldeasturias.com\/magazine365\/normalidad-en-los-aeropuertos-en-la-segunda-jornada-de-paros-de-los-controladores\/#mainImage"},"datePublished":"2015-06-11T05:13:33+02:00","dateModified":"2015-06-11T05:13:33+02:00"},{"@type":"WebSite","@id":"https:\/\/eldigitaldeasturias.com\/magazine365\/#website","url":"https:\/\/eldigitaldeasturias.com\/magazine365\/","name":"El Digital de Asturias","description":"Revista de ocio, turismo y estilo de vida","inLanguage":"es-ES","publisher":{"@id":"https:\/\/eldigitaldeasturias.com\/magazine365\/#organization"}}]},"og:locale":"es_ES","og:site_name":"El Digital de Asturias \u2013 Revista de ocio, turismo y estilo de vida","og:type":"article","og:title":"Normalidad en los aeropuertos en la segunda jornada de paros de los controladores | El Digital de Asturias","og:description":"Las primeras dos horas de paro de los controladores a\u00e9reos en el turno de la ma\u00f1ana de este mi\u00e9rcoles, de 10.00 a 12.00 horas, en la segunda jornada de huelga, han transcurrido con &quot;normalidad&quot; en los aeropuertos de la red de Aena, &quot;sin cancelaciones ni demoras atribuibles a la protesta&quot;, y con niveles de puntualidad","og:url":"https:\/\/eldigitaldeasturias.com\/magazine365\/normalidad-en-los-aeropuertos-en-la-segunda-jornada-de-paros-de-los-controladores\/","og:image":"https:\/\/eldigitaldeasturias.com\/magazine365\/wp-content\/uploads\/2015\/06\/fotonoticia_20150610133814_800.jpg","og:image:secure_url":"https:\/\/eldigitaldeasturias.com\/magazine365\/wp-content\/uploads\/2015\/06\/fotonoticia_20150610133814_800.jpg","og:image:width":800,"og:image:height":533,"article:published_time":"2015-06-11T03:43:33+00:00","article:modified_time":"2015-06-11T03:43:33+00:00","twitter:card":"summary_large_image","twitter:title":"Normalidad en los aeropuertos en la segunda jornada de paros de los controladores | El Digital de Asturias","twitter:description":"Las primeras dos horas de paro de los controladores a\u00e9reos en el turno de la ma\u00f1ana de este mi\u00e9rcoles, de 10.00 a 12.00 horas, en la segunda jornada de huelga, han transcurrido con &quot;normalidad&quot; en los aeropuertos de la red de Aena, &quot;sin cancelaciones ni demoras atribuibles a la protesta&quot;, y con niveles de puntualidad","twitter:image":"https:\/\/eldigitaldeasturias.com\/magazine365\/wp-content\/uploads\/2015\/06\/fotonoticia_20150610133814_800.jpg"},"aioseo_meta_data":{"post_id":"39468","title":null,"description":null,"keywords":null,"keyphrases":null,"primary_term":null,"canonical_url":null,"og_title":null,"og_description":null,"og_object_type":"default","og_image_type":"default","og_image_url":null,"og_image_width":null,"og_image_height":null,"og_image_custom_url":null,"og_image_custom_fields":null,"og_video":null,"og_custom_url":null,"og_article_section":null,"og_article_tags":null,"twitter_use_og":false,"twitter_card":"default","twitter_image_type":"default","twitter_image_url":null,"twitter_image_custom_url":null,"twitter_image_custom_fields":null,"twitter_title":null,"twitter_description":null,"schema":{"blockGraphs":[],"customGraphs":[],"default":{"data":{"Article":[],"Course":[],"Dataset":[],"FAQPage":[],"Movie":[],"Person":[],"Product":[],"ProductReview":[],"Car":[],"Recipe":[],"Service":[],"SoftwareApplication":[],"WebPage":[]},"graphName":"","isEnabled":true},"graphs":[],"defaultGraph":"","defaultPostTypeGraph":""},"schema_type":null,"schema_type_options":null,"pillar_content":false,"robots_default":true,"robots_noindex":false,"robots_noarchive":false,"robots_nosnippet":false,"robots_nofollow":false,"robots_noimageindex":false,"robots_noodp":false,"robots_notranslate":false,"robots_max_snippet":null,"robots_max_videopreview":null,"robots_max_imagepreview":"large","priority":null,"frequency":null,"location":null,"local_seo":null,"seo_analyzer_scan_date":"2025-09-19 11:42:02","breadcrumb_settings":null,"limit_modified_date":false,"open_ai":null,"ai":null,"created":"2021-03-09 02:40:52","updated":"2025-09-19 11:42:02"},"aioseo_breadcrumb":"<div class=\"aioseo-breadcrumbs\"><span class=\"aioseo-breadcrumb\">\n\t<a href=\"https:\/\/eldigitaldeasturias.com\/magazine365\" title=\"Home\">Home<\/a>\n<\/span><span class=\"aioseo-breadcrumb-separator\">\u2013<\/span><span class=\"aioseo-breadcrumb\">\n\t<a href=\"https:\/\/eldigitaldeasturias.com\/magazine365\/category\/noticias-actualidad\/\" title=\"Noticias y Actualidad\">Noticias y Actualidad<\/a>\n<\/span><span class=\"aioseo-breadcrumb-separator\">\u2013<\/span><span class=\"aioseo-breadcrumb\">\n\t<a href=\"https:\/\/eldigitaldeasturias.com\/magazine365\/normalidad-en-los-aeropuertos-en-la-segunda-jornada-de-paros-de-los-controladores\/\" title=\"Normalidad en los aeropuertos en la segunda jornada de paros de los controladores\">Normalidad en los aeropuertos en la segunda jornada de paros de los controladores<\/a>\n<\/span><\/div>","aioseo_breadcrumb_json":[{"label":"Home","link":"https:\/\/eldigitaldeasturias.com\/magazine365"},{"label":"Noticias y Actualidad","link":"https:\/\/eldigitaldeasturias.com\/magazine365\/category\/noticias-actualidad\/"},{"label":"Normalidad en los aeropuertos en la segunda jornada de paros de los controladores","link":"https:\/\/eldigitaldeasturias.com\/magazine365\/normalidad-en-los-aeropuertos-en-la-segunda-jornada-de-paros-de-los-controladores\/"}],"_links":{"self":[{"href":"https:\/\/eldigitaldeasturias.com\/magazine365\/wp-json\/wp\/v2\/posts\/39468","targetHints":{"allow":["GET"]}}],"collection":[{"href":"https:\/\/eldigitaldeasturias.com\/magazine365\/wp-json\/wp\/v2\/posts"}],"about":[{"href":"https:\/\/eldigitaldeasturias.com\/magazine365\/wp-json\/wp\/v2\/types\/post"}],"author":[{"embeddable":true,"href":"https:\/\/eldigitaldeasturias.com\/magazine365\/wp-json\/wp\/v2\/users\/1"}],"replies":[{"embeddable":true,"href":"https:\/\/eldigitaldeasturias.com\/magazine365\/wp-json\/wp\/v2\/comments?post=39468"}],"version-history":[{"count":0,"href":"https:\/\/eldigitaldeasturias.com\/magazine365\/wp-json\/wp\/v2\/posts\/39468\/revisions"}],"wp:featuredmedia":[{"embeddable":true,"href":"https:\/\/eldigitaldeasturias.com\/magazine365\/wp-json\/wp\/v2\/media\/39469"}],"wp:attachment":[{"href":"https:\/\/eldigitaldeasturias.com\/magazine365\/wp-json\/wp\/v2\/media?parent=39468"}],"wp:term":[{"taxonomy":"category","embeddable":true,"href":"https:\/\/eldigitaldeasturias.com\/magazine365\/wp-json\/wp\/v2\/categories?post=39468"},{"taxonomy":"post_tag","embeddable":true,"href":"https:\/\/eldigitaldeasturias.com\/magazine365\/wp-json\/wp\/v2\/tags?post=39468"}],"curies":[{"name":"wp","href":"https:\/\/api.w.org\/{rel}","templated":true}]}}