{"id":39465,"date":"2015-06-11T05:12:19","date_gmt":"2015-06-11T03:42:19","guid":{"rendered":"http:\/\/eldigitaldeasturias.com\/magazine365\/?p=39465"},"modified":"2015-06-11T05:12:19","modified_gmt":"2015-06-11T03:42:19","slug":"la-patronal-fomento-del-trabajo-propone-crear-una-agencia-de-infraestructuras-catalana-independiente-y-mixta","status":"publish","type":"post","link":"https:\/\/eldigitaldeasturias.com\/magazine365\/la-patronal-fomento-del-trabajo-propone-crear-una-agencia-de-infraestructuras-catalana-independiente-y-mixta\/","title":{"rendered":"La patronal Fomento del Trabajo propone crear una Agencia de Infraestructuras catalana independiente y mixta"},"content":{"rendered":"<p><img fetchpriority=\"high\" decoding=\"async\" class=\"alignleft size-medium wp-image-39466\" src=\"https:\/\/eldigitaldeasturias.com\/magazine365\/wp-content\/uploads\/2015\/06\/fotonoticia_20150610132544_800-360x270.jpg\" alt=\"fotonoticia_20150610132544_800\" width=\"360\" height=\"270\" srcset=\"https:\/\/eldigitaldeasturias.com\/magazine365\/wp-content\/uploads\/2015\/06\/fotonoticia_20150610132544_800-360x270.jpg 360w, https:\/\/eldigitaldeasturias.com\/magazine365\/wp-content\/uploads\/2015\/06\/fotonoticia_20150610132544_800-650x488.jpg 650w, https:\/\/eldigitaldeasturias.com\/magazine365\/wp-content\/uploads\/2015\/06\/fotonoticia_20150610132544_800-768x576.jpg 768w, https:\/\/eldigitaldeasturias.com\/magazine365\/wp-content\/uploads\/2015\/06\/fotonoticia_20150610132544_800-150x113.jpg 150w, https:\/\/eldigitaldeasturias.com\/magazine365\/wp-content\/uploads\/2015\/06\/fotonoticia_20150610132544_800-450x338.jpg 450w, https:\/\/eldigitaldeasturias.com\/magazine365\/wp-content\/uploads\/2015\/06\/fotonoticia_20150610132544_800-80x60.jpg 80w, https:\/\/eldigitaldeasturias.com\/magazine365\/wp-content\/uploads\/2015\/06\/fotonoticia_20150610132544_800-265x198.jpg 265w, https:\/\/eldigitaldeasturias.com\/magazine365\/wp-content\/uploads\/2015\/06\/fotonoticia_20150610132544_800-696x522.jpg 696w, https:\/\/eldigitaldeasturias.com\/magazine365\/wp-content\/uploads\/2015\/06\/fotonoticia_20150610132544_800-560x420.jpg 560w, https:\/\/eldigitaldeasturias.com\/magazine365\/wp-content\/uploads\/2015\/06\/fotonoticia_20150610132544_800-90x67.jpg 90w, https:\/\/eldigitaldeasturias.com\/magazine365\/wp-content\/uploads\/2015\/06\/fotonoticia_20150610132544_800-100x75.jpg 100w, https:\/\/eldigitaldeasturias.com\/magazine365\/wp-content\/uploads\/2015\/06\/fotonoticia_20150610132544_800.jpg 800w\" sizes=\"(max-width: 360px) 100vw, 360px\" \/>Fomento del Trabajo ha propuesto este mi\u00e9rcoles la creaci\u00f3n de la Agencia de Infraestructuras de Catalu\u00f1a, independiente y de composici\u00f3n mixta p\u00fablico-privada, con el objetivo de \u00abconseguir un nuevo modelo de gesti\u00f3n\u00bb que incremente la transparencia, la participaci\u00f3n de la sociedad civil y haga una priorizaci\u00f3n objetiva de las obras.<\/p>\n<p>En rueda de prensa, el presidente de la Comisi\u00f3n de Infraestructuras de la patronal, Joaquim Llans\u00f3, ha subrayado que el nuevo modelo de infraestructuras debe aumentar las colaboraciones p\u00fablico-privadas y apostar cada vez m\u00e1s por el pago por uso, a la vez que debe incluir una \u00abmejora clar\u00edsima\u00bb de la planificaci\u00f3n.<\/p>\n<p>Fomento del Trabajo ha redactado un documento &#8211;que ha hecho llegar al conseller de Territorio, Santi Vila, y a la ministra de Fomento, Ana Pastor&#8211; con las cien infraestructuras pendientes de ejecutar que desde el punto de vista empresarial multisectorial se consideran b\u00e1sicas, y tambi\u00e9n las 20 prioritarias que ser\u00e1n objeto de seguimiento por parte de la patronal.<\/p>\n<p>Entre estas 20 infraestructuras seleccionadas destacan los tramos principales del Corredor Mediterr\u00e1neo, los accesos viarios y ferroviarios al Puerto de Barcelona, el acceso ferroviario al Aeropuerto de El Prat, mejoras en las instalaciones para la prestaci\u00f3n del servicio de Rodalies, el vial del Puerto-Aeropuerto y la finalizaci\u00f3n de las l\u00edneas L9 y L10.<\/p>\n<p>Llans\u00f3 ha insistido en la necesidad de hacer una planificaci\u00f3n a medio y largo plazo &#8211;de diez a 15 a\u00f1os&#8211; ya que las infraestructuras \u00abno pueden estar sujetas a los procesos electorales cada cuatro a\u00f1os\u00bb.<\/p>\n<p>Ha puesto como ejemplo de agencia mixta la Comission Nationale du D\u00e9bat Public de Francia, que ha explicado que no tiene car\u00e1cter vinculante \u00abpero no hay ning\u00fan ministro que se la salte\u00bb.<\/p>\n<p>Seg\u00fan el informe de Fomento del Trabajo, Catalu\u00f1a est\u00e1 bien posicionada en algunos aspectos como el transporte de pasajeros por Aeropuerto y en autopistas, pero tiene necesidades importantes en transporte de mercanc\u00edas v\u00eda avi\u00f3n, carreteras, puertos de mercanc\u00edas y ferrocarriles, entre otros.<\/p>\n<p>Llans\u00f3 ha insistido en que las infraestructuras son claves para el avance de la econom\u00eda, por lo que son necesarias inversiones.<\/p>\n<p>Ante la falta de recursos p\u00fablicos, ha abogado por aumentar la colaboraci\u00f3n p\u00fablico-privada y por el pago por uso de las infraestructuras, ya que ha constatado que Espa\u00f1a es el pa\u00eds con m\u00e1s kil\u00f3metros de autopistas y autov\u00edas pero con los porcentajes m\u00e1s bajos de pago por usuario &#8211;solo el 21%, frente al 100% de Alemania, el 80% de Francia y el 86% de Italia&#8211;, y concentrados en determinados territorios como Catalu\u00f1a.<\/p>\n<p>ESTRUCTURA DE LA AGENCIA<\/p>\n<p>La Agencia de Infraestructuras de Catalu\u00f1a que propone la patronal catalana deber\u00eda estar formada por un m\u00e1ximo de diez vocales expertos de reconocido prestigio y trayectoria profesional (50% del sector p\u00fablica y 50% del privado), un director y un secretario, asistidos por un departamento t\u00e9cnico de composici\u00f3n p\u00fablico-privada.<\/p>\n<p>\u00abNo queremos sustituir el Ministerio de Fomento ni a la Generalitat, pero s\u00ed que se tenga en cuenta a la sociedad civil\u00bb, ha manifestado Llans\u00f3, que ha sostenido que las funciones de la agencia ser\u00edan participar en la fijaci\u00f3n de los objetivos, evaluar las inversiones y priorizarlas.<\/p>\n<p>El secretario de la Comisi\u00f3n de Infraestructuras, Salvador Guillermo, ha subrayado que lo m\u00e1s importante es que esta agencia sea independiente para poder hacer lo que le corresponde: \u00abponer luces y taqu\u00edgrafos en el debate sobre qu\u00e9 obras se deben hacer y cu\u00e1les no\u00bb.<\/p>\n<p>El secretario general de Fomento del Trabajo, Joan Pujol, ha considerado que ser\u00eda positivo que tambi\u00e9n existiera una agencia de este tipo a nivel estatal, y ha afirmado que propondr\u00e1 a la Ceoe que traslade la idea al Gobierno central.<\/p>\n","protected":false},"excerpt":{"rendered":"<p>Fomento del Trabajo ha propuesto este mi\u00e9rcoles la creaci\u00f3n de la Agencia de Infraestructuras de Catalu\u00f1a, independiente y de composici\u00f3n mixta p\u00fablico-privada, con el objetivo de \u00abconseguir un nuevo modelo de gesti\u00f3n\u00bb que incremente la transparencia, la participaci\u00f3n de la sociedad civil y haga una priorizaci\u00f3n objetiva de las obras. En rueda de prensa, el<\/p>\n","protected":false},"author":1,"featured_media":39466,"comment_status":"open","ping_status":"closed","sticky":false,"template":"","format":"standard","meta":{"footnotes":""},"categories":[224],"tags":[],"class_list":{"0":"post-39465","1":"post","2":"type-post","3":"status-publish","4":"format-standard","5":"has-post-thumbnail","7":"category-noticias-actualidad"},"aioseo_notices":[],"aioseo_head":"\n\t\t<!-- All in One SEO Pro 4.9.6.1 - aioseo.com -->\n\t<meta name=\"description\" content=\"Fomento del Trabajo ha propuesto este mi\u00e9rcoles la creaci\u00f3n de la Agencia de Infraestructuras de Catalu\u00f1a, independiente y de composici\u00f3n mixta p\u00fablico-privada, con el objetivo de &quot;conseguir un nuevo modelo de gesti\u00f3n&quot; que incremente la transparencia, la participaci\u00f3n de la sociedad civil y haga una priorizaci\u00f3n objetiva de las obras. En rueda de prensa, el\" \/>\n\t<meta name=\"robots\" content=\"max-image-preview:large\" \/>\n\t<meta name=\"author\" content=\"admin\"\/>\n\t<meta name=\"google-site-verification\" content=\"UA-38556648-1\" \/>\n\t<meta name=\"keywords\" content=\"noticias y actualidad\" \/>\n\t<link rel=\"canonical\" href=\"https:\/\/eldigitaldeasturias.com\/magazine365\/la-patronal-fomento-del-trabajo-propone-crear-una-agencia-de-infraestructuras-catalana-independiente-y-mixta\/\" \/>\n\t<meta name=\"generator\" content=\"All in One SEO Pro (AIOSEO) 4.9.6.1\" \/>\n\t\t<meta property=\"og:locale\" content=\"es_ES\" \/>\n\t\t<meta property=\"og:site_name\" content=\"El Digital de Asturias \u2013 Revista de ocio, turismo y estilo de vida\" \/>\n\t\t<meta property=\"og:type\" content=\"article\" \/>\n\t\t<meta property=\"og:title\" content=\"La patronal Fomento del Trabajo propone crear una Agencia de Infraestructuras catalana independiente y mixta | El Digital de Asturias\" \/>\n\t\t<meta property=\"og:description\" content=\"Fomento del Trabajo ha propuesto este mi\u00e9rcoles la creaci\u00f3n de la Agencia de Infraestructuras de Catalu\u00f1a, independiente y de composici\u00f3n mixta p\u00fablico-privada, con el objetivo de &quot;conseguir un nuevo modelo de gesti\u00f3n&quot; que incremente la transparencia, la participaci\u00f3n de la sociedad civil y haga una priorizaci\u00f3n objetiva de las obras. En rueda de prensa, el\" \/>\n\t\t<meta property=\"og:url\" content=\"https:\/\/eldigitaldeasturias.com\/magazine365\/la-patronal-fomento-del-trabajo-propone-crear-una-agencia-de-infraestructuras-catalana-independiente-y-mixta\/\" \/>\n\t\t<meta property=\"og:image\" content=\"https:\/\/eldigitaldeasturias.com\/magazine365\/wp-content\/uploads\/2015\/06\/fotonoticia_20150610132544_800.jpg\" \/>\n\t\t<meta property=\"og:image:secure_url\" content=\"https:\/\/eldigitaldeasturias.com\/magazine365\/wp-content\/uploads\/2015\/06\/fotonoticia_20150610132544_800.jpg\" \/>\n\t\t<meta property=\"og:image:width\" content=\"800\" \/>\n\t\t<meta property=\"og:image:height\" content=\"600\" \/>\n\t\t<meta property=\"article:published_time\" content=\"2015-06-11T03:42:19+00:00\" \/>\n\t\t<meta property=\"article:modified_time\" content=\"2015-06-11T03:42:19+00:00\" \/>\n\t\t<meta name=\"twitter:card\" content=\"summary_large_image\" \/>\n\t\t<meta name=\"twitter:title\" content=\"La patronal Fomento del Trabajo propone crear una Agencia de Infraestructuras catalana independiente y mixta | El Digital de Asturias\" \/>\n\t\t<meta name=\"twitter:description\" content=\"Fomento del Trabajo ha propuesto este mi\u00e9rcoles la creaci\u00f3n de la Agencia de Infraestructuras de Catalu\u00f1a, independiente y de composici\u00f3n mixta p\u00fablico-privada, con el objetivo de &quot;conseguir un nuevo modelo de gesti\u00f3n&quot; que incremente la transparencia, la participaci\u00f3n de la sociedad civil y haga una priorizaci\u00f3n objetiva de las obras. En rueda de prensa, el\" \/>\n\t\t<meta name=\"twitter:image\" content=\"https:\/\/eldigitaldeasturias.com\/magazine365\/wp-content\/uploads\/2015\/06\/fotonoticia_20150610132544_800.jpg\" \/>\n\t\t<script type=\"application\/ld+json\" class=\"aioseo-schema\">\n\t\t\t{\"@context\":\"https:\\\/\\\/schema.org\",\"@graph\":[{\"@type\":\"Article\",\"@id\":\"https:\\\/\\\/eldigitaldeasturias.com\\\/magazine365\\\/la-patronal-fomento-del-trabajo-propone-crear-una-agencia-de-infraestructuras-catalana-independiente-y-mixta\\\/#article\",\"name\":\"La patronal Fomento del Trabajo propone crear una Agencia de Infraestructuras catalana independiente y mixta | El Digital de Asturias\",\"headline\":\"La patronal Fomento del Trabajo propone crear una Agencia de Infraestructuras catalana independiente y mixta\",\"author\":{\"@id\":\"https:\\\/\\\/eldigitaldeasturias.com\\\/magazine365\\\/author\\\/admin\\\/#author\"},\"publisher\":{\"@id\":\"https:\\\/\\\/eldigitaldeasturias.com\\\/magazine365\\\/#organization\"},\"image\":{\"@type\":\"ImageObject\",\"url\":\"https:\\\/\\\/eldigitaldeasturias.com\\\/magazine365\\\/wp-content\\\/uploads\\\/2015\\\/06\\\/fotonoticia_20150610132544_800.jpg\",\"width\":800,\"height\":600},\"datePublished\":\"2015-06-11T05:12:19+02:00\",\"dateModified\":\"2015-06-11T05:12:19+02:00\",\"inLanguage\":\"es-ES\",\"mainEntityOfPage\":{\"@id\":\"https:\\\/\\\/eldigitaldeasturias.com\\\/magazine365\\\/la-patronal-fomento-del-trabajo-propone-crear-una-agencia-de-infraestructuras-catalana-independiente-y-mixta\\\/#webpage\"},\"isPartOf\":{\"@id\":\"https:\\\/\\\/eldigitaldeasturias.com\\\/magazine365\\\/la-patronal-fomento-del-trabajo-propone-crear-una-agencia-de-infraestructuras-catalana-independiente-y-mixta\\\/#webpage\"},\"articleSection\":\"Noticias y Actualidad\"},{\"@type\":\"BreadcrumbList\",\"@id\":\"https:\\\/\\\/eldigitaldeasturias.com\\\/magazine365\\\/la-patronal-fomento-del-trabajo-propone-crear-una-agencia-de-infraestructuras-catalana-independiente-y-mixta\\\/#breadcrumblist\",\"itemListElement\":[{\"@type\":\"ListItem\",\"@id\":\"https:\\\/\\\/eldigitaldeasturias.com\\\/magazine365#listItem\",\"position\":1,\"name\":\"Home\",\"item\":\"https:\\\/\\\/eldigitaldeasturias.com\\\/magazine365\",\"nextItem\":{\"@type\":\"ListItem\",\"@id\":\"https:\\\/\\\/eldigitaldeasturias.com\\\/magazine365\\\/category\\\/noticias-actualidad\\\/#listItem\",\"name\":\"Noticias y Actualidad\"}},{\"@type\":\"ListItem\",\"@id\":\"https:\\\/\\\/eldigitaldeasturias.com\\\/magazine365\\\/category\\\/noticias-actualidad\\\/#listItem\",\"position\":2,\"name\":\"Noticias y Actualidad\",\"item\":\"https:\\\/\\\/eldigitaldeasturias.com\\\/magazine365\\\/category\\\/noticias-actualidad\\\/\",\"nextItem\":{\"@type\":\"ListItem\",\"@id\":\"https:\\\/\\\/eldigitaldeasturias.com\\\/magazine365\\\/la-patronal-fomento-del-trabajo-propone-crear-una-agencia-de-infraestructuras-catalana-independiente-y-mixta\\\/#listItem\",\"name\":\"La patronal Fomento del Trabajo propone crear una Agencia de Infraestructuras catalana independiente y mixta\"},\"previousItem\":{\"@type\":\"ListItem\",\"@id\":\"https:\\\/\\\/eldigitaldeasturias.com\\\/magazine365#listItem\",\"name\":\"Home\"}},{\"@type\":\"ListItem\",\"@id\":\"https:\\\/\\\/eldigitaldeasturias.com\\\/magazine365\\\/la-patronal-fomento-del-trabajo-propone-crear-una-agencia-de-infraestructuras-catalana-independiente-y-mixta\\\/#listItem\",\"position\":3,\"name\":\"La patronal Fomento del Trabajo propone crear una Agencia de Infraestructuras catalana independiente y mixta\",\"previousItem\":{\"@type\":\"ListItem\",\"@id\":\"https:\\\/\\\/eldigitaldeasturias.com\\\/magazine365\\\/category\\\/noticias-actualidad\\\/#listItem\",\"name\":\"Noticias y Actualidad\"}}]},{\"@type\":\"Organization\",\"@id\":\"https:\\\/\\\/eldigitaldeasturias.com\\\/magazine365\\\/#organization\",\"name\":\"El digital de Asturias\",\"description\":\"Revista de ocio, turismo y estilo de vida\",\"url\":\"https:\\\/\\\/eldigitaldeasturias.com\\\/magazine365\\\/\",\"logo\":{\"@type\":\"ImageObject\",\"url\":\"https:\\\/\\\/www.eldigitaldeasturias.com\\\/noticias\\\/wp-content\\\/uploads\\\/2020\\\/12\\\/EDA.jpg\",\"@id\":\"https:\\\/\\\/eldigitaldeasturias.com\\\/magazine365\\\/la-patronal-fomento-del-trabajo-propone-crear-una-agencia-de-infraestructuras-catalana-independiente-y-mixta\\\/#organizationLogo\"},\"image\":{\"@id\":\"https:\\\/\\\/eldigitaldeasturias.com\\\/magazine365\\\/la-patronal-fomento-del-trabajo-propone-crear-una-agencia-de-infraestructuras-catalana-independiente-y-mixta\\\/#organizationLogo\"}},{\"@type\":\"Person\",\"@id\":\"https:\\\/\\\/eldigitaldeasturias.com\\\/magazine365\\\/author\\\/admin\\\/#author\",\"url\":\"https:\\\/\\\/eldigitaldeasturias.com\\\/magazine365\\\/author\\\/admin\\\/\",\"name\":\"admin\",\"image\":{\"@type\":\"ImageObject\",\"@id\":\"https:\\\/\\\/eldigitaldeasturias.com\\\/magazine365\\\/la-patronal-fomento-del-trabajo-propone-crear-una-agencia-de-infraestructuras-catalana-independiente-y-mixta\\\/#authorImage\",\"url\":\"https:\\\/\\\/eldigitaldeasturias.com\\\/magazine365\\\/wp-content\\\/litespeed\\\/avatar\\\/e571bcf59a0edd6fa6838245a470f2fe.jpg?ver=1776969259\",\"width\":96,\"height\":96,\"caption\":\"admin\"}},{\"@type\":\"WebPage\",\"@id\":\"https:\\\/\\\/eldigitaldeasturias.com\\\/magazine365\\\/la-patronal-fomento-del-trabajo-propone-crear-una-agencia-de-infraestructuras-catalana-independiente-y-mixta\\\/#webpage\",\"url\":\"https:\\\/\\\/eldigitaldeasturias.com\\\/magazine365\\\/la-patronal-fomento-del-trabajo-propone-crear-una-agencia-de-infraestructuras-catalana-independiente-y-mixta\\\/\",\"name\":\"La patronal Fomento del Trabajo propone crear una Agencia de Infraestructuras catalana independiente y mixta | El Digital de Asturias\",\"description\":\"Fomento del Trabajo ha propuesto este mi\\u00e9rcoles la creaci\\u00f3n de la Agencia de Infraestructuras de Catalu\\u00f1a, independiente y de composici\\u00f3n mixta p\\u00fablico-privada, con el objetivo de \\\"conseguir un nuevo modelo de gesti\\u00f3n\\\" que incremente la transparencia, la participaci\\u00f3n de la sociedad civil y haga una priorizaci\\u00f3n objetiva de las obras. En rueda de prensa, el\",\"inLanguage\":\"es-ES\",\"isPartOf\":{\"@id\":\"https:\\\/\\\/eldigitaldeasturias.com\\\/magazine365\\\/#website\"},\"breadcrumb\":{\"@id\":\"https:\\\/\\\/eldigitaldeasturias.com\\\/magazine365\\\/la-patronal-fomento-del-trabajo-propone-crear-una-agencia-de-infraestructuras-catalana-independiente-y-mixta\\\/#breadcrumblist\"},\"author\":{\"@id\":\"https:\\\/\\\/eldigitaldeasturias.com\\\/magazine365\\\/author\\\/admin\\\/#author\"},\"creator\":{\"@id\":\"https:\\\/\\\/eldigitaldeasturias.com\\\/magazine365\\\/author\\\/admin\\\/#author\"},\"image\":{\"@type\":\"ImageObject\",\"url\":\"https:\\\/\\\/eldigitaldeasturias.com\\\/magazine365\\\/wp-content\\\/uploads\\\/2015\\\/06\\\/fotonoticia_20150610132544_800.jpg\",\"@id\":\"https:\\\/\\\/eldigitaldeasturias.com\\\/magazine365\\\/la-patronal-fomento-del-trabajo-propone-crear-una-agencia-de-infraestructuras-catalana-independiente-y-mixta\\\/#mainImage\",\"width\":800,\"height\":600},\"primaryImageOfPage\":{\"@id\":\"https:\\\/\\\/eldigitaldeasturias.com\\\/magazine365\\\/la-patronal-fomento-del-trabajo-propone-crear-una-agencia-de-infraestructuras-catalana-independiente-y-mixta\\\/#mainImage\"},\"datePublished\":\"2015-06-11T05:12:19+02:00\",\"dateModified\":\"2015-06-11T05:12:19+02:00\"},{\"@type\":\"WebSite\",\"@id\":\"https:\\\/\\\/eldigitaldeasturias.com\\\/magazine365\\\/#website\",\"url\":\"https:\\\/\\\/eldigitaldeasturias.com\\\/magazine365\\\/\",\"name\":\"El Digital de Asturias\",\"description\":\"Revista de ocio, turismo y estilo de vida\",\"inLanguage\":\"es-ES\",\"publisher\":{\"@id\":\"https:\\\/\\\/eldigitaldeasturias.com\\\/magazine365\\\/#organization\"}}]}\n\t\t<\/script>\n\t\t<!-- All in One SEO Pro -->\r\n\t\t<title>La patronal Fomento del Trabajo propone crear una Agencia de Infraestructuras catalana independiente y mixta | El Digital de Asturias<\/title>\n\n","aioseo_head_json":{"title":"La patronal Fomento del Trabajo propone crear una Agencia de Infraestructuras catalana independiente y mixta | El Digital de Asturias","description":"Fomento del Trabajo ha propuesto este mi\u00e9rcoles la creaci\u00f3n de la Agencia de Infraestructuras de Catalu\u00f1a, independiente y de composici\u00f3n mixta p\u00fablico-privada, con el objetivo de \"conseguir un nuevo modelo de gesti\u00f3n\" que incremente la transparencia, la participaci\u00f3n de la sociedad civil y haga una priorizaci\u00f3n objetiva de las obras. En rueda de prensa, el","canonical_url":"https:\/\/eldigitaldeasturias.com\/magazine365\/la-patronal-fomento-del-trabajo-propone-crear-una-agencia-de-infraestructuras-catalana-independiente-y-mixta\/","robots":"max-image-preview:large","keywords":"noticias y actualidad","webmasterTools":{"google-site-verification":"UA-38556648-1","miscellaneous":""},"schema":{"@context":"https:\/\/schema.org","@graph":[{"@type":"Article","@id":"https:\/\/eldigitaldeasturias.com\/magazine365\/la-patronal-fomento-del-trabajo-propone-crear-una-agencia-de-infraestructuras-catalana-independiente-y-mixta\/#article","name":"La patronal Fomento del Trabajo propone crear una Agencia de Infraestructuras catalana independiente y mixta | El Digital de Asturias","headline":"La patronal Fomento del Trabajo propone crear una Agencia de Infraestructuras catalana independiente y mixta","author":{"@id":"https:\/\/eldigitaldeasturias.com\/magazine365\/author\/admin\/#author"},"publisher":{"@id":"https:\/\/eldigitaldeasturias.com\/magazine365\/#organization"},"image":{"@type":"ImageObject","url":"https:\/\/eldigitaldeasturias.com\/magazine365\/wp-content\/uploads\/2015\/06\/fotonoticia_20150610132544_800.jpg","width":800,"height":600},"datePublished":"2015-06-11T05:12:19+02:00","dateModified":"2015-06-11T05:12:19+02:00","inLanguage":"es-ES","mainEntityOfPage":{"@id":"https:\/\/eldigitaldeasturias.com\/magazine365\/la-patronal-fomento-del-trabajo-propone-crear-una-agencia-de-infraestructuras-catalana-independiente-y-mixta\/#webpage"},"isPartOf":{"@id":"https:\/\/eldigitaldeasturias.com\/magazine365\/la-patronal-fomento-del-trabajo-propone-crear-una-agencia-de-infraestructuras-catalana-independiente-y-mixta\/#webpage"},"articleSection":"Noticias y Actualidad"},{"@type":"BreadcrumbList","@id":"https:\/\/eldigitaldeasturias.com\/magazine365\/la-patronal-fomento-del-trabajo-propone-crear-una-agencia-de-infraestructuras-catalana-independiente-y-mixta\/#breadcrumblist","itemListElement":[{"@type":"ListItem","@id":"https:\/\/eldigitaldeasturias.com\/magazine365#listItem","position":1,"name":"Home","item":"https:\/\/eldigitaldeasturias.com\/magazine365","nextItem":{"@type":"ListItem","@id":"https:\/\/eldigitaldeasturias.com\/magazine365\/category\/noticias-actualidad\/#listItem","name":"Noticias y Actualidad"}},{"@type":"ListItem","@id":"https:\/\/eldigitaldeasturias.com\/magazine365\/category\/noticias-actualidad\/#listItem","position":2,"name":"Noticias y Actualidad","item":"https:\/\/eldigitaldeasturias.com\/magazine365\/category\/noticias-actualidad\/","nextItem":{"@type":"ListItem","@id":"https:\/\/eldigitaldeasturias.com\/magazine365\/la-patronal-fomento-del-trabajo-propone-crear-una-agencia-de-infraestructuras-catalana-independiente-y-mixta\/#listItem","name":"La patronal Fomento del Trabajo propone crear una Agencia de Infraestructuras catalana independiente y mixta"},"previousItem":{"@type":"ListItem","@id":"https:\/\/eldigitaldeasturias.com\/magazine365#listItem","name":"Home"}},{"@type":"ListItem","@id":"https:\/\/eldigitaldeasturias.com\/magazine365\/la-patronal-fomento-del-trabajo-propone-crear-una-agencia-de-infraestructuras-catalana-independiente-y-mixta\/#listItem","position":3,"name":"La patronal Fomento del Trabajo propone crear una Agencia de Infraestructuras catalana independiente y mixta","previousItem":{"@type":"ListItem","@id":"https:\/\/eldigitaldeasturias.com\/magazine365\/category\/noticias-actualidad\/#listItem","name":"Noticias y Actualidad"}}]},{"@type":"Organization","@id":"https:\/\/eldigitaldeasturias.com\/magazine365\/#organization","name":"El digital de Asturias","description":"Revista de ocio, turismo y estilo de vida","url":"https:\/\/eldigitaldeasturias.com\/magazine365\/","logo":{"@type":"ImageObject","url":"https:\/\/www.eldigitaldeasturias.com\/noticias\/wp-content\/uploads\/2020\/12\/EDA.jpg","@id":"https:\/\/eldigitaldeasturias.com\/magazine365\/la-patronal-fomento-del-trabajo-propone-crear-una-agencia-de-infraestructuras-catalana-independiente-y-mixta\/#organizationLogo"},"image":{"@id":"https:\/\/eldigitaldeasturias.com\/magazine365\/la-patronal-fomento-del-trabajo-propone-crear-una-agencia-de-infraestructuras-catalana-independiente-y-mixta\/#organizationLogo"}},{"@type":"Person","@id":"https:\/\/eldigitaldeasturias.com\/magazine365\/author\/admin\/#author","url":"https:\/\/eldigitaldeasturias.com\/magazine365\/author\/admin\/","name":"admin","image":{"@type":"ImageObject","@id":"https:\/\/eldigitaldeasturias.com\/magazine365\/la-patronal-fomento-del-trabajo-propone-crear-una-agencia-de-infraestructuras-catalana-independiente-y-mixta\/#authorImage","url":"https:\/\/eldigitaldeasturias.com\/magazine365\/wp-content\/litespeed\/avatar\/e571bcf59a0edd6fa6838245a470f2fe.jpg?ver=1776969259","width":96,"height":96,"caption":"admin"}},{"@type":"WebPage","@id":"https:\/\/eldigitaldeasturias.com\/magazine365\/la-patronal-fomento-del-trabajo-propone-crear-una-agencia-de-infraestructuras-catalana-independiente-y-mixta\/#webpage","url":"https:\/\/eldigitaldeasturias.com\/magazine365\/la-patronal-fomento-del-trabajo-propone-crear-una-agencia-de-infraestructuras-catalana-independiente-y-mixta\/","name":"La patronal Fomento del Trabajo propone crear una Agencia de Infraestructuras catalana independiente y mixta | El Digital de Asturias","description":"Fomento del Trabajo ha propuesto este mi\u00e9rcoles la creaci\u00f3n de la Agencia de Infraestructuras de Catalu\u00f1a, independiente y de composici\u00f3n mixta p\u00fablico-privada, con el objetivo de \"conseguir un nuevo modelo de gesti\u00f3n\" que incremente la transparencia, la participaci\u00f3n de la sociedad civil y haga una priorizaci\u00f3n objetiva de las obras. En rueda de prensa, el","inLanguage":"es-ES","isPartOf":{"@id":"https:\/\/eldigitaldeasturias.com\/magazine365\/#website"},"breadcrumb":{"@id":"https:\/\/eldigitaldeasturias.com\/magazine365\/la-patronal-fomento-del-trabajo-propone-crear-una-agencia-de-infraestructuras-catalana-independiente-y-mixta\/#breadcrumblist"},"author":{"@id":"https:\/\/eldigitaldeasturias.com\/magazine365\/author\/admin\/#author"},"creator":{"@id":"https:\/\/eldigitaldeasturias.com\/magazine365\/author\/admin\/#author"},"image":{"@type":"ImageObject","url":"https:\/\/eldigitaldeasturias.com\/magazine365\/wp-content\/uploads\/2015\/06\/fotonoticia_20150610132544_800.jpg","@id":"https:\/\/eldigitaldeasturias.com\/magazine365\/la-patronal-fomento-del-trabajo-propone-crear-una-agencia-de-infraestructuras-catalana-independiente-y-mixta\/#mainImage","width":800,"height":600},"primaryImageOfPage":{"@id":"https:\/\/eldigitaldeasturias.com\/magazine365\/la-patronal-fomento-del-trabajo-propone-crear-una-agencia-de-infraestructuras-catalana-independiente-y-mixta\/#mainImage"},"datePublished":"2015-06-11T05:12:19+02:00","dateModified":"2015-06-11T05:12:19+02:00"},{"@type":"WebSite","@id":"https:\/\/eldigitaldeasturias.com\/magazine365\/#website","url":"https:\/\/eldigitaldeasturias.com\/magazine365\/","name":"El Digital de Asturias","description":"Revista de ocio, turismo y estilo de vida","inLanguage":"es-ES","publisher":{"@id":"https:\/\/eldigitaldeasturias.com\/magazine365\/#organization"}}]},"og:locale":"es_ES","og:site_name":"El Digital de Asturias \u2013 Revista de ocio, turismo y estilo de vida","og:type":"article","og:title":"La patronal Fomento del Trabajo propone crear una Agencia de Infraestructuras catalana independiente y mixta | El Digital de Asturias","og:description":"Fomento del Trabajo ha propuesto este mi\u00e9rcoles la creaci\u00f3n de la Agencia de Infraestructuras de Catalu\u00f1a, independiente y de composici\u00f3n mixta p\u00fablico-privada, con el objetivo de &quot;conseguir un nuevo modelo de gesti\u00f3n&quot; que incremente la transparencia, la participaci\u00f3n de la sociedad civil y haga una priorizaci\u00f3n objetiva de las obras. En rueda de prensa, el","og:url":"https:\/\/eldigitaldeasturias.com\/magazine365\/la-patronal-fomento-del-trabajo-propone-crear-una-agencia-de-infraestructuras-catalana-independiente-y-mixta\/","og:image":"https:\/\/eldigitaldeasturias.com\/magazine365\/wp-content\/uploads\/2015\/06\/fotonoticia_20150610132544_800.jpg","og:image:secure_url":"https:\/\/eldigitaldeasturias.com\/magazine365\/wp-content\/uploads\/2015\/06\/fotonoticia_20150610132544_800.jpg","og:image:width":800,"og:image:height":600,"article:published_time":"2015-06-11T03:42:19+00:00","article:modified_time":"2015-06-11T03:42:19+00:00","twitter:card":"summary_large_image","twitter:title":"La patronal Fomento del Trabajo propone crear una Agencia de Infraestructuras catalana independiente y mixta | El Digital de Asturias","twitter:description":"Fomento del Trabajo ha propuesto este mi\u00e9rcoles la creaci\u00f3n de la Agencia de Infraestructuras de Catalu\u00f1a, independiente y de composici\u00f3n mixta p\u00fablico-privada, con el objetivo de &quot;conseguir un nuevo modelo de gesti\u00f3n&quot; que incremente la transparencia, la participaci\u00f3n de la sociedad civil y haga una priorizaci\u00f3n objetiva de las obras. En rueda de prensa, el","twitter:image":"https:\/\/eldigitaldeasturias.com\/magazine365\/wp-content\/uploads\/2015\/06\/fotonoticia_20150610132544_800.jpg"},"aioseo_meta_data":{"post_id":"39465","title":null,"description":null,"keywords":null,"keyphrases":null,"primary_term":null,"canonical_url":null,"og_title":null,"og_description":null,"og_object_type":"default","og_image_type":"default","og_image_url":null,"og_image_width":null,"og_image_height":null,"og_image_custom_url":null,"og_image_custom_fields":null,"og_video":null,"og_custom_url":null,"og_article_section":null,"og_article_tags":null,"twitter_use_og":false,"twitter_card":"default","twitter_image_type":"default","twitter_image_url":null,"twitter_image_custom_url":null,"twitter_image_custom_fields":null,"twitter_title":null,"twitter_description":null,"schema":{"blockGraphs":[],"customGraphs":[],"default":{"data":{"Article":[],"Course":[],"Dataset":[],"FAQPage":[],"Movie":[],"Person":[],"Product":[],"ProductReview":[],"Car":[],"Recipe":[],"Service":[],"SoftwareApplication":[],"WebPage":[]},"graphName":"","isEnabled":true},"graphs":[],"defaultGraph":"","defaultPostTypeGraph":""},"schema_type":null,"schema_type_options":null,"pillar_content":false,"robots_default":true,"robots_noindex":false,"robots_noarchive":false,"robots_nosnippet":false,"robots_nofollow":false,"robots_noimageindex":false,"robots_noodp":false,"robots_notranslate":false,"robots_max_snippet":null,"robots_max_videopreview":null,"robots_max_imagepreview":"large","priority":null,"frequency":null,"location":null,"local_seo":null,"seo_analyzer_scan_date":"2025-09-19 11:42:01","breadcrumb_settings":null,"limit_modified_date":false,"open_ai":null,"ai":null,"created":"2021-03-09 02:40:52","updated":"2025-09-19 11:42:01"},"aioseo_breadcrumb":"<div class=\"aioseo-breadcrumbs\"><span class=\"aioseo-breadcrumb\">\n\t<a href=\"https:\/\/eldigitaldeasturias.com\/magazine365\" title=\"Home\">Home<\/a>\n<\/span><span class=\"aioseo-breadcrumb-separator\">\u2013<\/span><span class=\"aioseo-breadcrumb\">\n\t<a href=\"https:\/\/eldigitaldeasturias.com\/magazine365\/category\/noticias-actualidad\/\" title=\"Noticias y Actualidad\">Noticias y Actualidad<\/a>\n<\/span><span class=\"aioseo-breadcrumb-separator\">\u2013<\/span><span class=\"aioseo-breadcrumb\">\n\t<a href=\"https:\/\/eldigitaldeasturias.com\/magazine365\/la-patronal-fomento-del-trabajo-propone-crear-una-agencia-de-infraestructuras-catalana-independiente-y-mixta\/\" title=\"La patronal Fomento del Trabajo propone crear una Agencia de Infraestructuras catalana independiente y mixta\">La patronal Fomento del Trabajo propone crear una Agencia de Infraestructuras catalana independiente y mixta<\/a>\n<\/span><\/div>","aioseo_breadcrumb_json":[{"label":"Home","link":"https:\/\/eldigitaldeasturias.com\/magazine365"},{"label":"Noticias y Actualidad","link":"https:\/\/eldigitaldeasturias.com\/magazine365\/category\/noticias-actualidad\/"},{"label":"La patronal Fomento del Trabajo propone crear una Agencia de Infraestructuras catalana independiente y mixta","link":"https:\/\/eldigitaldeasturias.com\/magazine365\/la-patronal-fomento-del-trabajo-propone-crear-una-agencia-de-infraestructuras-catalana-independiente-y-mixta\/"}],"_links":{"self":[{"href":"https:\/\/eldigitaldeasturias.com\/magazine365\/wp-json\/wp\/v2\/posts\/39465","targetHints":{"allow":["GET"]}}],"collection":[{"href":"https:\/\/eldigitaldeasturias.com\/magazine365\/wp-json\/wp\/v2\/posts"}],"about":[{"href":"https:\/\/eldigitaldeasturias.com\/magazine365\/wp-json\/wp\/v2\/types\/post"}],"author":[{"embeddable":true,"href":"https:\/\/eldigitaldeasturias.com\/magazine365\/wp-json\/wp\/v2\/users\/1"}],"replies":[{"embeddable":true,"href":"https:\/\/eldigitaldeasturias.com\/magazine365\/wp-json\/wp\/v2\/comments?post=39465"}],"version-history":[{"count":0,"href":"https:\/\/eldigitaldeasturias.com\/magazine365\/wp-json\/wp\/v2\/posts\/39465\/revisions"}],"wp:featuredmedia":[{"embeddable":true,"href":"https:\/\/eldigitaldeasturias.com\/magazine365\/wp-json\/wp\/v2\/media\/39466"}],"wp:attachment":[{"href":"https:\/\/eldigitaldeasturias.com\/magazine365\/wp-json\/wp\/v2\/media?parent=39465"}],"wp:term":[{"taxonomy":"category","embeddable":true,"href":"https:\/\/eldigitaldeasturias.com\/magazine365\/wp-json\/wp\/v2\/categories?post=39465"},{"taxonomy":"post_tag","embeddable":true,"href":"https:\/\/eldigitaldeasturias.com\/magazine365\/wp-json\/wp\/v2\/tags?post=39465"}],"curies":[{"name":"wp","href":"https:\/\/api.w.org\/{rel}","templated":true}]}}