{"id":39462,"date":"2015-06-11T05:11:18","date_gmt":"2015-06-11T03:41:18","guid":{"rendered":"http:\/\/eldigitaldeasturias.com\/magazine365\/?p=39462"},"modified":"2015-06-11T05:11:18","modified_gmt":"2015-06-11T03:41:18","slug":"la-region-recibio-durante-el-primer-cuatrimestre-de-2015-la-visita-de-384-116-viajeros","status":"publish","type":"post","link":"https:\/\/eldigitaldeasturias.com\/magazine365\/la-region-recibio-durante-el-primer-cuatrimestre-de-2015-la-visita-de-384-116-viajeros\/","title":{"rendered":"La Regi\u00f3n recibi\u00f3 durante el primer cuatrimestre de 2015 la visita de 384.116 viajeros"},"content":{"rendered":"<p><img fetchpriority=\"high\" decoding=\"async\" class=\"alignleft size-medium wp-image-39463\" src=\"https:\/\/eldigitaldeasturias.com\/magazine365\/wp-content\/uploads\/2015\/06\/fotonoticia_20150610132443_800-360x240.jpg\" alt=\"fotonoticia_20150610132443_800\" width=\"360\" height=\"240\" srcset=\"https:\/\/eldigitaldeasturias.com\/magazine365\/wp-content\/uploads\/2015\/06\/fotonoticia_20150610132443_800-360x240.jpg 360w, https:\/\/eldigitaldeasturias.com\/magazine365\/wp-content\/uploads\/2015\/06\/fotonoticia_20150610132443_800-650x433.jpg 650w, https:\/\/eldigitaldeasturias.com\/magazine365\/wp-content\/uploads\/2015\/06\/fotonoticia_20150610132443_800-768x512.jpg 768w, https:\/\/eldigitaldeasturias.com\/magazine365\/wp-content\/uploads\/2015\/06\/fotonoticia_20150610132443_800-150x100.jpg 150w, https:\/\/eldigitaldeasturias.com\/magazine365\/wp-content\/uploads\/2015\/06\/fotonoticia_20150610132443_800-450x300.jpg 450w, https:\/\/eldigitaldeasturias.com\/magazine365\/wp-content\/uploads\/2015\/06\/fotonoticia_20150610132443_800-696x464.jpg 696w, https:\/\/eldigitaldeasturias.com\/magazine365\/wp-content\/uploads\/2015\/06\/fotonoticia_20150610132443_800-630x420.jpg 630w, https:\/\/eldigitaldeasturias.com\/magazine365\/wp-content\/uploads\/2015\/06\/fotonoticia_20150610132443_800-84x55.jpg 84w, https:\/\/eldigitaldeasturias.com\/magazine365\/wp-content\/uploads\/2015\/06\/fotonoticia_20150610132443_800.jpg 800w\" sizes=\"(max-width: 360px) 100vw, 360px\" \/>La Regi\u00f3n recibi\u00f3 durante el primer cuatrimestre de 2015 la visita de 384.116 viajeros que se alojaron en el conjunto de alojamientos tur\u00edsticos de la Regi\u00f3n, tanto hoteleros como extrahoteleros, lo que supuso un incremento del 4,4 por ciento respecto al mismo periodo de 2014.<\/p>\n<p>As\u00ed lo ha destacado el director del Instituto de Turismo, Manuel Fern\u00e1ndez-Delgado, quien ha a\u00f1adido que esto \u00absupone 16.273 viajeros m\u00e1s que hace un a\u00f1o\u00bb. Igualmente, ha indicado que entre enero y abril se registraron 1.356.633 pernoctaciones, \u00ablo que representa un incremento del 2,8 por ciento y 36.851 pernoctaciones m\u00e1s que en el mismo periodo de 2014\u00bb.<\/p>\n<p>Fern\u00e1ndez-Delgado ha explicado que, en concreto, los establecimientos hoteleros de la Regi\u00f3n alojaron a 322.244 viajeros en este primer cuatrimestre, lo que representa un aumento del 3,1 por ciento (5,8 por ciento en Espa\u00f1a); mientras que las pernoctaciones, que alcanzaron las 767.153, aumentaron un 7,3 por ciento, frente al 3,5 por ciento nacional.<\/p>\n<p>Por otra parte, los alojamientos extrahoteleros (turismo rural, apartamentos y c\u00e1mpings) \u00abregistraron durante este periodo 61.872 viajeros, un 11,7 por ciento m\u00e1s que en el a\u00f1o anterior y un porcentaje que sit\u00faa a la Regi\u00f3n muy por encima de la media nacional del 7,5 por ciento\u00bb, ha manifestado el director del Instituto de Turismo.<\/p>\n<p>Dentro de los alojamientos extrahoteleros, los rurales registraron 10.088 viajeros, lo que supone un 30,7 por ciento m\u00e1s que el mismo periodo de 2014 (casi el doble del 16,3 por ciento nacional). \u00abLas pernoctaciones en este tipo de alojamiento aumentaron un 39,9 por ciento frente al 14,6 por ciento nacional\u00bb, ha se\u00f1alado el director del Instituto de Turismo.<\/p>\n<p>Los apartamentos tur\u00edsticos regionales, por otro lado, recibieron durante el primer cuatrimestre del a\u00f1o 22.963 viajeros, un 26,1 por ciento m\u00e1s que en 2014 y muy por encima del crecimiento nacional, que fue el de 4,5 por ciento. Se registraron 157.744 pernoctaciones, 1,1 por ciento m\u00e1s que hace un a\u00f1o (-1,4 por ciento en el conjunto del pa\u00eds).<\/p>\n<p>En cuanto a los c\u00e1mpings, registraron 28.871 viajeros entre los meses de enero y abril, un 2,1 por ciento menos que en 2014, mientras que las pernoctaciones generadas fueron 411.467, lo que tambi\u00e9n supuso un descenso del 5,3 por ciento. \u00abCabe destacar, no obstante, que la Regi\u00f3n de Murcia fue en abril la comunidad con una mayor estancia en sus c\u00e1mpings, con 7,7 d\u00edas de media\u00bb, ha apuntado Manuel Fern\u00e1ndez-Delgado.<\/p>\n<p>CRUCEROS<\/p>\n<p>Durante el primer cuatrimestre del a\u00f1o han arribado al Puerto de Cartagena un total de 23 cruceros, frente a los 16 del a\u00f1o pasado, con un pasaje de 25.670 cruceristas, lo que representa un 69,2 por ciento m\u00e1s que la registrada en el mismo periodo de 2014.<\/p>\n<p>Adem\u00e1s, \u00abla Regi\u00f3n de Murcia recibi\u00f3 durante este periodo 195.106 turistas extranjeros, lo que supone un 5,9 por ciento m\u00e1s que en 2014 y la segunda mejor cifra de afluencia de turismo internacional de la serie hist\u00f3rica para un primer cuatrimestre, muy cerca del mejor registro, que fue en 2009 con 203.894 turistas extranjeros\u00bb, ha explicado el director del Instituto de Turismo.<\/p>\n<p>Respecto a la procedencia del turismo extranjero, Fern\u00e1ndez-Delgado ha explicado que \u00abReino Unido fue el principal pa\u00eds emisor de turismo extranjero hacia la Regi\u00f3n, al aportar el 46 por ciento del total y con un crecimiento respecto al a\u00f1o anterior del 10,5 por ciento. Los pa\u00edses n\u00f3rdicos ocupan el segundo lugar, con una cuota del 13 por ciento, y Francia el tercero, con un peso del 9,7 por ciento\u00bb.<\/p>\n<p>El gasto medio diario de los turistas extranjeros alcanz\u00f3 los 89,35 euros, lo que representa un incremento respecto a 2014 de un 7,6 por ciento. Durante el periodo total de su estancia, el turista extranjero gast\u00f3 en la Regi\u00f3n 951,46 euros. Estos viajeros estuvieron una media de 10,6 d\u00edas (por encima de la media nacional de 8,6 d\u00edas). \u00abCon estos datos, Murcia es la quinta comunidad con una duraci\u00f3n de la estancia m\u00e1s prolongada\u00bb, ha indicado el director del Instituto de Turismo.<\/p>\n<p>El gasto total que han realizado los turistas extranjeros en la Regi\u00f3n en el primer cuatrimestre del a\u00f1o creci\u00f3 un 1,4 por ciento respecto al a\u00f1o anterior hasta los 185,6 millones de euros, lo que supone la cifra m\u00e1s alta de gasto tur\u00edstico extranjero para un primer cuatrimestre en la Regi\u00f3n.<\/p>\n<p>2.500 EMPLEOS M\u00c1S EN EL SECTOR<\/p>\n<p>Finalmente, \u00aben el primer cuatrimestre de 2015 la afiliaci\u00f3n tur\u00edstica media en la Regi\u00f3n de Murcia fue de 34.386 trabajadores, lo que representa un crecimiento del 6,4 por ciento, frente a un aumento del 5,4 por ciento nacional\u00bb.<\/p>\n<p>De esta manera, ha a\u00f1adido Manuel Fern\u00e1ndez-Delgado, \u00abMurcia se sit\u00faa como la cuarta comunidad con una mayor tasa de crecimiento en la afiliaci\u00f3n en lo que va de a\u00f1o, tras Andaluc\u00eda, Baleares y la Comunidad Valenciana, superando a Catalu\u00f1a, Madrid y Canarias\u00bb.<\/p>\n<p>\u00abEste dato de los cuatro primeros meses de 2015 representa el mejor registro de afiliaci\u00f3n en el sector tur\u00edstico regional en la serie hist\u00f3rica anual para el primer cuatrimestre, con 34.387 afiliados, 2.542 empleos m\u00e1s que la media de los \u00faltimos nueve a\u00f1os\u00bb, ha concluido el director del Instituto de Turismo.<\/p>\n","protected":false},"excerpt":{"rendered":"<p>La Regi\u00f3n recibi\u00f3 durante el primer cuatrimestre de 2015 la visita de 384.116 viajeros que se alojaron en el conjunto de alojamientos tur\u00edsticos de la Regi\u00f3n, tanto hoteleros como extrahoteleros, lo que supuso un incremento del 4,4 por ciento respecto al mismo periodo de 2014. As\u00ed lo ha destacado el director del Instituto de Turismo,<\/p>\n","protected":false},"author":1,"featured_media":39463,"comment_status":"open","ping_status":"closed","sticky":false,"template":"","format":"standard","meta":{"footnotes":""},"categories":[222],"tags":[],"class_list":{"0":"post-39462","1":"post","2":"type-post","3":"status-publish","4":"format-standard","5":"has-post-thumbnail","7":"category-actualidad-turismo"},"aioseo_notices":[],"aioseo_head":"\n\t\t<!-- All in One SEO Pro 4.9.6.1 - aioseo.com -->\n\t<meta name=\"description\" content=\"La Regi\u00f3n recibi\u00f3 durante el primer cuatrimestre de 2015 la visita de 384.116 viajeros que se alojaron en el conjunto de alojamientos tur\u00edsticos de la Regi\u00f3n, tanto hoteleros como extrahoteleros, lo que supuso un incremento del 4,4 por ciento respecto al mismo periodo de 2014. As\u00ed lo ha destacado el director del Instituto de Turismo,\" \/>\n\t<meta name=\"robots\" content=\"max-image-preview:large\" \/>\n\t<meta name=\"author\" content=\"admin\"\/>\n\t<meta name=\"google-site-verification\" content=\"UA-38556648-1\" \/>\n\t<meta name=\"keywords\" content=\"actualidad turismo\" \/>\n\t<link rel=\"canonical\" href=\"https:\/\/eldigitaldeasturias.com\/magazine365\/la-region-recibio-durante-el-primer-cuatrimestre-de-2015-la-visita-de-384-116-viajeros\/\" \/>\n\t<meta name=\"generator\" content=\"All in One SEO Pro (AIOSEO) 4.9.6.1\" \/>\n\t\t<meta property=\"og:locale\" content=\"es_ES\" \/>\n\t\t<meta property=\"og:site_name\" content=\"El Digital de Asturias \u2013 Revista de ocio, turismo y estilo de vida\" \/>\n\t\t<meta property=\"og:type\" content=\"article\" \/>\n\t\t<meta property=\"og:title\" content=\"La Regi\u00f3n recibi\u00f3 durante el primer cuatrimestre de 2015 la visita de 384.116 viajeros | El Digital de Asturias\" \/>\n\t\t<meta property=\"og:description\" content=\"La Regi\u00f3n recibi\u00f3 durante el primer cuatrimestre de 2015 la visita de 384.116 viajeros que se alojaron en el conjunto de alojamientos tur\u00edsticos de la Regi\u00f3n, tanto hoteleros como extrahoteleros, lo que supuso un incremento del 4,4 por ciento respecto al mismo periodo de 2014. As\u00ed lo ha destacado el director del Instituto de Turismo,\" \/>\n\t\t<meta property=\"og:url\" content=\"https:\/\/eldigitaldeasturias.com\/magazine365\/la-region-recibio-durante-el-primer-cuatrimestre-de-2015-la-visita-de-384-116-viajeros\/\" \/>\n\t\t<meta property=\"og:image\" content=\"https:\/\/eldigitaldeasturias.com\/magazine365\/wp-content\/uploads\/2015\/06\/fotonoticia_20150610132443_800.jpg\" \/>\n\t\t<meta property=\"og:image:secure_url\" content=\"https:\/\/eldigitaldeasturias.com\/magazine365\/wp-content\/uploads\/2015\/06\/fotonoticia_20150610132443_800.jpg\" \/>\n\t\t<meta property=\"og:image:width\" content=\"800\" \/>\n\t\t<meta property=\"og:image:height\" content=\"533\" \/>\n\t\t<meta property=\"article:published_time\" content=\"2015-06-11T03:41:18+00:00\" \/>\n\t\t<meta property=\"article:modified_time\" content=\"2015-06-11T03:41:18+00:00\" \/>\n\t\t<meta name=\"twitter:card\" content=\"summary_large_image\" \/>\n\t\t<meta name=\"twitter:title\" content=\"La Regi\u00f3n recibi\u00f3 durante el primer cuatrimestre de 2015 la visita de 384.116 viajeros | El Digital de Asturias\" \/>\n\t\t<meta name=\"twitter:description\" content=\"La Regi\u00f3n recibi\u00f3 durante el primer cuatrimestre de 2015 la visita de 384.116 viajeros que se alojaron en el conjunto de alojamientos tur\u00edsticos de la Regi\u00f3n, tanto hoteleros como extrahoteleros, lo que supuso un incremento del 4,4 por ciento respecto al mismo periodo de 2014. As\u00ed lo ha destacado el director del Instituto de Turismo,\" \/>\n\t\t<meta name=\"twitter:image\" content=\"https:\/\/eldigitaldeasturias.com\/magazine365\/wp-content\/uploads\/2015\/06\/fotonoticia_20150610132443_800.jpg\" \/>\n\t\t<script type=\"application\/ld+json\" class=\"aioseo-schema\">\n\t\t\t{\"@context\":\"https:\\\/\\\/schema.org\",\"@graph\":[{\"@type\":\"Article\",\"@id\":\"https:\\\/\\\/eldigitaldeasturias.com\\\/magazine365\\\/la-region-recibio-durante-el-primer-cuatrimestre-de-2015-la-visita-de-384-116-viajeros\\\/#article\",\"name\":\"La Regi\\u00f3n recibi\\u00f3 durante el primer cuatrimestre de 2015 la visita de 384.116 viajeros | El Digital de Asturias\",\"headline\":\"La Regi\\u00f3n recibi\\u00f3 durante el primer cuatrimestre de 2015 la visita de 384.116 viajeros\",\"author\":{\"@id\":\"https:\\\/\\\/eldigitaldeasturias.com\\\/magazine365\\\/author\\\/admin\\\/#author\"},\"publisher\":{\"@id\":\"https:\\\/\\\/eldigitaldeasturias.com\\\/magazine365\\\/#organization\"},\"image\":{\"@type\":\"ImageObject\",\"url\":\"https:\\\/\\\/eldigitaldeasturias.com\\\/magazine365\\\/wp-content\\\/uploads\\\/2015\\\/06\\\/fotonoticia_20150610132443_800.jpg\",\"width\":800,\"height\":533},\"datePublished\":\"2015-06-11T05:11:18+02:00\",\"dateModified\":\"2015-06-11T05:11:18+02:00\",\"inLanguage\":\"es-ES\",\"mainEntityOfPage\":{\"@id\":\"https:\\\/\\\/eldigitaldeasturias.com\\\/magazine365\\\/la-region-recibio-durante-el-primer-cuatrimestre-de-2015-la-visita-de-384-116-viajeros\\\/#webpage\"},\"isPartOf\":{\"@id\":\"https:\\\/\\\/eldigitaldeasturias.com\\\/magazine365\\\/la-region-recibio-durante-el-primer-cuatrimestre-de-2015-la-visita-de-384-116-viajeros\\\/#webpage\"},\"articleSection\":\"Actualidad Turismo\"},{\"@type\":\"BreadcrumbList\",\"@id\":\"https:\\\/\\\/eldigitaldeasturias.com\\\/magazine365\\\/la-region-recibio-durante-el-primer-cuatrimestre-de-2015-la-visita-de-384-116-viajeros\\\/#breadcrumblist\",\"itemListElement\":[{\"@type\":\"ListItem\",\"@id\":\"https:\\\/\\\/eldigitaldeasturias.com\\\/magazine365#listItem\",\"position\":1,\"name\":\"Home\",\"item\":\"https:\\\/\\\/eldigitaldeasturias.com\\\/magazine365\",\"nextItem\":{\"@type\":\"ListItem\",\"@id\":\"https:\\\/\\\/eldigitaldeasturias.com\\\/magazine365\\\/category\\\/actualidad-turismo\\\/#listItem\",\"name\":\"Actualidad Turismo\"}},{\"@type\":\"ListItem\",\"@id\":\"https:\\\/\\\/eldigitaldeasturias.com\\\/magazine365\\\/category\\\/actualidad-turismo\\\/#listItem\",\"position\":2,\"name\":\"Actualidad Turismo\",\"item\":\"https:\\\/\\\/eldigitaldeasturias.com\\\/magazine365\\\/category\\\/actualidad-turismo\\\/\",\"nextItem\":{\"@type\":\"ListItem\",\"@id\":\"https:\\\/\\\/eldigitaldeasturias.com\\\/magazine365\\\/la-region-recibio-durante-el-primer-cuatrimestre-de-2015-la-visita-de-384-116-viajeros\\\/#listItem\",\"name\":\"La Regi\\u00f3n recibi\\u00f3 durante el primer cuatrimestre de 2015 la visita de 384.116 viajeros\"},\"previousItem\":{\"@type\":\"ListItem\",\"@id\":\"https:\\\/\\\/eldigitaldeasturias.com\\\/magazine365#listItem\",\"name\":\"Home\"}},{\"@type\":\"ListItem\",\"@id\":\"https:\\\/\\\/eldigitaldeasturias.com\\\/magazine365\\\/la-region-recibio-durante-el-primer-cuatrimestre-de-2015-la-visita-de-384-116-viajeros\\\/#listItem\",\"position\":3,\"name\":\"La Regi\\u00f3n recibi\\u00f3 durante el primer cuatrimestre de 2015 la visita de 384.116 viajeros\",\"previousItem\":{\"@type\":\"ListItem\",\"@id\":\"https:\\\/\\\/eldigitaldeasturias.com\\\/magazine365\\\/category\\\/actualidad-turismo\\\/#listItem\",\"name\":\"Actualidad Turismo\"}}]},{\"@type\":\"Organization\",\"@id\":\"https:\\\/\\\/eldigitaldeasturias.com\\\/magazine365\\\/#organization\",\"name\":\"El digital de Asturias\",\"description\":\"Revista de ocio, turismo y estilo de vida\",\"url\":\"https:\\\/\\\/eldigitaldeasturias.com\\\/magazine365\\\/\",\"logo\":{\"@type\":\"ImageObject\",\"url\":\"https:\\\/\\\/www.eldigitaldeasturias.com\\\/noticias\\\/wp-content\\\/uploads\\\/2020\\\/12\\\/EDA.jpg\",\"@id\":\"https:\\\/\\\/eldigitaldeasturias.com\\\/magazine365\\\/la-region-recibio-durante-el-primer-cuatrimestre-de-2015-la-visita-de-384-116-viajeros\\\/#organizationLogo\"},\"image\":{\"@id\":\"https:\\\/\\\/eldigitaldeasturias.com\\\/magazine365\\\/la-region-recibio-durante-el-primer-cuatrimestre-de-2015-la-visita-de-384-116-viajeros\\\/#organizationLogo\"}},{\"@type\":\"Person\",\"@id\":\"https:\\\/\\\/eldigitaldeasturias.com\\\/magazine365\\\/author\\\/admin\\\/#author\",\"url\":\"https:\\\/\\\/eldigitaldeasturias.com\\\/magazine365\\\/author\\\/admin\\\/\",\"name\":\"admin\",\"image\":{\"@type\":\"ImageObject\",\"@id\":\"https:\\\/\\\/eldigitaldeasturias.com\\\/magazine365\\\/la-region-recibio-durante-el-primer-cuatrimestre-de-2015-la-visita-de-384-116-viajeros\\\/#authorImage\",\"url\":\"https:\\\/\\\/eldigitaldeasturias.com\\\/magazine365\\\/wp-content\\\/litespeed\\\/avatar\\\/e571bcf59a0edd6fa6838245a470f2fe.jpg?ver=1776969259\",\"width\":96,\"height\":96,\"caption\":\"admin\"}},{\"@type\":\"WebPage\",\"@id\":\"https:\\\/\\\/eldigitaldeasturias.com\\\/magazine365\\\/la-region-recibio-durante-el-primer-cuatrimestre-de-2015-la-visita-de-384-116-viajeros\\\/#webpage\",\"url\":\"https:\\\/\\\/eldigitaldeasturias.com\\\/magazine365\\\/la-region-recibio-durante-el-primer-cuatrimestre-de-2015-la-visita-de-384-116-viajeros\\\/\",\"name\":\"La Regi\\u00f3n recibi\\u00f3 durante el primer cuatrimestre de 2015 la visita de 384.116 viajeros | El Digital de Asturias\",\"description\":\"La Regi\\u00f3n recibi\\u00f3 durante el primer cuatrimestre de 2015 la visita de 384.116 viajeros que se alojaron en el conjunto de alojamientos tur\\u00edsticos de la Regi\\u00f3n, tanto hoteleros como extrahoteleros, lo que supuso un incremento del 4,4 por ciento respecto al mismo periodo de 2014. As\\u00ed lo ha destacado el director del Instituto de Turismo,\",\"inLanguage\":\"es-ES\",\"isPartOf\":{\"@id\":\"https:\\\/\\\/eldigitaldeasturias.com\\\/magazine365\\\/#website\"},\"breadcrumb\":{\"@id\":\"https:\\\/\\\/eldigitaldeasturias.com\\\/magazine365\\\/la-region-recibio-durante-el-primer-cuatrimestre-de-2015-la-visita-de-384-116-viajeros\\\/#breadcrumblist\"},\"author\":{\"@id\":\"https:\\\/\\\/eldigitaldeasturias.com\\\/magazine365\\\/author\\\/admin\\\/#author\"},\"creator\":{\"@id\":\"https:\\\/\\\/eldigitaldeasturias.com\\\/magazine365\\\/author\\\/admin\\\/#author\"},\"image\":{\"@type\":\"ImageObject\",\"url\":\"https:\\\/\\\/eldigitaldeasturias.com\\\/magazine365\\\/wp-content\\\/uploads\\\/2015\\\/06\\\/fotonoticia_20150610132443_800.jpg\",\"@id\":\"https:\\\/\\\/eldigitaldeasturias.com\\\/magazine365\\\/la-region-recibio-durante-el-primer-cuatrimestre-de-2015-la-visita-de-384-116-viajeros\\\/#mainImage\",\"width\":800,\"height\":533},\"primaryImageOfPage\":{\"@id\":\"https:\\\/\\\/eldigitaldeasturias.com\\\/magazine365\\\/la-region-recibio-durante-el-primer-cuatrimestre-de-2015-la-visita-de-384-116-viajeros\\\/#mainImage\"},\"datePublished\":\"2015-06-11T05:11:18+02:00\",\"dateModified\":\"2015-06-11T05:11:18+02:00\"},{\"@type\":\"WebSite\",\"@id\":\"https:\\\/\\\/eldigitaldeasturias.com\\\/magazine365\\\/#website\",\"url\":\"https:\\\/\\\/eldigitaldeasturias.com\\\/magazine365\\\/\",\"name\":\"El Digital de Asturias\",\"description\":\"Revista de ocio, turismo y estilo de vida\",\"inLanguage\":\"es-ES\",\"publisher\":{\"@id\":\"https:\\\/\\\/eldigitaldeasturias.com\\\/magazine365\\\/#organization\"}}]}\n\t\t<\/script>\n\t\t<!-- All in One SEO Pro -->\r\n\t\t<title>La Regi\u00f3n recibi\u00f3 durante el primer cuatrimestre de 2015 la visita de 384.116 viajeros | El Digital de Asturias<\/title>\n\n","aioseo_head_json":{"title":"La Regi\u00f3n recibi\u00f3 durante el primer cuatrimestre de 2015 la visita de 384.116 viajeros | El Digital de Asturias","description":"La Regi\u00f3n recibi\u00f3 durante el primer cuatrimestre de 2015 la visita de 384.116 viajeros que se alojaron en el conjunto de alojamientos tur\u00edsticos de la Regi\u00f3n, tanto hoteleros como extrahoteleros, lo que supuso un incremento del 4,4 por ciento respecto al mismo periodo de 2014. As\u00ed lo ha destacado el director del Instituto de Turismo,","canonical_url":"https:\/\/eldigitaldeasturias.com\/magazine365\/la-region-recibio-durante-el-primer-cuatrimestre-de-2015-la-visita-de-384-116-viajeros\/","robots":"max-image-preview:large","keywords":"actualidad turismo","webmasterTools":{"google-site-verification":"UA-38556648-1","miscellaneous":""},"schema":{"@context":"https:\/\/schema.org","@graph":[{"@type":"Article","@id":"https:\/\/eldigitaldeasturias.com\/magazine365\/la-region-recibio-durante-el-primer-cuatrimestre-de-2015-la-visita-de-384-116-viajeros\/#article","name":"La Regi\u00f3n recibi\u00f3 durante el primer cuatrimestre de 2015 la visita de 384.116 viajeros | El Digital de Asturias","headline":"La Regi\u00f3n recibi\u00f3 durante el primer cuatrimestre de 2015 la visita de 384.116 viajeros","author":{"@id":"https:\/\/eldigitaldeasturias.com\/magazine365\/author\/admin\/#author"},"publisher":{"@id":"https:\/\/eldigitaldeasturias.com\/magazine365\/#organization"},"image":{"@type":"ImageObject","url":"https:\/\/eldigitaldeasturias.com\/magazine365\/wp-content\/uploads\/2015\/06\/fotonoticia_20150610132443_800.jpg","width":800,"height":533},"datePublished":"2015-06-11T05:11:18+02:00","dateModified":"2015-06-11T05:11:18+02:00","inLanguage":"es-ES","mainEntityOfPage":{"@id":"https:\/\/eldigitaldeasturias.com\/magazine365\/la-region-recibio-durante-el-primer-cuatrimestre-de-2015-la-visita-de-384-116-viajeros\/#webpage"},"isPartOf":{"@id":"https:\/\/eldigitaldeasturias.com\/magazine365\/la-region-recibio-durante-el-primer-cuatrimestre-de-2015-la-visita-de-384-116-viajeros\/#webpage"},"articleSection":"Actualidad Turismo"},{"@type":"BreadcrumbList","@id":"https:\/\/eldigitaldeasturias.com\/magazine365\/la-region-recibio-durante-el-primer-cuatrimestre-de-2015-la-visita-de-384-116-viajeros\/#breadcrumblist","itemListElement":[{"@type":"ListItem","@id":"https:\/\/eldigitaldeasturias.com\/magazine365#listItem","position":1,"name":"Home","item":"https:\/\/eldigitaldeasturias.com\/magazine365","nextItem":{"@type":"ListItem","@id":"https:\/\/eldigitaldeasturias.com\/magazine365\/category\/actualidad-turismo\/#listItem","name":"Actualidad Turismo"}},{"@type":"ListItem","@id":"https:\/\/eldigitaldeasturias.com\/magazine365\/category\/actualidad-turismo\/#listItem","position":2,"name":"Actualidad Turismo","item":"https:\/\/eldigitaldeasturias.com\/magazine365\/category\/actualidad-turismo\/","nextItem":{"@type":"ListItem","@id":"https:\/\/eldigitaldeasturias.com\/magazine365\/la-region-recibio-durante-el-primer-cuatrimestre-de-2015-la-visita-de-384-116-viajeros\/#listItem","name":"La Regi\u00f3n recibi\u00f3 durante el primer cuatrimestre de 2015 la visita de 384.116 viajeros"},"previousItem":{"@type":"ListItem","@id":"https:\/\/eldigitaldeasturias.com\/magazine365#listItem","name":"Home"}},{"@type":"ListItem","@id":"https:\/\/eldigitaldeasturias.com\/magazine365\/la-region-recibio-durante-el-primer-cuatrimestre-de-2015-la-visita-de-384-116-viajeros\/#listItem","position":3,"name":"La Regi\u00f3n recibi\u00f3 durante el primer cuatrimestre de 2015 la visita de 384.116 viajeros","previousItem":{"@type":"ListItem","@id":"https:\/\/eldigitaldeasturias.com\/magazine365\/category\/actualidad-turismo\/#listItem","name":"Actualidad Turismo"}}]},{"@type":"Organization","@id":"https:\/\/eldigitaldeasturias.com\/magazine365\/#organization","name":"El digital de Asturias","description":"Revista de ocio, turismo y estilo de vida","url":"https:\/\/eldigitaldeasturias.com\/magazine365\/","logo":{"@type":"ImageObject","url":"https:\/\/www.eldigitaldeasturias.com\/noticias\/wp-content\/uploads\/2020\/12\/EDA.jpg","@id":"https:\/\/eldigitaldeasturias.com\/magazine365\/la-region-recibio-durante-el-primer-cuatrimestre-de-2015-la-visita-de-384-116-viajeros\/#organizationLogo"},"image":{"@id":"https:\/\/eldigitaldeasturias.com\/magazine365\/la-region-recibio-durante-el-primer-cuatrimestre-de-2015-la-visita-de-384-116-viajeros\/#organizationLogo"}},{"@type":"Person","@id":"https:\/\/eldigitaldeasturias.com\/magazine365\/author\/admin\/#author","url":"https:\/\/eldigitaldeasturias.com\/magazine365\/author\/admin\/","name":"admin","image":{"@type":"ImageObject","@id":"https:\/\/eldigitaldeasturias.com\/magazine365\/la-region-recibio-durante-el-primer-cuatrimestre-de-2015-la-visita-de-384-116-viajeros\/#authorImage","url":"https:\/\/eldigitaldeasturias.com\/magazine365\/wp-content\/litespeed\/avatar\/e571bcf59a0edd6fa6838245a470f2fe.jpg?ver=1776969259","width":96,"height":96,"caption":"admin"}},{"@type":"WebPage","@id":"https:\/\/eldigitaldeasturias.com\/magazine365\/la-region-recibio-durante-el-primer-cuatrimestre-de-2015-la-visita-de-384-116-viajeros\/#webpage","url":"https:\/\/eldigitaldeasturias.com\/magazine365\/la-region-recibio-durante-el-primer-cuatrimestre-de-2015-la-visita-de-384-116-viajeros\/","name":"La Regi\u00f3n recibi\u00f3 durante el primer cuatrimestre de 2015 la visita de 384.116 viajeros | El Digital de Asturias","description":"La Regi\u00f3n recibi\u00f3 durante el primer cuatrimestre de 2015 la visita de 384.116 viajeros que se alojaron en el conjunto de alojamientos tur\u00edsticos de la Regi\u00f3n, tanto hoteleros como extrahoteleros, lo que supuso un incremento del 4,4 por ciento respecto al mismo periodo de 2014. As\u00ed lo ha destacado el director del Instituto de Turismo,","inLanguage":"es-ES","isPartOf":{"@id":"https:\/\/eldigitaldeasturias.com\/magazine365\/#website"},"breadcrumb":{"@id":"https:\/\/eldigitaldeasturias.com\/magazine365\/la-region-recibio-durante-el-primer-cuatrimestre-de-2015-la-visita-de-384-116-viajeros\/#breadcrumblist"},"author":{"@id":"https:\/\/eldigitaldeasturias.com\/magazine365\/author\/admin\/#author"},"creator":{"@id":"https:\/\/eldigitaldeasturias.com\/magazine365\/author\/admin\/#author"},"image":{"@type":"ImageObject","url":"https:\/\/eldigitaldeasturias.com\/magazine365\/wp-content\/uploads\/2015\/06\/fotonoticia_20150610132443_800.jpg","@id":"https:\/\/eldigitaldeasturias.com\/magazine365\/la-region-recibio-durante-el-primer-cuatrimestre-de-2015-la-visita-de-384-116-viajeros\/#mainImage","width":800,"height":533},"primaryImageOfPage":{"@id":"https:\/\/eldigitaldeasturias.com\/magazine365\/la-region-recibio-durante-el-primer-cuatrimestre-de-2015-la-visita-de-384-116-viajeros\/#mainImage"},"datePublished":"2015-06-11T05:11:18+02:00","dateModified":"2015-06-11T05:11:18+02:00"},{"@type":"WebSite","@id":"https:\/\/eldigitaldeasturias.com\/magazine365\/#website","url":"https:\/\/eldigitaldeasturias.com\/magazine365\/","name":"El Digital de Asturias","description":"Revista de ocio, turismo y estilo de vida","inLanguage":"es-ES","publisher":{"@id":"https:\/\/eldigitaldeasturias.com\/magazine365\/#organization"}}]},"og:locale":"es_ES","og:site_name":"El Digital de Asturias \u2013 Revista de ocio, turismo y estilo de vida","og:type":"article","og:title":"La Regi\u00f3n recibi\u00f3 durante el primer cuatrimestre de 2015 la visita de 384.116 viajeros | El Digital de Asturias","og:description":"La Regi\u00f3n recibi\u00f3 durante el primer cuatrimestre de 2015 la visita de 384.116 viajeros que se alojaron en el conjunto de alojamientos tur\u00edsticos de la Regi\u00f3n, tanto hoteleros como extrahoteleros, lo que supuso un incremento del 4,4 por ciento respecto al mismo periodo de 2014. As\u00ed lo ha destacado el director del Instituto de Turismo,","og:url":"https:\/\/eldigitaldeasturias.com\/magazine365\/la-region-recibio-durante-el-primer-cuatrimestre-de-2015-la-visita-de-384-116-viajeros\/","og:image":"https:\/\/eldigitaldeasturias.com\/magazine365\/wp-content\/uploads\/2015\/06\/fotonoticia_20150610132443_800.jpg","og:image:secure_url":"https:\/\/eldigitaldeasturias.com\/magazine365\/wp-content\/uploads\/2015\/06\/fotonoticia_20150610132443_800.jpg","og:image:width":800,"og:image:height":533,"article:published_time":"2015-06-11T03:41:18+00:00","article:modified_time":"2015-06-11T03:41:18+00:00","twitter:card":"summary_large_image","twitter:title":"La Regi\u00f3n recibi\u00f3 durante el primer cuatrimestre de 2015 la visita de 384.116 viajeros | El Digital de Asturias","twitter:description":"La Regi\u00f3n recibi\u00f3 durante el primer cuatrimestre de 2015 la visita de 384.116 viajeros que se alojaron en el conjunto de alojamientos tur\u00edsticos de la Regi\u00f3n, tanto hoteleros como extrahoteleros, lo que supuso un incremento del 4,4 por ciento respecto al mismo periodo de 2014. As\u00ed lo ha destacado el director del Instituto de Turismo,","twitter:image":"https:\/\/eldigitaldeasturias.com\/magazine365\/wp-content\/uploads\/2015\/06\/fotonoticia_20150610132443_800.jpg"},"aioseo_meta_data":{"post_id":"39462","title":null,"description":null,"keywords":null,"keyphrases":null,"primary_term":null,"canonical_url":null,"og_title":null,"og_description":null,"og_object_type":"default","og_image_type":"default","og_image_url":null,"og_image_width":null,"og_image_height":null,"og_image_custom_url":null,"og_image_custom_fields":null,"og_video":null,"og_custom_url":null,"og_article_section":null,"og_article_tags":null,"twitter_use_og":false,"twitter_card":"default","twitter_image_type":"default","twitter_image_url":null,"twitter_image_custom_url":null,"twitter_image_custom_fields":null,"twitter_title":null,"twitter_description":null,"schema":{"blockGraphs":[],"customGraphs":[],"default":{"data":{"Article":[],"Course":[],"Dataset":[],"FAQPage":[],"Movie":[],"Person":[],"Product":[],"ProductReview":[],"Car":[],"Recipe":[],"Service":[],"SoftwareApplication":[],"WebPage":[]},"graphName":"","isEnabled":true},"graphs":[],"defaultGraph":"","defaultPostTypeGraph":""},"schema_type":null,"schema_type_options":null,"pillar_content":false,"robots_default":true,"robots_noindex":false,"robots_noarchive":false,"robots_nosnippet":false,"robots_nofollow":false,"robots_noimageindex":false,"robots_noodp":false,"robots_notranslate":false,"robots_max_snippet":null,"robots_max_videopreview":null,"robots_max_imagepreview":"large","priority":null,"frequency":null,"location":null,"local_seo":null,"seo_analyzer_scan_date":"2025-09-19 11:41:58","breadcrumb_settings":null,"limit_modified_date":false,"open_ai":null,"ai":null,"created":"2021-03-09 02:40:52","updated":"2025-09-19 11:41:58"},"aioseo_breadcrumb":"<div class=\"aioseo-breadcrumbs\"><span class=\"aioseo-breadcrumb\">\n\t<a href=\"https:\/\/eldigitaldeasturias.com\/magazine365\" title=\"Home\">Home<\/a>\n<\/span><span class=\"aioseo-breadcrumb-separator\">\u2013<\/span><span class=\"aioseo-breadcrumb\">\n\t<a href=\"https:\/\/eldigitaldeasturias.com\/magazine365\/category\/actualidad-turismo\/\" title=\"Actualidad Turismo\">Actualidad Turismo<\/a>\n<\/span><span class=\"aioseo-breadcrumb-separator\">\u2013<\/span><span class=\"aioseo-breadcrumb\">\n\t<a href=\"https:\/\/eldigitaldeasturias.com\/magazine365\/la-region-recibio-durante-el-primer-cuatrimestre-de-2015-la-visita-de-384-116-viajeros\/\" title=\"La Regi\u00f3n recibi\u00f3 durante el primer cuatrimestre de 2015 la visita de 384.116 viajeros\">La Regi\u00f3n recibi\u00f3 durante el primer cuatrimestre de 2015 la visita de 384.116 viajeros<\/a>\n<\/span><\/div>","aioseo_breadcrumb_json":[{"label":"Home","link":"https:\/\/eldigitaldeasturias.com\/magazine365"},{"label":"Actualidad Turismo","link":"https:\/\/eldigitaldeasturias.com\/magazine365\/category\/actualidad-turismo\/"},{"label":"La Regi\u00f3n recibi\u00f3 durante el primer cuatrimestre de 2015 la visita de 384.116 viajeros","link":"https:\/\/eldigitaldeasturias.com\/magazine365\/la-region-recibio-durante-el-primer-cuatrimestre-de-2015-la-visita-de-384-116-viajeros\/"}],"_links":{"self":[{"href":"https:\/\/eldigitaldeasturias.com\/magazine365\/wp-json\/wp\/v2\/posts\/39462","targetHints":{"allow":["GET"]}}],"collection":[{"href":"https:\/\/eldigitaldeasturias.com\/magazine365\/wp-json\/wp\/v2\/posts"}],"about":[{"href":"https:\/\/eldigitaldeasturias.com\/magazine365\/wp-json\/wp\/v2\/types\/post"}],"author":[{"embeddable":true,"href":"https:\/\/eldigitaldeasturias.com\/magazine365\/wp-json\/wp\/v2\/users\/1"}],"replies":[{"embeddable":true,"href":"https:\/\/eldigitaldeasturias.com\/magazine365\/wp-json\/wp\/v2\/comments?post=39462"}],"version-history":[{"count":0,"href":"https:\/\/eldigitaldeasturias.com\/magazine365\/wp-json\/wp\/v2\/posts\/39462\/revisions"}],"wp:featuredmedia":[{"embeddable":true,"href":"https:\/\/eldigitaldeasturias.com\/magazine365\/wp-json\/wp\/v2\/media\/39463"}],"wp:attachment":[{"href":"https:\/\/eldigitaldeasturias.com\/magazine365\/wp-json\/wp\/v2\/media?parent=39462"}],"wp:term":[{"taxonomy":"category","embeddable":true,"href":"https:\/\/eldigitaldeasturias.com\/magazine365\/wp-json\/wp\/v2\/categories?post=39462"},{"taxonomy":"post_tag","embeddable":true,"href":"https:\/\/eldigitaldeasturias.com\/magazine365\/wp-json\/wp\/v2\/tags?post=39462"}],"curies":[{"name":"wp","href":"https:\/\/api.w.org\/{rel}","templated":true}]}}