{"id":39456,"date":"2015-06-11T05:08:36","date_gmt":"2015-06-11T03:38:36","guid":{"rendered":"http:\/\/eldigitaldeasturias.com\/magazine365\/?p=39456"},"modified":"2015-06-11T05:08:36","modified_gmt":"2015-06-11T03:38:36","slug":"la-asociacion-de-operadores-independientes-britanicos-celebran-su-conferencia-en-cordoba-capital","status":"publish","type":"post","link":"https:\/\/eldigitaldeasturias.com\/magazine365\/la-asociacion-de-operadores-independientes-britanicos-celebran-su-conferencia-en-cordoba-capital\/","title":{"rendered":"La Asociaci\u00f3n de Operadores Independientes brit\u00e1nicos celebran su conferencia en C\u00f3rdoba capital"},"content":{"rendered":"<p><img fetchpriority=\"high\" decoding=\"async\" class=\"alignleft size-medium wp-image-39457\" src=\"https:\/\/eldigitaldeasturias.com\/magazine365\/wp-content\/uploads\/2015\/06\/fotonoticia_20150610132200_800-360x262.jpg\" alt=\"fotonoticia_20150610132200_800\" width=\"360\" height=\"262\" srcset=\"https:\/\/eldigitaldeasturias.com\/magazine365\/wp-content\/uploads\/2015\/06\/fotonoticia_20150610132200_800-360x262.jpg 360w, https:\/\/eldigitaldeasturias.com\/magazine365\/wp-content\/uploads\/2015\/06\/fotonoticia_20150610132200_800-650x474.jpg 650w, https:\/\/eldigitaldeasturias.com\/magazine365\/wp-content\/uploads\/2015\/06\/fotonoticia_20150610132200_800-768x560.jpg 768w, https:\/\/eldigitaldeasturias.com\/magazine365\/wp-content\/uploads\/2015\/06\/fotonoticia_20150610132200_800-150x109.jpg 150w, https:\/\/eldigitaldeasturias.com\/magazine365\/wp-content\/uploads\/2015\/06\/fotonoticia_20150610132200_800-450x328.jpg 450w, https:\/\/eldigitaldeasturias.com\/magazine365\/wp-content\/uploads\/2015\/06\/fotonoticia_20150610132200_800-324x235.jpg 324w, https:\/\/eldigitaldeasturias.com\/magazine365\/wp-content\/uploads\/2015\/06\/fotonoticia_20150610132200_800-696x507.jpg 696w, https:\/\/eldigitaldeasturias.com\/magazine365\/wp-content\/uploads\/2015\/06\/fotonoticia_20150610132200_800.jpg 800w, https:\/\/eldigitaldeasturias.com\/magazine365\/wp-content\/uploads\/2015\/06\/fotonoticia_20150610132200_800-576x420.jpg 576w, https:\/\/eldigitaldeasturias.com\/magazine365\/wp-content\/uploads\/2015\/06\/fotonoticia_20150610132200_800-90x67.jpg 90w\" sizes=\"(max-width: 360px) 100vw, 360px\" \/>M\u00e1s de 150 agentes pertenecientes a la Asociaci\u00f3n de Operadores Independientes del Reino Unido (AITO) se re\u00fanen desde este jueves y hasta el pr\u00f3ximo 14 de junio en C\u00f3rdoba para celebrar su conferencia anual, encuentro en el que colabora la Consejer\u00eda de Turismo y Comercio junto a Turespa\u00f1a y el Patronato Provincial de Turismo cordob\u00e9s.<\/p>\n<p>La cita permitir\u00e1 reforzar la difusi\u00f3n y comercializaci\u00f3n del destino Andaluc\u00eda en su primer mercado internacional, ya que AITO representa a alrededor de 170 de los principales operadores brit\u00e1nicos especializados con una cartera de cerca de dos millones de clientes. Adem\u00e1s, cuentan con un grupo de agencias afiliadas que mantienen la filosof\u00eda de servicio personalizado y de calidad.<\/p>\n<p>Durante su estancia en C\u00f3rdoba, los asistentes a la conferencia realizar\u00e1n distintas actividades, entre las que se incluyen conferencias, seminarios y talleres de trabajo, as\u00ed como visitas a los principales puntos tur\u00edsticos de la ciudad y sus alrededores, de modo que conozcan el destino y contribuyan a su posterior comercializaci\u00f3n.<\/p>\n<p>Entre los puntos de inter\u00e9s de los miembros de la asociaci\u00f3n visitar\u00e1n tras las sesiones de trabajo que se desarrollen durante la conferencia se encuentran las Caballerizas Reales, el Alc\u00e1zar y la Mezquita, la Juder\u00eda, Medina-Azahara y la localidad de Montilla y sus bodegas.<\/p>\n<p>Adem\u00e1s, durante los dos d\u00edas previos al evento se est\u00e1 llevando a cabo un viaje de prensa en el que tres profesionales de medios brit\u00e1nicos tienen la oportunidad de visitar las localidades de Priego, Zuheros, Cabra y Castro del R\u00edo para recorrer sus principales enclaves tur\u00edsticos y conocer la elaboraci\u00f3n de productos como el aceite de oliva.<\/p>\n<p>Por otra parte, Junta, patronato y Turespa\u00f1a, a trav\u00e9s de la Oficina Espa\u00f1ola de Turismo de Londres, tambi\u00e9n participan en la organizaci\u00f3n de un viaje de familiarizaci\u00f3n una vez finalice la conferencia, entre los d\u00edas 14 y 16 de junio. En esta acci\u00f3n inversa varios miembros de la asociaci\u00f3n realizar\u00e1n un itinerario por diversos puntos de inter\u00e9s de la provincia, concretamente Zuheros, Priego, Rute, Izn\u00e1jar y Montilla.<\/p>\n<p>Se trata de la tercera ocasi\u00f3n en la que AITO celebra su conferencia anual en Andaluc\u00eda, tras las que se desarrollaron en Granada en 2006 y en Sevilla en 2007, lo que muestra el inter\u00e9s de los operadores independientes de este mercado por la comunidad en su conjunto.<\/p>\n<p>Los establecimientos hoteleros andaluces recibieron 289.110 viajeros procedentes del Reino Unido en los cuatro primeros meses del presente a\u00f1o, lo que supone un incremento del 3,9 por ciento en relaci\u00f3n con el mismo periodo de 2014. Las pernoctaciones ascendieron a 1,29 millones, un 7,8 por ciento m\u00e1s.<\/p>\n","protected":false},"excerpt":{"rendered":"<p>M\u00e1s de 150 agentes pertenecientes a la Asociaci\u00f3n de Operadores Independientes del Reino Unido (AITO) se re\u00fanen desde este jueves y hasta el pr\u00f3ximo 14 de junio en C\u00f3rdoba para celebrar su conferencia anual, encuentro en el que colabora la Consejer\u00eda de Turismo y Comercio junto a Turespa\u00f1a y el Patronato Provincial de Turismo cordob\u00e9s.<\/p>\n","protected":false},"author":1,"featured_media":39457,"comment_status":"open","ping_status":"closed","sticky":false,"template":"","format":"standard","meta":{"footnotes":""},"categories":[222],"tags":[],"class_list":{"0":"post-39456","1":"post","2":"type-post","3":"status-publish","4":"format-standard","5":"has-post-thumbnail","7":"category-actualidad-turismo"},"aioseo_notices":[],"aioseo_head":"\n\t\t<!-- All in One SEO Pro 4.9.6.1 - aioseo.com -->\n\t<meta name=\"description\" content=\"M\u00e1s de 150 agentes pertenecientes a la Asociaci\u00f3n de Operadores Independientes del Reino Unido (AITO) se re\u00fanen desde este jueves y hasta el pr\u00f3ximo 14 de junio en C\u00f3rdoba para celebrar su conferencia anual, encuentro en el que colabora la Consejer\u00eda de Turismo y Comercio junto a Turespa\u00f1a y el Patronato Provincial de Turismo cordob\u00e9s.\" \/>\n\t<meta name=\"robots\" content=\"max-image-preview:large\" \/>\n\t<meta name=\"author\" content=\"admin\"\/>\n\t<meta name=\"google-site-verification\" content=\"UA-38556648-1\" \/>\n\t<meta name=\"keywords\" content=\"actualidad turismo\" \/>\n\t<link rel=\"canonical\" href=\"https:\/\/eldigitaldeasturias.com\/magazine365\/la-asociacion-de-operadores-independientes-britanicos-celebran-su-conferencia-en-cordoba-capital\/\" \/>\n\t<meta name=\"generator\" content=\"All in One SEO Pro (AIOSEO) 4.9.6.1\" \/>\n\t\t<meta property=\"og:locale\" content=\"es_ES\" \/>\n\t\t<meta property=\"og:site_name\" content=\"El Digital de Asturias \u2013 Revista de ocio, turismo y estilo de vida\" \/>\n\t\t<meta property=\"og:type\" content=\"article\" \/>\n\t\t<meta property=\"og:title\" content=\"La Asociaci\u00f3n de Operadores Independientes brit\u00e1nicos celebran su conferencia en C\u00f3rdoba capital | El Digital de Asturias\" \/>\n\t\t<meta property=\"og:description\" content=\"M\u00e1s de 150 agentes pertenecientes a la Asociaci\u00f3n de Operadores Independientes del Reino Unido (AITO) se re\u00fanen desde este jueves y hasta el pr\u00f3ximo 14 de junio en C\u00f3rdoba para celebrar su conferencia anual, encuentro en el que colabora la Consejer\u00eda de Turismo y Comercio junto a Turespa\u00f1a y el Patronato Provincial de Turismo cordob\u00e9s.\" \/>\n\t\t<meta property=\"og:url\" content=\"https:\/\/eldigitaldeasturias.com\/magazine365\/la-asociacion-de-operadores-independientes-britanicos-celebran-su-conferencia-en-cordoba-capital\/\" \/>\n\t\t<meta property=\"og:image\" content=\"https:\/\/eldigitaldeasturias.com\/magazine365\/wp-content\/uploads\/2015\/06\/fotonoticia_20150610132200_800.jpg\" \/>\n\t\t<meta property=\"og:image:secure_url\" content=\"https:\/\/eldigitaldeasturias.com\/magazine365\/wp-content\/uploads\/2015\/06\/fotonoticia_20150610132200_800.jpg\" \/>\n\t\t<meta property=\"og:image:width\" content=\"800\" \/>\n\t\t<meta property=\"og:image:height\" content=\"583\" \/>\n\t\t<meta property=\"article:published_time\" content=\"2015-06-11T03:38:36+00:00\" \/>\n\t\t<meta property=\"article:modified_time\" content=\"2015-06-11T03:38:36+00:00\" \/>\n\t\t<meta name=\"twitter:card\" content=\"summary_large_image\" \/>\n\t\t<meta name=\"twitter:title\" content=\"La Asociaci\u00f3n de Operadores Independientes brit\u00e1nicos celebran su conferencia en C\u00f3rdoba capital | El Digital de Asturias\" \/>\n\t\t<meta name=\"twitter:description\" content=\"M\u00e1s de 150 agentes pertenecientes a la Asociaci\u00f3n de Operadores Independientes del Reino Unido (AITO) se re\u00fanen desde este jueves y hasta el pr\u00f3ximo 14 de junio en C\u00f3rdoba para celebrar su conferencia anual, encuentro en el que colabora la Consejer\u00eda de Turismo y Comercio junto a Turespa\u00f1a y el Patronato Provincial de Turismo cordob\u00e9s.\" \/>\n\t\t<meta name=\"twitter:image\" content=\"https:\/\/eldigitaldeasturias.com\/magazine365\/wp-content\/uploads\/2015\/06\/fotonoticia_20150610132200_800.jpg\" \/>\n\t\t<script type=\"application\/ld+json\" class=\"aioseo-schema\">\n\t\t\t{\"@context\":\"https:\\\/\\\/schema.org\",\"@graph\":[{\"@type\":\"Article\",\"@id\":\"https:\\\/\\\/eldigitaldeasturias.com\\\/magazine365\\\/la-asociacion-de-operadores-independientes-britanicos-celebran-su-conferencia-en-cordoba-capital\\\/#article\",\"name\":\"La Asociaci\\u00f3n de Operadores Independientes brit\\u00e1nicos celebran su conferencia en C\\u00f3rdoba capital | El Digital de Asturias\",\"headline\":\"La Asociaci\\u00f3n de Operadores Independientes brit\\u00e1nicos celebran su conferencia en C\\u00f3rdoba capital\",\"author\":{\"@id\":\"https:\\\/\\\/eldigitaldeasturias.com\\\/magazine365\\\/author\\\/admin\\\/#author\"},\"publisher\":{\"@id\":\"https:\\\/\\\/eldigitaldeasturias.com\\\/magazine365\\\/#organization\"},\"image\":{\"@type\":\"ImageObject\",\"url\":\"https:\\\/\\\/eldigitaldeasturias.com\\\/magazine365\\\/wp-content\\\/uploads\\\/2015\\\/06\\\/fotonoticia_20150610132200_800.jpg\",\"width\":800,\"height\":583},\"datePublished\":\"2015-06-11T05:08:36+02:00\",\"dateModified\":\"2015-06-11T05:08:36+02:00\",\"inLanguage\":\"es-ES\",\"mainEntityOfPage\":{\"@id\":\"https:\\\/\\\/eldigitaldeasturias.com\\\/magazine365\\\/la-asociacion-de-operadores-independientes-britanicos-celebran-su-conferencia-en-cordoba-capital\\\/#webpage\"},\"isPartOf\":{\"@id\":\"https:\\\/\\\/eldigitaldeasturias.com\\\/magazine365\\\/la-asociacion-de-operadores-independientes-britanicos-celebran-su-conferencia-en-cordoba-capital\\\/#webpage\"},\"articleSection\":\"Actualidad Turismo\"},{\"@type\":\"BreadcrumbList\",\"@id\":\"https:\\\/\\\/eldigitaldeasturias.com\\\/magazine365\\\/la-asociacion-de-operadores-independientes-britanicos-celebran-su-conferencia-en-cordoba-capital\\\/#breadcrumblist\",\"itemListElement\":[{\"@type\":\"ListItem\",\"@id\":\"https:\\\/\\\/eldigitaldeasturias.com\\\/magazine365#listItem\",\"position\":1,\"name\":\"Home\",\"item\":\"https:\\\/\\\/eldigitaldeasturias.com\\\/magazine365\",\"nextItem\":{\"@type\":\"ListItem\",\"@id\":\"https:\\\/\\\/eldigitaldeasturias.com\\\/magazine365\\\/category\\\/actualidad-turismo\\\/#listItem\",\"name\":\"Actualidad Turismo\"}},{\"@type\":\"ListItem\",\"@id\":\"https:\\\/\\\/eldigitaldeasturias.com\\\/magazine365\\\/category\\\/actualidad-turismo\\\/#listItem\",\"position\":2,\"name\":\"Actualidad Turismo\",\"item\":\"https:\\\/\\\/eldigitaldeasturias.com\\\/magazine365\\\/category\\\/actualidad-turismo\\\/\",\"nextItem\":{\"@type\":\"ListItem\",\"@id\":\"https:\\\/\\\/eldigitaldeasturias.com\\\/magazine365\\\/la-asociacion-de-operadores-independientes-britanicos-celebran-su-conferencia-en-cordoba-capital\\\/#listItem\",\"name\":\"La Asociaci\\u00f3n de Operadores Independientes brit\\u00e1nicos celebran su conferencia en C\\u00f3rdoba capital\"},\"previousItem\":{\"@type\":\"ListItem\",\"@id\":\"https:\\\/\\\/eldigitaldeasturias.com\\\/magazine365#listItem\",\"name\":\"Home\"}},{\"@type\":\"ListItem\",\"@id\":\"https:\\\/\\\/eldigitaldeasturias.com\\\/magazine365\\\/la-asociacion-de-operadores-independientes-britanicos-celebran-su-conferencia-en-cordoba-capital\\\/#listItem\",\"position\":3,\"name\":\"La Asociaci\\u00f3n de Operadores Independientes brit\\u00e1nicos celebran su conferencia en C\\u00f3rdoba capital\",\"previousItem\":{\"@type\":\"ListItem\",\"@id\":\"https:\\\/\\\/eldigitaldeasturias.com\\\/magazine365\\\/category\\\/actualidad-turismo\\\/#listItem\",\"name\":\"Actualidad Turismo\"}}]},{\"@type\":\"Organization\",\"@id\":\"https:\\\/\\\/eldigitaldeasturias.com\\\/magazine365\\\/#organization\",\"name\":\"El digital de Asturias\",\"description\":\"Revista de ocio, turismo y estilo de vida\",\"url\":\"https:\\\/\\\/eldigitaldeasturias.com\\\/magazine365\\\/\",\"logo\":{\"@type\":\"ImageObject\",\"url\":\"https:\\\/\\\/www.eldigitaldeasturias.com\\\/noticias\\\/wp-content\\\/uploads\\\/2020\\\/12\\\/EDA.jpg\",\"@id\":\"https:\\\/\\\/eldigitaldeasturias.com\\\/magazine365\\\/la-asociacion-de-operadores-independientes-britanicos-celebran-su-conferencia-en-cordoba-capital\\\/#organizationLogo\"},\"image\":{\"@id\":\"https:\\\/\\\/eldigitaldeasturias.com\\\/magazine365\\\/la-asociacion-de-operadores-independientes-britanicos-celebran-su-conferencia-en-cordoba-capital\\\/#organizationLogo\"}},{\"@type\":\"Person\",\"@id\":\"https:\\\/\\\/eldigitaldeasturias.com\\\/magazine365\\\/author\\\/admin\\\/#author\",\"url\":\"https:\\\/\\\/eldigitaldeasturias.com\\\/magazine365\\\/author\\\/admin\\\/\",\"name\":\"admin\",\"image\":{\"@type\":\"ImageObject\",\"@id\":\"https:\\\/\\\/eldigitaldeasturias.com\\\/magazine365\\\/la-asociacion-de-operadores-independientes-britanicos-celebran-su-conferencia-en-cordoba-capital\\\/#authorImage\",\"url\":\"https:\\\/\\\/eldigitaldeasturias.com\\\/magazine365\\\/wp-content\\\/litespeed\\\/avatar\\\/e571bcf59a0edd6fa6838245a470f2fe.jpg?ver=1776969259\",\"width\":96,\"height\":96,\"caption\":\"admin\"}},{\"@type\":\"WebPage\",\"@id\":\"https:\\\/\\\/eldigitaldeasturias.com\\\/magazine365\\\/la-asociacion-de-operadores-independientes-britanicos-celebran-su-conferencia-en-cordoba-capital\\\/#webpage\",\"url\":\"https:\\\/\\\/eldigitaldeasturias.com\\\/magazine365\\\/la-asociacion-de-operadores-independientes-britanicos-celebran-su-conferencia-en-cordoba-capital\\\/\",\"name\":\"La Asociaci\\u00f3n de Operadores Independientes brit\\u00e1nicos celebran su conferencia en C\\u00f3rdoba capital | El Digital de Asturias\",\"description\":\"M\\u00e1s de 150 agentes pertenecientes a la Asociaci\\u00f3n de Operadores Independientes del Reino Unido (AITO) se re\\u00fanen desde este jueves y hasta el pr\\u00f3ximo 14 de junio en C\\u00f3rdoba para celebrar su conferencia anual, encuentro en el que colabora la Consejer\\u00eda de Turismo y Comercio junto a Turespa\\u00f1a y el Patronato Provincial de Turismo cordob\\u00e9s.\",\"inLanguage\":\"es-ES\",\"isPartOf\":{\"@id\":\"https:\\\/\\\/eldigitaldeasturias.com\\\/magazine365\\\/#website\"},\"breadcrumb\":{\"@id\":\"https:\\\/\\\/eldigitaldeasturias.com\\\/magazine365\\\/la-asociacion-de-operadores-independientes-britanicos-celebran-su-conferencia-en-cordoba-capital\\\/#breadcrumblist\"},\"author\":{\"@id\":\"https:\\\/\\\/eldigitaldeasturias.com\\\/magazine365\\\/author\\\/admin\\\/#author\"},\"creator\":{\"@id\":\"https:\\\/\\\/eldigitaldeasturias.com\\\/magazine365\\\/author\\\/admin\\\/#author\"},\"image\":{\"@type\":\"ImageObject\",\"url\":\"https:\\\/\\\/eldigitaldeasturias.com\\\/magazine365\\\/wp-content\\\/uploads\\\/2015\\\/06\\\/fotonoticia_20150610132200_800.jpg\",\"@id\":\"https:\\\/\\\/eldigitaldeasturias.com\\\/magazine365\\\/la-asociacion-de-operadores-independientes-britanicos-celebran-su-conferencia-en-cordoba-capital\\\/#mainImage\",\"width\":800,\"height\":583},\"primaryImageOfPage\":{\"@id\":\"https:\\\/\\\/eldigitaldeasturias.com\\\/magazine365\\\/la-asociacion-de-operadores-independientes-britanicos-celebran-su-conferencia-en-cordoba-capital\\\/#mainImage\"},\"datePublished\":\"2015-06-11T05:08:36+02:00\",\"dateModified\":\"2015-06-11T05:08:36+02:00\"},{\"@type\":\"WebSite\",\"@id\":\"https:\\\/\\\/eldigitaldeasturias.com\\\/magazine365\\\/#website\",\"url\":\"https:\\\/\\\/eldigitaldeasturias.com\\\/magazine365\\\/\",\"name\":\"El Digital de Asturias\",\"description\":\"Revista de ocio, turismo y estilo de vida\",\"inLanguage\":\"es-ES\",\"publisher\":{\"@id\":\"https:\\\/\\\/eldigitaldeasturias.com\\\/magazine365\\\/#organization\"}}]}\n\t\t<\/script>\n\t\t<!-- All in One SEO Pro -->\r\n\t\t<title>La Asociaci\u00f3n de Operadores Independientes brit\u00e1nicos celebran su conferencia en C\u00f3rdoba capital | El Digital de Asturias<\/title>\n\n","aioseo_head_json":{"title":"La Asociaci\u00f3n de Operadores Independientes brit\u00e1nicos celebran su conferencia en C\u00f3rdoba capital | El Digital de Asturias","description":"M\u00e1s de 150 agentes pertenecientes a la Asociaci\u00f3n de Operadores Independientes del Reino Unido (AITO) se re\u00fanen desde este jueves y hasta el pr\u00f3ximo 14 de junio en C\u00f3rdoba para celebrar su conferencia anual, encuentro en el que colabora la Consejer\u00eda de Turismo y Comercio junto a Turespa\u00f1a y el Patronato Provincial de Turismo cordob\u00e9s.","canonical_url":"https:\/\/eldigitaldeasturias.com\/magazine365\/la-asociacion-de-operadores-independientes-britanicos-celebran-su-conferencia-en-cordoba-capital\/","robots":"max-image-preview:large","keywords":"actualidad turismo","webmasterTools":{"google-site-verification":"UA-38556648-1","miscellaneous":""},"schema":{"@context":"https:\/\/schema.org","@graph":[{"@type":"Article","@id":"https:\/\/eldigitaldeasturias.com\/magazine365\/la-asociacion-de-operadores-independientes-britanicos-celebran-su-conferencia-en-cordoba-capital\/#article","name":"La Asociaci\u00f3n de Operadores Independientes brit\u00e1nicos celebran su conferencia en C\u00f3rdoba capital | El Digital de Asturias","headline":"La Asociaci\u00f3n de Operadores Independientes brit\u00e1nicos celebran su conferencia en C\u00f3rdoba capital","author":{"@id":"https:\/\/eldigitaldeasturias.com\/magazine365\/author\/admin\/#author"},"publisher":{"@id":"https:\/\/eldigitaldeasturias.com\/magazine365\/#organization"},"image":{"@type":"ImageObject","url":"https:\/\/eldigitaldeasturias.com\/magazine365\/wp-content\/uploads\/2015\/06\/fotonoticia_20150610132200_800.jpg","width":800,"height":583},"datePublished":"2015-06-11T05:08:36+02:00","dateModified":"2015-06-11T05:08:36+02:00","inLanguage":"es-ES","mainEntityOfPage":{"@id":"https:\/\/eldigitaldeasturias.com\/magazine365\/la-asociacion-de-operadores-independientes-britanicos-celebran-su-conferencia-en-cordoba-capital\/#webpage"},"isPartOf":{"@id":"https:\/\/eldigitaldeasturias.com\/magazine365\/la-asociacion-de-operadores-independientes-britanicos-celebran-su-conferencia-en-cordoba-capital\/#webpage"},"articleSection":"Actualidad Turismo"},{"@type":"BreadcrumbList","@id":"https:\/\/eldigitaldeasturias.com\/magazine365\/la-asociacion-de-operadores-independientes-britanicos-celebran-su-conferencia-en-cordoba-capital\/#breadcrumblist","itemListElement":[{"@type":"ListItem","@id":"https:\/\/eldigitaldeasturias.com\/magazine365#listItem","position":1,"name":"Home","item":"https:\/\/eldigitaldeasturias.com\/magazine365","nextItem":{"@type":"ListItem","@id":"https:\/\/eldigitaldeasturias.com\/magazine365\/category\/actualidad-turismo\/#listItem","name":"Actualidad Turismo"}},{"@type":"ListItem","@id":"https:\/\/eldigitaldeasturias.com\/magazine365\/category\/actualidad-turismo\/#listItem","position":2,"name":"Actualidad Turismo","item":"https:\/\/eldigitaldeasturias.com\/magazine365\/category\/actualidad-turismo\/","nextItem":{"@type":"ListItem","@id":"https:\/\/eldigitaldeasturias.com\/magazine365\/la-asociacion-de-operadores-independientes-britanicos-celebran-su-conferencia-en-cordoba-capital\/#listItem","name":"La Asociaci\u00f3n de Operadores Independientes brit\u00e1nicos celebran su conferencia en C\u00f3rdoba capital"},"previousItem":{"@type":"ListItem","@id":"https:\/\/eldigitaldeasturias.com\/magazine365#listItem","name":"Home"}},{"@type":"ListItem","@id":"https:\/\/eldigitaldeasturias.com\/magazine365\/la-asociacion-de-operadores-independientes-britanicos-celebran-su-conferencia-en-cordoba-capital\/#listItem","position":3,"name":"La Asociaci\u00f3n de Operadores Independientes brit\u00e1nicos celebran su conferencia en C\u00f3rdoba capital","previousItem":{"@type":"ListItem","@id":"https:\/\/eldigitaldeasturias.com\/magazine365\/category\/actualidad-turismo\/#listItem","name":"Actualidad Turismo"}}]},{"@type":"Organization","@id":"https:\/\/eldigitaldeasturias.com\/magazine365\/#organization","name":"El digital de Asturias","description":"Revista de ocio, turismo y estilo de vida","url":"https:\/\/eldigitaldeasturias.com\/magazine365\/","logo":{"@type":"ImageObject","url":"https:\/\/www.eldigitaldeasturias.com\/noticias\/wp-content\/uploads\/2020\/12\/EDA.jpg","@id":"https:\/\/eldigitaldeasturias.com\/magazine365\/la-asociacion-de-operadores-independientes-britanicos-celebran-su-conferencia-en-cordoba-capital\/#organizationLogo"},"image":{"@id":"https:\/\/eldigitaldeasturias.com\/magazine365\/la-asociacion-de-operadores-independientes-britanicos-celebran-su-conferencia-en-cordoba-capital\/#organizationLogo"}},{"@type":"Person","@id":"https:\/\/eldigitaldeasturias.com\/magazine365\/author\/admin\/#author","url":"https:\/\/eldigitaldeasturias.com\/magazine365\/author\/admin\/","name":"admin","image":{"@type":"ImageObject","@id":"https:\/\/eldigitaldeasturias.com\/magazine365\/la-asociacion-de-operadores-independientes-britanicos-celebran-su-conferencia-en-cordoba-capital\/#authorImage","url":"https:\/\/eldigitaldeasturias.com\/magazine365\/wp-content\/litespeed\/avatar\/e571bcf59a0edd6fa6838245a470f2fe.jpg?ver=1776969259","width":96,"height":96,"caption":"admin"}},{"@type":"WebPage","@id":"https:\/\/eldigitaldeasturias.com\/magazine365\/la-asociacion-de-operadores-independientes-britanicos-celebran-su-conferencia-en-cordoba-capital\/#webpage","url":"https:\/\/eldigitaldeasturias.com\/magazine365\/la-asociacion-de-operadores-independientes-britanicos-celebran-su-conferencia-en-cordoba-capital\/","name":"La Asociaci\u00f3n de Operadores Independientes brit\u00e1nicos celebran su conferencia en C\u00f3rdoba capital | El Digital de Asturias","description":"M\u00e1s de 150 agentes pertenecientes a la Asociaci\u00f3n de Operadores Independientes del Reino Unido (AITO) se re\u00fanen desde este jueves y hasta el pr\u00f3ximo 14 de junio en C\u00f3rdoba para celebrar su conferencia anual, encuentro en el que colabora la Consejer\u00eda de Turismo y Comercio junto a Turespa\u00f1a y el Patronato Provincial de Turismo cordob\u00e9s.","inLanguage":"es-ES","isPartOf":{"@id":"https:\/\/eldigitaldeasturias.com\/magazine365\/#website"},"breadcrumb":{"@id":"https:\/\/eldigitaldeasturias.com\/magazine365\/la-asociacion-de-operadores-independientes-britanicos-celebran-su-conferencia-en-cordoba-capital\/#breadcrumblist"},"author":{"@id":"https:\/\/eldigitaldeasturias.com\/magazine365\/author\/admin\/#author"},"creator":{"@id":"https:\/\/eldigitaldeasturias.com\/magazine365\/author\/admin\/#author"},"image":{"@type":"ImageObject","url":"https:\/\/eldigitaldeasturias.com\/magazine365\/wp-content\/uploads\/2015\/06\/fotonoticia_20150610132200_800.jpg","@id":"https:\/\/eldigitaldeasturias.com\/magazine365\/la-asociacion-de-operadores-independientes-britanicos-celebran-su-conferencia-en-cordoba-capital\/#mainImage","width":800,"height":583},"primaryImageOfPage":{"@id":"https:\/\/eldigitaldeasturias.com\/magazine365\/la-asociacion-de-operadores-independientes-britanicos-celebran-su-conferencia-en-cordoba-capital\/#mainImage"},"datePublished":"2015-06-11T05:08:36+02:00","dateModified":"2015-06-11T05:08:36+02:00"},{"@type":"WebSite","@id":"https:\/\/eldigitaldeasturias.com\/magazine365\/#website","url":"https:\/\/eldigitaldeasturias.com\/magazine365\/","name":"El Digital de Asturias","description":"Revista de ocio, turismo y estilo de vida","inLanguage":"es-ES","publisher":{"@id":"https:\/\/eldigitaldeasturias.com\/magazine365\/#organization"}}]},"og:locale":"es_ES","og:site_name":"El Digital de Asturias \u2013 Revista de ocio, turismo y estilo de vida","og:type":"article","og:title":"La Asociaci\u00f3n de Operadores Independientes brit\u00e1nicos celebran su conferencia en C\u00f3rdoba capital | El Digital de Asturias","og:description":"M\u00e1s de 150 agentes pertenecientes a la Asociaci\u00f3n de Operadores Independientes del Reino Unido (AITO) se re\u00fanen desde este jueves y hasta el pr\u00f3ximo 14 de junio en C\u00f3rdoba para celebrar su conferencia anual, encuentro en el que colabora la Consejer\u00eda de Turismo y Comercio junto a Turespa\u00f1a y el Patronato Provincial de Turismo cordob\u00e9s.","og:url":"https:\/\/eldigitaldeasturias.com\/magazine365\/la-asociacion-de-operadores-independientes-britanicos-celebran-su-conferencia-en-cordoba-capital\/","og:image":"https:\/\/eldigitaldeasturias.com\/magazine365\/wp-content\/uploads\/2015\/06\/fotonoticia_20150610132200_800.jpg","og:image:secure_url":"https:\/\/eldigitaldeasturias.com\/magazine365\/wp-content\/uploads\/2015\/06\/fotonoticia_20150610132200_800.jpg","og:image:width":800,"og:image:height":583,"article:published_time":"2015-06-11T03:38:36+00:00","article:modified_time":"2015-06-11T03:38:36+00:00","twitter:card":"summary_large_image","twitter:title":"La Asociaci\u00f3n de Operadores Independientes brit\u00e1nicos celebran su conferencia en C\u00f3rdoba capital | El Digital de Asturias","twitter:description":"M\u00e1s de 150 agentes pertenecientes a la Asociaci\u00f3n de Operadores Independientes del Reino Unido (AITO) se re\u00fanen desde este jueves y hasta el pr\u00f3ximo 14 de junio en C\u00f3rdoba para celebrar su conferencia anual, encuentro en el que colabora la Consejer\u00eda de Turismo y Comercio junto a Turespa\u00f1a y el Patronato Provincial de Turismo cordob\u00e9s.","twitter:image":"https:\/\/eldigitaldeasturias.com\/magazine365\/wp-content\/uploads\/2015\/06\/fotonoticia_20150610132200_800.jpg"},"aioseo_meta_data":{"post_id":"39456","title":null,"description":null,"keywords":null,"keyphrases":null,"primary_term":null,"canonical_url":null,"og_title":null,"og_description":null,"og_object_type":"default","og_image_type":"default","og_image_url":null,"og_image_width":null,"og_image_height":null,"og_image_custom_url":null,"og_image_custom_fields":null,"og_video":null,"og_custom_url":null,"og_article_section":null,"og_article_tags":null,"twitter_use_og":false,"twitter_card":"default","twitter_image_type":"default","twitter_image_url":null,"twitter_image_custom_url":null,"twitter_image_custom_fields":null,"twitter_title":null,"twitter_description":null,"schema":{"blockGraphs":[],"customGraphs":[],"default":{"data":{"Article":[],"Course":[],"Dataset":[],"FAQPage":[],"Movie":[],"Person":[],"Product":[],"ProductReview":[],"Car":[],"Recipe":[],"Service":[],"SoftwareApplication":[],"WebPage":[]},"graphName":"","isEnabled":true},"graphs":[],"defaultGraph":"","defaultPostTypeGraph":""},"schema_type":null,"schema_type_options":null,"pillar_content":false,"robots_default":true,"robots_noindex":false,"robots_noarchive":false,"robots_nosnippet":false,"robots_nofollow":false,"robots_noimageindex":false,"robots_noodp":false,"robots_notranslate":false,"robots_max_snippet":null,"robots_max_videopreview":null,"robots_max_imagepreview":"large","priority":null,"frequency":null,"location":null,"local_seo":null,"seo_analyzer_scan_date":"2025-09-19 11:40:18","breadcrumb_settings":null,"limit_modified_date":false,"open_ai":null,"ai":null,"created":"2021-03-09 02:40:52","updated":"2025-09-19 11:40:18"},"aioseo_breadcrumb":"<div class=\"aioseo-breadcrumbs\"><span class=\"aioseo-breadcrumb\">\n\t<a href=\"https:\/\/eldigitaldeasturias.com\/magazine365\" title=\"Home\">Home<\/a>\n<\/span><span class=\"aioseo-breadcrumb-separator\">\u2013<\/span><span class=\"aioseo-breadcrumb\">\n\t<a href=\"https:\/\/eldigitaldeasturias.com\/magazine365\/category\/actualidad-turismo\/\" title=\"Actualidad Turismo\">Actualidad Turismo<\/a>\n<\/span><span class=\"aioseo-breadcrumb-separator\">\u2013<\/span><span class=\"aioseo-breadcrumb\">\n\t<a href=\"https:\/\/eldigitaldeasturias.com\/magazine365\/la-asociacion-de-operadores-independientes-britanicos-celebran-su-conferencia-en-cordoba-capital\/\" title=\"La Asociaci\u00f3n de Operadores Independientes brit\u00e1nicos celebran su conferencia en C\u00f3rdoba capital\">La Asociaci\u00f3n de Operadores Independientes brit\u00e1nicos celebran su conferencia en C\u00f3rdoba capital<\/a>\n<\/span><\/div>","aioseo_breadcrumb_json":[{"label":"Home","link":"https:\/\/eldigitaldeasturias.com\/magazine365"},{"label":"Actualidad Turismo","link":"https:\/\/eldigitaldeasturias.com\/magazine365\/category\/actualidad-turismo\/"},{"label":"La Asociaci\u00f3n de Operadores Independientes brit\u00e1nicos celebran su conferencia en C\u00f3rdoba capital","link":"https:\/\/eldigitaldeasturias.com\/magazine365\/la-asociacion-de-operadores-independientes-britanicos-celebran-su-conferencia-en-cordoba-capital\/"}],"_links":{"self":[{"href":"https:\/\/eldigitaldeasturias.com\/magazine365\/wp-json\/wp\/v2\/posts\/39456","targetHints":{"allow":["GET"]}}],"collection":[{"href":"https:\/\/eldigitaldeasturias.com\/magazine365\/wp-json\/wp\/v2\/posts"}],"about":[{"href":"https:\/\/eldigitaldeasturias.com\/magazine365\/wp-json\/wp\/v2\/types\/post"}],"author":[{"embeddable":true,"href":"https:\/\/eldigitaldeasturias.com\/magazine365\/wp-json\/wp\/v2\/users\/1"}],"replies":[{"embeddable":true,"href":"https:\/\/eldigitaldeasturias.com\/magazine365\/wp-json\/wp\/v2\/comments?post=39456"}],"version-history":[{"count":0,"href":"https:\/\/eldigitaldeasturias.com\/magazine365\/wp-json\/wp\/v2\/posts\/39456\/revisions"}],"wp:featuredmedia":[{"embeddable":true,"href":"https:\/\/eldigitaldeasturias.com\/magazine365\/wp-json\/wp\/v2\/media\/39457"}],"wp:attachment":[{"href":"https:\/\/eldigitaldeasturias.com\/magazine365\/wp-json\/wp\/v2\/media?parent=39456"}],"wp:term":[{"taxonomy":"category","embeddable":true,"href":"https:\/\/eldigitaldeasturias.com\/magazine365\/wp-json\/wp\/v2\/categories?post=39456"},{"taxonomy":"post_tag","embeddable":true,"href":"https:\/\/eldigitaldeasturias.com\/magazine365\/wp-json\/wp\/v2\/tags?post=39456"}],"curies":[{"name":"wp","href":"https:\/\/api.w.org\/{rel}","templated":true}]}}