{"id":39442,"date":"2015-06-10T15:35:20","date_gmt":"2015-06-10T14:05:20","guid":{"rendered":"http:\/\/eldigitaldeasturias.com\/magazine365\/?p=39442"},"modified":"2015-06-10T15:35:20","modified_gmt":"2015-06-10T14:05:20","slug":"lufthansa-recalca-que-se-sigue-mejorando-la-seguridad-tras-la-tragedia-de-germanwings","status":"publish","type":"post","link":"https:\/\/eldigitaldeasturias.com\/magazine365\/lufthansa-recalca-que-se-sigue-mejorando-la-seguridad-tras-la-tragedia-de-germanwings\/","title":{"rendered":"Lufthansa recalca que \u00abse sigue mejorando la seguridad\u00bb tras la tragedia de Germanwings"},"content":{"rendered":"<p><img fetchpriority=\"high\" decoding=\"async\" class=\"alignleft size-medium wp-image-39443\" src=\"https:\/\/eldigitaldeasturias.com\/magazine365\/wp-content\/uploads\/2015\/06\/fotonoticia_20150610130314_800-360x240.jpg\" alt=\"fotonoticia_20150610130314_800\" width=\"360\" height=\"240\" srcset=\"https:\/\/eldigitaldeasturias.com\/magazine365\/wp-content\/uploads\/2015\/06\/fotonoticia_20150610130314_800-360x240.jpg 360w, https:\/\/eldigitaldeasturias.com\/magazine365\/wp-content\/uploads\/2015\/06\/fotonoticia_20150610130314_800-650x434.jpg 650w, https:\/\/eldigitaldeasturias.com\/magazine365\/wp-content\/uploads\/2015\/06\/fotonoticia_20150610130314_800-768x513.jpg 768w, https:\/\/eldigitaldeasturias.com\/magazine365\/wp-content\/uploads\/2015\/06\/fotonoticia_20150610130314_800-150x100.jpg 150w, https:\/\/eldigitaldeasturias.com\/magazine365\/wp-content\/uploads\/2015\/06\/fotonoticia_20150610130314_800-450x300.jpg 450w, https:\/\/eldigitaldeasturias.com\/magazine365\/wp-content\/uploads\/2015\/06\/fotonoticia_20150610130314_800-696x465.jpg 696w, https:\/\/eldigitaldeasturias.com\/magazine365\/wp-content\/uploads\/2015\/06\/fotonoticia_20150610130314_800-629x420.jpg 629w, https:\/\/eldigitaldeasturias.com\/magazine365\/wp-content\/uploads\/2015\/06\/fotonoticia_20150610130314_800-84x55.jpg 84w, https:\/\/eldigitaldeasturias.com\/magazine365\/wp-content\/uploads\/2015\/06\/fotonoticia_20150610130314_800.jpg 800w\" sizes=\"(max-width: 360px) 100vw, 360px\" \/>Lufthansa ha asegurado que el grupo a\u00e9reo alem\u00e1n sigue \u00abtrabajando en la mejora la seguridad\u00bb de la compa\u00f1\u00eda, tras el accidente de Germanwings en los Alpes franceses el pasado 24 de marzo, en el que murieron 150 personas, entre ellas 50 espa\u00f1oles, y que \u00e9sta es su \u00abprioridad n\u00famero uno, dos y tres\u00bb.<\/p>\n<p>En su presentaci\u00f3n en Madrid, el nuevo director de Lufthansa para Espa\u00f1a y Portugal, Carsten Hoffmann, ha asegurado que este tr\u00e1fico accidente \u00abcambi\u00f3 la compa\u00f1\u00eda para siempre\u00bb, si bien considera que la imagen de la compa\u00f1\u00eda sigue siendo ola de \u00abuna aerol\u00ednea segura\u00bb.<\/p>\n<p>\u00abNo ha pasado ni un d\u00eda sin que pensemos en las v\u00edctimas\u00bb, ha asegurado Hoffmann, quien valor\u00f3 el accidente del vuelo 4U9525 como un \u00abantes y despu\u00e9s en la historia de la compa\u00f1\u00eda\u00bb.<\/p>\n<p>Hoffmann quiso dar las gracias a todos los socios, clientes, medios e incluso a la competencia, que mostr\u00f3 sus condolencias tras la tragedia a\u00e9rea.<\/p>\n<p>El directivo admiti\u00f3 que los primeros d\u00edas tras el accidente se constat\u00f3 un descenso en el n\u00famero de pasajeros en Germanwings, pero tras conocerse las causas que provocaron el accidente, \u00ablos datos volvieron a la normalidad\u00bb, explica.<\/p>\n<p>CONTROLES M\u00c9DICOS.<\/p>\n<p>El grupo alem\u00e1n Lufthansa, propietario de Germanwings, anunci\u00f3 en mayo que se plantea realizar a sus pilotos ex\u00e1menes psicol\u00f3gicos sin previo aviso tras el accidente de su filial en los Alpes franceses. De hecho, un grupo de expertos est\u00e1 revisando los ex\u00e1menes m\u00e9dicos y psicol\u00f3gicos que se realizan a los pilotos en Alemania en colaboraci\u00f3n con Asociaci\u00f3n de Aviaci\u00f3n de Alemania (BDL).<\/p>\n<p>Al respecto, Hoffmann indic\u00f3 que la compa\u00f1\u00eda est\u00e1 colaborando con BDL y compartiendo experiencias con distintos organismos para mejorar los niveles de seguridad.<\/p>\n<p>Seg\u00fan la Fiscal\u00eda de Marsella, encargada de la investigaci\u00f3n, el copiloto Andreas Lubitz, que sufr\u00eda una depresi\u00f3n severa, estrell\u00f3 deliberadamente el avi\u00f3n. Lubitz manipul\u00f3 los controles de la aeronave en el vuelo precedente para que descendieran bruscamente hasta los 100 pies, seg\u00fan consta tambi\u00e9n en el informe preliminar elaborado por la Oficina de Investigaci\u00f3n y An\u00e1lisis de Accidentes de Aviaci\u00f3n Civil de Francia (BEA).<\/p>\n<p>NUEVOS PROCEDIMIENTOS DE SEGURIDAD EN CABINA.<\/p>\n<p>Hoffmann record\u00f3 que el grupo a\u00e9reo ha aplicado un nuevo procedimiento de seguridad en cabina, as\u00ed como alguien que supervise la actividad en esta zona vital de la aeronave, para seguir trabajando en la mejora de la seguridad de la marca tras el accidente.<\/p>\n<p>Ayudan tambi\u00e9n peque\u00f1os detalles como que el piloto salude a los pasajeros al entrar el avi\u00f3n, \u00abya que genera confianza en los viajeros\u00bb, detall\u00f3 el alto ejecutivo.<\/p>\n<p>Dos d\u00edas despu\u00e9s del accidente, Lufthansa anunci\u00f3 que obligar\u00eda a todas sus aerol\u00edneas &#8211;Lufthansa, Germanwings que ser\u00e1 absorbida por Eurowings, Swiss, Brussels Airlines, y Austrian Airlines&#8211; a que haya dos miembros de la tripulaci\u00f3n autorizados en la cabina de pilotaje en todo momento,<\/p>\n<p>Siguiendo las recomendaciones de la Agencia Europea de Seguridad A\u00e9rea (EASA), en el caso de la ausencia de cualquiera de los dos pilotos (comandante o copiloto) durante el vuelo en cualquier momento, un miembro de la tripulaci\u00f3n autorizado debe estar presente en la cabina con el piloto que permanezca en la cabina.<\/p>\n<p>Asimismo, Lufthansa ampli\u00f3 sus estructuras de seguridad al crear una nuevo puesto de piloto de seguridad del grupo, cargo que recae en el comandante Werner Maas, que compaginar\u00e1 con sus funciones actuales como piloto de seguridad en Lufthansa.<\/p>\n<p>Los f\u00e9retros con los restos mortales de 44 de las 150 personas que perdieron la vida en el vuelo de Germanwings que se estrell\u00f3 en los Alpes franceses el pasado 24 de marzo ser\u00e1n repatriados este mi\u00e9rcoles a D\u00fcsseldorf (Alemania), donde podr\u00e1n verlos sus familiares en un hangar del aeropuerto.<\/p>\n<p>Los cuerpos del resto de v\u00edctimas ser\u00e1n repatriados durante las pr\u00f3ximas semanas. Los pasajeros del vuelo eran de 18 pa\u00edses distintos, en su mayor\u00eda de Alemania y Espa\u00f1a.<\/p>\n","protected":false},"excerpt":{"rendered":"<p>Lufthansa ha asegurado que el grupo a\u00e9reo alem\u00e1n sigue \u00abtrabajando en la mejora la seguridad\u00bb de la compa\u00f1\u00eda, tras el accidente de Germanwings en los Alpes franceses el pasado 24 de marzo, en el que murieron 150 personas, entre ellas 50 espa\u00f1oles, y que \u00e9sta es su \u00abprioridad n\u00famero uno, dos y tres\u00bb. En su<\/p>\n","protected":false},"author":1,"featured_media":39443,"comment_status":"open","ping_status":"closed","sticky":false,"template":"","format":"standard","meta":{"footnotes":""},"categories":[222],"tags":[],"class_list":{"0":"post-39442","1":"post","2":"type-post","3":"status-publish","4":"format-standard","5":"has-post-thumbnail","7":"category-actualidad-turismo"},"aioseo_notices":[],"aioseo_head":"\n\t\t<!-- All in One SEO Pro 4.9.6.1 - aioseo.com -->\n\t<meta name=\"description\" content=\"Lufthansa ha asegurado que el grupo a\u00e9reo alem\u00e1n sigue &quot;trabajando en la mejora la seguridad&quot; de la compa\u00f1\u00eda, tras el accidente de Germanwings en los Alpes franceses el pasado 24 de marzo, en el que murieron 150 personas, entre ellas 50 espa\u00f1oles, y que \u00e9sta es su &quot;prioridad n\u00famero uno, dos y tres&quot;. En su\" \/>\n\t<meta name=\"robots\" content=\"max-image-preview:large\" \/>\n\t<meta name=\"author\" content=\"admin\"\/>\n\t<meta name=\"google-site-verification\" content=\"UA-38556648-1\" \/>\n\t<meta name=\"keywords\" content=\"actualidad turismo\" \/>\n\t<link rel=\"canonical\" href=\"https:\/\/eldigitaldeasturias.com\/magazine365\/lufthansa-recalca-que-se-sigue-mejorando-la-seguridad-tras-la-tragedia-de-germanwings\/\" \/>\n\t<meta name=\"generator\" content=\"All in One SEO Pro (AIOSEO) 4.9.6.1\" \/>\n\t\t<meta property=\"og:locale\" content=\"es_ES\" \/>\n\t\t<meta property=\"og:site_name\" content=\"El Digital de Asturias \u2013 Revista de ocio, turismo y estilo de vida\" \/>\n\t\t<meta property=\"og:type\" content=\"article\" \/>\n\t\t<meta property=\"og:title\" content=\"Lufthansa recalca que \u00abse sigue mejorando la seguridad\u00bb tras la tragedia de Germanwings | El Digital de Asturias\" \/>\n\t\t<meta property=\"og:description\" content=\"Lufthansa ha asegurado que el grupo a\u00e9reo alem\u00e1n sigue &quot;trabajando en la mejora la seguridad&quot; de la compa\u00f1\u00eda, tras el accidente de Germanwings en los Alpes franceses el pasado 24 de marzo, en el que murieron 150 personas, entre ellas 50 espa\u00f1oles, y que \u00e9sta es su &quot;prioridad n\u00famero uno, dos y tres&quot;. En su\" \/>\n\t\t<meta property=\"og:url\" content=\"https:\/\/eldigitaldeasturias.com\/magazine365\/lufthansa-recalca-que-se-sigue-mejorando-la-seguridad-tras-la-tragedia-de-germanwings\/\" \/>\n\t\t<meta property=\"og:image\" content=\"https:\/\/eldigitaldeasturias.com\/magazine365\/wp-content\/uploads\/2015\/06\/fotonoticia_20150610130314_800.jpg\" \/>\n\t\t<meta property=\"og:image:secure_url\" content=\"https:\/\/eldigitaldeasturias.com\/magazine365\/wp-content\/uploads\/2015\/06\/fotonoticia_20150610130314_800.jpg\" \/>\n\t\t<meta property=\"og:image:width\" content=\"800\" \/>\n\t\t<meta property=\"og:image:height\" content=\"534\" \/>\n\t\t<meta property=\"article:published_time\" content=\"2015-06-10T14:05:20+00:00\" \/>\n\t\t<meta property=\"article:modified_time\" content=\"2015-06-10T14:05:20+00:00\" \/>\n\t\t<meta name=\"twitter:card\" content=\"summary_large_image\" \/>\n\t\t<meta name=\"twitter:title\" content=\"Lufthansa recalca que \u00abse sigue mejorando la seguridad\u00bb tras la tragedia de Germanwings | El Digital de Asturias\" \/>\n\t\t<meta name=\"twitter:description\" content=\"Lufthansa ha asegurado que el grupo a\u00e9reo alem\u00e1n sigue &quot;trabajando en la mejora la seguridad&quot; de la compa\u00f1\u00eda, tras el accidente de Germanwings en los Alpes franceses el pasado 24 de marzo, en el que murieron 150 personas, entre ellas 50 espa\u00f1oles, y que \u00e9sta es su &quot;prioridad n\u00famero uno, dos y tres&quot;. En su\" \/>\n\t\t<meta name=\"twitter:image\" content=\"https:\/\/eldigitaldeasturias.com\/magazine365\/wp-content\/uploads\/2015\/06\/fotonoticia_20150610130314_800.jpg\" \/>\n\t\t<script type=\"application\/ld+json\" class=\"aioseo-schema\">\n\t\t\t{\"@context\":\"https:\\\/\\\/schema.org\",\"@graph\":[{\"@type\":\"Article\",\"@id\":\"https:\\\/\\\/eldigitaldeasturias.com\\\/magazine365\\\/lufthansa-recalca-que-se-sigue-mejorando-la-seguridad-tras-la-tragedia-de-germanwings\\\/#article\",\"name\":\"Lufthansa recalca que \\u00abse sigue mejorando la seguridad\\u00bb tras la tragedia de Germanwings | El Digital de Asturias\",\"headline\":\"Lufthansa recalca que \\u00abse sigue mejorando la seguridad\\u00bb tras la tragedia de Germanwings\",\"author\":{\"@id\":\"https:\\\/\\\/eldigitaldeasturias.com\\\/magazine365\\\/author\\\/admin\\\/#author\"},\"publisher\":{\"@id\":\"https:\\\/\\\/eldigitaldeasturias.com\\\/magazine365\\\/#organization\"},\"image\":{\"@type\":\"ImageObject\",\"url\":\"https:\\\/\\\/eldigitaldeasturias.com\\\/magazine365\\\/wp-content\\\/uploads\\\/2015\\\/06\\\/fotonoticia_20150610130314_800.jpg\",\"width\":800,\"height\":534},\"datePublished\":\"2015-06-10T15:35:20+02:00\",\"dateModified\":\"2015-06-10T15:35:20+02:00\",\"inLanguage\":\"es-ES\",\"mainEntityOfPage\":{\"@id\":\"https:\\\/\\\/eldigitaldeasturias.com\\\/magazine365\\\/lufthansa-recalca-que-se-sigue-mejorando-la-seguridad-tras-la-tragedia-de-germanwings\\\/#webpage\"},\"isPartOf\":{\"@id\":\"https:\\\/\\\/eldigitaldeasturias.com\\\/magazine365\\\/lufthansa-recalca-que-se-sigue-mejorando-la-seguridad-tras-la-tragedia-de-germanwings\\\/#webpage\"},\"articleSection\":\"Actualidad Turismo\"},{\"@type\":\"BreadcrumbList\",\"@id\":\"https:\\\/\\\/eldigitaldeasturias.com\\\/magazine365\\\/lufthansa-recalca-que-se-sigue-mejorando-la-seguridad-tras-la-tragedia-de-germanwings\\\/#breadcrumblist\",\"itemListElement\":[{\"@type\":\"ListItem\",\"@id\":\"https:\\\/\\\/eldigitaldeasturias.com\\\/magazine365#listItem\",\"position\":1,\"name\":\"Home\",\"item\":\"https:\\\/\\\/eldigitaldeasturias.com\\\/magazine365\",\"nextItem\":{\"@type\":\"ListItem\",\"@id\":\"https:\\\/\\\/eldigitaldeasturias.com\\\/magazine365\\\/category\\\/actualidad-turismo\\\/#listItem\",\"name\":\"Actualidad Turismo\"}},{\"@type\":\"ListItem\",\"@id\":\"https:\\\/\\\/eldigitaldeasturias.com\\\/magazine365\\\/category\\\/actualidad-turismo\\\/#listItem\",\"position\":2,\"name\":\"Actualidad Turismo\",\"item\":\"https:\\\/\\\/eldigitaldeasturias.com\\\/magazine365\\\/category\\\/actualidad-turismo\\\/\",\"nextItem\":{\"@type\":\"ListItem\",\"@id\":\"https:\\\/\\\/eldigitaldeasturias.com\\\/magazine365\\\/lufthansa-recalca-que-se-sigue-mejorando-la-seguridad-tras-la-tragedia-de-germanwings\\\/#listItem\",\"name\":\"Lufthansa recalca que \\u00abse sigue mejorando la seguridad\\u00bb tras la tragedia de Germanwings\"},\"previousItem\":{\"@type\":\"ListItem\",\"@id\":\"https:\\\/\\\/eldigitaldeasturias.com\\\/magazine365#listItem\",\"name\":\"Home\"}},{\"@type\":\"ListItem\",\"@id\":\"https:\\\/\\\/eldigitaldeasturias.com\\\/magazine365\\\/lufthansa-recalca-que-se-sigue-mejorando-la-seguridad-tras-la-tragedia-de-germanwings\\\/#listItem\",\"position\":3,\"name\":\"Lufthansa recalca que \\u00abse sigue mejorando la seguridad\\u00bb tras la tragedia de Germanwings\",\"previousItem\":{\"@type\":\"ListItem\",\"@id\":\"https:\\\/\\\/eldigitaldeasturias.com\\\/magazine365\\\/category\\\/actualidad-turismo\\\/#listItem\",\"name\":\"Actualidad Turismo\"}}]},{\"@type\":\"Organization\",\"@id\":\"https:\\\/\\\/eldigitaldeasturias.com\\\/magazine365\\\/#organization\",\"name\":\"El digital de Asturias\",\"description\":\"Revista de ocio, turismo y estilo de vida\",\"url\":\"https:\\\/\\\/eldigitaldeasturias.com\\\/magazine365\\\/\",\"logo\":{\"@type\":\"ImageObject\",\"url\":\"https:\\\/\\\/www.eldigitaldeasturias.com\\\/noticias\\\/wp-content\\\/uploads\\\/2020\\\/12\\\/EDA.jpg\",\"@id\":\"https:\\\/\\\/eldigitaldeasturias.com\\\/magazine365\\\/lufthansa-recalca-que-se-sigue-mejorando-la-seguridad-tras-la-tragedia-de-germanwings\\\/#organizationLogo\"},\"image\":{\"@id\":\"https:\\\/\\\/eldigitaldeasturias.com\\\/magazine365\\\/lufthansa-recalca-que-se-sigue-mejorando-la-seguridad-tras-la-tragedia-de-germanwings\\\/#organizationLogo\"}},{\"@type\":\"Person\",\"@id\":\"https:\\\/\\\/eldigitaldeasturias.com\\\/magazine365\\\/author\\\/admin\\\/#author\",\"url\":\"https:\\\/\\\/eldigitaldeasturias.com\\\/magazine365\\\/author\\\/admin\\\/\",\"name\":\"admin\",\"image\":{\"@type\":\"ImageObject\",\"@id\":\"https:\\\/\\\/eldigitaldeasturias.com\\\/magazine365\\\/lufthansa-recalca-que-se-sigue-mejorando-la-seguridad-tras-la-tragedia-de-germanwings\\\/#authorImage\",\"url\":\"https:\\\/\\\/eldigitaldeasturias.com\\\/magazine365\\\/wp-content\\\/litespeed\\\/avatar\\\/e571bcf59a0edd6fa6838245a470f2fe.jpg?ver=1776969259\",\"width\":96,\"height\":96,\"caption\":\"admin\"}},{\"@type\":\"WebPage\",\"@id\":\"https:\\\/\\\/eldigitaldeasturias.com\\\/magazine365\\\/lufthansa-recalca-que-se-sigue-mejorando-la-seguridad-tras-la-tragedia-de-germanwings\\\/#webpage\",\"url\":\"https:\\\/\\\/eldigitaldeasturias.com\\\/magazine365\\\/lufthansa-recalca-que-se-sigue-mejorando-la-seguridad-tras-la-tragedia-de-germanwings\\\/\",\"name\":\"Lufthansa recalca que \\u00abse sigue mejorando la seguridad\\u00bb tras la tragedia de Germanwings | El Digital de Asturias\",\"description\":\"Lufthansa ha asegurado que el grupo a\\u00e9reo alem\\u00e1n sigue \\\"trabajando en la mejora la seguridad\\\" de la compa\\u00f1\\u00eda, tras el accidente de Germanwings en los Alpes franceses el pasado 24 de marzo, en el que murieron 150 personas, entre ellas 50 espa\\u00f1oles, y que \\u00e9sta es su \\\"prioridad n\\u00famero uno, dos y tres\\\". En su\",\"inLanguage\":\"es-ES\",\"isPartOf\":{\"@id\":\"https:\\\/\\\/eldigitaldeasturias.com\\\/magazine365\\\/#website\"},\"breadcrumb\":{\"@id\":\"https:\\\/\\\/eldigitaldeasturias.com\\\/magazine365\\\/lufthansa-recalca-que-se-sigue-mejorando-la-seguridad-tras-la-tragedia-de-germanwings\\\/#breadcrumblist\"},\"author\":{\"@id\":\"https:\\\/\\\/eldigitaldeasturias.com\\\/magazine365\\\/author\\\/admin\\\/#author\"},\"creator\":{\"@id\":\"https:\\\/\\\/eldigitaldeasturias.com\\\/magazine365\\\/author\\\/admin\\\/#author\"},\"image\":{\"@type\":\"ImageObject\",\"url\":\"https:\\\/\\\/eldigitaldeasturias.com\\\/magazine365\\\/wp-content\\\/uploads\\\/2015\\\/06\\\/fotonoticia_20150610130314_800.jpg\",\"@id\":\"https:\\\/\\\/eldigitaldeasturias.com\\\/magazine365\\\/lufthansa-recalca-que-se-sigue-mejorando-la-seguridad-tras-la-tragedia-de-germanwings\\\/#mainImage\",\"width\":800,\"height\":534},\"primaryImageOfPage\":{\"@id\":\"https:\\\/\\\/eldigitaldeasturias.com\\\/magazine365\\\/lufthansa-recalca-que-se-sigue-mejorando-la-seguridad-tras-la-tragedia-de-germanwings\\\/#mainImage\"},\"datePublished\":\"2015-06-10T15:35:20+02:00\",\"dateModified\":\"2015-06-10T15:35:20+02:00\"},{\"@type\":\"WebSite\",\"@id\":\"https:\\\/\\\/eldigitaldeasturias.com\\\/magazine365\\\/#website\",\"url\":\"https:\\\/\\\/eldigitaldeasturias.com\\\/magazine365\\\/\",\"name\":\"El Digital de Asturias\",\"description\":\"Revista de ocio, turismo y estilo de vida\",\"inLanguage\":\"es-ES\",\"publisher\":{\"@id\":\"https:\\\/\\\/eldigitaldeasturias.com\\\/magazine365\\\/#organization\"}}]}\n\t\t<\/script>\n\t\t<!-- All in One SEO Pro -->\r\n\t\t<title>Lufthansa recalca que \u00abse sigue mejorando la seguridad\u00bb tras la tragedia de Germanwings | El Digital de Asturias<\/title>\n\n","aioseo_head_json":{"title":"Lufthansa recalca que \u00abse sigue mejorando la seguridad\u00bb tras la tragedia de Germanwings | El Digital de Asturias","description":"Lufthansa ha asegurado que el grupo a\u00e9reo alem\u00e1n sigue \"trabajando en la mejora la seguridad\" de la compa\u00f1\u00eda, tras el accidente de Germanwings en los Alpes franceses el pasado 24 de marzo, en el que murieron 150 personas, entre ellas 50 espa\u00f1oles, y que \u00e9sta es su \"prioridad n\u00famero uno, dos y tres\". En su","canonical_url":"https:\/\/eldigitaldeasturias.com\/magazine365\/lufthansa-recalca-que-se-sigue-mejorando-la-seguridad-tras-la-tragedia-de-germanwings\/","robots":"max-image-preview:large","keywords":"actualidad turismo","webmasterTools":{"google-site-verification":"UA-38556648-1","miscellaneous":""},"schema":{"@context":"https:\/\/schema.org","@graph":[{"@type":"Article","@id":"https:\/\/eldigitaldeasturias.com\/magazine365\/lufthansa-recalca-que-se-sigue-mejorando-la-seguridad-tras-la-tragedia-de-germanwings\/#article","name":"Lufthansa recalca que \u00abse sigue mejorando la seguridad\u00bb tras la tragedia de Germanwings | El Digital de Asturias","headline":"Lufthansa recalca que \u00abse sigue mejorando la seguridad\u00bb tras la tragedia de Germanwings","author":{"@id":"https:\/\/eldigitaldeasturias.com\/magazine365\/author\/admin\/#author"},"publisher":{"@id":"https:\/\/eldigitaldeasturias.com\/magazine365\/#organization"},"image":{"@type":"ImageObject","url":"https:\/\/eldigitaldeasturias.com\/magazine365\/wp-content\/uploads\/2015\/06\/fotonoticia_20150610130314_800.jpg","width":800,"height":534},"datePublished":"2015-06-10T15:35:20+02:00","dateModified":"2015-06-10T15:35:20+02:00","inLanguage":"es-ES","mainEntityOfPage":{"@id":"https:\/\/eldigitaldeasturias.com\/magazine365\/lufthansa-recalca-que-se-sigue-mejorando-la-seguridad-tras-la-tragedia-de-germanwings\/#webpage"},"isPartOf":{"@id":"https:\/\/eldigitaldeasturias.com\/magazine365\/lufthansa-recalca-que-se-sigue-mejorando-la-seguridad-tras-la-tragedia-de-germanwings\/#webpage"},"articleSection":"Actualidad Turismo"},{"@type":"BreadcrumbList","@id":"https:\/\/eldigitaldeasturias.com\/magazine365\/lufthansa-recalca-que-se-sigue-mejorando-la-seguridad-tras-la-tragedia-de-germanwings\/#breadcrumblist","itemListElement":[{"@type":"ListItem","@id":"https:\/\/eldigitaldeasturias.com\/magazine365#listItem","position":1,"name":"Home","item":"https:\/\/eldigitaldeasturias.com\/magazine365","nextItem":{"@type":"ListItem","@id":"https:\/\/eldigitaldeasturias.com\/magazine365\/category\/actualidad-turismo\/#listItem","name":"Actualidad Turismo"}},{"@type":"ListItem","@id":"https:\/\/eldigitaldeasturias.com\/magazine365\/category\/actualidad-turismo\/#listItem","position":2,"name":"Actualidad Turismo","item":"https:\/\/eldigitaldeasturias.com\/magazine365\/category\/actualidad-turismo\/","nextItem":{"@type":"ListItem","@id":"https:\/\/eldigitaldeasturias.com\/magazine365\/lufthansa-recalca-que-se-sigue-mejorando-la-seguridad-tras-la-tragedia-de-germanwings\/#listItem","name":"Lufthansa recalca que \u00abse sigue mejorando la seguridad\u00bb tras la tragedia de Germanwings"},"previousItem":{"@type":"ListItem","@id":"https:\/\/eldigitaldeasturias.com\/magazine365#listItem","name":"Home"}},{"@type":"ListItem","@id":"https:\/\/eldigitaldeasturias.com\/magazine365\/lufthansa-recalca-que-se-sigue-mejorando-la-seguridad-tras-la-tragedia-de-germanwings\/#listItem","position":3,"name":"Lufthansa recalca que \u00abse sigue mejorando la seguridad\u00bb tras la tragedia de Germanwings","previousItem":{"@type":"ListItem","@id":"https:\/\/eldigitaldeasturias.com\/magazine365\/category\/actualidad-turismo\/#listItem","name":"Actualidad Turismo"}}]},{"@type":"Organization","@id":"https:\/\/eldigitaldeasturias.com\/magazine365\/#organization","name":"El digital de Asturias","description":"Revista de ocio, turismo y estilo de vida","url":"https:\/\/eldigitaldeasturias.com\/magazine365\/","logo":{"@type":"ImageObject","url":"https:\/\/www.eldigitaldeasturias.com\/noticias\/wp-content\/uploads\/2020\/12\/EDA.jpg","@id":"https:\/\/eldigitaldeasturias.com\/magazine365\/lufthansa-recalca-que-se-sigue-mejorando-la-seguridad-tras-la-tragedia-de-germanwings\/#organizationLogo"},"image":{"@id":"https:\/\/eldigitaldeasturias.com\/magazine365\/lufthansa-recalca-que-se-sigue-mejorando-la-seguridad-tras-la-tragedia-de-germanwings\/#organizationLogo"}},{"@type":"Person","@id":"https:\/\/eldigitaldeasturias.com\/magazine365\/author\/admin\/#author","url":"https:\/\/eldigitaldeasturias.com\/magazine365\/author\/admin\/","name":"admin","image":{"@type":"ImageObject","@id":"https:\/\/eldigitaldeasturias.com\/magazine365\/lufthansa-recalca-que-se-sigue-mejorando-la-seguridad-tras-la-tragedia-de-germanwings\/#authorImage","url":"https:\/\/eldigitaldeasturias.com\/magazine365\/wp-content\/litespeed\/avatar\/e571bcf59a0edd6fa6838245a470f2fe.jpg?ver=1776969259","width":96,"height":96,"caption":"admin"}},{"@type":"WebPage","@id":"https:\/\/eldigitaldeasturias.com\/magazine365\/lufthansa-recalca-que-se-sigue-mejorando-la-seguridad-tras-la-tragedia-de-germanwings\/#webpage","url":"https:\/\/eldigitaldeasturias.com\/magazine365\/lufthansa-recalca-que-se-sigue-mejorando-la-seguridad-tras-la-tragedia-de-germanwings\/","name":"Lufthansa recalca que \u00abse sigue mejorando la seguridad\u00bb tras la tragedia de Germanwings | El Digital de Asturias","description":"Lufthansa ha asegurado que el grupo a\u00e9reo alem\u00e1n sigue \"trabajando en la mejora la seguridad\" de la compa\u00f1\u00eda, tras el accidente de Germanwings en los Alpes franceses el pasado 24 de marzo, en el que murieron 150 personas, entre ellas 50 espa\u00f1oles, y que \u00e9sta es su \"prioridad n\u00famero uno, dos y tres\". En su","inLanguage":"es-ES","isPartOf":{"@id":"https:\/\/eldigitaldeasturias.com\/magazine365\/#website"},"breadcrumb":{"@id":"https:\/\/eldigitaldeasturias.com\/magazine365\/lufthansa-recalca-que-se-sigue-mejorando-la-seguridad-tras-la-tragedia-de-germanwings\/#breadcrumblist"},"author":{"@id":"https:\/\/eldigitaldeasturias.com\/magazine365\/author\/admin\/#author"},"creator":{"@id":"https:\/\/eldigitaldeasturias.com\/magazine365\/author\/admin\/#author"},"image":{"@type":"ImageObject","url":"https:\/\/eldigitaldeasturias.com\/magazine365\/wp-content\/uploads\/2015\/06\/fotonoticia_20150610130314_800.jpg","@id":"https:\/\/eldigitaldeasturias.com\/magazine365\/lufthansa-recalca-que-se-sigue-mejorando-la-seguridad-tras-la-tragedia-de-germanwings\/#mainImage","width":800,"height":534},"primaryImageOfPage":{"@id":"https:\/\/eldigitaldeasturias.com\/magazine365\/lufthansa-recalca-que-se-sigue-mejorando-la-seguridad-tras-la-tragedia-de-germanwings\/#mainImage"},"datePublished":"2015-06-10T15:35:20+02:00","dateModified":"2015-06-10T15:35:20+02:00"},{"@type":"WebSite","@id":"https:\/\/eldigitaldeasturias.com\/magazine365\/#website","url":"https:\/\/eldigitaldeasturias.com\/magazine365\/","name":"El Digital de Asturias","description":"Revista de ocio, turismo y estilo de vida","inLanguage":"es-ES","publisher":{"@id":"https:\/\/eldigitaldeasturias.com\/magazine365\/#organization"}}]},"og:locale":"es_ES","og:site_name":"El Digital de Asturias \u2013 Revista de ocio, turismo y estilo de vida","og:type":"article","og:title":"Lufthansa recalca que \u00abse sigue mejorando la seguridad\u00bb tras la tragedia de Germanwings | El Digital de Asturias","og:description":"Lufthansa ha asegurado que el grupo a\u00e9reo alem\u00e1n sigue &quot;trabajando en la mejora la seguridad&quot; de la compa\u00f1\u00eda, tras el accidente de Germanwings en los Alpes franceses el pasado 24 de marzo, en el que murieron 150 personas, entre ellas 50 espa\u00f1oles, y que \u00e9sta es su &quot;prioridad n\u00famero uno, dos y tres&quot;. En su","og:url":"https:\/\/eldigitaldeasturias.com\/magazine365\/lufthansa-recalca-que-se-sigue-mejorando-la-seguridad-tras-la-tragedia-de-germanwings\/","og:image":"https:\/\/eldigitaldeasturias.com\/magazine365\/wp-content\/uploads\/2015\/06\/fotonoticia_20150610130314_800.jpg","og:image:secure_url":"https:\/\/eldigitaldeasturias.com\/magazine365\/wp-content\/uploads\/2015\/06\/fotonoticia_20150610130314_800.jpg","og:image:width":800,"og:image:height":534,"article:published_time":"2015-06-10T14:05:20+00:00","article:modified_time":"2015-06-10T14:05:20+00:00","twitter:card":"summary_large_image","twitter:title":"Lufthansa recalca que \u00abse sigue mejorando la seguridad\u00bb tras la tragedia de Germanwings | El Digital de Asturias","twitter:description":"Lufthansa ha asegurado que el grupo a\u00e9reo alem\u00e1n sigue &quot;trabajando en la mejora la seguridad&quot; de la compa\u00f1\u00eda, tras el accidente de Germanwings en los Alpes franceses el pasado 24 de marzo, en el que murieron 150 personas, entre ellas 50 espa\u00f1oles, y que \u00e9sta es su &quot;prioridad n\u00famero uno, dos y tres&quot;. En su","twitter:image":"https:\/\/eldigitaldeasturias.com\/magazine365\/wp-content\/uploads\/2015\/06\/fotonoticia_20150610130314_800.jpg"},"aioseo_meta_data":{"post_id":"39442","title":null,"description":null,"keywords":null,"keyphrases":null,"primary_term":null,"canonical_url":null,"og_title":null,"og_description":null,"og_object_type":"default","og_image_type":"default","og_image_url":null,"og_image_width":null,"og_image_height":null,"og_image_custom_url":null,"og_image_custom_fields":null,"og_video":null,"og_custom_url":null,"og_article_section":null,"og_article_tags":null,"twitter_use_og":false,"twitter_card":"default","twitter_image_type":"default","twitter_image_url":null,"twitter_image_custom_url":null,"twitter_image_custom_fields":null,"twitter_title":null,"twitter_description":null,"schema":{"blockGraphs":[],"customGraphs":[],"default":{"data":{"Article":[],"Course":[],"Dataset":[],"FAQPage":[],"Movie":[],"Person":[],"Product":[],"ProductReview":[],"Car":[],"Recipe":[],"Service":[],"SoftwareApplication":[],"WebPage":[]},"graphName":"","isEnabled":true},"graphs":[],"defaultGraph":"","defaultPostTypeGraph":""},"schema_type":null,"schema_type_options":null,"pillar_content":false,"robots_default":true,"robots_noindex":false,"robots_noarchive":false,"robots_nosnippet":false,"robots_nofollow":false,"robots_noimageindex":false,"robots_noodp":false,"robots_notranslate":false,"robots_max_snippet":null,"robots_max_videopreview":null,"robots_max_imagepreview":"large","priority":null,"frequency":null,"location":null,"local_seo":null,"seo_analyzer_scan_date":"2025-09-19 11:36:20","breadcrumb_settings":null,"limit_modified_date":false,"open_ai":null,"ai":null,"created":"2021-03-09 02:41:53","updated":"2025-09-19 11:36:20"},"aioseo_breadcrumb":"<div class=\"aioseo-breadcrumbs\"><span class=\"aioseo-breadcrumb\">\n\t<a href=\"https:\/\/eldigitaldeasturias.com\/magazine365\" title=\"Home\">Home<\/a>\n<\/span><span class=\"aioseo-breadcrumb-separator\">\u2013<\/span><span class=\"aioseo-breadcrumb\">\n\t<a href=\"https:\/\/eldigitaldeasturias.com\/magazine365\/category\/actualidad-turismo\/\" title=\"Actualidad Turismo\">Actualidad Turismo<\/a>\n<\/span><span class=\"aioseo-breadcrumb-separator\">\u2013<\/span><span class=\"aioseo-breadcrumb\">\n\t<a href=\"https:\/\/eldigitaldeasturias.com\/magazine365\/lufthansa-recalca-que-se-sigue-mejorando-la-seguridad-tras-la-tragedia-de-germanwings\/\" title=\"Lufthansa recalca que \u00abse sigue mejorando la seguridad\u00bb tras la tragedia de Germanwings\">Lufthansa recalca que \u00abse sigue mejorando la seguridad\u00bb tras la tragedia de Germanwings<\/a>\n<\/span><\/div>","aioseo_breadcrumb_json":[{"label":"Home","link":"https:\/\/eldigitaldeasturias.com\/magazine365"},{"label":"Actualidad Turismo","link":"https:\/\/eldigitaldeasturias.com\/magazine365\/category\/actualidad-turismo\/"},{"label":"Lufthansa recalca que \u00abse sigue mejorando la seguridad\u00bb tras la tragedia de Germanwings","link":"https:\/\/eldigitaldeasturias.com\/magazine365\/lufthansa-recalca-que-se-sigue-mejorando-la-seguridad-tras-la-tragedia-de-germanwings\/"}],"_links":{"self":[{"href":"https:\/\/eldigitaldeasturias.com\/magazine365\/wp-json\/wp\/v2\/posts\/39442","targetHints":{"allow":["GET"]}}],"collection":[{"href":"https:\/\/eldigitaldeasturias.com\/magazine365\/wp-json\/wp\/v2\/posts"}],"about":[{"href":"https:\/\/eldigitaldeasturias.com\/magazine365\/wp-json\/wp\/v2\/types\/post"}],"author":[{"embeddable":true,"href":"https:\/\/eldigitaldeasturias.com\/magazine365\/wp-json\/wp\/v2\/users\/1"}],"replies":[{"embeddable":true,"href":"https:\/\/eldigitaldeasturias.com\/magazine365\/wp-json\/wp\/v2\/comments?post=39442"}],"version-history":[{"count":0,"href":"https:\/\/eldigitaldeasturias.com\/magazine365\/wp-json\/wp\/v2\/posts\/39442\/revisions"}],"wp:featuredmedia":[{"embeddable":true,"href":"https:\/\/eldigitaldeasturias.com\/magazine365\/wp-json\/wp\/v2\/media\/39443"}],"wp:attachment":[{"href":"https:\/\/eldigitaldeasturias.com\/magazine365\/wp-json\/wp\/v2\/media?parent=39442"}],"wp:term":[{"taxonomy":"category","embeddable":true,"href":"https:\/\/eldigitaldeasturias.com\/magazine365\/wp-json\/wp\/v2\/categories?post=39442"},{"taxonomy":"post_tag","embeddable":true,"href":"https:\/\/eldigitaldeasturias.com\/magazine365\/wp-json\/wp\/v2\/tags?post=39442"}],"curies":[{"name":"wp","href":"https:\/\/api.w.org\/{rel}","templated":true}]}}