{"id":39440,"date":"2015-06-10T15:34:05","date_gmt":"2015-06-10T14:04:05","guid":{"rendered":"http:\/\/eldigitaldeasturias.com\/magazine365\/?p=39440"},"modified":"2015-06-10T15:34:05","modified_gmt":"2015-06-10T14:04:05","slug":"leaseplan-se-une-a-la-tendencia-del-mercado-y-lanza-un-contrato-de-renting-de-hasta-diez-anos","status":"publish","type":"post","link":"https:\/\/eldigitaldeasturias.com\/magazine365\/leaseplan-se-une-a-la-tendencia-del-mercado-y-lanza-un-contrato-de-renting-de-hasta-diez-anos\/","title":{"rendered":"LeasePlan se une a la tendencia del mercado y lanza un contrato de renting de hasta diez a\u00f1os"},"content":{"rendered":"<p><img fetchpriority=\"high\" decoding=\"async\" class=\"alignleft size-medium wp-image-38584\" src=\"https:\/\/eldigitaldeasturias.com\/magazine365\/wp-content\/uploads\/2015\/06\/carretera-360x223.jpg\" alt=\"carretera\" width=\"360\" height=\"223\" srcset=\"https:\/\/eldigitaldeasturias.com\/magazine365\/wp-content\/uploads\/2015\/06\/carretera-360x223.jpg 360w, https:\/\/eldigitaldeasturias.com\/magazine365\/wp-content\/uploads\/2015\/06\/carretera-650x403.jpg 650w, https:\/\/eldigitaldeasturias.com\/magazine365\/wp-content\/uploads\/2015\/06\/carretera-768x476.jpg 768w, https:\/\/eldigitaldeasturias.com\/magazine365\/wp-content\/uploads\/2015\/06\/carretera-150x93.jpg 150w, https:\/\/eldigitaldeasturias.com\/magazine365\/wp-content\/uploads\/2015\/06\/carretera-450x279.jpg 450w, https:\/\/eldigitaldeasturias.com\/magazine365\/wp-content\/uploads\/2015\/06\/carretera-356x220.jpg 356w, https:\/\/eldigitaldeasturias.com\/magazine365\/wp-content\/uploads\/2015\/06\/carretera-696x432.jpg 696w, https:\/\/eldigitaldeasturias.com\/magazine365\/wp-content\/uploads\/2015\/06\/carretera-677x420.jpg 677w, https:\/\/eldigitaldeasturias.com\/magazine365\/wp-content\/uploads\/2015\/06\/carretera-279x173.jpg 279w, https:\/\/eldigitaldeasturias.com\/magazine365\/wp-content\/uploads\/2015\/06\/carretera.jpg 800w\" sizes=\"(max-width: 360px) 100vw, 360px\" \/>La empresa de gesti\u00f3n y administraci\u00f3n de flotas y veh\u00edculos LeasePlan, en l\u00ednea con la evoluci\u00f3n del mercado de renting hacia un aumento de la duraci\u00f3n de los contratos, ha creado la Opci\u00f3n 120, que permite a los clientes prolongar hasta diez a\u00f1os el per\u00edodo en el que mantienen el veh\u00edculo.<\/p>\n<p>Seg\u00fan inform\u00f3 la empresa, la duraci\u00f3n media de los contratos de renting se ha incrementado en los \u00faltimos a\u00f1os, de forma que ahora se sit\u00faa en 51 meses (4,2 a\u00f1os) y se ha registrado una tendencia de extensi\u00f3n como una estrategia para mantener el coste de las flotas en un momento de incertidumbre econ\u00f3mica.<\/p>\n<p>Sin embargo, LeasePlan destac\u00f3 que esta pauta no es \u00fanica de la crisis, sino que ha detectado una demanda real por parte de un segmento empresarial que en la actualidad no est\u00e1 satisfecho con los productos que le ofrece el mercado.<\/p>\n<p>Por ello, la compa\u00f1\u00eda ha decidido lanzar la Opci\u00f3n 120, que se adapta las necesidades y requisitos de cada consumidor, puesto que cada empresa puede elegir el plazo de contrataci\u00f3n que m\u00e1s se adecua a su negocio, con un m\u00e1ximo de 120 meses, lo que permite un ahorro, ya que las cuotas mensuales son m\u00e1s reducidas.<\/p>\n<p>La firma subray\u00f3 que el objetivo de esta medida es aportar soluciones que hagan m\u00e1s f\u00e1cil la vida de sus clientes y destac\u00f3 que es la \u00fanica compa\u00f1\u00eda de renting que ofrece este rango de plazos de contrataci\u00f3n.<\/p>\n","protected":false},"excerpt":{"rendered":"<p>La empresa de gesti\u00f3n y administraci\u00f3n de flotas y veh\u00edculos LeasePlan, en l\u00ednea con la evoluci\u00f3n del mercado de renting hacia un aumento de la duraci\u00f3n de los contratos, ha creado la Opci\u00f3n 120, que permite a los clientes prolongar hasta diez a\u00f1os el per\u00edodo en el que mantienen el veh\u00edculo. Seg\u00fan inform\u00f3 la empresa,<\/p>\n","protected":false},"author":1,"featured_media":38584,"comment_status":"open","ping_status":"closed","sticky":false,"template":"","format":"standard","meta":{"footnotes":""},"categories":[222],"tags":[],"class_list":{"0":"post-39440","1":"post","2":"type-post","3":"status-publish","4":"format-standard","5":"has-post-thumbnail","7":"category-actualidad-turismo"},"aioseo_notices":[],"aioseo_head":"\n\t\t<!-- All in One SEO Pro 4.9.6.1 - aioseo.com -->\n\t<meta name=\"description\" content=\"La empresa de gesti\u00f3n y administraci\u00f3n de flotas y veh\u00edculos LeasePlan, en l\u00ednea con la evoluci\u00f3n del mercado de renting hacia un aumento de la duraci\u00f3n de los contratos, ha creado la Opci\u00f3n 120, que permite a los clientes prolongar hasta diez a\u00f1os el per\u00edodo en el que mantienen el veh\u00edculo. Seg\u00fan inform\u00f3 la empresa,\" \/>\n\t<meta name=\"robots\" content=\"max-image-preview:large\" \/>\n\t<meta name=\"author\" content=\"admin\"\/>\n\t<meta name=\"google-site-verification\" content=\"UA-38556648-1\" \/>\n\t<meta name=\"keywords\" content=\"actualidad turismo\" \/>\n\t<link rel=\"canonical\" href=\"https:\/\/eldigitaldeasturias.com\/magazine365\/leaseplan-se-une-a-la-tendencia-del-mercado-y-lanza-un-contrato-de-renting-de-hasta-diez-anos\/\" \/>\n\t<meta name=\"generator\" content=\"All in One SEO Pro (AIOSEO) 4.9.6.1\" \/>\n\t\t<meta property=\"og:locale\" content=\"es_ES\" \/>\n\t\t<meta property=\"og:site_name\" content=\"El Digital de Asturias \u2013 Revista de ocio, turismo y estilo de vida\" \/>\n\t\t<meta property=\"og:type\" content=\"article\" \/>\n\t\t<meta property=\"og:title\" content=\"LeasePlan se une a la tendencia del mercado y lanza un contrato de renting de hasta diez a\u00f1os | El Digital de Asturias\" \/>\n\t\t<meta property=\"og:description\" content=\"La empresa de gesti\u00f3n y administraci\u00f3n de flotas y veh\u00edculos LeasePlan, en l\u00ednea con la evoluci\u00f3n del mercado de renting hacia un aumento de la duraci\u00f3n de los contratos, ha creado la Opci\u00f3n 120, que permite a los clientes prolongar hasta diez a\u00f1os el per\u00edodo en el que mantienen el veh\u00edculo. Seg\u00fan inform\u00f3 la empresa,\" \/>\n\t\t<meta property=\"og:url\" content=\"https:\/\/eldigitaldeasturias.com\/magazine365\/leaseplan-se-une-a-la-tendencia-del-mercado-y-lanza-un-contrato-de-renting-de-hasta-diez-anos\/\" \/>\n\t\t<meta property=\"og:image\" content=\"https:\/\/eldigitaldeasturias.com\/magazine365\/wp-content\/uploads\/2015\/06\/carretera.jpg\" \/>\n\t\t<meta property=\"og:image:secure_url\" content=\"https:\/\/eldigitaldeasturias.com\/magazine365\/wp-content\/uploads\/2015\/06\/carretera.jpg\" \/>\n\t\t<meta property=\"og:image:width\" content=\"800\" \/>\n\t\t<meta property=\"og:image:height\" content=\"496\" \/>\n\t\t<meta property=\"article:published_time\" content=\"2015-06-10T14:04:05+00:00\" \/>\n\t\t<meta property=\"article:modified_time\" content=\"2015-06-10T14:04:05+00:00\" \/>\n\t\t<meta name=\"twitter:card\" content=\"summary_large_image\" \/>\n\t\t<meta name=\"twitter:title\" content=\"LeasePlan se une a la tendencia del mercado y lanza un contrato de renting de hasta diez a\u00f1os | El Digital de Asturias\" \/>\n\t\t<meta name=\"twitter:description\" content=\"La empresa de gesti\u00f3n y administraci\u00f3n de flotas y veh\u00edculos LeasePlan, en l\u00ednea con la evoluci\u00f3n del mercado de renting hacia un aumento de la duraci\u00f3n de los contratos, ha creado la Opci\u00f3n 120, que permite a los clientes prolongar hasta diez a\u00f1os el per\u00edodo en el que mantienen el veh\u00edculo. Seg\u00fan inform\u00f3 la empresa,\" \/>\n\t\t<meta name=\"twitter:image\" content=\"https:\/\/eldigitaldeasturias.com\/magazine365\/wp-content\/uploads\/2015\/06\/carretera.jpg\" \/>\n\t\t<script type=\"application\/ld+json\" class=\"aioseo-schema\">\n\t\t\t{\"@context\":\"https:\\\/\\\/schema.org\",\"@graph\":[{\"@type\":\"Article\",\"@id\":\"https:\\\/\\\/eldigitaldeasturias.com\\\/magazine365\\\/leaseplan-se-une-a-la-tendencia-del-mercado-y-lanza-un-contrato-de-renting-de-hasta-diez-anos\\\/#article\",\"name\":\"LeasePlan se une a la tendencia del mercado y lanza un contrato de renting de hasta diez a\\u00f1os | El Digital de Asturias\",\"headline\":\"LeasePlan se une a la tendencia del mercado y lanza un contrato de renting de hasta diez a\\u00f1os\",\"author\":{\"@id\":\"https:\\\/\\\/eldigitaldeasturias.com\\\/magazine365\\\/author\\\/admin\\\/#author\"},\"publisher\":{\"@id\":\"https:\\\/\\\/eldigitaldeasturias.com\\\/magazine365\\\/#organization\"},\"image\":{\"@type\":\"ImageObject\",\"url\":\"https:\\\/\\\/eldigitaldeasturias.com\\\/magazine365\\\/wp-content\\\/uploads\\\/2015\\\/06\\\/carretera.jpg\",\"width\":800,\"height\":496},\"datePublished\":\"2015-06-10T15:34:05+02:00\",\"dateModified\":\"2015-06-10T15:34:05+02:00\",\"inLanguage\":\"es-ES\",\"mainEntityOfPage\":{\"@id\":\"https:\\\/\\\/eldigitaldeasturias.com\\\/magazine365\\\/leaseplan-se-une-a-la-tendencia-del-mercado-y-lanza-un-contrato-de-renting-de-hasta-diez-anos\\\/#webpage\"},\"isPartOf\":{\"@id\":\"https:\\\/\\\/eldigitaldeasturias.com\\\/magazine365\\\/leaseplan-se-une-a-la-tendencia-del-mercado-y-lanza-un-contrato-de-renting-de-hasta-diez-anos\\\/#webpage\"},\"articleSection\":\"Actualidad Turismo\"},{\"@type\":\"BreadcrumbList\",\"@id\":\"https:\\\/\\\/eldigitaldeasturias.com\\\/magazine365\\\/leaseplan-se-une-a-la-tendencia-del-mercado-y-lanza-un-contrato-de-renting-de-hasta-diez-anos\\\/#breadcrumblist\",\"itemListElement\":[{\"@type\":\"ListItem\",\"@id\":\"https:\\\/\\\/eldigitaldeasturias.com\\\/magazine365#listItem\",\"position\":1,\"name\":\"Home\",\"item\":\"https:\\\/\\\/eldigitaldeasturias.com\\\/magazine365\",\"nextItem\":{\"@type\":\"ListItem\",\"@id\":\"https:\\\/\\\/eldigitaldeasturias.com\\\/magazine365\\\/category\\\/actualidad-turismo\\\/#listItem\",\"name\":\"Actualidad Turismo\"}},{\"@type\":\"ListItem\",\"@id\":\"https:\\\/\\\/eldigitaldeasturias.com\\\/magazine365\\\/category\\\/actualidad-turismo\\\/#listItem\",\"position\":2,\"name\":\"Actualidad Turismo\",\"item\":\"https:\\\/\\\/eldigitaldeasturias.com\\\/magazine365\\\/category\\\/actualidad-turismo\\\/\",\"nextItem\":{\"@type\":\"ListItem\",\"@id\":\"https:\\\/\\\/eldigitaldeasturias.com\\\/magazine365\\\/leaseplan-se-une-a-la-tendencia-del-mercado-y-lanza-un-contrato-de-renting-de-hasta-diez-anos\\\/#listItem\",\"name\":\"LeasePlan se une a la tendencia del mercado y lanza un contrato de renting de hasta diez a\\u00f1os\"},\"previousItem\":{\"@type\":\"ListItem\",\"@id\":\"https:\\\/\\\/eldigitaldeasturias.com\\\/magazine365#listItem\",\"name\":\"Home\"}},{\"@type\":\"ListItem\",\"@id\":\"https:\\\/\\\/eldigitaldeasturias.com\\\/magazine365\\\/leaseplan-se-une-a-la-tendencia-del-mercado-y-lanza-un-contrato-de-renting-de-hasta-diez-anos\\\/#listItem\",\"position\":3,\"name\":\"LeasePlan se une a la tendencia del mercado y lanza un contrato de renting de hasta diez a\\u00f1os\",\"previousItem\":{\"@type\":\"ListItem\",\"@id\":\"https:\\\/\\\/eldigitaldeasturias.com\\\/magazine365\\\/category\\\/actualidad-turismo\\\/#listItem\",\"name\":\"Actualidad Turismo\"}}]},{\"@type\":\"Organization\",\"@id\":\"https:\\\/\\\/eldigitaldeasturias.com\\\/magazine365\\\/#organization\",\"name\":\"El digital de Asturias\",\"description\":\"Revista de ocio, turismo y estilo de vida\",\"url\":\"https:\\\/\\\/eldigitaldeasturias.com\\\/magazine365\\\/\",\"logo\":{\"@type\":\"ImageObject\",\"url\":\"https:\\\/\\\/www.eldigitaldeasturias.com\\\/noticias\\\/wp-content\\\/uploads\\\/2020\\\/12\\\/EDA.jpg\",\"@id\":\"https:\\\/\\\/eldigitaldeasturias.com\\\/magazine365\\\/leaseplan-se-une-a-la-tendencia-del-mercado-y-lanza-un-contrato-de-renting-de-hasta-diez-anos\\\/#organizationLogo\"},\"image\":{\"@id\":\"https:\\\/\\\/eldigitaldeasturias.com\\\/magazine365\\\/leaseplan-se-une-a-la-tendencia-del-mercado-y-lanza-un-contrato-de-renting-de-hasta-diez-anos\\\/#organizationLogo\"}},{\"@type\":\"Person\",\"@id\":\"https:\\\/\\\/eldigitaldeasturias.com\\\/magazine365\\\/author\\\/admin\\\/#author\",\"url\":\"https:\\\/\\\/eldigitaldeasturias.com\\\/magazine365\\\/author\\\/admin\\\/\",\"name\":\"admin\",\"image\":{\"@type\":\"ImageObject\",\"@id\":\"https:\\\/\\\/eldigitaldeasturias.com\\\/magazine365\\\/leaseplan-se-une-a-la-tendencia-del-mercado-y-lanza-un-contrato-de-renting-de-hasta-diez-anos\\\/#authorImage\",\"url\":\"https:\\\/\\\/eldigitaldeasturias.com\\\/magazine365\\\/wp-content\\\/litespeed\\\/avatar\\\/e571bcf59a0edd6fa6838245a470f2fe.jpg?ver=1776969259\",\"width\":96,\"height\":96,\"caption\":\"admin\"}},{\"@type\":\"WebPage\",\"@id\":\"https:\\\/\\\/eldigitaldeasturias.com\\\/magazine365\\\/leaseplan-se-une-a-la-tendencia-del-mercado-y-lanza-un-contrato-de-renting-de-hasta-diez-anos\\\/#webpage\",\"url\":\"https:\\\/\\\/eldigitaldeasturias.com\\\/magazine365\\\/leaseplan-se-une-a-la-tendencia-del-mercado-y-lanza-un-contrato-de-renting-de-hasta-diez-anos\\\/\",\"name\":\"LeasePlan se une a la tendencia del mercado y lanza un contrato de renting de hasta diez a\\u00f1os | El Digital de Asturias\",\"description\":\"La empresa de gesti\\u00f3n y administraci\\u00f3n de flotas y veh\\u00edculos LeasePlan, en l\\u00ednea con la evoluci\\u00f3n del mercado de renting hacia un aumento de la duraci\\u00f3n de los contratos, ha creado la Opci\\u00f3n 120, que permite a los clientes prolongar hasta diez a\\u00f1os el per\\u00edodo en el que mantienen el veh\\u00edculo. Seg\\u00fan inform\\u00f3 la empresa,\",\"inLanguage\":\"es-ES\",\"isPartOf\":{\"@id\":\"https:\\\/\\\/eldigitaldeasturias.com\\\/magazine365\\\/#website\"},\"breadcrumb\":{\"@id\":\"https:\\\/\\\/eldigitaldeasturias.com\\\/magazine365\\\/leaseplan-se-une-a-la-tendencia-del-mercado-y-lanza-un-contrato-de-renting-de-hasta-diez-anos\\\/#breadcrumblist\"},\"author\":{\"@id\":\"https:\\\/\\\/eldigitaldeasturias.com\\\/magazine365\\\/author\\\/admin\\\/#author\"},\"creator\":{\"@id\":\"https:\\\/\\\/eldigitaldeasturias.com\\\/magazine365\\\/author\\\/admin\\\/#author\"},\"image\":{\"@type\":\"ImageObject\",\"url\":\"https:\\\/\\\/eldigitaldeasturias.com\\\/magazine365\\\/wp-content\\\/uploads\\\/2015\\\/06\\\/carretera.jpg\",\"@id\":\"https:\\\/\\\/eldigitaldeasturias.com\\\/magazine365\\\/leaseplan-se-une-a-la-tendencia-del-mercado-y-lanza-un-contrato-de-renting-de-hasta-diez-anos\\\/#mainImage\",\"width\":800,\"height\":496},\"primaryImageOfPage\":{\"@id\":\"https:\\\/\\\/eldigitaldeasturias.com\\\/magazine365\\\/leaseplan-se-une-a-la-tendencia-del-mercado-y-lanza-un-contrato-de-renting-de-hasta-diez-anos\\\/#mainImage\"},\"datePublished\":\"2015-06-10T15:34:05+02:00\",\"dateModified\":\"2015-06-10T15:34:05+02:00\"},{\"@type\":\"WebSite\",\"@id\":\"https:\\\/\\\/eldigitaldeasturias.com\\\/magazine365\\\/#website\",\"url\":\"https:\\\/\\\/eldigitaldeasturias.com\\\/magazine365\\\/\",\"name\":\"El Digital de Asturias\",\"description\":\"Revista de ocio, turismo y estilo de vida\",\"inLanguage\":\"es-ES\",\"publisher\":{\"@id\":\"https:\\\/\\\/eldigitaldeasturias.com\\\/magazine365\\\/#organization\"}}]}\n\t\t<\/script>\n\t\t<!-- All in One SEO Pro -->\r\n\t\t<title>LeasePlan se une a la tendencia del mercado y lanza un contrato de renting de hasta diez a\u00f1os | El Digital de Asturias<\/title>\n\n","aioseo_head_json":{"title":"LeasePlan se une a la tendencia del mercado y lanza un contrato de renting de hasta diez a\u00f1os | El Digital de Asturias","description":"La empresa de gesti\u00f3n y administraci\u00f3n de flotas y veh\u00edculos LeasePlan, en l\u00ednea con la evoluci\u00f3n del mercado de renting hacia un aumento de la duraci\u00f3n de los contratos, ha creado la Opci\u00f3n 120, que permite a los clientes prolongar hasta diez a\u00f1os el per\u00edodo en el que mantienen el veh\u00edculo. Seg\u00fan inform\u00f3 la empresa,","canonical_url":"https:\/\/eldigitaldeasturias.com\/magazine365\/leaseplan-se-une-a-la-tendencia-del-mercado-y-lanza-un-contrato-de-renting-de-hasta-diez-anos\/","robots":"max-image-preview:large","keywords":"actualidad turismo","webmasterTools":{"google-site-verification":"UA-38556648-1","miscellaneous":""},"schema":{"@context":"https:\/\/schema.org","@graph":[{"@type":"Article","@id":"https:\/\/eldigitaldeasturias.com\/magazine365\/leaseplan-se-une-a-la-tendencia-del-mercado-y-lanza-un-contrato-de-renting-de-hasta-diez-anos\/#article","name":"LeasePlan se une a la tendencia del mercado y lanza un contrato de renting de hasta diez a\u00f1os | El Digital de Asturias","headline":"LeasePlan se une a la tendencia del mercado y lanza un contrato de renting de hasta diez a\u00f1os","author":{"@id":"https:\/\/eldigitaldeasturias.com\/magazine365\/author\/admin\/#author"},"publisher":{"@id":"https:\/\/eldigitaldeasturias.com\/magazine365\/#organization"},"image":{"@type":"ImageObject","url":"https:\/\/eldigitaldeasturias.com\/magazine365\/wp-content\/uploads\/2015\/06\/carretera.jpg","width":800,"height":496},"datePublished":"2015-06-10T15:34:05+02:00","dateModified":"2015-06-10T15:34:05+02:00","inLanguage":"es-ES","mainEntityOfPage":{"@id":"https:\/\/eldigitaldeasturias.com\/magazine365\/leaseplan-se-une-a-la-tendencia-del-mercado-y-lanza-un-contrato-de-renting-de-hasta-diez-anos\/#webpage"},"isPartOf":{"@id":"https:\/\/eldigitaldeasturias.com\/magazine365\/leaseplan-se-une-a-la-tendencia-del-mercado-y-lanza-un-contrato-de-renting-de-hasta-diez-anos\/#webpage"},"articleSection":"Actualidad Turismo"},{"@type":"BreadcrumbList","@id":"https:\/\/eldigitaldeasturias.com\/magazine365\/leaseplan-se-une-a-la-tendencia-del-mercado-y-lanza-un-contrato-de-renting-de-hasta-diez-anos\/#breadcrumblist","itemListElement":[{"@type":"ListItem","@id":"https:\/\/eldigitaldeasturias.com\/magazine365#listItem","position":1,"name":"Home","item":"https:\/\/eldigitaldeasturias.com\/magazine365","nextItem":{"@type":"ListItem","@id":"https:\/\/eldigitaldeasturias.com\/magazine365\/category\/actualidad-turismo\/#listItem","name":"Actualidad Turismo"}},{"@type":"ListItem","@id":"https:\/\/eldigitaldeasturias.com\/magazine365\/category\/actualidad-turismo\/#listItem","position":2,"name":"Actualidad Turismo","item":"https:\/\/eldigitaldeasturias.com\/magazine365\/category\/actualidad-turismo\/","nextItem":{"@type":"ListItem","@id":"https:\/\/eldigitaldeasturias.com\/magazine365\/leaseplan-se-une-a-la-tendencia-del-mercado-y-lanza-un-contrato-de-renting-de-hasta-diez-anos\/#listItem","name":"LeasePlan se une a la tendencia del mercado y lanza un contrato de renting de hasta diez a\u00f1os"},"previousItem":{"@type":"ListItem","@id":"https:\/\/eldigitaldeasturias.com\/magazine365#listItem","name":"Home"}},{"@type":"ListItem","@id":"https:\/\/eldigitaldeasturias.com\/magazine365\/leaseplan-se-une-a-la-tendencia-del-mercado-y-lanza-un-contrato-de-renting-de-hasta-diez-anos\/#listItem","position":3,"name":"LeasePlan se une a la tendencia del mercado y lanza un contrato de renting de hasta diez a\u00f1os","previousItem":{"@type":"ListItem","@id":"https:\/\/eldigitaldeasturias.com\/magazine365\/category\/actualidad-turismo\/#listItem","name":"Actualidad Turismo"}}]},{"@type":"Organization","@id":"https:\/\/eldigitaldeasturias.com\/magazine365\/#organization","name":"El digital de Asturias","description":"Revista de ocio, turismo y estilo de vida","url":"https:\/\/eldigitaldeasturias.com\/magazine365\/","logo":{"@type":"ImageObject","url":"https:\/\/www.eldigitaldeasturias.com\/noticias\/wp-content\/uploads\/2020\/12\/EDA.jpg","@id":"https:\/\/eldigitaldeasturias.com\/magazine365\/leaseplan-se-une-a-la-tendencia-del-mercado-y-lanza-un-contrato-de-renting-de-hasta-diez-anos\/#organizationLogo"},"image":{"@id":"https:\/\/eldigitaldeasturias.com\/magazine365\/leaseplan-se-une-a-la-tendencia-del-mercado-y-lanza-un-contrato-de-renting-de-hasta-diez-anos\/#organizationLogo"}},{"@type":"Person","@id":"https:\/\/eldigitaldeasturias.com\/magazine365\/author\/admin\/#author","url":"https:\/\/eldigitaldeasturias.com\/magazine365\/author\/admin\/","name":"admin","image":{"@type":"ImageObject","@id":"https:\/\/eldigitaldeasturias.com\/magazine365\/leaseplan-se-une-a-la-tendencia-del-mercado-y-lanza-un-contrato-de-renting-de-hasta-diez-anos\/#authorImage","url":"https:\/\/eldigitaldeasturias.com\/magazine365\/wp-content\/litespeed\/avatar\/e571bcf59a0edd6fa6838245a470f2fe.jpg?ver=1776969259","width":96,"height":96,"caption":"admin"}},{"@type":"WebPage","@id":"https:\/\/eldigitaldeasturias.com\/magazine365\/leaseplan-se-une-a-la-tendencia-del-mercado-y-lanza-un-contrato-de-renting-de-hasta-diez-anos\/#webpage","url":"https:\/\/eldigitaldeasturias.com\/magazine365\/leaseplan-se-une-a-la-tendencia-del-mercado-y-lanza-un-contrato-de-renting-de-hasta-diez-anos\/","name":"LeasePlan se une a la tendencia del mercado y lanza un contrato de renting de hasta diez a\u00f1os | El Digital de Asturias","description":"La empresa de gesti\u00f3n y administraci\u00f3n de flotas y veh\u00edculos LeasePlan, en l\u00ednea con la evoluci\u00f3n del mercado de renting hacia un aumento de la duraci\u00f3n de los contratos, ha creado la Opci\u00f3n 120, que permite a los clientes prolongar hasta diez a\u00f1os el per\u00edodo en el que mantienen el veh\u00edculo. Seg\u00fan inform\u00f3 la empresa,","inLanguage":"es-ES","isPartOf":{"@id":"https:\/\/eldigitaldeasturias.com\/magazine365\/#website"},"breadcrumb":{"@id":"https:\/\/eldigitaldeasturias.com\/magazine365\/leaseplan-se-une-a-la-tendencia-del-mercado-y-lanza-un-contrato-de-renting-de-hasta-diez-anos\/#breadcrumblist"},"author":{"@id":"https:\/\/eldigitaldeasturias.com\/magazine365\/author\/admin\/#author"},"creator":{"@id":"https:\/\/eldigitaldeasturias.com\/magazine365\/author\/admin\/#author"},"image":{"@type":"ImageObject","url":"https:\/\/eldigitaldeasturias.com\/magazine365\/wp-content\/uploads\/2015\/06\/carretera.jpg","@id":"https:\/\/eldigitaldeasturias.com\/magazine365\/leaseplan-se-une-a-la-tendencia-del-mercado-y-lanza-un-contrato-de-renting-de-hasta-diez-anos\/#mainImage","width":800,"height":496},"primaryImageOfPage":{"@id":"https:\/\/eldigitaldeasturias.com\/magazine365\/leaseplan-se-une-a-la-tendencia-del-mercado-y-lanza-un-contrato-de-renting-de-hasta-diez-anos\/#mainImage"},"datePublished":"2015-06-10T15:34:05+02:00","dateModified":"2015-06-10T15:34:05+02:00"},{"@type":"WebSite","@id":"https:\/\/eldigitaldeasturias.com\/magazine365\/#website","url":"https:\/\/eldigitaldeasturias.com\/magazine365\/","name":"El Digital de Asturias","description":"Revista de ocio, turismo y estilo de vida","inLanguage":"es-ES","publisher":{"@id":"https:\/\/eldigitaldeasturias.com\/magazine365\/#organization"}}]},"og:locale":"es_ES","og:site_name":"El Digital de Asturias \u2013 Revista de ocio, turismo y estilo de vida","og:type":"article","og:title":"LeasePlan se une a la tendencia del mercado y lanza un contrato de renting de hasta diez a\u00f1os | El Digital de Asturias","og:description":"La empresa de gesti\u00f3n y administraci\u00f3n de flotas y veh\u00edculos LeasePlan, en l\u00ednea con la evoluci\u00f3n del mercado de renting hacia un aumento de la duraci\u00f3n de los contratos, ha creado la Opci\u00f3n 120, que permite a los clientes prolongar hasta diez a\u00f1os el per\u00edodo en el que mantienen el veh\u00edculo. Seg\u00fan inform\u00f3 la empresa,","og:url":"https:\/\/eldigitaldeasturias.com\/magazine365\/leaseplan-se-une-a-la-tendencia-del-mercado-y-lanza-un-contrato-de-renting-de-hasta-diez-anos\/","og:image":"https:\/\/eldigitaldeasturias.com\/magazine365\/wp-content\/uploads\/2015\/06\/carretera.jpg","og:image:secure_url":"https:\/\/eldigitaldeasturias.com\/magazine365\/wp-content\/uploads\/2015\/06\/carretera.jpg","og:image:width":800,"og:image:height":496,"article:published_time":"2015-06-10T14:04:05+00:00","article:modified_time":"2015-06-10T14:04:05+00:00","twitter:card":"summary_large_image","twitter:title":"LeasePlan se une a la tendencia del mercado y lanza un contrato de renting de hasta diez a\u00f1os | El Digital de Asturias","twitter:description":"La empresa de gesti\u00f3n y administraci\u00f3n de flotas y veh\u00edculos LeasePlan, en l\u00ednea con la evoluci\u00f3n del mercado de renting hacia un aumento de la duraci\u00f3n de los contratos, ha creado la Opci\u00f3n 120, que permite a los clientes prolongar hasta diez a\u00f1os el per\u00edodo en el que mantienen el veh\u00edculo. Seg\u00fan inform\u00f3 la empresa,","twitter:image":"https:\/\/eldigitaldeasturias.com\/magazine365\/wp-content\/uploads\/2015\/06\/carretera.jpg"},"aioseo_meta_data":{"post_id":"39440","title":null,"description":null,"keywords":null,"keyphrases":null,"primary_term":null,"canonical_url":null,"og_title":null,"og_description":null,"og_object_type":"default","og_image_type":"default","og_image_url":null,"og_image_width":null,"og_image_height":null,"og_image_custom_url":null,"og_image_custom_fields":null,"og_video":null,"og_custom_url":null,"og_article_section":null,"og_article_tags":null,"twitter_use_og":false,"twitter_card":"default","twitter_image_type":"default","twitter_image_url":null,"twitter_image_custom_url":null,"twitter_image_custom_fields":null,"twitter_title":null,"twitter_description":null,"schema":{"blockGraphs":[],"customGraphs":[],"default":{"data":{"Article":[],"Course":[],"Dataset":[],"FAQPage":[],"Movie":[],"Person":[],"Product":[],"ProductReview":[],"Car":[],"Recipe":[],"Service":[],"SoftwareApplication":[],"WebPage":[]},"graphName":"","isEnabled":true},"graphs":[],"defaultGraph":"","defaultPostTypeGraph":""},"schema_type":null,"schema_type_options":null,"pillar_content":false,"robots_default":true,"robots_noindex":false,"robots_noarchive":false,"robots_nosnippet":false,"robots_nofollow":false,"robots_noimageindex":false,"robots_noodp":false,"robots_notranslate":false,"robots_max_snippet":null,"robots_max_videopreview":null,"robots_max_imagepreview":"large","priority":null,"frequency":null,"location":null,"local_seo":null,"seo_analyzer_scan_date":"2025-09-19 11:36:19","breadcrumb_settings":null,"limit_modified_date":false,"open_ai":null,"ai":null,"created":"2021-03-09 02:41:53","updated":"2025-09-19 11:36:19"},"aioseo_breadcrumb":"<div class=\"aioseo-breadcrumbs\"><span class=\"aioseo-breadcrumb\">\n\t<a href=\"https:\/\/eldigitaldeasturias.com\/magazine365\" title=\"Home\">Home<\/a>\n<\/span><span class=\"aioseo-breadcrumb-separator\">\u2013<\/span><span class=\"aioseo-breadcrumb\">\n\t<a href=\"https:\/\/eldigitaldeasturias.com\/magazine365\/category\/actualidad-turismo\/\" title=\"Actualidad Turismo\">Actualidad Turismo<\/a>\n<\/span><span class=\"aioseo-breadcrumb-separator\">\u2013<\/span><span class=\"aioseo-breadcrumb\">\n\t<a href=\"https:\/\/eldigitaldeasturias.com\/magazine365\/leaseplan-se-une-a-la-tendencia-del-mercado-y-lanza-un-contrato-de-renting-de-hasta-diez-anos\/\" title=\"LeasePlan se une a la tendencia del mercado y lanza un contrato de renting de hasta diez a\u00f1os\">LeasePlan se une a la tendencia del mercado y lanza un contrato de renting de hasta diez a\u00f1os<\/a>\n<\/span><\/div>","aioseo_breadcrumb_json":[{"label":"Home","link":"https:\/\/eldigitaldeasturias.com\/magazine365"},{"label":"Actualidad Turismo","link":"https:\/\/eldigitaldeasturias.com\/magazine365\/category\/actualidad-turismo\/"},{"label":"LeasePlan se une a la tendencia del mercado y lanza un contrato de renting de hasta diez a\u00f1os","link":"https:\/\/eldigitaldeasturias.com\/magazine365\/leaseplan-se-une-a-la-tendencia-del-mercado-y-lanza-un-contrato-de-renting-de-hasta-diez-anos\/"}],"_links":{"self":[{"href":"https:\/\/eldigitaldeasturias.com\/magazine365\/wp-json\/wp\/v2\/posts\/39440","targetHints":{"allow":["GET"]}}],"collection":[{"href":"https:\/\/eldigitaldeasturias.com\/magazine365\/wp-json\/wp\/v2\/posts"}],"about":[{"href":"https:\/\/eldigitaldeasturias.com\/magazine365\/wp-json\/wp\/v2\/types\/post"}],"author":[{"embeddable":true,"href":"https:\/\/eldigitaldeasturias.com\/magazine365\/wp-json\/wp\/v2\/users\/1"}],"replies":[{"embeddable":true,"href":"https:\/\/eldigitaldeasturias.com\/magazine365\/wp-json\/wp\/v2\/comments?post=39440"}],"version-history":[{"count":0,"href":"https:\/\/eldigitaldeasturias.com\/magazine365\/wp-json\/wp\/v2\/posts\/39440\/revisions"}],"wp:featuredmedia":[{"embeddable":true,"href":"https:\/\/eldigitaldeasturias.com\/magazine365\/wp-json\/wp\/v2\/media\/38584"}],"wp:attachment":[{"href":"https:\/\/eldigitaldeasturias.com\/magazine365\/wp-json\/wp\/v2\/media?parent=39440"}],"wp:term":[{"taxonomy":"category","embeddable":true,"href":"https:\/\/eldigitaldeasturias.com\/magazine365\/wp-json\/wp\/v2\/categories?post=39440"},{"taxonomy":"post_tag","embeddable":true,"href":"https:\/\/eldigitaldeasturias.com\/magazine365\/wp-json\/wp\/v2\/tags?post=39440"}],"curies":[{"name":"wp","href":"https:\/\/api.w.org\/{rel}","templated":true}]}}