{"id":39437,"date":"2015-06-10T15:33:02","date_gmt":"2015-06-10T14:03:02","guid":{"rendered":"http:\/\/eldigitaldeasturias.com\/magazine365\/?p=39437"},"modified":"2015-06-10T15:33:02","modified_gmt":"2015-06-10T14:03:02","slug":"el-renting-copa-el-70-de-los-coches-usados-de-entre-3-y-5-anos-que-se-venden-en-espana","status":"publish","type":"post","link":"https:\/\/eldigitaldeasturias.com\/magazine365\/el-renting-copa-el-70-de-los-coches-usados-de-entre-3-y-5-anos-que-se-venden-en-espana\/","title":{"rendered":"El renting copa el 70% de los coches usados de entre 3 y 5 a\u00f1os que se venden en Espa\u00f1a"},"content":{"rendered":"<p><img fetchpriority=\"high\" decoding=\"async\" class=\"alignleft size-medium wp-image-39438\" src=\"https:\/\/eldigitaldeasturias.com\/magazine365\/wp-content\/uploads\/2015\/06\/fotonoticia_20150610123255_800-360x270.jpg\" alt=\"fotonoticia_20150610123255_800\" width=\"360\" height=\"270\" srcset=\"https:\/\/eldigitaldeasturias.com\/magazine365\/wp-content\/uploads\/2015\/06\/fotonoticia_20150610123255_800-360x270.jpg 360w, https:\/\/eldigitaldeasturias.com\/magazine365\/wp-content\/uploads\/2015\/06\/fotonoticia_20150610123255_800-650x488.jpg 650w, https:\/\/eldigitaldeasturias.com\/magazine365\/wp-content\/uploads\/2015\/06\/fotonoticia_20150610123255_800-768x576.jpg 768w, https:\/\/eldigitaldeasturias.com\/magazine365\/wp-content\/uploads\/2015\/06\/fotonoticia_20150610123255_800-150x113.jpg 150w, https:\/\/eldigitaldeasturias.com\/magazine365\/wp-content\/uploads\/2015\/06\/fotonoticia_20150610123255_800-450x338.jpg 450w, https:\/\/eldigitaldeasturias.com\/magazine365\/wp-content\/uploads\/2015\/06\/fotonoticia_20150610123255_800-80x60.jpg 80w, https:\/\/eldigitaldeasturias.com\/magazine365\/wp-content\/uploads\/2015\/06\/fotonoticia_20150610123255_800-265x198.jpg 265w, https:\/\/eldigitaldeasturias.com\/magazine365\/wp-content\/uploads\/2015\/06\/fotonoticia_20150610123255_800-696x522.jpg 696w, https:\/\/eldigitaldeasturias.com\/magazine365\/wp-content\/uploads\/2015\/06\/fotonoticia_20150610123255_800-560x420.jpg 560w, https:\/\/eldigitaldeasturias.com\/magazine365\/wp-content\/uploads\/2015\/06\/fotonoticia_20150610123255_800-90x67.jpg 90w, https:\/\/eldigitaldeasturias.com\/magazine365\/wp-content\/uploads\/2015\/06\/fotonoticia_20150610123255_800-100x75.jpg 100w, https:\/\/eldigitaldeasturias.com\/magazine365\/wp-content\/uploads\/2015\/06\/fotonoticia_20150610123255_800.jpg 800w\" sizes=\"(max-width: 360px) 100vw, 360px\" \/>El 70% de los veh\u00edculos de ocasi\u00f3n que se comercializan en el mercado espa\u00f1ol con una edad comprendida entre tres y cinco a\u00f1os procede del sector del renting, seg\u00fan indic\u00f3 el presidente de la Asociaci\u00f3n Espa\u00f1ola de Renting de Veh\u00edculos (AER), Agust\u00edn Garc\u00eda, con motivo de la celebraci\u00f3n del Sal\u00f3n del Veh\u00edculo de Ocasi\u00f3n de Madrid.<\/p>\n<p>Garc\u00eda resalt\u00f3 que los coches usados con esta edad tienen un gran protagonismo en el mercado de segunda mano, gracias a las garant\u00edas que ofrecen, y afirm\u00f3 que en 2014 se vendieron en Espa\u00f1a unos 136.000 veh\u00edculos usados procedentes del renting y la previsi\u00f3n es que esta cifra alcance 140.000 unidades en 2015.<\/p>\n<p>La Asociaci\u00f3n destac\u00f3 que el mercado de ocasi\u00f3n en Espa\u00f1a ha experimentado un \u00abimportante crecimiento\u00bb en los \u00faltimos a\u00f1os y subray\u00f3 que el aumento de la demanda interna \u00abha encontrado respuesta en los veh\u00edculos procedentes del canal de renting\u00bb.<\/p>\n<p>En este sentido, Garc\u00eda apunt\u00f3 que la irrupci\u00f3n del renting en el mercado de ocasi\u00f3n presenta diferentes ventajas. \u00abSon coches que se han mantenido adecuadamente siguiendo la prescripci\u00f3n del fabricante y han sido conducidos habitualmente por la misma persona durante todo el per\u00edodo del contrato, conductores profesionales que utilizan el veh\u00edculo para desarrollar su trabajo\u00bb, a\u00f1adi\u00f3.<\/p>\n<p>Al mismo tiempo, el presidente de la organizaci\u00f3n explic\u00f3 que de los coches procedentes de renting se conoce su estado, as\u00ed como su historial, la superaci\u00f3n de las revisiones recomendadas, la ausencia de aver\u00edas o de accidentes estructurales, por lo que la seguridad en la compra \u00abes alt\u00edsima\u00bb.<\/p>\n","protected":false},"excerpt":{"rendered":"<p>El 70% de los veh\u00edculos de ocasi\u00f3n que se comercializan en el mercado espa\u00f1ol con una edad comprendida entre tres y cinco a\u00f1os procede del sector del renting, seg\u00fan indic\u00f3 el presidente de la Asociaci\u00f3n Espa\u00f1ola de Renting de Veh\u00edculos (AER), Agust\u00edn Garc\u00eda, con motivo de la celebraci\u00f3n del Sal\u00f3n del Veh\u00edculo de Ocasi\u00f3n de<\/p>\n","protected":false},"author":1,"featured_media":39438,"comment_status":"open","ping_status":"closed","sticky":false,"template":"","format":"standard","meta":{"footnotes":""},"categories":[222],"tags":[],"class_list":{"0":"post-39437","1":"post","2":"type-post","3":"status-publish","4":"format-standard","5":"has-post-thumbnail","7":"category-actualidad-turismo"},"aioseo_notices":[],"aioseo_head":"\n\t\t<!-- All in One SEO Pro 4.9.6.1 - aioseo.com -->\n\t<meta name=\"description\" content=\"El 70% de los veh\u00edculos de ocasi\u00f3n que se comercializan en el mercado espa\u00f1ol con una edad comprendida entre tres y cinco a\u00f1os procede del sector del renting, seg\u00fan indic\u00f3 el presidente de la Asociaci\u00f3n Espa\u00f1ola de Renting de Veh\u00edculos (AER), Agust\u00edn Garc\u00eda, con motivo de la celebraci\u00f3n del Sal\u00f3n del Veh\u00edculo de Ocasi\u00f3n de\" \/>\n\t<meta name=\"robots\" content=\"max-image-preview:large\" \/>\n\t<meta name=\"author\" content=\"admin\"\/>\n\t<meta name=\"google-site-verification\" content=\"UA-38556648-1\" \/>\n\t<meta name=\"keywords\" content=\"actualidad turismo\" \/>\n\t<link rel=\"canonical\" href=\"https:\/\/eldigitaldeasturias.com\/magazine365\/el-renting-copa-el-70-de-los-coches-usados-de-entre-3-y-5-anos-que-se-venden-en-espana\/\" \/>\n\t<meta name=\"generator\" content=\"All in One SEO Pro (AIOSEO) 4.9.6.1\" \/>\n\t\t<meta property=\"og:locale\" content=\"es_ES\" \/>\n\t\t<meta property=\"og:site_name\" content=\"El Digital de Asturias \u2013 Revista de ocio, turismo y estilo de vida\" \/>\n\t\t<meta property=\"og:type\" content=\"article\" \/>\n\t\t<meta property=\"og:title\" content=\"El renting copa el 70% de los coches usados de entre 3 y 5 a\u00f1os que se venden en Espa\u00f1a | El Digital de Asturias\" \/>\n\t\t<meta property=\"og:description\" content=\"El 70% de los veh\u00edculos de ocasi\u00f3n que se comercializan en el mercado espa\u00f1ol con una edad comprendida entre tres y cinco a\u00f1os procede del sector del renting, seg\u00fan indic\u00f3 el presidente de la Asociaci\u00f3n Espa\u00f1ola de Renting de Veh\u00edculos (AER), Agust\u00edn Garc\u00eda, con motivo de la celebraci\u00f3n del Sal\u00f3n del Veh\u00edculo de Ocasi\u00f3n de\" \/>\n\t\t<meta property=\"og:url\" content=\"https:\/\/eldigitaldeasturias.com\/magazine365\/el-renting-copa-el-70-de-los-coches-usados-de-entre-3-y-5-anos-que-se-venden-en-espana\/\" \/>\n\t\t<meta property=\"og:image\" content=\"https:\/\/eldigitaldeasturias.com\/magazine365\/wp-content\/uploads\/2015\/06\/fotonoticia_20150610123255_800.jpg\" \/>\n\t\t<meta property=\"og:image:secure_url\" content=\"https:\/\/eldigitaldeasturias.com\/magazine365\/wp-content\/uploads\/2015\/06\/fotonoticia_20150610123255_800.jpg\" \/>\n\t\t<meta property=\"og:image:width\" content=\"800\" \/>\n\t\t<meta property=\"og:image:height\" content=\"600\" \/>\n\t\t<meta property=\"article:published_time\" content=\"2015-06-10T14:03:02+00:00\" \/>\n\t\t<meta property=\"article:modified_time\" content=\"2015-06-10T14:03:02+00:00\" \/>\n\t\t<meta name=\"twitter:card\" content=\"summary_large_image\" \/>\n\t\t<meta name=\"twitter:title\" content=\"El renting copa el 70% de los coches usados de entre 3 y 5 a\u00f1os que se venden en Espa\u00f1a | El Digital de Asturias\" \/>\n\t\t<meta name=\"twitter:description\" content=\"El 70% de los veh\u00edculos de ocasi\u00f3n que se comercializan en el mercado espa\u00f1ol con una edad comprendida entre tres y cinco a\u00f1os procede del sector del renting, seg\u00fan indic\u00f3 el presidente de la Asociaci\u00f3n Espa\u00f1ola de Renting de Veh\u00edculos (AER), Agust\u00edn Garc\u00eda, con motivo de la celebraci\u00f3n del Sal\u00f3n del Veh\u00edculo de Ocasi\u00f3n de\" \/>\n\t\t<meta name=\"twitter:image\" content=\"https:\/\/eldigitaldeasturias.com\/magazine365\/wp-content\/uploads\/2015\/06\/fotonoticia_20150610123255_800.jpg\" \/>\n\t\t<script type=\"application\/ld+json\" class=\"aioseo-schema\">\n\t\t\t{\"@context\":\"https:\\\/\\\/schema.org\",\"@graph\":[{\"@type\":\"Article\",\"@id\":\"https:\\\/\\\/eldigitaldeasturias.com\\\/magazine365\\\/el-renting-copa-el-70-de-los-coches-usados-de-entre-3-y-5-anos-que-se-venden-en-espana\\\/#article\",\"name\":\"El renting copa el 70% de los coches usados de entre 3 y 5 a\\u00f1os que se venden en Espa\\u00f1a | El Digital de Asturias\",\"headline\":\"El renting copa el 70% de los coches usados de entre 3 y 5 a\\u00f1os que se venden en Espa\\u00f1a\",\"author\":{\"@id\":\"https:\\\/\\\/eldigitaldeasturias.com\\\/magazine365\\\/author\\\/admin\\\/#author\"},\"publisher\":{\"@id\":\"https:\\\/\\\/eldigitaldeasturias.com\\\/magazine365\\\/#organization\"},\"image\":{\"@type\":\"ImageObject\",\"url\":\"https:\\\/\\\/eldigitaldeasturias.com\\\/magazine365\\\/wp-content\\\/uploads\\\/2015\\\/06\\\/fotonoticia_20150610123255_800.jpg\",\"width\":800,\"height\":600},\"datePublished\":\"2015-06-10T15:33:02+02:00\",\"dateModified\":\"2015-06-10T15:33:02+02:00\",\"inLanguage\":\"es-ES\",\"mainEntityOfPage\":{\"@id\":\"https:\\\/\\\/eldigitaldeasturias.com\\\/magazine365\\\/el-renting-copa-el-70-de-los-coches-usados-de-entre-3-y-5-anos-que-se-venden-en-espana\\\/#webpage\"},\"isPartOf\":{\"@id\":\"https:\\\/\\\/eldigitaldeasturias.com\\\/magazine365\\\/el-renting-copa-el-70-de-los-coches-usados-de-entre-3-y-5-anos-que-se-venden-en-espana\\\/#webpage\"},\"articleSection\":\"Actualidad Turismo\"},{\"@type\":\"BreadcrumbList\",\"@id\":\"https:\\\/\\\/eldigitaldeasturias.com\\\/magazine365\\\/el-renting-copa-el-70-de-los-coches-usados-de-entre-3-y-5-anos-que-se-venden-en-espana\\\/#breadcrumblist\",\"itemListElement\":[{\"@type\":\"ListItem\",\"@id\":\"https:\\\/\\\/eldigitaldeasturias.com\\\/magazine365#listItem\",\"position\":1,\"name\":\"Home\",\"item\":\"https:\\\/\\\/eldigitaldeasturias.com\\\/magazine365\",\"nextItem\":{\"@type\":\"ListItem\",\"@id\":\"https:\\\/\\\/eldigitaldeasturias.com\\\/magazine365\\\/category\\\/actualidad-turismo\\\/#listItem\",\"name\":\"Actualidad Turismo\"}},{\"@type\":\"ListItem\",\"@id\":\"https:\\\/\\\/eldigitaldeasturias.com\\\/magazine365\\\/category\\\/actualidad-turismo\\\/#listItem\",\"position\":2,\"name\":\"Actualidad Turismo\",\"item\":\"https:\\\/\\\/eldigitaldeasturias.com\\\/magazine365\\\/category\\\/actualidad-turismo\\\/\",\"nextItem\":{\"@type\":\"ListItem\",\"@id\":\"https:\\\/\\\/eldigitaldeasturias.com\\\/magazine365\\\/el-renting-copa-el-70-de-los-coches-usados-de-entre-3-y-5-anos-que-se-venden-en-espana\\\/#listItem\",\"name\":\"El renting copa el 70% de los coches usados de entre 3 y 5 a\\u00f1os que se venden en Espa\\u00f1a\"},\"previousItem\":{\"@type\":\"ListItem\",\"@id\":\"https:\\\/\\\/eldigitaldeasturias.com\\\/magazine365#listItem\",\"name\":\"Home\"}},{\"@type\":\"ListItem\",\"@id\":\"https:\\\/\\\/eldigitaldeasturias.com\\\/magazine365\\\/el-renting-copa-el-70-de-los-coches-usados-de-entre-3-y-5-anos-que-se-venden-en-espana\\\/#listItem\",\"position\":3,\"name\":\"El renting copa el 70% de los coches usados de entre 3 y 5 a\\u00f1os que se venden en Espa\\u00f1a\",\"previousItem\":{\"@type\":\"ListItem\",\"@id\":\"https:\\\/\\\/eldigitaldeasturias.com\\\/magazine365\\\/category\\\/actualidad-turismo\\\/#listItem\",\"name\":\"Actualidad Turismo\"}}]},{\"@type\":\"Organization\",\"@id\":\"https:\\\/\\\/eldigitaldeasturias.com\\\/magazine365\\\/#organization\",\"name\":\"El digital de Asturias\",\"description\":\"Revista de ocio, turismo y estilo de vida\",\"url\":\"https:\\\/\\\/eldigitaldeasturias.com\\\/magazine365\\\/\",\"logo\":{\"@type\":\"ImageObject\",\"url\":\"https:\\\/\\\/www.eldigitaldeasturias.com\\\/noticias\\\/wp-content\\\/uploads\\\/2020\\\/12\\\/EDA.jpg\",\"@id\":\"https:\\\/\\\/eldigitaldeasturias.com\\\/magazine365\\\/el-renting-copa-el-70-de-los-coches-usados-de-entre-3-y-5-anos-que-se-venden-en-espana\\\/#organizationLogo\"},\"image\":{\"@id\":\"https:\\\/\\\/eldigitaldeasturias.com\\\/magazine365\\\/el-renting-copa-el-70-de-los-coches-usados-de-entre-3-y-5-anos-que-se-venden-en-espana\\\/#organizationLogo\"}},{\"@type\":\"Person\",\"@id\":\"https:\\\/\\\/eldigitaldeasturias.com\\\/magazine365\\\/author\\\/admin\\\/#author\",\"url\":\"https:\\\/\\\/eldigitaldeasturias.com\\\/magazine365\\\/author\\\/admin\\\/\",\"name\":\"admin\",\"image\":{\"@type\":\"ImageObject\",\"@id\":\"https:\\\/\\\/eldigitaldeasturias.com\\\/magazine365\\\/el-renting-copa-el-70-de-los-coches-usados-de-entre-3-y-5-anos-que-se-venden-en-espana\\\/#authorImage\",\"url\":\"https:\\\/\\\/eldigitaldeasturias.com\\\/magazine365\\\/wp-content\\\/litespeed\\\/avatar\\\/e571bcf59a0edd6fa6838245a470f2fe.jpg?ver=1776969259\",\"width\":96,\"height\":96,\"caption\":\"admin\"}},{\"@type\":\"WebPage\",\"@id\":\"https:\\\/\\\/eldigitaldeasturias.com\\\/magazine365\\\/el-renting-copa-el-70-de-los-coches-usados-de-entre-3-y-5-anos-que-se-venden-en-espana\\\/#webpage\",\"url\":\"https:\\\/\\\/eldigitaldeasturias.com\\\/magazine365\\\/el-renting-copa-el-70-de-los-coches-usados-de-entre-3-y-5-anos-que-se-venden-en-espana\\\/\",\"name\":\"El renting copa el 70% de los coches usados de entre 3 y 5 a\\u00f1os que se venden en Espa\\u00f1a | El Digital de Asturias\",\"description\":\"El 70% de los veh\\u00edculos de ocasi\\u00f3n que se comercializan en el mercado espa\\u00f1ol con una edad comprendida entre tres y cinco a\\u00f1os procede del sector del renting, seg\\u00fan indic\\u00f3 el presidente de la Asociaci\\u00f3n Espa\\u00f1ola de Renting de Veh\\u00edculos (AER), Agust\\u00edn Garc\\u00eda, con motivo de la celebraci\\u00f3n del Sal\\u00f3n del Veh\\u00edculo de Ocasi\\u00f3n de\",\"inLanguage\":\"es-ES\",\"isPartOf\":{\"@id\":\"https:\\\/\\\/eldigitaldeasturias.com\\\/magazine365\\\/#website\"},\"breadcrumb\":{\"@id\":\"https:\\\/\\\/eldigitaldeasturias.com\\\/magazine365\\\/el-renting-copa-el-70-de-los-coches-usados-de-entre-3-y-5-anos-que-se-venden-en-espana\\\/#breadcrumblist\"},\"author\":{\"@id\":\"https:\\\/\\\/eldigitaldeasturias.com\\\/magazine365\\\/author\\\/admin\\\/#author\"},\"creator\":{\"@id\":\"https:\\\/\\\/eldigitaldeasturias.com\\\/magazine365\\\/author\\\/admin\\\/#author\"},\"image\":{\"@type\":\"ImageObject\",\"url\":\"https:\\\/\\\/eldigitaldeasturias.com\\\/magazine365\\\/wp-content\\\/uploads\\\/2015\\\/06\\\/fotonoticia_20150610123255_800.jpg\",\"@id\":\"https:\\\/\\\/eldigitaldeasturias.com\\\/magazine365\\\/el-renting-copa-el-70-de-los-coches-usados-de-entre-3-y-5-anos-que-se-venden-en-espana\\\/#mainImage\",\"width\":800,\"height\":600},\"primaryImageOfPage\":{\"@id\":\"https:\\\/\\\/eldigitaldeasturias.com\\\/magazine365\\\/el-renting-copa-el-70-de-los-coches-usados-de-entre-3-y-5-anos-que-se-venden-en-espana\\\/#mainImage\"},\"datePublished\":\"2015-06-10T15:33:02+02:00\",\"dateModified\":\"2015-06-10T15:33:02+02:00\"},{\"@type\":\"WebSite\",\"@id\":\"https:\\\/\\\/eldigitaldeasturias.com\\\/magazine365\\\/#website\",\"url\":\"https:\\\/\\\/eldigitaldeasturias.com\\\/magazine365\\\/\",\"name\":\"El Digital de Asturias\",\"description\":\"Revista de ocio, turismo y estilo de vida\",\"inLanguage\":\"es-ES\",\"publisher\":{\"@id\":\"https:\\\/\\\/eldigitaldeasturias.com\\\/magazine365\\\/#organization\"}}]}\n\t\t<\/script>\n\t\t<!-- All in One SEO Pro -->\r\n\t\t<title>El renting copa el 70% de los coches usados de entre 3 y 5 a\u00f1os que se venden en Espa\u00f1a | El Digital de Asturias<\/title>\n\n","aioseo_head_json":{"title":"El renting copa el 70% de los coches usados de entre 3 y 5 a\u00f1os que se venden en Espa\u00f1a | El Digital de Asturias","description":"El 70% de los veh\u00edculos de ocasi\u00f3n que se comercializan en el mercado espa\u00f1ol con una edad comprendida entre tres y cinco a\u00f1os procede del sector del renting, seg\u00fan indic\u00f3 el presidente de la Asociaci\u00f3n Espa\u00f1ola de Renting de Veh\u00edculos (AER), Agust\u00edn Garc\u00eda, con motivo de la celebraci\u00f3n del Sal\u00f3n del Veh\u00edculo de Ocasi\u00f3n de","canonical_url":"https:\/\/eldigitaldeasturias.com\/magazine365\/el-renting-copa-el-70-de-los-coches-usados-de-entre-3-y-5-anos-que-se-venden-en-espana\/","robots":"max-image-preview:large","keywords":"actualidad turismo","webmasterTools":{"google-site-verification":"UA-38556648-1","miscellaneous":""},"schema":{"@context":"https:\/\/schema.org","@graph":[{"@type":"Article","@id":"https:\/\/eldigitaldeasturias.com\/magazine365\/el-renting-copa-el-70-de-los-coches-usados-de-entre-3-y-5-anos-que-se-venden-en-espana\/#article","name":"El renting copa el 70% de los coches usados de entre 3 y 5 a\u00f1os que se venden en Espa\u00f1a | El Digital de Asturias","headline":"El renting copa el 70% de los coches usados de entre 3 y 5 a\u00f1os que se venden en Espa\u00f1a","author":{"@id":"https:\/\/eldigitaldeasturias.com\/magazine365\/author\/admin\/#author"},"publisher":{"@id":"https:\/\/eldigitaldeasturias.com\/magazine365\/#organization"},"image":{"@type":"ImageObject","url":"https:\/\/eldigitaldeasturias.com\/magazine365\/wp-content\/uploads\/2015\/06\/fotonoticia_20150610123255_800.jpg","width":800,"height":600},"datePublished":"2015-06-10T15:33:02+02:00","dateModified":"2015-06-10T15:33:02+02:00","inLanguage":"es-ES","mainEntityOfPage":{"@id":"https:\/\/eldigitaldeasturias.com\/magazine365\/el-renting-copa-el-70-de-los-coches-usados-de-entre-3-y-5-anos-que-se-venden-en-espana\/#webpage"},"isPartOf":{"@id":"https:\/\/eldigitaldeasturias.com\/magazine365\/el-renting-copa-el-70-de-los-coches-usados-de-entre-3-y-5-anos-que-se-venden-en-espana\/#webpage"},"articleSection":"Actualidad Turismo"},{"@type":"BreadcrumbList","@id":"https:\/\/eldigitaldeasturias.com\/magazine365\/el-renting-copa-el-70-de-los-coches-usados-de-entre-3-y-5-anos-que-se-venden-en-espana\/#breadcrumblist","itemListElement":[{"@type":"ListItem","@id":"https:\/\/eldigitaldeasturias.com\/magazine365#listItem","position":1,"name":"Home","item":"https:\/\/eldigitaldeasturias.com\/magazine365","nextItem":{"@type":"ListItem","@id":"https:\/\/eldigitaldeasturias.com\/magazine365\/category\/actualidad-turismo\/#listItem","name":"Actualidad Turismo"}},{"@type":"ListItem","@id":"https:\/\/eldigitaldeasturias.com\/magazine365\/category\/actualidad-turismo\/#listItem","position":2,"name":"Actualidad Turismo","item":"https:\/\/eldigitaldeasturias.com\/magazine365\/category\/actualidad-turismo\/","nextItem":{"@type":"ListItem","@id":"https:\/\/eldigitaldeasturias.com\/magazine365\/el-renting-copa-el-70-de-los-coches-usados-de-entre-3-y-5-anos-que-se-venden-en-espana\/#listItem","name":"El renting copa el 70% de los coches usados de entre 3 y 5 a\u00f1os que se venden en Espa\u00f1a"},"previousItem":{"@type":"ListItem","@id":"https:\/\/eldigitaldeasturias.com\/magazine365#listItem","name":"Home"}},{"@type":"ListItem","@id":"https:\/\/eldigitaldeasturias.com\/magazine365\/el-renting-copa-el-70-de-los-coches-usados-de-entre-3-y-5-anos-que-se-venden-en-espana\/#listItem","position":3,"name":"El renting copa el 70% de los coches usados de entre 3 y 5 a\u00f1os que se venden en Espa\u00f1a","previousItem":{"@type":"ListItem","@id":"https:\/\/eldigitaldeasturias.com\/magazine365\/category\/actualidad-turismo\/#listItem","name":"Actualidad Turismo"}}]},{"@type":"Organization","@id":"https:\/\/eldigitaldeasturias.com\/magazine365\/#organization","name":"El digital de Asturias","description":"Revista de ocio, turismo y estilo de vida","url":"https:\/\/eldigitaldeasturias.com\/magazine365\/","logo":{"@type":"ImageObject","url":"https:\/\/www.eldigitaldeasturias.com\/noticias\/wp-content\/uploads\/2020\/12\/EDA.jpg","@id":"https:\/\/eldigitaldeasturias.com\/magazine365\/el-renting-copa-el-70-de-los-coches-usados-de-entre-3-y-5-anos-que-se-venden-en-espana\/#organizationLogo"},"image":{"@id":"https:\/\/eldigitaldeasturias.com\/magazine365\/el-renting-copa-el-70-de-los-coches-usados-de-entre-3-y-5-anos-que-se-venden-en-espana\/#organizationLogo"}},{"@type":"Person","@id":"https:\/\/eldigitaldeasturias.com\/magazine365\/author\/admin\/#author","url":"https:\/\/eldigitaldeasturias.com\/magazine365\/author\/admin\/","name":"admin","image":{"@type":"ImageObject","@id":"https:\/\/eldigitaldeasturias.com\/magazine365\/el-renting-copa-el-70-de-los-coches-usados-de-entre-3-y-5-anos-que-se-venden-en-espana\/#authorImage","url":"https:\/\/eldigitaldeasturias.com\/magazine365\/wp-content\/litespeed\/avatar\/e571bcf59a0edd6fa6838245a470f2fe.jpg?ver=1776969259","width":96,"height":96,"caption":"admin"}},{"@type":"WebPage","@id":"https:\/\/eldigitaldeasturias.com\/magazine365\/el-renting-copa-el-70-de-los-coches-usados-de-entre-3-y-5-anos-que-se-venden-en-espana\/#webpage","url":"https:\/\/eldigitaldeasturias.com\/magazine365\/el-renting-copa-el-70-de-los-coches-usados-de-entre-3-y-5-anos-que-se-venden-en-espana\/","name":"El renting copa el 70% de los coches usados de entre 3 y 5 a\u00f1os que se venden en Espa\u00f1a | El Digital de Asturias","description":"El 70% de los veh\u00edculos de ocasi\u00f3n que se comercializan en el mercado espa\u00f1ol con una edad comprendida entre tres y cinco a\u00f1os procede del sector del renting, seg\u00fan indic\u00f3 el presidente de la Asociaci\u00f3n Espa\u00f1ola de Renting de Veh\u00edculos (AER), Agust\u00edn Garc\u00eda, con motivo de la celebraci\u00f3n del Sal\u00f3n del Veh\u00edculo de Ocasi\u00f3n de","inLanguage":"es-ES","isPartOf":{"@id":"https:\/\/eldigitaldeasturias.com\/magazine365\/#website"},"breadcrumb":{"@id":"https:\/\/eldigitaldeasturias.com\/magazine365\/el-renting-copa-el-70-de-los-coches-usados-de-entre-3-y-5-anos-que-se-venden-en-espana\/#breadcrumblist"},"author":{"@id":"https:\/\/eldigitaldeasturias.com\/magazine365\/author\/admin\/#author"},"creator":{"@id":"https:\/\/eldigitaldeasturias.com\/magazine365\/author\/admin\/#author"},"image":{"@type":"ImageObject","url":"https:\/\/eldigitaldeasturias.com\/magazine365\/wp-content\/uploads\/2015\/06\/fotonoticia_20150610123255_800.jpg","@id":"https:\/\/eldigitaldeasturias.com\/magazine365\/el-renting-copa-el-70-de-los-coches-usados-de-entre-3-y-5-anos-que-se-venden-en-espana\/#mainImage","width":800,"height":600},"primaryImageOfPage":{"@id":"https:\/\/eldigitaldeasturias.com\/magazine365\/el-renting-copa-el-70-de-los-coches-usados-de-entre-3-y-5-anos-que-se-venden-en-espana\/#mainImage"},"datePublished":"2015-06-10T15:33:02+02:00","dateModified":"2015-06-10T15:33:02+02:00"},{"@type":"WebSite","@id":"https:\/\/eldigitaldeasturias.com\/magazine365\/#website","url":"https:\/\/eldigitaldeasturias.com\/magazine365\/","name":"El Digital de Asturias","description":"Revista de ocio, turismo y estilo de vida","inLanguage":"es-ES","publisher":{"@id":"https:\/\/eldigitaldeasturias.com\/magazine365\/#organization"}}]},"og:locale":"es_ES","og:site_name":"El Digital de Asturias \u2013 Revista de ocio, turismo y estilo de vida","og:type":"article","og:title":"El renting copa el 70% de los coches usados de entre 3 y 5 a\u00f1os que se venden en Espa\u00f1a | El Digital de Asturias","og:description":"El 70% de los veh\u00edculos de ocasi\u00f3n que se comercializan en el mercado espa\u00f1ol con una edad comprendida entre tres y cinco a\u00f1os procede del sector del renting, seg\u00fan indic\u00f3 el presidente de la Asociaci\u00f3n Espa\u00f1ola de Renting de Veh\u00edculos (AER), Agust\u00edn Garc\u00eda, con motivo de la celebraci\u00f3n del Sal\u00f3n del Veh\u00edculo de Ocasi\u00f3n de","og:url":"https:\/\/eldigitaldeasturias.com\/magazine365\/el-renting-copa-el-70-de-los-coches-usados-de-entre-3-y-5-anos-que-se-venden-en-espana\/","og:image":"https:\/\/eldigitaldeasturias.com\/magazine365\/wp-content\/uploads\/2015\/06\/fotonoticia_20150610123255_800.jpg","og:image:secure_url":"https:\/\/eldigitaldeasturias.com\/magazine365\/wp-content\/uploads\/2015\/06\/fotonoticia_20150610123255_800.jpg","og:image:width":800,"og:image:height":600,"article:published_time":"2015-06-10T14:03:02+00:00","article:modified_time":"2015-06-10T14:03:02+00:00","twitter:card":"summary_large_image","twitter:title":"El renting copa el 70% de los coches usados de entre 3 y 5 a\u00f1os que se venden en Espa\u00f1a | El Digital de Asturias","twitter:description":"El 70% de los veh\u00edculos de ocasi\u00f3n que se comercializan en el mercado espa\u00f1ol con una edad comprendida entre tres y cinco a\u00f1os procede del sector del renting, seg\u00fan indic\u00f3 el presidente de la Asociaci\u00f3n Espa\u00f1ola de Renting de Veh\u00edculos (AER), Agust\u00edn Garc\u00eda, con motivo de la celebraci\u00f3n del Sal\u00f3n del Veh\u00edculo de Ocasi\u00f3n de","twitter:image":"https:\/\/eldigitaldeasturias.com\/magazine365\/wp-content\/uploads\/2015\/06\/fotonoticia_20150610123255_800.jpg"},"aioseo_meta_data":{"post_id":"39437","title":null,"description":null,"keywords":null,"keyphrases":null,"primary_term":null,"canonical_url":null,"og_title":null,"og_description":null,"og_object_type":"default","og_image_type":"default","og_image_url":null,"og_image_width":null,"og_image_height":null,"og_image_custom_url":null,"og_image_custom_fields":null,"og_video":null,"og_custom_url":null,"og_article_section":null,"og_article_tags":null,"twitter_use_og":false,"twitter_card":"default","twitter_image_type":"default","twitter_image_url":null,"twitter_image_custom_url":null,"twitter_image_custom_fields":null,"twitter_title":null,"twitter_description":null,"schema":{"blockGraphs":[],"customGraphs":[],"default":{"data":{"Article":[],"Course":[],"Dataset":[],"FAQPage":[],"Movie":[],"Person":[],"Product":[],"ProductReview":[],"Car":[],"Recipe":[],"Service":[],"SoftwareApplication":[],"WebPage":[]},"graphName":"","isEnabled":true},"graphs":[]},"schema_type":null,"schema_type_options":null,"pillar_content":false,"robots_default":true,"robots_noindex":false,"robots_noarchive":false,"robots_nosnippet":false,"robots_nofollow":false,"robots_noimageindex":false,"robots_noodp":false,"robots_notranslate":false,"robots_max_snippet":null,"robots_max_videopreview":null,"robots_max_imagepreview":"large","priority":null,"frequency":null,"location":null,"local_seo":null,"seo_analyzer_scan_date":"2025-09-19 11:36:18","breadcrumb_settings":null,"limit_modified_date":false,"open_ai":null,"ai":null,"created":"2021-03-09 02:41:53","updated":"2025-09-19 11:36:18"},"aioseo_breadcrumb":"<div class=\"aioseo-breadcrumbs\"><span class=\"aioseo-breadcrumb\">\n\t<a href=\"https:\/\/eldigitaldeasturias.com\/magazine365\" title=\"Home\">Home<\/a>\n<\/span><span class=\"aioseo-breadcrumb-separator\">\u2013<\/span><span class=\"aioseo-breadcrumb\">\n\t<a href=\"https:\/\/eldigitaldeasturias.com\/magazine365\/category\/actualidad-turismo\/\" title=\"Actualidad Turismo\">Actualidad Turismo<\/a>\n<\/span><span class=\"aioseo-breadcrumb-separator\">\u2013<\/span><span class=\"aioseo-breadcrumb\">\n\t<a href=\"https:\/\/eldigitaldeasturias.com\/magazine365\/el-renting-copa-el-70-de-los-coches-usados-de-entre-3-y-5-anos-que-se-venden-en-espana\/\" title=\"El renting copa el 70% de los coches usados de entre 3 y 5 a\u00f1os que se venden en Espa\u00f1a\">El renting copa el 70% de los coches usados de entre 3 y 5 a\u00f1os que se venden en Espa\u00f1a<\/a>\n<\/span><\/div>","aioseo_breadcrumb_json":[{"label":"Home","link":"https:\/\/eldigitaldeasturias.com\/magazine365"},{"label":"Actualidad Turismo","link":"https:\/\/eldigitaldeasturias.com\/magazine365\/category\/actualidad-turismo\/"},{"label":"El renting copa el 70% de los coches usados de entre 3 y 5 a\u00f1os que se venden en Espa\u00f1a","link":"https:\/\/eldigitaldeasturias.com\/magazine365\/el-renting-copa-el-70-de-los-coches-usados-de-entre-3-y-5-anos-que-se-venden-en-espana\/"}],"_links":{"self":[{"href":"https:\/\/eldigitaldeasturias.com\/magazine365\/wp-json\/wp\/v2\/posts\/39437","targetHints":{"allow":["GET"]}}],"collection":[{"href":"https:\/\/eldigitaldeasturias.com\/magazine365\/wp-json\/wp\/v2\/posts"}],"about":[{"href":"https:\/\/eldigitaldeasturias.com\/magazine365\/wp-json\/wp\/v2\/types\/post"}],"author":[{"embeddable":true,"href":"https:\/\/eldigitaldeasturias.com\/magazine365\/wp-json\/wp\/v2\/users\/1"}],"replies":[{"embeddable":true,"href":"https:\/\/eldigitaldeasturias.com\/magazine365\/wp-json\/wp\/v2\/comments?post=39437"}],"version-history":[{"count":0,"href":"https:\/\/eldigitaldeasturias.com\/magazine365\/wp-json\/wp\/v2\/posts\/39437\/revisions"}],"wp:featuredmedia":[{"embeddable":true,"href":"https:\/\/eldigitaldeasturias.com\/magazine365\/wp-json\/wp\/v2\/media\/39438"}],"wp:attachment":[{"href":"https:\/\/eldigitaldeasturias.com\/magazine365\/wp-json\/wp\/v2\/media?parent=39437"}],"wp:term":[{"taxonomy":"category","embeddable":true,"href":"https:\/\/eldigitaldeasturias.com\/magazine365\/wp-json\/wp\/v2\/categories?post=39437"},{"taxonomy":"post_tag","embeddable":true,"href":"https:\/\/eldigitaldeasturias.com\/magazine365\/wp-json\/wp\/v2\/tags?post=39437"}],"curies":[{"name":"wp","href":"https:\/\/api.w.org\/{rel}","templated":true}]}}