{"id":39431,"date":"2015-06-10T15:27:45","date_gmt":"2015-06-10T13:57:45","guid":{"rendered":"http:\/\/eldigitaldeasturias.com\/magazine365\/?p=39431"},"modified":"2015-06-10T15:27:45","modified_gmt":"2015-06-10T13:57:45","slug":"iberia-express-comienza-a-operar-el-domingo-la-ruta-menorca-madrid","status":"publish","type":"post","link":"https:\/\/eldigitaldeasturias.com\/magazine365\/iberia-express-comienza-a-operar-el-domingo-la-ruta-menorca-madrid\/","title":{"rendered":"Iberia Express comienza a operar el domingo la ruta Menorca-Madrid"},"content":{"rendered":"<p><img fetchpriority=\"high\" decoding=\"async\" class=\"alignleft size-medium wp-image-39432\" src=\"https:\/\/eldigitaldeasturias.com\/magazine365\/wp-content\/uploads\/2015\/06\/fotonoticia_20150610121205_800-360x242.jpg\" alt=\"fotonoticia_20150610121205_800\" width=\"360\" height=\"242\" srcset=\"https:\/\/eldigitaldeasturias.com\/magazine365\/wp-content\/uploads\/2015\/06\/fotonoticia_20150610121205_800-360x242.jpg 360w, https:\/\/eldigitaldeasturias.com\/magazine365\/wp-content\/uploads\/2015\/06\/fotonoticia_20150610121205_800-650x437.jpg 650w, https:\/\/eldigitaldeasturias.com\/magazine365\/wp-content\/uploads\/2015\/06\/fotonoticia_20150610121205_800-768x516.jpg 768w, https:\/\/eldigitaldeasturias.com\/magazine365\/wp-content\/uploads\/2015\/06\/fotonoticia_20150610121205_800-150x101.jpg 150w, https:\/\/eldigitaldeasturias.com\/magazine365\/wp-content\/uploads\/2015\/06\/fotonoticia_20150610121205_800-450x303.jpg 450w, https:\/\/eldigitaldeasturias.com\/magazine365\/wp-content\/uploads\/2015\/06\/fotonoticia_20150610121205_800-696x468.jpg 696w, https:\/\/eldigitaldeasturias.com\/magazine365\/wp-content\/uploads\/2015\/06\/fotonoticia_20150610121205_800-625x420.jpg 625w, https:\/\/eldigitaldeasturias.com\/magazine365\/wp-content\/uploads\/2015\/06\/fotonoticia_20150610121205_800-84x55.jpg 84w, https:\/\/eldigitaldeasturias.com\/magazine365\/wp-content\/uploads\/2015\/06\/fotonoticia_20150610121205_800.jpg 800w\" sizes=\"(max-width: 360px) 100vw, 360px\" \/>La compa\u00f1\u00eda a\u00e9rea Iberia Express ha anunciado este mi\u00e9rcoles que comienza a operar el pr\u00f3ximo domingo 14 de junio la ruta Menorca-Madrid, con un vuelo a la semana, hasta el 20 de septiembre.<\/p>\n<p>Con horarios de salida de Madrid a las 08.10 horas y desde Ma\u00f3 a las 10:20 horas, Iberia Express operar\u00e1 esta ruta todos los domingos.<\/p>\n<p>Los billetes se pueden adquirir a trav\u00e9s de iberiaexpress.com, Iberia.com y el resto de canales de venta del Grupo Iberia, seg\u00fan han informado a trav\u00e9s de un comunicado.<\/p>\n<p>La compa\u00f1\u00eda ha manifestado que esta nueva ruta \u00abrefleja la apuesta de Iberia Express por Baleares\u00bb, donde esta temporada ha incrementado su oferta en Mallorca y ha ampliado el periodo de operaci\u00f3n en Ibiza respecto al programa de verano del a\u00f1o pasado.<\/p>\n<p>Iberia Express, filial de Iberia, opera rutas de corto y medio radio y aporta tr\u00e1fico directo, adem\u00e1s de alimentar la red de largo radio de Iberia.<\/p>\n<p>Es miembro de la alianza a\u00e9rea &#8216;Oneworld&#8217;, una alianza de once compa\u00f1\u00edas a\u00e9reas que ofrece a sus pasajeros 14.000 vuelos diarios a cerca de 1.000 aeropuertos de 150 pa\u00edses.<\/p>\n<p>Desde Iberia Express han defendido que durante el primer trimestre de 2015, la compa\u00f1\u00eda \u00abha revalidado su posici\u00f3n de aerol\u00ednea de bajo coste m\u00e1s puntual del mundo en 2014\u00bb, seg\u00fan los informes de la consultora FlightStats.<\/p>\n","protected":false},"excerpt":{"rendered":"<p>La compa\u00f1\u00eda a\u00e9rea Iberia Express ha anunciado este mi\u00e9rcoles que comienza a operar el pr\u00f3ximo domingo 14 de junio la ruta Menorca-Madrid, con un vuelo a la semana, hasta el 20 de septiembre. Con horarios de salida de Madrid a las 08.10 horas y desde Ma\u00f3 a las 10:20 horas, Iberia Express operar\u00e1 esta ruta<\/p>\n","protected":false},"author":1,"featured_media":39432,"comment_status":"open","ping_status":"closed","sticky":false,"template":"","format":"standard","meta":{"footnotes":""},"categories":[222],"tags":[],"class_list":{"0":"post-39431","1":"post","2":"type-post","3":"status-publish","4":"format-standard","5":"has-post-thumbnail","7":"category-actualidad-turismo"},"aioseo_notices":[],"aioseo_head":"\n\t\t<!-- All in One SEO Pro 4.9.6.1 - aioseo.com -->\n\t<meta name=\"description\" content=\"La compa\u00f1\u00eda a\u00e9rea Iberia Express ha anunciado este mi\u00e9rcoles que comienza a operar el pr\u00f3ximo domingo 14 de junio la ruta Menorca-Madrid, con un vuelo a la semana, hasta el 20 de septiembre. Con horarios de salida de Madrid a las 08.10 horas y desde Ma\u00f3 a las 10:20 horas, Iberia Express operar\u00e1 esta ruta\" \/>\n\t<meta name=\"robots\" content=\"max-image-preview:large\" \/>\n\t<meta name=\"author\" content=\"admin\"\/>\n\t<meta name=\"google-site-verification\" content=\"UA-38556648-1\" \/>\n\t<meta name=\"keywords\" content=\"actualidad turismo\" \/>\n\t<link rel=\"canonical\" href=\"https:\/\/eldigitaldeasturias.com\/magazine365\/iberia-express-comienza-a-operar-el-domingo-la-ruta-menorca-madrid\/\" \/>\n\t<meta name=\"generator\" content=\"All in One SEO Pro (AIOSEO) 4.9.6.1\" \/>\n\t\t<meta property=\"og:locale\" content=\"es_ES\" \/>\n\t\t<meta property=\"og:site_name\" content=\"El Digital de Asturias \u2013 Revista de ocio, turismo y estilo de vida\" \/>\n\t\t<meta property=\"og:type\" content=\"article\" \/>\n\t\t<meta property=\"og:title\" content=\"Iberia Express comienza a operar el domingo la ruta Menorca-Madrid | El Digital de Asturias\" \/>\n\t\t<meta property=\"og:description\" content=\"La compa\u00f1\u00eda a\u00e9rea Iberia Express ha anunciado este mi\u00e9rcoles que comienza a operar el pr\u00f3ximo domingo 14 de junio la ruta Menorca-Madrid, con un vuelo a la semana, hasta el 20 de septiembre. Con horarios de salida de Madrid a las 08.10 horas y desde Ma\u00f3 a las 10:20 horas, Iberia Express operar\u00e1 esta ruta\" \/>\n\t\t<meta property=\"og:url\" content=\"https:\/\/eldigitaldeasturias.com\/magazine365\/iberia-express-comienza-a-operar-el-domingo-la-ruta-menorca-madrid\/\" \/>\n\t\t<meta property=\"og:image\" content=\"https:\/\/eldigitaldeasturias.com\/magazine365\/wp-content\/uploads\/2015\/06\/fotonoticia_20150610121205_800.jpg\" \/>\n\t\t<meta property=\"og:image:secure_url\" content=\"https:\/\/eldigitaldeasturias.com\/magazine365\/wp-content\/uploads\/2015\/06\/fotonoticia_20150610121205_800.jpg\" \/>\n\t\t<meta property=\"og:image:width\" content=\"800\" \/>\n\t\t<meta property=\"og:image:height\" content=\"538\" \/>\n\t\t<meta property=\"article:published_time\" content=\"2015-06-10T13:57:45+00:00\" \/>\n\t\t<meta property=\"article:modified_time\" content=\"2015-06-10T13:57:45+00:00\" \/>\n\t\t<meta name=\"twitter:card\" content=\"summary_large_image\" \/>\n\t\t<meta name=\"twitter:title\" content=\"Iberia Express comienza a operar el domingo la ruta Menorca-Madrid | El Digital de Asturias\" \/>\n\t\t<meta name=\"twitter:description\" content=\"La compa\u00f1\u00eda a\u00e9rea Iberia Express ha anunciado este mi\u00e9rcoles que comienza a operar el pr\u00f3ximo domingo 14 de junio la ruta Menorca-Madrid, con un vuelo a la semana, hasta el 20 de septiembre. Con horarios de salida de Madrid a las 08.10 horas y desde Ma\u00f3 a las 10:20 horas, Iberia Express operar\u00e1 esta ruta\" \/>\n\t\t<meta name=\"twitter:image\" content=\"https:\/\/eldigitaldeasturias.com\/magazine365\/wp-content\/uploads\/2015\/06\/fotonoticia_20150610121205_800.jpg\" \/>\n\t\t<script type=\"application\/ld+json\" class=\"aioseo-schema\">\n\t\t\t{\"@context\":\"https:\\\/\\\/schema.org\",\"@graph\":[{\"@type\":\"Article\",\"@id\":\"https:\\\/\\\/eldigitaldeasturias.com\\\/magazine365\\\/iberia-express-comienza-a-operar-el-domingo-la-ruta-menorca-madrid\\\/#article\",\"name\":\"Iberia Express comienza a operar el domingo la ruta Menorca-Madrid | El Digital de Asturias\",\"headline\":\"Iberia Express comienza a operar el domingo la ruta Menorca-Madrid\",\"author\":{\"@id\":\"https:\\\/\\\/eldigitaldeasturias.com\\\/magazine365\\\/author\\\/admin\\\/#author\"},\"publisher\":{\"@id\":\"https:\\\/\\\/eldigitaldeasturias.com\\\/magazine365\\\/#organization\"},\"image\":{\"@type\":\"ImageObject\",\"url\":\"https:\\\/\\\/eldigitaldeasturias.com\\\/magazine365\\\/wp-content\\\/uploads\\\/2015\\\/06\\\/fotonoticia_20150610121205_800.jpg\",\"width\":800,\"height\":538},\"datePublished\":\"2015-06-10T15:27:45+02:00\",\"dateModified\":\"2015-06-10T15:27:45+02:00\",\"inLanguage\":\"es-ES\",\"mainEntityOfPage\":{\"@id\":\"https:\\\/\\\/eldigitaldeasturias.com\\\/magazine365\\\/iberia-express-comienza-a-operar-el-domingo-la-ruta-menorca-madrid\\\/#webpage\"},\"isPartOf\":{\"@id\":\"https:\\\/\\\/eldigitaldeasturias.com\\\/magazine365\\\/iberia-express-comienza-a-operar-el-domingo-la-ruta-menorca-madrid\\\/#webpage\"},\"articleSection\":\"Actualidad Turismo\"},{\"@type\":\"BreadcrumbList\",\"@id\":\"https:\\\/\\\/eldigitaldeasturias.com\\\/magazine365\\\/iberia-express-comienza-a-operar-el-domingo-la-ruta-menorca-madrid\\\/#breadcrumblist\",\"itemListElement\":[{\"@type\":\"ListItem\",\"@id\":\"https:\\\/\\\/eldigitaldeasturias.com\\\/magazine365#listItem\",\"position\":1,\"name\":\"Home\",\"item\":\"https:\\\/\\\/eldigitaldeasturias.com\\\/magazine365\",\"nextItem\":{\"@type\":\"ListItem\",\"@id\":\"https:\\\/\\\/eldigitaldeasturias.com\\\/magazine365\\\/category\\\/actualidad-turismo\\\/#listItem\",\"name\":\"Actualidad Turismo\"}},{\"@type\":\"ListItem\",\"@id\":\"https:\\\/\\\/eldigitaldeasturias.com\\\/magazine365\\\/category\\\/actualidad-turismo\\\/#listItem\",\"position\":2,\"name\":\"Actualidad Turismo\",\"item\":\"https:\\\/\\\/eldigitaldeasturias.com\\\/magazine365\\\/category\\\/actualidad-turismo\\\/\",\"nextItem\":{\"@type\":\"ListItem\",\"@id\":\"https:\\\/\\\/eldigitaldeasturias.com\\\/magazine365\\\/iberia-express-comienza-a-operar-el-domingo-la-ruta-menorca-madrid\\\/#listItem\",\"name\":\"Iberia Express comienza a operar el domingo la ruta Menorca-Madrid\"},\"previousItem\":{\"@type\":\"ListItem\",\"@id\":\"https:\\\/\\\/eldigitaldeasturias.com\\\/magazine365#listItem\",\"name\":\"Home\"}},{\"@type\":\"ListItem\",\"@id\":\"https:\\\/\\\/eldigitaldeasturias.com\\\/magazine365\\\/iberia-express-comienza-a-operar-el-domingo-la-ruta-menorca-madrid\\\/#listItem\",\"position\":3,\"name\":\"Iberia Express comienza a operar el domingo la ruta Menorca-Madrid\",\"previousItem\":{\"@type\":\"ListItem\",\"@id\":\"https:\\\/\\\/eldigitaldeasturias.com\\\/magazine365\\\/category\\\/actualidad-turismo\\\/#listItem\",\"name\":\"Actualidad Turismo\"}}]},{\"@type\":\"Organization\",\"@id\":\"https:\\\/\\\/eldigitaldeasturias.com\\\/magazine365\\\/#organization\",\"name\":\"El digital de Asturias\",\"description\":\"Revista de ocio, turismo y estilo de vida\",\"url\":\"https:\\\/\\\/eldigitaldeasturias.com\\\/magazine365\\\/\",\"logo\":{\"@type\":\"ImageObject\",\"url\":\"https:\\\/\\\/www.eldigitaldeasturias.com\\\/noticias\\\/wp-content\\\/uploads\\\/2020\\\/12\\\/EDA.jpg\",\"@id\":\"https:\\\/\\\/eldigitaldeasturias.com\\\/magazine365\\\/iberia-express-comienza-a-operar-el-domingo-la-ruta-menorca-madrid\\\/#organizationLogo\"},\"image\":{\"@id\":\"https:\\\/\\\/eldigitaldeasturias.com\\\/magazine365\\\/iberia-express-comienza-a-operar-el-domingo-la-ruta-menorca-madrid\\\/#organizationLogo\"}},{\"@type\":\"Person\",\"@id\":\"https:\\\/\\\/eldigitaldeasturias.com\\\/magazine365\\\/author\\\/admin\\\/#author\",\"url\":\"https:\\\/\\\/eldigitaldeasturias.com\\\/magazine365\\\/author\\\/admin\\\/\",\"name\":\"admin\",\"image\":{\"@type\":\"ImageObject\",\"@id\":\"https:\\\/\\\/eldigitaldeasturias.com\\\/magazine365\\\/iberia-express-comienza-a-operar-el-domingo-la-ruta-menorca-madrid\\\/#authorImage\",\"url\":\"https:\\\/\\\/eldigitaldeasturias.com\\\/magazine365\\\/wp-content\\\/litespeed\\\/avatar\\\/e571bcf59a0edd6fa6838245a470f2fe.jpg?ver=1776969259\",\"width\":96,\"height\":96,\"caption\":\"admin\"}},{\"@type\":\"WebPage\",\"@id\":\"https:\\\/\\\/eldigitaldeasturias.com\\\/magazine365\\\/iberia-express-comienza-a-operar-el-domingo-la-ruta-menorca-madrid\\\/#webpage\",\"url\":\"https:\\\/\\\/eldigitaldeasturias.com\\\/magazine365\\\/iberia-express-comienza-a-operar-el-domingo-la-ruta-menorca-madrid\\\/\",\"name\":\"Iberia Express comienza a operar el domingo la ruta Menorca-Madrid | El Digital de Asturias\",\"description\":\"La compa\\u00f1\\u00eda a\\u00e9rea Iberia Express ha anunciado este mi\\u00e9rcoles que comienza a operar el pr\\u00f3ximo domingo 14 de junio la ruta Menorca-Madrid, con un vuelo a la semana, hasta el 20 de septiembre. Con horarios de salida de Madrid a las 08.10 horas y desde Ma\\u00f3 a las 10:20 horas, Iberia Express operar\\u00e1 esta ruta\",\"inLanguage\":\"es-ES\",\"isPartOf\":{\"@id\":\"https:\\\/\\\/eldigitaldeasturias.com\\\/magazine365\\\/#website\"},\"breadcrumb\":{\"@id\":\"https:\\\/\\\/eldigitaldeasturias.com\\\/magazine365\\\/iberia-express-comienza-a-operar-el-domingo-la-ruta-menorca-madrid\\\/#breadcrumblist\"},\"author\":{\"@id\":\"https:\\\/\\\/eldigitaldeasturias.com\\\/magazine365\\\/author\\\/admin\\\/#author\"},\"creator\":{\"@id\":\"https:\\\/\\\/eldigitaldeasturias.com\\\/magazine365\\\/author\\\/admin\\\/#author\"},\"image\":{\"@type\":\"ImageObject\",\"url\":\"https:\\\/\\\/eldigitaldeasturias.com\\\/magazine365\\\/wp-content\\\/uploads\\\/2015\\\/06\\\/fotonoticia_20150610121205_800.jpg\",\"@id\":\"https:\\\/\\\/eldigitaldeasturias.com\\\/magazine365\\\/iberia-express-comienza-a-operar-el-domingo-la-ruta-menorca-madrid\\\/#mainImage\",\"width\":800,\"height\":538},\"primaryImageOfPage\":{\"@id\":\"https:\\\/\\\/eldigitaldeasturias.com\\\/magazine365\\\/iberia-express-comienza-a-operar-el-domingo-la-ruta-menorca-madrid\\\/#mainImage\"},\"datePublished\":\"2015-06-10T15:27:45+02:00\",\"dateModified\":\"2015-06-10T15:27:45+02:00\"},{\"@type\":\"WebSite\",\"@id\":\"https:\\\/\\\/eldigitaldeasturias.com\\\/magazine365\\\/#website\",\"url\":\"https:\\\/\\\/eldigitaldeasturias.com\\\/magazine365\\\/\",\"name\":\"El Digital de Asturias\",\"description\":\"Revista de ocio, turismo y estilo de vida\",\"inLanguage\":\"es-ES\",\"publisher\":{\"@id\":\"https:\\\/\\\/eldigitaldeasturias.com\\\/magazine365\\\/#organization\"}}]}\n\t\t<\/script>\n\t\t<!-- All in One SEO Pro -->\r\n\t\t<title>Iberia Express comienza a operar el domingo la ruta Menorca-Madrid | El Digital de Asturias<\/title>\n\n","aioseo_head_json":{"title":"Iberia Express comienza a operar el domingo la ruta Menorca-Madrid | El Digital de Asturias","description":"La compa\u00f1\u00eda a\u00e9rea Iberia Express ha anunciado este mi\u00e9rcoles que comienza a operar el pr\u00f3ximo domingo 14 de junio la ruta Menorca-Madrid, con un vuelo a la semana, hasta el 20 de septiembre. Con horarios de salida de Madrid a las 08.10 horas y desde Ma\u00f3 a las 10:20 horas, Iberia Express operar\u00e1 esta ruta","canonical_url":"https:\/\/eldigitaldeasturias.com\/magazine365\/iberia-express-comienza-a-operar-el-domingo-la-ruta-menorca-madrid\/","robots":"max-image-preview:large","keywords":"actualidad turismo","webmasterTools":{"google-site-verification":"UA-38556648-1","miscellaneous":""},"schema":{"@context":"https:\/\/schema.org","@graph":[{"@type":"Article","@id":"https:\/\/eldigitaldeasturias.com\/magazine365\/iberia-express-comienza-a-operar-el-domingo-la-ruta-menorca-madrid\/#article","name":"Iberia Express comienza a operar el domingo la ruta Menorca-Madrid | El Digital de Asturias","headline":"Iberia Express comienza a operar el domingo la ruta Menorca-Madrid","author":{"@id":"https:\/\/eldigitaldeasturias.com\/magazine365\/author\/admin\/#author"},"publisher":{"@id":"https:\/\/eldigitaldeasturias.com\/magazine365\/#organization"},"image":{"@type":"ImageObject","url":"https:\/\/eldigitaldeasturias.com\/magazine365\/wp-content\/uploads\/2015\/06\/fotonoticia_20150610121205_800.jpg","width":800,"height":538},"datePublished":"2015-06-10T15:27:45+02:00","dateModified":"2015-06-10T15:27:45+02:00","inLanguage":"es-ES","mainEntityOfPage":{"@id":"https:\/\/eldigitaldeasturias.com\/magazine365\/iberia-express-comienza-a-operar-el-domingo-la-ruta-menorca-madrid\/#webpage"},"isPartOf":{"@id":"https:\/\/eldigitaldeasturias.com\/magazine365\/iberia-express-comienza-a-operar-el-domingo-la-ruta-menorca-madrid\/#webpage"},"articleSection":"Actualidad Turismo"},{"@type":"BreadcrumbList","@id":"https:\/\/eldigitaldeasturias.com\/magazine365\/iberia-express-comienza-a-operar-el-domingo-la-ruta-menorca-madrid\/#breadcrumblist","itemListElement":[{"@type":"ListItem","@id":"https:\/\/eldigitaldeasturias.com\/magazine365#listItem","position":1,"name":"Home","item":"https:\/\/eldigitaldeasturias.com\/magazine365","nextItem":{"@type":"ListItem","@id":"https:\/\/eldigitaldeasturias.com\/magazine365\/category\/actualidad-turismo\/#listItem","name":"Actualidad Turismo"}},{"@type":"ListItem","@id":"https:\/\/eldigitaldeasturias.com\/magazine365\/category\/actualidad-turismo\/#listItem","position":2,"name":"Actualidad Turismo","item":"https:\/\/eldigitaldeasturias.com\/magazine365\/category\/actualidad-turismo\/","nextItem":{"@type":"ListItem","@id":"https:\/\/eldigitaldeasturias.com\/magazine365\/iberia-express-comienza-a-operar-el-domingo-la-ruta-menorca-madrid\/#listItem","name":"Iberia Express comienza a operar el domingo la ruta Menorca-Madrid"},"previousItem":{"@type":"ListItem","@id":"https:\/\/eldigitaldeasturias.com\/magazine365#listItem","name":"Home"}},{"@type":"ListItem","@id":"https:\/\/eldigitaldeasturias.com\/magazine365\/iberia-express-comienza-a-operar-el-domingo-la-ruta-menorca-madrid\/#listItem","position":3,"name":"Iberia Express comienza a operar el domingo la ruta Menorca-Madrid","previousItem":{"@type":"ListItem","@id":"https:\/\/eldigitaldeasturias.com\/magazine365\/category\/actualidad-turismo\/#listItem","name":"Actualidad Turismo"}}]},{"@type":"Organization","@id":"https:\/\/eldigitaldeasturias.com\/magazine365\/#organization","name":"El digital de Asturias","description":"Revista de ocio, turismo y estilo de vida","url":"https:\/\/eldigitaldeasturias.com\/magazine365\/","logo":{"@type":"ImageObject","url":"https:\/\/www.eldigitaldeasturias.com\/noticias\/wp-content\/uploads\/2020\/12\/EDA.jpg","@id":"https:\/\/eldigitaldeasturias.com\/magazine365\/iberia-express-comienza-a-operar-el-domingo-la-ruta-menorca-madrid\/#organizationLogo"},"image":{"@id":"https:\/\/eldigitaldeasturias.com\/magazine365\/iberia-express-comienza-a-operar-el-domingo-la-ruta-menorca-madrid\/#organizationLogo"}},{"@type":"Person","@id":"https:\/\/eldigitaldeasturias.com\/magazine365\/author\/admin\/#author","url":"https:\/\/eldigitaldeasturias.com\/magazine365\/author\/admin\/","name":"admin","image":{"@type":"ImageObject","@id":"https:\/\/eldigitaldeasturias.com\/magazine365\/iberia-express-comienza-a-operar-el-domingo-la-ruta-menorca-madrid\/#authorImage","url":"https:\/\/eldigitaldeasturias.com\/magazine365\/wp-content\/litespeed\/avatar\/e571bcf59a0edd6fa6838245a470f2fe.jpg?ver=1776969259","width":96,"height":96,"caption":"admin"}},{"@type":"WebPage","@id":"https:\/\/eldigitaldeasturias.com\/magazine365\/iberia-express-comienza-a-operar-el-domingo-la-ruta-menorca-madrid\/#webpage","url":"https:\/\/eldigitaldeasturias.com\/magazine365\/iberia-express-comienza-a-operar-el-domingo-la-ruta-menorca-madrid\/","name":"Iberia Express comienza a operar el domingo la ruta Menorca-Madrid | El Digital de Asturias","description":"La compa\u00f1\u00eda a\u00e9rea Iberia Express ha anunciado este mi\u00e9rcoles que comienza a operar el pr\u00f3ximo domingo 14 de junio la ruta Menorca-Madrid, con un vuelo a la semana, hasta el 20 de septiembre. Con horarios de salida de Madrid a las 08.10 horas y desde Ma\u00f3 a las 10:20 horas, Iberia Express operar\u00e1 esta ruta","inLanguage":"es-ES","isPartOf":{"@id":"https:\/\/eldigitaldeasturias.com\/magazine365\/#website"},"breadcrumb":{"@id":"https:\/\/eldigitaldeasturias.com\/magazine365\/iberia-express-comienza-a-operar-el-domingo-la-ruta-menorca-madrid\/#breadcrumblist"},"author":{"@id":"https:\/\/eldigitaldeasturias.com\/magazine365\/author\/admin\/#author"},"creator":{"@id":"https:\/\/eldigitaldeasturias.com\/magazine365\/author\/admin\/#author"},"image":{"@type":"ImageObject","url":"https:\/\/eldigitaldeasturias.com\/magazine365\/wp-content\/uploads\/2015\/06\/fotonoticia_20150610121205_800.jpg","@id":"https:\/\/eldigitaldeasturias.com\/magazine365\/iberia-express-comienza-a-operar-el-domingo-la-ruta-menorca-madrid\/#mainImage","width":800,"height":538},"primaryImageOfPage":{"@id":"https:\/\/eldigitaldeasturias.com\/magazine365\/iberia-express-comienza-a-operar-el-domingo-la-ruta-menorca-madrid\/#mainImage"},"datePublished":"2015-06-10T15:27:45+02:00","dateModified":"2015-06-10T15:27:45+02:00"},{"@type":"WebSite","@id":"https:\/\/eldigitaldeasturias.com\/magazine365\/#website","url":"https:\/\/eldigitaldeasturias.com\/magazine365\/","name":"El Digital de Asturias","description":"Revista de ocio, turismo y estilo de vida","inLanguage":"es-ES","publisher":{"@id":"https:\/\/eldigitaldeasturias.com\/magazine365\/#organization"}}]},"og:locale":"es_ES","og:site_name":"El Digital de Asturias \u2013 Revista de ocio, turismo y estilo de vida","og:type":"article","og:title":"Iberia Express comienza a operar el domingo la ruta Menorca-Madrid | El Digital de Asturias","og:description":"La compa\u00f1\u00eda a\u00e9rea Iberia Express ha anunciado este mi\u00e9rcoles que comienza a operar el pr\u00f3ximo domingo 14 de junio la ruta Menorca-Madrid, con un vuelo a la semana, hasta el 20 de septiembre. Con horarios de salida de Madrid a las 08.10 horas y desde Ma\u00f3 a las 10:20 horas, Iberia Express operar\u00e1 esta ruta","og:url":"https:\/\/eldigitaldeasturias.com\/magazine365\/iberia-express-comienza-a-operar-el-domingo-la-ruta-menorca-madrid\/","og:image":"https:\/\/eldigitaldeasturias.com\/magazine365\/wp-content\/uploads\/2015\/06\/fotonoticia_20150610121205_800.jpg","og:image:secure_url":"https:\/\/eldigitaldeasturias.com\/magazine365\/wp-content\/uploads\/2015\/06\/fotonoticia_20150610121205_800.jpg","og:image:width":800,"og:image:height":538,"article:published_time":"2015-06-10T13:57:45+00:00","article:modified_time":"2015-06-10T13:57:45+00:00","twitter:card":"summary_large_image","twitter:title":"Iberia Express comienza a operar el domingo la ruta Menorca-Madrid | El Digital de Asturias","twitter:description":"La compa\u00f1\u00eda a\u00e9rea Iberia Express ha anunciado este mi\u00e9rcoles que comienza a operar el pr\u00f3ximo domingo 14 de junio la ruta Menorca-Madrid, con un vuelo a la semana, hasta el 20 de septiembre. Con horarios de salida de Madrid a las 08.10 horas y desde Ma\u00f3 a las 10:20 horas, Iberia Express operar\u00e1 esta ruta","twitter:image":"https:\/\/eldigitaldeasturias.com\/magazine365\/wp-content\/uploads\/2015\/06\/fotonoticia_20150610121205_800.jpg"},"aioseo_meta_data":{"post_id":"39431","title":null,"description":null,"keywords":null,"keyphrases":null,"primary_term":null,"canonical_url":null,"og_title":null,"og_description":null,"og_object_type":"default","og_image_type":"default","og_image_url":null,"og_image_width":null,"og_image_height":null,"og_image_custom_url":null,"og_image_custom_fields":null,"og_video":null,"og_custom_url":null,"og_article_section":null,"og_article_tags":null,"twitter_use_og":false,"twitter_card":"default","twitter_image_type":"default","twitter_image_url":null,"twitter_image_custom_url":null,"twitter_image_custom_fields":null,"twitter_title":null,"twitter_description":null,"schema":{"blockGraphs":[],"customGraphs":[],"default":{"data":{"Article":[],"Course":[],"Dataset":[],"FAQPage":[],"Movie":[],"Person":[],"Product":[],"ProductReview":[],"Car":[],"Recipe":[],"Service":[],"SoftwareApplication":[],"WebPage":[]},"graphName":"","isEnabled":true},"graphs":[],"defaultGraph":"","defaultPostTypeGraph":""},"schema_type":null,"schema_type_options":null,"pillar_content":false,"robots_default":true,"robots_noindex":false,"robots_noarchive":false,"robots_nosnippet":false,"robots_nofollow":false,"robots_noimageindex":false,"robots_noodp":false,"robots_notranslate":false,"robots_max_snippet":null,"robots_max_videopreview":null,"robots_max_imagepreview":"large","priority":null,"frequency":null,"location":null,"local_seo":null,"seo_analyzer_scan_date":"2025-09-19 11:34:00","breadcrumb_settings":null,"limit_modified_date":false,"open_ai":null,"ai":null,"created":"2021-03-09 02:41:53","updated":"2025-09-19 11:34:00"},"aioseo_breadcrumb":"<div class=\"aioseo-breadcrumbs\"><span class=\"aioseo-breadcrumb\">\n\t<a href=\"https:\/\/eldigitaldeasturias.com\/magazine365\" title=\"Home\">Home<\/a>\n<\/span><span class=\"aioseo-breadcrumb-separator\">\u2013<\/span><span class=\"aioseo-breadcrumb\">\n\t<a href=\"https:\/\/eldigitaldeasturias.com\/magazine365\/category\/actualidad-turismo\/\" title=\"Actualidad Turismo\">Actualidad Turismo<\/a>\n<\/span><span class=\"aioseo-breadcrumb-separator\">\u2013<\/span><span class=\"aioseo-breadcrumb\">\n\t<a href=\"https:\/\/eldigitaldeasturias.com\/magazine365\/iberia-express-comienza-a-operar-el-domingo-la-ruta-menorca-madrid\/\" title=\"Iberia Express comienza a operar el domingo la ruta Menorca-Madrid\">Iberia Express comienza a operar el domingo la ruta Menorca-Madrid<\/a>\n<\/span><\/div>","aioseo_breadcrumb_json":[{"label":"Home","link":"https:\/\/eldigitaldeasturias.com\/magazine365"},{"label":"Actualidad Turismo","link":"https:\/\/eldigitaldeasturias.com\/magazine365\/category\/actualidad-turismo\/"},{"label":"Iberia Express comienza a operar el domingo la ruta Menorca-Madrid","link":"https:\/\/eldigitaldeasturias.com\/magazine365\/iberia-express-comienza-a-operar-el-domingo-la-ruta-menorca-madrid\/"}],"_links":{"self":[{"href":"https:\/\/eldigitaldeasturias.com\/magazine365\/wp-json\/wp\/v2\/posts\/39431","targetHints":{"allow":["GET"]}}],"collection":[{"href":"https:\/\/eldigitaldeasturias.com\/magazine365\/wp-json\/wp\/v2\/posts"}],"about":[{"href":"https:\/\/eldigitaldeasturias.com\/magazine365\/wp-json\/wp\/v2\/types\/post"}],"author":[{"embeddable":true,"href":"https:\/\/eldigitaldeasturias.com\/magazine365\/wp-json\/wp\/v2\/users\/1"}],"replies":[{"embeddable":true,"href":"https:\/\/eldigitaldeasturias.com\/magazine365\/wp-json\/wp\/v2\/comments?post=39431"}],"version-history":[{"count":0,"href":"https:\/\/eldigitaldeasturias.com\/magazine365\/wp-json\/wp\/v2\/posts\/39431\/revisions"}],"wp:featuredmedia":[{"embeddable":true,"href":"https:\/\/eldigitaldeasturias.com\/magazine365\/wp-json\/wp\/v2\/media\/39432"}],"wp:attachment":[{"href":"https:\/\/eldigitaldeasturias.com\/magazine365\/wp-json\/wp\/v2\/media?parent=39431"}],"wp:term":[{"taxonomy":"category","embeddable":true,"href":"https:\/\/eldigitaldeasturias.com\/magazine365\/wp-json\/wp\/v2\/categories?post=39431"},{"taxonomy":"post_tag","embeddable":true,"href":"https:\/\/eldigitaldeasturias.com\/magazine365\/wp-json\/wp\/v2\/tags?post=39431"}],"curies":[{"name":"wp","href":"https:\/\/api.w.org\/{rel}","templated":true}]}}