{"id":39428,"date":"2015-06-10T15:25:53","date_gmt":"2015-06-10T13:55:53","guid":{"rendered":"http:\/\/eldigitaldeasturias.com\/magazine365\/?p=39428"},"modified":"2015-06-10T15:25:53","modified_gmt":"2015-06-10T13:55:53","slug":"la-iii-primavera-enogastonomica-llega-al-geoparque-villuercas-ibores-jara","status":"publish","type":"post","link":"https:\/\/eldigitaldeasturias.com\/magazine365\/la-iii-primavera-enogastonomica-llega-al-geoparque-villuercas-ibores-jara\/","title":{"rendered":"La III Primavera Enogaston\u00f3mica llega al Geoparque Villuercas-Ibores-Jara"},"content":{"rendered":"<p><img fetchpriority=\"high\" decoding=\"async\" class=\"alignleft size-medium wp-image-39429\" src=\"https:\/\/eldigitaldeasturias.com\/magazine365\/wp-content\/uploads\/2015\/06\/fotonoticia_20150610121111_800-360x241.jpg\" alt=\"fotonoticia_20150610121111_800\" width=\"360\" height=\"241\" srcset=\"https:\/\/eldigitaldeasturias.com\/magazine365\/wp-content\/uploads\/2015\/06\/fotonoticia_20150610121111_800-360x241.jpg 360w, https:\/\/eldigitaldeasturias.com\/magazine365\/wp-content\/uploads\/2015\/06\/fotonoticia_20150610121111_800-650x436.jpg 650w, https:\/\/eldigitaldeasturias.com\/magazine365\/wp-content\/uploads\/2015\/06\/fotonoticia_20150610121111_800-768x515.jpg 768w, https:\/\/eldigitaldeasturias.com\/magazine365\/wp-content\/uploads\/2015\/06\/fotonoticia_20150610121111_800-150x101.jpg 150w, https:\/\/eldigitaldeasturias.com\/magazine365\/wp-content\/uploads\/2015\/06\/fotonoticia_20150610121111_800-450x302.jpg 450w, https:\/\/eldigitaldeasturias.com\/magazine365\/wp-content\/uploads\/2015\/06\/fotonoticia_20150610121111_800-696x466.jpg 696w, https:\/\/eldigitaldeasturias.com\/magazine365\/wp-content\/uploads\/2015\/06\/fotonoticia_20150610121111_800-627x420.jpg 627w, https:\/\/eldigitaldeasturias.com\/magazine365\/wp-content\/uploads\/2015\/06\/fotonoticia_20150610121111_800-84x55.jpg 84w, https:\/\/eldigitaldeasturias.com\/magazine365\/wp-content\/uploads\/2015\/06\/fotonoticia_20150610121111_800.jpg 800w\" sizes=\"(max-width: 360px) 100vw, 360px\" \/>La III Primavera Enogaston\u00f3mica llega al Geoparque Villuercas-Ibores-Jara este fin de semana, 13 y 14 de junio, con visitas a bodegas y safaris fotogr\u00e1ficos, entre otras actividades.<\/p>\n<p>As\u00ed, la combinaci\u00f3n entre excursiones y visitas a bodegas con la mejor gastronom\u00eda y la degustaci\u00f3n de caldos har\u00e1n que los visitantes puedan descubrir ese \u00abimportante\u00bb espacio natural de Extremadura y sus vi\u00f1edos.<\/p>\n<p>Con el t\u00edtulo &#8216;Los paisajes del vino en el Geoparque&#8217;, el programa de actos contiene una atractiva oferta que va desde rutas en 4&#215;4 por los vi\u00f1edos de la sierra de las Villuercas, a excursiones para ver las pinturas rupestres y los f\u00f3siles, sin olvidar algunos de los n\u00facleos m\u00e1s atractivos de la zona como Trujillo donde se realizar\u00e1 una visita guiada para detenerse en sus rincones y monumentos m\u00e1s destacados.<\/p>\n<p>Adem\u00e1s, y seg\u00fan ha indicado el Gobierno de Extremadura en nota de prensa, el programa incluye un men\u00fa maridaje para degustar productos extreme\u00f1os de las Denominaciones de Origen y las dos Indicaciones Geogr\u00e1ficas Protegidas como la miel de Villuercas-Ibores, el cerdo ib\u00e9rico o cordero que ir\u00e1n acompa\u00f1ados de cava y vinos blanco y tinto de la DO Ribera del Guadiana.<\/p>\n<p>Por otra parte, para los que deseen sumergirse de lleno en la cultura del vino se ha preparado un tour de dos d\u00edas, que se llevar\u00e1 a cabo el s\u00e1bado y domingo, recorriendo el Geoparque en un safari 4&#215;4 para descubrir los campos de vi\u00f1edos de la zona, con una parada t\u00e9cnica en las bodegas de Ca\u00f1amero y con un brindis al aire libre para contemplar la puesta del sol.<\/p>\n<p>Cabe destacar que esta actividad tambi\u00e9n incluye un rallye fotogr\u00e1fico interactivo por Ca\u00f1amero y la estancia de una noche en un albergue de las Villuercas.<\/p>\n<p>RUTA DEL VINO RIBERA DEL GUADIANA.<\/p>\n<p>La llegada de la Primavera Enogastron\u00f3mica al Geoparque forma parte de los fines de semana tem\u00e1ticos organizados para conocer mejor la Ruta del Vino Ribera del Guadiana y que en este caso invita a descubrir la subzona de Ca\u00f1amero y todo su entorno, donde gracias a la orograf\u00eda del terreno y al clima caracter\u00edstico del Geoparque, \u00absus vinos tienen una excelente calidad y unos matices que les diferencian de los caldos de otras zonas de Espa\u00f1a\u00bb.<\/p>\n<p>Cabe recordar que \u00e9ste ser\u00e1 uno de los \u00faltimos eventos de la III Primavera Enogastron\u00f3mica, que se inici\u00f3 el pasado 2 de abril y llegar\u00e1 a su final el pr\u00f3ximo d\u00eda 21 con la actividad &#8216;Rock&amp;Roll y vino&#8217; en la ciudad de Almendralejo.<\/p>\n<p>El objetivo de esta iniciativa, que cuenta con el apoyo de la Direcci\u00f3n General de Turismo y del Gobierno de Extremadura, es \u00abexaltar\u00bb los vinos y la gastronom\u00eda extreme\u00f1a, que combinados con la naturaleza, las artes y otras tradiciones de los pueblos de la Ruta \u00absuponen un excelente motivo para acercarse a Extremadura y practicar el enoturismo\u00bb.<\/p>\n<p>La Primavera Enogastron\u00f3mica fue reconocida por la Asociaci\u00f3n de Ciudades del Vino de Espa\u00f1a, Acevin, con el premio de Enoturismo a la mejor iniciativa de 2014 por convertirse en \u00abun elemento dinamizador del territorio\u00bb, con implicaci\u00f3n de todos los agentes p\u00fablicos y privados de la Ruta del Vino Ribera del Guadiana y la poblaci\u00f3n local a trav\u00e9s de un completo programa de actividades.<\/p>\n","protected":false},"excerpt":{"rendered":"<p>La III Primavera Enogaston\u00f3mica llega al Geoparque Villuercas-Ibores-Jara este fin de semana, 13 y 14 de junio, con visitas a bodegas y safaris fotogr\u00e1ficos, entre otras actividades. As\u00ed, la combinaci\u00f3n entre excursiones y visitas a bodegas con la mejor gastronom\u00eda y la degustaci\u00f3n de caldos har\u00e1n que los visitantes puedan descubrir ese \u00abimportante\u00bb espacio natural<\/p>\n","protected":false},"author":1,"featured_media":39429,"comment_status":"open","ping_status":"closed","sticky":false,"template":"","format":"standard","meta":{"footnotes":""},"categories":[224],"tags":[],"class_list":{"0":"post-39428","1":"post","2":"type-post","3":"status-publish","4":"format-standard","5":"has-post-thumbnail","7":"category-noticias-actualidad"},"aioseo_notices":[],"aioseo_head":"\n\t\t<!-- All in One SEO Pro 4.9.6.1 - aioseo.com -->\n\t<meta name=\"description\" content=\"La III Primavera Enogaston\u00f3mica llega al Geoparque Villuercas-Ibores-Jara este fin de semana, 13 y 14 de junio, con visitas a bodegas y safaris fotogr\u00e1ficos, entre otras actividades. As\u00ed, la combinaci\u00f3n entre excursiones y visitas a bodegas con la mejor gastronom\u00eda y la degustaci\u00f3n de caldos har\u00e1n que los visitantes puedan descubrir ese &quot;importante&quot; espacio natural\" \/>\n\t<meta name=\"robots\" content=\"max-image-preview:large\" \/>\n\t<meta name=\"author\" content=\"admin\"\/>\n\t<meta name=\"google-site-verification\" content=\"UA-38556648-1\" \/>\n\t<meta name=\"keywords\" content=\"noticias y actualidad\" \/>\n\t<link rel=\"canonical\" href=\"https:\/\/eldigitaldeasturias.com\/magazine365\/la-iii-primavera-enogastonomica-llega-al-geoparque-villuercas-ibores-jara\/\" \/>\n\t<meta name=\"generator\" content=\"All in One SEO Pro (AIOSEO) 4.9.6.1\" \/>\n\t\t<meta property=\"og:locale\" content=\"es_ES\" \/>\n\t\t<meta property=\"og:site_name\" content=\"El Digital de Asturias \u2013 Revista de ocio, turismo y estilo de vida\" \/>\n\t\t<meta property=\"og:type\" content=\"article\" \/>\n\t\t<meta property=\"og:title\" content=\"La III Primavera Enogaston\u00f3mica llega al Geoparque Villuercas-Ibores-Jara | El Digital de Asturias\" \/>\n\t\t<meta property=\"og:description\" content=\"La III Primavera Enogaston\u00f3mica llega al Geoparque Villuercas-Ibores-Jara este fin de semana, 13 y 14 de junio, con visitas a bodegas y safaris fotogr\u00e1ficos, entre otras actividades. As\u00ed, la combinaci\u00f3n entre excursiones y visitas a bodegas con la mejor gastronom\u00eda y la degustaci\u00f3n de caldos har\u00e1n que los visitantes puedan descubrir ese &quot;importante&quot; espacio natural\" \/>\n\t\t<meta property=\"og:url\" content=\"https:\/\/eldigitaldeasturias.com\/magazine365\/la-iii-primavera-enogastonomica-llega-al-geoparque-villuercas-ibores-jara\/\" \/>\n\t\t<meta property=\"og:image\" content=\"https:\/\/eldigitaldeasturias.com\/magazine365\/wp-content\/uploads\/2015\/06\/fotonoticia_20150610121111_800.jpg\" \/>\n\t\t<meta property=\"og:image:secure_url\" content=\"https:\/\/eldigitaldeasturias.com\/magazine365\/wp-content\/uploads\/2015\/06\/fotonoticia_20150610121111_800.jpg\" \/>\n\t\t<meta property=\"og:image:width\" content=\"800\" \/>\n\t\t<meta property=\"og:image:height\" content=\"536\" \/>\n\t\t<meta property=\"article:published_time\" content=\"2015-06-10T13:55:53+00:00\" \/>\n\t\t<meta property=\"article:modified_time\" content=\"2015-06-10T13:55:53+00:00\" \/>\n\t\t<meta name=\"twitter:card\" content=\"summary_large_image\" \/>\n\t\t<meta name=\"twitter:title\" content=\"La III Primavera Enogaston\u00f3mica llega al Geoparque Villuercas-Ibores-Jara | El Digital de Asturias\" \/>\n\t\t<meta name=\"twitter:description\" content=\"La III Primavera Enogaston\u00f3mica llega al Geoparque Villuercas-Ibores-Jara este fin de semana, 13 y 14 de junio, con visitas a bodegas y safaris fotogr\u00e1ficos, entre otras actividades. As\u00ed, la combinaci\u00f3n entre excursiones y visitas a bodegas con la mejor gastronom\u00eda y la degustaci\u00f3n de caldos har\u00e1n que los visitantes puedan descubrir ese &quot;importante&quot; espacio natural\" \/>\n\t\t<meta name=\"twitter:image\" content=\"https:\/\/eldigitaldeasturias.com\/magazine365\/wp-content\/uploads\/2015\/06\/fotonoticia_20150610121111_800.jpg\" \/>\n\t\t<script type=\"application\/ld+json\" class=\"aioseo-schema\">\n\t\t\t{\"@context\":\"https:\\\/\\\/schema.org\",\"@graph\":[{\"@type\":\"Article\",\"@id\":\"https:\\\/\\\/eldigitaldeasturias.com\\\/magazine365\\\/la-iii-primavera-enogastonomica-llega-al-geoparque-villuercas-ibores-jara\\\/#article\",\"name\":\"La III Primavera Enogaston\\u00f3mica llega al Geoparque Villuercas-Ibores-Jara | El Digital de Asturias\",\"headline\":\"La III Primavera Enogaston\\u00f3mica llega al Geoparque Villuercas-Ibores-Jara\",\"author\":{\"@id\":\"https:\\\/\\\/eldigitaldeasturias.com\\\/magazine365\\\/author\\\/admin\\\/#author\"},\"publisher\":{\"@id\":\"https:\\\/\\\/eldigitaldeasturias.com\\\/magazine365\\\/#organization\"},\"image\":{\"@type\":\"ImageObject\",\"url\":\"https:\\\/\\\/eldigitaldeasturias.com\\\/magazine365\\\/wp-content\\\/uploads\\\/2015\\\/06\\\/fotonoticia_20150610121111_800.jpg\",\"width\":800,\"height\":536},\"datePublished\":\"2015-06-10T15:25:53+02:00\",\"dateModified\":\"2015-06-10T15:25:53+02:00\",\"inLanguage\":\"es-ES\",\"mainEntityOfPage\":{\"@id\":\"https:\\\/\\\/eldigitaldeasturias.com\\\/magazine365\\\/la-iii-primavera-enogastonomica-llega-al-geoparque-villuercas-ibores-jara\\\/#webpage\"},\"isPartOf\":{\"@id\":\"https:\\\/\\\/eldigitaldeasturias.com\\\/magazine365\\\/la-iii-primavera-enogastonomica-llega-al-geoparque-villuercas-ibores-jara\\\/#webpage\"},\"articleSection\":\"Noticias y Actualidad\"},{\"@type\":\"BreadcrumbList\",\"@id\":\"https:\\\/\\\/eldigitaldeasturias.com\\\/magazine365\\\/la-iii-primavera-enogastonomica-llega-al-geoparque-villuercas-ibores-jara\\\/#breadcrumblist\",\"itemListElement\":[{\"@type\":\"ListItem\",\"@id\":\"https:\\\/\\\/eldigitaldeasturias.com\\\/magazine365#listItem\",\"position\":1,\"name\":\"Home\",\"item\":\"https:\\\/\\\/eldigitaldeasturias.com\\\/magazine365\",\"nextItem\":{\"@type\":\"ListItem\",\"@id\":\"https:\\\/\\\/eldigitaldeasturias.com\\\/magazine365\\\/category\\\/noticias-actualidad\\\/#listItem\",\"name\":\"Noticias y Actualidad\"}},{\"@type\":\"ListItem\",\"@id\":\"https:\\\/\\\/eldigitaldeasturias.com\\\/magazine365\\\/category\\\/noticias-actualidad\\\/#listItem\",\"position\":2,\"name\":\"Noticias y Actualidad\",\"item\":\"https:\\\/\\\/eldigitaldeasturias.com\\\/magazine365\\\/category\\\/noticias-actualidad\\\/\",\"nextItem\":{\"@type\":\"ListItem\",\"@id\":\"https:\\\/\\\/eldigitaldeasturias.com\\\/magazine365\\\/la-iii-primavera-enogastonomica-llega-al-geoparque-villuercas-ibores-jara\\\/#listItem\",\"name\":\"La III Primavera Enogaston\\u00f3mica llega al Geoparque Villuercas-Ibores-Jara\"},\"previousItem\":{\"@type\":\"ListItem\",\"@id\":\"https:\\\/\\\/eldigitaldeasturias.com\\\/magazine365#listItem\",\"name\":\"Home\"}},{\"@type\":\"ListItem\",\"@id\":\"https:\\\/\\\/eldigitaldeasturias.com\\\/magazine365\\\/la-iii-primavera-enogastonomica-llega-al-geoparque-villuercas-ibores-jara\\\/#listItem\",\"position\":3,\"name\":\"La III Primavera Enogaston\\u00f3mica llega al Geoparque Villuercas-Ibores-Jara\",\"previousItem\":{\"@type\":\"ListItem\",\"@id\":\"https:\\\/\\\/eldigitaldeasturias.com\\\/magazine365\\\/category\\\/noticias-actualidad\\\/#listItem\",\"name\":\"Noticias y Actualidad\"}}]},{\"@type\":\"Organization\",\"@id\":\"https:\\\/\\\/eldigitaldeasturias.com\\\/magazine365\\\/#organization\",\"name\":\"El digital de Asturias\",\"description\":\"Revista de ocio, turismo y estilo de vida\",\"url\":\"https:\\\/\\\/eldigitaldeasturias.com\\\/magazine365\\\/\",\"logo\":{\"@type\":\"ImageObject\",\"url\":\"https:\\\/\\\/www.eldigitaldeasturias.com\\\/noticias\\\/wp-content\\\/uploads\\\/2020\\\/12\\\/EDA.jpg\",\"@id\":\"https:\\\/\\\/eldigitaldeasturias.com\\\/magazine365\\\/la-iii-primavera-enogastonomica-llega-al-geoparque-villuercas-ibores-jara\\\/#organizationLogo\"},\"image\":{\"@id\":\"https:\\\/\\\/eldigitaldeasturias.com\\\/magazine365\\\/la-iii-primavera-enogastonomica-llega-al-geoparque-villuercas-ibores-jara\\\/#organizationLogo\"}},{\"@type\":\"Person\",\"@id\":\"https:\\\/\\\/eldigitaldeasturias.com\\\/magazine365\\\/author\\\/admin\\\/#author\",\"url\":\"https:\\\/\\\/eldigitaldeasturias.com\\\/magazine365\\\/author\\\/admin\\\/\",\"name\":\"admin\",\"image\":{\"@type\":\"ImageObject\",\"@id\":\"https:\\\/\\\/eldigitaldeasturias.com\\\/magazine365\\\/la-iii-primavera-enogastonomica-llega-al-geoparque-villuercas-ibores-jara\\\/#authorImage\",\"url\":\"https:\\\/\\\/eldigitaldeasturias.com\\\/magazine365\\\/wp-content\\\/litespeed\\\/avatar\\\/e571bcf59a0edd6fa6838245a470f2fe.jpg?ver=1776969259\",\"width\":96,\"height\":96,\"caption\":\"admin\"}},{\"@type\":\"WebPage\",\"@id\":\"https:\\\/\\\/eldigitaldeasturias.com\\\/magazine365\\\/la-iii-primavera-enogastonomica-llega-al-geoparque-villuercas-ibores-jara\\\/#webpage\",\"url\":\"https:\\\/\\\/eldigitaldeasturias.com\\\/magazine365\\\/la-iii-primavera-enogastonomica-llega-al-geoparque-villuercas-ibores-jara\\\/\",\"name\":\"La III Primavera Enogaston\\u00f3mica llega al Geoparque Villuercas-Ibores-Jara | El Digital de Asturias\",\"description\":\"La III Primavera Enogaston\\u00f3mica llega al Geoparque Villuercas-Ibores-Jara este fin de semana, 13 y 14 de junio, con visitas a bodegas y safaris fotogr\\u00e1ficos, entre otras actividades. As\\u00ed, la combinaci\\u00f3n entre excursiones y visitas a bodegas con la mejor gastronom\\u00eda y la degustaci\\u00f3n de caldos har\\u00e1n que los visitantes puedan descubrir ese \\\"importante\\\" espacio natural\",\"inLanguage\":\"es-ES\",\"isPartOf\":{\"@id\":\"https:\\\/\\\/eldigitaldeasturias.com\\\/magazine365\\\/#website\"},\"breadcrumb\":{\"@id\":\"https:\\\/\\\/eldigitaldeasturias.com\\\/magazine365\\\/la-iii-primavera-enogastonomica-llega-al-geoparque-villuercas-ibores-jara\\\/#breadcrumblist\"},\"author\":{\"@id\":\"https:\\\/\\\/eldigitaldeasturias.com\\\/magazine365\\\/author\\\/admin\\\/#author\"},\"creator\":{\"@id\":\"https:\\\/\\\/eldigitaldeasturias.com\\\/magazine365\\\/author\\\/admin\\\/#author\"},\"image\":{\"@type\":\"ImageObject\",\"url\":\"https:\\\/\\\/eldigitaldeasturias.com\\\/magazine365\\\/wp-content\\\/uploads\\\/2015\\\/06\\\/fotonoticia_20150610121111_800.jpg\",\"@id\":\"https:\\\/\\\/eldigitaldeasturias.com\\\/magazine365\\\/la-iii-primavera-enogastonomica-llega-al-geoparque-villuercas-ibores-jara\\\/#mainImage\",\"width\":800,\"height\":536},\"primaryImageOfPage\":{\"@id\":\"https:\\\/\\\/eldigitaldeasturias.com\\\/magazine365\\\/la-iii-primavera-enogastonomica-llega-al-geoparque-villuercas-ibores-jara\\\/#mainImage\"},\"datePublished\":\"2015-06-10T15:25:53+02:00\",\"dateModified\":\"2015-06-10T15:25:53+02:00\"},{\"@type\":\"WebSite\",\"@id\":\"https:\\\/\\\/eldigitaldeasturias.com\\\/magazine365\\\/#website\",\"url\":\"https:\\\/\\\/eldigitaldeasturias.com\\\/magazine365\\\/\",\"name\":\"El Digital de Asturias\",\"description\":\"Revista de ocio, turismo y estilo de vida\",\"inLanguage\":\"es-ES\",\"publisher\":{\"@id\":\"https:\\\/\\\/eldigitaldeasturias.com\\\/magazine365\\\/#organization\"}}]}\n\t\t<\/script>\n\t\t<!-- All in One SEO Pro -->\r\n\t\t<title>La III Primavera Enogaston\u00f3mica llega al Geoparque Villuercas-Ibores-Jara | El Digital de Asturias<\/title>\n\n","aioseo_head_json":{"title":"La III Primavera Enogaston\u00f3mica llega al Geoparque Villuercas-Ibores-Jara | El Digital de Asturias","description":"La III Primavera Enogaston\u00f3mica llega al Geoparque Villuercas-Ibores-Jara este fin de semana, 13 y 14 de junio, con visitas a bodegas y safaris fotogr\u00e1ficos, entre otras actividades. As\u00ed, la combinaci\u00f3n entre excursiones y visitas a bodegas con la mejor gastronom\u00eda y la degustaci\u00f3n de caldos har\u00e1n que los visitantes puedan descubrir ese \"importante\" espacio natural","canonical_url":"https:\/\/eldigitaldeasturias.com\/magazine365\/la-iii-primavera-enogastonomica-llega-al-geoparque-villuercas-ibores-jara\/","robots":"max-image-preview:large","keywords":"noticias y actualidad","webmasterTools":{"google-site-verification":"UA-38556648-1","miscellaneous":""},"schema":{"@context":"https:\/\/schema.org","@graph":[{"@type":"Article","@id":"https:\/\/eldigitaldeasturias.com\/magazine365\/la-iii-primavera-enogastonomica-llega-al-geoparque-villuercas-ibores-jara\/#article","name":"La III Primavera Enogaston\u00f3mica llega al Geoparque Villuercas-Ibores-Jara | El Digital de Asturias","headline":"La III Primavera Enogaston\u00f3mica llega al Geoparque Villuercas-Ibores-Jara","author":{"@id":"https:\/\/eldigitaldeasturias.com\/magazine365\/author\/admin\/#author"},"publisher":{"@id":"https:\/\/eldigitaldeasturias.com\/magazine365\/#organization"},"image":{"@type":"ImageObject","url":"https:\/\/eldigitaldeasturias.com\/magazine365\/wp-content\/uploads\/2015\/06\/fotonoticia_20150610121111_800.jpg","width":800,"height":536},"datePublished":"2015-06-10T15:25:53+02:00","dateModified":"2015-06-10T15:25:53+02:00","inLanguage":"es-ES","mainEntityOfPage":{"@id":"https:\/\/eldigitaldeasturias.com\/magazine365\/la-iii-primavera-enogastonomica-llega-al-geoparque-villuercas-ibores-jara\/#webpage"},"isPartOf":{"@id":"https:\/\/eldigitaldeasturias.com\/magazine365\/la-iii-primavera-enogastonomica-llega-al-geoparque-villuercas-ibores-jara\/#webpage"},"articleSection":"Noticias y Actualidad"},{"@type":"BreadcrumbList","@id":"https:\/\/eldigitaldeasturias.com\/magazine365\/la-iii-primavera-enogastonomica-llega-al-geoparque-villuercas-ibores-jara\/#breadcrumblist","itemListElement":[{"@type":"ListItem","@id":"https:\/\/eldigitaldeasturias.com\/magazine365#listItem","position":1,"name":"Home","item":"https:\/\/eldigitaldeasturias.com\/magazine365","nextItem":{"@type":"ListItem","@id":"https:\/\/eldigitaldeasturias.com\/magazine365\/category\/noticias-actualidad\/#listItem","name":"Noticias y Actualidad"}},{"@type":"ListItem","@id":"https:\/\/eldigitaldeasturias.com\/magazine365\/category\/noticias-actualidad\/#listItem","position":2,"name":"Noticias y Actualidad","item":"https:\/\/eldigitaldeasturias.com\/magazine365\/category\/noticias-actualidad\/","nextItem":{"@type":"ListItem","@id":"https:\/\/eldigitaldeasturias.com\/magazine365\/la-iii-primavera-enogastonomica-llega-al-geoparque-villuercas-ibores-jara\/#listItem","name":"La III Primavera Enogaston\u00f3mica llega al Geoparque Villuercas-Ibores-Jara"},"previousItem":{"@type":"ListItem","@id":"https:\/\/eldigitaldeasturias.com\/magazine365#listItem","name":"Home"}},{"@type":"ListItem","@id":"https:\/\/eldigitaldeasturias.com\/magazine365\/la-iii-primavera-enogastonomica-llega-al-geoparque-villuercas-ibores-jara\/#listItem","position":3,"name":"La III Primavera Enogaston\u00f3mica llega al Geoparque Villuercas-Ibores-Jara","previousItem":{"@type":"ListItem","@id":"https:\/\/eldigitaldeasturias.com\/magazine365\/category\/noticias-actualidad\/#listItem","name":"Noticias y Actualidad"}}]},{"@type":"Organization","@id":"https:\/\/eldigitaldeasturias.com\/magazine365\/#organization","name":"El digital de Asturias","description":"Revista de ocio, turismo y estilo de vida","url":"https:\/\/eldigitaldeasturias.com\/magazine365\/","logo":{"@type":"ImageObject","url":"https:\/\/www.eldigitaldeasturias.com\/noticias\/wp-content\/uploads\/2020\/12\/EDA.jpg","@id":"https:\/\/eldigitaldeasturias.com\/magazine365\/la-iii-primavera-enogastonomica-llega-al-geoparque-villuercas-ibores-jara\/#organizationLogo"},"image":{"@id":"https:\/\/eldigitaldeasturias.com\/magazine365\/la-iii-primavera-enogastonomica-llega-al-geoparque-villuercas-ibores-jara\/#organizationLogo"}},{"@type":"Person","@id":"https:\/\/eldigitaldeasturias.com\/magazine365\/author\/admin\/#author","url":"https:\/\/eldigitaldeasturias.com\/magazine365\/author\/admin\/","name":"admin","image":{"@type":"ImageObject","@id":"https:\/\/eldigitaldeasturias.com\/magazine365\/la-iii-primavera-enogastonomica-llega-al-geoparque-villuercas-ibores-jara\/#authorImage","url":"https:\/\/eldigitaldeasturias.com\/magazine365\/wp-content\/litespeed\/avatar\/e571bcf59a0edd6fa6838245a470f2fe.jpg?ver=1776969259","width":96,"height":96,"caption":"admin"}},{"@type":"WebPage","@id":"https:\/\/eldigitaldeasturias.com\/magazine365\/la-iii-primavera-enogastonomica-llega-al-geoparque-villuercas-ibores-jara\/#webpage","url":"https:\/\/eldigitaldeasturias.com\/magazine365\/la-iii-primavera-enogastonomica-llega-al-geoparque-villuercas-ibores-jara\/","name":"La III Primavera Enogaston\u00f3mica llega al Geoparque Villuercas-Ibores-Jara | El Digital de Asturias","description":"La III Primavera Enogaston\u00f3mica llega al Geoparque Villuercas-Ibores-Jara este fin de semana, 13 y 14 de junio, con visitas a bodegas y safaris fotogr\u00e1ficos, entre otras actividades. As\u00ed, la combinaci\u00f3n entre excursiones y visitas a bodegas con la mejor gastronom\u00eda y la degustaci\u00f3n de caldos har\u00e1n que los visitantes puedan descubrir ese \"importante\" espacio natural","inLanguage":"es-ES","isPartOf":{"@id":"https:\/\/eldigitaldeasturias.com\/magazine365\/#website"},"breadcrumb":{"@id":"https:\/\/eldigitaldeasturias.com\/magazine365\/la-iii-primavera-enogastonomica-llega-al-geoparque-villuercas-ibores-jara\/#breadcrumblist"},"author":{"@id":"https:\/\/eldigitaldeasturias.com\/magazine365\/author\/admin\/#author"},"creator":{"@id":"https:\/\/eldigitaldeasturias.com\/magazine365\/author\/admin\/#author"},"image":{"@type":"ImageObject","url":"https:\/\/eldigitaldeasturias.com\/magazine365\/wp-content\/uploads\/2015\/06\/fotonoticia_20150610121111_800.jpg","@id":"https:\/\/eldigitaldeasturias.com\/magazine365\/la-iii-primavera-enogastonomica-llega-al-geoparque-villuercas-ibores-jara\/#mainImage","width":800,"height":536},"primaryImageOfPage":{"@id":"https:\/\/eldigitaldeasturias.com\/magazine365\/la-iii-primavera-enogastonomica-llega-al-geoparque-villuercas-ibores-jara\/#mainImage"},"datePublished":"2015-06-10T15:25:53+02:00","dateModified":"2015-06-10T15:25:53+02:00"},{"@type":"WebSite","@id":"https:\/\/eldigitaldeasturias.com\/magazine365\/#website","url":"https:\/\/eldigitaldeasturias.com\/magazine365\/","name":"El Digital de Asturias","description":"Revista de ocio, turismo y estilo de vida","inLanguage":"es-ES","publisher":{"@id":"https:\/\/eldigitaldeasturias.com\/magazine365\/#organization"}}]},"og:locale":"es_ES","og:site_name":"El Digital de Asturias \u2013 Revista de ocio, turismo y estilo de vida","og:type":"article","og:title":"La III Primavera Enogaston\u00f3mica llega al Geoparque Villuercas-Ibores-Jara | El Digital de Asturias","og:description":"La III Primavera Enogaston\u00f3mica llega al Geoparque Villuercas-Ibores-Jara este fin de semana, 13 y 14 de junio, con visitas a bodegas y safaris fotogr\u00e1ficos, entre otras actividades. As\u00ed, la combinaci\u00f3n entre excursiones y visitas a bodegas con la mejor gastronom\u00eda y la degustaci\u00f3n de caldos har\u00e1n que los visitantes puedan descubrir ese &quot;importante&quot; espacio natural","og:url":"https:\/\/eldigitaldeasturias.com\/magazine365\/la-iii-primavera-enogastonomica-llega-al-geoparque-villuercas-ibores-jara\/","og:image":"https:\/\/eldigitaldeasturias.com\/magazine365\/wp-content\/uploads\/2015\/06\/fotonoticia_20150610121111_800.jpg","og:image:secure_url":"https:\/\/eldigitaldeasturias.com\/magazine365\/wp-content\/uploads\/2015\/06\/fotonoticia_20150610121111_800.jpg","og:image:width":800,"og:image:height":536,"article:published_time":"2015-06-10T13:55:53+00:00","article:modified_time":"2015-06-10T13:55:53+00:00","twitter:card":"summary_large_image","twitter:title":"La III Primavera Enogaston\u00f3mica llega al Geoparque Villuercas-Ibores-Jara | El Digital de Asturias","twitter:description":"La III Primavera Enogaston\u00f3mica llega al Geoparque Villuercas-Ibores-Jara este fin de semana, 13 y 14 de junio, con visitas a bodegas y safaris fotogr\u00e1ficos, entre otras actividades. As\u00ed, la combinaci\u00f3n entre excursiones y visitas a bodegas con la mejor gastronom\u00eda y la degustaci\u00f3n de caldos har\u00e1n que los visitantes puedan descubrir ese &quot;importante&quot; espacio natural","twitter:image":"https:\/\/eldigitaldeasturias.com\/magazine365\/wp-content\/uploads\/2015\/06\/fotonoticia_20150610121111_800.jpg"},"aioseo_meta_data":{"post_id":"39428","title":null,"description":null,"keywords":null,"keyphrases":null,"primary_term":null,"canonical_url":null,"og_title":null,"og_description":null,"og_object_type":"default","og_image_type":"default","og_image_url":null,"og_image_width":null,"og_image_height":null,"og_image_custom_url":null,"og_image_custom_fields":null,"og_video":null,"og_custom_url":null,"og_article_section":null,"og_article_tags":null,"twitter_use_og":false,"twitter_card":"default","twitter_image_type":"default","twitter_image_url":null,"twitter_image_custom_url":null,"twitter_image_custom_fields":null,"twitter_title":null,"twitter_description":null,"schema":{"blockGraphs":[],"customGraphs":[],"default":{"data":{"Article":[],"Course":[],"Dataset":[],"FAQPage":[],"Movie":[],"Person":[],"Product":[],"ProductReview":[],"Car":[],"Recipe":[],"Service":[],"SoftwareApplication":[],"WebPage":[]},"graphName":"","isEnabled":true},"graphs":[],"defaultGraph":"","defaultPostTypeGraph":""},"schema_type":null,"schema_type_options":null,"pillar_content":false,"robots_default":true,"robots_noindex":false,"robots_noarchive":false,"robots_nosnippet":false,"robots_nofollow":false,"robots_noimageindex":false,"robots_noodp":false,"robots_notranslate":false,"robots_max_snippet":null,"robots_max_videopreview":null,"robots_max_imagepreview":"large","priority":null,"frequency":null,"location":null,"local_seo":null,"seo_analyzer_scan_date":"2025-09-19 11:33:59","breadcrumb_settings":null,"limit_modified_date":false,"open_ai":null,"ai":null,"created":"2021-03-09 02:41:54","updated":"2025-09-19 11:33:59"},"aioseo_breadcrumb":"<div class=\"aioseo-breadcrumbs\"><span class=\"aioseo-breadcrumb\">\n\t<a href=\"https:\/\/eldigitaldeasturias.com\/magazine365\" title=\"Home\">Home<\/a>\n<\/span><span class=\"aioseo-breadcrumb-separator\">\u2013<\/span><span class=\"aioseo-breadcrumb\">\n\t<a href=\"https:\/\/eldigitaldeasturias.com\/magazine365\/category\/noticias-actualidad\/\" title=\"Noticias y Actualidad\">Noticias y Actualidad<\/a>\n<\/span><span class=\"aioseo-breadcrumb-separator\">\u2013<\/span><span class=\"aioseo-breadcrumb\">\n\t<a href=\"https:\/\/eldigitaldeasturias.com\/magazine365\/la-iii-primavera-enogastonomica-llega-al-geoparque-villuercas-ibores-jara\/\" title=\"La III Primavera Enogaston\u00f3mica llega al Geoparque Villuercas-Ibores-Jara\">La III Primavera Enogaston\u00f3mica llega al Geoparque Villuercas-Ibores-Jara<\/a>\n<\/span><\/div>","aioseo_breadcrumb_json":[{"label":"Home","link":"https:\/\/eldigitaldeasturias.com\/magazine365"},{"label":"Noticias y Actualidad","link":"https:\/\/eldigitaldeasturias.com\/magazine365\/category\/noticias-actualidad\/"},{"label":"La III Primavera Enogaston\u00f3mica llega al Geoparque Villuercas-Ibores-Jara","link":"https:\/\/eldigitaldeasturias.com\/magazine365\/la-iii-primavera-enogastonomica-llega-al-geoparque-villuercas-ibores-jara\/"}],"_links":{"self":[{"href":"https:\/\/eldigitaldeasturias.com\/magazine365\/wp-json\/wp\/v2\/posts\/39428","targetHints":{"allow":["GET"]}}],"collection":[{"href":"https:\/\/eldigitaldeasturias.com\/magazine365\/wp-json\/wp\/v2\/posts"}],"about":[{"href":"https:\/\/eldigitaldeasturias.com\/magazine365\/wp-json\/wp\/v2\/types\/post"}],"author":[{"embeddable":true,"href":"https:\/\/eldigitaldeasturias.com\/magazine365\/wp-json\/wp\/v2\/users\/1"}],"replies":[{"embeddable":true,"href":"https:\/\/eldigitaldeasturias.com\/magazine365\/wp-json\/wp\/v2\/comments?post=39428"}],"version-history":[{"count":0,"href":"https:\/\/eldigitaldeasturias.com\/magazine365\/wp-json\/wp\/v2\/posts\/39428\/revisions"}],"wp:featuredmedia":[{"embeddable":true,"href":"https:\/\/eldigitaldeasturias.com\/magazine365\/wp-json\/wp\/v2\/media\/39429"}],"wp:attachment":[{"href":"https:\/\/eldigitaldeasturias.com\/magazine365\/wp-json\/wp\/v2\/media?parent=39428"}],"wp:term":[{"taxonomy":"category","embeddable":true,"href":"https:\/\/eldigitaldeasturias.com\/magazine365\/wp-json\/wp\/v2\/categories?post=39428"},{"taxonomy":"post_tag","embeddable":true,"href":"https:\/\/eldigitaldeasturias.com\/magazine365\/wp-json\/wp\/v2\/tags?post=39428"}],"curies":[{"name":"wp","href":"https:\/\/api.w.org\/{rel}","templated":true}]}}