{"id":39425,"date":"2015-06-10T15:23:20","date_gmt":"2015-06-10T13:53:20","guid":{"rendered":"http:\/\/eldigitaldeasturias.com\/magazine365\/?p=39425"},"modified":"2015-06-10T15:23:20","modified_gmt":"2015-06-10T13:53:20","slug":"torrejon-el-rubio-contara-con-un-centro-de-visitantes-del-cielo-de-monfrague","status":"publish","type":"post","link":"https:\/\/eldigitaldeasturias.com\/magazine365\/torrejon-el-rubio-contara-con-un-centro-de-visitantes-del-cielo-de-monfrague\/","title":{"rendered":"Torrej\u00f3n el Rubio contar\u00e1 con un Centro de Visitantes del Cielo de Monfrag\u00fce"},"content":{"rendered":"<p><img fetchpriority=\"high\" decoding=\"async\" class=\"alignleft size-medium wp-image-39426\" src=\"https:\/\/eldigitaldeasturias.com\/magazine365\/wp-content\/uploads\/2015\/06\/fotonoticia_20150610120944_800-360x182.jpg\" alt=\"fotonoticia_20150610120944_800\" width=\"360\" height=\"182\" srcset=\"https:\/\/eldigitaldeasturias.com\/magazine365\/wp-content\/uploads\/2015\/06\/fotonoticia_20150610120944_800-360x182.jpg 360w, https:\/\/eldigitaldeasturias.com\/magazine365\/wp-content\/uploads\/2015\/06\/fotonoticia_20150610120944_800-650x329.jpg 650w, https:\/\/eldigitaldeasturias.com\/magazine365\/wp-content\/uploads\/2015\/06\/fotonoticia_20150610120944_800-768x389.jpg 768w, https:\/\/eldigitaldeasturias.com\/magazine365\/wp-content\/uploads\/2015\/06\/fotonoticia_20150610120944_800-150x76.jpg 150w, https:\/\/eldigitaldeasturias.com\/magazine365\/wp-content\/uploads\/2015\/06\/fotonoticia_20150610120944_800-450x228.jpg 450w, https:\/\/eldigitaldeasturias.com\/magazine365\/wp-content\/uploads\/2015\/06\/fotonoticia_20150610120944_800-696x352.jpg 696w, https:\/\/eldigitaldeasturias.com\/magazine365\/wp-content\/uploads\/2015\/06\/fotonoticia_20150610120944_800-304x154.jpg 304w, https:\/\/eldigitaldeasturias.com\/magazine365\/wp-content\/uploads\/2015\/06\/fotonoticia_20150610120944_800.jpg 800w\" sizes=\"(max-width: 360px) 100vw, 360px\" \/>La localidad cacere\u00f1a de Torrej\u00f3n el Rubio completar\u00e1 las instalaciones para facilitar las visitas al Parque Nacional de Monfrag\u00fce con un nuevo Centro de Visitantes del Cielo, que se construir\u00e1 adaptando el edificio actual del Observatorio Astron\u00f3mico.<\/p>\n<p>Esta actuaci\u00f3n, que se llevar\u00e1 a cabo con una subvenci\u00f3n de 50.000 euros concedida por la Consejer\u00eda de Fomento, Vivienda, Ordenaci\u00f3n del Territorio y Turismo, se enmarca dentro de los trabajos para \u00abreforzar\u00bb el destino tur\u00edstico de Monfrag\u00fce con nuevas infraestructuras que tienen como fin \u00abpotenciar\u00bb la dinamizaci\u00f3n y la diversificaci\u00f3n tur\u00edsticas.<\/p>\n<p>Con ese objetivo se dise\u00f1\u00f3 el Centro Sur de Visitantes del Parque Nacional de Monfrag\u00fce, que consta de una serie de zonas especializadas para atender a los diferentes segmentos que visitan el espacio natural. As\u00ed dispone del Monfrag\u00fce Birdcenter, un centro de informaci\u00f3n y recepci\u00f3n para ornit\u00f3logos, que cuenta con zona de informaci\u00f3n, interpretaci\u00f3n, exposici\u00f3n y sala de formaci\u00f3n.<\/p>\n<p>Otro apartado es el Centro del Arte Rupestre de Monfrag\u00fce, un equipamiento de cuatro chozos que acerca a los 107 abrigos de pinturas rupestres esquem\u00e1ticas del Parque.<\/p>\n<p>Tambi\u00e9n cuenta con el centro Monfrag\u00fce BTT, un centro de bicicletas todoterreno que tiene duchas, aseos, zona de lavado de bicicletas, zona de alquiler de bicicletas, cascos y GPS y que tiene balizadas doce rutas por la comarca, informa en nota de prensa el Gobierno extreme\u00f1o.<\/p>\n<p>OBSERVATORIO.<\/p>\n<p>Por \u00faltimo, dispone del Observatorio Astron\u00f3mico de Monfrag\u00fce, un edificio de 130 metros cuadrados en el que se ha instalado una c\u00fapula de cuatro metros cuadrados con un telescopio Meade de 25 cent\u00edmetros. Precisamente es en este edificio donde se quiere hacer el Centro de Visitantes del Cielo de Monfrag\u00fce, con la intenci\u00f3n de que el visitante pueda observar los diferentes fen\u00f3menos estelares tras realizar la visita al Parque.<\/p>\n<p>El edificio del Observatorio tiene dos plantas, la planta baja es una sala di\u00e1fana desde la que se accede a la c\u00fapula a trav\u00e9s de una escalera de caracol muy estrecha y complicada.<\/p>\n<p>El proyecto contempla equipar la planta baja como centro de recepci\u00f3n del Visitante del Cielo, sustituir la escalera de caracol por una plataforma elevadora, hacer una terraza alrededor de la c\u00fapula y dotar al edificio de una escalera exterior de emergencia para posibles evacuaciones.<\/p>\n<p>Una ver terminadas las obras est\u00e1 previsto instalar un mostrador de recepci\u00f3n, sillas para la zona de espera y habilitar un espacio de interpretaci\u00f3n con paneles gr\u00e1ficos interpretativos, un diorama de 8,3 metros sobre los planetas del sistema solar, y un diorama articulado con la Luna, la Tierra, el Sol y un planisferio de gran tama\u00f1o.<\/p>\n<p>El objetivo que se persigue no es solo entregar informaci\u00f3n sobre los mejores lugares del entorno de Monfrag\u00fce, sino dotar al edificio de un espacio de conocimiento previo a la visita al Observatorio Astron\u00f3mico, con su visi\u00f3n del universo a trav\u00e9s del telescopio.<\/p>\n<p>Adem\u00e1s, de esta forma se hace m\u00e1s atractiva la visita y se facilita la gesti\u00f3n de toda la infraestructura, ya que debido a la \u00abpeque\u00f1a\u00bb capacidad de la c\u00fapula de observaci\u00f3n \u00abno\u00bb puede haber muchas personas al mismo tiempo.<\/p>\n<p>La subvenci\u00f3n del Gobierno de Extremadura para esta obra se ha articulado a trav\u00e9s de un convenio firmado por el consejero de Fomento, V\u00edctor del Moral, y el alcalde de Torrej\u00f3n el Rubio, Miguel Jos\u00e9 Gonz\u00e1lez, el pasado 22 de mayo. El plazo de ejecuci\u00f3n de las obras es de dos meses.<\/p>\n","protected":false},"excerpt":{"rendered":"<p>La localidad cacere\u00f1a de Torrej\u00f3n el Rubio completar\u00e1 las instalaciones para facilitar las visitas al Parque Nacional de Monfrag\u00fce con un nuevo Centro de Visitantes del Cielo, que se construir\u00e1 adaptando el edificio actual del Observatorio Astron\u00f3mico. Esta actuaci\u00f3n, que se llevar\u00e1 a cabo con una subvenci\u00f3n de 50.000 euros concedida por la Consejer\u00eda de<\/p>\n","protected":false},"author":1,"featured_media":39426,"comment_status":"open","ping_status":"closed","sticky":false,"template":"","format":"standard","meta":{"footnotes":""},"categories":[222],"tags":[],"class_list":{"0":"post-39425","1":"post","2":"type-post","3":"status-publish","4":"format-standard","5":"has-post-thumbnail","7":"category-actualidad-turismo"},"aioseo_notices":[],"aioseo_head":"\n\t\t<!-- All in One SEO Pro 4.9.6.1 - aioseo.com -->\n\t<meta name=\"description\" content=\"La localidad cacere\u00f1a de Torrej\u00f3n el Rubio completar\u00e1 las instalaciones para facilitar las visitas al Parque Nacional de Monfrag\u00fce con un nuevo Centro de Visitantes del Cielo, que se construir\u00e1 adaptando el edificio actual del Observatorio Astron\u00f3mico. Esta actuaci\u00f3n, que se llevar\u00e1 a cabo con una subvenci\u00f3n de 50.000 euros concedida por la Consejer\u00eda de\" \/>\n\t<meta name=\"robots\" content=\"max-image-preview:large\" \/>\n\t<meta name=\"author\" content=\"admin\"\/>\n\t<meta name=\"google-site-verification\" content=\"UA-38556648-1\" \/>\n\t<meta name=\"keywords\" content=\"actualidad turismo\" \/>\n\t<link rel=\"canonical\" href=\"https:\/\/eldigitaldeasturias.com\/magazine365\/torrejon-el-rubio-contara-con-un-centro-de-visitantes-del-cielo-de-monfrague\/\" \/>\n\t<meta name=\"generator\" content=\"All in One SEO Pro (AIOSEO) 4.9.6.1\" \/>\n\t\t<meta property=\"og:locale\" content=\"es_ES\" \/>\n\t\t<meta property=\"og:site_name\" content=\"El Digital de Asturias \u2013 Revista de ocio, turismo y estilo de vida\" \/>\n\t\t<meta property=\"og:type\" content=\"article\" \/>\n\t\t<meta property=\"og:title\" content=\"Torrej\u00f3n el Rubio contar\u00e1 con un Centro de Visitantes del Cielo de Monfrag\u00fce | El Digital de Asturias\" \/>\n\t\t<meta property=\"og:description\" content=\"La localidad cacere\u00f1a de Torrej\u00f3n el Rubio completar\u00e1 las instalaciones para facilitar las visitas al Parque Nacional de Monfrag\u00fce con un nuevo Centro de Visitantes del Cielo, que se construir\u00e1 adaptando el edificio actual del Observatorio Astron\u00f3mico. Esta actuaci\u00f3n, que se llevar\u00e1 a cabo con una subvenci\u00f3n de 50.000 euros concedida por la Consejer\u00eda de\" \/>\n\t\t<meta property=\"og:url\" content=\"https:\/\/eldigitaldeasturias.com\/magazine365\/torrejon-el-rubio-contara-con-un-centro-de-visitantes-del-cielo-de-monfrague\/\" \/>\n\t\t<meta property=\"og:image\" content=\"https:\/\/eldigitaldeasturias.com\/magazine365\/wp-content\/uploads\/2015\/06\/fotonoticia_20150610120944_800.jpg\" \/>\n\t\t<meta property=\"og:image:secure_url\" content=\"https:\/\/eldigitaldeasturias.com\/magazine365\/wp-content\/uploads\/2015\/06\/fotonoticia_20150610120944_800.jpg\" \/>\n\t\t<meta property=\"og:image:width\" content=\"800\" \/>\n\t\t<meta property=\"og:image:height\" content=\"405\" \/>\n\t\t<meta property=\"article:published_time\" content=\"2015-06-10T13:53:20+00:00\" \/>\n\t\t<meta property=\"article:modified_time\" content=\"2015-06-10T13:53:20+00:00\" \/>\n\t\t<meta name=\"twitter:card\" content=\"summary_large_image\" \/>\n\t\t<meta name=\"twitter:title\" content=\"Torrej\u00f3n el Rubio contar\u00e1 con un Centro de Visitantes del Cielo de Monfrag\u00fce | El Digital de Asturias\" \/>\n\t\t<meta name=\"twitter:description\" content=\"La localidad cacere\u00f1a de Torrej\u00f3n el Rubio completar\u00e1 las instalaciones para facilitar las visitas al Parque Nacional de Monfrag\u00fce con un nuevo Centro de Visitantes del Cielo, que se construir\u00e1 adaptando el edificio actual del Observatorio Astron\u00f3mico. Esta actuaci\u00f3n, que se llevar\u00e1 a cabo con una subvenci\u00f3n de 50.000 euros concedida por la Consejer\u00eda de\" \/>\n\t\t<meta name=\"twitter:image\" content=\"https:\/\/eldigitaldeasturias.com\/magazine365\/wp-content\/uploads\/2015\/06\/fotonoticia_20150610120944_800.jpg\" \/>\n\t\t<script type=\"application\/ld+json\" class=\"aioseo-schema\">\n\t\t\t{\"@context\":\"https:\\\/\\\/schema.org\",\"@graph\":[{\"@type\":\"Article\",\"@id\":\"https:\\\/\\\/eldigitaldeasturias.com\\\/magazine365\\\/torrejon-el-rubio-contara-con-un-centro-de-visitantes-del-cielo-de-monfrague\\\/#article\",\"name\":\"Torrej\\u00f3n el Rubio contar\\u00e1 con un Centro de Visitantes del Cielo de Monfrag\\u00fce | El Digital de Asturias\",\"headline\":\"Torrej\\u00f3n el Rubio contar\\u00e1 con un Centro de Visitantes del Cielo de Monfrag\\u00fce\",\"author\":{\"@id\":\"https:\\\/\\\/eldigitaldeasturias.com\\\/magazine365\\\/author\\\/admin\\\/#author\"},\"publisher\":{\"@id\":\"https:\\\/\\\/eldigitaldeasturias.com\\\/magazine365\\\/#organization\"},\"image\":{\"@type\":\"ImageObject\",\"url\":\"https:\\\/\\\/eldigitaldeasturias.com\\\/magazine365\\\/wp-content\\\/uploads\\\/2015\\\/06\\\/fotonoticia_20150610120944_800.jpg\",\"width\":800,\"height\":405},\"datePublished\":\"2015-06-10T15:23:20+02:00\",\"dateModified\":\"2015-06-10T15:23:20+02:00\",\"inLanguage\":\"es-ES\",\"mainEntityOfPage\":{\"@id\":\"https:\\\/\\\/eldigitaldeasturias.com\\\/magazine365\\\/torrejon-el-rubio-contara-con-un-centro-de-visitantes-del-cielo-de-monfrague\\\/#webpage\"},\"isPartOf\":{\"@id\":\"https:\\\/\\\/eldigitaldeasturias.com\\\/magazine365\\\/torrejon-el-rubio-contara-con-un-centro-de-visitantes-del-cielo-de-monfrague\\\/#webpage\"},\"articleSection\":\"Actualidad Turismo\"},{\"@type\":\"BreadcrumbList\",\"@id\":\"https:\\\/\\\/eldigitaldeasturias.com\\\/magazine365\\\/torrejon-el-rubio-contara-con-un-centro-de-visitantes-del-cielo-de-monfrague\\\/#breadcrumblist\",\"itemListElement\":[{\"@type\":\"ListItem\",\"@id\":\"https:\\\/\\\/eldigitaldeasturias.com\\\/magazine365#listItem\",\"position\":1,\"name\":\"Home\",\"item\":\"https:\\\/\\\/eldigitaldeasturias.com\\\/magazine365\",\"nextItem\":{\"@type\":\"ListItem\",\"@id\":\"https:\\\/\\\/eldigitaldeasturias.com\\\/magazine365\\\/category\\\/actualidad-turismo\\\/#listItem\",\"name\":\"Actualidad Turismo\"}},{\"@type\":\"ListItem\",\"@id\":\"https:\\\/\\\/eldigitaldeasturias.com\\\/magazine365\\\/category\\\/actualidad-turismo\\\/#listItem\",\"position\":2,\"name\":\"Actualidad Turismo\",\"item\":\"https:\\\/\\\/eldigitaldeasturias.com\\\/magazine365\\\/category\\\/actualidad-turismo\\\/\",\"nextItem\":{\"@type\":\"ListItem\",\"@id\":\"https:\\\/\\\/eldigitaldeasturias.com\\\/magazine365\\\/torrejon-el-rubio-contara-con-un-centro-de-visitantes-del-cielo-de-monfrague\\\/#listItem\",\"name\":\"Torrej\\u00f3n el Rubio contar\\u00e1 con un Centro de Visitantes del Cielo de Monfrag\\u00fce\"},\"previousItem\":{\"@type\":\"ListItem\",\"@id\":\"https:\\\/\\\/eldigitaldeasturias.com\\\/magazine365#listItem\",\"name\":\"Home\"}},{\"@type\":\"ListItem\",\"@id\":\"https:\\\/\\\/eldigitaldeasturias.com\\\/magazine365\\\/torrejon-el-rubio-contara-con-un-centro-de-visitantes-del-cielo-de-monfrague\\\/#listItem\",\"position\":3,\"name\":\"Torrej\\u00f3n el Rubio contar\\u00e1 con un Centro de Visitantes del Cielo de Monfrag\\u00fce\",\"previousItem\":{\"@type\":\"ListItem\",\"@id\":\"https:\\\/\\\/eldigitaldeasturias.com\\\/magazine365\\\/category\\\/actualidad-turismo\\\/#listItem\",\"name\":\"Actualidad Turismo\"}}]},{\"@type\":\"Organization\",\"@id\":\"https:\\\/\\\/eldigitaldeasturias.com\\\/magazine365\\\/#organization\",\"name\":\"El digital de Asturias\",\"description\":\"Revista de ocio, turismo y estilo de vida\",\"url\":\"https:\\\/\\\/eldigitaldeasturias.com\\\/magazine365\\\/\",\"logo\":{\"@type\":\"ImageObject\",\"url\":\"https:\\\/\\\/www.eldigitaldeasturias.com\\\/noticias\\\/wp-content\\\/uploads\\\/2020\\\/12\\\/EDA.jpg\",\"@id\":\"https:\\\/\\\/eldigitaldeasturias.com\\\/magazine365\\\/torrejon-el-rubio-contara-con-un-centro-de-visitantes-del-cielo-de-monfrague\\\/#organizationLogo\"},\"image\":{\"@id\":\"https:\\\/\\\/eldigitaldeasturias.com\\\/magazine365\\\/torrejon-el-rubio-contara-con-un-centro-de-visitantes-del-cielo-de-monfrague\\\/#organizationLogo\"}},{\"@type\":\"Person\",\"@id\":\"https:\\\/\\\/eldigitaldeasturias.com\\\/magazine365\\\/author\\\/admin\\\/#author\",\"url\":\"https:\\\/\\\/eldigitaldeasturias.com\\\/magazine365\\\/author\\\/admin\\\/\",\"name\":\"admin\",\"image\":{\"@type\":\"ImageObject\",\"@id\":\"https:\\\/\\\/eldigitaldeasturias.com\\\/magazine365\\\/torrejon-el-rubio-contara-con-un-centro-de-visitantes-del-cielo-de-monfrague\\\/#authorImage\",\"url\":\"https:\\\/\\\/eldigitaldeasturias.com\\\/magazine365\\\/wp-content\\\/litespeed\\\/avatar\\\/e571bcf59a0edd6fa6838245a470f2fe.jpg?ver=1776969259\",\"width\":96,\"height\":96,\"caption\":\"admin\"}},{\"@type\":\"WebPage\",\"@id\":\"https:\\\/\\\/eldigitaldeasturias.com\\\/magazine365\\\/torrejon-el-rubio-contara-con-un-centro-de-visitantes-del-cielo-de-monfrague\\\/#webpage\",\"url\":\"https:\\\/\\\/eldigitaldeasturias.com\\\/magazine365\\\/torrejon-el-rubio-contara-con-un-centro-de-visitantes-del-cielo-de-monfrague\\\/\",\"name\":\"Torrej\\u00f3n el Rubio contar\\u00e1 con un Centro de Visitantes del Cielo de Monfrag\\u00fce | El Digital de Asturias\",\"description\":\"La localidad cacere\\u00f1a de Torrej\\u00f3n el Rubio completar\\u00e1 las instalaciones para facilitar las visitas al Parque Nacional de Monfrag\\u00fce con un nuevo Centro de Visitantes del Cielo, que se construir\\u00e1 adaptando el edificio actual del Observatorio Astron\\u00f3mico. Esta actuaci\\u00f3n, que se llevar\\u00e1 a cabo con una subvenci\\u00f3n de 50.000 euros concedida por la Consejer\\u00eda de\",\"inLanguage\":\"es-ES\",\"isPartOf\":{\"@id\":\"https:\\\/\\\/eldigitaldeasturias.com\\\/magazine365\\\/#website\"},\"breadcrumb\":{\"@id\":\"https:\\\/\\\/eldigitaldeasturias.com\\\/magazine365\\\/torrejon-el-rubio-contara-con-un-centro-de-visitantes-del-cielo-de-monfrague\\\/#breadcrumblist\"},\"author\":{\"@id\":\"https:\\\/\\\/eldigitaldeasturias.com\\\/magazine365\\\/author\\\/admin\\\/#author\"},\"creator\":{\"@id\":\"https:\\\/\\\/eldigitaldeasturias.com\\\/magazine365\\\/author\\\/admin\\\/#author\"},\"image\":{\"@type\":\"ImageObject\",\"url\":\"https:\\\/\\\/eldigitaldeasturias.com\\\/magazine365\\\/wp-content\\\/uploads\\\/2015\\\/06\\\/fotonoticia_20150610120944_800.jpg\",\"@id\":\"https:\\\/\\\/eldigitaldeasturias.com\\\/magazine365\\\/torrejon-el-rubio-contara-con-un-centro-de-visitantes-del-cielo-de-monfrague\\\/#mainImage\",\"width\":800,\"height\":405},\"primaryImageOfPage\":{\"@id\":\"https:\\\/\\\/eldigitaldeasturias.com\\\/magazine365\\\/torrejon-el-rubio-contara-con-un-centro-de-visitantes-del-cielo-de-monfrague\\\/#mainImage\"},\"datePublished\":\"2015-06-10T15:23:20+02:00\",\"dateModified\":\"2015-06-10T15:23:20+02:00\"},{\"@type\":\"WebSite\",\"@id\":\"https:\\\/\\\/eldigitaldeasturias.com\\\/magazine365\\\/#website\",\"url\":\"https:\\\/\\\/eldigitaldeasturias.com\\\/magazine365\\\/\",\"name\":\"El Digital de Asturias\",\"description\":\"Revista de ocio, turismo y estilo de vida\",\"inLanguage\":\"es-ES\",\"publisher\":{\"@id\":\"https:\\\/\\\/eldigitaldeasturias.com\\\/magazine365\\\/#organization\"}}]}\n\t\t<\/script>\n\t\t<!-- All in One SEO Pro -->\r\n\t\t<title>Torrej\u00f3n el Rubio contar\u00e1 con un Centro de Visitantes del Cielo de Monfrag\u00fce | El Digital de Asturias<\/title>\n\n","aioseo_head_json":{"title":"Torrej\u00f3n el Rubio contar\u00e1 con un Centro de Visitantes del Cielo de Monfrag\u00fce | El Digital de Asturias","description":"La localidad cacere\u00f1a de Torrej\u00f3n el Rubio completar\u00e1 las instalaciones para facilitar las visitas al Parque Nacional de Monfrag\u00fce con un nuevo Centro de Visitantes del Cielo, que se construir\u00e1 adaptando el edificio actual del Observatorio Astron\u00f3mico. Esta actuaci\u00f3n, que se llevar\u00e1 a cabo con una subvenci\u00f3n de 50.000 euros concedida por la Consejer\u00eda de","canonical_url":"https:\/\/eldigitaldeasturias.com\/magazine365\/torrejon-el-rubio-contara-con-un-centro-de-visitantes-del-cielo-de-monfrague\/","robots":"max-image-preview:large","keywords":"actualidad turismo","webmasterTools":{"google-site-verification":"UA-38556648-1","miscellaneous":""},"schema":{"@context":"https:\/\/schema.org","@graph":[{"@type":"Article","@id":"https:\/\/eldigitaldeasturias.com\/magazine365\/torrejon-el-rubio-contara-con-un-centro-de-visitantes-del-cielo-de-monfrague\/#article","name":"Torrej\u00f3n el Rubio contar\u00e1 con un Centro de Visitantes del Cielo de Monfrag\u00fce | El Digital de Asturias","headline":"Torrej\u00f3n el Rubio contar\u00e1 con un Centro de Visitantes del Cielo de Monfrag\u00fce","author":{"@id":"https:\/\/eldigitaldeasturias.com\/magazine365\/author\/admin\/#author"},"publisher":{"@id":"https:\/\/eldigitaldeasturias.com\/magazine365\/#organization"},"image":{"@type":"ImageObject","url":"https:\/\/eldigitaldeasturias.com\/magazine365\/wp-content\/uploads\/2015\/06\/fotonoticia_20150610120944_800.jpg","width":800,"height":405},"datePublished":"2015-06-10T15:23:20+02:00","dateModified":"2015-06-10T15:23:20+02:00","inLanguage":"es-ES","mainEntityOfPage":{"@id":"https:\/\/eldigitaldeasturias.com\/magazine365\/torrejon-el-rubio-contara-con-un-centro-de-visitantes-del-cielo-de-monfrague\/#webpage"},"isPartOf":{"@id":"https:\/\/eldigitaldeasturias.com\/magazine365\/torrejon-el-rubio-contara-con-un-centro-de-visitantes-del-cielo-de-monfrague\/#webpage"},"articleSection":"Actualidad Turismo"},{"@type":"BreadcrumbList","@id":"https:\/\/eldigitaldeasturias.com\/magazine365\/torrejon-el-rubio-contara-con-un-centro-de-visitantes-del-cielo-de-monfrague\/#breadcrumblist","itemListElement":[{"@type":"ListItem","@id":"https:\/\/eldigitaldeasturias.com\/magazine365#listItem","position":1,"name":"Home","item":"https:\/\/eldigitaldeasturias.com\/magazine365","nextItem":{"@type":"ListItem","@id":"https:\/\/eldigitaldeasturias.com\/magazine365\/category\/actualidad-turismo\/#listItem","name":"Actualidad Turismo"}},{"@type":"ListItem","@id":"https:\/\/eldigitaldeasturias.com\/magazine365\/category\/actualidad-turismo\/#listItem","position":2,"name":"Actualidad Turismo","item":"https:\/\/eldigitaldeasturias.com\/magazine365\/category\/actualidad-turismo\/","nextItem":{"@type":"ListItem","@id":"https:\/\/eldigitaldeasturias.com\/magazine365\/torrejon-el-rubio-contara-con-un-centro-de-visitantes-del-cielo-de-monfrague\/#listItem","name":"Torrej\u00f3n el Rubio contar\u00e1 con un Centro de Visitantes del Cielo de Monfrag\u00fce"},"previousItem":{"@type":"ListItem","@id":"https:\/\/eldigitaldeasturias.com\/magazine365#listItem","name":"Home"}},{"@type":"ListItem","@id":"https:\/\/eldigitaldeasturias.com\/magazine365\/torrejon-el-rubio-contara-con-un-centro-de-visitantes-del-cielo-de-monfrague\/#listItem","position":3,"name":"Torrej\u00f3n el Rubio contar\u00e1 con un Centro de Visitantes del Cielo de Monfrag\u00fce","previousItem":{"@type":"ListItem","@id":"https:\/\/eldigitaldeasturias.com\/magazine365\/category\/actualidad-turismo\/#listItem","name":"Actualidad Turismo"}}]},{"@type":"Organization","@id":"https:\/\/eldigitaldeasturias.com\/magazine365\/#organization","name":"El digital de Asturias","description":"Revista de ocio, turismo y estilo de vida","url":"https:\/\/eldigitaldeasturias.com\/magazine365\/","logo":{"@type":"ImageObject","url":"https:\/\/www.eldigitaldeasturias.com\/noticias\/wp-content\/uploads\/2020\/12\/EDA.jpg","@id":"https:\/\/eldigitaldeasturias.com\/magazine365\/torrejon-el-rubio-contara-con-un-centro-de-visitantes-del-cielo-de-monfrague\/#organizationLogo"},"image":{"@id":"https:\/\/eldigitaldeasturias.com\/magazine365\/torrejon-el-rubio-contara-con-un-centro-de-visitantes-del-cielo-de-monfrague\/#organizationLogo"}},{"@type":"Person","@id":"https:\/\/eldigitaldeasturias.com\/magazine365\/author\/admin\/#author","url":"https:\/\/eldigitaldeasturias.com\/magazine365\/author\/admin\/","name":"admin","image":{"@type":"ImageObject","@id":"https:\/\/eldigitaldeasturias.com\/magazine365\/torrejon-el-rubio-contara-con-un-centro-de-visitantes-del-cielo-de-monfrague\/#authorImage","url":"https:\/\/eldigitaldeasturias.com\/magazine365\/wp-content\/litespeed\/avatar\/e571bcf59a0edd6fa6838245a470f2fe.jpg?ver=1776969259","width":96,"height":96,"caption":"admin"}},{"@type":"WebPage","@id":"https:\/\/eldigitaldeasturias.com\/magazine365\/torrejon-el-rubio-contara-con-un-centro-de-visitantes-del-cielo-de-monfrague\/#webpage","url":"https:\/\/eldigitaldeasturias.com\/magazine365\/torrejon-el-rubio-contara-con-un-centro-de-visitantes-del-cielo-de-monfrague\/","name":"Torrej\u00f3n el Rubio contar\u00e1 con un Centro de Visitantes del Cielo de Monfrag\u00fce | El Digital de Asturias","description":"La localidad cacere\u00f1a de Torrej\u00f3n el Rubio completar\u00e1 las instalaciones para facilitar las visitas al Parque Nacional de Monfrag\u00fce con un nuevo Centro de Visitantes del Cielo, que se construir\u00e1 adaptando el edificio actual del Observatorio Astron\u00f3mico. Esta actuaci\u00f3n, que se llevar\u00e1 a cabo con una subvenci\u00f3n de 50.000 euros concedida por la Consejer\u00eda de","inLanguage":"es-ES","isPartOf":{"@id":"https:\/\/eldigitaldeasturias.com\/magazine365\/#website"},"breadcrumb":{"@id":"https:\/\/eldigitaldeasturias.com\/magazine365\/torrejon-el-rubio-contara-con-un-centro-de-visitantes-del-cielo-de-monfrague\/#breadcrumblist"},"author":{"@id":"https:\/\/eldigitaldeasturias.com\/magazine365\/author\/admin\/#author"},"creator":{"@id":"https:\/\/eldigitaldeasturias.com\/magazine365\/author\/admin\/#author"},"image":{"@type":"ImageObject","url":"https:\/\/eldigitaldeasturias.com\/magazine365\/wp-content\/uploads\/2015\/06\/fotonoticia_20150610120944_800.jpg","@id":"https:\/\/eldigitaldeasturias.com\/magazine365\/torrejon-el-rubio-contara-con-un-centro-de-visitantes-del-cielo-de-monfrague\/#mainImage","width":800,"height":405},"primaryImageOfPage":{"@id":"https:\/\/eldigitaldeasturias.com\/magazine365\/torrejon-el-rubio-contara-con-un-centro-de-visitantes-del-cielo-de-monfrague\/#mainImage"},"datePublished":"2015-06-10T15:23:20+02:00","dateModified":"2015-06-10T15:23:20+02:00"},{"@type":"WebSite","@id":"https:\/\/eldigitaldeasturias.com\/magazine365\/#website","url":"https:\/\/eldigitaldeasturias.com\/magazine365\/","name":"El Digital de Asturias","description":"Revista de ocio, turismo y estilo de vida","inLanguage":"es-ES","publisher":{"@id":"https:\/\/eldigitaldeasturias.com\/magazine365\/#organization"}}]},"og:locale":"es_ES","og:site_name":"El Digital de Asturias \u2013 Revista de ocio, turismo y estilo de vida","og:type":"article","og:title":"Torrej\u00f3n el Rubio contar\u00e1 con un Centro de Visitantes del Cielo de Monfrag\u00fce | El Digital de Asturias","og:description":"La localidad cacere\u00f1a de Torrej\u00f3n el Rubio completar\u00e1 las instalaciones para facilitar las visitas al Parque Nacional de Monfrag\u00fce con un nuevo Centro de Visitantes del Cielo, que se construir\u00e1 adaptando el edificio actual del Observatorio Astron\u00f3mico. Esta actuaci\u00f3n, que se llevar\u00e1 a cabo con una subvenci\u00f3n de 50.000 euros concedida por la Consejer\u00eda de","og:url":"https:\/\/eldigitaldeasturias.com\/magazine365\/torrejon-el-rubio-contara-con-un-centro-de-visitantes-del-cielo-de-monfrague\/","og:image":"https:\/\/eldigitaldeasturias.com\/magazine365\/wp-content\/uploads\/2015\/06\/fotonoticia_20150610120944_800.jpg","og:image:secure_url":"https:\/\/eldigitaldeasturias.com\/magazine365\/wp-content\/uploads\/2015\/06\/fotonoticia_20150610120944_800.jpg","og:image:width":800,"og:image:height":405,"article:published_time":"2015-06-10T13:53:20+00:00","article:modified_time":"2015-06-10T13:53:20+00:00","twitter:card":"summary_large_image","twitter:title":"Torrej\u00f3n el Rubio contar\u00e1 con un Centro de Visitantes del Cielo de Monfrag\u00fce | El Digital de Asturias","twitter:description":"La localidad cacere\u00f1a de Torrej\u00f3n el Rubio completar\u00e1 las instalaciones para facilitar las visitas al Parque Nacional de Monfrag\u00fce con un nuevo Centro de Visitantes del Cielo, que se construir\u00e1 adaptando el edificio actual del Observatorio Astron\u00f3mico. Esta actuaci\u00f3n, que se llevar\u00e1 a cabo con una subvenci\u00f3n de 50.000 euros concedida por la Consejer\u00eda de","twitter:image":"https:\/\/eldigitaldeasturias.com\/magazine365\/wp-content\/uploads\/2015\/06\/fotonoticia_20150610120944_800.jpg"},"aioseo_meta_data":{"post_id":"39425","title":null,"description":null,"keywords":null,"keyphrases":null,"primary_term":null,"canonical_url":null,"og_title":null,"og_description":null,"og_object_type":"default","og_image_type":"default","og_image_url":null,"og_image_width":null,"og_image_height":null,"og_image_custom_url":null,"og_image_custom_fields":null,"og_video":null,"og_custom_url":null,"og_article_section":null,"og_article_tags":null,"twitter_use_og":false,"twitter_card":"default","twitter_image_type":"default","twitter_image_url":null,"twitter_image_custom_url":null,"twitter_image_custom_fields":null,"twitter_title":null,"twitter_description":null,"schema":{"blockGraphs":[],"customGraphs":[],"default":{"data":{"Article":[],"Course":[],"Dataset":[],"FAQPage":[],"Movie":[],"Person":[],"Product":[],"ProductReview":[],"Car":[],"Recipe":[],"Service":[],"SoftwareApplication":[],"WebPage":[]},"graphName":"","isEnabled":true},"graphs":[],"defaultGraph":"","defaultPostTypeGraph":""},"schema_type":null,"schema_type_options":null,"pillar_content":false,"robots_default":true,"robots_noindex":false,"robots_noarchive":false,"robots_nosnippet":false,"robots_nofollow":false,"robots_noimageindex":false,"robots_noodp":false,"robots_notranslate":false,"robots_max_snippet":null,"robots_max_videopreview":null,"robots_max_imagepreview":"large","priority":null,"frequency":null,"location":null,"local_seo":null,"seo_analyzer_scan_date":"2025-09-19 11:33:58","breadcrumb_settings":null,"limit_modified_date":false,"open_ai":null,"ai":null,"created":"2021-03-09 02:41:54","updated":"2025-09-19 11:33:58"},"aioseo_breadcrumb":"<div class=\"aioseo-breadcrumbs\"><span class=\"aioseo-breadcrumb\">\n\t<a href=\"https:\/\/eldigitaldeasturias.com\/magazine365\" title=\"Home\">Home<\/a>\n<\/span><span class=\"aioseo-breadcrumb-separator\">\u2013<\/span><span class=\"aioseo-breadcrumb\">\n\t<a href=\"https:\/\/eldigitaldeasturias.com\/magazine365\/category\/actualidad-turismo\/\" title=\"Actualidad Turismo\">Actualidad Turismo<\/a>\n<\/span><span class=\"aioseo-breadcrumb-separator\">\u2013<\/span><span class=\"aioseo-breadcrumb\">\n\t<a href=\"https:\/\/eldigitaldeasturias.com\/magazine365\/torrejon-el-rubio-contara-con-un-centro-de-visitantes-del-cielo-de-monfrague\/\" title=\"Torrej\u00f3n el Rubio contar\u00e1 con un Centro de Visitantes del Cielo de Monfrag\u00fce\">Torrej\u00f3n el Rubio contar\u00e1 con un Centro de Visitantes del Cielo de Monfrag\u00fce<\/a>\n<\/span><\/div>","aioseo_breadcrumb_json":[{"label":"Home","link":"https:\/\/eldigitaldeasturias.com\/magazine365"},{"label":"Actualidad Turismo","link":"https:\/\/eldigitaldeasturias.com\/magazine365\/category\/actualidad-turismo\/"},{"label":"Torrej\u00f3n el Rubio contar\u00e1 con un Centro de Visitantes del Cielo de Monfrag\u00fce","link":"https:\/\/eldigitaldeasturias.com\/magazine365\/torrejon-el-rubio-contara-con-un-centro-de-visitantes-del-cielo-de-monfrague\/"}],"_links":{"self":[{"href":"https:\/\/eldigitaldeasturias.com\/magazine365\/wp-json\/wp\/v2\/posts\/39425","targetHints":{"allow":["GET"]}}],"collection":[{"href":"https:\/\/eldigitaldeasturias.com\/magazine365\/wp-json\/wp\/v2\/posts"}],"about":[{"href":"https:\/\/eldigitaldeasturias.com\/magazine365\/wp-json\/wp\/v2\/types\/post"}],"author":[{"embeddable":true,"href":"https:\/\/eldigitaldeasturias.com\/magazine365\/wp-json\/wp\/v2\/users\/1"}],"replies":[{"embeddable":true,"href":"https:\/\/eldigitaldeasturias.com\/magazine365\/wp-json\/wp\/v2\/comments?post=39425"}],"version-history":[{"count":0,"href":"https:\/\/eldigitaldeasturias.com\/magazine365\/wp-json\/wp\/v2\/posts\/39425\/revisions"}],"wp:featuredmedia":[{"embeddable":true,"href":"https:\/\/eldigitaldeasturias.com\/magazine365\/wp-json\/wp\/v2\/media\/39426"}],"wp:attachment":[{"href":"https:\/\/eldigitaldeasturias.com\/magazine365\/wp-json\/wp\/v2\/media?parent=39425"}],"wp:term":[{"taxonomy":"category","embeddable":true,"href":"https:\/\/eldigitaldeasturias.com\/magazine365\/wp-json\/wp\/v2\/categories?post=39425"},{"taxonomy":"post_tag","embeddable":true,"href":"https:\/\/eldigitaldeasturias.com\/magazine365\/wp-json\/wp\/v2\/tags?post=39425"}],"curies":[{"name":"wp","href":"https:\/\/api.w.org\/{rel}","templated":true}]}}