{"id":39406,"date":"2015-06-10T15:05:35","date_gmt":"2015-06-10T13:35:35","guid":{"rendered":"http:\/\/eldigitaldeasturias.com\/magazine365\/?p=39406"},"modified":"2015-06-10T15:05:35","modified_gmt":"2015-06-10T13:35:35","slug":"usca-recurrira-los-servicios-minimos-fijados-para-la-huelga-de-controladores-por-considerarlos-abusivos","status":"publish","type":"post","link":"https:\/\/eldigitaldeasturias.com\/magazine365\/usca-recurrira-los-servicios-minimos-fijados-para-la-huelga-de-controladores-por-considerarlos-abusivos\/","title":{"rendered":"USCA recurrir\u00e1 los servicios m\u00ednimos fijados para la huelga de controladores por considerarlos \u00ababusivos\u00bb"},"content":{"rendered":"<p><img fetchpriority=\"high\" decoding=\"async\" class=\"alignleft size-medium wp-image-39407\" src=\"https:\/\/eldigitaldeasturias.com\/magazine365\/wp-content\/uploads\/2015\/06\/fotonoticia_20150610082828_800-203x300.jpg\" alt=\"fotonoticia_20150610082828_800\" width=\"203\" height=\"300\" srcset=\"https:\/\/eldigitaldeasturias.com\/magazine365\/wp-content\/uploads\/2015\/06\/fotonoticia_20150610082828_800-203x300.jpg 203w, https:\/\/eldigitaldeasturias.com\/magazine365\/wp-content\/uploads\/2015\/06\/fotonoticia_20150610082828_800-433x640.jpg 433w, https:\/\/eldigitaldeasturias.com\/magazine365\/wp-content\/uploads\/2015\/06\/fotonoticia_20150610082828_800-768x1135.jpg 768w, https:\/\/eldigitaldeasturias.com\/magazine365\/wp-content\/uploads\/2015\/06\/fotonoticia_20150610082828_800-150x222.jpg 150w, https:\/\/eldigitaldeasturias.com\/magazine365\/wp-content\/uploads\/2015\/06\/fotonoticia_20150610082828_800-450x665.jpg 450w, https:\/\/eldigitaldeasturias.com\/magazine365\/wp-content\/uploads\/2015\/06\/fotonoticia_20150610082828_800-696x1028.jpg 696w, https:\/\/eldigitaldeasturias.com\/magazine365\/wp-content\/uploads\/2015\/06\/fotonoticia_20150610082828_800-284x420.jpg 284w, https:\/\/eldigitaldeasturias.com\/magazine365\/wp-content\/uploads\/2015\/06\/fotonoticia_20150610082828_800.jpg 800w\" sizes=\"(max-width: 203px) 100vw, 203px\" \/>La Uni\u00f3n Sindical de Controladores A\u00e9reos (USCA) recurrir\u00e1 los servicios m\u00ednimos decretados por el Ministerio de Fomento para los paros de controladores a\u00e9reos convocados para los d\u00edas 8, 10, 12 y 14 de junio al considerar que son \u00ababusivos\u00bb y que \u00abvulneran el leg\u00edtimo derecho a la huelga\u00bb del colectivo.<\/p>\n<p>En un comunicado, el sindicato de controladores ha denunciado que no se dio oportunidad de realizar una verdadera negociaci\u00f3n de los servicios m\u00ednimos, por lo que el Ministerio de Fomento acab\u00f3 por fijar los propuestos por Enaire, matriz de AENA.<\/p>\n<p>Seg\u00fan USCA, a pesar de que Fomento estableci\u00f3 en el 70% los servicios m\u00ednimos, en la primera de las jornadas de huelga convocadas, la del pasado lunes 8, \u00abs\u00f3lo se respet\u00f3 el derecho de huelga de los controladores que no desarrollaban actividades directamente operativas\u00bb, pues los servicios m\u00ednimos fijados para los controladores que prestan servicio efectivo de control a\u00e9reo fueron del 99%.<\/p>\n<p>\u00abLos servicios m\u00ednimos impuestos vulneran el derecho fundamental de los controladores espa\u00f1oles a la huelga, de una manera claramente discriminatoria respecto a otros colectivos de trabajadores de servicios esenciales para la sociedad y, desde luego, respecto a nuestros compa\u00f1eros del resto de Europa\u00bb, ha criticado USCA.<\/p>\n<p>Por este motivo, USCA recurrir\u00e1 la resoluci\u00f3n del secretario de Estado de Infraestructuras, Transporte y Vivienda y al mismo tiempo presidente de Enaire, Julio G\u00f3mez-Pomar, que fij\u00f3 los servicios m\u00ednimos para los controladores.<\/p>\n<p>Pese a considerarlos \u00ababusivos\u00bb, el sindicato de controladores ha asegurado que se est\u00e1n cumplimiendo \u00abestrictamente\u00bb los servicios m\u00ednimos impuestos, al tiempo que ha mostrado su disposici\u00f3n a dialogar con Enaire para llegar a acuerdos que pongan fin a los paros y permitan normalizar el control a\u00e9reo en Espa\u00f1a.<\/p>\n<p>Tras la jornada del lunes, hoy mi\u00e9rcoles tiene lugar el segundo d\u00eda de paros parciales convocados por USCA entre las 10.00 y las 12.00 horas de la ma\u00f1ana y entre las 18.00 y las 20.00 horas por la tarde. El pr\u00f3ximo viernes, 12 de junio, y el domingo 14, se celebrar\u00e1n las otras dos jornadas de huelga convocadas.<\/p>\n<p>La convocatoria de estos paros se produce como protesta a la decisi\u00f3n de Enaire de sancionar a 61 controladores a\u00e9reos del Centro del Control de Barcelona (ACC) por el cierre del espacio a\u00e9reo en 2010 y negarse a readmitir al controlador Marco Antonio Enr\u00edquez, del ACC de Santiago, despedido por la empresa.<\/p>\n","protected":false},"excerpt":{"rendered":"<p>La Uni\u00f3n Sindical de Controladores A\u00e9reos (USCA) recurrir\u00e1 los servicios m\u00ednimos decretados por el Ministerio de Fomento para los paros de controladores a\u00e9reos convocados para los d\u00edas 8, 10, 12 y 14 de junio al considerar que son \u00ababusivos\u00bb y que \u00abvulneran el leg\u00edtimo derecho a la huelga\u00bb del colectivo. En un comunicado, el sindicato<\/p>\n","protected":false},"author":1,"featured_media":39407,"comment_status":"open","ping_status":"closed","sticky":false,"template":"","format":"standard","meta":{"footnotes":""},"categories":[224],"tags":[],"class_list":{"0":"post-39406","1":"post","2":"type-post","3":"status-publish","4":"format-standard","5":"has-post-thumbnail","7":"category-noticias-actualidad"},"aioseo_notices":[],"aioseo_head":"\n\t\t<!-- All in One SEO Pro 4.9.6.1 - aioseo.com -->\n\t<meta name=\"description\" content=\"La Uni\u00f3n Sindical de Controladores A\u00e9reos (USCA) recurrir\u00e1 los servicios m\u00ednimos decretados por el Ministerio de Fomento para los paros de controladores a\u00e9reos convocados para los d\u00edas 8, 10, 12 y 14 de junio al considerar que son &quot;abusivos&quot; y que &quot;vulneran el leg\u00edtimo derecho a la huelga&quot; del colectivo. En un comunicado, el sindicato\" \/>\n\t<meta name=\"robots\" content=\"max-image-preview:large\" \/>\n\t<meta name=\"author\" content=\"admin\"\/>\n\t<meta name=\"google-site-verification\" content=\"UA-38556648-1\" \/>\n\t<meta name=\"keywords\" content=\"noticias y actualidad\" \/>\n\t<link rel=\"canonical\" href=\"https:\/\/eldigitaldeasturias.com\/magazine365\/usca-recurrira-los-servicios-minimos-fijados-para-la-huelga-de-controladores-por-considerarlos-abusivos\/\" \/>\n\t<meta name=\"generator\" content=\"All in One SEO Pro (AIOSEO) 4.9.6.1\" \/>\n\t\t<meta property=\"og:locale\" content=\"es_ES\" \/>\n\t\t<meta property=\"og:site_name\" content=\"El Digital de Asturias \u2013 Revista de ocio, turismo y estilo de vida\" \/>\n\t\t<meta property=\"og:type\" content=\"article\" \/>\n\t\t<meta property=\"og:title\" content=\"USCA recurrir\u00e1 los servicios m\u00ednimos fijados para la huelga de controladores por considerarlos \u00ababusivos\u00bb | El Digital de Asturias\" \/>\n\t\t<meta property=\"og:description\" content=\"La Uni\u00f3n Sindical de Controladores A\u00e9reos (USCA) recurrir\u00e1 los servicios m\u00ednimos decretados por el Ministerio de Fomento para los paros de controladores a\u00e9reos convocados para los d\u00edas 8, 10, 12 y 14 de junio al considerar que son &quot;abusivos&quot; y que &quot;vulneran el leg\u00edtimo derecho a la huelga&quot; del colectivo. En un comunicado, el sindicato\" \/>\n\t\t<meta property=\"og:url\" content=\"https:\/\/eldigitaldeasturias.com\/magazine365\/usca-recurrira-los-servicios-minimos-fijados-para-la-huelga-de-controladores-por-considerarlos-abusivos\/\" \/>\n\t\t<meta property=\"og:image\" content=\"https:\/\/eldigitaldeasturias.com\/magazine365\/wp-content\/uploads\/2015\/06\/fotonoticia_20150610082828_800.jpg\" \/>\n\t\t<meta property=\"og:image:secure_url\" content=\"https:\/\/eldigitaldeasturias.com\/magazine365\/wp-content\/uploads\/2015\/06\/fotonoticia_20150610082828_800.jpg\" \/>\n\t\t<meta property=\"og:image:width\" content=\"800\" \/>\n\t\t<meta property=\"og:image:height\" content=\"1182\" \/>\n\t\t<meta property=\"article:published_time\" content=\"2015-06-10T13:35:35+00:00\" \/>\n\t\t<meta property=\"article:modified_time\" content=\"2015-06-10T13:35:35+00:00\" \/>\n\t\t<meta name=\"twitter:card\" content=\"summary_large_image\" \/>\n\t\t<meta name=\"twitter:title\" content=\"USCA recurrir\u00e1 los servicios m\u00ednimos fijados para la huelga de controladores por considerarlos \u00ababusivos\u00bb | El Digital de Asturias\" \/>\n\t\t<meta name=\"twitter:description\" content=\"La Uni\u00f3n Sindical de Controladores A\u00e9reos (USCA) recurrir\u00e1 los servicios m\u00ednimos decretados por el Ministerio de Fomento para los paros de controladores a\u00e9reos convocados para los d\u00edas 8, 10, 12 y 14 de junio al considerar que son &quot;abusivos&quot; y que &quot;vulneran el leg\u00edtimo derecho a la huelga&quot; del colectivo. En un comunicado, el sindicato\" \/>\n\t\t<meta name=\"twitter:image\" content=\"https:\/\/eldigitaldeasturias.com\/magazine365\/wp-content\/uploads\/2015\/06\/fotonoticia_20150610082828_800.jpg\" \/>\n\t\t<script type=\"application\/ld+json\" class=\"aioseo-schema\">\n\t\t\t{\"@context\":\"https:\\\/\\\/schema.org\",\"@graph\":[{\"@type\":\"Article\",\"@id\":\"https:\\\/\\\/eldigitaldeasturias.com\\\/magazine365\\\/usca-recurrira-los-servicios-minimos-fijados-para-la-huelga-de-controladores-por-considerarlos-abusivos\\\/#article\",\"name\":\"USCA recurrir\\u00e1 los servicios m\\u00ednimos fijados para la huelga de controladores por considerarlos \\u00ababusivos\\u00bb | El Digital de Asturias\",\"headline\":\"USCA recurrir\\u00e1 los servicios m\\u00ednimos fijados para la huelga de controladores por considerarlos \\u00ababusivos\\u00bb\",\"author\":{\"@id\":\"https:\\\/\\\/eldigitaldeasturias.com\\\/magazine365\\\/author\\\/admin\\\/#author\"},\"publisher\":{\"@id\":\"https:\\\/\\\/eldigitaldeasturias.com\\\/magazine365\\\/#organization\"},\"image\":{\"@type\":\"ImageObject\",\"url\":\"https:\\\/\\\/eldigitaldeasturias.com\\\/magazine365\\\/wp-content\\\/uploads\\\/2015\\\/06\\\/fotonoticia_20150610082828_800.jpg\",\"width\":800,\"height\":1182},\"datePublished\":\"2015-06-10T15:05:35+02:00\",\"dateModified\":\"2015-06-10T15:05:35+02:00\",\"inLanguage\":\"es-ES\",\"mainEntityOfPage\":{\"@id\":\"https:\\\/\\\/eldigitaldeasturias.com\\\/magazine365\\\/usca-recurrira-los-servicios-minimos-fijados-para-la-huelga-de-controladores-por-considerarlos-abusivos\\\/#webpage\"},\"isPartOf\":{\"@id\":\"https:\\\/\\\/eldigitaldeasturias.com\\\/magazine365\\\/usca-recurrira-los-servicios-minimos-fijados-para-la-huelga-de-controladores-por-considerarlos-abusivos\\\/#webpage\"},\"articleSection\":\"Noticias y Actualidad\"},{\"@type\":\"BreadcrumbList\",\"@id\":\"https:\\\/\\\/eldigitaldeasturias.com\\\/magazine365\\\/usca-recurrira-los-servicios-minimos-fijados-para-la-huelga-de-controladores-por-considerarlos-abusivos\\\/#breadcrumblist\",\"itemListElement\":[{\"@type\":\"ListItem\",\"@id\":\"https:\\\/\\\/eldigitaldeasturias.com\\\/magazine365#listItem\",\"position\":1,\"name\":\"Home\",\"item\":\"https:\\\/\\\/eldigitaldeasturias.com\\\/magazine365\",\"nextItem\":{\"@type\":\"ListItem\",\"@id\":\"https:\\\/\\\/eldigitaldeasturias.com\\\/magazine365\\\/category\\\/noticias-actualidad\\\/#listItem\",\"name\":\"Noticias y Actualidad\"}},{\"@type\":\"ListItem\",\"@id\":\"https:\\\/\\\/eldigitaldeasturias.com\\\/magazine365\\\/category\\\/noticias-actualidad\\\/#listItem\",\"position\":2,\"name\":\"Noticias y Actualidad\",\"item\":\"https:\\\/\\\/eldigitaldeasturias.com\\\/magazine365\\\/category\\\/noticias-actualidad\\\/\",\"nextItem\":{\"@type\":\"ListItem\",\"@id\":\"https:\\\/\\\/eldigitaldeasturias.com\\\/magazine365\\\/usca-recurrira-los-servicios-minimos-fijados-para-la-huelga-de-controladores-por-considerarlos-abusivos\\\/#listItem\",\"name\":\"USCA recurrir\\u00e1 los servicios m\\u00ednimos fijados para la huelga de controladores por considerarlos \\u00ababusivos\\u00bb\"},\"previousItem\":{\"@type\":\"ListItem\",\"@id\":\"https:\\\/\\\/eldigitaldeasturias.com\\\/magazine365#listItem\",\"name\":\"Home\"}},{\"@type\":\"ListItem\",\"@id\":\"https:\\\/\\\/eldigitaldeasturias.com\\\/magazine365\\\/usca-recurrira-los-servicios-minimos-fijados-para-la-huelga-de-controladores-por-considerarlos-abusivos\\\/#listItem\",\"position\":3,\"name\":\"USCA recurrir\\u00e1 los servicios m\\u00ednimos fijados para la huelga de controladores por considerarlos \\u00ababusivos\\u00bb\",\"previousItem\":{\"@type\":\"ListItem\",\"@id\":\"https:\\\/\\\/eldigitaldeasturias.com\\\/magazine365\\\/category\\\/noticias-actualidad\\\/#listItem\",\"name\":\"Noticias y Actualidad\"}}]},{\"@type\":\"Organization\",\"@id\":\"https:\\\/\\\/eldigitaldeasturias.com\\\/magazine365\\\/#organization\",\"name\":\"El digital de Asturias\",\"description\":\"Revista de ocio, turismo y estilo de vida\",\"url\":\"https:\\\/\\\/eldigitaldeasturias.com\\\/magazine365\\\/\",\"logo\":{\"@type\":\"ImageObject\",\"url\":\"https:\\\/\\\/www.eldigitaldeasturias.com\\\/noticias\\\/wp-content\\\/uploads\\\/2020\\\/12\\\/EDA.jpg\",\"@id\":\"https:\\\/\\\/eldigitaldeasturias.com\\\/magazine365\\\/usca-recurrira-los-servicios-minimos-fijados-para-la-huelga-de-controladores-por-considerarlos-abusivos\\\/#organizationLogo\"},\"image\":{\"@id\":\"https:\\\/\\\/eldigitaldeasturias.com\\\/magazine365\\\/usca-recurrira-los-servicios-minimos-fijados-para-la-huelga-de-controladores-por-considerarlos-abusivos\\\/#organizationLogo\"}},{\"@type\":\"Person\",\"@id\":\"https:\\\/\\\/eldigitaldeasturias.com\\\/magazine365\\\/author\\\/admin\\\/#author\",\"url\":\"https:\\\/\\\/eldigitaldeasturias.com\\\/magazine365\\\/author\\\/admin\\\/\",\"name\":\"admin\",\"image\":{\"@type\":\"ImageObject\",\"@id\":\"https:\\\/\\\/eldigitaldeasturias.com\\\/magazine365\\\/usca-recurrira-los-servicios-minimos-fijados-para-la-huelga-de-controladores-por-considerarlos-abusivos\\\/#authorImage\",\"url\":\"https:\\\/\\\/eldigitaldeasturias.com\\\/magazine365\\\/wp-content\\\/litespeed\\\/avatar\\\/e571bcf59a0edd6fa6838245a470f2fe.jpg?ver=1776969259\",\"width\":96,\"height\":96,\"caption\":\"admin\"}},{\"@type\":\"WebPage\",\"@id\":\"https:\\\/\\\/eldigitaldeasturias.com\\\/magazine365\\\/usca-recurrira-los-servicios-minimos-fijados-para-la-huelga-de-controladores-por-considerarlos-abusivos\\\/#webpage\",\"url\":\"https:\\\/\\\/eldigitaldeasturias.com\\\/magazine365\\\/usca-recurrira-los-servicios-minimos-fijados-para-la-huelga-de-controladores-por-considerarlos-abusivos\\\/\",\"name\":\"USCA recurrir\\u00e1 los servicios m\\u00ednimos fijados para la huelga de controladores por considerarlos \\u00ababusivos\\u00bb | El Digital de Asturias\",\"description\":\"La Uni\\u00f3n Sindical de Controladores A\\u00e9reos (USCA) recurrir\\u00e1 los servicios m\\u00ednimos decretados por el Ministerio de Fomento para los paros de controladores a\\u00e9reos convocados para los d\\u00edas 8, 10, 12 y 14 de junio al considerar que son \\\"abusivos\\\" y que \\\"vulneran el leg\\u00edtimo derecho a la huelga\\\" del colectivo. En un comunicado, el sindicato\",\"inLanguage\":\"es-ES\",\"isPartOf\":{\"@id\":\"https:\\\/\\\/eldigitaldeasturias.com\\\/magazine365\\\/#website\"},\"breadcrumb\":{\"@id\":\"https:\\\/\\\/eldigitaldeasturias.com\\\/magazine365\\\/usca-recurrira-los-servicios-minimos-fijados-para-la-huelga-de-controladores-por-considerarlos-abusivos\\\/#breadcrumblist\"},\"author\":{\"@id\":\"https:\\\/\\\/eldigitaldeasturias.com\\\/magazine365\\\/author\\\/admin\\\/#author\"},\"creator\":{\"@id\":\"https:\\\/\\\/eldigitaldeasturias.com\\\/magazine365\\\/author\\\/admin\\\/#author\"},\"image\":{\"@type\":\"ImageObject\",\"url\":\"https:\\\/\\\/eldigitaldeasturias.com\\\/magazine365\\\/wp-content\\\/uploads\\\/2015\\\/06\\\/fotonoticia_20150610082828_800.jpg\",\"@id\":\"https:\\\/\\\/eldigitaldeasturias.com\\\/magazine365\\\/usca-recurrira-los-servicios-minimos-fijados-para-la-huelga-de-controladores-por-considerarlos-abusivos\\\/#mainImage\",\"width\":800,\"height\":1182},\"primaryImageOfPage\":{\"@id\":\"https:\\\/\\\/eldigitaldeasturias.com\\\/magazine365\\\/usca-recurrira-los-servicios-minimos-fijados-para-la-huelga-de-controladores-por-considerarlos-abusivos\\\/#mainImage\"},\"datePublished\":\"2015-06-10T15:05:35+02:00\",\"dateModified\":\"2015-06-10T15:05:35+02:00\"},{\"@type\":\"WebSite\",\"@id\":\"https:\\\/\\\/eldigitaldeasturias.com\\\/magazine365\\\/#website\",\"url\":\"https:\\\/\\\/eldigitaldeasturias.com\\\/magazine365\\\/\",\"name\":\"El Digital de Asturias\",\"description\":\"Revista de ocio, turismo y estilo de vida\",\"inLanguage\":\"es-ES\",\"publisher\":{\"@id\":\"https:\\\/\\\/eldigitaldeasturias.com\\\/magazine365\\\/#organization\"}}]}\n\t\t<\/script>\n\t\t<!-- All in One SEO Pro -->\r\n\t\t<title>USCA recurrir\u00e1 los servicios m\u00ednimos fijados para la huelga de controladores por considerarlos \u00ababusivos\u00bb | El Digital de Asturias<\/title>\n\n","aioseo_head_json":{"title":"USCA recurrir\u00e1 los servicios m\u00ednimos fijados para la huelga de controladores por considerarlos \u00ababusivos\u00bb | El Digital de Asturias","description":"La Uni\u00f3n Sindical de Controladores A\u00e9reos (USCA) recurrir\u00e1 los servicios m\u00ednimos decretados por el Ministerio de Fomento para los paros de controladores a\u00e9reos convocados para los d\u00edas 8, 10, 12 y 14 de junio al considerar que son \"abusivos\" y que \"vulneran el leg\u00edtimo derecho a la huelga\" del colectivo. En un comunicado, el sindicato","canonical_url":"https:\/\/eldigitaldeasturias.com\/magazine365\/usca-recurrira-los-servicios-minimos-fijados-para-la-huelga-de-controladores-por-considerarlos-abusivos\/","robots":"max-image-preview:large","keywords":"noticias y actualidad","webmasterTools":{"google-site-verification":"UA-38556648-1","miscellaneous":""},"schema":{"@context":"https:\/\/schema.org","@graph":[{"@type":"Article","@id":"https:\/\/eldigitaldeasturias.com\/magazine365\/usca-recurrira-los-servicios-minimos-fijados-para-la-huelga-de-controladores-por-considerarlos-abusivos\/#article","name":"USCA recurrir\u00e1 los servicios m\u00ednimos fijados para la huelga de controladores por considerarlos \u00ababusivos\u00bb | El Digital de Asturias","headline":"USCA recurrir\u00e1 los servicios m\u00ednimos fijados para la huelga de controladores por considerarlos \u00ababusivos\u00bb","author":{"@id":"https:\/\/eldigitaldeasturias.com\/magazine365\/author\/admin\/#author"},"publisher":{"@id":"https:\/\/eldigitaldeasturias.com\/magazine365\/#organization"},"image":{"@type":"ImageObject","url":"https:\/\/eldigitaldeasturias.com\/magazine365\/wp-content\/uploads\/2015\/06\/fotonoticia_20150610082828_800.jpg","width":800,"height":1182},"datePublished":"2015-06-10T15:05:35+02:00","dateModified":"2015-06-10T15:05:35+02:00","inLanguage":"es-ES","mainEntityOfPage":{"@id":"https:\/\/eldigitaldeasturias.com\/magazine365\/usca-recurrira-los-servicios-minimos-fijados-para-la-huelga-de-controladores-por-considerarlos-abusivos\/#webpage"},"isPartOf":{"@id":"https:\/\/eldigitaldeasturias.com\/magazine365\/usca-recurrira-los-servicios-minimos-fijados-para-la-huelga-de-controladores-por-considerarlos-abusivos\/#webpage"},"articleSection":"Noticias y Actualidad"},{"@type":"BreadcrumbList","@id":"https:\/\/eldigitaldeasturias.com\/magazine365\/usca-recurrira-los-servicios-minimos-fijados-para-la-huelga-de-controladores-por-considerarlos-abusivos\/#breadcrumblist","itemListElement":[{"@type":"ListItem","@id":"https:\/\/eldigitaldeasturias.com\/magazine365#listItem","position":1,"name":"Home","item":"https:\/\/eldigitaldeasturias.com\/magazine365","nextItem":{"@type":"ListItem","@id":"https:\/\/eldigitaldeasturias.com\/magazine365\/category\/noticias-actualidad\/#listItem","name":"Noticias y Actualidad"}},{"@type":"ListItem","@id":"https:\/\/eldigitaldeasturias.com\/magazine365\/category\/noticias-actualidad\/#listItem","position":2,"name":"Noticias y Actualidad","item":"https:\/\/eldigitaldeasturias.com\/magazine365\/category\/noticias-actualidad\/","nextItem":{"@type":"ListItem","@id":"https:\/\/eldigitaldeasturias.com\/magazine365\/usca-recurrira-los-servicios-minimos-fijados-para-la-huelga-de-controladores-por-considerarlos-abusivos\/#listItem","name":"USCA recurrir\u00e1 los servicios m\u00ednimos fijados para la huelga de controladores por considerarlos \u00ababusivos\u00bb"},"previousItem":{"@type":"ListItem","@id":"https:\/\/eldigitaldeasturias.com\/magazine365#listItem","name":"Home"}},{"@type":"ListItem","@id":"https:\/\/eldigitaldeasturias.com\/magazine365\/usca-recurrira-los-servicios-minimos-fijados-para-la-huelga-de-controladores-por-considerarlos-abusivos\/#listItem","position":3,"name":"USCA recurrir\u00e1 los servicios m\u00ednimos fijados para la huelga de controladores por considerarlos \u00ababusivos\u00bb","previousItem":{"@type":"ListItem","@id":"https:\/\/eldigitaldeasturias.com\/magazine365\/category\/noticias-actualidad\/#listItem","name":"Noticias y Actualidad"}}]},{"@type":"Organization","@id":"https:\/\/eldigitaldeasturias.com\/magazine365\/#organization","name":"El digital de Asturias","description":"Revista de ocio, turismo y estilo de vida","url":"https:\/\/eldigitaldeasturias.com\/magazine365\/","logo":{"@type":"ImageObject","url":"https:\/\/www.eldigitaldeasturias.com\/noticias\/wp-content\/uploads\/2020\/12\/EDA.jpg","@id":"https:\/\/eldigitaldeasturias.com\/magazine365\/usca-recurrira-los-servicios-minimos-fijados-para-la-huelga-de-controladores-por-considerarlos-abusivos\/#organizationLogo"},"image":{"@id":"https:\/\/eldigitaldeasturias.com\/magazine365\/usca-recurrira-los-servicios-minimos-fijados-para-la-huelga-de-controladores-por-considerarlos-abusivos\/#organizationLogo"}},{"@type":"Person","@id":"https:\/\/eldigitaldeasturias.com\/magazine365\/author\/admin\/#author","url":"https:\/\/eldigitaldeasturias.com\/magazine365\/author\/admin\/","name":"admin","image":{"@type":"ImageObject","@id":"https:\/\/eldigitaldeasturias.com\/magazine365\/usca-recurrira-los-servicios-minimos-fijados-para-la-huelga-de-controladores-por-considerarlos-abusivos\/#authorImage","url":"https:\/\/eldigitaldeasturias.com\/magazine365\/wp-content\/litespeed\/avatar\/e571bcf59a0edd6fa6838245a470f2fe.jpg?ver=1776969259","width":96,"height":96,"caption":"admin"}},{"@type":"WebPage","@id":"https:\/\/eldigitaldeasturias.com\/magazine365\/usca-recurrira-los-servicios-minimos-fijados-para-la-huelga-de-controladores-por-considerarlos-abusivos\/#webpage","url":"https:\/\/eldigitaldeasturias.com\/magazine365\/usca-recurrira-los-servicios-minimos-fijados-para-la-huelga-de-controladores-por-considerarlos-abusivos\/","name":"USCA recurrir\u00e1 los servicios m\u00ednimos fijados para la huelga de controladores por considerarlos \u00ababusivos\u00bb | El Digital de Asturias","description":"La Uni\u00f3n Sindical de Controladores A\u00e9reos (USCA) recurrir\u00e1 los servicios m\u00ednimos decretados por el Ministerio de Fomento para los paros de controladores a\u00e9reos convocados para los d\u00edas 8, 10, 12 y 14 de junio al considerar que son \"abusivos\" y que \"vulneran el leg\u00edtimo derecho a la huelga\" del colectivo. En un comunicado, el sindicato","inLanguage":"es-ES","isPartOf":{"@id":"https:\/\/eldigitaldeasturias.com\/magazine365\/#website"},"breadcrumb":{"@id":"https:\/\/eldigitaldeasturias.com\/magazine365\/usca-recurrira-los-servicios-minimos-fijados-para-la-huelga-de-controladores-por-considerarlos-abusivos\/#breadcrumblist"},"author":{"@id":"https:\/\/eldigitaldeasturias.com\/magazine365\/author\/admin\/#author"},"creator":{"@id":"https:\/\/eldigitaldeasturias.com\/magazine365\/author\/admin\/#author"},"image":{"@type":"ImageObject","url":"https:\/\/eldigitaldeasturias.com\/magazine365\/wp-content\/uploads\/2015\/06\/fotonoticia_20150610082828_800.jpg","@id":"https:\/\/eldigitaldeasturias.com\/magazine365\/usca-recurrira-los-servicios-minimos-fijados-para-la-huelga-de-controladores-por-considerarlos-abusivos\/#mainImage","width":800,"height":1182},"primaryImageOfPage":{"@id":"https:\/\/eldigitaldeasturias.com\/magazine365\/usca-recurrira-los-servicios-minimos-fijados-para-la-huelga-de-controladores-por-considerarlos-abusivos\/#mainImage"},"datePublished":"2015-06-10T15:05:35+02:00","dateModified":"2015-06-10T15:05:35+02:00"},{"@type":"WebSite","@id":"https:\/\/eldigitaldeasturias.com\/magazine365\/#website","url":"https:\/\/eldigitaldeasturias.com\/magazine365\/","name":"El Digital de Asturias","description":"Revista de ocio, turismo y estilo de vida","inLanguage":"es-ES","publisher":{"@id":"https:\/\/eldigitaldeasturias.com\/magazine365\/#organization"}}]},"og:locale":"es_ES","og:site_name":"El Digital de Asturias \u2013 Revista de ocio, turismo y estilo de vida","og:type":"article","og:title":"USCA recurrir\u00e1 los servicios m\u00ednimos fijados para la huelga de controladores por considerarlos \u00ababusivos\u00bb | El Digital de Asturias","og:description":"La Uni\u00f3n Sindical de Controladores A\u00e9reos (USCA) recurrir\u00e1 los servicios m\u00ednimos decretados por el Ministerio de Fomento para los paros de controladores a\u00e9reos convocados para los d\u00edas 8, 10, 12 y 14 de junio al considerar que son &quot;abusivos&quot; y que &quot;vulneran el leg\u00edtimo derecho a la huelga&quot; del colectivo. En un comunicado, el sindicato","og:url":"https:\/\/eldigitaldeasturias.com\/magazine365\/usca-recurrira-los-servicios-minimos-fijados-para-la-huelga-de-controladores-por-considerarlos-abusivos\/","og:image":"https:\/\/eldigitaldeasturias.com\/magazine365\/wp-content\/uploads\/2015\/06\/fotonoticia_20150610082828_800.jpg","og:image:secure_url":"https:\/\/eldigitaldeasturias.com\/magazine365\/wp-content\/uploads\/2015\/06\/fotonoticia_20150610082828_800.jpg","og:image:width":800,"og:image:height":1182,"article:published_time":"2015-06-10T13:35:35+00:00","article:modified_time":"2015-06-10T13:35:35+00:00","twitter:card":"summary_large_image","twitter:title":"USCA recurrir\u00e1 los servicios m\u00ednimos fijados para la huelga de controladores por considerarlos \u00ababusivos\u00bb | El Digital de Asturias","twitter:description":"La Uni\u00f3n Sindical de Controladores A\u00e9reos (USCA) recurrir\u00e1 los servicios m\u00ednimos decretados por el Ministerio de Fomento para los paros de controladores a\u00e9reos convocados para los d\u00edas 8, 10, 12 y 14 de junio al considerar que son &quot;abusivos&quot; y que &quot;vulneran el leg\u00edtimo derecho a la huelga&quot; del colectivo. En un comunicado, el sindicato","twitter:image":"https:\/\/eldigitaldeasturias.com\/magazine365\/wp-content\/uploads\/2015\/06\/fotonoticia_20150610082828_800.jpg"},"aioseo_meta_data":{"post_id":"39406","title":null,"description":null,"keywords":null,"keyphrases":null,"primary_term":null,"canonical_url":null,"og_title":null,"og_description":null,"og_object_type":"default","og_image_type":"default","og_image_url":null,"og_image_width":null,"og_image_height":null,"og_image_custom_url":null,"og_image_custom_fields":null,"og_video":null,"og_custom_url":null,"og_article_section":null,"og_article_tags":null,"twitter_use_og":false,"twitter_card":"default","twitter_image_type":"default","twitter_image_url":null,"twitter_image_custom_url":null,"twitter_image_custom_fields":null,"twitter_title":null,"twitter_description":null,"schema":{"blockGraphs":[],"customGraphs":[],"default":{"data":{"Article":[],"Course":[],"Dataset":[],"FAQPage":[],"Movie":[],"Person":[],"Product":[],"ProductReview":[],"Car":[],"Recipe":[],"Service":[],"SoftwareApplication":[],"WebPage":[]},"graphName":"","isEnabled":true},"graphs":[],"defaultGraph":"","defaultPostTypeGraph":""},"schema_type":null,"schema_type_options":null,"pillar_content":false,"robots_default":true,"robots_noindex":false,"robots_noarchive":false,"robots_nosnippet":false,"robots_nofollow":false,"robots_noimageindex":false,"robots_noodp":false,"robots_notranslate":false,"robots_max_snippet":null,"robots_max_videopreview":null,"robots_max_imagepreview":"large","priority":null,"frequency":null,"location":null,"local_seo":null,"seo_analyzer_scan_date":"2025-09-19 11:32:05","breadcrumb_settings":null,"limit_modified_date":false,"open_ai":null,"ai":null,"created":"2021-03-09 02:41:54","updated":"2025-09-19 11:32:05"},"aioseo_breadcrumb":"<div class=\"aioseo-breadcrumbs\"><span class=\"aioseo-breadcrumb\">\n\t<a href=\"https:\/\/eldigitaldeasturias.com\/magazine365\" title=\"Home\">Home<\/a>\n<\/span><span class=\"aioseo-breadcrumb-separator\">\u2013<\/span><span class=\"aioseo-breadcrumb\">\n\t<a href=\"https:\/\/eldigitaldeasturias.com\/magazine365\/category\/noticias-actualidad\/\" title=\"Noticias y Actualidad\">Noticias y Actualidad<\/a>\n<\/span><span class=\"aioseo-breadcrumb-separator\">\u2013<\/span><span class=\"aioseo-breadcrumb\">\n\t<a href=\"https:\/\/eldigitaldeasturias.com\/magazine365\/usca-recurrira-los-servicios-minimos-fijados-para-la-huelga-de-controladores-por-considerarlos-abusivos\/\" title=\"USCA recurrir\u00e1 los servicios m\u00ednimos fijados para la huelga de controladores por considerarlos \u00ababusivos\u00bb\">USCA recurrir\u00e1 los servicios m\u00ednimos fijados para la huelga de controladores por considerarlos \u00ababusivos\u00bb<\/a>\n<\/span><\/div>","aioseo_breadcrumb_json":[{"label":"Home","link":"https:\/\/eldigitaldeasturias.com\/magazine365"},{"label":"Noticias y Actualidad","link":"https:\/\/eldigitaldeasturias.com\/magazine365\/category\/noticias-actualidad\/"},{"label":"USCA recurrir\u00e1 los servicios m\u00ednimos fijados para la huelga de controladores por considerarlos \u00ababusivos\u00bb","link":"https:\/\/eldigitaldeasturias.com\/magazine365\/usca-recurrira-los-servicios-minimos-fijados-para-la-huelga-de-controladores-por-considerarlos-abusivos\/"}],"_links":{"self":[{"href":"https:\/\/eldigitaldeasturias.com\/magazine365\/wp-json\/wp\/v2\/posts\/39406","targetHints":{"allow":["GET"]}}],"collection":[{"href":"https:\/\/eldigitaldeasturias.com\/magazine365\/wp-json\/wp\/v2\/posts"}],"about":[{"href":"https:\/\/eldigitaldeasturias.com\/magazine365\/wp-json\/wp\/v2\/types\/post"}],"author":[{"embeddable":true,"href":"https:\/\/eldigitaldeasturias.com\/magazine365\/wp-json\/wp\/v2\/users\/1"}],"replies":[{"embeddable":true,"href":"https:\/\/eldigitaldeasturias.com\/magazine365\/wp-json\/wp\/v2\/comments?post=39406"}],"version-history":[{"count":0,"href":"https:\/\/eldigitaldeasturias.com\/magazine365\/wp-json\/wp\/v2\/posts\/39406\/revisions"}],"wp:featuredmedia":[{"embeddable":true,"href":"https:\/\/eldigitaldeasturias.com\/magazine365\/wp-json\/wp\/v2\/media\/39407"}],"wp:attachment":[{"href":"https:\/\/eldigitaldeasturias.com\/magazine365\/wp-json\/wp\/v2\/media?parent=39406"}],"wp:term":[{"taxonomy":"category","embeddable":true,"href":"https:\/\/eldigitaldeasturias.com\/magazine365\/wp-json\/wp\/v2\/categories?post=39406"},{"taxonomy":"post_tag","embeddable":true,"href":"https:\/\/eldigitaldeasturias.com\/magazine365\/wp-json\/wp\/v2\/tags?post=39406"}],"curies":[{"name":"wp","href":"https:\/\/api.w.org\/{rel}","templated":true}]}}