{"id":39400,"date":"2015-06-10T03:21:45","date_gmt":"2015-06-10T01:51:45","guid":{"rendered":"http:\/\/eldigitaldeasturias.com\/magazine365\/?p=39400"},"modified":"2015-06-10T03:21:45","modified_gmt":"2015-06-10T01:51:45","slug":"grandvalira-preve-un-10-mas-de-visitantes-este-verano","status":"publish","type":"post","link":"https:\/\/eldigitaldeasturias.com\/magazine365\/grandvalira-preve-un-10-mas-de-visitantes-este-verano\/","title":{"rendered":"Grandvalira prev\u00e9 un 10% m\u00e1s de visitantes este verano"},"content":{"rendered":"<p><img fetchpriority=\"high\" decoding=\"async\" class=\"alignleft size-medium wp-image-39401\" src=\"https:\/\/eldigitaldeasturias.com\/magazine365\/wp-content\/uploads\/2015\/06\/fotonoticia_20150609200347_800-200x300.jpg\" alt=\"fotonoticia_20150609200347_800\" width=\"200\" height=\"300\" srcset=\"https:\/\/eldigitaldeasturias.com\/magazine365\/wp-content\/uploads\/2015\/06\/fotonoticia_20150609200347_800-200x300.jpg 200w, https:\/\/eldigitaldeasturias.com\/magazine365\/wp-content\/uploads\/2015\/06\/fotonoticia_20150609200347_800-427x640.jpg 427w, https:\/\/eldigitaldeasturias.com\/magazine365\/wp-content\/uploads\/2015\/06\/fotonoticia_20150609200347_800-768x1152.jpg 768w, https:\/\/eldigitaldeasturias.com\/magazine365\/wp-content\/uploads\/2015\/06\/fotonoticia_20150609200347_800-150x225.jpg 150w, https:\/\/eldigitaldeasturias.com\/magazine365\/wp-content\/uploads\/2015\/06\/fotonoticia_20150609200347_800-450x675.jpg 450w, https:\/\/eldigitaldeasturias.com\/magazine365\/wp-content\/uploads\/2015\/06\/fotonoticia_20150609200347_800-696x1044.jpg 696w, https:\/\/eldigitaldeasturias.com\/magazine365\/wp-content\/uploads\/2015\/06\/fotonoticia_20150609200347_800-280x420.jpg 280w, https:\/\/eldigitaldeasturias.com\/magazine365\/wp-content\/uploads\/2015\/06\/fotonoticia_20150609200347_800.jpg 800w\" sizes=\"(max-width: 200px) 100vw, 200px\" \/>La directora general de Grandvalira-Nevasa, Nuria Tarr\u00e9, ha afirmado que el objetivo para este verano es aumentar \u00abel n\u00famero de visitantes en un 10% entre el p\u00fablico de proximidad proveniente de Catalu\u00f1a, Espa\u00f1a y el sur de Francia\u00bb.<\/p>\n<p>Grandvalira ha presentado su nueva temporada de verano 2015 con propuestas enfocadas al ocio familiar. Durante los meses de junio, julio, agosto y septiembre, la estaci\u00f3n de esqu\u00ed de los Pirineos se convierte en un espacio libre de estr\u00e9s con una serie de actividades que permitir\u00e1n disfrutar de las posibilidades que ofrece la monta\u00f1a en la \u00e9poca estival<\/p>\n<p>Entre las actividades ofrecidas para el ocio familiar se encuentra el &#8216;Mont Magic Family Canillo&#8217;, que este a\u00f1o estrena el nuevo sendero de leyendas &#8216;Mont Magic&#8217; y una trepidante tirolina de 500 metros de largo entre los Planells del Forn y el lago del Forn. El Family Park de Canillo se presenta como una de las principales apuestas de ocio de la estaci\u00f3n gracias a una inversi\u00f3n global de m\u00e1s de 1 mill\u00f3n de euros durante las temporadas de invierno y verano.<\/p>\n<p>Otra de las \u00e1reas que presenta novedades es el &#8216;Karting Marc Gen\u00e9 El Tarter&#8217;, que incluye nuevos karts biplaza ideales para ser conducidos en la mejor compa\u00f1\u00eda.<\/p>\n<p>ESPACIO DE OCIO Y AVENTURA.<\/p>\n<p>A partir del 27 de junio, Grandvalira se transformar\u00e1 en un gran espacio de ocio y aventura. Los amantes de las bicicletas de monta\u00f1a podr\u00e1n volver a disfrutar de las pistas freeride y los recorridos cross-country que forman el &#8216;Bike Park Soldeu&#8217; mientras que los fan\u00e1ticos del golf podr\u00e1n practicar el deporte de moda en &#8216;Golf Soldeu&#8217;.<\/p>\n<p>Por tercer a\u00f1o consecutivo, el &#8216;Funicamp de Encamp&#8217; volver\u00e1 a abrir sus puertas este verano acogiendo a los visitantes que deseen recorrer el Vall dels Cortals y disfrutar de las excursiones entre Solanelles y Pessons. Los visitantes tambi\u00e9n podr\u00e1n acceder al &#8216;Orri del Cubil&#8217; para admirar el patrimonio cultural e hist\u00f3rico de la zona y podr\u00e1n disfrutar de las dos citas ciclistas de referencia como &#8216;La Vuelta&#8217; y la &#8216;Purito Andorra 2015&#8217;.<\/p>\n<p>El senderismo y el trekking son tambi\u00e9n dos de los protagonistas de la temporada gracias a los itinerarios de monta\u00f1a que permiten acercarse hasta los lagos y refugios de monta\u00f1a a trav\u00e9s de las v\u00edas ferratas del Vall d&#8217;Incles y el Vall dels Cortals.<\/p>\n<p>Por \u00faltimo, Grandvalira sigue apostando por la gastronom\u00eda a trav\u00e9s de sus restaurantes. Entre las distintas opciones destacan la cocina de monta\u00f1a del restaurante L&#8217;Abarset de El Tarter y el restaurante refugio del lago de Pessons.<\/p>\n","protected":false},"excerpt":{"rendered":"<p>La directora general de Grandvalira-Nevasa, Nuria Tarr\u00e9, ha afirmado que el objetivo para este verano es aumentar \u00abel n\u00famero de visitantes en un 10% entre el p\u00fablico de proximidad proveniente de Catalu\u00f1a, Espa\u00f1a y el sur de Francia\u00bb. Grandvalira ha presentado su nueva temporada de verano 2015 con propuestas enfocadas al ocio familiar. Durante los<\/p>\n","protected":false},"author":1,"featured_media":39401,"comment_status":"open","ping_status":"closed","sticky":false,"template":"","format":"standard","meta":{"footnotes":""},"categories":[222],"tags":[],"class_list":{"0":"post-39400","1":"post","2":"type-post","3":"status-publish","4":"format-standard","5":"has-post-thumbnail","7":"category-actualidad-turismo"},"aioseo_notices":[],"aioseo_head":"\n\t\t<!-- All in One SEO Pro 4.9.6.1 - aioseo.com -->\n\t<meta name=\"description\" content=\"La directora general de Grandvalira-Nevasa, Nuria Tarr\u00e9, ha afirmado que el objetivo para este verano es aumentar &quot;el n\u00famero de visitantes en un 10% entre el p\u00fablico de proximidad proveniente de Catalu\u00f1a, Espa\u00f1a y el sur de Francia&quot;. Grandvalira ha presentado su nueva temporada de verano 2015 con propuestas enfocadas al ocio familiar. Durante los\" \/>\n\t<meta name=\"robots\" content=\"max-image-preview:large\" \/>\n\t<meta name=\"author\" content=\"admin\"\/>\n\t<meta name=\"google-site-verification\" content=\"UA-38556648-1\" \/>\n\t<meta name=\"keywords\" content=\"actualidad turismo\" \/>\n\t<link rel=\"canonical\" href=\"https:\/\/eldigitaldeasturias.com\/magazine365\/grandvalira-preve-un-10-mas-de-visitantes-este-verano\/\" \/>\n\t<meta name=\"generator\" content=\"All in One SEO Pro (AIOSEO) 4.9.6.1\" \/>\n\t\t<meta property=\"og:locale\" content=\"es_ES\" \/>\n\t\t<meta property=\"og:site_name\" content=\"El Digital de Asturias \u2013 Revista de ocio, turismo y estilo de vida\" \/>\n\t\t<meta property=\"og:type\" content=\"article\" \/>\n\t\t<meta property=\"og:title\" content=\"Grandvalira prev\u00e9 un 10% m\u00e1s de visitantes este verano | El Digital de Asturias\" \/>\n\t\t<meta property=\"og:description\" content=\"La directora general de Grandvalira-Nevasa, Nuria Tarr\u00e9, ha afirmado que el objetivo para este verano es aumentar &quot;el n\u00famero de visitantes en un 10% entre el p\u00fablico de proximidad proveniente de Catalu\u00f1a, Espa\u00f1a y el sur de Francia&quot;. Grandvalira ha presentado su nueva temporada de verano 2015 con propuestas enfocadas al ocio familiar. Durante los\" \/>\n\t\t<meta property=\"og:url\" content=\"https:\/\/eldigitaldeasturias.com\/magazine365\/grandvalira-preve-un-10-mas-de-visitantes-este-verano\/\" \/>\n\t\t<meta property=\"og:image\" content=\"https:\/\/eldigitaldeasturias.com\/magazine365\/wp-content\/uploads\/2015\/06\/fotonoticia_20150609200347_800.jpg\" \/>\n\t\t<meta property=\"og:image:secure_url\" content=\"https:\/\/eldigitaldeasturias.com\/magazine365\/wp-content\/uploads\/2015\/06\/fotonoticia_20150609200347_800.jpg\" \/>\n\t\t<meta property=\"og:image:width\" content=\"800\" \/>\n\t\t<meta property=\"og:image:height\" content=\"1200\" \/>\n\t\t<meta property=\"article:published_time\" content=\"2015-06-10T01:51:45+00:00\" \/>\n\t\t<meta property=\"article:modified_time\" content=\"2015-06-10T01:51:45+00:00\" \/>\n\t\t<meta name=\"twitter:card\" content=\"summary_large_image\" \/>\n\t\t<meta name=\"twitter:title\" content=\"Grandvalira prev\u00e9 un 10% m\u00e1s de visitantes este verano | El Digital de Asturias\" \/>\n\t\t<meta name=\"twitter:description\" content=\"La directora general de Grandvalira-Nevasa, Nuria Tarr\u00e9, ha afirmado que el objetivo para este verano es aumentar &quot;el n\u00famero de visitantes en un 10% entre el p\u00fablico de proximidad proveniente de Catalu\u00f1a, Espa\u00f1a y el sur de Francia&quot;. Grandvalira ha presentado su nueva temporada de verano 2015 con propuestas enfocadas al ocio familiar. Durante los\" \/>\n\t\t<meta name=\"twitter:image\" content=\"https:\/\/eldigitaldeasturias.com\/magazine365\/wp-content\/uploads\/2015\/06\/fotonoticia_20150609200347_800.jpg\" \/>\n\t\t<script type=\"application\/ld+json\" class=\"aioseo-schema\">\n\t\t\t{\"@context\":\"https:\\\/\\\/schema.org\",\"@graph\":[{\"@type\":\"Article\",\"@id\":\"https:\\\/\\\/eldigitaldeasturias.com\\\/magazine365\\\/grandvalira-preve-un-10-mas-de-visitantes-este-verano\\\/#article\",\"name\":\"Grandvalira prev\\u00e9 un 10% m\\u00e1s de visitantes este verano | El Digital de Asturias\",\"headline\":\"Grandvalira prev\\u00e9 un 10% m\\u00e1s de visitantes este verano\",\"author\":{\"@id\":\"https:\\\/\\\/eldigitaldeasturias.com\\\/magazine365\\\/author\\\/admin\\\/#author\"},\"publisher\":{\"@id\":\"https:\\\/\\\/eldigitaldeasturias.com\\\/magazine365\\\/#organization\"},\"image\":{\"@type\":\"ImageObject\",\"url\":\"https:\\\/\\\/eldigitaldeasturias.com\\\/magazine365\\\/wp-content\\\/uploads\\\/2015\\\/06\\\/fotonoticia_20150609200347_800.jpg\",\"width\":800,\"height\":1200},\"datePublished\":\"2015-06-10T03:21:45+02:00\",\"dateModified\":\"2015-06-10T03:21:45+02:00\",\"inLanguage\":\"es-ES\",\"mainEntityOfPage\":{\"@id\":\"https:\\\/\\\/eldigitaldeasturias.com\\\/magazine365\\\/grandvalira-preve-un-10-mas-de-visitantes-este-verano\\\/#webpage\"},\"isPartOf\":{\"@id\":\"https:\\\/\\\/eldigitaldeasturias.com\\\/magazine365\\\/grandvalira-preve-un-10-mas-de-visitantes-este-verano\\\/#webpage\"},\"articleSection\":\"Actualidad Turismo\"},{\"@type\":\"BreadcrumbList\",\"@id\":\"https:\\\/\\\/eldigitaldeasturias.com\\\/magazine365\\\/grandvalira-preve-un-10-mas-de-visitantes-este-verano\\\/#breadcrumblist\",\"itemListElement\":[{\"@type\":\"ListItem\",\"@id\":\"https:\\\/\\\/eldigitaldeasturias.com\\\/magazine365#listItem\",\"position\":1,\"name\":\"Home\",\"item\":\"https:\\\/\\\/eldigitaldeasturias.com\\\/magazine365\",\"nextItem\":{\"@type\":\"ListItem\",\"@id\":\"https:\\\/\\\/eldigitaldeasturias.com\\\/magazine365\\\/category\\\/actualidad-turismo\\\/#listItem\",\"name\":\"Actualidad Turismo\"}},{\"@type\":\"ListItem\",\"@id\":\"https:\\\/\\\/eldigitaldeasturias.com\\\/magazine365\\\/category\\\/actualidad-turismo\\\/#listItem\",\"position\":2,\"name\":\"Actualidad Turismo\",\"item\":\"https:\\\/\\\/eldigitaldeasturias.com\\\/magazine365\\\/category\\\/actualidad-turismo\\\/\",\"nextItem\":{\"@type\":\"ListItem\",\"@id\":\"https:\\\/\\\/eldigitaldeasturias.com\\\/magazine365\\\/grandvalira-preve-un-10-mas-de-visitantes-este-verano\\\/#listItem\",\"name\":\"Grandvalira prev\\u00e9 un 10% m\\u00e1s de visitantes este verano\"},\"previousItem\":{\"@type\":\"ListItem\",\"@id\":\"https:\\\/\\\/eldigitaldeasturias.com\\\/magazine365#listItem\",\"name\":\"Home\"}},{\"@type\":\"ListItem\",\"@id\":\"https:\\\/\\\/eldigitaldeasturias.com\\\/magazine365\\\/grandvalira-preve-un-10-mas-de-visitantes-este-verano\\\/#listItem\",\"position\":3,\"name\":\"Grandvalira prev\\u00e9 un 10% m\\u00e1s de visitantes este verano\",\"previousItem\":{\"@type\":\"ListItem\",\"@id\":\"https:\\\/\\\/eldigitaldeasturias.com\\\/magazine365\\\/category\\\/actualidad-turismo\\\/#listItem\",\"name\":\"Actualidad Turismo\"}}]},{\"@type\":\"Organization\",\"@id\":\"https:\\\/\\\/eldigitaldeasturias.com\\\/magazine365\\\/#organization\",\"name\":\"El digital de Asturias\",\"description\":\"Revista de ocio, turismo y estilo de vida\",\"url\":\"https:\\\/\\\/eldigitaldeasturias.com\\\/magazine365\\\/\",\"logo\":{\"@type\":\"ImageObject\",\"url\":\"https:\\\/\\\/www.eldigitaldeasturias.com\\\/noticias\\\/wp-content\\\/uploads\\\/2020\\\/12\\\/EDA.jpg\",\"@id\":\"https:\\\/\\\/eldigitaldeasturias.com\\\/magazine365\\\/grandvalira-preve-un-10-mas-de-visitantes-este-verano\\\/#organizationLogo\"},\"image\":{\"@id\":\"https:\\\/\\\/eldigitaldeasturias.com\\\/magazine365\\\/grandvalira-preve-un-10-mas-de-visitantes-este-verano\\\/#organizationLogo\"}},{\"@type\":\"Person\",\"@id\":\"https:\\\/\\\/eldigitaldeasturias.com\\\/magazine365\\\/author\\\/admin\\\/#author\",\"url\":\"https:\\\/\\\/eldigitaldeasturias.com\\\/magazine365\\\/author\\\/admin\\\/\",\"name\":\"admin\",\"image\":{\"@type\":\"ImageObject\",\"@id\":\"https:\\\/\\\/eldigitaldeasturias.com\\\/magazine365\\\/grandvalira-preve-un-10-mas-de-visitantes-este-verano\\\/#authorImage\",\"url\":\"https:\\\/\\\/eldigitaldeasturias.com\\\/magazine365\\\/wp-content\\\/litespeed\\\/avatar\\\/e571bcf59a0edd6fa6838245a470f2fe.jpg?ver=1776969259\",\"width\":96,\"height\":96,\"caption\":\"admin\"}},{\"@type\":\"WebPage\",\"@id\":\"https:\\\/\\\/eldigitaldeasturias.com\\\/magazine365\\\/grandvalira-preve-un-10-mas-de-visitantes-este-verano\\\/#webpage\",\"url\":\"https:\\\/\\\/eldigitaldeasturias.com\\\/magazine365\\\/grandvalira-preve-un-10-mas-de-visitantes-este-verano\\\/\",\"name\":\"Grandvalira prev\\u00e9 un 10% m\\u00e1s de visitantes este verano | El Digital de Asturias\",\"description\":\"La directora general de Grandvalira-Nevasa, Nuria Tarr\\u00e9, ha afirmado que el objetivo para este verano es aumentar \\\"el n\\u00famero de visitantes en un 10% entre el p\\u00fablico de proximidad proveniente de Catalu\\u00f1a, Espa\\u00f1a y el sur de Francia\\\". Grandvalira ha presentado su nueva temporada de verano 2015 con propuestas enfocadas al ocio familiar. Durante los\",\"inLanguage\":\"es-ES\",\"isPartOf\":{\"@id\":\"https:\\\/\\\/eldigitaldeasturias.com\\\/magazine365\\\/#website\"},\"breadcrumb\":{\"@id\":\"https:\\\/\\\/eldigitaldeasturias.com\\\/magazine365\\\/grandvalira-preve-un-10-mas-de-visitantes-este-verano\\\/#breadcrumblist\"},\"author\":{\"@id\":\"https:\\\/\\\/eldigitaldeasturias.com\\\/magazine365\\\/author\\\/admin\\\/#author\"},\"creator\":{\"@id\":\"https:\\\/\\\/eldigitaldeasturias.com\\\/magazine365\\\/author\\\/admin\\\/#author\"},\"image\":{\"@type\":\"ImageObject\",\"url\":\"https:\\\/\\\/eldigitaldeasturias.com\\\/magazine365\\\/wp-content\\\/uploads\\\/2015\\\/06\\\/fotonoticia_20150609200347_800.jpg\",\"@id\":\"https:\\\/\\\/eldigitaldeasturias.com\\\/magazine365\\\/grandvalira-preve-un-10-mas-de-visitantes-este-verano\\\/#mainImage\",\"width\":800,\"height\":1200},\"primaryImageOfPage\":{\"@id\":\"https:\\\/\\\/eldigitaldeasturias.com\\\/magazine365\\\/grandvalira-preve-un-10-mas-de-visitantes-este-verano\\\/#mainImage\"},\"datePublished\":\"2015-06-10T03:21:45+02:00\",\"dateModified\":\"2015-06-10T03:21:45+02:00\"},{\"@type\":\"WebSite\",\"@id\":\"https:\\\/\\\/eldigitaldeasturias.com\\\/magazine365\\\/#website\",\"url\":\"https:\\\/\\\/eldigitaldeasturias.com\\\/magazine365\\\/\",\"name\":\"El Digital de Asturias\",\"description\":\"Revista de ocio, turismo y estilo de vida\",\"inLanguage\":\"es-ES\",\"publisher\":{\"@id\":\"https:\\\/\\\/eldigitaldeasturias.com\\\/magazine365\\\/#organization\"}}]}\n\t\t<\/script>\n\t\t<!-- All in One SEO Pro -->\r\n\t\t<title>Grandvalira prev\u00e9 un 10% m\u00e1s de visitantes este verano | El Digital de Asturias<\/title>\n\n","aioseo_head_json":{"title":"Grandvalira prev\u00e9 un 10% m\u00e1s de visitantes este verano | El Digital de Asturias","description":"La directora general de Grandvalira-Nevasa, Nuria Tarr\u00e9, ha afirmado que el objetivo para este verano es aumentar \"el n\u00famero de visitantes en un 10% entre el p\u00fablico de proximidad proveniente de Catalu\u00f1a, Espa\u00f1a y el sur de Francia\". Grandvalira ha presentado su nueva temporada de verano 2015 con propuestas enfocadas al ocio familiar. Durante los","canonical_url":"https:\/\/eldigitaldeasturias.com\/magazine365\/grandvalira-preve-un-10-mas-de-visitantes-este-verano\/","robots":"max-image-preview:large","keywords":"actualidad turismo","webmasterTools":{"google-site-verification":"UA-38556648-1","miscellaneous":""},"schema":{"@context":"https:\/\/schema.org","@graph":[{"@type":"Article","@id":"https:\/\/eldigitaldeasturias.com\/magazine365\/grandvalira-preve-un-10-mas-de-visitantes-este-verano\/#article","name":"Grandvalira prev\u00e9 un 10% m\u00e1s de visitantes este verano | El Digital de Asturias","headline":"Grandvalira prev\u00e9 un 10% m\u00e1s de visitantes este verano","author":{"@id":"https:\/\/eldigitaldeasturias.com\/magazine365\/author\/admin\/#author"},"publisher":{"@id":"https:\/\/eldigitaldeasturias.com\/magazine365\/#organization"},"image":{"@type":"ImageObject","url":"https:\/\/eldigitaldeasturias.com\/magazine365\/wp-content\/uploads\/2015\/06\/fotonoticia_20150609200347_800.jpg","width":800,"height":1200},"datePublished":"2015-06-10T03:21:45+02:00","dateModified":"2015-06-10T03:21:45+02:00","inLanguage":"es-ES","mainEntityOfPage":{"@id":"https:\/\/eldigitaldeasturias.com\/magazine365\/grandvalira-preve-un-10-mas-de-visitantes-este-verano\/#webpage"},"isPartOf":{"@id":"https:\/\/eldigitaldeasturias.com\/magazine365\/grandvalira-preve-un-10-mas-de-visitantes-este-verano\/#webpage"},"articleSection":"Actualidad Turismo"},{"@type":"BreadcrumbList","@id":"https:\/\/eldigitaldeasturias.com\/magazine365\/grandvalira-preve-un-10-mas-de-visitantes-este-verano\/#breadcrumblist","itemListElement":[{"@type":"ListItem","@id":"https:\/\/eldigitaldeasturias.com\/magazine365#listItem","position":1,"name":"Home","item":"https:\/\/eldigitaldeasturias.com\/magazine365","nextItem":{"@type":"ListItem","@id":"https:\/\/eldigitaldeasturias.com\/magazine365\/category\/actualidad-turismo\/#listItem","name":"Actualidad Turismo"}},{"@type":"ListItem","@id":"https:\/\/eldigitaldeasturias.com\/magazine365\/category\/actualidad-turismo\/#listItem","position":2,"name":"Actualidad Turismo","item":"https:\/\/eldigitaldeasturias.com\/magazine365\/category\/actualidad-turismo\/","nextItem":{"@type":"ListItem","@id":"https:\/\/eldigitaldeasturias.com\/magazine365\/grandvalira-preve-un-10-mas-de-visitantes-este-verano\/#listItem","name":"Grandvalira prev\u00e9 un 10% m\u00e1s de visitantes este verano"},"previousItem":{"@type":"ListItem","@id":"https:\/\/eldigitaldeasturias.com\/magazine365#listItem","name":"Home"}},{"@type":"ListItem","@id":"https:\/\/eldigitaldeasturias.com\/magazine365\/grandvalira-preve-un-10-mas-de-visitantes-este-verano\/#listItem","position":3,"name":"Grandvalira prev\u00e9 un 10% m\u00e1s de visitantes este verano","previousItem":{"@type":"ListItem","@id":"https:\/\/eldigitaldeasturias.com\/magazine365\/category\/actualidad-turismo\/#listItem","name":"Actualidad Turismo"}}]},{"@type":"Organization","@id":"https:\/\/eldigitaldeasturias.com\/magazine365\/#organization","name":"El digital de Asturias","description":"Revista de ocio, turismo y estilo de vida","url":"https:\/\/eldigitaldeasturias.com\/magazine365\/","logo":{"@type":"ImageObject","url":"https:\/\/www.eldigitaldeasturias.com\/noticias\/wp-content\/uploads\/2020\/12\/EDA.jpg","@id":"https:\/\/eldigitaldeasturias.com\/magazine365\/grandvalira-preve-un-10-mas-de-visitantes-este-verano\/#organizationLogo"},"image":{"@id":"https:\/\/eldigitaldeasturias.com\/magazine365\/grandvalira-preve-un-10-mas-de-visitantes-este-verano\/#organizationLogo"}},{"@type":"Person","@id":"https:\/\/eldigitaldeasturias.com\/magazine365\/author\/admin\/#author","url":"https:\/\/eldigitaldeasturias.com\/magazine365\/author\/admin\/","name":"admin","image":{"@type":"ImageObject","@id":"https:\/\/eldigitaldeasturias.com\/magazine365\/grandvalira-preve-un-10-mas-de-visitantes-este-verano\/#authorImage","url":"https:\/\/eldigitaldeasturias.com\/magazine365\/wp-content\/litespeed\/avatar\/e571bcf59a0edd6fa6838245a470f2fe.jpg?ver=1776969259","width":96,"height":96,"caption":"admin"}},{"@type":"WebPage","@id":"https:\/\/eldigitaldeasturias.com\/magazine365\/grandvalira-preve-un-10-mas-de-visitantes-este-verano\/#webpage","url":"https:\/\/eldigitaldeasturias.com\/magazine365\/grandvalira-preve-un-10-mas-de-visitantes-este-verano\/","name":"Grandvalira prev\u00e9 un 10% m\u00e1s de visitantes este verano | El Digital de Asturias","description":"La directora general de Grandvalira-Nevasa, Nuria Tarr\u00e9, ha afirmado que el objetivo para este verano es aumentar \"el n\u00famero de visitantes en un 10% entre el p\u00fablico de proximidad proveniente de Catalu\u00f1a, Espa\u00f1a y el sur de Francia\". Grandvalira ha presentado su nueva temporada de verano 2015 con propuestas enfocadas al ocio familiar. Durante los","inLanguage":"es-ES","isPartOf":{"@id":"https:\/\/eldigitaldeasturias.com\/magazine365\/#website"},"breadcrumb":{"@id":"https:\/\/eldigitaldeasturias.com\/magazine365\/grandvalira-preve-un-10-mas-de-visitantes-este-verano\/#breadcrumblist"},"author":{"@id":"https:\/\/eldigitaldeasturias.com\/magazine365\/author\/admin\/#author"},"creator":{"@id":"https:\/\/eldigitaldeasturias.com\/magazine365\/author\/admin\/#author"},"image":{"@type":"ImageObject","url":"https:\/\/eldigitaldeasturias.com\/magazine365\/wp-content\/uploads\/2015\/06\/fotonoticia_20150609200347_800.jpg","@id":"https:\/\/eldigitaldeasturias.com\/magazine365\/grandvalira-preve-un-10-mas-de-visitantes-este-verano\/#mainImage","width":800,"height":1200},"primaryImageOfPage":{"@id":"https:\/\/eldigitaldeasturias.com\/magazine365\/grandvalira-preve-un-10-mas-de-visitantes-este-verano\/#mainImage"},"datePublished":"2015-06-10T03:21:45+02:00","dateModified":"2015-06-10T03:21:45+02:00"},{"@type":"WebSite","@id":"https:\/\/eldigitaldeasturias.com\/magazine365\/#website","url":"https:\/\/eldigitaldeasturias.com\/magazine365\/","name":"El Digital de Asturias","description":"Revista de ocio, turismo y estilo de vida","inLanguage":"es-ES","publisher":{"@id":"https:\/\/eldigitaldeasturias.com\/magazine365\/#organization"}}]},"og:locale":"es_ES","og:site_name":"El Digital de Asturias \u2013 Revista de ocio, turismo y estilo de vida","og:type":"article","og:title":"Grandvalira prev\u00e9 un 10% m\u00e1s de visitantes este verano | El Digital de Asturias","og:description":"La directora general de Grandvalira-Nevasa, Nuria Tarr\u00e9, ha afirmado que el objetivo para este verano es aumentar &quot;el n\u00famero de visitantes en un 10% entre el p\u00fablico de proximidad proveniente de Catalu\u00f1a, Espa\u00f1a y el sur de Francia&quot;. Grandvalira ha presentado su nueva temporada de verano 2015 con propuestas enfocadas al ocio familiar. Durante los","og:url":"https:\/\/eldigitaldeasturias.com\/magazine365\/grandvalira-preve-un-10-mas-de-visitantes-este-verano\/","og:image":"https:\/\/eldigitaldeasturias.com\/magazine365\/wp-content\/uploads\/2015\/06\/fotonoticia_20150609200347_800.jpg","og:image:secure_url":"https:\/\/eldigitaldeasturias.com\/magazine365\/wp-content\/uploads\/2015\/06\/fotonoticia_20150609200347_800.jpg","og:image:width":800,"og:image:height":1200,"article:published_time":"2015-06-10T01:51:45+00:00","article:modified_time":"2015-06-10T01:51:45+00:00","twitter:card":"summary_large_image","twitter:title":"Grandvalira prev\u00e9 un 10% m\u00e1s de visitantes este verano | El Digital de Asturias","twitter:description":"La directora general de Grandvalira-Nevasa, Nuria Tarr\u00e9, ha afirmado que el objetivo para este verano es aumentar &quot;el n\u00famero de visitantes en un 10% entre el p\u00fablico de proximidad proveniente de Catalu\u00f1a, Espa\u00f1a y el sur de Francia&quot;. Grandvalira ha presentado su nueva temporada de verano 2015 con propuestas enfocadas al ocio familiar. Durante los","twitter:image":"https:\/\/eldigitaldeasturias.com\/magazine365\/wp-content\/uploads\/2015\/06\/fotonoticia_20150609200347_800.jpg"},"aioseo_meta_data":{"post_id":"39400","title":null,"description":null,"keywords":null,"keyphrases":null,"primary_term":null,"canonical_url":null,"og_title":null,"og_description":null,"og_object_type":"default","og_image_type":"default","og_image_url":null,"og_image_width":null,"og_image_height":null,"og_image_custom_url":null,"og_image_custom_fields":null,"og_video":null,"og_custom_url":null,"og_article_section":null,"og_article_tags":null,"twitter_use_og":false,"twitter_card":"default","twitter_image_type":"default","twitter_image_url":null,"twitter_image_custom_url":null,"twitter_image_custom_fields":null,"twitter_title":null,"twitter_description":null,"schema":{"blockGraphs":[],"customGraphs":[],"default":{"data":{"Article":[],"Course":[],"Dataset":[],"FAQPage":[],"Movie":[],"Person":[],"Product":[],"ProductReview":[],"Car":[],"Recipe":[],"Service":[],"SoftwareApplication":[],"WebPage":[]},"graphName":"","isEnabled":true},"graphs":[],"defaultGraph":"","defaultPostTypeGraph":""},"schema_type":null,"schema_type_options":null,"pillar_content":false,"robots_default":true,"robots_noindex":false,"robots_noarchive":false,"robots_nosnippet":false,"robots_nofollow":false,"robots_noimageindex":false,"robots_noodp":false,"robots_notranslate":false,"robots_max_snippet":null,"robots_max_videopreview":null,"robots_max_imagepreview":"large","priority":null,"frequency":null,"location":null,"local_seo":null,"seo_analyzer_scan_date":"2025-09-19 11:30:14","breadcrumb_settings":null,"limit_modified_date":false,"open_ai":null,"ai":null,"created":"2021-03-09 02:41:54","updated":"2025-09-19 11:30:14"},"aioseo_breadcrumb":"<div class=\"aioseo-breadcrumbs\"><span class=\"aioseo-breadcrumb\">\n\t<a href=\"https:\/\/eldigitaldeasturias.com\/magazine365\" title=\"Home\">Home<\/a>\n<\/span><span class=\"aioseo-breadcrumb-separator\">\u2013<\/span><span class=\"aioseo-breadcrumb\">\n\t<a href=\"https:\/\/eldigitaldeasturias.com\/magazine365\/category\/actualidad-turismo\/\" title=\"Actualidad Turismo\">Actualidad Turismo<\/a>\n<\/span><span class=\"aioseo-breadcrumb-separator\">\u2013<\/span><span class=\"aioseo-breadcrumb\">\n\t<a href=\"https:\/\/eldigitaldeasturias.com\/magazine365\/grandvalira-preve-un-10-mas-de-visitantes-este-verano\/\" title=\"Grandvalira prev\u00e9 un 10% m\u00e1s de visitantes este verano\">Grandvalira prev\u00e9 un 10% m\u00e1s de visitantes este verano<\/a>\n<\/span><\/div>","aioseo_breadcrumb_json":[{"label":"Home","link":"https:\/\/eldigitaldeasturias.com\/magazine365"},{"label":"Actualidad Turismo","link":"https:\/\/eldigitaldeasturias.com\/magazine365\/category\/actualidad-turismo\/"},{"label":"Grandvalira prev\u00e9 un 10% m\u00e1s de visitantes este verano","link":"https:\/\/eldigitaldeasturias.com\/magazine365\/grandvalira-preve-un-10-mas-de-visitantes-este-verano\/"}],"_links":{"self":[{"href":"https:\/\/eldigitaldeasturias.com\/magazine365\/wp-json\/wp\/v2\/posts\/39400","targetHints":{"allow":["GET"]}}],"collection":[{"href":"https:\/\/eldigitaldeasturias.com\/magazine365\/wp-json\/wp\/v2\/posts"}],"about":[{"href":"https:\/\/eldigitaldeasturias.com\/magazine365\/wp-json\/wp\/v2\/types\/post"}],"author":[{"embeddable":true,"href":"https:\/\/eldigitaldeasturias.com\/magazine365\/wp-json\/wp\/v2\/users\/1"}],"replies":[{"embeddable":true,"href":"https:\/\/eldigitaldeasturias.com\/magazine365\/wp-json\/wp\/v2\/comments?post=39400"}],"version-history":[{"count":0,"href":"https:\/\/eldigitaldeasturias.com\/magazine365\/wp-json\/wp\/v2\/posts\/39400\/revisions"}],"wp:featuredmedia":[{"embeddable":true,"href":"https:\/\/eldigitaldeasturias.com\/magazine365\/wp-json\/wp\/v2\/media\/39401"}],"wp:attachment":[{"href":"https:\/\/eldigitaldeasturias.com\/magazine365\/wp-json\/wp\/v2\/media?parent=39400"}],"wp:term":[{"taxonomy":"category","embeddable":true,"href":"https:\/\/eldigitaldeasturias.com\/magazine365\/wp-json\/wp\/v2\/categories?post=39400"},{"taxonomy":"post_tag","embeddable":true,"href":"https:\/\/eldigitaldeasturias.com\/magazine365\/wp-json\/wp\/v2\/tags?post=39400"}],"curies":[{"name":"wp","href":"https:\/\/api.w.org\/{rel}","templated":true}]}}