{"id":39397,"date":"2015-06-10T03:10:32","date_gmt":"2015-06-10T01:40:32","guid":{"rendered":"http:\/\/eldigitaldeasturias.com\/magazine365\/?p=39397"},"modified":"2015-06-10T03:10:32","modified_gmt":"2015-06-10T01:40:32","slug":"la-ceav-ve-un-grave-perjuicio-en-el-recargo-por-reserva-en-gds-de-lufthansa","status":"publish","type":"post","link":"https:\/\/eldigitaldeasturias.com\/magazine365\/la-ceav-ve-un-grave-perjuicio-en-el-recargo-por-reserva-en-gds-de-lufthansa\/","title":{"rendered":"La CEAV ve un \u00abgrave perjuicio\u00bb en el recargo por reserva en GDS de Lufthansa"},"content":{"rendered":"<p><img decoding=\"async\" class=\"alignleft size-medium wp-image-39398\" src=\"https:\/\/eldigitaldeasturias.com\/magazine365\/wp-content\/uploads\/2015\/06\/fotonoticia_20150609190127_800-360x117.jpg\" alt=\"fotonoticia_20150609190127_800\" width=\"360\" height=\"117\" srcset=\"https:\/\/eldigitaldeasturias.com\/magazine365\/wp-content\/uploads\/2015\/06\/fotonoticia_20150609190127_800-360x117.jpg 360w, https:\/\/eldigitaldeasturias.com\/magazine365\/wp-content\/uploads\/2015\/06\/fotonoticia_20150609190127_800-650x212.jpg 650w, https:\/\/eldigitaldeasturias.com\/magazine365\/wp-content\/uploads\/2015\/06\/fotonoticia_20150609190127_800-768x251.jpg 768w, https:\/\/eldigitaldeasturias.com\/magazine365\/wp-content\/uploads\/2015\/06\/fotonoticia_20150609190127_800-150x49.jpg 150w, https:\/\/eldigitaldeasturias.com\/magazine365\/wp-content\/uploads\/2015\/06\/fotonoticia_20150609190127_800-450x147.jpg 450w, https:\/\/eldigitaldeasturias.com\/magazine365\/wp-content\/uploads\/2015\/06\/fotonoticia_20150609190127_800-696x227.jpg 696w, https:\/\/eldigitaldeasturias.com\/magazine365\/wp-content\/uploads\/2015\/06\/fotonoticia_20150609190127_800.jpg 800w\" sizes=\"(max-width: 360px) 100vw, 360px\" \/>La Confederaci\u00f3n Espa\u00f1ola de Agencias de Viajes (CEAV) ha mostrado hoy su rechazo al recargo por reserva en GDS que el grupo a\u00e9reo Lufthansa aplicar\u00e1 a partir del pr\u00f3ximo 1 de septiembre, una medida que supondr\u00e1 \u00abun incremento de los costes y un grave perjuicio para los consumidores\u00bb.<\/p>\n<p>Lufthansa cobrar\u00e1 un recargo de 16 euros por billete (equivalente a 6 euros por reserva -booking-) a partir del pr\u00f3ximo 1 de septiembre para aquellas realizadas a trav\u00e9s de los sistemas globales de distribuci\u00f3n (GDS) que utilizan la mayor\u00eda de las agencias de viajes.<\/p>\n<p>En un comunicado, la patronal de agencias de viajes se\u00f1ala que mantuvo ayer un encuentro con los responsables de la compa\u00f1\u00eda alemana en Espa\u00f1a a fin de expresar su total oposici\u00f3n a la nueva pol\u00edtica comercial del grupo, que engloba a Lufthansa, Austrian Airlines, Brussels Airlines y Swiss.<\/p>\n<p>Para dicha asociaci\u00f3n, la medida perjudicar\u00e1 tanto a los consumidores corporativos como vacacionales, puesto que \u00ablimitar\u00e1 su derecho a comparar tarifas y ofertas de las diferentes compa\u00f1\u00edas a\u00e9reas\u00bb.<\/p>\n<p>ESTUDIA LEGALMENTE LAS CONSECUENCIAS.<\/p>\n<p>La CEAV est\u00e1 participando activamente junto a la patronal de agencias de viajes europea, la ECTAA, a trav\u00e9s de su asociaci\u00f3n ACAVE en el estudio legal de las implicados que puedan derivarse de esta medida \u00abunilateral\u00bb adoptada por el grupo a\u00e9reo alem\u00e1n a nivel mundial, as\u00ed como el an\u00e1lisis de las consecuencias pr\u00e1cticas que tendr\u00e1 para las agencias de viajes y los consumidores para aunar esfuerzos.<\/p>\n<p>El nuevo recargo de Lufthansa no se aplicar\u00e1 cuando la compra de los billetes de avi\u00f3n se realice a trav\u00e9s de sus propias p\u00e1ginas web o cuando la agencia de viajes realice la reserva a trav\u00e9s de su portal, plataforma espec\u00edfica para las agencias de viaje. Tampoco se cobrar\u00e1 cuando las compras se realicen a trav\u00e9s de los centros telef\u00f3nicos de atenci\u00f3n al cliente o los mostradores de informaci\u00f3n.<\/p>\n<p>Desde la CEAV la alternativa que propone Lufthansa de utilizar el canal de distribuci\u00f3n espec\u00edfico para agencias de la aerol\u00ednea, LHAgent.com, no es v\u00e1lida puesto que dicho canal no incluye las tarifas &#8216;interline&#8217; ni permite la reemisi\u00f3n de billetes ni realizar &#8216;rebookings&#8217;.<\/p>\n","protected":false},"excerpt":{"rendered":"<p>La Confederaci\u00f3n Espa\u00f1ola de Agencias de Viajes (CEAV) ha mostrado hoy su rechazo al recargo por reserva en GDS que el grupo a\u00e9reo Lufthansa aplicar\u00e1 a partir del pr\u00f3ximo 1 de septiembre, una medida que supondr\u00e1 \u00abun incremento de los costes y un grave perjuicio para los consumidores\u00bb. Lufthansa cobrar\u00e1 un recargo de 16 euros<\/p>\n","protected":false},"author":1,"featured_media":39398,"comment_status":"open","ping_status":"closed","sticky":false,"template":"","format":"standard","meta":{"footnotes":""},"categories":[222],"tags":[],"class_list":{"0":"post-39397","1":"post","2":"type-post","3":"status-publish","4":"format-standard","5":"has-post-thumbnail","7":"category-actualidad-turismo"},"aioseo_notices":[],"aioseo_head":"\n\t\t<!-- All in One SEO Pro 4.9.6.1 - aioseo.com -->\n\t<meta name=\"description\" content=\"La Confederaci\u00f3n Espa\u00f1ola de Agencias de Viajes (CEAV) ha mostrado hoy su rechazo al recargo por reserva en GDS que el grupo a\u00e9reo Lufthansa aplicar\u00e1 a partir del pr\u00f3ximo 1 de septiembre, una medida que supondr\u00e1 &quot;un incremento de los costes y un grave perjuicio para los consumidores&quot;. Lufthansa cobrar\u00e1 un recargo de 16 euros\" \/>\n\t<meta name=\"robots\" content=\"max-image-preview:large\" \/>\n\t<meta name=\"author\" content=\"admin\"\/>\n\t<meta name=\"google-site-verification\" content=\"UA-38556648-1\" \/>\n\t<meta name=\"keywords\" content=\"actualidad turismo\" \/>\n\t<link rel=\"canonical\" href=\"https:\/\/eldigitaldeasturias.com\/magazine365\/la-ceav-ve-un-grave-perjuicio-en-el-recargo-por-reserva-en-gds-de-lufthansa\/\" \/>\n\t<meta name=\"generator\" content=\"All in One SEO Pro (AIOSEO) 4.9.6.1\" \/>\n\t\t<meta property=\"og:locale\" content=\"es_ES\" \/>\n\t\t<meta property=\"og:site_name\" content=\"El Digital de Asturias \u2013 Revista de ocio, turismo y estilo de vida\" \/>\n\t\t<meta property=\"og:type\" content=\"article\" \/>\n\t\t<meta property=\"og:title\" content=\"La CEAV ve un \u00abgrave perjuicio\u00bb en el recargo por reserva en GDS de Lufthansa | El Digital de Asturias\" \/>\n\t\t<meta property=\"og:description\" content=\"La Confederaci\u00f3n Espa\u00f1ola de Agencias de Viajes (CEAV) ha mostrado hoy su rechazo al recargo por reserva en GDS que el grupo a\u00e9reo Lufthansa aplicar\u00e1 a partir del pr\u00f3ximo 1 de septiembre, una medida que supondr\u00e1 &quot;un incremento de los costes y un grave perjuicio para los consumidores&quot;. Lufthansa cobrar\u00e1 un recargo de 16 euros\" \/>\n\t\t<meta property=\"og:url\" content=\"https:\/\/eldigitaldeasturias.com\/magazine365\/la-ceav-ve-un-grave-perjuicio-en-el-recargo-por-reserva-en-gds-de-lufthansa\/\" \/>\n\t\t<meta property=\"og:image\" content=\"https:\/\/eldigitaldeasturias.com\/magazine365\/wp-content\/uploads\/2015\/06\/fotonoticia_20150609190127_800.jpg\" \/>\n\t\t<meta property=\"og:image:secure_url\" content=\"https:\/\/eldigitaldeasturias.com\/magazine365\/wp-content\/uploads\/2015\/06\/fotonoticia_20150609190127_800.jpg\" \/>\n\t\t<meta property=\"og:image:width\" content=\"800\" \/>\n\t\t<meta property=\"og:image:height\" content=\"261\" \/>\n\t\t<meta property=\"article:published_time\" content=\"2015-06-10T01:40:32+00:00\" \/>\n\t\t<meta property=\"article:modified_time\" content=\"2015-06-10T01:40:32+00:00\" \/>\n\t\t<meta name=\"twitter:card\" content=\"summary_large_image\" \/>\n\t\t<meta name=\"twitter:title\" content=\"La CEAV ve un \u00abgrave perjuicio\u00bb en el recargo por reserva en GDS de Lufthansa | El Digital de Asturias\" \/>\n\t\t<meta name=\"twitter:description\" content=\"La Confederaci\u00f3n Espa\u00f1ola de Agencias de Viajes (CEAV) ha mostrado hoy su rechazo al recargo por reserva en GDS que el grupo a\u00e9reo Lufthansa aplicar\u00e1 a partir del pr\u00f3ximo 1 de septiembre, una medida que supondr\u00e1 &quot;un incremento de los costes y un grave perjuicio para los consumidores&quot;. Lufthansa cobrar\u00e1 un recargo de 16 euros\" \/>\n\t\t<meta name=\"twitter:image\" content=\"https:\/\/eldigitaldeasturias.com\/magazine365\/wp-content\/uploads\/2015\/06\/fotonoticia_20150609190127_800.jpg\" \/>\n\t\t<script type=\"application\/ld+json\" class=\"aioseo-schema\">\n\t\t\t{\"@context\":\"https:\\\/\\\/schema.org\",\"@graph\":[{\"@type\":\"Article\",\"@id\":\"https:\\\/\\\/eldigitaldeasturias.com\\\/magazine365\\\/la-ceav-ve-un-grave-perjuicio-en-el-recargo-por-reserva-en-gds-de-lufthansa\\\/#article\",\"name\":\"La CEAV ve un \\u00abgrave perjuicio\\u00bb en el recargo por reserva en GDS de Lufthansa | El Digital de Asturias\",\"headline\":\"La CEAV ve un \\u00abgrave perjuicio\\u00bb en el recargo por reserva en GDS de Lufthansa\",\"author\":{\"@id\":\"https:\\\/\\\/eldigitaldeasturias.com\\\/magazine365\\\/author\\\/admin\\\/#author\"},\"publisher\":{\"@id\":\"https:\\\/\\\/eldigitaldeasturias.com\\\/magazine365\\\/#organization\"},\"image\":{\"@type\":\"ImageObject\",\"url\":\"https:\\\/\\\/eldigitaldeasturias.com\\\/magazine365\\\/wp-content\\\/uploads\\\/2015\\\/06\\\/fotonoticia_20150609190127_800.jpg\",\"width\":800,\"height\":261},\"datePublished\":\"2015-06-10T03:10:32+02:00\",\"dateModified\":\"2015-06-10T03:10:32+02:00\",\"inLanguage\":\"es-ES\",\"mainEntityOfPage\":{\"@id\":\"https:\\\/\\\/eldigitaldeasturias.com\\\/magazine365\\\/la-ceav-ve-un-grave-perjuicio-en-el-recargo-por-reserva-en-gds-de-lufthansa\\\/#webpage\"},\"isPartOf\":{\"@id\":\"https:\\\/\\\/eldigitaldeasturias.com\\\/magazine365\\\/la-ceav-ve-un-grave-perjuicio-en-el-recargo-por-reserva-en-gds-de-lufthansa\\\/#webpage\"},\"articleSection\":\"Actualidad Turismo\"},{\"@type\":\"BreadcrumbList\",\"@id\":\"https:\\\/\\\/eldigitaldeasturias.com\\\/magazine365\\\/la-ceav-ve-un-grave-perjuicio-en-el-recargo-por-reserva-en-gds-de-lufthansa\\\/#breadcrumblist\",\"itemListElement\":[{\"@type\":\"ListItem\",\"@id\":\"https:\\\/\\\/eldigitaldeasturias.com\\\/magazine365#listItem\",\"position\":1,\"name\":\"Home\",\"item\":\"https:\\\/\\\/eldigitaldeasturias.com\\\/magazine365\",\"nextItem\":{\"@type\":\"ListItem\",\"@id\":\"https:\\\/\\\/eldigitaldeasturias.com\\\/magazine365\\\/category\\\/actualidad-turismo\\\/#listItem\",\"name\":\"Actualidad Turismo\"}},{\"@type\":\"ListItem\",\"@id\":\"https:\\\/\\\/eldigitaldeasturias.com\\\/magazine365\\\/category\\\/actualidad-turismo\\\/#listItem\",\"position\":2,\"name\":\"Actualidad Turismo\",\"item\":\"https:\\\/\\\/eldigitaldeasturias.com\\\/magazine365\\\/category\\\/actualidad-turismo\\\/\",\"nextItem\":{\"@type\":\"ListItem\",\"@id\":\"https:\\\/\\\/eldigitaldeasturias.com\\\/magazine365\\\/la-ceav-ve-un-grave-perjuicio-en-el-recargo-por-reserva-en-gds-de-lufthansa\\\/#listItem\",\"name\":\"La CEAV ve un \\u00abgrave perjuicio\\u00bb en el recargo por reserva en GDS de Lufthansa\"},\"previousItem\":{\"@type\":\"ListItem\",\"@id\":\"https:\\\/\\\/eldigitaldeasturias.com\\\/magazine365#listItem\",\"name\":\"Home\"}},{\"@type\":\"ListItem\",\"@id\":\"https:\\\/\\\/eldigitaldeasturias.com\\\/magazine365\\\/la-ceav-ve-un-grave-perjuicio-en-el-recargo-por-reserva-en-gds-de-lufthansa\\\/#listItem\",\"position\":3,\"name\":\"La CEAV ve un \\u00abgrave perjuicio\\u00bb en el recargo por reserva en GDS de Lufthansa\",\"previousItem\":{\"@type\":\"ListItem\",\"@id\":\"https:\\\/\\\/eldigitaldeasturias.com\\\/magazine365\\\/category\\\/actualidad-turismo\\\/#listItem\",\"name\":\"Actualidad Turismo\"}}]},{\"@type\":\"Organization\",\"@id\":\"https:\\\/\\\/eldigitaldeasturias.com\\\/magazine365\\\/#organization\",\"name\":\"El digital de Asturias\",\"description\":\"Revista de ocio, turismo y estilo de vida\",\"url\":\"https:\\\/\\\/eldigitaldeasturias.com\\\/magazine365\\\/\",\"logo\":{\"@type\":\"ImageObject\",\"url\":\"https:\\\/\\\/www.eldigitaldeasturias.com\\\/noticias\\\/wp-content\\\/uploads\\\/2020\\\/12\\\/EDA.jpg\",\"@id\":\"https:\\\/\\\/eldigitaldeasturias.com\\\/magazine365\\\/la-ceav-ve-un-grave-perjuicio-en-el-recargo-por-reserva-en-gds-de-lufthansa\\\/#organizationLogo\"},\"image\":{\"@id\":\"https:\\\/\\\/eldigitaldeasturias.com\\\/magazine365\\\/la-ceav-ve-un-grave-perjuicio-en-el-recargo-por-reserva-en-gds-de-lufthansa\\\/#organizationLogo\"}},{\"@type\":\"Person\",\"@id\":\"https:\\\/\\\/eldigitaldeasturias.com\\\/magazine365\\\/author\\\/admin\\\/#author\",\"url\":\"https:\\\/\\\/eldigitaldeasturias.com\\\/magazine365\\\/author\\\/admin\\\/\",\"name\":\"admin\",\"image\":{\"@type\":\"ImageObject\",\"@id\":\"https:\\\/\\\/eldigitaldeasturias.com\\\/magazine365\\\/la-ceav-ve-un-grave-perjuicio-en-el-recargo-por-reserva-en-gds-de-lufthansa\\\/#authorImage\",\"url\":\"https:\\\/\\\/eldigitaldeasturias.com\\\/magazine365\\\/wp-content\\\/litespeed\\\/avatar\\\/e571bcf59a0edd6fa6838245a470f2fe.jpg?ver=1776969259\",\"width\":96,\"height\":96,\"caption\":\"admin\"}},{\"@type\":\"WebPage\",\"@id\":\"https:\\\/\\\/eldigitaldeasturias.com\\\/magazine365\\\/la-ceav-ve-un-grave-perjuicio-en-el-recargo-por-reserva-en-gds-de-lufthansa\\\/#webpage\",\"url\":\"https:\\\/\\\/eldigitaldeasturias.com\\\/magazine365\\\/la-ceav-ve-un-grave-perjuicio-en-el-recargo-por-reserva-en-gds-de-lufthansa\\\/\",\"name\":\"La CEAV ve un \\u00abgrave perjuicio\\u00bb en el recargo por reserva en GDS de Lufthansa | El Digital de Asturias\",\"description\":\"La Confederaci\\u00f3n Espa\\u00f1ola de Agencias de Viajes (CEAV) ha mostrado hoy su rechazo al recargo por reserva en GDS que el grupo a\\u00e9reo Lufthansa aplicar\\u00e1 a partir del pr\\u00f3ximo 1 de septiembre, una medida que supondr\\u00e1 \\\"un incremento de los costes y un grave perjuicio para los consumidores\\\". Lufthansa cobrar\\u00e1 un recargo de 16 euros\",\"inLanguage\":\"es-ES\",\"isPartOf\":{\"@id\":\"https:\\\/\\\/eldigitaldeasturias.com\\\/magazine365\\\/#website\"},\"breadcrumb\":{\"@id\":\"https:\\\/\\\/eldigitaldeasturias.com\\\/magazine365\\\/la-ceav-ve-un-grave-perjuicio-en-el-recargo-por-reserva-en-gds-de-lufthansa\\\/#breadcrumblist\"},\"author\":{\"@id\":\"https:\\\/\\\/eldigitaldeasturias.com\\\/magazine365\\\/author\\\/admin\\\/#author\"},\"creator\":{\"@id\":\"https:\\\/\\\/eldigitaldeasturias.com\\\/magazine365\\\/author\\\/admin\\\/#author\"},\"image\":{\"@type\":\"ImageObject\",\"url\":\"https:\\\/\\\/eldigitaldeasturias.com\\\/magazine365\\\/wp-content\\\/uploads\\\/2015\\\/06\\\/fotonoticia_20150609190127_800.jpg\",\"@id\":\"https:\\\/\\\/eldigitaldeasturias.com\\\/magazine365\\\/la-ceav-ve-un-grave-perjuicio-en-el-recargo-por-reserva-en-gds-de-lufthansa\\\/#mainImage\",\"width\":800,\"height\":261},\"primaryImageOfPage\":{\"@id\":\"https:\\\/\\\/eldigitaldeasturias.com\\\/magazine365\\\/la-ceav-ve-un-grave-perjuicio-en-el-recargo-por-reserva-en-gds-de-lufthansa\\\/#mainImage\"},\"datePublished\":\"2015-06-10T03:10:32+02:00\",\"dateModified\":\"2015-06-10T03:10:32+02:00\"},{\"@type\":\"WebSite\",\"@id\":\"https:\\\/\\\/eldigitaldeasturias.com\\\/magazine365\\\/#website\",\"url\":\"https:\\\/\\\/eldigitaldeasturias.com\\\/magazine365\\\/\",\"name\":\"El Digital de Asturias\",\"description\":\"Revista de ocio, turismo y estilo de vida\",\"inLanguage\":\"es-ES\",\"publisher\":{\"@id\":\"https:\\\/\\\/eldigitaldeasturias.com\\\/magazine365\\\/#organization\"}}]}\n\t\t<\/script>\n\t\t<!-- All in One SEO Pro -->\r\n\t\t<title>La CEAV ve un \u00abgrave perjuicio\u00bb en el recargo por reserva en GDS de Lufthansa | El Digital de Asturias<\/title>\n\n","aioseo_head_json":{"title":"La CEAV ve un \u00abgrave perjuicio\u00bb en el recargo por reserva en GDS de Lufthansa | El Digital de Asturias","description":"La Confederaci\u00f3n Espa\u00f1ola de Agencias de Viajes (CEAV) ha mostrado hoy su rechazo al recargo por reserva en GDS que el grupo a\u00e9reo Lufthansa aplicar\u00e1 a partir del pr\u00f3ximo 1 de septiembre, una medida que supondr\u00e1 \"un incremento de los costes y un grave perjuicio para los consumidores\". Lufthansa cobrar\u00e1 un recargo de 16 euros","canonical_url":"https:\/\/eldigitaldeasturias.com\/magazine365\/la-ceav-ve-un-grave-perjuicio-en-el-recargo-por-reserva-en-gds-de-lufthansa\/","robots":"max-image-preview:large","keywords":"actualidad turismo","webmasterTools":{"google-site-verification":"UA-38556648-1","miscellaneous":""},"schema":{"@context":"https:\/\/schema.org","@graph":[{"@type":"Article","@id":"https:\/\/eldigitaldeasturias.com\/magazine365\/la-ceav-ve-un-grave-perjuicio-en-el-recargo-por-reserva-en-gds-de-lufthansa\/#article","name":"La CEAV ve un \u00abgrave perjuicio\u00bb en el recargo por reserva en GDS de Lufthansa | El Digital de Asturias","headline":"La CEAV ve un \u00abgrave perjuicio\u00bb en el recargo por reserva en GDS de Lufthansa","author":{"@id":"https:\/\/eldigitaldeasturias.com\/magazine365\/author\/admin\/#author"},"publisher":{"@id":"https:\/\/eldigitaldeasturias.com\/magazine365\/#organization"},"image":{"@type":"ImageObject","url":"https:\/\/eldigitaldeasturias.com\/magazine365\/wp-content\/uploads\/2015\/06\/fotonoticia_20150609190127_800.jpg","width":800,"height":261},"datePublished":"2015-06-10T03:10:32+02:00","dateModified":"2015-06-10T03:10:32+02:00","inLanguage":"es-ES","mainEntityOfPage":{"@id":"https:\/\/eldigitaldeasturias.com\/magazine365\/la-ceav-ve-un-grave-perjuicio-en-el-recargo-por-reserva-en-gds-de-lufthansa\/#webpage"},"isPartOf":{"@id":"https:\/\/eldigitaldeasturias.com\/magazine365\/la-ceav-ve-un-grave-perjuicio-en-el-recargo-por-reserva-en-gds-de-lufthansa\/#webpage"},"articleSection":"Actualidad Turismo"},{"@type":"BreadcrumbList","@id":"https:\/\/eldigitaldeasturias.com\/magazine365\/la-ceav-ve-un-grave-perjuicio-en-el-recargo-por-reserva-en-gds-de-lufthansa\/#breadcrumblist","itemListElement":[{"@type":"ListItem","@id":"https:\/\/eldigitaldeasturias.com\/magazine365#listItem","position":1,"name":"Home","item":"https:\/\/eldigitaldeasturias.com\/magazine365","nextItem":{"@type":"ListItem","@id":"https:\/\/eldigitaldeasturias.com\/magazine365\/category\/actualidad-turismo\/#listItem","name":"Actualidad Turismo"}},{"@type":"ListItem","@id":"https:\/\/eldigitaldeasturias.com\/magazine365\/category\/actualidad-turismo\/#listItem","position":2,"name":"Actualidad Turismo","item":"https:\/\/eldigitaldeasturias.com\/magazine365\/category\/actualidad-turismo\/","nextItem":{"@type":"ListItem","@id":"https:\/\/eldigitaldeasturias.com\/magazine365\/la-ceav-ve-un-grave-perjuicio-en-el-recargo-por-reserva-en-gds-de-lufthansa\/#listItem","name":"La CEAV ve un \u00abgrave perjuicio\u00bb en el recargo por reserva en GDS de Lufthansa"},"previousItem":{"@type":"ListItem","@id":"https:\/\/eldigitaldeasturias.com\/magazine365#listItem","name":"Home"}},{"@type":"ListItem","@id":"https:\/\/eldigitaldeasturias.com\/magazine365\/la-ceav-ve-un-grave-perjuicio-en-el-recargo-por-reserva-en-gds-de-lufthansa\/#listItem","position":3,"name":"La CEAV ve un \u00abgrave perjuicio\u00bb en el recargo por reserva en GDS de Lufthansa","previousItem":{"@type":"ListItem","@id":"https:\/\/eldigitaldeasturias.com\/magazine365\/category\/actualidad-turismo\/#listItem","name":"Actualidad Turismo"}}]},{"@type":"Organization","@id":"https:\/\/eldigitaldeasturias.com\/magazine365\/#organization","name":"El digital de Asturias","description":"Revista de ocio, turismo y estilo de vida","url":"https:\/\/eldigitaldeasturias.com\/magazine365\/","logo":{"@type":"ImageObject","url":"https:\/\/www.eldigitaldeasturias.com\/noticias\/wp-content\/uploads\/2020\/12\/EDA.jpg","@id":"https:\/\/eldigitaldeasturias.com\/magazine365\/la-ceav-ve-un-grave-perjuicio-en-el-recargo-por-reserva-en-gds-de-lufthansa\/#organizationLogo"},"image":{"@id":"https:\/\/eldigitaldeasturias.com\/magazine365\/la-ceav-ve-un-grave-perjuicio-en-el-recargo-por-reserva-en-gds-de-lufthansa\/#organizationLogo"}},{"@type":"Person","@id":"https:\/\/eldigitaldeasturias.com\/magazine365\/author\/admin\/#author","url":"https:\/\/eldigitaldeasturias.com\/magazine365\/author\/admin\/","name":"admin","image":{"@type":"ImageObject","@id":"https:\/\/eldigitaldeasturias.com\/magazine365\/la-ceav-ve-un-grave-perjuicio-en-el-recargo-por-reserva-en-gds-de-lufthansa\/#authorImage","url":"https:\/\/eldigitaldeasturias.com\/magazine365\/wp-content\/litespeed\/avatar\/e571bcf59a0edd6fa6838245a470f2fe.jpg?ver=1776969259","width":96,"height":96,"caption":"admin"}},{"@type":"WebPage","@id":"https:\/\/eldigitaldeasturias.com\/magazine365\/la-ceav-ve-un-grave-perjuicio-en-el-recargo-por-reserva-en-gds-de-lufthansa\/#webpage","url":"https:\/\/eldigitaldeasturias.com\/magazine365\/la-ceav-ve-un-grave-perjuicio-en-el-recargo-por-reserva-en-gds-de-lufthansa\/","name":"La CEAV ve un \u00abgrave perjuicio\u00bb en el recargo por reserva en GDS de Lufthansa | El Digital de Asturias","description":"La Confederaci\u00f3n Espa\u00f1ola de Agencias de Viajes (CEAV) ha mostrado hoy su rechazo al recargo por reserva en GDS que el grupo a\u00e9reo Lufthansa aplicar\u00e1 a partir del pr\u00f3ximo 1 de septiembre, una medida que supondr\u00e1 \"un incremento de los costes y un grave perjuicio para los consumidores\". Lufthansa cobrar\u00e1 un recargo de 16 euros","inLanguage":"es-ES","isPartOf":{"@id":"https:\/\/eldigitaldeasturias.com\/magazine365\/#website"},"breadcrumb":{"@id":"https:\/\/eldigitaldeasturias.com\/magazine365\/la-ceav-ve-un-grave-perjuicio-en-el-recargo-por-reserva-en-gds-de-lufthansa\/#breadcrumblist"},"author":{"@id":"https:\/\/eldigitaldeasturias.com\/magazine365\/author\/admin\/#author"},"creator":{"@id":"https:\/\/eldigitaldeasturias.com\/magazine365\/author\/admin\/#author"},"image":{"@type":"ImageObject","url":"https:\/\/eldigitaldeasturias.com\/magazine365\/wp-content\/uploads\/2015\/06\/fotonoticia_20150609190127_800.jpg","@id":"https:\/\/eldigitaldeasturias.com\/magazine365\/la-ceav-ve-un-grave-perjuicio-en-el-recargo-por-reserva-en-gds-de-lufthansa\/#mainImage","width":800,"height":261},"primaryImageOfPage":{"@id":"https:\/\/eldigitaldeasturias.com\/magazine365\/la-ceav-ve-un-grave-perjuicio-en-el-recargo-por-reserva-en-gds-de-lufthansa\/#mainImage"},"datePublished":"2015-06-10T03:10:32+02:00","dateModified":"2015-06-10T03:10:32+02:00"},{"@type":"WebSite","@id":"https:\/\/eldigitaldeasturias.com\/magazine365\/#website","url":"https:\/\/eldigitaldeasturias.com\/magazine365\/","name":"El Digital de Asturias","description":"Revista de ocio, turismo y estilo de vida","inLanguage":"es-ES","publisher":{"@id":"https:\/\/eldigitaldeasturias.com\/magazine365\/#organization"}}]},"og:locale":"es_ES","og:site_name":"El Digital de Asturias \u2013 Revista de ocio, turismo y estilo de vida","og:type":"article","og:title":"La CEAV ve un \u00abgrave perjuicio\u00bb en el recargo por reserva en GDS de Lufthansa | El Digital de Asturias","og:description":"La Confederaci\u00f3n Espa\u00f1ola de Agencias de Viajes (CEAV) ha mostrado hoy su rechazo al recargo por reserva en GDS que el grupo a\u00e9reo Lufthansa aplicar\u00e1 a partir del pr\u00f3ximo 1 de septiembre, una medida que supondr\u00e1 &quot;un incremento de los costes y un grave perjuicio para los consumidores&quot;. Lufthansa cobrar\u00e1 un recargo de 16 euros","og:url":"https:\/\/eldigitaldeasturias.com\/magazine365\/la-ceav-ve-un-grave-perjuicio-en-el-recargo-por-reserva-en-gds-de-lufthansa\/","og:image":"https:\/\/eldigitaldeasturias.com\/magazine365\/wp-content\/uploads\/2015\/06\/fotonoticia_20150609190127_800.jpg","og:image:secure_url":"https:\/\/eldigitaldeasturias.com\/magazine365\/wp-content\/uploads\/2015\/06\/fotonoticia_20150609190127_800.jpg","og:image:width":800,"og:image:height":261,"article:published_time":"2015-06-10T01:40:32+00:00","article:modified_time":"2015-06-10T01:40:32+00:00","twitter:card":"summary_large_image","twitter:title":"La CEAV ve un \u00abgrave perjuicio\u00bb en el recargo por reserva en GDS de Lufthansa | El Digital de Asturias","twitter:description":"La Confederaci\u00f3n Espa\u00f1ola de Agencias de Viajes (CEAV) ha mostrado hoy su rechazo al recargo por reserva en GDS que el grupo a\u00e9reo Lufthansa aplicar\u00e1 a partir del pr\u00f3ximo 1 de septiembre, una medida que supondr\u00e1 &quot;un incremento de los costes y un grave perjuicio para los consumidores&quot;. Lufthansa cobrar\u00e1 un recargo de 16 euros","twitter:image":"https:\/\/eldigitaldeasturias.com\/magazine365\/wp-content\/uploads\/2015\/06\/fotonoticia_20150609190127_800.jpg"},"aioseo_meta_data":{"post_id":"39397","title":null,"description":null,"keywords":null,"keyphrases":null,"primary_term":null,"canonical_url":null,"og_title":null,"og_description":null,"og_object_type":"default","og_image_type":"default","og_image_url":null,"og_image_width":null,"og_image_height":null,"og_image_custom_url":null,"og_image_custom_fields":null,"og_video":null,"og_custom_url":null,"og_article_section":null,"og_article_tags":null,"twitter_use_og":false,"twitter_card":"default","twitter_image_type":"default","twitter_image_url":null,"twitter_image_custom_url":null,"twitter_image_custom_fields":null,"twitter_title":null,"twitter_description":null,"schema":{"blockGraphs":[],"customGraphs":[],"default":{"data":{"Article":[],"Course":[],"Dataset":[],"FAQPage":[],"Movie":[],"Person":[],"Product":[],"ProductReview":[],"Car":[],"Recipe":[],"Service":[],"SoftwareApplication":[],"WebPage":[]},"graphName":"","isEnabled":true},"graphs":[],"defaultGraph":"","defaultPostTypeGraph":""},"schema_type":null,"schema_type_options":null,"pillar_content":false,"robots_default":true,"robots_noindex":false,"robots_noarchive":false,"robots_nosnippet":false,"robots_nofollow":false,"robots_noimageindex":false,"robots_noodp":false,"robots_notranslate":false,"robots_max_snippet":null,"robots_max_videopreview":null,"robots_max_imagepreview":"large","priority":null,"frequency":null,"location":null,"local_seo":null,"seo_analyzer_scan_date":"2025-09-19 11:30:12","breadcrumb_settings":null,"limit_modified_date":false,"open_ai":null,"ai":null,"created":"2021-03-09 02:41:54","updated":"2025-09-19 11:30:12"},"aioseo_breadcrumb":"<div class=\"aioseo-breadcrumbs\"><span class=\"aioseo-breadcrumb\">\n\t<a href=\"https:\/\/eldigitaldeasturias.com\/magazine365\" title=\"Home\">Home<\/a>\n<\/span><span class=\"aioseo-breadcrumb-separator\">\u2013<\/span><span class=\"aioseo-breadcrumb\">\n\t<a href=\"https:\/\/eldigitaldeasturias.com\/magazine365\/category\/actualidad-turismo\/\" title=\"Actualidad Turismo\">Actualidad Turismo<\/a>\n<\/span><span class=\"aioseo-breadcrumb-separator\">\u2013<\/span><span class=\"aioseo-breadcrumb\">\n\t<a href=\"https:\/\/eldigitaldeasturias.com\/magazine365\/la-ceav-ve-un-grave-perjuicio-en-el-recargo-por-reserva-en-gds-de-lufthansa\/\" title=\"La CEAV ve un \u00abgrave perjuicio\u00bb en el recargo por reserva en GDS de Lufthansa\">La CEAV ve un \u00abgrave perjuicio\u00bb en el recargo por reserva en GDS de Lufthansa<\/a>\n<\/span><\/div>","aioseo_breadcrumb_json":[{"label":"Home","link":"https:\/\/eldigitaldeasturias.com\/magazine365"},{"label":"Actualidad Turismo","link":"https:\/\/eldigitaldeasturias.com\/magazine365\/category\/actualidad-turismo\/"},{"label":"La CEAV ve un \u00abgrave perjuicio\u00bb en el recargo por reserva en GDS de Lufthansa","link":"https:\/\/eldigitaldeasturias.com\/magazine365\/la-ceav-ve-un-grave-perjuicio-en-el-recargo-por-reserva-en-gds-de-lufthansa\/"}],"_links":{"self":[{"href":"https:\/\/eldigitaldeasturias.com\/magazine365\/wp-json\/wp\/v2\/posts\/39397","targetHints":{"allow":["GET"]}}],"collection":[{"href":"https:\/\/eldigitaldeasturias.com\/magazine365\/wp-json\/wp\/v2\/posts"}],"about":[{"href":"https:\/\/eldigitaldeasturias.com\/magazine365\/wp-json\/wp\/v2\/types\/post"}],"author":[{"embeddable":true,"href":"https:\/\/eldigitaldeasturias.com\/magazine365\/wp-json\/wp\/v2\/users\/1"}],"replies":[{"embeddable":true,"href":"https:\/\/eldigitaldeasturias.com\/magazine365\/wp-json\/wp\/v2\/comments?post=39397"}],"version-history":[{"count":0,"href":"https:\/\/eldigitaldeasturias.com\/magazine365\/wp-json\/wp\/v2\/posts\/39397\/revisions"}],"wp:featuredmedia":[{"embeddable":true,"href":"https:\/\/eldigitaldeasturias.com\/magazine365\/wp-json\/wp\/v2\/media\/39398"}],"wp:attachment":[{"href":"https:\/\/eldigitaldeasturias.com\/magazine365\/wp-json\/wp\/v2\/media?parent=39397"}],"wp:term":[{"taxonomy":"category","embeddable":true,"href":"https:\/\/eldigitaldeasturias.com\/magazine365\/wp-json\/wp\/v2\/categories?post=39397"},{"taxonomy":"post_tag","embeddable":true,"href":"https:\/\/eldigitaldeasturias.com\/magazine365\/wp-json\/wp\/v2\/tags?post=39397"}],"curies":[{"name":"wp","href":"https:\/\/api.w.org\/{rel}","templated":true}]}}