{"id":39388,"date":"2015-06-10T02:58:58","date_gmt":"2015-06-10T01:28:58","guid":{"rendered":"http:\/\/eldigitaldeasturias.com\/magazine365\/?p=39388"},"modified":"2015-06-10T02:58:58","modified_gmt":"2015-06-10T01:28:58","slug":"la-ruta-del-vino-rias-baixas-se-promociona-en-vigo","status":"publish","type":"post","link":"https:\/\/eldigitaldeasturias.com\/magazine365\/la-ruta-del-vino-rias-baixas-se-promociona-en-vigo\/","title":{"rendered":"La Ruta del Vino R\u00edas Baixas se promociona en Vigo"},"content":{"rendered":"<p><img fetchpriority=\"high\" decoding=\"async\" class=\"alignleft size-medium wp-image-39389\" src=\"https:\/\/eldigitaldeasturias.com\/magazine365\/wp-content\/uploads\/2015\/06\/fotonoticia_20150609182542_800-360x203.jpg\" alt=\"fotonoticia_20150609182542_800\" width=\"360\" height=\"203\" srcset=\"https:\/\/eldigitaldeasturias.com\/magazine365\/wp-content\/uploads\/2015\/06\/fotonoticia_20150609182542_800-360x203.jpg 360w, https:\/\/eldigitaldeasturias.com\/magazine365\/wp-content\/uploads\/2015\/06\/fotonoticia_20150609182542_800-650x366.jpg 650w, https:\/\/eldigitaldeasturias.com\/magazine365\/wp-content\/uploads\/2015\/06\/fotonoticia_20150609182542_800-768x432.jpg 768w, https:\/\/eldigitaldeasturias.com\/magazine365\/wp-content\/uploads\/2015\/06\/fotonoticia_20150609182542_800-150x84.jpg 150w, https:\/\/eldigitaldeasturias.com\/magazine365\/wp-content\/uploads\/2015\/06\/fotonoticia_20150609182542_800-450x253.jpg 450w, https:\/\/eldigitaldeasturias.com\/magazine365\/wp-content\/uploads\/2015\/06\/fotonoticia_20150609182542_800-696x392.jpg 696w, https:\/\/eldigitaldeasturias.com\/magazine365\/wp-content\/uploads\/2015\/06\/fotonoticia_20150609182542_800-747x420.jpg 747w, https:\/\/eldigitaldeasturias.com\/magazine365\/wp-content\/uploads\/2015\/06\/fotonoticia_20150609182542_800-499x280.jpg 499w, https:\/\/eldigitaldeasturias.com\/magazine365\/wp-content\/uploads\/2015\/06\/fotonoticia_20150609182542_800.jpg 800w\" sizes=\"(max-width: 360px) 100vw, 360px\" \/>La Ruta del Vino R\u00edas Baixas ha puesto en marcha una iniciativa de promoci\u00f3n consistente en ubicar pantallas digitales t\u00e1ctiles en \u00ablos seis principales hoteles\u00bb de la ciudad de Vigo, desde donde los visitantes podr\u00e1n acceder a informaci\u00f3n sobre esta ruta enotur\u00edstica.<\/p>\n<p>Esta acci\u00f3n publicitaria ha sido presentada este martes por el presidente de la Ruta del Vino R\u00edas Baixas, Juan Gil de Araujo y el gerente de Infotactile R\u00edas Baixas, V\u00edctor Sarmiento, en el hotel AC Palacio Universal, uno de los participantes junto a los hoteles Bah\u00eda de Vigo, Ciudad de Vigo, Axis, Zenit Vigo y Trip Los Galones.<\/p>\n<p>A trav\u00e9s de los paneles, se accede a las subcategor\u00edas de las cuatro subzonas de la Ruta del Vino R\u00edas Baixas: Val do Saln\u00e9s, O Rosal, Condado de Tea y Ribeira do Ulla. Sobre esta cuesti\u00f3n, Gil aclar\u00f3 que si bien \u00abla Denominaci\u00f3n de Origen R\u00edas Baixas cuenta con cinco subzonas, teniendo a mayores Soutomaior, dentro de la Ruta del Vino solo se encuentran estas cuatro.<\/p>\n<p>A su vez, dentro de cada subcategor\u00eda se podr\u00e1 consultar informaci\u00f3n sobre las bodegas asociadas visitables, sobre los alojamientos y restaurantes, sobre los puntos de inter\u00e9s tur\u00edstico y sobre las actividades de ocio.<\/p>\n<p>Estas pantallas, que pretenden instalar en m\u00e1s sitios si el presupuesto lo permite, son accesibles en seis idiomas y toda la informaci\u00f3n puede ser copiada por los usuarios en un c\u00f3digo QR y es accesible a trav\u00e9s de las redes sociales.<\/p>\n","protected":false},"excerpt":{"rendered":"<p>La Ruta del Vino R\u00edas Baixas ha puesto en marcha una iniciativa de promoci\u00f3n consistente en ubicar pantallas digitales t\u00e1ctiles en \u00ablos seis principales hoteles\u00bb de la ciudad de Vigo, desde donde los visitantes podr\u00e1n acceder a informaci\u00f3n sobre esta ruta enotur\u00edstica. Esta acci\u00f3n publicitaria ha sido presentada este martes por el presidente de la<\/p>\n","protected":false},"author":1,"featured_media":39389,"comment_status":"open","ping_status":"closed","sticky":false,"template":"","format":"standard","meta":{"footnotes":""},"categories":[224],"tags":[],"class_list":{"0":"post-39388","1":"post","2":"type-post","3":"status-publish","4":"format-standard","5":"has-post-thumbnail","7":"category-noticias-actualidad"},"aioseo_notices":[],"aioseo_head":"\n\t\t<!-- All in One SEO Pro 4.9.6.1 - aioseo.com -->\n\t<meta name=\"description\" content=\"La Ruta del Vino R\u00edas Baixas ha puesto en marcha una iniciativa de promoci\u00f3n consistente en ubicar pantallas digitales t\u00e1ctiles en &quot;los seis principales hoteles&quot; de la ciudad de Vigo, desde donde los visitantes podr\u00e1n acceder a informaci\u00f3n sobre esta ruta enotur\u00edstica. Esta acci\u00f3n publicitaria ha sido presentada este martes por el presidente de la\" \/>\n\t<meta name=\"robots\" content=\"max-image-preview:large\" \/>\n\t<meta name=\"author\" content=\"admin\"\/>\n\t<meta name=\"google-site-verification\" content=\"UA-38556648-1\" \/>\n\t<meta name=\"keywords\" content=\"noticias y actualidad\" \/>\n\t<link rel=\"canonical\" href=\"https:\/\/eldigitaldeasturias.com\/magazine365\/la-ruta-del-vino-rias-baixas-se-promociona-en-vigo\/\" \/>\n\t<meta name=\"generator\" content=\"All in One SEO Pro (AIOSEO) 4.9.6.1\" \/>\n\t\t<meta property=\"og:locale\" content=\"es_ES\" \/>\n\t\t<meta property=\"og:site_name\" content=\"El Digital de Asturias \u2013 Revista de ocio, turismo y estilo de vida\" \/>\n\t\t<meta property=\"og:type\" content=\"article\" \/>\n\t\t<meta property=\"og:title\" content=\"La Ruta del Vino R\u00edas Baixas se promociona en Vigo | El Digital de Asturias\" \/>\n\t\t<meta property=\"og:description\" content=\"La Ruta del Vino R\u00edas Baixas ha puesto en marcha una iniciativa de promoci\u00f3n consistente en ubicar pantallas digitales t\u00e1ctiles en &quot;los seis principales hoteles&quot; de la ciudad de Vigo, desde donde los visitantes podr\u00e1n acceder a informaci\u00f3n sobre esta ruta enotur\u00edstica. Esta acci\u00f3n publicitaria ha sido presentada este martes por el presidente de la\" \/>\n\t\t<meta property=\"og:url\" content=\"https:\/\/eldigitaldeasturias.com\/magazine365\/la-ruta-del-vino-rias-baixas-se-promociona-en-vigo\/\" \/>\n\t\t<meta property=\"og:image\" content=\"https:\/\/eldigitaldeasturias.com\/magazine365\/wp-content\/uploads\/2015\/06\/fotonoticia_20150609182542_800.jpg\" \/>\n\t\t<meta property=\"og:image:secure_url\" content=\"https:\/\/eldigitaldeasturias.com\/magazine365\/wp-content\/uploads\/2015\/06\/fotonoticia_20150609182542_800.jpg\" \/>\n\t\t<meta property=\"og:image:width\" content=\"800\" \/>\n\t\t<meta property=\"og:image:height\" content=\"450\" \/>\n\t\t<meta property=\"article:published_time\" content=\"2015-06-10T01:28:58+00:00\" \/>\n\t\t<meta property=\"article:modified_time\" content=\"2015-06-10T01:28:58+00:00\" \/>\n\t\t<meta name=\"twitter:card\" content=\"summary_large_image\" \/>\n\t\t<meta name=\"twitter:title\" content=\"La Ruta del Vino R\u00edas Baixas se promociona en Vigo | El Digital de Asturias\" \/>\n\t\t<meta name=\"twitter:description\" content=\"La Ruta del Vino R\u00edas Baixas ha puesto en marcha una iniciativa de promoci\u00f3n consistente en ubicar pantallas digitales t\u00e1ctiles en &quot;los seis principales hoteles&quot; de la ciudad de Vigo, desde donde los visitantes podr\u00e1n acceder a informaci\u00f3n sobre esta ruta enotur\u00edstica. Esta acci\u00f3n publicitaria ha sido presentada este martes por el presidente de la\" \/>\n\t\t<meta name=\"twitter:image\" content=\"https:\/\/eldigitaldeasturias.com\/magazine365\/wp-content\/uploads\/2015\/06\/fotonoticia_20150609182542_800.jpg\" \/>\n\t\t<script type=\"application\/ld+json\" class=\"aioseo-schema\">\n\t\t\t{\"@context\":\"https:\\\/\\\/schema.org\",\"@graph\":[{\"@type\":\"Article\",\"@id\":\"https:\\\/\\\/eldigitaldeasturias.com\\\/magazine365\\\/la-ruta-del-vino-rias-baixas-se-promociona-en-vigo\\\/#article\",\"name\":\"La Ruta del Vino R\\u00edas Baixas se promociona en Vigo | El Digital de Asturias\",\"headline\":\"La Ruta del Vino R\\u00edas Baixas se promociona en Vigo\",\"author\":{\"@id\":\"https:\\\/\\\/eldigitaldeasturias.com\\\/magazine365\\\/author\\\/admin\\\/#author\"},\"publisher\":{\"@id\":\"https:\\\/\\\/eldigitaldeasturias.com\\\/magazine365\\\/#organization\"},\"image\":{\"@type\":\"ImageObject\",\"url\":\"https:\\\/\\\/eldigitaldeasturias.com\\\/magazine365\\\/wp-content\\\/uploads\\\/2015\\\/06\\\/fotonoticia_20150609182542_800.jpg\",\"width\":800,\"height\":450},\"datePublished\":\"2015-06-10T02:58:58+02:00\",\"dateModified\":\"2015-06-10T02:58:58+02:00\",\"inLanguage\":\"es-ES\",\"mainEntityOfPage\":{\"@id\":\"https:\\\/\\\/eldigitaldeasturias.com\\\/magazine365\\\/la-ruta-del-vino-rias-baixas-se-promociona-en-vigo\\\/#webpage\"},\"isPartOf\":{\"@id\":\"https:\\\/\\\/eldigitaldeasturias.com\\\/magazine365\\\/la-ruta-del-vino-rias-baixas-se-promociona-en-vigo\\\/#webpage\"},\"articleSection\":\"Noticias y Actualidad\"},{\"@type\":\"BreadcrumbList\",\"@id\":\"https:\\\/\\\/eldigitaldeasturias.com\\\/magazine365\\\/la-ruta-del-vino-rias-baixas-se-promociona-en-vigo\\\/#breadcrumblist\",\"itemListElement\":[{\"@type\":\"ListItem\",\"@id\":\"https:\\\/\\\/eldigitaldeasturias.com\\\/magazine365#listItem\",\"position\":1,\"name\":\"Home\",\"item\":\"https:\\\/\\\/eldigitaldeasturias.com\\\/magazine365\",\"nextItem\":{\"@type\":\"ListItem\",\"@id\":\"https:\\\/\\\/eldigitaldeasturias.com\\\/magazine365\\\/category\\\/noticias-actualidad\\\/#listItem\",\"name\":\"Noticias y Actualidad\"}},{\"@type\":\"ListItem\",\"@id\":\"https:\\\/\\\/eldigitaldeasturias.com\\\/magazine365\\\/category\\\/noticias-actualidad\\\/#listItem\",\"position\":2,\"name\":\"Noticias y Actualidad\",\"item\":\"https:\\\/\\\/eldigitaldeasturias.com\\\/magazine365\\\/category\\\/noticias-actualidad\\\/\",\"nextItem\":{\"@type\":\"ListItem\",\"@id\":\"https:\\\/\\\/eldigitaldeasturias.com\\\/magazine365\\\/la-ruta-del-vino-rias-baixas-se-promociona-en-vigo\\\/#listItem\",\"name\":\"La Ruta del Vino R\\u00edas Baixas se promociona en Vigo\"},\"previousItem\":{\"@type\":\"ListItem\",\"@id\":\"https:\\\/\\\/eldigitaldeasturias.com\\\/magazine365#listItem\",\"name\":\"Home\"}},{\"@type\":\"ListItem\",\"@id\":\"https:\\\/\\\/eldigitaldeasturias.com\\\/magazine365\\\/la-ruta-del-vino-rias-baixas-se-promociona-en-vigo\\\/#listItem\",\"position\":3,\"name\":\"La Ruta del Vino R\\u00edas Baixas se promociona en Vigo\",\"previousItem\":{\"@type\":\"ListItem\",\"@id\":\"https:\\\/\\\/eldigitaldeasturias.com\\\/magazine365\\\/category\\\/noticias-actualidad\\\/#listItem\",\"name\":\"Noticias y Actualidad\"}}]},{\"@type\":\"Organization\",\"@id\":\"https:\\\/\\\/eldigitaldeasturias.com\\\/magazine365\\\/#organization\",\"name\":\"El digital de Asturias\",\"description\":\"Revista de ocio, turismo y estilo de vida\",\"url\":\"https:\\\/\\\/eldigitaldeasturias.com\\\/magazine365\\\/\",\"logo\":{\"@type\":\"ImageObject\",\"url\":\"https:\\\/\\\/www.eldigitaldeasturias.com\\\/noticias\\\/wp-content\\\/uploads\\\/2020\\\/12\\\/EDA.jpg\",\"@id\":\"https:\\\/\\\/eldigitaldeasturias.com\\\/magazine365\\\/la-ruta-del-vino-rias-baixas-se-promociona-en-vigo\\\/#organizationLogo\"},\"image\":{\"@id\":\"https:\\\/\\\/eldigitaldeasturias.com\\\/magazine365\\\/la-ruta-del-vino-rias-baixas-se-promociona-en-vigo\\\/#organizationLogo\"}},{\"@type\":\"Person\",\"@id\":\"https:\\\/\\\/eldigitaldeasturias.com\\\/magazine365\\\/author\\\/admin\\\/#author\",\"url\":\"https:\\\/\\\/eldigitaldeasturias.com\\\/magazine365\\\/author\\\/admin\\\/\",\"name\":\"admin\",\"image\":{\"@type\":\"ImageObject\",\"@id\":\"https:\\\/\\\/eldigitaldeasturias.com\\\/magazine365\\\/la-ruta-del-vino-rias-baixas-se-promociona-en-vigo\\\/#authorImage\",\"url\":\"https:\\\/\\\/eldigitaldeasturias.com\\\/magazine365\\\/wp-content\\\/litespeed\\\/avatar\\\/e571bcf59a0edd6fa6838245a470f2fe.jpg?ver=1776969259\",\"width\":96,\"height\":96,\"caption\":\"admin\"}},{\"@type\":\"WebPage\",\"@id\":\"https:\\\/\\\/eldigitaldeasturias.com\\\/magazine365\\\/la-ruta-del-vino-rias-baixas-se-promociona-en-vigo\\\/#webpage\",\"url\":\"https:\\\/\\\/eldigitaldeasturias.com\\\/magazine365\\\/la-ruta-del-vino-rias-baixas-se-promociona-en-vigo\\\/\",\"name\":\"La Ruta del Vino R\\u00edas Baixas se promociona en Vigo | El Digital de Asturias\",\"description\":\"La Ruta del Vino R\\u00edas Baixas ha puesto en marcha una iniciativa de promoci\\u00f3n consistente en ubicar pantallas digitales t\\u00e1ctiles en \\\"los seis principales hoteles\\\" de la ciudad de Vigo, desde donde los visitantes podr\\u00e1n acceder a informaci\\u00f3n sobre esta ruta enotur\\u00edstica. Esta acci\\u00f3n publicitaria ha sido presentada este martes por el presidente de la\",\"inLanguage\":\"es-ES\",\"isPartOf\":{\"@id\":\"https:\\\/\\\/eldigitaldeasturias.com\\\/magazine365\\\/#website\"},\"breadcrumb\":{\"@id\":\"https:\\\/\\\/eldigitaldeasturias.com\\\/magazine365\\\/la-ruta-del-vino-rias-baixas-se-promociona-en-vigo\\\/#breadcrumblist\"},\"author\":{\"@id\":\"https:\\\/\\\/eldigitaldeasturias.com\\\/magazine365\\\/author\\\/admin\\\/#author\"},\"creator\":{\"@id\":\"https:\\\/\\\/eldigitaldeasturias.com\\\/magazine365\\\/author\\\/admin\\\/#author\"},\"image\":{\"@type\":\"ImageObject\",\"url\":\"https:\\\/\\\/eldigitaldeasturias.com\\\/magazine365\\\/wp-content\\\/uploads\\\/2015\\\/06\\\/fotonoticia_20150609182542_800.jpg\",\"@id\":\"https:\\\/\\\/eldigitaldeasturias.com\\\/magazine365\\\/la-ruta-del-vino-rias-baixas-se-promociona-en-vigo\\\/#mainImage\",\"width\":800,\"height\":450},\"primaryImageOfPage\":{\"@id\":\"https:\\\/\\\/eldigitaldeasturias.com\\\/magazine365\\\/la-ruta-del-vino-rias-baixas-se-promociona-en-vigo\\\/#mainImage\"},\"datePublished\":\"2015-06-10T02:58:58+02:00\",\"dateModified\":\"2015-06-10T02:58:58+02:00\"},{\"@type\":\"WebSite\",\"@id\":\"https:\\\/\\\/eldigitaldeasturias.com\\\/magazine365\\\/#website\",\"url\":\"https:\\\/\\\/eldigitaldeasturias.com\\\/magazine365\\\/\",\"name\":\"El Digital de Asturias\",\"description\":\"Revista de ocio, turismo y estilo de vida\",\"inLanguage\":\"es-ES\",\"publisher\":{\"@id\":\"https:\\\/\\\/eldigitaldeasturias.com\\\/magazine365\\\/#organization\"}}]}\n\t\t<\/script>\n\t\t<!-- All in One SEO Pro -->\r\n\t\t<title>La Ruta del Vino R\u00edas Baixas se promociona en Vigo | El Digital de Asturias<\/title>\n\n","aioseo_head_json":{"title":"La Ruta del Vino R\u00edas Baixas se promociona en Vigo | El Digital de Asturias","description":"La Ruta del Vino R\u00edas Baixas ha puesto en marcha una iniciativa de promoci\u00f3n consistente en ubicar pantallas digitales t\u00e1ctiles en \"los seis principales hoteles\" de la ciudad de Vigo, desde donde los visitantes podr\u00e1n acceder a informaci\u00f3n sobre esta ruta enotur\u00edstica. Esta acci\u00f3n publicitaria ha sido presentada este martes por el presidente de la","canonical_url":"https:\/\/eldigitaldeasturias.com\/magazine365\/la-ruta-del-vino-rias-baixas-se-promociona-en-vigo\/","robots":"max-image-preview:large","keywords":"noticias y actualidad","webmasterTools":{"google-site-verification":"UA-38556648-1","miscellaneous":""},"schema":{"@context":"https:\/\/schema.org","@graph":[{"@type":"Article","@id":"https:\/\/eldigitaldeasturias.com\/magazine365\/la-ruta-del-vino-rias-baixas-se-promociona-en-vigo\/#article","name":"La Ruta del Vino R\u00edas Baixas se promociona en Vigo | El Digital de Asturias","headline":"La Ruta del Vino R\u00edas Baixas se promociona en Vigo","author":{"@id":"https:\/\/eldigitaldeasturias.com\/magazine365\/author\/admin\/#author"},"publisher":{"@id":"https:\/\/eldigitaldeasturias.com\/magazine365\/#organization"},"image":{"@type":"ImageObject","url":"https:\/\/eldigitaldeasturias.com\/magazine365\/wp-content\/uploads\/2015\/06\/fotonoticia_20150609182542_800.jpg","width":800,"height":450},"datePublished":"2015-06-10T02:58:58+02:00","dateModified":"2015-06-10T02:58:58+02:00","inLanguage":"es-ES","mainEntityOfPage":{"@id":"https:\/\/eldigitaldeasturias.com\/magazine365\/la-ruta-del-vino-rias-baixas-se-promociona-en-vigo\/#webpage"},"isPartOf":{"@id":"https:\/\/eldigitaldeasturias.com\/magazine365\/la-ruta-del-vino-rias-baixas-se-promociona-en-vigo\/#webpage"},"articleSection":"Noticias y Actualidad"},{"@type":"BreadcrumbList","@id":"https:\/\/eldigitaldeasturias.com\/magazine365\/la-ruta-del-vino-rias-baixas-se-promociona-en-vigo\/#breadcrumblist","itemListElement":[{"@type":"ListItem","@id":"https:\/\/eldigitaldeasturias.com\/magazine365#listItem","position":1,"name":"Home","item":"https:\/\/eldigitaldeasturias.com\/magazine365","nextItem":{"@type":"ListItem","@id":"https:\/\/eldigitaldeasturias.com\/magazine365\/category\/noticias-actualidad\/#listItem","name":"Noticias y Actualidad"}},{"@type":"ListItem","@id":"https:\/\/eldigitaldeasturias.com\/magazine365\/category\/noticias-actualidad\/#listItem","position":2,"name":"Noticias y Actualidad","item":"https:\/\/eldigitaldeasturias.com\/magazine365\/category\/noticias-actualidad\/","nextItem":{"@type":"ListItem","@id":"https:\/\/eldigitaldeasturias.com\/magazine365\/la-ruta-del-vino-rias-baixas-se-promociona-en-vigo\/#listItem","name":"La Ruta del Vino R\u00edas Baixas se promociona en Vigo"},"previousItem":{"@type":"ListItem","@id":"https:\/\/eldigitaldeasturias.com\/magazine365#listItem","name":"Home"}},{"@type":"ListItem","@id":"https:\/\/eldigitaldeasturias.com\/magazine365\/la-ruta-del-vino-rias-baixas-se-promociona-en-vigo\/#listItem","position":3,"name":"La Ruta del Vino R\u00edas Baixas se promociona en Vigo","previousItem":{"@type":"ListItem","@id":"https:\/\/eldigitaldeasturias.com\/magazine365\/category\/noticias-actualidad\/#listItem","name":"Noticias y Actualidad"}}]},{"@type":"Organization","@id":"https:\/\/eldigitaldeasturias.com\/magazine365\/#organization","name":"El digital de Asturias","description":"Revista de ocio, turismo y estilo de vida","url":"https:\/\/eldigitaldeasturias.com\/magazine365\/","logo":{"@type":"ImageObject","url":"https:\/\/www.eldigitaldeasturias.com\/noticias\/wp-content\/uploads\/2020\/12\/EDA.jpg","@id":"https:\/\/eldigitaldeasturias.com\/magazine365\/la-ruta-del-vino-rias-baixas-se-promociona-en-vigo\/#organizationLogo"},"image":{"@id":"https:\/\/eldigitaldeasturias.com\/magazine365\/la-ruta-del-vino-rias-baixas-se-promociona-en-vigo\/#organizationLogo"}},{"@type":"Person","@id":"https:\/\/eldigitaldeasturias.com\/magazine365\/author\/admin\/#author","url":"https:\/\/eldigitaldeasturias.com\/magazine365\/author\/admin\/","name":"admin","image":{"@type":"ImageObject","@id":"https:\/\/eldigitaldeasturias.com\/magazine365\/la-ruta-del-vino-rias-baixas-se-promociona-en-vigo\/#authorImage","url":"https:\/\/eldigitaldeasturias.com\/magazine365\/wp-content\/litespeed\/avatar\/e571bcf59a0edd6fa6838245a470f2fe.jpg?ver=1776969259","width":96,"height":96,"caption":"admin"}},{"@type":"WebPage","@id":"https:\/\/eldigitaldeasturias.com\/magazine365\/la-ruta-del-vino-rias-baixas-se-promociona-en-vigo\/#webpage","url":"https:\/\/eldigitaldeasturias.com\/magazine365\/la-ruta-del-vino-rias-baixas-se-promociona-en-vigo\/","name":"La Ruta del Vino R\u00edas Baixas se promociona en Vigo | El Digital de Asturias","description":"La Ruta del Vino R\u00edas Baixas ha puesto en marcha una iniciativa de promoci\u00f3n consistente en ubicar pantallas digitales t\u00e1ctiles en \"los seis principales hoteles\" de la ciudad de Vigo, desde donde los visitantes podr\u00e1n acceder a informaci\u00f3n sobre esta ruta enotur\u00edstica. Esta acci\u00f3n publicitaria ha sido presentada este martes por el presidente de la","inLanguage":"es-ES","isPartOf":{"@id":"https:\/\/eldigitaldeasturias.com\/magazine365\/#website"},"breadcrumb":{"@id":"https:\/\/eldigitaldeasturias.com\/magazine365\/la-ruta-del-vino-rias-baixas-se-promociona-en-vigo\/#breadcrumblist"},"author":{"@id":"https:\/\/eldigitaldeasturias.com\/magazine365\/author\/admin\/#author"},"creator":{"@id":"https:\/\/eldigitaldeasturias.com\/magazine365\/author\/admin\/#author"},"image":{"@type":"ImageObject","url":"https:\/\/eldigitaldeasturias.com\/magazine365\/wp-content\/uploads\/2015\/06\/fotonoticia_20150609182542_800.jpg","@id":"https:\/\/eldigitaldeasturias.com\/magazine365\/la-ruta-del-vino-rias-baixas-se-promociona-en-vigo\/#mainImage","width":800,"height":450},"primaryImageOfPage":{"@id":"https:\/\/eldigitaldeasturias.com\/magazine365\/la-ruta-del-vino-rias-baixas-se-promociona-en-vigo\/#mainImage"},"datePublished":"2015-06-10T02:58:58+02:00","dateModified":"2015-06-10T02:58:58+02:00"},{"@type":"WebSite","@id":"https:\/\/eldigitaldeasturias.com\/magazine365\/#website","url":"https:\/\/eldigitaldeasturias.com\/magazine365\/","name":"El Digital de Asturias","description":"Revista de ocio, turismo y estilo de vida","inLanguage":"es-ES","publisher":{"@id":"https:\/\/eldigitaldeasturias.com\/magazine365\/#organization"}}]},"og:locale":"es_ES","og:site_name":"El Digital de Asturias \u2013 Revista de ocio, turismo y estilo de vida","og:type":"article","og:title":"La Ruta del Vino R\u00edas Baixas se promociona en Vigo | El Digital de Asturias","og:description":"La Ruta del Vino R\u00edas Baixas ha puesto en marcha una iniciativa de promoci\u00f3n consistente en ubicar pantallas digitales t\u00e1ctiles en &quot;los seis principales hoteles&quot; de la ciudad de Vigo, desde donde los visitantes podr\u00e1n acceder a informaci\u00f3n sobre esta ruta enotur\u00edstica. Esta acci\u00f3n publicitaria ha sido presentada este martes por el presidente de la","og:url":"https:\/\/eldigitaldeasturias.com\/magazine365\/la-ruta-del-vino-rias-baixas-se-promociona-en-vigo\/","og:image":"https:\/\/eldigitaldeasturias.com\/magazine365\/wp-content\/uploads\/2015\/06\/fotonoticia_20150609182542_800.jpg","og:image:secure_url":"https:\/\/eldigitaldeasturias.com\/magazine365\/wp-content\/uploads\/2015\/06\/fotonoticia_20150609182542_800.jpg","og:image:width":800,"og:image:height":450,"article:published_time":"2015-06-10T01:28:58+00:00","article:modified_time":"2015-06-10T01:28:58+00:00","twitter:card":"summary_large_image","twitter:title":"La Ruta del Vino R\u00edas Baixas se promociona en Vigo | El Digital de Asturias","twitter:description":"La Ruta del Vino R\u00edas Baixas ha puesto en marcha una iniciativa de promoci\u00f3n consistente en ubicar pantallas digitales t\u00e1ctiles en &quot;los seis principales hoteles&quot; de la ciudad de Vigo, desde donde los visitantes podr\u00e1n acceder a informaci\u00f3n sobre esta ruta enotur\u00edstica. Esta acci\u00f3n publicitaria ha sido presentada este martes por el presidente de la","twitter:image":"https:\/\/eldigitaldeasturias.com\/magazine365\/wp-content\/uploads\/2015\/06\/fotonoticia_20150609182542_800.jpg"},"aioseo_meta_data":{"post_id":"39388","title":null,"description":null,"keywords":null,"keyphrases":null,"primary_term":null,"canonical_url":null,"og_title":null,"og_description":null,"og_object_type":"default","og_image_type":"default","og_image_url":null,"og_image_width":null,"og_image_height":null,"og_image_custom_url":null,"og_image_custom_fields":null,"og_video":null,"og_custom_url":null,"og_article_section":null,"og_article_tags":null,"twitter_use_og":false,"twitter_card":"default","twitter_image_type":"default","twitter_image_url":null,"twitter_image_custom_url":null,"twitter_image_custom_fields":null,"twitter_title":null,"twitter_description":null,"schema":{"blockGraphs":[],"customGraphs":[],"default":{"data":{"Article":[],"Course":[],"Dataset":[],"FAQPage":[],"Movie":[],"Person":[],"Product":[],"ProductReview":[],"Car":[],"Recipe":[],"Service":[],"SoftwareApplication":[],"WebPage":[]},"graphName":"","isEnabled":true},"graphs":[],"defaultGraph":"","defaultPostTypeGraph":""},"schema_type":null,"schema_type_options":null,"pillar_content":false,"robots_default":true,"robots_noindex":false,"robots_noarchive":false,"robots_nosnippet":false,"robots_nofollow":false,"robots_noimageindex":false,"robots_noodp":false,"robots_notranslate":false,"robots_max_snippet":null,"robots_max_videopreview":null,"robots_max_imagepreview":"large","priority":null,"frequency":null,"location":null,"local_seo":null,"seo_analyzer_scan_date":"2025-09-19 11:28:03","breadcrumb_settings":null,"limit_modified_date":false,"open_ai":null,"ai":null,"created":"2021-03-09 02:41:54","updated":"2025-09-19 11:28:03"},"aioseo_breadcrumb":"<div class=\"aioseo-breadcrumbs\"><span class=\"aioseo-breadcrumb\">\n\t<a href=\"https:\/\/eldigitaldeasturias.com\/magazine365\" title=\"Home\">Home<\/a>\n<\/span><span class=\"aioseo-breadcrumb-separator\">\u2013<\/span><span class=\"aioseo-breadcrumb\">\n\t<a href=\"https:\/\/eldigitaldeasturias.com\/magazine365\/category\/noticias-actualidad\/\" title=\"Noticias y Actualidad\">Noticias y Actualidad<\/a>\n<\/span><span class=\"aioseo-breadcrumb-separator\">\u2013<\/span><span class=\"aioseo-breadcrumb\">\n\t<a href=\"https:\/\/eldigitaldeasturias.com\/magazine365\/la-ruta-del-vino-rias-baixas-se-promociona-en-vigo\/\" title=\"La Ruta del Vino R\u00edas Baixas se promociona en Vigo\">La Ruta del Vino R\u00edas Baixas se promociona en Vigo<\/a>\n<\/span><\/div>","aioseo_breadcrumb_json":[{"label":"Home","link":"https:\/\/eldigitaldeasturias.com\/magazine365"},{"label":"Noticias y Actualidad","link":"https:\/\/eldigitaldeasturias.com\/magazine365\/category\/noticias-actualidad\/"},{"label":"La Ruta del Vino R\u00edas Baixas se promociona en Vigo","link":"https:\/\/eldigitaldeasturias.com\/magazine365\/la-ruta-del-vino-rias-baixas-se-promociona-en-vigo\/"}],"_links":{"self":[{"href":"https:\/\/eldigitaldeasturias.com\/magazine365\/wp-json\/wp\/v2\/posts\/39388","targetHints":{"allow":["GET"]}}],"collection":[{"href":"https:\/\/eldigitaldeasturias.com\/magazine365\/wp-json\/wp\/v2\/posts"}],"about":[{"href":"https:\/\/eldigitaldeasturias.com\/magazine365\/wp-json\/wp\/v2\/types\/post"}],"author":[{"embeddable":true,"href":"https:\/\/eldigitaldeasturias.com\/magazine365\/wp-json\/wp\/v2\/users\/1"}],"replies":[{"embeddable":true,"href":"https:\/\/eldigitaldeasturias.com\/magazine365\/wp-json\/wp\/v2\/comments?post=39388"}],"version-history":[{"count":0,"href":"https:\/\/eldigitaldeasturias.com\/magazine365\/wp-json\/wp\/v2\/posts\/39388\/revisions"}],"wp:featuredmedia":[{"embeddable":true,"href":"https:\/\/eldigitaldeasturias.com\/magazine365\/wp-json\/wp\/v2\/media\/39389"}],"wp:attachment":[{"href":"https:\/\/eldigitaldeasturias.com\/magazine365\/wp-json\/wp\/v2\/media?parent=39388"}],"wp:term":[{"taxonomy":"category","embeddable":true,"href":"https:\/\/eldigitaldeasturias.com\/magazine365\/wp-json\/wp\/v2\/categories?post=39388"},{"taxonomy":"post_tag","embeddable":true,"href":"https:\/\/eldigitaldeasturias.com\/magazine365\/wp-json\/wp\/v2\/tags?post=39388"}],"curies":[{"name":"wp","href":"https:\/\/api.w.org\/{rel}","templated":true}]}}