{"id":39367,"date":"2015-06-10T02:21:09","date_gmt":"2015-06-10T00:51:09","guid":{"rendered":"http:\/\/eldigitaldeasturias.com\/magazine365\/?p=39367"},"modified":"2015-06-10T02:21:09","modified_gmt":"2015-06-10T00:51:09","slug":"iv-campeonato-nacional-de-cortadores-de-jamon-en-corteconcepcion","status":"publish","type":"post","link":"https:\/\/eldigitaldeasturias.com\/magazine365\/iv-campeonato-nacional-de-cortadores-de-jamon-en-corteconcepcion\/","title":{"rendered":"IV Campeonato Nacional de Cortadores de Jam\u00f3n en Corteconcepci\u00f3n"},"content":{"rendered":"<p><img fetchpriority=\"high\" decoding=\"async\" class=\"alignleft size-medium wp-image-39368\" src=\"https:\/\/eldigitaldeasturias.com\/magazine365\/wp-content\/uploads\/2015\/06\/fotonoticia_20150609165604_800-360x270.jpg\" alt=\"fotonoticia_20150609165604_800\" width=\"360\" height=\"270\" srcset=\"https:\/\/eldigitaldeasturias.com\/magazine365\/wp-content\/uploads\/2015\/06\/fotonoticia_20150609165604_800-360x270.jpg 360w, https:\/\/eldigitaldeasturias.com\/magazine365\/wp-content\/uploads\/2015\/06\/fotonoticia_20150609165604_800-650x488.jpg 650w, https:\/\/eldigitaldeasturias.com\/magazine365\/wp-content\/uploads\/2015\/06\/fotonoticia_20150609165604_800-768x576.jpg 768w, https:\/\/eldigitaldeasturias.com\/magazine365\/wp-content\/uploads\/2015\/06\/fotonoticia_20150609165604_800-150x113.jpg 150w, https:\/\/eldigitaldeasturias.com\/magazine365\/wp-content\/uploads\/2015\/06\/fotonoticia_20150609165604_800-450x338.jpg 450w, https:\/\/eldigitaldeasturias.com\/magazine365\/wp-content\/uploads\/2015\/06\/fotonoticia_20150609165604_800-80x60.jpg 80w, https:\/\/eldigitaldeasturias.com\/magazine365\/wp-content\/uploads\/2015\/06\/fotonoticia_20150609165604_800-265x198.jpg 265w, https:\/\/eldigitaldeasturias.com\/magazine365\/wp-content\/uploads\/2015\/06\/fotonoticia_20150609165604_800-696x522.jpg 696w, https:\/\/eldigitaldeasturias.com\/magazine365\/wp-content\/uploads\/2015\/06\/fotonoticia_20150609165604_800-560x420.jpg 560w, https:\/\/eldigitaldeasturias.com\/magazine365\/wp-content\/uploads\/2015\/06\/fotonoticia_20150609165604_800-90x67.jpg 90w, https:\/\/eldigitaldeasturias.com\/magazine365\/wp-content\/uploads\/2015\/06\/fotonoticia_20150609165604_800-100x75.jpg 100w, https:\/\/eldigitaldeasturias.com\/magazine365\/wp-content\/uploads\/2015\/06\/fotonoticia_20150609165604_800.jpg 800w\" sizes=\"(max-width: 360px) 100vw, 360px\" \/>La localidad de Corteconcepci\u00f3n (Huelva) acoge este domingo el IV Campeonato Nacional de Cortadores de Jam\u00f3n, en el que ocho profesionales del sector competir\u00e1n para llevarse a caso el t\u00edtulo de mejor de Espa\u00f1a.<\/p>\n<p>En rueda de prensa, la alcaldesa en funciones de Corteconcepci\u00f3n, Ana E\u00edriz; el diputado provincial en funciones, Jos\u00e9 Mart\u00edn; y el patrocinador del encuentro, Domingo E\u00edriz, han presentado este martes este campeonato, el cual se celebra junto a las V jornadas gastron\u00f3micas, las cuales comienzan dos d\u00edas antes.<\/p>\n<p>Los aspirantes a este campeonato han sido elegidos por su gran nivel y en esta edici\u00f3n proceden de Salamanca, Sevilla, C\u00f3rdoba, Asturias, C\u00e1ceres, Murcia y Huelva. Todos ellos tendr\u00e1n que demostrar sus mejores habilidades si quieren alzarse con el primer puesto de este prestigioso campeonato, que con tan solo cuatro a\u00f1os de vida ha conseguido convertirse en uno de los eventos \u00abm\u00e1s importantes de la provincia onubense\u00bb.<\/p>\n<p>Durante la presentaci\u00f3n, el cortador profesional Joaqu\u00edn V\u00e1zquez Vega, nueve veces campe\u00f3n en distintos cert\u00e1menes nacionales, entre ellos Campe\u00f3n de Andaluc\u00eda 2015, ha hecho una exhibici\u00f3n del arte del corte de jam\u00f3n con un ib\u00e9rico de bellota con D.O &#8216;Jam\u00f3n de Huelva&#8217; de caracter\u00edsticas similares a los que se distribuir\u00e1n en el concurso para su corte y proporcionado por la empresa Jamones E\u00edriz.<\/p>\n<p>El diputado en funciones Jos\u00e9 Mart\u00edn ha remarcado que para la Diputaci\u00f3n es \u00abmuy grato\u00bb apoyar eventos de este tipo que sirven para \u00abimpulsar un sector socioecon\u00f3mico\u00bb tan importante. Ha recordado que la provincia es conocida por sus playas, el Descubrimiento, las gambas y el jam\u00f3n, por lo que ha deseado el mejor de los \u00e9xitos a este evento.<\/p>\n<p>Ana E\u00edriz ha destacado \u00abla gran apuesta\u00bb del Ayuntamiento de Corteconcepci\u00f3n con la puesta en marcha de este tipo de iniciativas, as\u00ed como la importancia de \u00abponer en valor la riqueza gastron\u00f3mica de nuestro municipio, ya que contamos con una zona privilegiada en la que los productos del ib\u00e9rico tienen una gran calidad y donde se elaboran uno de los mejores jamones del mundo\u00bb.<\/p>\n<p>Por su parte, Domingo E\u00edriz ha definido como \u00abun placer\u00bb el poder continuar patrocinando este campeonato y ha incidido en la consolidaci\u00f3n del mismo \u00abteniendo en cuenta que otros no consiguen llegar a su cuarta edici\u00f3n\u00bb, algo que ha sido posible \u00abgracias al apoyo brindado por la Diputaci\u00f3n Provincial de Huelva, la Junta de Andaluc\u00eda y el Ayuntamiento de Corteconcepci\u00f3n\u00bb.<\/p>\n<p>El patrocinador del encuentro ha resaltado que \u00abse sigue apostando por un producto diferenciado ya que somos el \u00fanico concurso de Espa\u00f1a en el que se cortan jamones de bellota con Denominaci\u00f3n de Origen\u00bb y ha subrayado \u00abel alto nivel de participaci\u00f3n de este a\u00f1o y las muchas solicitudes que hemos recibido de todos los puntos del pa\u00eds\u00bb.<\/p>\n<p>Por otra parte, se ha referido a la imposibilidad de celebrar este a\u00f1o \u00abpor problemas de agenda\u00bb el Campeonato Semiprofesional que en 2014 estren\u00f3 su primera edici\u00f3n, \u00abaunque el objetivo es retomarlo en 2016 para dar cabida a j\u00f3venes amateur\u00bb, dijo.<\/p>\n<p>La empresa Jamones E\u00edriz, galardonada con prestigiosos premios internacionales a la calidad de sus productos, volver\u00e1 como cada a\u00f1o a suministrar los ocho jamones para el corte, todos ib\u00e9ricos de bellota con D.O. Jam\u00f3n de Huelva de caracter\u00edsticas similares y con un peso que oscila entre los 6,800 y los siete kilos.<\/p>\n<p>El jurado, que puntuar\u00e1 entre otros aspectos el estilo y la vestimenta del cortador, la presentaci\u00f3n, la rectitud del corte o el grosor de las lonchas, estar\u00e1 formado por profesionales del sector.<\/p>\n<p>Los participantes, adem\u00e1s del reconocimiento oficial, recibir\u00e1n un premio en met\u00e1lico, (300, 200 y 100 euros para los tres primeros clasificados y trofeo y 50 euros para el resto) as\u00ed como un diploma acreditativo. El ganador recibir\u00e1 adem\u00e1s una tabla jamonera Afinox con base rotatoria de taracea valorada en 700 euros y el segundo clasificado un juego de cuchillos tres claveles. Tambi\u00e9n se premiar\u00e1 el mejor plato creativo con un trofeo.<\/p>\n<p>Los platos de jam\u00f3n que se obtengan en el campeonato se vender\u00e1n al p\u00fablico a cinco euros. El encuentro est\u00e1 organizado por el Ayuntamiento de Corteconcepci\u00f3n y cuenta con el patrocinio de la Consejer\u00eda de Turismo y Comercio de la Junta de Andaluc\u00eda, la Diputaci\u00f3n Provincial de Huelva y la empresa local Jamones E\u00edriz. Colabora la Asociaci\u00f3n Nacional de Cortadores de Jam\u00f3n, la D.O Jam\u00f3n de Huelva y las firmas Afinox y 3 Claveles.<\/p>\n<p>JORNADAS GASTRON\u00d3MICAS<\/p>\n<p>Paralelamente al certamen y durante todo el fin de semana, Corteconcepci\u00f3n ser\u00e1 epicentro culinario con motivo de la quinta edici\u00f3n de sus Jornadas Gastron\u00f3micas, cuyo objetivo ser\u00e1 dar a conocer la riqueza culinaria de la localidad y reunir en un mismo espacio a los amantes de la buena mesa.<\/p>\n<p>El joven chef m\u00e1s conocido por ser el presentador del programa &#8216;C\u00f3metelo&#8217; de Canal Sur, Enrique S\u00e1nchez, ser\u00e1 el encargado de inaugurar las jornadas el viernes 12, quien presentar\u00e1 en directo una de sus sabrosas recetas para dar a conocer los secretos que han dado fama a su cocina.<\/p>\n<p>El viernes abrir\u00e1 tambi\u00e9n sus puertas un mercado gastron\u00f3mico con cerca de una veintena de expositores en los que se ofertar\u00e1 quesos, chacinas, derivados del cerdo ib\u00e9rico y otros productos relacionados con el sector y se llevar\u00e1 a cabo un taller de cocina infantil y una mesa redonda.<\/p>\n<p>Entre las actividades m\u00e1s destacadas del fin de semana destacan un taller formativo de deshuesado de jam\u00f3n y paleta, espect\u00e1culos de show cooking, clases magistrales de cocina en directo, desfiles de trajes de flamenca, degustaci\u00f3n de platos tradicionales, exhibiciones de baile o actuaciones musicales.<\/p>\n<p>Ana E\u00edriz ha subrayado el valor de estas jornadas \u00abpara promocionar nuestra rica gastronom\u00eda y poner en valor la cultura tradicional de nuestro municipio\u00bb y confi\u00f3 en el \u00e9xito de las mismas durante todo el fin de semana.<\/p>\n<p>Corteconcepci\u00f3n se prepara as\u00ed para tres intensos d\u00edas en los que se podr\u00e1 disfrutar de un variado programa de actividades gastron\u00f3micas y que alcanzar\u00e1n su punto \u00e1lgido el domingo 14 de junio con la celebraci\u00f3n del IV Campeonato Nacional de Cortadores de Jam\u00f3n.<\/p>\n","protected":false},"excerpt":{"rendered":"<p>La localidad de Corteconcepci\u00f3n (Huelva) acoge este domingo el IV Campeonato Nacional de Cortadores de Jam\u00f3n, en el que ocho profesionales del sector competir\u00e1n para llevarse a caso el t\u00edtulo de mejor de Espa\u00f1a. En rueda de prensa, la alcaldesa en funciones de Corteconcepci\u00f3n, Ana E\u00edriz; el diputado provincial en funciones, Jos\u00e9 Mart\u00edn; y el<\/p>\n","protected":false},"author":1,"featured_media":39368,"comment_status":"open","ping_status":"closed","sticky":false,"template":"","format":"standard","meta":{"footnotes":""},"categories":[222],"tags":[],"class_list":{"0":"post-39367","1":"post","2":"type-post","3":"status-publish","4":"format-standard","5":"has-post-thumbnail","7":"category-actualidad-turismo"},"aioseo_notices":[],"aioseo_head":"\n\t\t<!-- All in One SEO Pro 4.9.6.1 - aioseo.com -->\n\t<meta name=\"description\" content=\"La localidad de Corteconcepci\u00f3n (Huelva) acoge este domingo el IV Campeonato Nacional de Cortadores de Jam\u00f3n, en el que ocho profesionales del sector competir\u00e1n para llevarse a caso el t\u00edtulo de mejor de Espa\u00f1a. En rueda de prensa, la alcaldesa en funciones de Corteconcepci\u00f3n, Ana E\u00edriz; el diputado provincial en funciones, Jos\u00e9 Mart\u00edn; y el\" \/>\n\t<meta name=\"robots\" content=\"max-image-preview:large\" \/>\n\t<meta name=\"author\" content=\"admin\"\/>\n\t<meta name=\"google-site-verification\" content=\"UA-38556648-1\" \/>\n\t<meta name=\"keywords\" content=\"actualidad turismo\" \/>\n\t<link rel=\"canonical\" href=\"https:\/\/eldigitaldeasturias.com\/magazine365\/iv-campeonato-nacional-de-cortadores-de-jamon-en-corteconcepcion\/\" \/>\n\t<meta name=\"generator\" content=\"All in One SEO Pro (AIOSEO) 4.9.6.1\" \/>\n\t\t<meta property=\"og:locale\" content=\"es_ES\" \/>\n\t\t<meta property=\"og:site_name\" content=\"El Digital de Asturias \u2013 Revista de ocio, turismo y estilo de vida\" \/>\n\t\t<meta property=\"og:type\" content=\"article\" \/>\n\t\t<meta property=\"og:title\" content=\"IV Campeonato Nacional de Cortadores de Jam\u00f3n en Corteconcepci\u00f3n | El Digital de Asturias\" \/>\n\t\t<meta property=\"og:description\" content=\"La localidad de Corteconcepci\u00f3n (Huelva) acoge este domingo el IV Campeonato Nacional de Cortadores de Jam\u00f3n, en el que ocho profesionales del sector competir\u00e1n para llevarse a caso el t\u00edtulo de mejor de Espa\u00f1a. En rueda de prensa, la alcaldesa en funciones de Corteconcepci\u00f3n, Ana E\u00edriz; el diputado provincial en funciones, Jos\u00e9 Mart\u00edn; y el\" \/>\n\t\t<meta property=\"og:url\" content=\"https:\/\/eldigitaldeasturias.com\/magazine365\/iv-campeonato-nacional-de-cortadores-de-jamon-en-corteconcepcion\/\" \/>\n\t\t<meta property=\"og:image\" content=\"https:\/\/eldigitaldeasturias.com\/magazine365\/wp-content\/uploads\/2015\/06\/fotonoticia_20150609165604_800.jpg\" \/>\n\t\t<meta property=\"og:image:secure_url\" content=\"https:\/\/eldigitaldeasturias.com\/magazine365\/wp-content\/uploads\/2015\/06\/fotonoticia_20150609165604_800.jpg\" \/>\n\t\t<meta property=\"og:image:width\" content=\"800\" \/>\n\t\t<meta property=\"og:image:height\" content=\"600\" \/>\n\t\t<meta property=\"article:published_time\" content=\"2015-06-10T00:51:09+00:00\" \/>\n\t\t<meta property=\"article:modified_time\" content=\"2015-06-10T00:51:09+00:00\" \/>\n\t\t<meta name=\"twitter:card\" content=\"summary_large_image\" \/>\n\t\t<meta name=\"twitter:title\" content=\"IV Campeonato Nacional de Cortadores de Jam\u00f3n en Corteconcepci\u00f3n | El Digital de Asturias\" \/>\n\t\t<meta name=\"twitter:description\" content=\"La localidad de Corteconcepci\u00f3n (Huelva) acoge este domingo el IV Campeonato Nacional de Cortadores de Jam\u00f3n, en el que ocho profesionales del sector competir\u00e1n para llevarse a caso el t\u00edtulo de mejor de Espa\u00f1a. En rueda de prensa, la alcaldesa en funciones de Corteconcepci\u00f3n, Ana E\u00edriz; el diputado provincial en funciones, Jos\u00e9 Mart\u00edn; y el\" \/>\n\t\t<meta name=\"twitter:image\" content=\"https:\/\/eldigitaldeasturias.com\/magazine365\/wp-content\/uploads\/2015\/06\/fotonoticia_20150609165604_800.jpg\" \/>\n\t\t<script type=\"application\/ld+json\" class=\"aioseo-schema\">\n\t\t\t{\"@context\":\"https:\\\/\\\/schema.org\",\"@graph\":[{\"@type\":\"Article\",\"@id\":\"https:\\\/\\\/eldigitaldeasturias.com\\\/magazine365\\\/iv-campeonato-nacional-de-cortadores-de-jamon-en-corteconcepcion\\\/#article\",\"name\":\"IV Campeonato Nacional de Cortadores de Jam\\u00f3n en Corteconcepci\\u00f3n | El Digital de Asturias\",\"headline\":\"IV Campeonato Nacional de Cortadores de Jam\\u00f3n en Corteconcepci\\u00f3n\",\"author\":{\"@id\":\"https:\\\/\\\/eldigitaldeasturias.com\\\/magazine365\\\/author\\\/admin\\\/#author\"},\"publisher\":{\"@id\":\"https:\\\/\\\/eldigitaldeasturias.com\\\/magazine365\\\/#organization\"},\"image\":{\"@type\":\"ImageObject\",\"url\":\"https:\\\/\\\/eldigitaldeasturias.com\\\/magazine365\\\/wp-content\\\/uploads\\\/2015\\\/06\\\/fotonoticia_20150609165604_800.jpg\",\"width\":800,\"height\":600},\"datePublished\":\"2015-06-10T02:21:09+02:00\",\"dateModified\":\"2015-06-10T02:21:09+02:00\",\"inLanguage\":\"es-ES\",\"mainEntityOfPage\":{\"@id\":\"https:\\\/\\\/eldigitaldeasturias.com\\\/magazine365\\\/iv-campeonato-nacional-de-cortadores-de-jamon-en-corteconcepcion\\\/#webpage\"},\"isPartOf\":{\"@id\":\"https:\\\/\\\/eldigitaldeasturias.com\\\/magazine365\\\/iv-campeonato-nacional-de-cortadores-de-jamon-en-corteconcepcion\\\/#webpage\"},\"articleSection\":\"Actualidad Turismo\"},{\"@type\":\"BreadcrumbList\",\"@id\":\"https:\\\/\\\/eldigitaldeasturias.com\\\/magazine365\\\/iv-campeonato-nacional-de-cortadores-de-jamon-en-corteconcepcion\\\/#breadcrumblist\",\"itemListElement\":[{\"@type\":\"ListItem\",\"@id\":\"https:\\\/\\\/eldigitaldeasturias.com\\\/magazine365#listItem\",\"position\":1,\"name\":\"Home\",\"item\":\"https:\\\/\\\/eldigitaldeasturias.com\\\/magazine365\",\"nextItem\":{\"@type\":\"ListItem\",\"@id\":\"https:\\\/\\\/eldigitaldeasturias.com\\\/magazine365\\\/category\\\/actualidad-turismo\\\/#listItem\",\"name\":\"Actualidad Turismo\"}},{\"@type\":\"ListItem\",\"@id\":\"https:\\\/\\\/eldigitaldeasturias.com\\\/magazine365\\\/category\\\/actualidad-turismo\\\/#listItem\",\"position\":2,\"name\":\"Actualidad Turismo\",\"item\":\"https:\\\/\\\/eldigitaldeasturias.com\\\/magazine365\\\/category\\\/actualidad-turismo\\\/\",\"nextItem\":{\"@type\":\"ListItem\",\"@id\":\"https:\\\/\\\/eldigitaldeasturias.com\\\/magazine365\\\/iv-campeonato-nacional-de-cortadores-de-jamon-en-corteconcepcion\\\/#listItem\",\"name\":\"IV Campeonato Nacional de Cortadores de Jam\\u00f3n en Corteconcepci\\u00f3n\"},\"previousItem\":{\"@type\":\"ListItem\",\"@id\":\"https:\\\/\\\/eldigitaldeasturias.com\\\/magazine365#listItem\",\"name\":\"Home\"}},{\"@type\":\"ListItem\",\"@id\":\"https:\\\/\\\/eldigitaldeasturias.com\\\/magazine365\\\/iv-campeonato-nacional-de-cortadores-de-jamon-en-corteconcepcion\\\/#listItem\",\"position\":3,\"name\":\"IV Campeonato Nacional de Cortadores de Jam\\u00f3n en Corteconcepci\\u00f3n\",\"previousItem\":{\"@type\":\"ListItem\",\"@id\":\"https:\\\/\\\/eldigitaldeasturias.com\\\/magazine365\\\/category\\\/actualidad-turismo\\\/#listItem\",\"name\":\"Actualidad Turismo\"}}]},{\"@type\":\"Organization\",\"@id\":\"https:\\\/\\\/eldigitaldeasturias.com\\\/magazine365\\\/#organization\",\"name\":\"El digital de Asturias\",\"description\":\"Revista de ocio, turismo y estilo de vida\",\"url\":\"https:\\\/\\\/eldigitaldeasturias.com\\\/magazine365\\\/\",\"logo\":{\"@type\":\"ImageObject\",\"url\":\"https:\\\/\\\/www.eldigitaldeasturias.com\\\/noticias\\\/wp-content\\\/uploads\\\/2020\\\/12\\\/EDA.jpg\",\"@id\":\"https:\\\/\\\/eldigitaldeasturias.com\\\/magazine365\\\/iv-campeonato-nacional-de-cortadores-de-jamon-en-corteconcepcion\\\/#organizationLogo\"},\"image\":{\"@id\":\"https:\\\/\\\/eldigitaldeasturias.com\\\/magazine365\\\/iv-campeonato-nacional-de-cortadores-de-jamon-en-corteconcepcion\\\/#organizationLogo\"}},{\"@type\":\"Person\",\"@id\":\"https:\\\/\\\/eldigitaldeasturias.com\\\/magazine365\\\/author\\\/admin\\\/#author\",\"url\":\"https:\\\/\\\/eldigitaldeasturias.com\\\/magazine365\\\/author\\\/admin\\\/\",\"name\":\"admin\",\"image\":{\"@type\":\"ImageObject\",\"@id\":\"https:\\\/\\\/eldigitaldeasturias.com\\\/magazine365\\\/iv-campeonato-nacional-de-cortadores-de-jamon-en-corteconcepcion\\\/#authorImage\",\"url\":\"https:\\\/\\\/eldigitaldeasturias.com\\\/magazine365\\\/wp-content\\\/litespeed\\\/avatar\\\/e571bcf59a0edd6fa6838245a470f2fe.jpg?ver=1776969259\",\"width\":96,\"height\":96,\"caption\":\"admin\"}},{\"@type\":\"WebPage\",\"@id\":\"https:\\\/\\\/eldigitaldeasturias.com\\\/magazine365\\\/iv-campeonato-nacional-de-cortadores-de-jamon-en-corteconcepcion\\\/#webpage\",\"url\":\"https:\\\/\\\/eldigitaldeasturias.com\\\/magazine365\\\/iv-campeonato-nacional-de-cortadores-de-jamon-en-corteconcepcion\\\/\",\"name\":\"IV Campeonato Nacional de Cortadores de Jam\\u00f3n en Corteconcepci\\u00f3n | El Digital de Asturias\",\"description\":\"La localidad de Corteconcepci\\u00f3n (Huelva) acoge este domingo el IV Campeonato Nacional de Cortadores de Jam\\u00f3n, en el que ocho profesionales del sector competir\\u00e1n para llevarse a caso el t\\u00edtulo de mejor de Espa\\u00f1a. En rueda de prensa, la alcaldesa en funciones de Corteconcepci\\u00f3n, Ana E\\u00edriz; el diputado provincial en funciones, Jos\\u00e9 Mart\\u00edn; y el\",\"inLanguage\":\"es-ES\",\"isPartOf\":{\"@id\":\"https:\\\/\\\/eldigitaldeasturias.com\\\/magazine365\\\/#website\"},\"breadcrumb\":{\"@id\":\"https:\\\/\\\/eldigitaldeasturias.com\\\/magazine365\\\/iv-campeonato-nacional-de-cortadores-de-jamon-en-corteconcepcion\\\/#breadcrumblist\"},\"author\":{\"@id\":\"https:\\\/\\\/eldigitaldeasturias.com\\\/magazine365\\\/author\\\/admin\\\/#author\"},\"creator\":{\"@id\":\"https:\\\/\\\/eldigitaldeasturias.com\\\/magazine365\\\/author\\\/admin\\\/#author\"},\"image\":{\"@type\":\"ImageObject\",\"url\":\"https:\\\/\\\/eldigitaldeasturias.com\\\/magazine365\\\/wp-content\\\/uploads\\\/2015\\\/06\\\/fotonoticia_20150609165604_800.jpg\",\"@id\":\"https:\\\/\\\/eldigitaldeasturias.com\\\/magazine365\\\/iv-campeonato-nacional-de-cortadores-de-jamon-en-corteconcepcion\\\/#mainImage\",\"width\":800,\"height\":600},\"primaryImageOfPage\":{\"@id\":\"https:\\\/\\\/eldigitaldeasturias.com\\\/magazine365\\\/iv-campeonato-nacional-de-cortadores-de-jamon-en-corteconcepcion\\\/#mainImage\"},\"datePublished\":\"2015-06-10T02:21:09+02:00\",\"dateModified\":\"2015-06-10T02:21:09+02:00\"},{\"@type\":\"WebSite\",\"@id\":\"https:\\\/\\\/eldigitaldeasturias.com\\\/magazine365\\\/#website\",\"url\":\"https:\\\/\\\/eldigitaldeasturias.com\\\/magazine365\\\/\",\"name\":\"El Digital de Asturias\",\"description\":\"Revista de ocio, turismo y estilo de vida\",\"inLanguage\":\"es-ES\",\"publisher\":{\"@id\":\"https:\\\/\\\/eldigitaldeasturias.com\\\/magazine365\\\/#organization\"}}]}\n\t\t<\/script>\n\t\t<!-- All in One SEO Pro -->\r\n\t\t<title>IV Campeonato Nacional de Cortadores de Jam\u00f3n en Corteconcepci\u00f3n | El Digital de Asturias<\/title>\n\n","aioseo_head_json":{"title":"IV Campeonato Nacional de Cortadores de Jam\u00f3n en Corteconcepci\u00f3n | El Digital de Asturias","description":"La localidad de Corteconcepci\u00f3n (Huelva) acoge este domingo el IV Campeonato Nacional de Cortadores de Jam\u00f3n, en el que ocho profesionales del sector competir\u00e1n para llevarse a caso el t\u00edtulo de mejor de Espa\u00f1a. En rueda de prensa, la alcaldesa en funciones de Corteconcepci\u00f3n, Ana E\u00edriz; el diputado provincial en funciones, Jos\u00e9 Mart\u00edn; y el","canonical_url":"https:\/\/eldigitaldeasturias.com\/magazine365\/iv-campeonato-nacional-de-cortadores-de-jamon-en-corteconcepcion\/","robots":"max-image-preview:large","keywords":"actualidad turismo","webmasterTools":{"google-site-verification":"UA-38556648-1","miscellaneous":""},"schema":{"@context":"https:\/\/schema.org","@graph":[{"@type":"Article","@id":"https:\/\/eldigitaldeasturias.com\/magazine365\/iv-campeonato-nacional-de-cortadores-de-jamon-en-corteconcepcion\/#article","name":"IV Campeonato Nacional de Cortadores de Jam\u00f3n en Corteconcepci\u00f3n | El Digital de Asturias","headline":"IV Campeonato Nacional de Cortadores de Jam\u00f3n en Corteconcepci\u00f3n","author":{"@id":"https:\/\/eldigitaldeasturias.com\/magazine365\/author\/admin\/#author"},"publisher":{"@id":"https:\/\/eldigitaldeasturias.com\/magazine365\/#organization"},"image":{"@type":"ImageObject","url":"https:\/\/eldigitaldeasturias.com\/magazine365\/wp-content\/uploads\/2015\/06\/fotonoticia_20150609165604_800.jpg","width":800,"height":600},"datePublished":"2015-06-10T02:21:09+02:00","dateModified":"2015-06-10T02:21:09+02:00","inLanguage":"es-ES","mainEntityOfPage":{"@id":"https:\/\/eldigitaldeasturias.com\/magazine365\/iv-campeonato-nacional-de-cortadores-de-jamon-en-corteconcepcion\/#webpage"},"isPartOf":{"@id":"https:\/\/eldigitaldeasturias.com\/magazine365\/iv-campeonato-nacional-de-cortadores-de-jamon-en-corteconcepcion\/#webpage"},"articleSection":"Actualidad Turismo"},{"@type":"BreadcrumbList","@id":"https:\/\/eldigitaldeasturias.com\/magazine365\/iv-campeonato-nacional-de-cortadores-de-jamon-en-corteconcepcion\/#breadcrumblist","itemListElement":[{"@type":"ListItem","@id":"https:\/\/eldigitaldeasturias.com\/magazine365#listItem","position":1,"name":"Home","item":"https:\/\/eldigitaldeasturias.com\/magazine365","nextItem":{"@type":"ListItem","@id":"https:\/\/eldigitaldeasturias.com\/magazine365\/category\/actualidad-turismo\/#listItem","name":"Actualidad Turismo"}},{"@type":"ListItem","@id":"https:\/\/eldigitaldeasturias.com\/magazine365\/category\/actualidad-turismo\/#listItem","position":2,"name":"Actualidad Turismo","item":"https:\/\/eldigitaldeasturias.com\/magazine365\/category\/actualidad-turismo\/","nextItem":{"@type":"ListItem","@id":"https:\/\/eldigitaldeasturias.com\/magazine365\/iv-campeonato-nacional-de-cortadores-de-jamon-en-corteconcepcion\/#listItem","name":"IV Campeonato Nacional de Cortadores de Jam\u00f3n en Corteconcepci\u00f3n"},"previousItem":{"@type":"ListItem","@id":"https:\/\/eldigitaldeasturias.com\/magazine365#listItem","name":"Home"}},{"@type":"ListItem","@id":"https:\/\/eldigitaldeasturias.com\/magazine365\/iv-campeonato-nacional-de-cortadores-de-jamon-en-corteconcepcion\/#listItem","position":3,"name":"IV Campeonato Nacional de Cortadores de Jam\u00f3n en Corteconcepci\u00f3n","previousItem":{"@type":"ListItem","@id":"https:\/\/eldigitaldeasturias.com\/magazine365\/category\/actualidad-turismo\/#listItem","name":"Actualidad Turismo"}}]},{"@type":"Organization","@id":"https:\/\/eldigitaldeasturias.com\/magazine365\/#organization","name":"El digital de Asturias","description":"Revista de ocio, turismo y estilo de vida","url":"https:\/\/eldigitaldeasturias.com\/magazine365\/","logo":{"@type":"ImageObject","url":"https:\/\/www.eldigitaldeasturias.com\/noticias\/wp-content\/uploads\/2020\/12\/EDA.jpg","@id":"https:\/\/eldigitaldeasturias.com\/magazine365\/iv-campeonato-nacional-de-cortadores-de-jamon-en-corteconcepcion\/#organizationLogo"},"image":{"@id":"https:\/\/eldigitaldeasturias.com\/magazine365\/iv-campeonato-nacional-de-cortadores-de-jamon-en-corteconcepcion\/#organizationLogo"}},{"@type":"Person","@id":"https:\/\/eldigitaldeasturias.com\/magazine365\/author\/admin\/#author","url":"https:\/\/eldigitaldeasturias.com\/magazine365\/author\/admin\/","name":"admin","image":{"@type":"ImageObject","@id":"https:\/\/eldigitaldeasturias.com\/magazine365\/iv-campeonato-nacional-de-cortadores-de-jamon-en-corteconcepcion\/#authorImage","url":"https:\/\/eldigitaldeasturias.com\/magazine365\/wp-content\/litespeed\/avatar\/e571bcf59a0edd6fa6838245a470f2fe.jpg?ver=1776969259","width":96,"height":96,"caption":"admin"}},{"@type":"WebPage","@id":"https:\/\/eldigitaldeasturias.com\/magazine365\/iv-campeonato-nacional-de-cortadores-de-jamon-en-corteconcepcion\/#webpage","url":"https:\/\/eldigitaldeasturias.com\/magazine365\/iv-campeonato-nacional-de-cortadores-de-jamon-en-corteconcepcion\/","name":"IV Campeonato Nacional de Cortadores de Jam\u00f3n en Corteconcepci\u00f3n | El Digital de Asturias","description":"La localidad de Corteconcepci\u00f3n (Huelva) acoge este domingo el IV Campeonato Nacional de Cortadores de Jam\u00f3n, en el que ocho profesionales del sector competir\u00e1n para llevarse a caso el t\u00edtulo de mejor de Espa\u00f1a. En rueda de prensa, la alcaldesa en funciones de Corteconcepci\u00f3n, Ana E\u00edriz; el diputado provincial en funciones, Jos\u00e9 Mart\u00edn; y el","inLanguage":"es-ES","isPartOf":{"@id":"https:\/\/eldigitaldeasturias.com\/magazine365\/#website"},"breadcrumb":{"@id":"https:\/\/eldigitaldeasturias.com\/magazine365\/iv-campeonato-nacional-de-cortadores-de-jamon-en-corteconcepcion\/#breadcrumblist"},"author":{"@id":"https:\/\/eldigitaldeasturias.com\/magazine365\/author\/admin\/#author"},"creator":{"@id":"https:\/\/eldigitaldeasturias.com\/magazine365\/author\/admin\/#author"},"image":{"@type":"ImageObject","url":"https:\/\/eldigitaldeasturias.com\/magazine365\/wp-content\/uploads\/2015\/06\/fotonoticia_20150609165604_800.jpg","@id":"https:\/\/eldigitaldeasturias.com\/magazine365\/iv-campeonato-nacional-de-cortadores-de-jamon-en-corteconcepcion\/#mainImage","width":800,"height":600},"primaryImageOfPage":{"@id":"https:\/\/eldigitaldeasturias.com\/magazine365\/iv-campeonato-nacional-de-cortadores-de-jamon-en-corteconcepcion\/#mainImage"},"datePublished":"2015-06-10T02:21:09+02:00","dateModified":"2015-06-10T02:21:09+02:00"},{"@type":"WebSite","@id":"https:\/\/eldigitaldeasturias.com\/magazine365\/#website","url":"https:\/\/eldigitaldeasturias.com\/magazine365\/","name":"El Digital de Asturias","description":"Revista de ocio, turismo y estilo de vida","inLanguage":"es-ES","publisher":{"@id":"https:\/\/eldigitaldeasturias.com\/magazine365\/#organization"}}]},"og:locale":"es_ES","og:site_name":"El Digital de Asturias \u2013 Revista de ocio, turismo y estilo de vida","og:type":"article","og:title":"IV Campeonato Nacional de Cortadores de Jam\u00f3n en Corteconcepci\u00f3n | El Digital de Asturias","og:description":"La localidad de Corteconcepci\u00f3n (Huelva) acoge este domingo el IV Campeonato Nacional de Cortadores de Jam\u00f3n, en el que ocho profesionales del sector competir\u00e1n para llevarse a caso el t\u00edtulo de mejor de Espa\u00f1a. En rueda de prensa, la alcaldesa en funciones de Corteconcepci\u00f3n, Ana E\u00edriz; el diputado provincial en funciones, Jos\u00e9 Mart\u00edn; y el","og:url":"https:\/\/eldigitaldeasturias.com\/magazine365\/iv-campeonato-nacional-de-cortadores-de-jamon-en-corteconcepcion\/","og:image":"https:\/\/eldigitaldeasturias.com\/magazine365\/wp-content\/uploads\/2015\/06\/fotonoticia_20150609165604_800.jpg","og:image:secure_url":"https:\/\/eldigitaldeasturias.com\/magazine365\/wp-content\/uploads\/2015\/06\/fotonoticia_20150609165604_800.jpg","og:image:width":800,"og:image:height":600,"article:published_time":"2015-06-10T00:51:09+00:00","article:modified_time":"2015-06-10T00:51:09+00:00","twitter:card":"summary_large_image","twitter:title":"IV Campeonato Nacional de Cortadores de Jam\u00f3n en Corteconcepci\u00f3n | El Digital de Asturias","twitter:description":"La localidad de Corteconcepci\u00f3n (Huelva) acoge este domingo el IV Campeonato Nacional de Cortadores de Jam\u00f3n, en el que ocho profesionales del sector competir\u00e1n para llevarse a caso el t\u00edtulo de mejor de Espa\u00f1a. En rueda de prensa, la alcaldesa en funciones de Corteconcepci\u00f3n, Ana E\u00edriz; el diputado provincial en funciones, Jos\u00e9 Mart\u00edn; y el","twitter:image":"https:\/\/eldigitaldeasturias.com\/magazine365\/wp-content\/uploads\/2015\/06\/fotonoticia_20150609165604_800.jpg"},"aioseo_meta_data":{"post_id":"39367","title":null,"description":null,"keywords":null,"keyphrases":null,"primary_term":null,"canonical_url":null,"og_title":null,"og_description":null,"og_object_type":"default","og_image_type":"default","og_image_url":null,"og_image_width":null,"og_image_height":null,"og_image_custom_url":null,"og_image_custom_fields":null,"og_video":null,"og_custom_url":null,"og_article_section":null,"og_article_tags":null,"twitter_use_og":false,"twitter_card":"default","twitter_image_type":"default","twitter_image_url":null,"twitter_image_custom_url":null,"twitter_image_custom_fields":null,"twitter_title":null,"twitter_description":null,"schema":{"blockGraphs":[],"customGraphs":[],"default":{"data":{"Article":[],"Course":[],"Dataset":[],"FAQPage":[],"Movie":[],"Person":[],"Product":[],"ProductReview":[],"Car":[],"Recipe":[],"Service":[],"SoftwareApplication":[],"WebPage":[]},"graphName":"","isEnabled":true},"graphs":[],"defaultGraph":"","defaultPostTypeGraph":""},"schema_type":null,"schema_type_options":null,"pillar_content":false,"robots_default":true,"robots_noindex":false,"robots_noarchive":false,"robots_nosnippet":false,"robots_nofollow":false,"robots_noimageindex":false,"robots_noodp":false,"robots_notranslate":false,"robots_max_snippet":null,"robots_max_videopreview":null,"robots_max_imagepreview":"large","priority":null,"frequency":null,"location":null,"local_seo":null,"seo_analyzer_scan_date":"2025-09-19 11:26:19","breadcrumb_settings":null,"limit_modified_date":false,"open_ai":null,"ai":null,"created":"2021-03-09 02:41:54","updated":"2025-09-19 11:26:19"},"aioseo_breadcrumb":"<div class=\"aioseo-breadcrumbs\"><span class=\"aioseo-breadcrumb\">\n\t<a href=\"https:\/\/eldigitaldeasturias.com\/magazine365\" title=\"Home\">Home<\/a>\n<\/span><span class=\"aioseo-breadcrumb-separator\">\u2013<\/span><span class=\"aioseo-breadcrumb\">\n\t<a href=\"https:\/\/eldigitaldeasturias.com\/magazine365\/category\/actualidad-turismo\/\" title=\"Actualidad Turismo\">Actualidad Turismo<\/a>\n<\/span><span class=\"aioseo-breadcrumb-separator\">\u2013<\/span><span class=\"aioseo-breadcrumb\">\n\t<a href=\"https:\/\/eldigitaldeasturias.com\/magazine365\/iv-campeonato-nacional-de-cortadores-de-jamon-en-corteconcepcion\/\" title=\"IV Campeonato Nacional de Cortadores de Jam\u00f3n en Corteconcepci\u00f3n\">IV Campeonato Nacional de Cortadores de Jam\u00f3n en Corteconcepci\u00f3n<\/a>\n<\/span><\/div>","aioseo_breadcrumb_json":[{"label":"Home","link":"https:\/\/eldigitaldeasturias.com\/magazine365"},{"label":"Actualidad Turismo","link":"https:\/\/eldigitaldeasturias.com\/magazine365\/category\/actualidad-turismo\/"},{"label":"IV Campeonato Nacional de Cortadores de Jam\u00f3n en Corteconcepci\u00f3n","link":"https:\/\/eldigitaldeasturias.com\/magazine365\/iv-campeonato-nacional-de-cortadores-de-jamon-en-corteconcepcion\/"}],"_links":{"self":[{"href":"https:\/\/eldigitaldeasturias.com\/magazine365\/wp-json\/wp\/v2\/posts\/39367","targetHints":{"allow":["GET"]}}],"collection":[{"href":"https:\/\/eldigitaldeasturias.com\/magazine365\/wp-json\/wp\/v2\/posts"}],"about":[{"href":"https:\/\/eldigitaldeasturias.com\/magazine365\/wp-json\/wp\/v2\/types\/post"}],"author":[{"embeddable":true,"href":"https:\/\/eldigitaldeasturias.com\/magazine365\/wp-json\/wp\/v2\/users\/1"}],"replies":[{"embeddable":true,"href":"https:\/\/eldigitaldeasturias.com\/magazine365\/wp-json\/wp\/v2\/comments?post=39367"}],"version-history":[{"count":0,"href":"https:\/\/eldigitaldeasturias.com\/magazine365\/wp-json\/wp\/v2\/posts\/39367\/revisions"}],"wp:featuredmedia":[{"embeddable":true,"href":"https:\/\/eldigitaldeasturias.com\/magazine365\/wp-json\/wp\/v2\/media\/39368"}],"wp:attachment":[{"href":"https:\/\/eldigitaldeasturias.com\/magazine365\/wp-json\/wp\/v2\/media?parent=39367"}],"wp:term":[{"taxonomy":"category","embeddable":true,"href":"https:\/\/eldigitaldeasturias.com\/magazine365\/wp-json\/wp\/v2\/categories?post=39367"},{"taxonomy":"post_tag","embeddable":true,"href":"https:\/\/eldigitaldeasturias.com\/magazine365\/wp-json\/wp\/v2\/tags?post=39367"}],"curies":[{"name":"wp","href":"https:\/\/api.w.org\/{rel}","templated":true}]}}