{"id":39361,"date":"2015-06-10T02:10:25","date_gmt":"2015-06-10T00:40:25","guid":{"rendered":"http:\/\/eldigitaldeasturias.com\/magazine365\/?p=39361"},"modified":"2015-06-10T02:10:25","modified_gmt":"2015-06-10T00:40:25","slug":"el-dispositivo-de-cruz-roja-en-playas-de-valencia-implanta-un-nuevo-punto-accesible","status":"publish","type":"post","link":"https:\/\/eldigitaldeasturias.com\/magazine365\/el-dispositivo-de-cruz-roja-en-playas-de-valencia-implanta-un-nuevo-punto-accesible\/","title":{"rendered":"El dispositivo de Cruz Roja en playas de Valencia implanta un nuevo punto accesible"},"content":{"rendered":"<p><img fetchpriority=\"high\" decoding=\"async\" class=\"alignleft size-medium wp-image-39362\" src=\"https:\/\/eldigitaldeasturias.com\/magazine365\/wp-content\/uploads\/2015\/06\/fotonoticia_20150609165151_800-360x240.jpg\" alt=\"fotonoticia_20150609165151_800\" width=\"360\" height=\"240\" srcset=\"https:\/\/eldigitaldeasturias.com\/magazine365\/wp-content\/uploads\/2015\/06\/fotonoticia_20150609165151_800-360x240.jpg 360w, https:\/\/eldigitaldeasturias.com\/magazine365\/wp-content\/uploads\/2015\/06\/fotonoticia_20150609165151_800-650x433.jpg 650w, https:\/\/eldigitaldeasturias.com\/magazine365\/wp-content\/uploads\/2015\/06\/fotonoticia_20150609165151_800-768x512.jpg 768w, https:\/\/eldigitaldeasturias.com\/magazine365\/wp-content\/uploads\/2015\/06\/fotonoticia_20150609165151_800-150x100.jpg 150w, https:\/\/eldigitaldeasturias.com\/magazine365\/wp-content\/uploads\/2015\/06\/fotonoticia_20150609165151_800-450x300.jpg 450w, https:\/\/eldigitaldeasturias.com\/magazine365\/wp-content\/uploads\/2015\/06\/fotonoticia_20150609165151_800-696x464.jpg 696w, https:\/\/eldigitaldeasturias.com\/magazine365\/wp-content\/uploads\/2015\/06\/fotonoticia_20150609165151_800-630x420.jpg 630w, https:\/\/eldigitaldeasturias.com\/magazine365\/wp-content\/uploads\/2015\/06\/fotonoticia_20150609165151_800-84x55.jpg 84w, https:\/\/eldigitaldeasturias.com\/magazine365\/wp-content\/uploads\/2015\/06\/fotonoticia_20150609165151_800.jpg 800w\" sizes=\"(max-width: 360px) 100vw, 360px\" \/>La concejala de Sanidad y Playas en funciones del Ayuntamiento de Valencia, Lourdes Bernal, ha presentado este martes el Operativo de Cruz Roja para la campa\u00f1a estival 2015, que comenz\u00f3 el pasado s\u00e1bado, y que presenta un incremento en el horario de asistencia y en las fechas de prestaci\u00f3n del servicio, as\u00ed como un nuevo punto accesible en la playa Recat\u00ed-Perellonet. Hasta el pr\u00f3ximo 13 de septiembre y en horario de 10.00 a 20.00 horas, todos los d\u00edas de la campa\u00f1a, seg\u00fan ha informado el consistorio en un comunicado.<\/p>\n<p>Acompa\u00f1ada por el delegado especial de Cruz Roja en Valencia, Carlos Ortega, Bernal ha manifestado su \u00absatisfacci\u00f3n\u00bb por el inicio de la campa\u00f1a, y ha elogiado el buen hacer de Cruz Roja, \u00abque es garant\u00eda y seguridad, y estabilidad\u00bb, ha afirmado, \u00aby que hace que todos los valencianos podamos sentirnos muy seguros\u00bb.<\/p>\n<p>En esta ocasi\u00f3n, la prestaci\u00f3n del servicio se ha realizado por concurso p\u00fablico al que concurrieron tres entidades. No obstante, tal como han explicado desde el Servicio de Playas, las otras dos licitantes no aportaban personal m\u00e9dico en su propuesta de asistencia, por lo que fueron desestimadas.<\/p>\n<p>El contrato del Ayuntamiento con Cruz Roja tiene una vigencia de dos a\u00f1os, prorrogable dos m\u00e1s, lo que determina un escenario de actuaci\u00f3n para los pr\u00f3ximos cuatro a\u00f1os. Carlos Ortega ha destacado que ello les permite \u00abhacer previsiones y organizarlo todo de manera m\u00e1s eficiente y eficaz\u00bb.<\/p>\n<p>Adem\u00e1s de la ampliaci\u00f3n de fechas y de horario, la temporada 2015 ofrece un nuevo punto accesible, es decir, un espacio para el ba\u00f1o asistido por personal especializado, y dirigido a personas con minusval\u00edas f\u00edsicas o ps\u00edquicas. En concreto, se localiza en la playa de Recat\u00ed-Perellonet, con lo que el total de puntos accesibles en las playas del municipio asciende a cinco.<\/p>\n<p>La concejala de Playas en funciones, Lourdes Bernal, ha reiterado su satisfacci\u00f3n, y ha recordado c\u00f3mo ya llevamos m\u00e1s de una d\u00e9cada sin ning\u00fan caso de ahogamiento en la ciudad, \u00aby esperemos que siga as\u00ed\u00bb, ha manifestado.<\/p>\n<p>El contingente de asistencia para este a\u00f1o est\u00e1 integrado por 155 personas entre m\u00e9dicos, enfermeros y t\u00e9cnicos de emergencia sanitaria, socorristas acu\u00e1ticos, de posta, jefes de playa y personal de comunicaciones.<\/p>\n<p>PULSERAS PARA NI\u00d1OS Y ANCIANOS<\/p>\n<p>A ello hay que sumar los medios t\u00e9cnicos, integrados por ambulancias, motos acu\u00e1ticas, embarcaciones, quads, material de farmacia, chalecos salvavidas. Adem\u00e1s de la habitual labor de asistencia en urgencias, Cruz Roja dispone tambi\u00e9n del Servicio de Pulseras para el control de ni\u00f1os o personas mayores que puedan extraviarse.<\/p>\n<p>Las familias interesadas acceden, antes entrar a las playas, a la posta sanitaria, donde se entrega una pulsera a cada ni\u00f1o o persona a mantener controlada, en la que consta un tel\u00e9fono y datos de contacto, lo que facilita la labor de localizaci\u00f3n, en caso de extrav\u00edo.<\/p>\n<p>Adem\u00e1s, ha a\u00f1adido Bernal, en cada posta se dispone tambi\u00e9n de un sistema de comunicaci\u00f3n mediante pictogramas, especialmente \u00fatil en el caso de personas con demencia o afectadas por s\u00edndromes del espectro autista.<\/p>\n<p>\u00abDe hecho, todo lo que ponemos a disposici\u00f3n de los ciudadanos en este caso &#8211;ha explicado&#8211; se consensua con un Consejo de Capacidades Diferentes, que nos dan las directrices a seguir para actuar en cada caso\u00bb.<\/p>\n<p>VIGILANCIA DESDE LAS 8.00 HORAS<\/p>\n<p>Bernal ha matizado tambi\u00e9n que, aunque el horario establecido en el contrato es de 10.00 a 20.00 horas, \u00absiempre ha habido vigilancia fuera de ese horario, y as\u00ed ser\u00e1 tambi\u00e9n este a\u00f1o\u00bb. \u00abLlevo a\u00f1os repitiendo que todos los veranos el sistema de emergencia de Cruz Roja est\u00e1 ya en funcionamiento desde las 08:00 de la ma\u00f1ana, como se vio por ejemplo el a\u00f1o pasado\u00bb, ha afirmado.<\/p>\n<p>\u00abLa vigilancia funciona aunque las postas est\u00e9n cerradas, o cuando hay manchas en la playa, sin necesidad de protocolos escritos ni nada: Cruz Roja siempre ha estado ah\u00ed, haciendo una labor extraordinaria\u00bb, ha resaltado Bernal.<\/p>\n<p>UN MILL\u00d3N DE EUROS<\/p>\n<p>Seg\u00fan el consistorio, la ampliaci\u00f3n del servicio tendr\u00e1 unos costes similares a los del a\u00f1o pasado, aproximadamente un mill\u00f3n de euros, que no se incrementan por el \u00abesfuerzo\u00bb que ha realizado la organizaci\u00f3n.<\/p>\n<p>\u00abLa campa\u00f1a arranc\u00f3 el s\u00e1bado pasado, y en los primeros d\u00edas no ha habido que lamentar ninguna circunstancia digna de menci\u00f3n, m\u00e1s all\u00e1 de las habituales quemaduras de sol o picaduras de peces ara\u00f1a\u00bb, ha indicado la edil.<\/p>\n<p>La concejala de Playas en funciones ha subrayado que \u00abaunque este a\u00f1o no nos han dado, por poquito, la Bandera Azul a La Malvarrosa y El Cabanyal, s\u00ed hemos obtenido el Distintivo Azul por Salvamento y Socorrismo, lo que refleja la buena labor y profesionalidad del servicio que se presta\u00bb. \u00c9sta es la segunda ocasi\u00f3n en que se obtiene este reconocimiento.<\/p>\n","protected":false},"excerpt":{"rendered":"<p>La concejala de Sanidad y Playas en funciones del Ayuntamiento de Valencia, Lourdes Bernal, ha presentado este martes el Operativo de Cruz Roja para la campa\u00f1a estival 2015, que comenz\u00f3 el pasado s\u00e1bado, y que presenta un incremento en el horario de asistencia y en las fechas de prestaci\u00f3n del servicio, as\u00ed como un nuevo<\/p>\n","protected":false},"author":1,"featured_media":39362,"comment_status":"open","ping_status":"closed","sticky":false,"template":"","format":"standard","meta":{"footnotes":""},"categories":[222],"tags":[],"class_list":{"0":"post-39361","1":"post","2":"type-post","3":"status-publish","4":"format-standard","5":"has-post-thumbnail","7":"category-actualidad-turismo"},"aioseo_notices":[],"aioseo_head":"\n\t\t<!-- All in One SEO Pro 4.9.6.1 - aioseo.com -->\n\t<meta name=\"description\" content=\"La concejala de Sanidad y Playas en funciones del Ayuntamiento de Valencia, Lourdes Bernal, ha presentado este martes el Operativo de Cruz Roja para la campa\u00f1a estival 2015, que comenz\u00f3 el pasado s\u00e1bado, y que presenta un incremento en el horario de asistencia y en las fechas de prestaci\u00f3n del servicio, as\u00ed como un nuevo\" \/>\n\t<meta name=\"robots\" content=\"max-image-preview:large\" \/>\n\t<meta name=\"author\" content=\"admin\"\/>\n\t<meta name=\"google-site-verification\" content=\"UA-38556648-1\" \/>\n\t<meta name=\"keywords\" content=\"actualidad turismo\" \/>\n\t<link rel=\"canonical\" href=\"https:\/\/eldigitaldeasturias.com\/magazine365\/el-dispositivo-de-cruz-roja-en-playas-de-valencia-implanta-un-nuevo-punto-accesible\/\" \/>\n\t<meta name=\"generator\" content=\"All in One SEO Pro (AIOSEO) 4.9.6.1\" \/>\n\t\t<meta property=\"og:locale\" content=\"es_ES\" \/>\n\t\t<meta property=\"og:site_name\" content=\"El Digital de Asturias \u2013 Revista de ocio, turismo y estilo de vida\" \/>\n\t\t<meta property=\"og:type\" content=\"article\" \/>\n\t\t<meta property=\"og:title\" content=\"El dispositivo de Cruz Roja en playas de Valencia implanta un nuevo punto accesible | El Digital de Asturias\" \/>\n\t\t<meta property=\"og:description\" content=\"La concejala de Sanidad y Playas en funciones del Ayuntamiento de Valencia, Lourdes Bernal, ha presentado este martes el Operativo de Cruz Roja para la campa\u00f1a estival 2015, que comenz\u00f3 el pasado s\u00e1bado, y que presenta un incremento en el horario de asistencia y en las fechas de prestaci\u00f3n del servicio, as\u00ed como un nuevo\" \/>\n\t\t<meta property=\"og:url\" content=\"https:\/\/eldigitaldeasturias.com\/magazine365\/el-dispositivo-de-cruz-roja-en-playas-de-valencia-implanta-un-nuevo-punto-accesible\/\" \/>\n\t\t<meta property=\"og:image\" content=\"https:\/\/eldigitaldeasturias.com\/magazine365\/wp-content\/uploads\/2015\/06\/fotonoticia_20150609165151_800.jpg\" \/>\n\t\t<meta property=\"og:image:secure_url\" content=\"https:\/\/eldigitaldeasturias.com\/magazine365\/wp-content\/uploads\/2015\/06\/fotonoticia_20150609165151_800.jpg\" \/>\n\t\t<meta property=\"og:image:width\" content=\"800\" \/>\n\t\t<meta property=\"og:image:height\" content=\"533\" \/>\n\t\t<meta property=\"article:published_time\" content=\"2015-06-10T00:40:25+00:00\" \/>\n\t\t<meta property=\"article:modified_time\" content=\"2015-06-10T00:40:25+00:00\" \/>\n\t\t<meta name=\"twitter:card\" content=\"summary_large_image\" \/>\n\t\t<meta name=\"twitter:title\" content=\"El dispositivo de Cruz Roja en playas de Valencia implanta un nuevo punto accesible | El Digital de Asturias\" \/>\n\t\t<meta name=\"twitter:description\" content=\"La concejala de Sanidad y Playas en funciones del Ayuntamiento de Valencia, Lourdes Bernal, ha presentado este martes el Operativo de Cruz Roja para la campa\u00f1a estival 2015, que comenz\u00f3 el pasado s\u00e1bado, y que presenta un incremento en el horario de asistencia y en las fechas de prestaci\u00f3n del servicio, as\u00ed como un nuevo\" \/>\n\t\t<meta name=\"twitter:image\" content=\"https:\/\/eldigitaldeasturias.com\/magazine365\/wp-content\/uploads\/2015\/06\/fotonoticia_20150609165151_800.jpg\" \/>\n\t\t<script type=\"application\/ld+json\" class=\"aioseo-schema\">\n\t\t\t{\"@context\":\"https:\\\/\\\/schema.org\",\"@graph\":[{\"@type\":\"Article\",\"@id\":\"https:\\\/\\\/eldigitaldeasturias.com\\\/magazine365\\\/el-dispositivo-de-cruz-roja-en-playas-de-valencia-implanta-un-nuevo-punto-accesible\\\/#article\",\"name\":\"El dispositivo de Cruz Roja en playas de Valencia implanta un nuevo punto accesible | El Digital de Asturias\",\"headline\":\"El dispositivo de Cruz Roja en playas de Valencia implanta un nuevo punto accesible\",\"author\":{\"@id\":\"https:\\\/\\\/eldigitaldeasturias.com\\\/magazine365\\\/author\\\/admin\\\/#author\"},\"publisher\":{\"@id\":\"https:\\\/\\\/eldigitaldeasturias.com\\\/magazine365\\\/#organization\"},\"image\":{\"@type\":\"ImageObject\",\"url\":\"https:\\\/\\\/eldigitaldeasturias.com\\\/magazine365\\\/wp-content\\\/uploads\\\/2015\\\/06\\\/fotonoticia_20150609165151_800.jpg\",\"width\":800,\"height\":533},\"datePublished\":\"2015-06-10T02:10:25+02:00\",\"dateModified\":\"2015-06-10T02:10:25+02:00\",\"inLanguage\":\"es-ES\",\"mainEntityOfPage\":{\"@id\":\"https:\\\/\\\/eldigitaldeasturias.com\\\/magazine365\\\/el-dispositivo-de-cruz-roja-en-playas-de-valencia-implanta-un-nuevo-punto-accesible\\\/#webpage\"},\"isPartOf\":{\"@id\":\"https:\\\/\\\/eldigitaldeasturias.com\\\/magazine365\\\/el-dispositivo-de-cruz-roja-en-playas-de-valencia-implanta-un-nuevo-punto-accesible\\\/#webpage\"},\"articleSection\":\"Actualidad Turismo\"},{\"@type\":\"BreadcrumbList\",\"@id\":\"https:\\\/\\\/eldigitaldeasturias.com\\\/magazine365\\\/el-dispositivo-de-cruz-roja-en-playas-de-valencia-implanta-un-nuevo-punto-accesible\\\/#breadcrumblist\",\"itemListElement\":[{\"@type\":\"ListItem\",\"@id\":\"https:\\\/\\\/eldigitaldeasturias.com\\\/magazine365#listItem\",\"position\":1,\"name\":\"Home\",\"item\":\"https:\\\/\\\/eldigitaldeasturias.com\\\/magazine365\",\"nextItem\":{\"@type\":\"ListItem\",\"@id\":\"https:\\\/\\\/eldigitaldeasturias.com\\\/magazine365\\\/category\\\/actualidad-turismo\\\/#listItem\",\"name\":\"Actualidad Turismo\"}},{\"@type\":\"ListItem\",\"@id\":\"https:\\\/\\\/eldigitaldeasturias.com\\\/magazine365\\\/category\\\/actualidad-turismo\\\/#listItem\",\"position\":2,\"name\":\"Actualidad Turismo\",\"item\":\"https:\\\/\\\/eldigitaldeasturias.com\\\/magazine365\\\/category\\\/actualidad-turismo\\\/\",\"nextItem\":{\"@type\":\"ListItem\",\"@id\":\"https:\\\/\\\/eldigitaldeasturias.com\\\/magazine365\\\/el-dispositivo-de-cruz-roja-en-playas-de-valencia-implanta-un-nuevo-punto-accesible\\\/#listItem\",\"name\":\"El dispositivo de Cruz Roja en playas de Valencia implanta un nuevo punto accesible\"},\"previousItem\":{\"@type\":\"ListItem\",\"@id\":\"https:\\\/\\\/eldigitaldeasturias.com\\\/magazine365#listItem\",\"name\":\"Home\"}},{\"@type\":\"ListItem\",\"@id\":\"https:\\\/\\\/eldigitaldeasturias.com\\\/magazine365\\\/el-dispositivo-de-cruz-roja-en-playas-de-valencia-implanta-un-nuevo-punto-accesible\\\/#listItem\",\"position\":3,\"name\":\"El dispositivo de Cruz Roja en playas de Valencia implanta un nuevo punto accesible\",\"previousItem\":{\"@type\":\"ListItem\",\"@id\":\"https:\\\/\\\/eldigitaldeasturias.com\\\/magazine365\\\/category\\\/actualidad-turismo\\\/#listItem\",\"name\":\"Actualidad Turismo\"}}]},{\"@type\":\"Organization\",\"@id\":\"https:\\\/\\\/eldigitaldeasturias.com\\\/magazine365\\\/#organization\",\"name\":\"El digital de Asturias\",\"description\":\"Revista de ocio, turismo y estilo de vida\",\"url\":\"https:\\\/\\\/eldigitaldeasturias.com\\\/magazine365\\\/\",\"logo\":{\"@type\":\"ImageObject\",\"url\":\"https:\\\/\\\/www.eldigitaldeasturias.com\\\/noticias\\\/wp-content\\\/uploads\\\/2020\\\/12\\\/EDA.jpg\",\"@id\":\"https:\\\/\\\/eldigitaldeasturias.com\\\/magazine365\\\/el-dispositivo-de-cruz-roja-en-playas-de-valencia-implanta-un-nuevo-punto-accesible\\\/#organizationLogo\"},\"image\":{\"@id\":\"https:\\\/\\\/eldigitaldeasturias.com\\\/magazine365\\\/el-dispositivo-de-cruz-roja-en-playas-de-valencia-implanta-un-nuevo-punto-accesible\\\/#organizationLogo\"}},{\"@type\":\"Person\",\"@id\":\"https:\\\/\\\/eldigitaldeasturias.com\\\/magazine365\\\/author\\\/admin\\\/#author\",\"url\":\"https:\\\/\\\/eldigitaldeasturias.com\\\/magazine365\\\/author\\\/admin\\\/\",\"name\":\"admin\",\"image\":{\"@type\":\"ImageObject\",\"@id\":\"https:\\\/\\\/eldigitaldeasturias.com\\\/magazine365\\\/el-dispositivo-de-cruz-roja-en-playas-de-valencia-implanta-un-nuevo-punto-accesible\\\/#authorImage\",\"url\":\"https:\\\/\\\/eldigitaldeasturias.com\\\/magazine365\\\/wp-content\\\/litespeed\\\/avatar\\\/e571bcf59a0edd6fa6838245a470f2fe.jpg?ver=1776969259\",\"width\":96,\"height\":96,\"caption\":\"admin\"}},{\"@type\":\"WebPage\",\"@id\":\"https:\\\/\\\/eldigitaldeasturias.com\\\/magazine365\\\/el-dispositivo-de-cruz-roja-en-playas-de-valencia-implanta-un-nuevo-punto-accesible\\\/#webpage\",\"url\":\"https:\\\/\\\/eldigitaldeasturias.com\\\/magazine365\\\/el-dispositivo-de-cruz-roja-en-playas-de-valencia-implanta-un-nuevo-punto-accesible\\\/\",\"name\":\"El dispositivo de Cruz Roja en playas de Valencia implanta un nuevo punto accesible | El Digital de Asturias\",\"description\":\"La concejala de Sanidad y Playas en funciones del Ayuntamiento de Valencia, Lourdes Bernal, ha presentado este martes el Operativo de Cruz Roja para la campa\\u00f1a estival 2015, que comenz\\u00f3 el pasado s\\u00e1bado, y que presenta un incremento en el horario de asistencia y en las fechas de prestaci\\u00f3n del servicio, as\\u00ed como un nuevo\",\"inLanguage\":\"es-ES\",\"isPartOf\":{\"@id\":\"https:\\\/\\\/eldigitaldeasturias.com\\\/magazine365\\\/#website\"},\"breadcrumb\":{\"@id\":\"https:\\\/\\\/eldigitaldeasturias.com\\\/magazine365\\\/el-dispositivo-de-cruz-roja-en-playas-de-valencia-implanta-un-nuevo-punto-accesible\\\/#breadcrumblist\"},\"author\":{\"@id\":\"https:\\\/\\\/eldigitaldeasturias.com\\\/magazine365\\\/author\\\/admin\\\/#author\"},\"creator\":{\"@id\":\"https:\\\/\\\/eldigitaldeasturias.com\\\/magazine365\\\/author\\\/admin\\\/#author\"},\"image\":{\"@type\":\"ImageObject\",\"url\":\"https:\\\/\\\/eldigitaldeasturias.com\\\/magazine365\\\/wp-content\\\/uploads\\\/2015\\\/06\\\/fotonoticia_20150609165151_800.jpg\",\"@id\":\"https:\\\/\\\/eldigitaldeasturias.com\\\/magazine365\\\/el-dispositivo-de-cruz-roja-en-playas-de-valencia-implanta-un-nuevo-punto-accesible\\\/#mainImage\",\"width\":800,\"height\":533},\"primaryImageOfPage\":{\"@id\":\"https:\\\/\\\/eldigitaldeasturias.com\\\/magazine365\\\/el-dispositivo-de-cruz-roja-en-playas-de-valencia-implanta-un-nuevo-punto-accesible\\\/#mainImage\"},\"datePublished\":\"2015-06-10T02:10:25+02:00\",\"dateModified\":\"2015-06-10T02:10:25+02:00\"},{\"@type\":\"WebSite\",\"@id\":\"https:\\\/\\\/eldigitaldeasturias.com\\\/magazine365\\\/#website\",\"url\":\"https:\\\/\\\/eldigitaldeasturias.com\\\/magazine365\\\/\",\"name\":\"El Digital de Asturias\",\"description\":\"Revista de ocio, turismo y estilo de vida\",\"inLanguage\":\"es-ES\",\"publisher\":{\"@id\":\"https:\\\/\\\/eldigitaldeasturias.com\\\/magazine365\\\/#organization\"}}]}\n\t\t<\/script>\n\t\t<!-- All in One SEO Pro -->\r\n\t\t<title>El dispositivo de Cruz Roja en playas de Valencia implanta un nuevo punto accesible | El Digital de Asturias<\/title>\n\n","aioseo_head_json":{"title":"El dispositivo de Cruz Roja en playas de Valencia implanta un nuevo punto accesible | El Digital de Asturias","description":"La concejala de Sanidad y Playas en funciones del Ayuntamiento de Valencia, Lourdes Bernal, ha presentado este martes el Operativo de Cruz Roja para la campa\u00f1a estival 2015, que comenz\u00f3 el pasado s\u00e1bado, y que presenta un incremento en el horario de asistencia y en las fechas de prestaci\u00f3n del servicio, as\u00ed como un nuevo","canonical_url":"https:\/\/eldigitaldeasturias.com\/magazine365\/el-dispositivo-de-cruz-roja-en-playas-de-valencia-implanta-un-nuevo-punto-accesible\/","robots":"max-image-preview:large","keywords":"actualidad turismo","webmasterTools":{"google-site-verification":"UA-38556648-1","miscellaneous":""},"schema":{"@context":"https:\/\/schema.org","@graph":[{"@type":"Article","@id":"https:\/\/eldigitaldeasturias.com\/magazine365\/el-dispositivo-de-cruz-roja-en-playas-de-valencia-implanta-un-nuevo-punto-accesible\/#article","name":"El dispositivo de Cruz Roja en playas de Valencia implanta un nuevo punto accesible | El Digital de Asturias","headline":"El dispositivo de Cruz Roja en playas de Valencia implanta un nuevo punto accesible","author":{"@id":"https:\/\/eldigitaldeasturias.com\/magazine365\/author\/admin\/#author"},"publisher":{"@id":"https:\/\/eldigitaldeasturias.com\/magazine365\/#organization"},"image":{"@type":"ImageObject","url":"https:\/\/eldigitaldeasturias.com\/magazine365\/wp-content\/uploads\/2015\/06\/fotonoticia_20150609165151_800.jpg","width":800,"height":533},"datePublished":"2015-06-10T02:10:25+02:00","dateModified":"2015-06-10T02:10:25+02:00","inLanguage":"es-ES","mainEntityOfPage":{"@id":"https:\/\/eldigitaldeasturias.com\/magazine365\/el-dispositivo-de-cruz-roja-en-playas-de-valencia-implanta-un-nuevo-punto-accesible\/#webpage"},"isPartOf":{"@id":"https:\/\/eldigitaldeasturias.com\/magazine365\/el-dispositivo-de-cruz-roja-en-playas-de-valencia-implanta-un-nuevo-punto-accesible\/#webpage"},"articleSection":"Actualidad Turismo"},{"@type":"BreadcrumbList","@id":"https:\/\/eldigitaldeasturias.com\/magazine365\/el-dispositivo-de-cruz-roja-en-playas-de-valencia-implanta-un-nuevo-punto-accesible\/#breadcrumblist","itemListElement":[{"@type":"ListItem","@id":"https:\/\/eldigitaldeasturias.com\/magazine365#listItem","position":1,"name":"Home","item":"https:\/\/eldigitaldeasturias.com\/magazine365","nextItem":{"@type":"ListItem","@id":"https:\/\/eldigitaldeasturias.com\/magazine365\/category\/actualidad-turismo\/#listItem","name":"Actualidad Turismo"}},{"@type":"ListItem","@id":"https:\/\/eldigitaldeasturias.com\/magazine365\/category\/actualidad-turismo\/#listItem","position":2,"name":"Actualidad Turismo","item":"https:\/\/eldigitaldeasturias.com\/magazine365\/category\/actualidad-turismo\/","nextItem":{"@type":"ListItem","@id":"https:\/\/eldigitaldeasturias.com\/magazine365\/el-dispositivo-de-cruz-roja-en-playas-de-valencia-implanta-un-nuevo-punto-accesible\/#listItem","name":"El dispositivo de Cruz Roja en playas de Valencia implanta un nuevo punto accesible"},"previousItem":{"@type":"ListItem","@id":"https:\/\/eldigitaldeasturias.com\/magazine365#listItem","name":"Home"}},{"@type":"ListItem","@id":"https:\/\/eldigitaldeasturias.com\/magazine365\/el-dispositivo-de-cruz-roja-en-playas-de-valencia-implanta-un-nuevo-punto-accesible\/#listItem","position":3,"name":"El dispositivo de Cruz Roja en playas de Valencia implanta un nuevo punto accesible","previousItem":{"@type":"ListItem","@id":"https:\/\/eldigitaldeasturias.com\/magazine365\/category\/actualidad-turismo\/#listItem","name":"Actualidad Turismo"}}]},{"@type":"Organization","@id":"https:\/\/eldigitaldeasturias.com\/magazine365\/#organization","name":"El digital de Asturias","description":"Revista de ocio, turismo y estilo de vida","url":"https:\/\/eldigitaldeasturias.com\/magazine365\/","logo":{"@type":"ImageObject","url":"https:\/\/www.eldigitaldeasturias.com\/noticias\/wp-content\/uploads\/2020\/12\/EDA.jpg","@id":"https:\/\/eldigitaldeasturias.com\/magazine365\/el-dispositivo-de-cruz-roja-en-playas-de-valencia-implanta-un-nuevo-punto-accesible\/#organizationLogo"},"image":{"@id":"https:\/\/eldigitaldeasturias.com\/magazine365\/el-dispositivo-de-cruz-roja-en-playas-de-valencia-implanta-un-nuevo-punto-accesible\/#organizationLogo"}},{"@type":"Person","@id":"https:\/\/eldigitaldeasturias.com\/magazine365\/author\/admin\/#author","url":"https:\/\/eldigitaldeasturias.com\/magazine365\/author\/admin\/","name":"admin","image":{"@type":"ImageObject","@id":"https:\/\/eldigitaldeasturias.com\/magazine365\/el-dispositivo-de-cruz-roja-en-playas-de-valencia-implanta-un-nuevo-punto-accesible\/#authorImage","url":"https:\/\/eldigitaldeasturias.com\/magazine365\/wp-content\/litespeed\/avatar\/e571bcf59a0edd6fa6838245a470f2fe.jpg?ver=1776969259","width":96,"height":96,"caption":"admin"}},{"@type":"WebPage","@id":"https:\/\/eldigitaldeasturias.com\/magazine365\/el-dispositivo-de-cruz-roja-en-playas-de-valencia-implanta-un-nuevo-punto-accesible\/#webpage","url":"https:\/\/eldigitaldeasturias.com\/magazine365\/el-dispositivo-de-cruz-roja-en-playas-de-valencia-implanta-un-nuevo-punto-accesible\/","name":"El dispositivo de Cruz Roja en playas de Valencia implanta un nuevo punto accesible | El Digital de Asturias","description":"La concejala de Sanidad y Playas en funciones del Ayuntamiento de Valencia, Lourdes Bernal, ha presentado este martes el Operativo de Cruz Roja para la campa\u00f1a estival 2015, que comenz\u00f3 el pasado s\u00e1bado, y que presenta un incremento en el horario de asistencia y en las fechas de prestaci\u00f3n del servicio, as\u00ed como un nuevo","inLanguage":"es-ES","isPartOf":{"@id":"https:\/\/eldigitaldeasturias.com\/magazine365\/#website"},"breadcrumb":{"@id":"https:\/\/eldigitaldeasturias.com\/magazine365\/el-dispositivo-de-cruz-roja-en-playas-de-valencia-implanta-un-nuevo-punto-accesible\/#breadcrumblist"},"author":{"@id":"https:\/\/eldigitaldeasturias.com\/magazine365\/author\/admin\/#author"},"creator":{"@id":"https:\/\/eldigitaldeasturias.com\/magazine365\/author\/admin\/#author"},"image":{"@type":"ImageObject","url":"https:\/\/eldigitaldeasturias.com\/magazine365\/wp-content\/uploads\/2015\/06\/fotonoticia_20150609165151_800.jpg","@id":"https:\/\/eldigitaldeasturias.com\/magazine365\/el-dispositivo-de-cruz-roja-en-playas-de-valencia-implanta-un-nuevo-punto-accesible\/#mainImage","width":800,"height":533},"primaryImageOfPage":{"@id":"https:\/\/eldigitaldeasturias.com\/magazine365\/el-dispositivo-de-cruz-roja-en-playas-de-valencia-implanta-un-nuevo-punto-accesible\/#mainImage"},"datePublished":"2015-06-10T02:10:25+02:00","dateModified":"2015-06-10T02:10:25+02:00"},{"@type":"WebSite","@id":"https:\/\/eldigitaldeasturias.com\/magazine365\/#website","url":"https:\/\/eldigitaldeasturias.com\/magazine365\/","name":"El Digital de Asturias","description":"Revista de ocio, turismo y estilo de vida","inLanguage":"es-ES","publisher":{"@id":"https:\/\/eldigitaldeasturias.com\/magazine365\/#organization"}}]},"og:locale":"es_ES","og:site_name":"El Digital de Asturias \u2013 Revista de ocio, turismo y estilo de vida","og:type":"article","og:title":"El dispositivo de Cruz Roja en playas de Valencia implanta un nuevo punto accesible | El Digital de Asturias","og:description":"La concejala de Sanidad y Playas en funciones del Ayuntamiento de Valencia, Lourdes Bernal, ha presentado este martes el Operativo de Cruz Roja para la campa\u00f1a estival 2015, que comenz\u00f3 el pasado s\u00e1bado, y que presenta un incremento en el horario de asistencia y en las fechas de prestaci\u00f3n del servicio, as\u00ed como un nuevo","og:url":"https:\/\/eldigitaldeasturias.com\/magazine365\/el-dispositivo-de-cruz-roja-en-playas-de-valencia-implanta-un-nuevo-punto-accesible\/","og:image":"https:\/\/eldigitaldeasturias.com\/magazine365\/wp-content\/uploads\/2015\/06\/fotonoticia_20150609165151_800.jpg","og:image:secure_url":"https:\/\/eldigitaldeasturias.com\/magazine365\/wp-content\/uploads\/2015\/06\/fotonoticia_20150609165151_800.jpg","og:image:width":800,"og:image:height":533,"article:published_time":"2015-06-10T00:40:25+00:00","article:modified_time":"2015-06-10T00:40:25+00:00","twitter:card":"summary_large_image","twitter:title":"El dispositivo de Cruz Roja en playas de Valencia implanta un nuevo punto accesible | El Digital de Asturias","twitter:description":"La concejala de Sanidad y Playas en funciones del Ayuntamiento de Valencia, Lourdes Bernal, ha presentado este martes el Operativo de Cruz Roja para la campa\u00f1a estival 2015, que comenz\u00f3 el pasado s\u00e1bado, y que presenta un incremento en el horario de asistencia y en las fechas de prestaci\u00f3n del servicio, as\u00ed como un nuevo","twitter:image":"https:\/\/eldigitaldeasturias.com\/magazine365\/wp-content\/uploads\/2015\/06\/fotonoticia_20150609165151_800.jpg"},"aioseo_meta_data":{"post_id":"39361","title":null,"description":null,"keywords":null,"keyphrases":null,"primary_term":null,"canonical_url":null,"og_title":null,"og_description":null,"og_object_type":"default","og_image_type":"default","og_image_url":null,"og_image_width":null,"og_image_height":null,"og_image_custom_url":null,"og_image_custom_fields":null,"og_video":null,"og_custom_url":null,"og_article_section":null,"og_article_tags":null,"twitter_use_og":false,"twitter_card":"default","twitter_image_type":"default","twitter_image_url":null,"twitter_image_custom_url":null,"twitter_image_custom_fields":null,"twitter_title":null,"twitter_description":null,"schema":{"blockGraphs":[],"customGraphs":[],"default":{"data":{"Article":[],"Course":[],"Dataset":[],"FAQPage":[],"Movie":[],"Person":[],"Product":[],"ProductReview":[],"Car":[],"Recipe":[],"Service":[],"SoftwareApplication":[],"WebPage":[]},"graphName":"","isEnabled":true},"graphs":[],"defaultGraph":"","defaultPostTypeGraph":""},"schema_type":null,"schema_type_options":null,"pillar_content":false,"robots_default":true,"robots_noindex":false,"robots_noarchive":false,"robots_nosnippet":false,"robots_nofollow":false,"robots_noimageindex":false,"robots_noodp":false,"robots_notranslate":false,"robots_max_snippet":null,"robots_max_videopreview":null,"robots_max_imagepreview":"large","priority":null,"frequency":null,"location":null,"local_seo":null,"seo_analyzer_scan_date":"2025-09-19 11:26:16","breadcrumb_settings":null,"limit_modified_date":false,"open_ai":null,"ai":null,"created":"2021-03-09 02:42:45","updated":"2025-09-19 11:26:16"},"aioseo_breadcrumb":"<div class=\"aioseo-breadcrumbs\"><span class=\"aioseo-breadcrumb\">\n\t<a href=\"https:\/\/eldigitaldeasturias.com\/magazine365\" title=\"Home\">Home<\/a>\n<\/span><span class=\"aioseo-breadcrumb-separator\">\u2013<\/span><span class=\"aioseo-breadcrumb\">\n\t<a href=\"https:\/\/eldigitaldeasturias.com\/magazine365\/category\/actualidad-turismo\/\" title=\"Actualidad Turismo\">Actualidad Turismo<\/a>\n<\/span><span class=\"aioseo-breadcrumb-separator\">\u2013<\/span><span class=\"aioseo-breadcrumb\">\n\t<a href=\"https:\/\/eldigitaldeasturias.com\/magazine365\/el-dispositivo-de-cruz-roja-en-playas-de-valencia-implanta-un-nuevo-punto-accesible\/\" title=\"El dispositivo de Cruz Roja en playas de Valencia implanta un nuevo punto accesible\">El dispositivo de Cruz Roja en playas de Valencia implanta un nuevo punto accesible<\/a>\n<\/span><\/div>","aioseo_breadcrumb_json":[{"label":"Home","link":"https:\/\/eldigitaldeasturias.com\/magazine365"},{"label":"Actualidad Turismo","link":"https:\/\/eldigitaldeasturias.com\/magazine365\/category\/actualidad-turismo\/"},{"label":"El dispositivo de Cruz Roja en playas de Valencia implanta un nuevo punto accesible","link":"https:\/\/eldigitaldeasturias.com\/magazine365\/el-dispositivo-de-cruz-roja-en-playas-de-valencia-implanta-un-nuevo-punto-accesible\/"}],"_links":{"self":[{"href":"https:\/\/eldigitaldeasturias.com\/magazine365\/wp-json\/wp\/v2\/posts\/39361","targetHints":{"allow":["GET"]}}],"collection":[{"href":"https:\/\/eldigitaldeasturias.com\/magazine365\/wp-json\/wp\/v2\/posts"}],"about":[{"href":"https:\/\/eldigitaldeasturias.com\/magazine365\/wp-json\/wp\/v2\/types\/post"}],"author":[{"embeddable":true,"href":"https:\/\/eldigitaldeasturias.com\/magazine365\/wp-json\/wp\/v2\/users\/1"}],"replies":[{"embeddable":true,"href":"https:\/\/eldigitaldeasturias.com\/magazine365\/wp-json\/wp\/v2\/comments?post=39361"}],"version-history":[{"count":0,"href":"https:\/\/eldigitaldeasturias.com\/magazine365\/wp-json\/wp\/v2\/posts\/39361\/revisions"}],"wp:featuredmedia":[{"embeddable":true,"href":"https:\/\/eldigitaldeasturias.com\/magazine365\/wp-json\/wp\/v2\/media\/39362"}],"wp:attachment":[{"href":"https:\/\/eldigitaldeasturias.com\/magazine365\/wp-json\/wp\/v2\/media?parent=39361"}],"wp:term":[{"taxonomy":"category","embeddable":true,"href":"https:\/\/eldigitaldeasturias.com\/magazine365\/wp-json\/wp\/v2\/categories?post=39361"},{"taxonomy":"post_tag","embeddable":true,"href":"https:\/\/eldigitaldeasturias.com\/magazine365\/wp-json\/wp\/v2\/tags?post=39361"}],"curies":[{"name":"wp","href":"https:\/\/api.w.org\/{rel}","templated":true}]}}