{"id":39352,"date":"2015-06-10T02:04:10","date_gmt":"2015-06-10T00:34:10","guid":{"rendered":"http:\/\/eldigitaldeasturias.com\/magazine365\/?p=39352"},"modified":"2015-06-10T02:04:10","modified_gmt":"2015-06-10T00:34:10","slug":"melilla-tendra-un-barco-con-destino-andalucia-cada-ocho-horas","status":"publish","type":"post","link":"https:\/\/eldigitaldeasturias.com\/magazine365\/melilla-tendra-un-barco-con-destino-andalucia-cada-ocho-horas\/","title":{"rendered":"Melilla tendr\u00e1 un barco con destino Andaluc\u00eda cada ocho horas"},"content":{"rendered":"<p><img fetchpriority=\"high\" decoding=\"async\" class=\"alignleft size-medium wp-image-39353\" src=\"https:\/\/eldigitaldeasturias.com\/magazine365\/wp-content\/uploads\/2015\/06\/fotonoticia_20150609154711_800-360x239.jpg\" alt=\"fotonoticia_20150609154711_800\" width=\"360\" height=\"239\" srcset=\"https:\/\/eldigitaldeasturias.com\/magazine365\/wp-content\/uploads\/2015\/06\/fotonoticia_20150609154711_800-360x239.jpg 360w, https:\/\/eldigitaldeasturias.com\/magazine365\/wp-content\/uploads\/2015\/06\/fotonoticia_20150609154711_800-650x431.jpg 650w, https:\/\/eldigitaldeasturias.com\/magazine365\/wp-content\/uploads\/2015\/06\/fotonoticia_20150609154711_800-768x509.jpg 768w, https:\/\/eldigitaldeasturias.com\/magazine365\/wp-content\/uploads\/2015\/06\/fotonoticia_20150609154711_800-150x99.jpg 150w, https:\/\/eldigitaldeasturias.com\/magazine365\/wp-content\/uploads\/2015\/06\/fotonoticia_20150609154711_800-450x298.jpg 450w, https:\/\/eldigitaldeasturias.com\/magazine365\/wp-content\/uploads\/2015\/06\/fotonoticia_20150609154711_800-696x461.jpg 696w, https:\/\/eldigitaldeasturias.com\/magazine365\/wp-content\/uploads\/2015\/06\/fotonoticia_20150609154711_800-634x420.jpg 634w, https:\/\/eldigitaldeasturias.com\/magazine365\/wp-content\/uploads\/2015\/06\/fotonoticia_20150609154711_800-84x55.jpg 84w, https:\/\/eldigitaldeasturias.com\/magazine365\/wp-content\/uploads\/2015\/06\/fotonoticia_20150609154711_800.jpg 800w\" sizes=\"(max-width: 360px) 100vw, 360px\" \/>El Gobierno de Melilla ha destacado que cada ocho horas saldr\u00e1 un barco de pasajeros en direcci\u00f3n a Andaluc\u00eda despu\u00e9s de que Direcci\u00f3n General de Marina Mercante haya aceptado que la l\u00ednea con M\u00e1laga regrese a la noche, con salida a las 00.00 horas, mientras a Almer\u00eda ser\u00e1 por la ma\u00f1ana y a Almer\u00eda por la tarde.<\/p>\n<p>En declaraciones a los periodistas, el viceconsejero de Turismo, Javier Mateo (PP), ha subrayado adem\u00e1s que con la llegada del verano, se pondr\u00e1 en marcha tambi\u00e9n el barco r\u00e1pido que unir\u00e1 Melilla con M\u00e1laga y Almer\u00eda en menos de cuatro horas, coincidiendo con el inicio de la Operaci\u00f3n Paso del Estrecho (OPE).<\/p>\n<p>Javier Mateo ha destacado en este sentido que \u00abMelilla va a contar con el mejor transporte mar\u00edtimo de su historia\u00bb, realizado por las compa\u00f1\u00edas Trasmediterr\u00e1nea en el caso de M\u00e1laga y Almer\u00eda y la naviera Armas en el de Motril (Granada).<\/p>\n<p>El titular de Turismo ha dicho que esta frecuencia de viajes en barco entre la ciudad espa\u00f1ola del Norte de \u00c1frica y las tres ciudades andaluzas con las que tienen rutas de pasajeros \u00abse podr\u00e1 conseguir despu\u00e9s de que Marina Mercante haya aceptado variar los horarios fijadas en el contrato de adjudicaci\u00f3n del transporte mar\u00edtimo\u00bb y permitir de este modo que a partir del pr\u00f3ximo lunes 15 de junio la salida del ferry con M\u00e1laga se realice a las 00.00 horas y no a las 08.00 horas como se produce desde el pasado 1 de mayo.<\/p>\n<p>La variaci\u00f3n de horario tiene lugar despu\u00e9s de las quejas realizadas por distintos sectores sociales, econ\u00f3micos, sindicales y pol\u00edticos de Melilla contra el horario diurno a M\u00e1laga, porque imped\u00eda a los melillenses hacer gestiones m\u00e9dicas, comerciales, educativas o de cualquier otra \u00edndole en un mismo d\u00eda, sin necesidad de pasar la noche en la capital de la Costa del Sol.<\/p>\n","protected":false},"excerpt":{"rendered":"<p>El Gobierno de Melilla ha destacado que cada ocho horas saldr\u00e1 un barco de pasajeros en direcci\u00f3n a Andaluc\u00eda despu\u00e9s de que Direcci\u00f3n General de Marina Mercante haya aceptado que la l\u00ednea con M\u00e1laga regrese a la noche, con salida a las 00.00 horas, mientras a Almer\u00eda ser\u00e1 por la ma\u00f1ana y a Almer\u00eda por<\/p>\n","protected":false},"author":1,"featured_media":39353,"comment_status":"open","ping_status":"closed","sticky":false,"template":"","format":"standard","meta":{"footnotes":""},"categories":[222],"tags":[],"class_list":{"0":"post-39352","1":"post","2":"type-post","3":"status-publish","4":"format-standard","5":"has-post-thumbnail","7":"category-actualidad-turismo"},"aioseo_notices":[],"aioseo_head":"\n\t\t<!-- All in One SEO Pro 4.9.6.1 - aioseo.com -->\n\t<meta name=\"description\" content=\"El Gobierno de Melilla ha destacado que cada ocho horas saldr\u00e1 un barco de pasajeros en direcci\u00f3n a Andaluc\u00eda despu\u00e9s de que Direcci\u00f3n General de Marina Mercante haya aceptado que la l\u00ednea con M\u00e1laga regrese a la noche, con salida a las 00.00 horas, mientras a Almer\u00eda ser\u00e1 por la ma\u00f1ana y a Almer\u00eda por\" \/>\n\t<meta name=\"robots\" content=\"max-image-preview:large\" \/>\n\t<meta name=\"author\" content=\"admin\"\/>\n\t<meta name=\"google-site-verification\" content=\"UA-38556648-1\" \/>\n\t<meta name=\"keywords\" content=\"actualidad turismo\" \/>\n\t<link rel=\"canonical\" href=\"https:\/\/eldigitaldeasturias.com\/magazine365\/melilla-tendra-un-barco-con-destino-andalucia-cada-ocho-horas\/\" \/>\n\t<meta name=\"generator\" content=\"All in One SEO Pro (AIOSEO) 4.9.6.1\" \/>\n\t\t<meta property=\"og:locale\" content=\"es_ES\" \/>\n\t\t<meta property=\"og:site_name\" content=\"El Digital de Asturias \u2013 Revista de ocio, turismo y estilo de vida\" \/>\n\t\t<meta property=\"og:type\" content=\"article\" \/>\n\t\t<meta property=\"og:title\" content=\"Melilla tendr\u00e1 un barco con destino Andaluc\u00eda cada ocho horas | El Digital de Asturias\" \/>\n\t\t<meta property=\"og:description\" content=\"El Gobierno de Melilla ha destacado que cada ocho horas saldr\u00e1 un barco de pasajeros en direcci\u00f3n a Andaluc\u00eda despu\u00e9s de que Direcci\u00f3n General de Marina Mercante haya aceptado que la l\u00ednea con M\u00e1laga regrese a la noche, con salida a las 00.00 horas, mientras a Almer\u00eda ser\u00e1 por la ma\u00f1ana y a Almer\u00eda por\" \/>\n\t\t<meta property=\"og:url\" content=\"https:\/\/eldigitaldeasturias.com\/magazine365\/melilla-tendra-un-barco-con-destino-andalucia-cada-ocho-horas\/\" \/>\n\t\t<meta property=\"og:image\" content=\"https:\/\/eldigitaldeasturias.com\/magazine365\/wp-content\/uploads\/2015\/06\/fotonoticia_20150609154711_800.jpg\" \/>\n\t\t<meta property=\"og:image:secure_url\" content=\"https:\/\/eldigitaldeasturias.com\/magazine365\/wp-content\/uploads\/2015\/06\/fotonoticia_20150609154711_800.jpg\" \/>\n\t\t<meta property=\"og:image:width\" content=\"800\" \/>\n\t\t<meta property=\"og:image:height\" content=\"530\" \/>\n\t\t<meta property=\"article:published_time\" content=\"2015-06-10T00:34:10+00:00\" \/>\n\t\t<meta property=\"article:modified_time\" content=\"2015-06-10T00:34:10+00:00\" \/>\n\t\t<meta name=\"twitter:card\" content=\"summary_large_image\" \/>\n\t\t<meta name=\"twitter:title\" content=\"Melilla tendr\u00e1 un barco con destino Andaluc\u00eda cada ocho horas | El Digital de Asturias\" \/>\n\t\t<meta name=\"twitter:description\" content=\"El Gobierno de Melilla ha destacado que cada ocho horas saldr\u00e1 un barco de pasajeros en direcci\u00f3n a Andaluc\u00eda despu\u00e9s de que Direcci\u00f3n General de Marina Mercante haya aceptado que la l\u00ednea con M\u00e1laga regrese a la noche, con salida a las 00.00 horas, mientras a Almer\u00eda ser\u00e1 por la ma\u00f1ana y a Almer\u00eda por\" \/>\n\t\t<meta name=\"twitter:image\" content=\"https:\/\/eldigitaldeasturias.com\/magazine365\/wp-content\/uploads\/2015\/06\/fotonoticia_20150609154711_800.jpg\" \/>\n\t\t<script type=\"application\/ld+json\" class=\"aioseo-schema\">\n\t\t\t{\"@context\":\"https:\\\/\\\/schema.org\",\"@graph\":[{\"@type\":\"Article\",\"@id\":\"https:\\\/\\\/eldigitaldeasturias.com\\\/magazine365\\\/melilla-tendra-un-barco-con-destino-andalucia-cada-ocho-horas\\\/#article\",\"name\":\"Melilla tendr\\u00e1 un barco con destino Andaluc\\u00eda cada ocho horas | El Digital de Asturias\",\"headline\":\"Melilla tendr\\u00e1 un barco con destino Andaluc\\u00eda cada ocho horas\",\"author\":{\"@id\":\"https:\\\/\\\/eldigitaldeasturias.com\\\/magazine365\\\/author\\\/admin\\\/#author\"},\"publisher\":{\"@id\":\"https:\\\/\\\/eldigitaldeasturias.com\\\/magazine365\\\/#organization\"},\"image\":{\"@type\":\"ImageObject\",\"url\":\"https:\\\/\\\/eldigitaldeasturias.com\\\/magazine365\\\/wp-content\\\/uploads\\\/2015\\\/06\\\/fotonoticia_20150609154711_800.jpg\",\"width\":800,\"height\":530},\"datePublished\":\"2015-06-10T02:04:10+02:00\",\"dateModified\":\"2015-06-10T02:04:10+02:00\",\"inLanguage\":\"es-ES\",\"mainEntityOfPage\":{\"@id\":\"https:\\\/\\\/eldigitaldeasturias.com\\\/magazine365\\\/melilla-tendra-un-barco-con-destino-andalucia-cada-ocho-horas\\\/#webpage\"},\"isPartOf\":{\"@id\":\"https:\\\/\\\/eldigitaldeasturias.com\\\/magazine365\\\/melilla-tendra-un-barco-con-destino-andalucia-cada-ocho-horas\\\/#webpage\"},\"articleSection\":\"Actualidad Turismo\"},{\"@type\":\"BreadcrumbList\",\"@id\":\"https:\\\/\\\/eldigitaldeasturias.com\\\/magazine365\\\/melilla-tendra-un-barco-con-destino-andalucia-cada-ocho-horas\\\/#breadcrumblist\",\"itemListElement\":[{\"@type\":\"ListItem\",\"@id\":\"https:\\\/\\\/eldigitaldeasturias.com\\\/magazine365#listItem\",\"position\":1,\"name\":\"Home\",\"item\":\"https:\\\/\\\/eldigitaldeasturias.com\\\/magazine365\",\"nextItem\":{\"@type\":\"ListItem\",\"@id\":\"https:\\\/\\\/eldigitaldeasturias.com\\\/magazine365\\\/category\\\/actualidad-turismo\\\/#listItem\",\"name\":\"Actualidad Turismo\"}},{\"@type\":\"ListItem\",\"@id\":\"https:\\\/\\\/eldigitaldeasturias.com\\\/magazine365\\\/category\\\/actualidad-turismo\\\/#listItem\",\"position\":2,\"name\":\"Actualidad Turismo\",\"item\":\"https:\\\/\\\/eldigitaldeasturias.com\\\/magazine365\\\/category\\\/actualidad-turismo\\\/\",\"nextItem\":{\"@type\":\"ListItem\",\"@id\":\"https:\\\/\\\/eldigitaldeasturias.com\\\/magazine365\\\/melilla-tendra-un-barco-con-destino-andalucia-cada-ocho-horas\\\/#listItem\",\"name\":\"Melilla tendr\\u00e1 un barco con destino Andaluc\\u00eda cada ocho horas\"},\"previousItem\":{\"@type\":\"ListItem\",\"@id\":\"https:\\\/\\\/eldigitaldeasturias.com\\\/magazine365#listItem\",\"name\":\"Home\"}},{\"@type\":\"ListItem\",\"@id\":\"https:\\\/\\\/eldigitaldeasturias.com\\\/magazine365\\\/melilla-tendra-un-barco-con-destino-andalucia-cada-ocho-horas\\\/#listItem\",\"position\":3,\"name\":\"Melilla tendr\\u00e1 un barco con destino Andaluc\\u00eda cada ocho horas\",\"previousItem\":{\"@type\":\"ListItem\",\"@id\":\"https:\\\/\\\/eldigitaldeasturias.com\\\/magazine365\\\/category\\\/actualidad-turismo\\\/#listItem\",\"name\":\"Actualidad Turismo\"}}]},{\"@type\":\"Organization\",\"@id\":\"https:\\\/\\\/eldigitaldeasturias.com\\\/magazine365\\\/#organization\",\"name\":\"El digital de Asturias\",\"description\":\"Revista de ocio, turismo y estilo de vida\",\"url\":\"https:\\\/\\\/eldigitaldeasturias.com\\\/magazine365\\\/\",\"logo\":{\"@type\":\"ImageObject\",\"url\":\"https:\\\/\\\/www.eldigitaldeasturias.com\\\/noticias\\\/wp-content\\\/uploads\\\/2020\\\/12\\\/EDA.jpg\",\"@id\":\"https:\\\/\\\/eldigitaldeasturias.com\\\/magazine365\\\/melilla-tendra-un-barco-con-destino-andalucia-cada-ocho-horas\\\/#organizationLogo\"},\"image\":{\"@id\":\"https:\\\/\\\/eldigitaldeasturias.com\\\/magazine365\\\/melilla-tendra-un-barco-con-destino-andalucia-cada-ocho-horas\\\/#organizationLogo\"}},{\"@type\":\"Person\",\"@id\":\"https:\\\/\\\/eldigitaldeasturias.com\\\/magazine365\\\/author\\\/admin\\\/#author\",\"url\":\"https:\\\/\\\/eldigitaldeasturias.com\\\/magazine365\\\/author\\\/admin\\\/\",\"name\":\"admin\",\"image\":{\"@type\":\"ImageObject\",\"@id\":\"https:\\\/\\\/eldigitaldeasturias.com\\\/magazine365\\\/melilla-tendra-un-barco-con-destino-andalucia-cada-ocho-horas\\\/#authorImage\",\"url\":\"https:\\\/\\\/eldigitaldeasturias.com\\\/magazine365\\\/wp-content\\\/litespeed\\\/avatar\\\/e571bcf59a0edd6fa6838245a470f2fe.jpg?ver=1776969259\",\"width\":96,\"height\":96,\"caption\":\"admin\"}},{\"@type\":\"WebPage\",\"@id\":\"https:\\\/\\\/eldigitaldeasturias.com\\\/magazine365\\\/melilla-tendra-un-barco-con-destino-andalucia-cada-ocho-horas\\\/#webpage\",\"url\":\"https:\\\/\\\/eldigitaldeasturias.com\\\/magazine365\\\/melilla-tendra-un-barco-con-destino-andalucia-cada-ocho-horas\\\/\",\"name\":\"Melilla tendr\\u00e1 un barco con destino Andaluc\\u00eda cada ocho horas | El Digital de Asturias\",\"description\":\"El Gobierno de Melilla ha destacado que cada ocho horas saldr\\u00e1 un barco de pasajeros en direcci\\u00f3n a Andaluc\\u00eda despu\\u00e9s de que Direcci\\u00f3n General de Marina Mercante haya aceptado que la l\\u00ednea con M\\u00e1laga regrese a la noche, con salida a las 00.00 horas, mientras a Almer\\u00eda ser\\u00e1 por la ma\\u00f1ana y a Almer\\u00eda por\",\"inLanguage\":\"es-ES\",\"isPartOf\":{\"@id\":\"https:\\\/\\\/eldigitaldeasturias.com\\\/magazine365\\\/#website\"},\"breadcrumb\":{\"@id\":\"https:\\\/\\\/eldigitaldeasturias.com\\\/magazine365\\\/melilla-tendra-un-barco-con-destino-andalucia-cada-ocho-horas\\\/#breadcrumblist\"},\"author\":{\"@id\":\"https:\\\/\\\/eldigitaldeasturias.com\\\/magazine365\\\/author\\\/admin\\\/#author\"},\"creator\":{\"@id\":\"https:\\\/\\\/eldigitaldeasturias.com\\\/magazine365\\\/author\\\/admin\\\/#author\"},\"image\":{\"@type\":\"ImageObject\",\"url\":\"https:\\\/\\\/eldigitaldeasturias.com\\\/magazine365\\\/wp-content\\\/uploads\\\/2015\\\/06\\\/fotonoticia_20150609154711_800.jpg\",\"@id\":\"https:\\\/\\\/eldigitaldeasturias.com\\\/magazine365\\\/melilla-tendra-un-barco-con-destino-andalucia-cada-ocho-horas\\\/#mainImage\",\"width\":800,\"height\":530},\"primaryImageOfPage\":{\"@id\":\"https:\\\/\\\/eldigitaldeasturias.com\\\/magazine365\\\/melilla-tendra-un-barco-con-destino-andalucia-cada-ocho-horas\\\/#mainImage\"},\"datePublished\":\"2015-06-10T02:04:10+02:00\",\"dateModified\":\"2015-06-10T02:04:10+02:00\"},{\"@type\":\"WebSite\",\"@id\":\"https:\\\/\\\/eldigitaldeasturias.com\\\/magazine365\\\/#website\",\"url\":\"https:\\\/\\\/eldigitaldeasturias.com\\\/magazine365\\\/\",\"name\":\"El Digital de Asturias\",\"description\":\"Revista de ocio, turismo y estilo de vida\",\"inLanguage\":\"es-ES\",\"publisher\":{\"@id\":\"https:\\\/\\\/eldigitaldeasturias.com\\\/magazine365\\\/#organization\"}}]}\n\t\t<\/script>\n\t\t<!-- All in One SEO Pro -->\r\n\t\t<title>Melilla tendr\u00e1 un barco con destino Andaluc\u00eda cada ocho horas | El Digital de Asturias<\/title>\n\n","aioseo_head_json":{"title":"Melilla tendr\u00e1 un barco con destino Andaluc\u00eda cada ocho horas | El Digital de Asturias","description":"El Gobierno de Melilla ha destacado que cada ocho horas saldr\u00e1 un barco de pasajeros en direcci\u00f3n a Andaluc\u00eda despu\u00e9s de que Direcci\u00f3n General de Marina Mercante haya aceptado que la l\u00ednea con M\u00e1laga regrese a la noche, con salida a las 00.00 horas, mientras a Almer\u00eda ser\u00e1 por la ma\u00f1ana y a Almer\u00eda por","canonical_url":"https:\/\/eldigitaldeasturias.com\/magazine365\/melilla-tendra-un-barco-con-destino-andalucia-cada-ocho-horas\/","robots":"max-image-preview:large","keywords":"actualidad turismo","webmasterTools":{"google-site-verification":"UA-38556648-1","miscellaneous":""},"schema":{"@context":"https:\/\/schema.org","@graph":[{"@type":"Article","@id":"https:\/\/eldigitaldeasturias.com\/magazine365\/melilla-tendra-un-barco-con-destino-andalucia-cada-ocho-horas\/#article","name":"Melilla tendr\u00e1 un barco con destino Andaluc\u00eda cada ocho horas | El Digital de Asturias","headline":"Melilla tendr\u00e1 un barco con destino Andaluc\u00eda cada ocho horas","author":{"@id":"https:\/\/eldigitaldeasturias.com\/magazine365\/author\/admin\/#author"},"publisher":{"@id":"https:\/\/eldigitaldeasturias.com\/magazine365\/#organization"},"image":{"@type":"ImageObject","url":"https:\/\/eldigitaldeasturias.com\/magazine365\/wp-content\/uploads\/2015\/06\/fotonoticia_20150609154711_800.jpg","width":800,"height":530},"datePublished":"2015-06-10T02:04:10+02:00","dateModified":"2015-06-10T02:04:10+02:00","inLanguage":"es-ES","mainEntityOfPage":{"@id":"https:\/\/eldigitaldeasturias.com\/magazine365\/melilla-tendra-un-barco-con-destino-andalucia-cada-ocho-horas\/#webpage"},"isPartOf":{"@id":"https:\/\/eldigitaldeasturias.com\/magazine365\/melilla-tendra-un-barco-con-destino-andalucia-cada-ocho-horas\/#webpage"},"articleSection":"Actualidad Turismo"},{"@type":"BreadcrumbList","@id":"https:\/\/eldigitaldeasturias.com\/magazine365\/melilla-tendra-un-barco-con-destino-andalucia-cada-ocho-horas\/#breadcrumblist","itemListElement":[{"@type":"ListItem","@id":"https:\/\/eldigitaldeasturias.com\/magazine365#listItem","position":1,"name":"Home","item":"https:\/\/eldigitaldeasturias.com\/magazine365","nextItem":{"@type":"ListItem","@id":"https:\/\/eldigitaldeasturias.com\/magazine365\/category\/actualidad-turismo\/#listItem","name":"Actualidad Turismo"}},{"@type":"ListItem","@id":"https:\/\/eldigitaldeasturias.com\/magazine365\/category\/actualidad-turismo\/#listItem","position":2,"name":"Actualidad Turismo","item":"https:\/\/eldigitaldeasturias.com\/magazine365\/category\/actualidad-turismo\/","nextItem":{"@type":"ListItem","@id":"https:\/\/eldigitaldeasturias.com\/magazine365\/melilla-tendra-un-barco-con-destino-andalucia-cada-ocho-horas\/#listItem","name":"Melilla tendr\u00e1 un barco con destino Andaluc\u00eda cada ocho horas"},"previousItem":{"@type":"ListItem","@id":"https:\/\/eldigitaldeasturias.com\/magazine365#listItem","name":"Home"}},{"@type":"ListItem","@id":"https:\/\/eldigitaldeasturias.com\/magazine365\/melilla-tendra-un-barco-con-destino-andalucia-cada-ocho-horas\/#listItem","position":3,"name":"Melilla tendr\u00e1 un barco con destino Andaluc\u00eda cada ocho horas","previousItem":{"@type":"ListItem","@id":"https:\/\/eldigitaldeasturias.com\/magazine365\/category\/actualidad-turismo\/#listItem","name":"Actualidad Turismo"}}]},{"@type":"Organization","@id":"https:\/\/eldigitaldeasturias.com\/magazine365\/#organization","name":"El digital de Asturias","description":"Revista de ocio, turismo y estilo de vida","url":"https:\/\/eldigitaldeasturias.com\/magazine365\/","logo":{"@type":"ImageObject","url":"https:\/\/www.eldigitaldeasturias.com\/noticias\/wp-content\/uploads\/2020\/12\/EDA.jpg","@id":"https:\/\/eldigitaldeasturias.com\/magazine365\/melilla-tendra-un-barco-con-destino-andalucia-cada-ocho-horas\/#organizationLogo"},"image":{"@id":"https:\/\/eldigitaldeasturias.com\/magazine365\/melilla-tendra-un-barco-con-destino-andalucia-cada-ocho-horas\/#organizationLogo"}},{"@type":"Person","@id":"https:\/\/eldigitaldeasturias.com\/magazine365\/author\/admin\/#author","url":"https:\/\/eldigitaldeasturias.com\/magazine365\/author\/admin\/","name":"admin","image":{"@type":"ImageObject","@id":"https:\/\/eldigitaldeasturias.com\/magazine365\/melilla-tendra-un-barco-con-destino-andalucia-cada-ocho-horas\/#authorImage","url":"https:\/\/eldigitaldeasturias.com\/magazine365\/wp-content\/litespeed\/avatar\/e571bcf59a0edd6fa6838245a470f2fe.jpg?ver=1776969259","width":96,"height":96,"caption":"admin"}},{"@type":"WebPage","@id":"https:\/\/eldigitaldeasturias.com\/magazine365\/melilla-tendra-un-barco-con-destino-andalucia-cada-ocho-horas\/#webpage","url":"https:\/\/eldigitaldeasturias.com\/magazine365\/melilla-tendra-un-barco-con-destino-andalucia-cada-ocho-horas\/","name":"Melilla tendr\u00e1 un barco con destino Andaluc\u00eda cada ocho horas | El Digital de Asturias","description":"El Gobierno de Melilla ha destacado que cada ocho horas saldr\u00e1 un barco de pasajeros en direcci\u00f3n a Andaluc\u00eda despu\u00e9s de que Direcci\u00f3n General de Marina Mercante haya aceptado que la l\u00ednea con M\u00e1laga regrese a la noche, con salida a las 00.00 horas, mientras a Almer\u00eda ser\u00e1 por la ma\u00f1ana y a Almer\u00eda por","inLanguage":"es-ES","isPartOf":{"@id":"https:\/\/eldigitaldeasturias.com\/magazine365\/#website"},"breadcrumb":{"@id":"https:\/\/eldigitaldeasturias.com\/magazine365\/melilla-tendra-un-barco-con-destino-andalucia-cada-ocho-horas\/#breadcrumblist"},"author":{"@id":"https:\/\/eldigitaldeasturias.com\/magazine365\/author\/admin\/#author"},"creator":{"@id":"https:\/\/eldigitaldeasturias.com\/magazine365\/author\/admin\/#author"},"image":{"@type":"ImageObject","url":"https:\/\/eldigitaldeasturias.com\/magazine365\/wp-content\/uploads\/2015\/06\/fotonoticia_20150609154711_800.jpg","@id":"https:\/\/eldigitaldeasturias.com\/magazine365\/melilla-tendra-un-barco-con-destino-andalucia-cada-ocho-horas\/#mainImage","width":800,"height":530},"primaryImageOfPage":{"@id":"https:\/\/eldigitaldeasturias.com\/magazine365\/melilla-tendra-un-barco-con-destino-andalucia-cada-ocho-horas\/#mainImage"},"datePublished":"2015-06-10T02:04:10+02:00","dateModified":"2015-06-10T02:04:10+02:00"},{"@type":"WebSite","@id":"https:\/\/eldigitaldeasturias.com\/magazine365\/#website","url":"https:\/\/eldigitaldeasturias.com\/magazine365\/","name":"El Digital de Asturias","description":"Revista de ocio, turismo y estilo de vida","inLanguage":"es-ES","publisher":{"@id":"https:\/\/eldigitaldeasturias.com\/magazine365\/#organization"}}]},"og:locale":"es_ES","og:site_name":"El Digital de Asturias \u2013 Revista de ocio, turismo y estilo de vida","og:type":"article","og:title":"Melilla tendr\u00e1 un barco con destino Andaluc\u00eda cada ocho horas | El Digital de Asturias","og:description":"El Gobierno de Melilla ha destacado que cada ocho horas saldr\u00e1 un barco de pasajeros en direcci\u00f3n a Andaluc\u00eda despu\u00e9s de que Direcci\u00f3n General de Marina Mercante haya aceptado que la l\u00ednea con M\u00e1laga regrese a la noche, con salida a las 00.00 horas, mientras a Almer\u00eda ser\u00e1 por la ma\u00f1ana y a Almer\u00eda por","og:url":"https:\/\/eldigitaldeasturias.com\/magazine365\/melilla-tendra-un-barco-con-destino-andalucia-cada-ocho-horas\/","og:image":"https:\/\/eldigitaldeasturias.com\/magazine365\/wp-content\/uploads\/2015\/06\/fotonoticia_20150609154711_800.jpg","og:image:secure_url":"https:\/\/eldigitaldeasturias.com\/magazine365\/wp-content\/uploads\/2015\/06\/fotonoticia_20150609154711_800.jpg","og:image:width":800,"og:image:height":530,"article:published_time":"2015-06-10T00:34:10+00:00","article:modified_time":"2015-06-10T00:34:10+00:00","twitter:card":"summary_large_image","twitter:title":"Melilla tendr\u00e1 un barco con destino Andaluc\u00eda cada ocho horas | El Digital de Asturias","twitter:description":"El Gobierno de Melilla ha destacado que cada ocho horas saldr\u00e1 un barco de pasajeros en direcci\u00f3n a Andaluc\u00eda despu\u00e9s de que Direcci\u00f3n General de Marina Mercante haya aceptado que la l\u00ednea con M\u00e1laga regrese a la noche, con salida a las 00.00 horas, mientras a Almer\u00eda ser\u00e1 por la ma\u00f1ana y a Almer\u00eda por","twitter:image":"https:\/\/eldigitaldeasturias.com\/magazine365\/wp-content\/uploads\/2015\/06\/fotonoticia_20150609154711_800.jpg"},"aioseo_meta_data":{"post_id":"39352","title":null,"description":null,"keywords":null,"keyphrases":null,"primary_term":null,"canonical_url":null,"og_title":null,"og_description":null,"og_object_type":"default","og_image_type":"default","og_image_url":null,"og_image_width":null,"og_image_height":null,"og_image_custom_url":null,"og_image_custom_fields":null,"og_video":null,"og_custom_url":null,"og_article_section":null,"og_article_tags":null,"twitter_use_og":false,"twitter_card":"default","twitter_image_type":"default","twitter_image_url":null,"twitter_image_custom_url":null,"twitter_image_custom_fields":null,"twitter_title":null,"twitter_description":null,"schema":{"blockGraphs":[],"customGraphs":[],"default":{"data":{"Article":[],"Course":[],"Dataset":[],"FAQPage":[],"Movie":[],"Person":[],"Product":[],"ProductReview":[],"Car":[],"Recipe":[],"Service":[],"SoftwareApplication":[],"WebPage":[]},"graphName":"","isEnabled":true},"graphs":[],"defaultGraph":"","defaultPostTypeGraph":""},"schema_type":null,"schema_type_options":null,"pillar_content":false,"robots_default":true,"robots_noindex":false,"robots_noarchive":false,"robots_nosnippet":false,"robots_nofollow":false,"robots_noimageindex":false,"robots_noodp":false,"robots_notranslate":false,"robots_max_snippet":null,"robots_max_videopreview":null,"robots_max_imagepreview":"large","priority":null,"frequency":null,"location":null,"local_seo":null,"seo_analyzer_scan_date":"2025-09-19 11:24:13","breadcrumb_settings":null,"limit_modified_date":false,"open_ai":null,"ai":null,"created":"2021-03-09 02:42:46","updated":"2025-09-19 11:24:13"},"aioseo_breadcrumb":"<div class=\"aioseo-breadcrumbs\"><span class=\"aioseo-breadcrumb\">\n\t<a href=\"https:\/\/eldigitaldeasturias.com\/magazine365\" title=\"Home\">Home<\/a>\n<\/span><span class=\"aioseo-breadcrumb-separator\">\u2013<\/span><span class=\"aioseo-breadcrumb\">\n\t<a href=\"https:\/\/eldigitaldeasturias.com\/magazine365\/category\/actualidad-turismo\/\" title=\"Actualidad Turismo\">Actualidad Turismo<\/a>\n<\/span><span class=\"aioseo-breadcrumb-separator\">\u2013<\/span><span class=\"aioseo-breadcrumb\">\n\t<a href=\"https:\/\/eldigitaldeasturias.com\/magazine365\/melilla-tendra-un-barco-con-destino-andalucia-cada-ocho-horas\/\" title=\"Melilla tendr\u00e1 un barco con destino Andaluc\u00eda cada ocho horas\">Melilla tendr\u00e1 un barco con destino Andaluc\u00eda cada ocho horas<\/a>\n<\/span><\/div>","aioseo_breadcrumb_json":[{"label":"Home","link":"https:\/\/eldigitaldeasturias.com\/magazine365"},{"label":"Actualidad Turismo","link":"https:\/\/eldigitaldeasturias.com\/magazine365\/category\/actualidad-turismo\/"},{"label":"Melilla tendr\u00e1 un barco con destino Andaluc\u00eda cada ocho horas","link":"https:\/\/eldigitaldeasturias.com\/magazine365\/melilla-tendra-un-barco-con-destino-andalucia-cada-ocho-horas\/"}],"_links":{"self":[{"href":"https:\/\/eldigitaldeasturias.com\/magazine365\/wp-json\/wp\/v2\/posts\/39352","targetHints":{"allow":["GET"]}}],"collection":[{"href":"https:\/\/eldigitaldeasturias.com\/magazine365\/wp-json\/wp\/v2\/posts"}],"about":[{"href":"https:\/\/eldigitaldeasturias.com\/magazine365\/wp-json\/wp\/v2\/types\/post"}],"author":[{"embeddable":true,"href":"https:\/\/eldigitaldeasturias.com\/magazine365\/wp-json\/wp\/v2\/users\/1"}],"replies":[{"embeddable":true,"href":"https:\/\/eldigitaldeasturias.com\/magazine365\/wp-json\/wp\/v2\/comments?post=39352"}],"version-history":[{"count":0,"href":"https:\/\/eldigitaldeasturias.com\/magazine365\/wp-json\/wp\/v2\/posts\/39352\/revisions"}],"wp:featuredmedia":[{"embeddable":true,"href":"https:\/\/eldigitaldeasturias.com\/magazine365\/wp-json\/wp\/v2\/media\/39353"}],"wp:attachment":[{"href":"https:\/\/eldigitaldeasturias.com\/magazine365\/wp-json\/wp\/v2\/media?parent=39352"}],"wp:term":[{"taxonomy":"category","embeddable":true,"href":"https:\/\/eldigitaldeasturias.com\/magazine365\/wp-json\/wp\/v2\/categories?post=39352"},{"taxonomy":"post_tag","embeddable":true,"href":"https:\/\/eldigitaldeasturias.com\/magazine365\/wp-json\/wp\/v2\/tags?post=39352"}],"curies":[{"name":"wp","href":"https:\/\/api.w.org\/{rel}","templated":true}]}}